{"id":334876,"date":"2025-09-09T13:28:41","date_gmt":"2025-09-09T09:28:41","guid":{"rendered":"https:\/\/www.meydan.tv\/?p=334876"},"modified":"2025-09-09T16:52:37","modified_gmt":"2025-09-09T12:52:37","slug":"kadirov-sulh-ukraynanin-rusiyanin-bolg%c9%99sin%c9%99-cevrildiyi-zaman-mumkun-olacaq","status":"publish","type":"post","link":"https:\/\/www.meydan.tv\/az\/article\/kadirov-sulh-ukraynanin-rusiyanin-bolg%c9%99sin%c9%99-cevrildiyi-zaman-mumkun-olacaq\/","title":{"rendered":"Kad\u0131rov: S\u00fclh Ukrayna Rusiyan\u0131n b\u00f6lg\u0259sin\u0259 \u00e7evrildiyi zaman m\u00fcmk\u00fcn olacaq"},"content":{"rendered":"\n<p>\u00c7e\u00e7enistan r\u0259hb\u0259ri Ramzan Kad\u0131rov Rusiyan\u0131n Ukraynaya geni\u015fmiqyasl\u0131 i\u015f\u011fal\u0131n\u0131n gedi\u015fat\u0131n\u0131 bir daha \u015f\u0259rh ed\u0259r\u0259k, s\u00fclh\u00fcn yaln\u0131z Ukraynan\u0131n Rusiyan\u0131n b\u00f6lg\u0259si olaca\u011f\u0131 t\u0259qdird\u0259 \u0259ld\u0259 oluna bil\u0259c\u0259yini bildirib. Kad\u0131rov deyib ki, indiki m\u0259rh\u0259l\u0259d\u0259 h\u0259rbi \u0259m\u0259liyyatlar\u0131 dayand\u0131rmaq Moskva \u00fc\u00e7\u00fcn \u0259lveri\u015fsiz olacaq.<\/p>\n\n\n\n<p>R\u0130A Novosti d\u00f6vl\u0259t agentliyin\u0259 <a href=\"https:\/\/ria.ru\/20250907\/kadyrov-2040240791.html\" target=\"_blank\" rel=\"noreferrer noopener nofollow\">m\u00fcsahib\u0259sind\u0259<\/a> Kad\u0131rov \u0259m\u0259liyyat\u0131n m\u0259qs\u0259d v\u0259 v\u0259zif\u0259l\u0259rinin \u201chavadan g\u00f6t\u00fcr\u00fclm\u0259diyini\u201d vur\u011fulayaraq, onlar\u0131n Rusiyan\u0131n t\u0259hl\u00fck\u0259sizliyini t\u0259min etm\u0259k m\u0259qs\u0259di da\u015f\u0131d\u0131\u011f\u0131n\u0131 vur\u011fulay\u0131b. Onun fikrinc\u0259, Rusiya s\u0259rh\u0259dl\u0259rind\u0259 s\u00fclh yaln\u0131z Ukraynan\u0131n Rusiyan\u0131n b\u00f6lg\u0259sin\u0259 v\u0259 ya rayonuna \u00e7evrildiyi zaman m\u00fcmk\u00fcnd\u00fcr.<\/p>\n\n\n\n<p>Kad\u0131rov h\u0259m\u00e7inin qeyd edib ki, o, m\u00fcnaqi\u015f\u0259 zonas\u0131nda m\u00f6vcud \u015f\u0259raitd\u0259 h\u0259rbi \u0259m\u0259liyyatlar\u0131n dayand\u0131r\u0131lmas\u0131n\u0131n t\u0259r\u0259fdar\u0131 deyil.<\/p>\n\n\n\n<p>Kad\u0131rovun tam m\u00fcsahib\u0259si d\u0259rc olunmay\u0131b, R\u0130A Novosti agentliyi \u015f\u0259nb\u0259 g\u00fcn\u00fcnd\u0259n etibar\u0259n ondan fraqmentl\u0259r <a href=\"https:\/\/ria.ru\/20250907\/kadyrov-2040240791.html\" target=\"_blank\" rel=\"noreferrer noopener nofollow\">d\u0259rc edir.<\/a> Kad\u0131rovun AB\u015e prezidenti Donald Tramp\u0131n Ukraynadak\u0131 m\u00fcharib\u0259y\u0259 \u201cRusiyaya yara\u015facaq\u201d h\u0259ll variant\u0131n\u0131 t\u0259klif ed\u0259 bil\u0259c\u0259yin\u0259 dair \u015f\u00fcbh\u0259l\u0259ri var.<\/p>\n\n\n\n<p>Ba\u015fqa bir yerd\u0259 Kad\u0131rov qeyd edib ki, Tramp Rusiya prezidenti Vladimir Putinl\u0259 Alyaskada g\u00f6r\u00fc\u015f\u00fcb. Bu ona g\u00f6r\u0259dir ki, Tramp Putinin \u201cuzun m\u00fcdd\u0259tdir p\u0259r\u0259sti\u015fkar\u0131\u201d olub \u2013 guya, dan\u0131\u015f\u0131qlar sad\u0259c\u0259 olaraq t\u0259kb\u0259t\u0259k g\u00f6r\u00fc\u015fm\u0259k \u00fc\u00e7\u00fcn b\u0259han\u0259 olub.<\/p>\n\n\n\n<p>Kad\u0131rov m\u00fct\u0259madi olaraq Rusiyan\u0131n Ukraynadak\u0131 h\u0259rbi \u0259m\u0259liyyatlar\u0131na d\u0259st\u0259k ifad\u0259 edir v\u0259 \u00e7e\u00e7en \u0259sg\u0259rl\u0259rinin, x\u00fcsus\u0259n d\u0259 &#8220;Axmat&#8221; x\u00fcsusi t\u0259yinatl\u0131 d\u0259st\u0259sinin d\u00f6y\u00fc\u015f\u00e7\u00fcl\u0259rinin d\u00f6y\u00fc\u015f b\u00f6lg\u0259sind\u0259ki f\u0259aliyy\u0259ti haqq\u0131nda m\u0259lumat d\u0259rc edir.<\/p>\n\n\n\n<p>2022-ci ild\u0259 Kad\u0131rov Ukraynan\u0131n \u0259ks-h\u00fccumlar\u0131na cavab olaraq Ukrayna \u015f\u0259h\u0259rl\u0259rini m\u0259hv etm\u0259y\u0259 \u00e7a\u011f\u0131r\u0131b. O, b\u0259yan edib ki, Ukrayna t\u0259r\u0259find\u0259n at\u0259\u015f olarsa h\u0259min \u015f\u0259h\u0259rl\u0259r yer \u00fcz\u00fcnd\u0259n silinm\u0259lidir ki, onlar h\u00fccum etm\u0259k fikrin\u0259 bel\u0259 d\u00fc\u015fm\u0259sinl\u0259r.<\/p>\n\n\n\n<p>Sentyabr\u0131n \u0259vv\u0259lind\u0259 Ukraynan\u0131n T\u0259hl\u00fck\u0259sizlik Xidm\u0259ti (SBU) Kad\u0131rovun b\u0259zi ifad\u0259l\u0259rinin Beyn\u0259lxalq Cinay\u0259t M\u0259hk\u0259m\u0259sinin Roma Statusuna uy\u011fun olaraq silahl\u0131 m\u00fcnaqi\u015f\u0259l\u0259r\u0259 t\u0259tbiq edil\u0259n m\u00fcharib\u0259 qanunlar\u0131n\u0131 v\u0259 ad\u0259tl\u0259rini pozdu\u011funu a\u00e7\u0131qlay\u0131b v\u0259 ona h\u0259rbi cinay\u0259tl\u0259rd\u0259 \u015f\u00fcbh\u0259li bilindiyini r\u0259smi \u015f\u0259kild\u0259 bildirib.<\/p>\n\n\n\n<p>Putin daha \u0259vv\u0259l b\u0259yan etmi\u015fdi ki, Rusiyan\u0131n h\u0259rbi \u0259m\u0259liyyatda yegan\u0259 m\u0259qs\u0259di \u00f6z maraqlar\u0131n\u0131 m\u00fcdafi\u0259 etm\u0259kdir. O vur\u011fulay\u0131b ki, Rusiya Ukraynan\u0131n t\u0259slim olmas\u0131na yox, \u201cyerd\u0259 yaranm\u0131\u015f reall\u0131qlar\u0131\u201d tan\u0131ma\u011fa \u00e7al\u0131\u015f\u0131r.<\/p>\n\n\n\n<p><em>Bu yaz\u0131 ingilis dilind\u0259n t\u0259rc\u00fcm\u0259 edilmi\u015fdir. Yaz\u0131n\u0131n \u0259slini <a href=\"https:\/\/oc-media.org\/kadyrov-says-peace-is-only-possible-if-ukraine-becomes-part-of-russia\/\">OC Mediadan <\/a>oxuya bil\u0259rsiniz.<\/em><br><br><br><br><br><br><br><br><\/p>\n","protected":false},"excerpt":{"rendered":"<p>\u00c7e\u00e7enistan r\u0259hb\u0259ri Ramzan Kad\u0131rov Rusiyan\u0131n Ukraynaya geni\u015fmiqyasl\u0131 i\u015f\u011fal\u0131n\u0131n gedi\u015fat\u0131n\u0131 bir &#8230; <\/p>\n<p class=\"read-more-container\"><a title=\"Kad\u0131rov: S\u00fclh Ukrayna Rusiyan\u0131n b\u00f6lg\u0259sin\u0259 \u00e7evrildiyi zaman m\u00fcmk\u00fcn olacaq\" class=\"read-more button\" href=\"https:\/\/www.meydan.tv\/az\/article\/kadirov-sulh-ukraynanin-rusiyanin-bolg%c9%99sin%c9%99-cevrildiyi-zaman-mumkun-olacaq\/#more-334876\" aria-label=\"Read more about Kad\u0131rov: S\u00fclh Ukrayna Rusiyan\u0131n b\u00f6lg\u0259sin\u0259 \u00e7evrildiyi zaman m\u00fcmk\u00fcn olacaq\">Davam\u0131<\/a><\/p>\n","protected":false},"author":12,"featured_media":313556,"comment_status":"closed","ping_status":"closed","sticky":false,"template":"","format":"standard","meta":{"_acf_changed":false,"_sitemap_exclude":false,"_sitemap_priority":"","_sitemap_frequency":"","footnotes":""},"categories":[64,56],"tags":[],"class_list":["post-334876","post","type-post","status-publish","format-standard","has-post-thumbnail","hentry","category-dunya","category-xeberler","infinite-scroll-item","generate-columns","tablet-grid-50","mobile-grid-100","grid-parent","grid-33","no-featured-image-padding"],"acf":[],"yoast_head":"<!-- This site is optimized with the Yoast SEO plugin v27.5 - https:\/\/yoast.com\/product\/yoast-seo-wordpress\/ -->\n<title>Kad\u0131rov: S\u00fclh Ukrayna Rusiyan\u0131n b\u00f6lg\u0259sin\u0259 \u00e7evrildiyi zaman m\u00fcmk\u00fcn olacaq - MEYDAN.TV<\/title>\n<meta name=\"robots\" content=\"index, follow, max-snippet:-1, max-image-preview:large, max-video-preview:-1\" \/>\n<link rel=\"canonical\" href=\"https:\/\/www.meydan.tv\/az\/article\/kadirov-sulh-ukraynanin-rusiyanin-bolg%c9%99sin%c9%99-cevrildiyi-zaman-mumkun-olacaq\/\" \/>\n<meta property=\"og:locale\" content=\"az_AZ\" \/>\n<meta property=\"og:type\" content=\"article\" \/>\n<meta property=\"og:title\" content=\"Kad\u0131rov: S\u00fclh Ukrayna Rusiyan\u0131n b\u00f6lg\u0259sin\u0259 \u00e7evrildiyi zaman m\u00fcmk\u00fcn olacaq - MEYDAN.TV\" \/>\n<meta property=\"og:description\" content=\"\u00c7e\u00e7enistan r\u0259hb\u0259ri Ramzan Kad\u0131rov Rusiyan\u0131n Ukraynaya geni\u015fmiqyasl\u0131 i\u015f\u011fal\u0131n\u0131n gedi\u015fat\u0131n\u0131 bir ... Davam\u0131\" \/>\n<meta property=\"og:url\" content=\"https:\/\/www.meydan.tv\/az\/article\/kadirov-sulh-ukraynanin-rusiyanin-bolg%c9%99sin%c9%99-cevrildiyi-zaman-mumkun-olacaq\/\" \/>\n<meta property=\"og:site_name\" content=\"MEYDAN.TV\" \/>\n<meta property=\"article:published_time\" content=\"2025-09-09T09:28:41+00:00\" \/>\n<meta property=\"article:modified_time\" content=\"2025-09-09T12:52:37+00:00\" \/>\n<meta property=\"og:image\" content=\"https:\/\/www.meydan.tv\/wp-content\/uploads\/screenshot-2024-08-22-at-14.44.19-1200x615.png\" \/>\n\t<meta property=\"og:image:width\" content=\"1200\" \/>\n\t<meta property=\"og:image:height\" content=\"615\" \/>\n\t<meta property=\"og:image:type\" content=\"image\/png\" \/>\n<meta name=\"author\" content=\"aleks\" \/>\n<meta name=\"twitter:card\" content=\"summary_large_image\" \/>\n<script type=\"application\/ld+json\" class=\"yoast-schema-graph\">{\"@context\":\"https:\\\/\\\/schema.org\",\"@graph\":[{\"@type\":\"Article\",\"@id\":\"https:\\\/\\\/www.meydan.tv\\\/az\\\/article\\\/kadirov-sulh-ukraynanin-rusiyanin-bolg%c9%99sin%c9%99-cevrildiyi-zaman-mumkun-olacaq\\\/#article\",\"isPartOf\":{\"@id\":\"https:\\\/\\\/www.meydan.tv\\\/az\\\/article\\\/kadirov-sulh-ukraynanin-rusiyanin-bolg%c9%99sin%c9%99-cevrildiyi-zaman-mumkun-olacaq\\\/\"},\"author\":{\"name\":\"aleks\",\"@id\":\"https:\\\/\\\/www.meydan.tv\\\/az\\\/#\\\/schema\\\/person\\\/476e9360e593fa131d5d71d51866f8da\"},\"headline\":\"Kad\u0131rov: S\u00fclh Ukrayna Rusiyan\u0131n b\u00f6lg\u0259sin\u0259 \u00e7evrildiyi zaman m\u00fcmk\u00fcn olacaq\",\"datePublished\":\"2025-09-09T09:28:41+00:00\",\"dateModified\":\"2025-09-09T12:52:37+00:00\",\"mainEntityOfPage\":{\"@id\":\"https:\\\/\\\/www.meydan.tv\\\/az\\\/article\\\/kadirov-sulh-ukraynanin-rusiyanin-bolg%c9%99sin%c9%99-cevrildiyi-zaman-mumkun-olacaq\\\/\"},\"wordCount\":551,\"publisher\":{\"@id\":\"https:\\\/\\\/www.meydan.tv\\\/az\\\/#organization\"},\"image\":{\"@id\":\"https:\\\/\\\/www.meydan.tv\\\/az\\\/article\\\/kadirov-sulh-ukraynanin-rusiyanin-bolg%c9%99sin%c9%99-cevrildiyi-zaman-mumkun-olacaq\\\/#primaryimage\"},\"thumbnailUrl\":\"https:\\\/\\\/www.meydan.tv\\\/wp-content\\\/uploads\\\/screenshot-2024-08-22-at-14.44.19.png\",\"articleSection\":[\"D\u00fcnya\",\"X\u0259b\u0259rl\u0259r\"],\"inLanguage\":\"az\"},{\"@type\":\"WebPage\",\"@id\":\"https:\\\/\\\/www.meydan.tv\\\/az\\\/article\\\/kadirov-sulh-ukraynanin-rusiyanin-bolg%c9%99sin%c9%99-cevrildiyi-zaman-mumkun-olacaq\\\/\",\"url\":\"https:\\\/\\\/www.meydan.tv\\\/az\\\/article\\\/kadirov-sulh-ukraynanin-rusiyanin-bolg%c9%99sin%c9%99-cevrildiyi-zaman-mumkun-olacaq\\\/\",\"name\":\"Kad\u0131rov: S\u00fclh Ukrayna Rusiyan\u0131n b\u00f6lg\u0259sin\u0259 \u00e7evrildiyi zaman m\u00fcmk\u00fcn olacaq - MEYDAN.TV\",\"isPartOf\":{\"@id\":\"https:\\\/\\\/www.meydan.tv\\\/az\\\/#website\"},\"primaryImageOfPage\":{\"@id\":\"https:\\\/\\\/www.meydan.tv\\\/az\\\/article\\\/kadirov-sulh-ukraynanin-rusiyanin-bolg%c9%99sin%c9%99-cevrildiyi-zaman-mumkun-olacaq\\\/#primaryimage\"},\"image\":{\"@id\":\"https:\\\/\\\/www.meydan.tv\\\/az\\\/article\\\/kadirov-sulh-ukraynanin-rusiyanin-bolg%c9%99sin%c9%99-cevrildiyi-zaman-mumkun-olacaq\\\/#primaryimage\"},\"thumbnailUrl\":\"https:\\\/\\\/www.meydan.tv\\\/wp-content\\\/uploads\\\/screenshot-2024-08-22-at-14.44.19.png\",\"datePublished\":\"2025-09-09T09:28:41+00:00\",\"dateModified\":\"2025-09-09T12:52:37+00:00\",\"breadcrumb\":{\"@id\":\"https:\\\/\\\/www.meydan.tv\\\/az\\\/article\\\/kadirov-sulh-ukraynanin-rusiyanin-bolg%c9%99sin%c9%99-cevrildiyi-zaman-mumkun-olacaq\\\/#breadcrumb\"},\"inLanguage\":\"az\",\"potentialAction\":[{\"@type\":\"ReadAction\",\"target\":[\"https:\\\/\\\/www.meydan.tv\\\/az\\\/article\\\/kadirov-sulh-ukraynanin-rusiyanin-bolg%c9%99sin%c9%99-cevrildiyi-zaman-mumkun-olacaq\\\/\"]}]},{\"@type\":\"ImageObject\",\"inLanguage\":\"az\",\"@id\":\"https:\\\/\\\/www.meydan.tv\\\/az\\\/article\\\/kadirov-sulh-ukraynanin-rusiyanin-bolg%c9%99sin%c9%99-cevrildiyi-zaman-mumkun-olacaq\\\/#primaryimage\",\"url\":\"https:\\\/\\\/www.meydan.tv\\\/wp-content\\\/uploads\\\/screenshot-2024-08-22-at-14.44.19.png\",\"contentUrl\":\"https:\\\/\\\/www.meydan.tv\\\/wp-content\\\/uploads\\\/screenshot-2024-08-22-at-14.44.19.png\",\"width\":2316,\"height\":1186,\"caption\":\"Kad\u0131rov. Foto: \u015f\u0259xsi \\\"Telegram\\\" kanal\u0131\"},{\"@type\":\"BreadcrumbList\",\"@id\":\"https:\\\/\\\/www.meydan.tv\\\/az\\\/article\\\/kadirov-sulh-ukraynanin-rusiyanin-bolg%c9%99sin%c9%99-cevrildiyi-zaman-mumkun-olacaq\\\/#breadcrumb\",\"itemListElement\":[{\"@type\":\"ListItem\",\"position\":1,\"name\":\"Ana s\u0259hif\u0259\",\"item\":\"https:\\\/\\\/www.meydan.tv\\\/az\\\/\"},{\"@type\":\"ListItem\",\"position\":2,\"name\":\"X\u0259b\u0259rl\u0259r\",\"item\":\"https:\\\/\\\/www.meydan.tv\\\/az\\\/section\\\/xeberler\\\/\"},{\"@type\":\"ListItem\",\"position\":3,\"name\":\"Kad\u0131rov: S\u00fclh Ukrayna Rusiyan\u0131n b\u00f6lg\u0259sin\u0259 \u00e7evrildiyi zaman m\u00fcmk\u00fcn olacaq\"}]},{\"@type\":\"WebSite\",\"@id\":\"https:\\\/\\\/www.meydan.tv\\\/az\\\/#website\",\"url\":\"https:\\\/\\\/www.meydan.tv\\\/az\\\/\",\"name\":\"MEYDAN.TV\",\"description\":\"Meydan TV Az\u0259rbaycan\u0131n media m\u0259kan\u0131ndak\u0131 alternativ s\u0259sidir\",\"publisher\":{\"@id\":\"https:\\\/\\\/www.meydan.tv\\\/az\\\/#organization\"},\"potentialAction\":[{\"@type\":\"SearchAction\",\"target\":{\"@type\":\"EntryPoint\",\"urlTemplate\":\"https:\\\/\\\/www.meydan.tv\\\/az\\\/?s={search_term_string}\"},\"query-input\":{\"@type\":\"PropertyValueSpecification\",\"valueRequired\":true,\"valueName\":\"search_term_string\"}}],\"inLanguage\":\"az\"},{\"@type\":\"Organization\",\"@id\":\"https:\\\/\\\/www.meydan.tv\\\/az\\\/#organization\",\"name\":\"Meydan TV\",\"url\":\"https:\\\/\\\/www.meydan.tv\\\/az\\\/\",\"logo\":{\"@type\":\"ImageObject\",\"inLanguage\":\"az\",\"@id\":\"https:\\\/\\\/www.meydan.tv\\\/az\\\/#\\\/schema\\\/logo\\\/image\\\/\",\"url\":\"https:\\\/\\\/www.meydan.tv\\\/wp-content\\\/uploads\\\/2021\\\/07\\\/meydan-logo.svg\",\"contentUrl\":\"https:\\\/\\\/www.meydan.tv\\\/wp-content\\\/uploads\\\/2021\\\/07\\\/meydan-logo.svg\",\"width\":195,\"height\":46,\"caption\":\"Meydan TV\"},\"image\":{\"@id\":\"https:\\\/\\\/www.meydan.tv\\\/az\\\/#\\\/schema\\\/logo\\\/image\\\/\"}},{\"@type\":\"Person\",\"@id\":\"https:\\\/\\\/www.meydan.tv\\\/az\\\/#\\\/schema\\\/person\\\/476e9360e593fa131d5d71d51866f8da\",\"name\":\"aleks\"}]}<\/script>\n<!-- \/ Yoast SEO plugin. -->","yoast_head_json":{"title":"Kad\u0131rov: S\u00fclh Ukrayna Rusiyan\u0131n b\u00f6lg\u0259sin\u0259 \u00e7evrildiyi zaman m\u00fcmk\u00fcn olacaq - MEYDAN.TV","robots":{"index":"index","follow":"follow","max-snippet":"max-snippet:-1","max-image-preview":"max-image-preview:large","max-video-preview":"max-video-preview:-1"},"canonical":"https:\/\/www.meydan.tv\/az\/article\/kadirov-sulh-ukraynanin-rusiyanin-bolg%c9%99sin%c9%99-cevrildiyi-zaman-mumkun-olacaq\/","og_locale":"az_AZ","og_type":"article","og_title":"Kad\u0131rov: S\u00fclh Ukrayna Rusiyan\u0131n b\u00f6lg\u0259sin\u0259 \u00e7evrildiyi zaman m\u00fcmk\u00fcn olacaq - MEYDAN.TV","og_description":"\u00c7e\u00e7enistan r\u0259hb\u0259ri Ramzan Kad\u0131rov Rusiyan\u0131n Ukraynaya geni\u015fmiqyasl\u0131 i\u015f\u011fal\u0131n\u0131n gedi\u015fat\u0131n\u0131 bir ... Davam\u0131","og_url":"https:\/\/www.meydan.tv\/az\/article\/kadirov-sulh-ukraynanin-rusiyanin-bolg%c9%99sin%c9%99-cevrildiyi-zaman-mumkun-olacaq\/","og_site_name":"MEYDAN.TV","article_published_time":"2025-09-09T09:28:41+00:00","article_modified_time":"2025-09-09T12:52:37+00:00","og_image":[{"width":1200,"height":615,"url":"https:\/\/www.meydan.tv\/wp-content\/uploads\/screenshot-2024-08-22-at-14.44.19-1200x615.png","type":"image\/png"}],"author":"aleks","twitter_card":"summary_large_image","schema":{"@context":"https:\/\/schema.org","@graph":[{"@type":"Article","@id":"https:\/\/www.meydan.tv\/az\/article\/kadirov-sulh-ukraynanin-rusiyanin-bolg%c9%99sin%c9%99-cevrildiyi-zaman-mumkun-olacaq\/#article","isPartOf":{"@id":"https:\/\/www.meydan.tv\/az\/article\/kadirov-sulh-ukraynanin-rusiyanin-bolg%c9%99sin%c9%99-cevrildiyi-zaman-mumkun-olacaq\/"},"author":{"name":"aleks","@id":"https:\/\/www.meydan.tv\/az\/#\/schema\/person\/476e9360e593fa131d5d71d51866f8da"},"headline":"Kad\u0131rov: S\u00fclh Ukrayna Rusiyan\u0131n b\u00f6lg\u0259sin\u0259 \u00e7evrildiyi zaman m\u00fcmk\u00fcn olacaq","datePublished":"2025-09-09T09:28:41+00:00","dateModified":"2025-09-09T12:52:37+00:00","mainEntityOfPage":{"@id":"https:\/\/www.meydan.tv\/az\/article\/kadirov-sulh-ukraynanin-rusiyanin-bolg%c9%99sin%c9%99-cevrildiyi-zaman-mumkun-olacaq\/"},"wordCount":551,"publisher":{"@id":"https:\/\/www.meydan.tv\/az\/#organization"},"image":{"@id":"https:\/\/www.meydan.tv\/az\/article\/kadirov-sulh-ukraynanin-rusiyanin-bolg%c9%99sin%c9%99-cevrildiyi-zaman-mumkun-olacaq\/#primaryimage"},"thumbnailUrl":"https:\/\/www.meydan.tv\/wp-content\/uploads\/screenshot-2024-08-22-at-14.44.19.png","articleSection":["D\u00fcnya","X\u0259b\u0259rl\u0259r"],"inLanguage":"az"},{"@type":"WebPage","@id":"https:\/\/www.meydan.tv\/az\/article\/kadirov-sulh-ukraynanin-rusiyanin-bolg%c9%99sin%c9%99-cevrildiyi-zaman-mumkun-olacaq\/","url":"https:\/\/www.meydan.tv\/az\/article\/kadirov-sulh-ukraynanin-rusiyanin-bolg%c9%99sin%c9%99-cevrildiyi-zaman-mumkun-olacaq\/","name":"Kad\u0131rov: S\u00fclh Ukrayna Rusiyan\u0131n b\u00f6lg\u0259sin\u0259 \u00e7evrildiyi zaman m\u00fcmk\u00fcn olacaq - MEYDAN.TV","isPartOf":{"@id":"https:\/\/www.meydan.tv\/az\/#website"},"primaryImageOfPage":{"@id":"https:\/\/www.meydan.tv\/az\/article\/kadirov-sulh-ukraynanin-rusiyanin-bolg%c9%99sin%c9%99-cevrildiyi-zaman-mumkun-olacaq\/#primaryimage"},"image":{"@id":"https:\/\/www.meydan.tv\/az\/article\/kadirov-sulh-ukraynanin-rusiyanin-bolg%c9%99sin%c9%99-cevrildiyi-zaman-mumkun-olacaq\/#primaryimage"},"thumbnailUrl":"https:\/\/www.meydan.tv\/wp-content\/uploads\/screenshot-2024-08-22-at-14.44.19.png","datePublished":"2025-09-09T09:28:41+00:00","dateModified":"2025-09-09T12:52:37+00:00","breadcrumb":{"@id":"https:\/\/www.meydan.tv\/az\/article\/kadirov-sulh-ukraynanin-rusiyanin-bolg%c9%99sin%c9%99-cevrildiyi-zaman-mumkun-olacaq\/#breadcrumb"},"inLanguage":"az","potentialAction":[{"@type":"ReadAction","target":["https:\/\/www.meydan.tv\/az\/article\/kadirov-sulh-ukraynanin-rusiyanin-bolg%c9%99sin%c9%99-cevrildiyi-zaman-mumkun-olacaq\/"]}]},{"@type":"ImageObject","inLanguage":"az","@id":"https:\/\/www.meydan.tv\/az\/article\/kadirov-sulh-ukraynanin-rusiyanin-bolg%c9%99sin%c9%99-cevrildiyi-zaman-mumkun-olacaq\/#primaryimage","url":"https:\/\/www.meydan.tv\/wp-content\/uploads\/screenshot-2024-08-22-at-14.44.19.png","contentUrl":"https:\/\/www.meydan.tv\/wp-content\/uploads\/screenshot-2024-08-22-at-14.44.19.png","width":2316,"height":1186,"caption":"Kad\u0131rov. Foto: \u015f\u0259xsi \"Telegram\" kanal\u0131"},{"@type":"BreadcrumbList","@id":"https:\/\/www.meydan.tv\/az\/article\/kadirov-sulh-ukraynanin-rusiyanin-bolg%c9%99sin%c9%99-cevrildiyi-zaman-mumkun-olacaq\/#breadcrumb","itemListElement":[{"@type":"ListItem","position":1,"name":"Ana s\u0259hif\u0259","item":"https:\/\/www.meydan.tv\/az\/"},{"@type":"ListItem","position":2,"name":"X\u0259b\u0259rl\u0259r","item":"https:\/\/www.meydan.tv\/az\/section\/xeberler\/"},{"@type":"ListItem","position":3,"name":"Kad\u0131rov: S\u00fclh Ukrayna Rusiyan\u0131n b\u00f6lg\u0259sin\u0259 \u00e7evrildiyi zaman m\u00fcmk\u00fcn olacaq"}]},{"@type":"WebSite","@id":"https:\/\/www.meydan.tv\/az\/#website","url":"https:\/\/www.meydan.tv\/az\/","name":"MEYDAN.TV","description":"Meydan TV Az\u0259rbaycan\u0131n media m\u0259kan\u0131ndak\u0131 alternativ s\u0259sidir","publisher":{"@id":"https:\/\/www.meydan.tv\/az\/#organization"},"potentialAction":[{"@type":"SearchAction","target":{"@type":"EntryPoint","urlTemplate":"https:\/\/www.meydan.tv\/az\/?s={search_term_string}"},"query-input":{"@type":"PropertyValueSpecification","valueRequired":true,"valueName":"search_term_string"}}],"inLanguage":"az"},{"@type":"Organization","@id":"https:\/\/www.meydan.tv\/az\/#organization","name":"Meydan TV","url":"https:\/\/www.meydan.tv\/az\/","logo":{"@type":"ImageObject","inLanguage":"az","@id":"https:\/\/www.meydan.tv\/az\/#\/schema\/logo\/image\/","url":"https:\/\/www.meydan.tv\/wp-content\/uploads\/2021\/07\/meydan-logo.svg","contentUrl":"https:\/\/www.meydan.tv\/wp-content\/uploads\/2021\/07\/meydan-logo.svg","width":195,"height":46,"caption":"Meydan TV"},"image":{"@id":"https:\/\/www.meydan.tv\/az\/#\/schema\/logo\/image\/"}},{"@type":"Person","@id":"https:\/\/www.meydan.tv\/az\/#\/schema\/person\/476e9360e593fa131d5d71d51866f8da","name":"aleks"}]}},"_links":{"self":[{"href":"https:\/\/www.meydan.tv\/az\/wp-json\/wp\/v2\/posts\/334876","targetHints":{"allow":["GET"]}}],"collection":[{"href":"https:\/\/www.meydan.tv\/az\/wp-json\/wp\/v2\/posts"}],"about":[{"href":"https:\/\/www.meydan.tv\/az\/wp-json\/wp\/v2\/types\/post"}],"author":[{"embeddable":true,"href":"https:\/\/www.meydan.tv\/az\/wp-json\/wp\/v2\/users\/12"}],"replies":[{"embeddable":true,"href":"https:\/\/www.meydan.tv\/az\/wp-json\/wp\/v2\/comments?post=334876"}],"version-history":[{"count":5,"href":"https:\/\/www.meydan.tv\/az\/wp-json\/wp\/v2\/posts\/334876\/revisions"}],"predecessor-version":[{"id":334943,"href":"https:\/\/www.meydan.tv\/az\/wp-json\/wp\/v2\/posts\/334876\/revisions\/334943"}],"wp:featuredmedia":[{"embeddable":true,"href":"https:\/\/www.meydan.tv\/az\/wp-json\/wp\/v2\/media\/313556"}],"wp:attachment":[{"href":"https:\/\/www.meydan.tv\/az\/wp-json\/wp\/v2\/media?parent=334876"}],"wp:term":[{"taxonomy":"category","embeddable":true,"href":"https:\/\/www.meydan.tv\/az\/wp-json\/wp\/v2\/categories?post=334876"},{"taxonomy":"post_tag","embeddable":true,"href":"https:\/\/www.meydan.tv\/az\/wp-json\/wp\/v2\/tags?post=334876"}],"curies":[{"name":"wp","href":"https:\/\/api.w.org\/{rel}","templated":true}]}}