{"id":334778,"date":"2025-09-04T17:14:44","date_gmt":"2025-09-04T13:14:44","guid":{"rendered":"https:\/\/www.meydan.tv\/?p=334778"},"modified":"2025-09-04T17:14:48","modified_gmt":"2025-09-04T13:14:48","slug":"b%c9%99hruz-s%c9%99m%c9%99dov-gunahsiz-yer%c9%99-h%c9%99bs-edilmis%c9%99m-m%c9%99hk%c9%99m%c9%99l%c9%99rim-%c9%99dal%c9%99tsiz-kecirilib-2","status":"publish","type":"post","link":"https:\/\/www.meydan.tv\/az\/article\/b%c9%99hruz-s%c9%99m%c9%99dov-gunahsiz-yer%c9%99-h%c9%99bs-edilmis%c9%99m-m%c9%99hk%c9%99m%c9%99l%c9%99rim-%c9%99dal%c9%99tsiz-kecirilib-2\/","title":{"rendered":"B\u0259hruz S\u0259m\u0259dov: \u201cG\u00fcnahs\u0131z yer\u0259 h\u0259bs edilmi\u015f\u0259m, m\u0259hk\u0259m\u0259l\u0259rim \u0259dal\u0259tsiz ke\u00e7irilib\u201d"},"content":{"rendered":"\n<p class=\"wp-block-paragraph\">D\u00f6vl\u0259t\u0259 x\u0259yan\u0259t ittiham\u0131 il\u0259 15 il azadl\u0131qdan m\u0259hrum edilmi\u015f siyasi f\u0259al B\u0259hruz S\u0259m\u0259dov ictimaiyy\u0259t\u0259 m\u00fcraci\u0259t edib.<\/p>\n\n\n\n<p class=\"wp-block-paragraph\">O, n\u0259n\u0259si Zibeyd\u0259 Osmanova il\u0259 telefon dan\u0131\u015f\u0131\u011f\u0131 zaman\u0131 m\u0259hk\u0259m\u0259 prosesl\u0259rinin \u0259dal\u0259tsiz \u015f\u0259raitd\u0259 ke\u00e7diyini v\u0259 bar\u0259sind\u0259ki ittihamlar\u0131n s\u00fcbuta yetirilm\u0259diyini bildirib:<\/p>\n\n\n\n<p class=\"wp-block-paragraph\"><em>\u201cM\u0259nim m\u0259hk\u0259m\u0259l\u0259rim \u00e7ox \u0259dal\u0259tsiz ke\u00e7irildi. He\u00e7 k\u0259si m\u0259hk\u0259m\u0259 prosesin\u0259 buraxmad\u0131lar. G\u00fcnah\u0131m\u0131 he\u00e7 bir \u015f\u0259kild\u0259 s\u00fcbut ed\u0259 bilm\u0259dil\u0259r. B\u00fct\u00fcn vicdanl\u0131 insanlardan xahi\u015f edir\u0259m ki, m\u0259nim g\u00fcnahs\u0131z oldu\u011fumu, s\u00fclh v\u0259 \u0259dal\u0259t ist\u0259diyim \u00fc\u00e7\u00fcn h\u0259bs edildiyimi payla\u015fs\u0131nlar\u201d,<\/em> &#8211; siyasi f\u0259al deyib.<\/p>\n\n\n\n<p class=\"wp-block-paragraph\">O, h\u0259m\u00e7inin azadl\u0131\u011f\u0131n\u0131 t\u0259l\u0259b ed\u0259nl\u0259r\u0259 v\u0259 onu d\u0259st\u0259kl\u0259y\u0259n h\u0259r k\u0259s\u0259 t\u0259\u015f\u0259kk\u00fcr\u00fcn\u00fc bildirib:<\/p>\n\n\n\n<p class=\"wp-block-paragraph\"><em>\u201cM\u0259nim azadl\u0131\u011f\u0131m\u0131 t\u0259l\u0259b ed\u0259nl\u0259r\u0259 v\u0259 haqq-\u0259dal\u0259t u\u011frunda olanlara d\u0259rin minn\u0259tdarl\u0131\u011f\u0131m\u0131 bildirir\u0259m. M\u0259hk\u0259m\u0259l\u0259rim\u0259 g\u0259l\u0259nl\u0259r\u0259, dostlar\u0131ma x\u00fcsusi t\u0259\u015f\u0259kk\u00fcr edir\u0259m\u201d.<\/em><\/p>\n\n\n\n<p class=\"wp-block-paragraph\">Sentaybr\u0131n 3-d\u0259 Bak\u0131 Apellyasiya M\u0259hk\u0259m\u0259sind\u0259 B\u0259hruz S\u0259m\u0259dovun h\u0259bs q\u0259rar\u0131ndan veril\u0259n \u015fikay\u0259ti <a href=\"https:\/\/storage.googleapis.com\/qurium\/www.meydan.tv\/az-article-b%c9%99hruz-s%c9%99m%c9%99dov-h%c9%99bsin%c9%99-etiraz-olaraq-acliga-baslayacagini-bildirib.html\" target=\"_blank\" rel=\"noreferrer noopener nofollow\">t\u0259min olunmay\u0131b.<\/a><\/p>\n\n\n\n<p class=\"wp-block-paragraph\">&nbsp;B\u0259hruz S\u0259m\u0259dov Az\u0259rbaycan-Erm\u0259nistan m\u00fcnaqi\u015f\u0259si haqq\u0131nda apard\u0131\u011f\u0131 ara\u015fd\u0131rmalar, el\u0259c\u0259 d\u0259 Az\u0259rbaycan h\u00f6kum\u0259tini t\u0259nqid ed\u0259n yaz\u0131lar\u0131n m\u00fc\u0259llifi kimi tan\u0131n\u0131r.<\/p>\n\n\n\n<p class=\"wp-block-paragraph\">&nbsp;O, 2024-c\u00fc il avqustun 21-d\u0259 D\u00f6vl\u0259t T\u0259hl\u00fck\u0259sizlik Xidm\u0259tinin \u0259m\u0259kda\u015flar\u0131 t\u0259r\u0259find\u0259n saxlan\u0131l\u0131b.<\/p>\n\n\n\n<p class=\"wp-block-paragraph\">&nbsp;O, Cinay\u0259t M\u0259c\u0259ll\u0259sinin 274-c\u00fc (d\u00f6vl\u0259t\u0259 x\u0259yan\u0259t) madd\u0259si il\u0259 ittiham olunub.<\/p>\n\n\n\n<p class=\"wp-block-paragraph\">&nbsp;B\u0259hruz S\u0259m\u0259dov ittiham\u0131 q\u0259bul etmir, \u00f6z\u00fcn\u00fc t\u0259qsirli bilmir.<\/p>\n\n\n\n<p class=\"wp-block-paragraph\">\u00a0O, iyunun 23-d\u0259 15 il azadl\u0131qdan <a href=\"https:\/\/storage.googleapis.com\/qurium\/www.meydan.tv\/az-article-b%c9%99hruz-s%c9%99m%c9%99dov-15-il-mudd%c9%99tin%c9%99-azadliqdan-m%c9%99hrum-edilib.html\" target=\"_blank\" rel=\"noreferrer noopener nofollow\">m\u0259hrum edilib.<\/a><\/p>\n","protected":false},"excerpt":{"rendered":"<p>D\u00f6vl\u0259t\u0259 x\u0259yan\u0259t ittiham\u0131 il\u0259 15 il azadl\u0131qdan m\u0259hrum edilmi\u015f siyasi &#8230; <\/p>\n<p class=\"read-more-container\"><a title=\"B\u0259hruz S\u0259m\u0259dov: \u201cG\u00fcnahs\u0131z yer\u0259 h\u0259bs edilmi\u015f\u0259m, m\u0259hk\u0259m\u0259l\u0259rim \u0259dal\u0259tsiz ke\u00e7irilib\u201d\" class=\"read-more button\" href=\"https:\/\/www.meydan.tv\/az\/article\/b%c9%99hruz-s%c9%99m%c9%99dov-gunahsiz-yer%c9%99-h%c9%99bs-edilmis%c9%99m-m%c9%99hk%c9%99m%c9%99l%c9%99rim-%c9%99dal%c9%99tsiz-kecirilib-2\/#more-334778\" aria-label=\"Read more about B\u0259hruz S\u0259m\u0259dov: \u201cG\u00fcnahs\u0131z yer\u0259 h\u0259bs edilmi\u015f\u0259m, m\u0259hk\u0259m\u0259l\u0259rim \u0259dal\u0259tsiz ke\u00e7irilib\u201d\">Davam\u0131<\/a><\/p>\n","protected":false},"author":16,"featured_media":320155,"comment_status":"closed","ping_status":"closed","sticky":false,"template":"","format":"standard","meta":{"_acf_changed":false,"_sitemap_exclude":false,"_sitemap_priority":"","_sitemap_frequency":"","footnotes":""},"categories":[79,56],"tags":[],"class_list":["post-334778","post","type-post","status-publish","format-standard","has-post-thumbnail","hentry","category-featured","category-xeberler","infinite-scroll-item","generate-columns","tablet-grid-50","mobile-grid-100","grid-parent","grid-33","no-featured-image-padding"],"acf":[],"yoast_head":"<!-- This site is optimized with the Yoast SEO plugin v28.3 - https:\/\/yoast.com\/product\/yoast-seo-wordpress\/ -->\n<title>B\u0259hruz S\u0259m\u0259dov: \u201cG\u00fcnahs\u0131z yer\u0259 h\u0259bs edilmi\u015f\u0259m, m\u0259hk\u0259m\u0259l\u0259rim \u0259dal\u0259tsiz ke\u00e7irilib\u201d - MEYDAN.TV<\/title>\n<meta name=\"robots\" content=\"index, follow, max-snippet:-1, max-image-preview:large, max-video-preview:-1\" \/>\n<link rel=\"canonical\" href=\"https:\/\/www.meydan.tv\/az\/article\/b%c9%99hruz-s%c9%99m%c9%99dov-gunahsiz-yer%c9%99-h%c9%99bs-edilmis%c9%99m-m%c9%99hk%c9%99m%c9%99l%c9%99rim-%c9%99dal%c9%99tsiz-kecirilib-2\/\" \/>\n<meta property=\"og:locale\" content=\"az_AZ\" \/>\n<meta property=\"og:type\" content=\"article\" \/>\n<meta property=\"og:title\" content=\"B\u0259hruz S\u0259m\u0259dov: \u201cG\u00fcnahs\u0131z yer\u0259 h\u0259bs edilmi\u015f\u0259m, m\u0259hk\u0259m\u0259l\u0259rim \u0259dal\u0259tsiz ke\u00e7irilib\u201d - MEYDAN.TV\" \/>\n<meta property=\"og:description\" content=\"D\u00f6vl\u0259t\u0259 x\u0259yan\u0259t ittiham\u0131 il\u0259 15 il azadl\u0131qdan m\u0259hrum edilmi\u015f siyasi ... Davam\u0131\" \/>\n<meta property=\"og:url\" content=\"https:\/\/www.meydan.tv\/az\/article\/b%c9%99hruz-s%c9%99m%c9%99dov-gunahsiz-yer%c9%99-h%c9%99bs-edilmis%c9%99m-m%c9%99hk%c9%99m%c9%99l%c9%99rim-%c9%99dal%c9%99tsiz-kecirilib-2\/\" \/>\n<meta property=\"og:site_name\" content=\"MEYDAN.TV\" \/>\n<meta property=\"article:published_time\" content=\"2025-09-04T13:14:44+00:00\" \/>\n<meta property=\"article:modified_time\" content=\"2025-09-04T13:14:48+00:00\" \/>\n<meta property=\"og:image\" content=\"https:\/\/www.meydan.tv\/wp-content\/uploads\/img_1581-scaled-e1734627095926.jpg\" \/>\n\t<meta property=\"og:image:width\" content=\"2560\" \/>\n\t<meta property=\"og:image:height\" content=\"1190\" \/>\n\t<meta property=\"og:image:type\" content=\"image\/jpeg\" \/>\n<meta name=\"twitter:card\" content=\"summary_large_image\" \/>\n<!-- \/ Yoast SEO plugin. -->","yoast_head_json":{"title":"B\u0259hruz S\u0259m\u0259dov: \u201cG\u00fcnahs\u0131z yer\u0259 h\u0259bs edilmi\u015f\u0259m, m\u0259hk\u0259m\u0259l\u0259rim \u0259dal\u0259tsiz ke\u00e7irilib\u201d - MEYDAN.TV","robots":{"index":"index","follow":"follow","max-snippet":"max-snippet:-1","max-image-preview":"max-image-preview:large","max-video-preview":"max-video-preview:-1"},"canonical":"https:\/\/www.meydan.tv\/az\/article\/b%c9%99hruz-s%c9%99m%c9%99dov-gunahsiz-yer%c9%99-h%c9%99bs-edilmis%c9%99m-m%c9%99hk%c9%99m%c9%99l%c9%99rim-%c9%99dal%c9%99tsiz-kecirilib-2\/","og_locale":"az_AZ","og_type":"article","og_title":"B\u0259hruz S\u0259m\u0259dov: \u201cG\u00fcnahs\u0131z yer\u0259 h\u0259bs edilmi\u015f\u0259m, m\u0259hk\u0259m\u0259l\u0259rim \u0259dal\u0259tsiz ke\u00e7irilib\u201d - MEYDAN.TV","og_description":"D\u00f6vl\u0259t\u0259 x\u0259yan\u0259t ittiham\u0131 il\u0259 15 il azadl\u0131qdan m\u0259hrum edilmi\u015f siyasi ... Davam\u0131","og_url":"https:\/\/www.meydan.tv\/az\/article\/b%c9%99hruz-s%c9%99m%c9%99dov-gunahsiz-yer%c9%99-h%c9%99bs-edilmis%c9%99m-m%c9%99hk%c9%99m%c9%99l%c9%99rim-%c9%99dal%c9%99tsiz-kecirilib-2\/","og_site_name":"MEYDAN.TV","article_published_time":"2025-09-04T13:14:44+00:00","article_modified_time":"2025-09-04T13:14:48+00:00","og_image":[{"width":2560,"height":1190,"url":"https:\/\/www.meydan.tv\/wp-content\/uploads\/img_1581-scaled-e1734627095926.jpg","type":"image\/jpeg"}],"twitter_card":"summary_large_image","schema":{"@context":"https:\/\/schema.org","@graph":[{"@type":"Article","@id":"https:\/\/www.meydan.tv\/az\/article\/b%c9%99hruz-s%c9%99m%c9%99dov-gunahsiz-yer%c9%99-h%c9%99bs-edilmis%c9%99m-m%c9%99hk%c9%99m%c9%99l%c9%99rim-%c9%99dal%c9%99tsiz-kecirilib-2\/#article","isPartOf":{"@id":"https:\/\/www.meydan.tv\/az\/article\/b%c9%99hruz-s%c9%99m%c9%99dov-gunahsiz-yer%c9%99-h%c9%99bs-edilmis%c9%99m-m%c9%99hk%c9%99m%c9%99l%c9%99rim-%c9%99dal%c9%99tsiz-kecirilib-2\/"},"author":{"name":"sevda","@id":"https:\/\/www.meydan.tv\/az\/#\/schema\/person\/49b5f2bad5b126bb8ea9320eeb3e4dc9"},"headline":"B\u0259hruz S\u0259m\u0259dov: \u201cG\u00fcnahs\u0131z yer\u0259 h\u0259bs edilmi\u015f\u0259m, m\u0259hk\u0259m\u0259l\u0259rim \u0259dal\u0259tsiz ke\u00e7irilib\u201d","datePublished":"2025-09-04T13:14:44+00:00","dateModified":"2025-09-04T13:14:48+00:00","mainEntityOfPage":{"@id":"https:\/\/www.meydan.tv\/az\/article\/b%c9%99hruz-s%c9%99m%c9%99dov-gunahsiz-yer%c9%99-h%c9%99bs-edilmis%c9%99m-m%c9%99hk%c9%99m%c9%99l%c9%99rim-%c9%99dal%c9%99tsiz-kecirilib-2\/"},"wordCount":354,"publisher":{"@id":"https:\/\/www.meydan.tv\/az\/#organization"},"image":{"@id":"https:\/\/www.meydan.tv\/az\/article\/b%c9%99hruz-s%c9%99m%c9%99dov-gunahsiz-yer%c9%99-h%c9%99bs-edilmis%c9%99m-m%c9%99hk%c9%99m%c9%99l%c9%99rim-%c9%99dal%c9%99tsiz-kecirilib-2\/#primaryimage"},"thumbnailUrl":"https:\/\/www.meydan.tv\/wp-content\/uploads\/img_1581-scaled-e1734627095926.jpg","articleSection":["T\u00f6vsiy\u0259","X\u0259b\u0259rl\u0259r"],"inLanguage":"az"},{"@type":"WebPage","@id":"https:\/\/www.meydan.tv\/az\/article\/b%c9%99hruz-s%c9%99m%c9%99dov-gunahsiz-yer%c9%99-h%c9%99bs-edilmis%c9%99m-m%c9%99hk%c9%99m%c9%99l%c9%99rim-%c9%99dal%c9%99tsiz-kecirilib-2\/","url":"https:\/\/www.meydan.tv\/az\/article\/b%c9%99hruz-s%c9%99m%c9%99dov-gunahsiz-yer%c9%99-h%c9%99bs-edilmis%c9%99m-m%c9%99hk%c9%99m%c9%99l%c9%99rim-%c9%99dal%c9%99tsiz-kecirilib-2\/","name":"B\u0259hruz S\u0259m\u0259dov: \u201cG\u00fcnahs\u0131z yer\u0259 h\u0259bs edilmi\u015f\u0259m, m\u0259hk\u0259m\u0259l\u0259rim \u0259dal\u0259tsiz ke\u00e7irilib\u201d - MEYDAN.TV","isPartOf":{"@id":"https:\/\/www.meydan.tv\/az\/#website"},"primaryImageOfPage":{"@id":"https:\/\/www.meydan.tv\/az\/article\/b%c9%99hruz-s%c9%99m%c9%99dov-gunahsiz-yer%c9%99-h%c9%99bs-edilmis%c9%99m-m%c9%99hk%c9%99m%c9%99l%c9%99rim-%c9%99dal%c9%99tsiz-kecirilib-2\/#primaryimage"},"image":{"@id":"https:\/\/www.meydan.tv\/az\/article\/b%c9%99hruz-s%c9%99m%c9%99dov-gunahsiz-yer%c9%99-h%c9%99bs-edilmis%c9%99m-m%c9%99hk%c9%99m%c9%99l%c9%99rim-%c9%99dal%c9%99tsiz-kecirilib-2\/#primaryimage"},"thumbnailUrl":"https:\/\/www.meydan.tv\/wp-content\/uploads\/img_1581-scaled-e1734627095926.jpg","datePublished":"2025-09-04T13:14:44+00:00","dateModified":"2025-09-04T13:14:48+00:00","breadcrumb":{"@id":"https:\/\/www.meydan.tv\/az\/article\/b%c9%99hruz-s%c9%99m%c9%99dov-gunahsiz-yer%c9%99-h%c9%99bs-edilmis%c9%99m-m%c9%99hk%c9%99m%c9%99l%c9%99rim-%c9%99dal%c9%99tsiz-kecirilib-2\/#breadcrumb"},"inLanguage":"az","potentialAction":[{"@type":"ReadAction","target":["https:\/\/www.meydan.tv\/az\/article\/b%c9%99hruz-s%c9%99m%c9%99dov-gunahsiz-yer%c9%99-h%c9%99bs-edilmis%c9%99m-m%c9%99hk%c9%99m%c9%99l%c9%99rim-%c9%99dal%c9%99tsiz-kecirilib-2\/"]}]},{"@type":"ImageObject","inLanguage":"az","@id":"https:\/\/www.meydan.tv\/az\/article\/b%c9%99hruz-s%c9%99m%c9%99dov-gunahsiz-yer%c9%99-h%c9%99bs-edilmis%c9%99m-m%c9%99hk%c9%99m%c9%99l%c9%99rim-%c9%99dal%c9%99tsiz-kecirilib-2\/#primaryimage","url":"https:\/\/www.meydan.tv\/wp-content\/uploads\/img_1581-scaled-e1734627095926.jpg","contentUrl":"https:\/\/www.meydan.tv\/wp-content\/uploads\/img_1581-scaled-e1734627095926.jpg","width":2400,"height":1116,"caption":"B\u0259hruz S\u0259m\u0259dov. \u0130ll\u00fcstrasiya: Meydan TV"},{"@type":"BreadcrumbList","@id":"https:\/\/www.meydan.tv\/az\/article\/b%c9%99hruz-s%c9%99m%c9%99dov-gunahsiz-yer%c9%99-h%c9%99bs-edilmis%c9%99m-m%c9%99hk%c9%99m%c9%99l%c9%99rim-%c9%99dal%c9%99tsiz-kecirilib-2\/#breadcrumb","itemListElement":[{"@type":"ListItem","position":1,"name":"Ana s\u0259hif\u0259","item":"https:\/\/www.meydan.tv\/az\/"},{"@type":"ListItem","position":2,"name":"X\u0259b\u0259rl\u0259r","item":"https:\/\/www.meydan.tv\/az\/section\/xeberler\/"},{"@type":"ListItem","position":3,"name":"B\u0259hruz S\u0259m\u0259dov: \u201cG\u00fcnahs\u0131z yer\u0259 h\u0259bs edilmi\u015f\u0259m, m\u0259hk\u0259m\u0259l\u0259rim \u0259dal\u0259tsiz ke\u00e7irilib\u201d"}]},{"@type":"WebSite","@id":"https:\/\/www.meydan.tv\/az\/#website","url":"https:\/\/www.meydan.tv\/az\/","name":"MEYDAN.TV","description":"Meydan TV Az\u0259rbaycan\u0131n media m\u0259kan\u0131ndak\u0131 alternativ s\u0259sidir","publisher":{"@id":"https:\/\/www.meydan.tv\/az\/#organization"},"potentialAction":[{"@type":"SearchAction","target":{"@type":"EntryPoint","urlTemplate":"https:\/\/www.meydan.tv\/az\/?s={search_term_string}"},"query-input":{"@type":"PropertyValueSpecification","valueRequired":true,"valueName":"search_term_string"}}],"inLanguage":"az"},{"@type":"Organization","@id":"https:\/\/www.meydan.tv\/az\/#organization","name":"Meydan TV","url":"https:\/\/www.meydan.tv\/az\/","logo":{"@type":"ImageObject","inLanguage":"az","@id":"https:\/\/www.meydan.tv\/az\/#\/schema\/logo\/image\/","url":"https:\/\/www.meydan.tv\/wp-content\/uploads\/2021\/07\/meydan-logo.svg","contentUrl":"https:\/\/www.meydan.tv\/wp-content\/uploads\/2021\/07\/meydan-logo.svg","width":195,"height":46,"caption":"Meydan TV"},"image":{"@id":"https:\/\/www.meydan.tv\/az\/#\/schema\/logo\/image\/"}},{"@type":"Person","@id":"https:\/\/www.meydan.tv\/az\/#\/schema\/person\/49b5f2bad5b126bb8ea9320eeb3e4dc9","name":"sevda"}]}},"_links":{"self":[{"href":"https:\/\/www.meydan.tv\/az\/wp-json\/wp\/v2\/posts\/334778","targetHints":{"allow":["GET"]}}],"collection":[{"href":"https:\/\/www.meydan.tv\/az\/wp-json\/wp\/v2\/posts"}],"about":[{"href":"https:\/\/www.meydan.tv\/az\/wp-json\/wp\/v2\/types\/post"}],"author":[{"embeddable":true,"href":"https:\/\/www.meydan.tv\/az\/wp-json\/wp\/v2\/users\/16"}],"replies":[{"embeddable":true,"href":"https:\/\/www.meydan.tv\/az\/wp-json\/wp\/v2\/comments?post=334778"}],"version-history":[{"count":1,"href":"https:\/\/www.meydan.tv\/az\/wp-json\/wp\/v2\/posts\/334778\/revisions"}],"predecessor-version":[{"id":334779,"href":"https:\/\/www.meydan.tv\/az\/wp-json\/wp\/v2\/posts\/334778\/revisions\/334779"}],"wp:featuredmedia":[{"embeddable":true,"href":"https:\/\/www.meydan.tv\/az\/wp-json\/wp\/v2\/media\/320155"}],"wp:attachment":[{"href":"https:\/\/www.meydan.tv\/az\/wp-json\/wp\/v2\/media?parent=334778"}],"wp:term":[{"taxonomy":"category","embeddable":true,"href":"https:\/\/www.meydan.tv\/az\/wp-json\/wp\/v2\/categories?post=334778"},{"taxonomy":"post_tag","embeddable":true,"href":"https:\/\/www.meydan.tv\/az\/wp-json\/wp\/v2\/tags?post=334778"}],"curies":[{"name":"wp","href":"https:\/\/api.w.org\/{rel}","templated":true}]}}