{"id":334753,"date":"2025-09-03T18:08:58","date_gmt":"2025-09-03T14:08:58","guid":{"rendered":"https:\/\/www.meydan.tv\/?p=334753"},"modified":"2025-09-03T18:09:01","modified_gmt":"2025-09-03T14:09:01","slug":"muzdlu-iscil%c9%99rin-sayi-10-min-n%c9%99f%c9%99r%c9%99-q%c9%99d%c9%99r-azalib","status":"publish","type":"post","link":"https:\/\/www.meydan.tv\/az\/article\/muzdlu-iscil%c9%99rin-sayi-10-min-n%c9%99f%c9%99r%c9%99-q%c9%99d%c9%99r-azalib\/","title":{"rendered":"Muzdlu i\u015f\u00e7il\u0259rin say\u0131 10 min n\u0259f\u0259r\u0259 q\u0259d\u0259r azal\u0131b"},"content":{"rendered":"\n<p>\u00d6t\u0259n il D\u00f6vl\u0259t M\u0259\u015f\u011fulluq Agentliyind\u0259 i\u015fsiz kimi qeydiyyata d\u00fc\u015f\u0259nl\u0259rin c\u0259mi 1,8 faizi sosial m\u00fcavin\u0259t ala bilib.<br><br>Meydan TV D\u00f6vl\u0259t Statistika Komit\u0259sinin \u201c\u018fm\u0259k bazar\u0131\u201d statistik m\u0259cmu\u0259sin\u0259 istinad\u0259n x\u0259b\u0259r verir.<\/p>\n\n\n\n<p>Komit\u0259nin m\u0259lumat\u0131na g\u00f6r\u0259, 2024-c\u00fc ild\u0259 i\u015fsiz \u0259halinin say\u0131 282,3 min n\u0259f\u0259r t\u0259\u015fkil edib. Bu r\u0259q\u0259m r\u0259smi olaraq \u00f6lk\u0259d\u0259 i\u015fsizlik s\u0259viyy\u0259sinin 5,3 faiz oldu\u011funu g\u00f6st\u0259rir. 2023-c\u00fc ild\u0259 is\u0259 bu g\u00f6st\u0259rici 293,3 min n\u0259f\u0259r olub.<\/p>\n\n\n\n<p>D\u00f6vl\u0259t M\u0259\u015f\u011fulluq Agentliyinin yerli qurumlar\u0131nda \u201ci\u015fsizlik statusu\u201d alanlar\u0131n say\u0131 2024-c\u00fc ild\u0259 217 min 228 n\u0259f\u0259r, 2023-c\u00fc ild\u0259 is\u0259 217 min 608 n\u0259f\u0259r t\u0259\u015fkil edib.<\/p>\n\n\n\n<p>Lakin \u0259m\u0259k qanunvericiliyi \u00f6lk\u0259d\u0259 \u201ci\u015fsizlik statusu\u201d alan b\u00fct\u00fcn \u015f\u0259xsl\u0259rin sosial m\u00fcdafi\u0259sini t\u0259min etmir. \u0130\u015fsizlik s\u0131\u011fortas\u0131ndan yaln\u0131z ixtisara d\u00fc\u015f\u0259nl\u0259r, \u0259m\u0259k m\u00fcqavil\u0259si ba\u015fa \u00e7atanlar, h\u0259m\u00e7inin t\u0259\u015fkilat v\u0259 m\u00fc\u0259ssis\u0259l\u0259rin l\u0259\u011fvi n\u0259tic\u0259sind\u0259 i\u015fini itir\u0259nl\u0259r faydalana bilirl\u0259r.<\/p>\n\n\n\n<p>Bu s\u0259b\u0259bd\u0259n \u00f6t\u0259n il bu kateqoriyalara aid 3963 n\u0259f\u0259r i\u015fsizlik s\u0131\u011fortas\u0131 ala bilib. Bu da i\u015fsizlik statusu qazananlar\u0131n c\u0259mi 1,8 faizin\u0259 b\u0259rab\u0259rdir. Qeyd ed\u0259k ki, 2023-c\u00fc ild\u0259 bu g\u00f6st\u0259rici 1,3 faiz olub.<\/p>\n\n\n\n<p>Yeri g\u0259lmi\u015fk\u0259n, statistikaya g\u00f6r\u0259, m\u0259\u015f\u011ful \u0259halinin \u00e7ox az hiss\u0259si \u0259m\u0259k m\u00fcqavil\u0259si il\u0259 i\u015fl\u0259yir. Bel\u0259 ki, DSK m\u0259\u015f\u011ful \u0259halinin say\u0131n\u0131 5 milyon n\u0259f\u0259r olaraq g\u00f6st\u0259rir. Lakin onlar\u0131n yaln\u0131z 35,4 faizi &#8211; 1 milyon 770 min n\u0259f\u0259ri muzdlu i\u015f\u00e7idir. Muzdlu i\u015f\u00e7il\u0259rin 48,8 faizi (864,2 min n\u0259f\u0259r) d\u00f6vl\u0259t sektorunda \u00e7al\u0131\u015f\u0131r. Bu da \u00f6lk\u0259d\u0259 \u0259m\u0259k m\u00fcnasib\u0259tl\u0259rind\u0259 d\u00f6vl\u0259t sektorunun \u00fcst\u00fcnl\u00fck t\u0259\u015fkil etdiyini g\u00f6st\u0259rir. Qeyri-d\u00f6vl\u0259t sektorunda \u00e7al\u0131\u015fan 906,6 min n\u0259f\u0259rin bir hiss\u0259si is\u0259 pay\u0131 d\u00f6vl\u0259t\u0259 m\u0259xsus olan \u015firk\u0259tl\u0259rd\u0259 (SOCAR, d\u00f6vl\u0259t s\u0259hml\u0259rin\u0259 sahib banklar v\u0259 s.) i\u015fl\u0259yir.<\/p>\n\n\n\n<p>2025-ci ilin \u0259vv\u0259li il\u0259 m\u00fcqayis\u0259d\u0259 ilin I yar\u0131s\u0131nda i\u015fl\u0259y\u0259nl\u0259rin say\u0131 10 min n\u0259f\u0259r azal\u0131b.<\/p>\n","protected":false},"excerpt":{"rendered":"<p>\u00d6t\u0259n il D\u00f6vl\u0259t M\u0259\u015f\u011fulluq Agentliyind\u0259 i\u015fsiz kimi qeydiyyata d\u00fc\u015f\u0259nl\u0259rin c\u0259mi &#8230; <\/p>\n<p class=\"read-more-container\"><a title=\"Muzdlu i\u015f\u00e7il\u0259rin say\u0131 10 min n\u0259f\u0259r\u0259 q\u0259d\u0259r azal\u0131b\" class=\"read-more button\" href=\"https:\/\/www.meydan.tv\/az\/article\/muzdlu-iscil%c9%99rin-sayi-10-min-n%c9%99f%c9%99r%c9%99-q%c9%99d%c9%99r-azalib\/#more-334753\" aria-label=\"Read more about Muzdlu i\u015f\u00e7il\u0259rin say\u0131 10 min n\u0259f\u0259r\u0259 q\u0259d\u0259r azal\u0131b\">Davam\u0131<\/a><\/p>\n","protected":false},"author":12,"featured_media":90443,"comment_status":"closed","ping_status":"closed","sticky":false,"template":"","format":"standard","meta":{"_acf_changed":false,"_sitemap_exclude":false,"_sitemap_priority":"","_sitemap_frequency":"","footnotes":""},"categories":[62,79,56],"tags":[],"class_list":["post-334753","post","type-post","status-publish","format-standard","has-post-thumbnail","hentry","category-sosial","category-featured","category-xeberler","infinite-scroll-item","generate-columns","tablet-grid-50","mobile-grid-100","grid-parent","grid-33","no-featured-image-padding"],"acf":[],"yoast_head":"<!-- This site is optimized with the Yoast SEO plugin v27.4 - https:\/\/yoast.com\/product\/yoast-seo-wordpress\/ -->\n<title>Muzdlu i\u015f\u00e7il\u0259rin say\u0131 10 min n\u0259f\u0259r\u0259 q\u0259d\u0259r azal\u0131b - MEYDAN.TV<\/title>\n<meta name=\"robots\" content=\"index, follow, max-snippet:-1, max-image-preview:large, max-video-preview:-1\" \/>\n<link rel=\"canonical\" href=\"https:\/\/www.meydan.tv\/az\/article\/muzdlu-iscil%c9%99rin-sayi-10-min-n%c9%99f%c9%99r%c9%99-q%c9%99d%c9%99r-azalib\/\" \/>\n<meta property=\"og:locale\" content=\"az_AZ\" \/>\n<meta property=\"og:type\" content=\"article\" \/>\n<meta property=\"og:title\" content=\"Muzdlu i\u015f\u00e7il\u0259rin say\u0131 10 min n\u0259f\u0259r\u0259 q\u0259d\u0259r azal\u0131b - MEYDAN.TV\" \/>\n<meta property=\"og:description\" content=\"\u00d6t\u0259n il D\u00f6vl\u0259t M\u0259\u015f\u011fulluq Agentliyind\u0259 i\u015fsiz kimi qeydiyyata d\u00fc\u015f\u0259nl\u0259rin c\u0259mi ... Davam\u0131\" \/>\n<meta property=\"og:url\" content=\"https:\/\/www.meydan.tv\/az\/article\/muzdlu-iscil%c9%99rin-sayi-10-min-n%c9%99f%c9%99r%c9%99-q%c9%99d%c9%99r-azalib\/\" \/>\n<meta property=\"og:site_name\" content=\"MEYDAN.TV\" \/>\n<meta property=\"article:published_time\" content=\"2025-09-03T14:08:58+00:00\" \/>\n<meta property=\"article:modified_time\" content=\"2025-09-03T14:09:01+00:00\" \/>\n<meta property=\"og:image\" content=\"https:\/\/www.meydan.tv\/wp-content\/uploads\/35652.jpg\" \/>\n\t<meta property=\"og:image:width\" content=\"1500\" \/>\n\t<meta property=\"og:image:height\" content=\"1000\" \/>\n\t<meta property=\"og:image:type\" content=\"image\/jpeg\" \/>\n<meta name=\"author\" content=\"aleks\" \/>\n<meta name=\"twitter:card\" content=\"summary_large_image\" \/>\n<script type=\"application\/ld+json\" class=\"yoast-schema-graph\">{\"@context\":\"https:\\\/\\\/schema.org\",\"@graph\":[{\"@type\":\"Article\",\"@id\":\"https:\\\/\\\/www.meydan.tv\\\/az\\\/article\\\/muzdlu-iscil%c9%99rin-sayi-10-min-n%c9%99f%c9%99r%c9%99-q%c9%99d%c9%99r-azalib\\\/#article\",\"isPartOf\":{\"@id\":\"https:\\\/\\\/www.meydan.tv\\\/az\\\/article\\\/muzdlu-iscil%c9%99rin-sayi-10-min-n%c9%99f%c9%99r%c9%99-q%c9%99d%c9%99r-azalib\\\/\"},\"author\":{\"name\":\"aleks\",\"@id\":\"https:\\\/\\\/www.meydan.tv\\\/az\\\/#\\\/schema\\\/person\\\/476e9360e593fa131d5d71d51866f8da\"},\"headline\":\"Muzdlu i\u015f\u00e7il\u0259rin say\u0131 10 min n\u0259f\u0259r\u0259 q\u0259d\u0259r azal\u0131b\",\"datePublished\":\"2025-09-03T14:08:58+00:00\",\"dateModified\":\"2025-09-03T14:09:01+00:00\",\"mainEntityOfPage\":{\"@id\":\"https:\\\/\\\/www.meydan.tv\\\/az\\\/article\\\/muzdlu-iscil%c9%99rin-sayi-10-min-n%c9%99f%c9%99r%c9%99-q%c9%99d%c9%99r-azalib\\\/\"},\"wordCount\":407,\"publisher\":{\"@id\":\"https:\\\/\\\/www.meydan.tv\\\/az\\\/#organization\"},\"image\":{\"@id\":\"https:\\\/\\\/www.meydan.tv\\\/az\\\/article\\\/muzdlu-iscil%c9%99rin-sayi-10-min-n%c9%99f%c9%99r%c9%99-q%c9%99d%c9%99r-azalib\\\/#primaryimage\"},\"thumbnailUrl\":\"https:\\\/\\\/www.meydan.tv\\\/wp-content\\\/uploads\\\/35652.jpg\",\"articleSection\":[\"Sosial\",\"T\u00f6vsiy\u0259\",\"X\u0259b\u0259rl\u0259r\"],\"inLanguage\":\"az\"},{\"@type\":\"WebPage\",\"@id\":\"https:\\\/\\\/www.meydan.tv\\\/az\\\/article\\\/muzdlu-iscil%c9%99rin-sayi-10-min-n%c9%99f%c9%99r%c9%99-q%c9%99d%c9%99r-azalib\\\/\",\"url\":\"https:\\\/\\\/www.meydan.tv\\\/az\\\/article\\\/muzdlu-iscil%c9%99rin-sayi-10-min-n%c9%99f%c9%99r%c9%99-q%c9%99d%c9%99r-azalib\\\/\",\"name\":\"Muzdlu i\u015f\u00e7il\u0259rin say\u0131 10 min n\u0259f\u0259r\u0259 q\u0259d\u0259r azal\u0131b - MEYDAN.TV\",\"isPartOf\":{\"@id\":\"https:\\\/\\\/www.meydan.tv\\\/az\\\/#website\"},\"primaryImageOfPage\":{\"@id\":\"https:\\\/\\\/www.meydan.tv\\\/az\\\/article\\\/muzdlu-iscil%c9%99rin-sayi-10-min-n%c9%99f%c9%99r%c9%99-q%c9%99d%c9%99r-azalib\\\/#primaryimage\"},\"image\":{\"@id\":\"https:\\\/\\\/www.meydan.tv\\\/az\\\/article\\\/muzdlu-iscil%c9%99rin-sayi-10-min-n%c9%99f%c9%99r%c9%99-q%c9%99d%c9%99r-azalib\\\/#primaryimage\"},\"thumbnailUrl\":\"https:\\\/\\\/www.meydan.tv\\\/wp-content\\\/uploads\\\/35652.jpg\",\"datePublished\":\"2025-09-03T14:08:58+00:00\",\"dateModified\":\"2025-09-03T14:09:01+00:00\",\"breadcrumb\":{\"@id\":\"https:\\\/\\\/www.meydan.tv\\\/az\\\/article\\\/muzdlu-iscil%c9%99rin-sayi-10-min-n%c9%99f%c9%99r%c9%99-q%c9%99d%c9%99r-azalib\\\/#breadcrumb\"},\"inLanguage\":\"az\",\"potentialAction\":[{\"@type\":\"ReadAction\",\"target\":[\"https:\\\/\\\/www.meydan.tv\\\/az\\\/article\\\/muzdlu-iscil%c9%99rin-sayi-10-min-n%c9%99f%c9%99r%c9%99-q%c9%99d%c9%99r-azalib\\\/\"]}]},{\"@type\":\"ImageObject\",\"inLanguage\":\"az\",\"@id\":\"https:\\\/\\\/www.meydan.tv\\\/az\\\/article\\\/muzdlu-iscil%c9%99rin-sayi-10-min-n%c9%99f%c9%99r%c9%99-q%c9%99d%c9%99r-azalib\\\/#primaryimage\",\"url\":\"https:\\\/\\\/www.meydan.tv\\\/wp-content\\\/uploads\\\/35652.jpg\",\"contentUrl\":\"https:\\\/\\\/www.meydan.tv\\\/wp-content\\\/uploads\\\/35652.jpg\",\"width\":1500,\"height\":1000,\"caption\":\"\u0130\u015f\u00e7il\u0259r, foto: Meydan TV\"},{\"@type\":\"BreadcrumbList\",\"@id\":\"https:\\\/\\\/www.meydan.tv\\\/az\\\/article\\\/muzdlu-iscil%c9%99rin-sayi-10-min-n%c9%99f%c9%99r%c9%99-q%c9%99d%c9%99r-azalib\\\/#breadcrumb\",\"itemListElement\":[{\"@type\":\"ListItem\",\"position\":1,\"name\":\"Ana s\u0259hif\u0259\",\"item\":\"https:\\\/\\\/www.meydan.tv\\\/az\\\/\"},{\"@type\":\"ListItem\",\"position\":2,\"name\":\"X\u0259b\u0259rl\u0259r\",\"item\":\"https:\\\/\\\/www.meydan.tv\\\/az\\\/section\\\/xeberler\\\/\"},{\"@type\":\"ListItem\",\"position\":3,\"name\":\"Muzdlu i\u015f\u00e7il\u0259rin say\u0131 10 min n\u0259f\u0259r\u0259 q\u0259d\u0259r azal\u0131b\"}]},{\"@type\":\"WebSite\",\"@id\":\"https:\\\/\\\/www.meydan.tv\\\/az\\\/#website\",\"url\":\"https:\\\/\\\/www.meydan.tv\\\/az\\\/\",\"name\":\"MEYDAN.TV\",\"description\":\"Meydan TV Az\u0259rbaycan\u0131n media m\u0259kan\u0131ndak\u0131 alternativ s\u0259sidir\",\"publisher\":{\"@id\":\"https:\\\/\\\/www.meydan.tv\\\/az\\\/#organization\"},\"potentialAction\":[{\"@type\":\"SearchAction\",\"target\":{\"@type\":\"EntryPoint\",\"urlTemplate\":\"https:\\\/\\\/www.meydan.tv\\\/az\\\/?s={search_term_string}\"},\"query-input\":{\"@type\":\"PropertyValueSpecification\",\"valueRequired\":true,\"valueName\":\"search_term_string\"}}],\"inLanguage\":\"az\"},{\"@type\":\"Organization\",\"@id\":\"https:\\\/\\\/www.meydan.tv\\\/az\\\/#organization\",\"name\":\"Meydan TV\",\"url\":\"https:\\\/\\\/www.meydan.tv\\\/az\\\/\",\"logo\":{\"@type\":\"ImageObject\",\"inLanguage\":\"az\",\"@id\":\"https:\\\/\\\/www.meydan.tv\\\/az\\\/#\\\/schema\\\/logo\\\/image\\\/\",\"url\":\"https:\\\/\\\/www.meydan.tv\\\/wp-content\\\/uploads\\\/2021\\\/07\\\/meydan-logo.svg\",\"contentUrl\":\"https:\\\/\\\/www.meydan.tv\\\/wp-content\\\/uploads\\\/2021\\\/07\\\/meydan-logo.svg\",\"width\":195,\"height\":46,\"caption\":\"Meydan TV\"},\"image\":{\"@id\":\"https:\\\/\\\/www.meydan.tv\\\/az\\\/#\\\/schema\\\/logo\\\/image\\\/\"}},{\"@type\":\"Person\",\"@id\":\"https:\\\/\\\/www.meydan.tv\\\/az\\\/#\\\/schema\\\/person\\\/476e9360e593fa131d5d71d51866f8da\",\"name\":\"aleks\"}]}<\/script>\n<!-- \/ Yoast SEO plugin. -->","yoast_head_json":{"title":"Muzdlu i\u015f\u00e7il\u0259rin say\u0131 10 min n\u0259f\u0259r\u0259 q\u0259d\u0259r azal\u0131b - MEYDAN.TV","robots":{"index":"index","follow":"follow","max-snippet":"max-snippet:-1","max-image-preview":"max-image-preview:large","max-video-preview":"max-video-preview:-1"},"canonical":"https:\/\/www.meydan.tv\/az\/article\/muzdlu-iscil%c9%99rin-sayi-10-min-n%c9%99f%c9%99r%c9%99-q%c9%99d%c9%99r-azalib\/","og_locale":"az_AZ","og_type":"article","og_title":"Muzdlu i\u015f\u00e7il\u0259rin say\u0131 10 min n\u0259f\u0259r\u0259 q\u0259d\u0259r azal\u0131b - MEYDAN.TV","og_description":"\u00d6t\u0259n il D\u00f6vl\u0259t M\u0259\u015f\u011fulluq Agentliyind\u0259 i\u015fsiz kimi qeydiyyata d\u00fc\u015f\u0259nl\u0259rin c\u0259mi ... Davam\u0131","og_url":"https:\/\/www.meydan.tv\/az\/article\/muzdlu-iscil%c9%99rin-sayi-10-min-n%c9%99f%c9%99r%c9%99-q%c9%99d%c9%99r-azalib\/","og_site_name":"MEYDAN.TV","article_published_time":"2025-09-03T14:08:58+00:00","article_modified_time":"2025-09-03T14:09:01+00:00","og_image":[{"width":1500,"height":1000,"url":"https:\/\/www.meydan.tv\/wp-content\/uploads\/35652.jpg","type":"image\/jpeg"}],"author":"aleks","twitter_card":"summary_large_image","schema":{"@context":"https:\/\/schema.org","@graph":[{"@type":"Article","@id":"https:\/\/www.meydan.tv\/az\/article\/muzdlu-iscil%c9%99rin-sayi-10-min-n%c9%99f%c9%99r%c9%99-q%c9%99d%c9%99r-azalib\/#article","isPartOf":{"@id":"https:\/\/www.meydan.tv\/az\/article\/muzdlu-iscil%c9%99rin-sayi-10-min-n%c9%99f%c9%99r%c9%99-q%c9%99d%c9%99r-azalib\/"},"author":{"name":"aleks","@id":"https:\/\/www.meydan.tv\/az\/#\/schema\/person\/476e9360e593fa131d5d71d51866f8da"},"headline":"Muzdlu i\u015f\u00e7il\u0259rin say\u0131 10 min n\u0259f\u0259r\u0259 q\u0259d\u0259r azal\u0131b","datePublished":"2025-09-03T14:08:58+00:00","dateModified":"2025-09-03T14:09:01+00:00","mainEntityOfPage":{"@id":"https:\/\/www.meydan.tv\/az\/article\/muzdlu-iscil%c9%99rin-sayi-10-min-n%c9%99f%c9%99r%c9%99-q%c9%99d%c9%99r-azalib\/"},"wordCount":407,"publisher":{"@id":"https:\/\/www.meydan.tv\/az\/#organization"},"image":{"@id":"https:\/\/www.meydan.tv\/az\/article\/muzdlu-iscil%c9%99rin-sayi-10-min-n%c9%99f%c9%99r%c9%99-q%c9%99d%c9%99r-azalib\/#primaryimage"},"thumbnailUrl":"https:\/\/www.meydan.tv\/wp-content\/uploads\/35652.jpg","articleSection":["Sosial","T\u00f6vsiy\u0259","X\u0259b\u0259rl\u0259r"],"inLanguage":"az"},{"@type":"WebPage","@id":"https:\/\/www.meydan.tv\/az\/article\/muzdlu-iscil%c9%99rin-sayi-10-min-n%c9%99f%c9%99r%c9%99-q%c9%99d%c9%99r-azalib\/","url":"https:\/\/www.meydan.tv\/az\/article\/muzdlu-iscil%c9%99rin-sayi-10-min-n%c9%99f%c9%99r%c9%99-q%c9%99d%c9%99r-azalib\/","name":"Muzdlu i\u015f\u00e7il\u0259rin say\u0131 10 min n\u0259f\u0259r\u0259 q\u0259d\u0259r azal\u0131b - MEYDAN.TV","isPartOf":{"@id":"https:\/\/www.meydan.tv\/az\/#website"},"primaryImageOfPage":{"@id":"https:\/\/www.meydan.tv\/az\/article\/muzdlu-iscil%c9%99rin-sayi-10-min-n%c9%99f%c9%99r%c9%99-q%c9%99d%c9%99r-azalib\/#primaryimage"},"image":{"@id":"https:\/\/www.meydan.tv\/az\/article\/muzdlu-iscil%c9%99rin-sayi-10-min-n%c9%99f%c9%99r%c9%99-q%c9%99d%c9%99r-azalib\/#primaryimage"},"thumbnailUrl":"https:\/\/www.meydan.tv\/wp-content\/uploads\/35652.jpg","datePublished":"2025-09-03T14:08:58+00:00","dateModified":"2025-09-03T14:09:01+00:00","breadcrumb":{"@id":"https:\/\/www.meydan.tv\/az\/article\/muzdlu-iscil%c9%99rin-sayi-10-min-n%c9%99f%c9%99r%c9%99-q%c9%99d%c9%99r-azalib\/#breadcrumb"},"inLanguage":"az","potentialAction":[{"@type":"ReadAction","target":["https:\/\/www.meydan.tv\/az\/article\/muzdlu-iscil%c9%99rin-sayi-10-min-n%c9%99f%c9%99r%c9%99-q%c9%99d%c9%99r-azalib\/"]}]},{"@type":"ImageObject","inLanguage":"az","@id":"https:\/\/www.meydan.tv\/az\/article\/muzdlu-iscil%c9%99rin-sayi-10-min-n%c9%99f%c9%99r%c9%99-q%c9%99d%c9%99r-azalib\/#primaryimage","url":"https:\/\/www.meydan.tv\/wp-content\/uploads\/35652.jpg","contentUrl":"https:\/\/www.meydan.tv\/wp-content\/uploads\/35652.jpg","width":1500,"height":1000,"caption":"\u0130\u015f\u00e7il\u0259r, foto: Meydan TV"},{"@type":"BreadcrumbList","@id":"https:\/\/www.meydan.tv\/az\/article\/muzdlu-iscil%c9%99rin-sayi-10-min-n%c9%99f%c9%99r%c9%99-q%c9%99d%c9%99r-azalib\/#breadcrumb","itemListElement":[{"@type":"ListItem","position":1,"name":"Ana s\u0259hif\u0259","item":"https:\/\/www.meydan.tv\/az\/"},{"@type":"ListItem","position":2,"name":"X\u0259b\u0259rl\u0259r","item":"https:\/\/www.meydan.tv\/az\/section\/xeberler\/"},{"@type":"ListItem","position":3,"name":"Muzdlu i\u015f\u00e7il\u0259rin say\u0131 10 min n\u0259f\u0259r\u0259 q\u0259d\u0259r azal\u0131b"}]},{"@type":"WebSite","@id":"https:\/\/www.meydan.tv\/az\/#website","url":"https:\/\/www.meydan.tv\/az\/","name":"MEYDAN.TV","description":"Meydan TV Az\u0259rbaycan\u0131n media m\u0259kan\u0131ndak\u0131 alternativ s\u0259sidir","publisher":{"@id":"https:\/\/www.meydan.tv\/az\/#organization"},"potentialAction":[{"@type":"SearchAction","target":{"@type":"EntryPoint","urlTemplate":"https:\/\/www.meydan.tv\/az\/?s={search_term_string}"},"query-input":{"@type":"PropertyValueSpecification","valueRequired":true,"valueName":"search_term_string"}}],"inLanguage":"az"},{"@type":"Organization","@id":"https:\/\/www.meydan.tv\/az\/#organization","name":"Meydan TV","url":"https:\/\/www.meydan.tv\/az\/","logo":{"@type":"ImageObject","inLanguage":"az","@id":"https:\/\/www.meydan.tv\/az\/#\/schema\/logo\/image\/","url":"https:\/\/www.meydan.tv\/wp-content\/uploads\/2021\/07\/meydan-logo.svg","contentUrl":"https:\/\/www.meydan.tv\/wp-content\/uploads\/2021\/07\/meydan-logo.svg","width":195,"height":46,"caption":"Meydan TV"},"image":{"@id":"https:\/\/www.meydan.tv\/az\/#\/schema\/logo\/image\/"}},{"@type":"Person","@id":"https:\/\/www.meydan.tv\/az\/#\/schema\/person\/476e9360e593fa131d5d71d51866f8da","name":"aleks"}]}},"_links":{"self":[{"href":"https:\/\/www.meydan.tv\/az\/wp-json\/wp\/v2\/posts\/334753","targetHints":{"allow":["GET"]}}],"collection":[{"href":"https:\/\/www.meydan.tv\/az\/wp-json\/wp\/v2\/posts"}],"about":[{"href":"https:\/\/www.meydan.tv\/az\/wp-json\/wp\/v2\/types\/post"}],"author":[{"embeddable":true,"href":"https:\/\/www.meydan.tv\/az\/wp-json\/wp\/v2\/users\/12"}],"replies":[{"embeddable":true,"href":"https:\/\/www.meydan.tv\/az\/wp-json\/wp\/v2\/comments?post=334753"}],"version-history":[{"count":3,"href":"https:\/\/www.meydan.tv\/az\/wp-json\/wp\/v2\/posts\/334753\/revisions"}],"predecessor-version":[{"id":334762,"href":"https:\/\/www.meydan.tv\/az\/wp-json\/wp\/v2\/posts\/334753\/revisions\/334762"}],"wp:featuredmedia":[{"embeddable":true,"href":"https:\/\/www.meydan.tv\/az\/wp-json\/wp\/v2\/media\/90443"}],"wp:attachment":[{"href":"https:\/\/www.meydan.tv\/az\/wp-json\/wp\/v2\/media?parent=334753"}],"wp:term":[{"taxonomy":"category","embeddable":true,"href":"https:\/\/www.meydan.tv\/az\/wp-json\/wp\/v2\/categories?post=334753"},{"taxonomy":"post_tag","embeddable":true,"href":"https:\/\/www.meydan.tv\/az\/wp-json\/wp\/v2\/tags?post=334753"}],"curies":[{"name":"wp","href":"https:\/\/api.w.org\/{rel}","templated":true}]}}