{"id":334652,"date":"2025-09-02T15:29:50","date_gmt":"2025-09-02T11:29:50","guid":{"rendered":"https:\/\/www.meydan.tv\/?p=334652"},"modified":"2025-09-02T15:29:53","modified_gmt":"2025-09-02T11:29:53","slug":"partiya-s%c9%99dri-20-ildir-pasport-ala-bilmir","status":"publish","type":"post","link":"https:\/\/www.meydan.tv\/az\/article\/partiya-s%c9%99dri-20-ildir-pasport-ala-bilmir\/","title":{"rendered":"Partiya s\u0259dri 20 ildir pasport ala bilmir"},"content":{"rendered":"\n<p>Az\u0259rbaycan Xalq C\u0259bh\u0259si Partiyas\u0131n\u0131n (AXCP) s\u0259dri \u018fli K\u0259rimli Var\u015fava T\u0259hl\u00fck\u0259sizlik Forumuna (Warsaw Security Forum) d\u0259v\u0259t al\u0131b.<\/p>\n\n\n\n<p>Bu bar\u0259d\u0259 K\u0259rimli \u00f6z\u00fc <a href=\"https:\/\/www.facebook.com\/photo\/?fbid=1317283803095173&amp;set=a.473092537514308\">m\u0259lumat verib.<\/a><\/p>\n\n\n\n<p>O bildirir ki, Az\u0259rbaycan h\u00f6kum\u0259ti uzun ill\u0259rdir ona \u00f6lk\u0259d\u0259n \u00e7\u0131x\u0131\u015f qada\u011fas\u0131 t\u0259tbiq edir. K\u0259rimli forumda i\u015ftirak etm\u0259k \u00fc\u00e7\u00fcn Ba\u015f Prokurorlu\u011fa m\u00fcraci\u0259t ed\u0259c\u0259yini qeyd edib.<\/p>\n\n\n\n<p><em>\u201c20 il\u0259 yax\u0131nd\u0131r hakimiyy\u0259t m\u0259n\u0259 pasport vermir v\u0259 xarici \u00f6lk\u0259 s\u0259f\u0259rl\u0259rim\u0259 qada\u011fa qoyulub. 29-30 sentyabr tarixind\u0259 ba\u015f tutacaq Forumda i\u015ftirak etm\u0259k \u00fc\u00e7\u00fcn Ba\u015f Prokurorlu\u011fa bir daha m\u00fcraci\u0259t edib, pasport almaq \u00fc\u00e7\u00fcn yenid\u0259n t\u0259\u015f\u0259bb\u00fcs g\u00f6st\u0259r\u0259c\u0259y\u0259m\u201d, &#8211; \u018fli K\u0259rimli deyib.<\/em><\/p>\n\n\n\n<p>Var\u015fava T\u0259hl\u00fck\u0259sizlik Forumu Avropa v\u0259 Transatlantik regionda t\u0259hl\u00fck\u0259sizlik v\u0259 m\u00fcdafi\u0259 sah\u0259sind\u0259 dialoqu t\u0259\u015fviq ed\u0259n beyn\u0259lxalq platformad\u0131r.<\/p>\n\n\n\n<p>Forum ilk d\u0259f\u0259 2014-c\u00fc ild\u0259 Pol\u015fada, Kazimir Pulaski Fondu t\u0259r\u0259find\u0259n t\u0259sis edilib v\u0259 h\u0259r il Var\u015favada ke\u00e7irilir.<\/p>\n\n\n\n<p>\u018fsas m\u0259qs\u0259di M\u0259rk\u0259zi v\u0259 \u015e\u0259rqi Avropa \u00f6lk\u0259l\u0259rinin t\u0259hl\u00fck\u0259sizlik \u00e7a\u011f\u0131r\u0131\u015flar\u0131n\u0131 m\u00fczakir\u0259 etm\u0259k, NATO il\u0259 \u0259m\u0259kda\u015fl\u0131\u011f\u0131 g\u00fccl\u0259ndirm\u0259k v\u0259 qlobal t\u0259hdidl\u0259r\u0259 qar\u015f\u0131 kollektiv strategiyalar formala\u015fd\u0131rmaqd\u0131r.<\/p>\n\n\n\n<p>Forumda h\u0259r il 90-dan \u00e7ox \u00f6lk\u0259d\u0259n 2000-d\u0259n art\u0131q i\u015ftirak\u00e7\u0131, o c\u00fcml\u0259d\u0259n d\u00f6vl\u0259t r\u0259smil\u0259ri, diplomatlar, ekspertl\u0259r v\u0259 qeyri-h\u00f6kum\u0259t t\u0259\u015fkilatlar\u0131n\u0131n n\u00fcmay\u0259nd\u0259l\u0259ri i\u015ftirak edir.<\/p>\n\n\n\n<p>Forumun simvolik t\u0259dbirl\u0259rind\u0259n biri \u201cKnight of Freedom\u201d m\u00fckafat\u0131d\u0131r. Bu m\u00fckafat azadl\u0131q, demokratiya v\u0259 \u0259dal\u0259t d\u0259y\u0259rl\u0259rin\u0259 t\u00f6hf\u0259 ver\u0259n f\u0259rdl\u0259r\u0259 v\u0259 ya t\u0259\u015fkilatlara t\u0259qdim olunur.<\/p>\n\n\n\n<p>NATO, Olena Zelenska v\u0259 Aleksey Navaln\u0131 bu m\u00fckafata layiq g\u00f6r\u00fcl\u0259nl\u0259r s\u0131ras\u0131ndad\u0131r.<\/p>\n\n\n\n<p>2006-c\u0131 ild\u0259n b\u0259ri \u018fli K\u0259rimliy\u0259 xarici pasport verilmir, \u00f6lk\u0259d\u0259n \u00e7\u0131x\u0131\u015f\u0131na faktiki qada\u011fa qoyulub. Bar\u0259sind\u0259 1994-c\u00fc ild\u0259 cinay\u0259t i\u015fi a\u00e7\u0131ld\u0131\u011f\u0131n\u0131, h\u0259bs edildiyini s\u0259b\u0259b g\u00f6st\u0259r\u0259r\u0259k, ona xarici pasport verilm\u0259yib. O zaman h\u00fcquq-m\u00fchafiz\u0259 qurumlar\u0131 \u018fli K\u0259rimlinin cibind\u0259n partlay\u0131c\u0131 madd\u0259 tap\u0131ld\u0131\u011f\u0131n\u0131 a\u00e7\u0131qlam\u0131\u015fd\u0131lar. Ancaq o, h\u0259bsd\u0259 el\u0259 d\u0259 uzun m\u00fcdd\u0259t qalmam\u0131\u015fd\u0131. \u018fli K\u0259rimli ittihamlar\u0131 \u201cqurama\u201d <a href=\"https:\/\/www.azadliq.org\/a\/28095456.html\">adland\u0131rm\u0131\u015fd\u0131.&nbsp;<\/a><\/p>\n\n\n\n<p>Bildirmi\u015fdi ki, h\u00fcququnu b\u0259rpa etm\u0259k \u00fc\u00e7\u00fcn b\u00fct\u00fcn m\u0259hk\u0259m\u0259 instansiyalar\u0131n\u0131 ke\u00e7s\u0259 d\u0259, bu problem h\u0259l\u0259 d\u0259 \u00f6z h\u0259llini tapmay\u0131b. Onun s\u00f6zl\u0259rin\u0259 g\u00f6r\u0259 bu problem h\u0259m partiyan\u0131n, h\u0259m d\u0259 \u00f6z\u00fcn\u00fcn beyn\u0259lxalq m\u00fcnasib\u0259tl\u0259rin\u0259 z\u0259rb\u0259 vurub.<\/p>\n\n\n\n<p>2015-ci ild\u0259 is\u0259 Avropa \u0130nsan H\u00fcquqlar\u0131 M\u0259hk\u0259m\u0259si AXCP s\u0259drinin \u00f6lk\u0259d\u0259n \u00e7\u0131x\u0131\u015f\u0131na qada\u011fa qoyulmas\u0131n\u0131 pozuntu kimi tan\u0131y\u0131b.<\/p>\n","protected":false},"excerpt":{"rendered":"<p>Az\u0259rbaycan Xalq C\u0259bh\u0259si Partiyas\u0131n\u0131n (AXCP) s\u0259dri \u018fli K\u0259rimli Var\u015fava T\u0259hl\u00fck\u0259sizlik &#8230; <\/p>\n<p class=\"read-more-container\"><a title=\"Partiya s\u0259dri 20 ildir pasport ala bilmir\" class=\"read-more button\" href=\"https:\/\/www.meydan.tv\/az\/article\/partiya-s%c9%99dri-20-ildir-pasport-ala-bilmir\/#more-334652\" aria-label=\"Read more about Partiya s\u0259dri 20 ildir pasport ala bilmir\">Davam\u0131<\/a><\/p>\n","protected":false},"author":12,"featured_media":104259,"comment_status":"closed","ping_status":"closed","sticky":false,"template":"","format":"standard","meta":{"_acf_changed":false,"_sitemap_exclude":false,"_sitemap_priority":"","_sitemap_frequency":"","footnotes":""},"categories":[59,79,56],"tags":[],"class_list":["post-334652","post","type-post","status-publish","format-standard","has-post-thumbnail","hentry","category-siyaset","category-featured","category-xeberler","infinite-scroll-item","generate-columns","tablet-grid-50","mobile-grid-100","grid-parent","grid-33","no-featured-image-padding"],"acf":[],"yoast_head":"<!-- This site is optimized with the Yoast SEO plugin v27.4 - https:\/\/yoast.com\/product\/yoast-seo-wordpress\/ -->\n<title>Partiya s\u0259dri 20 ildir pasport ala bilmir - MEYDAN.TV<\/title>\n<meta name=\"robots\" content=\"index, follow, max-snippet:-1, max-image-preview:large, max-video-preview:-1\" \/>\n<link rel=\"canonical\" href=\"https:\/\/www.meydan.tv\/az\/article\/partiya-s%c9%99dri-20-ildir-pasport-ala-bilmir\/\" \/>\n<meta property=\"og:locale\" content=\"az_AZ\" \/>\n<meta property=\"og:type\" content=\"article\" \/>\n<meta property=\"og:title\" content=\"Partiya s\u0259dri 20 ildir pasport ala bilmir - MEYDAN.TV\" \/>\n<meta property=\"og:description\" content=\"Az\u0259rbaycan Xalq C\u0259bh\u0259si Partiyas\u0131n\u0131n (AXCP) s\u0259dri \u018fli K\u0259rimli Var\u015fava T\u0259hl\u00fck\u0259sizlik ... Davam\u0131\" \/>\n<meta property=\"og:url\" content=\"https:\/\/www.meydan.tv\/az\/article\/partiya-s%c9%99dri-20-ildir-pasport-ala-bilmir\/\" \/>\n<meta property=\"og:site_name\" content=\"MEYDAN.TV\" \/>\n<meta property=\"article:published_time\" content=\"2025-09-02T11:29:50+00:00\" \/>\n<meta property=\"article:modified_time\" content=\"2025-09-02T11:29:53+00:00\" \/>\n<meta property=\"og:image\" content=\"https:\/\/www.meydan.tv\/wp-content\/uploads\/41377.jpg\" \/>\n\t<meta property=\"og:image:width\" content=\"1023\" \/>\n\t<meta property=\"og:image:height\" content=\"575\" \/>\n\t<meta property=\"og:image:type\" content=\"image\/jpeg\" \/>\n<meta name=\"author\" content=\"aleks\" \/>\n<meta name=\"twitter:card\" content=\"summary_large_image\" \/>\n<script type=\"application\/ld+json\" class=\"yoast-schema-graph\">{\"@context\":\"https:\\\/\\\/schema.org\",\"@graph\":[{\"@type\":\"Article\",\"@id\":\"https:\\\/\\\/www.meydan.tv\\\/az\\\/article\\\/partiya-s%c9%99dri-20-ildir-pasport-ala-bilmir\\\/#article\",\"isPartOf\":{\"@id\":\"https:\\\/\\\/www.meydan.tv\\\/az\\\/article\\\/partiya-s%c9%99dri-20-ildir-pasport-ala-bilmir\\\/\"},\"author\":{\"name\":\"aleks\",\"@id\":\"https:\\\/\\\/www.meydan.tv\\\/az\\\/#\\\/schema\\\/person\\\/476e9360e593fa131d5d71d51866f8da\"},\"headline\":\"Partiya s\u0259dri 20 ildir pasport ala bilmir\",\"datePublished\":\"2025-09-02T11:29:50+00:00\",\"dateModified\":\"2025-09-02T11:29:53+00:00\",\"mainEntityOfPage\":{\"@id\":\"https:\\\/\\\/www.meydan.tv\\\/az\\\/article\\\/partiya-s%c9%99dri-20-ildir-pasport-ala-bilmir\\\/\"},\"wordCount\":526,\"publisher\":{\"@id\":\"https:\\\/\\\/www.meydan.tv\\\/az\\\/#organization\"},\"image\":{\"@id\":\"https:\\\/\\\/www.meydan.tv\\\/az\\\/article\\\/partiya-s%c9%99dri-20-ildir-pasport-ala-bilmir\\\/#primaryimage\"},\"thumbnailUrl\":\"https:\\\/\\\/www.meydan.tv\\\/wp-content\\\/uploads\\\/41377.jpg\",\"articleSection\":[\"Siyas\u0259t\",\"T\u00f6vsiy\u0259\",\"X\u0259b\u0259rl\u0259r\"],\"inLanguage\":\"az\"},{\"@type\":\"WebPage\",\"@id\":\"https:\\\/\\\/www.meydan.tv\\\/az\\\/article\\\/partiya-s%c9%99dri-20-ildir-pasport-ala-bilmir\\\/\",\"url\":\"https:\\\/\\\/www.meydan.tv\\\/az\\\/article\\\/partiya-s%c9%99dri-20-ildir-pasport-ala-bilmir\\\/\",\"name\":\"Partiya s\u0259dri 20 ildir pasport ala bilmir - MEYDAN.TV\",\"isPartOf\":{\"@id\":\"https:\\\/\\\/www.meydan.tv\\\/az\\\/#website\"},\"primaryImageOfPage\":{\"@id\":\"https:\\\/\\\/www.meydan.tv\\\/az\\\/article\\\/partiya-s%c9%99dri-20-ildir-pasport-ala-bilmir\\\/#primaryimage\"},\"image\":{\"@id\":\"https:\\\/\\\/www.meydan.tv\\\/az\\\/article\\\/partiya-s%c9%99dri-20-ildir-pasport-ala-bilmir\\\/#primaryimage\"},\"thumbnailUrl\":\"https:\\\/\\\/www.meydan.tv\\\/wp-content\\\/uploads\\\/41377.jpg\",\"datePublished\":\"2025-09-02T11:29:50+00:00\",\"dateModified\":\"2025-09-02T11:29:53+00:00\",\"breadcrumb\":{\"@id\":\"https:\\\/\\\/www.meydan.tv\\\/az\\\/article\\\/partiya-s%c9%99dri-20-ildir-pasport-ala-bilmir\\\/#breadcrumb\"},\"inLanguage\":\"az\",\"potentialAction\":[{\"@type\":\"ReadAction\",\"target\":[\"https:\\\/\\\/www.meydan.tv\\\/az\\\/article\\\/partiya-s%c9%99dri-20-ildir-pasport-ala-bilmir\\\/\"]}]},{\"@type\":\"ImageObject\",\"inLanguage\":\"az\",\"@id\":\"https:\\\/\\\/www.meydan.tv\\\/az\\\/article\\\/partiya-s%c9%99dri-20-ildir-pasport-ala-bilmir\\\/#primaryimage\",\"url\":\"https:\\\/\\\/www.meydan.tv\\\/wp-content\\\/uploads\\\/41377.jpg\",\"contentUrl\":\"https:\\\/\\\/www.meydan.tv\\\/wp-content\\\/uploads\\\/41377.jpg\",\"width\":1023,\"height\":575,\"caption\":\"\u018fli K\u0259rimli, foto: Meydan Tv\"},{\"@type\":\"BreadcrumbList\",\"@id\":\"https:\\\/\\\/www.meydan.tv\\\/az\\\/article\\\/partiya-s%c9%99dri-20-ildir-pasport-ala-bilmir\\\/#breadcrumb\",\"itemListElement\":[{\"@type\":\"ListItem\",\"position\":1,\"name\":\"Ana s\u0259hif\u0259\",\"item\":\"https:\\\/\\\/www.meydan.tv\\\/az\\\/\"},{\"@type\":\"ListItem\",\"position\":2,\"name\":\"X\u0259b\u0259rl\u0259r\",\"item\":\"https:\\\/\\\/www.meydan.tv\\\/az\\\/section\\\/xeberler\\\/\"},{\"@type\":\"ListItem\",\"position\":3,\"name\":\"Partiya s\u0259dri 20 ildir pasport ala bilmir\"}]},{\"@type\":\"WebSite\",\"@id\":\"https:\\\/\\\/www.meydan.tv\\\/az\\\/#website\",\"url\":\"https:\\\/\\\/www.meydan.tv\\\/az\\\/\",\"name\":\"MEYDAN.TV\",\"description\":\"Meydan TV Az\u0259rbaycan\u0131n media m\u0259kan\u0131ndak\u0131 alternativ s\u0259sidir\",\"publisher\":{\"@id\":\"https:\\\/\\\/www.meydan.tv\\\/az\\\/#organization\"},\"potentialAction\":[{\"@type\":\"SearchAction\",\"target\":{\"@type\":\"EntryPoint\",\"urlTemplate\":\"https:\\\/\\\/www.meydan.tv\\\/az\\\/?s={search_term_string}\"},\"query-input\":{\"@type\":\"PropertyValueSpecification\",\"valueRequired\":true,\"valueName\":\"search_term_string\"}}],\"inLanguage\":\"az\"},{\"@type\":\"Organization\",\"@id\":\"https:\\\/\\\/www.meydan.tv\\\/az\\\/#organization\",\"name\":\"Meydan TV\",\"url\":\"https:\\\/\\\/www.meydan.tv\\\/az\\\/\",\"logo\":{\"@type\":\"ImageObject\",\"inLanguage\":\"az\",\"@id\":\"https:\\\/\\\/www.meydan.tv\\\/az\\\/#\\\/schema\\\/logo\\\/image\\\/\",\"url\":\"https:\\\/\\\/www.meydan.tv\\\/wp-content\\\/uploads\\\/2021\\\/07\\\/meydan-logo.svg\",\"contentUrl\":\"https:\\\/\\\/www.meydan.tv\\\/wp-content\\\/uploads\\\/2021\\\/07\\\/meydan-logo.svg\",\"width\":195,\"height\":46,\"caption\":\"Meydan TV\"},\"image\":{\"@id\":\"https:\\\/\\\/www.meydan.tv\\\/az\\\/#\\\/schema\\\/logo\\\/image\\\/\"}},{\"@type\":\"Person\",\"@id\":\"https:\\\/\\\/www.meydan.tv\\\/az\\\/#\\\/schema\\\/person\\\/476e9360e593fa131d5d71d51866f8da\",\"name\":\"aleks\"}]}<\/script>\n<!-- \/ Yoast SEO plugin. -->","yoast_head_json":{"title":"Partiya s\u0259dri 20 ildir pasport ala bilmir - MEYDAN.TV","robots":{"index":"index","follow":"follow","max-snippet":"max-snippet:-1","max-image-preview":"max-image-preview:large","max-video-preview":"max-video-preview:-1"},"canonical":"https:\/\/www.meydan.tv\/az\/article\/partiya-s%c9%99dri-20-ildir-pasport-ala-bilmir\/","og_locale":"az_AZ","og_type":"article","og_title":"Partiya s\u0259dri 20 ildir pasport ala bilmir - MEYDAN.TV","og_description":"Az\u0259rbaycan Xalq C\u0259bh\u0259si Partiyas\u0131n\u0131n (AXCP) s\u0259dri \u018fli K\u0259rimli Var\u015fava T\u0259hl\u00fck\u0259sizlik ... Davam\u0131","og_url":"https:\/\/www.meydan.tv\/az\/article\/partiya-s%c9%99dri-20-ildir-pasport-ala-bilmir\/","og_site_name":"MEYDAN.TV","article_published_time":"2025-09-02T11:29:50+00:00","article_modified_time":"2025-09-02T11:29:53+00:00","og_image":[{"width":1023,"height":575,"url":"https:\/\/www.meydan.tv\/wp-content\/uploads\/41377.jpg","type":"image\/jpeg"}],"author":"aleks","twitter_card":"summary_large_image","schema":{"@context":"https:\/\/schema.org","@graph":[{"@type":"Article","@id":"https:\/\/www.meydan.tv\/az\/article\/partiya-s%c9%99dri-20-ildir-pasport-ala-bilmir\/#article","isPartOf":{"@id":"https:\/\/www.meydan.tv\/az\/article\/partiya-s%c9%99dri-20-ildir-pasport-ala-bilmir\/"},"author":{"name":"aleks","@id":"https:\/\/www.meydan.tv\/az\/#\/schema\/person\/476e9360e593fa131d5d71d51866f8da"},"headline":"Partiya s\u0259dri 20 ildir pasport ala bilmir","datePublished":"2025-09-02T11:29:50+00:00","dateModified":"2025-09-02T11:29:53+00:00","mainEntityOfPage":{"@id":"https:\/\/www.meydan.tv\/az\/article\/partiya-s%c9%99dri-20-ildir-pasport-ala-bilmir\/"},"wordCount":526,"publisher":{"@id":"https:\/\/www.meydan.tv\/az\/#organization"},"image":{"@id":"https:\/\/www.meydan.tv\/az\/article\/partiya-s%c9%99dri-20-ildir-pasport-ala-bilmir\/#primaryimage"},"thumbnailUrl":"https:\/\/www.meydan.tv\/wp-content\/uploads\/41377.jpg","articleSection":["Siyas\u0259t","T\u00f6vsiy\u0259","X\u0259b\u0259rl\u0259r"],"inLanguage":"az"},{"@type":"WebPage","@id":"https:\/\/www.meydan.tv\/az\/article\/partiya-s%c9%99dri-20-ildir-pasport-ala-bilmir\/","url":"https:\/\/www.meydan.tv\/az\/article\/partiya-s%c9%99dri-20-ildir-pasport-ala-bilmir\/","name":"Partiya s\u0259dri 20 ildir pasport ala bilmir - MEYDAN.TV","isPartOf":{"@id":"https:\/\/www.meydan.tv\/az\/#website"},"primaryImageOfPage":{"@id":"https:\/\/www.meydan.tv\/az\/article\/partiya-s%c9%99dri-20-ildir-pasport-ala-bilmir\/#primaryimage"},"image":{"@id":"https:\/\/www.meydan.tv\/az\/article\/partiya-s%c9%99dri-20-ildir-pasport-ala-bilmir\/#primaryimage"},"thumbnailUrl":"https:\/\/www.meydan.tv\/wp-content\/uploads\/41377.jpg","datePublished":"2025-09-02T11:29:50+00:00","dateModified":"2025-09-02T11:29:53+00:00","breadcrumb":{"@id":"https:\/\/www.meydan.tv\/az\/article\/partiya-s%c9%99dri-20-ildir-pasport-ala-bilmir\/#breadcrumb"},"inLanguage":"az","potentialAction":[{"@type":"ReadAction","target":["https:\/\/www.meydan.tv\/az\/article\/partiya-s%c9%99dri-20-ildir-pasport-ala-bilmir\/"]}]},{"@type":"ImageObject","inLanguage":"az","@id":"https:\/\/www.meydan.tv\/az\/article\/partiya-s%c9%99dri-20-ildir-pasport-ala-bilmir\/#primaryimage","url":"https:\/\/www.meydan.tv\/wp-content\/uploads\/41377.jpg","contentUrl":"https:\/\/www.meydan.tv\/wp-content\/uploads\/41377.jpg","width":1023,"height":575,"caption":"\u018fli K\u0259rimli, foto: Meydan Tv"},{"@type":"BreadcrumbList","@id":"https:\/\/www.meydan.tv\/az\/article\/partiya-s%c9%99dri-20-ildir-pasport-ala-bilmir\/#breadcrumb","itemListElement":[{"@type":"ListItem","position":1,"name":"Ana s\u0259hif\u0259","item":"https:\/\/www.meydan.tv\/az\/"},{"@type":"ListItem","position":2,"name":"X\u0259b\u0259rl\u0259r","item":"https:\/\/www.meydan.tv\/az\/section\/xeberler\/"},{"@type":"ListItem","position":3,"name":"Partiya s\u0259dri 20 ildir pasport ala bilmir"}]},{"@type":"WebSite","@id":"https:\/\/www.meydan.tv\/az\/#website","url":"https:\/\/www.meydan.tv\/az\/","name":"MEYDAN.TV","description":"Meydan TV Az\u0259rbaycan\u0131n media m\u0259kan\u0131ndak\u0131 alternativ s\u0259sidir","publisher":{"@id":"https:\/\/www.meydan.tv\/az\/#organization"},"potentialAction":[{"@type":"SearchAction","target":{"@type":"EntryPoint","urlTemplate":"https:\/\/www.meydan.tv\/az\/?s={search_term_string}"},"query-input":{"@type":"PropertyValueSpecification","valueRequired":true,"valueName":"search_term_string"}}],"inLanguage":"az"},{"@type":"Organization","@id":"https:\/\/www.meydan.tv\/az\/#organization","name":"Meydan TV","url":"https:\/\/www.meydan.tv\/az\/","logo":{"@type":"ImageObject","inLanguage":"az","@id":"https:\/\/www.meydan.tv\/az\/#\/schema\/logo\/image\/","url":"https:\/\/www.meydan.tv\/wp-content\/uploads\/2021\/07\/meydan-logo.svg","contentUrl":"https:\/\/www.meydan.tv\/wp-content\/uploads\/2021\/07\/meydan-logo.svg","width":195,"height":46,"caption":"Meydan TV"},"image":{"@id":"https:\/\/www.meydan.tv\/az\/#\/schema\/logo\/image\/"}},{"@type":"Person","@id":"https:\/\/www.meydan.tv\/az\/#\/schema\/person\/476e9360e593fa131d5d71d51866f8da","name":"aleks"}]}},"_links":{"self":[{"href":"https:\/\/www.meydan.tv\/az\/wp-json\/wp\/v2\/posts\/334652","targetHints":{"allow":["GET"]}}],"collection":[{"href":"https:\/\/www.meydan.tv\/az\/wp-json\/wp\/v2\/posts"}],"about":[{"href":"https:\/\/www.meydan.tv\/az\/wp-json\/wp\/v2\/types\/post"}],"author":[{"embeddable":true,"href":"https:\/\/www.meydan.tv\/az\/wp-json\/wp\/v2\/users\/12"}],"replies":[{"embeddable":true,"href":"https:\/\/www.meydan.tv\/az\/wp-json\/wp\/v2\/comments?post=334652"}],"version-history":[{"count":1,"href":"https:\/\/www.meydan.tv\/az\/wp-json\/wp\/v2\/posts\/334652\/revisions"}],"predecessor-version":[{"id":334653,"href":"https:\/\/www.meydan.tv\/az\/wp-json\/wp\/v2\/posts\/334652\/revisions\/334653"}],"wp:featuredmedia":[{"embeddable":true,"href":"https:\/\/www.meydan.tv\/az\/wp-json\/wp\/v2\/media\/104259"}],"wp:attachment":[{"href":"https:\/\/www.meydan.tv\/az\/wp-json\/wp\/v2\/media?parent=334652"}],"wp:term":[{"taxonomy":"category","embeddable":true,"href":"https:\/\/www.meydan.tv\/az\/wp-json\/wp\/v2\/categories?post=334652"},{"taxonomy":"post_tag","embeddable":true,"href":"https:\/\/www.meydan.tv\/az\/wp-json\/wp\/v2\/tags?post=334652"}],"curies":[{"name":"wp","href":"https:\/\/api.w.org\/{rel}","templated":true}]}}