{"id":334620,"date":"2025-08-29T16:51:10","date_gmt":"2025-08-29T12:51:10","guid":{"rendered":"https:\/\/www.meydan.tv\/?p=334620"},"modified":"2025-08-29T16:51:14","modified_gmt":"2025-08-29T12:51:14","slug":"erm%c9%99nistan-abs-il%c9%99-imzalanan-memorandumu-d%c9%99rc-edib","status":"publish","type":"post","link":"https:\/\/www.meydan.tv\/az\/article\/erm%c9%99nistan-abs-il%c9%99-imzalanan-memorandumu-d%c9%99rc-edib\/","title":{"rendered":"Erm\u0259nistan AB\u015e il\u0259 imzalanan memorandumu d\u0259rc edib"},"content":{"rendered":"\n<p>2025-ci il avqustun 8-d\u0259 Erm\u0259nistanla Amerika Birl\u0259\u015fmi\u015f \u015etatlar\u0131 aras\u0131nda imzalanm\u0131\u015f \u00fc\u00e7 anla\u015fma memorandumu, 20 g\u00fcn sonra, avqustun 29-da d\u0259rc olunub.<\/p>\n\n\n\n<p>R\u0259smil\u0259\u015fdirilmi\u015f s\u0259n\u0259dl\u0259r infrastruktur, s\u00fcni intellekt v\u0259 enerji t\u0259hl\u00fck\u0259sizliyi sah\u0259l\u0259rind\u0259 \u0259m\u0259kda\u015fl\u0131\u011f\u0131n d\u0259rinl\u0259\u015fdirilm\u0259sini n\u0259z\u0259rd\u0259 tutur.<\/p>\n\n\n\n<p>\u0130lk memorandum Erm\u0259nistan\u0131n \u201cS\u00fclh k\u0259si\u015fm\u0259si\u201d layih\u0259sini d\u0259st\u0259kl\u0259m\u0259y\u0259 y\u00f6n\u0259lib. S\u0259n\u0259d t\u0259r\u0259fl\u0259r aras\u0131nda s\u0259rh\u0259d t\u0259hl\u00fck\u0259sizliyi v\u0259 infrastrukturun inki\u015faf\u0131 sah\u0259sind\u0259 \u0259m\u0259kda\u015fl\u0131q, AB\u015e-nin Daxili T\u0259hl\u00fck\u0259sizlik Departamenti il\u0259 Erm\u0259nistan\u0131n m\u00fcvafiq qurumlar\u0131 aras\u0131nda t\u0259cr\u00fcb\u0259 m\u00fcbadil\u0259si, kibert\u0259hl\u00fck\u0259sizlik imkanlar\u0131n\u0131n art\u0131r\u0131lmas\u0131 v\u0259 \u00f6z\u0259l sektor investisiyalar\u0131n\u0131n t\u0259\u015fviqi kimi istiqam\u0259tl\u0259ri \u0259hat\u0259 edir.<\/p>\n\n\n\n<p><em>\u201c\u0130ki d\u00f6vl\u0259t Erm\u0259nistan\u0131n suverenliyin\u0259, \u0259razi b\u00fct\u00f6vl\u00fcy\u00fcn\u0259 v\u0259 beyn\u0259lxalq s\u0259viyy\u0259d\u0259 tan\u0131nm\u0131\u015f s\u0259rh\u0259dl\u0259rinin toxunulmazl\u0131\u011f\u0131na d\u0259st\u0259yini bildirir. Layih\u0259y\u0259 s\u0259rmay\u0259 yat\u0131rma\u011fa, \u00f6lk\u0259nin infrastrukturunu v\u0259 s\u0259rh\u0259d t\u0259hl\u00fck\u0259sizliyini yax\u015f\u0131la\u015fd\u0131rma\u011fa qar\u015f\u0131l\u0131ql\u0131 maraq ifad\u0259 olunur. T\u0259r\u0259fl\u0259r Erm\u0259nistan\u0131n infrastruktur v\u0259 s\u0259rh\u0259d t\u0259hl\u00fck\u0259sizliyi sah\u0259sind\u0259ki potensial\u0131n\u0131 art\u0131rmaq, \u00f6lk\u0259ni regional v\u0259 qlobal ticar\u0259t \u00fc\u00e7\u00fcn s\u0259m\u0259r\u0259li tranzit m\u0259rk\u0259zin\u0259 \u00e7evirm\u0259y\u0259 y\u00f6n\u0259lik birg\u0259 niyy\u0259tl\u0259rini t\u0259sdiql\u0259yirl\u0259r. Memorandumun m\u0259qs\u0259di, i\u015ftirak\u00e7\u0131lar aras\u0131nda s\u0259rmay\u0259l\u0259r, resurslar, t\u0259liml\u0259r v\u0259 t\u0259r\u0259fda\u015fl\u0131q yolu il\u0259 Erm\u0259nistan\u0131n infrastruktur v\u0259 s\u0259rh\u0259d t\u0259hl\u00fck\u0259sizliyinin yax\u015f\u0131la\u015fd\u0131r\u0131lmas\u0131 \u00fc\u00e7\u00fcn \u0259m\u0259kda\u015fl\u0131q etm\u0259kdir\u201d,<\/em> &#8211; s\u0259n\u0259dd\u0259\u00a0 <a href=\"https:\/\/www.primeminister.am\/en\/press-release\/item\/2025\/08\/29\/Nikol-Pashinyan-memorandum-08-08-2025\/\" target=\"_blank\" rel=\"noreferrer noopener nofollow\">deyilir.<\/a><\/p>\n\n\n\n<p>\u0130kinci memorandum s\u00fcni intellekt v\u0259 yar\u0131mke\u00e7irici texnologiyalar \u00fczr\u0259 t\u0259r\u0259fda\u015fl\u0131qla \u0259laq\u0259dard\u0131r. S\u0259n\u0259dd\u0259 Erm\u0259nistan\u0131n yar\u0131mke\u00e7irici s\u0259nayesin\u0259 investisiyalar\u0131n t\u0259\u015fviqi, s\u00fcni intellektin kommersiyala\u015fd\u0131r\u0131lmas\u0131, ixrac n\u0259zar\u0259t mexanizml\u0259rinin g\u00fccl\u0259ndirilm\u0259si v\u0259 AB\u015e-Erm\u0259nistan aras\u0131nda birg\u0259 elmi fondun yarad\u0131lmas\u0131 imkanlar\u0131n\u0131n ara\u015fd\u0131r\u0131lmas\u0131 n\u0259z\u0259rd\u0259 tutur. T\u0259r\u0259fl\u0259r h\u0259m\u00e7inin s\u00fcni intellektin t\u0259hl\u00fck\u0259siz t\u0259tbiqi v\u0259 i\u015f\u00e7i q\u00fcvv\u0259sinin haz\u0131rlanmas\u0131 sah\u0259sind\u0259 \u0259m\u0259kda\u015fl\u0131q ed\u0259c\u0259kl\u0259r.<\/p>\n\n\n\n<p>\u00dc\u00e7\u00fcnc\u00fc memorandum enerji t\u0259hl\u00fck\u0259sizliyi v\u0259 dayan\u0131ql\u0131l\u0131\u011f\u0131n\u0131n art\u0131r\u0131lmas\u0131na y\u00f6n\u0259lib. T\u0259r\u0259fl\u0259r Erm\u0259nistan\u0131n enerji sisteminin m\u00fcasirl\u0259\u015fdirilm\u0259si, dinc n\u00fcv\u0259 enerjisi sah\u0259sind\u0259 \u0259m\u0259kda\u015fl\u0131q, b\u0259rpa olunan enerji \u00fc\u00e7\u00fcn saxlama texnologiyalar\u0131n\u0131n inki\u015faf\u0131, elektrik \u015f\u0259b\u0259k\u0259l\u0259rinin modernl\u0259\u015fdirilm\u0259si v\u0259 kibert\u0259hl\u00fck\u0259sizlik imkanlar\u0131n\u0131n g\u00fccl\u0259ndirilm\u0259si sah\u0259l\u0259rind\u0259 \u0259m\u0259kda\u015fl\u0131q ed\u0259c\u0259kl\u0259r.<\/p>\n\n\n\n<p>H\u0259r \u00fc\u00e7 s\u0259n\u0259d bir il m\u00fcdd\u0259tin\u0259 q\u00fcvv\u0259d\u0259 olacaq v\u0259 t\u0259r\u0259fl\u0259rin raz\u0131l\u0131\u011f\u0131 il\u0259 \u0259lav\u0259 \u00fc\u00e7 d\u00f6vr \u00fc\u00e7\u00fcn uzad\u0131la bil\u0259r. Memorandumlar h\u00fcquqi v\u0259 ya maliyy\u0259 \u00f6hd\u0259liyi yaratm\u0131r, t\u0259r\u0259fl\u0259r \u0259m\u0259kda\u015fl\u0131\u011f\u0131 \u00f6z resurslar\u0131 hesab\u0131na h\u0259yata ke\u00e7irm\u0259yi planla\u015fd\u0131r\u0131rlar. \u0130mzalanan s\u0259n\u0259dl\u0259r Erm\u0259nistan v\u0259 AB\u015e aras\u0131nda m\u00f6vcud strateji t\u0259r\u0259fda\u015fl\u0131\u011f\u0131 yeni s\u0259viyy\u0259y\u0259 y\u00fcks\u0259ltm\u0259yi h\u0259d\u0259fl\u0259yir.<\/p>\n\n\n\n<p>2025-ci il avqustun 8-d\u0259 A\u011f evd\u0259 AB\u015e prezidenti Donald Tramp, Az\u0259rbaycan prezidenti \u0130lham \u018fliyev v\u0259 Erm\u0259nistan ba\u015f naziri Nikol Pa\u015finyan \u201cBeyn\u0259lxalq S\u00fclh v\u0259 Rifah \u00fc\u00e7\u00fcn Tramp Mar\u015frutu\u201d (TRIPP) il\u0259 ba\u011fl\u0131 <a href=\"https:\/\/storage.googleapis.com\/qurium\/www.meydan.tv\/az-article-tramp-baki-il%c9%99-yerevanin-gorusunu-tarixi-gun-adlandirib.html\" target=\"_blank\" rel=\"noreferrer noopener\">raz\u0131l\u0131\u011fa g\u0259libl\u0259r.<\/a> T\u0259r\u0259fl\u0259r aras\u0131nda memorandumlar imzalan\u0131b.<\/p>\n\n\n\n<p>R\u0259smi Bak\u0131 Va\u015finqtonla imzalanan memorandumla ba\u011fl\u0131 ictimaiyy\u0259t\u0259 informasiya verm\u0259yib.&nbsp;<\/p>\n\n\n\n<p>Az\u0259rbaycan v\u0259 Erm\u0259nistan Qaraba\u011f u\u011frunda iki m\u00fcharib\u0259 apar\u0131b. Birinci Qaraba\u011f m\u00fcharib\u0259si 1988-1994-c\u00fc ill\u0259r\u0259 t\u0259sad\u00fcf edib. \u0130kinci Qaraba\u011f m\u00fcharib\u0259si is\u0259 2020-ci ild\u0259 ba\u015f verib v\u0259 Moskvan\u0131n vasit\u0259\u00e7iliyi il\u0259 imzalanm\u0131\u015f at\u0259\u015fk\u0259s raz\u0131la\u015fmas\u0131 il\u0259 ba\u015fa \u00e7at\u0131b. 2023-c\u00fc ild\u0259 sentyabr\u0131nda lokal h\u0259rbi \u0259m\u0259liyyatlardan sonra Qaraba\u011f tam olaraq Az\u0259rbaycan\u0131n n\u0259zar\u0259tin\u0259 ke\u00e7ib. 2025-ci ilin mart\u0131nda s\u00fclh sazi\u015fi layih\u0259si yekunla\u015fsa da, s\u0259n\u0259d h\u0259l\u0259 imzalanmay\u0131b.<\/p>\n","protected":false},"excerpt":{"rendered":"<p>2025-ci il avqustun 8-d\u0259 Erm\u0259nistanla Amerika Birl\u0259\u015fmi\u015f \u015etatlar\u0131 aras\u0131nda imzalanm\u0131\u015f &#8230; <\/p>\n<p class=\"read-more-container\"><a title=\"Erm\u0259nistan AB\u015e il\u0259 imzalanan memorandumu d\u0259rc edib\" class=\"read-more button\" href=\"https:\/\/www.meydan.tv\/az\/article\/erm%c9%99nistan-abs-il%c9%99-imzalanan-memorandumu-d%c9%99rc-edib\/#more-334620\" aria-label=\"Read more about Erm\u0259nistan AB\u015e il\u0259 imzalanan memorandumu d\u0259rc edib\">Davam\u0131<\/a><\/p>\n","protected":false},"author":16,"featured_media":334622,"comment_status":"closed","ping_status":"closed","sticky":false,"template":"","format":"standard","meta":{"_acf_changed":false,"_sitemap_exclude":false,"_sitemap_priority":"","_sitemap_frequency":"","footnotes":""},"categories":[64,59,79,56],"tags":[],"class_list":["post-334620","post","type-post","status-publish","format-standard","has-post-thumbnail","hentry","category-dunya","category-siyaset","category-featured","category-xeberler","infinite-scroll-item","generate-columns","tablet-grid-50","mobile-grid-100","grid-parent","grid-33","no-featured-image-padding"],"acf":[],"yoast_head":"<!-- This site is optimized with the Yoast SEO plugin v27.4 - https:\/\/yoast.com\/product\/yoast-seo-wordpress\/ -->\n<title>Erm\u0259nistan AB\u015e il\u0259 imzalanan memorandumu d\u0259rc edib - MEYDAN.TV<\/title>\n<meta name=\"robots\" content=\"index, follow, max-snippet:-1, max-image-preview:large, max-video-preview:-1\" \/>\n<link rel=\"canonical\" href=\"https:\/\/www.meydan.tv\/az\/article\/erm%c9%99nistan-abs-il%c9%99-imzalanan-memorandumu-d%c9%99rc-edib\/\" \/>\n<meta property=\"og:locale\" content=\"az_AZ\" \/>\n<meta property=\"og:type\" content=\"article\" \/>\n<meta property=\"og:title\" content=\"Erm\u0259nistan AB\u015e il\u0259 imzalanan memorandumu d\u0259rc edib - MEYDAN.TV\" \/>\n<meta property=\"og:description\" content=\"2025-ci il avqustun 8-d\u0259 Erm\u0259nistanla Amerika Birl\u0259\u015fmi\u015f \u015etatlar\u0131 aras\u0131nda imzalanm\u0131\u015f ... Davam\u0131\" \/>\n<meta property=\"og:url\" content=\"https:\/\/www.meydan.tv\/az\/article\/erm%c9%99nistan-abs-il%c9%99-imzalanan-memorandumu-d%c9%99rc-edib\/\" \/>\n<meta property=\"og:site_name\" content=\"MEYDAN.TV\" \/>\n<meta property=\"article:published_time\" content=\"2025-08-29T12:51:10+00:00\" \/>\n<meta property=\"article:modified_time\" content=\"2025-08-29T12:51:14+00:00\" \/>\n<meta property=\"og:image\" content=\"https:\/\/www.meydan.tv\/wp-content\/uploads\/shutterstock_2179914187.jpg\" \/>\n\t<meta property=\"og:image:width\" content=\"1000\" \/>\n\t<meta property=\"og:image:height\" content=\"455\" \/>\n\t<meta property=\"og:image:type\" content=\"image\/jpeg\" \/>\n<meta name=\"author\" content=\"sevda\" \/>\n<meta name=\"twitter:card\" content=\"summary_large_image\" \/>\n<script type=\"application\/ld+json\" class=\"yoast-schema-graph\">{\"@context\":\"https:\\\/\\\/schema.org\",\"@graph\":[{\"@type\":\"Article\",\"@id\":\"https:\\\/\\\/www.meydan.tv\\\/az\\\/article\\\/erm%c9%99nistan-abs-il%c9%99-imzalanan-memorandumu-d%c9%99rc-edib\\\/#article\",\"isPartOf\":{\"@id\":\"https:\\\/\\\/www.meydan.tv\\\/az\\\/article\\\/erm%c9%99nistan-abs-il%c9%99-imzalanan-memorandumu-d%c9%99rc-edib\\\/\"},\"author\":{\"name\":\"sevda\",\"@id\":\"https:\\\/\\\/www.meydan.tv\\\/az\\\/#\\\/schema\\\/person\\\/49b5f2bad5b126bb8ea9320eeb3e4dc9\"},\"headline\":\"Erm\u0259nistan AB\u015e il\u0259 imzalanan memorandumu d\u0259rc edib\",\"datePublished\":\"2025-08-29T12:51:10+00:00\",\"dateModified\":\"2025-08-29T12:51:14+00:00\",\"mainEntityOfPage\":{\"@id\":\"https:\\\/\\\/www.meydan.tv\\\/az\\\/article\\\/erm%c9%99nistan-abs-il%c9%99-imzalanan-memorandumu-d%c9%99rc-edib\\\/\"},\"wordCount\":771,\"publisher\":{\"@id\":\"https:\\\/\\\/www.meydan.tv\\\/az\\\/#organization\"},\"image\":{\"@id\":\"https:\\\/\\\/www.meydan.tv\\\/az\\\/article\\\/erm%c9%99nistan-abs-il%c9%99-imzalanan-memorandumu-d%c9%99rc-edib\\\/#primaryimage\"},\"thumbnailUrl\":\"https:\\\/\\\/www.meydan.tv\\\/wp-content\\\/uploads\\\/shutterstock_2179914187.jpg\",\"articleSection\":[\"D\u00fcnya\",\"Siyas\u0259t\",\"T\u00f6vsiy\u0259\",\"X\u0259b\u0259rl\u0259r\"],\"inLanguage\":\"az\"},{\"@type\":\"WebPage\",\"@id\":\"https:\\\/\\\/www.meydan.tv\\\/az\\\/article\\\/erm%c9%99nistan-abs-il%c9%99-imzalanan-memorandumu-d%c9%99rc-edib\\\/\",\"url\":\"https:\\\/\\\/www.meydan.tv\\\/az\\\/article\\\/erm%c9%99nistan-abs-il%c9%99-imzalanan-memorandumu-d%c9%99rc-edib\\\/\",\"name\":\"Erm\u0259nistan AB\u015e il\u0259 imzalanan memorandumu d\u0259rc edib - MEYDAN.TV\",\"isPartOf\":{\"@id\":\"https:\\\/\\\/www.meydan.tv\\\/az\\\/#website\"},\"primaryImageOfPage\":{\"@id\":\"https:\\\/\\\/www.meydan.tv\\\/az\\\/article\\\/erm%c9%99nistan-abs-il%c9%99-imzalanan-memorandumu-d%c9%99rc-edib\\\/#primaryimage\"},\"image\":{\"@id\":\"https:\\\/\\\/www.meydan.tv\\\/az\\\/article\\\/erm%c9%99nistan-abs-il%c9%99-imzalanan-memorandumu-d%c9%99rc-edib\\\/#primaryimage\"},\"thumbnailUrl\":\"https:\\\/\\\/www.meydan.tv\\\/wp-content\\\/uploads\\\/shutterstock_2179914187.jpg\",\"datePublished\":\"2025-08-29T12:51:10+00:00\",\"dateModified\":\"2025-08-29T12:51:14+00:00\",\"breadcrumb\":{\"@id\":\"https:\\\/\\\/www.meydan.tv\\\/az\\\/article\\\/erm%c9%99nistan-abs-il%c9%99-imzalanan-memorandumu-d%c9%99rc-edib\\\/#breadcrumb\"},\"inLanguage\":\"az\",\"potentialAction\":[{\"@type\":\"ReadAction\",\"target\":[\"https:\\\/\\\/www.meydan.tv\\\/az\\\/article\\\/erm%c9%99nistan-abs-il%c9%99-imzalanan-memorandumu-d%c9%99rc-edib\\\/\"]}]},{\"@type\":\"ImageObject\",\"inLanguage\":\"az\",\"@id\":\"https:\\\/\\\/www.meydan.tv\\\/az\\\/article\\\/erm%c9%99nistan-abs-il%c9%99-imzalanan-memorandumu-d%c9%99rc-edib\\\/#primaryimage\",\"url\":\"https:\\\/\\\/www.meydan.tv\\\/wp-content\\\/uploads\\\/shutterstock_2179914187.jpg\",\"contentUrl\":\"https:\\\/\\\/www.meydan.tv\\\/wp-content\\\/uploads\\\/shutterstock_2179914187.jpg\",\"width\":1000,\"height\":455,\"caption\":\"Foto: Dana Creative Studio\\\\shutterstock\"},{\"@type\":\"BreadcrumbList\",\"@id\":\"https:\\\/\\\/www.meydan.tv\\\/az\\\/article\\\/erm%c9%99nistan-abs-il%c9%99-imzalanan-memorandumu-d%c9%99rc-edib\\\/#breadcrumb\",\"itemListElement\":[{\"@type\":\"ListItem\",\"position\":1,\"name\":\"Ana s\u0259hif\u0259\",\"item\":\"https:\\\/\\\/www.meydan.tv\\\/az\\\/\"},{\"@type\":\"ListItem\",\"position\":2,\"name\":\"X\u0259b\u0259rl\u0259r\",\"item\":\"https:\\\/\\\/www.meydan.tv\\\/az\\\/section\\\/xeberler\\\/\"},{\"@type\":\"ListItem\",\"position\":3,\"name\":\"Erm\u0259nistan AB\u015e il\u0259 imzalanan memorandumu d\u0259rc edib\"}]},{\"@type\":\"WebSite\",\"@id\":\"https:\\\/\\\/www.meydan.tv\\\/az\\\/#website\",\"url\":\"https:\\\/\\\/www.meydan.tv\\\/az\\\/\",\"name\":\"MEYDAN.TV\",\"description\":\"Meydan TV Az\u0259rbaycan\u0131n media m\u0259kan\u0131ndak\u0131 alternativ s\u0259sidir\",\"publisher\":{\"@id\":\"https:\\\/\\\/www.meydan.tv\\\/az\\\/#organization\"},\"potentialAction\":[{\"@type\":\"SearchAction\",\"target\":{\"@type\":\"EntryPoint\",\"urlTemplate\":\"https:\\\/\\\/www.meydan.tv\\\/az\\\/?s={search_term_string}\"},\"query-input\":{\"@type\":\"PropertyValueSpecification\",\"valueRequired\":true,\"valueName\":\"search_term_string\"}}],\"inLanguage\":\"az\"},{\"@type\":\"Organization\",\"@id\":\"https:\\\/\\\/www.meydan.tv\\\/az\\\/#organization\",\"name\":\"Meydan TV\",\"url\":\"https:\\\/\\\/www.meydan.tv\\\/az\\\/\",\"logo\":{\"@type\":\"ImageObject\",\"inLanguage\":\"az\",\"@id\":\"https:\\\/\\\/www.meydan.tv\\\/az\\\/#\\\/schema\\\/logo\\\/image\\\/\",\"url\":\"https:\\\/\\\/www.meydan.tv\\\/wp-content\\\/uploads\\\/2021\\\/07\\\/meydan-logo.svg\",\"contentUrl\":\"https:\\\/\\\/www.meydan.tv\\\/wp-content\\\/uploads\\\/2021\\\/07\\\/meydan-logo.svg\",\"width\":195,\"height\":46,\"caption\":\"Meydan TV\"},\"image\":{\"@id\":\"https:\\\/\\\/www.meydan.tv\\\/az\\\/#\\\/schema\\\/logo\\\/image\\\/\"}},{\"@type\":\"Person\",\"@id\":\"https:\\\/\\\/www.meydan.tv\\\/az\\\/#\\\/schema\\\/person\\\/49b5f2bad5b126bb8ea9320eeb3e4dc9\",\"name\":\"sevda\"}]}<\/script>\n<!-- \/ Yoast SEO plugin. -->","yoast_head_json":{"title":"Erm\u0259nistan AB\u015e il\u0259 imzalanan memorandumu d\u0259rc edib - MEYDAN.TV","robots":{"index":"index","follow":"follow","max-snippet":"max-snippet:-1","max-image-preview":"max-image-preview:large","max-video-preview":"max-video-preview:-1"},"canonical":"https:\/\/www.meydan.tv\/az\/article\/erm%c9%99nistan-abs-il%c9%99-imzalanan-memorandumu-d%c9%99rc-edib\/","og_locale":"az_AZ","og_type":"article","og_title":"Erm\u0259nistan AB\u015e il\u0259 imzalanan memorandumu d\u0259rc edib - MEYDAN.TV","og_description":"2025-ci il avqustun 8-d\u0259 Erm\u0259nistanla Amerika Birl\u0259\u015fmi\u015f \u015etatlar\u0131 aras\u0131nda imzalanm\u0131\u015f ... Davam\u0131","og_url":"https:\/\/www.meydan.tv\/az\/article\/erm%c9%99nistan-abs-il%c9%99-imzalanan-memorandumu-d%c9%99rc-edib\/","og_site_name":"MEYDAN.TV","article_published_time":"2025-08-29T12:51:10+00:00","article_modified_time":"2025-08-29T12:51:14+00:00","og_image":[{"width":1000,"height":455,"url":"https:\/\/www.meydan.tv\/wp-content\/uploads\/shutterstock_2179914187.jpg","type":"image\/jpeg"}],"author":"sevda","twitter_card":"summary_large_image","schema":{"@context":"https:\/\/schema.org","@graph":[{"@type":"Article","@id":"https:\/\/www.meydan.tv\/az\/article\/erm%c9%99nistan-abs-il%c9%99-imzalanan-memorandumu-d%c9%99rc-edib\/#article","isPartOf":{"@id":"https:\/\/www.meydan.tv\/az\/article\/erm%c9%99nistan-abs-il%c9%99-imzalanan-memorandumu-d%c9%99rc-edib\/"},"author":{"name":"sevda","@id":"https:\/\/www.meydan.tv\/az\/#\/schema\/person\/49b5f2bad5b126bb8ea9320eeb3e4dc9"},"headline":"Erm\u0259nistan AB\u015e il\u0259 imzalanan memorandumu d\u0259rc edib","datePublished":"2025-08-29T12:51:10+00:00","dateModified":"2025-08-29T12:51:14+00:00","mainEntityOfPage":{"@id":"https:\/\/www.meydan.tv\/az\/article\/erm%c9%99nistan-abs-il%c9%99-imzalanan-memorandumu-d%c9%99rc-edib\/"},"wordCount":771,"publisher":{"@id":"https:\/\/www.meydan.tv\/az\/#organization"},"image":{"@id":"https:\/\/www.meydan.tv\/az\/article\/erm%c9%99nistan-abs-il%c9%99-imzalanan-memorandumu-d%c9%99rc-edib\/#primaryimage"},"thumbnailUrl":"https:\/\/www.meydan.tv\/wp-content\/uploads\/shutterstock_2179914187.jpg","articleSection":["D\u00fcnya","Siyas\u0259t","T\u00f6vsiy\u0259","X\u0259b\u0259rl\u0259r"],"inLanguage":"az"},{"@type":"WebPage","@id":"https:\/\/www.meydan.tv\/az\/article\/erm%c9%99nistan-abs-il%c9%99-imzalanan-memorandumu-d%c9%99rc-edib\/","url":"https:\/\/www.meydan.tv\/az\/article\/erm%c9%99nistan-abs-il%c9%99-imzalanan-memorandumu-d%c9%99rc-edib\/","name":"Erm\u0259nistan AB\u015e il\u0259 imzalanan memorandumu d\u0259rc edib - MEYDAN.TV","isPartOf":{"@id":"https:\/\/www.meydan.tv\/az\/#website"},"primaryImageOfPage":{"@id":"https:\/\/www.meydan.tv\/az\/article\/erm%c9%99nistan-abs-il%c9%99-imzalanan-memorandumu-d%c9%99rc-edib\/#primaryimage"},"image":{"@id":"https:\/\/www.meydan.tv\/az\/article\/erm%c9%99nistan-abs-il%c9%99-imzalanan-memorandumu-d%c9%99rc-edib\/#primaryimage"},"thumbnailUrl":"https:\/\/www.meydan.tv\/wp-content\/uploads\/shutterstock_2179914187.jpg","datePublished":"2025-08-29T12:51:10+00:00","dateModified":"2025-08-29T12:51:14+00:00","breadcrumb":{"@id":"https:\/\/www.meydan.tv\/az\/article\/erm%c9%99nistan-abs-il%c9%99-imzalanan-memorandumu-d%c9%99rc-edib\/#breadcrumb"},"inLanguage":"az","potentialAction":[{"@type":"ReadAction","target":["https:\/\/www.meydan.tv\/az\/article\/erm%c9%99nistan-abs-il%c9%99-imzalanan-memorandumu-d%c9%99rc-edib\/"]}]},{"@type":"ImageObject","inLanguage":"az","@id":"https:\/\/www.meydan.tv\/az\/article\/erm%c9%99nistan-abs-il%c9%99-imzalanan-memorandumu-d%c9%99rc-edib\/#primaryimage","url":"https:\/\/www.meydan.tv\/wp-content\/uploads\/shutterstock_2179914187.jpg","contentUrl":"https:\/\/www.meydan.tv\/wp-content\/uploads\/shutterstock_2179914187.jpg","width":1000,"height":455,"caption":"Foto: Dana Creative Studio\\shutterstock"},{"@type":"BreadcrumbList","@id":"https:\/\/www.meydan.tv\/az\/article\/erm%c9%99nistan-abs-il%c9%99-imzalanan-memorandumu-d%c9%99rc-edib\/#breadcrumb","itemListElement":[{"@type":"ListItem","position":1,"name":"Ana s\u0259hif\u0259","item":"https:\/\/www.meydan.tv\/az\/"},{"@type":"ListItem","position":2,"name":"X\u0259b\u0259rl\u0259r","item":"https:\/\/www.meydan.tv\/az\/section\/xeberler\/"},{"@type":"ListItem","position":3,"name":"Erm\u0259nistan AB\u015e il\u0259 imzalanan memorandumu d\u0259rc edib"}]},{"@type":"WebSite","@id":"https:\/\/www.meydan.tv\/az\/#website","url":"https:\/\/www.meydan.tv\/az\/","name":"MEYDAN.TV","description":"Meydan TV Az\u0259rbaycan\u0131n media m\u0259kan\u0131ndak\u0131 alternativ s\u0259sidir","publisher":{"@id":"https:\/\/www.meydan.tv\/az\/#organization"},"potentialAction":[{"@type":"SearchAction","target":{"@type":"EntryPoint","urlTemplate":"https:\/\/www.meydan.tv\/az\/?s={search_term_string}"},"query-input":{"@type":"PropertyValueSpecification","valueRequired":true,"valueName":"search_term_string"}}],"inLanguage":"az"},{"@type":"Organization","@id":"https:\/\/www.meydan.tv\/az\/#organization","name":"Meydan TV","url":"https:\/\/www.meydan.tv\/az\/","logo":{"@type":"ImageObject","inLanguage":"az","@id":"https:\/\/www.meydan.tv\/az\/#\/schema\/logo\/image\/","url":"https:\/\/www.meydan.tv\/wp-content\/uploads\/2021\/07\/meydan-logo.svg","contentUrl":"https:\/\/www.meydan.tv\/wp-content\/uploads\/2021\/07\/meydan-logo.svg","width":195,"height":46,"caption":"Meydan TV"},"image":{"@id":"https:\/\/www.meydan.tv\/az\/#\/schema\/logo\/image\/"}},{"@type":"Person","@id":"https:\/\/www.meydan.tv\/az\/#\/schema\/person\/49b5f2bad5b126bb8ea9320eeb3e4dc9","name":"sevda"}]}},"_links":{"self":[{"href":"https:\/\/www.meydan.tv\/az\/wp-json\/wp\/v2\/posts\/334620","targetHints":{"allow":["GET"]}}],"collection":[{"href":"https:\/\/www.meydan.tv\/az\/wp-json\/wp\/v2\/posts"}],"about":[{"href":"https:\/\/www.meydan.tv\/az\/wp-json\/wp\/v2\/types\/post"}],"author":[{"embeddable":true,"href":"https:\/\/www.meydan.tv\/az\/wp-json\/wp\/v2\/users\/16"}],"replies":[{"embeddable":true,"href":"https:\/\/www.meydan.tv\/az\/wp-json\/wp\/v2\/comments?post=334620"}],"version-history":[{"count":1,"href":"https:\/\/www.meydan.tv\/az\/wp-json\/wp\/v2\/posts\/334620\/revisions"}],"predecessor-version":[{"id":334621,"href":"https:\/\/www.meydan.tv\/az\/wp-json\/wp\/v2\/posts\/334620\/revisions\/334621"}],"wp:featuredmedia":[{"embeddable":true,"href":"https:\/\/www.meydan.tv\/az\/wp-json\/wp\/v2\/media\/334622"}],"wp:attachment":[{"href":"https:\/\/www.meydan.tv\/az\/wp-json\/wp\/v2\/media?parent=334620"}],"wp:term":[{"taxonomy":"category","embeddable":true,"href":"https:\/\/www.meydan.tv\/az\/wp-json\/wp\/v2\/categories?post=334620"},{"taxonomy":"post_tag","embeddable":true,"href":"https:\/\/www.meydan.tv\/az\/wp-json\/wp\/v2\/tags?post=334620"}],"curies":[{"name":"wp","href":"https:\/\/api.w.org\/{rel}","templated":true}]}}