{"id":334546,"date":"2025-08-27T15:22:59","date_gmt":"2025-08-27T11:22:59","guid":{"rendered":"https:\/\/www.meydan.tv\/?p=334546"},"modified":"2025-08-27T15:23:02","modified_gmt":"2025-08-27T11:23:02","slug":"ilham-eliyev-rusiya-il%c9%99-munasib%c9%99tl%c9%99rin-korlanmasina-gor%c9%99-m%c9%99suliyy%c9%99t-bizim-uz%c9%99rimiz%c9%99-dusmur","status":"publish","type":"post","link":"https:\/\/www.meydan.tv\/az\/article\/ilham-eliyev-rusiya-il%c9%99-munasib%c9%99tl%c9%99rin-korlanmasina-gor%c9%99-m%c9%99suliyy%c9%99t-bizim-uz%c9%99rimiz%c9%99-dusmur\/","title":{"rendered":"\u0130lham \u018fliyev: &#8220;Rusiya il\u0259 m\u00fcnasib\u0259tl\u0259rin korlanmas\u0131na g\u00f6r\u0259 m\u0259suliyy\u0259t bizim \u00fcz\u0259rimiz\u0259 d\u00fc\u015fm\u00fcr&#8221;"},"content":{"rendered":"\n<p>Az\u0259rbaycan Prezidenti \u0130lham \u018fliyev son d\u00f6vrl\u0259r Rusiya il\u0259 Az\u0259rbaycan aras\u0131ndak\u0131 m\u00fcnasib\u0259tl\u0259rin g\u0259rginl\u0259\u015fm\u0259sind\u0259n dan\u0131\u015f\u0131b.<\/p>\n\n\n\n<p>S\u0259udiyy\u0259 \u018fr\u0259bistan\u0131n\u0131n \u201c\u018fl-\u018fr\u0259biyy\u0259\u201d telekanal\u0131na<a href=\"https:\/\/azertag.az\/xeber\/azerbaycan_prezidenti_ilham_aliyev_el_erebiyye_telekanalina_musahibe_verib-3715923\" target=\"_blank\" rel=\"noreferrer noopener nofollow\"> m\u00fcsahib\u0259 <\/a>ver\u0259n \u018fliyev \u00f6t\u0259n ilin dekabr\u0131nda AZAL t\u0259yyar\u0259sinin q\u0259zaya u\u011framas\u0131ndan s\u00f6z a\u00e7\u0131b, daha sonra is\u0259 m\u00f6vzunu Rusiyada iki n\u0259f\u0259r az\u0259rbaycanl\u0131n\u0131n \u00f6ld\u00fcr\u00fclm\u0259sin\u0259 g\u0259tirib.\u00a0<\/p>\n\n\n\n<p><em>\u201cBu vaxtad\u0259k onlar n\u0259yin ba\u015f verdiyini demirl\u0259r (AZAL t\u0259yyar\u0259sinin vurulmas\u0131 bar\u0259d\u0259). Bu, \u0259lb\u0259tt\u0259 ki, bizim ikit\u0259r\u0259fli m\u00fcnasib\u0259tl\u0259rimizd\u0259 ciddi m\u0259s\u0259l\u0259dir, lakin biz \u0259laq\u0259l\u0259ri g\u0259rginl\u0259\u015fdirm\u0259k ist\u0259mirdik. Bu, xalq\u0131m\u0131z\u0131 m\u0259yus edib, q\u0259z\u0259bl\u0259ndirib v\u0259 q\u0259mginliy\u0259 sal\u0131b. Biz g\u00f6zl\u0259yirik, gec v\u0259 ya tez istintaq ba\u015fa \u00e7atacaq. Lakin sonra Rusiyada az\u0259rbaycanl\u0131lara qar\u015f\u0131 s\u0259b\u0259bsiz h\u00fccumlar ba\u015flad\u0131. \u0130ki insan q\u0259tl\u0259 yetirildi v\u0259 i\u015fg\u0259nc\u0259l\u0259r\u0259 m\u0259ruz qald\u0131. Sonra da r\u0259smi m\u0259lumata g\u00f6r\u0259, onlar\u0131n \u00fcr\u0259k tutmas\u0131ndan \u00f6ld\u00fcy\u00fc bildirildi. H\u0259tta onlar deyil\u0259nl\u0259r\u0259 g\u00f6r\u0259, 20 il bundan \u0259vv\u0259l cinay\u0259t t\u00f6r\u0259dibl\u0259rs\u0259, onlar insand\u0131rlar, onlarla bel\u0259 davran\u0131lmamal\u0131d\u0131r. Bu, n\u0259 m\u00fcnasib\u0259tdir? Bu, xalq\u0131m\u0131za qar\u015f\u0131 misli g\u00f6r\u00fcnm\u0259mi\u015f h\u0259r\u0259k\u0259t idi. M\u00fcnasib\u0259tl\u0259rin korlanmas\u0131na g\u00f6r\u0259 m\u0259suliyy\u0259t bizim \u00fcz\u0259rimiz\u0259 d\u00fc\u015fm\u00fcr. Biz yaln\u0131z konstruktiv v\u0259 h\u00fcquqi \u015f\u0259kild\u0259 cavab veririk, lakin he\u00e7 vaxt biz\u0259 qar\u015f\u0131 t\u0259cav\u00fcz \u0259lam\u0259tl\u0259rin\u0259 v\u0259 t\u0259zah\u00fcrl\u0259rin\u0259, yaxud h\u00f6rm\u0259tsizliy\u0259 d\u00f6zm\u0259y\u0259c\u0259yik\u201d,<\/em> &#8211; \u0130lham \u018fliyev m\u00fcsahib\u0259sind\u0259 deyib.<\/p>\n\n\n\n<p>Rusiya il\u0259 Az\u0259rbaycan aras\u0131nda m\u00fcnasib\u0259tl\u0259r 2024-c\u00fc il dekabr\u0131n 25-d\u0259 AZAL t\u0259yyar\u0259sinin q\u0259zaya u\u011framas\u0131ndan sonra <a href=\"https:\/\/storage.googleapis.com\/qurium\/www.meydan.tv\/az-article-az%c9%99rbaycan-rusiya-munasib%c9%99tl%c9%99ri-t%c9%99yyar%c9%99-vurulmasi-il%c9%99-geosiyasi-savasa.html\" target=\"_blank\" rel=\"noreferrer noopener nofollow\">pisl\u0259\u015fib.\u00a0<\/a><\/p>\n\n\n\n<p>Prezident \u0130lham \u018fliyev t\u0259yyar\u0259nin Rusiya ordusu t\u0259r\u0259find\u0259n vuruldu\u011funu iddia edib.<\/p>\n\n\n\n<p>2025-ci il ilin iyununda is\u0259 Rusiyada az\u0259rbaycanl\u0131lara, ard\u0131nca Az\u0259rbaycanda rus v\u0259t\u0259nda\u015flara qar\u015f\u0131 reydl\u0259r v\u0259 h\u0259bsl\u0259r ba\u015flay\u0131b.<\/p>\n","protected":false},"excerpt":{"rendered":"<p>Az\u0259rbaycan Prezidenti \u0130lham \u018fliyev son d\u00f6vrl\u0259r Rusiya il\u0259 Az\u0259rbaycan aras\u0131ndak\u0131 &#8230; <\/p>\n<p class=\"read-more-container\"><a title=\"\u0130lham \u018fliyev: &#8220;Rusiya il\u0259 m\u00fcnasib\u0259tl\u0259rin korlanmas\u0131na g\u00f6r\u0259 m\u0259suliyy\u0259t bizim \u00fcz\u0259rimiz\u0259 d\u00fc\u015fm\u00fcr&#8221;\" class=\"read-more button\" href=\"https:\/\/www.meydan.tv\/az\/article\/ilham-eliyev-rusiya-il%c9%99-munasib%c9%99tl%c9%99rin-korlanmasina-gor%c9%99-m%c9%99suliyy%c9%99t-bizim-uz%c9%99rimiz%c9%99-dusmur\/#more-334546\" aria-label=\"Read more about \u0130lham \u018fliyev: &#8220;Rusiya il\u0259 m\u00fcnasib\u0259tl\u0259rin korlanmas\u0131na g\u00f6r\u0259 m\u0259suliyy\u0259t bizim \u00fcz\u0259rimiz\u0259 d\u00fc\u015fm\u00fcr&#8221;\">Davam\u0131<\/a><\/p>\n","protected":false},"author":16,"featured_media":334551,"comment_status":"closed","ping_status":"closed","sticky":false,"template":"","format":"standard","meta":{"_acf_changed":false,"_sitemap_exclude":false,"_sitemap_priority":"","_sitemap_frequency":"","footnotes":""},"categories":[59,79,56],"tags":[],"class_list":["post-334546","post","type-post","status-publish","format-standard","has-post-thumbnail","hentry","category-siyaset","category-featured","category-xeberler","infinite-scroll-item","generate-columns","tablet-grid-50","mobile-grid-100","grid-parent","grid-33","no-featured-image-padding"],"acf":[],"yoast_head":"<!-- This site is optimized with the Yoast SEO plugin v27.5 - https:\/\/yoast.com\/product\/yoast-seo-wordpress\/ -->\n<title>\u0130lham \u018fliyev: &quot;Rusiya il\u0259 m\u00fcnasib\u0259tl\u0259rin korlanmas\u0131na g\u00f6r\u0259 m\u0259suliyy\u0259t bizim \u00fcz\u0259rimiz\u0259 d\u00fc\u015fm\u00fcr&quot; - MEYDAN.TV<\/title>\n<meta name=\"robots\" content=\"index, follow, max-snippet:-1, max-image-preview:large, max-video-preview:-1\" \/>\n<link rel=\"canonical\" href=\"https:\/\/www.meydan.tv\/az\/article\/ilham-eliyev-rusiya-il%c9%99-munasib%c9%99tl%c9%99rin-korlanmasina-gor%c9%99-m%c9%99suliyy%c9%99t-bizim-uz%c9%99rimiz%c9%99-dusmur\/\" \/>\n<meta property=\"og:locale\" content=\"az_AZ\" \/>\n<meta property=\"og:type\" content=\"article\" \/>\n<meta property=\"og:title\" content=\"\u0130lham \u018fliyev: &quot;Rusiya il\u0259 m\u00fcnasib\u0259tl\u0259rin korlanmas\u0131na g\u00f6r\u0259 m\u0259suliyy\u0259t bizim \u00fcz\u0259rimiz\u0259 d\u00fc\u015fm\u00fcr&quot; - MEYDAN.TV\" \/>\n<meta property=\"og:description\" content=\"Az\u0259rbaycan Prezidenti \u0130lham \u018fliyev son d\u00f6vrl\u0259r Rusiya il\u0259 Az\u0259rbaycan aras\u0131ndak\u0131 ... Davam\u0131\" \/>\n<meta property=\"og:url\" content=\"https:\/\/www.meydan.tv\/az\/article\/ilham-eliyev-rusiya-il%c9%99-munasib%c9%99tl%c9%99rin-korlanmasina-gor%c9%99-m%c9%99suliyy%c9%99t-bizim-uz%c9%99rimiz%c9%99-dusmur\/\" \/>\n<meta property=\"og:site_name\" content=\"MEYDAN.TV\" \/>\n<meta property=\"article:published_time\" content=\"2025-08-27T11:22:59+00:00\" \/>\n<meta property=\"article:modified_time\" content=\"2025-08-27T11:23:02+00:00\" \/>\n<meta property=\"og:image\" content=\"https:\/\/www.meydan.tv\/wp-content\/uploads\/ready.jpg\" \/>\n\t<meta property=\"og:image:width\" content=\"961\" \/>\n\t<meta property=\"og:image:height\" content=\"630\" \/>\n\t<meta property=\"og:image:type\" content=\"image\/jpeg\" \/>\n<meta name=\"author\" content=\"sevda\" \/>\n<meta name=\"twitter:card\" content=\"summary_large_image\" \/>\n<script type=\"application\/ld+json\" class=\"yoast-schema-graph\">{\"@context\":\"https:\\\/\\\/schema.org\",\"@graph\":[{\"@type\":\"Article\",\"@id\":\"https:\\\/\\\/www.meydan.tv\\\/az\\\/article\\\/ilham-eliyev-rusiya-il%c9%99-munasib%c9%99tl%c9%99rin-korlanmasina-gor%c9%99-m%c9%99suliyy%c9%99t-bizim-uz%c9%99rimiz%c9%99-dusmur\\\/#article\",\"isPartOf\":{\"@id\":\"https:\\\/\\\/www.meydan.tv\\\/az\\\/article\\\/ilham-eliyev-rusiya-il%c9%99-munasib%c9%99tl%c9%99rin-korlanmasina-gor%c9%99-m%c9%99suliyy%c9%99t-bizim-uz%c9%99rimiz%c9%99-dusmur\\\/\"},\"author\":{\"name\":\"sevda\",\"@id\":\"https:\\\/\\\/www.meydan.tv\\\/az\\\/#\\\/schema\\\/person\\\/49b5f2bad5b126bb8ea9320eeb3e4dc9\"},\"headline\":\"\u0130lham \u018fliyev: &#8220;Rusiya il\u0259 m\u00fcnasib\u0259tl\u0259rin korlanmas\u0131na g\u00f6r\u0259 m\u0259suliyy\u0259t bizim \u00fcz\u0259rimiz\u0259 d\u00fc\u015fm\u00fcr&#8221;\",\"datePublished\":\"2025-08-27T11:22:59+00:00\",\"dateModified\":\"2025-08-27T11:23:02+00:00\",\"mainEntityOfPage\":{\"@id\":\"https:\\\/\\\/www.meydan.tv\\\/az\\\/article\\\/ilham-eliyev-rusiya-il%c9%99-munasib%c9%99tl%c9%99rin-korlanmasina-gor%c9%99-m%c9%99suliyy%c9%99t-bizim-uz%c9%99rimiz%c9%99-dusmur\\\/\"},\"wordCount\":396,\"publisher\":{\"@id\":\"https:\\\/\\\/www.meydan.tv\\\/az\\\/#organization\"},\"image\":{\"@id\":\"https:\\\/\\\/www.meydan.tv\\\/az\\\/article\\\/ilham-eliyev-rusiya-il%c9%99-munasib%c9%99tl%c9%99rin-korlanmasina-gor%c9%99-m%c9%99suliyy%c9%99t-bizim-uz%c9%99rimiz%c9%99-dusmur\\\/#primaryimage\"},\"thumbnailUrl\":\"https:\\\/\\\/www.meydan.tv\\\/wp-content\\\/uploads\\\/ready.jpg\",\"articleSection\":[\"Siyas\u0259t\",\"T\u00f6vsiy\u0259\",\"X\u0259b\u0259rl\u0259r\"],\"inLanguage\":\"az\"},{\"@type\":\"WebPage\",\"@id\":\"https:\\\/\\\/www.meydan.tv\\\/az\\\/article\\\/ilham-eliyev-rusiya-il%c9%99-munasib%c9%99tl%c9%99rin-korlanmasina-gor%c9%99-m%c9%99suliyy%c9%99t-bizim-uz%c9%99rimiz%c9%99-dusmur\\\/\",\"url\":\"https:\\\/\\\/www.meydan.tv\\\/az\\\/article\\\/ilham-eliyev-rusiya-il%c9%99-munasib%c9%99tl%c9%99rin-korlanmasina-gor%c9%99-m%c9%99suliyy%c9%99t-bizim-uz%c9%99rimiz%c9%99-dusmur\\\/\",\"name\":\"\u0130lham \u018fliyev: \\\"Rusiya il\u0259 m\u00fcnasib\u0259tl\u0259rin korlanmas\u0131na g\u00f6r\u0259 m\u0259suliyy\u0259t bizim \u00fcz\u0259rimiz\u0259 d\u00fc\u015fm\u00fcr\\\" - MEYDAN.TV\",\"isPartOf\":{\"@id\":\"https:\\\/\\\/www.meydan.tv\\\/az\\\/#website\"},\"primaryImageOfPage\":{\"@id\":\"https:\\\/\\\/www.meydan.tv\\\/az\\\/article\\\/ilham-eliyev-rusiya-il%c9%99-munasib%c9%99tl%c9%99rin-korlanmasina-gor%c9%99-m%c9%99suliyy%c9%99t-bizim-uz%c9%99rimiz%c9%99-dusmur\\\/#primaryimage\"},\"image\":{\"@id\":\"https:\\\/\\\/www.meydan.tv\\\/az\\\/article\\\/ilham-eliyev-rusiya-il%c9%99-munasib%c9%99tl%c9%99rin-korlanmasina-gor%c9%99-m%c9%99suliyy%c9%99t-bizim-uz%c9%99rimiz%c9%99-dusmur\\\/#primaryimage\"},\"thumbnailUrl\":\"https:\\\/\\\/www.meydan.tv\\\/wp-content\\\/uploads\\\/ready.jpg\",\"datePublished\":\"2025-08-27T11:22:59+00:00\",\"dateModified\":\"2025-08-27T11:23:02+00:00\",\"breadcrumb\":{\"@id\":\"https:\\\/\\\/www.meydan.tv\\\/az\\\/article\\\/ilham-eliyev-rusiya-il%c9%99-munasib%c9%99tl%c9%99rin-korlanmasina-gor%c9%99-m%c9%99suliyy%c9%99t-bizim-uz%c9%99rimiz%c9%99-dusmur\\\/#breadcrumb\"},\"inLanguage\":\"az\",\"potentialAction\":[{\"@type\":\"ReadAction\",\"target\":[\"https:\\\/\\\/www.meydan.tv\\\/az\\\/article\\\/ilham-eliyev-rusiya-il%c9%99-munasib%c9%99tl%c9%99rin-korlanmasina-gor%c9%99-m%c9%99suliyy%c9%99t-bizim-uz%c9%99rimiz%c9%99-dusmur\\\/\"]}]},{\"@type\":\"ImageObject\",\"inLanguage\":\"az\",\"@id\":\"https:\\\/\\\/www.meydan.tv\\\/az\\\/article\\\/ilham-eliyev-rusiya-il%c9%99-munasib%c9%99tl%c9%99rin-korlanmasina-gor%c9%99-m%c9%99suliyy%c9%99t-bizim-uz%c9%99rimiz%c9%99-dusmur\\\/#primaryimage\",\"url\":\"https:\\\/\\\/www.meydan.tv\\\/wp-content\\\/uploads\\\/ready.jpg\",\"contentUrl\":\"https:\\\/\\\/www.meydan.tv\\\/wp-content\\\/uploads\\\/ready.jpg\",\"width\":961,\"height\":630,\"caption\":\"Foto: Az\u0259rtac\"},{\"@type\":\"BreadcrumbList\",\"@id\":\"https:\\\/\\\/www.meydan.tv\\\/az\\\/article\\\/ilham-eliyev-rusiya-il%c9%99-munasib%c9%99tl%c9%99rin-korlanmasina-gor%c9%99-m%c9%99suliyy%c9%99t-bizim-uz%c9%99rimiz%c9%99-dusmur\\\/#breadcrumb\",\"itemListElement\":[{\"@type\":\"ListItem\",\"position\":1,\"name\":\"Ana s\u0259hif\u0259\",\"item\":\"https:\\\/\\\/www.meydan.tv\\\/az\\\/\"},{\"@type\":\"ListItem\",\"position\":2,\"name\":\"X\u0259b\u0259rl\u0259r\",\"item\":\"https:\\\/\\\/www.meydan.tv\\\/az\\\/section\\\/xeberler\\\/\"},{\"@type\":\"ListItem\",\"position\":3,\"name\":\"\u0130lham \u018fliyev: &#8220;Rusiya il\u0259 m\u00fcnasib\u0259tl\u0259rin korlanmas\u0131na g\u00f6r\u0259 m\u0259suliyy\u0259t bizim \u00fcz\u0259rimiz\u0259 d\u00fc\u015fm\u00fcr&#8221;\"}]},{\"@type\":\"WebSite\",\"@id\":\"https:\\\/\\\/www.meydan.tv\\\/az\\\/#website\",\"url\":\"https:\\\/\\\/www.meydan.tv\\\/az\\\/\",\"name\":\"MEYDAN.TV\",\"description\":\"Meydan TV Az\u0259rbaycan\u0131n media m\u0259kan\u0131ndak\u0131 alternativ s\u0259sidir\",\"publisher\":{\"@id\":\"https:\\\/\\\/www.meydan.tv\\\/az\\\/#organization\"},\"potentialAction\":[{\"@type\":\"SearchAction\",\"target\":{\"@type\":\"EntryPoint\",\"urlTemplate\":\"https:\\\/\\\/www.meydan.tv\\\/az\\\/?s={search_term_string}\"},\"query-input\":{\"@type\":\"PropertyValueSpecification\",\"valueRequired\":true,\"valueName\":\"search_term_string\"}}],\"inLanguage\":\"az\"},{\"@type\":\"Organization\",\"@id\":\"https:\\\/\\\/www.meydan.tv\\\/az\\\/#organization\",\"name\":\"Meydan TV\",\"url\":\"https:\\\/\\\/www.meydan.tv\\\/az\\\/\",\"logo\":{\"@type\":\"ImageObject\",\"inLanguage\":\"az\",\"@id\":\"https:\\\/\\\/www.meydan.tv\\\/az\\\/#\\\/schema\\\/logo\\\/image\\\/\",\"url\":\"https:\\\/\\\/www.meydan.tv\\\/wp-content\\\/uploads\\\/2021\\\/07\\\/meydan-logo.svg\",\"contentUrl\":\"https:\\\/\\\/www.meydan.tv\\\/wp-content\\\/uploads\\\/2021\\\/07\\\/meydan-logo.svg\",\"width\":195,\"height\":46,\"caption\":\"Meydan TV\"},\"image\":{\"@id\":\"https:\\\/\\\/www.meydan.tv\\\/az\\\/#\\\/schema\\\/logo\\\/image\\\/\"}},{\"@type\":\"Person\",\"@id\":\"https:\\\/\\\/www.meydan.tv\\\/az\\\/#\\\/schema\\\/person\\\/49b5f2bad5b126bb8ea9320eeb3e4dc9\",\"name\":\"sevda\"}]}<\/script>\n<!-- \/ Yoast SEO plugin. -->","yoast_head_json":{"title":"\u0130lham \u018fliyev: \"Rusiya il\u0259 m\u00fcnasib\u0259tl\u0259rin korlanmas\u0131na g\u00f6r\u0259 m\u0259suliyy\u0259t bizim \u00fcz\u0259rimiz\u0259 d\u00fc\u015fm\u00fcr\" - MEYDAN.TV","robots":{"index":"index","follow":"follow","max-snippet":"max-snippet:-1","max-image-preview":"max-image-preview:large","max-video-preview":"max-video-preview:-1"},"canonical":"https:\/\/www.meydan.tv\/az\/article\/ilham-eliyev-rusiya-il%c9%99-munasib%c9%99tl%c9%99rin-korlanmasina-gor%c9%99-m%c9%99suliyy%c9%99t-bizim-uz%c9%99rimiz%c9%99-dusmur\/","og_locale":"az_AZ","og_type":"article","og_title":"\u0130lham \u018fliyev: \"Rusiya il\u0259 m\u00fcnasib\u0259tl\u0259rin korlanmas\u0131na g\u00f6r\u0259 m\u0259suliyy\u0259t bizim \u00fcz\u0259rimiz\u0259 d\u00fc\u015fm\u00fcr\" - MEYDAN.TV","og_description":"Az\u0259rbaycan Prezidenti \u0130lham \u018fliyev son d\u00f6vrl\u0259r Rusiya il\u0259 Az\u0259rbaycan aras\u0131ndak\u0131 ... Davam\u0131","og_url":"https:\/\/www.meydan.tv\/az\/article\/ilham-eliyev-rusiya-il%c9%99-munasib%c9%99tl%c9%99rin-korlanmasina-gor%c9%99-m%c9%99suliyy%c9%99t-bizim-uz%c9%99rimiz%c9%99-dusmur\/","og_site_name":"MEYDAN.TV","article_published_time":"2025-08-27T11:22:59+00:00","article_modified_time":"2025-08-27T11:23:02+00:00","og_image":[{"width":961,"height":630,"url":"https:\/\/www.meydan.tv\/wp-content\/uploads\/ready.jpg","type":"image\/jpeg"}],"author":"sevda","twitter_card":"summary_large_image","schema":{"@context":"https:\/\/schema.org","@graph":[{"@type":"Article","@id":"https:\/\/www.meydan.tv\/az\/article\/ilham-eliyev-rusiya-il%c9%99-munasib%c9%99tl%c9%99rin-korlanmasina-gor%c9%99-m%c9%99suliyy%c9%99t-bizim-uz%c9%99rimiz%c9%99-dusmur\/#article","isPartOf":{"@id":"https:\/\/www.meydan.tv\/az\/article\/ilham-eliyev-rusiya-il%c9%99-munasib%c9%99tl%c9%99rin-korlanmasina-gor%c9%99-m%c9%99suliyy%c9%99t-bizim-uz%c9%99rimiz%c9%99-dusmur\/"},"author":{"name":"sevda","@id":"https:\/\/www.meydan.tv\/az\/#\/schema\/person\/49b5f2bad5b126bb8ea9320eeb3e4dc9"},"headline":"\u0130lham \u018fliyev: &#8220;Rusiya il\u0259 m\u00fcnasib\u0259tl\u0259rin korlanmas\u0131na g\u00f6r\u0259 m\u0259suliyy\u0259t bizim \u00fcz\u0259rimiz\u0259 d\u00fc\u015fm\u00fcr&#8221;","datePublished":"2025-08-27T11:22:59+00:00","dateModified":"2025-08-27T11:23:02+00:00","mainEntityOfPage":{"@id":"https:\/\/www.meydan.tv\/az\/article\/ilham-eliyev-rusiya-il%c9%99-munasib%c9%99tl%c9%99rin-korlanmasina-gor%c9%99-m%c9%99suliyy%c9%99t-bizim-uz%c9%99rimiz%c9%99-dusmur\/"},"wordCount":396,"publisher":{"@id":"https:\/\/www.meydan.tv\/az\/#organization"},"image":{"@id":"https:\/\/www.meydan.tv\/az\/article\/ilham-eliyev-rusiya-il%c9%99-munasib%c9%99tl%c9%99rin-korlanmasina-gor%c9%99-m%c9%99suliyy%c9%99t-bizim-uz%c9%99rimiz%c9%99-dusmur\/#primaryimage"},"thumbnailUrl":"https:\/\/www.meydan.tv\/wp-content\/uploads\/ready.jpg","articleSection":["Siyas\u0259t","T\u00f6vsiy\u0259","X\u0259b\u0259rl\u0259r"],"inLanguage":"az"},{"@type":"WebPage","@id":"https:\/\/www.meydan.tv\/az\/article\/ilham-eliyev-rusiya-il%c9%99-munasib%c9%99tl%c9%99rin-korlanmasina-gor%c9%99-m%c9%99suliyy%c9%99t-bizim-uz%c9%99rimiz%c9%99-dusmur\/","url":"https:\/\/www.meydan.tv\/az\/article\/ilham-eliyev-rusiya-il%c9%99-munasib%c9%99tl%c9%99rin-korlanmasina-gor%c9%99-m%c9%99suliyy%c9%99t-bizim-uz%c9%99rimiz%c9%99-dusmur\/","name":"\u0130lham \u018fliyev: \"Rusiya il\u0259 m\u00fcnasib\u0259tl\u0259rin korlanmas\u0131na g\u00f6r\u0259 m\u0259suliyy\u0259t bizim \u00fcz\u0259rimiz\u0259 d\u00fc\u015fm\u00fcr\" - MEYDAN.TV","isPartOf":{"@id":"https:\/\/www.meydan.tv\/az\/#website"},"primaryImageOfPage":{"@id":"https:\/\/www.meydan.tv\/az\/article\/ilham-eliyev-rusiya-il%c9%99-munasib%c9%99tl%c9%99rin-korlanmasina-gor%c9%99-m%c9%99suliyy%c9%99t-bizim-uz%c9%99rimiz%c9%99-dusmur\/#primaryimage"},"image":{"@id":"https:\/\/www.meydan.tv\/az\/article\/ilham-eliyev-rusiya-il%c9%99-munasib%c9%99tl%c9%99rin-korlanmasina-gor%c9%99-m%c9%99suliyy%c9%99t-bizim-uz%c9%99rimiz%c9%99-dusmur\/#primaryimage"},"thumbnailUrl":"https:\/\/www.meydan.tv\/wp-content\/uploads\/ready.jpg","datePublished":"2025-08-27T11:22:59+00:00","dateModified":"2025-08-27T11:23:02+00:00","breadcrumb":{"@id":"https:\/\/www.meydan.tv\/az\/article\/ilham-eliyev-rusiya-il%c9%99-munasib%c9%99tl%c9%99rin-korlanmasina-gor%c9%99-m%c9%99suliyy%c9%99t-bizim-uz%c9%99rimiz%c9%99-dusmur\/#breadcrumb"},"inLanguage":"az","potentialAction":[{"@type":"ReadAction","target":["https:\/\/www.meydan.tv\/az\/article\/ilham-eliyev-rusiya-il%c9%99-munasib%c9%99tl%c9%99rin-korlanmasina-gor%c9%99-m%c9%99suliyy%c9%99t-bizim-uz%c9%99rimiz%c9%99-dusmur\/"]}]},{"@type":"ImageObject","inLanguage":"az","@id":"https:\/\/www.meydan.tv\/az\/article\/ilham-eliyev-rusiya-il%c9%99-munasib%c9%99tl%c9%99rin-korlanmasina-gor%c9%99-m%c9%99suliyy%c9%99t-bizim-uz%c9%99rimiz%c9%99-dusmur\/#primaryimage","url":"https:\/\/www.meydan.tv\/wp-content\/uploads\/ready.jpg","contentUrl":"https:\/\/www.meydan.tv\/wp-content\/uploads\/ready.jpg","width":961,"height":630,"caption":"Foto: Az\u0259rtac"},{"@type":"BreadcrumbList","@id":"https:\/\/www.meydan.tv\/az\/article\/ilham-eliyev-rusiya-il%c9%99-munasib%c9%99tl%c9%99rin-korlanmasina-gor%c9%99-m%c9%99suliyy%c9%99t-bizim-uz%c9%99rimiz%c9%99-dusmur\/#breadcrumb","itemListElement":[{"@type":"ListItem","position":1,"name":"Ana s\u0259hif\u0259","item":"https:\/\/www.meydan.tv\/az\/"},{"@type":"ListItem","position":2,"name":"X\u0259b\u0259rl\u0259r","item":"https:\/\/www.meydan.tv\/az\/section\/xeberler\/"},{"@type":"ListItem","position":3,"name":"\u0130lham \u018fliyev: &#8220;Rusiya il\u0259 m\u00fcnasib\u0259tl\u0259rin korlanmas\u0131na g\u00f6r\u0259 m\u0259suliyy\u0259t bizim \u00fcz\u0259rimiz\u0259 d\u00fc\u015fm\u00fcr&#8221;"}]},{"@type":"WebSite","@id":"https:\/\/www.meydan.tv\/az\/#website","url":"https:\/\/www.meydan.tv\/az\/","name":"MEYDAN.TV","description":"Meydan TV Az\u0259rbaycan\u0131n media m\u0259kan\u0131ndak\u0131 alternativ s\u0259sidir","publisher":{"@id":"https:\/\/www.meydan.tv\/az\/#organization"},"potentialAction":[{"@type":"SearchAction","target":{"@type":"EntryPoint","urlTemplate":"https:\/\/www.meydan.tv\/az\/?s={search_term_string}"},"query-input":{"@type":"PropertyValueSpecification","valueRequired":true,"valueName":"search_term_string"}}],"inLanguage":"az"},{"@type":"Organization","@id":"https:\/\/www.meydan.tv\/az\/#organization","name":"Meydan TV","url":"https:\/\/www.meydan.tv\/az\/","logo":{"@type":"ImageObject","inLanguage":"az","@id":"https:\/\/www.meydan.tv\/az\/#\/schema\/logo\/image\/","url":"https:\/\/www.meydan.tv\/wp-content\/uploads\/2021\/07\/meydan-logo.svg","contentUrl":"https:\/\/www.meydan.tv\/wp-content\/uploads\/2021\/07\/meydan-logo.svg","width":195,"height":46,"caption":"Meydan TV"},"image":{"@id":"https:\/\/www.meydan.tv\/az\/#\/schema\/logo\/image\/"}},{"@type":"Person","@id":"https:\/\/www.meydan.tv\/az\/#\/schema\/person\/49b5f2bad5b126bb8ea9320eeb3e4dc9","name":"sevda"}]}},"_links":{"self":[{"href":"https:\/\/www.meydan.tv\/az\/wp-json\/wp\/v2\/posts\/334546","targetHints":{"allow":["GET"]}}],"collection":[{"href":"https:\/\/www.meydan.tv\/az\/wp-json\/wp\/v2\/posts"}],"about":[{"href":"https:\/\/www.meydan.tv\/az\/wp-json\/wp\/v2\/types\/post"}],"author":[{"embeddable":true,"href":"https:\/\/www.meydan.tv\/az\/wp-json\/wp\/v2\/users\/16"}],"replies":[{"embeddable":true,"href":"https:\/\/www.meydan.tv\/az\/wp-json\/wp\/v2\/comments?post=334546"}],"version-history":[{"count":1,"href":"https:\/\/www.meydan.tv\/az\/wp-json\/wp\/v2\/posts\/334546\/revisions"}],"predecessor-version":[{"id":334547,"href":"https:\/\/www.meydan.tv\/az\/wp-json\/wp\/v2\/posts\/334546\/revisions\/334547"}],"wp:featuredmedia":[{"embeddable":true,"href":"https:\/\/www.meydan.tv\/az\/wp-json\/wp\/v2\/media\/334551"}],"wp:attachment":[{"href":"https:\/\/www.meydan.tv\/az\/wp-json\/wp\/v2\/media?parent=334546"}],"wp:term":[{"taxonomy":"category","embeddable":true,"href":"https:\/\/www.meydan.tv\/az\/wp-json\/wp\/v2\/categories?post=334546"},{"taxonomy":"post_tag","embeddable":true,"href":"https:\/\/www.meydan.tv\/az\/wp-json\/wp\/v2\/tags?post=334546"}],"curies":[{"name":"wp","href":"https:\/\/api.w.org\/{rel}","templated":true}]}}