{"id":334518,"date":"2025-08-26T20:06:59","date_gmt":"2025-08-26T16:06:59","guid":{"rendered":"https:\/\/www.meydan.tv\/?p=334518"},"modified":"2025-08-26T20:07:03","modified_gmt":"2025-08-26T16:07:03","slug":"abzasmedia-nin-h%c9%99bsd%c9%99-olan-direktoru-vatslav-havel-mukafatina-namiz%c9%99d-gost%c9%99rilib","status":"publish","type":"post","link":"https:\/\/www.meydan.tv\/az\/article\/abzasmedia-nin-h%c9%99bsd%c9%99-olan-direktoru-vatslav-havel-mukafatina-namiz%c9%99d-gost%c9%99rilib\/","title":{"rendered":"AbzasMedia-n\u0131n h\u0259bsd\u0259 olan direktoru Vatslav Havel M\u00fckafat\u0131na namiz\u0259d g\u00f6st\u0259rilib"},"content":{"rendered":"\n<p>AbzasMedia-n\u0131n h\u0259bsd\u0259 olan direktoru \u00dclvi H\u0259s\u0259nli \u0130nsan H\u00fcquqlar\u0131 \u00fczr\u0259 Vatslav Havel M\u00fckafat\u0131na namiz\u0259dl\u0259r siyah\u0131s\u0131na sal\u0131n\u0131b.<\/p>\n\n\n\n<p>&nbsp;Avqustun 26-da Avropa \u015euras\u0131 Parlament Assambleyas\u0131n\u0131n (A\u015ePA) prezidenti Teodoros Rusopulosun s\u0259drliyi il\u0259 Praqada ke\u00e7iril\u0259n iclasda se\u00e7ilmi\u015f q\u0131sa siyah\u0131da g\u00fcrc\u00fcstanl\u0131 jurnalist, \u201cBatumelebi\u201d v\u0259 \u201cNetqazeti\u201d m\u00fcst\u0259qil n\u0259\u015frl\u0259rinin h\u0259mt\u0259sis\u00e7isi Mzia Ama\u011flobeli v\u0259 ukraynal\u0131 jurnalist Maksim Butkevi\u00e7in d\u0259 ad\u0131 var.<\/p>\n\n\n\n<p>&nbsp;Bu m\u00fckafat Avropada v\u0259 onun h\u00fcdudlar\u0131ndan k\u0259narda insan haqlar\u0131n\u0131n m\u00fcdafi\u0259si sah\u0259sind\u0259 m\u00fcst\u0259sna v\u0259t\u0259nda\u015f c\u0259miyy\u0259ti f\u0259aliyy\u0259tin\u0259 g\u00f6r\u0259 verilir.<\/p>\n\n\n\n<p>\u00a0A\u015ePA-n\u0131n <a href=\"https:\/\/agenparl.eu\/2025\/08\/26\/three-candidates-shortlisted-for-the-2025-vaclav-havel-prize\/\" target=\"_blank\" rel=\"noreferrer noopener nofollow\">m\u0259lumat\u0131nda <\/a>deyilir ki, Ulvi H\u0259s\u0259nli 2016-c\u0131 ild\u0259n AbzasMedia-n\u0131n direktorudur. H\u0259l\u0259 2011-ci ild\u0259n ba\u015flayaraq h\u00f6kum\u0259tin t\u0259qibl\u0259rin\u0259 &#8211; \u0259sass\u0131z h\u0259bsl\u0259r, i\u015fg\u0259nc\u0259l\u0259r, siyasi motivli ittihamlara m\u0259ruz qal\u0131b:<\/p>\n\n\n\n<p><em>\u201c\u00dclvi H\u0259s\u0259nli 2025-ci ilin iyununda 9 il h\u0259bs c\u0259zas\u0131na m\u0259hkum edilib v\u0259 haz\u0131rda a\u011f\u0131r \u015f\u0259raitd\u0259 olan bir h\u0259bsxanada saxlan\u0131l\u0131r. H\u0259bsd\u0259 bir ne\u00e7\u0259 d\u0259f\u0259 acl\u0131q edib, c\u0259rim\u0259 ota\u011f\u0131nda saxlanmas\u0131na baxmayaraq, o, m\u0259tbuat azadl\u0131\u011f\u0131na olan sadiqliyini v\u0259 m\u00fcqavim\u0259t ruhunu qoruyur\u201d.<\/em><\/p>\n\n\n\n<p>M\u00fckafat\u0131n qalibi bu il sentyabr\u0131n 29-da Strasburqda ke\u00e7iril\u0259c\u0259k A\u015ePA-n\u0131n pay\u0131z plenar sessiyas\u0131n\u0131n a\u00e7\u0131l\u0131\u015f\u0131nda elan olunacaq.<\/p>\n\n\n\n<p>\u0130nsan H\u00fcquqlar\u0131 \u00fczr\u0259 Vatslav Havel M\u00fckafat\u0131 2013-c\u00fc ild\u0259n etibar\u0259n h\u0259r il t\u0259qdim olunur. 2014-c\u00fc ild\u0259 bu m\u00fckafata az\u0259rbaycanl\u0131 h\u00fcquq m\u00fcdafi\u0259\u00e7isi, haz\u0131rda<a href=\"https:\/\/storage.googleapis.com\/qurium\/www.meydan.tv\/az-article-anar-memmedlinin-hebs-muddeti-artirildi.html\" target=\"_blank\" rel=\"noreferrer noopener nofollow\"> h\u0259bsd\u0259 olan<\/a> Anar M\u0259mm\u0259dli layiq g\u00f6r\u00fcl\u00fcb.<\/p>\n\n\n\n<p>\u00dclvi H\u0259s\u0259nli 2023-c\u00fc ilin noyabr\u0131nda \u201cAbzas Media i\u015fi\u201d \u00e7\u0259r\u00e7iv\u0259sind\u0259 h\u0259bs olunub. Onunla yana\u015f\u0131, AbzasMedian\u0131n ba\u015f redaktoru Sevinc Vaqifq\u0131z\u0131, reportyorlar\u0131 N\u0259rgiz Absalamova, Elnar\u0259 Qas\u0131mova, direktor m\u00fcavini M\u0259h\u0259mm\u0259d Kekalov, h\u0259m\u00e7inin ara\u015fd\u0131rma\u00e7\u0131 jurnalist Hafiz Babal\u0131, Azadl\u0131q Radiosunun jurnalisti, iqtisad\u00e7\u0131 F\u0259rid Mehral\u0131zad\u0259 h\u0259bs olunublar.<\/p>\n\n\n\n<p>2025-ci il iyunun 20-d\u0259 Bak\u0131 A\u011f\u0131r Cinay\u0259tl\u0259r M\u0259hk\u0259m\u0259sinin q\u0259rar\u0131 il\u0259 \u00dclvi H\u0259s\u0259nli, Sevinc Vaqifq\u0131z\u0131, Hafiz Babal\u0131, F\u0259rid Mehral\u0131zad\u0259 9 il, reportyorlar N\u0259rgiz Absalamova v\u0259 Elnar\u0259 Qas\u0131mova 8 il, direktor m\u00fcavini M\u0259h\u0259mm\u0259d Kekalov is\u0259 7 il 6 ay m\u00fcdd\u0259tin\u0259 azadl\u0131qdan m\u0259hrum edilib.<\/p>\n\n\n\n<p>&nbsp;Onlar qa\u00e7aqmal\u00e7\u0131l\u0131q v\u0259 dig\u0259r cinay\u0259tl\u0259rd\u0259 t\u0259qsirli bilinibl\u0259r. Jurnalistl\u0259r ir\u0259li s\u00fcr\u00fcl\u0259n ittihamlar\u0131 r\u0259dd edir, h\u0259bsl\u0259rinin apard\u0131qlar\u0131 korrupsiya ara\u015fd\u0131rmalar\u0131na g\u00f6r\u0259 siyasi sifari\u015f oldu\u011funu bildirirl\u0259r.<\/p>\n\n\n\n<p>\u00a0\u201cAz\u0259rbaycan Siyasi M\u0259hbuslar\u0131na Azadl\u0131q\u201d Birliyinin \u0259n son siyah\u0131s\u0131na g\u00f6r\u0259, haz\u0131rda \u00f6lk\u0259d\u0259 375 <a href=\"https:\/\/storage.googleapis.com\/qurium\/www.meydan.tv\/az-article-siyasi-m%c9%99hbus-siyahisi-yenil%c9%99ndi-375-n%c9%99f%c9%99r.html\" target=\"_blank\" rel=\"noreferrer noopener nofollow\">siyasi m\u0259hbus <\/a>var.<\/p>\n\n\n\n<p>Az\u0259rbaycan hakimiyy\u0259ti \u00f6lk\u0259d\u0259 siyasi m\u0259hbus oldu\u011funu birm\u0259nal\u0131 \u015f\u0259kild\u0259 r\u0259dd edir, he\u00e7 kimin f\u0259rqli d\u00fc\u015f\u00fcnc\u0259sin\u0259, siyasi m\u00f6vqeyin\u0259 g\u00f6r\u0259 t\u0259qib olunmad\u0131\u011f\u0131n\u0131, onlar\u0131n konkret cinay\u0259t \u0259m\u0259lin\u0259 g\u00f6r\u0259 h\u0259bs olundu\u011funu bildirirl\u0259r.<\/p>\n","protected":false},"excerpt":{"rendered":"<p>AbzasMedia-n\u0131n h\u0259bsd\u0259 olan direktoru \u00dclvi H\u0259s\u0259nli \u0130nsan H\u00fcquqlar\u0131 \u00fczr\u0259 Vatslav &#8230; <\/p>\n<p class=\"read-more-container\"><a title=\"AbzasMedia-n\u0131n h\u0259bsd\u0259 olan direktoru Vatslav Havel M\u00fckafat\u0131na namiz\u0259d g\u00f6st\u0259rilib\" class=\"read-more button\" href=\"https:\/\/www.meydan.tv\/az\/article\/abzasmedia-nin-h%c9%99bsd%c9%99-olan-direktoru-vatslav-havel-mukafatina-namiz%c9%99d-gost%c9%99rilib\/#more-334518\" aria-label=\"Read more about AbzasMedia-n\u0131n h\u0259bsd\u0259 olan direktoru Vatslav Havel M\u00fckafat\u0131na namiz\u0259d g\u00f6st\u0259rilib\">Davam\u0131<\/a><\/p>\n","protected":false},"author":16,"featured_media":295057,"comment_status":"closed","ping_status":"closed","sticky":false,"template":"","format":"standard","meta":{"_acf_changed":false,"_sitemap_exclude":false,"_sitemap_priority":"","_sitemap_frequency":"","footnotes":""},"categories":[59,79,56],"tags":[],"class_list":["post-334518","post","type-post","status-publish","format-standard","has-post-thumbnail","hentry","category-siyaset","category-featured","category-xeberler","infinite-scroll-item","generate-columns","tablet-grid-50","mobile-grid-100","grid-parent","grid-33","no-featured-image-padding"],"acf":[],"yoast_head":"<!-- This site is optimized with the Yoast SEO plugin v27.4 - https:\/\/yoast.com\/product\/yoast-seo-wordpress\/ -->\n<title>AbzasMedia-n\u0131n h\u0259bsd\u0259 olan direktoru Vatslav Havel M\u00fckafat\u0131na namiz\u0259d g\u00f6st\u0259rilib - MEYDAN.TV<\/title>\n<meta name=\"robots\" content=\"index, follow, max-snippet:-1, max-image-preview:large, max-video-preview:-1\" \/>\n<link rel=\"canonical\" href=\"https:\/\/www.meydan.tv\/az\/article\/abzasmedia-nin-h%c9%99bsd%c9%99-olan-direktoru-vatslav-havel-mukafatina-namiz%c9%99d-gost%c9%99rilib\/\" \/>\n<meta property=\"og:locale\" content=\"az_AZ\" \/>\n<meta property=\"og:type\" content=\"article\" \/>\n<meta property=\"og:title\" content=\"AbzasMedia-n\u0131n h\u0259bsd\u0259 olan direktoru Vatslav Havel M\u00fckafat\u0131na namiz\u0259d g\u00f6st\u0259rilib - MEYDAN.TV\" \/>\n<meta property=\"og:description\" content=\"AbzasMedia-n\u0131n h\u0259bsd\u0259 olan direktoru \u00dclvi H\u0259s\u0259nli \u0130nsan H\u00fcquqlar\u0131 \u00fczr\u0259 Vatslav ... Davam\u0131\" \/>\n<meta property=\"og:url\" content=\"https:\/\/www.meydan.tv\/az\/article\/abzasmedia-nin-h%c9%99bsd%c9%99-olan-direktoru-vatslav-havel-mukafatina-namiz%c9%99d-gost%c9%99rilib\/\" \/>\n<meta property=\"og:site_name\" content=\"MEYDAN.TV\" \/>\n<meta property=\"article:published_time\" content=\"2025-08-26T16:06:59+00:00\" \/>\n<meta property=\"article:modified_time\" content=\"2025-08-26T16:07:03+00:00\" \/>\n<meta property=\"og:image\" content=\"https:\/\/www.meydan.tv\/wp-content\/uploads\/img_0637_720-e1701080445417-1.jpg\" \/>\n\t<meta property=\"og:image:width\" content=\"1500\" \/>\n\t<meta property=\"og:image:height\" content=\"800\" \/>\n\t<meta property=\"og:image:type\" content=\"image\/jpeg\" \/>\n<meta name=\"author\" content=\"sevda\" \/>\n<meta name=\"twitter:card\" content=\"summary_large_image\" \/>\n<script type=\"application\/ld+json\" class=\"yoast-schema-graph\">{\"@context\":\"https:\\\/\\\/schema.org\",\"@graph\":[{\"@type\":\"Article\",\"@id\":\"https:\\\/\\\/www.meydan.tv\\\/az\\\/article\\\/abzasmedia-nin-h%c9%99bsd%c9%99-olan-direktoru-vatslav-havel-mukafatina-namiz%c9%99d-gost%c9%99rilib\\\/#article\",\"isPartOf\":{\"@id\":\"https:\\\/\\\/www.meydan.tv\\\/az\\\/article\\\/abzasmedia-nin-h%c9%99bsd%c9%99-olan-direktoru-vatslav-havel-mukafatina-namiz%c9%99d-gost%c9%99rilib\\\/\"},\"author\":{\"name\":\"sevda\",\"@id\":\"https:\\\/\\\/www.meydan.tv\\\/az\\\/#\\\/schema\\\/person\\\/49b5f2bad5b126bb8ea9320eeb3e4dc9\"},\"headline\":\"AbzasMedia-n\u0131n h\u0259bsd\u0259 olan direktoru Vatslav Havel M\u00fckafat\u0131na namiz\u0259d g\u00f6st\u0259rilib\",\"datePublished\":\"2025-08-26T16:06:59+00:00\",\"dateModified\":\"2025-08-26T16:07:03+00:00\",\"mainEntityOfPage\":{\"@id\":\"https:\\\/\\\/www.meydan.tv\\\/az\\\/article\\\/abzasmedia-nin-h%c9%99bsd%c9%99-olan-direktoru-vatslav-havel-mukafatina-namiz%c9%99d-gost%c9%99rilib\\\/\"},\"wordCount\":557,\"publisher\":{\"@id\":\"https:\\\/\\\/www.meydan.tv\\\/az\\\/#organization\"},\"image\":{\"@id\":\"https:\\\/\\\/www.meydan.tv\\\/az\\\/article\\\/abzasmedia-nin-h%c9%99bsd%c9%99-olan-direktoru-vatslav-havel-mukafatina-namiz%c9%99d-gost%c9%99rilib\\\/#primaryimage\"},\"thumbnailUrl\":\"https:\\\/\\\/www.meydan.tv\\\/wp-content\\\/uploads\\\/img_0637_720-e1701080445417-1.jpg\",\"articleSection\":[\"Siyas\u0259t\",\"T\u00f6vsiy\u0259\",\"X\u0259b\u0259rl\u0259r\"],\"inLanguage\":\"az\"},{\"@type\":\"WebPage\",\"@id\":\"https:\\\/\\\/www.meydan.tv\\\/az\\\/article\\\/abzasmedia-nin-h%c9%99bsd%c9%99-olan-direktoru-vatslav-havel-mukafatina-namiz%c9%99d-gost%c9%99rilib\\\/\",\"url\":\"https:\\\/\\\/www.meydan.tv\\\/az\\\/article\\\/abzasmedia-nin-h%c9%99bsd%c9%99-olan-direktoru-vatslav-havel-mukafatina-namiz%c9%99d-gost%c9%99rilib\\\/\",\"name\":\"AbzasMedia-n\u0131n h\u0259bsd\u0259 olan direktoru Vatslav Havel M\u00fckafat\u0131na namiz\u0259d g\u00f6st\u0259rilib - MEYDAN.TV\",\"isPartOf\":{\"@id\":\"https:\\\/\\\/www.meydan.tv\\\/az\\\/#website\"},\"primaryImageOfPage\":{\"@id\":\"https:\\\/\\\/www.meydan.tv\\\/az\\\/article\\\/abzasmedia-nin-h%c9%99bsd%c9%99-olan-direktoru-vatslav-havel-mukafatina-namiz%c9%99d-gost%c9%99rilib\\\/#primaryimage\"},\"image\":{\"@id\":\"https:\\\/\\\/www.meydan.tv\\\/az\\\/article\\\/abzasmedia-nin-h%c9%99bsd%c9%99-olan-direktoru-vatslav-havel-mukafatina-namiz%c9%99d-gost%c9%99rilib\\\/#primaryimage\"},\"thumbnailUrl\":\"https:\\\/\\\/www.meydan.tv\\\/wp-content\\\/uploads\\\/img_0637_720-e1701080445417-1.jpg\",\"datePublished\":\"2025-08-26T16:06:59+00:00\",\"dateModified\":\"2025-08-26T16:07:03+00:00\",\"breadcrumb\":{\"@id\":\"https:\\\/\\\/www.meydan.tv\\\/az\\\/article\\\/abzasmedia-nin-h%c9%99bsd%c9%99-olan-direktoru-vatslav-havel-mukafatina-namiz%c9%99d-gost%c9%99rilib\\\/#breadcrumb\"},\"inLanguage\":\"az\",\"potentialAction\":[{\"@type\":\"ReadAction\",\"target\":[\"https:\\\/\\\/www.meydan.tv\\\/az\\\/article\\\/abzasmedia-nin-h%c9%99bsd%c9%99-olan-direktoru-vatslav-havel-mukafatina-namiz%c9%99d-gost%c9%99rilib\\\/\"]}]},{\"@type\":\"ImageObject\",\"inLanguage\":\"az\",\"@id\":\"https:\\\/\\\/www.meydan.tv\\\/az\\\/article\\\/abzasmedia-nin-h%c9%99bsd%c9%99-olan-direktoru-vatslav-havel-mukafatina-namiz%c9%99d-gost%c9%99rilib\\\/#primaryimage\",\"url\":\"https:\\\/\\\/www.meydan.tv\\\/wp-content\\\/uploads\\\/img_0637_720-e1701080445417-1.jpg\",\"contentUrl\":\"https:\\\/\\\/www.meydan.tv\\\/wp-content\\\/uploads\\\/img_0637_720-e1701080445417-1.jpg\",\"width\":1500,\"height\":800,\"caption\":\"\u00dclvi H\u0259s\u0259nli. \u00dcllustrasiya: Meydan TV\"},{\"@type\":\"BreadcrumbList\",\"@id\":\"https:\\\/\\\/www.meydan.tv\\\/az\\\/article\\\/abzasmedia-nin-h%c9%99bsd%c9%99-olan-direktoru-vatslav-havel-mukafatina-namiz%c9%99d-gost%c9%99rilib\\\/#breadcrumb\",\"itemListElement\":[{\"@type\":\"ListItem\",\"position\":1,\"name\":\"Ana s\u0259hif\u0259\",\"item\":\"https:\\\/\\\/www.meydan.tv\\\/az\\\/\"},{\"@type\":\"ListItem\",\"position\":2,\"name\":\"X\u0259b\u0259rl\u0259r\",\"item\":\"https:\\\/\\\/www.meydan.tv\\\/az\\\/section\\\/xeberler\\\/\"},{\"@type\":\"ListItem\",\"position\":3,\"name\":\"AbzasMedia-n\u0131n h\u0259bsd\u0259 olan direktoru Vatslav Havel M\u00fckafat\u0131na namiz\u0259d g\u00f6st\u0259rilib\"}]},{\"@type\":\"WebSite\",\"@id\":\"https:\\\/\\\/www.meydan.tv\\\/az\\\/#website\",\"url\":\"https:\\\/\\\/www.meydan.tv\\\/az\\\/\",\"name\":\"MEYDAN.TV\",\"description\":\"Meydan TV Az\u0259rbaycan\u0131n media m\u0259kan\u0131ndak\u0131 alternativ s\u0259sidir\",\"publisher\":{\"@id\":\"https:\\\/\\\/www.meydan.tv\\\/az\\\/#organization\"},\"potentialAction\":[{\"@type\":\"SearchAction\",\"target\":{\"@type\":\"EntryPoint\",\"urlTemplate\":\"https:\\\/\\\/www.meydan.tv\\\/az\\\/?s={search_term_string}\"},\"query-input\":{\"@type\":\"PropertyValueSpecification\",\"valueRequired\":true,\"valueName\":\"search_term_string\"}}],\"inLanguage\":\"az\"},{\"@type\":\"Organization\",\"@id\":\"https:\\\/\\\/www.meydan.tv\\\/az\\\/#organization\",\"name\":\"Meydan TV\",\"url\":\"https:\\\/\\\/www.meydan.tv\\\/az\\\/\",\"logo\":{\"@type\":\"ImageObject\",\"inLanguage\":\"az\",\"@id\":\"https:\\\/\\\/www.meydan.tv\\\/az\\\/#\\\/schema\\\/logo\\\/image\\\/\",\"url\":\"https:\\\/\\\/www.meydan.tv\\\/wp-content\\\/uploads\\\/2021\\\/07\\\/meydan-logo.svg\",\"contentUrl\":\"https:\\\/\\\/www.meydan.tv\\\/wp-content\\\/uploads\\\/2021\\\/07\\\/meydan-logo.svg\",\"width\":195,\"height\":46,\"caption\":\"Meydan TV\"},\"image\":{\"@id\":\"https:\\\/\\\/www.meydan.tv\\\/az\\\/#\\\/schema\\\/logo\\\/image\\\/\"}},{\"@type\":\"Person\",\"@id\":\"https:\\\/\\\/www.meydan.tv\\\/az\\\/#\\\/schema\\\/person\\\/49b5f2bad5b126bb8ea9320eeb3e4dc9\",\"name\":\"sevda\"}]}<\/script>\n<!-- \/ Yoast SEO plugin. -->","yoast_head_json":{"title":"AbzasMedia-n\u0131n h\u0259bsd\u0259 olan direktoru Vatslav Havel M\u00fckafat\u0131na namiz\u0259d g\u00f6st\u0259rilib - MEYDAN.TV","robots":{"index":"index","follow":"follow","max-snippet":"max-snippet:-1","max-image-preview":"max-image-preview:large","max-video-preview":"max-video-preview:-1"},"canonical":"https:\/\/www.meydan.tv\/az\/article\/abzasmedia-nin-h%c9%99bsd%c9%99-olan-direktoru-vatslav-havel-mukafatina-namiz%c9%99d-gost%c9%99rilib\/","og_locale":"az_AZ","og_type":"article","og_title":"AbzasMedia-n\u0131n h\u0259bsd\u0259 olan direktoru Vatslav Havel M\u00fckafat\u0131na namiz\u0259d g\u00f6st\u0259rilib - MEYDAN.TV","og_description":"AbzasMedia-n\u0131n h\u0259bsd\u0259 olan direktoru \u00dclvi H\u0259s\u0259nli \u0130nsan H\u00fcquqlar\u0131 \u00fczr\u0259 Vatslav ... Davam\u0131","og_url":"https:\/\/www.meydan.tv\/az\/article\/abzasmedia-nin-h%c9%99bsd%c9%99-olan-direktoru-vatslav-havel-mukafatina-namiz%c9%99d-gost%c9%99rilib\/","og_site_name":"MEYDAN.TV","article_published_time":"2025-08-26T16:06:59+00:00","article_modified_time":"2025-08-26T16:07:03+00:00","og_image":[{"width":1500,"height":800,"url":"https:\/\/www.meydan.tv\/wp-content\/uploads\/img_0637_720-e1701080445417-1.jpg","type":"image\/jpeg"}],"author":"sevda","twitter_card":"summary_large_image","schema":{"@context":"https:\/\/schema.org","@graph":[{"@type":"Article","@id":"https:\/\/www.meydan.tv\/az\/article\/abzasmedia-nin-h%c9%99bsd%c9%99-olan-direktoru-vatslav-havel-mukafatina-namiz%c9%99d-gost%c9%99rilib\/#article","isPartOf":{"@id":"https:\/\/www.meydan.tv\/az\/article\/abzasmedia-nin-h%c9%99bsd%c9%99-olan-direktoru-vatslav-havel-mukafatina-namiz%c9%99d-gost%c9%99rilib\/"},"author":{"name":"sevda","@id":"https:\/\/www.meydan.tv\/az\/#\/schema\/person\/49b5f2bad5b126bb8ea9320eeb3e4dc9"},"headline":"AbzasMedia-n\u0131n h\u0259bsd\u0259 olan direktoru Vatslav Havel M\u00fckafat\u0131na namiz\u0259d g\u00f6st\u0259rilib","datePublished":"2025-08-26T16:06:59+00:00","dateModified":"2025-08-26T16:07:03+00:00","mainEntityOfPage":{"@id":"https:\/\/www.meydan.tv\/az\/article\/abzasmedia-nin-h%c9%99bsd%c9%99-olan-direktoru-vatslav-havel-mukafatina-namiz%c9%99d-gost%c9%99rilib\/"},"wordCount":557,"publisher":{"@id":"https:\/\/www.meydan.tv\/az\/#organization"},"image":{"@id":"https:\/\/www.meydan.tv\/az\/article\/abzasmedia-nin-h%c9%99bsd%c9%99-olan-direktoru-vatslav-havel-mukafatina-namiz%c9%99d-gost%c9%99rilib\/#primaryimage"},"thumbnailUrl":"https:\/\/www.meydan.tv\/wp-content\/uploads\/img_0637_720-e1701080445417-1.jpg","articleSection":["Siyas\u0259t","T\u00f6vsiy\u0259","X\u0259b\u0259rl\u0259r"],"inLanguage":"az"},{"@type":"WebPage","@id":"https:\/\/www.meydan.tv\/az\/article\/abzasmedia-nin-h%c9%99bsd%c9%99-olan-direktoru-vatslav-havel-mukafatina-namiz%c9%99d-gost%c9%99rilib\/","url":"https:\/\/www.meydan.tv\/az\/article\/abzasmedia-nin-h%c9%99bsd%c9%99-olan-direktoru-vatslav-havel-mukafatina-namiz%c9%99d-gost%c9%99rilib\/","name":"AbzasMedia-n\u0131n h\u0259bsd\u0259 olan direktoru Vatslav Havel M\u00fckafat\u0131na namiz\u0259d g\u00f6st\u0259rilib - MEYDAN.TV","isPartOf":{"@id":"https:\/\/www.meydan.tv\/az\/#website"},"primaryImageOfPage":{"@id":"https:\/\/www.meydan.tv\/az\/article\/abzasmedia-nin-h%c9%99bsd%c9%99-olan-direktoru-vatslav-havel-mukafatina-namiz%c9%99d-gost%c9%99rilib\/#primaryimage"},"image":{"@id":"https:\/\/www.meydan.tv\/az\/article\/abzasmedia-nin-h%c9%99bsd%c9%99-olan-direktoru-vatslav-havel-mukafatina-namiz%c9%99d-gost%c9%99rilib\/#primaryimage"},"thumbnailUrl":"https:\/\/www.meydan.tv\/wp-content\/uploads\/img_0637_720-e1701080445417-1.jpg","datePublished":"2025-08-26T16:06:59+00:00","dateModified":"2025-08-26T16:07:03+00:00","breadcrumb":{"@id":"https:\/\/www.meydan.tv\/az\/article\/abzasmedia-nin-h%c9%99bsd%c9%99-olan-direktoru-vatslav-havel-mukafatina-namiz%c9%99d-gost%c9%99rilib\/#breadcrumb"},"inLanguage":"az","potentialAction":[{"@type":"ReadAction","target":["https:\/\/www.meydan.tv\/az\/article\/abzasmedia-nin-h%c9%99bsd%c9%99-olan-direktoru-vatslav-havel-mukafatina-namiz%c9%99d-gost%c9%99rilib\/"]}]},{"@type":"ImageObject","inLanguage":"az","@id":"https:\/\/www.meydan.tv\/az\/article\/abzasmedia-nin-h%c9%99bsd%c9%99-olan-direktoru-vatslav-havel-mukafatina-namiz%c9%99d-gost%c9%99rilib\/#primaryimage","url":"https:\/\/www.meydan.tv\/wp-content\/uploads\/img_0637_720-e1701080445417-1.jpg","contentUrl":"https:\/\/www.meydan.tv\/wp-content\/uploads\/img_0637_720-e1701080445417-1.jpg","width":1500,"height":800,"caption":"\u00dclvi H\u0259s\u0259nli. \u00dcllustrasiya: Meydan TV"},{"@type":"BreadcrumbList","@id":"https:\/\/www.meydan.tv\/az\/article\/abzasmedia-nin-h%c9%99bsd%c9%99-olan-direktoru-vatslav-havel-mukafatina-namiz%c9%99d-gost%c9%99rilib\/#breadcrumb","itemListElement":[{"@type":"ListItem","position":1,"name":"Ana s\u0259hif\u0259","item":"https:\/\/www.meydan.tv\/az\/"},{"@type":"ListItem","position":2,"name":"X\u0259b\u0259rl\u0259r","item":"https:\/\/www.meydan.tv\/az\/section\/xeberler\/"},{"@type":"ListItem","position":3,"name":"AbzasMedia-n\u0131n h\u0259bsd\u0259 olan direktoru Vatslav Havel M\u00fckafat\u0131na namiz\u0259d g\u00f6st\u0259rilib"}]},{"@type":"WebSite","@id":"https:\/\/www.meydan.tv\/az\/#website","url":"https:\/\/www.meydan.tv\/az\/","name":"MEYDAN.TV","description":"Meydan TV Az\u0259rbaycan\u0131n media m\u0259kan\u0131ndak\u0131 alternativ s\u0259sidir","publisher":{"@id":"https:\/\/www.meydan.tv\/az\/#organization"},"potentialAction":[{"@type":"SearchAction","target":{"@type":"EntryPoint","urlTemplate":"https:\/\/www.meydan.tv\/az\/?s={search_term_string}"},"query-input":{"@type":"PropertyValueSpecification","valueRequired":true,"valueName":"search_term_string"}}],"inLanguage":"az"},{"@type":"Organization","@id":"https:\/\/www.meydan.tv\/az\/#organization","name":"Meydan TV","url":"https:\/\/www.meydan.tv\/az\/","logo":{"@type":"ImageObject","inLanguage":"az","@id":"https:\/\/www.meydan.tv\/az\/#\/schema\/logo\/image\/","url":"https:\/\/www.meydan.tv\/wp-content\/uploads\/2021\/07\/meydan-logo.svg","contentUrl":"https:\/\/www.meydan.tv\/wp-content\/uploads\/2021\/07\/meydan-logo.svg","width":195,"height":46,"caption":"Meydan TV"},"image":{"@id":"https:\/\/www.meydan.tv\/az\/#\/schema\/logo\/image\/"}},{"@type":"Person","@id":"https:\/\/www.meydan.tv\/az\/#\/schema\/person\/49b5f2bad5b126bb8ea9320eeb3e4dc9","name":"sevda"}]}},"_links":{"self":[{"href":"https:\/\/www.meydan.tv\/az\/wp-json\/wp\/v2\/posts\/334518","targetHints":{"allow":["GET"]}}],"collection":[{"href":"https:\/\/www.meydan.tv\/az\/wp-json\/wp\/v2\/posts"}],"about":[{"href":"https:\/\/www.meydan.tv\/az\/wp-json\/wp\/v2\/types\/post"}],"author":[{"embeddable":true,"href":"https:\/\/www.meydan.tv\/az\/wp-json\/wp\/v2\/users\/16"}],"replies":[{"embeddable":true,"href":"https:\/\/www.meydan.tv\/az\/wp-json\/wp\/v2\/comments?post=334518"}],"version-history":[{"count":3,"href":"https:\/\/www.meydan.tv\/az\/wp-json\/wp\/v2\/posts\/334518\/revisions"}],"predecessor-version":[{"id":334521,"href":"https:\/\/www.meydan.tv\/az\/wp-json\/wp\/v2\/posts\/334518\/revisions\/334521"}],"wp:featuredmedia":[{"embeddable":true,"href":"https:\/\/www.meydan.tv\/az\/wp-json\/wp\/v2\/media\/295057"}],"wp:attachment":[{"href":"https:\/\/www.meydan.tv\/az\/wp-json\/wp\/v2\/media?parent=334518"}],"wp:term":[{"taxonomy":"category","embeddable":true,"href":"https:\/\/www.meydan.tv\/az\/wp-json\/wp\/v2\/categories?post=334518"},{"taxonomy":"post_tag","embeddable":true,"href":"https:\/\/www.meydan.tv\/az\/wp-json\/wp\/v2\/tags?post=334518"}],"curies":[{"name":"wp","href":"https:\/\/api.w.org\/{rel}","templated":true}]}}