{"id":334514,"date":"2025-08-26T19:04:35","date_gmt":"2025-08-26T15:04:35","guid":{"rendered":"https:\/\/www.meydan.tv\/?p=334514"},"modified":"2025-08-26T21:02:31","modified_gmt":"2025-08-26T17:02:31","slug":"emin-agalarovun-sirk%c9%99ti-rusiya-ordusu-enerji-ickil%c9%99rinin-satisina-baslayib","status":"publish","type":"post","link":"https:\/\/www.meydan.tv\/az\/article\/emin-agalarovun-sirk%c9%99ti-rusiya-ordusu-enerji-ickil%c9%99rinin-satisina-baslayib\/","title":{"rendered":"Emin A\u011falarovun \u015firk\u0259ti \u201cRusiya Ordusu\u201d enerji i\u00e7kil\u0259rinin istehsal\u0131na ba\u015flay\u0131r"},"content":{"rendered":"\n<p>Prezident \u0130lham \u018fliyevin ke\u00e7mi\u015f k\u00fcr\u0259k\u0259ni, biznesmen Emin A\u011falarovun da pay sahibi oldu\u011fu \u201cUni Pack\u201d qazl\u0131 su istehsal\u00e7\u0131s\u0131 \u015firk\u0259ti \u201c\u0410\u0440\u043c\u0438\u044f \u0420\u043e\u0441\u0441\u0438\u0438\u201d (\u201cRusiya Ordusu\u201d) ad\u0131 il\u0259 enerji i\u00e7kil\u0259rinin istehsal\u0131na ba\u015flaya bil\u0259r.<\/p>\n\n\n\n<p>\u015eirk\u0259t art\u0131q Rusiyan\u0131n Federal Akkreditasiya Xidm\u0259tind\u0259n uy\u011funluq <a href=\"https:\/\/www.kommersant.ru\/doc\/7989458\" target=\"_blank\" rel=\"noreferrer noopener nofollow\">sertifikat\u0131 al\u0131b<\/a>. <\/p>\n\n\n\n<p>\u201cUni Pack\u201d 2022-ci ild\u0259 yarad\u0131l\u0131b. Bunun \u00fc\u00e7\u00fcn Moskva \u0259traf\u0131ndak\u0131 Mojaysk \u015f\u0259h\u0259rind\u0259ki \u201c\u0421\u043f\u0430\u0441\u043e-\u0411\u043e\u0440\u043e\u0434\u0438\u043d\u0441\u043a\u0438\u0435 \u0432\u043e\u0434\u044b\u201d (\u201cSpaso-Borodino sular\u0131\u201d) zavodu al\u0131n\u0131b. Emin A\u011falarovun \u015f\u0259xsi brendi \u201cJara\u201d da bu zavodda istehsal olunur.&nbsp; H\u0259tta bildirilir ki, Emin A\u011falarov zavodu \u201cJara\u201d brendini inki\u015faf etdirm\u0259k \u00fc\u00e7\u00fcn al\u0131b. O, \u015firk\u0259tin 25%-n\u0259 sahibdir.&nbsp; Eyni pay Az\u0259rbaycan v\u0259t\u0259nda\u015flar\u0131 \u2013 X\u0259yal Abbaszad\u0259, Fuad \u018fliyev v\u0259 Nail A\u011fayev\u0259 d\u0259 m\u0259xsusdur.&nbsp;<\/p>\n\n\n\n<p>\u201cUni Pack\u201d\u0131n kommersiya direktoru Aleksandr \u00c7irkovun s\u00f6zl\u0259rin\u0259 g\u00f6r\u0259, zavodda 100-d\u0259n \u00e7ox m\u00fcxt\u0259lif brendl\u0259r istehsal olunur v\u0259 Rusiya il\u0259 yana\u015f\u0131, 23 \u00f6lk\u0259y\u0259 ixrac edilir. Bildirilir ki, \u015firk\u0259tin 2024-c\u00fc ild\u0259 g\u0259lirl\u0259ri 3.3 d\u0259f\u0259 art\u0131b.&nbsp;<\/p>\n\n\n\n<p>Haz\u0131rda \u201c\u0410\u0440\u043c\u0438\u044f \u0420\u043e\u0441\u0441\u0438\u0438\u201d i\u00e7kil\u0259rinin istehsal\u00e7\u0131s\u0131 \u201cMegapak\u201d \u015firk\u0259tidir v\u0259 bu m\u0259hsul Moskvadak\u0131 b\u0259zi h\u0259rbi ma\u011fazalarda (voyentorq) m\u00f6vcuddur. Bildirilir ki, \u201c\u0410\u0440\u043c\u0438\u044f \u0420\u043e\u0441\u0441\u0438\u0438\u201d ticar\u0259t ni\u015fan\u0131 Rusiya M\u00fcdafi\u0259 Nazirliyinin n\u0259zar\u0259tind\u0259dir v\u0259 istifad\u0259 h\u00fcquqlar\u0131n\u0131 da onlar qoruyur.<\/p>\n\n\n\n<p>Son zamanlar Rusiya il\u0259 Az\u0259rbaycan aras\u0131nda m\u00fcnasib\u0259tl\u0259r \u00f6z g\u0259rginlik d\u00f6vr\u00fcn\u00fc ya\u015fay\u0131r. G\u0259rginl\u0259\u015fm\u0259 2024-c\u00fc il dekabr\u0131n 25-d\u0259 AZAL-a m\u0259xsus s\u0259rni\u015fin t\u0259yyar\u0259sinin Rusiyan\u0131n hava h\u00fccumundan m\u00fcdafi\u0259 sisteml\u0259ri t\u0259r\u0259find\u0259n <a href=\"https:\/\/www.meydan.tv\/az\/article\/az%c9%99rbaycana-m%c9%99xsus-t%c9%99yyar%c9%99ni-rusiyanin-vurdugu-bildirilir\/\" target=\"_blank\" rel=\"noreferrer noopener nofollow\">vurulmas\u0131ndan<\/a> sonra ba\u015flay\u0131b.<\/p>\n\n\n\n<p>38 n\u0259f\u0259rin h\u0259yat\u0131n\u0131 itirdiyi bu insident h\u0259m Az\u0259rbaycan c\u0259miyy\u0259tind\u0259, h\u0259m d\u0259 siyasi dair\u0259l\u0259rd\u0259 ciddi narahatl\u0131\u011fa s\u0259b\u0259b olmu\u015fdu. Prezident \u0130lham \u018fliyev s\u0259rt a\u00e7\u0131qlama il\u0259 \u00e7\u0131x\u0131\u015f ed\u0259r\u0259k Rusiyadan \u00fczr, t\u0259zminat v\u0259 m\u0259sul \u015f\u0259xsl\u0259rin c\u0259zaland\u0131r\u0131lmas\u0131n\u0131 <a href=\"https:\/\/www.meydan.tv\/az\/article\/ilham-eliyev-rusiya-t%c9%99r%c9%99fi-m%c9%99s%c9%99l%c9%99ni-ort-basdir-etm%c9%99k-ist%c9%99yir\/\" target=\"_blank\" rel=\"noreferrer noopener\">t\u0259l\u0259b etdi.<\/a><\/p>\n\n\n\n<p>2025-ci il ilin iyununda is\u0259 Rusiyada az\u0259rbaycanl\u0131lara, ard\u0131nca Az\u0259rbaycanda rus v\u0259t\u0259nda\u015flara qar\u015f\u0131 reydl\u0259r v\u0259 h\u0259bsl\u0259r ba\u015flay\u0131b.<br><br>T\u0259xmin\u0259n bir ne\u00e7\u0259 g\u00fcn \u0259vv\u0259l is\u0259 \u00f6z\u00fcn\u00fcn h\u00f6kum\u0259ty\u00f6nl\u00fc m\u00f6vqeyi v\u0259 Vladimir Putinin d\u0259st\u0259k\u00e7isi kimi tan\u0131nan rusiyal\u0131 siyasi \u015f\u0259rh\u00e7i Sergey Markovun \u00f6t\u0259n ay \u015eu\u015fada ba\u015f tutan media forumunda prezident \u0130lham \u018fliyevi t\u0259rifl\u0259diyi \u00fc\u00e7\u00fcn &#8220;xarici agent&#8221; elan olunmas\u0131 bar\u0259d\u0259 x\u0259b\u0259rl\u0259r <a href=\"https:\/\/www.meydan.tv\/az\/article\/rusiyali-politoloq-ilham-eliyevi-t%c9%99rifl%c9%99diyi-ucun-xarici-agent-elan-edilib\/\" target=\"_blank\" rel=\"noreferrer noopener nofollow\">yay\u0131l\u0131b<\/a>. <\/p>\n\n\n\n<p>Bu hadis\u0259l\u0259rin fonunda Emin A\u011falarov t\u0259\u015fkilat\u00e7\u0131s\u0131 oldu\u011fu&nbsp; \u201cDream Fest\u201d\u0259 i\u015ftirak ed\u0259c\u0259k 20 rus m\u00fc\u011f\u0259nnisinin \u00e7\u0131x\u0131\u015f\u0131n\u0131 <a href=\"https:\/\/www.meydan.tv\/az\/article\/rusiyada-az%c9%99rbaycanlilara-qarsi-polis-zorakiligina-etiraz-az%c9%99rbaycanda-rus-m%c9%99d%c9%99niyy%c9%99t-t%c9%99dbirl%c9%99ri-l%c9%99gv-edildi\/\" target=\"_blank\" rel=\"noreferrer noopener\">l\u0259\u011fv edib.<\/a><\/p>\n\n\n\n<p>Emin A\u011falarovun atas\u0131 Araz A\u011falarov Rusiyada f\u0259aliyy\u0259t g\u00f6st\u0259r\u0259n i\u015f adam\u0131d\u0131r.<\/p>\n\n\n\n<p>A\u011falarovlar\u0131n Rusiyadak\u0131 biznesl\u0259ri, \u0259sas\u0259n da\u015f\u0131nmaz \u0259mlak, ticar\u0259t, restoranlar v\u0259 \u0259yl\u0259nc\u0259 sah\u0259l\u0259rind\u0259 c\u0259ml\u0259\u015fib.<\/p>\n\n\n\n<p>Onlar\u0131n layih\u0259l\u0259ri h\u0259m Rusiyada, h\u0259m d\u0259 beyn\u0259lxalq miqyasda geni\u015f t\u0259sir\u0259 malikdir.<\/p>\n","protected":false},"excerpt":{"rendered":"<p>Prezident \u0130lham \u018fliyevin ke\u00e7mi\u015f k\u00fcr\u0259k\u0259ni, biznesmen Emin A\u011falarovun da pay &#8230; <\/p>\n<p class=\"read-more-container\"><a title=\"Emin A\u011falarovun \u015firk\u0259ti \u201cRusiya Ordusu\u201d enerji i\u00e7kil\u0259rinin istehsal\u0131na ba\u015flay\u0131r\" class=\"read-more button\" href=\"https:\/\/www.meydan.tv\/az\/article\/emin-agalarovun-sirk%c9%99ti-rusiya-ordusu-enerji-ickil%c9%99rinin-satisina-baslayib\/#more-334514\" aria-label=\"Read more about Emin A\u011falarovun \u015firk\u0259ti \u201cRusiya Ordusu\u201d enerji i\u00e7kil\u0259rinin istehsal\u0131na ba\u015flay\u0131r\">Davam\u0131<\/a><\/p>\n","protected":false},"author":16,"featured_media":302649,"comment_status":"closed","ping_status":"closed","sticky":false,"template":"","format":"standard","meta":{"_acf_changed":false,"_sitemap_exclude":false,"_sitemap_priority":"","_sitemap_frequency":"","footnotes":""},"categories":[79,56],"tags":[],"class_list":["post-334514","post","type-post","status-publish","format-standard","has-post-thumbnail","hentry","category-featured","category-xeberler","infinite-scroll-item","generate-columns","tablet-grid-50","mobile-grid-100","grid-parent","grid-33","no-featured-image-padding"],"acf":[],"yoast_head":"<!-- This site is optimized with the Yoast SEO plugin v27.5 - https:\/\/yoast.com\/product\/yoast-seo-wordpress\/ -->\n<title>Emin A\u011falarovun \u015firk\u0259ti \u201cRusiya Ordusu\u201d enerji i\u00e7kil\u0259rinin istehsal\u0131na ba\u015flay\u0131r - MEYDAN.TV<\/title>\n<meta name=\"robots\" content=\"index, follow, max-snippet:-1, max-image-preview:large, max-video-preview:-1\" \/>\n<link rel=\"canonical\" href=\"https:\/\/www.meydan.tv\/az\/article\/emin-agalarovun-sirk%c9%99ti-rusiya-ordusu-enerji-ickil%c9%99rinin-satisina-baslayib\/\" \/>\n<meta property=\"og:locale\" content=\"az_AZ\" \/>\n<meta property=\"og:type\" content=\"article\" \/>\n<meta property=\"og:title\" content=\"Emin A\u011falarovun \u015firk\u0259ti \u201cRusiya Ordusu\u201d enerji i\u00e7kil\u0259rinin istehsal\u0131na ba\u015flay\u0131r - MEYDAN.TV\" \/>\n<meta property=\"og:description\" content=\"Prezident \u0130lham \u018fliyevin ke\u00e7mi\u015f k\u00fcr\u0259k\u0259ni, biznesmen Emin A\u011falarovun da pay ... Davam\u0131\" \/>\n<meta property=\"og:url\" content=\"https:\/\/www.meydan.tv\/az\/article\/emin-agalarovun-sirk%c9%99ti-rusiya-ordusu-enerji-ickil%c9%99rinin-satisina-baslayib\/\" \/>\n<meta property=\"og:site_name\" content=\"MEYDAN.TV\" \/>\n<meta property=\"article:published_time\" content=\"2025-08-26T15:04:35+00:00\" \/>\n<meta property=\"article:modified_time\" content=\"2025-08-26T17:02:31+00:00\" \/>\n<meta property=\"og:image\" content=\"https:\/\/www.meydan.tv\/wp-content\/uploads\/unnamed-12.jpg\" \/>\n\t<meta property=\"og:image:width\" content=\"1200\" \/>\n\t<meta property=\"og:image:height\" content=\"500\" \/>\n\t<meta property=\"og:image:type\" content=\"image\/jpeg\" \/>\n<meta name=\"author\" content=\"sevda\" \/>\n<meta name=\"twitter:card\" content=\"summary_large_image\" \/>\n<script type=\"application\/ld+json\" class=\"yoast-schema-graph\">{\"@context\":\"https:\\\/\\\/schema.org\",\"@graph\":[{\"@type\":\"Article\",\"@id\":\"https:\\\/\\\/www.meydan.tv\\\/az\\\/article\\\/emin-agalarovun-sirk%c9%99ti-rusiya-ordusu-enerji-ickil%c9%99rinin-satisina-baslayib\\\/#article\",\"isPartOf\":{\"@id\":\"https:\\\/\\\/www.meydan.tv\\\/az\\\/article\\\/emin-agalarovun-sirk%c9%99ti-rusiya-ordusu-enerji-ickil%c9%99rinin-satisina-baslayib\\\/\"},\"author\":{\"name\":\"sevda\",\"@id\":\"https:\\\/\\\/www.meydan.tv\\\/az\\\/#\\\/schema\\\/person\\\/49b5f2bad5b126bb8ea9320eeb3e4dc9\"},\"headline\":\"Emin A\u011falarovun \u015firk\u0259ti \u201cRusiya Ordusu\u201d enerji i\u00e7kil\u0259rinin istehsal\u0131na ba\u015flay\u0131r\",\"datePublished\":\"2025-08-26T15:04:35+00:00\",\"dateModified\":\"2025-08-26T17:02:31+00:00\",\"mainEntityOfPage\":{\"@id\":\"https:\\\/\\\/www.meydan.tv\\\/az\\\/article\\\/emin-agalarovun-sirk%c9%99ti-rusiya-ordusu-enerji-ickil%c9%99rinin-satisina-baslayib\\\/\"},\"wordCount\":629,\"publisher\":{\"@id\":\"https:\\\/\\\/www.meydan.tv\\\/az\\\/#organization\"},\"image\":{\"@id\":\"https:\\\/\\\/www.meydan.tv\\\/az\\\/article\\\/emin-agalarovun-sirk%c9%99ti-rusiya-ordusu-enerji-ickil%c9%99rinin-satisina-baslayib\\\/#primaryimage\"},\"thumbnailUrl\":\"https:\\\/\\\/www.meydan.tv\\\/wp-content\\\/uploads\\\/unnamed-12.jpg\",\"articleSection\":[\"T\u00f6vsiy\u0259\",\"X\u0259b\u0259rl\u0259r\"],\"inLanguage\":\"az\"},{\"@type\":\"WebPage\",\"@id\":\"https:\\\/\\\/www.meydan.tv\\\/az\\\/article\\\/emin-agalarovun-sirk%c9%99ti-rusiya-ordusu-enerji-ickil%c9%99rinin-satisina-baslayib\\\/\",\"url\":\"https:\\\/\\\/www.meydan.tv\\\/az\\\/article\\\/emin-agalarovun-sirk%c9%99ti-rusiya-ordusu-enerji-ickil%c9%99rinin-satisina-baslayib\\\/\",\"name\":\"Emin A\u011falarovun \u015firk\u0259ti \u201cRusiya Ordusu\u201d enerji i\u00e7kil\u0259rinin istehsal\u0131na ba\u015flay\u0131r - MEYDAN.TV\",\"isPartOf\":{\"@id\":\"https:\\\/\\\/www.meydan.tv\\\/az\\\/#website\"},\"primaryImageOfPage\":{\"@id\":\"https:\\\/\\\/www.meydan.tv\\\/az\\\/article\\\/emin-agalarovun-sirk%c9%99ti-rusiya-ordusu-enerji-ickil%c9%99rinin-satisina-baslayib\\\/#primaryimage\"},\"image\":{\"@id\":\"https:\\\/\\\/www.meydan.tv\\\/az\\\/article\\\/emin-agalarovun-sirk%c9%99ti-rusiya-ordusu-enerji-ickil%c9%99rinin-satisina-baslayib\\\/#primaryimage\"},\"thumbnailUrl\":\"https:\\\/\\\/www.meydan.tv\\\/wp-content\\\/uploads\\\/unnamed-12.jpg\",\"datePublished\":\"2025-08-26T15:04:35+00:00\",\"dateModified\":\"2025-08-26T17:02:31+00:00\",\"breadcrumb\":{\"@id\":\"https:\\\/\\\/www.meydan.tv\\\/az\\\/article\\\/emin-agalarovun-sirk%c9%99ti-rusiya-ordusu-enerji-ickil%c9%99rinin-satisina-baslayib\\\/#breadcrumb\"},\"inLanguage\":\"az\",\"potentialAction\":[{\"@type\":\"ReadAction\",\"target\":[\"https:\\\/\\\/www.meydan.tv\\\/az\\\/article\\\/emin-agalarovun-sirk%c9%99ti-rusiya-ordusu-enerji-ickil%c9%99rinin-satisina-baslayib\\\/\"]}]},{\"@type\":\"ImageObject\",\"inLanguage\":\"az\",\"@id\":\"https:\\\/\\\/www.meydan.tv\\\/az\\\/article\\\/emin-agalarovun-sirk%c9%99ti-rusiya-ordusu-enerji-ickil%c9%99rinin-satisina-baslayib\\\/#primaryimage\",\"url\":\"https:\\\/\\\/www.meydan.tv\\\/wp-content\\\/uploads\\\/unnamed-12.jpg\",\"contentUrl\":\"https:\\\/\\\/www.meydan.tv\\\/wp-content\\\/uploads\\\/unnamed-12.jpg\",\"width\":1200,\"height\":500,\"caption\":\"Emin A\u011falarov. Foto: Wiki\"},{\"@type\":\"BreadcrumbList\",\"@id\":\"https:\\\/\\\/www.meydan.tv\\\/az\\\/article\\\/emin-agalarovun-sirk%c9%99ti-rusiya-ordusu-enerji-ickil%c9%99rinin-satisina-baslayib\\\/#breadcrumb\",\"itemListElement\":[{\"@type\":\"ListItem\",\"position\":1,\"name\":\"Ana s\u0259hif\u0259\",\"item\":\"https:\\\/\\\/www.meydan.tv\\\/az\\\/\"},{\"@type\":\"ListItem\",\"position\":2,\"name\":\"X\u0259b\u0259rl\u0259r\",\"item\":\"https:\\\/\\\/www.meydan.tv\\\/az\\\/section\\\/xeberler\\\/\"},{\"@type\":\"ListItem\",\"position\":3,\"name\":\"Emin A\u011falarovun \u015firk\u0259ti \u201cRusiya Ordusu\u201d enerji i\u00e7kil\u0259rinin istehsal\u0131na ba\u015flay\u0131r\"}]},{\"@type\":\"WebSite\",\"@id\":\"https:\\\/\\\/www.meydan.tv\\\/az\\\/#website\",\"url\":\"https:\\\/\\\/www.meydan.tv\\\/az\\\/\",\"name\":\"MEYDAN.TV\",\"description\":\"Meydan TV Az\u0259rbaycan\u0131n media m\u0259kan\u0131ndak\u0131 alternativ s\u0259sidir\",\"publisher\":{\"@id\":\"https:\\\/\\\/www.meydan.tv\\\/az\\\/#organization\"},\"potentialAction\":[{\"@type\":\"SearchAction\",\"target\":{\"@type\":\"EntryPoint\",\"urlTemplate\":\"https:\\\/\\\/www.meydan.tv\\\/az\\\/?s={search_term_string}\"},\"query-input\":{\"@type\":\"PropertyValueSpecification\",\"valueRequired\":true,\"valueName\":\"search_term_string\"}}],\"inLanguage\":\"az\"},{\"@type\":\"Organization\",\"@id\":\"https:\\\/\\\/www.meydan.tv\\\/az\\\/#organization\",\"name\":\"Meydan TV\",\"url\":\"https:\\\/\\\/www.meydan.tv\\\/az\\\/\",\"logo\":{\"@type\":\"ImageObject\",\"inLanguage\":\"az\",\"@id\":\"https:\\\/\\\/www.meydan.tv\\\/az\\\/#\\\/schema\\\/logo\\\/image\\\/\",\"url\":\"https:\\\/\\\/www.meydan.tv\\\/wp-content\\\/uploads\\\/2021\\\/07\\\/meydan-logo.svg\",\"contentUrl\":\"https:\\\/\\\/www.meydan.tv\\\/wp-content\\\/uploads\\\/2021\\\/07\\\/meydan-logo.svg\",\"width\":195,\"height\":46,\"caption\":\"Meydan TV\"},\"image\":{\"@id\":\"https:\\\/\\\/www.meydan.tv\\\/az\\\/#\\\/schema\\\/logo\\\/image\\\/\"}},{\"@type\":\"Person\",\"@id\":\"https:\\\/\\\/www.meydan.tv\\\/az\\\/#\\\/schema\\\/person\\\/49b5f2bad5b126bb8ea9320eeb3e4dc9\",\"name\":\"sevda\"}]}<\/script>\n<!-- \/ Yoast SEO plugin. -->","yoast_head_json":{"title":"Emin A\u011falarovun \u015firk\u0259ti \u201cRusiya Ordusu\u201d enerji i\u00e7kil\u0259rinin istehsal\u0131na ba\u015flay\u0131r - MEYDAN.TV","robots":{"index":"index","follow":"follow","max-snippet":"max-snippet:-1","max-image-preview":"max-image-preview:large","max-video-preview":"max-video-preview:-1"},"canonical":"https:\/\/www.meydan.tv\/az\/article\/emin-agalarovun-sirk%c9%99ti-rusiya-ordusu-enerji-ickil%c9%99rinin-satisina-baslayib\/","og_locale":"az_AZ","og_type":"article","og_title":"Emin A\u011falarovun \u015firk\u0259ti \u201cRusiya Ordusu\u201d enerji i\u00e7kil\u0259rinin istehsal\u0131na ba\u015flay\u0131r - MEYDAN.TV","og_description":"Prezident \u0130lham \u018fliyevin ke\u00e7mi\u015f k\u00fcr\u0259k\u0259ni, biznesmen Emin A\u011falarovun da pay ... Davam\u0131","og_url":"https:\/\/www.meydan.tv\/az\/article\/emin-agalarovun-sirk%c9%99ti-rusiya-ordusu-enerji-ickil%c9%99rinin-satisina-baslayib\/","og_site_name":"MEYDAN.TV","article_published_time":"2025-08-26T15:04:35+00:00","article_modified_time":"2025-08-26T17:02:31+00:00","og_image":[{"width":1200,"height":500,"url":"https:\/\/www.meydan.tv\/wp-content\/uploads\/unnamed-12.jpg","type":"image\/jpeg"}],"author":"sevda","twitter_card":"summary_large_image","schema":{"@context":"https:\/\/schema.org","@graph":[{"@type":"Article","@id":"https:\/\/www.meydan.tv\/az\/article\/emin-agalarovun-sirk%c9%99ti-rusiya-ordusu-enerji-ickil%c9%99rinin-satisina-baslayib\/#article","isPartOf":{"@id":"https:\/\/www.meydan.tv\/az\/article\/emin-agalarovun-sirk%c9%99ti-rusiya-ordusu-enerji-ickil%c9%99rinin-satisina-baslayib\/"},"author":{"name":"sevda","@id":"https:\/\/www.meydan.tv\/az\/#\/schema\/person\/49b5f2bad5b126bb8ea9320eeb3e4dc9"},"headline":"Emin A\u011falarovun \u015firk\u0259ti \u201cRusiya Ordusu\u201d enerji i\u00e7kil\u0259rinin istehsal\u0131na ba\u015flay\u0131r","datePublished":"2025-08-26T15:04:35+00:00","dateModified":"2025-08-26T17:02:31+00:00","mainEntityOfPage":{"@id":"https:\/\/www.meydan.tv\/az\/article\/emin-agalarovun-sirk%c9%99ti-rusiya-ordusu-enerji-ickil%c9%99rinin-satisina-baslayib\/"},"wordCount":629,"publisher":{"@id":"https:\/\/www.meydan.tv\/az\/#organization"},"image":{"@id":"https:\/\/www.meydan.tv\/az\/article\/emin-agalarovun-sirk%c9%99ti-rusiya-ordusu-enerji-ickil%c9%99rinin-satisina-baslayib\/#primaryimage"},"thumbnailUrl":"https:\/\/www.meydan.tv\/wp-content\/uploads\/unnamed-12.jpg","articleSection":["T\u00f6vsiy\u0259","X\u0259b\u0259rl\u0259r"],"inLanguage":"az"},{"@type":"WebPage","@id":"https:\/\/www.meydan.tv\/az\/article\/emin-agalarovun-sirk%c9%99ti-rusiya-ordusu-enerji-ickil%c9%99rinin-satisina-baslayib\/","url":"https:\/\/www.meydan.tv\/az\/article\/emin-agalarovun-sirk%c9%99ti-rusiya-ordusu-enerji-ickil%c9%99rinin-satisina-baslayib\/","name":"Emin A\u011falarovun \u015firk\u0259ti \u201cRusiya Ordusu\u201d enerji i\u00e7kil\u0259rinin istehsal\u0131na ba\u015flay\u0131r - MEYDAN.TV","isPartOf":{"@id":"https:\/\/www.meydan.tv\/az\/#website"},"primaryImageOfPage":{"@id":"https:\/\/www.meydan.tv\/az\/article\/emin-agalarovun-sirk%c9%99ti-rusiya-ordusu-enerji-ickil%c9%99rinin-satisina-baslayib\/#primaryimage"},"image":{"@id":"https:\/\/www.meydan.tv\/az\/article\/emin-agalarovun-sirk%c9%99ti-rusiya-ordusu-enerji-ickil%c9%99rinin-satisina-baslayib\/#primaryimage"},"thumbnailUrl":"https:\/\/www.meydan.tv\/wp-content\/uploads\/unnamed-12.jpg","datePublished":"2025-08-26T15:04:35+00:00","dateModified":"2025-08-26T17:02:31+00:00","breadcrumb":{"@id":"https:\/\/www.meydan.tv\/az\/article\/emin-agalarovun-sirk%c9%99ti-rusiya-ordusu-enerji-ickil%c9%99rinin-satisina-baslayib\/#breadcrumb"},"inLanguage":"az","potentialAction":[{"@type":"ReadAction","target":["https:\/\/www.meydan.tv\/az\/article\/emin-agalarovun-sirk%c9%99ti-rusiya-ordusu-enerji-ickil%c9%99rinin-satisina-baslayib\/"]}]},{"@type":"ImageObject","inLanguage":"az","@id":"https:\/\/www.meydan.tv\/az\/article\/emin-agalarovun-sirk%c9%99ti-rusiya-ordusu-enerji-ickil%c9%99rinin-satisina-baslayib\/#primaryimage","url":"https:\/\/www.meydan.tv\/wp-content\/uploads\/unnamed-12.jpg","contentUrl":"https:\/\/www.meydan.tv\/wp-content\/uploads\/unnamed-12.jpg","width":1200,"height":500,"caption":"Emin A\u011falarov. Foto: Wiki"},{"@type":"BreadcrumbList","@id":"https:\/\/www.meydan.tv\/az\/article\/emin-agalarovun-sirk%c9%99ti-rusiya-ordusu-enerji-ickil%c9%99rinin-satisina-baslayib\/#breadcrumb","itemListElement":[{"@type":"ListItem","position":1,"name":"Ana s\u0259hif\u0259","item":"https:\/\/www.meydan.tv\/az\/"},{"@type":"ListItem","position":2,"name":"X\u0259b\u0259rl\u0259r","item":"https:\/\/www.meydan.tv\/az\/section\/xeberler\/"},{"@type":"ListItem","position":3,"name":"Emin A\u011falarovun \u015firk\u0259ti \u201cRusiya Ordusu\u201d enerji i\u00e7kil\u0259rinin istehsal\u0131na ba\u015flay\u0131r"}]},{"@type":"WebSite","@id":"https:\/\/www.meydan.tv\/az\/#website","url":"https:\/\/www.meydan.tv\/az\/","name":"MEYDAN.TV","description":"Meydan TV Az\u0259rbaycan\u0131n media m\u0259kan\u0131ndak\u0131 alternativ s\u0259sidir","publisher":{"@id":"https:\/\/www.meydan.tv\/az\/#organization"},"potentialAction":[{"@type":"SearchAction","target":{"@type":"EntryPoint","urlTemplate":"https:\/\/www.meydan.tv\/az\/?s={search_term_string}"},"query-input":{"@type":"PropertyValueSpecification","valueRequired":true,"valueName":"search_term_string"}}],"inLanguage":"az"},{"@type":"Organization","@id":"https:\/\/www.meydan.tv\/az\/#organization","name":"Meydan TV","url":"https:\/\/www.meydan.tv\/az\/","logo":{"@type":"ImageObject","inLanguage":"az","@id":"https:\/\/www.meydan.tv\/az\/#\/schema\/logo\/image\/","url":"https:\/\/www.meydan.tv\/wp-content\/uploads\/2021\/07\/meydan-logo.svg","contentUrl":"https:\/\/www.meydan.tv\/wp-content\/uploads\/2021\/07\/meydan-logo.svg","width":195,"height":46,"caption":"Meydan TV"},"image":{"@id":"https:\/\/www.meydan.tv\/az\/#\/schema\/logo\/image\/"}},{"@type":"Person","@id":"https:\/\/www.meydan.tv\/az\/#\/schema\/person\/49b5f2bad5b126bb8ea9320eeb3e4dc9","name":"sevda"}]}},"_links":{"self":[{"href":"https:\/\/www.meydan.tv\/az\/wp-json\/wp\/v2\/posts\/334514","targetHints":{"allow":["GET"]}}],"collection":[{"href":"https:\/\/www.meydan.tv\/az\/wp-json\/wp\/v2\/posts"}],"about":[{"href":"https:\/\/www.meydan.tv\/az\/wp-json\/wp\/v2\/types\/post"}],"author":[{"embeddable":true,"href":"https:\/\/www.meydan.tv\/az\/wp-json\/wp\/v2\/users\/16"}],"replies":[{"embeddable":true,"href":"https:\/\/www.meydan.tv\/az\/wp-json\/wp\/v2\/comments?post=334514"}],"version-history":[{"count":5,"href":"https:\/\/www.meydan.tv\/az\/wp-json\/wp\/v2\/posts\/334514\/revisions"}],"predecessor-version":[{"id":334530,"href":"https:\/\/www.meydan.tv\/az\/wp-json\/wp\/v2\/posts\/334514\/revisions\/334530"}],"wp:featuredmedia":[{"embeddable":true,"href":"https:\/\/www.meydan.tv\/az\/wp-json\/wp\/v2\/media\/302649"}],"wp:attachment":[{"href":"https:\/\/www.meydan.tv\/az\/wp-json\/wp\/v2\/media?parent=334514"}],"wp:term":[{"taxonomy":"category","embeddable":true,"href":"https:\/\/www.meydan.tv\/az\/wp-json\/wp\/v2\/categories?post=334514"},{"taxonomy":"post_tag","embeddable":true,"href":"https:\/\/www.meydan.tv\/az\/wp-json\/wp\/v2\/tags?post=334514"}],"curies":[{"name":"wp","href":"https:\/\/api.w.org\/{rel}","templated":true}]}}