{"id":334504,"date":"2025-08-26T16:10:54","date_gmt":"2025-08-26T12:10:54","guid":{"rendered":"https:\/\/www.meydan.tv\/?p=334504"},"modified":"2025-08-26T16:10:58","modified_gmt":"2025-08-26T12:10:58","slug":"rusiyali-politoloq-ilham-eliyevi-t%c9%99rifl%c9%99diyi-ucun-xarici-agent-elan-edilib","status":"publish","type":"post","link":"https:\/\/www.meydan.tv\/az\/article\/rusiyali-politoloq-ilham-eliyevi-t%c9%99rifl%c9%99diyi-ucun-xarici-agent-elan-edilib\/","title":{"rendered":"Rusiyal\u0131 politoloq \u0130lham \u018fliyevi t\u0259rifl\u0259diyi \u00fc\u00e7\u00fcn \u201cxarici agent\u201d elan edilib"},"content":{"rendered":"\n<p>Rusiyal\u0131 siyasi \u015f\u0259rh\u00e7i Sergey Markov \u00f6z \u00f6lk\u0259sind\u0259 \u201cxarici agent\u201d elan olunub.<\/p>\n\n\n\n<p>Rusiya \u018fdliyy\u0259 Nazirliyinin <a href=\"https:\/\/minjust.gov.ru\/ru\/events\/50853\/\" target=\"_blank\" rel=\"noreferrer noopener nofollow\">sayt\u0131ndak\u0131<\/a> m\u0259lumatda bildirilir ki, Markov \u201cxarici agent\u201d v\u0259 ya \u201carzuolunmaz\u201d \u015f\u0259xsl\u0259r v\u0259 t\u0259\u015fkilatlarla ba\u011fl\u0131 m\u0259lumatlar\u0131 haz\u0131rlay\u0131b yayd\u0131\u011f\u0131, h\u0259m\u00e7inin xarici media orqanlar\u0131na m\u00fcsahib\u0259l\u0259r verdiyi \u00fc\u00e7\u00fcn bu siyah\u0131ya daxil edilib.<br><br>\u0130ndiy\u0259 q\u0259d\u0259r Markov h\u00f6kum\u0259ty\u00f6nl\u00fc m\u00f6vqeyi il\u0259 tan\u0131n\u0131b. O, 2007\u20132011-ci ill\u0259rd\u0259 D\u00f6vl\u0259t Dumas\u0131n\u0131n deputat\u0131 v\u0259 Avropa \u015euras\u0131 Parlament Assambleyas\u0131n\u0131n \u00fczv\u00fc olub. 2012-ci ild\u0259 Vladimir Putinin prezidentliy\u0259 namiz\u0259dliyinin etibarl\u0131 n\u00fcmay\u0259nd\u0259si olub. 2018-ci ild\u0259 Ukraynada, 2022-ci ild\u0259 is\u0259 Rusiyan\u0131n Ukraynaya qar\u015f\u0131 ba\u015flad\u0131\u011f\u0131 m\u00fcharib\u0259d\u0259n sonra Kanadada sanksiyalar siyah\u0131s\u0131na sal\u0131n\u0131b.<\/p>\n\n\n\n<p>Kreml\u0259 yax\u0131n olan jurnalist Aleksandr Yuna\u015fev \u201cTelegram\u201d <a href=\"https:\/\/t.me\/Yunashev_Live\/106196\" target=\"_blank\" rel=\"noreferrer noopener nofollow\">kanal\u0131nda<\/a> yaz\u0131b ki,\u00a0 Markov bu siyah\u0131ya \u00f6t\u0259n ay \u015eu\u015fada ke\u00e7iril\u0259n media forumunda prezident \u0130lham \u018fliyevi \u201cparlaq intellekt\u201d, \u201c\u00e7ox t\u0259cr\u00fcb\u0259li m\u00fcasir lider\u201d v\u0259 \u201cq\u0259l\u0259b\u0259ni tam b\u0259rpa etmi\u015f \u00f6lk\u0259nin lideri\u201d <a href=\"https:\/\/www.youtube.com\/shorts\/G3Wzs3Gb7Is\" target=\"_blank\" rel=\"noreferrer noopener nofollow\">adland\u0131rd\u0131\u011f\u0131<\/a> \u00fc\u00e7\u00fcn sal\u0131n\u0131b.<\/p>\n\n\n\n<p><em>\u201cH\u0259min t\u0259dbird\u0259 Az\u0259rbaycan r\u0259hb\u0259ri Rusiyan\u0131 t\u0259nqid etmi\u015fdi. Eyni zamanda da Ukrayna milli batalyonlar\u0131n\u0131n \u015fevronlar (r\u00fctb\u0259 ni\u015fan\u0131) kolleksiyas\u0131n\u0131 h\u0259diyy\u0259 olaraq <a href=\"https:\/\/www.youtube.com\/shorts\/DxuF7WpcTqw\">q\u0259bul etmi\u015fdi.<\/a>\u00a0 M\u0259hz bu h\u0259diyy\u0259nin t\u0259qdimat\u0131nda g\u00fcl\u0259n Markov da fotoda g\u00f6r\u00fcnm\u00fc\u015fd\u00fcr\u201d, <\/em>&#8211; Yuna\u015fev yaz\u0131b.<\/p>\n\n\n\n<p>Siyasi \u015f\u0259rh\u00e7inin \u015eu\u015fadak\u0131 \u00e7\u0131x\u0131\u015f\u0131 h\u0259min vaxt Rusiyada t\u0259nqidl\u0259 qar\u015f\u0131land\u0131.<\/p>\n\n\n\n<p>H\u0259rbi m\u00fcxbir Aleksandr Kots Markovun \u00e7\u0131x\u0131\u015f\u0131n\u0131 Moskva v\u0259 Bak\u0131 aras\u0131nda m\u00fcnasib\u0259tl\u0259rin g\u0259rginl\u0259\u015fdiyi vaxtda <a href=\"https:\/\/www.gazeta.ru\/politics\/2025\/08\/22\/21576242.shtml?updated\" target=\"_blank\" rel=\"noreferrer noopener nofollow\">\u201ciyr\u0259nc\u201d <\/a>adland\u0131rd\u0131.<\/p>\n\n\n\n<p>Yaz\u0131\u00e7\u0131 Roman Antonovski is\u0259 politoloqun \u201cxarici agent\u201d kimi tan\u0131nmas\u0131n\u0131 <a href=\"https:\/\/t.me\/SonOfMonarchy\/30596\" target=\"_blank\" rel=\"noreferrer noopener nofollow\">t\u0259l\u0259b etdi.<\/a><\/p>\n\n\n\n<p>\u201cAlex Parker Returns\u201d <a href=\"https:\/\/t.me\/apwagner\/44879\">\u201cTelegram\u201d<\/a> kanal\u0131 is\u0259 \u201cMarkov Rusiyaya qar\u015f\u0131 informasiya m\u00fcharib\u0259si aparan xarici q\u00fcvv\u0259l\u0259rl\u0259 \u0259lbirdir, az\u0259rbaycanl\u0131lardan pul alaraq onlar\u0131n m\u00f6vqeyini t\u0259bli\u011f edir\u201d, &#8211; yazd\u0131.<\/p>\n\n\n\n<p>Markov is\u0259 h\u0259m \u018fdliyy\u0259 Nazirliyinin q\u0259rar\u0131, h\u0259m d\u0259 haqq\u0131nda deyil\u0259nl\u0259rl\u0259 <a href=\"https:\/\/t.me\/logikamarkova\/18718\" target=\"_blank\" rel=\"noreferrer noopener\">raz\u0131la\u015fm\u0131r<\/a> v\u0259 deyir ki, 25 ildir Vladimir Putinin siyas\u0259tini d\u0259st\u0259kl\u0259yir.<\/p>\n\n\n\n<p><em>\u201cHaz\u0131rda informasiya f\u0131rt\u0131nas\u0131 alt\u0131ndayam. Bunun yar\u0131s\u0131 yaland\u0131r, inanmay\u0131n. Ba\u015f ver\u0259nl\u0259r\u0259 g\u00f6r\u0259 \u00f6lk\u0259ni t\u0259rk etm\u0259y\u0259c\u0259y\u0259m. Rusiya m\u0259nim sevimli v\u0259t\u0259nimdir v\u0259 m\u0259n h\u0259mi\u015f\u0259 Rusiyan\u0131n yan\u0131ndayam. Vladimir Putinin siyas\u0259tini d\u0259st\u0259kl\u0259m\u0259y\u0259 davam ed\u0259c\u0259y\u0259m. M\u0259n Rusiya h\u00f6kum\u0259tinin b\u00fct\u00fcn h\u0259r\u0259k\u0259tl\u0259rinin legitimliyini tan\u0131y\u0131ram. Probleml\u0259ri qanun \u00e7\u0259r\u00e7iv\u0259sind\u0259 h\u0259ll ed\u0259c\u0259y\u0259m, amma biz d\u00f6vl\u0259ti m\u0259hk\u0259m\u0259y\u0259 verm\u0259y\u0259c\u0259yik\u201d.&nbsp;<\/em><\/p>\n\n\n\n<p>Rusiya il\u0259 Az\u0259rbaycan aras\u0131nda m\u00fcnasib\u0259tl\u0259r 2024-c\u00fc il dekabr\u0131n 25-d\u0259 AZAL t\u0259yyar\u0259sinin q\u0259zaya u\u011framas\u0131ndan sonra <a href=\"https:\/\/www.meydan.tv\/az\/article\/az%c9%99rbaycan-rusiya-munasib%c9%99tl%c9%99ri-t%c9%99yyar%c9%99-vurulmasi-il%c9%99-geosiyasi-savasa\/\" target=\"_blank\" rel=\"noreferrer noopener nofollow\">pisl\u0259\u015fib<\/a>. Az\u0259rbaycan prezidenti \u0130lham \u018fliyev t\u0259yyar\u0259nin Rusiya ordusu t\u0259r\u0259find\u0259n vuruldu\u011funu iddia edib.\u00a0<\/p>\n\n\n\n<p>2025-ci il ilin iyununda is\u0259 Rusiyada az\u0259rbaycanl\u0131lara, ard\u0131nca Az\u0259rbaycanda rus v\u0259t\u0259nda\u015flara qar\u015f\u0131 reydl\u0259r v\u0259 h\u0259bsl\u0259r ba\u015flay\u0131b.<\/p>\n","protected":false},"excerpt":{"rendered":"<p>Rusiyal\u0131 siyasi \u015f\u0259rh\u00e7i Sergey Markov \u00f6z \u00f6lk\u0259sind\u0259 \u201cxarici agent\u201d elan &#8230; <\/p>\n<p class=\"read-more-container\"><a title=\"Rusiyal\u0131 politoloq \u0130lham \u018fliyevi t\u0259rifl\u0259diyi \u00fc\u00e7\u00fcn \u201cxarici agent\u201d elan edilib\" class=\"read-more button\" href=\"https:\/\/www.meydan.tv\/az\/article\/rusiyali-politoloq-ilham-eliyevi-t%c9%99rifl%c9%99diyi-ucun-xarici-agent-elan-edilib\/#more-334504\" aria-label=\"Read more about Rusiyal\u0131 politoloq \u0130lham \u018fliyevi t\u0259rifl\u0259diyi \u00fc\u00e7\u00fcn \u201cxarici agent\u201d elan edilib\">Davam\u0131<\/a><\/p>\n","protected":false},"author":16,"featured_media":334506,"comment_status":"closed","ping_status":"closed","sticky":false,"template":"","format":"standard","meta":{"_acf_changed":false,"_sitemap_exclude":false,"_sitemap_priority":"","_sitemap_frequency":"","footnotes":""},"categories":[59,79,56],"tags":[],"class_list":["post-334504","post","type-post","status-publish","format-standard","has-post-thumbnail","hentry","category-siyaset","category-featured","category-xeberler","infinite-scroll-item","generate-columns","tablet-grid-50","mobile-grid-100","grid-parent","grid-33","no-featured-image-padding"],"acf":[],"yoast_head":"<!-- This site is optimized with the Yoast SEO plugin v27.5 - https:\/\/yoast.com\/product\/yoast-seo-wordpress\/ -->\n<title>Rusiyal\u0131 politoloq \u0130lham \u018fliyevi t\u0259rifl\u0259diyi \u00fc\u00e7\u00fcn \u201cxarici agent\u201d elan edilib - MEYDAN.TV<\/title>\n<meta name=\"robots\" content=\"index, follow, max-snippet:-1, max-image-preview:large, max-video-preview:-1\" \/>\n<link rel=\"canonical\" href=\"https:\/\/www.meydan.tv\/az\/article\/rusiyali-politoloq-ilham-eliyevi-t%c9%99rifl%c9%99diyi-ucun-xarici-agent-elan-edilib\/\" \/>\n<meta property=\"og:locale\" content=\"az_AZ\" \/>\n<meta property=\"og:type\" content=\"article\" \/>\n<meta property=\"og:title\" content=\"Rusiyal\u0131 politoloq \u0130lham \u018fliyevi t\u0259rifl\u0259diyi \u00fc\u00e7\u00fcn \u201cxarici agent\u201d elan edilib - MEYDAN.TV\" \/>\n<meta property=\"og:description\" content=\"Rusiyal\u0131 siyasi \u015f\u0259rh\u00e7i Sergey Markov \u00f6z \u00f6lk\u0259sind\u0259 \u201cxarici agent\u201d elan ... Davam\u0131\" \/>\n<meta property=\"og:url\" content=\"https:\/\/www.meydan.tv\/az\/article\/rusiyali-politoloq-ilham-eliyevi-t%c9%99rifl%c9%99diyi-ucun-xarici-agent-elan-edilib\/\" \/>\n<meta property=\"og:site_name\" content=\"MEYDAN.TV\" \/>\n<meta property=\"article:published_time\" content=\"2025-08-26T12:10:54+00:00\" \/>\n<meta property=\"article:modified_time\" content=\"2025-08-26T12:10:58+00:00\" \/>\n<meta property=\"og:image\" content=\"https:\/\/www.meydan.tv\/wp-content\/uploads\/bd89b821073a44b0835be7ebaf2d1fad.webp\" \/>\n\t<meta property=\"og:image:width\" content=\"1200\" \/>\n\t<meta property=\"og:image:height\" content=\"673\" \/>\n\t<meta property=\"og:image:type\" content=\"image\/webp\" \/>\n<meta name=\"author\" content=\"sevda\" \/>\n<meta name=\"twitter:card\" content=\"summary_large_image\" \/>\n<script type=\"application\/ld+json\" class=\"yoast-schema-graph\">{\"@context\":\"https:\\\/\\\/schema.org\",\"@graph\":[{\"@type\":\"Article\",\"@id\":\"https:\\\/\\\/www.meydan.tv\\\/az\\\/article\\\/rusiyali-politoloq-ilham-eliyevi-t%c9%99rifl%c9%99diyi-ucun-xarici-agent-elan-edilib\\\/#article\",\"isPartOf\":{\"@id\":\"https:\\\/\\\/www.meydan.tv\\\/az\\\/article\\\/rusiyali-politoloq-ilham-eliyevi-t%c9%99rifl%c9%99diyi-ucun-xarici-agent-elan-edilib\\\/\"},\"author\":{\"name\":\"sevda\",\"@id\":\"https:\\\/\\\/www.meydan.tv\\\/az\\\/#\\\/schema\\\/person\\\/49b5f2bad5b126bb8ea9320eeb3e4dc9\"},\"headline\":\"Rusiyal\u0131 politoloq \u0130lham \u018fliyevi t\u0259rifl\u0259diyi \u00fc\u00e7\u00fcn \u201cxarici agent\u201d elan edilib\",\"datePublished\":\"2025-08-26T12:10:54+00:00\",\"dateModified\":\"2025-08-26T12:10:58+00:00\",\"mainEntityOfPage\":{\"@id\":\"https:\\\/\\\/www.meydan.tv\\\/az\\\/article\\\/rusiyali-politoloq-ilham-eliyevi-t%c9%99rifl%c9%99diyi-ucun-xarici-agent-elan-edilib\\\/\"},\"wordCount\":562,\"publisher\":{\"@id\":\"https:\\\/\\\/www.meydan.tv\\\/az\\\/#organization\"},\"image\":{\"@id\":\"https:\\\/\\\/www.meydan.tv\\\/az\\\/article\\\/rusiyali-politoloq-ilham-eliyevi-t%c9%99rifl%c9%99diyi-ucun-xarici-agent-elan-edilib\\\/#primaryimage\"},\"thumbnailUrl\":\"https:\\\/\\\/www.meydan.tv\\\/wp-content\\\/uploads\\\/bd89b821073a44b0835be7ebaf2d1fad.webp\",\"articleSection\":[\"Siyas\u0259t\",\"T\u00f6vsiy\u0259\",\"X\u0259b\u0259rl\u0259r\"],\"inLanguage\":\"az\"},{\"@type\":\"WebPage\",\"@id\":\"https:\\\/\\\/www.meydan.tv\\\/az\\\/article\\\/rusiyali-politoloq-ilham-eliyevi-t%c9%99rifl%c9%99diyi-ucun-xarici-agent-elan-edilib\\\/\",\"url\":\"https:\\\/\\\/www.meydan.tv\\\/az\\\/article\\\/rusiyali-politoloq-ilham-eliyevi-t%c9%99rifl%c9%99diyi-ucun-xarici-agent-elan-edilib\\\/\",\"name\":\"Rusiyal\u0131 politoloq \u0130lham \u018fliyevi t\u0259rifl\u0259diyi \u00fc\u00e7\u00fcn \u201cxarici agent\u201d elan edilib - MEYDAN.TV\",\"isPartOf\":{\"@id\":\"https:\\\/\\\/www.meydan.tv\\\/az\\\/#website\"},\"primaryImageOfPage\":{\"@id\":\"https:\\\/\\\/www.meydan.tv\\\/az\\\/article\\\/rusiyali-politoloq-ilham-eliyevi-t%c9%99rifl%c9%99diyi-ucun-xarici-agent-elan-edilib\\\/#primaryimage\"},\"image\":{\"@id\":\"https:\\\/\\\/www.meydan.tv\\\/az\\\/article\\\/rusiyali-politoloq-ilham-eliyevi-t%c9%99rifl%c9%99diyi-ucun-xarici-agent-elan-edilib\\\/#primaryimage\"},\"thumbnailUrl\":\"https:\\\/\\\/www.meydan.tv\\\/wp-content\\\/uploads\\\/bd89b821073a44b0835be7ebaf2d1fad.webp\",\"datePublished\":\"2025-08-26T12:10:54+00:00\",\"dateModified\":\"2025-08-26T12:10:58+00:00\",\"breadcrumb\":{\"@id\":\"https:\\\/\\\/www.meydan.tv\\\/az\\\/article\\\/rusiyali-politoloq-ilham-eliyevi-t%c9%99rifl%c9%99diyi-ucun-xarici-agent-elan-edilib\\\/#breadcrumb\"},\"inLanguage\":\"az\",\"potentialAction\":[{\"@type\":\"ReadAction\",\"target\":[\"https:\\\/\\\/www.meydan.tv\\\/az\\\/article\\\/rusiyali-politoloq-ilham-eliyevi-t%c9%99rifl%c9%99diyi-ucun-xarici-agent-elan-edilib\\\/\"]}]},{\"@type\":\"ImageObject\",\"inLanguage\":\"az\",\"@id\":\"https:\\\/\\\/www.meydan.tv\\\/az\\\/article\\\/rusiyali-politoloq-ilham-eliyevi-t%c9%99rifl%c9%99diyi-ucun-xarici-agent-elan-edilib\\\/#primaryimage\",\"url\":\"https:\\\/\\\/www.meydan.tv\\\/wp-content\\\/uploads\\\/bd89b821073a44b0835be7ebaf2d1fad.webp\",\"contentUrl\":\"https:\\\/\\\/www.meydan.tv\\\/wp-content\\\/uploads\\\/bd89b821073a44b0835be7ebaf2d1fad.webp\",\"width\":1200,\"height\":673,\"caption\":\"Foto: Wikimedia\"},{\"@type\":\"BreadcrumbList\",\"@id\":\"https:\\\/\\\/www.meydan.tv\\\/az\\\/article\\\/rusiyali-politoloq-ilham-eliyevi-t%c9%99rifl%c9%99diyi-ucun-xarici-agent-elan-edilib\\\/#breadcrumb\",\"itemListElement\":[{\"@type\":\"ListItem\",\"position\":1,\"name\":\"Ana s\u0259hif\u0259\",\"item\":\"https:\\\/\\\/www.meydan.tv\\\/az\\\/\"},{\"@type\":\"ListItem\",\"position\":2,\"name\":\"X\u0259b\u0259rl\u0259r\",\"item\":\"https:\\\/\\\/www.meydan.tv\\\/az\\\/section\\\/xeberler\\\/\"},{\"@type\":\"ListItem\",\"position\":3,\"name\":\"Rusiyal\u0131 politoloq \u0130lham \u018fliyevi t\u0259rifl\u0259diyi \u00fc\u00e7\u00fcn \u201cxarici agent\u201d elan edilib\"}]},{\"@type\":\"WebSite\",\"@id\":\"https:\\\/\\\/www.meydan.tv\\\/az\\\/#website\",\"url\":\"https:\\\/\\\/www.meydan.tv\\\/az\\\/\",\"name\":\"MEYDAN.TV\",\"description\":\"Meydan TV Az\u0259rbaycan\u0131n media m\u0259kan\u0131ndak\u0131 alternativ s\u0259sidir\",\"publisher\":{\"@id\":\"https:\\\/\\\/www.meydan.tv\\\/az\\\/#organization\"},\"potentialAction\":[{\"@type\":\"SearchAction\",\"target\":{\"@type\":\"EntryPoint\",\"urlTemplate\":\"https:\\\/\\\/www.meydan.tv\\\/az\\\/?s={search_term_string}\"},\"query-input\":{\"@type\":\"PropertyValueSpecification\",\"valueRequired\":true,\"valueName\":\"search_term_string\"}}],\"inLanguage\":\"az\"},{\"@type\":\"Organization\",\"@id\":\"https:\\\/\\\/www.meydan.tv\\\/az\\\/#organization\",\"name\":\"Meydan TV\",\"url\":\"https:\\\/\\\/www.meydan.tv\\\/az\\\/\",\"logo\":{\"@type\":\"ImageObject\",\"inLanguage\":\"az\",\"@id\":\"https:\\\/\\\/www.meydan.tv\\\/az\\\/#\\\/schema\\\/logo\\\/image\\\/\",\"url\":\"https:\\\/\\\/www.meydan.tv\\\/wp-content\\\/uploads\\\/2021\\\/07\\\/meydan-logo.svg\",\"contentUrl\":\"https:\\\/\\\/www.meydan.tv\\\/wp-content\\\/uploads\\\/2021\\\/07\\\/meydan-logo.svg\",\"width\":195,\"height\":46,\"caption\":\"Meydan TV\"},\"image\":{\"@id\":\"https:\\\/\\\/www.meydan.tv\\\/az\\\/#\\\/schema\\\/logo\\\/image\\\/\"}},{\"@type\":\"Person\",\"@id\":\"https:\\\/\\\/www.meydan.tv\\\/az\\\/#\\\/schema\\\/person\\\/49b5f2bad5b126bb8ea9320eeb3e4dc9\",\"name\":\"sevda\"}]}<\/script>\n<!-- \/ Yoast SEO plugin. -->","yoast_head_json":{"title":"Rusiyal\u0131 politoloq \u0130lham \u018fliyevi t\u0259rifl\u0259diyi \u00fc\u00e7\u00fcn \u201cxarici agent\u201d elan edilib - MEYDAN.TV","robots":{"index":"index","follow":"follow","max-snippet":"max-snippet:-1","max-image-preview":"max-image-preview:large","max-video-preview":"max-video-preview:-1"},"canonical":"https:\/\/www.meydan.tv\/az\/article\/rusiyali-politoloq-ilham-eliyevi-t%c9%99rifl%c9%99diyi-ucun-xarici-agent-elan-edilib\/","og_locale":"az_AZ","og_type":"article","og_title":"Rusiyal\u0131 politoloq \u0130lham \u018fliyevi t\u0259rifl\u0259diyi \u00fc\u00e7\u00fcn \u201cxarici agent\u201d elan edilib - MEYDAN.TV","og_description":"Rusiyal\u0131 siyasi \u015f\u0259rh\u00e7i Sergey Markov \u00f6z \u00f6lk\u0259sind\u0259 \u201cxarici agent\u201d elan ... Davam\u0131","og_url":"https:\/\/www.meydan.tv\/az\/article\/rusiyali-politoloq-ilham-eliyevi-t%c9%99rifl%c9%99diyi-ucun-xarici-agent-elan-edilib\/","og_site_name":"MEYDAN.TV","article_published_time":"2025-08-26T12:10:54+00:00","article_modified_time":"2025-08-26T12:10:58+00:00","og_image":[{"width":1200,"height":673,"url":"https:\/\/www.meydan.tv\/wp-content\/uploads\/bd89b821073a44b0835be7ebaf2d1fad.webp","type":"image\/webp"}],"author":"sevda","twitter_card":"summary_large_image","schema":{"@context":"https:\/\/schema.org","@graph":[{"@type":"Article","@id":"https:\/\/www.meydan.tv\/az\/article\/rusiyali-politoloq-ilham-eliyevi-t%c9%99rifl%c9%99diyi-ucun-xarici-agent-elan-edilib\/#article","isPartOf":{"@id":"https:\/\/www.meydan.tv\/az\/article\/rusiyali-politoloq-ilham-eliyevi-t%c9%99rifl%c9%99diyi-ucun-xarici-agent-elan-edilib\/"},"author":{"name":"sevda","@id":"https:\/\/www.meydan.tv\/az\/#\/schema\/person\/49b5f2bad5b126bb8ea9320eeb3e4dc9"},"headline":"Rusiyal\u0131 politoloq \u0130lham \u018fliyevi t\u0259rifl\u0259diyi \u00fc\u00e7\u00fcn \u201cxarici agent\u201d elan edilib","datePublished":"2025-08-26T12:10:54+00:00","dateModified":"2025-08-26T12:10:58+00:00","mainEntityOfPage":{"@id":"https:\/\/www.meydan.tv\/az\/article\/rusiyali-politoloq-ilham-eliyevi-t%c9%99rifl%c9%99diyi-ucun-xarici-agent-elan-edilib\/"},"wordCount":562,"publisher":{"@id":"https:\/\/www.meydan.tv\/az\/#organization"},"image":{"@id":"https:\/\/www.meydan.tv\/az\/article\/rusiyali-politoloq-ilham-eliyevi-t%c9%99rifl%c9%99diyi-ucun-xarici-agent-elan-edilib\/#primaryimage"},"thumbnailUrl":"https:\/\/www.meydan.tv\/wp-content\/uploads\/bd89b821073a44b0835be7ebaf2d1fad.webp","articleSection":["Siyas\u0259t","T\u00f6vsiy\u0259","X\u0259b\u0259rl\u0259r"],"inLanguage":"az"},{"@type":"WebPage","@id":"https:\/\/www.meydan.tv\/az\/article\/rusiyali-politoloq-ilham-eliyevi-t%c9%99rifl%c9%99diyi-ucun-xarici-agent-elan-edilib\/","url":"https:\/\/www.meydan.tv\/az\/article\/rusiyali-politoloq-ilham-eliyevi-t%c9%99rifl%c9%99diyi-ucun-xarici-agent-elan-edilib\/","name":"Rusiyal\u0131 politoloq \u0130lham \u018fliyevi t\u0259rifl\u0259diyi \u00fc\u00e7\u00fcn \u201cxarici agent\u201d elan edilib - MEYDAN.TV","isPartOf":{"@id":"https:\/\/www.meydan.tv\/az\/#website"},"primaryImageOfPage":{"@id":"https:\/\/www.meydan.tv\/az\/article\/rusiyali-politoloq-ilham-eliyevi-t%c9%99rifl%c9%99diyi-ucun-xarici-agent-elan-edilib\/#primaryimage"},"image":{"@id":"https:\/\/www.meydan.tv\/az\/article\/rusiyali-politoloq-ilham-eliyevi-t%c9%99rifl%c9%99diyi-ucun-xarici-agent-elan-edilib\/#primaryimage"},"thumbnailUrl":"https:\/\/www.meydan.tv\/wp-content\/uploads\/bd89b821073a44b0835be7ebaf2d1fad.webp","datePublished":"2025-08-26T12:10:54+00:00","dateModified":"2025-08-26T12:10:58+00:00","breadcrumb":{"@id":"https:\/\/www.meydan.tv\/az\/article\/rusiyali-politoloq-ilham-eliyevi-t%c9%99rifl%c9%99diyi-ucun-xarici-agent-elan-edilib\/#breadcrumb"},"inLanguage":"az","potentialAction":[{"@type":"ReadAction","target":["https:\/\/www.meydan.tv\/az\/article\/rusiyali-politoloq-ilham-eliyevi-t%c9%99rifl%c9%99diyi-ucun-xarici-agent-elan-edilib\/"]}]},{"@type":"ImageObject","inLanguage":"az","@id":"https:\/\/www.meydan.tv\/az\/article\/rusiyali-politoloq-ilham-eliyevi-t%c9%99rifl%c9%99diyi-ucun-xarici-agent-elan-edilib\/#primaryimage","url":"https:\/\/www.meydan.tv\/wp-content\/uploads\/bd89b821073a44b0835be7ebaf2d1fad.webp","contentUrl":"https:\/\/www.meydan.tv\/wp-content\/uploads\/bd89b821073a44b0835be7ebaf2d1fad.webp","width":1200,"height":673,"caption":"Foto: Wikimedia"},{"@type":"BreadcrumbList","@id":"https:\/\/www.meydan.tv\/az\/article\/rusiyali-politoloq-ilham-eliyevi-t%c9%99rifl%c9%99diyi-ucun-xarici-agent-elan-edilib\/#breadcrumb","itemListElement":[{"@type":"ListItem","position":1,"name":"Ana s\u0259hif\u0259","item":"https:\/\/www.meydan.tv\/az\/"},{"@type":"ListItem","position":2,"name":"X\u0259b\u0259rl\u0259r","item":"https:\/\/www.meydan.tv\/az\/section\/xeberler\/"},{"@type":"ListItem","position":3,"name":"Rusiyal\u0131 politoloq \u0130lham \u018fliyevi t\u0259rifl\u0259diyi \u00fc\u00e7\u00fcn \u201cxarici agent\u201d elan edilib"}]},{"@type":"WebSite","@id":"https:\/\/www.meydan.tv\/az\/#website","url":"https:\/\/www.meydan.tv\/az\/","name":"MEYDAN.TV","description":"Meydan TV Az\u0259rbaycan\u0131n media m\u0259kan\u0131ndak\u0131 alternativ s\u0259sidir","publisher":{"@id":"https:\/\/www.meydan.tv\/az\/#organization"},"potentialAction":[{"@type":"SearchAction","target":{"@type":"EntryPoint","urlTemplate":"https:\/\/www.meydan.tv\/az\/?s={search_term_string}"},"query-input":{"@type":"PropertyValueSpecification","valueRequired":true,"valueName":"search_term_string"}}],"inLanguage":"az"},{"@type":"Organization","@id":"https:\/\/www.meydan.tv\/az\/#organization","name":"Meydan TV","url":"https:\/\/www.meydan.tv\/az\/","logo":{"@type":"ImageObject","inLanguage":"az","@id":"https:\/\/www.meydan.tv\/az\/#\/schema\/logo\/image\/","url":"https:\/\/www.meydan.tv\/wp-content\/uploads\/2021\/07\/meydan-logo.svg","contentUrl":"https:\/\/www.meydan.tv\/wp-content\/uploads\/2021\/07\/meydan-logo.svg","width":195,"height":46,"caption":"Meydan TV"},"image":{"@id":"https:\/\/www.meydan.tv\/az\/#\/schema\/logo\/image\/"}},{"@type":"Person","@id":"https:\/\/www.meydan.tv\/az\/#\/schema\/person\/49b5f2bad5b126bb8ea9320eeb3e4dc9","name":"sevda"}]}},"_links":{"self":[{"href":"https:\/\/www.meydan.tv\/az\/wp-json\/wp\/v2\/posts\/334504","targetHints":{"allow":["GET"]}}],"collection":[{"href":"https:\/\/www.meydan.tv\/az\/wp-json\/wp\/v2\/posts"}],"about":[{"href":"https:\/\/www.meydan.tv\/az\/wp-json\/wp\/v2\/types\/post"}],"author":[{"embeddable":true,"href":"https:\/\/www.meydan.tv\/az\/wp-json\/wp\/v2\/users\/16"}],"replies":[{"embeddable":true,"href":"https:\/\/www.meydan.tv\/az\/wp-json\/wp\/v2\/comments?post=334504"}],"version-history":[{"count":1,"href":"https:\/\/www.meydan.tv\/az\/wp-json\/wp\/v2\/posts\/334504\/revisions"}],"predecessor-version":[{"id":334505,"href":"https:\/\/www.meydan.tv\/az\/wp-json\/wp\/v2\/posts\/334504\/revisions\/334505"}],"wp:featuredmedia":[{"embeddable":true,"href":"https:\/\/www.meydan.tv\/az\/wp-json\/wp\/v2\/media\/334506"}],"wp:attachment":[{"href":"https:\/\/www.meydan.tv\/az\/wp-json\/wp\/v2\/media?parent=334504"}],"wp:term":[{"taxonomy":"category","embeddable":true,"href":"https:\/\/www.meydan.tv\/az\/wp-json\/wp\/v2\/categories?post=334504"},{"taxonomy":"post_tag","embeddable":true,"href":"https:\/\/www.meydan.tv\/az\/wp-json\/wp\/v2\/tags?post=334504"}],"curies":[{"name":"wp","href":"https:\/\/api.w.org\/{rel}","templated":true}]}}