{"id":334486,"date":"2025-08-26T13:37:03","date_gmt":"2025-08-26T09:37:03","guid":{"rendered":"https:\/\/www.meydan.tv\/?p=334486"},"modified":"2025-08-26T13:37:06","modified_gmt":"2025-08-26T09:37:06","slug":"k%c9%99ndlil%c9%99r-m%c9%99hsullarini-tullantiya-atir","status":"publish","type":"post","link":"https:\/\/www.meydan.tv\/az\/article\/k%c9%99ndlil%c9%99r-m%c9%99hsullarini-tullantiya-atir\/","title":{"rendered":"&#8220;K\u0259ndlil\u0259r m\u0259hsullar\u0131n\u0131 tullant\u0131ya at\u0131r&#8221;"},"content":{"rendered":"\n<figure class=\"wp-block-embed is-type-video is-provider-youtube wp-block-embed-youtube wp-embed-aspect-16-9 wp-has-aspect-ratio\"><div class=\"wp-block-embed__wrapper\">\n<iframe loading=\"lazy\" title=\"&quot;K\u0259ndlil\u0259r m\u0259hsullar\u0131n\u0131 tullant\u0131ya at\u0131r&quot;\" width=\"1200\" height=\"675\" src=\"https:\/\/www.youtube.com\/embed\/gt5kROctoy4?feature=oembed\" frameborder=\"0\" allow=\"accelerometer; autoplay; clipboard-write; encrypted-media; gyroscope; picture-in-picture; web-share\" referrerpolicy=\"strict-origin-when-cross-origin\" allowfullscreen><\/iframe>\n<\/div><\/figure>\n\n\n\n<!--more-->\n\n\n\n<p class=\"wp-block-paragraph\"><br><\/p>\n\n\n\n<p class=\"wp-block-paragraph\">Fermerin z\u0259hm\u0259ti, qazanc\u0131 tullant\u0131ya gedir. Bu hal Xa\u00e7maz, Quba v\u0259 Masall\u0131 rayonlar\u0131nda daha geni\u015f yay\u0131l\u0131b. K\u0259nd T\u0259s\u0259rr\u00fcfat\u0131 Nazirliyi iddia edir ki, \u0259kin sah\u0259l\u0259ri geni\u015fl\u0259nir, m\u0259hsul istehsal\u0131 art\u0131r v\u0259 bolluq yarand\u0131qca t\u0259klif t\u0259l\u0259bi \u00fcst\u0259l\u0259yir. K\u0259nd t\u0259s\u0259rr\u00fcfat\u0131 \u00fczr\u0259 m\u00fct\u0259x\u0259ssis Vahid M\u0259h\u0259rr\u0259mli is\u0259 deyir ki, bu xaotik v\u0259ziyy\u0259t ill\u0259rdir ba\u015f verir, nazirlik fermerl\u0259r\u0259 d\u0259st\u0259k vermir: <br><br><em>&#8220;Bu g\u00fcn \u00f6lk\u0259d\u0259 \u0259n \u00e7ox m\u0259hsul b\u00f6y\u00fck marketl\u0259rd\u0259 sat\u0131l\u0131r. Yerli k\u0259ndlil\u0259r is\u0259 \u00f6z m\u0259hsullar\u0131n\u0131 h\u0259min supermarketl\u0259r\u0259 ver\u0259 bilmirl\u0259r. Yegan\u0259 topdan sat\u0131\u015f bazar olan &#8220;Meyv\u0259li&#8221; var ki, onlar da k\u0259ndlid\u0259n t\u0259klif etdiyi qiym\u0259t\u0259 m\u0259hsulu alm\u0131rlar. Nazirlik k\u0259ndliy\u0259 m\u0259hsulun \u0259kinind\u0259n sat\u0131\u015f\u0131na q\u0259d\u0259r yard\u0131m\u00e7\u0131 olmal\u0131d\u0131r. Keyfiyy\u0259tli toxum, g\u00fcbr\u0259 \u0259ld\u0259 edilm\u0259lidir, suvarma sisteml\u0259ri olmal\u0131d\u0131r. Daha m\u0259hsulunu da\u015f\u0131yan vaxt polis onlar\u0131 saxlay\u0131b incitm\u0259m\u0259lidir&#8221;<\/em>. <\/p>\n","protected":false},"excerpt":{"rendered":"","protected":false},"author":16,"featured_media":211470,"comment_status":"closed","ping_status":"closed","sticky":false,"template":"","format":"standard","meta":{"_acf_changed":false,"_sitemap_exclude":false,"_sitemap_priority":"","_sitemap_frequency":"","footnotes":""},"categories":[62,63,56],"tags":[],"class_list":["post-334486","post","type-post","status-publish","format-standard","has-post-thumbnail","hentry","category-sosial","category-video-2","category-xeberler","infinite-scroll-item","generate-columns","tablet-grid-50","mobile-grid-100","grid-parent","grid-33","no-featured-image-padding"],"acf":[],"yoast_head":"<!-- This site is optimized with the Yoast SEO plugin v28.4 - https:\/\/yoast.com\/product\/yoast-seo-wordpress\/ -->\n<title>&quot;K\u0259ndlil\u0259r m\u0259hsullar\u0131n\u0131 tullant\u0131ya at\u0131r&quot; - MEYDAN.TV<\/title>\n<meta name=\"robots\" content=\"index, follow, max-snippet:-1, max-image-preview:large, max-video-preview:-1\" \/>\n<link rel=\"canonical\" href=\"https:\/\/www.meydan.tv\/az\/article\/k%c9%99ndlil%c9%99r-m%c9%99hsullarini-tullantiya-atir\/\" \/>\n<meta property=\"og:locale\" content=\"az_AZ\" \/>\n<meta property=\"og:type\" content=\"article\" \/>\n<meta property=\"og:title\" content=\"&quot;K\u0259ndlil\u0259r m\u0259hsullar\u0131n\u0131 tullant\u0131ya at\u0131r&quot; - MEYDAN.TV\" \/>\n<meta property=\"og:url\" content=\"https:\/\/www.meydan.tv\/az\/article\/k%c9%99ndlil%c9%99r-m%c9%99hsullarini-tullantiya-atir\/\" \/>\n<meta property=\"og:site_name\" content=\"MEYDAN.TV\" \/>\n<meta property=\"article:published_time\" content=\"2025-08-26T09:37:03+00:00\" \/>\n<meta property=\"article:modified_time\" content=\"2025-08-26T09:37:06+00:00\" \/>\n<meta property=\"og:image\" content=\"https:\/\/www.meydan.tv\/wp-content\/uploads\/screenshot_19_jijlbqh.png\" \/>\n\t<meta property=\"og:image:width\" content=\"890\" \/>\n\t<meta property=\"og:image:height\" content=\"499\" \/>\n\t<meta property=\"og:image:type\" content=\"image\/png\" \/>\n<meta name=\"twitter:card\" content=\"summary_large_image\" \/>\n<!-- \/ Yoast SEO plugin. -->","yoast_head_json":{"title":"\"K\u0259ndlil\u0259r m\u0259hsullar\u0131n\u0131 tullant\u0131ya at\u0131r\" - MEYDAN.TV","robots":{"index":"index","follow":"follow","max-snippet":"max-snippet:-1","max-image-preview":"max-image-preview:large","max-video-preview":"max-video-preview:-1"},"canonical":"https:\/\/www.meydan.tv\/az\/article\/k%c9%99ndlil%c9%99r-m%c9%99hsullarini-tullantiya-atir\/","og_locale":"az_AZ","og_type":"article","og_title":"\"K\u0259ndlil\u0259r m\u0259hsullar\u0131n\u0131 tullant\u0131ya at\u0131r\" - MEYDAN.TV","og_url":"https:\/\/www.meydan.tv\/az\/article\/k%c9%99ndlil%c9%99r-m%c9%99hsullarini-tullantiya-atir\/","og_site_name":"MEYDAN.TV","article_published_time":"2025-08-26T09:37:03+00:00","article_modified_time":"2025-08-26T09:37:06+00:00","og_image":[{"width":890,"height":499,"url":"https:\/\/www.meydan.tv\/wp-content\/uploads\/screenshot_19_jijlbqh.png","type":"image\/png"}],"twitter_card":"summary_large_image","schema":{"@context":"https:\/\/schema.org","@graph":[{"@type":"Article","@id":"https:\/\/www.meydan.tv\/az\/article\/k%c9%99ndlil%c9%99r-m%c9%99hsullarini-tullantiya-atir\/#article","isPartOf":{"@id":"https:\/\/www.meydan.tv\/az\/article\/k%c9%99ndlil%c9%99r-m%c9%99hsullarini-tullantiya-atir\/"},"author":{"name":"sevda","@id":"https:\/\/www.meydan.tv\/az\/#\/schema\/person\/49b5f2bad5b126bb8ea9320eeb3e4dc9"},"headline":"&#8220;K\u0259ndlil\u0259r m\u0259hsullar\u0131n\u0131 tullant\u0131ya at\u0131r&#8221;","datePublished":"2025-08-26T09:37:03+00:00","dateModified":"2025-08-26T09:37:06+00:00","mainEntityOfPage":{"@id":"https:\/\/www.meydan.tv\/az\/article\/k%c9%99ndlil%c9%99r-m%c9%99hsullarini-tullantiya-atir\/"},"wordCount":206,"publisher":{"@id":"https:\/\/www.meydan.tv\/az\/#organization"},"image":{"@id":"https:\/\/www.meydan.tv\/az\/article\/k%c9%99ndlil%c9%99r-m%c9%99hsullarini-tullantiya-atir\/#primaryimage"},"thumbnailUrl":"https:\/\/www.meydan.tv\/wp-content\/uploads\/screenshot_19_jijlbqh.png","articleSection":["Sosial","Video","X\u0259b\u0259rl\u0259r"],"inLanguage":"az"},{"@type":"WebPage","@id":"https:\/\/www.meydan.tv\/az\/article\/k%c9%99ndlil%c9%99r-m%c9%99hsullarini-tullantiya-atir\/","url":"https:\/\/www.meydan.tv\/az\/article\/k%c9%99ndlil%c9%99r-m%c9%99hsullarini-tullantiya-atir\/","name":"\"K\u0259ndlil\u0259r m\u0259hsullar\u0131n\u0131 tullant\u0131ya at\u0131r\" - MEYDAN.TV","isPartOf":{"@id":"https:\/\/www.meydan.tv\/az\/#website"},"primaryImageOfPage":{"@id":"https:\/\/www.meydan.tv\/az\/article\/k%c9%99ndlil%c9%99r-m%c9%99hsullarini-tullantiya-atir\/#primaryimage"},"image":{"@id":"https:\/\/www.meydan.tv\/az\/article\/k%c9%99ndlil%c9%99r-m%c9%99hsullarini-tullantiya-atir\/#primaryimage"},"thumbnailUrl":"https:\/\/www.meydan.tv\/wp-content\/uploads\/screenshot_19_jijlbqh.png","datePublished":"2025-08-26T09:37:03+00:00","dateModified":"2025-08-26T09:37:06+00:00","breadcrumb":{"@id":"https:\/\/www.meydan.tv\/az\/article\/k%c9%99ndlil%c9%99r-m%c9%99hsullarini-tullantiya-atir\/#breadcrumb"},"inLanguage":"az","potentialAction":[{"@type":"ReadAction","target":["https:\/\/www.meydan.tv\/az\/article\/k%c9%99ndlil%c9%99r-m%c9%99hsullarini-tullantiya-atir\/"]}]},{"@type":"ImageObject","inLanguage":"az","@id":"https:\/\/www.meydan.tv\/az\/article\/k%c9%99ndlil%c9%99r-m%c9%99hsullarini-tullantiya-atir\/#primaryimage","url":"https:\/\/www.meydan.tv\/wp-content\/uploads\/screenshot_19_jijlbqh.png","contentUrl":"https:\/\/www.meydan.tv\/wp-content\/uploads\/screenshot_19_jijlbqh.png","width":890,"height":499,"caption":"Source: Meydan TV"},{"@type":"BreadcrumbList","@id":"https:\/\/www.meydan.tv\/az\/article\/k%c9%99ndlil%c9%99r-m%c9%99hsullarini-tullantiya-atir\/#breadcrumb","itemListElement":[{"@type":"ListItem","position":1,"name":"Ana s\u0259hif\u0259","item":"https:\/\/www.meydan.tv\/az\/"},{"@type":"ListItem","position":2,"name":"Video","item":"https:\/\/www.meydan.tv\/az\/section\/video-2\/"},{"@type":"ListItem","position":3,"name":"&#8220;K\u0259ndlil\u0259r m\u0259hsullar\u0131n\u0131 tullant\u0131ya at\u0131r&#8221;"}]},{"@type":"WebSite","@id":"https:\/\/www.meydan.tv\/az\/#website","url":"https:\/\/www.meydan.tv\/az\/","name":"MEYDAN.TV","description":"Meydan TV Az\u0259rbaycan\u0131n media m\u0259kan\u0131ndak\u0131 alternativ s\u0259sidir","publisher":{"@id":"https:\/\/www.meydan.tv\/az\/#organization"},"potentialAction":[{"@type":"SearchAction","target":{"@type":"EntryPoint","urlTemplate":"https:\/\/www.meydan.tv\/az\/?s={search_term_string}"},"query-input":{"@type":"PropertyValueSpecification","valueRequired":true,"valueName":"search_term_string"}}],"inLanguage":"az"},{"@type":"Organization","@id":"https:\/\/www.meydan.tv\/az\/#organization","name":"Meydan TV","url":"https:\/\/www.meydan.tv\/az\/","logo":{"@type":"ImageObject","inLanguage":"az","@id":"https:\/\/www.meydan.tv\/az\/#\/schema\/logo\/image\/","url":"https:\/\/www.meydan.tv\/wp-content\/uploads\/2021\/07\/meydan-logo.svg","contentUrl":"https:\/\/www.meydan.tv\/wp-content\/uploads\/2021\/07\/meydan-logo.svg","width":195,"height":46,"caption":"Meydan TV"},"image":{"@id":"https:\/\/www.meydan.tv\/az\/#\/schema\/logo\/image\/"}},{"@type":"Person","@id":"https:\/\/www.meydan.tv\/az\/#\/schema\/person\/49b5f2bad5b126bb8ea9320eeb3e4dc9","name":"sevda"}]}},"_links":{"self":[{"href":"https:\/\/www.meydan.tv\/az\/wp-json\/wp\/v2\/posts\/334486","targetHints":{"allow":["GET"]}}],"collection":[{"href":"https:\/\/www.meydan.tv\/az\/wp-json\/wp\/v2\/posts"}],"about":[{"href":"https:\/\/www.meydan.tv\/az\/wp-json\/wp\/v2\/types\/post"}],"author":[{"embeddable":true,"href":"https:\/\/www.meydan.tv\/az\/wp-json\/wp\/v2\/users\/16"}],"replies":[{"embeddable":true,"href":"https:\/\/www.meydan.tv\/az\/wp-json\/wp\/v2\/comments?post=334486"}],"version-history":[{"count":2,"href":"https:\/\/www.meydan.tv\/az\/wp-json\/wp\/v2\/posts\/334486\/revisions"}],"predecessor-version":[{"id":334488,"href":"https:\/\/www.meydan.tv\/az\/wp-json\/wp\/v2\/posts\/334486\/revisions\/334488"}],"wp:featuredmedia":[{"embeddable":true,"href":"https:\/\/www.meydan.tv\/az\/wp-json\/wp\/v2\/media\/211470"}],"wp:attachment":[{"href":"https:\/\/www.meydan.tv\/az\/wp-json\/wp\/v2\/media?parent=334486"}],"wp:term":[{"taxonomy":"category","embeddable":true,"href":"https:\/\/www.meydan.tv\/az\/wp-json\/wp\/v2\/categories?post=334486"},{"taxonomy":"post_tag","embeddable":true,"href":"https:\/\/www.meydan.tv\/az\/wp-json\/wp\/v2\/tags?post=334486"}],"curies":[{"name":"wp","href":"https:\/\/api.w.org\/{rel}","templated":true}]}}