{"id":334479,"date":"2025-08-25T19:45:16","date_gmt":"2025-08-25T15:45:16","guid":{"rendered":"https:\/\/www.meydan.tv\/?p=334479"},"modified":"2025-08-25T19:45:19","modified_gmt":"2025-08-25T15:45:19","slug":"r%c9%99qsan%c9%99-ismayilovanin-h%c9%99yat-yoldasina-qarsi-da-cinay%c9%99t-isi-acilib","status":"publish","type":"post","link":"https:\/\/www.meydan.tv\/az\/article\/r%c9%99qsan%c9%99-ismayilovanin-h%c9%99yat-yoldasina-qarsi-da-cinay%c9%99t-isi-acilib\/","title":{"rendered":"R\u0259qsan\u0259 \u0130smay\u0131lovan\u0131n h\u0259yat yolda\u015f\u0131na qar\u015f\u0131 da cinay\u0259t i\u015fi a\u00e7\u0131l\u0131b"},"content":{"rendered":"\n<p><br>M\u00fc\u011f\u0259nni R\u0259qsan\u0259 \u0130smay\u0131lovan\u0131n h\u0259yat yolda\u015f\u0131 Fazil \u018fmiraslanova cinay\u0259t i\u015fi a\u00e7\u0131l\u0131b. \u201cQafqazinfo\u201dnun m\u0259lumat\u0131na g\u00f6r\u0259, Fazil \u018fmiraslanov da R\u0259qsan\u0259 \u0130smay\u0131lova il\u0259 eyni i\u015f \u00fczr\u0259 x\u00fcsusil\u0259 k\u00fclli miqdarda m\u0259nims\u0259d\u0259 <a href=\"https:\/\/qafqazinfo.az\/news\/detail\/reqsanenin-erine-de-cinayet-isi-acildi-olkeden-cixa-bilmez-480500\" target=\"_blank\" rel=\"noreferrer noopener nofollow\">ittiham olunur.<\/a>\u00a0<\/p>\n\n\n\n<p>V\u0259kil Ramal \u015eahmarov bildirib ki, \u018fmiraslanov t\u0259qsirl\u0259ndiril\u0259n \u015f\u0259xs qismind\u0259 tan\u0131nsa da, h\u0259bs olunmay\u0131b. Onun bar\u0259sind\u0259 \u201cpolisin n\u0259zar\u0259ti alt\u0131na verm\u0259\u201d q\u0259timkan t\u0259dbiri se\u00e7ilib.&nbsp;<\/p>\n\n\n\n<p>Rusiya v\u0259t\u0259nda\u015f\u0131 olan Fazil \u018fmiraslanovun \u00f6lk\u0259d\u0259n \u00e7\u0131x\u0131\u015f\u0131na qada\u011fa qoyulub.&nbsp;<\/p>\n\n\n\n<p>Bundan \u0259vv\u0259l Fazil \u018fmiraslanov \u00f6z\u00fcn\u00fcn v\u0259 iki azya\u015fl\u0131 \u00f6vlad\u0131n\u0131n t\u0259hl\u00fck\u0259sizliyini t\u0259min etm\u0259si v\u0259 \u00f6lk\u0259sin\u0259 qay\u0131tmas\u0131 \u00fc\u00e7\u00fcn Rusiya s\u0259firliyind\u0259n yard\u0131m ist\u0259mi\u015fdi.&nbsp;<\/p>\n\n\n\n<p>M\u00fc\u011f\u0259nni R\u0259qsan\u0259 \u0130smay\u0131lova avqustun 16-da h\u0259bs edilib.<\/p>\n\n\n\n<p>O, iki n\u0259f\u0259rin \u00fcmumilikd\u0259 35.000 manat d\u0259y\u0259rind\u0259 q\u0131z\u0131l-zin\u0259t \u0259\u015fyalar\u0131n\u0131 v\u0259 520.000 AB\u015e dollar\u0131 m\u0259bl\u0259\u011find\u0259 pulunu \u0259l\u0259 ke\u00e7irm\u0259kd\u0259 ittiham olunur.<\/p>\n\n\n\n<p>M\u00fc\u011f\u0259nninin bar\u0259sind\u0259 m\u0259hk\u0259m\u0259 q\u0259rar\u0131 il\u0259 4 ay m\u00fcdd\u0259tin\u0259 h\u0259bs q\u0259timkan t\u0259dbiri se\u00e7ilib.<\/p>\n\n\n\n<p>Bu madd\u0259 il\u0259 (d\u0259l\u0259duzluq x\u00fcsusil\u0259 k\u00fclli miqdarda t\u00f6r\u0259dildikd\u0259) m\u00fc\u011f\u0259nniy\u0259 14 il\u0259 q\u0259d\u0259r h\u0259bs c\u0259zas\u0131 veril\u0259 bil\u0259r.&nbsp;<\/p>\n","protected":false},"excerpt":{"rendered":"<p>M\u00fc\u011f\u0259nni R\u0259qsan\u0259 \u0130smay\u0131lovan\u0131n h\u0259yat yolda\u015f\u0131 Fazil \u018fmiraslanova cinay\u0259t i\u015fi a\u00e7\u0131l\u0131b. &#8230; <\/p>\n<p class=\"read-more-container\"><a title=\"R\u0259qsan\u0259 \u0130smay\u0131lovan\u0131n h\u0259yat yolda\u015f\u0131na qar\u015f\u0131 da cinay\u0259t i\u015fi a\u00e7\u0131l\u0131b\" class=\"read-more button\" href=\"https:\/\/www.meydan.tv\/az\/article\/r%c9%99qsan%c9%99-ismayilovanin-h%c9%99yat-yoldasina-qarsi-da-cinay%c9%99t-isi-acilib\/#more-334479\" aria-label=\"Read more about R\u0259qsan\u0259 \u0130smay\u0131lovan\u0131n h\u0259yat yolda\u015f\u0131na qar\u015f\u0131 da cinay\u0259t i\u015fi a\u00e7\u0131l\u0131b\">Davam\u0131<\/a><\/p>\n","protected":false},"author":16,"featured_media":334275,"comment_status":"closed","ping_status":"closed","sticky":false,"template":"","format":"standard","meta":{"_acf_changed":false,"_sitemap_exclude":false,"_sitemap_priority":"","_sitemap_frequency":"","footnotes":""},"categories":[62,79,56],"tags":[],"class_list":["post-334479","post","type-post","status-publish","format-standard","has-post-thumbnail","hentry","category-sosial","category-featured","category-xeberler","infinite-scroll-item","generate-columns","tablet-grid-50","mobile-grid-100","grid-parent","grid-33","no-featured-image-padding"],"acf":[],"yoast_head":"<!-- This site is optimized with the Yoast SEO plugin v27.4 - https:\/\/yoast.com\/product\/yoast-seo-wordpress\/ -->\n<title>R\u0259qsan\u0259 \u0130smay\u0131lovan\u0131n h\u0259yat yolda\u015f\u0131na qar\u015f\u0131 da cinay\u0259t i\u015fi a\u00e7\u0131l\u0131b - MEYDAN.TV<\/title>\n<meta name=\"robots\" content=\"index, follow, max-snippet:-1, max-image-preview:large, max-video-preview:-1\" \/>\n<link rel=\"canonical\" href=\"https:\/\/www.meydan.tv\/az\/article\/r%c9%99qsan%c9%99-ismayilovanin-h%c9%99yat-yoldasina-qarsi-da-cinay%c9%99t-isi-acilib\/\" \/>\n<meta property=\"og:locale\" content=\"az_AZ\" \/>\n<meta property=\"og:type\" content=\"article\" \/>\n<meta property=\"og:title\" content=\"R\u0259qsan\u0259 \u0130smay\u0131lovan\u0131n h\u0259yat yolda\u015f\u0131na qar\u015f\u0131 da cinay\u0259t i\u015fi a\u00e7\u0131l\u0131b - MEYDAN.TV\" \/>\n<meta property=\"og:description\" content=\"M\u00fc\u011f\u0259nni R\u0259qsan\u0259 \u0130smay\u0131lovan\u0131n h\u0259yat yolda\u015f\u0131 Fazil \u018fmiraslanova cinay\u0259t i\u015fi a\u00e7\u0131l\u0131b. ... Davam\u0131\" \/>\n<meta property=\"og:url\" content=\"https:\/\/www.meydan.tv\/az\/article\/r%c9%99qsan%c9%99-ismayilovanin-h%c9%99yat-yoldasina-qarsi-da-cinay%c9%99t-isi-acilib\/\" \/>\n<meta property=\"og:site_name\" content=\"MEYDAN.TV\" \/>\n<meta property=\"article:published_time\" content=\"2025-08-25T15:45:16+00:00\" \/>\n<meta property=\"article:modified_time\" content=\"2025-08-25T15:45:19+00:00\" \/>\n<meta property=\"og:image\" content=\"https:\/\/www.meydan.tv\/wp-content\/uploads\/0358d684-f2e8-4d10-8153-e497974fa82c.jpg\" \/>\n\t<meta property=\"og:image:width\" content=\"2168\" \/>\n\t<meta property=\"og:image:height\" content=\"1142\" \/>\n\t<meta property=\"og:image:type\" content=\"image\/jpeg\" \/>\n<meta name=\"author\" content=\"sevda\" \/>\n<meta name=\"twitter:card\" content=\"summary_large_image\" \/>\n<script type=\"application\/ld+json\" class=\"yoast-schema-graph\">{\"@context\":\"https:\\\/\\\/schema.org\",\"@graph\":[{\"@type\":\"Article\",\"@id\":\"https:\\\/\\\/www.meydan.tv\\\/az\\\/article\\\/r%c9%99qsan%c9%99-ismayilovanin-h%c9%99yat-yoldasina-qarsi-da-cinay%c9%99t-isi-acilib\\\/#article\",\"isPartOf\":{\"@id\":\"https:\\\/\\\/www.meydan.tv\\\/az\\\/article\\\/r%c9%99qsan%c9%99-ismayilovanin-h%c9%99yat-yoldasina-qarsi-da-cinay%c9%99t-isi-acilib\\\/\"},\"author\":{\"name\":\"sevda\",\"@id\":\"https:\\\/\\\/www.meydan.tv\\\/az\\\/#\\\/schema\\\/person\\\/49b5f2bad5b126bb8ea9320eeb3e4dc9\"},\"headline\":\"R\u0259qsan\u0259 \u0130smay\u0131lovan\u0131n h\u0259yat yolda\u015f\u0131na qar\u015f\u0131 da cinay\u0259t i\u015fi a\u00e7\u0131l\u0131b\",\"datePublished\":\"2025-08-25T15:45:16+00:00\",\"dateModified\":\"2025-08-25T15:45:19+00:00\",\"mainEntityOfPage\":{\"@id\":\"https:\\\/\\\/www.meydan.tv\\\/az\\\/article\\\/r%c9%99qsan%c9%99-ismayilovanin-h%c9%99yat-yoldasina-qarsi-da-cinay%c9%99t-isi-acilib\\\/\"},\"wordCount\":247,\"publisher\":{\"@id\":\"https:\\\/\\\/www.meydan.tv\\\/az\\\/#organization\"},\"image\":{\"@id\":\"https:\\\/\\\/www.meydan.tv\\\/az\\\/article\\\/r%c9%99qsan%c9%99-ismayilovanin-h%c9%99yat-yoldasina-qarsi-da-cinay%c9%99t-isi-acilib\\\/#primaryimage\"},\"thumbnailUrl\":\"https:\\\/\\\/www.meydan.tv\\\/wp-content\\\/uploads\\\/0358d684-f2e8-4d10-8153-e497974fa82c.jpg\",\"articleSection\":[\"Sosial\",\"T\u00f6vsiy\u0259\",\"X\u0259b\u0259rl\u0259r\"],\"inLanguage\":\"az\"},{\"@type\":\"WebPage\",\"@id\":\"https:\\\/\\\/www.meydan.tv\\\/az\\\/article\\\/r%c9%99qsan%c9%99-ismayilovanin-h%c9%99yat-yoldasina-qarsi-da-cinay%c9%99t-isi-acilib\\\/\",\"url\":\"https:\\\/\\\/www.meydan.tv\\\/az\\\/article\\\/r%c9%99qsan%c9%99-ismayilovanin-h%c9%99yat-yoldasina-qarsi-da-cinay%c9%99t-isi-acilib\\\/\",\"name\":\"R\u0259qsan\u0259 \u0130smay\u0131lovan\u0131n h\u0259yat yolda\u015f\u0131na qar\u015f\u0131 da cinay\u0259t i\u015fi a\u00e7\u0131l\u0131b - MEYDAN.TV\",\"isPartOf\":{\"@id\":\"https:\\\/\\\/www.meydan.tv\\\/az\\\/#website\"},\"primaryImageOfPage\":{\"@id\":\"https:\\\/\\\/www.meydan.tv\\\/az\\\/article\\\/r%c9%99qsan%c9%99-ismayilovanin-h%c9%99yat-yoldasina-qarsi-da-cinay%c9%99t-isi-acilib\\\/#primaryimage\"},\"image\":{\"@id\":\"https:\\\/\\\/www.meydan.tv\\\/az\\\/article\\\/r%c9%99qsan%c9%99-ismayilovanin-h%c9%99yat-yoldasina-qarsi-da-cinay%c9%99t-isi-acilib\\\/#primaryimage\"},\"thumbnailUrl\":\"https:\\\/\\\/www.meydan.tv\\\/wp-content\\\/uploads\\\/0358d684-f2e8-4d10-8153-e497974fa82c.jpg\",\"datePublished\":\"2025-08-25T15:45:16+00:00\",\"dateModified\":\"2025-08-25T15:45:19+00:00\",\"breadcrumb\":{\"@id\":\"https:\\\/\\\/www.meydan.tv\\\/az\\\/article\\\/r%c9%99qsan%c9%99-ismayilovanin-h%c9%99yat-yoldasina-qarsi-da-cinay%c9%99t-isi-acilib\\\/#breadcrumb\"},\"inLanguage\":\"az\",\"potentialAction\":[{\"@type\":\"ReadAction\",\"target\":[\"https:\\\/\\\/www.meydan.tv\\\/az\\\/article\\\/r%c9%99qsan%c9%99-ismayilovanin-h%c9%99yat-yoldasina-qarsi-da-cinay%c9%99t-isi-acilib\\\/\"]}]},{\"@type\":\"ImageObject\",\"inLanguage\":\"az\",\"@id\":\"https:\\\/\\\/www.meydan.tv\\\/az\\\/article\\\/r%c9%99qsan%c9%99-ismayilovanin-h%c9%99yat-yoldasina-qarsi-da-cinay%c9%99t-isi-acilib\\\/#primaryimage\",\"url\":\"https:\\\/\\\/www.meydan.tv\\\/wp-content\\\/uploads\\\/0358d684-f2e8-4d10-8153-e497974fa82c.jpg\",\"contentUrl\":\"https:\\\/\\\/www.meydan.tv\\\/wp-content\\\/uploads\\\/0358d684-f2e8-4d10-8153-e497974fa82c.jpg\",\"width\":2168,\"height\":1142,\"caption\":\"R\u0259qsan\u0259 \u0130smay\u0131lova. Foto: \u015f\u0259xsi \u0130nstagram s\u0259hif\u0259si\"},{\"@type\":\"BreadcrumbList\",\"@id\":\"https:\\\/\\\/www.meydan.tv\\\/az\\\/article\\\/r%c9%99qsan%c9%99-ismayilovanin-h%c9%99yat-yoldasina-qarsi-da-cinay%c9%99t-isi-acilib\\\/#breadcrumb\",\"itemListElement\":[{\"@type\":\"ListItem\",\"position\":1,\"name\":\"Ana s\u0259hif\u0259\",\"item\":\"https:\\\/\\\/www.meydan.tv\\\/az\\\/\"},{\"@type\":\"ListItem\",\"position\":2,\"name\":\"X\u0259b\u0259rl\u0259r\",\"item\":\"https:\\\/\\\/www.meydan.tv\\\/az\\\/section\\\/xeberler\\\/\"},{\"@type\":\"ListItem\",\"position\":3,\"name\":\"R\u0259qsan\u0259 \u0130smay\u0131lovan\u0131n h\u0259yat yolda\u015f\u0131na qar\u015f\u0131 da cinay\u0259t i\u015fi a\u00e7\u0131l\u0131b\"}]},{\"@type\":\"WebSite\",\"@id\":\"https:\\\/\\\/www.meydan.tv\\\/az\\\/#website\",\"url\":\"https:\\\/\\\/www.meydan.tv\\\/az\\\/\",\"name\":\"MEYDAN.TV\",\"description\":\"Meydan TV Az\u0259rbaycan\u0131n media m\u0259kan\u0131ndak\u0131 alternativ s\u0259sidir\",\"publisher\":{\"@id\":\"https:\\\/\\\/www.meydan.tv\\\/az\\\/#organization\"},\"potentialAction\":[{\"@type\":\"SearchAction\",\"target\":{\"@type\":\"EntryPoint\",\"urlTemplate\":\"https:\\\/\\\/www.meydan.tv\\\/az\\\/?s={search_term_string}\"},\"query-input\":{\"@type\":\"PropertyValueSpecification\",\"valueRequired\":true,\"valueName\":\"search_term_string\"}}],\"inLanguage\":\"az\"},{\"@type\":\"Organization\",\"@id\":\"https:\\\/\\\/www.meydan.tv\\\/az\\\/#organization\",\"name\":\"Meydan TV\",\"url\":\"https:\\\/\\\/www.meydan.tv\\\/az\\\/\",\"logo\":{\"@type\":\"ImageObject\",\"inLanguage\":\"az\",\"@id\":\"https:\\\/\\\/www.meydan.tv\\\/az\\\/#\\\/schema\\\/logo\\\/image\\\/\",\"url\":\"https:\\\/\\\/www.meydan.tv\\\/wp-content\\\/uploads\\\/2021\\\/07\\\/meydan-logo.svg\",\"contentUrl\":\"https:\\\/\\\/www.meydan.tv\\\/wp-content\\\/uploads\\\/2021\\\/07\\\/meydan-logo.svg\",\"width\":195,\"height\":46,\"caption\":\"Meydan TV\"},\"image\":{\"@id\":\"https:\\\/\\\/www.meydan.tv\\\/az\\\/#\\\/schema\\\/logo\\\/image\\\/\"}},{\"@type\":\"Person\",\"@id\":\"https:\\\/\\\/www.meydan.tv\\\/az\\\/#\\\/schema\\\/person\\\/49b5f2bad5b126bb8ea9320eeb3e4dc9\",\"name\":\"sevda\"}]}<\/script>\n<!-- \/ Yoast SEO plugin. -->","yoast_head_json":{"title":"R\u0259qsan\u0259 \u0130smay\u0131lovan\u0131n h\u0259yat yolda\u015f\u0131na qar\u015f\u0131 da cinay\u0259t i\u015fi a\u00e7\u0131l\u0131b - MEYDAN.TV","robots":{"index":"index","follow":"follow","max-snippet":"max-snippet:-1","max-image-preview":"max-image-preview:large","max-video-preview":"max-video-preview:-1"},"canonical":"https:\/\/www.meydan.tv\/az\/article\/r%c9%99qsan%c9%99-ismayilovanin-h%c9%99yat-yoldasina-qarsi-da-cinay%c9%99t-isi-acilib\/","og_locale":"az_AZ","og_type":"article","og_title":"R\u0259qsan\u0259 \u0130smay\u0131lovan\u0131n h\u0259yat yolda\u015f\u0131na qar\u015f\u0131 da cinay\u0259t i\u015fi a\u00e7\u0131l\u0131b - MEYDAN.TV","og_description":"M\u00fc\u011f\u0259nni R\u0259qsan\u0259 \u0130smay\u0131lovan\u0131n h\u0259yat yolda\u015f\u0131 Fazil \u018fmiraslanova cinay\u0259t i\u015fi a\u00e7\u0131l\u0131b. ... Davam\u0131","og_url":"https:\/\/www.meydan.tv\/az\/article\/r%c9%99qsan%c9%99-ismayilovanin-h%c9%99yat-yoldasina-qarsi-da-cinay%c9%99t-isi-acilib\/","og_site_name":"MEYDAN.TV","article_published_time":"2025-08-25T15:45:16+00:00","article_modified_time":"2025-08-25T15:45:19+00:00","og_image":[{"width":2168,"height":1142,"url":"https:\/\/www.meydan.tv\/wp-content\/uploads\/0358d684-f2e8-4d10-8153-e497974fa82c.jpg","type":"image\/jpeg"}],"author":"sevda","twitter_card":"summary_large_image","schema":{"@context":"https:\/\/schema.org","@graph":[{"@type":"Article","@id":"https:\/\/www.meydan.tv\/az\/article\/r%c9%99qsan%c9%99-ismayilovanin-h%c9%99yat-yoldasina-qarsi-da-cinay%c9%99t-isi-acilib\/#article","isPartOf":{"@id":"https:\/\/www.meydan.tv\/az\/article\/r%c9%99qsan%c9%99-ismayilovanin-h%c9%99yat-yoldasina-qarsi-da-cinay%c9%99t-isi-acilib\/"},"author":{"name":"sevda","@id":"https:\/\/www.meydan.tv\/az\/#\/schema\/person\/49b5f2bad5b126bb8ea9320eeb3e4dc9"},"headline":"R\u0259qsan\u0259 \u0130smay\u0131lovan\u0131n h\u0259yat yolda\u015f\u0131na qar\u015f\u0131 da cinay\u0259t i\u015fi a\u00e7\u0131l\u0131b","datePublished":"2025-08-25T15:45:16+00:00","dateModified":"2025-08-25T15:45:19+00:00","mainEntityOfPage":{"@id":"https:\/\/www.meydan.tv\/az\/article\/r%c9%99qsan%c9%99-ismayilovanin-h%c9%99yat-yoldasina-qarsi-da-cinay%c9%99t-isi-acilib\/"},"wordCount":247,"publisher":{"@id":"https:\/\/www.meydan.tv\/az\/#organization"},"image":{"@id":"https:\/\/www.meydan.tv\/az\/article\/r%c9%99qsan%c9%99-ismayilovanin-h%c9%99yat-yoldasina-qarsi-da-cinay%c9%99t-isi-acilib\/#primaryimage"},"thumbnailUrl":"https:\/\/www.meydan.tv\/wp-content\/uploads\/0358d684-f2e8-4d10-8153-e497974fa82c.jpg","articleSection":["Sosial","T\u00f6vsiy\u0259","X\u0259b\u0259rl\u0259r"],"inLanguage":"az"},{"@type":"WebPage","@id":"https:\/\/www.meydan.tv\/az\/article\/r%c9%99qsan%c9%99-ismayilovanin-h%c9%99yat-yoldasina-qarsi-da-cinay%c9%99t-isi-acilib\/","url":"https:\/\/www.meydan.tv\/az\/article\/r%c9%99qsan%c9%99-ismayilovanin-h%c9%99yat-yoldasina-qarsi-da-cinay%c9%99t-isi-acilib\/","name":"R\u0259qsan\u0259 \u0130smay\u0131lovan\u0131n h\u0259yat yolda\u015f\u0131na qar\u015f\u0131 da cinay\u0259t i\u015fi a\u00e7\u0131l\u0131b - MEYDAN.TV","isPartOf":{"@id":"https:\/\/www.meydan.tv\/az\/#website"},"primaryImageOfPage":{"@id":"https:\/\/www.meydan.tv\/az\/article\/r%c9%99qsan%c9%99-ismayilovanin-h%c9%99yat-yoldasina-qarsi-da-cinay%c9%99t-isi-acilib\/#primaryimage"},"image":{"@id":"https:\/\/www.meydan.tv\/az\/article\/r%c9%99qsan%c9%99-ismayilovanin-h%c9%99yat-yoldasina-qarsi-da-cinay%c9%99t-isi-acilib\/#primaryimage"},"thumbnailUrl":"https:\/\/www.meydan.tv\/wp-content\/uploads\/0358d684-f2e8-4d10-8153-e497974fa82c.jpg","datePublished":"2025-08-25T15:45:16+00:00","dateModified":"2025-08-25T15:45:19+00:00","breadcrumb":{"@id":"https:\/\/www.meydan.tv\/az\/article\/r%c9%99qsan%c9%99-ismayilovanin-h%c9%99yat-yoldasina-qarsi-da-cinay%c9%99t-isi-acilib\/#breadcrumb"},"inLanguage":"az","potentialAction":[{"@type":"ReadAction","target":["https:\/\/www.meydan.tv\/az\/article\/r%c9%99qsan%c9%99-ismayilovanin-h%c9%99yat-yoldasina-qarsi-da-cinay%c9%99t-isi-acilib\/"]}]},{"@type":"ImageObject","inLanguage":"az","@id":"https:\/\/www.meydan.tv\/az\/article\/r%c9%99qsan%c9%99-ismayilovanin-h%c9%99yat-yoldasina-qarsi-da-cinay%c9%99t-isi-acilib\/#primaryimage","url":"https:\/\/www.meydan.tv\/wp-content\/uploads\/0358d684-f2e8-4d10-8153-e497974fa82c.jpg","contentUrl":"https:\/\/www.meydan.tv\/wp-content\/uploads\/0358d684-f2e8-4d10-8153-e497974fa82c.jpg","width":2168,"height":1142,"caption":"R\u0259qsan\u0259 \u0130smay\u0131lova. Foto: \u015f\u0259xsi \u0130nstagram s\u0259hif\u0259si"},{"@type":"BreadcrumbList","@id":"https:\/\/www.meydan.tv\/az\/article\/r%c9%99qsan%c9%99-ismayilovanin-h%c9%99yat-yoldasina-qarsi-da-cinay%c9%99t-isi-acilib\/#breadcrumb","itemListElement":[{"@type":"ListItem","position":1,"name":"Ana s\u0259hif\u0259","item":"https:\/\/www.meydan.tv\/az\/"},{"@type":"ListItem","position":2,"name":"X\u0259b\u0259rl\u0259r","item":"https:\/\/www.meydan.tv\/az\/section\/xeberler\/"},{"@type":"ListItem","position":3,"name":"R\u0259qsan\u0259 \u0130smay\u0131lovan\u0131n h\u0259yat yolda\u015f\u0131na qar\u015f\u0131 da cinay\u0259t i\u015fi a\u00e7\u0131l\u0131b"}]},{"@type":"WebSite","@id":"https:\/\/www.meydan.tv\/az\/#website","url":"https:\/\/www.meydan.tv\/az\/","name":"MEYDAN.TV","description":"Meydan TV Az\u0259rbaycan\u0131n media m\u0259kan\u0131ndak\u0131 alternativ s\u0259sidir","publisher":{"@id":"https:\/\/www.meydan.tv\/az\/#organization"},"potentialAction":[{"@type":"SearchAction","target":{"@type":"EntryPoint","urlTemplate":"https:\/\/www.meydan.tv\/az\/?s={search_term_string}"},"query-input":{"@type":"PropertyValueSpecification","valueRequired":true,"valueName":"search_term_string"}}],"inLanguage":"az"},{"@type":"Organization","@id":"https:\/\/www.meydan.tv\/az\/#organization","name":"Meydan TV","url":"https:\/\/www.meydan.tv\/az\/","logo":{"@type":"ImageObject","inLanguage":"az","@id":"https:\/\/www.meydan.tv\/az\/#\/schema\/logo\/image\/","url":"https:\/\/www.meydan.tv\/wp-content\/uploads\/2021\/07\/meydan-logo.svg","contentUrl":"https:\/\/www.meydan.tv\/wp-content\/uploads\/2021\/07\/meydan-logo.svg","width":195,"height":46,"caption":"Meydan TV"},"image":{"@id":"https:\/\/www.meydan.tv\/az\/#\/schema\/logo\/image\/"}},{"@type":"Person","@id":"https:\/\/www.meydan.tv\/az\/#\/schema\/person\/49b5f2bad5b126bb8ea9320eeb3e4dc9","name":"sevda"}]}},"_links":{"self":[{"href":"https:\/\/www.meydan.tv\/az\/wp-json\/wp\/v2\/posts\/334479","targetHints":{"allow":["GET"]}}],"collection":[{"href":"https:\/\/www.meydan.tv\/az\/wp-json\/wp\/v2\/posts"}],"about":[{"href":"https:\/\/www.meydan.tv\/az\/wp-json\/wp\/v2\/types\/post"}],"author":[{"embeddable":true,"href":"https:\/\/www.meydan.tv\/az\/wp-json\/wp\/v2\/users\/16"}],"replies":[{"embeddable":true,"href":"https:\/\/www.meydan.tv\/az\/wp-json\/wp\/v2\/comments?post=334479"}],"version-history":[{"count":5,"href":"https:\/\/www.meydan.tv\/az\/wp-json\/wp\/v2\/posts\/334479\/revisions"}],"predecessor-version":[{"id":334484,"href":"https:\/\/www.meydan.tv\/az\/wp-json\/wp\/v2\/posts\/334479\/revisions\/334484"}],"wp:featuredmedia":[{"embeddable":true,"href":"https:\/\/www.meydan.tv\/az\/wp-json\/wp\/v2\/media\/334275"}],"wp:attachment":[{"href":"https:\/\/www.meydan.tv\/az\/wp-json\/wp\/v2\/media?parent=334479"}],"wp:term":[{"taxonomy":"category","embeddable":true,"href":"https:\/\/www.meydan.tv\/az\/wp-json\/wp\/v2\/categories?post=334479"},{"taxonomy":"post_tag","embeddable":true,"href":"https:\/\/www.meydan.tv\/az\/wp-json\/wp\/v2\/tags?post=334479"}],"curies":[{"name":"wp","href":"https:\/\/api.w.org\/{rel}","templated":true}]}}