{"id":334428,"date":"2025-08-25T14:37:42","date_gmt":"2025-08-25T10:37:42","guid":{"rendered":"https:\/\/www.meydan.tv\/?p=334428"},"modified":"2025-08-25T14:37:47","modified_gmt":"2025-08-25T10:37:47","slug":"qiyabi-h%c9%99bs-q%c9%99rarlarinin-m%c9%99qs%c9%99di-n%c9%99dir","status":"publish","type":"post","link":"https:\/\/www.meydan.tv\/az\/article\/qiyabi-h%c9%99bs-q%c9%99rarlarinin-m%c9%99qs%c9%99di-n%c9%99dir\/","title":{"rendered":"Qiyabi h\u0259bs q\u0259rarlar\u0131n\u0131n m\u0259qs\u0259di n\u0259dir?"},"content":{"rendered":"\n<p>Son aylarda xaricd\u0259 ya\u015fayan bir ne\u00e7\u0259 tan\u0131nm\u0131\u015f az\u0259rbaycanl\u0131 bloger bar\u0259sind\u0259 qiyabi h\u0259bs v\u0259 axtar\u0131\u015f q\u0259rarlar\u0131 \u00e7\u0131xar\u0131l\u0131b.<\/p>\n\n\n\n<p>Milli M\u0259clisin deputat\u0131 M\u00fc\u015ffiq C\u0259f\u0259rov \u201cpravda.az\u201da bir ne\u00e7\u0259 g\u00fcn \u0259vv\u0259l a\u00e7\u0131qlama ver\u0259r\u0259k onlar\u0131 Az\u0259rbaycana qar\u015f\u0131 d\u00fc\u015fm\u0259n m\u00f6vqe tutmaqda, qarayaxma kampaniyas\u0131 aparmaqda ittiham edib. Deputat qeyd edib ki, Az\u0259rbaycan h\u0259min \u015f\u0259xsl\u0259ri qanunvericilik \u00e7\u0259r\u00e7iv\u0259sind\u0259 \u00f6lk\u0259y\u0259 <a href=\"https:\/\/www.facebook.com\/share\/p\/1Btv7u8FEL\/?mibextid=wwXIfr\" target=\"_blank\" rel=\"noreferrer noopener nofollow\">g\u0259tir\u0259c\u0259k. <\/a><\/p>\n\n\n\n<p>Bu m\u00f6vzu \u0259traf\u0131ndak\u0131 m\u00fczakir\u0259l\u0259rd\u0259 m\u00fcxt\u0259lif qruplar f\u0259rqli iddialarla \u00e7\u0131x\u0131\u015f edir. Bir qrup h\u00fcquq m\u00fcdafi\u0259\u00e7isi, m\u00fcxalif\u0259t t\u0259msil\u00e7il\u0259ri v\u0259 siyas\u0259t\u00e7il\u0259r h\u0259min qiyabi h\u0259bs q\u0259rarlar\u0131n\u0131 hakimiyy\u0259tin siyasi t\u0259zyiq strategiyas\u0131 kimi qiym\u0259tl\u0259ndir\u0259rk\u0259n, dig\u0259r qrup \u2014 hakimiyy\u0259t\u0259 yax\u0131n siyas\u0259t\u00e7il\u0259r, h\u0259m\u00e7inin m\u00fcst\u0259qil hesab edil\u0259n \u015f\u0259rh\u00e7i v\u0259 siyas\u0259t\u00e7il\u0259r \u2014 bu t\u0259zyiqi Az\u0259rbaycan hakimiyy\u0259tinin m\u00fcxalif\u0259t\u0259 y\u00f6n\u0259ltdiyi qaralama strategiyas\u0131 \u00fc\u00e7\u00fcn vasit\u0259 kimi g\u00f6r\u00fcrl\u0259r. Hakimiyy\u0259t\u0259 yax\u0131n siyas\u0259t\u00e7il\u0259r is\u0259 bu q\u0259rarlarla Az\u0259rbaycan\u0131n \u00f6z \u0259leyhin\u0259 ged\u0259n kampaniyalara qar\u015f\u0131 h\u00fcquqi m\u00f6vqe qoydu\u011funu iddia edirl\u0259r.\u00a0<\/p>\n\n\n\n<p>\u0130qtisad\u00e7\u0131, ReAl partiyas\u0131n\u0131n\u00a0Siyasi Komit\u0259sinin s\u0259dri Natiq C\u0259f\u0259rli \u00f6z &#8220;Facebook&#8221; <a href=\"https:\/\/www.facebook.com\/share\/p\/1FF8cbPPa8\/?mibextid=wwXIfr\" target=\"_blank\" rel=\"noreferrer noopener nofollow\">s\u0259hif\u0259sind\u0259<\/a> blogerl\u0259r bar\u0259sind\u0259 \u00e7\u0131xan axtar\u0131\u015f v\u0259 qiyabi h\u0259bs q\u0259rarlar\u0131 il\u0259 ba\u011fl\u0131 \u00fcmumi formada d\u00f6rd \u0259sas iddia ir\u0259li s\u00fcr\u00fcb. C\u0259f\u0259rli onlar\u0131 s\u00f6y\u00fc\u015f blogerl\u0259ri adland\u0131raraq qeyd edib ki, h\u0259min \u015f\u0259xsl\u0259r bar\u0259sind\u0259 \u00e7\u0131xan q\u0259rarlar m\u0259hz hakimiyy\u0259tin strategiyas\u0131d\u0131r. O, yazd\u0131\u011f\u0131 m\u0259tnd\u0259 bu strategiyan\u0131n hakimiyy\u0259t maraqlar\u0131na xidm\u0259t etdiyini bildir\u0259n \u00fcmumi izah verib.<\/p>\n\n\n\n<p>\u0130zahda qeyd olunub ki, <strong>1)<\/strong> h\u0259min q\u0259rarlar real ekstradisiya \u00fc\u00e7\u00fcn yox, blogerl\u0259rin Avropada qalmas\u0131n\u0131 t\u0259min etm\u0259k \u00fc\u00e7\u00fcnd\u00fcr; <strong>2)<\/strong> bir \u00e7ox bloger Avropa c\u0259miyy\u0259tin\u0259 inteqrasiya ola bilm\u0259yib v\u0259 orada ya\u015famaq \u00fc\u00e7\u00fcn z\u0259ruri s\u0259n\u0259dl\u0259r\u0259 sahib deyill\u0259r v\u0259 bu q\u0259rarlar onlar\u0131n h\u0259min \u00f6lk\u0259l\u0259rd\u0259 qalma\u011f\u0131n\u0131 t\u0259min ed\u0259c\u0259k;<strong> 3) <\/strong>onlar m\u00fcxalif\u0259tin imicini z\u0259d\u0259l\u0259yir, kompromatlar yay\u0131r v\u0259 bu da h\u00f6k\u00fcm\u0259t \u00fc\u00e7\u00fcn faydal\u0131d\u0131r; <strong>4)<\/strong> bu s\u0259b\u0259bl\u0259r\u0259 g\u00f6r\u0259 d\u0259 onlar\u0131n f\u0259aliyy\u0259tl\u0259rinin maliyy\u0259sini Az\u0259rbaycan h\u00f6kum\u0259ti qar\u015f\u0131lay\u0131r.\u00a0<\/p>\n\n\n\n<p>M\u00f6vzunu analiz etm\u0259k \u00fc\u00e7\u00fcn Meydan TV yazd\u0131\u011f\u0131 m\u0259tnl\u0259 ba\u011fl\u0131 Natiq C\u0259f\u0259rlid\u0259n, Almaniyada siyasi m\u00fchacir olan, \u00f6t\u0259n ay bar\u0259sind\u0259 16 il qiyabi h\u0259bs q\u0259rar\u0131 \u00e7\u0131xar\u0131lan bloger Qabil M\u0259mm\u0259dovdan v\u0259 III Respublika Platformas\u0131n\u0131n qurucu hey\u0259t \u00fczv\u00fc, siyasi \u015f\u0259rh\u00e7i Elman F\u0259ttahdan m\u00fcsahib\u0259 al\u0131b.<\/p>\n\n\n\n<figure class=\"wp-block-image size-full\"><img decoding=\"async\" width=\"1179\" height=\"715\" data-src=\"https:\/\/www.meydan.tv\/wp-content\/uploads\/img_8784.jpg\" alt=\"\" class=\"wp-image-332056 lazyload\" src=\"data:image\/svg+xml;base64,PHN2ZyB3aWR0aD0iMSIgaGVpZ2h0PSIxIiB4bWxucz0iaHR0cDovL3d3dy53My5vcmcvMjAwMC9zdmciPjwvc3ZnPg==\" style=\"--smush-placeholder-width: 1179px; --smush-placeholder-aspect-ratio: 1179\/715;\" \/><figcaption class=\"wp-element-caption\">Foto: Qabil M\u0259mm\u0259dovun \u015f\u0259xsi arxivind\u0259n<\/figcaption><\/figure>\n\n\n\n<p>Natiq C\u0259f\u0259rlinin yazd\u0131qlar\u0131 il\u0259 ba\u011fl\u0131 Qabil M\u0259mm\u0259dov deyir ki, iddialar\u0131n b\u00f6y\u00fck hiss\u0259si \u0259sass\u0131zd\u0131r, lakin qism\u0259n h\u0259qiq\u0259t pay\u0131 var. O bildirir ki, bu iddialar\u0131n \u00e7oxu haz\u0131rk\u0131 d\u00f6vr v\u0259 v\u0259ziyy\u0259t \u00fc\u00e7\u00fcn aktual ola bilm\u0259z, h\u0259m\u00e7inin bu iddialar manipulyativdir.<\/p>\n\n\n\n<p>C\u0259f\u0259rlinin \u00f6z\u00fc birba\u015fa m\u00fcsahib\u0259sind\u0259 bildirir ki, o, m\u0259tni bar\u0259sind\u0259 q\u0259rar \u00e7\u0131xar\u0131lan b\u00fct\u00fcn \u015f\u0259xsl\u0259r\u0259 \u015famil etm\u0259yib; m\u0259s\u0259l\u0259y\u0259 siyasi n\u0259z\u0259rl\u0259 v\u0259 arqumentl\u0259 yana\u015f\u0131b. Bildirir ki, hakimiyy\u0259t birba\u015fa v\u0259 ya vasit\u0259li \u015f\u0259kild\u0259 h\u0259min \u015f\u0259xsl\u0259r \u00fcz\u0259rind\u0259n maraqlar\u0131n\u0131 t\u0259min edir.<\/p>\n\n\n\n<p>F\u0259ttah is\u0259 qiyabi h\u0259bs q\u0259rarlar\u0131n\u0131 avtoritar sisteml\u0259rin strategiyas\u0131 olaraq d\u0259y\u0259rl\u0259ndirir v\u0259 hesab edir ki, bu hakimiyy\u0259tin bir ne\u00e7\u0259 istiqam\u0259td\u0259 maraqlar\u0131na uy\u011fun olaraq xof yaratma\u011fa, g\u00fcc g\u00f6st\u0259ri\u015fin\u0259 xidm\u0259t edir.<\/p>\n\n\n\n<h4 class=\"wp-block-heading\"><strong>Bar\u0259sind\u0259 qiyabi icraat q\u0259rarlar\u0131 olan \u015f\u0259xsl\u0259rin Avropa h\u0259yat\u0131<\/strong><\/h4>\n\n\n\n<p>Bu il Ba\u015f Prokurorlu\u011fun \u0130stintaq \u0130dar\u0259si t\u0259r\u0259find\u0259n bar\u0259l\u0259rind\u0259 qiyabi icraat ba\u015flanaraq istintaqa \u00e7a\u011f\u0131r\u0131lanlar\u0131n (\u0130mam\u0259ddin \u018flimanov, S\u00fcleyman S\u00fcleymanl\u0131, El\u015fad M\u0259mm\u0259dov, M\u0259h\u0259mm\u0259d Mirz\u0259li, Qabil M\u0259mm\u0259dov, Orxan A\u011fayev, Qurban M\u0259mm\u0259dov ) bar\u0259sind\u0259 t\u0259qdimatlara bax\u0131l\u0131b v\u0259 qiyabi m\u0259hk\u0259m\u0259 ba\u015f tutub. Qabil M\u0259mm\u0259dov 16 il qiyabi h\u0259bs c\u0259zas\u0131 al\u0131b. M\u0259mm\u0259dov bar\u0259sind\u0259ki q\u0259rar ictimai m\u00fczakir\u0259l\u0259rd\u0259 ilk olaraq onun s\u00f6y\u00fc\u015f ritorikas\u0131na g\u00f6r\u0259 c\u0259zaland\u0131r\u0131ld\u0131\u011f\u0131 t\u0259\u0259ss\u00fcrat\u0131n\u0131 yaratsa da,\u00a0 o deyir ki, onlar\u0131n he\u00e7 birin\u0259 qar\u015f\u0131 a\u00e7\u0131lan iddia s\u00f6y\u00fc\u015f v\u0259 t\u0259hqirl\u0259 ba\u011fl\u0131 deyil. H\u0259min iddialar terrora \u00e7a\u011f\u0131r\u0131\u015f, d\u0259l\u0259duzluq, hakimiyy\u0259t n\u00fcmay\u0259nd\u0259l\u0259rin\u0259 m\u00fcqavim\u0259t g\u00f6st\u0259rm\u0259k v\u0259 s. kimi a\u011f\u0131r cinay\u0259t \u0259m\u0259ll\u0259rini \u0259hat\u0259 edir:<\/p>\n\n\n\n<p><em>\u201cAz\u0259rbaycanda s\u00f6y\u00fc\u015f blogeri kimi tan\u0131nanlardan biri m\u0259n\u0259m v\u0259 bar\u0259md\u0259 h\u0259bs q\u0259rar\u0131 \u00e7\u0131xar\u0131l\u0131b. Eyni zamanda \u00fcmumilikd\u0259 t\u0259xmin\u0259n 13 n\u0259f\u0259r bar\u0259sind\u0259 bu tipli q\u0259rarlar \u00e7\u0131xar\u0131l\u0131b. Bu iddiaya g\u00f6r\u0259, h\u0259min \u015f\u0259xsl\u0259rin ham\u0131s\u0131 s\u00f6y\u00fc\u015f s\u00f6y\u00fcr. Lakin bu \u015f\u0259xsl\u0259r aras\u0131nda s\u00f6y\u00fc\u015f ritorikas\u0131 olmayan, jurnalist, h\u00fcquq\u015f\u00fcnas, ke\u00e7mi\u015fd\u0259 universitetd\u0259 v\u0259zif\u0259si olan \u015f\u0259xsl\u0259r d\u0259 var. El\u0259 \u00f6z\u00fcm d\u0259 xeyli m\u00fcdd\u0259tdir ki, s\u00f6y\u00fc\u015fd\u0259n istifad\u0259 etmir\u0259m. \u00dcz\u0259rim\u0259 qoyulan madd\u0259l\u0259r m\u0259ni etm\u0259diyim cinay\u0259tl\u0259rd\u0259 ittiham edir.\u201d<\/em><\/p>\n\n\n\n<p>Bar\u0259sind\u0259 2021-ci ild\u0259 a\u00e7\u0131lan 24 madd\u0259d\u0259n ibar\u0259t cinay\u0259t i\u015fi il\u0259 ba\u011fl\u0131&nbsp; Almaniya m\u0259hk\u0259m\u0259sind\u0259n tam b\u0259rab\u0259t ald\u0131\u011f\u0131n\u0131 dey\u0259n M\u0259mm\u0259dov Az\u0259rbaycan\u0131n onu g\u0259tizdirm\u0259k \u00fc\u00e7\u00fcn bu il yenid\u0259n Almaniyaya m\u00fcraci\u0259t etdiyini bildirir:<\/p>\n\n\n\n<p><em>\u201c2021-ci ild\u0259 m\u0259hk\u0259m\u0259d\u0259 b\u00fct\u00fcn madd\u0259l\u0259r \u00fczr\u0259 b\u0259ra\u0259t ald\u0131qdan sonra Az\u0259rbaycan hakimiyy\u0259ti bu il bar\u0259md\u0259 yenid\u0259n m\u00fcraci\u0259t \u00fcnvanlay\u0131b ki, \u201cbiz\u0259 vermirsinizs\u0259, c\u0259zas\u0131n\u0131 Almaniyada \u00e7\u0259km\u0259sini t\u0259min edin\u201d. Y\u0259ni Az\u0259rbaycan bizi g\u0259tizdir\u0259 bilm\u0259y\u0259nd\u0259 oldu\u011fumuz \u00f6lk\u0259l\u0259rd\u0259 h\u0259bs edilm\u0259yimiz \u00fc\u00e7\u00fcn d\u0259 m\u00fcraci\u0259t edib.\u201d<\/em><\/p>\n\n\n\n<p>M\u0259mm\u0259dov blogerl\u0259r bar\u0259sind\u0259 axtar\u0131\u015f q\u0259rar\u0131n\u0131n \u00e7\u0131xmas\u0131n\u0131n, onlar\u0131n Avropadak\u0131 h\u00fcquqi statuslar\u0131na t\u0259siri il\u0259 ba\u011fl\u0131 vur\u011fulay\u0131r ki, bu arqument 7-8 il \u0259vv\u0259l aktual ola bil\u0259rdi, lakin indi bar\u0259sind\u0259 q\u0259rar\u0131 \u00e7\u0131xar\u0131lan \u015f\u0259xsl\u0259rin ham\u0131s\u0131 art\u0131q bir ne\u00e7\u0259 ildir ki, s\u0131\u011f\u0131nacaq al\u0131b.<\/p>\n\n\n\n<p><em>\u201cBizim ham\u0131m\u0131z\u0131n Almaniya, Fransa v\u0259 dig\u0259r Avropa \u00f6lk\u0259l\u0259rind\u0259 ya\u015famaq \u00fc\u00e7\u00fcn r\u0259smi statusumuz var, h\u0259tta aralar\u0131nda v\u0259t\u0259nda\u015fl\u0131\u011f\u0131 olanlar bel\u0259 var. Onlardan yaln\u0131z birinin ikinci d\u0259r\u0259c\u0259li qorumas\u0131 var [\u201csubsidiary protection\u201d \u2014 beyn\u0259lxalq h\u00fcquqda v\u0259 miqrasiya qanunvericiliyind\u0259 qa\u00e7q\u0131n statusu ala bilm\u0259y\u0259n, amma \u00f6z \u00f6lk\u0259sin\u0259 qay\u0131td\u0131qda ciddi t\u0259hl\u00fck\u0259 il\u0259 \u00fczl\u0259\u015f\u0259c\u0259k \u015f\u0259xsl\u0259r\u0259 veril\u0259n ikinci d\u0259r\u0259c\u0259li v\u0259 ya m\u00fcv\u0259qq\u0259ti qoruma statusudur]. He\u00e7 birimizin qaytar\u0131lmaq t\u0259hl\u00fck\u0259si yoxdur, \u0259ksin\u0259 Avropa \u00f6lk\u0259l\u0259ri bizi Az\u0259rbaycandan qorumaq \u00fc\u00e7\u00fcn \u00f6z polisl\u0259ri vasit\u0259si il\u0259 m\u00fchafiz\u0259 edir\u201d,<\/em> &#8211; M\u0259mm\u0259dov deyir.<\/p>\n\n\n\n<p>O vur\u011fulay\u0131r ki, \u00f6z\u00fc fiziki h\u00fccuma m\u0259ruz qal\u0131b, <a href=\"https:\/\/www.amerikaninsesi.org\/a\/az%C9%99rbaycanl%C4%B1-siyasi-m%C3%BChacir-fransada-b%C4%B1%C3%A7aqlan%C4%B1b-\/5814573.html\" target=\"_blank\" rel=\"noreferrer noopener nofollow\">M\u0259h\u0259mm\u0259d Mirz\u0259li<\/a>, <a href=\"https:\/\/www.youtube.com\/watch?v=9YB7r_S6YZc\" target=\"_blank\" rel=\"noreferrer noopener nofollow\">Vidadi \u0130sg\u0259nd\u0259rli<\/a> Avropada b\u0131\u00e7aqlan\u0131l\u0131b; \u0130sg\u0259nd\u0259rli h\u0259yat\u0131n\u0131 itirib. Avropada blogerlik f\u0259aliyy\u0259ti il\u0259 m\u0259\u015f\u011ful olanlar\u0131n Az\u0259rbaycandak\u0131 yax\u0131nlar\u0131na edil\u0259n <a href=\"https:\/\/jam-news.net\/az\/az%C9%99rbaycanda-muxalif%C9%99tci-bacisinin-intim-goruntul%C9%99ri-il%C9%99-santaj-olunur\/ https:\/\/www.youtube.com\/watch?v=qNN_HbUW228\" target=\"_blank\" rel=\"noreferrer noopener nofollow\">t\u0259zyiql\u0259ri<\/a> \u00a0xat\u0131rladan M\u0259mm\u0259dov bildirir ki, b\u00fct\u00fcn bunlar onlar\u0131n varl\u0131\u011f\u0131n\u0131n hakimiyy\u0259t t\u0259r\u0259find\u0259n arzuolunmazl\u0131\u011f\u0131n\u0131 g\u00f6st\u0259rir. Onun s\u00f6zl\u0259rin\u0259 g\u00f6r\u0259, bir ne\u00e7\u0259 bloger Avropa d\u00f6vl\u0259tind\u0259 polis t\u0259r\u0259find\u0259n x\u00fcsusi m\u00fchafiz\u0259y\u0259 sahibdir:<\/p>\n\n\n\n<p><em>\u201cMirz\u0259linin a\u00e7\u0131q, m\u0259nim gizli qorumam var. Bu qoruma Az\u0259rbaycan hakimiyy\u0259tinin Avropada da h\u0259yat\u0131m\u0131za m\u00fct\u0259madi yaratd\u0131\u011f\u0131 t\u0259hl\u00fck\u0259l\u0259r\u0259 g\u00f6r\u0259dir. \u00dcst\u0259lik Avropa m\u0259hk\u0259m\u0259l\u0259rind\u0259n b\u0259ra\u0259t almaq ciddi s\u00fcbutlar v\u0259 \u0259m\u0259k t\u0259l\u0259b edir. \u0130ndiy\u0259 q\u0259d\u0259r h\u0259min s\u0259n\u0259d-s\u00fcn\u0259din t\u0259rc\u00fcm\u0259l\u0259ri xeyli vaxt, maddi resurs apar\u0131b\u201d. <\/em><\/p>\n\n\n\n<h4 class=\"wp-block-heading\"><em><strong>\u201c\u0130mam \u00fc\u00e7\u00fcn a\u011flayanda yezid \u00fc\u00e7\u00fcn d\u0259 a\u011flamaq laz\u0131md\u0131r\u201d<\/strong><\/em><\/h4>\n\n\n\n<p>Natiq C\u0259f\u0259rlinin yazd\u0131\u011f\u0131 m\u0259tnd\u0259 ad \u00e7\u0259km\u0259d\u0259n istinad edil\u0259n \u015f\u0259xs Hafiz Hac\u0131yevdir. C\u0259f\u0259rli istinad\u0131n Hac\u0131yev\u0259 aid oldu\u011funu \u00f6z\u00fc Meydan TV-y\u0259 verdiyi m\u00fcsahib\u0259sind\u0259 t\u0259sdiq edib.  <\/p>\n\n\n\n<p>Hac\u0131yev canl\u0131 yay\u0131mlar\u0131n birind\u0259 xaricd\u0259ki blogerl\u0259rl\u0259 ba\u011fl\u0131 iddia s\u0259sl\u0259ndirmi\u015fdi. H\u0259min iddiaya \u0259sas\u0259n, blogerl\u0259r Az\u0259rbaycan \u0259leyhin\u0259 \u00e7\u0131x\u0131\u015flar\u0131na g\u00f6r\u0259 Bak\u0131dan pul al\u0131rlar. Lakin Hac\u0131yev ba\u015fqa canl\u0131 yay\u0131mda da b\u0259nz\u0259r iddialar ir\u0259li s\u00fcr\u0259r\u0259k bunu d\u00f6vl\u0259t daxilind\u0259ki qruplar\u0131n maraq toqqu\u015fmalar\u0131 olaraq \u015f\u0259rh etmi\u015fdi. Hac\u0131yev h\u0259min m\u0259murlara dair istinad t\u0259qdim etm\u0259s\u0259 d\u0259, ittiham etdiyi m\u0259murlar\u0131 prezident\u0259 x\u0259yan\u0259td\u0259 <a href=\"https:\/\/www.youtube.com\/watch?v=ZPaLfwZWdoI&amp;t=2045s\" target=\"_blank\" rel=\"noreferrer noopener nofollow\">g\u00fcnahland\u0131rm\u0131\u015fd\u0131<\/a>.<\/p>\n\n\n\n<p>C\u0259f\u0259rli is\u0259 m\u00fcsahib\u0259sind\u0259 yazd\u0131\u011f\u0131 bu iddian\u0131 bar\u0259sind\u0259 q\u0259rar \u00e7\u0131xar\u0131lan b\u00fct\u00fcn \u015f\u0259xsl\u0259r\u0259 \u015famil etm\u0259diyini vur\u011fulay\u0131b. O bildirir ki, hakimiyy\u0259t daxilind\u0259 m\u00fcxt\u0259lif qruplar\u0131n maraq toqqu\u015fmalar\u0131 var v\u0259 bu qruplar bir-birinin n\u00fcfuzunu z\u0259d\u0259l\u0259m\u0259k \u00fc\u00e7\u00fcn m\u00fcxt\u0259lif \u015f\u0259xsl\u0259ri al\u0259t olaraq istifad\u0259 ed\u0259 bilirl\u0259r:<\/p>\n\n\n\n<p><em>\u201cD\u00f6vl\u0259t\u0259 ba\u011fl\u0131 m\u00fcxt\u0259lif qruplar bu m\u0259s\u0259l\u0259d\u0259n xeyli pay \u00e7\u0131xar\u0131r. Bir qrup laz\u0131m g\u0259ldikd\u0259 hans\u0131sa m\u00fcxalif blogeri \u00f6z m\u0259qs\u0259di \u00fc\u00e7\u00fcn istifad\u0259 edir, dig\u0259r qrup da ortaya \u00e7\u0131xan g\u00f6r\u00fcnt\u00fc il\u0259 m\u00fcxalif\u0259tin imicini, faydal\u0131l\u0131\u011f\u0131n\u0131 z\u0259d\u0259l\u0259yir.\u201d<\/em><\/p>\n\n\n\n<p>Qabil M\u0259mm\u0259dov C\u0259f\u0259rlinin iddias\u0131n\u0131 qism\u0259n haql\u0131 say\u0131r. Onun s\u00f6zl\u0259rin\u0259 \u0259sas\u0259n, h\u0259r yerd\u0259 bel\u0259 f\u0259aliyy\u0259t g\u00f6st\u0259r\u0259n insanlar var, lakin bu bir qrupun \u00fcmumi dam\u011falanmas\u0131na g\u0259tirib \u00e7\u0131xartmamal\u0131d\u0131r:<\/p>\n\n\n\n<p><em>\u201cEl m\u0259s\u0259l\u0259sind\u0259 deyildiyi kimi, imam \u00fc\u00e7\u00fcn a\u011flayanda, g\u0259r\u0259k arada yezid \u00fc\u00e7\u00fcn d\u0259 a\u011flayasan; \u0259lb\u0259tt\u0259 Natiq b\u0259yin iddias\u0131nda h\u0259qiq\u0259t pay\u0131 var. Lakin bu bar\u0259sind\u0259 q\u0259rar \u00e7\u0131xar\u0131lan v\u0259 ya s\u00f6y\u00fc\u015f ritorikas\u0131ndan istifad\u0259 edil\u0259n h\u0259r k\u0259s \u00fc\u00e7\u00fcn ke\u00e7\u0259rli deyil. M\u0259murlar bu s\u00f6hb\u0259td\u0259 ham\u0131dan \u00e7ox maraql\u0131d\u0131rlar. Onlar bir-birinin arvad\u0131n\u0131, ail\u0259sini s\u00f6yd\u00fcrm\u0259k \u00fc\u00e7\u00fcn ciddi m\u0259bl\u0259\u011fl\u0259r \u00f6d\u0259yirl\u0259r. Amma bunu q\u0259bul ed\u0259n blogerl\u0259r t\u0259k-t\u00fckd\u00fcr; onlar kifay\u0259t q\u0259d\u0259r z\u0259ngindirl\u0259r v\u0259 bizim kimi t\u0259hl\u00fck\u0259l\u0259rl\u0259 \u00fczl\u0259\u015fmirl\u0259r. M\u0259s\u0259l\u0259n, 2-3 ild\u0259n bir \u00f6z\u00fcm\u0259 yeni k\u00f6yn\u0259k al\u0131ram, b\u00fcdc\u0259m\u0259 g\u00f6r\u0259 q\u0131rm\u0131z\u0131 \u0259t \u0259v\u0259zin\u0259, toyuq \u0259tin\u0259 \u00fcst\u00fcnl\u00fck verir\u0259m; canl\u0131 yay\u0131mlar \u00fc\u00e7\u00fcn istifad\u0259 etdiyim komp\u00fcterimi 8 il \u00f6nc\u0259 yolda\u015flardan biri h\u0259diyy\u0259 etmi\u015fdi. Pula ehtiyac\u0131m olanda da \u00f6z auditoriyamdan a\u00e7\u0131q formada d\u0259st\u0259k ala bilir\u0259m.\u201d<\/em><\/p>\n\n\n\n<figure class=\"wp-block-image size-large\"><img decoding=\"async\" width=\"1200\" height=\"696\" data-src=\"https:\/\/www.meydan.tv\/wp-content\/uploads\/image_from_ios_178-scaled-e1648798569981-1200x696.jpg\" alt=\"Natiq C\u0259f\u0259rli\" class=\"wp-image-210013 lazyload\" src=\"data:image\/svg+xml;base64,PHN2ZyB3aWR0aD0iMSIgaGVpZ2h0PSIxIiB4bWxucz0iaHR0cDovL3d3dy53My5vcmcvMjAwMC9zdmciPjwvc3ZnPg==\" style=\"--smush-placeholder-width: 1200px; --smush-placeholder-aspect-ratio: 1200\/696;\" \/><figcaption class=\"wp-element-caption\">Natiq C\u0259f\u0259rli, Foto: Meydan TV<\/figcaption><\/figure>\n\n\n\n<h4 class=\"wp-block-heading\"><strong>S\u00f6y\u00fc\u015f rotorikas\u0131 m\u00fcxalif\u0259tin imicin\u0259 nec\u0259 t\u0259sir edir?<\/strong><\/h4>\n\n\n\n<p>Natiq C\u0259f\u0259rli m\u00fcsahib\u0259sind\u0259 bildirir ki, s\u00f6y\u00fc\u015f rotorikas\u0131 siyasi t\u0259nqid v\u0259 ya hans\u0131sa siyasi alternativ deyil. Onun s\u00f6zl\u0259rin\u0259 g\u00f6r\u0259, bu art\u0131q hakimiyy\u0259tin m\u00fcxalif\u0259ti g\u00f6zd\u0259n salmaq \u00fc\u00e7\u00fcn istifad\u0259 etdiyi n\u00fcmun\u0259l\u0259r hal\u0131na g\u0259lib, h\u0259tta bu n\u00fcmun\u0259l\u0259r beyn\u0259lxalq t\u0259\u015fkilatlar\u0131n Az\u0259rbaycandak\u0131 m\u00fcxalif\u0259t\u0259 bax\u0131\u015f\u0131ndan da yan ke\u00e7mir:<\/p>\n\n\n\n<p><em>\u201cM\u00fcxalif olmaq v\u0259 m\u00fcxalif\u0259t f\u0259rqli anlay\u0131\u015flard\u0131r. B\u0259z\u0259n insanlar d\u00fc\u015f\u00fcn\u00fcr ki, minl\u0259rl\u0259, milyonlarla bax\u0131\u015f hans\u0131sa siyasi d\u0259yi\u015fikliy\u0259 s\u0259b\u0259b ola bil\u0259r. Biz reall\u0131qda g\u00f6r\u00fcr\u00fck ki, bunun daha destruktiv t\u0259siri var: laz\u0131m g\u0259ldikd\u0259 hakimiyy\u0259t s\u00f6y\u00fc\u015f ritorikas\u0131 il\u0259 t\u0259nqid ed\u0259nl\u0259ri, yalan v\u0259 ya \u0259sass\u0131z m\u0259lumat yayanlar\u0131 \u00fcmumi m\u00fcxalif\u0259tin simas\u0131 kimi t\u0259qdim edir v\u0259 insanlar\u0131 prosesd\u0259n \u00e7\u0259kindirm\u0259k \u00fc\u00e7\u00fcn qara PR apar\u0131r. T\u0259nqid h\u0259r zaman laz\u0131md\u0131r, lakin m\u00fcxalif\u0259t m\u0259ntiqli siyas\u0259tl\u0259 qurula bil\u0259r. M\u00fcxalif\u0259t institusional anlay\u0131\u015fd\u0131r, strukturlar\u0131 olur, se\u00e7kiy\u0259 gedir, aksiyalar t\u0259\u015fkil edir v\u0259 s. B\u00fct\u00fcn bunlar m\u00fcxalif add\u0131mlard\u0131r, amma sad\u0259c\u0259 m\u00fcxalif olmaq m\u00fcxalif\u0259t m\u0259nas\u0131na g\u0259lmir\u201d.<\/em><\/p>\n\n\n\n<p>S\u00f6y\u00fc\u015f ritorikas\u0131n\u0131 art\u0131q d\u0259st\u0259kl\u0259m\u0259diyini dey\u0259n Qabil M\u0259mm\u0259dov s\u00f6y\u00fc\u015f\u00fcn siyasi t\u0259zyiql\u0259rin emosional \u0259ksi oldu\u011funu qeyd edir:<\/p>\n\n\n\n<p><em>\u201cArt\u0131q xeyli m\u00fcdd\u0259tdir ki, s\u00f6y\u00fc\u015fd\u0259n istifad\u0259 etmir\u0259m. S\u00f6y\u00fc\u015f pis \u015feydir; \u0259g\u0259r adam\u0131n \u00f6z\u00fcn\u0259, yax\u0131nlar\u0131na t\u0259zyiq g\u00f6st\u0259rirl\u0259rs\u0259, normal ya\u015fama\u011fa qoymurlarsa, bu s\u00f6y\u00fc\u015fd\u0259n daha pisdir v\u0259 onlar\u0131n [hakimiyy\u0259tin] etdikl\u0259rinin qar\u015f\u0131s\u0131nda s\u00f6y\u00fc\u015f xeyli y\u00fcng\u00fcl \u0259m\u0259l say\u0131l\u0131r. Lakin dediyim kimi, art\u0131q s\u00f6y\u00fc\u015fd\u0259n istifad\u0259 etmir\u0259m. Amma s\u0131rf s\u00f6y\u00fc\u015fd\u0259n dan\u0131\u015f\u0131r\u0131qsa, Tramp\u0131n se\u00e7ki d\u00f6vr\u00fcnd\u0259 s\u00f6yd\u00fcy\u00fc s\u00f6y\u00fc\u015fl\u0259r\u0259 g\u00f6r\u0259, g\u0259r\u0259k n\u0259inki onu prezident se\u00e7m\u0259k, he\u00e7 salam da verm\u0259zdil\u0259r. Amma bu g\u00fcn s\u00f6y\u00fc\u015f s\u00f6y\u0259n Trampla ham\u0131 ehtiramla dan\u0131\u015f\u0131r; Amerikan\u0131n imicini m\u00fczakir\u0259 ed\u0259n yoxdur.\u201d<\/em><\/p>\n\n\n\n<h4 class=\"wp-block-heading\"><strong>Ekstradisiya Strategiyas\u0131 &#8211; <em>\u201cAvtoritar sisteml\u0259rd\u0259 bu q\u0259rarlar h\u00fcquqi yox, siyasi al\u0259tdir\u201d<\/em><\/strong><\/h4>\n\n\n\n<p>C\u0259f\u0259rli deyir ki, avtoritar hakimiyy\u0259t olan Az\u0259rbaycan xaricd\u0259 ya\u015fayan hans\u0131sa \u015f\u0259xs\u0259 cinay\u0259t i\u015fi a\u00e7\u0131rsa, h\u0259min \u015f\u0259xsi \u00f6lk\u0259y\u0259 g\u0259tirm\u0259yi m\u00fcmk\u00fcns\u00fczl\u0259\u015fdirir. Onun s\u00f6zl\u0259rin\u0259 g\u00f6r\u0259, h\u0259min \u015f\u0259xsl\u0259rin h\u0259tta ba\u015fqa \u00f6lk\u0259 v\u0259t\u0259nda\u015fl\u0131\u011f\u0131 olsa da, onlar Az\u0259rbaycan v\u0259t\u0259nda\u015fl\u0131\u011f\u0131ndan \u00e7\u0131xar\u0131lmay\u0131blar; onlar\u0131n ba\u015fqa \u00f6lk\u0259 v\u0259t\u0259nda\u015fl\u0131\u011f\u0131 olsa da, bu onlar\u0131 indiki kimi qoruya bilm\u0259zdi:&nbsp;<\/p>\n\n\n\n<p><em>\u201cV\u0259t\u0259nda\u015fl\u0131qdan \u00e7\u0131xartmaq prezidentin s\u0259lahiyy\u0259tind\u0259dir, yaln\u0131z f\u0259rmanla m\u00fcmk\u00fcn ola bil\u0259r v\u0259 indiy\u0259 q\u0259d\u0259r v\u0259t\u0259nda\u015fl\u0131qdan \u00e7\u0131xar\u0131lma f\u0259rmanlar\u0131 g\u00f6rm\u0259mi\u015fik. Y\u0259ni h\u0259tta ikili v\u0259t\u0259nda\u015fl\u0131\u011f\u0131 olanlar da ola bil\u0259r, lakin ba\u015fqa \u00f6lk\u0259 v\u0259t\u0259nda\u015fl\u0131\u011f\u0131 onlara x\u00fcsusi qoruma statusu vermir. Az\u0259rbaycan h\u00f6kum\u0259ti kimins\u0259 bar\u0259sind\u0259 bel\u0259 q\u0259rar \u00e7\u0131xar\u0131rsa, onlar\u0131n avtomatik qorunmaq \u015fans\u0131 yaran\u0131r. Biz bunu rus jurnalistl\u0259r n\u00fcmun\u0259si \u00fcz\u0259rind\u0259n d\u0259 g\u00f6r\u0259 bil\u0259rik. Rusiyada jurnalistl\u0259rin bar\u0259sind\u0259 cinay\u0259t i\u015fi a\u00e7\u0131landa, h\u0259tta Rusiya v\u0259t\u0259nda\u015f\u0131 olaraq bank hesab\u0131 a\u00e7d\u0131rma\u011f\u0131n \u00e7\u0259tin oldu\u011fu halda bel\u0259, bar\u0259sind\u0259 q\u0259rar olanlara xeyli g\u00fcz\u0259\u015ftl\u0259r olur, bank kartlar\u0131 a\u00e7\u0131l\u0131r, qorunmaya al\u0131n\u0131rlar. Nevzorov deyir ki, avtoritar \u00f6lk\u0259l\u0259rin a\u011fl\u0131 yoxdur ki, biz\u0259 qar\u015f\u0131 cinay\u0259t i\u015fi a\u00e7\u0131r, \u00e7\u00fcnki bizi bu halda daha \u00e7ox qoruyur. [Haz\u0131rda \u0130taliyada ya\u00e7ayan rusiyal\u0131 junalist Akesand Nevzorova qar\u015f\u0131 bu ilin may ay\u0131nda ekstremist f\u0259aliyy\u0259ti maliyy\u0259l\u0259\u015fdirm\u0259k ittiham\u0131 il\u0259 cinay\u0259t i\u015fi a\u00e7\u0131l\u0131b]\u201d<\/em>. <\/p>\n\n\n\n<figure class=\"wp-block-image size-full\"><img decoding=\"async\" width=\"768\" height=\"432\" data-src=\"https:\/\/www.meydan.tv\/wp-content\/uploads\/25159.jpg\" alt=\"Elman F\u0259ttah\" class=\"wp-image-65946 lazyload\" src=\"data:image\/svg+xml;base64,PHN2ZyB3aWR0aD0iMSIgaGVpZ2h0PSIxIiB4bWxucz0iaHR0cDovL3d3dy53My5vcmcvMjAwMC9zdmciPjwvc3ZnPg==\" style=\"--smush-placeholder-width: 768px; --smush-placeholder-aspect-ratio: 768\/432;\" \/><figcaption class=\"wp-element-caption\">Foto Elman F\u0259ttah\u0131n \u015f\u0259xsi arxivind\u0259n <\/figcaption><\/figure>\n\n\n\n<p>Elman F\u0259ttah is\u0259 hesab edir ki, xaricd\u0259ki blogerl\u0259r\u0259 qar\u015f\u0131 qiyabi h\u0259bsl\u0259r h\u00fcquqi m\u00fcst\u0259vid\u0259 yox, siyasi m\u0259qs\u0259dl\u0259rl\u0259 at\u0131lan add\u0131mlard\u0131r. Onun fikrinc\u0259, bu q\u0259rarlar\u0131n h\u0259m daxili auditoriyaya qorxu mesaj\u0131 verm\u0259k, h\u0259m d\u0259 beyn\u0259lxalq al\u0259md\u0259 legitimlik g\u00f6r\u00fcnt\u00fcs\u00fc yaratmaq kimi funksiyalar\u0131 var:<\/p>\n\n\n\n<p><em>\u201cAvtoritar sisteml\u0259rd\u0259 bu q\u0259rarlar h\u00fcquqi yox, siyasi al\u0259tdir. Bu q\u0259rarlarla hakimiyy\u0259t bir ne\u00e7\u0259 m\u0259qs\u0259d g\u00fcd\u00fcr: birincisi, daxil\u0259 mesaj verilir ki, \u2018hakimiyy\u0259tin \u0259lind\u0259n he\u00e7 kim qa\u00e7a bilm\u0259z, biz xaricd\u0259 d\u0259 izl\u0259yirik\u2019. Bu, qorxu siyas\u0259tinin elementidir. \u0130kincisi, n\u0259tic\u0259siz qalaca\u011f\u0131n\u0131 bil\u0259-bil\u0259 bu q\u0259rarlar\u0131 verm\u0259kl\u0259 beyn\u0259lxalq m\u00fcst\u0259vid\u0259 \u00f6z\u00fcn\u00fc legitim g\u00f6st\u0259rm\u0259y\u0259 \u00e7al\u0131\u015f\u0131rlar \u2013 sanki blogerl\u0259r cinay\u0259tkard\u0131r v\u0259 onlar h\u00fcququ qoruyurlar. \u00dc\u00e7\u00fcnc\u00fcs\u00fc, m\u0259s\u0259l\u0259y\u0259 vahid strategiya kimi baxmaq d\u00fczg\u00fcn deyil. Az\u0259rbaycan avtoritarizmi k\u0259nardan monolit g\u00f6r\u00fcns\u0259 d\u0259, daxilind\u0259 m\u00fcxt\u0259lif qruplar var: t\u0259hl\u00fck\u0259sizlik orqanlar\u0131, siyasi bloklar, ideoloji aparat v\u0259 s. Maraqlar toqqu\u015fanda bu qruplar bir-birin\u0259 qar\u015f\u0131 al\u0259tl\u0259rd\u0259n istifad\u0259 ed\u0259 bilirl\u0259r, amma maraqlar\u0131 \u00fcst-\u00fcst\u0259 d\u00fc\u015f\u0259nd\u0259 \u2013 hans\u0131 ki, bu m\u0259s\u0259l\u0259 h\u0259min hallardan biridir \u2013 ortaq m\u00f6vqed\u0259n \u00e7\u0131x\u0131\u015f edirl\u0259r. M\u0259n bunu daxild\u0259 qruplar\u0131n bir-birin\u0259 qar\u015f\u0131 vasit\u0259si kimi yox, b\u00fct\u00fcn qruplar\u0131n ortaq qorxu maraqlar\u0131na xidm\u0259t ed\u0259n, yuxar\u0131dan verilmi\u015f q\u0259rar kimi g\u00f6r\u00fcr\u0259m\u201d,<\/em> &#8211; dey\u0259 F\u0259ttah qeyd edir.<\/p>\n\n\n\n<p>Xaricd\u0259 ya\u015fayan az\u0259rbaycanl\u0131 blogerl\u0259r bar\u0259sind\u0259 \u00e7\u0131xar\u0131lan qiyabi h\u0259bs q\u0259rarlar\u0131 \u0259traf\u0131nda ged\u0259n m\u00fczakir\u0259l\u0259r g\u00f6st\u0259rir ki, bu q\u0259rarlar h\u00fcquqi mexanizmd\u0259n daha \u00e7ox siyasi vasit\u0259 kimi d\u0259y\u0259rl\u0259ndirilir. Hakimiyy\u0259t\u0259 yax\u0131n t\u0259r\u0259fl\u0259r bu add\u0131mlar\u0131 \u201cd\u00f6vl\u0259tin t\u0259hl\u00fck\u0259sizliyini qorumaq\u201d v\u0259 \u201cAz\u0259rbaycan\u0131 qaralama kampaniyalar\u0131na qar\u015f\u0131 m\u00fcdafi\u0259\u201d \u00e7\u0259r\u00e7iv\u0259sind\u0259 \u0259sasland\u0131rma\u011fa \u00e7al\u0131\u015fsalar da, m\u00fcxalif siyas\u0259t\u00e7il\u0259r v\u0259 h\u00fcquq m\u00fcdafi\u0259\u00e7il\u0259ri onlar\u0131 avtoritar strategiyan\u0131n bir hiss\u0259si kimi qiym\u0259tl\u0259ndirirl\u0259r.<\/p>\n\n\n\n<p>Natiq C\u0259f\u0259rli hesab edir ki, bu q\u0259rarlar\u0131n m\u0259qs\u0259di h\u0259min \u015f\u0259xsl\u0259rin Az\u0259rbaycana g\u0259tirilm\u0259si deyil, \u0259ksin\u0259 onlar\u0131n Avropada qalmas\u0131n\u0131 t\u0259min etm\u0259kdir. Onun arqumentin\u0259 g\u00f6r\u0259, qiyabi h\u0259bsl\u0259r blogerl\u0259r\u0259 \u0259lav\u0259 h\u00fcquqi qoruma qazand\u0131r\u0131r v\u0259 eyni zamanda onlar\u0131n Avropadak\u0131 f\u0259aliyy\u0259ti hakimiyy\u0259t \u00fc\u00e7\u00fcn m\u00fcxalif\u0259tin n\u00fcfuzunu z\u0259ifl\u0259tm\u0259kd\u0259 \u0259lveri\u015fli al\u0259t rolunu oynay\u0131r. Qabil M\u0259mm\u0259dov Az\u0259rbaycan d\u00f6vl\u0259tinin onlar\u0131n f\u0259aliyy\u0259tin\u0259 m\u00fcxt\u0259lif formalarda t\u0259zyiq g\u00f6st\u0259rm\u0259k c\u0259hdl\u0259rinin davam\u0131 kimi qiym\u0259tl\u0259ndirir v\u0259 bar\u0259l\u0259rind\u0259 \u00e7\u0131xar\u0131lan h\u0259bs q\u0259rarlar\u0131n\u0131n siyasi xarakter da\u015f\u0131d\u0131\u011f\u0131n\u0131 vur\u011fulay\u0131r. Elman F\u0259ttah is\u0259 daha geni\u015f perspektivd\u0259n yana\u015faraq bildirir ki, bu q\u0259rarlar daxild\u0259 ictimaiyy\u0259t\u0259 qorxu mesaj\u0131 verm\u0259k, xaricd\u0259 is\u0259 hakimiyy\u0259tin legitimlik g\u00f6r\u00fcnt\u00fcs\u00fc yaratmaq m\u0259qs\u0259din\u0259 xidm\u0259t edir.<\/p>\n","protected":false},"excerpt":{"rendered":"<p>Son aylarda xaricd\u0259 ya\u015fayan bir ne\u00e7\u0259 tan\u0131nm\u0131\u015f az\u0259rbaycanl\u0131 bloger bar\u0259sind\u0259 &#8230; <\/p>\n<p class=\"read-more-container\"><a title=\"Qiyabi h\u0259bs q\u0259rarlar\u0131n\u0131n m\u0259qs\u0259di n\u0259dir?\" class=\"read-more button\" href=\"https:\/\/www.meydan.tv\/az\/article\/qiyabi-h%c9%99bs-q%c9%99rarlarinin-m%c9%99qs%c9%99di-n%c9%99dir\/#more-334428\" aria-label=\"Read more about Qiyabi h\u0259bs q\u0259rarlar\u0131n\u0131n m\u0259qs\u0259di n\u0259dir?\">Davam\u0131<\/a><\/p>\n","protected":false},"author":12,"featured_media":257656,"comment_status":"closed","ping_status":"closed","sticky":false,"template":"","format":"standard","meta":{"_acf_changed":false,"_sitemap_exclude":false,"_sitemap_priority":"","_sitemap_frequency":"","footnotes":""},"categories":[59,79,56],"tags":[],"class_list":["post-334428","post","type-post","status-publish","format-standard","has-post-thumbnail","hentry","category-siyaset","category-featured","category-xeberler","infinite-scroll-item","generate-columns","tablet-grid-50","mobile-grid-100","grid-parent","grid-33","no-featured-image-padding"],"acf":[],"yoast_head":"<!-- This site is optimized with the Yoast SEO plugin v27.4 - https:\/\/yoast.com\/product\/yoast-seo-wordpress\/ -->\n<title>Qiyabi h\u0259bs q\u0259rarlar\u0131n\u0131n m\u0259qs\u0259di n\u0259dir? - MEYDAN.TV<\/title>\n<meta name=\"robots\" content=\"index, follow, max-snippet:-1, max-image-preview:large, max-video-preview:-1\" \/>\n<link rel=\"canonical\" href=\"https:\/\/www.meydan.tv\/az\/article\/qiyabi-h%c9%99bs-q%c9%99rarlarinin-m%c9%99qs%c9%99di-n%c9%99dir\/\" \/>\n<meta property=\"og:locale\" content=\"az_AZ\" \/>\n<meta property=\"og:type\" content=\"article\" \/>\n<meta property=\"og:title\" content=\"Qiyabi h\u0259bs q\u0259rarlar\u0131n\u0131n m\u0259qs\u0259di n\u0259dir? - MEYDAN.TV\" \/>\n<meta property=\"og:description\" content=\"Son aylarda xaricd\u0259 ya\u015fayan bir ne\u00e7\u0259 tan\u0131nm\u0131\u015f az\u0259rbaycanl\u0131 bloger bar\u0259sind\u0259 ... Davam\u0131\" \/>\n<meta property=\"og:url\" content=\"https:\/\/www.meydan.tv\/az\/article\/qiyabi-h%c9%99bs-q%c9%99rarlarinin-m%c9%99qs%c9%99di-n%c9%99dir\/\" \/>\n<meta property=\"og:site_name\" content=\"MEYDAN.TV\" \/>\n<meta property=\"article:published_time\" content=\"2025-08-25T10:37:42+00:00\" \/>\n<meta property=\"article:modified_time\" content=\"2025-08-25T10:37:47+00:00\" \/>\n<meta property=\"og:image\" content=\"https:\/\/www.meydan.tv\/wp-content\/uploads\/untitled_artwork_1-2.jpg\" \/>\n\t<meta property=\"og:image:width\" content=\"1200\" \/>\n\t<meta property=\"og:image:height\" content=\"675\" \/>\n\t<meta property=\"og:image:type\" content=\"image\/jpeg\" \/>\n<meta name=\"author\" content=\"aleks\" \/>\n<meta name=\"twitter:card\" content=\"summary_large_image\" \/>\n<script type=\"application\/ld+json\" class=\"yoast-schema-graph\">{\"@context\":\"https:\\\/\\\/schema.org\",\"@graph\":[{\"@type\":\"Article\",\"@id\":\"https:\\\/\\\/www.meydan.tv\\\/az\\\/article\\\/qiyabi-h%c9%99bs-q%c9%99rarlarinin-m%c9%99qs%c9%99di-n%c9%99dir\\\/#article\",\"isPartOf\":{\"@id\":\"https:\\\/\\\/www.meydan.tv\\\/az\\\/article\\\/qiyabi-h%c9%99bs-q%c9%99rarlarinin-m%c9%99qs%c9%99di-n%c9%99dir\\\/\"},\"author\":{\"name\":\"aleks\",\"@id\":\"https:\\\/\\\/www.meydan.tv\\\/az\\\/#\\\/schema\\\/person\\\/476e9360e593fa131d5d71d51866f8da\"},\"headline\":\"Qiyabi h\u0259bs q\u0259rarlar\u0131n\u0131n m\u0259qs\u0259di n\u0259dir?\",\"datePublished\":\"2025-08-25T10:37:42+00:00\",\"dateModified\":\"2025-08-25T10:37:47+00:00\",\"mainEntityOfPage\":{\"@id\":\"https:\\\/\\\/www.meydan.tv\\\/az\\\/article\\\/qiyabi-h%c9%99bs-q%c9%99rarlarinin-m%c9%99qs%c9%99di-n%c9%99dir\\\/\"},\"wordCount\":3245,\"publisher\":{\"@id\":\"https:\\\/\\\/www.meydan.tv\\\/az\\\/#organization\"},\"image\":{\"@id\":\"https:\\\/\\\/www.meydan.tv\\\/az\\\/article\\\/qiyabi-h%c9%99bs-q%c9%99rarlarinin-m%c9%99qs%c9%99di-n%c9%99dir\\\/#primaryimage\"},\"thumbnailUrl\":\"https:\\\/\\\/www.meydan.tv\\\/wp-content\\\/uploads\\\/untitled_artwork_1-2.jpg\",\"articleSection\":[\"Siyas\u0259t\",\"T\u00f6vsiy\u0259\",\"X\u0259b\u0259rl\u0259r\"],\"inLanguage\":\"az\"},{\"@type\":\"WebPage\",\"@id\":\"https:\\\/\\\/www.meydan.tv\\\/az\\\/article\\\/qiyabi-h%c9%99bs-q%c9%99rarlarinin-m%c9%99qs%c9%99di-n%c9%99dir\\\/\",\"url\":\"https:\\\/\\\/www.meydan.tv\\\/az\\\/article\\\/qiyabi-h%c9%99bs-q%c9%99rarlarinin-m%c9%99qs%c9%99di-n%c9%99dir\\\/\",\"name\":\"Qiyabi h\u0259bs q\u0259rarlar\u0131n\u0131n m\u0259qs\u0259di n\u0259dir? - MEYDAN.TV\",\"isPartOf\":{\"@id\":\"https:\\\/\\\/www.meydan.tv\\\/az\\\/#website\"},\"primaryImageOfPage\":{\"@id\":\"https:\\\/\\\/www.meydan.tv\\\/az\\\/article\\\/qiyabi-h%c9%99bs-q%c9%99rarlarinin-m%c9%99qs%c9%99di-n%c9%99dir\\\/#primaryimage\"},\"image\":{\"@id\":\"https:\\\/\\\/www.meydan.tv\\\/az\\\/article\\\/qiyabi-h%c9%99bs-q%c9%99rarlarinin-m%c9%99qs%c9%99di-n%c9%99dir\\\/#primaryimage\"},\"thumbnailUrl\":\"https:\\\/\\\/www.meydan.tv\\\/wp-content\\\/uploads\\\/untitled_artwork_1-2.jpg\",\"datePublished\":\"2025-08-25T10:37:42+00:00\",\"dateModified\":\"2025-08-25T10:37:47+00:00\",\"breadcrumb\":{\"@id\":\"https:\\\/\\\/www.meydan.tv\\\/az\\\/article\\\/qiyabi-h%c9%99bs-q%c9%99rarlarinin-m%c9%99qs%c9%99di-n%c9%99dir\\\/#breadcrumb\"},\"inLanguage\":\"az\",\"potentialAction\":[{\"@type\":\"ReadAction\",\"target\":[\"https:\\\/\\\/www.meydan.tv\\\/az\\\/article\\\/qiyabi-h%c9%99bs-q%c9%99rarlarinin-m%c9%99qs%c9%99di-n%c9%99dir\\\/\"]}]},{\"@type\":\"ImageObject\",\"inLanguage\":\"az\",\"@id\":\"https:\\\/\\\/www.meydan.tv\\\/az\\\/article\\\/qiyabi-h%c9%99bs-q%c9%99rarlarinin-m%c9%99qs%c9%99di-n%c9%99dir\\\/#primaryimage\",\"url\":\"https:\\\/\\\/www.meydan.tv\\\/wp-content\\\/uploads\\\/untitled_artwork_1-2.jpg\",\"contentUrl\":\"https:\\\/\\\/www.meydan.tv\\\/wp-content\\\/uploads\\\/untitled_artwork_1-2.jpg\",\"width\":1200,\"height\":675,\"caption\":\"\u0130ll\u00fcstrasiya: Meydan TV\"},{\"@type\":\"BreadcrumbList\",\"@id\":\"https:\\\/\\\/www.meydan.tv\\\/az\\\/article\\\/qiyabi-h%c9%99bs-q%c9%99rarlarinin-m%c9%99qs%c9%99di-n%c9%99dir\\\/#breadcrumb\",\"itemListElement\":[{\"@type\":\"ListItem\",\"position\":1,\"name\":\"Ana s\u0259hif\u0259\",\"item\":\"https:\\\/\\\/www.meydan.tv\\\/az\\\/\"},{\"@type\":\"ListItem\",\"position\":2,\"name\":\"X\u0259b\u0259rl\u0259r\",\"item\":\"https:\\\/\\\/www.meydan.tv\\\/az\\\/section\\\/xeberler\\\/\"},{\"@type\":\"ListItem\",\"position\":3,\"name\":\"Qiyabi h\u0259bs q\u0259rarlar\u0131n\u0131n m\u0259qs\u0259di n\u0259dir?\"}]},{\"@type\":\"WebSite\",\"@id\":\"https:\\\/\\\/www.meydan.tv\\\/az\\\/#website\",\"url\":\"https:\\\/\\\/www.meydan.tv\\\/az\\\/\",\"name\":\"MEYDAN.TV\",\"description\":\"Meydan TV Az\u0259rbaycan\u0131n media m\u0259kan\u0131ndak\u0131 alternativ s\u0259sidir\",\"publisher\":{\"@id\":\"https:\\\/\\\/www.meydan.tv\\\/az\\\/#organization\"},\"potentialAction\":[{\"@type\":\"SearchAction\",\"target\":{\"@type\":\"EntryPoint\",\"urlTemplate\":\"https:\\\/\\\/www.meydan.tv\\\/az\\\/?s={search_term_string}\"},\"query-input\":{\"@type\":\"PropertyValueSpecification\",\"valueRequired\":true,\"valueName\":\"search_term_string\"}}],\"inLanguage\":\"az\"},{\"@type\":\"Organization\",\"@id\":\"https:\\\/\\\/www.meydan.tv\\\/az\\\/#organization\",\"name\":\"Meydan TV\",\"url\":\"https:\\\/\\\/www.meydan.tv\\\/az\\\/\",\"logo\":{\"@type\":\"ImageObject\",\"inLanguage\":\"az\",\"@id\":\"https:\\\/\\\/www.meydan.tv\\\/az\\\/#\\\/schema\\\/logo\\\/image\\\/\",\"url\":\"https:\\\/\\\/www.meydan.tv\\\/wp-content\\\/uploads\\\/2021\\\/07\\\/meydan-logo.svg\",\"contentUrl\":\"https:\\\/\\\/www.meydan.tv\\\/wp-content\\\/uploads\\\/2021\\\/07\\\/meydan-logo.svg\",\"width\":195,\"height\":46,\"caption\":\"Meydan TV\"},\"image\":{\"@id\":\"https:\\\/\\\/www.meydan.tv\\\/az\\\/#\\\/schema\\\/logo\\\/image\\\/\"}},{\"@type\":\"Person\",\"@id\":\"https:\\\/\\\/www.meydan.tv\\\/az\\\/#\\\/schema\\\/person\\\/476e9360e593fa131d5d71d51866f8da\",\"name\":\"aleks\"}]}<\/script>\n<!-- \/ Yoast SEO plugin. -->","yoast_head_json":{"title":"Qiyabi h\u0259bs q\u0259rarlar\u0131n\u0131n m\u0259qs\u0259di n\u0259dir? - MEYDAN.TV","robots":{"index":"index","follow":"follow","max-snippet":"max-snippet:-1","max-image-preview":"max-image-preview:large","max-video-preview":"max-video-preview:-1"},"canonical":"https:\/\/www.meydan.tv\/az\/article\/qiyabi-h%c9%99bs-q%c9%99rarlarinin-m%c9%99qs%c9%99di-n%c9%99dir\/","og_locale":"az_AZ","og_type":"article","og_title":"Qiyabi h\u0259bs q\u0259rarlar\u0131n\u0131n m\u0259qs\u0259di n\u0259dir? - MEYDAN.TV","og_description":"Son aylarda xaricd\u0259 ya\u015fayan bir ne\u00e7\u0259 tan\u0131nm\u0131\u015f az\u0259rbaycanl\u0131 bloger bar\u0259sind\u0259 ... Davam\u0131","og_url":"https:\/\/www.meydan.tv\/az\/article\/qiyabi-h%c9%99bs-q%c9%99rarlarinin-m%c9%99qs%c9%99di-n%c9%99dir\/","og_site_name":"MEYDAN.TV","article_published_time":"2025-08-25T10:37:42+00:00","article_modified_time":"2025-08-25T10:37:47+00:00","og_image":[{"width":1200,"height":675,"url":"https:\/\/www.meydan.tv\/wp-content\/uploads\/untitled_artwork_1-2.jpg","type":"image\/jpeg"}],"author":"aleks","twitter_card":"summary_large_image","schema":{"@context":"https:\/\/schema.org","@graph":[{"@type":"Article","@id":"https:\/\/www.meydan.tv\/az\/article\/qiyabi-h%c9%99bs-q%c9%99rarlarinin-m%c9%99qs%c9%99di-n%c9%99dir\/#article","isPartOf":{"@id":"https:\/\/www.meydan.tv\/az\/article\/qiyabi-h%c9%99bs-q%c9%99rarlarinin-m%c9%99qs%c9%99di-n%c9%99dir\/"},"author":{"name":"aleks","@id":"https:\/\/www.meydan.tv\/az\/#\/schema\/person\/476e9360e593fa131d5d71d51866f8da"},"headline":"Qiyabi h\u0259bs q\u0259rarlar\u0131n\u0131n m\u0259qs\u0259di n\u0259dir?","datePublished":"2025-08-25T10:37:42+00:00","dateModified":"2025-08-25T10:37:47+00:00","mainEntityOfPage":{"@id":"https:\/\/www.meydan.tv\/az\/article\/qiyabi-h%c9%99bs-q%c9%99rarlarinin-m%c9%99qs%c9%99di-n%c9%99dir\/"},"wordCount":3245,"publisher":{"@id":"https:\/\/www.meydan.tv\/az\/#organization"},"image":{"@id":"https:\/\/www.meydan.tv\/az\/article\/qiyabi-h%c9%99bs-q%c9%99rarlarinin-m%c9%99qs%c9%99di-n%c9%99dir\/#primaryimage"},"thumbnailUrl":"https:\/\/www.meydan.tv\/wp-content\/uploads\/untitled_artwork_1-2.jpg","articleSection":["Siyas\u0259t","T\u00f6vsiy\u0259","X\u0259b\u0259rl\u0259r"],"inLanguage":"az"},{"@type":"WebPage","@id":"https:\/\/www.meydan.tv\/az\/article\/qiyabi-h%c9%99bs-q%c9%99rarlarinin-m%c9%99qs%c9%99di-n%c9%99dir\/","url":"https:\/\/www.meydan.tv\/az\/article\/qiyabi-h%c9%99bs-q%c9%99rarlarinin-m%c9%99qs%c9%99di-n%c9%99dir\/","name":"Qiyabi h\u0259bs q\u0259rarlar\u0131n\u0131n m\u0259qs\u0259di n\u0259dir? - MEYDAN.TV","isPartOf":{"@id":"https:\/\/www.meydan.tv\/az\/#website"},"primaryImageOfPage":{"@id":"https:\/\/www.meydan.tv\/az\/article\/qiyabi-h%c9%99bs-q%c9%99rarlarinin-m%c9%99qs%c9%99di-n%c9%99dir\/#primaryimage"},"image":{"@id":"https:\/\/www.meydan.tv\/az\/article\/qiyabi-h%c9%99bs-q%c9%99rarlarinin-m%c9%99qs%c9%99di-n%c9%99dir\/#primaryimage"},"thumbnailUrl":"https:\/\/www.meydan.tv\/wp-content\/uploads\/untitled_artwork_1-2.jpg","datePublished":"2025-08-25T10:37:42+00:00","dateModified":"2025-08-25T10:37:47+00:00","breadcrumb":{"@id":"https:\/\/www.meydan.tv\/az\/article\/qiyabi-h%c9%99bs-q%c9%99rarlarinin-m%c9%99qs%c9%99di-n%c9%99dir\/#breadcrumb"},"inLanguage":"az","potentialAction":[{"@type":"ReadAction","target":["https:\/\/www.meydan.tv\/az\/article\/qiyabi-h%c9%99bs-q%c9%99rarlarinin-m%c9%99qs%c9%99di-n%c9%99dir\/"]}]},{"@type":"ImageObject","inLanguage":"az","@id":"https:\/\/www.meydan.tv\/az\/article\/qiyabi-h%c9%99bs-q%c9%99rarlarinin-m%c9%99qs%c9%99di-n%c9%99dir\/#primaryimage","url":"https:\/\/www.meydan.tv\/wp-content\/uploads\/untitled_artwork_1-2.jpg","contentUrl":"https:\/\/www.meydan.tv\/wp-content\/uploads\/untitled_artwork_1-2.jpg","width":1200,"height":675,"caption":"\u0130ll\u00fcstrasiya: Meydan TV"},{"@type":"BreadcrumbList","@id":"https:\/\/www.meydan.tv\/az\/article\/qiyabi-h%c9%99bs-q%c9%99rarlarinin-m%c9%99qs%c9%99di-n%c9%99dir\/#breadcrumb","itemListElement":[{"@type":"ListItem","position":1,"name":"Ana s\u0259hif\u0259","item":"https:\/\/www.meydan.tv\/az\/"},{"@type":"ListItem","position":2,"name":"X\u0259b\u0259rl\u0259r","item":"https:\/\/www.meydan.tv\/az\/section\/xeberler\/"},{"@type":"ListItem","position":3,"name":"Qiyabi h\u0259bs q\u0259rarlar\u0131n\u0131n m\u0259qs\u0259di n\u0259dir?"}]},{"@type":"WebSite","@id":"https:\/\/www.meydan.tv\/az\/#website","url":"https:\/\/www.meydan.tv\/az\/","name":"MEYDAN.TV","description":"Meydan TV Az\u0259rbaycan\u0131n media m\u0259kan\u0131ndak\u0131 alternativ s\u0259sidir","publisher":{"@id":"https:\/\/www.meydan.tv\/az\/#organization"},"potentialAction":[{"@type":"SearchAction","target":{"@type":"EntryPoint","urlTemplate":"https:\/\/www.meydan.tv\/az\/?s={search_term_string}"},"query-input":{"@type":"PropertyValueSpecification","valueRequired":true,"valueName":"search_term_string"}}],"inLanguage":"az"},{"@type":"Organization","@id":"https:\/\/www.meydan.tv\/az\/#organization","name":"Meydan TV","url":"https:\/\/www.meydan.tv\/az\/","logo":{"@type":"ImageObject","inLanguage":"az","@id":"https:\/\/www.meydan.tv\/az\/#\/schema\/logo\/image\/","url":"https:\/\/www.meydan.tv\/wp-content\/uploads\/2021\/07\/meydan-logo.svg","contentUrl":"https:\/\/www.meydan.tv\/wp-content\/uploads\/2021\/07\/meydan-logo.svg","width":195,"height":46,"caption":"Meydan TV"},"image":{"@id":"https:\/\/www.meydan.tv\/az\/#\/schema\/logo\/image\/"}},{"@type":"Person","@id":"https:\/\/www.meydan.tv\/az\/#\/schema\/person\/476e9360e593fa131d5d71d51866f8da","name":"aleks"}]}},"_links":{"self":[{"href":"https:\/\/www.meydan.tv\/az\/wp-json\/wp\/v2\/posts\/334428","targetHints":{"allow":["GET"]}}],"collection":[{"href":"https:\/\/www.meydan.tv\/az\/wp-json\/wp\/v2\/posts"}],"about":[{"href":"https:\/\/www.meydan.tv\/az\/wp-json\/wp\/v2\/types\/post"}],"author":[{"embeddable":true,"href":"https:\/\/www.meydan.tv\/az\/wp-json\/wp\/v2\/users\/12"}],"replies":[{"embeddable":true,"href":"https:\/\/www.meydan.tv\/az\/wp-json\/wp\/v2\/comments?post=334428"}],"version-history":[{"count":15,"href":"https:\/\/www.meydan.tv\/az\/wp-json\/wp\/v2\/posts\/334428\/revisions"}],"predecessor-version":[{"id":334447,"href":"https:\/\/www.meydan.tv\/az\/wp-json\/wp\/v2\/posts\/334428\/revisions\/334447"}],"wp:featuredmedia":[{"embeddable":true,"href":"https:\/\/www.meydan.tv\/az\/wp-json\/wp\/v2\/media\/257656"}],"wp:attachment":[{"href":"https:\/\/www.meydan.tv\/az\/wp-json\/wp\/v2\/media?parent=334428"}],"wp:term":[{"taxonomy":"category","embeddable":true,"href":"https:\/\/www.meydan.tv\/az\/wp-json\/wp\/v2\/categories?post=334428"},{"taxonomy":"post_tag","embeddable":true,"href":"https:\/\/www.meydan.tv\/az\/wp-json\/wp\/v2\/tags?post=334428"}],"curies":[{"name":"wp","href":"https:\/\/api.w.org\/{rel}","templated":true}]}}