{"id":334397,"date":"2025-08-22T17:51:55","date_gmt":"2025-08-22T13:51:55","guid":{"rendered":"https:\/\/www.meydan.tv\/?p=334397"},"modified":"2025-08-22T17:51:59","modified_gmt":"2025-08-22T13:51:59","slug":"pasinyan-pezeskian-gorusu-iran-qafqazda-kommunikasiya-x%c9%99tl%c9%99rinin-acilmasindan-n%c9%99-gozl%c9%99yir","status":"publish","type":"post","link":"https:\/\/www.meydan.tv\/az\/article\/pasinyan-pezeskian-gorusu-iran-qafqazda-kommunikasiya-x%c9%99tl%c9%99rinin-acilmasindan-n%c9%99-gozl%c9%99yir\/","title":{"rendered":"Pa\u015finyan-Peze\u015fkian g\u00f6r\u00fc\u015f\u00fc: \u0130ran Qafqazda kommunikasiya x\u0259tl\u0259rinin a\u00e7\u0131lmas\u0131ndan n\u0259 g\u00f6zl\u0259yir?"},"content":{"rendered":"\n<p><a href=\"https:\/\/jam-news.net\/az\/iranin-qafqazdaki-kommunikasiya-xetlerinden-gozlentisi\/\" target=\"_blank\" rel=\"noreferrer noopener nofollow\">JAMnews<\/a>-un material\u0131<\/p>\n\n\n\n<p><strong><em>Yerevanda\u00a0Erm\u0259nistan\u00a0ba\u015f naziri\u00a0Nikol Pa\u015finyan\u00a0v\u0259\u00a0\u0130ran\u00a0prezidenti M\u0259sud Peze\u015fkian aras\u0131nda ke\u00e7iril\u0259n g\u00f6r\u00fc\u015f regionda s\u00fclh, kommunikasiya x\u0259tl\u0259ri v\u0259 iqtisadi \u0259m\u0259kda\u015fl\u0131q m\u0259s\u0259l\u0259l\u0259rini bir daha g\u00fcnd\u0259m\u0259 g\u0259tirib.<\/em><\/strong><\/p>\n\n\n\n<h4 class=\"wp-block-heading\"><strong>Sazi\u015fl\u0259r v\u0259 memorandumlardan strateji t\u0259r\u0259fda\u015fl\u0131\u011fa<\/strong><\/h4>\n\n\n\n<p>T\u0259r\u0259fl\u0259r g\u00f6r\u00fc\u015f\u00fcn yekununda birg\u0259 b\u0259yanat v\u0259 m\u00fcxt\u0259lif sah\u0259l\u0259ri \u0259hat\u0259 ed\u0259n\u00a010 qar\u015f\u0131l\u0131ql\u0131 anla\u015fma memorandumu\u00a0imzalay\u0131blar. Buraya standartla\u015fd\u0131rma, turizm, t\u0259hsil, \u015f\u0259h\u0259rsalma, tibbi istehsal, arxivl\u0259r v\u0259 kino m\u0259hsullar\u0131n\u0131n m\u00fcbadil\u0259si kimi sah\u0259l\u0259r daxildir. Xarici i\u015fl\u0259r nazirl\u0259ri is\u0259 2025-2027-ci ill\u0259ri \u0259hat\u0259 ed\u0259n siyasi m\u0259sl\u0259h\u0259tl\u0259\u015fm\u0259l\u0259r haqq\u0131nda sazi\u015f ba\u011flay\u0131blar.<\/p>\n\n\n\n<p>Pa\u015finyan \u00e7\u0131x\u0131\u015f\u0131nda Erm\u0259nistan-\u0130ran m\u00fcnasib\u0259tl\u0259rinin \u201cstrateji t\u0259r\u0259fda\u015fl\u0131q\u201d s\u0259viyy\u0259sin\u0259 qald\u0131r\u0131lmas\u0131 z\u0259rur\u0259tind\u0259n dan\u0131\u015f\u0131b. O, h\u0259m\u00e7inin\u00a0\u201cS\u00fclh k\u0259si\u015fm\u0259si\u201d layih\u0259sinin \u0130ran t\u0259r\u0259find\u0259n y\u00fcks\u0259k qiym\u0259tl\u0259ndirildiyini\u00a0qeyd edib v\u0259 bildirib ki, Erm\u0259nistan \u0259razisind\u0259n ke\u00e7\u0259c\u0259k yollar yaln\u0131z Erm\u0259nistan\u0131n yurisdiksiyas\u0131 alt\u0131nda olacaq.<\/p>\n\n\n\n<p>Peze\u015fkian is\u0259 Qafqazda s\u00fclh\u00fcn strateji \u0259h\u0259miyy\u0259tini vur\u011fulay\u0131b, s\u0259rh\u0259dl\u0259rin d\u0259yi\u015fm\u0259z qalmas\u0131n\u0131n v\u0259 geosiyasi r\u0259qab\u0259t predmetin\u0259 \u00e7evrilm\u0259m\u0259sinin vacibliyini qeyd edib.<\/p>\n\n\n\n<h4 class=\"wp-block-heading\"><strong>Qara d\u0259niz\u0259 \u00e7\u0131x\u0131\u015f v\u0259 \u0130ran\u0131n narahatl\u0131qlar\u0131<\/strong><\/h4>\n\n\n\n<p>Pa\u015finyan g\u00f6r\u00fc\u015f zaman\u0131 bildirib ki,\u00a0Az\u0259rbaycanla\u00a0kommunikasiya x\u0259tl\u0259ri a\u00e7\u0131lsa,\u00a0\u0130ran Culfa-Nax\u00e7\u0131van-Erm\u0259nistan mar\u015frutu il\u0259 Qara d\u0259niz\u0259 \u00e7\u0131x\u0131\u015f \u0259ld\u0259 ed\u0259 bil\u0259r. O, bunun Erm\u0259nistan-\u0130ran d\u0259miryol \u0259m\u0259kda\u015fl\u0131\u011f\u0131n\u0131 geni\u015fl\u0259ndir\u0259c\u0259yini vur\u011fulay\u0131b.<\/p>\n\n\n\n<p>\u201cAzadl\u0131qRadiosu\u201dna dan\u0131\u015fan iqtisad\u00e7\u0131 Natiq C\u0259f\u0259rli is\u0259\u00a0qeyd edib ki, bu mar\u015frut Sovet d\u00f6n\u0259mind\u0259 f\u0259aliyy\u0259t g\u00f6st\u0259rib, amma yenid\u0259n b\u0259rpas\u0131 milyardlarla dollara ba\u015fa g\u0259l\u0259c\u0259k.<\/p>\n\n\n\n<p><em>\u201cPa\u015finyan Az\u0259rbaycan\u0131 da maraqland\u0131rma\u011fa \u00e7al\u0131\u015f\u0131r. \u018fg\u0259r Culfa mar\u015frutu a\u00e7\u0131lacaqsa, onun bir hiss\u0259si Az\u0259rbaycan\u0131n n\u0259zar\u0259tind\u0259 olacaq v\u0259 bu, qar\u015f\u0131l\u0131ql\u0131 as\u0131l\u0131l\u0131q yaradacaq\u201d<\/em>, \u2013 dey\u0259 C\u0259f\u0259rli bildirib.<\/p>\n\n\n\n<p>Siyasi \u015f\u0259rh\u00e7i Rauf Mirq\u0259dirov is\u0259 indiki \u015f\u0259raitd\u0259 bu layih\u0259nin realla\u015fmas\u0131n\u0131 real hesab etmir:<\/p>\n\n\n\n<p><em>\u201c\u0130ran \u2018<a href=\"https:\/\/jam-news.net\/az\/topic\/donald-tramp\/\" target=\"_blank\" rel=\"noreferrer noopener\">Tramp<\/a>&nbsp;mar\u015frutu\u2019 adland\u0131r\u0131lan, Nax\u00e7\u0131van\u0131 Az\u0259rbaycan\u0131n \u0259sas hiss\u0259si il\u0259 birl\u0259\u015fdir\u0259c\u0259k yolun a\u00e7\u0131lmas\u0131ndan narahatd\u0131r. Pa\u015finyan is\u0259 \u0130rana bunun \u0259ksin\u0259 fayda g\u0259tir\u0259 bil\u0259c\u0259yini g\u00f6st\u0259rm\u0259y\u0259 \u00e7al\u0131\u015f\u0131r\u201d<\/em>, \u2013 Mirq\u0259dirov bel\u0259 deyib.<\/p>\n\n\n\n<p>\u0130ran prezidenti g\u00f6r\u00fc\u015fd\u0259n sonra \u201cX\u201d sosial \u015f\u0259b\u0259k\u0259sind\u0259 yaz\u0131b ki,\u00a0\u201cs\u0259rh\u0259dd\u0259 \u00fc\u00e7\u00fcnc\u00fc q\u00fcvv\u0259l\u0259rin m\u00f6vcudlu\u011fu il\u0259 ba\u011fl\u0131 narahatl\u0131qlar qalmaqdad\u0131r\u201d.<\/p>\n\n\n\n<figure class=\"wp-block-image size-large\"><img decoding=\"async\" data-src=\"https:\/\/jam-news.net\/app\/uploads\/2025\/08\/Screenshot-2025-08-21-at-17.01.49.png\" alt=\"\" src=\"data:image\/svg+xml;base64,PHN2ZyB3aWR0aD0iMSIgaGVpZ2h0PSIxIiB4bWxucz0iaHR0cDovL3d3dy53My5vcmcvMjAwMC9zdmciPjwvc3ZnPg==\" class=\"lazyload\" \/><figcaption class=\"wp-element-caption\">M\u0259sud Peze\u015fkiyan\u0131n \u201cX\u201d payla\u015f\u0131m\u0131<br>M\u0259tnin t\u0259rc\u00fcm\u0259si: Erm\u0259nistan\u0131n ba\u015f naziri il\u0259 g\u00f6r\u00fc\u015fd\u0259 vur\u011fulad\u0131m ki, \u0130ran \u0130slam Respublikas\u0131 h\u00f6kum\u0259tinin \u0259qid\u0259si Erm\u0259nistan\u0131n suverenliyini v\u0259 \u0259razi b\u00fct\u00f6vl\u00fcy\u00fcn\u00fc qorumaq v\u0259 iki \u00f6lk\u0259 aras\u0131nda s\u0259mimi m\u00fcnasib\u0259tl\u0259ri davam etdirm\u0259kdir v\u0259 bizim \u00fcmumi s\u0259rh\u0259dl\u0259rimiz yax\u0131nl\u0131\u011f\u0131nda \u00fc\u00e7\u00fcnc\u00fc t\u0259r\u0259f q\u00fcvv\u0259l\u0259rinin olmas\u0131 il\u0259 ba\u011fl\u0131 narahatl\u0131\u011f\u0131m\u0131z tam \u015f\u0259kild\u0259 h\u0259ll edilm\u0259lidir.<\/figcaption><\/figure>\n\n\n\n<p>Erm\u0259ni siyasi \u015f\u0259rh\u00e7i Akop Badalyan is\u0259 hesab edir ki, Pa\u015finyan\u0131n \u015fifahi z\u0259man\u0259tl\u0259ri kifay\u0259t etm\u0259y\u0259c\u0259k v\u0259 Tehran r\u0259smi, institusional t\u0259minatlar t\u0259l\u0259b ed\u0259c\u0259k.<\/p>\n\n\n\n<h4 class=\"wp-block-heading\"><strong>AB\u015e faktorunun k\u00f6lg\u0259si<\/strong><\/h4>\n\n\n\n<p>Avqustun 8-d\u0259 Va\u015finqtonda Az\u0259rbaycan v\u0259 Erm\u0259nistan liderl\u0259ri aras\u0131nda kommunikasiya x\u0259tl\u0259rinin a\u00e7\u0131lmas\u0131 bar\u0259d\u0259 sazi\u015f imzalanm\u0131\u015fd\u0131. Bu \u00e7\u0259r\u00e7iv\u0259d\u0259 Erm\u0259nistan\u0131n S\u00fcnik vilay\u0259tind\u0259n ke\u00e7\u0259c\u0259k v\u0259 Nax\u00e7\u0131van\u0131 Az\u0259rbaycan\u0131n \u0259sas hiss\u0259si il\u0259 birl\u0259\u015fdir\u0259c\u0259k yolun a\u00e7\u0131lmas\u0131 n\u0259z\u0259rd\u0259 tutulub. Layih\u0259d\u0259 AB\u015e t\u0259r\u0259finin i\u015ftirak\u0131 \u0130ran\u0131\u00a0narahat edir.<\/p>\n\n\n\n<p>Pa\u015finyan Peze\u015fkianla g\u00f6r\u00fc\u015fd\u0259 bildirib ki, bu layih\u0259 d\u00f6vl\u0259tl\u0259rin suverenliyi v\u0259 yurisdiksiyas\u0131na h\u00f6rm\u0259tl\u0259 h\u0259yata ke\u00e7iril\u0259c\u0259k v\u0259 \u201cregionda t\u0259hl\u00fck\u0259sizlik bax\u0131m\u0131ndan AB\u015e-nin m\u00f6vcudlu\u011fu anlam\u0131na g\u0259lmir\u201d.<\/p>\n\n\n\n<h4 class=\"wp-block-heading\"><strong>\u0130qtisadi \u0259m\u0259kda\u015fl\u0131q v\u0259 yeni h\u0259d\u0259fl\u0259r<\/strong><\/h4>\n\n\n\n<p>T\u0259r\u0259fl\u0259r ikit\u0259r\u0259fli ticar\u0259t d\u00f6vriyy\u0259sini \u0259vv\u0259lc\u0259\u00a01 milyard, sonra is\u0259\u00a03 milyard dollara \u00e7atd\u0131rma\u011f\u0131\u00a0h\u0259d\u0259fl\u0259yir. \u018fn \u00e7ox diqq\u0259t is\u0259\u00a0yol v\u0259 d\u0259miryolu layih\u0259l\u0259rin\u0259\u00a0y\u00f6n\u0259lib.<\/p>\n\n\n\n<p>\u0130ran t\u0259r\u0259fi Fars k\u00f6rf\u0259zind\u0259n Qara d\u0259niz\u0259 uzanacaq d\u0259mir yolu mar\u015frutunun strateji \u0259h\u0259miyy\u0259tini vur\u011fulay\u0131b v\u0259 Culfa-Yerevan x\u0259ttinin regional tranzitd\u0259 a\u00e7ar rol oynaya bil\u0259c\u0259yini bildirib.<\/p>\n\n\n\n<p>R\u0259hb\u0259rl\u0259r Nurduzda yeni k\u00f6rp\u00fc, m\u00f6vcud s\u0259rh\u0259d k\u00f6rp\u00fcs\u00fcn\u00fcn rekonstruksiyas\u0131 v\u0259 terminallar\u0131n modernl\u0259\u015fdirilm\u0259si bar\u0259d\u0259 raz\u0131l\u0131\u011fa g\u0259libl\u0259r. Aviasiya \u0259laq\u0259l\u0259rinin geni\u015fl\u0259ndirilm\u0259si d\u0259 g\u00fcnd\u0259likd\u0259 olub.<\/p>\n\n\n\n<p><a href=\"https:\/\/jam-news.net\/az\/ucuncu-t%c9%99r%c9%99fin-n%c9%99zar%c9%99ti-olmayacaq-erm%c9%99nistanin-xarici-isl%c9%99r-naziri-trampin-marsrutu-proqrami-bar%c9%99d%c9%99\/\" target=\"_blank\" rel=\"noreferrer noopener\"><\/a><\/p>\n","protected":false},"excerpt":{"rendered":"<p>JAMnews-un material\u0131 Yerevanda\u00a0Erm\u0259nistan\u00a0ba\u015f naziri\u00a0Nikol Pa\u015finyan\u00a0v\u0259\u00a0\u0130ran\u00a0prezidenti M\u0259sud Peze\u015fkian aras\u0131nda ke\u00e7iril\u0259n g\u00f6r\u00fc\u015f &#8230; <\/p>\n<p class=\"read-more-container\"><a title=\"Pa\u015finyan-Peze\u015fkian g\u00f6r\u00fc\u015f\u00fc: \u0130ran Qafqazda kommunikasiya x\u0259tl\u0259rinin a\u00e7\u0131lmas\u0131ndan n\u0259 g\u00f6zl\u0259yir?\" class=\"read-more button\" href=\"https:\/\/www.meydan.tv\/az\/article\/pasinyan-pezeskian-gorusu-iran-qafqazda-kommunikasiya-x%c9%99tl%c9%99rinin-acilmasindan-n%c9%99-gozl%c9%99yir\/#more-334397\" aria-label=\"Read more about Pa\u015finyan-Peze\u015fkian g\u00f6r\u00fc\u015f\u00fc: \u0130ran Qafqazda kommunikasiya x\u0259tl\u0259rinin a\u00e7\u0131lmas\u0131ndan n\u0259 g\u00f6zl\u0259yir?\">Davam\u0131<\/a><\/p>\n","protected":false},"author":16,"featured_media":334402,"comment_status":"closed","ping_status":"closed","sticky":false,"template":"","format":"standard","meta":{"_acf_changed":false,"_sitemap_exclude":false,"_sitemap_priority":"","_sitemap_frequency":"","footnotes":""},"categories":[64,59,56],"tags":[],"class_list":["post-334397","post","type-post","status-publish","format-standard","has-post-thumbnail","hentry","category-dunya","category-siyaset","category-xeberler","infinite-scroll-item","generate-columns","tablet-grid-50","mobile-grid-100","grid-parent","grid-33","no-featured-image-padding"],"acf":[],"yoast_head":"<!-- This site is optimized with the Yoast SEO plugin v27.5 - https:\/\/yoast.com\/product\/yoast-seo-wordpress\/ -->\n<title>Pa\u015finyan-Peze\u015fkian g\u00f6r\u00fc\u015f\u00fc: \u0130ran Qafqazda kommunikasiya x\u0259tl\u0259rinin a\u00e7\u0131lmas\u0131ndan n\u0259 g\u00f6zl\u0259yir? - MEYDAN.TV<\/title>\n<meta name=\"robots\" content=\"index, follow, max-snippet:-1, max-image-preview:large, max-video-preview:-1\" \/>\n<link rel=\"canonical\" href=\"https:\/\/www.meydan.tv\/az\/article\/pasinyan-pezeskian-gorusu-iran-qafqazda-kommunikasiya-x%c9%99tl%c9%99rinin-acilmasindan-n%c9%99-gozl%c9%99yir\/\" \/>\n<meta property=\"og:locale\" content=\"az_AZ\" \/>\n<meta property=\"og:type\" content=\"article\" \/>\n<meta property=\"og:title\" content=\"Pa\u015finyan-Peze\u015fkian g\u00f6r\u00fc\u015f\u00fc: \u0130ran Qafqazda kommunikasiya x\u0259tl\u0259rinin a\u00e7\u0131lmas\u0131ndan n\u0259 g\u00f6zl\u0259yir? - MEYDAN.TV\" \/>\n<meta property=\"og:description\" content=\"JAMnews-un material\u0131 Yerevanda\u00a0Erm\u0259nistan\u00a0ba\u015f naziri\u00a0Nikol Pa\u015finyan\u00a0v\u0259\u00a0\u0130ran\u00a0prezidenti M\u0259sud Peze\u015fkian aras\u0131nda ke\u00e7iril\u0259n g\u00f6r\u00fc\u015f ... Davam\u0131\" \/>\n<meta property=\"og:url\" content=\"https:\/\/www.meydan.tv\/az\/article\/pasinyan-pezeskian-gorusu-iran-qafqazda-kommunikasiya-x%c9%99tl%c9%99rinin-acilmasindan-n%c9%99-gozl%c9%99yir\/\" \/>\n<meta property=\"og:site_name\" content=\"MEYDAN.TV\" \/>\n<meta property=\"article:published_time\" content=\"2025-08-22T13:51:55+00:00\" \/>\n<meta property=\"article:modified_time\" content=\"2025-08-22T13:51:59+00:00\" \/>\n<meta property=\"og:image\" content=\"https:\/\/www.meydan.tv\/wp-content\/uploads\/pashik-1.jpg\" \/>\n\t<meta property=\"og:image:width\" content=\"1200\" \/>\n\t<meta property=\"og:image:height\" content=\"800\" \/>\n\t<meta property=\"og:image:type\" content=\"image\/jpeg\" \/>\n<meta name=\"author\" content=\"sevda\" \/>\n<meta name=\"twitter:card\" content=\"summary_large_image\" \/>\n<script type=\"application\/ld+json\" class=\"yoast-schema-graph\">{\"@context\":\"https:\\\/\\\/schema.org\",\"@graph\":[{\"@type\":\"Article\",\"@id\":\"https:\\\/\\\/www.meydan.tv\\\/az\\\/article\\\/pasinyan-pezeskian-gorusu-iran-qafqazda-kommunikasiya-x%c9%99tl%c9%99rinin-acilmasindan-n%c9%99-gozl%c9%99yir\\\/#article\",\"isPartOf\":{\"@id\":\"https:\\\/\\\/www.meydan.tv\\\/az\\\/article\\\/pasinyan-pezeskian-gorusu-iran-qafqazda-kommunikasiya-x%c9%99tl%c9%99rinin-acilmasindan-n%c9%99-gozl%c9%99yir\\\/\"},\"author\":{\"name\":\"sevda\",\"@id\":\"https:\\\/\\\/www.meydan.tv\\\/az\\\/#\\\/schema\\\/person\\\/49b5f2bad5b126bb8ea9320eeb3e4dc9\"},\"headline\":\"Pa\u015finyan-Peze\u015fkian g\u00f6r\u00fc\u015f\u00fc: \u0130ran Qafqazda kommunikasiya x\u0259tl\u0259rinin a\u00e7\u0131lmas\u0131ndan n\u0259 g\u00f6zl\u0259yir?\",\"datePublished\":\"2025-08-22T13:51:55+00:00\",\"dateModified\":\"2025-08-22T13:51:59+00:00\",\"mainEntityOfPage\":{\"@id\":\"https:\\\/\\\/www.meydan.tv\\\/az\\\/article\\\/pasinyan-pezeskian-gorusu-iran-qafqazda-kommunikasiya-x%c9%99tl%c9%99rinin-acilmasindan-n%c9%99-gozl%c9%99yir\\\/\"},\"wordCount\":902,\"publisher\":{\"@id\":\"https:\\\/\\\/www.meydan.tv\\\/az\\\/#organization\"},\"image\":{\"@id\":\"https:\\\/\\\/www.meydan.tv\\\/az\\\/article\\\/pasinyan-pezeskian-gorusu-iran-qafqazda-kommunikasiya-x%c9%99tl%c9%99rinin-acilmasindan-n%c9%99-gozl%c9%99yir\\\/#primaryimage\"},\"thumbnailUrl\":\"https:\\\/\\\/www.meydan.tv\\\/wp-content\\\/uploads\\\/pashik-1.jpg\",\"articleSection\":[\"D\u00fcnya\",\"Siyas\u0259t\",\"X\u0259b\u0259rl\u0259r\"],\"inLanguage\":\"az\"},{\"@type\":\"WebPage\",\"@id\":\"https:\\\/\\\/www.meydan.tv\\\/az\\\/article\\\/pasinyan-pezeskian-gorusu-iran-qafqazda-kommunikasiya-x%c9%99tl%c9%99rinin-acilmasindan-n%c9%99-gozl%c9%99yir\\\/\",\"url\":\"https:\\\/\\\/www.meydan.tv\\\/az\\\/article\\\/pasinyan-pezeskian-gorusu-iran-qafqazda-kommunikasiya-x%c9%99tl%c9%99rinin-acilmasindan-n%c9%99-gozl%c9%99yir\\\/\",\"name\":\"Pa\u015finyan-Peze\u015fkian g\u00f6r\u00fc\u015f\u00fc: \u0130ran Qafqazda kommunikasiya x\u0259tl\u0259rinin a\u00e7\u0131lmas\u0131ndan n\u0259 g\u00f6zl\u0259yir? - MEYDAN.TV\",\"isPartOf\":{\"@id\":\"https:\\\/\\\/www.meydan.tv\\\/az\\\/#website\"},\"primaryImageOfPage\":{\"@id\":\"https:\\\/\\\/www.meydan.tv\\\/az\\\/article\\\/pasinyan-pezeskian-gorusu-iran-qafqazda-kommunikasiya-x%c9%99tl%c9%99rinin-acilmasindan-n%c9%99-gozl%c9%99yir\\\/#primaryimage\"},\"image\":{\"@id\":\"https:\\\/\\\/www.meydan.tv\\\/az\\\/article\\\/pasinyan-pezeskian-gorusu-iran-qafqazda-kommunikasiya-x%c9%99tl%c9%99rinin-acilmasindan-n%c9%99-gozl%c9%99yir\\\/#primaryimage\"},\"thumbnailUrl\":\"https:\\\/\\\/www.meydan.tv\\\/wp-content\\\/uploads\\\/pashik-1.jpg\",\"datePublished\":\"2025-08-22T13:51:55+00:00\",\"dateModified\":\"2025-08-22T13:51:59+00:00\",\"breadcrumb\":{\"@id\":\"https:\\\/\\\/www.meydan.tv\\\/az\\\/article\\\/pasinyan-pezeskian-gorusu-iran-qafqazda-kommunikasiya-x%c9%99tl%c9%99rinin-acilmasindan-n%c9%99-gozl%c9%99yir\\\/#breadcrumb\"},\"inLanguage\":\"az\",\"potentialAction\":[{\"@type\":\"ReadAction\",\"target\":[\"https:\\\/\\\/www.meydan.tv\\\/az\\\/article\\\/pasinyan-pezeskian-gorusu-iran-qafqazda-kommunikasiya-x%c9%99tl%c9%99rinin-acilmasindan-n%c9%99-gozl%c9%99yir\\\/\"]}]},{\"@type\":\"ImageObject\",\"inLanguage\":\"az\",\"@id\":\"https:\\\/\\\/www.meydan.tv\\\/az\\\/article\\\/pasinyan-pezeskian-gorusu-iran-qafqazda-kommunikasiya-x%c9%99tl%c9%99rinin-acilmasindan-n%c9%99-gozl%c9%99yir\\\/#primaryimage\",\"url\":\"https:\\\/\\\/www.meydan.tv\\\/wp-content\\\/uploads\\\/pashik-1.jpg\",\"contentUrl\":\"https:\\\/\\\/www.meydan.tv\\\/wp-content\\\/uploads\\\/pashik-1.jpg\",\"width\":1200,\"height\":800,\"caption\":\"Foto: primeminister.am\"},{\"@type\":\"BreadcrumbList\",\"@id\":\"https:\\\/\\\/www.meydan.tv\\\/az\\\/article\\\/pasinyan-pezeskian-gorusu-iran-qafqazda-kommunikasiya-x%c9%99tl%c9%99rinin-acilmasindan-n%c9%99-gozl%c9%99yir\\\/#breadcrumb\",\"itemListElement\":[{\"@type\":\"ListItem\",\"position\":1,\"name\":\"Ana s\u0259hif\u0259\",\"item\":\"https:\\\/\\\/www.meydan.tv\\\/az\\\/\"},{\"@type\":\"ListItem\",\"position\":2,\"name\":\"X\u0259b\u0259rl\u0259r\",\"item\":\"https:\\\/\\\/www.meydan.tv\\\/az\\\/section\\\/xeberler\\\/\"},{\"@type\":\"ListItem\",\"position\":3,\"name\":\"Pa\u015finyan-Peze\u015fkian g\u00f6r\u00fc\u015f\u00fc: \u0130ran Qafqazda kommunikasiya x\u0259tl\u0259rinin a\u00e7\u0131lmas\u0131ndan n\u0259 g\u00f6zl\u0259yir?\"}]},{\"@type\":\"WebSite\",\"@id\":\"https:\\\/\\\/www.meydan.tv\\\/az\\\/#website\",\"url\":\"https:\\\/\\\/www.meydan.tv\\\/az\\\/\",\"name\":\"MEYDAN.TV\",\"description\":\"Meydan TV Az\u0259rbaycan\u0131n media m\u0259kan\u0131ndak\u0131 alternativ s\u0259sidir\",\"publisher\":{\"@id\":\"https:\\\/\\\/www.meydan.tv\\\/az\\\/#organization\"},\"potentialAction\":[{\"@type\":\"SearchAction\",\"target\":{\"@type\":\"EntryPoint\",\"urlTemplate\":\"https:\\\/\\\/www.meydan.tv\\\/az\\\/?s={search_term_string}\"},\"query-input\":{\"@type\":\"PropertyValueSpecification\",\"valueRequired\":true,\"valueName\":\"search_term_string\"}}],\"inLanguage\":\"az\"},{\"@type\":\"Organization\",\"@id\":\"https:\\\/\\\/www.meydan.tv\\\/az\\\/#organization\",\"name\":\"Meydan TV\",\"url\":\"https:\\\/\\\/www.meydan.tv\\\/az\\\/\",\"logo\":{\"@type\":\"ImageObject\",\"inLanguage\":\"az\",\"@id\":\"https:\\\/\\\/www.meydan.tv\\\/az\\\/#\\\/schema\\\/logo\\\/image\\\/\",\"url\":\"https:\\\/\\\/www.meydan.tv\\\/wp-content\\\/uploads\\\/2021\\\/07\\\/meydan-logo.svg\",\"contentUrl\":\"https:\\\/\\\/www.meydan.tv\\\/wp-content\\\/uploads\\\/2021\\\/07\\\/meydan-logo.svg\",\"width\":195,\"height\":46,\"caption\":\"Meydan TV\"},\"image\":{\"@id\":\"https:\\\/\\\/www.meydan.tv\\\/az\\\/#\\\/schema\\\/logo\\\/image\\\/\"}},{\"@type\":\"Person\",\"@id\":\"https:\\\/\\\/www.meydan.tv\\\/az\\\/#\\\/schema\\\/person\\\/49b5f2bad5b126bb8ea9320eeb3e4dc9\",\"name\":\"sevda\"}]}<\/script>\n<!-- \/ Yoast SEO plugin. -->","yoast_head_json":{"title":"Pa\u015finyan-Peze\u015fkian g\u00f6r\u00fc\u015f\u00fc: \u0130ran Qafqazda kommunikasiya x\u0259tl\u0259rinin a\u00e7\u0131lmas\u0131ndan n\u0259 g\u00f6zl\u0259yir? - MEYDAN.TV","robots":{"index":"index","follow":"follow","max-snippet":"max-snippet:-1","max-image-preview":"max-image-preview:large","max-video-preview":"max-video-preview:-1"},"canonical":"https:\/\/www.meydan.tv\/az\/article\/pasinyan-pezeskian-gorusu-iran-qafqazda-kommunikasiya-x%c9%99tl%c9%99rinin-acilmasindan-n%c9%99-gozl%c9%99yir\/","og_locale":"az_AZ","og_type":"article","og_title":"Pa\u015finyan-Peze\u015fkian g\u00f6r\u00fc\u015f\u00fc: \u0130ran Qafqazda kommunikasiya x\u0259tl\u0259rinin a\u00e7\u0131lmas\u0131ndan n\u0259 g\u00f6zl\u0259yir? - MEYDAN.TV","og_description":"JAMnews-un material\u0131 Yerevanda\u00a0Erm\u0259nistan\u00a0ba\u015f naziri\u00a0Nikol Pa\u015finyan\u00a0v\u0259\u00a0\u0130ran\u00a0prezidenti M\u0259sud Peze\u015fkian aras\u0131nda ke\u00e7iril\u0259n g\u00f6r\u00fc\u015f ... Davam\u0131","og_url":"https:\/\/www.meydan.tv\/az\/article\/pasinyan-pezeskian-gorusu-iran-qafqazda-kommunikasiya-x%c9%99tl%c9%99rinin-acilmasindan-n%c9%99-gozl%c9%99yir\/","og_site_name":"MEYDAN.TV","article_published_time":"2025-08-22T13:51:55+00:00","article_modified_time":"2025-08-22T13:51:59+00:00","og_image":[{"width":1200,"height":800,"url":"https:\/\/www.meydan.tv\/wp-content\/uploads\/pashik-1.jpg","type":"image\/jpeg"}],"author":"sevda","twitter_card":"summary_large_image","schema":{"@context":"https:\/\/schema.org","@graph":[{"@type":"Article","@id":"https:\/\/www.meydan.tv\/az\/article\/pasinyan-pezeskian-gorusu-iran-qafqazda-kommunikasiya-x%c9%99tl%c9%99rinin-acilmasindan-n%c9%99-gozl%c9%99yir\/#article","isPartOf":{"@id":"https:\/\/www.meydan.tv\/az\/article\/pasinyan-pezeskian-gorusu-iran-qafqazda-kommunikasiya-x%c9%99tl%c9%99rinin-acilmasindan-n%c9%99-gozl%c9%99yir\/"},"author":{"name":"sevda","@id":"https:\/\/www.meydan.tv\/az\/#\/schema\/person\/49b5f2bad5b126bb8ea9320eeb3e4dc9"},"headline":"Pa\u015finyan-Peze\u015fkian g\u00f6r\u00fc\u015f\u00fc: \u0130ran Qafqazda kommunikasiya x\u0259tl\u0259rinin a\u00e7\u0131lmas\u0131ndan n\u0259 g\u00f6zl\u0259yir?","datePublished":"2025-08-22T13:51:55+00:00","dateModified":"2025-08-22T13:51:59+00:00","mainEntityOfPage":{"@id":"https:\/\/www.meydan.tv\/az\/article\/pasinyan-pezeskian-gorusu-iran-qafqazda-kommunikasiya-x%c9%99tl%c9%99rinin-acilmasindan-n%c9%99-gozl%c9%99yir\/"},"wordCount":902,"publisher":{"@id":"https:\/\/www.meydan.tv\/az\/#organization"},"image":{"@id":"https:\/\/www.meydan.tv\/az\/article\/pasinyan-pezeskian-gorusu-iran-qafqazda-kommunikasiya-x%c9%99tl%c9%99rinin-acilmasindan-n%c9%99-gozl%c9%99yir\/#primaryimage"},"thumbnailUrl":"https:\/\/www.meydan.tv\/wp-content\/uploads\/pashik-1.jpg","articleSection":["D\u00fcnya","Siyas\u0259t","X\u0259b\u0259rl\u0259r"],"inLanguage":"az"},{"@type":"WebPage","@id":"https:\/\/www.meydan.tv\/az\/article\/pasinyan-pezeskian-gorusu-iran-qafqazda-kommunikasiya-x%c9%99tl%c9%99rinin-acilmasindan-n%c9%99-gozl%c9%99yir\/","url":"https:\/\/www.meydan.tv\/az\/article\/pasinyan-pezeskian-gorusu-iran-qafqazda-kommunikasiya-x%c9%99tl%c9%99rinin-acilmasindan-n%c9%99-gozl%c9%99yir\/","name":"Pa\u015finyan-Peze\u015fkian g\u00f6r\u00fc\u015f\u00fc: \u0130ran Qafqazda kommunikasiya x\u0259tl\u0259rinin a\u00e7\u0131lmas\u0131ndan n\u0259 g\u00f6zl\u0259yir? - MEYDAN.TV","isPartOf":{"@id":"https:\/\/www.meydan.tv\/az\/#website"},"primaryImageOfPage":{"@id":"https:\/\/www.meydan.tv\/az\/article\/pasinyan-pezeskian-gorusu-iran-qafqazda-kommunikasiya-x%c9%99tl%c9%99rinin-acilmasindan-n%c9%99-gozl%c9%99yir\/#primaryimage"},"image":{"@id":"https:\/\/www.meydan.tv\/az\/article\/pasinyan-pezeskian-gorusu-iran-qafqazda-kommunikasiya-x%c9%99tl%c9%99rinin-acilmasindan-n%c9%99-gozl%c9%99yir\/#primaryimage"},"thumbnailUrl":"https:\/\/www.meydan.tv\/wp-content\/uploads\/pashik-1.jpg","datePublished":"2025-08-22T13:51:55+00:00","dateModified":"2025-08-22T13:51:59+00:00","breadcrumb":{"@id":"https:\/\/www.meydan.tv\/az\/article\/pasinyan-pezeskian-gorusu-iran-qafqazda-kommunikasiya-x%c9%99tl%c9%99rinin-acilmasindan-n%c9%99-gozl%c9%99yir\/#breadcrumb"},"inLanguage":"az","potentialAction":[{"@type":"ReadAction","target":["https:\/\/www.meydan.tv\/az\/article\/pasinyan-pezeskian-gorusu-iran-qafqazda-kommunikasiya-x%c9%99tl%c9%99rinin-acilmasindan-n%c9%99-gozl%c9%99yir\/"]}]},{"@type":"ImageObject","inLanguage":"az","@id":"https:\/\/www.meydan.tv\/az\/article\/pasinyan-pezeskian-gorusu-iran-qafqazda-kommunikasiya-x%c9%99tl%c9%99rinin-acilmasindan-n%c9%99-gozl%c9%99yir\/#primaryimage","url":"https:\/\/www.meydan.tv\/wp-content\/uploads\/pashik-1.jpg","contentUrl":"https:\/\/www.meydan.tv\/wp-content\/uploads\/pashik-1.jpg","width":1200,"height":800,"caption":"Foto: primeminister.am"},{"@type":"BreadcrumbList","@id":"https:\/\/www.meydan.tv\/az\/article\/pasinyan-pezeskian-gorusu-iran-qafqazda-kommunikasiya-x%c9%99tl%c9%99rinin-acilmasindan-n%c9%99-gozl%c9%99yir\/#breadcrumb","itemListElement":[{"@type":"ListItem","position":1,"name":"Ana s\u0259hif\u0259","item":"https:\/\/www.meydan.tv\/az\/"},{"@type":"ListItem","position":2,"name":"X\u0259b\u0259rl\u0259r","item":"https:\/\/www.meydan.tv\/az\/section\/xeberler\/"},{"@type":"ListItem","position":3,"name":"Pa\u015finyan-Peze\u015fkian g\u00f6r\u00fc\u015f\u00fc: \u0130ran Qafqazda kommunikasiya x\u0259tl\u0259rinin a\u00e7\u0131lmas\u0131ndan n\u0259 g\u00f6zl\u0259yir?"}]},{"@type":"WebSite","@id":"https:\/\/www.meydan.tv\/az\/#website","url":"https:\/\/www.meydan.tv\/az\/","name":"MEYDAN.TV","description":"Meydan TV Az\u0259rbaycan\u0131n media m\u0259kan\u0131ndak\u0131 alternativ s\u0259sidir","publisher":{"@id":"https:\/\/www.meydan.tv\/az\/#organization"},"potentialAction":[{"@type":"SearchAction","target":{"@type":"EntryPoint","urlTemplate":"https:\/\/www.meydan.tv\/az\/?s={search_term_string}"},"query-input":{"@type":"PropertyValueSpecification","valueRequired":true,"valueName":"search_term_string"}}],"inLanguage":"az"},{"@type":"Organization","@id":"https:\/\/www.meydan.tv\/az\/#organization","name":"Meydan TV","url":"https:\/\/www.meydan.tv\/az\/","logo":{"@type":"ImageObject","inLanguage":"az","@id":"https:\/\/www.meydan.tv\/az\/#\/schema\/logo\/image\/","url":"https:\/\/www.meydan.tv\/wp-content\/uploads\/2021\/07\/meydan-logo.svg","contentUrl":"https:\/\/www.meydan.tv\/wp-content\/uploads\/2021\/07\/meydan-logo.svg","width":195,"height":46,"caption":"Meydan TV"},"image":{"@id":"https:\/\/www.meydan.tv\/az\/#\/schema\/logo\/image\/"}},{"@type":"Person","@id":"https:\/\/www.meydan.tv\/az\/#\/schema\/person\/49b5f2bad5b126bb8ea9320eeb3e4dc9","name":"sevda"}]}},"_links":{"self":[{"href":"https:\/\/www.meydan.tv\/az\/wp-json\/wp\/v2\/posts\/334397","targetHints":{"allow":["GET"]}}],"collection":[{"href":"https:\/\/www.meydan.tv\/az\/wp-json\/wp\/v2\/posts"}],"about":[{"href":"https:\/\/www.meydan.tv\/az\/wp-json\/wp\/v2\/types\/post"}],"author":[{"embeddable":true,"href":"https:\/\/www.meydan.tv\/az\/wp-json\/wp\/v2\/users\/16"}],"replies":[{"embeddable":true,"href":"https:\/\/www.meydan.tv\/az\/wp-json\/wp\/v2\/comments?post=334397"}],"version-history":[{"count":4,"href":"https:\/\/www.meydan.tv\/az\/wp-json\/wp\/v2\/posts\/334397\/revisions"}],"predecessor-version":[{"id":334407,"href":"https:\/\/www.meydan.tv\/az\/wp-json\/wp\/v2\/posts\/334397\/revisions\/334407"}],"wp:featuredmedia":[{"embeddable":true,"href":"https:\/\/www.meydan.tv\/az\/wp-json\/wp\/v2\/media\/334402"}],"wp:attachment":[{"href":"https:\/\/www.meydan.tv\/az\/wp-json\/wp\/v2\/media?parent=334397"}],"wp:term":[{"taxonomy":"category","embeddable":true,"href":"https:\/\/www.meydan.tv\/az\/wp-json\/wp\/v2\/categories?post=334397"},{"taxonomy":"post_tag","embeddable":true,"href":"https:\/\/www.meydan.tv\/az\/wp-json\/wp\/v2\/tags?post=334397"}],"curies":[{"name":"wp","href":"https:\/\/api.w.org\/{rel}","templated":true}]}}