{"id":334390,"date":"2025-08-21T19:51:29","date_gmt":"2025-08-21T15:51:29","guid":{"rendered":"https:\/\/www.meydan.tv\/?p=334390"},"modified":"2025-08-21T19:51:33","modified_gmt":"2025-08-21T15:51:33","slug":"h%c9%99bsxanani-s%c9%99rinkesl%c9%99rl%c9%99-doldurun-must%c9%99qil-medialarin-yeni-kampaniyasi","status":"publish","type":"post","link":"https:\/\/www.meydan.tv\/az\/article\/h%c9%99bsxanani-s%c9%99rinkesl%c9%99rl%c9%99-doldurun-must%c9%99qil-medialarin-yeni-kampaniyasi\/","title":{"rendered":"&#8220;H\u0259bsxanan\u0131 s\u0259rinke\u015fl\u0259rl\u0259 doldurun!&#8221;. M\u00fcst\u0259qil medialar\u0131n yeni d\u0259st\u0259k kampaniyas\u0131"},"content":{"rendered":"\n<p><br>Az\u0259rbaycanda m\u00fcst\u0259qil median\u0131n s\u0131x\u0131\u015fd\u0131r\u0131lmas\u0131 fonunda S\u0259rh\u0259dsiz Reportyorlar T\u0259\u015fkilat\u0131 (RSF) v\u0259 m\u00fchacir\u0259td\u0259 f\u0259aliyy\u0259t g\u00f6st\u0259r\u0259n az\u0259rbaycanl\u0131 media qurumlar\u0131 \u2013 &#8220;Free Voices Collective&#8221; (&#8220;Azad S\u0259sl\u0259r Kollektivi&#8221;), Meydan TV, Toplum TV v\u0259 &#8220;Qazetci&#8221; \u2013 h\u0259bsd\u0259 olan jurnalist Sevinc Vaqifq\u0131z\u0131na d\u0259st\u0259k m\u0259qs\u0259dil\u0259 \u201cFlood them with fans\u201d (&#8220;H\u0259bsxanan\u0131 s\u0259rinke\u015fl\u0259rl\u0259 doldurun!&#8221;) adl\u0131 a\u00e7\u0131qca <a href=\"https:\/\/rsf.org\/en\/flood-them-fans-rsf-launches-solidarity-campaign-together-exiled-azerbaijani-organizations\" target=\"_blank\" rel=\"noreferrer noopener nofollow\">kampaniyas\u0131na ba\u015flay\u0131b.<\/a><\/p>\n\n\n\n<p>M\u0259qs\u0259d art\u0131q bir ne\u00e7\u0259 ayd\u0131r ki, Bak\u0131 \u0130stintaq T\u0259cridxanas\u0131nda saxlan\u0131lan Abzas Media-n\u0131n ba\u015f redaktoru Sevinc Vaqifq\u0131z\u0131n\u0131n s\u0259rinke\u015fl\u0259 t\u0259min olunmamas\u0131na diqq\u0259t \u00e7\u0259km\u0259k v\u0259 bu v\u0259ziyy\u0259t\u0259 etiraz bildirm\u0259kdir.<\/p>\n\n\n\n<p>Sevinc Vaqifq\u0131z\u0131n\u0131n anas\u0131 Ofeliya M\u0259h\u0259rr\u0259mova Meydan TV-y\u0259 bildirib ki, iki ay \u0259vv\u0259l q\u0131z\u0131 ondan s\u0259rinke\u015f ist\u0259yib. Valideyn s\u0259rinke\u015fi apar\u0131b, amma Bak\u0131 \u0130stintaq T\u0259cridxanas\u0131n\u0131n r\u0259isi Elnur \u0130smay\u0131lov onu h\u0259bsxanaya buraxmay\u0131b:<\/p>\n\n\n\n<p><em>\u201cProblem yaranmas\u0131n dey\u0259, d\u0259mir yox, plastmasdan s\u0259rinke\u015f alm\u0131\u015fd\u0131m. Aparanda, baxd\u0131m ki, ham\u0131 d\u0259mir olan\u0131ndan al\u0131b v\u0259 b\u00fct\u00fcn s\u0259rinke\u015fl\u0259ri t\u0259cridxanaya buraxd\u0131lar. Art\u0131q iki ayd\u0131r ki, s\u0259rinke\u015fi \u00f6z\u00fcml\u0259 t\u0259cridxanaya apar\u0131b geri qaytar\u0131ram. R\u0259is Elnur \u0130smay\u0131lov Sevincl\u0259 prinsip apar\u0131r. Deyir ki, buradan [t\u0259cridxanadan] yaz\u0131 \u00e7\u0131xard\u0131\u011f\u0131n \u00fc\u00e7\u00fcn s\u0259n\u0259 s\u0259rinke\u015f vermirik. S\u0259n bu yazd\u0131qlar\u0131n\u0131 saytdan sildir, m\u0259n d\u0259 s\u0259rinke\u015fi i\u00e7\u0259ri buraxd\u0131r\u0131m. Sevinc d\u0259 deyir ki, yaz\u0131 silinm\u0259y\u0259c\u0259k v\u0259 s\u0259rinke\u015f d\u0259 i\u00e7\u0259ri gir\u0259c\u0259k. Sonuncu d\u0259f\u0259 iki h\u0259ft\u0259 \u00f6nc\u0259 aparm\u0131\u015fd\u0131m, yen\u0259 d\u0259 i\u00e7\u0259ri buraxmad\u0131lar\u201d.<\/em><\/p>\n\n\n\n<p>RSF v\u0259 t\u0259r\u0259fda\u015f t\u0259\u015fkilatlar beyn\u0259lxalq ictimaiyy\u0259ti Sevinc Vaqifq\u0131z\u0131 v\u0259 dig\u0259r h\u0259bsd\u0259 olan jurnalistl\u0259rl\u0259 h\u0259mr\u0259ylik m\u0259ktublar\u0131 yazma\u011fa d\u0259v\u0259t edir. G\u00f6nd\u0259ril\u0259n mesajlar t\u0259rc\u00fcm\u0259 edil\u0259c\u0259k, \u00fcz\u0259rind\u0259 simvolik s\u0259rinke\u00e7 t\u0259sviri olan po\u00e7t kartlar\u0131na \u00e7ap edil\u0259r\u0259k birba\u015fa h\u0259bsxanaya \u00e7atd\u0131r\u0131lacaq.<\/p>\n\n\n\n<p>S\u0259rh\u0259dsiz Repartyorlar v\u0259 t\u0259r\u0259fda\u015f media t\u0259\u015fkilatlar\u0131 beyn\u0259lxalq ictimaiyy\u0259ti Az\u0259rbaycan hakimiyy\u0259tin\u0259 qar\u015f\u0131 t\u0259zyiqi art\u0131rma\u011fa \u00e7a\u011f\u0131r\u0131r.<\/p>\n\n\n\n<p>\u00c7a\u011f\u0131r\u0131\u015fda bildirilir ki, b\u00fct\u00fcn siyasi motivli ittihamlarla h\u0259bs edilmi\u015f jurnalistl\u0259r azad edilm\u0259lidir. M\u0259hbuslara tibbi yard\u0131m v\u0259 insan l\u0259yaq\u0259tin\u0259 uy\u011fun \u015f\u0259rait t\u0259min olunmal\u0131d\u0131r. Az\u0259rbaycandak\u0131 b\u00fct\u00fcn m\u00fcst\u0259qil media qurumlar\u0131na qar\u015f\u0131 repressiyalar dayand\u0131r\u0131lmal\u0131d\u0131r.<\/p>\n\n\n\n<p><em>\u201cBiz g\u00f6st\u0259rm\u0259k ist\u0259yirik ki, h\u0259tta h\u0259bsxana divarlar\u0131 bel\u0259 onlar\u0131n s\u0259sini susdura bilm\u0259z. Az\u0259rbaycan hakimiyy\u0259ti jurnalistl\u0259ri pe\u015f\u0259 f\u0259aliyy\u0259tl\u0259rin\u0259 g\u00f6r\u0259 c\u0259zaland\u0131rmaqdan imtina etm\u0259li v\u0259 onlar\u0131n \u0259sas ehtiyaclara \u00e7\u0131x\u0131\u015f\u0131n\u0131 t\u0259min etm\u0259lidir\u201d,<\/em> \u2013 S\u0259rh\u0259dsiz Repartyorlar\u0131n Almaniyadak\u0131 icra\u00e7\u0131 direktoru Anja Osterhaus bildirib.<\/p>\n\n\n\n<p><em>\u201cBu kampaniya t\u0259kc\u0259 bir s\u0259rinke\u015fl\u0259 ba\u011fl\u0131 deyil. Bu, l\u0259yaq\u0259t, \u0259dal\u0259t v\u0259 beyn\u0259lxalq h\u0259mr\u0259ylik m\u0259s\u0259l\u0259sidir. Biz h\u0259r k\u0259si \u2013 jurnalistl\u0259ri, f\u0259allar\u0131 v\u0259 v\u0259t\u0259nda\u015flar\u0131 \u2013 Sevinc v\u0259 dig\u0259r jurnalistl\u0259r\u0259 d\u0259st\u0259y\u0259 \u00e7a\u011f\u0131r\u0131r\u0131q\u201d, <\/em>\u2013 dey\u0259 Meydan TV-nin icra\u00e7\u0131 redaktoru v\u0259zif\u0259sini icra ed\u0259n Orxan M\u0259mm\u0259d bildirib.<\/p>\n\n\n\n<p>Sevinc Vaqifq\u0131z\u0131 2023-c\u00fc ilin noyabr\u0131nda h\u0259bs edilib.<br><br>Ona qar\u015f\u0131 Cinay\u0259t M\u0259c\u0259ll\u0259sinin 206.3.2-ci (\u00f6nc\u0259d\u0259n \u0259lbir olan bir qrup \u015f\u0259xs t\u0259r\u0259find\u0259n qa\u00e7aqmal\u00e7\u0131l\u0131q) madd\u0259si il\u0259 ittiham verilib.<br><br>Sonradan daha 7 madd\u0259 \u0259lav\u0259 edil\u0259r\u0259k ittiham a\u011f\u0131rla\u015fd\u0131r\u0131l\u0131b.<br><br>\u0130yunun 20-d\u0259 Bak\u0131 A\u011f\u0131r Cinay\u0259tl\u0259r M\u0259hk\u0259m\u0259sind\u0259 \u201cAbzasMedia i\u015fi\u201d \u00fczr\u0259 ke\u00e7iril\u0259n m\u0259hk\u0259m\u0259d\u0259 Sevinc Vaqifq\u0131z\u0131na 9 il m\u00fcdd\u0259tin\u0259 h\u0259bs c\u0259zas\u0131 verilib.&nbsp;<br><br>O, \u00f6z\u00fcn\u00fc t\u0259qsirli bilmir.&nbsp;<\/p>\n","protected":false},"excerpt":{"rendered":"<p>Az\u0259rbaycanda m\u00fcst\u0259qil median\u0131n s\u0131x\u0131\u015fd\u0131r\u0131lmas\u0131 fonunda S\u0259rh\u0259dsiz Reportyorlar T\u0259\u015fkilat\u0131 (RSF) v\u0259 &#8230; <\/p>\n<p class=\"read-more-container\"><a title=\"&#8220;H\u0259bsxanan\u0131 s\u0259rinke\u015fl\u0259rl\u0259 doldurun!&#8221;. M\u00fcst\u0259qil medialar\u0131n yeni d\u0259st\u0259k kampaniyas\u0131\" class=\"read-more button\" href=\"https:\/\/www.meydan.tv\/az\/article\/h%c9%99bsxanani-s%c9%99rinkesl%c9%99rl%c9%99-doldurun-must%c9%99qil-medialarin-yeni-kampaniyasi\/#more-334390\" aria-label=\"Read more about &#8220;H\u0259bsxanan\u0131 s\u0259rinke\u015fl\u0259rl\u0259 doldurun!&#8221;. M\u00fcst\u0259qil medialar\u0131n yeni d\u0259st\u0259k kampaniyas\u0131\">Davam\u0131<\/a><\/p>\n","protected":false},"author":16,"featured_media":334392,"comment_status":"closed","ping_status":"closed","sticky":false,"template":"","format":"standard","meta":{"_acf_changed":false,"_sitemap_exclude":false,"_sitemap_priority":"","_sitemap_frequency":"","footnotes":""},"categories":[59,79,56],"tags":[],"class_list":["post-334390","post","type-post","status-publish","format-standard","has-post-thumbnail","hentry","category-siyaset","category-featured","category-xeberler","infinite-scroll-item","generate-columns","tablet-grid-50","mobile-grid-100","grid-parent","grid-33","no-featured-image-padding"],"acf":[],"yoast_head":"<!-- This site is optimized with the Yoast SEO plugin v27.4 - https:\/\/yoast.com\/product\/yoast-seo-wordpress\/ -->\n<title>&quot;H\u0259bsxanan\u0131 s\u0259rinke\u015fl\u0259rl\u0259 doldurun!&quot;. M\u00fcst\u0259qil medialar\u0131n yeni d\u0259st\u0259k kampaniyas\u0131 - MEYDAN.TV<\/title>\n<meta name=\"robots\" content=\"index, follow, max-snippet:-1, max-image-preview:large, max-video-preview:-1\" \/>\n<link rel=\"canonical\" href=\"https:\/\/www.meydan.tv\/az\/article\/h%c9%99bsxanani-s%c9%99rinkesl%c9%99rl%c9%99-doldurun-must%c9%99qil-medialarin-yeni-kampaniyasi\/\" \/>\n<meta property=\"og:locale\" content=\"az_AZ\" \/>\n<meta property=\"og:type\" content=\"article\" \/>\n<meta property=\"og:title\" content=\"&quot;H\u0259bsxanan\u0131 s\u0259rinke\u015fl\u0259rl\u0259 doldurun!&quot;. M\u00fcst\u0259qil medialar\u0131n yeni d\u0259st\u0259k kampaniyas\u0131 - MEYDAN.TV\" \/>\n<meta property=\"og:description\" content=\"Az\u0259rbaycanda m\u00fcst\u0259qil median\u0131n s\u0131x\u0131\u015fd\u0131r\u0131lmas\u0131 fonunda S\u0259rh\u0259dsiz Reportyorlar T\u0259\u015fkilat\u0131 (RSF) v\u0259 ... Davam\u0131\" \/>\n<meta property=\"og:url\" content=\"https:\/\/www.meydan.tv\/az\/article\/h%c9%99bsxanani-s%c9%99rinkesl%c9%99rl%c9%99-doldurun-must%c9%99qil-medialarin-yeni-kampaniyasi\/\" \/>\n<meta property=\"og:site_name\" content=\"MEYDAN.TV\" \/>\n<meta property=\"article:published_time\" content=\"2025-08-21T15:51:29+00:00\" \/>\n<meta property=\"article:modified_time\" content=\"2025-08-21T15:51:33+00:00\" \/>\n<meta property=\"og:image\" content=\"https:\/\/www.meydan.tv\/wp-content\/uploads\/img_9831.png\" \/>\n\t<meta property=\"og:image:width\" content=\"1200\" \/>\n\t<meta property=\"og:image:height\" content=\"800\" \/>\n\t<meta property=\"og:image:type\" content=\"image\/png\" \/>\n<meta name=\"author\" content=\"sevda\" \/>\n<meta name=\"twitter:card\" content=\"summary_large_image\" \/>\n<script type=\"application\/ld+json\" class=\"yoast-schema-graph\">{\"@context\":\"https:\\\/\\\/schema.org\",\"@graph\":[{\"@type\":\"Article\",\"@id\":\"https:\\\/\\\/www.meydan.tv\\\/az\\\/article\\\/h%c9%99bsxanani-s%c9%99rinkesl%c9%99rl%c9%99-doldurun-must%c9%99qil-medialarin-yeni-kampaniyasi\\\/#article\",\"isPartOf\":{\"@id\":\"https:\\\/\\\/www.meydan.tv\\\/az\\\/article\\\/h%c9%99bsxanani-s%c9%99rinkesl%c9%99rl%c9%99-doldurun-must%c9%99qil-medialarin-yeni-kampaniyasi\\\/\"},\"author\":{\"name\":\"sevda\",\"@id\":\"https:\\\/\\\/www.meydan.tv\\\/az\\\/#\\\/schema\\\/person\\\/49b5f2bad5b126bb8ea9320eeb3e4dc9\"},\"headline\":\"&#8220;H\u0259bsxanan\u0131 s\u0259rinke\u015fl\u0259rl\u0259 doldurun!&#8221;. M\u00fcst\u0259qil medialar\u0131n yeni d\u0259st\u0259k kampaniyas\u0131\",\"datePublished\":\"2025-08-21T15:51:29+00:00\",\"dateModified\":\"2025-08-21T15:51:33+00:00\",\"mainEntityOfPage\":{\"@id\":\"https:\\\/\\\/www.meydan.tv\\\/az\\\/article\\\/h%c9%99bsxanani-s%c9%99rinkesl%c9%99rl%c9%99-doldurun-must%c9%99qil-medialarin-yeni-kampaniyasi\\\/\"},\"wordCount\":704,\"publisher\":{\"@id\":\"https:\\\/\\\/www.meydan.tv\\\/az\\\/#organization\"},\"image\":{\"@id\":\"https:\\\/\\\/www.meydan.tv\\\/az\\\/article\\\/h%c9%99bsxanani-s%c9%99rinkesl%c9%99rl%c9%99-doldurun-must%c9%99qil-medialarin-yeni-kampaniyasi\\\/#primaryimage\"},\"thumbnailUrl\":\"https:\\\/\\\/www.meydan.tv\\\/wp-content\\\/uploads\\\/img_9831.png\",\"articleSection\":[\"Siyas\u0259t\",\"T\u00f6vsiy\u0259\",\"X\u0259b\u0259rl\u0259r\"],\"inLanguage\":\"az\"},{\"@type\":\"WebPage\",\"@id\":\"https:\\\/\\\/www.meydan.tv\\\/az\\\/article\\\/h%c9%99bsxanani-s%c9%99rinkesl%c9%99rl%c9%99-doldurun-must%c9%99qil-medialarin-yeni-kampaniyasi\\\/\",\"url\":\"https:\\\/\\\/www.meydan.tv\\\/az\\\/article\\\/h%c9%99bsxanani-s%c9%99rinkesl%c9%99rl%c9%99-doldurun-must%c9%99qil-medialarin-yeni-kampaniyasi\\\/\",\"name\":\"\\\"H\u0259bsxanan\u0131 s\u0259rinke\u015fl\u0259rl\u0259 doldurun!\\\". M\u00fcst\u0259qil medialar\u0131n yeni d\u0259st\u0259k kampaniyas\u0131 - MEYDAN.TV\",\"isPartOf\":{\"@id\":\"https:\\\/\\\/www.meydan.tv\\\/az\\\/#website\"},\"primaryImageOfPage\":{\"@id\":\"https:\\\/\\\/www.meydan.tv\\\/az\\\/article\\\/h%c9%99bsxanani-s%c9%99rinkesl%c9%99rl%c9%99-doldurun-must%c9%99qil-medialarin-yeni-kampaniyasi\\\/#primaryimage\"},\"image\":{\"@id\":\"https:\\\/\\\/www.meydan.tv\\\/az\\\/article\\\/h%c9%99bsxanani-s%c9%99rinkesl%c9%99rl%c9%99-doldurun-must%c9%99qil-medialarin-yeni-kampaniyasi\\\/#primaryimage\"},\"thumbnailUrl\":\"https:\\\/\\\/www.meydan.tv\\\/wp-content\\\/uploads\\\/img_9831.png\",\"datePublished\":\"2025-08-21T15:51:29+00:00\",\"dateModified\":\"2025-08-21T15:51:33+00:00\",\"breadcrumb\":{\"@id\":\"https:\\\/\\\/www.meydan.tv\\\/az\\\/article\\\/h%c9%99bsxanani-s%c9%99rinkesl%c9%99rl%c9%99-doldurun-must%c9%99qil-medialarin-yeni-kampaniyasi\\\/#breadcrumb\"},\"inLanguage\":\"az\",\"potentialAction\":[{\"@type\":\"ReadAction\",\"target\":[\"https:\\\/\\\/www.meydan.tv\\\/az\\\/article\\\/h%c9%99bsxanani-s%c9%99rinkesl%c9%99rl%c9%99-doldurun-must%c9%99qil-medialarin-yeni-kampaniyasi\\\/\"]}]},{\"@type\":\"ImageObject\",\"inLanguage\":\"az\",\"@id\":\"https:\\\/\\\/www.meydan.tv\\\/az\\\/article\\\/h%c9%99bsxanani-s%c9%99rinkesl%c9%99rl%c9%99-doldurun-must%c9%99qil-medialarin-yeni-kampaniyasi\\\/#primaryimage\",\"url\":\"https:\\\/\\\/www.meydan.tv\\\/wp-content\\\/uploads\\\/img_9831.png\",\"contentUrl\":\"https:\\\/\\\/www.meydan.tv\\\/wp-content\\\/uploads\\\/img_9831.png\",\"width\":1536,\"height\":1024},{\"@type\":\"BreadcrumbList\",\"@id\":\"https:\\\/\\\/www.meydan.tv\\\/az\\\/article\\\/h%c9%99bsxanani-s%c9%99rinkesl%c9%99rl%c9%99-doldurun-must%c9%99qil-medialarin-yeni-kampaniyasi\\\/#breadcrumb\",\"itemListElement\":[{\"@type\":\"ListItem\",\"position\":1,\"name\":\"Ana s\u0259hif\u0259\",\"item\":\"https:\\\/\\\/www.meydan.tv\\\/az\\\/\"},{\"@type\":\"ListItem\",\"position\":2,\"name\":\"X\u0259b\u0259rl\u0259r\",\"item\":\"https:\\\/\\\/www.meydan.tv\\\/az\\\/section\\\/xeberler\\\/\"},{\"@type\":\"ListItem\",\"position\":3,\"name\":\"&#8220;H\u0259bsxanan\u0131 s\u0259rinke\u015fl\u0259rl\u0259 doldurun!&#8221;. M\u00fcst\u0259qil medialar\u0131n yeni d\u0259st\u0259k kampaniyas\u0131\"}]},{\"@type\":\"WebSite\",\"@id\":\"https:\\\/\\\/www.meydan.tv\\\/az\\\/#website\",\"url\":\"https:\\\/\\\/www.meydan.tv\\\/az\\\/\",\"name\":\"MEYDAN.TV\",\"description\":\"Meydan TV Az\u0259rbaycan\u0131n media m\u0259kan\u0131ndak\u0131 alternativ s\u0259sidir\",\"publisher\":{\"@id\":\"https:\\\/\\\/www.meydan.tv\\\/az\\\/#organization\"},\"potentialAction\":[{\"@type\":\"SearchAction\",\"target\":{\"@type\":\"EntryPoint\",\"urlTemplate\":\"https:\\\/\\\/www.meydan.tv\\\/az\\\/?s={search_term_string}\"},\"query-input\":{\"@type\":\"PropertyValueSpecification\",\"valueRequired\":true,\"valueName\":\"search_term_string\"}}],\"inLanguage\":\"az\"},{\"@type\":\"Organization\",\"@id\":\"https:\\\/\\\/www.meydan.tv\\\/az\\\/#organization\",\"name\":\"Meydan TV\",\"url\":\"https:\\\/\\\/www.meydan.tv\\\/az\\\/\",\"logo\":{\"@type\":\"ImageObject\",\"inLanguage\":\"az\",\"@id\":\"https:\\\/\\\/www.meydan.tv\\\/az\\\/#\\\/schema\\\/logo\\\/image\\\/\",\"url\":\"https:\\\/\\\/www.meydan.tv\\\/wp-content\\\/uploads\\\/2021\\\/07\\\/meydan-logo.svg\",\"contentUrl\":\"https:\\\/\\\/www.meydan.tv\\\/wp-content\\\/uploads\\\/2021\\\/07\\\/meydan-logo.svg\",\"width\":195,\"height\":46,\"caption\":\"Meydan TV\"},\"image\":{\"@id\":\"https:\\\/\\\/www.meydan.tv\\\/az\\\/#\\\/schema\\\/logo\\\/image\\\/\"}},{\"@type\":\"Person\",\"@id\":\"https:\\\/\\\/www.meydan.tv\\\/az\\\/#\\\/schema\\\/person\\\/49b5f2bad5b126bb8ea9320eeb3e4dc9\",\"name\":\"sevda\"}]}<\/script>\n<!-- \/ Yoast SEO plugin. -->","yoast_head_json":{"title":"\"H\u0259bsxanan\u0131 s\u0259rinke\u015fl\u0259rl\u0259 doldurun!\". M\u00fcst\u0259qil medialar\u0131n yeni d\u0259st\u0259k kampaniyas\u0131 - MEYDAN.TV","robots":{"index":"index","follow":"follow","max-snippet":"max-snippet:-1","max-image-preview":"max-image-preview:large","max-video-preview":"max-video-preview:-1"},"canonical":"https:\/\/www.meydan.tv\/az\/article\/h%c9%99bsxanani-s%c9%99rinkesl%c9%99rl%c9%99-doldurun-must%c9%99qil-medialarin-yeni-kampaniyasi\/","og_locale":"az_AZ","og_type":"article","og_title":"\"H\u0259bsxanan\u0131 s\u0259rinke\u015fl\u0259rl\u0259 doldurun!\". M\u00fcst\u0259qil medialar\u0131n yeni d\u0259st\u0259k kampaniyas\u0131 - MEYDAN.TV","og_description":"Az\u0259rbaycanda m\u00fcst\u0259qil median\u0131n s\u0131x\u0131\u015fd\u0131r\u0131lmas\u0131 fonunda S\u0259rh\u0259dsiz Reportyorlar T\u0259\u015fkilat\u0131 (RSF) v\u0259 ... Davam\u0131","og_url":"https:\/\/www.meydan.tv\/az\/article\/h%c9%99bsxanani-s%c9%99rinkesl%c9%99rl%c9%99-doldurun-must%c9%99qil-medialarin-yeni-kampaniyasi\/","og_site_name":"MEYDAN.TV","article_published_time":"2025-08-21T15:51:29+00:00","article_modified_time":"2025-08-21T15:51:33+00:00","og_image":[{"url":"https:\/\/www.meydan.tv\/wp-content\/uploads\/img_9831.png","width":1200,"height":800,"type":"image\/png"}],"author":"sevda","twitter_card":"summary_large_image","schema":{"@context":"https:\/\/schema.org","@graph":[{"@type":"Article","@id":"https:\/\/www.meydan.tv\/az\/article\/h%c9%99bsxanani-s%c9%99rinkesl%c9%99rl%c9%99-doldurun-must%c9%99qil-medialarin-yeni-kampaniyasi\/#article","isPartOf":{"@id":"https:\/\/www.meydan.tv\/az\/article\/h%c9%99bsxanani-s%c9%99rinkesl%c9%99rl%c9%99-doldurun-must%c9%99qil-medialarin-yeni-kampaniyasi\/"},"author":{"name":"sevda","@id":"https:\/\/www.meydan.tv\/az\/#\/schema\/person\/49b5f2bad5b126bb8ea9320eeb3e4dc9"},"headline":"&#8220;H\u0259bsxanan\u0131 s\u0259rinke\u015fl\u0259rl\u0259 doldurun!&#8221;. M\u00fcst\u0259qil medialar\u0131n yeni d\u0259st\u0259k kampaniyas\u0131","datePublished":"2025-08-21T15:51:29+00:00","dateModified":"2025-08-21T15:51:33+00:00","mainEntityOfPage":{"@id":"https:\/\/www.meydan.tv\/az\/article\/h%c9%99bsxanani-s%c9%99rinkesl%c9%99rl%c9%99-doldurun-must%c9%99qil-medialarin-yeni-kampaniyasi\/"},"wordCount":704,"publisher":{"@id":"https:\/\/www.meydan.tv\/az\/#organization"},"image":{"@id":"https:\/\/www.meydan.tv\/az\/article\/h%c9%99bsxanani-s%c9%99rinkesl%c9%99rl%c9%99-doldurun-must%c9%99qil-medialarin-yeni-kampaniyasi\/#primaryimage"},"thumbnailUrl":"https:\/\/www.meydan.tv\/wp-content\/uploads\/img_9831.png","articleSection":["Siyas\u0259t","T\u00f6vsiy\u0259","X\u0259b\u0259rl\u0259r"],"inLanguage":"az"},{"@type":"WebPage","@id":"https:\/\/www.meydan.tv\/az\/article\/h%c9%99bsxanani-s%c9%99rinkesl%c9%99rl%c9%99-doldurun-must%c9%99qil-medialarin-yeni-kampaniyasi\/","url":"https:\/\/www.meydan.tv\/az\/article\/h%c9%99bsxanani-s%c9%99rinkesl%c9%99rl%c9%99-doldurun-must%c9%99qil-medialarin-yeni-kampaniyasi\/","name":"\"H\u0259bsxanan\u0131 s\u0259rinke\u015fl\u0259rl\u0259 doldurun!\". M\u00fcst\u0259qil medialar\u0131n yeni d\u0259st\u0259k kampaniyas\u0131 - MEYDAN.TV","isPartOf":{"@id":"https:\/\/www.meydan.tv\/az\/#website"},"primaryImageOfPage":{"@id":"https:\/\/www.meydan.tv\/az\/article\/h%c9%99bsxanani-s%c9%99rinkesl%c9%99rl%c9%99-doldurun-must%c9%99qil-medialarin-yeni-kampaniyasi\/#primaryimage"},"image":{"@id":"https:\/\/www.meydan.tv\/az\/article\/h%c9%99bsxanani-s%c9%99rinkesl%c9%99rl%c9%99-doldurun-must%c9%99qil-medialarin-yeni-kampaniyasi\/#primaryimage"},"thumbnailUrl":"https:\/\/www.meydan.tv\/wp-content\/uploads\/img_9831.png","datePublished":"2025-08-21T15:51:29+00:00","dateModified":"2025-08-21T15:51:33+00:00","breadcrumb":{"@id":"https:\/\/www.meydan.tv\/az\/article\/h%c9%99bsxanani-s%c9%99rinkesl%c9%99rl%c9%99-doldurun-must%c9%99qil-medialarin-yeni-kampaniyasi\/#breadcrumb"},"inLanguage":"az","potentialAction":[{"@type":"ReadAction","target":["https:\/\/www.meydan.tv\/az\/article\/h%c9%99bsxanani-s%c9%99rinkesl%c9%99rl%c9%99-doldurun-must%c9%99qil-medialarin-yeni-kampaniyasi\/"]}]},{"@type":"ImageObject","inLanguage":"az","@id":"https:\/\/www.meydan.tv\/az\/article\/h%c9%99bsxanani-s%c9%99rinkesl%c9%99rl%c9%99-doldurun-must%c9%99qil-medialarin-yeni-kampaniyasi\/#primaryimage","url":"https:\/\/www.meydan.tv\/wp-content\/uploads\/img_9831.png","contentUrl":"https:\/\/www.meydan.tv\/wp-content\/uploads\/img_9831.png","width":1536,"height":1024},{"@type":"BreadcrumbList","@id":"https:\/\/www.meydan.tv\/az\/article\/h%c9%99bsxanani-s%c9%99rinkesl%c9%99rl%c9%99-doldurun-must%c9%99qil-medialarin-yeni-kampaniyasi\/#breadcrumb","itemListElement":[{"@type":"ListItem","position":1,"name":"Ana s\u0259hif\u0259","item":"https:\/\/www.meydan.tv\/az\/"},{"@type":"ListItem","position":2,"name":"X\u0259b\u0259rl\u0259r","item":"https:\/\/www.meydan.tv\/az\/section\/xeberler\/"},{"@type":"ListItem","position":3,"name":"&#8220;H\u0259bsxanan\u0131 s\u0259rinke\u015fl\u0259rl\u0259 doldurun!&#8221;. M\u00fcst\u0259qil medialar\u0131n yeni d\u0259st\u0259k kampaniyas\u0131"}]},{"@type":"WebSite","@id":"https:\/\/www.meydan.tv\/az\/#website","url":"https:\/\/www.meydan.tv\/az\/","name":"MEYDAN.TV","description":"Meydan TV Az\u0259rbaycan\u0131n media m\u0259kan\u0131ndak\u0131 alternativ s\u0259sidir","publisher":{"@id":"https:\/\/www.meydan.tv\/az\/#organization"},"potentialAction":[{"@type":"SearchAction","target":{"@type":"EntryPoint","urlTemplate":"https:\/\/www.meydan.tv\/az\/?s={search_term_string}"},"query-input":{"@type":"PropertyValueSpecification","valueRequired":true,"valueName":"search_term_string"}}],"inLanguage":"az"},{"@type":"Organization","@id":"https:\/\/www.meydan.tv\/az\/#organization","name":"Meydan TV","url":"https:\/\/www.meydan.tv\/az\/","logo":{"@type":"ImageObject","inLanguage":"az","@id":"https:\/\/www.meydan.tv\/az\/#\/schema\/logo\/image\/","url":"https:\/\/www.meydan.tv\/wp-content\/uploads\/2021\/07\/meydan-logo.svg","contentUrl":"https:\/\/www.meydan.tv\/wp-content\/uploads\/2021\/07\/meydan-logo.svg","width":195,"height":46,"caption":"Meydan TV"},"image":{"@id":"https:\/\/www.meydan.tv\/az\/#\/schema\/logo\/image\/"}},{"@type":"Person","@id":"https:\/\/www.meydan.tv\/az\/#\/schema\/person\/49b5f2bad5b126bb8ea9320eeb3e4dc9","name":"sevda"}]}},"_links":{"self":[{"href":"https:\/\/www.meydan.tv\/az\/wp-json\/wp\/v2\/posts\/334390","targetHints":{"allow":["GET"]}}],"collection":[{"href":"https:\/\/www.meydan.tv\/az\/wp-json\/wp\/v2\/posts"}],"about":[{"href":"https:\/\/www.meydan.tv\/az\/wp-json\/wp\/v2\/types\/post"}],"author":[{"embeddable":true,"href":"https:\/\/www.meydan.tv\/az\/wp-json\/wp\/v2\/users\/16"}],"replies":[{"embeddable":true,"href":"https:\/\/www.meydan.tv\/az\/wp-json\/wp\/v2\/comments?post=334390"}],"version-history":[{"count":3,"href":"https:\/\/www.meydan.tv\/az\/wp-json\/wp\/v2\/posts\/334390\/revisions"}],"predecessor-version":[{"id":334396,"href":"https:\/\/www.meydan.tv\/az\/wp-json\/wp\/v2\/posts\/334390\/revisions\/334396"}],"wp:featuredmedia":[{"embeddable":true,"href":"https:\/\/www.meydan.tv\/az\/wp-json\/wp\/v2\/media\/334392"}],"wp:attachment":[{"href":"https:\/\/www.meydan.tv\/az\/wp-json\/wp\/v2\/media?parent=334390"}],"wp:term":[{"taxonomy":"category","embeddable":true,"href":"https:\/\/www.meydan.tv\/az\/wp-json\/wp\/v2\/categories?post=334390"},{"taxonomy":"post_tag","embeddable":true,"href":"https:\/\/www.meydan.tv\/az\/wp-json\/wp\/v2\/tags?post=334390"}],"curies":[{"name":"wp","href":"https:\/\/api.w.org\/{rel}","templated":true}]}}