{"id":334386,"date":"2025-08-22T16:50:30","date_gmt":"2025-08-22T12:50:30","guid":{"rendered":"https:\/\/www.meydan.tv\/?p=334386"},"modified":"2025-08-22T16:50:33","modified_gmt":"2025-08-22T12:50:33","slug":"bas-agrisi-da-siyasi-ola-bil%c9%99r-siyasi-t%c9%99svis-n%c9%99dir","status":"publish","type":"post","link":"https:\/\/www.meydan.tv\/az\/article\/bas-agrisi-da-siyasi-ola-bil%c9%99r-siyasi-t%c9%99svis-n%c9%99dir\/","title":{"rendered":"Ba\u015f a\u011fr\u0131s\u0131 da siyasi ola bil\u0259r &#8211; Siyasi T\u0259\u015fvi\u015f n\u0259dir?"},"content":{"rendered":"\n<figure class=\"wp-block-embed is-type-video is-provider-youtube wp-block-embed-youtube wp-embed-aspect-16-9 wp-has-aspect-ratio\"><div class=\"wp-block-embed__wrapper\">\n<iframe title=\"Ba\u015f a\u011fr\u0131s\u0131 da siyasi ola bil\u0259r - Siyasi T\u0259\u015fvi\u015f n\u0259dir?\" width=\"1200\" height=\"675\" data-src=\"https:\/\/www.youtube.com\/embed\/-I2f8gbya6k?feature=oembed\" frameborder=\"0\" allow=\"accelerometer; autoplay; clipboard-write; encrypted-media; gyroscope; picture-in-picture; web-share\" referrerpolicy=\"strict-origin-when-cross-origin\" allowfullscreen src=\"data:image\/svg+xml;base64,PHN2ZyB3aWR0aD0iMSIgaGVpZ2h0PSIxIiB4bWxucz0iaHR0cDovL3d3dy53My5vcmcvMjAwMC9zdmciPjwvc3ZnPg==\" class=\"lazyload\" data-load-mode=\"1\"><\/iframe>\n<\/div><\/figure>\n\n\n\n<!--more-->\n\n\n\n<p><\/p>\n\n\n\n<p>Ya\u015fad\u0131\u011f\u0131m\u0131z d\u00fcnyada h\u0259r g\u00fcn onlarla neqativ hadis\u0259 ba\u015f verir v\u0259 biz d\u0259 texnologiya d\u00f6vr\u00fcnd\u0259 ya\u015fayanlar olaraq, tarixd\u0259 he\u00e7 vaxt olmad\u0131\u011f\u0131 q\u0259d\u0259r informasiyaya m\u0259ruz qal\u0131r\u0131q. Bu is\u0259 psixologiya v\u0259 sosiologiyada yeni anlay\u0131\u015flar g\u0259tirir. Siyasi v\u0259ziyy\u0259tin f\u0259rdi psixikaya t\u0259sirini ara\u015fd\u0131ranlar bir m\u00fcdd\u0259tdir yeni bir stress formas\u0131n\u0131 ortaya \u00e7\u0131xar\u0131blar &#8211; siyasi t\u0259\u015fvi\u015f.<\/p>\n\n\n\n<p>Siyasi t\u0259\u015fvi\u015f f\u0259rdl\u0259rin siyas\u0259t bar\u0259d\u0259 d\u00fc\u015f\u00fcn\u0259nd\u0259 v\u0259 ya siyas\u0259tl\u0259 m\u0259\u015f\u011ful olanda t\u0259cr\u00fcb\u0259 etdikl\u0259ri stress, narahatl\u0131q v\u0259 ya qorxunu ifad\u0259 edir.<br><br>Siyasi t\u0259\u015fvi\u015f siyasi hadis\u0259l\u0259r, q\u0259rarlar v\u0259 diskursdan qaynaqlanan bir stress formas\u0131d\u0131. Onun g\u0259rgin se\u00e7kil\u0259r, m\u00fcbahis\u0259li siyasi v\u0259ziyy\u0259t v\u0259 sosial mediada, x\u0259b\u0259rl\u0259rd\u0259 bu tip informasiyalara m\u0259ruz qalmaqdan qaynaqland\u0131\u011f\u0131 deyilir. B\u0259s, siyasi t\u0259\u015fvi\u015fl\u0259 nec\u0259 ba\u015f ed\u0259 bil\u0259rik?\u00a0<\/p>\n\n\n\n<p>2024 AB\u015e&nbsp; se\u00e7kil\u0259ri \u00f6nc\u0259si Amerika Psixoloji Assosiasiyas\u0131 sor\u011fu ke\u00e7irmi\u015fdi. Sor\u011fuda i\u015ftirak ed\u0259n yeti\u015fkinl\u0259rin h\u0259r 10-dan 7-si \u00f6lk\u0259nin g\u0259l\u0259c\u0259yini&nbsp; h\u0259yat\u0131ndak\u0131 \u0259sas stress qayna\u011f\u0131 hesab edirdi. \u0130qtisadiyyatdak\u0131 probleml\u0259r 73% insan \u00fc\u00e7\u00fcn \u0259sas stress qayna\u011f\u0131 idi. Se\u00e7kil\u0259rin \u00f6z\u00fcn\u00fc is\u0259 69% insan h\u0259yat\u0131ndank\u0131 \u0259sas stress qayna\u011f\u0131 say\u0131rd\u0131. Bir \u00e7ox insan \u00fc\u00e7\u00fcn bu stress faktorlar\u0131 x\u00fcsusil\u0259 g\u0259l\u0259c\u0259k qeyri-m\u00fc\u0259yy\u0259n v\u0259 tutqun g\u00f6r\u00fcn\u0259nd\u0259 \u00e7ar\u0259sizlik, \u00fcmidsizlik v\u0259 q\u0259z\u0259b kimi duy\u011fulara \u00e7evril\u0259 bilir. 2020 v\u0259 2016-c\u0131 il se\u00e7kil\u0259ri il\u0259 m\u00fcqayis\u0259d\u0259 art\u0131m da m\u00fc\u015fahid\u0259 edilir. 2020-d\u0259 68% insan se\u00e7kil\u0259ri \u0259sas stress qayna\u011f\u0131 hesab edirdis\u0259, 2016-da bu r\u0259q\u0259m 52% idi. Yeti\u015fkinl\u0259rin 56%-i inan\u0131rd\u0131 ki, prezident se\u00e7kil\u0259ri AB\u015e-d\u0259 demokratiyan\u0131n sonu olacaq.<\/p>\n\n\n\n<p>2023-c\u00fc il \u201cPew\u201d Ara\u015fd\u0131rma M\u0259rk\u0259zinin hesabat\u0131 g\u00f6st\u0259rirdi ki, amerikal\u0131lar\u0131n 65%-i siyas\u0259t haqq\u0131nda d\u00fc\u015f\u00fcn\u0259nd\u0259 h\u0259mi\u015f\u0259 v\u0259 ya tez-tez \u00f6z\u00fcn\u00fc yor\u011fun hiss edirl\u0259r. 55% insan siyas\u0259td\u0259n dan\u0131\u015fanda q\u0259z\u0259bli olur. C\u0259mi 10% insan is\u0259 bildirmi\u015fdi ki, onlar siyas\u0259t bar\u0259d\u0259 d\u00fc\u015f\u00fcn\u0259nd\u0259 \u00f6zl\u0259rini \u00fcmidli hiss edirl\u0259r. B\u0259s siz, Az\u0259rbaycandak\u0131 siyasi v\u0259ziyy\u0259ti d\u00fc\u015f\u00fcn\u0259nd\u0259 nec\u0259 hiss edirsiz? Duy\u011fular\u0131n\u0131z\u0131 \u015f\u0259rhl\u0259rd\u0259 biziml\u0259 b\u00f6l\u00fc\u015fm\u0259yi unutmay\u0131n.<\/p>\n\n\n\n<p>\u00dcmumi t\u0259\u015fvi\u015fl\u0259 ortaq t\u0259r\u0259fl\u0259ri d\u0259 daxil, siyasi t\u0259\u015fvi\u015fin simptomlar\u0131 bel\u0259 m\u00fc\u0259yy\u0259n edilir:<\/p>\n\n\n\n<ul class=\"wp-block-list\">\n<li>&#8211; siyasi hadis\u0259l\u0259r bar\u0259d\u0259 davaml\u0131 g\u0259rgin hissetm\u0259;<\/li>\n\n\n\n<li>&#8211; siyasi fikirl\u0259r\u0259 g\u00f6r\u0259 g\u00fcnd\u0259lik i\u015fl\u0259r\u0259 konsentrasiyan\u0131 itirm\u0259;<\/li>\n\n\n\n<li>&#8211; sosial media v\u0259 x\u0259b\u0259rl\u0259ri izl\u0259y\u0259nd\u0259 ifrat-emosional hissetm\u0259;<\/li>\n\n\n\n<li>&#8211; ba\u015f a\u011fr\u0131s\u0131, yor\u011funluq v\u0259 \u0259z\u0259l\u0259 g\u0259rginliyi kimi fiziki simptomlar;<\/li>\n\n\n\n<li>&#8211; yuxusuzluq, insomnia, yuxu pozuntular\u0131;<\/li>\n\n\n\n<li>&#8211; artan q\u0259z\u0259b v\u0259 \u00fcmidsizlik duy\u011fusu.<br><\/li>\n<\/ul>\n\n\n\n<p>Az\u0259rbaycanda yay\u0131lan g\u00fcnd\u0259lik x\u0259b\u0259rl\u0259rin icmal\u0131 bu t\u0259\u015fvi\u015f formas\u0131n\u0131n x\u00fclas\u0259si kimi t\u0259qdim oluna bil\u0259r: qiym\u0259t art\u0131mlar\u0131, iqtisadi v\u0259ziyy\u0259tl\u0259 ba\u011fl\u0131 qeyri-m\u00fc\u0259yy\u0259nlik, s\u0259rh\u0259dl\u0259rin ba\u011fl\u0131 olmas\u0131, bunun arxas\u0131ndak\u0131 s\u0259b\u0259bin h\u00f6kum\u0259t t\u0259r\u0259find\u0259n sirr kimi saxlanmas\u0131, fasil\u0259siz davam etdiril\u0259n siyasi motivli h\u0259bsl\u0259r, G\u0259nc\u0259d\u0259 v\u0259fat ed\u0259n g\u0259ncin \u00f6l\u00fcm\u00fc \u0259traf\u0131nda davam ed\u0259n m\u00fc\u0259mma, polis zorak\u0131l\u0131\u011f\u0131, i\u015fg\u0259nc\u0259 x\u0259b\u0259rl\u0259ri, qlobal miqyasda is\u0259 Ukrayna m\u00fcharib\u0259si, Q\u0259zzada ba\u015f ver\u0259nl\u0259r v\u0259 s.<br><br>M\u00fct\u0259x\u0259ssisl\u0259r siyasi t\u0259\u015fvi\u015fd\u0259n yay\u0131nmaq \u00fc\u00e7\u00fcn b\u0259zi yollar t\u0259qdim edirl\u0259r. Bildirilir ki, g\u00fcn \u0259rzind\u0259 davaml\u0131 siyasi x\u0259b\u0259rl\u0259r oxumaq yerin\u0259, bu tip informasiyalar \u00fc\u00e7\u00fcn x\u00fcsusi saatlar ay\u0131rmaq daha faydal\u0131 ola bil\u0259r. H\u0259m\u00e7inin, psixoloqlar t\u0259klif edirl\u0259r ki, x\u0259b\u0259rl\u0259ri etibarl\u0131 m\u0259nb\u0259l\u0259rd\u0259n, geni\u015f, \u0259hat\u0259li m\u0259lumatlar ver\u0259n, manipulyasiya v\u0259 spekulyasiya ard\u0131nca qa\u00e7mayan, klik \u00fc\u00e7\u00fcn qorxu, t\u0259\u015fvi\u015f yayma\u011fa \u00e7al\u0131\u015fmayan qaynaqlardan almaq laz\u0131md\u0131r. Sensassiyal\u0131 ba\u015fl\u0131qlar ver\u0259n x\u0259b\u0259r saytlar\u0131 bu t\u0259\u015fvi\u015fi daha da art\u0131r\u0131r.<br><br>H\u0259m\u00e7inin, siyasi f\u0259aliyy\u0259tl\u0259rd\u0259n k\u0259nar aktivit\u0259l\u0259rin olmas\u0131, hobbi v\u0259 maraqlara fokuslanmaq, kitab oxumaq, parkda y\u00fcr\u00fc\u015f etm\u0259k d\u0259 stress s\u0259viyy\u0259sini azalda bil\u0259r. Psixoloqlar deyirl\u0259r ki, eyni zamanda, q\u0259bullanma da \u00f6n\u0259mlidir. F\u0259rd b\u0259zi siyasi hadis\u0259l\u0259rin onun kontrolu xaricind\u0259 oldu\u011funu anlamal\u0131d\u0131r.<br><br>F\u0259rqind\u0259lik praktikalar\u0131, meditasiyalar\u0131n da zehni sakitlikd\u0259 faydas\u0131 m\u00fc\u015fahid\u0259 edilir, d\u0259rin n\u0259f\u0259s v\u0259 yoqa kimi dig\u0259r texnikalar da effektiv say\u0131l\u0131r.<br><br>Sosial media detoksu da psixoloqlar\u0131n t\u0259klif etdiyi yollardan biridir. Beynimiz h\u0259l\u0259 d\u0259 bu q\u0259d\u0259r s\u00fcr\u0259tli informasiya al\u0131\u015f\u0131na uy\u011fun t\u0259kam\u00fcl m\u0259rh\u0259l\u0259sin\u0259 ke\u00e7m\u0259yib.<br>\u00a0<br>\u018flb\u0259tt\u0259, siyasi probleml\u0259rin div\u0259 d\u00f6nd\u00fcy\u00fc situasiyalarda bu deyil\u0259nl\u0259rin effektivliyi inand\u0131r\u0131c\u0131 olmaya bil\u0259r, amma h\u0259m d\u0259 q\u0259bul etm\u0259k laz\u0131md\u0131r ki, bel\u0259 durumlardan ani xilas m\u00fcmk\u00fcn deyil. Siyasi aktivlik sad\u0259 v\u0259t\u0259nda\u015f m\u0259suliyy\u0259tidir v\u0259 onun \u0259ksi &#8211; passivlik daha d\u0259rin siyasi probleml\u0259rin yaranmas\u0131na s\u0259b\u0259b olur. Bu paradoksun i\u00e7ind\u0259n \u00e7\u0131xmaq, f\u0259rdi mental sa\u011flaml\u0131\u011f\u0131n qorunmas\u0131 h\u0259m d\u0259 siyasi aktivliyin effektivliyi \u00fc\u00e7\u00fcn ilk \u015f\u0259rtl\u0259rd\u0259n biridir.\u00a0<\/p>\n\n\n\n<p>N\u00f6vb\u0259ti d\u0259f\u0259 ba\u015f\u0131n\u0131z a\u011fr\u0131yanda b\u00fct\u00fcn dig\u0259r faktorlarla birlikd\u0259 \u00f6lk\u0259d\u0259ki siyasi v\u0259ziyy\u0259ti d\u0259 g\u00f6zd\u0259n ke\u00e7irm\u0259k faydal\u0131 ola bil\u0259r.<\/p>\n","protected":false},"excerpt":{"rendered":"","protected":false},"author":16,"featured_media":209015,"comment_status":"closed","ping_status":"closed","sticky":false,"template":"","format":"standard","meta":{"_acf_changed":false,"_sitemap_exclude":false,"_sitemap_priority":"","_sitemap_frequency":"","footnotes":""},"categories":[62,79,63,56],"tags":[],"class_list":["post-334386","post","type-post","status-publish","format-standard","has-post-thumbnail","hentry","category-sosial","category-featured","category-video-2","category-xeberler","infinite-scroll-item","generate-columns","tablet-grid-50","mobile-grid-100","grid-parent","grid-33","no-featured-image-padding"],"acf":[],"yoast_head":"<!-- This site is optimized with the Yoast SEO plugin v27.4 - https:\/\/yoast.com\/product\/yoast-seo-wordpress\/ -->\n<title>Ba\u015f a\u011fr\u0131s\u0131 da siyasi ola bil\u0259r - Siyasi T\u0259\u015fvi\u015f n\u0259dir? - MEYDAN.TV<\/title>\n<meta name=\"robots\" content=\"index, follow, max-snippet:-1, max-image-preview:large, max-video-preview:-1\" \/>\n<link rel=\"canonical\" href=\"https:\/\/www.meydan.tv\/az\/article\/bas-agrisi-da-siyasi-ola-bil%c9%99r-siyasi-t%c9%99svis-n%c9%99dir\/\" \/>\n<meta property=\"og:locale\" content=\"az_AZ\" \/>\n<meta property=\"og:type\" content=\"article\" \/>\n<meta property=\"og:title\" content=\"Ba\u015f a\u011fr\u0131s\u0131 da siyasi ola bil\u0259r - Siyasi T\u0259\u015fvi\u015f n\u0259dir? - MEYDAN.TV\" \/>\n<meta property=\"og:url\" content=\"https:\/\/www.meydan.tv\/az\/article\/bas-agrisi-da-siyasi-ola-bil%c9%99r-siyasi-t%c9%99svis-n%c9%99dir\/\" \/>\n<meta property=\"og:site_name\" content=\"MEYDAN.TV\" \/>\n<meta property=\"article:published_time\" content=\"2025-08-22T12:50:30+00:00\" \/>\n<meta property=\"article:modified_time\" content=\"2025-08-22T12:50:33+00:00\" \/>\n<meta property=\"og:image\" content=\"https:\/\/www.meydan.tv\/wp-content\/uploads\/screenshot_28_ebzlksa.png\" \/>\n\t<meta property=\"og:image:width\" content=\"893\" \/>\n\t<meta property=\"og:image:height\" content=\"506\" \/>\n\t<meta property=\"og:image:type\" content=\"image\/png\" \/>\n<meta name=\"author\" content=\"sevda\" \/>\n<meta name=\"twitter:card\" content=\"summary_large_image\" \/>\n<script type=\"application\/ld+json\" class=\"yoast-schema-graph\">{\"@context\":\"https:\\\/\\\/schema.org\",\"@graph\":[{\"@type\":\"Article\",\"@id\":\"https:\\\/\\\/www.meydan.tv\\\/az\\\/article\\\/bas-agrisi-da-siyasi-ola-bil%c9%99r-siyasi-t%c9%99svis-n%c9%99dir\\\/#article\",\"isPartOf\":{\"@id\":\"https:\\\/\\\/www.meydan.tv\\\/az\\\/article\\\/bas-agrisi-da-siyasi-ola-bil%c9%99r-siyasi-t%c9%99svis-n%c9%99dir\\\/\"},\"author\":{\"name\":\"sevda\",\"@id\":\"https:\\\/\\\/www.meydan.tv\\\/az\\\/#\\\/schema\\\/person\\\/49b5f2bad5b126bb8ea9320eeb3e4dc9\"},\"headline\":\"Ba\u015f a\u011fr\u0131s\u0131 da siyasi ola bil\u0259r &#8211; Siyasi T\u0259\u015fvi\u015f n\u0259dir?\",\"datePublished\":\"2025-08-22T12:50:30+00:00\",\"dateModified\":\"2025-08-22T12:50:33+00:00\",\"mainEntityOfPage\":{\"@id\":\"https:\\\/\\\/www.meydan.tv\\\/az\\\/article\\\/bas-agrisi-da-siyasi-ola-bil%c9%99r-siyasi-t%c9%99svis-n%c9%99dir\\\/\"},\"wordCount\":1004,\"publisher\":{\"@id\":\"https:\\\/\\\/www.meydan.tv\\\/az\\\/#organization\"},\"image\":{\"@id\":\"https:\\\/\\\/www.meydan.tv\\\/az\\\/article\\\/bas-agrisi-da-siyasi-ola-bil%c9%99r-siyasi-t%c9%99svis-n%c9%99dir\\\/#primaryimage\"},\"thumbnailUrl\":\"https:\\\/\\\/www.meydan.tv\\\/wp-content\\\/uploads\\\/screenshot_28_ebzlksa.png\",\"articleSection\":[\"Sosial\",\"T\u00f6vsiy\u0259\",\"Video\",\"X\u0259b\u0259rl\u0259r\"],\"inLanguage\":\"az\"},{\"@type\":\"WebPage\",\"@id\":\"https:\\\/\\\/www.meydan.tv\\\/az\\\/article\\\/bas-agrisi-da-siyasi-ola-bil%c9%99r-siyasi-t%c9%99svis-n%c9%99dir\\\/\",\"url\":\"https:\\\/\\\/www.meydan.tv\\\/az\\\/article\\\/bas-agrisi-da-siyasi-ola-bil%c9%99r-siyasi-t%c9%99svis-n%c9%99dir\\\/\",\"name\":\"Ba\u015f a\u011fr\u0131s\u0131 da siyasi ola bil\u0259r - Siyasi T\u0259\u015fvi\u015f n\u0259dir? - MEYDAN.TV\",\"isPartOf\":{\"@id\":\"https:\\\/\\\/www.meydan.tv\\\/az\\\/#website\"},\"primaryImageOfPage\":{\"@id\":\"https:\\\/\\\/www.meydan.tv\\\/az\\\/article\\\/bas-agrisi-da-siyasi-ola-bil%c9%99r-siyasi-t%c9%99svis-n%c9%99dir\\\/#primaryimage\"},\"image\":{\"@id\":\"https:\\\/\\\/www.meydan.tv\\\/az\\\/article\\\/bas-agrisi-da-siyasi-ola-bil%c9%99r-siyasi-t%c9%99svis-n%c9%99dir\\\/#primaryimage\"},\"thumbnailUrl\":\"https:\\\/\\\/www.meydan.tv\\\/wp-content\\\/uploads\\\/screenshot_28_ebzlksa.png\",\"datePublished\":\"2025-08-22T12:50:30+00:00\",\"dateModified\":\"2025-08-22T12:50:33+00:00\",\"breadcrumb\":{\"@id\":\"https:\\\/\\\/www.meydan.tv\\\/az\\\/article\\\/bas-agrisi-da-siyasi-ola-bil%c9%99r-siyasi-t%c9%99svis-n%c9%99dir\\\/#breadcrumb\"},\"inLanguage\":\"az\",\"potentialAction\":[{\"@type\":\"ReadAction\",\"target\":[\"https:\\\/\\\/www.meydan.tv\\\/az\\\/article\\\/bas-agrisi-da-siyasi-ola-bil%c9%99r-siyasi-t%c9%99svis-n%c9%99dir\\\/\"]}]},{\"@type\":\"ImageObject\",\"inLanguage\":\"az\",\"@id\":\"https:\\\/\\\/www.meydan.tv\\\/az\\\/article\\\/bas-agrisi-da-siyasi-ola-bil%c9%99r-siyasi-t%c9%99svis-n%c9%99dir\\\/#primaryimage\",\"url\":\"https:\\\/\\\/www.meydan.tv\\\/wp-content\\\/uploads\\\/screenshot_28_ebzlksa.png\",\"contentUrl\":\"https:\\\/\\\/www.meydan.tv\\\/wp-content\\\/uploads\\\/screenshot_28_ebzlksa.png\",\"width\":893,\"height\":506,\"caption\":\"Source: Meydan TV\"},{\"@type\":\"BreadcrumbList\",\"@id\":\"https:\\\/\\\/www.meydan.tv\\\/az\\\/article\\\/bas-agrisi-da-siyasi-ola-bil%c9%99r-siyasi-t%c9%99svis-n%c9%99dir\\\/#breadcrumb\",\"itemListElement\":[{\"@type\":\"ListItem\",\"position\":1,\"name\":\"Ana s\u0259hif\u0259\",\"item\":\"https:\\\/\\\/www.meydan.tv\\\/az\\\/\"},{\"@type\":\"ListItem\",\"position\":2,\"name\":\"Video\",\"item\":\"https:\\\/\\\/www.meydan.tv\\\/az\\\/section\\\/video-2\\\/\"},{\"@type\":\"ListItem\",\"position\":3,\"name\":\"Ba\u015f a\u011fr\u0131s\u0131 da siyasi ola bil\u0259r &#8211; Siyasi T\u0259\u015fvi\u015f n\u0259dir?\"}]},{\"@type\":\"WebSite\",\"@id\":\"https:\\\/\\\/www.meydan.tv\\\/az\\\/#website\",\"url\":\"https:\\\/\\\/www.meydan.tv\\\/az\\\/\",\"name\":\"MEYDAN.TV\",\"description\":\"Meydan TV Az\u0259rbaycan\u0131n media m\u0259kan\u0131ndak\u0131 alternativ s\u0259sidir\",\"publisher\":{\"@id\":\"https:\\\/\\\/www.meydan.tv\\\/az\\\/#organization\"},\"potentialAction\":[{\"@type\":\"SearchAction\",\"target\":{\"@type\":\"EntryPoint\",\"urlTemplate\":\"https:\\\/\\\/www.meydan.tv\\\/az\\\/?s={search_term_string}\"},\"query-input\":{\"@type\":\"PropertyValueSpecification\",\"valueRequired\":true,\"valueName\":\"search_term_string\"}}],\"inLanguage\":\"az\"},{\"@type\":\"Organization\",\"@id\":\"https:\\\/\\\/www.meydan.tv\\\/az\\\/#organization\",\"name\":\"Meydan TV\",\"url\":\"https:\\\/\\\/www.meydan.tv\\\/az\\\/\",\"logo\":{\"@type\":\"ImageObject\",\"inLanguage\":\"az\",\"@id\":\"https:\\\/\\\/www.meydan.tv\\\/az\\\/#\\\/schema\\\/logo\\\/image\\\/\",\"url\":\"https:\\\/\\\/www.meydan.tv\\\/wp-content\\\/uploads\\\/2021\\\/07\\\/meydan-logo.svg\",\"contentUrl\":\"https:\\\/\\\/www.meydan.tv\\\/wp-content\\\/uploads\\\/2021\\\/07\\\/meydan-logo.svg\",\"width\":195,\"height\":46,\"caption\":\"Meydan TV\"},\"image\":{\"@id\":\"https:\\\/\\\/www.meydan.tv\\\/az\\\/#\\\/schema\\\/logo\\\/image\\\/\"}},{\"@type\":\"Person\",\"@id\":\"https:\\\/\\\/www.meydan.tv\\\/az\\\/#\\\/schema\\\/person\\\/49b5f2bad5b126bb8ea9320eeb3e4dc9\",\"name\":\"sevda\"}]}<\/script>\n<!-- \/ Yoast SEO plugin. -->","yoast_head_json":{"title":"Ba\u015f a\u011fr\u0131s\u0131 da siyasi ola bil\u0259r - Siyasi T\u0259\u015fvi\u015f n\u0259dir? - MEYDAN.TV","robots":{"index":"index","follow":"follow","max-snippet":"max-snippet:-1","max-image-preview":"max-image-preview:large","max-video-preview":"max-video-preview:-1"},"canonical":"https:\/\/www.meydan.tv\/az\/article\/bas-agrisi-da-siyasi-ola-bil%c9%99r-siyasi-t%c9%99svis-n%c9%99dir\/","og_locale":"az_AZ","og_type":"article","og_title":"Ba\u015f a\u011fr\u0131s\u0131 da siyasi ola bil\u0259r - Siyasi T\u0259\u015fvi\u015f n\u0259dir? - MEYDAN.TV","og_url":"https:\/\/www.meydan.tv\/az\/article\/bas-agrisi-da-siyasi-ola-bil%c9%99r-siyasi-t%c9%99svis-n%c9%99dir\/","og_site_name":"MEYDAN.TV","article_published_time":"2025-08-22T12:50:30+00:00","article_modified_time":"2025-08-22T12:50:33+00:00","og_image":[{"width":893,"height":506,"url":"https:\/\/www.meydan.tv\/wp-content\/uploads\/screenshot_28_ebzlksa.png","type":"image\/png"}],"author":"sevda","twitter_card":"summary_large_image","schema":{"@context":"https:\/\/schema.org","@graph":[{"@type":"Article","@id":"https:\/\/www.meydan.tv\/az\/article\/bas-agrisi-da-siyasi-ola-bil%c9%99r-siyasi-t%c9%99svis-n%c9%99dir\/#article","isPartOf":{"@id":"https:\/\/www.meydan.tv\/az\/article\/bas-agrisi-da-siyasi-ola-bil%c9%99r-siyasi-t%c9%99svis-n%c9%99dir\/"},"author":{"name":"sevda","@id":"https:\/\/www.meydan.tv\/az\/#\/schema\/person\/49b5f2bad5b126bb8ea9320eeb3e4dc9"},"headline":"Ba\u015f a\u011fr\u0131s\u0131 da siyasi ola bil\u0259r &#8211; Siyasi T\u0259\u015fvi\u015f n\u0259dir?","datePublished":"2025-08-22T12:50:30+00:00","dateModified":"2025-08-22T12:50:33+00:00","mainEntityOfPage":{"@id":"https:\/\/www.meydan.tv\/az\/article\/bas-agrisi-da-siyasi-ola-bil%c9%99r-siyasi-t%c9%99svis-n%c9%99dir\/"},"wordCount":1004,"publisher":{"@id":"https:\/\/www.meydan.tv\/az\/#organization"},"image":{"@id":"https:\/\/www.meydan.tv\/az\/article\/bas-agrisi-da-siyasi-ola-bil%c9%99r-siyasi-t%c9%99svis-n%c9%99dir\/#primaryimage"},"thumbnailUrl":"https:\/\/www.meydan.tv\/wp-content\/uploads\/screenshot_28_ebzlksa.png","articleSection":["Sosial","T\u00f6vsiy\u0259","Video","X\u0259b\u0259rl\u0259r"],"inLanguage":"az"},{"@type":"WebPage","@id":"https:\/\/www.meydan.tv\/az\/article\/bas-agrisi-da-siyasi-ola-bil%c9%99r-siyasi-t%c9%99svis-n%c9%99dir\/","url":"https:\/\/www.meydan.tv\/az\/article\/bas-agrisi-da-siyasi-ola-bil%c9%99r-siyasi-t%c9%99svis-n%c9%99dir\/","name":"Ba\u015f a\u011fr\u0131s\u0131 da siyasi ola bil\u0259r - Siyasi T\u0259\u015fvi\u015f n\u0259dir? - MEYDAN.TV","isPartOf":{"@id":"https:\/\/www.meydan.tv\/az\/#website"},"primaryImageOfPage":{"@id":"https:\/\/www.meydan.tv\/az\/article\/bas-agrisi-da-siyasi-ola-bil%c9%99r-siyasi-t%c9%99svis-n%c9%99dir\/#primaryimage"},"image":{"@id":"https:\/\/www.meydan.tv\/az\/article\/bas-agrisi-da-siyasi-ola-bil%c9%99r-siyasi-t%c9%99svis-n%c9%99dir\/#primaryimage"},"thumbnailUrl":"https:\/\/www.meydan.tv\/wp-content\/uploads\/screenshot_28_ebzlksa.png","datePublished":"2025-08-22T12:50:30+00:00","dateModified":"2025-08-22T12:50:33+00:00","breadcrumb":{"@id":"https:\/\/www.meydan.tv\/az\/article\/bas-agrisi-da-siyasi-ola-bil%c9%99r-siyasi-t%c9%99svis-n%c9%99dir\/#breadcrumb"},"inLanguage":"az","potentialAction":[{"@type":"ReadAction","target":["https:\/\/www.meydan.tv\/az\/article\/bas-agrisi-da-siyasi-ola-bil%c9%99r-siyasi-t%c9%99svis-n%c9%99dir\/"]}]},{"@type":"ImageObject","inLanguage":"az","@id":"https:\/\/www.meydan.tv\/az\/article\/bas-agrisi-da-siyasi-ola-bil%c9%99r-siyasi-t%c9%99svis-n%c9%99dir\/#primaryimage","url":"https:\/\/www.meydan.tv\/wp-content\/uploads\/screenshot_28_ebzlksa.png","contentUrl":"https:\/\/www.meydan.tv\/wp-content\/uploads\/screenshot_28_ebzlksa.png","width":893,"height":506,"caption":"Source: Meydan TV"},{"@type":"BreadcrumbList","@id":"https:\/\/www.meydan.tv\/az\/article\/bas-agrisi-da-siyasi-ola-bil%c9%99r-siyasi-t%c9%99svis-n%c9%99dir\/#breadcrumb","itemListElement":[{"@type":"ListItem","position":1,"name":"Ana s\u0259hif\u0259","item":"https:\/\/www.meydan.tv\/az\/"},{"@type":"ListItem","position":2,"name":"Video","item":"https:\/\/www.meydan.tv\/az\/section\/video-2\/"},{"@type":"ListItem","position":3,"name":"Ba\u015f a\u011fr\u0131s\u0131 da siyasi ola bil\u0259r &#8211; Siyasi T\u0259\u015fvi\u015f n\u0259dir?"}]},{"@type":"WebSite","@id":"https:\/\/www.meydan.tv\/az\/#website","url":"https:\/\/www.meydan.tv\/az\/","name":"MEYDAN.TV","description":"Meydan TV Az\u0259rbaycan\u0131n media m\u0259kan\u0131ndak\u0131 alternativ s\u0259sidir","publisher":{"@id":"https:\/\/www.meydan.tv\/az\/#organization"},"potentialAction":[{"@type":"SearchAction","target":{"@type":"EntryPoint","urlTemplate":"https:\/\/www.meydan.tv\/az\/?s={search_term_string}"},"query-input":{"@type":"PropertyValueSpecification","valueRequired":true,"valueName":"search_term_string"}}],"inLanguage":"az"},{"@type":"Organization","@id":"https:\/\/www.meydan.tv\/az\/#organization","name":"Meydan TV","url":"https:\/\/www.meydan.tv\/az\/","logo":{"@type":"ImageObject","inLanguage":"az","@id":"https:\/\/www.meydan.tv\/az\/#\/schema\/logo\/image\/","url":"https:\/\/www.meydan.tv\/wp-content\/uploads\/2021\/07\/meydan-logo.svg","contentUrl":"https:\/\/www.meydan.tv\/wp-content\/uploads\/2021\/07\/meydan-logo.svg","width":195,"height":46,"caption":"Meydan TV"},"image":{"@id":"https:\/\/www.meydan.tv\/az\/#\/schema\/logo\/image\/"}},{"@type":"Person","@id":"https:\/\/www.meydan.tv\/az\/#\/schema\/person\/49b5f2bad5b126bb8ea9320eeb3e4dc9","name":"sevda"}]}},"_links":{"self":[{"href":"https:\/\/www.meydan.tv\/az\/wp-json\/wp\/v2\/posts\/334386","targetHints":{"allow":["GET"]}}],"collection":[{"href":"https:\/\/www.meydan.tv\/az\/wp-json\/wp\/v2\/posts"}],"about":[{"href":"https:\/\/www.meydan.tv\/az\/wp-json\/wp\/v2\/types\/post"}],"author":[{"embeddable":true,"href":"https:\/\/www.meydan.tv\/az\/wp-json\/wp\/v2\/users\/16"}],"replies":[{"embeddable":true,"href":"https:\/\/www.meydan.tv\/az\/wp-json\/wp\/v2\/comments?post=334386"}],"version-history":[{"count":3,"href":"https:\/\/www.meydan.tv\/az\/wp-json\/wp\/v2\/posts\/334386\/revisions"}],"predecessor-version":[{"id":334389,"href":"https:\/\/www.meydan.tv\/az\/wp-json\/wp\/v2\/posts\/334386\/revisions\/334389"}],"wp:featuredmedia":[{"embeddable":true,"href":"https:\/\/www.meydan.tv\/az\/wp-json\/wp\/v2\/media\/209015"}],"wp:attachment":[{"href":"https:\/\/www.meydan.tv\/az\/wp-json\/wp\/v2\/media?parent=334386"}],"wp:term":[{"taxonomy":"category","embeddable":true,"href":"https:\/\/www.meydan.tv\/az\/wp-json\/wp\/v2\/categories?post=334386"},{"taxonomy":"post_tag","embeddable":true,"href":"https:\/\/www.meydan.tv\/az\/wp-json\/wp\/v2\/tags?post=334386"}],"curies":[{"name":"wp","href":"https:\/\/api.w.org\/{rel}","templated":true}]}}