{"id":334357,"date":"2025-08-21T14:27:02","date_gmt":"2025-08-21T10:27:02","guid":{"rendered":"https:\/\/www.meydan.tv\/?p=334357"},"modified":"2025-08-21T19:01:54","modified_gmt":"2025-08-21T15:01:54","slug":"isci-masasinin-s%c9%99dri-afi%c9%99ddin-m%c9%99mm%c9%99dov-saxlanma-s%c9%99raitind%c9%99n-narazidir","status":"publish","type":"post","link":"https:\/\/www.meydan.tv\/az\/article\/isci-masasinin-s%c9%99dri-afi%c9%99ddin-m%c9%99mm%c9%99dov-saxlanma-s%c9%99raitind%c9%99n-narazidir\/","title":{"rendered":"&#8220;\u0130\u015f\u00e7i masas\u0131&#8221;n\u0131n s\u0259dri Afi\u0259ddin M\u0259mm\u0259dov saxlanma \u015f\u0259raitind\u0259n naraz\u0131d\u0131r"},"content":{"rendered":"\n<p>\u201c\u0130\u015f\u00e7i Masas\u0131\u201d H\u0259mkarlar \u0130ttifaqlar\u0131 Konfederasiyas\u0131n\u0131n s\u0259dri Afi\u0259ddin M\u0259mm\u0259dov 2 sayl\u0131 c\u0259za\u00e7\u0259km\u0259 m\u00fc\u0259ssis\u0259sind\u0259 \u00fcmumi v\u0259ziyy\u0259tin \u00e7ox pis v\u0259 d\u00f6z\u00fclm\u0259z oldu\u011funu bildirir.&nbsp;<\/p>\n\n\n\n<p>Yax\u0131nlar\u0131n\u0131n Meydan TV-y\u0259 verdiyi m\u0259lumata g\u00f6r\u0259, M\u0259mm\u0259dovun s\u0259hh\u0259ti v\u0259\u00a0 psixoloji durumu a\u011f\u0131rd\u0131r.<\/p>\n\n\n\n<p><em>\u201cDedi ki, orada v\u0259ziyy\u0259t pisdir. Daha detall\u0131 dan\u0131\u015fmaq ist\u0259y\u0259nd\u0259 z\u0259ngi s\u00f6nd\u00fcrd\u00fcl\u0259r. Sonra yenid\u0259n bir ne\u00e7\u0259 d\u0259f\u0259 z\u0259ng el\u0259dik, s\u00f6nd\u00fcr\u00fcrd\u00fcl\u0259r. Daha sonra icaz\u0259 verdil\u0259r, amma o bar\u0259d\u0259 yen\u0259 dan\u0131\u015fanda, yen\u0259 s\u00f6nd\u00fcrd\u00fcl\u0259r\u201d.<\/em><\/p>\n\n\n\n<p>F\u0259al yax\u0131nlar\u0131na h\u0259m d\u0259 h\u0259bsxanada v\u0259ziyy\u0259tin d\u00f6z\u00fclm\u0259z oldu\u011funu, antisanitariya hallar\u0131n\u0131n oldu\u011funu bildirib:<\/p>\n\n\n\n<p><em>\u201cM\u0259tb\u0259xd\u0259, \u0259rzaq saxlan\u0131lan yerd\u0259 si\u00e7anlar olur, \u0259rzaq\u0131 yeyirl\u0259r. Antisanitar v\u0259ziyy\u0259tdir. Yatan yerd\u0259 d\u0259 b\u00f6y\u00fck si\u00e7ovullar olur. Adam \u00e7oxdur, ayaqyolunda saatlarla n\u00f6vb\u0259l\u0259r olur\u201d.<\/em><\/p>\n\n\n\n<p>Yax\u0131nlar\u0131 deyir ki, M\u0259mm\u0259dovun normal h\u0259kim m\u00fcayin\u0259sind\u0259n d\u0259 ke\u00e7\u0259 bilmir.<\/p>\n\n\n\n<p><em>\u201cS\u0259hh\u0259tind\u0259 problem olmu\u015fdu, biz\u0259 d\u0259 h\u0259r g\u00fcn z\u0259ng ed\u0259 bilmir, bizim d\u0259 bundan x\u0259b\u0259rimiz yox idi. Tibb m\u0259nt\u0259q\u0259sin\u0259 getmi\u015fdi, h\u0259kim yerind\u0259 olmay\u0131b. Bir ne\u00e7\u0259 g\u00fcn sonra h\u0259kimin q\u0259buluna d\u00fc\u015f\u0259 bilib, onda da yolaverici d\u0259rman veibl\u0259r\u201d.&nbsp;<\/em><\/p>\n\n\n\n<p>Afi\u0259ddin M\u0259mm\u0259dovun s\u0259dri oldu\u011fu \u0130\u015f\u00e7i Masas\u0131 H\u0259mkarlar \u0130ttifaqlar\u0131 Konfederasiyas\u0131 2022-ci il mart\u0131n 1-d\u0259 yarad\u0131l\u0131b v\u0259 Az\u0259rbaycanda i\u015f\u00e7il\u0259rin h\u00fcquqlar\u0131n\u0131 m\u00fcdafi\u0259 etm\u0259k m\u0259qs\u0259di da\u015f\u0131y\u0131r.<\/p>\n\n\n\n<p>Afi\u0259ddin M\u0259mm\u0259dov i\u015f\u00e7il\u0259rin \u0259m\u0259k h\u00fcquqlar\u0131n\u0131n qorunmas\u0131 il\u0259 ba\u011fl\u0131 etiraz aksiyalar\u0131nda f\u0259al i\u015ftirak edib. O, f\u0259aliyy\u0259tin\u0259 g\u00f6r\u0259 bir ne\u00e7\u0259 d\u0259f\u0259 inzibati h\u0259bsl\u0259rl\u0259 \u00fczl\u0259\u015fib. \u0425\u0131rda xuliqanl\u0131q v\u0259 polisin qanuni t\u0259l\u0259bin\u0259 tabe olmamaqda&nbsp; ittiham olunub.<\/p>\n\n\n\n<p>2023-c\u00fc il sentyabr\u0131n 20-d\u0259 is\u0259 Afi\u0259ddin M\u0259mm\u0259dov cinay\u0259t i\u015fi il\u0259 h\u0259bs olunub v\u0259 ona qar\u015f\u0131 Cinay\u0259t M\u0259c\u0259ll\u0259sinin 126.2.4 (xuliqanl\u0131q niyy\u0259ti il\u0259 q\u0259sd\u0259n sa\u011flaml\u0131\u011fa a\u011f\u0131r z\u0259r\u0259r vurma), 221.3 (silahla xuliqanl\u0131q) v\u0259 228.4 (qanunsuz silah saxlama) madd\u0259l\u0259ri il\u0259 ittiham ir\u0259li s\u00fcr\u00fcl\u00fcb. Yanvar\u0131n 14-d\u0259 ona 8 il h\u0259bs c\u0259zas\u0131 verilib.<\/p>\n","protected":false},"excerpt":{"rendered":"<p>\u201c\u0130\u015f\u00e7i Masas\u0131\u201d H\u0259mkarlar \u0130ttifaqlar\u0131 Konfederasiyas\u0131n\u0131n s\u0259dri Afi\u0259ddin M\u0259mm\u0259dov 2 sayl\u0131 &#8230; <\/p>\n<p class=\"read-more-container\"><a title=\"&#8220;\u0130\u015f\u00e7i masas\u0131&#8221;n\u0131n s\u0259dri Afi\u0259ddin M\u0259mm\u0259dov saxlanma \u015f\u0259raitind\u0259n naraz\u0131d\u0131r\" class=\"read-more button\" href=\"https:\/\/www.meydan.tv\/az\/article\/isci-masasinin-s%c9%99dri-afi%c9%99ddin-m%c9%99mm%c9%99dov-saxlanma-s%c9%99raitind%c9%99n-narazidir\/#more-334357\" aria-label=\"Read more about &#8220;\u0130\u015f\u00e7i masas\u0131&#8221;n\u0131n s\u0259dri Afi\u0259ddin M\u0259mm\u0259dov saxlanma \u015f\u0259raitind\u0259n naraz\u0131d\u0131r\">Davam\u0131<\/a><\/p>\n","protected":false},"author":16,"featured_media":326075,"comment_status":"closed","ping_status":"closed","sticky":false,"template":"","format":"standard","meta":{"_acf_changed":false,"_sitemap_exclude":false,"_sitemap_priority":"","_sitemap_frequency":"","footnotes":""},"categories":[62,79,56],"tags":[],"class_list":["post-334357","post","type-post","status-publish","format-standard","has-post-thumbnail","hentry","category-sosial","category-featured","category-xeberler","infinite-scroll-item","generate-columns","tablet-grid-50","mobile-grid-100","grid-parent","grid-33","no-featured-image-padding"],"acf":[],"yoast_head":"<!-- This site is optimized with the Yoast SEO plugin v27.4 - https:\/\/yoast.com\/product\/yoast-seo-wordpress\/ -->\n<title>&quot;\u0130\u015f\u00e7i masas\u0131&quot;n\u0131n s\u0259dri Afi\u0259ddin M\u0259mm\u0259dov saxlanma \u015f\u0259raitind\u0259n naraz\u0131d\u0131r - MEYDAN.TV<\/title>\n<meta name=\"robots\" content=\"index, follow, max-snippet:-1, max-image-preview:large, max-video-preview:-1\" \/>\n<link rel=\"canonical\" href=\"https:\/\/www.meydan.tv\/az\/article\/isci-masasinin-s%c9%99dri-afi%c9%99ddin-m%c9%99mm%c9%99dov-saxlanma-s%c9%99raitind%c9%99n-narazidir\/\" \/>\n<meta property=\"og:locale\" content=\"az_AZ\" \/>\n<meta property=\"og:type\" content=\"article\" \/>\n<meta property=\"og:title\" content=\"&quot;\u0130\u015f\u00e7i masas\u0131&quot;n\u0131n s\u0259dri Afi\u0259ddin M\u0259mm\u0259dov saxlanma \u015f\u0259raitind\u0259n naraz\u0131d\u0131r - MEYDAN.TV\" \/>\n<meta property=\"og:description\" content=\"\u201c\u0130\u015f\u00e7i Masas\u0131\u201d H\u0259mkarlar \u0130ttifaqlar\u0131 Konfederasiyas\u0131n\u0131n s\u0259dri Afi\u0259ddin M\u0259mm\u0259dov 2 sayl\u0131 ... Davam\u0131\" \/>\n<meta property=\"og:url\" content=\"https:\/\/www.meydan.tv\/az\/article\/isci-masasinin-s%c9%99dri-afi%c9%99ddin-m%c9%99mm%c9%99dov-saxlanma-s%c9%99raitind%c9%99n-narazidir\/\" \/>\n<meta property=\"og:site_name\" content=\"MEYDAN.TV\" \/>\n<meta property=\"article:published_time\" content=\"2025-08-21T10:27:02+00:00\" \/>\n<meta property=\"article:modified_time\" content=\"2025-08-21T15:01:54+00:00\" \/>\n<meta property=\"og:image\" content=\"https:\/\/www.meydan.tv\/wp-content\/uploads\/4535.png\" \/>\n\t<meta property=\"og:image:width\" content=\"1179\" \/>\n\t<meta property=\"og:image:height\" content=\"576\" \/>\n\t<meta property=\"og:image:type\" content=\"image\/png\" \/>\n<meta name=\"author\" content=\"sevda\" \/>\n<meta name=\"twitter:card\" content=\"summary_large_image\" \/>\n<script type=\"application\/ld+json\" class=\"yoast-schema-graph\">{\"@context\":\"https:\\\/\\\/schema.org\",\"@graph\":[{\"@type\":\"Article\",\"@id\":\"https:\\\/\\\/www.meydan.tv\\\/az\\\/article\\\/isci-masasinin-s%c9%99dri-afi%c9%99ddin-m%c9%99mm%c9%99dov-saxlanma-s%c9%99raitind%c9%99n-narazidir\\\/#article\",\"isPartOf\":{\"@id\":\"https:\\\/\\\/www.meydan.tv\\\/az\\\/article\\\/isci-masasinin-s%c9%99dri-afi%c9%99ddin-m%c9%99mm%c9%99dov-saxlanma-s%c9%99raitind%c9%99n-narazidir\\\/\"},\"author\":{\"name\":\"sevda\",\"@id\":\"https:\\\/\\\/www.meydan.tv\\\/az\\\/#\\\/schema\\\/person\\\/49b5f2bad5b126bb8ea9320eeb3e4dc9\"},\"headline\":\"&#8220;\u0130\u015f\u00e7i masas\u0131&#8221;n\u0131n s\u0259dri Afi\u0259ddin M\u0259mm\u0259dov saxlanma \u015f\u0259raitind\u0259n naraz\u0131d\u0131r\",\"datePublished\":\"2025-08-21T10:27:02+00:00\",\"dateModified\":\"2025-08-21T15:01:54+00:00\",\"mainEntityOfPage\":{\"@id\":\"https:\\\/\\\/www.meydan.tv\\\/az\\\/article\\\/isci-masasinin-s%c9%99dri-afi%c9%99ddin-m%c9%99mm%c9%99dov-saxlanma-s%c9%99raitind%c9%99n-narazidir\\\/\"},\"wordCount\":519,\"publisher\":{\"@id\":\"https:\\\/\\\/www.meydan.tv\\\/az\\\/#organization\"},\"image\":{\"@id\":\"https:\\\/\\\/www.meydan.tv\\\/az\\\/article\\\/isci-masasinin-s%c9%99dri-afi%c9%99ddin-m%c9%99mm%c9%99dov-saxlanma-s%c9%99raitind%c9%99n-narazidir\\\/#primaryimage\"},\"thumbnailUrl\":\"https:\\\/\\\/www.meydan.tv\\\/wp-content\\\/uploads\\\/4535.png\",\"articleSection\":[\"Sosial\",\"T\u00f6vsiy\u0259\",\"X\u0259b\u0259rl\u0259r\"],\"inLanguage\":\"az\"},{\"@type\":\"WebPage\",\"@id\":\"https:\\\/\\\/www.meydan.tv\\\/az\\\/article\\\/isci-masasinin-s%c9%99dri-afi%c9%99ddin-m%c9%99mm%c9%99dov-saxlanma-s%c9%99raitind%c9%99n-narazidir\\\/\",\"url\":\"https:\\\/\\\/www.meydan.tv\\\/az\\\/article\\\/isci-masasinin-s%c9%99dri-afi%c9%99ddin-m%c9%99mm%c9%99dov-saxlanma-s%c9%99raitind%c9%99n-narazidir\\\/\",\"name\":\"\\\"\u0130\u015f\u00e7i masas\u0131\\\"n\u0131n s\u0259dri Afi\u0259ddin M\u0259mm\u0259dov saxlanma \u015f\u0259raitind\u0259n naraz\u0131d\u0131r - MEYDAN.TV\",\"isPartOf\":{\"@id\":\"https:\\\/\\\/www.meydan.tv\\\/az\\\/#website\"},\"primaryImageOfPage\":{\"@id\":\"https:\\\/\\\/www.meydan.tv\\\/az\\\/article\\\/isci-masasinin-s%c9%99dri-afi%c9%99ddin-m%c9%99mm%c9%99dov-saxlanma-s%c9%99raitind%c9%99n-narazidir\\\/#primaryimage\"},\"image\":{\"@id\":\"https:\\\/\\\/www.meydan.tv\\\/az\\\/article\\\/isci-masasinin-s%c9%99dri-afi%c9%99ddin-m%c9%99mm%c9%99dov-saxlanma-s%c9%99raitind%c9%99n-narazidir\\\/#primaryimage\"},\"thumbnailUrl\":\"https:\\\/\\\/www.meydan.tv\\\/wp-content\\\/uploads\\\/4535.png\",\"datePublished\":\"2025-08-21T10:27:02+00:00\",\"dateModified\":\"2025-08-21T15:01:54+00:00\",\"breadcrumb\":{\"@id\":\"https:\\\/\\\/www.meydan.tv\\\/az\\\/article\\\/isci-masasinin-s%c9%99dri-afi%c9%99ddin-m%c9%99mm%c9%99dov-saxlanma-s%c9%99raitind%c9%99n-narazidir\\\/#breadcrumb\"},\"inLanguage\":\"az\",\"potentialAction\":[{\"@type\":\"ReadAction\",\"target\":[\"https:\\\/\\\/www.meydan.tv\\\/az\\\/article\\\/isci-masasinin-s%c9%99dri-afi%c9%99ddin-m%c9%99mm%c9%99dov-saxlanma-s%c9%99raitind%c9%99n-narazidir\\\/\"]}]},{\"@type\":\"ImageObject\",\"inLanguage\":\"az\",\"@id\":\"https:\\\/\\\/www.meydan.tv\\\/az\\\/article\\\/isci-masasinin-s%c9%99dri-afi%c9%99ddin-m%c9%99mm%c9%99dov-saxlanma-s%c9%99raitind%c9%99n-narazidir\\\/#primaryimage\",\"url\":\"https:\\\/\\\/www.meydan.tv\\\/wp-content\\\/uploads\\\/4535.png\",\"contentUrl\":\"https:\\\/\\\/www.meydan.tv\\\/wp-content\\\/uploads\\\/4535.png\",\"width\":1179,\"height\":576,\"caption\":\"Afi\u0259ddin M\u0259mm\u0259dov. Foto: \u015e\u0259xsi Facebook s\u0259hif\u0259si\"},{\"@type\":\"BreadcrumbList\",\"@id\":\"https:\\\/\\\/www.meydan.tv\\\/az\\\/article\\\/isci-masasinin-s%c9%99dri-afi%c9%99ddin-m%c9%99mm%c9%99dov-saxlanma-s%c9%99raitind%c9%99n-narazidir\\\/#breadcrumb\",\"itemListElement\":[{\"@type\":\"ListItem\",\"position\":1,\"name\":\"Ana s\u0259hif\u0259\",\"item\":\"https:\\\/\\\/www.meydan.tv\\\/az\\\/\"},{\"@type\":\"ListItem\",\"position\":2,\"name\":\"X\u0259b\u0259rl\u0259r\",\"item\":\"https:\\\/\\\/www.meydan.tv\\\/az\\\/section\\\/xeberler\\\/\"},{\"@type\":\"ListItem\",\"position\":3,\"name\":\"&#8220;\u0130\u015f\u00e7i masas\u0131&#8221;n\u0131n s\u0259dri Afi\u0259ddin M\u0259mm\u0259dov saxlanma \u015f\u0259raitind\u0259n naraz\u0131d\u0131r\"}]},{\"@type\":\"WebSite\",\"@id\":\"https:\\\/\\\/www.meydan.tv\\\/az\\\/#website\",\"url\":\"https:\\\/\\\/www.meydan.tv\\\/az\\\/\",\"name\":\"MEYDAN.TV\",\"description\":\"Meydan TV Az\u0259rbaycan\u0131n media m\u0259kan\u0131ndak\u0131 alternativ s\u0259sidir\",\"publisher\":{\"@id\":\"https:\\\/\\\/www.meydan.tv\\\/az\\\/#organization\"},\"potentialAction\":[{\"@type\":\"SearchAction\",\"target\":{\"@type\":\"EntryPoint\",\"urlTemplate\":\"https:\\\/\\\/www.meydan.tv\\\/az\\\/?s={search_term_string}\"},\"query-input\":{\"@type\":\"PropertyValueSpecification\",\"valueRequired\":true,\"valueName\":\"search_term_string\"}}],\"inLanguage\":\"az\"},{\"@type\":\"Organization\",\"@id\":\"https:\\\/\\\/www.meydan.tv\\\/az\\\/#organization\",\"name\":\"Meydan TV\",\"url\":\"https:\\\/\\\/www.meydan.tv\\\/az\\\/\",\"logo\":{\"@type\":\"ImageObject\",\"inLanguage\":\"az\",\"@id\":\"https:\\\/\\\/www.meydan.tv\\\/az\\\/#\\\/schema\\\/logo\\\/image\\\/\",\"url\":\"https:\\\/\\\/www.meydan.tv\\\/wp-content\\\/uploads\\\/2021\\\/07\\\/meydan-logo.svg\",\"contentUrl\":\"https:\\\/\\\/www.meydan.tv\\\/wp-content\\\/uploads\\\/2021\\\/07\\\/meydan-logo.svg\",\"width\":195,\"height\":46,\"caption\":\"Meydan TV\"},\"image\":{\"@id\":\"https:\\\/\\\/www.meydan.tv\\\/az\\\/#\\\/schema\\\/logo\\\/image\\\/\"}},{\"@type\":\"Person\",\"@id\":\"https:\\\/\\\/www.meydan.tv\\\/az\\\/#\\\/schema\\\/person\\\/49b5f2bad5b126bb8ea9320eeb3e4dc9\",\"name\":\"sevda\"}]}<\/script>\n<!-- \/ Yoast SEO plugin. -->","yoast_head_json":{"title":"\"\u0130\u015f\u00e7i masas\u0131\"n\u0131n s\u0259dri Afi\u0259ddin M\u0259mm\u0259dov saxlanma \u015f\u0259raitind\u0259n naraz\u0131d\u0131r - MEYDAN.TV","robots":{"index":"index","follow":"follow","max-snippet":"max-snippet:-1","max-image-preview":"max-image-preview:large","max-video-preview":"max-video-preview:-1"},"canonical":"https:\/\/www.meydan.tv\/az\/article\/isci-masasinin-s%c9%99dri-afi%c9%99ddin-m%c9%99mm%c9%99dov-saxlanma-s%c9%99raitind%c9%99n-narazidir\/","og_locale":"az_AZ","og_type":"article","og_title":"\"\u0130\u015f\u00e7i masas\u0131\"n\u0131n s\u0259dri Afi\u0259ddin M\u0259mm\u0259dov saxlanma \u015f\u0259raitind\u0259n naraz\u0131d\u0131r - MEYDAN.TV","og_description":"\u201c\u0130\u015f\u00e7i Masas\u0131\u201d H\u0259mkarlar \u0130ttifaqlar\u0131 Konfederasiyas\u0131n\u0131n s\u0259dri Afi\u0259ddin M\u0259mm\u0259dov 2 sayl\u0131 ... Davam\u0131","og_url":"https:\/\/www.meydan.tv\/az\/article\/isci-masasinin-s%c9%99dri-afi%c9%99ddin-m%c9%99mm%c9%99dov-saxlanma-s%c9%99raitind%c9%99n-narazidir\/","og_site_name":"MEYDAN.TV","article_published_time":"2025-08-21T10:27:02+00:00","article_modified_time":"2025-08-21T15:01:54+00:00","og_image":[{"width":1179,"height":576,"url":"https:\/\/www.meydan.tv\/wp-content\/uploads\/4535.png","type":"image\/png"}],"author":"sevda","twitter_card":"summary_large_image","schema":{"@context":"https:\/\/schema.org","@graph":[{"@type":"Article","@id":"https:\/\/www.meydan.tv\/az\/article\/isci-masasinin-s%c9%99dri-afi%c9%99ddin-m%c9%99mm%c9%99dov-saxlanma-s%c9%99raitind%c9%99n-narazidir\/#article","isPartOf":{"@id":"https:\/\/www.meydan.tv\/az\/article\/isci-masasinin-s%c9%99dri-afi%c9%99ddin-m%c9%99mm%c9%99dov-saxlanma-s%c9%99raitind%c9%99n-narazidir\/"},"author":{"name":"sevda","@id":"https:\/\/www.meydan.tv\/az\/#\/schema\/person\/49b5f2bad5b126bb8ea9320eeb3e4dc9"},"headline":"&#8220;\u0130\u015f\u00e7i masas\u0131&#8221;n\u0131n s\u0259dri Afi\u0259ddin M\u0259mm\u0259dov saxlanma \u015f\u0259raitind\u0259n naraz\u0131d\u0131r","datePublished":"2025-08-21T10:27:02+00:00","dateModified":"2025-08-21T15:01:54+00:00","mainEntityOfPage":{"@id":"https:\/\/www.meydan.tv\/az\/article\/isci-masasinin-s%c9%99dri-afi%c9%99ddin-m%c9%99mm%c9%99dov-saxlanma-s%c9%99raitind%c9%99n-narazidir\/"},"wordCount":519,"publisher":{"@id":"https:\/\/www.meydan.tv\/az\/#organization"},"image":{"@id":"https:\/\/www.meydan.tv\/az\/article\/isci-masasinin-s%c9%99dri-afi%c9%99ddin-m%c9%99mm%c9%99dov-saxlanma-s%c9%99raitind%c9%99n-narazidir\/#primaryimage"},"thumbnailUrl":"https:\/\/www.meydan.tv\/wp-content\/uploads\/4535.png","articleSection":["Sosial","T\u00f6vsiy\u0259","X\u0259b\u0259rl\u0259r"],"inLanguage":"az"},{"@type":"WebPage","@id":"https:\/\/www.meydan.tv\/az\/article\/isci-masasinin-s%c9%99dri-afi%c9%99ddin-m%c9%99mm%c9%99dov-saxlanma-s%c9%99raitind%c9%99n-narazidir\/","url":"https:\/\/www.meydan.tv\/az\/article\/isci-masasinin-s%c9%99dri-afi%c9%99ddin-m%c9%99mm%c9%99dov-saxlanma-s%c9%99raitind%c9%99n-narazidir\/","name":"\"\u0130\u015f\u00e7i masas\u0131\"n\u0131n s\u0259dri Afi\u0259ddin M\u0259mm\u0259dov saxlanma \u015f\u0259raitind\u0259n naraz\u0131d\u0131r - MEYDAN.TV","isPartOf":{"@id":"https:\/\/www.meydan.tv\/az\/#website"},"primaryImageOfPage":{"@id":"https:\/\/www.meydan.tv\/az\/article\/isci-masasinin-s%c9%99dri-afi%c9%99ddin-m%c9%99mm%c9%99dov-saxlanma-s%c9%99raitind%c9%99n-narazidir\/#primaryimage"},"image":{"@id":"https:\/\/www.meydan.tv\/az\/article\/isci-masasinin-s%c9%99dri-afi%c9%99ddin-m%c9%99mm%c9%99dov-saxlanma-s%c9%99raitind%c9%99n-narazidir\/#primaryimage"},"thumbnailUrl":"https:\/\/www.meydan.tv\/wp-content\/uploads\/4535.png","datePublished":"2025-08-21T10:27:02+00:00","dateModified":"2025-08-21T15:01:54+00:00","breadcrumb":{"@id":"https:\/\/www.meydan.tv\/az\/article\/isci-masasinin-s%c9%99dri-afi%c9%99ddin-m%c9%99mm%c9%99dov-saxlanma-s%c9%99raitind%c9%99n-narazidir\/#breadcrumb"},"inLanguage":"az","potentialAction":[{"@type":"ReadAction","target":["https:\/\/www.meydan.tv\/az\/article\/isci-masasinin-s%c9%99dri-afi%c9%99ddin-m%c9%99mm%c9%99dov-saxlanma-s%c9%99raitind%c9%99n-narazidir\/"]}]},{"@type":"ImageObject","inLanguage":"az","@id":"https:\/\/www.meydan.tv\/az\/article\/isci-masasinin-s%c9%99dri-afi%c9%99ddin-m%c9%99mm%c9%99dov-saxlanma-s%c9%99raitind%c9%99n-narazidir\/#primaryimage","url":"https:\/\/www.meydan.tv\/wp-content\/uploads\/4535.png","contentUrl":"https:\/\/www.meydan.tv\/wp-content\/uploads\/4535.png","width":1179,"height":576,"caption":"Afi\u0259ddin M\u0259mm\u0259dov. Foto: \u015e\u0259xsi Facebook s\u0259hif\u0259si"},{"@type":"BreadcrumbList","@id":"https:\/\/www.meydan.tv\/az\/article\/isci-masasinin-s%c9%99dri-afi%c9%99ddin-m%c9%99mm%c9%99dov-saxlanma-s%c9%99raitind%c9%99n-narazidir\/#breadcrumb","itemListElement":[{"@type":"ListItem","position":1,"name":"Ana s\u0259hif\u0259","item":"https:\/\/www.meydan.tv\/az\/"},{"@type":"ListItem","position":2,"name":"X\u0259b\u0259rl\u0259r","item":"https:\/\/www.meydan.tv\/az\/section\/xeberler\/"},{"@type":"ListItem","position":3,"name":"&#8220;\u0130\u015f\u00e7i masas\u0131&#8221;n\u0131n s\u0259dri Afi\u0259ddin M\u0259mm\u0259dov saxlanma \u015f\u0259raitind\u0259n naraz\u0131d\u0131r"}]},{"@type":"WebSite","@id":"https:\/\/www.meydan.tv\/az\/#website","url":"https:\/\/www.meydan.tv\/az\/","name":"MEYDAN.TV","description":"Meydan TV Az\u0259rbaycan\u0131n media m\u0259kan\u0131ndak\u0131 alternativ s\u0259sidir","publisher":{"@id":"https:\/\/www.meydan.tv\/az\/#organization"},"potentialAction":[{"@type":"SearchAction","target":{"@type":"EntryPoint","urlTemplate":"https:\/\/www.meydan.tv\/az\/?s={search_term_string}"},"query-input":{"@type":"PropertyValueSpecification","valueRequired":true,"valueName":"search_term_string"}}],"inLanguage":"az"},{"@type":"Organization","@id":"https:\/\/www.meydan.tv\/az\/#organization","name":"Meydan TV","url":"https:\/\/www.meydan.tv\/az\/","logo":{"@type":"ImageObject","inLanguage":"az","@id":"https:\/\/www.meydan.tv\/az\/#\/schema\/logo\/image\/","url":"https:\/\/www.meydan.tv\/wp-content\/uploads\/2021\/07\/meydan-logo.svg","contentUrl":"https:\/\/www.meydan.tv\/wp-content\/uploads\/2021\/07\/meydan-logo.svg","width":195,"height":46,"caption":"Meydan TV"},"image":{"@id":"https:\/\/www.meydan.tv\/az\/#\/schema\/logo\/image\/"}},{"@type":"Person","@id":"https:\/\/www.meydan.tv\/az\/#\/schema\/person\/49b5f2bad5b126bb8ea9320eeb3e4dc9","name":"sevda"}]}},"_links":{"self":[{"href":"https:\/\/www.meydan.tv\/az\/wp-json\/wp\/v2\/posts\/334357","targetHints":{"allow":["GET"]}}],"collection":[{"href":"https:\/\/www.meydan.tv\/az\/wp-json\/wp\/v2\/posts"}],"about":[{"href":"https:\/\/www.meydan.tv\/az\/wp-json\/wp\/v2\/types\/post"}],"author":[{"embeddable":true,"href":"https:\/\/www.meydan.tv\/az\/wp-json\/wp\/v2\/users\/16"}],"replies":[{"embeddable":true,"href":"https:\/\/www.meydan.tv\/az\/wp-json\/wp\/v2\/comments?post=334357"}],"version-history":[{"count":4,"href":"https:\/\/www.meydan.tv\/az\/wp-json\/wp\/v2\/posts\/334357\/revisions"}],"predecessor-version":[{"id":334385,"href":"https:\/\/www.meydan.tv\/az\/wp-json\/wp\/v2\/posts\/334357\/revisions\/334385"}],"wp:featuredmedia":[{"embeddable":true,"href":"https:\/\/www.meydan.tv\/az\/wp-json\/wp\/v2\/media\/326075"}],"wp:attachment":[{"href":"https:\/\/www.meydan.tv\/az\/wp-json\/wp\/v2\/media?parent=334357"}],"wp:term":[{"taxonomy":"category","embeddable":true,"href":"https:\/\/www.meydan.tv\/az\/wp-json\/wp\/v2\/categories?post=334357"},{"taxonomy":"post_tag","embeddable":true,"href":"https:\/\/www.meydan.tv\/az\/wp-json\/wp\/v2\/tags?post=334357"}],"curies":[{"name":"wp","href":"https:\/\/api.w.org\/{rel}","templated":true}]}}