{"id":334355,"date":"2025-08-21T13:15:08","date_gmt":"2025-08-21T09:15:08","guid":{"rendered":"https:\/\/www.meydan.tv\/?p=334355"},"modified":"2025-08-21T13:15:10","modified_gmt":"2025-08-21T09:15:10","slug":"aktyor-elmin-b%c9%99d%c9%99lov-m%c9%99nim-ucun-ideya-on%c9%99mlidir","status":"publish","type":"post","link":"https:\/\/www.meydan.tv\/az\/article\/aktyor-elmin-b%c9%99d%c9%99lov-m%c9%99nim-ucun-ideya-on%c9%99mlidir\/","title":{"rendered":"Aktyor Elmin B\u0259d\u0259lov: &#8220;M\u0259nim \u00fc\u00e7\u00fcn ideya \u00f6n\u0259mlidir&#8221;"},"content":{"rendered":"\n<figure class=\"wp-block-embed is-type-video is-provider-youtube wp-block-embed-youtube wp-embed-aspect-16-9 wp-has-aspect-ratio\"><div class=\"wp-block-embed__wrapper\">\n<iframe loading=\"lazy\" title=\"Aktyor Elmin B\u0259d\u0259lov: &quot;\u0130deya m\u0259nim \u00fc\u00e7\u00fcn \u00f6n\u0259mlidir&quot;\" width=\"1200\" height=\"675\" src=\"https:\/\/www.youtube.com\/embed\/x3qS6v0F-vY?feature=oembed\" frameborder=\"0\" allow=\"accelerometer; autoplay; clipboard-write; encrypted-media; gyroscope; picture-in-picture; web-share\" referrerpolicy=\"strict-origin-when-cross-origin\" allowfullscreen><\/iframe>\n<\/div><\/figure>\n\n\n\n<!--more-->\n\n\n\n<p class=\"wp-block-paragraph\">Aktyor Elmin B\u0259d\u0259lov Almaniyan\u0131n Berlin \u015f\u0259h\u0259rind\u0259 performans g\u00f6st\u0259rib. O, Bak\u0131 il\u0259 Berlind\u0259 g\u00f6st\u0259rdiyi performanslar\u0131 m\u00fcqayis\u0259 edir.<\/p>\n","protected":false},"excerpt":{"rendered":"","protected":false},"author":16,"featured_media":119627,"comment_status":"closed","ping_status":"closed","sticky":false,"template":"","format":"standard","meta":{"_acf_changed":false,"_sitemap_exclude":false,"_sitemap_priority":"","_sitemap_frequency":"","footnotes":""},"categories":[63,56],"tags":[],"class_list":["post-334355","post","type-post","status-publish","format-standard","has-post-thumbnail","hentry","category-video-2","category-xeberler","infinite-scroll-item","generate-columns","tablet-grid-50","mobile-grid-100","grid-parent","grid-33","no-featured-image-padding"],"acf":[],"yoast_head":"<!-- This site is optimized with the Yoast SEO plugin v28.4 - https:\/\/yoast.com\/product\/yoast-seo-wordpress\/ -->\n<title>Aktyor Elmin B\u0259d\u0259lov: &quot;M\u0259nim \u00fc\u00e7\u00fcn ideya \u00f6n\u0259mlidir&quot; - MEYDAN.TV<\/title>\n<meta name=\"robots\" content=\"index, follow, max-snippet:-1, max-image-preview:large, max-video-preview:-1\" \/>\n<link rel=\"canonical\" href=\"https:\/\/www.meydan.tv\/az\/article\/aktyor-elmin-b%c9%99d%c9%99lov-m%c9%99nim-ucun-ideya-on%c9%99mlidir\/\" \/>\n<meta property=\"og:locale\" content=\"az_AZ\" \/>\n<meta property=\"og:type\" content=\"article\" \/>\n<meta property=\"og:title\" content=\"Aktyor Elmin B\u0259d\u0259lov: &quot;M\u0259nim \u00fc\u00e7\u00fcn ideya \u00f6n\u0259mlidir&quot; - MEYDAN.TV\" \/>\n<meta property=\"og:url\" content=\"https:\/\/www.meydan.tv\/az\/article\/aktyor-elmin-b%c9%99d%c9%99lov-m%c9%99nim-ucun-ideya-on%c9%99mlidir\/\" \/>\n<meta property=\"og:site_name\" content=\"MEYDAN.TV\" \/>\n<meta property=\"article:published_time\" content=\"2025-08-21T09:15:08+00:00\" \/>\n<meta property=\"article:modified_time\" content=\"2025-08-21T09:15:10+00:00\" \/>\n<meta property=\"og:image\" content=\"https:\/\/www.meydan.tv\/wp-content\/uploads\/51190432_10210545641956175_9108823626982883328_o.jpg\" \/>\n\t<meta property=\"og:image:width\" content=\"2048\" \/>\n\t<meta property=\"og:image:height\" content=\"1365\" \/>\n\t<meta property=\"og:image:type\" content=\"image\/jpeg\" \/>\n<meta name=\"twitter:card\" content=\"summary_large_image\" \/>\n<!-- \/ Yoast SEO plugin. -->","yoast_head_json":{"title":"Aktyor Elmin B\u0259d\u0259lov: \"M\u0259nim \u00fc\u00e7\u00fcn ideya \u00f6n\u0259mlidir\" - MEYDAN.TV","robots":{"index":"index","follow":"follow","max-snippet":"max-snippet:-1","max-image-preview":"max-image-preview:large","max-video-preview":"max-video-preview:-1"},"canonical":"https:\/\/www.meydan.tv\/az\/article\/aktyor-elmin-b%c9%99d%c9%99lov-m%c9%99nim-ucun-ideya-on%c9%99mlidir\/","og_locale":"az_AZ","og_type":"article","og_title":"Aktyor Elmin B\u0259d\u0259lov: \"M\u0259nim \u00fc\u00e7\u00fcn ideya \u00f6n\u0259mlidir\" - MEYDAN.TV","og_url":"https:\/\/www.meydan.tv\/az\/article\/aktyor-elmin-b%c9%99d%c9%99lov-m%c9%99nim-ucun-ideya-on%c9%99mlidir\/","og_site_name":"MEYDAN.TV","article_published_time":"2025-08-21T09:15:08+00:00","article_modified_time":"2025-08-21T09:15:10+00:00","og_image":[{"width":2048,"height":1365,"url":"https:\/\/www.meydan.tv\/wp-content\/uploads\/51190432_10210545641956175_9108823626982883328_o.jpg","type":"image\/jpeg"}],"twitter_card":"summary_large_image","schema":{"@context":"https:\/\/schema.org","@graph":[{"@type":"Article","@id":"https:\/\/www.meydan.tv\/az\/article\/aktyor-elmin-b%c9%99d%c9%99lov-m%c9%99nim-ucun-ideya-on%c9%99mlidir\/#article","isPartOf":{"@id":"https:\/\/www.meydan.tv\/az\/article\/aktyor-elmin-b%c9%99d%c9%99lov-m%c9%99nim-ucun-ideya-on%c9%99mlidir\/"},"author":{"name":"sevda","@id":"https:\/\/www.meydan.tv\/az\/#\/schema\/person\/49b5f2bad5b126bb8ea9320eeb3e4dc9"},"headline":"Aktyor Elmin B\u0259d\u0259lov: &#8220;M\u0259nim \u00fc\u00e7\u00fcn ideya \u00f6n\u0259mlidir&#8221;","datePublished":"2025-08-21T09:15:08+00:00","dateModified":"2025-08-21T09:15:10+00:00","mainEntityOfPage":{"@id":"https:\/\/www.meydan.tv\/az\/article\/aktyor-elmin-b%c9%99d%c9%99lov-m%c9%99nim-ucun-ideya-on%c9%99mlidir\/"},"wordCount":43,"publisher":{"@id":"https:\/\/www.meydan.tv\/az\/#organization"},"image":{"@id":"https:\/\/www.meydan.tv\/az\/article\/aktyor-elmin-b%c9%99d%c9%99lov-m%c9%99nim-ucun-ideya-on%c9%99mlidir\/#primaryimage"},"thumbnailUrl":"https:\/\/www.meydan.tv\/wp-content\/uploads\/51190432_10210545641956175_9108823626982883328_o.jpg","articleSection":["Video","X\u0259b\u0259rl\u0259r"],"inLanguage":"az"},{"@type":"WebPage","@id":"https:\/\/www.meydan.tv\/az\/article\/aktyor-elmin-b%c9%99d%c9%99lov-m%c9%99nim-ucun-ideya-on%c9%99mlidir\/","url":"https:\/\/www.meydan.tv\/az\/article\/aktyor-elmin-b%c9%99d%c9%99lov-m%c9%99nim-ucun-ideya-on%c9%99mlidir\/","name":"Aktyor Elmin B\u0259d\u0259lov: \"M\u0259nim \u00fc\u00e7\u00fcn ideya \u00f6n\u0259mlidir\" - MEYDAN.TV","isPartOf":{"@id":"https:\/\/www.meydan.tv\/az\/#website"},"primaryImageOfPage":{"@id":"https:\/\/www.meydan.tv\/az\/article\/aktyor-elmin-b%c9%99d%c9%99lov-m%c9%99nim-ucun-ideya-on%c9%99mlidir\/#primaryimage"},"image":{"@id":"https:\/\/www.meydan.tv\/az\/article\/aktyor-elmin-b%c9%99d%c9%99lov-m%c9%99nim-ucun-ideya-on%c9%99mlidir\/#primaryimage"},"thumbnailUrl":"https:\/\/www.meydan.tv\/wp-content\/uploads\/51190432_10210545641956175_9108823626982883328_o.jpg","datePublished":"2025-08-21T09:15:08+00:00","dateModified":"2025-08-21T09:15:10+00:00","breadcrumb":{"@id":"https:\/\/www.meydan.tv\/az\/article\/aktyor-elmin-b%c9%99d%c9%99lov-m%c9%99nim-ucun-ideya-on%c9%99mlidir\/#breadcrumb"},"inLanguage":"az","potentialAction":[{"@type":"ReadAction","target":["https:\/\/www.meydan.tv\/az\/article\/aktyor-elmin-b%c9%99d%c9%99lov-m%c9%99nim-ucun-ideya-on%c9%99mlidir\/"]}]},{"@type":"ImageObject","inLanguage":"az","@id":"https:\/\/www.meydan.tv\/az\/article\/aktyor-elmin-b%c9%99d%c9%99lov-m%c9%99nim-ucun-ideya-on%c9%99mlidir\/#primaryimage","url":"https:\/\/www.meydan.tv\/wp-content\/uploads\/51190432_10210545641956175_9108823626982883328_o.jpg","contentUrl":"https:\/\/www.meydan.tv\/wp-content\/uploads\/51190432_10210545641956175_9108823626982883328_o.jpg","width":2048,"height":1365,"caption":"Foto: Meydan TV"},{"@type":"BreadcrumbList","@id":"https:\/\/www.meydan.tv\/az\/article\/aktyor-elmin-b%c9%99d%c9%99lov-m%c9%99nim-ucun-ideya-on%c9%99mlidir\/#breadcrumb","itemListElement":[{"@type":"ListItem","position":1,"name":"Ana s\u0259hif\u0259","item":"https:\/\/www.meydan.tv\/az\/"},{"@type":"ListItem","position":2,"name":"Video","item":"https:\/\/www.meydan.tv\/az\/section\/video-2\/"},{"@type":"ListItem","position":3,"name":"Aktyor Elmin B\u0259d\u0259lov: &#8220;M\u0259nim \u00fc\u00e7\u00fcn ideya \u00f6n\u0259mlidir&#8221;"}]},{"@type":"WebSite","@id":"https:\/\/www.meydan.tv\/az\/#website","url":"https:\/\/www.meydan.tv\/az\/","name":"MEYDAN.TV","description":"Meydan TV Az\u0259rbaycan\u0131n media m\u0259kan\u0131ndak\u0131 alternativ s\u0259sidir","publisher":{"@id":"https:\/\/www.meydan.tv\/az\/#organization"},"potentialAction":[{"@type":"SearchAction","target":{"@type":"EntryPoint","urlTemplate":"https:\/\/www.meydan.tv\/az\/?s={search_term_string}"},"query-input":{"@type":"PropertyValueSpecification","valueRequired":true,"valueName":"search_term_string"}}],"inLanguage":"az"},{"@type":"Organization","@id":"https:\/\/www.meydan.tv\/az\/#organization","name":"Meydan TV","url":"https:\/\/www.meydan.tv\/az\/","logo":{"@type":"ImageObject","inLanguage":"az","@id":"https:\/\/www.meydan.tv\/az\/#\/schema\/logo\/image\/","url":"https:\/\/www.meydan.tv\/wp-content\/uploads\/2021\/07\/meydan-logo.svg","contentUrl":"https:\/\/www.meydan.tv\/wp-content\/uploads\/2021\/07\/meydan-logo.svg","width":195,"height":46,"caption":"Meydan TV"},"image":{"@id":"https:\/\/www.meydan.tv\/az\/#\/schema\/logo\/image\/"}},{"@type":"Person","@id":"https:\/\/www.meydan.tv\/az\/#\/schema\/person\/49b5f2bad5b126bb8ea9320eeb3e4dc9","name":"sevda"}]}},"_links":{"self":[{"href":"https:\/\/www.meydan.tv\/az\/wp-json\/wp\/v2\/posts\/334355","targetHints":{"allow":["GET"]}}],"collection":[{"href":"https:\/\/www.meydan.tv\/az\/wp-json\/wp\/v2\/posts"}],"about":[{"href":"https:\/\/www.meydan.tv\/az\/wp-json\/wp\/v2\/types\/post"}],"author":[{"embeddable":true,"href":"https:\/\/www.meydan.tv\/az\/wp-json\/wp\/v2\/users\/16"}],"replies":[{"embeddable":true,"href":"https:\/\/www.meydan.tv\/az\/wp-json\/wp\/v2\/comments?post=334355"}],"version-history":[{"count":1,"href":"https:\/\/www.meydan.tv\/az\/wp-json\/wp\/v2\/posts\/334355\/revisions"}],"predecessor-version":[{"id":334356,"href":"https:\/\/www.meydan.tv\/az\/wp-json\/wp\/v2\/posts\/334355\/revisions\/334356"}],"wp:featuredmedia":[{"embeddable":true,"href":"https:\/\/www.meydan.tv\/az\/wp-json\/wp\/v2\/media\/119627"}],"wp:attachment":[{"href":"https:\/\/www.meydan.tv\/az\/wp-json\/wp\/v2\/media?parent=334355"}],"wp:term":[{"taxonomy":"category","embeddable":true,"href":"https:\/\/www.meydan.tv\/az\/wp-json\/wp\/v2\/categories?post=334355"},{"taxonomy":"post_tag","embeddable":true,"href":"https:\/\/www.meydan.tv\/az\/wp-json\/wp\/v2\/tags?post=334355"}],"curies":[{"name":"wp","href":"https:\/\/api.w.org\/{rel}","templated":true}]}}