{"id":334331,"date":"2025-08-20T16:00:51","date_gmt":"2025-08-20T12:00:51","guid":{"rendered":"https:\/\/www.meydan.tv\/?p=334331"},"modified":"2025-08-20T16:00:54","modified_gmt":"2025-08-20T12:00:54","slug":"bakinin-m%c9%99rk%c9%99zind%c9%99-etiraz-bu-q%c9%99d%c9%99r-insani-s%c9%99xsi-maraqlar-namin%c9%99-gunl%c9%99rl%c9%99-qazsiz-saxlamaq-v%c9%99hsilikdir","status":"publish","type":"post","link":"https:\/\/www.meydan.tv\/az\/article\/bakinin-m%c9%99rk%c9%99zind%c9%99-etiraz-bu-q%c9%99d%c9%99r-insani-s%c9%99xsi-maraqlar-namin%c9%99-gunl%c9%99rl%c9%99-qazsiz-saxlamaq-v%c9%99hsilikdir\/","title":{"rendered":"Bak\u0131n\u0131n m\u0259rk\u0259zind\u0259 etiraz: \u201cBu q\u0259d\u0259r insan\u0131 \u015f\u0259xsi maraqlar namin\u0259 g\u00fcnl\u0259rl\u0259 qazs\u0131z saxlamaq v\u0259h\u015filikdir\u201d"},"content":{"rendered":"\n<p>Bak\u0131n\u0131n Az\u0259rbaycan prospekti, Mirz\u0259 F\u0259t\u0259li Axundzad\u0259, Nizami v\u0259 Mirz\u0259a\u011fa \u018fliyev k\u00fc\u00e7\u0259l\u0259rind\u0259 yerl\u0259\u015f\u0259n ya\u015fay\u0131\u015f sah\u0259l\u0259ri avqustun 19-da s\u0259h\u0259rd\u0259n ax\u015famad\u0259k qazs\u0131z qal\u0131b.<\/p>\n\n\n\n<p>\u018frazid\u0259 ya\u015fayan sakinl\u0259r Meydan TV-y\u0259 bildiribl\u0259r ki, qaz\u0131n verilm\u0259si Bak\u0131 \u015e\u0259h\u0259r \u0130cra Hakimiyy\u0259ti t\u0259r\u0259find\u0259n apar\u0131lan s\u00f6k\u00fcnt\u00fc i\u015fl\u0259ri il\u0259 \u0259laq\u0259dar dayand\u0131r\u0131l\u0131b.<\/p>\n\n\n\n<p>Onlar\u0131n s\u00f6zl\u0259rin\u0259 g\u00f6r\u0259, Bay\u0131r\u015f\u0259h\u0259rd\u0259 apar\u0131lan s\u00f6k\u00fcnt\u00fc i\u015fl\u0259ri s\u0259b\u0259bind\u0259n i\u015f\u0131q v\u0259 qaz tez-tez k\u0259silir v\u0259 b\u0259z\u0259n uzun m\u00fcdd\u0259t b\u0259rpa olunmur.<\/p>\n\n\n\n<p>Sakinl\u0259rd\u0259n biri Zahid\u0259 \u018fzizova Meydan TV-y\u0259 bildirib ki, v\u0259ziyy\u0259t avqustun 18-d\u0259n ba\u015flayaraq daha da pisl\u0259\u015fib:<\/p>\n\n\n\n<p><em>\u201c\u018frazid\u0259 s\u00f6k\u00fcnt\u00fc i\u015fl\u0259ri ba\u015flayandan b\u0259ri qaz v\u0259 i\u015f\u0131\u011f\u0131m\u0131z m\u00fct\u0259madi olaraq k\u0259silir v\u0259 saatlarla verilmir. Avqustun 18-d\u0259 b\u00fct\u00fcn g\u00fcn i\u015f\u0131\u011f\u0131m\u0131z olmad\u0131. D\u00fcn\u0259n (avqustun 19-da) s\u0259h\u0259r saat 10:30-da is\u0259 qaz\u0131 k\u0259sdil\u0259r. Ax\u015fam saat 6 idi, h\u0259l\u0259 d\u0259 qaz verilm\u0259mi\u015fdi. Camaat topla\u015fd\u0131, sah\u0259 m\u00fcv\u0259kkilinin m\u00fc\u015fayi\u0259ti il\u0259 haz\u0131rda s\u00f6k\u00fcnt\u00fc i\u015fl\u0259ri apar\u0131lan \u0259raziy\u0259 getdik. G\u00f6rd\u00fck ki, briqada art\u0131q orada yoxdur. \u00d6yr\u0259ndik ki, s\u00f6k\u00fcnt\u00fc zaman\u0131 qaz x\u0259tl\u0259ri z\u0259d\u0259l\u0259nib\u201d.<\/em><\/p>\n\n\n\n<p>Zahid\u0259 \u018fzizova deyir ki, \u201cAz\u0259riqaz\u201d\u0131n qaynar x\u0259ttin\u0259 z\u0259ng vurduqda onlara bildirilib ki, s\u0131zman\u0131n qar\u015f\u0131s\u0131n\u0131 almaq \u00fc\u00e7\u00fcn b\u0259rpa i\u015fl\u0259ri iki g\u00fcn davam ed\u0259c\u0259k v\u0259 bu m\u00fcdd\u0259t \u0259rzind\u0259 qaz olmayacaq.<\/p>\n\n\n\n<p>Lakin sakinl\u0259rin etiraz\u0131ndan v\u0259 sah\u0259 m\u00fcv\u0259kkilinin m\u00fcdaxil\u0259sind\u0259n sonra qaz\u0131n verilm\u0259si h\u0259min g\u00fcn ax\u015fam saatlar\u0131nda b\u0259rpa edilib.<\/p>\n\n\n\n<p><em>\u201cHalbuki biz\u0259 demi\u015fdil\u0259r ki, x\u0259tt iki g\u00fcn\u0259 b\u0259rpa olunacaq. Bunu bil\u0259r\u0259kd\u0259n edirl\u0259r. M\u0259qs\u0259d evl\u0259rimizi s\u00f6km\u0259kdir, biz is\u0259 dir\u0259nirik. \u018frazid\u0259 1740 m\u00fclkiyy\u0259t\u00e7i var, burada 7-8 min\u0259 yax\u0131n insan ya\u015fay\u0131r. X\u0259st\u0259si, qocas\u0131, u\u015fa\u011f\u0131 olan bu q\u0259d\u0259r insan\u0131 \u015f\u0259xsi maraqlar namin\u0259 g\u00fcnl\u0259rl\u0259 qazs\u0131z saxlamaq v\u0259h\u015filikdir\u201d.<\/em><\/p>\n\n\n\n<p>Zahid\u0259 \u018fzizova deyir ki, avqustun 20-d\u0259 d\u0259 briqada qaz\u0131n verili\u015fini yenid\u0259n dayand\u0131rma\u011fa c\u0259hd edib, lakin sakinl\u0259rin m\u00fcqavim\u0259ti il\u0259 qar\u015f\u0131la\u015f\u0131b:<\/p>\n\n\n\n<p><em>\u201cOnlar \u0259razid\u0259 daha iki g\u00fcn d\u0259 s\u00f6k\u00fcnt\u00fc i\u015fl\u0259ri aparmaq ist\u0259yirl\u0259r. Bu g\u00fcn bura buldozer yerid\u0259 bilm\u0259dil\u0259r. Biz buna imkan verm\u0259dik v\u0259 m\u00fcqavim\u0259t g\u00f6st\u0259rm\u0259y\u0259 davam ed\u0259c\u0259yik. S\u00f6k\u00fcnt\u00fc aparacaqlar dey\u0259 biz iki g\u00fcn qazs\u0131z qalmal\u0131y\u0131q?\u201d<\/em><\/p>\n\n\n\n<p>Sakin h\u0259m\u00e7inin bildirir ki, \u0259razid\u0259 s\u00f6k\u00fcnt\u00fc i\u015fl\u0259ri aparan aidiyy\u0259ti qurum t\u0259r\u0259find\u0259n onlara qar\u015f\u0131 t\u0259zyiql\u0259r var:<\/p>\n\n\n\n<p><em>\u201cBak\u0131 \u015e\u0259h\u0259r \u0130cra Hakimiyy\u0259tinin n\u0259zar\u0259t-t\u0259fti\u015f \u015f\u00f6b\u0259sinin r\u0259hb\u0259ri Z\u00fclf\u0259li \u0130smay\u0131lov insanlar\u0131n hissl\u0259ri il\u0259 oynay\u0131r. Biz\u0259 t\u0259zyiq g\u00f6st\u0259rirl\u0259r, deyirl\u0259r ki, evl\u0259rin kvadrat\u0131na 2700 manat veririk, almasan\u0131z, sonra onu da verm\u0259y\u0259c\u0259yik. Evl\u0259rin zirz\u0259mil\u0259rini, p\u0259nc\u0259r\u0259 i\u00e7l\u0259rini, h\u0259m\u00e7inin divari\u00e7i dolablar\u0131 \u00f6l\u00e7m\u00fcrl\u0259r. Camaat\u0131n evinin 100 faiz d\u0259y\u0259rind\u0259n 30 faizini verirl\u0259r, 70 faizini is\u0259 dolay\u0131s\u0131 il\u0259 m\u0259nims\u0259yirl\u0259r\u201d.<\/em><\/p>\n\n\n\n<p>Bak\u0131 \u015e\u0259h\u0259r \u0130cra Hakimiyy\u0259tind\u0259n Meydan TV-nin z\u0259ngl\u0259rin\u0259 cavab verilm\u0259yib.<\/p>\n\n\n\n<p>\u201cAz\u0259riqaz\u201d \u0130stehsalat Birliyinin qaynar x\u0259ttind\u0259n is\u0259 bildirdil\u0259r ki, h\u0259min \u0259razi \u00fczr\u0259 qaz\u0131n verilm\u0259si el\u0259 h\u0259min g\u00fcn, y\u0259ni avqustun 19-da b\u0259rpa edilib.<\/p>\n\n\n\n<p>Bak\u0131da tarixi bina v\u0259 m\u0259h\u0259ll\u0259l\u0259rin s\u00f6k\u00fclm\u0259sin\u0259 h\u0259l\u0259 2000-ci ill\u0259rin \u0259vv\u0259lind\u0259n ba\u015flan\u0131l\u0131b. \u201cSovetski m\u0259h\u0259ll\u0259si\u201dnin bir hiss\u0259si, Da\u011f\u00fcst\u00fc Park\u0131n \u0259traf\u0131, F\u00fczuli v\u0259 dig\u0259r m\u0259rk\u0259zi k\u00fc\u00e7\u0259l\u0259rd\u0259 yerl\u0259\u015f\u0259n \u00e7oxsayl\u0131 tarixi tikilil\u0259r v\u0259 m\u0259h\u0259ll\u0259l\u0259r l\u0259\u011fv edilib. S\u00f6k\u00fcnt\u00fcl\u0259r ad\u0259t\u0259n \u015f\u0259h\u0259rin \u201cm\u00fcasir inki\u015faf\u0131\u201d il\u0259 \u0259sasland\u0131r\u0131l\u0131b.<\/p>\n\n\n\n<p>M\u00fct\u0259x\u0259ssisl\u0259r is\u0259 hesab edirl\u0259r ki, bu proses h\u0259m memarl\u0131q irsin\u0259, h\u0259m d\u0259 formala\u015fm\u0131\u015f \u015f\u0259h\u0259r kimliyin\u0259 z\u0259r\u0259r vurur v\u0259 proses h\u0259l\u0259 d\u0259 <a href=\"https:\/\/www.meydan.tv\/az\/article\/tarixi-binalarinin-tarix%c9%99-qovusmasi-il%c9%99-uz-uz%c9%99-axi-bakinin-ruhu-bu-kicik-binalarda-yasayir\/\" target=\"_blank\" rel=\"noreferrer noopener nofollow\">davam edir<\/a>.<\/p>\n\n\n\n<p>R\u0259smi m\u0259lumatlara g\u00f6r\u0259, vaxtil\u0259 Bak\u0131da 1956 tarixi bina m\u00f6vcud olub. Lakin Nazirl\u0259r Kabineti t\u0259r\u0259find\u0259n m\u00fcxt\u0259lif d\u00f6vrl\u0259rd\u0259 bu abid\u0259l\u0259rin bir hiss\u0259si d\u00f6vl\u0259t qeydiyyat\u0131ndan \u00e7\u0131xar\u0131l\u0131b.<\/p>\n\n\n\n<p>N\u0259tic\u0259d\u0259, son ill\u0259rd\u0259 70-\u0259 yax\u0131n \u00e7ox\u0259srlik tarixi bina s\u00f6k\u00fcl\u00fcb, b\u0259zi m\u0259h\u0259ll\u0259l\u0259r is\u0259 l\u0259\u011fv olunub.<\/p>\n\n\n\n<p>2012-ci ild\u0259 \u201cTarix v\u0259 m\u0259d\u0259niyy\u0259t abid\u0259l\u0259rinin qorunmas\u0131 haqq\u0131nda\u201d qanunun 7-ci madd\u0259sin\u0259 edil\u0259n <a href=\"https:\/\/e-qanun.az\/framework\/3526\" target=\"_blank\" rel=\"noreferrer noopener nofollow\">d\u0259yi\u015fiklik<\/a> d\u0259 bu proses\u0259 daha da t\u0259kan verib.<\/p>\n\n\n\n<p>D\u0259yi\u015fiklikl\u0259r\u0259 \u0259sas\u0259n, h\u0259r hans\u0131 bir tarixi binan\u0131n d\u00f6vl\u0259t m\u00fchafiz\u0259si statusunun l\u0259\u011fvi \u00fc\u00e7\u00fcn M\u0259d\u0259niyy\u0259t Nazirliyi, D\u00f6vl\u0259t \u015e\u0259h\u0259rsalma v\u0259 Arxitektura Komit\u0259si, Az\u0259rbaycan Milli Elml\u0259r Akademiyas\u0131, m\u00fcvafiq rayon icra hakimiyy\u0259ti v\u0259 Nazirl\u0259r Kabinetinin raz\u0131l\u0131\u011f\u0131 t\u0259l\u0259b olunur.<\/p>\n\n\n\n<p>Memarlar\u0131n fikrinc\u0259, 2023-c\u00fc ild\u0259 t\u0259sdiql\u0259nmi\u015f Bak\u0131n\u0131n yeni Ba\u015f plan\u0131na \u0259sas\u0259n, tarixi \u0259h\u0259miyy\u0259t\u0259 malik m\u0259h\u0259ll\u0259 v\u0259 binalar qorunmal\u0131, onlar\u0131n s\u00f6k\u00fclm\u0259sin\u0259 yol verilm\u0259m\u0259lidir.<\/p>\n\n\n\n<p>Lakin b\u0259zi m\u0259murlar \u015f\u0259xsi maraqlar\u0131 namin\u0259 bu \u0259razil\u0259ri yeni plan\u0131n t\u0259l\u0259bl\u0259rin\u0259 m\u0259h\u0259l qoymadan d\u00f6vl\u0259t qeydiyyat\u0131ndan \u00e7\u0131xar\u0131r v\u0259 n\u0259tic\u0259d\u0259 h\u0259min tikilil\u0259r s\u00f6k\u00fcl\u00fcr.<\/p>\n\n\n\n<p>Memarlar is\u0259 bununla ba\u011fl\u0131 davaml\u0131 olaraq aidiyy\u0259ti qurumlara m\u0259ktublar \u00fcnvanlay\u0131b, bu s\u00f6k\u00fcnt\u00fcl\u0259rin dayand\u0131r\u0131lmas\u0131n\u0131 ist\u0259yirl\u0259r. Onlar deyirl\u0259r ki, m\u00fcraci\u0259tl\u0259ri h\u0259r d\u0259f\u0259 <a href=\"https:\/\/www.meydan.tv\/az\/article\/bakida-tarixi-abid%C9%99l%C9%99rin-sokuntusu-bu-rejimin-tarix%C9%99-horm%C9%99ti-yoxdur\/\" target=\"_blank\" rel=\"noreferrer noopener nofollow\">n\u0259tic\u0259siz qal\u0131r.<\/a><\/p>\n","protected":false},"excerpt":{"rendered":"<p>Bak\u0131n\u0131n Az\u0259rbaycan prospekti, Mirz\u0259 F\u0259t\u0259li Axundzad\u0259, Nizami v\u0259 Mirz\u0259a\u011fa \u018fliyev &#8230; <\/p>\n<p class=\"read-more-container\"><a title=\"Bak\u0131n\u0131n m\u0259rk\u0259zind\u0259 etiraz: \u201cBu q\u0259d\u0259r insan\u0131 \u015f\u0259xsi maraqlar namin\u0259 g\u00fcnl\u0259rl\u0259 qazs\u0131z saxlamaq v\u0259h\u015filikdir\u201d\" class=\"read-more button\" href=\"https:\/\/www.meydan.tv\/az\/article\/bakinin-m%c9%99rk%c9%99zind%c9%99-etiraz-bu-q%c9%99d%c9%99r-insani-s%c9%99xsi-maraqlar-namin%c9%99-gunl%c9%99rl%c9%99-qazsiz-saxlamaq-v%c9%99hsilikdir\/#more-334331\" aria-label=\"Read more about Bak\u0131n\u0131n m\u0259rk\u0259zind\u0259 etiraz: \u201cBu q\u0259d\u0259r insan\u0131 \u015f\u0259xsi maraqlar namin\u0259 g\u00fcnl\u0259rl\u0259 qazs\u0131z saxlamaq v\u0259h\u015filikdir\u201d\">Davam\u0131<\/a><\/p>\n","protected":false},"author":16,"featured_media":99821,"comment_status":"closed","ping_status":"closed","sticky":false,"template":"","format":"standard","meta":{"_acf_changed":false,"_sitemap_exclude":false,"_sitemap_priority":"","_sitemap_frequency":"","footnotes":""},"categories":[62,79,56],"tags":[],"class_list":["post-334331","post","type-post","status-publish","format-standard","has-post-thumbnail","hentry","category-sosial","category-featured","category-xeberler","infinite-scroll-item","generate-columns","tablet-grid-50","mobile-grid-100","grid-parent","grid-33","no-featured-image-padding"],"acf":[],"yoast_head":"<!-- This site is optimized with the Yoast SEO plugin v27.4 - https:\/\/yoast.com\/product\/yoast-seo-wordpress\/ -->\n<title>Bak\u0131n\u0131n m\u0259rk\u0259zind\u0259 etiraz: \u201cBu q\u0259d\u0259r insan\u0131 \u015f\u0259xsi maraqlar namin\u0259 g\u00fcnl\u0259rl\u0259 qazs\u0131z saxlamaq v\u0259h\u015filikdir\u201d - MEYDAN.TV<\/title>\n<meta name=\"robots\" content=\"index, follow, max-snippet:-1, max-image-preview:large, max-video-preview:-1\" \/>\n<link rel=\"canonical\" href=\"https:\/\/www.meydan.tv\/az\/article\/bakinin-m%c9%99rk%c9%99zind%c9%99-etiraz-bu-q%c9%99d%c9%99r-insani-s%c9%99xsi-maraqlar-namin%c9%99-gunl%c9%99rl%c9%99-qazsiz-saxlamaq-v%c9%99hsilikdir\/\" \/>\n<meta property=\"og:locale\" content=\"az_AZ\" \/>\n<meta property=\"og:type\" content=\"article\" \/>\n<meta property=\"og:title\" content=\"Bak\u0131n\u0131n m\u0259rk\u0259zind\u0259 etiraz: \u201cBu q\u0259d\u0259r insan\u0131 \u015f\u0259xsi maraqlar namin\u0259 g\u00fcnl\u0259rl\u0259 qazs\u0131z saxlamaq v\u0259h\u015filikdir\u201d - MEYDAN.TV\" \/>\n<meta property=\"og:description\" content=\"Bak\u0131n\u0131n Az\u0259rbaycan prospekti, Mirz\u0259 F\u0259t\u0259li Axundzad\u0259, Nizami v\u0259 Mirz\u0259a\u011fa \u018fliyev ... Davam\u0131\" \/>\n<meta property=\"og:url\" content=\"https:\/\/www.meydan.tv\/az\/article\/bakinin-m%c9%99rk%c9%99zind%c9%99-etiraz-bu-q%c9%99d%c9%99r-insani-s%c9%99xsi-maraqlar-namin%c9%99-gunl%c9%99rl%c9%99-qazsiz-saxlamaq-v%c9%99hsilikdir\/\" \/>\n<meta property=\"og:site_name\" content=\"MEYDAN.TV\" \/>\n<meta property=\"article:published_time\" content=\"2025-08-20T12:00:51+00:00\" \/>\n<meta property=\"article:modified_time\" content=\"2025-08-20T12:00:54+00:00\" \/>\n<meta property=\"og:image\" content=\"https:\/\/www.meydan.tv\/wp-content\/uploads\/39477.jpg\" \/>\n\t<meta property=\"og:image:width\" content=\"800\" \/>\n\t<meta property=\"og:image:height\" content=\"450\" \/>\n\t<meta property=\"og:image:type\" content=\"image\/jpeg\" \/>\n<meta name=\"author\" content=\"sevda\" \/>\n<meta name=\"twitter:card\" content=\"summary_large_image\" \/>\n<script type=\"application\/ld+json\" class=\"yoast-schema-graph\">{\"@context\":\"https:\\\/\\\/schema.org\",\"@graph\":[{\"@type\":\"Article\",\"@id\":\"https:\\\/\\\/www.meydan.tv\\\/az\\\/article\\\/bakinin-m%c9%99rk%c9%99zind%c9%99-etiraz-bu-q%c9%99d%c9%99r-insani-s%c9%99xsi-maraqlar-namin%c9%99-gunl%c9%99rl%c9%99-qazsiz-saxlamaq-v%c9%99hsilikdir\\\/#article\",\"isPartOf\":{\"@id\":\"https:\\\/\\\/www.meydan.tv\\\/az\\\/article\\\/bakinin-m%c9%99rk%c9%99zind%c9%99-etiraz-bu-q%c9%99d%c9%99r-insani-s%c9%99xsi-maraqlar-namin%c9%99-gunl%c9%99rl%c9%99-qazsiz-saxlamaq-v%c9%99hsilikdir\\\/\"},\"author\":{\"name\":\"sevda\",\"@id\":\"https:\\\/\\\/www.meydan.tv\\\/az\\\/#\\\/schema\\\/person\\\/49b5f2bad5b126bb8ea9320eeb3e4dc9\"},\"headline\":\"Bak\u0131n\u0131n m\u0259rk\u0259zind\u0259 etiraz: \u201cBu q\u0259d\u0259r insan\u0131 \u015f\u0259xsi maraqlar namin\u0259 g\u00fcnl\u0259rl\u0259 qazs\u0131z saxlamaq v\u0259h\u015filikdir\u201d\",\"datePublished\":\"2025-08-20T12:00:51+00:00\",\"dateModified\":\"2025-08-20T12:00:54+00:00\",\"mainEntityOfPage\":{\"@id\":\"https:\\\/\\\/www.meydan.tv\\\/az\\\/article\\\/bakinin-m%c9%99rk%c9%99zind%c9%99-etiraz-bu-q%c9%99d%c9%99r-insani-s%c9%99xsi-maraqlar-namin%c9%99-gunl%c9%99rl%c9%99-qazsiz-saxlamaq-v%c9%99hsilikdir\\\/\"},\"wordCount\":1080,\"publisher\":{\"@id\":\"https:\\\/\\\/www.meydan.tv\\\/az\\\/#organization\"},\"image\":{\"@id\":\"https:\\\/\\\/www.meydan.tv\\\/az\\\/article\\\/bakinin-m%c9%99rk%c9%99zind%c9%99-etiraz-bu-q%c9%99d%c9%99r-insani-s%c9%99xsi-maraqlar-namin%c9%99-gunl%c9%99rl%c9%99-qazsiz-saxlamaq-v%c9%99hsilikdir\\\/#primaryimage\"},\"thumbnailUrl\":\"https:\\\/\\\/www.meydan.tv\\\/wp-content\\\/uploads\\\/39477.jpg\",\"articleSection\":[\"Sosial\",\"T\u00f6vsiy\u0259\",\"X\u0259b\u0259rl\u0259r\"],\"inLanguage\":\"az\"},{\"@type\":\"WebPage\",\"@id\":\"https:\\\/\\\/www.meydan.tv\\\/az\\\/article\\\/bakinin-m%c9%99rk%c9%99zind%c9%99-etiraz-bu-q%c9%99d%c9%99r-insani-s%c9%99xsi-maraqlar-namin%c9%99-gunl%c9%99rl%c9%99-qazsiz-saxlamaq-v%c9%99hsilikdir\\\/\",\"url\":\"https:\\\/\\\/www.meydan.tv\\\/az\\\/article\\\/bakinin-m%c9%99rk%c9%99zind%c9%99-etiraz-bu-q%c9%99d%c9%99r-insani-s%c9%99xsi-maraqlar-namin%c9%99-gunl%c9%99rl%c9%99-qazsiz-saxlamaq-v%c9%99hsilikdir\\\/\",\"name\":\"Bak\u0131n\u0131n m\u0259rk\u0259zind\u0259 etiraz: \u201cBu q\u0259d\u0259r insan\u0131 \u015f\u0259xsi maraqlar namin\u0259 g\u00fcnl\u0259rl\u0259 qazs\u0131z saxlamaq v\u0259h\u015filikdir\u201d - MEYDAN.TV\",\"isPartOf\":{\"@id\":\"https:\\\/\\\/www.meydan.tv\\\/az\\\/#website\"},\"primaryImageOfPage\":{\"@id\":\"https:\\\/\\\/www.meydan.tv\\\/az\\\/article\\\/bakinin-m%c9%99rk%c9%99zind%c9%99-etiraz-bu-q%c9%99d%c9%99r-insani-s%c9%99xsi-maraqlar-namin%c9%99-gunl%c9%99rl%c9%99-qazsiz-saxlamaq-v%c9%99hsilikdir\\\/#primaryimage\"},\"image\":{\"@id\":\"https:\\\/\\\/www.meydan.tv\\\/az\\\/article\\\/bakinin-m%c9%99rk%c9%99zind%c9%99-etiraz-bu-q%c9%99d%c9%99r-insani-s%c9%99xsi-maraqlar-namin%c9%99-gunl%c9%99rl%c9%99-qazsiz-saxlamaq-v%c9%99hsilikdir\\\/#primaryimage\"},\"thumbnailUrl\":\"https:\\\/\\\/www.meydan.tv\\\/wp-content\\\/uploads\\\/39477.jpg\",\"datePublished\":\"2025-08-20T12:00:51+00:00\",\"dateModified\":\"2025-08-20T12:00:54+00:00\",\"breadcrumb\":{\"@id\":\"https:\\\/\\\/www.meydan.tv\\\/az\\\/article\\\/bakinin-m%c9%99rk%c9%99zind%c9%99-etiraz-bu-q%c9%99d%c9%99r-insani-s%c9%99xsi-maraqlar-namin%c9%99-gunl%c9%99rl%c9%99-qazsiz-saxlamaq-v%c9%99hsilikdir\\\/#breadcrumb\"},\"inLanguage\":\"az\",\"potentialAction\":[{\"@type\":\"ReadAction\",\"target\":[\"https:\\\/\\\/www.meydan.tv\\\/az\\\/article\\\/bakinin-m%c9%99rk%c9%99zind%c9%99-etiraz-bu-q%c9%99d%c9%99r-insani-s%c9%99xsi-maraqlar-namin%c9%99-gunl%c9%99rl%c9%99-qazsiz-saxlamaq-v%c9%99hsilikdir\\\/\"]}]},{\"@type\":\"ImageObject\",\"inLanguage\":\"az\",\"@id\":\"https:\\\/\\\/www.meydan.tv\\\/az\\\/article\\\/bakinin-m%c9%99rk%c9%99zind%c9%99-etiraz-bu-q%c9%99d%c9%99r-insani-s%c9%99xsi-maraqlar-namin%c9%99-gunl%c9%99rl%c9%99-qazsiz-saxlamaq-v%c9%99hsilikdir\\\/#primaryimage\",\"url\":\"https:\\\/\\\/www.meydan.tv\\\/wp-content\\\/uploads\\\/39477.jpg\",\"contentUrl\":\"https:\\\/\\\/www.meydan.tv\\\/wp-content\\\/uploads\\\/39477.jpg\",\"width\":800,\"height\":450,\"caption\":\"Foto: Turan \u0130A\"},{\"@type\":\"BreadcrumbList\",\"@id\":\"https:\\\/\\\/www.meydan.tv\\\/az\\\/article\\\/bakinin-m%c9%99rk%c9%99zind%c9%99-etiraz-bu-q%c9%99d%c9%99r-insani-s%c9%99xsi-maraqlar-namin%c9%99-gunl%c9%99rl%c9%99-qazsiz-saxlamaq-v%c9%99hsilikdir\\\/#breadcrumb\",\"itemListElement\":[{\"@type\":\"ListItem\",\"position\":1,\"name\":\"Ana s\u0259hif\u0259\",\"item\":\"https:\\\/\\\/www.meydan.tv\\\/az\\\/\"},{\"@type\":\"ListItem\",\"position\":2,\"name\":\"X\u0259b\u0259rl\u0259r\",\"item\":\"https:\\\/\\\/www.meydan.tv\\\/az\\\/section\\\/xeberler\\\/\"},{\"@type\":\"ListItem\",\"position\":3,\"name\":\"Bak\u0131n\u0131n m\u0259rk\u0259zind\u0259 etiraz: \u201cBu q\u0259d\u0259r insan\u0131 \u015f\u0259xsi maraqlar namin\u0259 g\u00fcnl\u0259rl\u0259 qazs\u0131z saxlamaq v\u0259h\u015filikdir\u201d\"}]},{\"@type\":\"WebSite\",\"@id\":\"https:\\\/\\\/www.meydan.tv\\\/az\\\/#website\",\"url\":\"https:\\\/\\\/www.meydan.tv\\\/az\\\/\",\"name\":\"MEYDAN.TV\",\"description\":\"Meydan TV Az\u0259rbaycan\u0131n media m\u0259kan\u0131ndak\u0131 alternativ s\u0259sidir\",\"publisher\":{\"@id\":\"https:\\\/\\\/www.meydan.tv\\\/az\\\/#organization\"},\"potentialAction\":[{\"@type\":\"SearchAction\",\"target\":{\"@type\":\"EntryPoint\",\"urlTemplate\":\"https:\\\/\\\/www.meydan.tv\\\/az\\\/?s={search_term_string}\"},\"query-input\":{\"@type\":\"PropertyValueSpecification\",\"valueRequired\":true,\"valueName\":\"search_term_string\"}}],\"inLanguage\":\"az\"},{\"@type\":\"Organization\",\"@id\":\"https:\\\/\\\/www.meydan.tv\\\/az\\\/#organization\",\"name\":\"Meydan TV\",\"url\":\"https:\\\/\\\/www.meydan.tv\\\/az\\\/\",\"logo\":{\"@type\":\"ImageObject\",\"inLanguage\":\"az\",\"@id\":\"https:\\\/\\\/www.meydan.tv\\\/az\\\/#\\\/schema\\\/logo\\\/image\\\/\",\"url\":\"https:\\\/\\\/www.meydan.tv\\\/wp-content\\\/uploads\\\/2021\\\/07\\\/meydan-logo.svg\",\"contentUrl\":\"https:\\\/\\\/www.meydan.tv\\\/wp-content\\\/uploads\\\/2021\\\/07\\\/meydan-logo.svg\",\"width\":195,\"height\":46,\"caption\":\"Meydan TV\"},\"image\":{\"@id\":\"https:\\\/\\\/www.meydan.tv\\\/az\\\/#\\\/schema\\\/logo\\\/image\\\/\"}},{\"@type\":\"Person\",\"@id\":\"https:\\\/\\\/www.meydan.tv\\\/az\\\/#\\\/schema\\\/person\\\/49b5f2bad5b126bb8ea9320eeb3e4dc9\",\"name\":\"sevda\"}]}<\/script>\n<!-- \/ Yoast SEO plugin. -->","yoast_head_json":{"title":"Bak\u0131n\u0131n m\u0259rk\u0259zind\u0259 etiraz: \u201cBu q\u0259d\u0259r insan\u0131 \u015f\u0259xsi maraqlar namin\u0259 g\u00fcnl\u0259rl\u0259 qazs\u0131z saxlamaq v\u0259h\u015filikdir\u201d - MEYDAN.TV","robots":{"index":"index","follow":"follow","max-snippet":"max-snippet:-1","max-image-preview":"max-image-preview:large","max-video-preview":"max-video-preview:-1"},"canonical":"https:\/\/www.meydan.tv\/az\/article\/bakinin-m%c9%99rk%c9%99zind%c9%99-etiraz-bu-q%c9%99d%c9%99r-insani-s%c9%99xsi-maraqlar-namin%c9%99-gunl%c9%99rl%c9%99-qazsiz-saxlamaq-v%c9%99hsilikdir\/","og_locale":"az_AZ","og_type":"article","og_title":"Bak\u0131n\u0131n m\u0259rk\u0259zind\u0259 etiraz: \u201cBu q\u0259d\u0259r insan\u0131 \u015f\u0259xsi maraqlar namin\u0259 g\u00fcnl\u0259rl\u0259 qazs\u0131z saxlamaq v\u0259h\u015filikdir\u201d - MEYDAN.TV","og_description":"Bak\u0131n\u0131n Az\u0259rbaycan prospekti, Mirz\u0259 F\u0259t\u0259li Axundzad\u0259, Nizami v\u0259 Mirz\u0259a\u011fa \u018fliyev ... Davam\u0131","og_url":"https:\/\/www.meydan.tv\/az\/article\/bakinin-m%c9%99rk%c9%99zind%c9%99-etiraz-bu-q%c9%99d%c9%99r-insani-s%c9%99xsi-maraqlar-namin%c9%99-gunl%c9%99rl%c9%99-qazsiz-saxlamaq-v%c9%99hsilikdir\/","og_site_name":"MEYDAN.TV","article_published_time":"2025-08-20T12:00:51+00:00","article_modified_time":"2025-08-20T12:00:54+00:00","og_image":[{"width":800,"height":450,"url":"https:\/\/www.meydan.tv\/wp-content\/uploads\/39477.jpg","type":"image\/jpeg"}],"author":"sevda","twitter_card":"summary_large_image","schema":{"@context":"https:\/\/schema.org","@graph":[{"@type":"Article","@id":"https:\/\/www.meydan.tv\/az\/article\/bakinin-m%c9%99rk%c9%99zind%c9%99-etiraz-bu-q%c9%99d%c9%99r-insani-s%c9%99xsi-maraqlar-namin%c9%99-gunl%c9%99rl%c9%99-qazsiz-saxlamaq-v%c9%99hsilikdir\/#article","isPartOf":{"@id":"https:\/\/www.meydan.tv\/az\/article\/bakinin-m%c9%99rk%c9%99zind%c9%99-etiraz-bu-q%c9%99d%c9%99r-insani-s%c9%99xsi-maraqlar-namin%c9%99-gunl%c9%99rl%c9%99-qazsiz-saxlamaq-v%c9%99hsilikdir\/"},"author":{"name":"sevda","@id":"https:\/\/www.meydan.tv\/az\/#\/schema\/person\/49b5f2bad5b126bb8ea9320eeb3e4dc9"},"headline":"Bak\u0131n\u0131n m\u0259rk\u0259zind\u0259 etiraz: \u201cBu q\u0259d\u0259r insan\u0131 \u015f\u0259xsi maraqlar namin\u0259 g\u00fcnl\u0259rl\u0259 qazs\u0131z saxlamaq v\u0259h\u015filikdir\u201d","datePublished":"2025-08-20T12:00:51+00:00","dateModified":"2025-08-20T12:00:54+00:00","mainEntityOfPage":{"@id":"https:\/\/www.meydan.tv\/az\/article\/bakinin-m%c9%99rk%c9%99zind%c9%99-etiraz-bu-q%c9%99d%c9%99r-insani-s%c9%99xsi-maraqlar-namin%c9%99-gunl%c9%99rl%c9%99-qazsiz-saxlamaq-v%c9%99hsilikdir\/"},"wordCount":1080,"publisher":{"@id":"https:\/\/www.meydan.tv\/az\/#organization"},"image":{"@id":"https:\/\/www.meydan.tv\/az\/article\/bakinin-m%c9%99rk%c9%99zind%c9%99-etiraz-bu-q%c9%99d%c9%99r-insani-s%c9%99xsi-maraqlar-namin%c9%99-gunl%c9%99rl%c9%99-qazsiz-saxlamaq-v%c9%99hsilikdir\/#primaryimage"},"thumbnailUrl":"https:\/\/www.meydan.tv\/wp-content\/uploads\/39477.jpg","articleSection":["Sosial","T\u00f6vsiy\u0259","X\u0259b\u0259rl\u0259r"],"inLanguage":"az"},{"@type":"WebPage","@id":"https:\/\/www.meydan.tv\/az\/article\/bakinin-m%c9%99rk%c9%99zind%c9%99-etiraz-bu-q%c9%99d%c9%99r-insani-s%c9%99xsi-maraqlar-namin%c9%99-gunl%c9%99rl%c9%99-qazsiz-saxlamaq-v%c9%99hsilikdir\/","url":"https:\/\/www.meydan.tv\/az\/article\/bakinin-m%c9%99rk%c9%99zind%c9%99-etiraz-bu-q%c9%99d%c9%99r-insani-s%c9%99xsi-maraqlar-namin%c9%99-gunl%c9%99rl%c9%99-qazsiz-saxlamaq-v%c9%99hsilikdir\/","name":"Bak\u0131n\u0131n m\u0259rk\u0259zind\u0259 etiraz: \u201cBu q\u0259d\u0259r insan\u0131 \u015f\u0259xsi maraqlar namin\u0259 g\u00fcnl\u0259rl\u0259 qazs\u0131z saxlamaq v\u0259h\u015filikdir\u201d - MEYDAN.TV","isPartOf":{"@id":"https:\/\/www.meydan.tv\/az\/#website"},"primaryImageOfPage":{"@id":"https:\/\/www.meydan.tv\/az\/article\/bakinin-m%c9%99rk%c9%99zind%c9%99-etiraz-bu-q%c9%99d%c9%99r-insani-s%c9%99xsi-maraqlar-namin%c9%99-gunl%c9%99rl%c9%99-qazsiz-saxlamaq-v%c9%99hsilikdir\/#primaryimage"},"image":{"@id":"https:\/\/www.meydan.tv\/az\/article\/bakinin-m%c9%99rk%c9%99zind%c9%99-etiraz-bu-q%c9%99d%c9%99r-insani-s%c9%99xsi-maraqlar-namin%c9%99-gunl%c9%99rl%c9%99-qazsiz-saxlamaq-v%c9%99hsilikdir\/#primaryimage"},"thumbnailUrl":"https:\/\/www.meydan.tv\/wp-content\/uploads\/39477.jpg","datePublished":"2025-08-20T12:00:51+00:00","dateModified":"2025-08-20T12:00:54+00:00","breadcrumb":{"@id":"https:\/\/www.meydan.tv\/az\/article\/bakinin-m%c9%99rk%c9%99zind%c9%99-etiraz-bu-q%c9%99d%c9%99r-insani-s%c9%99xsi-maraqlar-namin%c9%99-gunl%c9%99rl%c9%99-qazsiz-saxlamaq-v%c9%99hsilikdir\/#breadcrumb"},"inLanguage":"az","potentialAction":[{"@type":"ReadAction","target":["https:\/\/www.meydan.tv\/az\/article\/bakinin-m%c9%99rk%c9%99zind%c9%99-etiraz-bu-q%c9%99d%c9%99r-insani-s%c9%99xsi-maraqlar-namin%c9%99-gunl%c9%99rl%c9%99-qazsiz-saxlamaq-v%c9%99hsilikdir\/"]}]},{"@type":"ImageObject","inLanguage":"az","@id":"https:\/\/www.meydan.tv\/az\/article\/bakinin-m%c9%99rk%c9%99zind%c9%99-etiraz-bu-q%c9%99d%c9%99r-insani-s%c9%99xsi-maraqlar-namin%c9%99-gunl%c9%99rl%c9%99-qazsiz-saxlamaq-v%c9%99hsilikdir\/#primaryimage","url":"https:\/\/www.meydan.tv\/wp-content\/uploads\/39477.jpg","contentUrl":"https:\/\/www.meydan.tv\/wp-content\/uploads\/39477.jpg","width":800,"height":450,"caption":"Foto: Turan \u0130A"},{"@type":"BreadcrumbList","@id":"https:\/\/www.meydan.tv\/az\/article\/bakinin-m%c9%99rk%c9%99zind%c9%99-etiraz-bu-q%c9%99d%c9%99r-insani-s%c9%99xsi-maraqlar-namin%c9%99-gunl%c9%99rl%c9%99-qazsiz-saxlamaq-v%c9%99hsilikdir\/#breadcrumb","itemListElement":[{"@type":"ListItem","position":1,"name":"Ana s\u0259hif\u0259","item":"https:\/\/www.meydan.tv\/az\/"},{"@type":"ListItem","position":2,"name":"X\u0259b\u0259rl\u0259r","item":"https:\/\/www.meydan.tv\/az\/section\/xeberler\/"},{"@type":"ListItem","position":3,"name":"Bak\u0131n\u0131n m\u0259rk\u0259zind\u0259 etiraz: \u201cBu q\u0259d\u0259r insan\u0131 \u015f\u0259xsi maraqlar namin\u0259 g\u00fcnl\u0259rl\u0259 qazs\u0131z saxlamaq v\u0259h\u015filikdir\u201d"}]},{"@type":"WebSite","@id":"https:\/\/www.meydan.tv\/az\/#website","url":"https:\/\/www.meydan.tv\/az\/","name":"MEYDAN.TV","description":"Meydan TV Az\u0259rbaycan\u0131n media m\u0259kan\u0131ndak\u0131 alternativ s\u0259sidir","publisher":{"@id":"https:\/\/www.meydan.tv\/az\/#organization"},"potentialAction":[{"@type":"SearchAction","target":{"@type":"EntryPoint","urlTemplate":"https:\/\/www.meydan.tv\/az\/?s={search_term_string}"},"query-input":{"@type":"PropertyValueSpecification","valueRequired":true,"valueName":"search_term_string"}}],"inLanguage":"az"},{"@type":"Organization","@id":"https:\/\/www.meydan.tv\/az\/#organization","name":"Meydan TV","url":"https:\/\/www.meydan.tv\/az\/","logo":{"@type":"ImageObject","inLanguage":"az","@id":"https:\/\/www.meydan.tv\/az\/#\/schema\/logo\/image\/","url":"https:\/\/www.meydan.tv\/wp-content\/uploads\/2021\/07\/meydan-logo.svg","contentUrl":"https:\/\/www.meydan.tv\/wp-content\/uploads\/2021\/07\/meydan-logo.svg","width":195,"height":46,"caption":"Meydan TV"},"image":{"@id":"https:\/\/www.meydan.tv\/az\/#\/schema\/logo\/image\/"}},{"@type":"Person","@id":"https:\/\/www.meydan.tv\/az\/#\/schema\/person\/49b5f2bad5b126bb8ea9320eeb3e4dc9","name":"sevda"}]}},"_links":{"self":[{"href":"https:\/\/www.meydan.tv\/az\/wp-json\/wp\/v2\/posts\/334331","targetHints":{"allow":["GET"]}}],"collection":[{"href":"https:\/\/www.meydan.tv\/az\/wp-json\/wp\/v2\/posts"}],"about":[{"href":"https:\/\/www.meydan.tv\/az\/wp-json\/wp\/v2\/types\/post"}],"author":[{"embeddable":true,"href":"https:\/\/www.meydan.tv\/az\/wp-json\/wp\/v2\/users\/16"}],"replies":[{"embeddable":true,"href":"https:\/\/www.meydan.tv\/az\/wp-json\/wp\/v2\/comments?post=334331"}],"version-history":[{"count":1,"href":"https:\/\/www.meydan.tv\/az\/wp-json\/wp\/v2\/posts\/334331\/revisions"}],"predecessor-version":[{"id":334332,"href":"https:\/\/www.meydan.tv\/az\/wp-json\/wp\/v2\/posts\/334331\/revisions\/334332"}],"wp:featuredmedia":[{"embeddable":true,"href":"https:\/\/www.meydan.tv\/az\/wp-json\/wp\/v2\/media\/99821"}],"wp:attachment":[{"href":"https:\/\/www.meydan.tv\/az\/wp-json\/wp\/v2\/media?parent=334331"}],"wp:term":[{"taxonomy":"category","embeddable":true,"href":"https:\/\/www.meydan.tv\/az\/wp-json\/wp\/v2\/categories?post=334331"},{"taxonomy":"post_tag","embeddable":true,"href":"https:\/\/www.meydan.tv\/az\/wp-json\/wp\/v2\/tags?post=334331"}],"curies":[{"name":"wp","href":"https:\/\/api.w.org\/{rel}","templated":true}]}}