{"id":334325,"date":"2025-08-19T19:48:30","date_gmt":"2025-08-19T15:48:30","guid":{"rendered":"https:\/\/www.meydan.tv\/?p=334325"},"modified":"2025-08-19T20:02:51","modified_gmt":"2025-08-19T16:02:51","slug":"g%c9%99nc-qazil%c9%99r-ictima-birliyinin-s%c9%99dri-haci-v%c9%99liyevin-h%c9%99bs-q%c9%99timkan-t%c9%99dbirinin-mudd%c9%99ti-uzadilib","status":"publish","type":"post","link":"https:\/\/www.meydan.tv\/az\/article\/g%c9%99nc-qazil%c9%99r-ictima-birliyinin-s%c9%99dri-haci-v%c9%99liyevin-h%c9%99bs-q%c9%99timkan-t%c9%99dbirinin-mudd%c9%99ti-uzadilib\/","title":{"rendered":"G\u0259nc Qazil\u0259r \u0130ctima Birliyinin s\u0259dri Hac\u0131 V\u0259liyevin h\u0259bs q\u0259timkan t\u0259dbirinin m\u00fcdd\u0259ti uzad\u0131l\u0131b"},"content":{"rendered":"\n<p>Avqustun 18-d\u0259 X\u0259tai Rayon M\u0259hk\u0259m\u0259sind\u0259 G\u0259nc Qazil\u0259r \u0130ctimai Birliyinin s\u0259dri Hac\u0131 V\u0259liyevin m\u0259hk\u0259m\u0259 prosesi ke\u00e7irilib.<\/p>\n\n\n\n<p>M\u0259hk\u0259m\u0259nin q\u0259rar\u0131 il\u0259 Hac\u0131 V\u0259liyevin h\u0259bs m\u00fcdd\u0259ti daha 20 g\u00fcn uzad\u0131l\u0131b.&nbsp;<\/p>\n\n\n\n<p>V\u0259kili F\u0259xr\u0259ddin Mehdiyevin Meydan TV-y\u0259 verdiyi m\u0259lumata g\u00f6r\u0259 onlar m\u0259hk\u0259m\u0259nin q\u0259rar\u0131na etiraz edibl\u0259r:&nbsp;<\/p>\n\n\n\n<p><em>\u201cS\u0259hh\u0259ti il\u0259 ba\u011fl\u0131 probleml\u0259ri var. Bak\u0131 \u0130stintaq T\u0259cridxanas\u0131nda saxlan\u0131l\u0131r v\u0259 orada m\u00fcalic\u0259si \u00e7ox m\u00fcmk\u00fcn deyil. Orada el\u0259 bir h\u0259kim yoxdur, m\u00fcalic\u0259si d\u0259 qeyri-m\u00fcmk\u00fcnd\u00fcr. Ona g\u00f6r\u0259 m\u0259n etiraz el\u0259dim, dedim ki, art\u0131q onu azad etm\u0259k laz\u0131md\u0131r. Ba\u015fqa alternativ imkan t\u0259dbirl\u0259ri se\u00e7il\u0259 bil\u0259r. H\u0259bs z\u0259rur\u0259ti yoxdur. M\u0259hk\u0259m\u0259 raz\u0131la\u015fmad\u0131, prokurorun dediyin\u0259 uy\u011fun q\u0259rar q\u0259bul el\u0259di. Bu g\u00fcn m\u0259n apellyasiya \u015fikay\u0259ti verdim. Y\u0259qin ki, bu yax\u0131nlarda t\u0259yin olunar\u201d.&nbsp;<\/em><\/p>\n\n\n\n<p>Hac\u0131 V\u0259liyev Cinay\u0259t M\u0259c\u0259ll\u0259sinin 221.3-c\u00fc (xuliqanl\u0131q, silahdan v\u0259 ya silah qismind\u0259 istifad\u0259 olunan \u0259\u015fyalardan istifad\u0259 edilm\u0259kl\u0259 t\u00f6r\u0259dilm\u0259si z\u0259r\u0259r \u00e7\u0259kmi\u015f \u015f\u0259xs\u0259 zor t\u0259tbiq olunmas\u0131 il\u0259, yaxud \u00f6zg\u0259nin \u0259mlak\u0131n\u0131n m\u0259hv edilm\u0259si v\u0259 ya z\u0259d\u0259l\u0259nm\u0259si il\u0259 m\u00fc\u015fayi\u0259t olunduqda) v\u0259 186.1-ci (\u00f6zg\u0259nin \u0259mlak\u0131n\u0131 q\u0259sd\u0259n m\u0259hv etm\u0259 v\u0259 ya z\u0259d\u0259l\u0259m\u0259 z\u0259r\u0259r\u00e7\u0259kmi\u015f \u015f\u0259xs\u0259 xeyli miqdarda ziyan vurmaqla t\u00f6r\u0259dildikd\u0259) madd\u0259l\u0259ri il\u0259 ittiham olunub.<\/p>\n\n\n\n<p>O, \u00f6z\u00fcn\u0259 qar\u015f\u0131 ir\u0259li s\u00fcr\u00fcl\u0259n ittihamlar\u0131 q\u0259bul etmir.<\/p>\n\n\n\n<pre class=\"wp-block-verse\">V\u0259liyev mediada v\u0259 sosial mediada \u015f\u0259hid ail\u0259l\u0259rini, qazil\u0259ri, m\u00fcharib\u0259 i\u015ftirak\u00e7\u0131lar\u0131n\u0131n proleml\u0259rini i\u015f\u0131qland\u0131rmas\u0131 v\u0259 aidiyy\u0259ti \u00fczr\u0259 m\u0259murlar\u0131 t\u0259nqid etm\u0259si il\u0259 tan\u0131n\u0131r.<br><br>O, Bak\u0131 \u015e\u0259h\u0259r Ba\u015f Polis \u0130dar\u0259sinin \u0259m\u0259kda\u015flar\u0131 t\u0259r\u0259find\u0259n mart\u0131n 31-d\u0259 gec\u0259 saatlar\u0131nda saxlan\u0131l\u0131b. Mart\u0131n 18-d\u0259 is\u0259 V\u0259liyev polisin Yasamal rayonu \u0259razisind\u0259 k\u00fc\u00e7\u0259 ticar\u0259ti il\u0259 m\u0259\u015f\u011ful olan bir qrup qaziy\u0259 qar\u015f\u0131 zorak\u0131l\u0131q t\u0259tbiq etdiyini <a href=\"https:\/\/www.meydan.tv\/az\/article\/polisin-kuc%c9%99-ticar%c9%99ti-il%c9%99-m%c9%99sgul-olan-qazil%c9%99r%c9%99-qarsi-zorakiliq-t%c9%99tbiq-etdiyi-bildirilir\/\" target=\"_blank\" rel=\"noreferrer noopener\">ictimail\u0259\u015fdirmi\u015fdi<\/a>.<br><br>H\u0259min vaxt V\u0259liyev\u00a0bildirmi\u015fdi ki, Yasamal Rayon Polis \u0130dar\u0259sinin r\u0259is m\u00fcavini polkovnik Anar M\u0259mm\u0259dovun g\u00f6st\u0259ri\u015fi il\u0259 qazil\u0259rin Abbas Mirz\u0259 \u015e\u0259rifzad\u0259 156 \u00fcnvan\u0131nda yerl\u0259\u015f\u0259n sat\u0131\u015f yerl\u0259ri da\u011f\u0131d\u0131l\u0131b, \u00f6zl\u0259ri is\u0259 polis b\u00f6lm\u0259sin\u0259 apar\u0131l\u0131b.\u201c<br><br>G\u0259nc Qazil\u0259r\u201d \u0130ctimai Birliyi 2021-ci ild\u0259 \u201cQaraba\u011f qazil\u0259ri\u201d \u0130ctimai Birliyinin n\u0259zdind\u0259 yarad\u0131l\u0131b.<\/pre>\n","protected":false},"excerpt":{"rendered":"<p>Avqustun 18-d\u0259 X\u0259tai Rayon M\u0259hk\u0259m\u0259sind\u0259 G\u0259nc Qazil\u0259r \u0130ctimai Birliyinin s\u0259dri &#8230; <\/p>\n<p class=\"read-more-container\"><a title=\"G\u0259nc Qazil\u0259r \u0130ctima Birliyinin s\u0259dri Hac\u0131 V\u0259liyevin h\u0259bs q\u0259timkan t\u0259dbirinin m\u00fcdd\u0259ti uzad\u0131l\u0131b\" class=\"read-more button\" href=\"https:\/\/www.meydan.tv\/az\/article\/g%c9%99nc-qazil%c9%99r-ictima-birliyinin-s%c9%99dri-haci-v%c9%99liyevin-h%c9%99bs-q%c9%99timkan-t%c9%99dbirinin-mudd%c9%99ti-uzadilib\/#more-334325\" aria-label=\"Read more about G\u0259nc Qazil\u0259r \u0130ctima Birliyinin s\u0259dri Hac\u0131 V\u0259liyevin h\u0259bs q\u0259timkan t\u0259dbirinin m\u00fcdd\u0259ti uzad\u0131l\u0131b\">Davam\u0131<\/a><\/p>\n","protected":false},"author":16,"featured_media":328495,"comment_status":"closed","ping_status":"closed","sticky":false,"template":"","format":"standard","meta":{"_acf_changed":false,"_sitemap_exclude":false,"_sitemap_priority":"","_sitemap_frequency":"","footnotes":""},"categories":[62,79,56],"tags":[],"class_list":["post-334325","post","type-post","status-publish","format-standard","has-post-thumbnail","hentry","category-sosial","category-featured","category-xeberler","infinite-scroll-item","generate-columns","tablet-grid-50","mobile-grid-100","grid-parent","grid-33","no-featured-image-padding"],"acf":[],"yoast_head":"<!-- This site is optimized with the Yoast SEO plugin v27.4 - https:\/\/yoast.com\/product\/yoast-seo-wordpress\/ -->\n<title>G\u0259nc Qazil\u0259r \u0130ctima Birliyinin s\u0259dri Hac\u0131 V\u0259liyevin h\u0259bs q\u0259timkan t\u0259dbirinin m\u00fcdd\u0259ti uzad\u0131l\u0131b - MEYDAN.TV<\/title>\n<meta name=\"robots\" content=\"index, follow, max-snippet:-1, max-image-preview:large, max-video-preview:-1\" \/>\n<link rel=\"canonical\" href=\"https:\/\/www.meydan.tv\/az\/article\/g%c9%99nc-qazil%c9%99r-ictima-birliyinin-s%c9%99dri-haci-v%c9%99liyevin-h%c9%99bs-q%c9%99timkan-t%c9%99dbirinin-mudd%c9%99ti-uzadilib\/\" \/>\n<meta property=\"og:locale\" content=\"az_AZ\" \/>\n<meta property=\"og:type\" content=\"article\" \/>\n<meta property=\"og:title\" content=\"G\u0259nc Qazil\u0259r \u0130ctima Birliyinin s\u0259dri Hac\u0131 V\u0259liyevin h\u0259bs q\u0259timkan t\u0259dbirinin m\u00fcdd\u0259ti uzad\u0131l\u0131b - MEYDAN.TV\" \/>\n<meta property=\"og:description\" content=\"Avqustun 18-d\u0259 X\u0259tai Rayon M\u0259hk\u0259m\u0259sind\u0259 G\u0259nc Qazil\u0259r \u0130ctimai Birliyinin s\u0259dri ... Davam\u0131\" \/>\n<meta property=\"og:url\" content=\"https:\/\/www.meydan.tv\/az\/article\/g%c9%99nc-qazil%c9%99r-ictima-birliyinin-s%c9%99dri-haci-v%c9%99liyevin-h%c9%99bs-q%c9%99timkan-t%c9%99dbirinin-mudd%c9%99ti-uzadilib\/\" \/>\n<meta property=\"og:site_name\" content=\"MEYDAN.TV\" \/>\n<meta property=\"article:published_time\" content=\"2025-08-19T15:48:30+00:00\" \/>\n<meta property=\"article:modified_time\" content=\"2025-08-19T16:02:51+00:00\" \/>\n<meta property=\"og:image\" content=\"https:\/\/www.meydan.tv\/wp-content\/uploads\/066.png\" \/>\n\t<meta property=\"og:image:width\" content=\"1179\" \/>\n\t<meta property=\"og:image:height\" content=\"576\" \/>\n\t<meta property=\"og:image:type\" content=\"image\/png\" \/>\n<meta name=\"author\" content=\"sevda\" \/>\n<meta name=\"twitter:card\" content=\"summary_large_image\" \/>\n<script type=\"application\/ld+json\" class=\"yoast-schema-graph\">{\"@context\":\"https:\\\/\\\/schema.org\",\"@graph\":[{\"@type\":\"Article\",\"@id\":\"https:\\\/\\\/www.meydan.tv\\\/az\\\/article\\\/g%c9%99nc-qazil%c9%99r-ictima-birliyinin-s%c9%99dri-haci-v%c9%99liyevin-h%c9%99bs-q%c9%99timkan-t%c9%99dbirinin-mudd%c9%99ti-uzadilib\\\/#article\",\"isPartOf\":{\"@id\":\"https:\\\/\\\/www.meydan.tv\\\/az\\\/article\\\/g%c9%99nc-qazil%c9%99r-ictima-birliyinin-s%c9%99dri-haci-v%c9%99liyevin-h%c9%99bs-q%c9%99timkan-t%c9%99dbirinin-mudd%c9%99ti-uzadilib\\\/\"},\"author\":{\"name\":\"sevda\",\"@id\":\"https:\\\/\\\/www.meydan.tv\\\/az\\\/#\\\/schema\\\/person\\\/49b5f2bad5b126bb8ea9320eeb3e4dc9\"},\"headline\":\"G\u0259nc Qazil\u0259r \u0130ctima Birliyinin s\u0259dri Hac\u0131 V\u0259liyevin h\u0259bs q\u0259timkan t\u0259dbirinin m\u00fcdd\u0259ti uzad\u0131l\u0131b\",\"datePublished\":\"2025-08-19T15:48:30+00:00\",\"dateModified\":\"2025-08-19T16:02:51+00:00\",\"mainEntityOfPage\":{\"@id\":\"https:\\\/\\\/www.meydan.tv\\\/az\\\/article\\\/g%c9%99nc-qazil%c9%99r-ictima-birliyinin-s%c9%99dri-haci-v%c9%99liyevin-h%c9%99bs-q%c9%99timkan-t%c9%99dbirinin-mudd%c9%99ti-uzadilib\\\/\"},\"wordCount\":317,\"publisher\":{\"@id\":\"https:\\\/\\\/www.meydan.tv\\\/az\\\/#organization\"},\"image\":{\"@id\":\"https:\\\/\\\/www.meydan.tv\\\/az\\\/article\\\/g%c9%99nc-qazil%c9%99r-ictima-birliyinin-s%c9%99dri-haci-v%c9%99liyevin-h%c9%99bs-q%c9%99timkan-t%c9%99dbirinin-mudd%c9%99ti-uzadilib\\\/#primaryimage\"},\"thumbnailUrl\":\"https:\\\/\\\/www.meydan.tv\\\/wp-content\\\/uploads\\\/066.png\",\"articleSection\":[\"Sosial\",\"T\u00f6vsiy\u0259\",\"X\u0259b\u0259rl\u0259r\"],\"inLanguage\":\"az\"},{\"@type\":\"WebPage\",\"@id\":\"https:\\\/\\\/www.meydan.tv\\\/az\\\/article\\\/g%c9%99nc-qazil%c9%99r-ictima-birliyinin-s%c9%99dri-haci-v%c9%99liyevin-h%c9%99bs-q%c9%99timkan-t%c9%99dbirinin-mudd%c9%99ti-uzadilib\\\/\",\"url\":\"https:\\\/\\\/www.meydan.tv\\\/az\\\/article\\\/g%c9%99nc-qazil%c9%99r-ictima-birliyinin-s%c9%99dri-haci-v%c9%99liyevin-h%c9%99bs-q%c9%99timkan-t%c9%99dbirinin-mudd%c9%99ti-uzadilib\\\/\",\"name\":\"G\u0259nc Qazil\u0259r \u0130ctima Birliyinin s\u0259dri Hac\u0131 V\u0259liyevin h\u0259bs q\u0259timkan t\u0259dbirinin m\u00fcdd\u0259ti uzad\u0131l\u0131b - MEYDAN.TV\",\"isPartOf\":{\"@id\":\"https:\\\/\\\/www.meydan.tv\\\/az\\\/#website\"},\"primaryImageOfPage\":{\"@id\":\"https:\\\/\\\/www.meydan.tv\\\/az\\\/article\\\/g%c9%99nc-qazil%c9%99r-ictima-birliyinin-s%c9%99dri-haci-v%c9%99liyevin-h%c9%99bs-q%c9%99timkan-t%c9%99dbirinin-mudd%c9%99ti-uzadilib\\\/#primaryimage\"},\"image\":{\"@id\":\"https:\\\/\\\/www.meydan.tv\\\/az\\\/article\\\/g%c9%99nc-qazil%c9%99r-ictima-birliyinin-s%c9%99dri-haci-v%c9%99liyevin-h%c9%99bs-q%c9%99timkan-t%c9%99dbirinin-mudd%c9%99ti-uzadilib\\\/#primaryimage\"},\"thumbnailUrl\":\"https:\\\/\\\/www.meydan.tv\\\/wp-content\\\/uploads\\\/066.png\",\"datePublished\":\"2025-08-19T15:48:30+00:00\",\"dateModified\":\"2025-08-19T16:02:51+00:00\",\"breadcrumb\":{\"@id\":\"https:\\\/\\\/www.meydan.tv\\\/az\\\/article\\\/g%c9%99nc-qazil%c9%99r-ictima-birliyinin-s%c9%99dri-haci-v%c9%99liyevin-h%c9%99bs-q%c9%99timkan-t%c9%99dbirinin-mudd%c9%99ti-uzadilib\\\/#breadcrumb\"},\"inLanguage\":\"az\",\"potentialAction\":[{\"@type\":\"ReadAction\",\"target\":[\"https:\\\/\\\/www.meydan.tv\\\/az\\\/article\\\/g%c9%99nc-qazil%c9%99r-ictima-birliyinin-s%c9%99dri-haci-v%c9%99liyevin-h%c9%99bs-q%c9%99timkan-t%c9%99dbirinin-mudd%c9%99ti-uzadilib\\\/\"]}]},{\"@type\":\"ImageObject\",\"inLanguage\":\"az\",\"@id\":\"https:\\\/\\\/www.meydan.tv\\\/az\\\/article\\\/g%c9%99nc-qazil%c9%99r-ictima-birliyinin-s%c9%99dri-haci-v%c9%99liyevin-h%c9%99bs-q%c9%99timkan-t%c9%99dbirinin-mudd%c9%99ti-uzadilib\\\/#primaryimage\",\"url\":\"https:\\\/\\\/www.meydan.tv\\\/wp-content\\\/uploads\\\/066.png\",\"contentUrl\":\"https:\\\/\\\/www.meydan.tv\\\/wp-content\\\/uploads\\\/066.png\",\"width\":1179,\"height\":576,\"caption\":\"Hac\u0131 V\u0259liyev. Foto: \u015e\u0259xsi Facebook s\u0259hif\u0259si\"},{\"@type\":\"BreadcrumbList\",\"@id\":\"https:\\\/\\\/www.meydan.tv\\\/az\\\/article\\\/g%c9%99nc-qazil%c9%99r-ictima-birliyinin-s%c9%99dri-haci-v%c9%99liyevin-h%c9%99bs-q%c9%99timkan-t%c9%99dbirinin-mudd%c9%99ti-uzadilib\\\/#breadcrumb\",\"itemListElement\":[{\"@type\":\"ListItem\",\"position\":1,\"name\":\"Ana s\u0259hif\u0259\",\"item\":\"https:\\\/\\\/www.meydan.tv\\\/az\\\/\"},{\"@type\":\"ListItem\",\"position\":2,\"name\":\"X\u0259b\u0259rl\u0259r\",\"item\":\"https:\\\/\\\/www.meydan.tv\\\/az\\\/section\\\/xeberler\\\/\"},{\"@type\":\"ListItem\",\"position\":3,\"name\":\"G\u0259nc Qazil\u0259r \u0130ctima Birliyinin s\u0259dri Hac\u0131 V\u0259liyevin h\u0259bs q\u0259timkan t\u0259dbirinin m\u00fcdd\u0259ti uzad\u0131l\u0131b\"}]},{\"@type\":\"WebSite\",\"@id\":\"https:\\\/\\\/www.meydan.tv\\\/az\\\/#website\",\"url\":\"https:\\\/\\\/www.meydan.tv\\\/az\\\/\",\"name\":\"MEYDAN.TV\",\"description\":\"Meydan TV Az\u0259rbaycan\u0131n media m\u0259kan\u0131ndak\u0131 alternativ s\u0259sidir\",\"publisher\":{\"@id\":\"https:\\\/\\\/www.meydan.tv\\\/az\\\/#organization\"},\"potentialAction\":[{\"@type\":\"SearchAction\",\"target\":{\"@type\":\"EntryPoint\",\"urlTemplate\":\"https:\\\/\\\/www.meydan.tv\\\/az\\\/?s={search_term_string}\"},\"query-input\":{\"@type\":\"PropertyValueSpecification\",\"valueRequired\":true,\"valueName\":\"search_term_string\"}}],\"inLanguage\":\"az\"},{\"@type\":\"Organization\",\"@id\":\"https:\\\/\\\/www.meydan.tv\\\/az\\\/#organization\",\"name\":\"Meydan TV\",\"url\":\"https:\\\/\\\/www.meydan.tv\\\/az\\\/\",\"logo\":{\"@type\":\"ImageObject\",\"inLanguage\":\"az\",\"@id\":\"https:\\\/\\\/www.meydan.tv\\\/az\\\/#\\\/schema\\\/logo\\\/image\\\/\",\"url\":\"https:\\\/\\\/www.meydan.tv\\\/wp-content\\\/uploads\\\/2021\\\/07\\\/meydan-logo.svg\",\"contentUrl\":\"https:\\\/\\\/www.meydan.tv\\\/wp-content\\\/uploads\\\/2021\\\/07\\\/meydan-logo.svg\",\"width\":195,\"height\":46,\"caption\":\"Meydan TV\"},\"image\":{\"@id\":\"https:\\\/\\\/www.meydan.tv\\\/az\\\/#\\\/schema\\\/logo\\\/image\\\/\"}},{\"@type\":\"Person\",\"@id\":\"https:\\\/\\\/www.meydan.tv\\\/az\\\/#\\\/schema\\\/person\\\/49b5f2bad5b126bb8ea9320eeb3e4dc9\",\"name\":\"sevda\"}]}<\/script>\n<!-- \/ Yoast SEO plugin. -->","yoast_head_json":{"title":"G\u0259nc Qazil\u0259r \u0130ctima Birliyinin s\u0259dri Hac\u0131 V\u0259liyevin h\u0259bs q\u0259timkan t\u0259dbirinin m\u00fcdd\u0259ti uzad\u0131l\u0131b - MEYDAN.TV","robots":{"index":"index","follow":"follow","max-snippet":"max-snippet:-1","max-image-preview":"max-image-preview:large","max-video-preview":"max-video-preview:-1"},"canonical":"https:\/\/www.meydan.tv\/az\/article\/g%c9%99nc-qazil%c9%99r-ictima-birliyinin-s%c9%99dri-haci-v%c9%99liyevin-h%c9%99bs-q%c9%99timkan-t%c9%99dbirinin-mudd%c9%99ti-uzadilib\/","og_locale":"az_AZ","og_type":"article","og_title":"G\u0259nc Qazil\u0259r \u0130ctima Birliyinin s\u0259dri Hac\u0131 V\u0259liyevin h\u0259bs q\u0259timkan t\u0259dbirinin m\u00fcdd\u0259ti uzad\u0131l\u0131b - MEYDAN.TV","og_description":"Avqustun 18-d\u0259 X\u0259tai Rayon M\u0259hk\u0259m\u0259sind\u0259 G\u0259nc Qazil\u0259r \u0130ctimai Birliyinin s\u0259dri ... Davam\u0131","og_url":"https:\/\/www.meydan.tv\/az\/article\/g%c9%99nc-qazil%c9%99r-ictima-birliyinin-s%c9%99dri-haci-v%c9%99liyevin-h%c9%99bs-q%c9%99timkan-t%c9%99dbirinin-mudd%c9%99ti-uzadilib\/","og_site_name":"MEYDAN.TV","article_published_time":"2025-08-19T15:48:30+00:00","article_modified_time":"2025-08-19T16:02:51+00:00","og_image":[{"width":1179,"height":576,"url":"https:\/\/www.meydan.tv\/wp-content\/uploads\/066.png","type":"image\/png"}],"author":"sevda","twitter_card":"summary_large_image","schema":{"@context":"https:\/\/schema.org","@graph":[{"@type":"Article","@id":"https:\/\/www.meydan.tv\/az\/article\/g%c9%99nc-qazil%c9%99r-ictima-birliyinin-s%c9%99dri-haci-v%c9%99liyevin-h%c9%99bs-q%c9%99timkan-t%c9%99dbirinin-mudd%c9%99ti-uzadilib\/#article","isPartOf":{"@id":"https:\/\/www.meydan.tv\/az\/article\/g%c9%99nc-qazil%c9%99r-ictima-birliyinin-s%c9%99dri-haci-v%c9%99liyevin-h%c9%99bs-q%c9%99timkan-t%c9%99dbirinin-mudd%c9%99ti-uzadilib\/"},"author":{"name":"sevda","@id":"https:\/\/www.meydan.tv\/az\/#\/schema\/person\/49b5f2bad5b126bb8ea9320eeb3e4dc9"},"headline":"G\u0259nc Qazil\u0259r \u0130ctima Birliyinin s\u0259dri Hac\u0131 V\u0259liyevin h\u0259bs q\u0259timkan t\u0259dbirinin m\u00fcdd\u0259ti uzad\u0131l\u0131b","datePublished":"2025-08-19T15:48:30+00:00","dateModified":"2025-08-19T16:02:51+00:00","mainEntityOfPage":{"@id":"https:\/\/www.meydan.tv\/az\/article\/g%c9%99nc-qazil%c9%99r-ictima-birliyinin-s%c9%99dri-haci-v%c9%99liyevin-h%c9%99bs-q%c9%99timkan-t%c9%99dbirinin-mudd%c9%99ti-uzadilib\/"},"wordCount":317,"publisher":{"@id":"https:\/\/www.meydan.tv\/az\/#organization"},"image":{"@id":"https:\/\/www.meydan.tv\/az\/article\/g%c9%99nc-qazil%c9%99r-ictima-birliyinin-s%c9%99dri-haci-v%c9%99liyevin-h%c9%99bs-q%c9%99timkan-t%c9%99dbirinin-mudd%c9%99ti-uzadilib\/#primaryimage"},"thumbnailUrl":"https:\/\/www.meydan.tv\/wp-content\/uploads\/066.png","articleSection":["Sosial","T\u00f6vsiy\u0259","X\u0259b\u0259rl\u0259r"],"inLanguage":"az"},{"@type":"WebPage","@id":"https:\/\/www.meydan.tv\/az\/article\/g%c9%99nc-qazil%c9%99r-ictima-birliyinin-s%c9%99dri-haci-v%c9%99liyevin-h%c9%99bs-q%c9%99timkan-t%c9%99dbirinin-mudd%c9%99ti-uzadilib\/","url":"https:\/\/www.meydan.tv\/az\/article\/g%c9%99nc-qazil%c9%99r-ictima-birliyinin-s%c9%99dri-haci-v%c9%99liyevin-h%c9%99bs-q%c9%99timkan-t%c9%99dbirinin-mudd%c9%99ti-uzadilib\/","name":"G\u0259nc Qazil\u0259r \u0130ctima Birliyinin s\u0259dri Hac\u0131 V\u0259liyevin h\u0259bs q\u0259timkan t\u0259dbirinin m\u00fcdd\u0259ti uzad\u0131l\u0131b - MEYDAN.TV","isPartOf":{"@id":"https:\/\/www.meydan.tv\/az\/#website"},"primaryImageOfPage":{"@id":"https:\/\/www.meydan.tv\/az\/article\/g%c9%99nc-qazil%c9%99r-ictima-birliyinin-s%c9%99dri-haci-v%c9%99liyevin-h%c9%99bs-q%c9%99timkan-t%c9%99dbirinin-mudd%c9%99ti-uzadilib\/#primaryimage"},"image":{"@id":"https:\/\/www.meydan.tv\/az\/article\/g%c9%99nc-qazil%c9%99r-ictima-birliyinin-s%c9%99dri-haci-v%c9%99liyevin-h%c9%99bs-q%c9%99timkan-t%c9%99dbirinin-mudd%c9%99ti-uzadilib\/#primaryimage"},"thumbnailUrl":"https:\/\/www.meydan.tv\/wp-content\/uploads\/066.png","datePublished":"2025-08-19T15:48:30+00:00","dateModified":"2025-08-19T16:02:51+00:00","breadcrumb":{"@id":"https:\/\/www.meydan.tv\/az\/article\/g%c9%99nc-qazil%c9%99r-ictima-birliyinin-s%c9%99dri-haci-v%c9%99liyevin-h%c9%99bs-q%c9%99timkan-t%c9%99dbirinin-mudd%c9%99ti-uzadilib\/#breadcrumb"},"inLanguage":"az","potentialAction":[{"@type":"ReadAction","target":["https:\/\/www.meydan.tv\/az\/article\/g%c9%99nc-qazil%c9%99r-ictima-birliyinin-s%c9%99dri-haci-v%c9%99liyevin-h%c9%99bs-q%c9%99timkan-t%c9%99dbirinin-mudd%c9%99ti-uzadilib\/"]}]},{"@type":"ImageObject","inLanguage":"az","@id":"https:\/\/www.meydan.tv\/az\/article\/g%c9%99nc-qazil%c9%99r-ictima-birliyinin-s%c9%99dri-haci-v%c9%99liyevin-h%c9%99bs-q%c9%99timkan-t%c9%99dbirinin-mudd%c9%99ti-uzadilib\/#primaryimage","url":"https:\/\/www.meydan.tv\/wp-content\/uploads\/066.png","contentUrl":"https:\/\/www.meydan.tv\/wp-content\/uploads\/066.png","width":1179,"height":576,"caption":"Hac\u0131 V\u0259liyev. Foto: \u015e\u0259xsi Facebook s\u0259hif\u0259si"},{"@type":"BreadcrumbList","@id":"https:\/\/www.meydan.tv\/az\/article\/g%c9%99nc-qazil%c9%99r-ictima-birliyinin-s%c9%99dri-haci-v%c9%99liyevin-h%c9%99bs-q%c9%99timkan-t%c9%99dbirinin-mudd%c9%99ti-uzadilib\/#breadcrumb","itemListElement":[{"@type":"ListItem","position":1,"name":"Ana s\u0259hif\u0259","item":"https:\/\/www.meydan.tv\/az\/"},{"@type":"ListItem","position":2,"name":"X\u0259b\u0259rl\u0259r","item":"https:\/\/www.meydan.tv\/az\/section\/xeberler\/"},{"@type":"ListItem","position":3,"name":"G\u0259nc Qazil\u0259r \u0130ctima Birliyinin s\u0259dri Hac\u0131 V\u0259liyevin h\u0259bs q\u0259timkan t\u0259dbirinin m\u00fcdd\u0259ti uzad\u0131l\u0131b"}]},{"@type":"WebSite","@id":"https:\/\/www.meydan.tv\/az\/#website","url":"https:\/\/www.meydan.tv\/az\/","name":"MEYDAN.TV","description":"Meydan TV Az\u0259rbaycan\u0131n media m\u0259kan\u0131ndak\u0131 alternativ s\u0259sidir","publisher":{"@id":"https:\/\/www.meydan.tv\/az\/#organization"},"potentialAction":[{"@type":"SearchAction","target":{"@type":"EntryPoint","urlTemplate":"https:\/\/www.meydan.tv\/az\/?s={search_term_string}"},"query-input":{"@type":"PropertyValueSpecification","valueRequired":true,"valueName":"search_term_string"}}],"inLanguage":"az"},{"@type":"Organization","@id":"https:\/\/www.meydan.tv\/az\/#organization","name":"Meydan TV","url":"https:\/\/www.meydan.tv\/az\/","logo":{"@type":"ImageObject","inLanguage":"az","@id":"https:\/\/www.meydan.tv\/az\/#\/schema\/logo\/image\/","url":"https:\/\/www.meydan.tv\/wp-content\/uploads\/2021\/07\/meydan-logo.svg","contentUrl":"https:\/\/www.meydan.tv\/wp-content\/uploads\/2021\/07\/meydan-logo.svg","width":195,"height":46,"caption":"Meydan TV"},"image":{"@id":"https:\/\/www.meydan.tv\/az\/#\/schema\/logo\/image\/"}},{"@type":"Person","@id":"https:\/\/www.meydan.tv\/az\/#\/schema\/person\/49b5f2bad5b126bb8ea9320eeb3e4dc9","name":"sevda"}]}},"_links":{"self":[{"href":"https:\/\/www.meydan.tv\/az\/wp-json\/wp\/v2\/posts\/334325","targetHints":{"allow":["GET"]}}],"collection":[{"href":"https:\/\/www.meydan.tv\/az\/wp-json\/wp\/v2\/posts"}],"about":[{"href":"https:\/\/www.meydan.tv\/az\/wp-json\/wp\/v2\/types\/post"}],"author":[{"embeddable":true,"href":"https:\/\/www.meydan.tv\/az\/wp-json\/wp\/v2\/users\/16"}],"replies":[{"embeddable":true,"href":"https:\/\/www.meydan.tv\/az\/wp-json\/wp\/v2\/comments?post=334325"}],"version-history":[{"count":1,"href":"https:\/\/www.meydan.tv\/az\/wp-json\/wp\/v2\/posts\/334325\/revisions"}],"predecessor-version":[{"id":334326,"href":"https:\/\/www.meydan.tv\/az\/wp-json\/wp\/v2\/posts\/334325\/revisions\/334326"}],"wp:featuredmedia":[{"embeddable":true,"href":"https:\/\/www.meydan.tv\/az\/wp-json\/wp\/v2\/media\/328495"}],"wp:attachment":[{"href":"https:\/\/www.meydan.tv\/az\/wp-json\/wp\/v2\/media?parent=334325"}],"wp:term":[{"taxonomy":"category","embeddable":true,"href":"https:\/\/www.meydan.tv\/az\/wp-json\/wp\/v2\/categories?post=334325"},{"taxonomy":"post_tag","embeddable":true,"href":"https:\/\/www.meydan.tv\/az\/wp-json\/wp\/v2\/tags?post=334325"}],"curies":[{"name":"wp","href":"https:\/\/api.w.org\/{rel}","templated":true}]}}