{"id":334321,"date":"2025-08-19T19:22:07","date_gmt":"2025-08-19T15:22:07","guid":{"rendered":"https:\/\/www.meydan.tv\/?p=334321"},"modified":"2025-08-19T19:22:10","modified_gmt":"2025-08-19T15:22:10","slug":"bar%c9%99sind%c9%99-cinay%c9%99t-isi-acilan-siyasi-muhacir-almaniyada-oturdugum-halda-az%c9%99rbaycanda-nec%c9%99-cevirilis-ed%c9%99-bil%c9%99r%c9%99m","status":"publish","type":"post","link":"https:\/\/www.meydan.tv\/az\/article\/bar%c9%99sind%c9%99-cinay%c9%99t-isi-acilan-siyasi-muhacir-almaniyada-oturdugum-halda-az%c9%99rbaycanda-nec%c9%99-cevirilis-ed%c9%99-bil%c9%99r%c9%99m\/","title":{"rendered":"Siyasi m\u00fchacir: Almaniyada oturdu\u011fum halda, Az\u0259rbaycanda nec\u0259 \u00e7evirili\u015f ed\u0259 bil\u0259r\u0259m?\u00a0"},"content":{"rendered":"\n<p>Xaricd\u0259 ya\u015fayan daha bir ne\u00e7\u0259 siyasi m\u00fchacir &#8211; Qurban M\u0259mm\u0259dov, Tural Sad\u0131ql\u0131 v\u0259 Orxan A\u011fayev bar\u0259sind\u0259 apar\u0131lan cinay\u0259t i\u015fi \u00fczr\u0259 ibtidai istintaq yekunla\u015f\u0131b.&nbsp;<\/p>\n\n\n\n<p>Ba\u015f Prokurorlu\u011fun \u0130stintaq \u0130dar\u0259si onlar\u0131n v\u0259kill\u0259rin\u0259 avqustun 20-d\u0259n etibar\u0259n cinay\u0259t i\u015fi materiallar\u0131 il\u0259 tan\u0131\u015f olmaq \u00fc\u00e7\u00fcn \u015f\u0259rait yarad\u0131ld\u0131\u011f\u0131n\u0131 a\u00e7\u0131qlay\u0131b.<\/p>\n\n\n\n<p>Bar\u0259l\u0259rind\u0259 qiyabi icraat apar\u0131lan \u015f\u0259xsl\u0259r\u0259 bildirilib ki, istintaqa g\u0259lm\u0259dikl\u0259ri halda i\u015f m\u0259hk\u0259m\u0259y\u0259 g\u00f6nd\u0259ril\u0259 v\u0259 n\u0259tic\u0259d\u0259 qiyabi h\u00f6km, yaxud da dig\u0259r yekun m\u0259hk\u0259m\u0259 q\u0259rar\u0131 \u00e7\u0131xar\u0131la<a href=\"https:\/\/report.az\/hadise\/xaricde-yasayan-blogger-tural-sadiqlinin-baresindeki-cinayet-isi-uzre-istintaq-basa-catib\/\" target=\"_blank\" rel=\"noreferrer noopener nofollow\"> bil\u0259r.<\/a><\/p>\n\n\n\n<p>Almaniyada ya\u015fayan siyasi m\u00fchacir Orxan A\u011fayev\u0259 Az\u0259rbaycan Cinay\u0259t M\u0259c\u0259ll\u0259sinin 220.2 (hakimiyy\u0259t n\u00fcmay\u0259nd\u0259sinin qanuni t\u0259l\u0259bl\u0259rin\u0259 f\u0259al \u015f\u0259kild\u0259 tabe olmama\u011fa v\u0259 k\u00fctl\u0259vi i\u011fti\u015fa\u015flara, habel\u0259 v\u0259t\u0259nda\u015flara qar\u015f\u0131 zorak\u0131l\u0131q etm\u0259y\u0259 \u00e7a\u011f\u0131r\u0131\u015flar etm\u0259) v\u0259 281.2-ci (d\u00f6vl\u0259t \u0259leyhin\u0259 a\u00e7\u0131q \u00e7a\u011f\u0131r\u0131\u015flar \u2013 t\u0259krar t\u00f6r\u0259dildikd\u0259) madd\u0259l\u0259ri il\u0259 ittihamlar ir\u0259li s\u00fcr\u00fcl\u00fcb.<\/p>\n\n\n\n<p>Orxan A\u011fayev Meydan TV-y\u0259 ona qar\u015f\u0131 ir\u0259li s\u00fcr\u00fcl\u0259n ittihamlar\u0131 \u0259sass\u0131z hesab etdiyini bildirib:<\/p>\n\n\n\n<p><em>\u201cAz\u0259rbaycan hakimiyy\u0259ti 2020-ci ild\u0259 m\u0259ni \u0130nterpolun x\u0259tti il\u0259 axtar\u0131\u015fa vermi\u015fdi, lakin s\u0259m\u0259r\u0259siz oldu. Bu g\u00fcn d\u0259 \u0259l \u00e7\u0259kmirl\u0259r, bizim Avropaya v\u0259 dig\u0259r \u00f6lk\u0259l\u0259r\u0259 getm\u0259yimizi \u0259ng\u0259ll\u0259m\u0259y\u0259 \u00e7al\u0131\u015f\u0131rlar. H\u0259tta bu ilin \u0259vv\u0259lind\u0259 Almaniya h\u00f6kum\u0259tin\u0259 m\u00fcraci\u0259t etmi\u015fdil\u0259r ki, m\u0259ni onlara geri versinl\u0259r. Az\u0259rbaycan hakimiyy\u0259tinin m\u0259n\u0259 qar\u015f\u0131 ir\u0259li s\u00fcrd\u00fcy\u00fc ittihamlar\u0131n ham\u0131s\u0131 qondarmad\u0131r. Almaniyada oturdu\u011fum halda, Az\u0259rbaycanda nec\u0259 \u00e7evirili\u015f ed\u0259 bil\u0259r\u0259m? Az\u0259rbaycan hakimiyy\u0259tinin m\u0259n\u0259 qar\u015f\u0131 ir\u0259li s\u00fcrd\u00fcy\u00fc ittihamlar\u0131n\u0131 ham\u0131s\u0131n\u0131 \u0259sass\u0131z say\u0131ram\u201d.<\/em><\/p>\n\n\n\n<p>\u201cAzerifreedom\u201d internet kanal\u0131n\u0131n r\u0259hb\u0259ri&nbsp; Qurban M\u0259mm\u0259dov da terror\u00e7uluq v\u0259 daha bir ne\u00e7\u0259 <a href=\"https:\/\/www.youtube.com\/watch?v=4-Uc1C2DsCU\">ba\u015fqa madd\u0259l\u0259rl\u0259<\/a> ittiham edilir. O, m\u00fchacir\u0259td\u0259n \u0259vv\u0259l Az\u0259rbaycanda olark\u0259n bir ne\u00e7\u0259 d\u0259f\u0259 m\u00fcxt\u0259lif ittihamlarla h\u0259bs edilib. H\u00fcquq m\u00fcdafi\u0259\u00e7il\u0259ri onu siyasi m\u0259hbus kimi tan\u0131y\u0131blar.&nbsp;<\/p>\n\n\n\n<p>Qurban M\u0259mm\u0259dov da haqq\u0131ndak\u0131 ittihamlar\u0131 \u0259sass\u0131z say\u0131r v\u0259 cinay\u0259t i\u015finin materiallar\u0131 il\u0259 tan\u0131\u015f olmaq ist\u0259yir. 2018-ci ild\u0259n B\u00f6y\u00fck Britaniyada ya\u015fayan Qurban M\u0259mm\u0259dov materiallar\u0131n onun elektron po\u00e7tuna g\u00f6nd\u0259rilm\u0259sind\u0259n \u00f6tr\u00fc ba\u015f prokuror Kamran \u018fliyev\u0259 <a href=\"https:\/\/www.facebook.com\/gurmam\/posts\/1300584894767157?ref=embed_post\" target=\"_blank\" rel=\"noreferrer noopener nofollow\">m\u0259ktub<\/a> \u00fcnvanlay\u0131b.<\/p>\n\n\n\n<p><em>\u201cHaqq\u0131mda olan cinay\u0259t i\u015finin materiallar\u0131 il\u0259 tan\u0131\u015f olmaq \u00fc\u00e7\u00fcn i\u015f materiallar\u0131n\u0131 m\u0259nim elektron \u00fcnvan\u0131ma g\u00f6nd\u0259rm\u0259yinizi xahi\u015f edir\u0259m. \u00c7\u00fcnki Az\u0259rbaycan Hakimiyy\u0259ti t\u0259r\u0259find\u0259n t\u0259qib olundu\u011fuma g\u00f6r\u0259, heyd\u0259rizm rejimi t\u0259r\u0259find\u0259n h\u0259yat\u0131ma real t\u0259hl\u00fck\u0259 yarad\u0131ld\u0131\u011f\u0131ndan, 2018-ci il aprelin 1-d\u0259n Az\u0259rbaycan\u0131 t\u0259rk ed\u0259r\u0259k Birl\u0259\u015fmi\u015f Krall\u0131\u011fa g\u0259lmi\u015f\u0259m v\u0259 burada daimi siyasi oturum alaraq ya\u015fay\u0131ram. M\u0259n videokonfrans vasit\u0259siyl\u0259 ittiham t\u0259r\u0259finin ist\u0259nil\u0259n sual\u0131na cavab verm\u0259y\u0259, \u00fczl\u0259\u015fm\u0259l\u0259rd\u0259, s\u00fcbutlar\u0131n ara\u015fd\u0131r\u0131lmas\u0131nda i\u015ftirak etm\u0259y\u0259 haz\u0131ram\u201d,<\/em> &#8211;&nbsp; Qurban M\u0259mm\u0259dov m\u0259ktubunda yaz\u0131b.<\/p>\n\n\n\n<p>Dig\u0259r ittiham olunan \u015f\u0259xs is\u0259 \u201cAzad s\u00f6z\u201d kanal\u0131n\u0131n r\u0259hb\u0259ri Tural Sad\u0131ql\u0131d\u0131r. Ona qar\u015f\u0131 Az\u0259rbaycan Cinay\u0259t M\u0259c\u0259ll\u0259sinin 178.3.1 (d\u0259l\u0259duzluq \u2013 b\u00f6y\u00fck m\u0259bl\u0259\u011fd\u0259 v\u0259 qrup hal\u0131nda), 220.2 (hakimiyy\u0259t n\u00fcmay\u0259nd\u0259sinin qanuni t\u0259l\u0259bl\u0259rin\u0259 f\u0259al \u015f\u0259kild\u0259 tabe olmama\u011fa v\u0259 k\u00fctl\u0259vi i\u011fti\u015fa\u015flara, habel\u0259 v\u0259t\u0259nda\u015flara qar\u015f\u0131 zorak\u0131l\u0131q etm\u0259y\u0259 \u00e7a\u011f\u0131r\u0131\u015flar etm\u0259), 281.2 (d\u00f6vl\u0259t \u0259leyhin\u0259 a\u00e7\u0131q \u00e7a\u011f\u0131r\u0131\u015flar \u2013 t\u0259krar t\u00f6r\u0259dildikd\u0259) v\u0259 320.1 (r\u0259smi s\u0259n\u0259dl\u0259ri saxtala\u015fd\u0131rma) madd\u0259l\u0259ri il\u0259 <a href=\"https:\/\/www.youtube.com\/watch?v=ZBVibMTZ89E\">ittihamlar m\u00fc\u0259yy\u0259nl\u0259\u015fdirilib.<\/a><\/p>\n\n\n\n<p>Tural Sad\u0131ql\u0131 h\u0259l\u0259 ki, m\u0259s\u0259l\u0259ni \u015f\u0259rh etm\u0259yib.<\/p>\n\n\n\n<p>2025-ci ilin mart\u0131ndan etibar\u0259n Az\u0259rbaycan\u0131n Ba\u015f Prokurorlu\u011fu bu \u00f6lk\u0259d\u0259n xaric\u0259 m\u00fchacir\u0259t etmi\u015f b\u0131r s\u0131ra \u015f\u0259xsl\u0259ri \u0130stintaq \u0130dar\u0259sin\u0259 \u00e7a\u011f\u0131rma\u011fa <a href=\"https:\/\/report.az\/hadise\/ilqar-haciyev-mehemmed-mirzeli-qurban-memmedov-ve-diger-sexsler-bas-prokurorluga-cagiriliblar\/\" target=\"_blank\" rel=\"noreferrer noopener\">ba\u015flay\u0131b<\/a>. Aralar\u0131nda blogerl\u0259r, biznesmen v\u0259 internet kanallar\u0131n\u0131n r\u0259hb\u0259rinin d\u0259 oldu\u011fu bu \u015f\u0259xsl\u0259r m\u00fcxt\u0259lif madd\u0259l\u0259rl\u0259 ittiham edilibl\u0259r v\u0259 b\u0259zil\u0259ri bar\u0259sind\u0259 qiyabi h\u00f6km \u00e7\u0131xar\u0131l\u0131b.<\/p>\n\n\n\n<p>Almaniyada ya\u015fayan Qabil M\u0259mm\u0259dov 16 il, \u0130mam\u0259ddin \u018flimanov 7 il azadl\u0131qdan m\u0259hrum edilib. H\u0259r ikisinin m\u0259hk\u0259m\u0259si onlar\u0131n i\u015ftirak\u0131 olmadan ke\u00e7irilib v\u0259 h\u00f6km d\u0259 qiyabi \u015f\u0259kild\u0259 \u00e7\u0131xar\u0131l\u0131b.<\/p>\n\n\n\n<p>Haqq\u0131nda qiyabi cinay\u0259t t\u0259qibi apar\u0131lanlar s\u0131ras\u0131nda vaxtil\u0259 Az\u0259rbaycanda bir \u00e7ox tenderl\u0259rin qalibi olmu\u015f \u201cAkkord\u201d \u015firk\u0259tinin r\u0259hb\u0259ri \u0130lqar Hac\u0131yev, f\u0259aliyy\u0259ti dayand\u0131r\u0131lm\u0131\u015f Az\u0259rbaycan Beyn\u0259lxalq Universitetinin (ABU) rektoru El\u015fad Abdullayev v\u0259 ba\u015fqalar\u0131 da var.<\/p>\n","protected":false},"excerpt":{"rendered":"<p>Xaricd\u0259 ya\u015fayan daha bir ne\u00e7\u0259 siyasi m\u00fchacir &#8211; Qurban M\u0259mm\u0259dov, &#8230; <\/p>\n<p class=\"read-more-container\"><a title=\"Siyasi m\u00fchacir: Almaniyada oturdu\u011fum halda, Az\u0259rbaycanda nec\u0259 \u00e7evirili\u015f ed\u0259 bil\u0259r\u0259m?\u00a0\" class=\"read-more button\" href=\"https:\/\/www.meydan.tv\/az\/article\/bar%c9%99sind%c9%99-cinay%c9%99t-isi-acilan-siyasi-muhacir-almaniyada-oturdugum-halda-az%c9%99rbaycanda-nec%c9%99-cevirilis-ed%c9%99-bil%c9%99r%c9%99m\/#more-334321\" aria-label=\"Read more about Siyasi m\u00fchacir: Almaniyada oturdu\u011fum halda, Az\u0259rbaycanda nec\u0259 \u00e7evirili\u015f ed\u0259 bil\u0259r\u0259m?\u00a0\">Davam\u0131<\/a><\/p>\n","protected":false},"author":16,"featured_media":162693,"comment_status":"closed","ping_status":"closed","sticky":false,"template":"","format":"standard","meta":{"_acf_changed":false,"_sitemap_exclude":false,"_sitemap_priority":"","_sitemap_frequency":"","footnotes":""},"categories":[59,79,56],"tags":[],"class_list":["post-334321","post","type-post","status-publish","format-standard","has-post-thumbnail","hentry","category-siyaset","category-featured","category-xeberler","infinite-scroll-item","generate-columns","tablet-grid-50","mobile-grid-100","grid-parent","grid-33","no-featured-image-padding"],"acf":[],"yoast_head":"<!-- This site is optimized with the Yoast SEO plugin v27.4 - https:\/\/yoast.com\/product\/yoast-seo-wordpress\/ -->\n<title>Siyasi m\u00fchacir: Almaniyada oturdu\u011fum halda, Az\u0259rbaycanda nec\u0259 \u00e7evirili\u015f ed\u0259 bil\u0259r\u0259m?\u00a0 - MEYDAN.TV<\/title>\n<meta name=\"robots\" content=\"index, follow, max-snippet:-1, max-image-preview:large, max-video-preview:-1\" \/>\n<link rel=\"canonical\" href=\"https:\/\/www.meydan.tv\/az\/article\/bar%c9%99sind%c9%99-cinay%c9%99t-isi-acilan-siyasi-muhacir-almaniyada-oturdugum-halda-az%c9%99rbaycanda-nec%c9%99-cevirilis-ed%c9%99-bil%c9%99r%c9%99m\/\" \/>\n<meta property=\"og:locale\" content=\"az_AZ\" \/>\n<meta property=\"og:type\" content=\"article\" \/>\n<meta property=\"og:title\" content=\"Siyasi m\u00fchacir: Almaniyada oturdu\u011fum halda, Az\u0259rbaycanda nec\u0259 \u00e7evirili\u015f ed\u0259 bil\u0259r\u0259m?\u00a0 - MEYDAN.TV\" \/>\n<meta property=\"og:description\" content=\"Xaricd\u0259 ya\u015fayan daha bir ne\u00e7\u0259 siyasi m\u00fchacir &#8211; Qurban M\u0259mm\u0259dov, ... Davam\u0131\" \/>\n<meta property=\"og:url\" content=\"https:\/\/www.meydan.tv\/az\/article\/bar%c9%99sind%c9%99-cinay%c9%99t-isi-acilan-siyasi-muhacir-almaniyada-oturdugum-halda-az%c9%99rbaycanda-nec%c9%99-cevirilis-ed%c9%99-bil%c9%99r%c9%99m\/\" \/>\n<meta property=\"og:site_name\" content=\"MEYDAN.TV\" \/>\n<meta property=\"article:published_time\" content=\"2025-08-19T15:22:07+00:00\" \/>\n<meta property=\"article:modified_time\" content=\"2025-08-19T15:22:10+00:00\" \/>\n<meta property=\"og:image\" content=\"https:\/\/www.meydan.tv\/wp-content\/uploads\/mehkeme-1-scaled.jpg\" \/>\n\t<meta property=\"og:image:width\" content=\"2560\" \/>\n\t<meta property=\"og:image:height\" content=\"1440\" \/>\n\t<meta property=\"og:image:type\" content=\"image\/jpeg\" \/>\n<meta name=\"author\" content=\"sevda\" \/>\n<meta name=\"twitter:card\" content=\"summary_large_image\" \/>\n<script type=\"application\/ld+json\" class=\"yoast-schema-graph\">{\"@context\":\"https:\\\/\\\/schema.org\",\"@graph\":[{\"@type\":\"Article\",\"@id\":\"https:\\\/\\\/www.meydan.tv\\\/az\\\/article\\\/bar%c9%99sind%c9%99-cinay%c9%99t-isi-acilan-siyasi-muhacir-almaniyada-oturdugum-halda-az%c9%99rbaycanda-nec%c9%99-cevirilis-ed%c9%99-bil%c9%99r%c9%99m\\\/#article\",\"isPartOf\":{\"@id\":\"https:\\\/\\\/www.meydan.tv\\\/az\\\/article\\\/bar%c9%99sind%c9%99-cinay%c9%99t-isi-acilan-siyasi-muhacir-almaniyada-oturdugum-halda-az%c9%99rbaycanda-nec%c9%99-cevirilis-ed%c9%99-bil%c9%99r%c9%99m\\\/\"},\"author\":{\"name\":\"sevda\",\"@id\":\"https:\\\/\\\/www.meydan.tv\\\/az\\\/#\\\/schema\\\/person\\\/49b5f2bad5b126bb8ea9320eeb3e4dc9\"},\"headline\":\"Siyasi m\u00fchacir: Almaniyada oturdu\u011fum halda, Az\u0259rbaycanda nec\u0259 \u00e7evirili\u015f ed\u0259 bil\u0259r\u0259m?\u00a0\",\"datePublished\":\"2025-08-19T15:22:07+00:00\",\"dateModified\":\"2025-08-19T15:22:10+00:00\",\"mainEntityOfPage\":{\"@id\":\"https:\\\/\\\/www.meydan.tv\\\/az\\\/article\\\/bar%c9%99sind%c9%99-cinay%c9%99t-isi-acilan-siyasi-muhacir-almaniyada-oturdugum-halda-az%c9%99rbaycanda-nec%c9%99-cevirilis-ed%c9%99-bil%c9%99r%c9%99m\\\/\"},\"wordCount\":898,\"publisher\":{\"@id\":\"https:\\\/\\\/www.meydan.tv\\\/az\\\/#organization\"},\"image\":{\"@id\":\"https:\\\/\\\/www.meydan.tv\\\/az\\\/article\\\/bar%c9%99sind%c9%99-cinay%c9%99t-isi-acilan-siyasi-muhacir-almaniyada-oturdugum-halda-az%c9%99rbaycanda-nec%c9%99-cevirilis-ed%c9%99-bil%c9%99r%c9%99m\\\/#primaryimage\"},\"thumbnailUrl\":\"https:\\\/\\\/www.meydan.tv\\\/wp-content\\\/uploads\\\/mehkeme-1-scaled.jpg\",\"articleSection\":[\"Siyas\u0259t\",\"T\u00f6vsiy\u0259\",\"X\u0259b\u0259rl\u0259r\"],\"inLanguage\":\"az\"},{\"@type\":\"WebPage\",\"@id\":\"https:\\\/\\\/www.meydan.tv\\\/az\\\/article\\\/bar%c9%99sind%c9%99-cinay%c9%99t-isi-acilan-siyasi-muhacir-almaniyada-oturdugum-halda-az%c9%99rbaycanda-nec%c9%99-cevirilis-ed%c9%99-bil%c9%99r%c9%99m\\\/\",\"url\":\"https:\\\/\\\/www.meydan.tv\\\/az\\\/article\\\/bar%c9%99sind%c9%99-cinay%c9%99t-isi-acilan-siyasi-muhacir-almaniyada-oturdugum-halda-az%c9%99rbaycanda-nec%c9%99-cevirilis-ed%c9%99-bil%c9%99r%c9%99m\\\/\",\"name\":\"Siyasi m\u00fchacir: Almaniyada oturdu\u011fum halda, Az\u0259rbaycanda nec\u0259 \u00e7evirili\u015f ed\u0259 bil\u0259r\u0259m?\u00a0 - MEYDAN.TV\",\"isPartOf\":{\"@id\":\"https:\\\/\\\/www.meydan.tv\\\/az\\\/#website\"},\"primaryImageOfPage\":{\"@id\":\"https:\\\/\\\/www.meydan.tv\\\/az\\\/article\\\/bar%c9%99sind%c9%99-cinay%c9%99t-isi-acilan-siyasi-muhacir-almaniyada-oturdugum-halda-az%c9%99rbaycanda-nec%c9%99-cevirilis-ed%c9%99-bil%c9%99r%c9%99m\\\/#primaryimage\"},\"image\":{\"@id\":\"https:\\\/\\\/www.meydan.tv\\\/az\\\/article\\\/bar%c9%99sind%c9%99-cinay%c9%99t-isi-acilan-siyasi-muhacir-almaniyada-oturdugum-halda-az%c9%99rbaycanda-nec%c9%99-cevirilis-ed%c9%99-bil%c9%99r%c9%99m\\\/#primaryimage\"},\"thumbnailUrl\":\"https:\\\/\\\/www.meydan.tv\\\/wp-content\\\/uploads\\\/mehkeme-1-scaled.jpg\",\"datePublished\":\"2025-08-19T15:22:07+00:00\",\"dateModified\":\"2025-08-19T15:22:10+00:00\",\"breadcrumb\":{\"@id\":\"https:\\\/\\\/www.meydan.tv\\\/az\\\/article\\\/bar%c9%99sind%c9%99-cinay%c9%99t-isi-acilan-siyasi-muhacir-almaniyada-oturdugum-halda-az%c9%99rbaycanda-nec%c9%99-cevirilis-ed%c9%99-bil%c9%99r%c9%99m\\\/#breadcrumb\"},\"inLanguage\":\"az\",\"potentialAction\":[{\"@type\":\"ReadAction\",\"target\":[\"https:\\\/\\\/www.meydan.tv\\\/az\\\/article\\\/bar%c9%99sind%c9%99-cinay%c9%99t-isi-acilan-siyasi-muhacir-almaniyada-oturdugum-halda-az%c9%99rbaycanda-nec%c9%99-cevirilis-ed%c9%99-bil%c9%99r%c9%99m\\\/\"]}]},{\"@type\":\"ImageObject\",\"inLanguage\":\"az\",\"@id\":\"https:\\\/\\\/www.meydan.tv\\\/az\\\/article\\\/bar%c9%99sind%c9%99-cinay%c9%99t-isi-acilan-siyasi-muhacir-almaniyada-oturdugum-halda-az%c9%99rbaycanda-nec%c9%99-cevirilis-ed%c9%99-bil%c9%99r%c9%99m\\\/#primaryimage\",\"url\":\"https:\\\/\\\/www.meydan.tv\\\/wp-content\\\/uploads\\\/mehkeme-1-scaled.jpg\",\"contentUrl\":\"https:\\\/\\\/www.meydan.tv\\\/wp-content\\\/uploads\\\/mehkeme-1-scaled.jpg\",\"width\":2560,\"height\":1440,\"caption\":\"\u0130ll\u00fcstrasiya: Meydan TV\"},{\"@type\":\"BreadcrumbList\",\"@id\":\"https:\\\/\\\/www.meydan.tv\\\/az\\\/article\\\/bar%c9%99sind%c9%99-cinay%c9%99t-isi-acilan-siyasi-muhacir-almaniyada-oturdugum-halda-az%c9%99rbaycanda-nec%c9%99-cevirilis-ed%c9%99-bil%c9%99r%c9%99m\\\/#breadcrumb\",\"itemListElement\":[{\"@type\":\"ListItem\",\"position\":1,\"name\":\"Ana s\u0259hif\u0259\",\"item\":\"https:\\\/\\\/www.meydan.tv\\\/az\\\/\"},{\"@type\":\"ListItem\",\"position\":2,\"name\":\"X\u0259b\u0259rl\u0259r\",\"item\":\"https:\\\/\\\/www.meydan.tv\\\/az\\\/section\\\/xeberler\\\/\"},{\"@type\":\"ListItem\",\"position\":3,\"name\":\"Siyasi m\u00fchacir: Almaniyada oturdu\u011fum halda, Az\u0259rbaycanda nec\u0259 \u00e7evirili\u015f ed\u0259 bil\u0259r\u0259m?\u00a0\"}]},{\"@type\":\"WebSite\",\"@id\":\"https:\\\/\\\/www.meydan.tv\\\/az\\\/#website\",\"url\":\"https:\\\/\\\/www.meydan.tv\\\/az\\\/\",\"name\":\"MEYDAN.TV\",\"description\":\"Meydan TV Az\u0259rbaycan\u0131n media m\u0259kan\u0131ndak\u0131 alternativ s\u0259sidir\",\"publisher\":{\"@id\":\"https:\\\/\\\/www.meydan.tv\\\/az\\\/#organization\"},\"potentialAction\":[{\"@type\":\"SearchAction\",\"target\":{\"@type\":\"EntryPoint\",\"urlTemplate\":\"https:\\\/\\\/www.meydan.tv\\\/az\\\/?s={search_term_string}\"},\"query-input\":{\"@type\":\"PropertyValueSpecification\",\"valueRequired\":true,\"valueName\":\"search_term_string\"}}],\"inLanguage\":\"az\"},{\"@type\":\"Organization\",\"@id\":\"https:\\\/\\\/www.meydan.tv\\\/az\\\/#organization\",\"name\":\"Meydan TV\",\"url\":\"https:\\\/\\\/www.meydan.tv\\\/az\\\/\",\"logo\":{\"@type\":\"ImageObject\",\"inLanguage\":\"az\",\"@id\":\"https:\\\/\\\/www.meydan.tv\\\/az\\\/#\\\/schema\\\/logo\\\/image\\\/\",\"url\":\"https:\\\/\\\/www.meydan.tv\\\/wp-content\\\/uploads\\\/2021\\\/07\\\/meydan-logo.svg\",\"contentUrl\":\"https:\\\/\\\/www.meydan.tv\\\/wp-content\\\/uploads\\\/2021\\\/07\\\/meydan-logo.svg\",\"width\":195,\"height\":46,\"caption\":\"Meydan TV\"},\"image\":{\"@id\":\"https:\\\/\\\/www.meydan.tv\\\/az\\\/#\\\/schema\\\/logo\\\/image\\\/\"}},{\"@type\":\"Person\",\"@id\":\"https:\\\/\\\/www.meydan.tv\\\/az\\\/#\\\/schema\\\/person\\\/49b5f2bad5b126bb8ea9320eeb3e4dc9\",\"name\":\"sevda\"}]}<\/script>\n<!-- \/ Yoast SEO plugin. -->","yoast_head_json":{"title":"Siyasi m\u00fchacir: Almaniyada oturdu\u011fum halda, Az\u0259rbaycanda nec\u0259 \u00e7evirili\u015f ed\u0259 bil\u0259r\u0259m?\u00a0 - MEYDAN.TV","robots":{"index":"index","follow":"follow","max-snippet":"max-snippet:-1","max-image-preview":"max-image-preview:large","max-video-preview":"max-video-preview:-1"},"canonical":"https:\/\/www.meydan.tv\/az\/article\/bar%c9%99sind%c9%99-cinay%c9%99t-isi-acilan-siyasi-muhacir-almaniyada-oturdugum-halda-az%c9%99rbaycanda-nec%c9%99-cevirilis-ed%c9%99-bil%c9%99r%c9%99m\/","og_locale":"az_AZ","og_type":"article","og_title":"Siyasi m\u00fchacir: Almaniyada oturdu\u011fum halda, Az\u0259rbaycanda nec\u0259 \u00e7evirili\u015f ed\u0259 bil\u0259r\u0259m?\u00a0 - MEYDAN.TV","og_description":"Xaricd\u0259 ya\u015fayan daha bir ne\u00e7\u0259 siyasi m\u00fchacir &#8211; Qurban M\u0259mm\u0259dov, ... Davam\u0131","og_url":"https:\/\/www.meydan.tv\/az\/article\/bar%c9%99sind%c9%99-cinay%c9%99t-isi-acilan-siyasi-muhacir-almaniyada-oturdugum-halda-az%c9%99rbaycanda-nec%c9%99-cevirilis-ed%c9%99-bil%c9%99r%c9%99m\/","og_site_name":"MEYDAN.TV","article_published_time":"2025-08-19T15:22:07+00:00","article_modified_time":"2025-08-19T15:22:10+00:00","og_image":[{"width":2560,"height":1440,"url":"https:\/\/www.meydan.tv\/wp-content\/uploads\/mehkeme-1-scaled.jpg","type":"image\/jpeg"}],"author":"sevda","twitter_card":"summary_large_image","schema":{"@context":"https:\/\/schema.org","@graph":[{"@type":"Article","@id":"https:\/\/www.meydan.tv\/az\/article\/bar%c9%99sind%c9%99-cinay%c9%99t-isi-acilan-siyasi-muhacir-almaniyada-oturdugum-halda-az%c9%99rbaycanda-nec%c9%99-cevirilis-ed%c9%99-bil%c9%99r%c9%99m\/#article","isPartOf":{"@id":"https:\/\/www.meydan.tv\/az\/article\/bar%c9%99sind%c9%99-cinay%c9%99t-isi-acilan-siyasi-muhacir-almaniyada-oturdugum-halda-az%c9%99rbaycanda-nec%c9%99-cevirilis-ed%c9%99-bil%c9%99r%c9%99m\/"},"author":{"name":"sevda","@id":"https:\/\/www.meydan.tv\/az\/#\/schema\/person\/49b5f2bad5b126bb8ea9320eeb3e4dc9"},"headline":"Siyasi m\u00fchacir: Almaniyada oturdu\u011fum halda, Az\u0259rbaycanda nec\u0259 \u00e7evirili\u015f ed\u0259 bil\u0259r\u0259m?\u00a0","datePublished":"2025-08-19T15:22:07+00:00","dateModified":"2025-08-19T15:22:10+00:00","mainEntityOfPage":{"@id":"https:\/\/www.meydan.tv\/az\/article\/bar%c9%99sind%c9%99-cinay%c9%99t-isi-acilan-siyasi-muhacir-almaniyada-oturdugum-halda-az%c9%99rbaycanda-nec%c9%99-cevirilis-ed%c9%99-bil%c9%99r%c9%99m\/"},"wordCount":898,"publisher":{"@id":"https:\/\/www.meydan.tv\/az\/#organization"},"image":{"@id":"https:\/\/www.meydan.tv\/az\/article\/bar%c9%99sind%c9%99-cinay%c9%99t-isi-acilan-siyasi-muhacir-almaniyada-oturdugum-halda-az%c9%99rbaycanda-nec%c9%99-cevirilis-ed%c9%99-bil%c9%99r%c9%99m\/#primaryimage"},"thumbnailUrl":"https:\/\/www.meydan.tv\/wp-content\/uploads\/mehkeme-1-scaled.jpg","articleSection":["Siyas\u0259t","T\u00f6vsiy\u0259","X\u0259b\u0259rl\u0259r"],"inLanguage":"az"},{"@type":"WebPage","@id":"https:\/\/www.meydan.tv\/az\/article\/bar%c9%99sind%c9%99-cinay%c9%99t-isi-acilan-siyasi-muhacir-almaniyada-oturdugum-halda-az%c9%99rbaycanda-nec%c9%99-cevirilis-ed%c9%99-bil%c9%99r%c9%99m\/","url":"https:\/\/www.meydan.tv\/az\/article\/bar%c9%99sind%c9%99-cinay%c9%99t-isi-acilan-siyasi-muhacir-almaniyada-oturdugum-halda-az%c9%99rbaycanda-nec%c9%99-cevirilis-ed%c9%99-bil%c9%99r%c9%99m\/","name":"Siyasi m\u00fchacir: Almaniyada oturdu\u011fum halda, Az\u0259rbaycanda nec\u0259 \u00e7evirili\u015f ed\u0259 bil\u0259r\u0259m?\u00a0 - MEYDAN.TV","isPartOf":{"@id":"https:\/\/www.meydan.tv\/az\/#website"},"primaryImageOfPage":{"@id":"https:\/\/www.meydan.tv\/az\/article\/bar%c9%99sind%c9%99-cinay%c9%99t-isi-acilan-siyasi-muhacir-almaniyada-oturdugum-halda-az%c9%99rbaycanda-nec%c9%99-cevirilis-ed%c9%99-bil%c9%99r%c9%99m\/#primaryimage"},"image":{"@id":"https:\/\/www.meydan.tv\/az\/article\/bar%c9%99sind%c9%99-cinay%c9%99t-isi-acilan-siyasi-muhacir-almaniyada-oturdugum-halda-az%c9%99rbaycanda-nec%c9%99-cevirilis-ed%c9%99-bil%c9%99r%c9%99m\/#primaryimage"},"thumbnailUrl":"https:\/\/www.meydan.tv\/wp-content\/uploads\/mehkeme-1-scaled.jpg","datePublished":"2025-08-19T15:22:07+00:00","dateModified":"2025-08-19T15:22:10+00:00","breadcrumb":{"@id":"https:\/\/www.meydan.tv\/az\/article\/bar%c9%99sind%c9%99-cinay%c9%99t-isi-acilan-siyasi-muhacir-almaniyada-oturdugum-halda-az%c9%99rbaycanda-nec%c9%99-cevirilis-ed%c9%99-bil%c9%99r%c9%99m\/#breadcrumb"},"inLanguage":"az","potentialAction":[{"@type":"ReadAction","target":["https:\/\/www.meydan.tv\/az\/article\/bar%c9%99sind%c9%99-cinay%c9%99t-isi-acilan-siyasi-muhacir-almaniyada-oturdugum-halda-az%c9%99rbaycanda-nec%c9%99-cevirilis-ed%c9%99-bil%c9%99r%c9%99m\/"]}]},{"@type":"ImageObject","inLanguage":"az","@id":"https:\/\/www.meydan.tv\/az\/article\/bar%c9%99sind%c9%99-cinay%c9%99t-isi-acilan-siyasi-muhacir-almaniyada-oturdugum-halda-az%c9%99rbaycanda-nec%c9%99-cevirilis-ed%c9%99-bil%c9%99r%c9%99m\/#primaryimage","url":"https:\/\/www.meydan.tv\/wp-content\/uploads\/mehkeme-1-scaled.jpg","contentUrl":"https:\/\/www.meydan.tv\/wp-content\/uploads\/mehkeme-1-scaled.jpg","width":2560,"height":1440,"caption":"\u0130ll\u00fcstrasiya: Meydan TV"},{"@type":"BreadcrumbList","@id":"https:\/\/www.meydan.tv\/az\/article\/bar%c9%99sind%c9%99-cinay%c9%99t-isi-acilan-siyasi-muhacir-almaniyada-oturdugum-halda-az%c9%99rbaycanda-nec%c9%99-cevirilis-ed%c9%99-bil%c9%99r%c9%99m\/#breadcrumb","itemListElement":[{"@type":"ListItem","position":1,"name":"Ana s\u0259hif\u0259","item":"https:\/\/www.meydan.tv\/az\/"},{"@type":"ListItem","position":2,"name":"X\u0259b\u0259rl\u0259r","item":"https:\/\/www.meydan.tv\/az\/section\/xeberler\/"},{"@type":"ListItem","position":3,"name":"Siyasi m\u00fchacir: Almaniyada oturdu\u011fum halda, Az\u0259rbaycanda nec\u0259 \u00e7evirili\u015f ed\u0259 bil\u0259r\u0259m?\u00a0"}]},{"@type":"WebSite","@id":"https:\/\/www.meydan.tv\/az\/#website","url":"https:\/\/www.meydan.tv\/az\/","name":"MEYDAN.TV","description":"Meydan TV Az\u0259rbaycan\u0131n media m\u0259kan\u0131ndak\u0131 alternativ s\u0259sidir","publisher":{"@id":"https:\/\/www.meydan.tv\/az\/#organization"},"potentialAction":[{"@type":"SearchAction","target":{"@type":"EntryPoint","urlTemplate":"https:\/\/www.meydan.tv\/az\/?s={search_term_string}"},"query-input":{"@type":"PropertyValueSpecification","valueRequired":true,"valueName":"search_term_string"}}],"inLanguage":"az"},{"@type":"Organization","@id":"https:\/\/www.meydan.tv\/az\/#organization","name":"Meydan TV","url":"https:\/\/www.meydan.tv\/az\/","logo":{"@type":"ImageObject","inLanguage":"az","@id":"https:\/\/www.meydan.tv\/az\/#\/schema\/logo\/image\/","url":"https:\/\/www.meydan.tv\/wp-content\/uploads\/2021\/07\/meydan-logo.svg","contentUrl":"https:\/\/www.meydan.tv\/wp-content\/uploads\/2021\/07\/meydan-logo.svg","width":195,"height":46,"caption":"Meydan TV"},"image":{"@id":"https:\/\/www.meydan.tv\/az\/#\/schema\/logo\/image\/"}},{"@type":"Person","@id":"https:\/\/www.meydan.tv\/az\/#\/schema\/person\/49b5f2bad5b126bb8ea9320eeb3e4dc9","name":"sevda"}]}},"_links":{"self":[{"href":"https:\/\/www.meydan.tv\/az\/wp-json\/wp\/v2\/posts\/334321","targetHints":{"allow":["GET"]}}],"collection":[{"href":"https:\/\/www.meydan.tv\/az\/wp-json\/wp\/v2\/posts"}],"about":[{"href":"https:\/\/www.meydan.tv\/az\/wp-json\/wp\/v2\/types\/post"}],"author":[{"embeddable":true,"href":"https:\/\/www.meydan.tv\/az\/wp-json\/wp\/v2\/users\/16"}],"replies":[{"embeddable":true,"href":"https:\/\/www.meydan.tv\/az\/wp-json\/wp\/v2\/comments?post=334321"}],"version-history":[{"count":3,"href":"https:\/\/www.meydan.tv\/az\/wp-json\/wp\/v2\/posts\/334321\/revisions"}],"predecessor-version":[{"id":334324,"href":"https:\/\/www.meydan.tv\/az\/wp-json\/wp\/v2\/posts\/334321\/revisions\/334324"}],"wp:featuredmedia":[{"embeddable":true,"href":"https:\/\/www.meydan.tv\/az\/wp-json\/wp\/v2\/media\/162693"}],"wp:attachment":[{"href":"https:\/\/www.meydan.tv\/az\/wp-json\/wp\/v2\/media?parent=334321"}],"wp:term":[{"taxonomy":"category","embeddable":true,"href":"https:\/\/www.meydan.tv\/az\/wp-json\/wp\/v2\/categories?post=334321"},{"taxonomy":"post_tag","embeddable":true,"href":"https:\/\/www.meydan.tv\/az\/wp-json\/wp\/v2\/tags?post=334321"}],"curies":[{"name":"wp","href":"https:\/\/api.w.org\/{rel}","templated":true}]}}