{"id":334293,"date":"2025-08-19T13:15:21","date_gmt":"2025-08-19T09:15:21","guid":{"rendered":"https:\/\/www.meydan.tv\/?p=334293"},"modified":"2025-08-19T20:03:25","modified_gmt":"2025-08-19T16:03:25","slug":"ehalinin-13-faizind%c9%99n-coxu-yoxsulluq-s%c9%99viyy%c9%99sind%c9%99n-d%c9%99-asagi-yasayir","status":"publish","type":"post","link":"https:\/\/www.meydan.tv\/az\/article\/ehalinin-13-faizind%c9%99n-coxu-yoxsulluq-s%c9%99viyy%c9%99sind%c9%99n-d%c9%99-asagi-yasayir\/","title":{"rendered":"\u018fhalinin 13 faizind\u0259n \u00e7oxu yoxsulluq s\u0259viyy\u0259sind\u0259n d\u0259 a\u015fa\u011f\u0131 ya\u015fay\u0131r"},"content":{"rendered":"\n<p>2024-c\u00fc ild\u0259 \u0259halinin t\u0259qrib\u0259n 13,2 faizi 270 manatdan az g\u0259lir \u0259ld\u0259 edib. Y\u0259ni adamba\u015f\u0131na d\u00fc\u015f\u0259n g\u0259lirl\u0259r ya\u015fay\u0131\u015f \u00fc\u00e7\u00fcn m\u00fc\u0259yy\u0259n edilmi\u015f minimum h\u0259dd\u0259n a\u015fa\u011f\u0131 olub.<\/p>\n\n\n\n<p>Bu bar\u0259d\u0259 m\u0259lumat D\u00f6vl\u0259t Statistika Komit\u0259sinin 2024-c\u00fc il \u201cEv t\u0259s\u0259rr\u00fcfat\u0131 t\u0259dqiqat\u0131n\u0131n yekunlar\u0131\u201dna dair m\u0259cmu\u0259sind\u0259 yer al\u0131b.<\/p>\n\n\n\n<p>\u00d6t\u0259n il m\u00fc\u0259yy\u0259n edilmi\u015f ya\u015fay\u0131\u015f minimumu 270 manat olub. \u201cYa\u015fay\u0131\u015f minimumu haqq\u0131nda\u201d Qanuna \u0259sas\u0259n, 2024-c\u00fc ild\u0259 i\u015fl\u0259y\u0259n \u0259hali \u00fc\u00e7\u00fcn ya\u015fay\u0131\u015f minimumu 287 manat, pensiya\u00e7\u0131lar \u00fc\u00e7\u00fcn 222 manat, u\u015faqlar \u00fc\u00e7\u00fcn is\u0259 235 manat m\u00fc\u0259yy\u0259nl\u0259\u015fib. Bel\u0259likl\u0259, \u0259halinin 13,2 faizi yoxsulluq h\u0259ddind\u0259n d\u0259 a\u015fa\u011f\u0131 s\u0259viyy\u0259d\u0259 ya\u015fay\u0131b.<\/p>\n\n\n\n<p>Ya\u015fay\u0131\u015f minimumundan a\u015fa\u011f\u0131 g\u0259lir \u0259ld\u0259 ed\u0259nl\u0259rin pay\u0131 k\u0259nd yerl\u0259rind\u0259 daha y\u00fcks\u0259kdir. Bel\u0259 ki, k\u0259nd yerl\u0259rind\u0259 ya\u015fayanlar\u0131n 17 faizi, \u015f\u0259h\u0259r yerl\u0259rind\u0259 is\u0259 10 faizinin ya\u015fay\u0131\u015f minimumunu qar\u015f\u0131lamayan g\u0259lir\u0259 malik oldu\u011fu a\u015fkarlan\u0131b.<\/p>\n\n\n\n<figure class=\"wp-block-image size-large\"><img decoding=\"async\" width=\"748\" height=\"821\" data-src=\"https:\/\/www.meydan.tv\/wp-content\/uploads\/image-68-748x821.png\" alt=\"\" class=\"wp-image-334294 lazyload\" src=\"data:image\/svg+xml;base64,PHN2ZyB3aWR0aD0iMSIgaGVpZ2h0PSIxIiB4bWxucz0iaHR0cDovL3d3dy53My5vcmcvMjAwMC9zdmciPjwvc3ZnPg==\" style=\"--smush-placeholder-width: 748px; --smush-placeholder-aspect-ratio: 748\/821;\" \/><\/figure>\n\n\n\n<p>T\u0259dqiqata \u0259sas\u0259n, 2024-c\u00fc ild\u0259 \u00f6lk\u0259d\u0259 \u0259halinin 13,2 faizinin g\u0259liri 180-270 manat, 26,7 faizinin is\u0259&nbsp; 271-340 manat civar\u0131nda olub. &nbsp;<\/p>\n\n\n\n<p>Bundan \u0259lav\u0259,&nbsp; \u0259halinin 12,3 faizi minimum \u0259m\u0259khaqq\u0131 s\u0259viyy\u0259sind\u0259 &#8211; 340-380 manat g\u0259lir \u0259ld\u0259 edib. Lakin bu g\u00f6st\u0259rici \u201ckomfortlu h\u0259yat\u201d deyil, yaln\u0131z \u201cminimum t\u0259l\u0259batlar\u0131n \u00f6d\u0259nilm\u0259si\u201d s\u0259viyy\u0259si kimi qiym\u0259tl\u0259ndiril\u0259 bil\u0259r.<\/p>\n\n\n\n<p>\u018fhalinin 33,8 faizinin g\u0259liri 381-600 manat, 14 faizinin is\u0259 600 manatdan \u00e7ox t\u0259\u015fkil edib.<\/p>\n\n\n\n<p>T\u0259dqiqat\u0131n n\u0259tic\u0259l\u0259rin\u0259 \u0259sas\u0259n, adamba\u015f\u0131na d\u00fc\u015f\u0259n orta ayl\u0131q g\u0259lir 359,2 manat, istehlak x\u0259rcl\u0259ri is\u0259 363,5 manat olub. Bununla bel\u0259, \u0259halinin 52,2 faizinin g\u0259liri 180-380 manat aras\u0131nda d\u0259yi\u015fib. Bu is\u0259 o dem\u0259kdir ki, \u00f6t\u0259n il \u0259halinin ayl\u0131q g\u0259lirl\u0259ri g\u00fcnd\u0259lik istehlak x\u0259rcl\u0259rinin \u00f6d\u0259nm\u0259si \u00fc\u00e7\u00fcn kifay\u0259t etm\u0259yib.<\/p>\n\n\n\n<p>Ev t\u0259s\u0259rr\u00fcfatlar\u0131nda adamba\u015f\u0131na d\u00fc\u015f\u0259n istehlak x\u0259rcl\u0259rinin strukturuna n\u0259z\u0259r sald\u0131qda qida x\u0259rcl\u0259rinin \u00fcst\u00fcnl\u00fck t\u0259\u015fkil etdiyi g\u00f6r\u00fcn\u00fcr. Bel\u0259 ki, ayl\u0131q istehlak x\u0259rcl\u0259rinin 43,5 faizi (158,1 manat) qida m\u0259hsullar\u0131na, 5,8 faizi (21,2 manat) geyim v\u0259 ayaqqab\u0131ya, 7,7 faizi (28,7 manat) qaz, su v\u0259 i\u015f\u0131q kimi kommunal x\u0259rcl\u0259r\u0259, 5,3 faizi (19 manat) s\u0259hiyy\u0259 xidm\u0259tl\u0259rin\u0259, 6,6 faizi (24,3 manat) n\u0259qliyyat xidm\u0259tl\u0259rin\u0259, 12,1 faizi (44,6 manat) is\u0259 m\u00fcxt\u0259lif xidm\u0259tl\u0259r\u0259 s\u0259rf olunub.<\/p>\n\n\n\n<p>Ev t\u0259s\u0259rr\u00fcfatlar\u0131 b\u00fcdc\u0259l\u0259rinin se\u00e7m\u0259 t\u0259dqiqat\u0131 \u0259halinin m\u00fcxt\u0259lif qrup v\u0259 t\u0259b\u0259q\u0259l\u0259rinin h\u0259yat s\u0259viyy\u0259si haqq\u0131nda iqtisadi-statistik m\u0259lumatlar\u0131n \u0259ld\u0259 edilm\u0259si m\u0259qs\u0259dil\u0259 apar\u0131l\u0131r. Bu t\u0259dqiqat Avropa Statistika B\u00fcrosunun (Avrostat) v\u0259 D\u00fcnya Bank\u0131n\u0131n metodologiyas\u0131na uy\u011fun olaraq h\u0259yata ke\u00e7irilir v\u0259 b\u00fct\u00fcn iqtisadi rayonlar\u0131 \u0259hat\u0259 etm\u0259kl\u0259 h\u0259r r\u00fcb 10 510 ev t\u0259s\u0259rr\u00fcfat\u0131nda apar\u0131l\u0131r.<\/p>\n\n\n\n<p><\/p>\n","protected":false},"excerpt":{"rendered":"<p>2024-c\u00fc ild\u0259 \u0259halinin t\u0259qrib\u0259n 13,2 faizi 270 manatdan az g\u0259lir &#8230; <\/p>\n<p class=\"read-more-container\"><a title=\"\u018fhalinin 13 faizind\u0259n \u00e7oxu yoxsulluq s\u0259viyy\u0259sind\u0259n d\u0259 a\u015fa\u011f\u0131 ya\u015fay\u0131r\" class=\"read-more button\" href=\"https:\/\/www.meydan.tv\/az\/article\/ehalinin-13-faizind%c9%99n-coxu-yoxsulluq-s%c9%99viyy%c9%99sind%c9%99n-d%c9%99-asagi-yasayir\/#more-334293\" aria-label=\"Read more about \u018fhalinin 13 faizind\u0259n \u00e7oxu yoxsulluq s\u0259viyy\u0259sind\u0259n d\u0259 a\u015fa\u011f\u0131 ya\u015fay\u0131r\">Davam\u0131<\/a><\/p>\n","protected":false},"author":16,"featured_media":153435,"comment_status":"closed","ping_status":"closed","sticky":false,"template":"","format":"standard","meta":{"_acf_changed":false,"_sitemap_exclude":false,"_sitemap_priority":"","_sitemap_frequency":"","footnotes":""},"categories":[62,79,56],"tags":[],"class_list":["post-334293","post","type-post","status-publish","format-standard","has-post-thumbnail","hentry","category-sosial","category-featured","category-xeberler","infinite-scroll-item","generate-columns","tablet-grid-50","mobile-grid-100","grid-parent","grid-33","no-featured-image-padding"],"acf":[],"yoast_head":"<!-- This site is optimized with the Yoast SEO plugin v27.4 - https:\/\/yoast.com\/product\/yoast-seo-wordpress\/ -->\n<title>\u018fhalinin 13 faizind\u0259n \u00e7oxu yoxsulluq s\u0259viyy\u0259sind\u0259n d\u0259 a\u015fa\u011f\u0131 ya\u015fay\u0131r - MEYDAN.TV<\/title>\n<meta name=\"robots\" content=\"index, follow, max-snippet:-1, max-image-preview:large, max-video-preview:-1\" \/>\n<link rel=\"canonical\" href=\"https:\/\/www.meydan.tv\/az\/article\/ehalinin-13-faizind%c9%99n-coxu-yoxsulluq-s%c9%99viyy%c9%99sind%c9%99n-d%c9%99-asagi-yasayir\/\" \/>\n<meta property=\"og:locale\" content=\"az_AZ\" \/>\n<meta property=\"og:type\" content=\"article\" \/>\n<meta property=\"og:title\" content=\"\u018fhalinin 13 faizind\u0259n \u00e7oxu yoxsulluq s\u0259viyy\u0259sind\u0259n d\u0259 a\u015fa\u011f\u0131 ya\u015fay\u0131r - MEYDAN.TV\" \/>\n<meta property=\"og:description\" content=\"2024-c\u00fc ild\u0259 \u0259halinin t\u0259qrib\u0259n 13,2 faizi 270 manatdan az g\u0259lir ... Davam\u0131\" \/>\n<meta property=\"og:url\" content=\"https:\/\/www.meydan.tv\/az\/article\/ehalinin-13-faizind%c9%99n-coxu-yoxsulluq-s%c9%99viyy%c9%99sind%c9%99n-d%c9%99-asagi-yasayir\/\" \/>\n<meta property=\"og:site_name\" content=\"MEYDAN.TV\" \/>\n<meta property=\"article:published_time\" content=\"2025-08-19T09:15:21+00:00\" \/>\n<meta property=\"article:modified_time\" content=\"2025-08-19T16:03:25+00:00\" \/>\n<meta property=\"og:image\" content=\"https:\/\/www.meydan.tv\/wp-content\/uploads\/image3-scaled.jpeg\" \/>\n\t<meta property=\"og:image:width\" content=\"2560\" \/>\n\t<meta property=\"og:image:height\" content=\"1440\" \/>\n\t<meta property=\"og:image:type\" content=\"image\/jpeg\" \/>\n<meta name=\"author\" content=\"sevda\" \/>\n<meta name=\"twitter:card\" content=\"summary_large_image\" \/>\n<script type=\"application\/ld+json\" class=\"yoast-schema-graph\">{\"@context\":\"https:\\\/\\\/schema.org\",\"@graph\":[{\"@type\":\"Article\",\"@id\":\"https:\\\/\\\/www.meydan.tv\\\/az\\\/article\\\/ehalinin-13-faizind%c9%99n-coxu-yoxsulluq-s%c9%99viyy%c9%99sind%c9%99n-d%c9%99-asagi-yasayir\\\/#article\",\"isPartOf\":{\"@id\":\"https:\\\/\\\/www.meydan.tv\\\/az\\\/article\\\/ehalinin-13-faizind%c9%99n-coxu-yoxsulluq-s%c9%99viyy%c9%99sind%c9%99n-d%c9%99-asagi-yasayir\\\/\"},\"author\":{\"name\":\"sevda\",\"@id\":\"https:\\\/\\\/www.meydan.tv\\\/az\\\/#\\\/schema\\\/person\\\/49b5f2bad5b126bb8ea9320eeb3e4dc9\"},\"headline\":\"\u018fhalinin 13 faizind\u0259n \u00e7oxu yoxsulluq s\u0259viyy\u0259sind\u0259n d\u0259 a\u015fa\u011f\u0131 ya\u015fay\u0131r\",\"datePublished\":\"2025-08-19T09:15:21+00:00\",\"dateModified\":\"2025-08-19T16:03:25+00:00\",\"mainEntityOfPage\":{\"@id\":\"https:\\\/\\\/www.meydan.tv\\\/az\\\/article\\\/ehalinin-13-faizind%c9%99n-coxu-yoxsulluq-s%c9%99viyy%c9%99sind%c9%99n-d%c9%99-asagi-yasayir\\\/\"},\"wordCount\":525,\"publisher\":{\"@id\":\"https:\\\/\\\/www.meydan.tv\\\/az\\\/#organization\"},\"image\":{\"@id\":\"https:\\\/\\\/www.meydan.tv\\\/az\\\/article\\\/ehalinin-13-faizind%c9%99n-coxu-yoxsulluq-s%c9%99viyy%c9%99sind%c9%99n-d%c9%99-asagi-yasayir\\\/#primaryimage\"},\"thumbnailUrl\":\"https:\\\/\\\/www.meydan.tv\\\/wp-content\\\/uploads\\\/image3-scaled.jpeg\",\"articleSection\":[\"Sosial\",\"T\u00f6vsiy\u0259\",\"X\u0259b\u0259rl\u0259r\"],\"inLanguage\":\"az\"},{\"@type\":\"WebPage\",\"@id\":\"https:\\\/\\\/www.meydan.tv\\\/az\\\/article\\\/ehalinin-13-faizind%c9%99n-coxu-yoxsulluq-s%c9%99viyy%c9%99sind%c9%99n-d%c9%99-asagi-yasayir\\\/\",\"url\":\"https:\\\/\\\/www.meydan.tv\\\/az\\\/article\\\/ehalinin-13-faizind%c9%99n-coxu-yoxsulluq-s%c9%99viyy%c9%99sind%c9%99n-d%c9%99-asagi-yasayir\\\/\",\"name\":\"\u018fhalinin 13 faizind\u0259n \u00e7oxu yoxsulluq s\u0259viyy\u0259sind\u0259n d\u0259 a\u015fa\u011f\u0131 ya\u015fay\u0131r - MEYDAN.TV\",\"isPartOf\":{\"@id\":\"https:\\\/\\\/www.meydan.tv\\\/az\\\/#website\"},\"primaryImageOfPage\":{\"@id\":\"https:\\\/\\\/www.meydan.tv\\\/az\\\/article\\\/ehalinin-13-faizind%c9%99n-coxu-yoxsulluq-s%c9%99viyy%c9%99sind%c9%99n-d%c9%99-asagi-yasayir\\\/#primaryimage\"},\"image\":{\"@id\":\"https:\\\/\\\/www.meydan.tv\\\/az\\\/article\\\/ehalinin-13-faizind%c9%99n-coxu-yoxsulluq-s%c9%99viyy%c9%99sind%c9%99n-d%c9%99-asagi-yasayir\\\/#primaryimage\"},\"thumbnailUrl\":\"https:\\\/\\\/www.meydan.tv\\\/wp-content\\\/uploads\\\/image3-scaled.jpeg\",\"datePublished\":\"2025-08-19T09:15:21+00:00\",\"dateModified\":\"2025-08-19T16:03:25+00:00\",\"breadcrumb\":{\"@id\":\"https:\\\/\\\/www.meydan.tv\\\/az\\\/article\\\/ehalinin-13-faizind%c9%99n-coxu-yoxsulluq-s%c9%99viyy%c9%99sind%c9%99n-d%c9%99-asagi-yasayir\\\/#breadcrumb\"},\"inLanguage\":\"az\",\"potentialAction\":[{\"@type\":\"ReadAction\",\"target\":[\"https:\\\/\\\/www.meydan.tv\\\/az\\\/article\\\/ehalinin-13-faizind%c9%99n-coxu-yoxsulluq-s%c9%99viyy%c9%99sind%c9%99n-d%c9%99-asagi-yasayir\\\/\"]}]},{\"@type\":\"ImageObject\",\"inLanguage\":\"az\",\"@id\":\"https:\\\/\\\/www.meydan.tv\\\/az\\\/article\\\/ehalinin-13-faizind%c9%99n-coxu-yoxsulluq-s%c9%99viyy%c9%99sind%c9%99n-d%c9%99-asagi-yasayir\\\/#primaryimage\",\"url\":\"https:\\\/\\\/www.meydan.tv\\\/wp-content\\\/uploads\\\/image3-scaled.jpeg\",\"contentUrl\":\"https:\\\/\\\/www.meydan.tv\\\/wp-content\\\/uploads\\\/image3-scaled.jpeg\",\"width\":2560,\"height\":1440,\"caption\":\"\u0130ll\u00fcstrasiya: Meydan TV\"},{\"@type\":\"BreadcrumbList\",\"@id\":\"https:\\\/\\\/www.meydan.tv\\\/az\\\/article\\\/ehalinin-13-faizind%c9%99n-coxu-yoxsulluq-s%c9%99viyy%c9%99sind%c9%99n-d%c9%99-asagi-yasayir\\\/#breadcrumb\",\"itemListElement\":[{\"@type\":\"ListItem\",\"position\":1,\"name\":\"Ana s\u0259hif\u0259\",\"item\":\"https:\\\/\\\/www.meydan.tv\\\/az\\\/\"},{\"@type\":\"ListItem\",\"position\":2,\"name\":\"X\u0259b\u0259rl\u0259r\",\"item\":\"https:\\\/\\\/www.meydan.tv\\\/az\\\/section\\\/xeberler\\\/\"},{\"@type\":\"ListItem\",\"position\":3,\"name\":\"\u018fhalinin 13 faizind\u0259n \u00e7oxu yoxsulluq s\u0259viyy\u0259sind\u0259n d\u0259 a\u015fa\u011f\u0131 ya\u015fay\u0131r\"}]},{\"@type\":\"WebSite\",\"@id\":\"https:\\\/\\\/www.meydan.tv\\\/az\\\/#website\",\"url\":\"https:\\\/\\\/www.meydan.tv\\\/az\\\/\",\"name\":\"MEYDAN.TV\",\"description\":\"Meydan TV Az\u0259rbaycan\u0131n media m\u0259kan\u0131ndak\u0131 alternativ s\u0259sidir\",\"publisher\":{\"@id\":\"https:\\\/\\\/www.meydan.tv\\\/az\\\/#organization\"},\"potentialAction\":[{\"@type\":\"SearchAction\",\"target\":{\"@type\":\"EntryPoint\",\"urlTemplate\":\"https:\\\/\\\/www.meydan.tv\\\/az\\\/?s={search_term_string}\"},\"query-input\":{\"@type\":\"PropertyValueSpecification\",\"valueRequired\":true,\"valueName\":\"search_term_string\"}}],\"inLanguage\":\"az\"},{\"@type\":\"Organization\",\"@id\":\"https:\\\/\\\/www.meydan.tv\\\/az\\\/#organization\",\"name\":\"Meydan TV\",\"url\":\"https:\\\/\\\/www.meydan.tv\\\/az\\\/\",\"logo\":{\"@type\":\"ImageObject\",\"inLanguage\":\"az\",\"@id\":\"https:\\\/\\\/www.meydan.tv\\\/az\\\/#\\\/schema\\\/logo\\\/image\\\/\",\"url\":\"https:\\\/\\\/www.meydan.tv\\\/wp-content\\\/uploads\\\/2021\\\/07\\\/meydan-logo.svg\",\"contentUrl\":\"https:\\\/\\\/www.meydan.tv\\\/wp-content\\\/uploads\\\/2021\\\/07\\\/meydan-logo.svg\",\"width\":195,\"height\":46,\"caption\":\"Meydan TV\"},\"image\":{\"@id\":\"https:\\\/\\\/www.meydan.tv\\\/az\\\/#\\\/schema\\\/logo\\\/image\\\/\"}},{\"@type\":\"Person\",\"@id\":\"https:\\\/\\\/www.meydan.tv\\\/az\\\/#\\\/schema\\\/person\\\/49b5f2bad5b126bb8ea9320eeb3e4dc9\",\"name\":\"sevda\"}]}<\/script>\n<!-- \/ Yoast SEO plugin. -->","yoast_head_json":{"title":"\u018fhalinin 13 faizind\u0259n \u00e7oxu yoxsulluq s\u0259viyy\u0259sind\u0259n d\u0259 a\u015fa\u011f\u0131 ya\u015fay\u0131r - MEYDAN.TV","robots":{"index":"index","follow":"follow","max-snippet":"max-snippet:-1","max-image-preview":"max-image-preview:large","max-video-preview":"max-video-preview:-1"},"canonical":"https:\/\/www.meydan.tv\/az\/article\/ehalinin-13-faizind%c9%99n-coxu-yoxsulluq-s%c9%99viyy%c9%99sind%c9%99n-d%c9%99-asagi-yasayir\/","og_locale":"az_AZ","og_type":"article","og_title":"\u018fhalinin 13 faizind\u0259n \u00e7oxu yoxsulluq s\u0259viyy\u0259sind\u0259n d\u0259 a\u015fa\u011f\u0131 ya\u015fay\u0131r - MEYDAN.TV","og_description":"2024-c\u00fc ild\u0259 \u0259halinin t\u0259qrib\u0259n 13,2 faizi 270 manatdan az g\u0259lir ... Davam\u0131","og_url":"https:\/\/www.meydan.tv\/az\/article\/ehalinin-13-faizind%c9%99n-coxu-yoxsulluq-s%c9%99viyy%c9%99sind%c9%99n-d%c9%99-asagi-yasayir\/","og_site_name":"MEYDAN.TV","article_published_time":"2025-08-19T09:15:21+00:00","article_modified_time":"2025-08-19T16:03:25+00:00","og_image":[{"width":2560,"height":1440,"url":"https:\/\/www.meydan.tv\/wp-content\/uploads\/image3-scaled.jpeg","type":"image\/jpeg"}],"author":"sevda","twitter_card":"summary_large_image","schema":{"@context":"https:\/\/schema.org","@graph":[{"@type":"Article","@id":"https:\/\/www.meydan.tv\/az\/article\/ehalinin-13-faizind%c9%99n-coxu-yoxsulluq-s%c9%99viyy%c9%99sind%c9%99n-d%c9%99-asagi-yasayir\/#article","isPartOf":{"@id":"https:\/\/www.meydan.tv\/az\/article\/ehalinin-13-faizind%c9%99n-coxu-yoxsulluq-s%c9%99viyy%c9%99sind%c9%99n-d%c9%99-asagi-yasayir\/"},"author":{"name":"sevda","@id":"https:\/\/www.meydan.tv\/az\/#\/schema\/person\/49b5f2bad5b126bb8ea9320eeb3e4dc9"},"headline":"\u018fhalinin 13 faizind\u0259n \u00e7oxu yoxsulluq s\u0259viyy\u0259sind\u0259n d\u0259 a\u015fa\u011f\u0131 ya\u015fay\u0131r","datePublished":"2025-08-19T09:15:21+00:00","dateModified":"2025-08-19T16:03:25+00:00","mainEntityOfPage":{"@id":"https:\/\/www.meydan.tv\/az\/article\/ehalinin-13-faizind%c9%99n-coxu-yoxsulluq-s%c9%99viyy%c9%99sind%c9%99n-d%c9%99-asagi-yasayir\/"},"wordCount":525,"publisher":{"@id":"https:\/\/www.meydan.tv\/az\/#organization"},"image":{"@id":"https:\/\/www.meydan.tv\/az\/article\/ehalinin-13-faizind%c9%99n-coxu-yoxsulluq-s%c9%99viyy%c9%99sind%c9%99n-d%c9%99-asagi-yasayir\/#primaryimage"},"thumbnailUrl":"https:\/\/www.meydan.tv\/wp-content\/uploads\/image3-scaled.jpeg","articleSection":["Sosial","T\u00f6vsiy\u0259","X\u0259b\u0259rl\u0259r"],"inLanguage":"az"},{"@type":"WebPage","@id":"https:\/\/www.meydan.tv\/az\/article\/ehalinin-13-faizind%c9%99n-coxu-yoxsulluq-s%c9%99viyy%c9%99sind%c9%99n-d%c9%99-asagi-yasayir\/","url":"https:\/\/www.meydan.tv\/az\/article\/ehalinin-13-faizind%c9%99n-coxu-yoxsulluq-s%c9%99viyy%c9%99sind%c9%99n-d%c9%99-asagi-yasayir\/","name":"\u018fhalinin 13 faizind\u0259n \u00e7oxu yoxsulluq s\u0259viyy\u0259sind\u0259n d\u0259 a\u015fa\u011f\u0131 ya\u015fay\u0131r - MEYDAN.TV","isPartOf":{"@id":"https:\/\/www.meydan.tv\/az\/#website"},"primaryImageOfPage":{"@id":"https:\/\/www.meydan.tv\/az\/article\/ehalinin-13-faizind%c9%99n-coxu-yoxsulluq-s%c9%99viyy%c9%99sind%c9%99n-d%c9%99-asagi-yasayir\/#primaryimage"},"image":{"@id":"https:\/\/www.meydan.tv\/az\/article\/ehalinin-13-faizind%c9%99n-coxu-yoxsulluq-s%c9%99viyy%c9%99sind%c9%99n-d%c9%99-asagi-yasayir\/#primaryimage"},"thumbnailUrl":"https:\/\/www.meydan.tv\/wp-content\/uploads\/image3-scaled.jpeg","datePublished":"2025-08-19T09:15:21+00:00","dateModified":"2025-08-19T16:03:25+00:00","breadcrumb":{"@id":"https:\/\/www.meydan.tv\/az\/article\/ehalinin-13-faizind%c9%99n-coxu-yoxsulluq-s%c9%99viyy%c9%99sind%c9%99n-d%c9%99-asagi-yasayir\/#breadcrumb"},"inLanguage":"az","potentialAction":[{"@type":"ReadAction","target":["https:\/\/www.meydan.tv\/az\/article\/ehalinin-13-faizind%c9%99n-coxu-yoxsulluq-s%c9%99viyy%c9%99sind%c9%99n-d%c9%99-asagi-yasayir\/"]}]},{"@type":"ImageObject","inLanguage":"az","@id":"https:\/\/www.meydan.tv\/az\/article\/ehalinin-13-faizind%c9%99n-coxu-yoxsulluq-s%c9%99viyy%c9%99sind%c9%99n-d%c9%99-asagi-yasayir\/#primaryimage","url":"https:\/\/www.meydan.tv\/wp-content\/uploads\/image3-scaled.jpeg","contentUrl":"https:\/\/www.meydan.tv\/wp-content\/uploads\/image3-scaled.jpeg","width":2560,"height":1440,"caption":"\u0130ll\u00fcstrasiya: Meydan TV"},{"@type":"BreadcrumbList","@id":"https:\/\/www.meydan.tv\/az\/article\/ehalinin-13-faizind%c9%99n-coxu-yoxsulluq-s%c9%99viyy%c9%99sind%c9%99n-d%c9%99-asagi-yasayir\/#breadcrumb","itemListElement":[{"@type":"ListItem","position":1,"name":"Ana s\u0259hif\u0259","item":"https:\/\/www.meydan.tv\/az\/"},{"@type":"ListItem","position":2,"name":"X\u0259b\u0259rl\u0259r","item":"https:\/\/www.meydan.tv\/az\/section\/xeberler\/"},{"@type":"ListItem","position":3,"name":"\u018fhalinin 13 faizind\u0259n \u00e7oxu yoxsulluq s\u0259viyy\u0259sind\u0259n d\u0259 a\u015fa\u011f\u0131 ya\u015fay\u0131r"}]},{"@type":"WebSite","@id":"https:\/\/www.meydan.tv\/az\/#website","url":"https:\/\/www.meydan.tv\/az\/","name":"MEYDAN.TV","description":"Meydan TV Az\u0259rbaycan\u0131n media m\u0259kan\u0131ndak\u0131 alternativ s\u0259sidir","publisher":{"@id":"https:\/\/www.meydan.tv\/az\/#organization"},"potentialAction":[{"@type":"SearchAction","target":{"@type":"EntryPoint","urlTemplate":"https:\/\/www.meydan.tv\/az\/?s={search_term_string}"},"query-input":{"@type":"PropertyValueSpecification","valueRequired":true,"valueName":"search_term_string"}}],"inLanguage":"az"},{"@type":"Organization","@id":"https:\/\/www.meydan.tv\/az\/#organization","name":"Meydan TV","url":"https:\/\/www.meydan.tv\/az\/","logo":{"@type":"ImageObject","inLanguage":"az","@id":"https:\/\/www.meydan.tv\/az\/#\/schema\/logo\/image\/","url":"https:\/\/www.meydan.tv\/wp-content\/uploads\/2021\/07\/meydan-logo.svg","contentUrl":"https:\/\/www.meydan.tv\/wp-content\/uploads\/2021\/07\/meydan-logo.svg","width":195,"height":46,"caption":"Meydan TV"},"image":{"@id":"https:\/\/www.meydan.tv\/az\/#\/schema\/logo\/image\/"}},{"@type":"Person","@id":"https:\/\/www.meydan.tv\/az\/#\/schema\/person\/49b5f2bad5b126bb8ea9320eeb3e4dc9","name":"sevda"}]}},"_links":{"self":[{"href":"https:\/\/www.meydan.tv\/az\/wp-json\/wp\/v2\/posts\/334293","targetHints":{"allow":["GET"]}}],"collection":[{"href":"https:\/\/www.meydan.tv\/az\/wp-json\/wp\/v2\/posts"}],"about":[{"href":"https:\/\/www.meydan.tv\/az\/wp-json\/wp\/v2\/types\/post"}],"author":[{"embeddable":true,"href":"https:\/\/www.meydan.tv\/az\/wp-json\/wp\/v2\/users\/16"}],"replies":[{"embeddable":true,"href":"https:\/\/www.meydan.tv\/az\/wp-json\/wp\/v2\/comments?post=334293"}],"version-history":[{"count":4,"href":"https:\/\/www.meydan.tv\/az\/wp-json\/wp\/v2\/posts\/334293\/revisions"}],"predecessor-version":[{"id":334327,"href":"https:\/\/www.meydan.tv\/az\/wp-json\/wp\/v2\/posts\/334293\/revisions\/334327"}],"wp:featuredmedia":[{"embeddable":true,"href":"https:\/\/www.meydan.tv\/az\/wp-json\/wp\/v2\/media\/153435"}],"wp:attachment":[{"href":"https:\/\/www.meydan.tv\/az\/wp-json\/wp\/v2\/media?parent=334293"}],"wp:term":[{"taxonomy":"category","embeddable":true,"href":"https:\/\/www.meydan.tv\/az\/wp-json\/wp\/v2\/categories?post=334293"},{"taxonomy":"post_tag","embeddable":true,"href":"https:\/\/www.meydan.tv\/az\/wp-json\/wp\/v2\/tags?post=334293"}],"curies":[{"name":"wp","href":"https:\/\/api.w.org\/{rel}","templated":true}]}}