{"id":334289,"date":"2025-08-18T19:51:17","date_gmt":"2025-08-18T15:51:17","guid":{"rendered":"https:\/\/www.meydan.tv\/?p=334289"},"modified":"2025-08-18T19:51:20","modified_gmt":"2025-08-18T15:51:20","slug":"ur%c9%99k-x%c9%99st%c9%99likl%c9%99rinin-artmasinin-s%c9%99b%c9%99bi-stress-iqtisadi-v%c9%99ziyy%c9%99t-v%c9%99-sosial-durum","status":"publish","type":"post","link":"https:\/\/www.meydan.tv\/az\/article\/ur%c9%99k-x%c9%99st%c9%99likl%c9%99rinin-artmasinin-s%c9%99b%c9%99bi-stress-iqtisadi-v%c9%99ziyy%c9%99t-v%c9%99-sosial-durum\/","title":{"rendered":"\u00dcr\u0259k x\u0259st\u0259likl\u0259rinin artmas\u0131n\u0131n s\u0259b\u0259bi: Stress, iqtisadi v\u0259ziyy\u0259t v\u0259 sosial durum&#8230;"},"content":{"rendered":"\n<p><\/p>\n\n\n\n<p>Son ill\u0259rd\u0259 Az\u0259rbaycanda \u00fcr\u0259k-damar x\u0259st\u0259likl\u0259rind\u0259n \u00f6l\u00fcm hallar\u0131n\u0131n say\u0131 \u0259h\u0259miyy\u0259tli d\u0259r\u0259c\u0259d\u0259 art\u0131b. S\u0259hiyy\u0259 Nazirliyinin m\u0259lumat\u0131na g\u00f6r\u0259, yaln\u0131z ke\u00e7\u0259n il \u00fcr\u0259yin i\u015femik x\u0259st\u0259likl\u0259rind\u0259n <a href=\"https:\/\/qaynarinfo.az\/az\/oeten-il-azerbaycanda-bu-xesteliklerden-12162-nefer-oelub-1\">12 min\u0259 yax\u0131n insan h\u0259yat\u0131n\u0131 itirib.<\/a>&nbsp;<\/p>\n\n\n\n<h5 class=\"wp-block-heading\"><strong>Stress, iqtisadi v\u0259 sosial v\u0259ziyy\u0259t s\u0259b\u0259b kimi\u2026<\/strong><\/h5>\n\n\n\n<p>H\u0259kim-c\u0259rrah Adil Qeybulla bu art\u0131mda \u0259sas s\u0259b\u0259b kimi stress, iqtisadi v\u0259 sosial v\u0259ziyy\u0259tin g\u0259rginliyi, h\u0259m\u00e7inin qeyri-sa\u011flam h\u0259yat t\u0259rzini g\u00f6st\u0259rir:<\/p>\n\n\n\n<p><em>\u201c\u00dcr\u0259k-damar x\u0259st\u0259likl\u0259rinin yaranmas\u0131nda stressin v\u0259 sosial amill\u0259rin rolu b\u00f6y\u00fckd\u00fcr. Stresl\u0259 yana\u015f\u0131, qidan\u0131n keyfiyy\u0259ti d\u0259 bu proses\u0259 t\u0259sir g\u00f6st\u0259rir. T\u0259\u0259ss\u00fcfl\u0259r olsun ki, Az\u0259rbaycanda qida faktoru m\u00fch\u00fcm yer tutur. Keyfiyy\u0259tli m\u0259hsul almaq \u00e7\u0259tinl\u0259\u015fib. \u018fvv\u0259ll\u0259r oldu\u011fu kimi t\u0259miz v\u0259 keyfiyy\u0259tli qidalar\u0131n olmamas\u0131 t\u0259kc\u0259 Az\u0259rbaycanda deyil, b\u00fct\u00fcn d\u00fcnyada ciddi problem\u0259 \u00e7evrilib\u201d<\/em>.<\/p>\n\n\n<div class=\"wp-block-image\">\n<figure class=\"alignleft size-full is-resized\"><img decoding=\"async\" width=\"1920\" height=\"1064\" data-src=\"https:\/\/www.meydan.tv\/wp-content\/uploads\/41149.jpg\" alt=\"\" class=\"wp-image-103755 lazyload\" style=\"--smush-placeholder-width: 1920px; --smush-placeholder-aspect-ratio: 1920\/1064;width:445px;height:auto\" src=\"data:image\/svg+xml;base64,PHN2ZyB3aWR0aD0iMSIgaGVpZ2h0PSIxIiB4bWxucz0iaHR0cDovL3d3dy53My5vcmcvMjAwMC9zdmciPjwvc3ZnPg==\" \/><figcaption class=\"wp-element-caption\">Adil Qeybulla. Foto: Meydan TV<\/figcaption><\/figure>\n<\/div>\n\n\n<p>H\u0259kim \u00fcr\u0259k-damar x\u0259st\u0259likl\u0259rinin artmas\u0131n\u0131n dig\u0259r s\u0259b\u0259bl\u0259ri kimi atmosferin, i\u00e7m\u0259li suyun, torpa\u011f\u0131n \u00e7irkl\u0259nm\u0259sini g\u00f6st\u0259rir:<\/p>\n\n\n\n<p><em>\u201c\u0130kinci yerd\u0259 h\u0259yat t\u0259rzi, \u00fc\u00e7\u00fcnc\u00fcd\u0259 is\u0259 pis v\u0259rdi\u015fl\u0259r dayan\u0131r\u201d<\/em> &#8211; ekspert bel\u0259 deyir v\u0259 \u0259lav\u0259 edir ki, <em>\u201c\u00fcr\u0259k-damar x\u0259st\u0259likl\u0259ri d\u0259 daha \u00e7ox piyl\u0259nm\u0259 n\u0259tic\u0259sind\u0259 ba\u015f verir\u201d<\/em>.&nbsp;<\/p>\n\n\n\n<p>H\u0259kim deyir ki, piyl\u0259nm\u0259 zaman\u0131 insan orqanizmind\u0259 m\u00fcbadil\u0259 pozulur:&nbsp;<\/p>\n\n\n\n<p><em>\u201cN\u0259tic\u0259d\u0259 d\u0259 \u00fcr\u0259k-damar x\u0259st\u0259likl\u0259ri, beynin i\u015femik x\u0259st\u0259likl\u0259ri \u0259m\u0259l\u0259 g\u0259lir. Bu g\u00fcn d\u0259 bu x\u0259st\u0259likl\u0259rd\u0259n d\u00fcnyada \u00f6l\u00fcm&nbsp; hallar\u0131 ilk s\u0131ralardad\u0131r\u201d.<\/em><\/p>\n\n\n\n<p>Adil Qeybulla vur\u011fulay\u0131r ki, diabetin (\u015f\u0259k\u0259r), onkoloji (x\u0259r\u00e7\u0259ng) x\u0259st\u0259likl\u0259rin artmas\u0131nda da piyl\u0259nm\u0259nin rolu b\u00f6y\u00fckd\u00fcr.<\/p>\n\n\n\n<h5 class=\"wp-block-heading\"><strong>D\u00f6vl\u0259t hans\u0131 add\u0131mlar atmal\u0131d\u0131r?<\/strong><\/h5>\n\n\n\n<p>H\u0259kim \u0259lav\u0259 edir ki, bir \u00e7ox \u00f6lk\u0259l\u0259r idman\u0131n k\u00fctl\u0259vil\u0259\u015fdirilm\u0259si \u00fc\u00e7\u00fcn proqramlar h\u0259yata ke\u00e7irir v\u0259 hesab edir ki, bu, Az\u0259rbaycanda da bel\u0259 olmal\u0131d\u0131r:<\/p>\n\n\n\n<figure class=\"wp-block-pullquote\"><blockquote><p><em>\u201c\u018fslind\u0259, bu t\u0259dbirl\u0259ri d\u00f6vl\u0259t \u00f6z\u00fc i\u015fl\u0259yib, haz\u0131rlamal\u0131d\u0131r. Bununla bel\u0259, v\u0259t\u0259nda\u015flar da \u00f6zl\u0259rin\u0259 diqq\u0259t etm\u0259lidirl\u0259r\u201d<\/em>.\u00a0<\/p><\/blockquote><\/figure>\n\n\n\n<p>Ekspert bildirir ki, bu problem haz\u0131rda d\u00fcnyada aktuald\u0131r.&nbsp;<\/p>\n\n\n\n<p><em>\u201cGetdikc\u0259 d\u0259 aktualla\u015f\u0131r, \u0259m\u0259k qabiliyy\u0259tinin erk\u0259n itirilm\u0259si, h\u0259yat\u0131n q\u0131salmas\u0131, bu x\u0259st\u0259likl\u0259rin fonunda daha \u00e7ox ba\u015f verir\u201d<\/em>.&nbsp;<\/p>\n\n\n\n<p>H\u0259kim deyir ki, problemin h\u0259lli \u00fc\u00e7\u00fcn genofondun qorunmas\u0131na y\u00f6n\u0259lmi\u015f kompleks t\u0259dbirl\u0259r g\u00f6r\u00fclm\u0259lidir:<\/p>\n\n\n\n<p><em>\u201c\u0130lk n\u00f6vb\u0259d\u0259 maarifl\u0259nm\u0259nin art\u0131r\u0131lmas\u0131, k\u00fctl\u0259vi idman\u0131n t\u0259\u015fviqi, qida m\u0259d\u0259niyy\u0259tinin normalla\u015fd\u0131r\u0131lmas\u0131, \u0259n \u0259sas\u0131 is\u0259 tibbi xidm\u0259tin laz\u0131mi s\u0259viyy\u0259y\u0259 \u00e7atd\u0131r\u0131lmas\u0131 vacibdir. X\u00fcsusil\u0259 profilaktik sa\u011flaml\u0131q m\u00fcayin\u0259l\u0259rinin vaxt\u0131nda v\u0259 klinik protokollar \u00fczr\u0259 h\u0259yata ke\u00e7irilm\u0259si \u00e7ox \u00f6n\u0259mlidir ki, bu yolla x\u0259st\u0259likl\u0259ri erk\u0259n m\u0259rh\u0259l\u0259d\u0259 a\u015fkar etm\u0259k v\u0259 \u0259n az\u0131ndan m\u00fc\u0259yy\u0259n prosesl\u0259rin qar\u015f\u0131s\u0131n\u0131 almaq m\u00fcmk\u00fcn olsun\u201d<\/em>.<\/p>\n\n\n\n<h5 class=\"wp-block-heading\"><strong>30 ild\u0259 d\u00fcnyada \u00fcr\u0259k-damar x\u0259st\u0259likl\u0259ri ikiqat art\u0131b<\/strong><\/h5>\n\n\n\n<p>\u00dcmumd\u00fcnya S\u0259hiyy\u0259 T\u0259\u015fkilat\u0131n\u0131n (\u00dcST) hesablamas\u0131na g\u00f6r\u0259, h\u0259r il<a href=\"https:\/\/www.who.int\/ru\/health-topics\/cardiovascular-diseases#tab=tab_1\"> 17,9 milyon insan<\/a> \u00fcr\u0259k-damar x\u0259st\u0259likl\u0259rind\u0259n h\u0259yatlar\u0131n\u0131 itirir.<\/p>\n\n\n\n<p>Bu x\u0259st\u0259likl\u0259r\u0259 \u00fcr\u0259yin i\u015femik x\u0259st\u0259liyi, beyin damarlar\u0131n\u0131n x\u0259st\u0259likl\u0259ri, revmatik \u00fcr\u0259k x\u0259st\u0259liyi v\u0259 dig\u0259r kardiovaskulyar patologiyalar daxildir.&nbsp;<\/p>\n\n\n\n<p>\u00dcST yazd\u0131\u011f\u0131na g\u00f6r\u0259, t\u0259dqiqatlar g\u00f6st\u0259rir ki, son 30 ild\u0259 d\u00fcnyada \u00fcr\u0259k-damar x\u0259st\u0259likl\u0259ri hallar\u0131 dem\u0259k olar ki, ikiqat artaraq 271 milyondan 523 milyona \u00e7at\u0131b.<\/p>\n\n\n\n<p>2025-ci ild\u0259n 2050-ci il\u0259 q\u0259d\u0259r d\u00f6vrd\u0259 \u00fcr\u0259k-damar x\u0259st\u0259likl\u0259rinin yay\u0131lmas\u0131nda 90%-lik, \u00fcmumi \u00f6l\u00fcm say\u0131nda is\u0259 73%-lik art\u0131m proqnozla\u015fd\u0131r\u0131l\u0131r.&nbsp;<\/p>\n\n\n\n<p>2025-ci ild\u0259 20,5 milyon olan \u00fcr\u0259k-damar x\u0259st\u0259liyind\u0259n \u00f6l\u00fcm hallar\u0131n\u0131n 2050-ci ild\u0259 35,6 milyona \u00e7ataca\u011f\u0131 ehtimal edilir.<\/p>\n\n\n\n<p>\u00dcST qeyd edir ki, h\u0259yat t\u0259rzi insan sa\u011flaml\u0131\u011f\u0131n\u0131n t\u0259xmin\u0259n 60%-ni m\u00fc\u0259yy\u0259n edir, m\u00fcxt\u0259lif z\u0259r\u0259rli davran\u0131\u015f v\u0259rdi\u015fl\u0259rind\u0259n \u00f6l\u00fcm riski is\u0259 53%-d\u0259n as\u0131l\u0131d\u0131r.<\/p>\n","protected":false},"excerpt":{"rendered":"<p>Son ill\u0259rd\u0259 Az\u0259rbaycanda \u00fcr\u0259k-damar x\u0259st\u0259likl\u0259rind\u0259n \u00f6l\u00fcm hallar\u0131n\u0131n say\u0131 \u0259h\u0259miyy\u0259tli d\u0259r\u0259c\u0259d\u0259 &#8230; <\/p>\n<p class=\"read-more-container\"><a title=\"\u00dcr\u0259k x\u0259st\u0259likl\u0259rinin artmas\u0131n\u0131n s\u0259b\u0259bi: Stress, iqtisadi v\u0259ziyy\u0259t v\u0259 sosial durum&#8230;\" class=\"read-more button\" href=\"https:\/\/www.meydan.tv\/az\/article\/ur%c9%99k-x%c9%99st%c9%99likl%c9%99rinin-artmasinin-s%c9%99b%c9%99bi-stress-iqtisadi-v%c9%99ziyy%c9%99t-v%c9%99-sosial-durum\/#more-334289\" aria-label=\"Read more about \u00dcr\u0259k x\u0259st\u0259likl\u0259rinin artmas\u0131n\u0131n s\u0259b\u0259bi: Stress, iqtisadi v\u0259ziyy\u0259t v\u0259 sosial durum&#8230;\">Davam\u0131<\/a><\/p>\n","protected":false},"author":21,"featured_media":317604,"comment_status":"closed","ping_status":"closed","sticky":false,"template":"","format":"standard","meta":{"_acf_changed":false,"_sitemap_exclude":false,"_sitemap_priority":"","_sitemap_frequency":"","footnotes":""},"categories":[62,79,56],"tags":[],"class_list":["post-334289","post","type-post","status-publish","format-standard","has-post-thumbnail","hentry","category-sosial","category-featured","category-xeberler","infinite-scroll-item","generate-columns","tablet-grid-50","mobile-grid-100","grid-parent","grid-33","no-featured-image-padding"],"acf":[],"yoast_head":"<!-- This site is optimized with the Yoast SEO plugin v27.4 - https:\/\/yoast.com\/product\/yoast-seo-wordpress\/ -->\n<title>\u00dcr\u0259k x\u0259st\u0259likl\u0259rinin artmas\u0131n\u0131n s\u0259b\u0259bi: Stress, iqtisadi v\u0259ziyy\u0259t v\u0259 sosial durum... - MEYDAN.TV<\/title>\n<meta name=\"robots\" content=\"index, follow, max-snippet:-1, max-image-preview:large, max-video-preview:-1\" \/>\n<link rel=\"canonical\" href=\"https:\/\/www.meydan.tv\/az\/article\/ur%c9%99k-x%c9%99st%c9%99likl%c9%99rinin-artmasinin-s%c9%99b%c9%99bi-stress-iqtisadi-v%c9%99ziyy%c9%99t-v%c9%99-sosial-durum\/\" \/>\n<meta property=\"og:locale\" content=\"az_AZ\" \/>\n<meta property=\"og:type\" content=\"article\" \/>\n<meta property=\"og:title\" content=\"\u00dcr\u0259k x\u0259st\u0259likl\u0259rinin artmas\u0131n\u0131n s\u0259b\u0259bi: Stress, iqtisadi v\u0259ziyy\u0259t v\u0259 sosial durum... - MEYDAN.TV\" \/>\n<meta property=\"og:description\" content=\"Son ill\u0259rd\u0259 Az\u0259rbaycanda \u00fcr\u0259k-damar x\u0259st\u0259likl\u0259rind\u0259n \u00f6l\u00fcm hallar\u0131n\u0131n say\u0131 \u0259h\u0259miyy\u0259tli d\u0259r\u0259c\u0259d\u0259 ... Davam\u0131\" \/>\n<meta property=\"og:url\" content=\"https:\/\/www.meydan.tv\/az\/article\/ur%c9%99k-x%c9%99st%c9%99likl%c9%99rinin-artmasinin-s%c9%99b%c9%99bi-stress-iqtisadi-v%c9%99ziyy%c9%99t-v%c9%99-sosial-durum\/\" \/>\n<meta property=\"og:site_name\" content=\"MEYDAN.TV\" \/>\n<meta property=\"article:published_time\" content=\"2025-08-18T15:51:17+00:00\" \/>\n<meta property=\"article:modified_time\" content=\"2025-08-18T15:51:20+00:00\" \/>\n<meta property=\"og:image\" content=\"https:\/\/www.meydan.tv\/wp-content\/uploads\/shutterstock_2476803117.jpg\" \/>\n\t<meta property=\"og:image:width\" content=\"1200\" \/>\n\t<meta property=\"og:image:height\" content=\"639\" \/>\n\t<meta property=\"og:image:type\" content=\"image\/jpeg\" \/>\n<meta name=\"author\" content=\"mahmud\" \/>\n<meta name=\"twitter:card\" content=\"summary_large_image\" \/>\n<script type=\"application\/ld+json\" class=\"yoast-schema-graph\">{\"@context\":\"https:\\\/\\\/schema.org\",\"@graph\":[{\"@type\":\"Article\",\"@id\":\"https:\\\/\\\/www.meydan.tv\\\/az\\\/article\\\/ur%c9%99k-x%c9%99st%c9%99likl%c9%99rinin-artmasinin-s%c9%99b%c9%99bi-stress-iqtisadi-v%c9%99ziyy%c9%99t-v%c9%99-sosial-durum\\\/#article\",\"isPartOf\":{\"@id\":\"https:\\\/\\\/www.meydan.tv\\\/az\\\/article\\\/ur%c9%99k-x%c9%99st%c9%99likl%c9%99rinin-artmasinin-s%c9%99b%c9%99bi-stress-iqtisadi-v%c9%99ziyy%c9%99t-v%c9%99-sosial-durum\\\/\"},\"author\":{\"name\":\"mahmud\",\"@id\":\"https:\\\/\\\/www.meydan.tv\\\/az\\\/#\\\/schema\\\/person\\\/09863e516102a829e72bedcf3f84c6b0\"},\"headline\":\"\u00dcr\u0259k x\u0259st\u0259likl\u0259rinin artmas\u0131n\u0131n s\u0259b\u0259bi: Stress, iqtisadi v\u0259ziyy\u0259t v\u0259 sosial durum&#8230;\",\"datePublished\":\"2025-08-18T15:51:17+00:00\",\"dateModified\":\"2025-08-18T15:51:20+00:00\",\"mainEntityOfPage\":{\"@id\":\"https:\\\/\\\/www.meydan.tv\\\/az\\\/article\\\/ur%c9%99k-x%c9%99st%c9%99likl%c9%99rinin-artmasinin-s%c9%99b%c9%99bi-stress-iqtisadi-v%c9%99ziyy%c9%99t-v%c9%99-sosial-durum\\\/\"},\"wordCount\":803,\"publisher\":{\"@id\":\"https:\\\/\\\/www.meydan.tv\\\/az\\\/#organization\"},\"image\":{\"@id\":\"https:\\\/\\\/www.meydan.tv\\\/az\\\/article\\\/ur%c9%99k-x%c9%99st%c9%99likl%c9%99rinin-artmasinin-s%c9%99b%c9%99bi-stress-iqtisadi-v%c9%99ziyy%c9%99t-v%c9%99-sosial-durum\\\/#primaryimage\"},\"thumbnailUrl\":\"https:\\\/\\\/www.meydan.tv\\\/wp-content\\\/uploads\\\/shutterstock_2476803117.jpg\",\"articleSection\":[\"Sosial\",\"T\u00f6vsiy\u0259\",\"X\u0259b\u0259rl\u0259r\"],\"inLanguage\":\"az\"},{\"@type\":\"WebPage\",\"@id\":\"https:\\\/\\\/www.meydan.tv\\\/az\\\/article\\\/ur%c9%99k-x%c9%99st%c9%99likl%c9%99rinin-artmasinin-s%c9%99b%c9%99bi-stress-iqtisadi-v%c9%99ziyy%c9%99t-v%c9%99-sosial-durum\\\/\",\"url\":\"https:\\\/\\\/www.meydan.tv\\\/az\\\/article\\\/ur%c9%99k-x%c9%99st%c9%99likl%c9%99rinin-artmasinin-s%c9%99b%c9%99bi-stress-iqtisadi-v%c9%99ziyy%c9%99t-v%c9%99-sosial-durum\\\/\",\"name\":\"\u00dcr\u0259k x\u0259st\u0259likl\u0259rinin artmas\u0131n\u0131n s\u0259b\u0259bi: Stress, iqtisadi v\u0259ziyy\u0259t v\u0259 sosial durum... - MEYDAN.TV\",\"isPartOf\":{\"@id\":\"https:\\\/\\\/www.meydan.tv\\\/az\\\/#website\"},\"primaryImageOfPage\":{\"@id\":\"https:\\\/\\\/www.meydan.tv\\\/az\\\/article\\\/ur%c9%99k-x%c9%99st%c9%99likl%c9%99rinin-artmasinin-s%c9%99b%c9%99bi-stress-iqtisadi-v%c9%99ziyy%c9%99t-v%c9%99-sosial-durum\\\/#primaryimage\"},\"image\":{\"@id\":\"https:\\\/\\\/www.meydan.tv\\\/az\\\/article\\\/ur%c9%99k-x%c9%99st%c9%99likl%c9%99rinin-artmasinin-s%c9%99b%c9%99bi-stress-iqtisadi-v%c9%99ziyy%c9%99t-v%c9%99-sosial-durum\\\/#primaryimage\"},\"thumbnailUrl\":\"https:\\\/\\\/www.meydan.tv\\\/wp-content\\\/uploads\\\/shutterstock_2476803117.jpg\",\"datePublished\":\"2025-08-18T15:51:17+00:00\",\"dateModified\":\"2025-08-18T15:51:20+00:00\",\"breadcrumb\":{\"@id\":\"https:\\\/\\\/www.meydan.tv\\\/az\\\/article\\\/ur%c9%99k-x%c9%99st%c9%99likl%c9%99rinin-artmasinin-s%c9%99b%c9%99bi-stress-iqtisadi-v%c9%99ziyy%c9%99t-v%c9%99-sosial-durum\\\/#breadcrumb\"},\"inLanguage\":\"az\",\"potentialAction\":[{\"@type\":\"ReadAction\",\"target\":[\"https:\\\/\\\/www.meydan.tv\\\/az\\\/article\\\/ur%c9%99k-x%c9%99st%c9%99likl%c9%99rinin-artmasinin-s%c9%99b%c9%99bi-stress-iqtisadi-v%c9%99ziyy%c9%99t-v%c9%99-sosial-durum\\\/\"]}]},{\"@type\":\"ImageObject\",\"inLanguage\":\"az\",\"@id\":\"https:\\\/\\\/www.meydan.tv\\\/az\\\/article\\\/ur%c9%99k-x%c9%99st%c9%99likl%c9%99rinin-artmasinin-s%c9%99b%c9%99bi-stress-iqtisadi-v%c9%99ziyy%c9%99t-v%c9%99-sosial-durum\\\/#primaryimage\",\"url\":\"https:\\\/\\\/www.meydan.tv\\\/wp-content\\\/uploads\\\/shutterstock_2476803117.jpg\",\"contentUrl\":\"https:\\\/\\\/www.meydan.tv\\\/wp-content\\\/uploads\\\/shutterstock_2476803117.jpg\",\"width\":1200,\"height\":639,\"caption\":\"\u00dcr\u0259k h\u0259kimi. Foto: Billion Photos\\\/shutterstock\"},{\"@type\":\"BreadcrumbList\",\"@id\":\"https:\\\/\\\/www.meydan.tv\\\/az\\\/article\\\/ur%c9%99k-x%c9%99st%c9%99likl%c9%99rinin-artmasinin-s%c9%99b%c9%99bi-stress-iqtisadi-v%c9%99ziyy%c9%99t-v%c9%99-sosial-durum\\\/#breadcrumb\",\"itemListElement\":[{\"@type\":\"ListItem\",\"position\":1,\"name\":\"Ana s\u0259hif\u0259\",\"item\":\"https:\\\/\\\/www.meydan.tv\\\/az\\\/\"},{\"@type\":\"ListItem\",\"position\":2,\"name\":\"Sosial\",\"item\":\"https:\\\/\\\/www.meydan.tv\\\/az\\\/section\\\/sosial\\\/\"},{\"@type\":\"ListItem\",\"position\":3,\"name\":\"\u00dcr\u0259k x\u0259st\u0259likl\u0259rinin artmas\u0131n\u0131n s\u0259b\u0259bi: Stress, iqtisadi v\u0259ziyy\u0259t v\u0259 sosial durum&#8230;\"}]},{\"@type\":\"WebSite\",\"@id\":\"https:\\\/\\\/www.meydan.tv\\\/az\\\/#website\",\"url\":\"https:\\\/\\\/www.meydan.tv\\\/az\\\/\",\"name\":\"MEYDAN.TV\",\"description\":\"Meydan TV Az\u0259rbaycan\u0131n media m\u0259kan\u0131ndak\u0131 alternativ s\u0259sidir\",\"publisher\":{\"@id\":\"https:\\\/\\\/www.meydan.tv\\\/az\\\/#organization\"},\"potentialAction\":[{\"@type\":\"SearchAction\",\"target\":{\"@type\":\"EntryPoint\",\"urlTemplate\":\"https:\\\/\\\/www.meydan.tv\\\/az\\\/?s={search_term_string}\"},\"query-input\":{\"@type\":\"PropertyValueSpecification\",\"valueRequired\":true,\"valueName\":\"search_term_string\"}}],\"inLanguage\":\"az\"},{\"@type\":\"Organization\",\"@id\":\"https:\\\/\\\/www.meydan.tv\\\/az\\\/#organization\",\"name\":\"Meydan TV\",\"url\":\"https:\\\/\\\/www.meydan.tv\\\/az\\\/\",\"logo\":{\"@type\":\"ImageObject\",\"inLanguage\":\"az\",\"@id\":\"https:\\\/\\\/www.meydan.tv\\\/az\\\/#\\\/schema\\\/logo\\\/image\\\/\",\"url\":\"https:\\\/\\\/www.meydan.tv\\\/wp-content\\\/uploads\\\/2021\\\/07\\\/meydan-logo.svg\",\"contentUrl\":\"https:\\\/\\\/www.meydan.tv\\\/wp-content\\\/uploads\\\/2021\\\/07\\\/meydan-logo.svg\",\"width\":195,\"height\":46,\"caption\":\"Meydan TV\"},\"image\":{\"@id\":\"https:\\\/\\\/www.meydan.tv\\\/az\\\/#\\\/schema\\\/logo\\\/image\\\/\"}},{\"@type\":\"Person\",\"@id\":\"https:\\\/\\\/www.meydan.tv\\\/az\\\/#\\\/schema\\\/person\\\/09863e516102a829e72bedcf3f84c6b0\",\"name\":\"mahmud\"}]}<\/script>\n<!-- \/ Yoast SEO plugin. -->","yoast_head_json":{"title":"\u00dcr\u0259k x\u0259st\u0259likl\u0259rinin artmas\u0131n\u0131n s\u0259b\u0259bi: Stress, iqtisadi v\u0259ziyy\u0259t v\u0259 sosial durum... - MEYDAN.TV","robots":{"index":"index","follow":"follow","max-snippet":"max-snippet:-1","max-image-preview":"max-image-preview:large","max-video-preview":"max-video-preview:-1"},"canonical":"https:\/\/www.meydan.tv\/az\/article\/ur%c9%99k-x%c9%99st%c9%99likl%c9%99rinin-artmasinin-s%c9%99b%c9%99bi-stress-iqtisadi-v%c9%99ziyy%c9%99t-v%c9%99-sosial-durum\/","og_locale":"az_AZ","og_type":"article","og_title":"\u00dcr\u0259k x\u0259st\u0259likl\u0259rinin artmas\u0131n\u0131n s\u0259b\u0259bi: Stress, iqtisadi v\u0259ziyy\u0259t v\u0259 sosial durum... - MEYDAN.TV","og_description":"Son ill\u0259rd\u0259 Az\u0259rbaycanda \u00fcr\u0259k-damar x\u0259st\u0259likl\u0259rind\u0259n \u00f6l\u00fcm hallar\u0131n\u0131n say\u0131 \u0259h\u0259miyy\u0259tli d\u0259r\u0259c\u0259d\u0259 ... Davam\u0131","og_url":"https:\/\/www.meydan.tv\/az\/article\/ur%c9%99k-x%c9%99st%c9%99likl%c9%99rinin-artmasinin-s%c9%99b%c9%99bi-stress-iqtisadi-v%c9%99ziyy%c9%99t-v%c9%99-sosial-durum\/","og_site_name":"MEYDAN.TV","article_published_time":"2025-08-18T15:51:17+00:00","article_modified_time":"2025-08-18T15:51:20+00:00","og_image":[{"width":1200,"height":639,"url":"https:\/\/www.meydan.tv\/wp-content\/uploads\/shutterstock_2476803117.jpg","type":"image\/jpeg"}],"author":"mahmud","twitter_card":"summary_large_image","schema":{"@context":"https:\/\/schema.org","@graph":[{"@type":"Article","@id":"https:\/\/www.meydan.tv\/az\/article\/ur%c9%99k-x%c9%99st%c9%99likl%c9%99rinin-artmasinin-s%c9%99b%c9%99bi-stress-iqtisadi-v%c9%99ziyy%c9%99t-v%c9%99-sosial-durum\/#article","isPartOf":{"@id":"https:\/\/www.meydan.tv\/az\/article\/ur%c9%99k-x%c9%99st%c9%99likl%c9%99rinin-artmasinin-s%c9%99b%c9%99bi-stress-iqtisadi-v%c9%99ziyy%c9%99t-v%c9%99-sosial-durum\/"},"author":{"name":"mahmud","@id":"https:\/\/www.meydan.tv\/az\/#\/schema\/person\/09863e516102a829e72bedcf3f84c6b0"},"headline":"\u00dcr\u0259k x\u0259st\u0259likl\u0259rinin artmas\u0131n\u0131n s\u0259b\u0259bi: Stress, iqtisadi v\u0259ziyy\u0259t v\u0259 sosial durum&#8230;","datePublished":"2025-08-18T15:51:17+00:00","dateModified":"2025-08-18T15:51:20+00:00","mainEntityOfPage":{"@id":"https:\/\/www.meydan.tv\/az\/article\/ur%c9%99k-x%c9%99st%c9%99likl%c9%99rinin-artmasinin-s%c9%99b%c9%99bi-stress-iqtisadi-v%c9%99ziyy%c9%99t-v%c9%99-sosial-durum\/"},"wordCount":803,"publisher":{"@id":"https:\/\/www.meydan.tv\/az\/#organization"},"image":{"@id":"https:\/\/www.meydan.tv\/az\/article\/ur%c9%99k-x%c9%99st%c9%99likl%c9%99rinin-artmasinin-s%c9%99b%c9%99bi-stress-iqtisadi-v%c9%99ziyy%c9%99t-v%c9%99-sosial-durum\/#primaryimage"},"thumbnailUrl":"https:\/\/www.meydan.tv\/wp-content\/uploads\/shutterstock_2476803117.jpg","articleSection":["Sosial","T\u00f6vsiy\u0259","X\u0259b\u0259rl\u0259r"],"inLanguage":"az"},{"@type":"WebPage","@id":"https:\/\/www.meydan.tv\/az\/article\/ur%c9%99k-x%c9%99st%c9%99likl%c9%99rinin-artmasinin-s%c9%99b%c9%99bi-stress-iqtisadi-v%c9%99ziyy%c9%99t-v%c9%99-sosial-durum\/","url":"https:\/\/www.meydan.tv\/az\/article\/ur%c9%99k-x%c9%99st%c9%99likl%c9%99rinin-artmasinin-s%c9%99b%c9%99bi-stress-iqtisadi-v%c9%99ziyy%c9%99t-v%c9%99-sosial-durum\/","name":"\u00dcr\u0259k x\u0259st\u0259likl\u0259rinin artmas\u0131n\u0131n s\u0259b\u0259bi: Stress, iqtisadi v\u0259ziyy\u0259t v\u0259 sosial durum... - MEYDAN.TV","isPartOf":{"@id":"https:\/\/www.meydan.tv\/az\/#website"},"primaryImageOfPage":{"@id":"https:\/\/www.meydan.tv\/az\/article\/ur%c9%99k-x%c9%99st%c9%99likl%c9%99rinin-artmasinin-s%c9%99b%c9%99bi-stress-iqtisadi-v%c9%99ziyy%c9%99t-v%c9%99-sosial-durum\/#primaryimage"},"image":{"@id":"https:\/\/www.meydan.tv\/az\/article\/ur%c9%99k-x%c9%99st%c9%99likl%c9%99rinin-artmasinin-s%c9%99b%c9%99bi-stress-iqtisadi-v%c9%99ziyy%c9%99t-v%c9%99-sosial-durum\/#primaryimage"},"thumbnailUrl":"https:\/\/www.meydan.tv\/wp-content\/uploads\/shutterstock_2476803117.jpg","datePublished":"2025-08-18T15:51:17+00:00","dateModified":"2025-08-18T15:51:20+00:00","breadcrumb":{"@id":"https:\/\/www.meydan.tv\/az\/article\/ur%c9%99k-x%c9%99st%c9%99likl%c9%99rinin-artmasinin-s%c9%99b%c9%99bi-stress-iqtisadi-v%c9%99ziyy%c9%99t-v%c9%99-sosial-durum\/#breadcrumb"},"inLanguage":"az","potentialAction":[{"@type":"ReadAction","target":["https:\/\/www.meydan.tv\/az\/article\/ur%c9%99k-x%c9%99st%c9%99likl%c9%99rinin-artmasinin-s%c9%99b%c9%99bi-stress-iqtisadi-v%c9%99ziyy%c9%99t-v%c9%99-sosial-durum\/"]}]},{"@type":"ImageObject","inLanguage":"az","@id":"https:\/\/www.meydan.tv\/az\/article\/ur%c9%99k-x%c9%99st%c9%99likl%c9%99rinin-artmasinin-s%c9%99b%c9%99bi-stress-iqtisadi-v%c9%99ziyy%c9%99t-v%c9%99-sosial-durum\/#primaryimage","url":"https:\/\/www.meydan.tv\/wp-content\/uploads\/shutterstock_2476803117.jpg","contentUrl":"https:\/\/www.meydan.tv\/wp-content\/uploads\/shutterstock_2476803117.jpg","width":1200,"height":639,"caption":"\u00dcr\u0259k h\u0259kimi. Foto: Billion Photos\/shutterstock"},{"@type":"BreadcrumbList","@id":"https:\/\/www.meydan.tv\/az\/article\/ur%c9%99k-x%c9%99st%c9%99likl%c9%99rinin-artmasinin-s%c9%99b%c9%99bi-stress-iqtisadi-v%c9%99ziyy%c9%99t-v%c9%99-sosial-durum\/#breadcrumb","itemListElement":[{"@type":"ListItem","position":1,"name":"Ana s\u0259hif\u0259","item":"https:\/\/www.meydan.tv\/az\/"},{"@type":"ListItem","position":2,"name":"Sosial","item":"https:\/\/www.meydan.tv\/az\/section\/sosial\/"},{"@type":"ListItem","position":3,"name":"\u00dcr\u0259k x\u0259st\u0259likl\u0259rinin artmas\u0131n\u0131n s\u0259b\u0259bi: Stress, iqtisadi v\u0259ziyy\u0259t v\u0259 sosial durum&#8230;"}]},{"@type":"WebSite","@id":"https:\/\/www.meydan.tv\/az\/#website","url":"https:\/\/www.meydan.tv\/az\/","name":"MEYDAN.TV","description":"Meydan TV Az\u0259rbaycan\u0131n media m\u0259kan\u0131ndak\u0131 alternativ s\u0259sidir","publisher":{"@id":"https:\/\/www.meydan.tv\/az\/#organization"},"potentialAction":[{"@type":"SearchAction","target":{"@type":"EntryPoint","urlTemplate":"https:\/\/www.meydan.tv\/az\/?s={search_term_string}"},"query-input":{"@type":"PropertyValueSpecification","valueRequired":true,"valueName":"search_term_string"}}],"inLanguage":"az"},{"@type":"Organization","@id":"https:\/\/www.meydan.tv\/az\/#organization","name":"Meydan TV","url":"https:\/\/www.meydan.tv\/az\/","logo":{"@type":"ImageObject","inLanguage":"az","@id":"https:\/\/www.meydan.tv\/az\/#\/schema\/logo\/image\/","url":"https:\/\/www.meydan.tv\/wp-content\/uploads\/2021\/07\/meydan-logo.svg","contentUrl":"https:\/\/www.meydan.tv\/wp-content\/uploads\/2021\/07\/meydan-logo.svg","width":195,"height":46,"caption":"Meydan TV"},"image":{"@id":"https:\/\/www.meydan.tv\/az\/#\/schema\/logo\/image\/"}},{"@type":"Person","@id":"https:\/\/www.meydan.tv\/az\/#\/schema\/person\/09863e516102a829e72bedcf3f84c6b0","name":"mahmud"}]}},"_links":{"self":[{"href":"https:\/\/www.meydan.tv\/az\/wp-json\/wp\/v2\/posts\/334289","targetHints":{"allow":["GET"]}}],"collection":[{"href":"https:\/\/www.meydan.tv\/az\/wp-json\/wp\/v2\/posts"}],"about":[{"href":"https:\/\/www.meydan.tv\/az\/wp-json\/wp\/v2\/types\/post"}],"author":[{"embeddable":true,"href":"https:\/\/www.meydan.tv\/az\/wp-json\/wp\/v2\/users\/21"}],"replies":[{"embeddable":true,"href":"https:\/\/www.meydan.tv\/az\/wp-json\/wp\/v2\/comments?post=334289"}],"version-history":[{"count":1,"href":"https:\/\/www.meydan.tv\/az\/wp-json\/wp\/v2\/posts\/334289\/revisions"}],"predecessor-version":[{"id":334290,"href":"https:\/\/www.meydan.tv\/az\/wp-json\/wp\/v2\/posts\/334289\/revisions\/334290"}],"wp:featuredmedia":[{"embeddable":true,"href":"https:\/\/www.meydan.tv\/az\/wp-json\/wp\/v2\/media\/317604"}],"wp:attachment":[{"href":"https:\/\/www.meydan.tv\/az\/wp-json\/wp\/v2\/media?parent=334289"}],"wp:term":[{"taxonomy":"category","embeddable":true,"href":"https:\/\/www.meydan.tv\/az\/wp-json\/wp\/v2\/categories?post=334289"},{"taxonomy":"post_tag","embeddable":true,"href":"https:\/\/www.meydan.tv\/az\/wp-json\/wp\/v2\/tags?post=334289"}],"curies":[{"name":"wp","href":"https:\/\/api.w.org\/{rel}","templated":true}]}}