{"id":334261,"date":"2025-08-18T15:28:01","date_gmt":"2025-08-18T11:28:01","guid":{"rendered":"https:\/\/www.meydan.tv\/?p=334261"},"modified":"2025-08-18T15:28:04","modified_gmt":"2025-08-18T11:28:04","slug":"r%c9%99qsan%c9%99-ismayilova-h%c9%99bsind%c9%99n-apellyasiya-sikay%c9%99ti-verib","status":"publish","type":"post","link":"https:\/\/www.meydan.tv\/az\/article\/r%c9%99qsan%c9%99-ismayilova-h%c9%99bsind%c9%99n-apellyasiya-sikay%c9%99ti-verib\/","title":{"rendered":"R\u0259qsan\u0259 \u0130smay\u0131lova h\u0259bsind\u0259n apellyasiya \u015fikay\u0259ti verib"},"content":{"rendered":"\n<p><\/p>\n\n\n\n<p>Bir ne\u00e7\u0259 g\u00fcn \u0259vv\u0259l d\u0259l\u0259duzluq ittiham\u0131 il\u0259 bar\u0259sind\u0259 4 ay m\u00fcdd\u0259tin\u0259 h\u0259bs q\u0259timkan t\u0259dbiri se\u00e7il\u0259n m\u00fc\u011f\u0259nni R\u0259qsan\u0259 \u0130smay\u0131lova m\u0259hk\u0259m\u0259nin q\u0259rar\u0131ndan apellyasiya \u015fikay\u0259ti verib.<\/p>\n\n\n\n<p>Bu bar\u0259d\u0259 m\u0259lumat\u0131 m\u00fc\u011f\u0259nninin v\u0259kili Hikm\u0259t \u018fliyev <a href=\"https:\/\/qafqazinfo.az\/news\/detail\/reqsane-apellyasiya-sikayeti-verdi-479803\" target=\"_blank\" rel=\"noreferrer noopener\">verib.<\/a><\/p>\n\n\n\n<p>V\u0259kil deyir ki, R\u0259qsan\u0259 \u0130smay\u0131lovan\u0131n azadl\u0131qda olmas\u0131 c\u0259miyy\u0259t \u00fc\u00e7\u00fcn t\u0259hl\u00fck\u0259 yaratm\u0131r v\u0259 istintaq\u0131n gedi\u015fin\u0259 he\u00e7 bir mane\u0259 t\u00f6r\u0259tmir.&nbsp;<\/p>\n\n\n\n<p><em>\u201cR\u0259qsan\u0259 \u0130smay\u0131lova \u00f6z\u00fcn\u00fc t\u0259qsirli bilmir. \u018fg\u0259r h\u0259r hans\u0131sa bir \u015fikay\u0259t varsa, onun ara\u015fd\u0131r\u0131lmas\u0131 ba\u015fa d\u00fc\u015f\u00fcl\u0259ndir. Lakin bu ara\u015fd\u0131rman\u0131n m\u00fc\u011f\u0259nninin azadl\u0131qda olark\u0259n apar\u0131lmas\u0131 daha \u0259dal\u0259tlidir\u201d <\/em>&#8211; dey\u0259 v\u0259kil Hikm\u0259t \u018fliyev bildirib.<\/p>\n\n\n\n<p>Q\u0259rardan verilmi\u015f \u015fikay\u0259t\u0259 2 g\u00fcn \u0259rzind\u0259 Bak\u0131 Apellyasiya M\u0259hk\u0259m\u0259sind\u0259 bax\u0131lacaq.<\/p>\n\n\n\n<pre class=\"wp-block-preformatted\">M\u00fc\u011f\u0259nni R\u0259qsan\u0259 \u0130smay\u0131lova avqustun 16-da h\u0259bs edilib. <br><br>\u0130ddiaya g\u00f6r\u0259 o, o, iki n\u0259f\u0259rin \u00fcmumilikd\u0259 35.000 manat d\u0259y\u0259rind\u0259 q\u0131z\u0131l-zin\u0259t \u0259\u015fyalar\u0131n\u0131 v\u0259 520.000 AB\u015e dollar\u0131 m\u0259bl\u0259\u011find\u0259 pulunu \u0259l\u0259 ke\u00e7irib. <br><br>Onun bar\u0259sind\u0259 polis m\u00fcst\u0259ntiqinin v\u0259sat\u0259ti, prokurorun t\u0259qdimat\u0131 \u0259sas\u0131nda m\u0259hk\u0259m\u0259 q\u0259rar\u0131 il\u0259 4 ay m\u00fcdd\u0259tin\u0259 h\u0259bs q\u0259timkan t\u0259dbiri se\u00e7ilib. <br><br>Bu madd\u0259 il\u0259 (178.4 - d\u0259l\u0259duzluq x\u00fcsusil\u0259 k\u00fclli miqdarda t\u00f6r\u0259dildikd\u0259) m\u00fc\u011f\u0259nniy\u0259 14 il\u0259 q\u0259d\u0259r h\u0259bs c\u0259zas\u0131 veril\u0259 bil\u0259r.\u00a0<\/pre>\n\n\n\n<p>M\u00fc\u011f\u0259nni R\u0259qsan\u0259 \u0130smay\u0131lova sosial \u015f\u0259b\u0259k\u0259l\u0259rd\u0259 d\u0259f\u0259l\u0259rl\u0259 X\u0259z\u0259r Rayonunun Polis \u0130dar\u0259sinin r\u0259isi \u018fli \u0130brahimovla aras\u0131nda ya\u015fad\u0131\u011f\u0131 ev m\u00fcbahis\u0259sin\u0259 g\u00f6r\u0259 daxili i\u015fl\u0259r nazirin\u0259 <a href=\"https:\/\/vm.tiktok.com\/ZNdCr93RC\/\">m\u00fcraci\u0259t etmi\u015fdi<\/a>.  Sosial mediada onun h\u0259bsin\u0259 s\u0259b\u0259b kimi polis r\u0259isi il\u0259 ya\u015fad\u0131\u011f\u0131 m\u00fcnaqi\u015f\u0259 g\u00f6st\u0259rilir.\u00a0<\/p>\n\n\n\n<p>M\u00fc\u011f\u0259ninin h\u0259yat yolda\u015f\u0131 Fazil Mustafayev Rusiyan\u0131n Az\u0259rbaycandak\u0131 s\u0259firliyin\u0259 m\u00fcraci\u0259t ed\u0259r\u0259k onun v\u0259 \u00f6vladlar\u0131n\u0131n t\u0259hl\u00fck\u0259sizlikl\u0259rinin t\u0259min edilm\u0259sini ist\u0259yib.<\/p>\n\n\n\n<p><em>\u201cM\u0259n bir Rusiya v\u0259t\u0259nda\u015f\u0131 olaraq, Rusiya s\u0259firliyind\u0259n k\u00f6m\u0259k ist\u0259yir\u0259m. M\u0259nim v\u0259 \u00f6vladlar\u0131m\u0131n t\u0259hl\u00fck\u0259sizliyini t\u0259min etsinl\u0259r. \u00d6lk\u0259m\u0259 geri g\u00f6nd\u0259rsinl\u0259r. M\u0259n Rusiya v\u0259t\u0259nda\u015f\u0131yam, burada \u0259limd\u0259n he\u00e7 n\u0259 g\u0259lmir\u201d<\/em> &#8211; dey\u0259 Fazil Mustafayev sosial media statusunda bildirib.<\/p>\n\n\n\n<script async src=\"https:\/\/telegram.org\/js\/telegram-widget.js?22\" data-telegram-post=\"apa_tv\/25536\" data-width=\"100%\"><\/script>\n","protected":false},"excerpt":{"rendered":"<p>Bir ne\u00e7\u0259 g\u00fcn \u0259vv\u0259l d\u0259l\u0259duzluq ittiham\u0131 il\u0259 bar\u0259sind\u0259 4 ay &#8230; <\/p>\n<p class=\"read-more-container\"><a title=\"R\u0259qsan\u0259 \u0130smay\u0131lova h\u0259bsind\u0259n apellyasiya \u015fikay\u0259ti verib\" class=\"read-more button\" href=\"https:\/\/www.meydan.tv\/az\/article\/r%c9%99qsan%c9%99-ismayilova-h%c9%99bsind%c9%99n-apellyasiya-sikay%c9%99ti-verib\/#more-334261\" aria-label=\"Read more about R\u0259qsan\u0259 \u0130smay\u0131lova h\u0259bsind\u0259n apellyasiya \u015fikay\u0259ti verib\">Davam\u0131<\/a><\/p>\n","protected":false},"author":21,"featured_media":334275,"comment_status":"closed","ping_status":"closed","sticky":false,"template":"","format":"standard","meta":{"_acf_changed":false,"_sitemap_exclude":false,"_sitemap_priority":"","_sitemap_frequency":"","footnotes":""},"categories":[62,56],"tags":[],"class_list":["post-334261","post","type-post","status-publish","format-standard","has-post-thumbnail","hentry","category-sosial","category-xeberler","infinite-scroll-item","generate-columns","tablet-grid-50","mobile-grid-100","grid-parent","grid-33","no-featured-image-padding"],"acf":[],"yoast_head":"<!-- This site is optimized with the Yoast SEO plugin v27.4 - https:\/\/yoast.com\/product\/yoast-seo-wordpress\/ -->\n<title>R\u0259qsan\u0259 \u0130smay\u0131lova h\u0259bsind\u0259n apellyasiya \u015fikay\u0259ti verib - MEYDAN.TV<\/title>\n<meta name=\"robots\" content=\"index, follow, max-snippet:-1, max-image-preview:large, max-video-preview:-1\" \/>\n<link rel=\"canonical\" href=\"https:\/\/www.meydan.tv\/az\/article\/r%c9%99qsan%c9%99-ismayilova-h%c9%99bsind%c9%99n-apellyasiya-sikay%c9%99ti-verib\/\" \/>\n<meta property=\"og:locale\" content=\"az_AZ\" \/>\n<meta property=\"og:type\" content=\"article\" \/>\n<meta property=\"og:title\" content=\"R\u0259qsan\u0259 \u0130smay\u0131lova h\u0259bsind\u0259n apellyasiya \u015fikay\u0259ti verib - MEYDAN.TV\" \/>\n<meta property=\"og:description\" content=\"Bir ne\u00e7\u0259 g\u00fcn \u0259vv\u0259l d\u0259l\u0259duzluq ittiham\u0131 il\u0259 bar\u0259sind\u0259 4 ay ... Davam\u0131\" \/>\n<meta property=\"og:url\" content=\"https:\/\/www.meydan.tv\/az\/article\/r%c9%99qsan%c9%99-ismayilova-h%c9%99bsind%c9%99n-apellyasiya-sikay%c9%99ti-verib\/\" \/>\n<meta property=\"og:site_name\" content=\"MEYDAN.TV\" \/>\n<meta property=\"article:published_time\" content=\"2025-08-18T11:28:01+00:00\" \/>\n<meta property=\"article:modified_time\" content=\"2025-08-18T11:28:04+00:00\" \/>\n<meta property=\"og:image\" content=\"https:\/\/www.meydan.tv\/wp-content\/uploads\/0358d684-f2e8-4d10-8153-e497974fa82c.jpg\" \/>\n\t<meta property=\"og:image:width\" content=\"2168\" \/>\n\t<meta property=\"og:image:height\" content=\"1142\" \/>\n\t<meta property=\"og:image:type\" content=\"image\/jpeg\" \/>\n<meta name=\"author\" content=\"mahmud\" \/>\n<meta name=\"twitter:card\" content=\"summary_large_image\" \/>\n<script type=\"application\/ld+json\" class=\"yoast-schema-graph\">{\"@context\":\"https:\\\/\\\/schema.org\",\"@graph\":[{\"@type\":\"Article\",\"@id\":\"https:\\\/\\\/www.meydan.tv\\\/az\\\/article\\\/r%c9%99qsan%c9%99-ismayilova-h%c9%99bsind%c9%99n-apellyasiya-sikay%c9%99ti-verib\\\/#article\",\"isPartOf\":{\"@id\":\"https:\\\/\\\/www.meydan.tv\\\/az\\\/article\\\/r%c9%99qsan%c9%99-ismayilova-h%c9%99bsind%c9%99n-apellyasiya-sikay%c9%99ti-verib\\\/\"},\"author\":{\"name\":\"mahmud\",\"@id\":\"https:\\\/\\\/www.meydan.tv\\\/az\\\/#\\\/schema\\\/person\\\/09863e516102a829e72bedcf3f84c6b0\"},\"headline\":\"R\u0259qsan\u0259 \u0130smay\u0131lova h\u0259bsind\u0259n apellyasiya \u015fikay\u0259ti verib\",\"datePublished\":\"2025-08-18T11:28:01+00:00\",\"dateModified\":\"2025-08-18T11:28:04+00:00\",\"mainEntityOfPage\":{\"@id\":\"https:\\\/\\\/www.meydan.tv\\\/az\\\/article\\\/r%c9%99qsan%c9%99-ismayilova-h%c9%99bsind%c9%99n-apellyasiya-sikay%c9%99ti-verib\\\/\"},\"wordCount\":332,\"publisher\":{\"@id\":\"https:\\\/\\\/www.meydan.tv\\\/az\\\/#organization\"},\"image\":{\"@id\":\"https:\\\/\\\/www.meydan.tv\\\/az\\\/article\\\/r%c9%99qsan%c9%99-ismayilova-h%c9%99bsind%c9%99n-apellyasiya-sikay%c9%99ti-verib\\\/#primaryimage\"},\"thumbnailUrl\":\"https:\\\/\\\/www.meydan.tv\\\/wp-content\\\/uploads\\\/0358d684-f2e8-4d10-8153-e497974fa82c.jpg\",\"articleSection\":[\"Sosial\",\"X\u0259b\u0259rl\u0259r\"],\"inLanguage\":\"az\"},{\"@type\":\"WebPage\",\"@id\":\"https:\\\/\\\/www.meydan.tv\\\/az\\\/article\\\/r%c9%99qsan%c9%99-ismayilova-h%c9%99bsind%c9%99n-apellyasiya-sikay%c9%99ti-verib\\\/\",\"url\":\"https:\\\/\\\/www.meydan.tv\\\/az\\\/article\\\/r%c9%99qsan%c9%99-ismayilova-h%c9%99bsind%c9%99n-apellyasiya-sikay%c9%99ti-verib\\\/\",\"name\":\"R\u0259qsan\u0259 \u0130smay\u0131lova h\u0259bsind\u0259n apellyasiya \u015fikay\u0259ti verib - MEYDAN.TV\",\"isPartOf\":{\"@id\":\"https:\\\/\\\/www.meydan.tv\\\/az\\\/#website\"},\"primaryImageOfPage\":{\"@id\":\"https:\\\/\\\/www.meydan.tv\\\/az\\\/article\\\/r%c9%99qsan%c9%99-ismayilova-h%c9%99bsind%c9%99n-apellyasiya-sikay%c9%99ti-verib\\\/#primaryimage\"},\"image\":{\"@id\":\"https:\\\/\\\/www.meydan.tv\\\/az\\\/article\\\/r%c9%99qsan%c9%99-ismayilova-h%c9%99bsind%c9%99n-apellyasiya-sikay%c9%99ti-verib\\\/#primaryimage\"},\"thumbnailUrl\":\"https:\\\/\\\/www.meydan.tv\\\/wp-content\\\/uploads\\\/0358d684-f2e8-4d10-8153-e497974fa82c.jpg\",\"datePublished\":\"2025-08-18T11:28:01+00:00\",\"dateModified\":\"2025-08-18T11:28:04+00:00\",\"breadcrumb\":{\"@id\":\"https:\\\/\\\/www.meydan.tv\\\/az\\\/article\\\/r%c9%99qsan%c9%99-ismayilova-h%c9%99bsind%c9%99n-apellyasiya-sikay%c9%99ti-verib\\\/#breadcrumb\"},\"inLanguage\":\"az\",\"potentialAction\":[{\"@type\":\"ReadAction\",\"target\":[\"https:\\\/\\\/www.meydan.tv\\\/az\\\/article\\\/r%c9%99qsan%c9%99-ismayilova-h%c9%99bsind%c9%99n-apellyasiya-sikay%c9%99ti-verib\\\/\"]}]},{\"@type\":\"ImageObject\",\"inLanguage\":\"az\",\"@id\":\"https:\\\/\\\/www.meydan.tv\\\/az\\\/article\\\/r%c9%99qsan%c9%99-ismayilova-h%c9%99bsind%c9%99n-apellyasiya-sikay%c9%99ti-verib\\\/#primaryimage\",\"url\":\"https:\\\/\\\/www.meydan.tv\\\/wp-content\\\/uploads\\\/0358d684-f2e8-4d10-8153-e497974fa82c.jpg\",\"contentUrl\":\"https:\\\/\\\/www.meydan.tv\\\/wp-content\\\/uploads\\\/0358d684-f2e8-4d10-8153-e497974fa82c.jpg\",\"width\":2168,\"height\":1142,\"caption\":\"R\u0259qsan\u0259 \u0130smay\u0131lova. Foto: \u015f\u0259xsi \u0130nstagram s\u0259hif\u0259si\"},{\"@type\":\"BreadcrumbList\",\"@id\":\"https:\\\/\\\/www.meydan.tv\\\/az\\\/article\\\/r%c9%99qsan%c9%99-ismayilova-h%c9%99bsind%c9%99n-apellyasiya-sikay%c9%99ti-verib\\\/#breadcrumb\",\"itemListElement\":[{\"@type\":\"ListItem\",\"position\":1,\"name\":\"Ana s\u0259hif\u0259\",\"item\":\"https:\\\/\\\/www.meydan.tv\\\/az\\\/\"},{\"@type\":\"ListItem\",\"position\":2,\"name\":\"Sosial\",\"item\":\"https:\\\/\\\/www.meydan.tv\\\/az\\\/section\\\/sosial\\\/\"},{\"@type\":\"ListItem\",\"position\":3,\"name\":\"R\u0259qsan\u0259 \u0130smay\u0131lova h\u0259bsind\u0259n apellyasiya \u015fikay\u0259ti verib\"}]},{\"@type\":\"WebSite\",\"@id\":\"https:\\\/\\\/www.meydan.tv\\\/az\\\/#website\",\"url\":\"https:\\\/\\\/www.meydan.tv\\\/az\\\/\",\"name\":\"MEYDAN.TV\",\"description\":\"Meydan TV Az\u0259rbaycan\u0131n media m\u0259kan\u0131ndak\u0131 alternativ s\u0259sidir\",\"publisher\":{\"@id\":\"https:\\\/\\\/www.meydan.tv\\\/az\\\/#organization\"},\"potentialAction\":[{\"@type\":\"SearchAction\",\"target\":{\"@type\":\"EntryPoint\",\"urlTemplate\":\"https:\\\/\\\/www.meydan.tv\\\/az\\\/?s={search_term_string}\"},\"query-input\":{\"@type\":\"PropertyValueSpecification\",\"valueRequired\":true,\"valueName\":\"search_term_string\"}}],\"inLanguage\":\"az\"},{\"@type\":\"Organization\",\"@id\":\"https:\\\/\\\/www.meydan.tv\\\/az\\\/#organization\",\"name\":\"Meydan TV\",\"url\":\"https:\\\/\\\/www.meydan.tv\\\/az\\\/\",\"logo\":{\"@type\":\"ImageObject\",\"inLanguage\":\"az\",\"@id\":\"https:\\\/\\\/www.meydan.tv\\\/az\\\/#\\\/schema\\\/logo\\\/image\\\/\",\"url\":\"https:\\\/\\\/www.meydan.tv\\\/wp-content\\\/uploads\\\/2021\\\/07\\\/meydan-logo.svg\",\"contentUrl\":\"https:\\\/\\\/www.meydan.tv\\\/wp-content\\\/uploads\\\/2021\\\/07\\\/meydan-logo.svg\",\"width\":195,\"height\":46,\"caption\":\"Meydan TV\"},\"image\":{\"@id\":\"https:\\\/\\\/www.meydan.tv\\\/az\\\/#\\\/schema\\\/logo\\\/image\\\/\"}},{\"@type\":\"Person\",\"@id\":\"https:\\\/\\\/www.meydan.tv\\\/az\\\/#\\\/schema\\\/person\\\/09863e516102a829e72bedcf3f84c6b0\",\"name\":\"mahmud\"}]}<\/script>\n<!-- \/ Yoast SEO plugin. -->","yoast_head_json":{"title":"R\u0259qsan\u0259 \u0130smay\u0131lova h\u0259bsind\u0259n apellyasiya \u015fikay\u0259ti verib - MEYDAN.TV","robots":{"index":"index","follow":"follow","max-snippet":"max-snippet:-1","max-image-preview":"max-image-preview:large","max-video-preview":"max-video-preview:-1"},"canonical":"https:\/\/www.meydan.tv\/az\/article\/r%c9%99qsan%c9%99-ismayilova-h%c9%99bsind%c9%99n-apellyasiya-sikay%c9%99ti-verib\/","og_locale":"az_AZ","og_type":"article","og_title":"R\u0259qsan\u0259 \u0130smay\u0131lova h\u0259bsind\u0259n apellyasiya \u015fikay\u0259ti verib - MEYDAN.TV","og_description":"Bir ne\u00e7\u0259 g\u00fcn \u0259vv\u0259l d\u0259l\u0259duzluq ittiham\u0131 il\u0259 bar\u0259sind\u0259 4 ay ... Davam\u0131","og_url":"https:\/\/www.meydan.tv\/az\/article\/r%c9%99qsan%c9%99-ismayilova-h%c9%99bsind%c9%99n-apellyasiya-sikay%c9%99ti-verib\/","og_site_name":"MEYDAN.TV","article_published_time":"2025-08-18T11:28:01+00:00","article_modified_time":"2025-08-18T11:28:04+00:00","og_image":[{"width":2168,"height":1142,"url":"https:\/\/www.meydan.tv\/wp-content\/uploads\/0358d684-f2e8-4d10-8153-e497974fa82c.jpg","type":"image\/jpeg"}],"author":"mahmud","twitter_card":"summary_large_image","schema":{"@context":"https:\/\/schema.org","@graph":[{"@type":"Article","@id":"https:\/\/www.meydan.tv\/az\/article\/r%c9%99qsan%c9%99-ismayilova-h%c9%99bsind%c9%99n-apellyasiya-sikay%c9%99ti-verib\/#article","isPartOf":{"@id":"https:\/\/www.meydan.tv\/az\/article\/r%c9%99qsan%c9%99-ismayilova-h%c9%99bsind%c9%99n-apellyasiya-sikay%c9%99ti-verib\/"},"author":{"name":"mahmud","@id":"https:\/\/www.meydan.tv\/az\/#\/schema\/person\/09863e516102a829e72bedcf3f84c6b0"},"headline":"R\u0259qsan\u0259 \u0130smay\u0131lova h\u0259bsind\u0259n apellyasiya \u015fikay\u0259ti verib","datePublished":"2025-08-18T11:28:01+00:00","dateModified":"2025-08-18T11:28:04+00:00","mainEntityOfPage":{"@id":"https:\/\/www.meydan.tv\/az\/article\/r%c9%99qsan%c9%99-ismayilova-h%c9%99bsind%c9%99n-apellyasiya-sikay%c9%99ti-verib\/"},"wordCount":332,"publisher":{"@id":"https:\/\/www.meydan.tv\/az\/#organization"},"image":{"@id":"https:\/\/www.meydan.tv\/az\/article\/r%c9%99qsan%c9%99-ismayilova-h%c9%99bsind%c9%99n-apellyasiya-sikay%c9%99ti-verib\/#primaryimage"},"thumbnailUrl":"https:\/\/www.meydan.tv\/wp-content\/uploads\/0358d684-f2e8-4d10-8153-e497974fa82c.jpg","articleSection":["Sosial","X\u0259b\u0259rl\u0259r"],"inLanguage":"az"},{"@type":"WebPage","@id":"https:\/\/www.meydan.tv\/az\/article\/r%c9%99qsan%c9%99-ismayilova-h%c9%99bsind%c9%99n-apellyasiya-sikay%c9%99ti-verib\/","url":"https:\/\/www.meydan.tv\/az\/article\/r%c9%99qsan%c9%99-ismayilova-h%c9%99bsind%c9%99n-apellyasiya-sikay%c9%99ti-verib\/","name":"R\u0259qsan\u0259 \u0130smay\u0131lova h\u0259bsind\u0259n apellyasiya \u015fikay\u0259ti verib - MEYDAN.TV","isPartOf":{"@id":"https:\/\/www.meydan.tv\/az\/#website"},"primaryImageOfPage":{"@id":"https:\/\/www.meydan.tv\/az\/article\/r%c9%99qsan%c9%99-ismayilova-h%c9%99bsind%c9%99n-apellyasiya-sikay%c9%99ti-verib\/#primaryimage"},"image":{"@id":"https:\/\/www.meydan.tv\/az\/article\/r%c9%99qsan%c9%99-ismayilova-h%c9%99bsind%c9%99n-apellyasiya-sikay%c9%99ti-verib\/#primaryimage"},"thumbnailUrl":"https:\/\/www.meydan.tv\/wp-content\/uploads\/0358d684-f2e8-4d10-8153-e497974fa82c.jpg","datePublished":"2025-08-18T11:28:01+00:00","dateModified":"2025-08-18T11:28:04+00:00","breadcrumb":{"@id":"https:\/\/www.meydan.tv\/az\/article\/r%c9%99qsan%c9%99-ismayilova-h%c9%99bsind%c9%99n-apellyasiya-sikay%c9%99ti-verib\/#breadcrumb"},"inLanguage":"az","potentialAction":[{"@type":"ReadAction","target":["https:\/\/www.meydan.tv\/az\/article\/r%c9%99qsan%c9%99-ismayilova-h%c9%99bsind%c9%99n-apellyasiya-sikay%c9%99ti-verib\/"]}]},{"@type":"ImageObject","inLanguage":"az","@id":"https:\/\/www.meydan.tv\/az\/article\/r%c9%99qsan%c9%99-ismayilova-h%c9%99bsind%c9%99n-apellyasiya-sikay%c9%99ti-verib\/#primaryimage","url":"https:\/\/www.meydan.tv\/wp-content\/uploads\/0358d684-f2e8-4d10-8153-e497974fa82c.jpg","contentUrl":"https:\/\/www.meydan.tv\/wp-content\/uploads\/0358d684-f2e8-4d10-8153-e497974fa82c.jpg","width":2168,"height":1142,"caption":"R\u0259qsan\u0259 \u0130smay\u0131lova. Foto: \u015f\u0259xsi \u0130nstagram s\u0259hif\u0259si"},{"@type":"BreadcrumbList","@id":"https:\/\/www.meydan.tv\/az\/article\/r%c9%99qsan%c9%99-ismayilova-h%c9%99bsind%c9%99n-apellyasiya-sikay%c9%99ti-verib\/#breadcrumb","itemListElement":[{"@type":"ListItem","position":1,"name":"Ana s\u0259hif\u0259","item":"https:\/\/www.meydan.tv\/az\/"},{"@type":"ListItem","position":2,"name":"Sosial","item":"https:\/\/www.meydan.tv\/az\/section\/sosial\/"},{"@type":"ListItem","position":3,"name":"R\u0259qsan\u0259 \u0130smay\u0131lova h\u0259bsind\u0259n apellyasiya \u015fikay\u0259ti verib"}]},{"@type":"WebSite","@id":"https:\/\/www.meydan.tv\/az\/#website","url":"https:\/\/www.meydan.tv\/az\/","name":"MEYDAN.TV","description":"Meydan TV Az\u0259rbaycan\u0131n media m\u0259kan\u0131ndak\u0131 alternativ s\u0259sidir","publisher":{"@id":"https:\/\/www.meydan.tv\/az\/#organization"},"potentialAction":[{"@type":"SearchAction","target":{"@type":"EntryPoint","urlTemplate":"https:\/\/www.meydan.tv\/az\/?s={search_term_string}"},"query-input":{"@type":"PropertyValueSpecification","valueRequired":true,"valueName":"search_term_string"}}],"inLanguage":"az"},{"@type":"Organization","@id":"https:\/\/www.meydan.tv\/az\/#organization","name":"Meydan TV","url":"https:\/\/www.meydan.tv\/az\/","logo":{"@type":"ImageObject","inLanguage":"az","@id":"https:\/\/www.meydan.tv\/az\/#\/schema\/logo\/image\/","url":"https:\/\/www.meydan.tv\/wp-content\/uploads\/2021\/07\/meydan-logo.svg","contentUrl":"https:\/\/www.meydan.tv\/wp-content\/uploads\/2021\/07\/meydan-logo.svg","width":195,"height":46,"caption":"Meydan TV"},"image":{"@id":"https:\/\/www.meydan.tv\/az\/#\/schema\/logo\/image\/"}},{"@type":"Person","@id":"https:\/\/www.meydan.tv\/az\/#\/schema\/person\/09863e516102a829e72bedcf3f84c6b0","name":"mahmud"}]}},"_links":{"self":[{"href":"https:\/\/www.meydan.tv\/az\/wp-json\/wp\/v2\/posts\/334261","targetHints":{"allow":["GET"]}}],"collection":[{"href":"https:\/\/www.meydan.tv\/az\/wp-json\/wp\/v2\/posts"}],"about":[{"href":"https:\/\/www.meydan.tv\/az\/wp-json\/wp\/v2\/types\/post"}],"author":[{"embeddable":true,"href":"https:\/\/www.meydan.tv\/az\/wp-json\/wp\/v2\/users\/21"}],"replies":[{"embeddable":true,"href":"https:\/\/www.meydan.tv\/az\/wp-json\/wp\/v2\/comments?post=334261"}],"version-history":[{"count":1,"href":"https:\/\/www.meydan.tv\/az\/wp-json\/wp\/v2\/posts\/334261\/revisions"}],"predecessor-version":[{"id":334262,"href":"https:\/\/www.meydan.tv\/az\/wp-json\/wp\/v2\/posts\/334261\/revisions\/334262"}],"wp:featuredmedia":[{"embeddable":true,"href":"https:\/\/www.meydan.tv\/az\/wp-json\/wp\/v2\/media\/334275"}],"wp:attachment":[{"href":"https:\/\/www.meydan.tv\/az\/wp-json\/wp\/v2\/media?parent=334261"}],"wp:term":[{"taxonomy":"category","embeddable":true,"href":"https:\/\/www.meydan.tv\/az\/wp-json\/wp\/v2\/categories?post=334261"},{"taxonomy":"post_tag","embeddable":true,"href":"https:\/\/www.meydan.tv\/az\/wp-json\/wp\/v2\/tags?post=334261"}],"curies":[{"name":"wp","href":"https:\/\/api.w.org\/{rel}","templated":true}]}}