{"id":334246,"date":"2025-08-16T13:41:10","date_gmt":"2025-08-16T09:41:10","guid":{"rendered":"https:\/\/www.meydan.tv\/?p=334246"},"modified":"2025-08-16T13:41:14","modified_gmt":"2025-08-16T09:41:14","slug":"tramp-putinl%c9%99-gorusd%c9%99n-sonra-zelenskini-vasinqtona-d%c9%99v%c9%99t-etdi","status":"publish","type":"post","link":"https:\/\/www.meydan.tv\/az\/article\/tramp-putinl%c9%99-gorusd%c9%99n-sonra-zelenskini-vasinqtona-d%c9%99v%c9%99t-etdi\/","title":{"rendered":"Tramp Putinl\u0259 g\u00f6r\u00fc\u015fd\u0259n sonra Zelenskini Va\u015finqtona d\u0259v\u0259t etdi"},"content":{"rendered":"\n<p><br>D\u00fcn\u0259n, avqustun 15-d\u0259 AB\u015e v\u0259 Rusiya prezidentl\u0259ri aras\u0131nda Alyaskada ba\u015f tutan g\u00f6r\u00fc\u015fd\u0259n sonra Donald Tramp Vladimir Zelenski il\u0259 telefonla \u0259laq\u0259 saxlayaraq, dan\u0131\u015f\u0131qlar\u0131n n\u0259tic\u0259l\u0259ri bar\u0259d\u0259 m\u0259lumat verib.<\/p>\n\n\n\n<p>T\u0259xmin\u0259n bir saat davam ed\u0259n telefon dan\u0131\u015f\u0131\u011f\u0131na Avropa \u0130ttifaq\u0131 Komissiyas\u0131n\u0131n s\u0259dri Ursula fon der Lyayen, Fransa prezidenti Emmanuel Makron, Almaniya Kansleri Olaf \u015eolts, Finlandiya prezidenti Aleksandr Stubb, Pol\u015fa prezidenti Andjey Duda, B\u00f6y\u00fck Britaniyan\u0131n ba\u015f naziri Keyr Starmer, NATO-nun ba\u015f katibi Yens Stoltenberq, h\u0259m\u00e7inin AB\u015e D\u00f6vl\u0259t katibi Marko Rubio v\u0259 Ukrayna \u00fczr\u0259 AB\u015e x\u00fcsusi n\u00fcmay\u0259nd\u0259si d\u0259 <a href=\"https:\/\/theins.ru\/news\/284094\" target=\"_blank\" rel=\"noreferrer noopener nofollow\">qat\u0131l\u0131b<\/a>.<\/p>\n\n\n\n<p>\u018fsas m\u00fczakir\u0259 m\u00f6vzusu Tramp v\u0259 Putin aras\u0131nda \u0259ld\u0259 edilmi\u015f raz\u0131la\u015fmalar olub. Rusiya t\u0259r\u0259fi at\u0259\u015fk\u0259s elan\u0131ndan \u00e7ox, m\u00fcharib\u0259ni tamamil\u0259 bitir\u0259c\u0259k h\u0259rt\u0259r\u0259fli s\u00fclh sazi\u015fin\u0259 maraq g\u00f6st\u0259rdiyini bildirib. Tramp is\u0259 vur\u011fulay\u0131b ki, q\u0131sa m\u00fcdd\u0259t\u0259 \u0259ld\u0259 olunan s\u00fclh raz\u0131la\u015fmas\u0131na daha \u00e7ox \u00fcst\u00fcnl\u00fck verir, n\u0259inki m\u00fcnaqi\u015f\u0259nin sad\u0259c\u0259 dondurulmas\u0131na. <\/p>\n\n\n\n<p>G\u0259l\u0259c\u0259k plan\u0131n detallar\u0131 h\u0259l\u0259 a\u00e7\u0131qlanmay\u0131b \u2013 onlar\u0131n Zelenskiy\u0259 18 avqustda Va\u015finqtonda ba\u015f tutacaq g\u00f6r\u00fc\u015fd\u0259 \u015f\u0259xs\u0259n t\u0259qdim edil\u0259c\u0259yi <a href=\"https:\/\/www.gazeta.ru\/politics\/news\/2025\/08\/16\/26508368.shtml\" target=\"_blank\" rel=\"noreferrer noopener nofollow\">bildirilib<\/a>.<\/p>\n\n\n\n<p>Dan\u0131\u015f\u0131qlar\u0131n m\u0259zmunu il\u0259 tan\u0131\u015f olan Avropa r\u0259smil\u0259ri is\u0259 Kiyev\u0259 qeyri-\u0259lveri\u015fli \u015f\u0259rtl\u0259ri q\u0259bul etm\u0259si \u00fc\u00e7\u00fcn t\u0259zyiq g\u00f6st\u0259ril\u0259 bil\u0259c\u0259yind\u0259n naraz\u0131d\u0131rlar. &#8220;Bloomberg&#8221; yaz\u0131r ki, dan\u0131\u015f\u0131q i\u015ftirak\u00e7\u0131lar\u0131 aras\u0131nda sazi\u015fin Ukraynadan \u0259razi g\u00fcz\u0259\u015ftl\u0259ri t\u0259l\u0259b ed\u0259 bil\u0259c\u0259yi il\u0259 ba\u011fl\u0131 narahatl\u0131qlar s\u0259sl\u0259ndirilib. AB v\u0259 NATO, s\u00fclh prosesinin onlar\u0131n aktiv i\u015ftirak\u0131 olmadan getm\u0259sind\u0259n v\u0259 bunun Q\u0259rbin n\u00f6vb\u0259ti dan\u0131\u015f\u0131qlardak\u0131 m\u00f6vqeyini z\u0259ifl\u0259d\u0259 bil\u0259c\u0259yind\u0259n narahatd\u0131rlar.<\/p>\n\n\n\n<p>Rusiya t\u0259r\u0259fi is\u0259 h\u00fcquqi c\u0259h\u0259td\u0259n t\u0259sdiql\u0259nmi\u015f v\u0259 t\u0259hl\u00fck\u0259sizlik m\u0259s\u0259l\u0259l\u0259rini, h\u0259m\u00e7inin Moskva \u00fc\u00e7\u00fcn m\u00fcmk\u00fcn z\u0259man\u0259tl\u0259ri \u0259hat\u0259 ed\u0259c\u0259k h\u0259ll yolu \u00fcst\u00fcnd\u0259 durur.<\/p>\n\n\n\n<h4 class=\"wp-block-heading\"><strong>Putin v\u0259 Trampin Alyaskada ke\u00e7iril\u0259n dan\u0131\u015f\u0131qlar\u0131: N\u0259 \u0259ld\u0259 edildi?<\/strong><\/h4>\n\n\n\n<p>Vladimir Putin v\u0259 Donald Trampin Alyaskan\u0131n paytaxt\u0131 Ankoricd\u0259 ke\u00e7iril\u0259n g\u00f6r\u00fc\u015f\u00fc t\u0259xmin\u0259n \u00fc\u00e7 saat davam edib v\u0259 Moskva il\u0259 Va\u015finqton aras\u0131nda dialoqun b\u0259rpas\u0131ndan sonra ilk tamh\u00fcquqlu ikit\u0259r\u0259fli sammit olub. Dan\u0131\u015f\u0131qlara yax\u0131n m\u0259nb\u0259l\u0259rin m\u0259lumat\u0131na g\u00f6r\u0259, m\u00fczakir\u0259l\u0259r \u00fc\u00e7 \u0259sas m\u00f6vzu \u0259traf\u0131nda c\u0259r\u0259yan etdi:<\/p>\n\n\n\n<p>Bayden administrasiyas\u0131 d\u00f6vr\u00fcnd\u0259 l\u0259\u011fv edilmi\u015f silahlar\u0131n n\u0259zar\u0259ti il\u0259 ba\u011fl\u0131 m\u00fcqavil\u0259l\u0259rin b\u0259rpas\u0131 m\u00f6vzusu da g\u00fcnd\u0259m\u0259 g\u0259tirildi.<\/p>\n\n\n\n<p><strong>1.Ukraynada m\u00fcharib\u0259nin h\u0259lli<\/strong><\/p>\n\n\n\n<ol class=\"wp-block-list\">\n<li><\/li>\n<\/ol>\n\n\n\n<ul class=\"wp-block-list\">\n<li>Tramp AB\u015e-nin m\u00fcnaqi\u015f\u0259nin tezlikl\u0259 bitirilm\u0259sin\u0259 mara\u011f\u0131 oldu\u011funu, lakin Kiyev\u0259 q\u0259buledilm\u0259z \u015f\u0259rtl\u0259r qoymaq ist\u0259m\u0259diyini bildirib.<\/li>\n\n\n\n<li>Putin is\u0259 Rusiyan\u0131n dan\u0131\u015f\u0131qlara haz\u0131r oldu\u011funu, lakin sad\u0259c\u0259 c\u0259bh\u0259 x\u0259ttinin &#8220;dondurulmas\u0131&#8221; \u0259sas\u0131nda yox, t\u0259hl\u00fck\u0259sizlik m\u0259s\u0259l\u0259l\u0259rini d\u0259 \u0259hat\u0259 ed\u0259n h\u0259rt\u0259r\u0259fli raz\u0131la\u015fma yolu il\u0259 h\u0259ll ist\u0259diyini vur\u011fulay\u0131b.<\/li>\n\n\n\n<li>H\u0259r iki t\u0259r\u0259fin a\u00e7\u0131qlamalar\u0131na \u0259sas\u0259n, Ukraynan\u0131n \u0259razi g\u00fcz\u0259\u015ftl\u0259ri m\u00fcqabilind\u0259 Q\u0259rbd\u0259n t\u0259hl\u00fck\u0259sizlik z\u0259man\u0259tl\u0259ri ala bil\u0259c\u0259yi variant m\u00fczakir\u0259 edilib. Lakin detallar h\u0259l\u0259 a\u00e7\u0131qlanmay\u0131b.<\/li>\n<\/ul>\n\n\n\n<p>2.<strong>Sanksiyalar v\u0259 iqtisadi \u0259m\u0259kda\u015fl\u0131q<\/strong><\/p>\n\n\n\n<ul class=\"wp-block-list\">\n<li>Tramp Ukrayna il\u0259 ba\u011fl\u0131 ir\u0259lil\u0259yi\u015f oldu\u011fu t\u0259qdird\u0259 sanksiyalar\u0131n yum\u015fald\u0131lmas\u0131 m\u0259s\u0259l\u0259sini yenid\u0259n g\u00fcnd\u0259m\u0259 g\u0259tirib.<\/li>\n\n\n\n<li>Putin is\u0259 m\u0259hdudiyy\u0259tl\u0259r l\u0259\u011fv edildiyi t\u0259qdird\u0259 enerji v\u0259 ticar\u0259t sah\u0259l\u0259rind\u0259 qar\u015f\u0131l\u0131ql\u0131 s\u0259rf\u0259li perspektivl\u0259r oldu\u011funu qeyd edib.<\/li>\n<\/ul>\n\n\n\n<p>3.<strong>Qlobal t\u0259hl\u00fck\u0259sizlik v\u0259 silahlar\u0131n n\u0259zar\u0259ti<\/strong><\/p>\n\n\n\n<ul class=\"wp-block-list\">\n<li>D\u00f6vl\u0259t ba\u015f\u00e7\u0131lar\u0131 n\u00fcv\u0259 aspektl\u0259ri d\u0259 daxil olmaqla, daha da g\u0259rginl\u0259\u015fm\u0259 riskl\u0259rini m\u00fczakir\u0259 edibl\u0259r.<\/li>\n\n\n\n<li>Bayden administrasiyas\u0131 d\u00f6vr\u00fcnd\u0259 l\u0259\u011fv edilmi\u015f silahlar\u0131n n\u0259zar\u0259ti il\u0259 ba\u011fl\u0131 m\u00fcqavil\u0259l\u0259rin b\u0259rpas\u0131 m\u00f6vzusu da g\u00fcnd\u0259m\u0259 g\u0259tirilib.<\/li>\n<\/ul>\n","protected":false},"excerpt":{"rendered":"<p>D\u00fcn\u0259n, avqustun 15-d\u0259 AB\u015e v\u0259 Rusiya prezidentl\u0259ri aras\u0131nda Alyaskada ba\u015f &#8230; <\/p>\n<p class=\"read-more-container\"><a title=\"Tramp Putinl\u0259 g\u00f6r\u00fc\u015fd\u0259n sonra Zelenskini Va\u015finqtona d\u0259v\u0259t etdi\" class=\"read-more button\" href=\"https:\/\/www.meydan.tv\/az\/article\/tramp-putinl%c9%99-gorusd%c9%99n-sonra-zelenskini-vasinqtona-d%c9%99v%c9%99t-etdi\/#more-334246\" aria-label=\"Read more about Tramp Putinl\u0259 g\u00f6r\u00fc\u015fd\u0259n sonra Zelenskini Va\u015finqtona d\u0259v\u0259t etdi\">Davam\u0131<\/a><\/p>\n","protected":false},"author":16,"featured_media":334252,"comment_status":"closed","ping_status":"closed","sticky":false,"template":"","format":"standard","meta":{"_acf_changed":false,"_sitemap_exclude":false,"_sitemap_priority":"","_sitemap_frequency":"","footnotes":""},"categories":[64,59,79],"tags":[],"class_list":["post-334246","post","type-post","status-publish","format-standard","has-post-thumbnail","hentry","category-dunya","category-siyaset","category-featured","infinite-scroll-item","generate-columns","tablet-grid-50","mobile-grid-100","grid-parent","grid-33","no-featured-image-padding"],"acf":[],"yoast_head":"<!-- This site is optimized with the Yoast SEO plugin v27.5 - https:\/\/yoast.com\/product\/yoast-seo-wordpress\/ -->\n<title>Tramp Putinl\u0259 g\u00f6r\u00fc\u015fd\u0259n sonra Zelenskini Va\u015finqtona d\u0259v\u0259t etdi - MEYDAN.TV<\/title>\n<meta name=\"robots\" content=\"index, follow, max-snippet:-1, max-image-preview:large, max-video-preview:-1\" \/>\n<link rel=\"canonical\" href=\"https:\/\/www.meydan.tv\/az\/article\/tramp-putinl%c9%99-gorusd%c9%99n-sonra-zelenskini-vasinqtona-d%c9%99v%c9%99t-etdi\/\" \/>\n<meta property=\"og:locale\" content=\"az_AZ\" \/>\n<meta property=\"og:type\" content=\"article\" \/>\n<meta property=\"og:title\" content=\"Tramp Putinl\u0259 g\u00f6r\u00fc\u015fd\u0259n sonra Zelenskini Va\u015finqtona d\u0259v\u0259t etdi - MEYDAN.TV\" \/>\n<meta property=\"og:description\" content=\"D\u00fcn\u0259n, avqustun 15-d\u0259 AB\u015e v\u0259 Rusiya prezidentl\u0259ri aras\u0131nda Alyaskada ba\u015f ... Davam\u0131\" \/>\n<meta property=\"og:url\" content=\"https:\/\/www.meydan.tv\/az\/article\/tramp-putinl%c9%99-gorusd%c9%99n-sonra-zelenskini-vasinqtona-d%c9%99v%c9%99t-etdi\/\" \/>\n<meta property=\"og:site_name\" content=\"MEYDAN.TV\" \/>\n<meta property=\"article:published_time\" content=\"2025-08-16T09:41:10+00:00\" \/>\n<meta property=\"article:modified_time\" content=\"2025-08-16T09:41:14+00:00\" \/>\n<meta property=\"og:image\" content=\"https:\/\/www.meydan.tv\/wp-content\/uploads\/img_9692-scaled.jpg\" \/>\n\t<meta property=\"og:image:width\" content=\"2560\" \/>\n\t<meta property=\"og:image:height\" content=\"1609\" \/>\n\t<meta property=\"og:image:type\" content=\"image\/jpeg\" \/>\n<meta name=\"author\" content=\"sevda\" \/>\n<meta name=\"twitter:card\" content=\"summary_large_image\" \/>\n<script type=\"application\/ld+json\" class=\"yoast-schema-graph\">{\"@context\":\"https:\\\/\\\/schema.org\",\"@graph\":[{\"@type\":\"Article\",\"@id\":\"https:\\\/\\\/www.meydan.tv\\\/az\\\/article\\\/tramp-putinl%c9%99-gorusd%c9%99n-sonra-zelenskini-vasinqtona-d%c9%99v%c9%99t-etdi\\\/#article\",\"isPartOf\":{\"@id\":\"https:\\\/\\\/www.meydan.tv\\\/az\\\/article\\\/tramp-putinl%c9%99-gorusd%c9%99n-sonra-zelenskini-vasinqtona-d%c9%99v%c9%99t-etdi\\\/\"},\"author\":{\"name\":\"sevda\",\"@id\":\"https:\\\/\\\/www.meydan.tv\\\/az\\\/#\\\/schema\\\/person\\\/49b5f2bad5b126bb8ea9320eeb3e4dc9\"},\"headline\":\"Tramp Putinl\u0259 g\u00f6r\u00fc\u015fd\u0259n sonra Zelenskini Va\u015finqtona d\u0259v\u0259t etdi\",\"datePublished\":\"2025-08-16T09:41:10+00:00\",\"dateModified\":\"2025-08-16T09:41:14+00:00\",\"mainEntityOfPage\":{\"@id\":\"https:\\\/\\\/www.meydan.tv\\\/az\\\/article\\\/tramp-putinl%c9%99-gorusd%c9%99n-sonra-zelenskini-vasinqtona-d%c9%99v%c9%99t-etdi\\\/\"},\"wordCount\":756,\"publisher\":{\"@id\":\"https:\\\/\\\/www.meydan.tv\\\/az\\\/#organization\"},\"image\":{\"@id\":\"https:\\\/\\\/www.meydan.tv\\\/az\\\/article\\\/tramp-putinl%c9%99-gorusd%c9%99n-sonra-zelenskini-vasinqtona-d%c9%99v%c9%99t-etdi\\\/#primaryimage\"},\"thumbnailUrl\":\"https:\\\/\\\/www.meydan.tv\\\/wp-content\\\/uploads\\\/img_9692-scaled.jpg\",\"articleSection\":[\"D\u00fcnya\",\"Siyas\u0259t\",\"T\u00f6vsiy\u0259\"],\"inLanguage\":\"az\"},{\"@type\":\"WebPage\",\"@id\":\"https:\\\/\\\/www.meydan.tv\\\/az\\\/article\\\/tramp-putinl%c9%99-gorusd%c9%99n-sonra-zelenskini-vasinqtona-d%c9%99v%c9%99t-etdi\\\/\",\"url\":\"https:\\\/\\\/www.meydan.tv\\\/az\\\/article\\\/tramp-putinl%c9%99-gorusd%c9%99n-sonra-zelenskini-vasinqtona-d%c9%99v%c9%99t-etdi\\\/\",\"name\":\"Tramp Putinl\u0259 g\u00f6r\u00fc\u015fd\u0259n sonra Zelenskini Va\u015finqtona d\u0259v\u0259t etdi - MEYDAN.TV\",\"isPartOf\":{\"@id\":\"https:\\\/\\\/www.meydan.tv\\\/az\\\/#website\"},\"primaryImageOfPage\":{\"@id\":\"https:\\\/\\\/www.meydan.tv\\\/az\\\/article\\\/tramp-putinl%c9%99-gorusd%c9%99n-sonra-zelenskini-vasinqtona-d%c9%99v%c9%99t-etdi\\\/#primaryimage\"},\"image\":{\"@id\":\"https:\\\/\\\/www.meydan.tv\\\/az\\\/article\\\/tramp-putinl%c9%99-gorusd%c9%99n-sonra-zelenskini-vasinqtona-d%c9%99v%c9%99t-etdi\\\/#primaryimage\"},\"thumbnailUrl\":\"https:\\\/\\\/www.meydan.tv\\\/wp-content\\\/uploads\\\/img_9692-scaled.jpg\",\"datePublished\":\"2025-08-16T09:41:10+00:00\",\"dateModified\":\"2025-08-16T09:41:14+00:00\",\"breadcrumb\":{\"@id\":\"https:\\\/\\\/www.meydan.tv\\\/az\\\/article\\\/tramp-putinl%c9%99-gorusd%c9%99n-sonra-zelenskini-vasinqtona-d%c9%99v%c9%99t-etdi\\\/#breadcrumb\"},\"inLanguage\":\"az\",\"potentialAction\":[{\"@type\":\"ReadAction\",\"target\":[\"https:\\\/\\\/www.meydan.tv\\\/az\\\/article\\\/tramp-putinl%c9%99-gorusd%c9%99n-sonra-zelenskini-vasinqtona-d%c9%99v%c9%99t-etdi\\\/\"]}]},{\"@type\":\"ImageObject\",\"inLanguage\":\"az\",\"@id\":\"https:\\\/\\\/www.meydan.tv\\\/az\\\/article\\\/tramp-putinl%c9%99-gorusd%c9%99n-sonra-zelenskini-vasinqtona-d%c9%99v%c9%99t-etdi\\\/#primaryimage\",\"url\":\"https:\\\/\\\/www.meydan.tv\\\/wp-content\\\/uploads\\\/img_9692-scaled.jpg\",\"contentUrl\":\"https:\\\/\\\/www.meydan.tv\\\/wp-content\\\/uploads\\\/img_9692-scaled.jpg\",\"width\":2560,\"height\":1609,\"caption\":\"Foto: Reuters\"},{\"@type\":\"BreadcrumbList\",\"@id\":\"https:\\\/\\\/www.meydan.tv\\\/az\\\/article\\\/tramp-putinl%c9%99-gorusd%c9%99n-sonra-zelenskini-vasinqtona-d%c9%99v%c9%99t-etdi\\\/#breadcrumb\",\"itemListElement\":[{\"@type\":\"ListItem\",\"position\":1,\"name\":\"Ana s\u0259hif\u0259\",\"item\":\"https:\\\/\\\/www.meydan.tv\\\/az\\\/\"},{\"@type\":\"ListItem\",\"position\":2,\"name\":\"T\u00f6vsiy\u0259\",\"item\":\"https:\\\/\\\/www.meydan.tv\\\/az\\\/section\\\/featured\\\/\"},{\"@type\":\"ListItem\",\"position\":3,\"name\":\"Tramp Putinl\u0259 g\u00f6r\u00fc\u015fd\u0259n sonra Zelenskini Va\u015finqtona d\u0259v\u0259t etdi\"}]},{\"@type\":\"WebSite\",\"@id\":\"https:\\\/\\\/www.meydan.tv\\\/az\\\/#website\",\"url\":\"https:\\\/\\\/www.meydan.tv\\\/az\\\/\",\"name\":\"MEYDAN.TV\",\"description\":\"Meydan TV Az\u0259rbaycan\u0131n media m\u0259kan\u0131ndak\u0131 alternativ s\u0259sidir\",\"publisher\":{\"@id\":\"https:\\\/\\\/www.meydan.tv\\\/az\\\/#organization\"},\"potentialAction\":[{\"@type\":\"SearchAction\",\"target\":{\"@type\":\"EntryPoint\",\"urlTemplate\":\"https:\\\/\\\/www.meydan.tv\\\/az\\\/?s={search_term_string}\"},\"query-input\":{\"@type\":\"PropertyValueSpecification\",\"valueRequired\":true,\"valueName\":\"search_term_string\"}}],\"inLanguage\":\"az\"},{\"@type\":\"Organization\",\"@id\":\"https:\\\/\\\/www.meydan.tv\\\/az\\\/#organization\",\"name\":\"Meydan TV\",\"url\":\"https:\\\/\\\/www.meydan.tv\\\/az\\\/\",\"logo\":{\"@type\":\"ImageObject\",\"inLanguage\":\"az\",\"@id\":\"https:\\\/\\\/www.meydan.tv\\\/az\\\/#\\\/schema\\\/logo\\\/image\\\/\",\"url\":\"https:\\\/\\\/www.meydan.tv\\\/wp-content\\\/uploads\\\/2021\\\/07\\\/meydan-logo.svg\",\"contentUrl\":\"https:\\\/\\\/www.meydan.tv\\\/wp-content\\\/uploads\\\/2021\\\/07\\\/meydan-logo.svg\",\"width\":195,\"height\":46,\"caption\":\"Meydan TV\"},\"image\":{\"@id\":\"https:\\\/\\\/www.meydan.tv\\\/az\\\/#\\\/schema\\\/logo\\\/image\\\/\"}},{\"@type\":\"Person\",\"@id\":\"https:\\\/\\\/www.meydan.tv\\\/az\\\/#\\\/schema\\\/person\\\/49b5f2bad5b126bb8ea9320eeb3e4dc9\",\"name\":\"sevda\"}]}<\/script>\n<!-- \/ Yoast SEO plugin. -->","yoast_head_json":{"title":"Tramp Putinl\u0259 g\u00f6r\u00fc\u015fd\u0259n sonra Zelenskini Va\u015finqtona d\u0259v\u0259t etdi - MEYDAN.TV","robots":{"index":"index","follow":"follow","max-snippet":"max-snippet:-1","max-image-preview":"max-image-preview:large","max-video-preview":"max-video-preview:-1"},"canonical":"https:\/\/www.meydan.tv\/az\/article\/tramp-putinl%c9%99-gorusd%c9%99n-sonra-zelenskini-vasinqtona-d%c9%99v%c9%99t-etdi\/","og_locale":"az_AZ","og_type":"article","og_title":"Tramp Putinl\u0259 g\u00f6r\u00fc\u015fd\u0259n sonra Zelenskini Va\u015finqtona d\u0259v\u0259t etdi - MEYDAN.TV","og_description":"D\u00fcn\u0259n, avqustun 15-d\u0259 AB\u015e v\u0259 Rusiya prezidentl\u0259ri aras\u0131nda Alyaskada ba\u015f ... Davam\u0131","og_url":"https:\/\/www.meydan.tv\/az\/article\/tramp-putinl%c9%99-gorusd%c9%99n-sonra-zelenskini-vasinqtona-d%c9%99v%c9%99t-etdi\/","og_site_name":"MEYDAN.TV","article_published_time":"2025-08-16T09:41:10+00:00","article_modified_time":"2025-08-16T09:41:14+00:00","og_image":[{"width":2560,"height":1609,"url":"https:\/\/www.meydan.tv\/wp-content\/uploads\/img_9692-scaled.jpg","type":"image\/jpeg"}],"author":"sevda","twitter_card":"summary_large_image","schema":{"@context":"https:\/\/schema.org","@graph":[{"@type":"Article","@id":"https:\/\/www.meydan.tv\/az\/article\/tramp-putinl%c9%99-gorusd%c9%99n-sonra-zelenskini-vasinqtona-d%c9%99v%c9%99t-etdi\/#article","isPartOf":{"@id":"https:\/\/www.meydan.tv\/az\/article\/tramp-putinl%c9%99-gorusd%c9%99n-sonra-zelenskini-vasinqtona-d%c9%99v%c9%99t-etdi\/"},"author":{"name":"sevda","@id":"https:\/\/www.meydan.tv\/az\/#\/schema\/person\/49b5f2bad5b126bb8ea9320eeb3e4dc9"},"headline":"Tramp Putinl\u0259 g\u00f6r\u00fc\u015fd\u0259n sonra Zelenskini Va\u015finqtona d\u0259v\u0259t etdi","datePublished":"2025-08-16T09:41:10+00:00","dateModified":"2025-08-16T09:41:14+00:00","mainEntityOfPage":{"@id":"https:\/\/www.meydan.tv\/az\/article\/tramp-putinl%c9%99-gorusd%c9%99n-sonra-zelenskini-vasinqtona-d%c9%99v%c9%99t-etdi\/"},"wordCount":756,"publisher":{"@id":"https:\/\/www.meydan.tv\/az\/#organization"},"image":{"@id":"https:\/\/www.meydan.tv\/az\/article\/tramp-putinl%c9%99-gorusd%c9%99n-sonra-zelenskini-vasinqtona-d%c9%99v%c9%99t-etdi\/#primaryimage"},"thumbnailUrl":"https:\/\/www.meydan.tv\/wp-content\/uploads\/img_9692-scaled.jpg","articleSection":["D\u00fcnya","Siyas\u0259t","T\u00f6vsiy\u0259"],"inLanguage":"az"},{"@type":"WebPage","@id":"https:\/\/www.meydan.tv\/az\/article\/tramp-putinl%c9%99-gorusd%c9%99n-sonra-zelenskini-vasinqtona-d%c9%99v%c9%99t-etdi\/","url":"https:\/\/www.meydan.tv\/az\/article\/tramp-putinl%c9%99-gorusd%c9%99n-sonra-zelenskini-vasinqtona-d%c9%99v%c9%99t-etdi\/","name":"Tramp Putinl\u0259 g\u00f6r\u00fc\u015fd\u0259n sonra Zelenskini Va\u015finqtona d\u0259v\u0259t etdi - MEYDAN.TV","isPartOf":{"@id":"https:\/\/www.meydan.tv\/az\/#website"},"primaryImageOfPage":{"@id":"https:\/\/www.meydan.tv\/az\/article\/tramp-putinl%c9%99-gorusd%c9%99n-sonra-zelenskini-vasinqtona-d%c9%99v%c9%99t-etdi\/#primaryimage"},"image":{"@id":"https:\/\/www.meydan.tv\/az\/article\/tramp-putinl%c9%99-gorusd%c9%99n-sonra-zelenskini-vasinqtona-d%c9%99v%c9%99t-etdi\/#primaryimage"},"thumbnailUrl":"https:\/\/www.meydan.tv\/wp-content\/uploads\/img_9692-scaled.jpg","datePublished":"2025-08-16T09:41:10+00:00","dateModified":"2025-08-16T09:41:14+00:00","breadcrumb":{"@id":"https:\/\/www.meydan.tv\/az\/article\/tramp-putinl%c9%99-gorusd%c9%99n-sonra-zelenskini-vasinqtona-d%c9%99v%c9%99t-etdi\/#breadcrumb"},"inLanguage":"az","potentialAction":[{"@type":"ReadAction","target":["https:\/\/www.meydan.tv\/az\/article\/tramp-putinl%c9%99-gorusd%c9%99n-sonra-zelenskini-vasinqtona-d%c9%99v%c9%99t-etdi\/"]}]},{"@type":"ImageObject","inLanguage":"az","@id":"https:\/\/www.meydan.tv\/az\/article\/tramp-putinl%c9%99-gorusd%c9%99n-sonra-zelenskini-vasinqtona-d%c9%99v%c9%99t-etdi\/#primaryimage","url":"https:\/\/www.meydan.tv\/wp-content\/uploads\/img_9692-scaled.jpg","contentUrl":"https:\/\/www.meydan.tv\/wp-content\/uploads\/img_9692-scaled.jpg","width":2560,"height":1609,"caption":"Foto: Reuters"},{"@type":"BreadcrumbList","@id":"https:\/\/www.meydan.tv\/az\/article\/tramp-putinl%c9%99-gorusd%c9%99n-sonra-zelenskini-vasinqtona-d%c9%99v%c9%99t-etdi\/#breadcrumb","itemListElement":[{"@type":"ListItem","position":1,"name":"Ana s\u0259hif\u0259","item":"https:\/\/www.meydan.tv\/az\/"},{"@type":"ListItem","position":2,"name":"T\u00f6vsiy\u0259","item":"https:\/\/www.meydan.tv\/az\/section\/featured\/"},{"@type":"ListItem","position":3,"name":"Tramp Putinl\u0259 g\u00f6r\u00fc\u015fd\u0259n sonra Zelenskini Va\u015finqtona d\u0259v\u0259t etdi"}]},{"@type":"WebSite","@id":"https:\/\/www.meydan.tv\/az\/#website","url":"https:\/\/www.meydan.tv\/az\/","name":"MEYDAN.TV","description":"Meydan TV Az\u0259rbaycan\u0131n media m\u0259kan\u0131ndak\u0131 alternativ s\u0259sidir","publisher":{"@id":"https:\/\/www.meydan.tv\/az\/#organization"},"potentialAction":[{"@type":"SearchAction","target":{"@type":"EntryPoint","urlTemplate":"https:\/\/www.meydan.tv\/az\/?s={search_term_string}"},"query-input":{"@type":"PropertyValueSpecification","valueRequired":true,"valueName":"search_term_string"}}],"inLanguage":"az"},{"@type":"Organization","@id":"https:\/\/www.meydan.tv\/az\/#organization","name":"Meydan TV","url":"https:\/\/www.meydan.tv\/az\/","logo":{"@type":"ImageObject","inLanguage":"az","@id":"https:\/\/www.meydan.tv\/az\/#\/schema\/logo\/image\/","url":"https:\/\/www.meydan.tv\/wp-content\/uploads\/2021\/07\/meydan-logo.svg","contentUrl":"https:\/\/www.meydan.tv\/wp-content\/uploads\/2021\/07\/meydan-logo.svg","width":195,"height":46,"caption":"Meydan TV"},"image":{"@id":"https:\/\/www.meydan.tv\/az\/#\/schema\/logo\/image\/"}},{"@type":"Person","@id":"https:\/\/www.meydan.tv\/az\/#\/schema\/person\/49b5f2bad5b126bb8ea9320eeb3e4dc9","name":"sevda"}]}},"_links":{"self":[{"href":"https:\/\/www.meydan.tv\/az\/wp-json\/wp\/v2\/posts\/334246","targetHints":{"allow":["GET"]}}],"collection":[{"href":"https:\/\/www.meydan.tv\/az\/wp-json\/wp\/v2\/posts"}],"about":[{"href":"https:\/\/www.meydan.tv\/az\/wp-json\/wp\/v2\/types\/post"}],"author":[{"embeddable":true,"href":"https:\/\/www.meydan.tv\/az\/wp-json\/wp\/v2\/users\/16"}],"replies":[{"embeddable":true,"href":"https:\/\/www.meydan.tv\/az\/wp-json\/wp\/v2\/comments?post=334246"}],"version-history":[{"count":6,"href":"https:\/\/www.meydan.tv\/az\/wp-json\/wp\/v2\/posts\/334246\/revisions"}],"predecessor-version":[{"id":334255,"href":"https:\/\/www.meydan.tv\/az\/wp-json\/wp\/v2\/posts\/334246\/revisions\/334255"}],"wp:featuredmedia":[{"embeddable":true,"href":"https:\/\/www.meydan.tv\/az\/wp-json\/wp\/v2\/media\/334252"}],"wp:attachment":[{"href":"https:\/\/www.meydan.tv\/az\/wp-json\/wp\/v2\/media?parent=334246"}],"wp:term":[{"taxonomy":"category","embeddable":true,"href":"https:\/\/www.meydan.tv\/az\/wp-json\/wp\/v2\/categories?post=334246"},{"taxonomy":"post_tag","embeddable":true,"href":"https:\/\/www.meydan.tv\/az\/wp-json\/wp\/v2\/tags?post=334246"}],"curies":[{"name":"wp","href":"https:\/\/api.w.org\/{rel}","templated":true}]}}