{"id":334234,"date":"2025-08-15T17:41:24","date_gmt":"2025-08-15T13:41:24","guid":{"rendered":"https:\/\/www.meydan.tv\/?p=334234"},"modified":"2025-08-15T18:30:45","modified_gmt":"2025-08-15T14:30:45","slug":"gurcustanda-az%c9%99rbaycanliya-qarsi-cinay%c9%99t-isi-acilib","status":"publish","type":"post","link":"https:\/\/www.meydan.tv\/az\/article\/gurcustanda-az%c9%99rbaycanliya-qarsi-cinay%c9%99t-isi-acilib\/","title":{"rendered":"G\u00fcrc\u00fcstanda az\u0259rbaycanl\u0131ya qar\u015f\u0131 cinay\u0259t i\u015fi a\u00e7\u0131l\u0131b"},"content":{"rendered":"\n<p><\/p>\n\n\n\n<p>G\u00fcrc\u00fcstanda Az\u0259rbaycan v\u0259t\u0259nda\u015f\u0131n\u0131n s\u0259rh\u0259di qanunsuz ke\u00e7diyin\u0259 g\u00f6r\u0259 saxlan\u0131ld\u0131\u011f\u0131 bildirilir.<\/p>\n\n\n\n<p>G\u00fcrc\u00fcstan Daxili \u0130\u015fl\u0259r Nazirliyinin <a href=\"https:\/\/exclusivenews.ge\/post\/523436\">m\u0259lumat\u0131na g\u00f6r\u0259, <\/a>27 ya\u015fl\u0131 \u00c7.G. s\u0259rh\u0259d n\u0259zar\u0259tind\u0259n yay\u0131naraq \u00f6lk\u0259nin d\u00f6vl\u0259t s\u0259rh\u0259dini qanunsuz \u015f\u0259kild\u0259 ke\u00e7ib.<\/p>\n\n\n\n<p>H\u00fcquq-m\u00fchafiz\u0259 orqanlar\u0131n\u0131n \u0259m\u0259kda\u015flar\u0131 t\u0259qsirl\u0259ndiril\u0259n \u015f\u0259xsi Tbilisi-Marneuli yolunda avtomobil idar\u0259 ed\u0259rk\u0259n saxlay\u0131blar.<\/p>\n\n\n\n<p>Faktla ba\u011fl\u0131 G\u00fcrc\u00fcstan Cinay\u0259t M\u0259c\u0259ll\u0259sinin 344-c\u00fc madd\u0259si il\u0259 cinay\u0259t i\u015fi ba\u015flan\u0131b. Qeyd olunan madd\u0259 s\u0259rh\u0259di qanunsuz ke\u00e7m\u0259y\u0259 g\u00f6r\u0259 5 il\u0259d\u0259k azadl\u0131qdan m\u0259hrumetm\u0259 c\u0259zas\u0131n\u0131 n\u0259z\u0259rd\u0259 tutur.<\/p>\n\n\n\n<p>Haz\u0131rda istintaq t\u0259dbirl\u0259ri davam etdirilir.<\/p>\n\n\n\n<p>Az\u0259rbaycanda quru s\u0259rh\u0259dl\u0259r 2020-ci ilin mart\u0131ndan etibar\u0259n koronavirus s\u0259b\u0259bil\u0259 ba\u011flan\u0131b.<\/p>\n\n\n\n<p>Haz\u0131rda Az\u0259rbaycanda karantin rejim davam edir v\u0259 Nazirl\u0259r Kabineti onun m\u00fcdd\u0259tini 2025-ci il oktyabr\u0131n 1-d\u0259k <a href=\"https:\/\/nk.gov.az\/az\/senedler\/qerarlar\/azerbaycan-respublikasinin-erazisinde-xususi-karan-8888\">uzad\u0131b.<\/a><\/p>\n\n\n\n<p>R\u0259smil\u0259r quru s\u0259rh\u0259dl\u0259rinin ba\u011fl\u0131 qalmas\u0131n\u0131 b\u00f6lg\u0259d\u0259ki m\u00fcharib\u0259 v\u0259 qeyri-sabitlik fonunda y\u00fcz minl\u0259rl\u0259 potensial qa\u00e7q\u0131n\u0131n Az\u0259rbaycana ax\u0131n etm\u0259si riski il\u0259 \u0259laq\u0259l\u0259ndiribl\u0259r.<\/p>\n\n\n\n<p>Siyasi \u015f\u0259rh\u00e7il\u0259r is\u0259 hesab edirl\u0259r ki, h\u00f6kum\u0259t quru s\u0259rh\u0259dl\u0259rinin ba\u011fl\u0131 qalmas\u0131n\u0131 \u0259vv\u0259lc\u0259 pandemiya, sonra is\u0259 Rusiya-Ukrayna m\u00fcharib\u0259si il\u0259 \u0259sasland\u0131rsa da, \u0259sl s\u0259b\u0259bl\u0259r bu deyil v\u0259 q\u0259rar\u0131n arxas\u0131nda ba\u015fqa, ictimaiyy\u0259t\u0259 a\u00e7\u0131qlanmayan m\u0259qs\u0259dl\u0259r dayan\u0131r.<\/p>\n","protected":false},"excerpt":{"rendered":"<p>G\u00fcrc\u00fcstanda Az\u0259rbaycan v\u0259t\u0259nda\u015f\u0131n\u0131n s\u0259rh\u0259di qanunsuz ke\u00e7diyin\u0259 g\u00f6r\u0259 saxlan\u0131ld\u0131\u011f\u0131 bildirilir. G\u00fcrc\u00fcstan &#8230; <\/p>\n<p class=\"read-more-container\"><a title=\"G\u00fcrc\u00fcstanda az\u0259rbaycanl\u0131ya qar\u015f\u0131 cinay\u0259t i\u015fi a\u00e7\u0131l\u0131b\" class=\"read-more button\" href=\"https:\/\/www.meydan.tv\/az\/article\/gurcustanda-az%c9%99rbaycanliya-qarsi-cinay%c9%99t-isi-acilib\/#more-334234\" aria-label=\"Read more about G\u00fcrc\u00fcstanda az\u0259rbaycanl\u0131ya qar\u015f\u0131 cinay\u0259t i\u015fi a\u00e7\u0131l\u0131b\">Davam\u0131<\/a><\/p>\n","protected":false},"author":21,"featured_media":240513,"comment_status":"closed","ping_status":"closed","sticky":false,"template":"","format":"standard","meta":{"_acf_changed":false,"_sitemap_exclude":false,"_sitemap_priority":"","_sitemap_frequency":"","footnotes":""},"categories":[62,56],"tags":[],"class_list":["post-334234","post","type-post","status-publish","format-standard","has-post-thumbnail","hentry","category-sosial","category-xeberler","infinite-scroll-item","generate-columns","tablet-grid-50","mobile-grid-100","grid-parent","grid-33","no-featured-image-padding"],"acf":[],"yoast_head":"<!-- This site is optimized with the Yoast SEO plugin v27.4 - https:\/\/yoast.com\/product\/yoast-seo-wordpress\/ -->\n<title>G\u00fcrc\u00fcstanda az\u0259rbaycanl\u0131ya qar\u015f\u0131 cinay\u0259t i\u015fi a\u00e7\u0131l\u0131b - MEYDAN.TV<\/title>\n<meta name=\"robots\" content=\"index, follow, max-snippet:-1, max-image-preview:large, max-video-preview:-1\" \/>\n<link rel=\"canonical\" href=\"https:\/\/www.meydan.tv\/az\/article\/gurcustanda-az%c9%99rbaycanliya-qarsi-cinay%c9%99t-isi-acilib\/\" \/>\n<meta property=\"og:locale\" content=\"az_AZ\" \/>\n<meta property=\"og:type\" content=\"article\" \/>\n<meta property=\"og:title\" content=\"G\u00fcrc\u00fcstanda az\u0259rbaycanl\u0131ya qar\u015f\u0131 cinay\u0259t i\u015fi a\u00e7\u0131l\u0131b - MEYDAN.TV\" \/>\n<meta property=\"og:description\" content=\"G\u00fcrc\u00fcstanda Az\u0259rbaycan v\u0259t\u0259nda\u015f\u0131n\u0131n s\u0259rh\u0259di qanunsuz ke\u00e7diyin\u0259 g\u00f6r\u0259 saxlan\u0131ld\u0131\u011f\u0131 bildirilir. G\u00fcrc\u00fcstan ... Davam\u0131\" \/>\n<meta property=\"og:url\" content=\"https:\/\/www.meydan.tv\/az\/article\/gurcustanda-az%c9%99rbaycanliya-qarsi-cinay%c9%99t-isi-acilib\/\" \/>\n<meta property=\"og:site_name\" content=\"MEYDAN.TV\" \/>\n<meta property=\"article:published_time\" content=\"2025-08-15T13:41:24+00:00\" \/>\n<meta property=\"article:modified_time\" content=\"2025-08-15T14:30:45+00:00\" \/>\n<meta property=\"og:image\" content=\"https:\/\/www.meydan.tv\/wp-content\/uploads\/shutterstock_781484326.jpg\" \/>\n\t<meta property=\"og:image:width\" content=\"1200\" \/>\n\t<meta property=\"og:image:height\" content=\"800\" \/>\n\t<meta property=\"og:image:type\" content=\"image\/jpeg\" \/>\n<meta name=\"author\" content=\"mahmud\" \/>\n<meta name=\"twitter:card\" content=\"summary_large_image\" \/>\n<script type=\"application\/ld+json\" class=\"yoast-schema-graph\">{\"@context\":\"https:\\\/\\\/schema.org\",\"@graph\":[{\"@type\":\"Article\",\"@id\":\"https:\\\/\\\/www.meydan.tv\\\/az\\\/article\\\/gurcustanda-az%c9%99rbaycanliya-qarsi-cinay%c9%99t-isi-acilib\\\/#article\",\"isPartOf\":{\"@id\":\"https:\\\/\\\/www.meydan.tv\\\/az\\\/article\\\/gurcustanda-az%c9%99rbaycanliya-qarsi-cinay%c9%99t-isi-acilib\\\/\"},\"author\":{\"name\":\"mahmud\",\"@id\":\"https:\\\/\\\/www.meydan.tv\\\/az\\\/#\\\/schema\\\/person\\\/09863e516102a829e72bedcf3f84c6b0\"},\"headline\":\"G\u00fcrc\u00fcstanda az\u0259rbaycanl\u0131ya qar\u015f\u0131 cinay\u0259t i\u015fi a\u00e7\u0131l\u0131b\",\"datePublished\":\"2025-08-15T13:41:24+00:00\",\"dateModified\":\"2025-08-15T14:30:45+00:00\",\"mainEntityOfPage\":{\"@id\":\"https:\\\/\\\/www.meydan.tv\\\/az\\\/article\\\/gurcustanda-az%c9%99rbaycanliya-qarsi-cinay%c9%99t-isi-acilib\\\/\"},\"wordCount\":296,\"publisher\":{\"@id\":\"https:\\\/\\\/www.meydan.tv\\\/az\\\/#organization\"},\"image\":{\"@id\":\"https:\\\/\\\/www.meydan.tv\\\/az\\\/article\\\/gurcustanda-az%c9%99rbaycanliya-qarsi-cinay%c9%99t-isi-acilib\\\/#primaryimage\"},\"thumbnailUrl\":\"https:\\\/\\\/www.meydan.tv\\\/wp-content\\\/uploads\\\/shutterstock_781484326.jpg\",\"articleSection\":[\"Sosial\",\"X\u0259b\u0259rl\u0259r\"],\"inLanguage\":\"az\"},{\"@type\":\"WebPage\",\"@id\":\"https:\\\/\\\/www.meydan.tv\\\/az\\\/article\\\/gurcustanda-az%c9%99rbaycanliya-qarsi-cinay%c9%99t-isi-acilib\\\/\",\"url\":\"https:\\\/\\\/www.meydan.tv\\\/az\\\/article\\\/gurcustanda-az%c9%99rbaycanliya-qarsi-cinay%c9%99t-isi-acilib\\\/\",\"name\":\"G\u00fcrc\u00fcstanda az\u0259rbaycanl\u0131ya qar\u015f\u0131 cinay\u0259t i\u015fi a\u00e7\u0131l\u0131b - MEYDAN.TV\",\"isPartOf\":{\"@id\":\"https:\\\/\\\/www.meydan.tv\\\/az\\\/#website\"},\"primaryImageOfPage\":{\"@id\":\"https:\\\/\\\/www.meydan.tv\\\/az\\\/article\\\/gurcustanda-az%c9%99rbaycanliya-qarsi-cinay%c9%99t-isi-acilib\\\/#primaryimage\"},\"image\":{\"@id\":\"https:\\\/\\\/www.meydan.tv\\\/az\\\/article\\\/gurcustanda-az%c9%99rbaycanliya-qarsi-cinay%c9%99t-isi-acilib\\\/#primaryimage\"},\"thumbnailUrl\":\"https:\\\/\\\/www.meydan.tv\\\/wp-content\\\/uploads\\\/shutterstock_781484326.jpg\",\"datePublished\":\"2025-08-15T13:41:24+00:00\",\"dateModified\":\"2025-08-15T14:30:45+00:00\",\"breadcrumb\":{\"@id\":\"https:\\\/\\\/www.meydan.tv\\\/az\\\/article\\\/gurcustanda-az%c9%99rbaycanliya-qarsi-cinay%c9%99t-isi-acilib\\\/#breadcrumb\"},\"inLanguage\":\"az\",\"potentialAction\":[{\"@type\":\"ReadAction\",\"target\":[\"https:\\\/\\\/www.meydan.tv\\\/az\\\/article\\\/gurcustanda-az%c9%99rbaycanliya-qarsi-cinay%c9%99t-isi-acilib\\\/\"]}]},{\"@type\":\"ImageObject\",\"inLanguage\":\"az\",\"@id\":\"https:\\\/\\\/www.meydan.tv\\\/az\\\/article\\\/gurcustanda-az%c9%99rbaycanliya-qarsi-cinay%c9%99t-isi-acilib\\\/#primaryimage\",\"url\":\"https:\\\/\\\/www.meydan.tv\\\/wp-content\\\/uploads\\\/shutterstock_781484326.jpg\",\"contentUrl\":\"https:\\\/\\\/www.meydan.tv\\\/wp-content\\\/uploads\\\/shutterstock_781484326.jpg\",\"width\":1200,\"height\":800,\"caption\":\"G\u00fcrc\u00fcstan-Az\u0259rbaycan s\u0259rh\u0259di. Foto: Ana Flasker\\\/shutterstock\"},{\"@type\":\"BreadcrumbList\",\"@id\":\"https:\\\/\\\/www.meydan.tv\\\/az\\\/article\\\/gurcustanda-az%c9%99rbaycanliya-qarsi-cinay%c9%99t-isi-acilib\\\/#breadcrumb\",\"itemListElement\":[{\"@type\":\"ListItem\",\"position\":1,\"name\":\"Ana s\u0259hif\u0259\",\"item\":\"https:\\\/\\\/www.meydan.tv\\\/az\\\/\"},{\"@type\":\"ListItem\",\"position\":2,\"name\":\"Sosial\",\"item\":\"https:\\\/\\\/www.meydan.tv\\\/az\\\/section\\\/sosial\\\/\"},{\"@type\":\"ListItem\",\"position\":3,\"name\":\"G\u00fcrc\u00fcstanda az\u0259rbaycanl\u0131ya qar\u015f\u0131 cinay\u0259t i\u015fi a\u00e7\u0131l\u0131b\"}]},{\"@type\":\"WebSite\",\"@id\":\"https:\\\/\\\/www.meydan.tv\\\/az\\\/#website\",\"url\":\"https:\\\/\\\/www.meydan.tv\\\/az\\\/\",\"name\":\"MEYDAN.TV\",\"description\":\"Meydan TV Az\u0259rbaycan\u0131n media m\u0259kan\u0131ndak\u0131 alternativ s\u0259sidir\",\"publisher\":{\"@id\":\"https:\\\/\\\/www.meydan.tv\\\/az\\\/#organization\"},\"potentialAction\":[{\"@type\":\"SearchAction\",\"target\":{\"@type\":\"EntryPoint\",\"urlTemplate\":\"https:\\\/\\\/www.meydan.tv\\\/az\\\/?s={search_term_string}\"},\"query-input\":{\"@type\":\"PropertyValueSpecification\",\"valueRequired\":true,\"valueName\":\"search_term_string\"}}],\"inLanguage\":\"az\"},{\"@type\":\"Organization\",\"@id\":\"https:\\\/\\\/www.meydan.tv\\\/az\\\/#organization\",\"name\":\"Meydan TV\",\"url\":\"https:\\\/\\\/www.meydan.tv\\\/az\\\/\",\"logo\":{\"@type\":\"ImageObject\",\"inLanguage\":\"az\",\"@id\":\"https:\\\/\\\/www.meydan.tv\\\/az\\\/#\\\/schema\\\/logo\\\/image\\\/\",\"url\":\"https:\\\/\\\/www.meydan.tv\\\/wp-content\\\/uploads\\\/2021\\\/07\\\/meydan-logo.svg\",\"contentUrl\":\"https:\\\/\\\/www.meydan.tv\\\/wp-content\\\/uploads\\\/2021\\\/07\\\/meydan-logo.svg\",\"width\":195,\"height\":46,\"caption\":\"Meydan TV\"},\"image\":{\"@id\":\"https:\\\/\\\/www.meydan.tv\\\/az\\\/#\\\/schema\\\/logo\\\/image\\\/\"}},{\"@type\":\"Person\",\"@id\":\"https:\\\/\\\/www.meydan.tv\\\/az\\\/#\\\/schema\\\/person\\\/09863e516102a829e72bedcf3f84c6b0\",\"name\":\"mahmud\"}]}<\/script>\n<!-- \/ Yoast SEO plugin. -->","yoast_head_json":{"title":"G\u00fcrc\u00fcstanda az\u0259rbaycanl\u0131ya qar\u015f\u0131 cinay\u0259t i\u015fi a\u00e7\u0131l\u0131b - MEYDAN.TV","robots":{"index":"index","follow":"follow","max-snippet":"max-snippet:-1","max-image-preview":"max-image-preview:large","max-video-preview":"max-video-preview:-1"},"canonical":"https:\/\/www.meydan.tv\/az\/article\/gurcustanda-az%c9%99rbaycanliya-qarsi-cinay%c9%99t-isi-acilib\/","og_locale":"az_AZ","og_type":"article","og_title":"G\u00fcrc\u00fcstanda az\u0259rbaycanl\u0131ya qar\u015f\u0131 cinay\u0259t i\u015fi a\u00e7\u0131l\u0131b - MEYDAN.TV","og_description":"G\u00fcrc\u00fcstanda Az\u0259rbaycan v\u0259t\u0259nda\u015f\u0131n\u0131n s\u0259rh\u0259di qanunsuz ke\u00e7diyin\u0259 g\u00f6r\u0259 saxlan\u0131ld\u0131\u011f\u0131 bildirilir. G\u00fcrc\u00fcstan ... Davam\u0131","og_url":"https:\/\/www.meydan.tv\/az\/article\/gurcustanda-az%c9%99rbaycanliya-qarsi-cinay%c9%99t-isi-acilib\/","og_site_name":"MEYDAN.TV","article_published_time":"2025-08-15T13:41:24+00:00","article_modified_time":"2025-08-15T14:30:45+00:00","og_image":[{"width":1200,"height":800,"url":"https:\/\/www.meydan.tv\/wp-content\/uploads\/shutterstock_781484326.jpg","type":"image\/jpeg"}],"author":"mahmud","twitter_card":"summary_large_image","schema":{"@context":"https:\/\/schema.org","@graph":[{"@type":"Article","@id":"https:\/\/www.meydan.tv\/az\/article\/gurcustanda-az%c9%99rbaycanliya-qarsi-cinay%c9%99t-isi-acilib\/#article","isPartOf":{"@id":"https:\/\/www.meydan.tv\/az\/article\/gurcustanda-az%c9%99rbaycanliya-qarsi-cinay%c9%99t-isi-acilib\/"},"author":{"name":"mahmud","@id":"https:\/\/www.meydan.tv\/az\/#\/schema\/person\/09863e516102a829e72bedcf3f84c6b0"},"headline":"G\u00fcrc\u00fcstanda az\u0259rbaycanl\u0131ya qar\u015f\u0131 cinay\u0259t i\u015fi a\u00e7\u0131l\u0131b","datePublished":"2025-08-15T13:41:24+00:00","dateModified":"2025-08-15T14:30:45+00:00","mainEntityOfPage":{"@id":"https:\/\/www.meydan.tv\/az\/article\/gurcustanda-az%c9%99rbaycanliya-qarsi-cinay%c9%99t-isi-acilib\/"},"wordCount":296,"publisher":{"@id":"https:\/\/www.meydan.tv\/az\/#organization"},"image":{"@id":"https:\/\/www.meydan.tv\/az\/article\/gurcustanda-az%c9%99rbaycanliya-qarsi-cinay%c9%99t-isi-acilib\/#primaryimage"},"thumbnailUrl":"https:\/\/www.meydan.tv\/wp-content\/uploads\/shutterstock_781484326.jpg","articleSection":["Sosial","X\u0259b\u0259rl\u0259r"],"inLanguage":"az"},{"@type":"WebPage","@id":"https:\/\/www.meydan.tv\/az\/article\/gurcustanda-az%c9%99rbaycanliya-qarsi-cinay%c9%99t-isi-acilib\/","url":"https:\/\/www.meydan.tv\/az\/article\/gurcustanda-az%c9%99rbaycanliya-qarsi-cinay%c9%99t-isi-acilib\/","name":"G\u00fcrc\u00fcstanda az\u0259rbaycanl\u0131ya qar\u015f\u0131 cinay\u0259t i\u015fi a\u00e7\u0131l\u0131b - MEYDAN.TV","isPartOf":{"@id":"https:\/\/www.meydan.tv\/az\/#website"},"primaryImageOfPage":{"@id":"https:\/\/www.meydan.tv\/az\/article\/gurcustanda-az%c9%99rbaycanliya-qarsi-cinay%c9%99t-isi-acilib\/#primaryimage"},"image":{"@id":"https:\/\/www.meydan.tv\/az\/article\/gurcustanda-az%c9%99rbaycanliya-qarsi-cinay%c9%99t-isi-acilib\/#primaryimage"},"thumbnailUrl":"https:\/\/www.meydan.tv\/wp-content\/uploads\/shutterstock_781484326.jpg","datePublished":"2025-08-15T13:41:24+00:00","dateModified":"2025-08-15T14:30:45+00:00","breadcrumb":{"@id":"https:\/\/www.meydan.tv\/az\/article\/gurcustanda-az%c9%99rbaycanliya-qarsi-cinay%c9%99t-isi-acilib\/#breadcrumb"},"inLanguage":"az","potentialAction":[{"@type":"ReadAction","target":["https:\/\/www.meydan.tv\/az\/article\/gurcustanda-az%c9%99rbaycanliya-qarsi-cinay%c9%99t-isi-acilib\/"]}]},{"@type":"ImageObject","inLanguage":"az","@id":"https:\/\/www.meydan.tv\/az\/article\/gurcustanda-az%c9%99rbaycanliya-qarsi-cinay%c9%99t-isi-acilib\/#primaryimage","url":"https:\/\/www.meydan.tv\/wp-content\/uploads\/shutterstock_781484326.jpg","contentUrl":"https:\/\/www.meydan.tv\/wp-content\/uploads\/shutterstock_781484326.jpg","width":1200,"height":800,"caption":"G\u00fcrc\u00fcstan-Az\u0259rbaycan s\u0259rh\u0259di. Foto: Ana Flasker\/shutterstock"},{"@type":"BreadcrumbList","@id":"https:\/\/www.meydan.tv\/az\/article\/gurcustanda-az%c9%99rbaycanliya-qarsi-cinay%c9%99t-isi-acilib\/#breadcrumb","itemListElement":[{"@type":"ListItem","position":1,"name":"Ana s\u0259hif\u0259","item":"https:\/\/www.meydan.tv\/az\/"},{"@type":"ListItem","position":2,"name":"Sosial","item":"https:\/\/www.meydan.tv\/az\/section\/sosial\/"},{"@type":"ListItem","position":3,"name":"G\u00fcrc\u00fcstanda az\u0259rbaycanl\u0131ya qar\u015f\u0131 cinay\u0259t i\u015fi a\u00e7\u0131l\u0131b"}]},{"@type":"WebSite","@id":"https:\/\/www.meydan.tv\/az\/#website","url":"https:\/\/www.meydan.tv\/az\/","name":"MEYDAN.TV","description":"Meydan TV Az\u0259rbaycan\u0131n media m\u0259kan\u0131ndak\u0131 alternativ s\u0259sidir","publisher":{"@id":"https:\/\/www.meydan.tv\/az\/#organization"},"potentialAction":[{"@type":"SearchAction","target":{"@type":"EntryPoint","urlTemplate":"https:\/\/www.meydan.tv\/az\/?s={search_term_string}"},"query-input":{"@type":"PropertyValueSpecification","valueRequired":true,"valueName":"search_term_string"}}],"inLanguage":"az"},{"@type":"Organization","@id":"https:\/\/www.meydan.tv\/az\/#organization","name":"Meydan TV","url":"https:\/\/www.meydan.tv\/az\/","logo":{"@type":"ImageObject","inLanguage":"az","@id":"https:\/\/www.meydan.tv\/az\/#\/schema\/logo\/image\/","url":"https:\/\/www.meydan.tv\/wp-content\/uploads\/2021\/07\/meydan-logo.svg","contentUrl":"https:\/\/www.meydan.tv\/wp-content\/uploads\/2021\/07\/meydan-logo.svg","width":195,"height":46,"caption":"Meydan TV"},"image":{"@id":"https:\/\/www.meydan.tv\/az\/#\/schema\/logo\/image\/"}},{"@type":"Person","@id":"https:\/\/www.meydan.tv\/az\/#\/schema\/person\/09863e516102a829e72bedcf3f84c6b0","name":"mahmud"}]}},"_links":{"self":[{"href":"https:\/\/www.meydan.tv\/az\/wp-json\/wp\/v2\/posts\/334234","targetHints":{"allow":["GET"]}}],"collection":[{"href":"https:\/\/www.meydan.tv\/az\/wp-json\/wp\/v2\/posts"}],"about":[{"href":"https:\/\/www.meydan.tv\/az\/wp-json\/wp\/v2\/types\/post"}],"author":[{"embeddable":true,"href":"https:\/\/www.meydan.tv\/az\/wp-json\/wp\/v2\/users\/21"}],"replies":[{"embeddable":true,"href":"https:\/\/www.meydan.tv\/az\/wp-json\/wp\/v2\/comments?post=334234"}],"version-history":[{"count":2,"href":"https:\/\/www.meydan.tv\/az\/wp-json\/wp\/v2\/posts\/334234\/revisions"}],"predecessor-version":[{"id":334237,"href":"https:\/\/www.meydan.tv\/az\/wp-json\/wp\/v2\/posts\/334234\/revisions\/334237"}],"wp:featuredmedia":[{"embeddable":true,"href":"https:\/\/www.meydan.tv\/az\/wp-json\/wp\/v2\/media\/240513"}],"wp:attachment":[{"href":"https:\/\/www.meydan.tv\/az\/wp-json\/wp\/v2\/media?parent=334234"}],"wp:term":[{"taxonomy":"category","embeddable":true,"href":"https:\/\/www.meydan.tv\/az\/wp-json\/wp\/v2\/categories?post=334234"},{"taxonomy":"post_tag","embeddable":true,"href":"https:\/\/www.meydan.tv\/az\/wp-json\/wp\/v2\/tags?post=334234"}],"curies":[{"name":"wp","href":"https:\/\/api.w.org\/{rel}","templated":true}]}}