{"id":334224,"date":"2025-08-15T17:05:10","date_gmt":"2025-08-15T13:05:10","guid":{"rendered":"https:\/\/www.meydan.tv\/?p=334224"},"modified":"2025-08-15T17:59:33","modified_gmt":"2025-08-15T13:59:33","slug":"meydancilar-h%c9%99bsxanadan-b%c9%99yanat-yayib-hakimiyy%c9%99t-yeni-saxtakarliga-hazirlasir","status":"publish","type":"post","link":"https:\/\/www.meydan.tv\/az\/article\/meydancilar-h%c9%99bsxanadan-b%c9%99yanat-yayib-hakimiyy%c9%99t-yeni-saxtakarliga-hazirlasir\/","title":{"rendered":"Meydan\u00e7\u0131lar h\u0259bsxanadan b\u0259yanat yay\u0131b: \u201cHakimiyy\u0259t yeni saxtakarl\u0131\u011fa haz\u0131rla\u015f\u0131r\u201d"},"content":{"rendered":"\n<figure class=\"wp-block-embed is-type-video is-provider-youtube wp-block-embed-youtube wp-embed-aspect-16-9 wp-has-aspect-ratio\"><div class=\"wp-block-embed__wrapper\">\n<iframe title=\"Meydan\u00e7\u0131lar h\u0259bsxanadan b\u0259yanat yay\u0131b: \u201cHakimiyy\u0259t yeni saxtakarl\u0131\u011fa haz\u0131rla\u015f\u0131r\u201d\" width=\"1200\" height=\"675\" data-src=\"https:\/\/www.youtube.com\/embed\/4IA9fma2czs?feature=oembed\" frameborder=\"0\" allow=\"accelerometer; autoplay; clipboard-write; encrypted-media; gyroscope; picture-in-picture; web-share\" referrerpolicy=\"strict-origin-when-cross-origin\" allowfullscreen src=\"data:image\/svg+xml;base64,PHN2ZyB3aWR0aD0iMSIgaGVpZ2h0PSIxIiB4bWxucz0iaHR0cDovL3d3dy53My5vcmcvMjAwMC9zdmciPjwvc3ZnPg==\" class=\"lazyload\" data-load-mode=\"1\"><\/iframe>\n<\/div><\/figure>\n\n\n\n<!--more-->\n\n\n\n<p>Meydan TV-nin h\u0259bsd\u0259 olan \u0259m\u0259kda\u015flar\u0131 b\u0259yanat yay\u0131b. B\u0259yanat\u0131n m\u0259tnini oldu\u011fu kimi t\u0259qdim edirik: <br><br><\/p>\n\n\n\n<p>Biz \u201cMeydan TV i\u015fi\u201dn\u0259 g\u00f6r\u0259 h\u0259bs olunanlar 8 ayd\u0131r istintaqa deyir, ictimai \u015f\u0259kild\u0259 b\u0259yan edirik ki, bu media qurumu il\u0259 he\u00e7 bir \u0259laq\u0259si olmayan adamlar\u0131 s\u0131ram\u0131za qo\u015fublar. X\u00fcsusil\u0259 Bak\u0131 Jurnalistika M\u0259kt\u0259binin ( BJM ) t\u0259m\u015fil\u00e7isi \u00dclvi Tahirovun Meydan TV il\u0259 he\u00e7 bir ba\u011f\u0131 yoxdur, h\u0259bsin\u0259 s\u0259b\u0259b ba\u015f redaktor Aynur Elg\u00fcn\u0259\u015fl\u0259 dostlu\u011fudur.<\/p>\n\n\n\n<p>\u0130ndi m\u0259lum olur ki, Meydan TV il\u0259 ba\u011fl\u0131 planla\u015fd\u0131rd\u0131qlar\u0131 m\u0259qs\u0259dl\u0259rin\u0259 nail ola bilm\u0259y\u0259n istintaq i\u015fi BJM-in f\u0259aliyy\u0259ti \u00fcz\u0259rind\u0259 apar\u0131r. H\u0259bs olunan \u015f\u0259xsl\u0259r\u0259 BJM-in f\u0259aliyy\u0259ti, daha do\u011frusu maliyy\u0259si il\u0259 ba\u011fl\u0131 suallar verilir, m\u0259n\u015f\u0259yi m\u0259lum olmayan, Meydan TV il\u0259 \u0259laq\u0259si g\u00f6st\u0259rilm\u0259y\u0259n \u015f\u0259xsl\u0259rin ad\u0131 yaz\u0131lm\u0131\u015f s\u0259n\u0259dl\u0259r \u0259sas\u0131nda ifad\u0259 alma\u011fa \u00e7al\u0131\u015f\u0131l\u0131r. BJM 20 il f\u0259aliyy\u0259t g\u00f6st\u0259rmi\u015f qeyri h\u00f6kum\u0259t t\u0259\u015fkilat\u0131d\u0131r, y\u00fczl\u0259rl\u0259 jurnalist\u0259 t\u0259lim vermi\u015f m\u0259kt\u0259bdir. Bu m\u0259kt\u0259btin m\u0259zunlar\u0131 az qala b\u00fct\u00fcn media resurslar\u0131nda, telekanallarda t\u0259msil olunurlar. Meydan TV-nin d\u0259 bir ne\u00e7\u0259 \u0259m\u0259kda\u015f\u0131, o c\u00fcml\u0259d\u0259n ba\u015f redaktoru h\u0259min m\u0259kt\u0259bin m\u0259zunlar\u0131d\u0131r. Ba\u015f redaktor Aynur Elg\u00fcn\u0259\u015fl\u0259 \u00dclvi Tahirovun dostlu\u011fu da BJM-d\u0259 ba\u015flay\u0131b. Aynur Elg\u00fcn\u0259\u015f 2009-2011-ci ill\u0259rd\u0259 bu m\u0259kt\u0259bin n\u0259zdind\u0259 olan \u201c var.az \u201c sayt\u0131n\u0131n ba\u015f redaktoru olub, ictimai jurnalistikadan t\u0259liml\u0259r verib. 2014-c\u00fc ild\u0259n ba\u015flayaraq m\u0259kt\u0259b profilini d\u0259yi\u015fib v\u0259 multimedia \u00fczr\u0259 t\u0259liml\u0259r ke\u00e7irilib. Aynur Elg\u00fcn\u0259\u015f f\u0259rqli (\u00e7ap medias\u0131) ixtisasla\u015fd\u0131\u011f\u0131 \u00fc\u00e7\u00fcn t\u0259liml\u0259r dayand\u0131r\u0131l\u0131b v\u0259 i\u015fg\u00fczar \u0259laq\u0259l\u0259ri k\u0259silib. Ancaq m\u0259n\u0259vi ba\u011flar\u0131 s\u0259b\u0259bind\u0259n vaxta\u015f\u0131r\u0131 BJM-in ofisin\u0259, \u00dclvi Tahirovun yan\u0131na gedib. Onun t\u0259lim\u00e7i kimi \u00e7al\u0131\u015fd\u0131\u011f\u0131n\u0131 son 10 ild\u0259\u00a0 BJM-in m\u0259zunu olmu\u015f ist\u0259nil\u0259n jurnalist t\u0259sdiql\u0259y\u0259 bil\u0259r. H\u0259tta bu c\u00fcr olmasa bel\u0259, Aynur Elg\u00fcn\u0259\u015fin hans\u0131sa quruma \u015f\u0259xsi ba\u011fl\u0131l\u0131\u011f\u0131 Meydan TV-nin h\u0259min qurumla ba\u011fl\u0131l\u0131\u011f\u0131 deyildir. Meydan TV Almaniyada qeydiyyatdan ke\u00e7mi\u015f r\u0259smi f\u0259aliyy\u0259t g\u00f6st\u0259r\u0259n media qurumudur v\u0259 BJM il\u0259 he\u00e7 bir i\u015fg\u00fczar \u0259laq\u0259si olmay\u0131b.<\/p>\n\n\n\n<p><\/p>\n\n\n\n<p>Aylard\u0131r f\u0259aliyy\u0259timiz\u0259 he\u00e7 bir d\u0259xli olmayan \u015f\u0259xsl\u0259ri m\u0259cburi \u015fahidliy\u0259 c\u0259lb ed\u0259n, t\u0259zyiq alt\u0131nda ifad\u0259 alan, h\u0259bs olunanlar\u0131n evin\u0259, \u00fcz\u0259rin\u0259 pul qoyan istintaq bu m\u0259bl\u0259\u011fl\u0259rin, saxta ifad\u0259l\u0259rin ist\u0259nil\u0259n effekti verm\u0259diyini, maxinasiya, qa\u00e7aqmal, \u00e7irkli pullar\u0131n yuyulmas\u0131 v\u0259 s-ni g\u00f6r\u00fcb, i\u015fin m\u0259cras\u0131n\u0131 d\u0259yi\u015fib. Bel\u0259 ki, BJM-in f\u0259aliyy\u0259ti il\u0259 ba\u011fl\u0131 haz\u0131rlanan, m\u0259n\u015f\u0259yi b\u0259lli olmayan s\u0259n\u0259dl\u0259r \u00fcz\u0259rind\u0259n 1 milyon civar\u0131nda v\u0259saitin \u0259ld\u0259 olunmas\u0131 g\u00f6r\u00fcnt\u00fcs\u00fc yarad\u0131l\u0131r. Yen\u0259 d\u0259 eyni x\u0259tl\u0259 80 min manata yax\u0131n vergid\u0259n yay\u0131nma ittiham\u0131 n\u0259z\u0259rd\u0259 tutulub. Halbuki b\u00fct\u00fcn \u201cy\u00fckl\u0259m\u0259l\u0259r\u201d, saxta s\u0259n\u0259dl\u0259r hesab\u0131na \u0259ld\u0259 edil\u0259n r\u0259q\u0259m he\u00e7 160 min manat\u0131 ke\u00e7mir ki, bu da h\u0259bs olunan 11 n\u0259f\u0259r \u00fc\u00e7\u00fcn g\u00fcl\u00fcnc m\u0259bl\u0259\u011fdir. Ona g\u00f6r\u0259 d\u0259 BJM-in qrant layih\u0259l\u0259ri almas\u0131 iddias\u0131 v\u0259 h\u0259min m\u0259bl\u0259\u011fl\u0259rin nisb\u0259ti g\u00f6t\u00fcr\u00fcl\u0259r\u0259k (daha \u00e7ox uydurularaq ) h\u0259bsl\u0259r\u0259 \u0259sas yarad\u0131l\u0131r. Ancaq bunu o q\u0259d\u0259r s\u0259ri\u015ft\u0259siz v\u0259 savads\u0131z \u015f\u0259kild\u0259 edirl\u0259r ki, adam bir daha \u0259min olur \u2013 m\u0259qs\u0259d n\u0259d\u0259 ittiham etm\u0259k deyil, h\u0259bs etm\u0259kdir. Bel\u0259 g\u00f6r\u00fcn\u00fcr ki, BJM-in t\u0259lim ota\u011f\u0131n\u0131n qap\u0131s\u0131n\u0131 bel\u0259 a\u00e7mayan jurnalist\u0259r \u2013 \u015e\u0259m\u015fad A\u011fa, Natiq Cavadl\u0131, X\u0259yal\u0259 A\u011fayeva, Fatim\u0259 M\u00f6vlaml\u0131, \u00dclviyy\u0259 \u018fli, Nurlan Libre bu t\u0259\u015fkilat\u0131n ad\u0131na yaz\u0131lm\u0131\u015f hans\u0131sa saxta s\u0259n\u0259dl\u0259r \u0259sas\u0131nda c\u0259zaland\u0131r\u0131l\u0131rlar.<\/p>\n\n\n\n<p>Anlay\u0131r\u0131q, Az\u0259rbaycan h\u0259bsxanalar\u0131 g\u00fcnahs\u0131z insanlarla doludur. Bizd\u0259n \u00f6nc\u0259 h\u0259bs olunan jurnalistl\u0259r, siyasi f\u0259allar da hakimiyy\u0259tin \u015f\u0259rin\u0259 m\u0259ruz qal\u0131b, bu c\u00fcr saxta ittihamlarla c\u0259zaland\u0131r\u0131l\u0131blar. Bel\u0259 bir g\u00f6r\u00fcnt\u00fc yaran\u0131b ki, hans\u0131sa cinay\u0259t i\u015fi a\u00e7\u0131l\u0131r, \u0259laq\u0259si oldu-olmad\u0131, hakimiyy\u0259tin \u201cradar\u201d\u0131na d\u00fc\u015f\u0259n h\u0259r k\u0259s ona c\u0259lb edilir.<\/p>\n\n\n\n<p>Biz Meydan TV-y\u0259 qar\u015f\u0131 s\u00fcr\u00fcl\u0259n ittihamlar\u0131n he\u00e7 birini q\u0259bul etmirik, bunu jurnalist f\u0259aliyy\u0259timizl\u0259 \u0259laq\u0259l\u0259ndiririk. Biz h\u0259m\u00e7inin onsuz da saxta a\u00e7\u0131lm\u0131\u015f cinay\u0259t i\u015fin\u0259 daha bir saxtakarl\u0131\u011f\u0131n \u0259lav\u0259 olunmas\u0131na qar\u015f\u0131y\u0131q. Biz siyasi hakimiyy\u0259td\u0259n \u00f6z\u00fcm\u00fcz\u0259 qar\u015f\u0131 l\u0259yaq\u0259tli davran\u0131\u015f t\u0259l\u0259b edirik! Bir daha b\u0259yan edirik ki, BJM il\u0259 Meydan TV aras\u0131nda he\u00e7 vaxt i\u015fg\u00fczar m\u00fcnasib\u0259t olmay\u0131b, \u0259ksini s\u00fcbut ed\u0259c\u0259k he\u00e7 bir s\u0259n\u0259d, s\u00fcbut yoxdur. Buna g\u00f6r\u0259 d\u0259 BJM i\u015finin Meydan TV-d\u0259n ayr\u0131lmas\u0131n\u0131 t\u0259l\u0259b edirik.<\/p>\n\n\n\n<p>\u0130ctimaiyy\u0259t \u00fc\u00e7\u00fcn siyasi \u015fou yaradan hakimiyy\u0259t\u0259 deyirik ki, g\u00f6zl\u0259ntil\u0259riniz fiaskoya u\u011fray\u0131bsa, bunu ba\u015fqa bir saxtakarl\u0131qla kompensasiya etm\u0259yin. Bizim \u0259m\u0259limizd\u0259 cinay\u0259t t\u0259rkibi yoxdur. Jurnalistika cinay\u0259t deyil!<\/p>\n","protected":false},"excerpt":{"rendered":"","protected":false},"author":16,"featured_media":324260,"comment_status":"closed","ping_status":"closed","sticky":false,"template":"","format":"standard","meta":{"_acf_changed":false,"_sitemap_exclude":false,"_sitemap_priority":"","_sitemap_frequency":"","footnotes":""},"categories":[79,63,56],"tags":[],"class_list":["post-334224","post","type-post","status-publish","format-standard","has-post-thumbnail","hentry","category-featured","category-video-2","category-xeberler","infinite-scroll-item","generate-columns","tablet-grid-50","mobile-grid-100","grid-parent","grid-33","no-featured-image-padding"],"acf":[],"yoast_head":"<!-- This site is optimized with the Yoast SEO plugin v27.4 - https:\/\/yoast.com\/product\/yoast-seo-wordpress\/ -->\n<title>Meydan\u00e7\u0131lar h\u0259bsxanadan b\u0259yanat yay\u0131b: \u201cHakimiyy\u0259t yeni saxtakarl\u0131\u011fa haz\u0131rla\u015f\u0131r\u201d - MEYDAN.TV<\/title>\n<meta name=\"robots\" content=\"index, follow, max-snippet:-1, max-image-preview:large, max-video-preview:-1\" \/>\n<link rel=\"canonical\" href=\"https:\/\/www.meydan.tv\/az\/article\/meydancilar-h%c9%99bsxanadan-b%c9%99yanat-yayib-hakimiyy%c9%99t-yeni-saxtakarliga-hazirlasir\/\" \/>\n<meta property=\"og:locale\" content=\"az_AZ\" \/>\n<meta property=\"og:type\" content=\"article\" \/>\n<meta property=\"og:title\" content=\"Meydan\u00e7\u0131lar h\u0259bsxanadan b\u0259yanat yay\u0131b: \u201cHakimiyy\u0259t yeni saxtakarl\u0131\u011fa haz\u0131rla\u015f\u0131r\u201d - MEYDAN.TV\" \/>\n<meta property=\"og:url\" content=\"https:\/\/www.meydan.tv\/az\/article\/meydancilar-h%c9%99bsxanadan-b%c9%99yanat-yayib-hakimiyy%c9%99t-yeni-saxtakarliga-hazirlasir\/\" \/>\n<meta property=\"og:site_name\" content=\"MEYDAN.TV\" \/>\n<meta property=\"article:published_time\" content=\"2025-08-15T13:05:10+00:00\" \/>\n<meta property=\"article:modified_time\" content=\"2025-08-15T13:59:33+00:00\" \/>\n<meta property=\"og:image\" content=\"https:\/\/www.meydan.tv\/wp-content\/uploads\/a1626bd7-0366-4f20-b321-93edf18270a6-e1736501511191.jpg\" \/>\n\t<meta property=\"og:image:width\" content=\"1280\" \/>\n\t<meta property=\"og:image:height\" content=\"500\" \/>\n\t<meta property=\"og:image:type\" content=\"image\/jpeg\" \/>\n<meta name=\"author\" content=\"sevda\" \/>\n<meta name=\"twitter:card\" content=\"summary_large_image\" \/>\n<script type=\"application\/ld+json\" class=\"yoast-schema-graph\">{\"@context\":\"https:\\\/\\\/schema.org\",\"@graph\":[{\"@type\":\"Article\",\"@id\":\"https:\\\/\\\/www.meydan.tv\\\/az\\\/article\\\/meydancilar-h%c9%99bsxanadan-b%c9%99yanat-yayib-hakimiyy%c9%99t-yeni-saxtakarliga-hazirlasir\\\/#article\",\"isPartOf\":{\"@id\":\"https:\\\/\\\/www.meydan.tv\\\/az\\\/article\\\/meydancilar-h%c9%99bsxanadan-b%c9%99yanat-yayib-hakimiyy%c9%99t-yeni-saxtakarliga-hazirlasir\\\/\"},\"author\":{\"name\":\"sevda\",\"@id\":\"https:\\\/\\\/www.meydan.tv\\\/az\\\/#\\\/schema\\\/person\\\/49b5f2bad5b126bb8ea9320eeb3e4dc9\"},\"headline\":\"Meydan\u00e7\u0131lar h\u0259bsxanadan b\u0259yanat yay\u0131b: \u201cHakimiyy\u0259t yeni saxtakarl\u0131\u011fa haz\u0131rla\u015f\u0131r\u201d\",\"datePublished\":\"2025-08-15T13:05:10+00:00\",\"dateModified\":\"2025-08-15T13:59:33+00:00\",\"mainEntityOfPage\":{\"@id\":\"https:\\\/\\\/www.meydan.tv\\\/az\\\/article\\\/meydancilar-h%c9%99bsxanadan-b%c9%99yanat-yayib-hakimiyy%c9%99t-yeni-saxtakarliga-hazirlasir\\\/\"},\"wordCount\":984,\"publisher\":{\"@id\":\"https:\\\/\\\/www.meydan.tv\\\/az\\\/#organization\"},\"image\":{\"@id\":\"https:\\\/\\\/www.meydan.tv\\\/az\\\/article\\\/meydancilar-h%c9%99bsxanadan-b%c9%99yanat-yayib-hakimiyy%c9%99t-yeni-saxtakarliga-hazirlasir\\\/#primaryimage\"},\"thumbnailUrl\":\"https:\\\/\\\/www.meydan.tv\\\/wp-content\\\/uploads\\\/a1626bd7-0366-4f20-b321-93edf18270a6-e1736501511191.jpg\",\"articleSection\":[\"T\u00f6vsiy\u0259\",\"Video\",\"X\u0259b\u0259rl\u0259r\"],\"inLanguage\":\"az\"},{\"@type\":\"WebPage\",\"@id\":\"https:\\\/\\\/www.meydan.tv\\\/az\\\/article\\\/meydancilar-h%c9%99bsxanadan-b%c9%99yanat-yayib-hakimiyy%c9%99t-yeni-saxtakarliga-hazirlasir\\\/\",\"url\":\"https:\\\/\\\/www.meydan.tv\\\/az\\\/article\\\/meydancilar-h%c9%99bsxanadan-b%c9%99yanat-yayib-hakimiyy%c9%99t-yeni-saxtakarliga-hazirlasir\\\/\",\"name\":\"Meydan\u00e7\u0131lar h\u0259bsxanadan b\u0259yanat yay\u0131b: \u201cHakimiyy\u0259t yeni saxtakarl\u0131\u011fa haz\u0131rla\u015f\u0131r\u201d - MEYDAN.TV\",\"isPartOf\":{\"@id\":\"https:\\\/\\\/www.meydan.tv\\\/az\\\/#website\"},\"primaryImageOfPage\":{\"@id\":\"https:\\\/\\\/www.meydan.tv\\\/az\\\/article\\\/meydancilar-h%c9%99bsxanadan-b%c9%99yanat-yayib-hakimiyy%c9%99t-yeni-saxtakarliga-hazirlasir\\\/#primaryimage\"},\"image\":{\"@id\":\"https:\\\/\\\/www.meydan.tv\\\/az\\\/article\\\/meydancilar-h%c9%99bsxanadan-b%c9%99yanat-yayib-hakimiyy%c9%99t-yeni-saxtakarliga-hazirlasir\\\/#primaryimage\"},\"thumbnailUrl\":\"https:\\\/\\\/www.meydan.tv\\\/wp-content\\\/uploads\\\/a1626bd7-0366-4f20-b321-93edf18270a6-e1736501511191.jpg\",\"datePublished\":\"2025-08-15T13:05:10+00:00\",\"dateModified\":\"2025-08-15T13:59:33+00:00\",\"breadcrumb\":{\"@id\":\"https:\\\/\\\/www.meydan.tv\\\/az\\\/article\\\/meydancilar-h%c9%99bsxanadan-b%c9%99yanat-yayib-hakimiyy%c9%99t-yeni-saxtakarliga-hazirlasir\\\/#breadcrumb\"},\"inLanguage\":\"az\",\"potentialAction\":[{\"@type\":\"ReadAction\",\"target\":[\"https:\\\/\\\/www.meydan.tv\\\/az\\\/article\\\/meydancilar-h%c9%99bsxanadan-b%c9%99yanat-yayib-hakimiyy%c9%99t-yeni-saxtakarliga-hazirlasir\\\/\"]}]},{\"@type\":\"ImageObject\",\"inLanguage\":\"az\",\"@id\":\"https:\\\/\\\/www.meydan.tv\\\/az\\\/article\\\/meydancilar-h%c9%99bsxanadan-b%c9%99yanat-yayib-hakimiyy%c9%99t-yeni-saxtakarliga-hazirlasir\\\/#primaryimage\",\"url\":\"https:\\\/\\\/www.meydan.tv\\\/wp-content\\\/uploads\\\/a1626bd7-0366-4f20-b321-93edf18270a6-e1736501511191.jpg\",\"contentUrl\":\"https:\\\/\\\/www.meydan.tv\\\/wp-content\\\/uploads\\\/a1626bd7-0366-4f20-b321-93edf18270a6-e1736501511191.jpg\",\"width\":1280,\"height\":500,\"caption\":\"Meydan TV-nin h\u0259bs olunmu\u015f \u0259m\u0259kda\u015flar\u0131. \u0130ll\u00fcstrasiya: Meydan TV\"},{\"@type\":\"BreadcrumbList\",\"@id\":\"https:\\\/\\\/www.meydan.tv\\\/az\\\/article\\\/meydancilar-h%c9%99bsxanadan-b%c9%99yanat-yayib-hakimiyy%c9%99t-yeni-saxtakarliga-hazirlasir\\\/#breadcrumb\",\"itemListElement\":[{\"@type\":\"ListItem\",\"position\":1,\"name\":\"Ana s\u0259hif\u0259\",\"item\":\"https:\\\/\\\/www.meydan.tv\\\/az\\\/\"},{\"@type\":\"ListItem\",\"position\":2,\"name\":\"Video\",\"item\":\"https:\\\/\\\/www.meydan.tv\\\/az\\\/section\\\/video-2\\\/\"},{\"@type\":\"ListItem\",\"position\":3,\"name\":\"Meydan\u00e7\u0131lar h\u0259bsxanadan b\u0259yanat yay\u0131b: \u201cHakimiyy\u0259t yeni saxtakarl\u0131\u011fa haz\u0131rla\u015f\u0131r\u201d\"}]},{\"@type\":\"WebSite\",\"@id\":\"https:\\\/\\\/www.meydan.tv\\\/az\\\/#website\",\"url\":\"https:\\\/\\\/www.meydan.tv\\\/az\\\/\",\"name\":\"MEYDAN.TV\",\"description\":\"Meydan TV Az\u0259rbaycan\u0131n media m\u0259kan\u0131ndak\u0131 alternativ s\u0259sidir\",\"publisher\":{\"@id\":\"https:\\\/\\\/www.meydan.tv\\\/az\\\/#organization\"},\"potentialAction\":[{\"@type\":\"SearchAction\",\"target\":{\"@type\":\"EntryPoint\",\"urlTemplate\":\"https:\\\/\\\/www.meydan.tv\\\/az\\\/?s={search_term_string}\"},\"query-input\":{\"@type\":\"PropertyValueSpecification\",\"valueRequired\":true,\"valueName\":\"search_term_string\"}}],\"inLanguage\":\"az\"},{\"@type\":\"Organization\",\"@id\":\"https:\\\/\\\/www.meydan.tv\\\/az\\\/#organization\",\"name\":\"Meydan TV\",\"url\":\"https:\\\/\\\/www.meydan.tv\\\/az\\\/\",\"logo\":{\"@type\":\"ImageObject\",\"inLanguage\":\"az\",\"@id\":\"https:\\\/\\\/www.meydan.tv\\\/az\\\/#\\\/schema\\\/logo\\\/image\\\/\",\"url\":\"https:\\\/\\\/www.meydan.tv\\\/wp-content\\\/uploads\\\/2021\\\/07\\\/meydan-logo.svg\",\"contentUrl\":\"https:\\\/\\\/www.meydan.tv\\\/wp-content\\\/uploads\\\/2021\\\/07\\\/meydan-logo.svg\",\"width\":195,\"height\":46,\"caption\":\"Meydan TV\"},\"image\":{\"@id\":\"https:\\\/\\\/www.meydan.tv\\\/az\\\/#\\\/schema\\\/logo\\\/image\\\/\"}},{\"@type\":\"Person\",\"@id\":\"https:\\\/\\\/www.meydan.tv\\\/az\\\/#\\\/schema\\\/person\\\/49b5f2bad5b126bb8ea9320eeb3e4dc9\",\"name\":\"sevda\"}]}<\/script>\n<!-- \/ Yoast SEO plugin. -->","yoast_head_json":{"title":"Meydan\u00e7\u0131lar h\u0259bsxanadan b\u0259yanat yay\u0131b: \u201cHakimiyy\u0259t yeni saxtakarl\u0131\u011fa haz\u0131rla\u015f\u0131r\u201d - MEYDAN.TV","robots":{"index":"index","follow":"follow","max-snippet":"max-snippet:-1","max-image-preview":"max-image-preview:large","max-video-preview":"max-video-preview:-1"},"canonical":"https:\/\/www.meydan.tv\/az\/article\/meydancilar-h%c9%99bsxanadan-b%c9%99yanat-yayib-hakimiyy%c9%99t-yeni-saxtakarliga-hazirlasir\/","og_locale":"az_AZ","og_type":"article","og_title":"Meydan\u00e7\u0131lar h\u0259bsxanadan b\u0259yanat yay\u0131b: \u201cHakimiyy\u0259t yeni saxtakarl\u0131\u011fa haz\u0131rla\u015f\u0131r\u201d - MEYDAN.TV","og_url":"https:\/\/www.meydan.tv\/az\/article\/meydancilar-h%c9%99bsxanadan-b%c9%99yanat-yayib-hakimiyy%c9%99t-yeni-saxtakarliga-hazirlasir\/","og_site_name":"MEYDAN.TV","article_published_time":"2025-08-15T13:05:10+00:00","article_modified_time":"2025-08-15T13:59:33+00:00","og_image":[{"width":1280,"height":500,"url":"https:\/\/www.meydan.tv\/wp-content\/uploads\/a1626bd7-0366-4f20-b321-93edf18270a6-e1736501511191.jpg","type":"image\/jpeg"}],"author":"sevda","twitter_card":"summary_large_image","schema":{"@context":"https:\/\/schema.org","@graph":[{"@type":"Article","@id":"https:\/\/www.meydan.tv\/az\/article\/meydancilar-h%c9%99bsxanadan-b%c9%99yanat-yayib-hakimiyy%c9%99t-yeni-saxtakarliga-hazirlasir\/#article","isPartOf":{"@id":"https:\/\/www.meydan.tv\/az\/article\/meydancilar-h%c9%99bsxanadan-b%c9%99yanat-yayib-hakimiyy%c9%99t-yeni-saxtakarliga-hazirlasir\/"},"author":{"name":"sevda","@id":"https:\/\/www.meydan.tv\/az\/#\/schema\/person\/49b5f2bad5b126bb8ea9320eeb3e4dc9"},"headline":"Meydan\u00e7\u0131lar h\u0259bsxanadan b\u0259yanat yay\u0131b: \u201cHakimiyy\u0259t yeni saxtakarl\u0131\u011fa haz\u0131rla\u015f\u0131r\u201d","datePublished":"2025-08-15T13:05:10+00:00","dateModified":"2025-08-15T13:59:33+00:00","mainEntityOfPage":{"@id":"https:\/\/www.meydan.tv\/az\/article\/meydancilar-h%c9%99bsxanadan-b%c9%99yanat-yayib-hakimiyy%c9%99t-yeni-saxtakarliga-hazirlasir\/"},"wordCount":984,"publisher":{"@id":"https:\/\/www.meydan.tv\/az\/#organization"},"image":{"@id":"https:\/\/www.meydan.tv\/az\/article\/meydancilar-h%c9%99bsxanadan-b%c9%99yanat-yayib-hakimiyy%c9%99t-yeni-saxtakarliga-hazirlasir\/#primaryimage"},"thumbnailUrl":"https:\/\/www.meydan.tv\/wp-content\/uploads\/a1626bd7-0366-4f20-b321-93edf18270a6-e1736501511191.jpg","articleSection":["T\u00f6vsiy\u0259","Video","X\u0259b\u0259rl\u0259r"],"inLanguage":"az"},{"@type":"WebPage","@id":"https:\/\/www.meydan.tv\/az\/article\/meydancilar-h%c9%99bsxanadan-b%c9%99yanat-yayib-hakimiyy%c9%99t-yeni-saxtakarliga-hazirlasir\/","url":"https:\/\/www.meydan.tv\/az\/article\/meydancilar-h%c9%99bsxanadan-b%c9%99yanat-yayib-hakimiyy%c9%99t-yeni-saxtakarliga-hazirlasir\/","name":"Meydan\u00e7\u0131lar h\u0259bsxanadan b\u0259yanat yay\u0131b: \u201cHakimiyy\u0259t yeni saxtakarl\u0131\u011fa haz\u0131rla\u015f\u0131r\u201d - MEYDAN.TV","isPartOf":{"@id":"https:\/\/www.meydan.tv\/az\/#website"},"primaryImageOfPage":{"@id":"https:\/\/www.meydan.tv\/az\/article\/meydancilar-h%c9%99bsxanadan-b%c9%99yanat-yayib-hakimiyy%c9%99t-yeni-saxtakarliga-hazirlasir\/#primaryimage"},"image":{"@id":"https:\/\/www.meydan.tv\/az\/article\/meydancilar-h%c9%99bsxanadan-b%c9%99yanat-yayib-hakimiyy%c9%99t-yeni-saxtakarliga-hazirlasir\/#primaryimage"},"thumbnailUrl":"https:\/\/www.meydan.tv\/wp-content\/uploads\/a1626bd7-0366-4f20-b321-93edf18270a6-e1736501511191.jpg","datePublished":"2025-08-15T13:05:10+00:00","dateModified":"2025-08-15T13:59:33+00:00","breadcrumb":{"@id":"https:\/\/www.meydan.tv\/az\/article\/meydancilar-h%c9%99bsxanadan-b%c9%99yanat-yayib-hakimiyy%c9%99t-yeni-saxtakarliga-hazirlasir\/#breadcrumb"},"inLanguage":"az","potentialAction":[{"@type":"ReadAction","target":["https:\/\/www.meydan.tv\/az\/article\/meydancilar-h%c9%99bsxanadan-b%c9%99yanat-yayib-hakimiyy%c9%99t-yeni-saxtakarliga-hazirlasir\/"]}]},{"@type":"ImageObject","inLanguage":"az","@id":"https:\/\/www.meydan.tv\/az\/article\/meydancilar-h%c9%99bsxanadan-b%c9%99yanat-yayib-hakimiyy%c9%99t-yeni-saxtakarliga-hazirlasir\/#primaryimage","url":"https:\/\/www.meydan.tv\/wp-content\/uploads\/a1626bd7-0366-4f20-b321-93edf18270a6-e1736501511191.jpg","contentUrl":"https:\/\/www.meydan.tv\/wp-content\/uploads\/a1626bd7-0366-4f20-b321-93edf18270a6-e1736501511191.jpg","width":1280,"height":500,"caption":"Meydan TV-nin h\u0259bs olunmu\u015f \u0259m\u0259kda\u015flar\u0131. \u0130ll\u00fcstrasiya: Meydan TV"},{"@type":"BreadcrumbList","@id":"https:\/\/www.meydan.tv\/az\/article\/meydancilar-h%c9%99bsxanadan-b%c9%99yanat-yayib-hakimiyy%c9%99t-yeni-saxtakarliga-hazirlasir\/#breadcrumb","itemListElement":[{"@type":"ListItem","position":1,"name":"Ana s\u0259hif\u0259","item":"https:\/\/www.meydan.tv\/az\/"},{"@type":"ListItem","position":2,"name":"Video","item":"https:\/\/www.meydan.tv\/az\/section\/video-2\/"},{"@type":"ListItem","position":3,"name":"Meydan\u00e7\u0131lar h\u0259bsxanadan b\u0259yanat yay\u0131b: \u201cHakimiyy\u0259t yeni saxtakarl\u0131\u011fa haz\u0131rla\u015f\u0131r\u201d"}]},{"@type":"WebSite","@id":"https:\/\/www.meydan.tv\/az\/#website","url":"https:\/\/www.meydan.tv\/az\/","name":"MEYDAN.TV","description":"Meydan TV Az\u0259rbaycan\u0131n media m\u0259kan\u0131ndak\u0131 alternativ s\u0259sidir","publisher":{"@id":"https:\/\/www.meydan.tv\/az\/#organization"},"potentialAction":[{"@type":"SearchAction","target":{"@type":"EntryPoint","urlTemplate":"https:\/\/www.meydan.tv\/az\/?s={search_term_string}"},"query-input":{"@type":"PropertyValueSpecification","valueRequired":true,"valueName":"search_term_string"}}],"inLanguage":"az"},{"@type":"Organization","@id":"https:\/\/www.meydan.tv\/az\/#organization","name":"Meydan TV","url":"https:\/\/www.meydan.tv\/az\/","logo":{"@type":"ImageObject","inLanguage":"az","@id":"https:\/\/www.meydan.tv\/az\/#\/schema\/logo\/image\/","url":"https:\/\/www.meydan.tv\/wp-content\/uploads\/2021\/07\/meydan-logo.svg","contentUrl":"https:\/\/www.meydan.tv\/wp-content\/uploads\/2021\/07\/meydan-logo.svg","width":195,"height":46,"caption":"Meydan TV"},"image":{"@id":"https:\/\/www.meydan.tv\/az\/#\/schema\/logo\/image\/"}},{"@type":"Person","@id":"https:\/\/www.meydan.tv\/az\/#\/schema\/person\/49b5f2bad5b126bb8ea9320eeb3e4dc9","name":"sevda"}]}},"_links":{"self":[{"href":"https:\/\/www.meydan.tv\/az\/wp-json\/wp\/v2\/posts\/334224","targetHints":{"allow":["GET"]}}],"collection":[{"href":"https:\/\/www.meydan.tv\/az\/wp-json\/wp\/v2\/posts"}],"about":[{"href":"https:\/\/www.meydan.tv\/az\/wp-json\/wp\/v2\/types\/post"}],"author":[{"embeddable":true,"href":"https:\/\/www.meydan.tv\/az\/wp-json\/wp\/v2\/users\/16"}],"replies":[{"embeddable":true,"href":"https:\/\/www.meydan.tv\/az\/wp-json\/wp\/v2\/comments?post=334224"}],"version-history":[{"count":10,"href":"https:\/\/www.meydan.tv\/az\/wp-json\/wp\/v2\/posts\/334224\/revisions"}],"predecessor-version":[{"id":334236,"href":"https:\/\/www.meydan.tv\/az\/wp-json\/wp\/v2\/posts\/334224\/revisions\/334236"}],"wp:featuredmedia":[{"embeddable":true,"href":"https:\/\/www.meydan.tv\/az\/wp-json\/wp\/v2\/media\/324260"}],"wp:attachment":[{"href":"https:\/\/www.meydan.tv\/az\/wp-json\/wp\/v2\/media?parent=334224"}],"wp:term":[{"taxonomy":"category","embeddable":true,"href":"https:\/\/www.meydan.tv\/az\/wp-json\/wp\/v2\/categories?post=334224"},{"taxonomy":"post_tag","embeddable":true,"href":"https:\/\/www.meydan.tv\/az\/wp-json\/wp\/v2\/tags?post=334224"}],"curies":[{"name":"wp","href":"https:\/\/api.w.org\/{rel}","templated":true}]}}