{"id":334219,"date":"2025-08-15T15:18:40","date_gmt":"2025-08-15T11:18:40","guid":{"rendered":"https:\/\/www.meydan.tv\/?p=334219"},"modified":"2025-08-15T15:18:44","modified_gmt":"2025-08-15T11:18:44","slug":"erm%c9%99nistan-irana-abs-nin-regiondaki-movqeyi-il%c9%99-bagli-t%c9%99minat-verib","status":"publish","type":"post","link":"https:\/\/www.meydan.tv\/az\/article\/erm%c9%99nistan-irana-abs-nin-regiondaki-movqeyi-il%c9%99-bagli-t%c9%99minat-verib\/","title":{"rendered":"Erm\u0259nistan \u0130rana AB\u015e-nin regiondak\u0131 m\u00f6vqeyi il\u0259 ba\u011fl\u0131 t\u0259minat verib"},"content":{"rendered":"\n<p><\/p>\n\n\n\n<p><em>\u201cYerevan AB\u015e-nin v\u0259 ya dig\u0259r \u00fc\u00e7\u00fcnc\u00fc t\u0259r\u0259fl\u0259rin regionda m\u00f6vcudlu\u011fu m\u0259s\u0259l\u0259sind\u0259 \u0130ran\u0131n narahatl\u0131qlar\u0131n\u0131 n\u0259z\u0259r\u0259 al\u0131r. Bu m\u0259s\u0259l\u0259 iki \u00f6lk\u0259 aras\u0131nda apar\u0131lan dan\u0131\u015f\u0131qlarda \u0259sas m\u00f6vzulardan biri olub\u201d.<\/em><\/p>\n\n\n\n<p>Bunu Erm\u0259nistan\u0131n xarici i\u015fl\u0259r nazirinin m\u00fcavini Vaan Kostanyan \u0130rana s\u0259f\u0259ri zaman\u0131 <a href=\"https:\/\/www.irna.ir\/news\/85913281\/%D8%B1%D9%88%D8%A7%D8%A8%D8%B7-%D8%AA%D9%87%D8%B1%D8%A7%D9%86-%D9%88-%D8%A7%DB%8C%D8%B1%D9%88%D8%A7%D9%86-%D9%87%D8%B1%DA%AF%D8%B2-%D9%85%D9%88%D8%B6%D9%88%D8%B9-%D9%87%DB%8C%DA%86-%D9%85%D8%B9%D8%A7%D9%85%D9%84%D9%87-%DA%98%D8%A6%D9%88%D9%BE%D9%88%D9%84%DB%8C%D8%AA%DB%8C%DA%A9%DB%8C-%D9%86%D8%AE%D9%88%D8%A7%D9%87%D8%AF\">bildirib.<\/a>&nbsp;<\/p>\n\n\n\n<p>O, \u0259lav\u0259 edib ki, \u201cTramp yolu\u201d il\u0259 ba\u011fl\u0131 AB\u015e-Erm\u0259nistan birg\u0259 \u015firk\u0259ti yarad\u0131l\u0131r.<\/p>\n\n\n\n<p><em>&nbsp;\u201cM\u0259n bura g\u0259lmi\u015f\u0259m ki, \u201cTramp mar\u015frutu\u201d layih\u0259sind\u0259 Erm\u0259nistan\u0131n \u0130ran\u0131n fikirl\u0259rini n\u0259z\u0259r\u0259 ald\u0131\u011f\u0131n\u0131 bildirim. Erm\u0259nistanda AB\u015e v\u0259 Yerevan aras\u0131nda paylanacaq s\u0259hml\u0259ri olan bir \u015firk\u0259tin qeydiyyat\u0131 planla\u015fd\u0131r\u0131l\u0131r. Amma bu, AB\u015e-nin regionda t\u0259hl\u00fck\u0259sizlik sah\u0259sind\u0259 i\u015ftirak\u0131 dem\u0259k deyil. Biz ba\u015fa d\u00fc\u015f\u00fcr\u00fck ki, bu m\u0259s\u0259l\u0259, \u0130ran\u0131n \u0259sas narahatl\u0131qlar\u0131ndan biri idi. Hesab edir\u0259m ki, bu narahatl\u0131q aradan qald\u0131r\u0131l\u0131b\u201d, <\/em>\u2013&nbsp; Erm\u0259nistan X\u0130N-nin n\u00fcmay\u0259nd\u0259si bildirib.<\/p>\n\n\n\n<p>Nazir m\u00fcavini \u015firk\u0259tin konkret hans\u0131 i\u015fl\u0259rd\u0259n m\u0259sul olaca\u011f\u0131n\u0131 a\u00e7\u0131qlamay\u0131b.&nbsp;<\/p>\n\n\n\n<p><em>\u201cAmma bu, regionda Amerika t\u0259hl\u00fck\u0259sizlik q\u00fcvv\u0259l\u0259rinin m\u00f6vcudlu\u011fu dem\u0259k deyil. Biz ba\u015fa d\u00fc\u015f\u00fcr\u00fck ki, bu, \u0130ran t\u0259r\u0259finin \u0259sas narahatl\u0131qlar\u0131ndan biridir v\u0259 m\u0259nim fikrimc\u0259, bu m\u0259s\u0259l\u0259 art\u0131q h\u0259ll olunub\u201d<\/em>, &#8211; Kostanyan vur\u011fulay\u0131b.&nbsp;<\/p>\n\n\n\n<pre class=\"wp-block-preformatted\">Avqustun 8-d\u0259 Va\u015finqtonda AB\u015e, Az\u0259rbaycan v\u0259 Erm\u0259nistan r\u0259smil\u0259rinin i\u015ftirak\u0131 il\u0259 g\u00f6r\u00fc\u015f ke\u00e7irilib v\u0259 daha sonra da \u00fc\u00e7t\u0259r\u0259fli <a href=\"https:\/\/azertag.az\/xeber\/azerbaycan_prezidentinin_ve_ermenistanin_bas_nazirinin_vasinqton_seherinde_kechirilmis_gorusune_dair_birge_beyanname_imzalanib_video-3692799\">b\u0259yannam\u0259<\/a> imzalan\u0131b. <br><br>G\u00f6r\u00fc\u015f zaman\u0131 h\u0259m\u00e7inin \u201cTramp mar\u015frutu\u201d adl\u0131 n\u0259qliyyat layih\u0259si m\u00fczakir\u0259 olunub v\u0259 qeyd edilib ki, layih\u0259 regionda tranzit imkanlar\u0131n\u0131 art\u0131rmaq m\u0259qs\u0259di da\u015f\u0131y\u0131r.<br><br>Rusiya v\u0259 \u0130ran \u201cTramp mar\u015frutu\u201d layih\u0259si il\u0259 \u0259laq\u0259dar narahatl\u0131qlar\u0131n\u0131 ifad\u0259 edib. <br><br>\u0130ran AB\u015e-nin Erm\u0259nistanla s\u0259rh\u0259dyan\u0131 b\u00f6lg\u0259d\u0259 m\u00f6vcudlu\u011funu region \u00fc\u00e7\u00fcn t\u0259hdid olaraq qiym\u0259tl\u0259ndirib. <br><br>Rusiya da xarici m\u00fcdaxil\u0259nin s\u00fclh prosesin\u0259 m\u0259nfi t\u0259sir g\u00f6st\u0259r\u0259 bil\u0259c\u0259yini qeyd edib.<\/pre>\n\n\n\n<p>Bu arada Rusiya &#8216;Tramp mar\u015frutu&#8217;nda Erm\u0259nistan\u0131 d\u0259st\u0259kl\u0259diyini b\u0259yan edib. Rusiya ba\u015f nazirinin m\u00fcavini Aleksey Over\u00e7uk\u00a0 bildirib ki, \u0259g\u0259r bu, Yerevan\u0131n xeyrin\u0259dirs\u0259, &#8220;Tramp mar\u015frutu&#8221; m\u0259s\u0259l\u0259sind\u0259 Rusiya Erm\u0259nistan\u0131 d\u0259st\u0259kl\u0259yir.\u00a0<\/p>\n\n\n\n<p><em>&#8220;Biz bu m\u0259s\u0259l\u0259ni n\u0259z\u0259rd\u0259n ke\u00e7iririk. Erm\u0259nistan bizim strateji m\u00fctt\u0259fiqimizdir. \u018fg\u0259r Erm\u0259nistan n\u0259yins\u0259 onlar \u00fc\u00e7\u00fcn yax\u015f\u0131 oldu\u011funa inan\u0131rsa, t\u0259bii ki, biz onu d\u0259st\u0259kl\u0259yirik&#8221;, <\/em>&#8211; Over\u00e7uk deyib.<\/p>\n\n\n\n<p>O, buna baxmayaraq, t\u0259r\u0259fl\u0259rl\u0259 ayd\u0131nla\u015fd\u0131r\u0131lmal\u0131 olan b\u0259zi n\u00fcanslarln oldu\u011funu da \u0259lav\u0259 edib.&nbsp;<\/p>\n","protected":false},"excerpt":{"rendered":"<p>\u201cYerevan AB\u015e-nin v\u0259 ya dig\u0259r \u00fc\u00e7\u00fcnc\u00fc t\u0259r\u0259fl\u0259rin regionda m\u00f6vcudlu\u011fu m\u0259s\u0259l\u0259sind\u0259 &#8230; <\/p>\n<p class=\"read-more-container\"><a title=\"Erm\u0259nistan \u0130rana AB\u015e-nin regiondak\u0131 m\u00f6vqeyi il\u0259 ba\u011fl\u0131 t\u0259minat verib\" class=\"read-more button\" href=\"https:\/\/www.meydan.tv\/az\/article\/erm%c9%99nistan-irana-abs-nin-regiondaki-movqeyi-il%c9%99-bagli-t%c9%99minat-verib\/#more-334219\" aria-label=\"Read more about Erm\u0259nistan \u0130rana AB\u015e-nin regiondak\u0131 m\u00f6vqeyi il\u0259 ba\u011fl\u0131 t\u0259minat verib\">Davam\u0131<\/a><\/p>\n","protected":false},"author":21,"featured_media":289644,"comment_status":"closed","ping_status":"closed","sticky":false,"template":"","format":"standard","meta":{"_acf_changed":false,"_sitemap_exclude":false,"_sitemap_priority":"","_sitemap_frequency":"","footnotes":""},"categories":[64,62,56],"tags":[],"class_list":["post-334219","post","type-post","status-publish","format-standard","has-post-thumbnail","hentry","category-dunya","category-sosial","category-xeberler","infinite-scroll-item","generate-columns","tablet-grid-50","mobile-grid-100","grid-parent","grid-33","no-featured-image-padding"],"acf":[],"yoast_head":"<!-- This site is optimized with the Yoast SEO plugin v27.4 - https:\/\/yoast.com\/product\/yoast-seo-wordpress\/ -->\n<title>Erm\u0259nistan \u0130rana AB\u015e-nin regiondak\u0131 m\u00f6vqeyi il\u0259 ba\u011fl\u0131 t\u0259minat verib - MEYDAN.TV<\/title>\n<meta name=\"robots\" content=\"index, follow, max-snippet:-1, max-image-preview:large, max-video-preview:-1\" \/>\n<link rel=\"canonical\" href=\"https:\/\/www.meydan.tv\/az\/article\/erm%c9%99nistan-irana-abs-nin-regiondaki-movqeyi-il%c9%99-bagli-t%c9%99minat-verib\/\" \/>\n<meta property=\"og:locale\" content=\"az_AZ\" \/>\n<meta property=\"og:type\" content=\"article\" \/>\n<meta property=\"og:title\" content=\"Erm\u0259nistan \u0130rana AB\u015e-nin regiondak\u0131 m\u00f6vqeyi il\u0259 ba\u011fl\u0131 t\u0259minat verib - MEYDAN.TV\" \/>\n<meta property=\"og:description\" content=\"\u201cYerevan AB\u015e-nin v\u0259 ya dig\u0259r \u00fc\u00e7\u00fcnc\u00fc t\u0259r\u0259fl\u0259rin regionda m\u00f6vcudlu\u011fu m\u0259s\u0259l\u0259sind\u0259 ... Davam\u0131\" \/>\n<meta property=\"og:url\" content=\"https:\/\/www.meydan.tv\/az\/article\/erm%c9%99nistan-irana-abs-nin-regiondaki-movqeyi-il%c9%99-bagli-t%c9%99minat-verib\/\" \/>\n<meta property=\"og:site_name\" content=\"MEYDAN.TV\" \/>\n<meta property=\"article:published_time\" content=\"2025-08-15T11:18:40+00:00\" \/>\n<meta property=\"article:modified_time\" content=\"2025-08-15T11:18:44+00:00\" \/>\n<meta property=\"og:image\" content=\"https:\/\/www.meydan.tv\/wp-content\/uploads\/shutterstock_2364253631.jpg\" \/>\n\t<meta property=\"og:image:width\" content=\"1200\" \/>\n\t<meta property=\"og:image:height\" content=\"800\" \/>\n\t<meta property=\"og:image:type\" content=\"image\/jpeg\" \/>\n<meta name=\"author\" content=\"mahmud\" \/>\n<meta name=\"twitter:card\" content=\"summary_large_image\" \/>\n<script type=\"application\/ld+json\" class=\"yoast-schema-graph\">{\"@context\":\"https:\\\/\\\/schema.org\",\"@graph\":[{\"@type\":\"Article\",\"@id\":\"https:\\\/\\\/www.meydan.tv\\\/az\\\/article\\\/erm%c9%99nistan-irana-abs-nin-regiondaki-movqeyi-il%c9%99-bagli-t%c9%99minat-verib\\\/#article\",\"isPartOf\":{\"@id\":\"https:\\\/\\\/www.meydan.tv\\\/az\\\/article\\\/erm%c9%99nistan-irana-abs-nin-regiondaki-movqeyi-il%c9%99-bagli-t%c9%99minat-verib\\\/\"},\"author\":{\"name\":\"mahmud\",\"@id\":\"https:\\\/\\\/www.meydan.tv\\\/az\\\/#\\\/schema\\\/person\\\/09863e516102a829e72bedcf3f84c6b0\"},\"headline\":\"Erm\u0259nistan \u0130rana AB\u015e-nin regiondak\u0131 m\u00f6vqeyi il\u0259 ba\u011fl\u0131 t\u0259minat verib\",\"datePublished\":\"2025-08-15T11:18:40+00:00\",\"dateModified\":\"2025-08-15T11:18:44+00:00\",\"mainEntityOfPage\":{\"@id\":\"https:\\\/\\\/www.meydan.tv\\\/az\\\/article\\\/erm%c9%99nistan-irana-abs-nin-regiondaki-movqeyi-il%c9%99-bagli-t%c9%99minat-verib\\\/\"},\"wordCount\":391,\"publisher\":{\"@id\":\"https:\\\/\\\/www.meydan.tv\\\/az\\\/#organization\"},\"image\":{\"@id\":\"https:\\\/\\\/www.meydan.tv\\\/az\\\/article\\\/erm%c9%99nistan-irana-abs-nin-regiondaki-movqeyi-il%c9%99-bagli-t%c9%99minat-verib\\\/#primaryimage\"},\"thumbnailUrl\":\"https:\\\/\\\/www.meydan.tv\\\/wp-content\\\/uploads\\\/shutterstock_2364253631-e1761135317505.jpg\",\"articleSection\":[\"D\u00fcnya\",\"Sosial\",\"X\u0259b\u0259rl\u0259r\"],\"inLanguage\":\"az\"},{\"@type\":\"WebPage\",\"@id\":\"https:\\\/\\\/www.meydan.tv\\\/az\\\/article\\\/erm%c9%99nistan-irana-abs-nin-regiondaki-movqeyi-il%c9%99-bagli-t%c9%99minat-verib\\\/\",\"url\":\"https:\\\/\\\/www.meydan.tv\\\/az\\\/article\\\/erm%c9%99nistan-irana-abs-nin-regiondaki-movqeyi-il%c9%99-bagli-t%c9%99minat-verib\\\/\",\"name\":\"Erm\u0259nistan \u0130rana AB\u015e-nin regiondak\u0131 m\u00f6vqeyi il\u0259 ba\u011fl\u0131 t\u0259minat verib - MEYDAN.TV\",\"isPartOf\":{\"@id\":\"https:\\\/\\\/www.meydan.tv\\\/az\\\/#website\"},\"primaryImageOfPage\":{\"@id\":\"https:\\\/\\\/www.meydan.tv\\\/az\\\/article\\\/erm%c9%99nistan-irana-abs-nin-regiondaki-movqeyi-il%c9%99-bagli-t%c9%99minat-verib\\\/#primaryimage\"},\"image\":{\"@id\":\"https:\\\/\\\/www.meydan.tv\\\/az\\\/article\\\/erm%c9%99nistan-irana-abs-nin-regiondaki-movqeyi-il%c9%99-bagli-t%c9%99minat-verib\\\/#primaryimage\"},\"thumbnailUrl\":\"https:\\\/\\\/www.meydan.tv\\\/wp-content\\\/uploads\\\/shutterstock_2364253631-e1761135317505.jpg\",\"datePublished\":\"2025-08-15T11:18:40+00:00\",\"dateModified\":\"2025-08-15T11:18:44+00:00\",\"breadcrumb\":{\"@id\":\"https:\\\/\\\/www.meydan.tv\\\/az\\\/article\\\/erm%c9%99nistan-irana-abs-nin-regiondaki-movqeyi-il%c9%99-bagli-t%c9%99minat-verib\\\/#breadcrumb\"},\"inLanguage\":\"az\",\"potentialAction\":[{\"@type\":\"ReadAction\",\"target\":[\"https:\\\/\\\/www.meydan.tv\\\/az\\\/article\\\/erm%c9%99nistan-irana-abs-nin-regiondaki-movqeyi-il%c9%99-bagli-t%c9%99minat-verib\\\/\"]}]},{\"@type\":\"ImageObject\",\"inLanguage\":\"az\",\"@id\":\"https:\\\/\\\/www.meydan.tv\\\/az\\\/article\\\/erm%c9%99nistan-irana-abs-nin-regiondaki-movqeyi-il%c9%99-bagli-t%c9%99minat-verib\\\/#primaryimage\",\"url\":\"https:\\\/\\\/www.meydan.tv\\\/wp-content\\\/uploads\\\/shutterstock_2364253631-e1761135317505.jpg\",\"contentUrl\":\"https:\\\/\\\/www.meydan.tv\\\/wp-content\\\/uploads\\\/shutterstock_2364253631-e1761135317505.jpg\",\"width\":900,\"height\":559,\"caption\":\"Erm\u0259nistan-Az\u0259rbaycan. Foto: Michele Ursi\\\/shutterstock\"},{\"@type\":\"BreadcrumbList\",\"@id\":\"https:\\\/\\\/www.meydan.tv\\\/az\\\/article\\\/erm%c9%99nistan-irana-abs-nin-regiondaki-movqeyi-il%c9%99-bagli-t%c9%99minat-verib\\\/#breadcrumb\",\"itemListElement\":[{\"@type\":\"ListItem\",\"position\":1,\"name\":\"Ana s\u0259hif\u0259\",\"item\":\"https:\\\/\\\/www.meydan.tv\\\/az\\\/\"},{\"@type\":\"ListItem\",\"position\":2,\"name\":\"D\u00fcnya\",\"item\":\"https:\\\/\\\/www.meydan.tv\\\/az\\\/section\\\/dunya\\\/\"},{\"@type\":\"ListItem\",\"position\":3,\"name\":\"Erm\u0259nistan \u0130rana AB\u015e-nin regiondak\u0131 m\u00f6vqeyi il\u0259 ba\u011fl\u0131 t\u0259minat verib\"}]},{\"@type\":\"WebSite\",\"@id\":\"https:\\\/\\\/www.meydan.tv\\\/az\\\/#website\",\"url\":\"https:\\\/\\\/www.meydan.tv\\\/az\\\/\",\"name\":\"MEYDAN.TV\",\"description\":\"Meydan TV Az\u0259rbaycan\u0131n media m\u0259kan\u0131ndak\u0131 alternativ s\u0259sidir\",\"publisher\":{\"@id\":\"https:\\\/\\\/www.meydan.tv\\\/az\\\/#organization\"},\"potentialAction\":[{\"@type\":\"SearchAction\",\"target\":{\"@type\":\"EntryPoint\",\"urlTemplate\":\"https:\\\/\\\/www.meydan.tv\\\/az\\\/?s={search_term_string}\"},\"query-input\":{\"@type\":\"PropertyValueSpecification\",\"valueRequired\":true,\"valueName\":\"search_term_string\"}}],\"inLanguage\":\"az\"},{\"@type\":\"Organization\",\"@id\":\"https:\\\/\\\/www.meydan.tv\\\/az\\\/#organization\",\"name\":\"Meydan TV\",\"url\":\"https:\\\/\\\/www.meydan.tv\\\/az\\\/\",\"logo\":{\"@type\":\"ImageObject\",\"inLanguage\":\"az\",\"@id\":\"https:\\\/\\\/www.meydan.tv\\\/az\\\/#\\\/schema\\\/logo\\\/image\\\/\",\"url\":\"https:\\\/\\\/www.meydan.tv\\\/wp-content\\\/uploads\\\/2021\\\/07\\\/meydan-logo.svg\",\"contentUrl\":\"https:\\\/\\\/www.meydan.tv\\\/wp-content\\\/uploads\\\/2021\\\/07\\\/meydan-logo.svg\",\"width\":195,\"height\":46,\"caption\":\"Meydan TV\"},\"image\":{\"@id\":\"https:\\\/\\\/www.meydan.tv\\\/az\\\/#\\\/schema\\\/logo\\\/image\\\/\"}},{\"@type\":\"Person\",\"@id\":\"https:\\\/\\\/www.meydan.tv\\\/az\\\/#\\\/schema\\\/person\\\/09863e516102a829e72bedcf3f84c6b0\",\"name\":\"mahmud\"}]}<\/script>\n<!-- \/ Yoast SEO plugin. -->","yoast_head_json":{"title":"Erm\u0259nistan \u0130rana AB\u015e-nin regiondak\u0131 m\u00f6vqeyi il\u0259 ba\u011fl\u0131 t\u0259minat verib - MEYDAN.TV","robots":{"index":"index","follow":"follow","max-snippet":"max-snippet:-1","max-image-preview":"max-image-preview:large","max-video-preview":"max-video-preview:-1"},"canonical":"https:\/\/www.meydan.tv\/az\/article\/erm%c9%99nistan-irana-abs-nin-regiondaki-movqeyi-il%c9%99-bagli-t%c9%99minat-verib\/","og_locale":"az_AZ","og_type":"article","og_title":"Erm\u0259nistan \u0130rana AB\u015e-nin regiondak\u0131 m\u00f6vqeyi il\u0259 ba\u011fl\u0131 t\u0259minat verib - MEYDAN.TV","og_description":"\u201cYerevan AB\u015e-nin v\u0259 ya dig\u0259r \u00fc\u00e7\u00fcnc\u00fc t\u0259r\u0259fl\u0259rin regionda m\u00f6vcudlu\u011fu m\u0259s\u0259l\u0259sind\u0259 ... Davam\u0131","og_url":"https:\/\/www.meydan.tv\/az\/article\/erm%c9%99nistan-irana-abs-nin-regiondaki-movqeyi-il%c9%99-bagli-t%c9%99minat-verib\/","og_site_name":"MEYDAN.TV","article_published_time":"2025-08-15T11:18:40+00:00","article_modified_time":"2025-08-15T11:18:44+00:00","og_image":[{"width":1200,"height":800,"url":"https:\/\/www.meydan.tv\/wp-content\/uploads\/shutterstock_2364253631.jpg","type":"image\/jpeg"}],"author":"mahmud","twitter_card":"summary_large_image","schema":{"@context":"https:\/\/schema.org","@graph":[{"@type":"Article","@id":"https:\/\/www.meydan.tv\/az\/article\/erm%c9%99nistan-irana-abs-nin-regiondaki-movqeyi-il%c9%99-bagli-t%c9%99minat-verib\/#article","isPartOf":{"@id":"https:\/\/www.meydan.tv\/az\/article\/erm%c9%99nistan-irana-abs-nin-regiondaki-movqeyi-il%c9%99-bagli-t%c9%99minat-verib\/"},"author":{"name":"mahmud","@id":"https:\/\/www.meydan.tv\/az\/#\/schema\/person\/09863e516102a829e72bedcf3f84c6b0"},"headline":"Erm\u0259nistan \u0130rana AB\u015e-nin regiondak\u0131 m\u00f6vqeyi il\u0259 ba\u011fl\u0131 t\u0259minat verib","datePublished":"2025-08-15T11:18:40+00:00","dateModified":"2025-08-15T11:18:44+00:00","mainEntityOfPage":{"@id":"https:\/\/www.meydan.tv\/az\/article\/erm%c9%99nistan-irana-abs-nin-regiondaki-movqeyi-il%c9%99-bagli-t%c9%99minat-verib\/"},"wordCount":391,"publisher":{"@id":"https:\/\/www.meydan.tv\/az\/#organization"},"image":{"@id":"https:\/\/www.meydan.tv\/az\/article\/erm%c9%99nistan-irana-abs-nin-regiondaki-movqeyi-il%c9%99-bagli-t%c9%99minat-verib\/#primaryimage"},"thumbnailUrl":"https:\/\/www.meydan.tv\/wp-content\/uploads\/shutterstock_2364253631-e1761135317505.jpg","articleSection":["D\u00fcnya","Sosial","X\u0259b\u0259rl\u0259r"],"inLanguage":"az"},{"@type":"WebPage","@id":"https:\/\/www.meydan.tv\/az\/article\/erm%c9%99nistan-irana-abs-nin-regiondaki-movqeyi-il%c9%99-bagli-t%c9%99minat-verib\/","url":"https:\/\/www.meydan.tv\/az\/article\/erm%c9%99nistan-irana-abs-nin-regiondaki-movqeyi-il%c9%99-bagli-t%c9%99minat-verib\/","name":"Erm\u0259nistan \u0130rana AB\u015e-nin regiondak\u0131 m\u00f6vqeyi il\u0259 ba\u011fl\u0131 t\u0259minat verib - MEYDAN.TV","isPartOf":{"@id":"https:\/\/www.meydan.tv\/az\/#website"},"primaryImageOfPage":{"@id":"https:\/\/www.meydan.tv\/az\/article\/erm%c9%99nistan-irana-abs-nin-regiondaki-movqeyi-il%c9%99-bagli-t%c9%99minat-verib\/#primaryimage"},"image":{"@id":"https:\/\/www.meydan.tv\/az\/article\/erm%c9%99nistan-irana-abs-nin-regiondaki-movqeyi-il%c9%99-bagli-t%c9%99minat-verib\/#primaryimage"},"thumbnailUrl":"https:\/\/www.meydan.tv\/wp-content\/uploads\/shutterstock_2364253631-e1761135317505.jpg","datePublished":"2025-08-15T11:18:40+00:00","dateModified":"2025-08-15T11:18:44+00:00","breadcrumb":{"@id":"https:\/\/www.meydan.tv\/az\/article\/erm%c9%99nistan-irana-abs-nin-regiondaki-movqeyi-il%c9%99-bagli-t%c9%99minat-verib\/#breadcrumb"},"inLanguage":"az","potentialAction":[{"@type":"ReadAction","target":["https:\/\/www.meydan.tv\/az\/article\/erm%c9%99nistan-irana-abs-nin-regiondaki-movqeyi-il%c9%99-bagli-t%c9%99minat-verib\/"]}]},{"@type":"ImageObject","inLanguage":"az","@id":"https:\/\/www.meydan.tv\/az\/article\/erm%c9%99nistan-irana-abs-nin-regiondaki-movqeyi-il%c9%99-bagli-t%c9%99minat-verib\/#primaryimage","url":"https:\/\/www.meydan.tv\/wp-content\/uploads\/shutterstock_2364253631-e1761135317505.jpg","contentUrl":"https:\/\/www.meydan.tv\/wp-content\/uploads\/shutterstock_2364253631-e1761135317505.jpg","width":900,"height":559,"caption":"Erm\u0259nistan-Az\u0259rbaycan. Foto: Michele Ursi\/shutterstock"},{"@type":"BreadcrumbList","@id":"https:\/\/www.meydan.tv\/az\/article\/erm%c9%99nistan-irana-abs-nin-regiondaki-movqeyi-il%c9%99-bagli-t%c9%99minat-verib\/#breadcrumb","itemListElement":[{"@type":"ListItem","position":1,"name":"Ana s\u0259hif\u0259","item":"https:\/\/www.meydan.tv\/az\/"},{"@type":"ListItem","position":2,"name":"D\u00fcnya","item":"https:\/\/www.meydan.tv\/az\/section\/dunya\/"},{"@type":"ListItem","position":3,"name":"Erm\u0259nistan \u0130rana AB\u015e-nin regiondak\u0131 m\u00f6vqeyi il\u0259 ba\u011fl\u0131 t\u0259minat verib"}]},{"@type":"WebSite","@id":"https:\/\/www.meydan.tv\/az\/#website","url":"https:\/\/www.meydan.tv\/az\/","name":"MEYDAN.TV","description":"Meydan TV Az\u0259rbaycan\u0131n media m\u0259kan\u0131ndak\u0131 alternativ s\u0259sidir","publisher":{"@id":"https:\/\/www.meydan.tv\/az\/#organization"},"potentialAction":[{"@type":"SearchAction","target":{"@type":"EntryPoint","urlTemplate":"https:\/\/www.meydan.tv\/az\/?s={search_term_string}"},"query-input":{"@type":"PropertyValueSpecification","valueRequired":true,"valueName":"search_term_string"}}],"inLanguage":"az"},{"@type":"Organization","@id":"https:\/\/www.meydan.tv\/az\/#organization","name":"Meydan TV","url":"https:\/\/www.meydan.tv\/az\/","logo":{"@type":"ImageObject","inLanguage":"az","@id":"https:\/\/www.meydan.tv\/az\/#\/schema\/logo\/image\/","url":"https:\/\/www.meydan.tv\/wp-content\/uploads\/2021\/07\/meydan-logo.svg","contentUrl":"https:\/\/www.meydan.tv\/wp-content\/uploads\/2021\/07\/meydan-logo.svg","width":195,"height":46,"caption":"Meydan TV"},"image":{"@id":"https:\/\/www.meydan.tv\/az\/#\/schema\/logo\/image\/"}},{"@type":"Person","@id":"https:\/\/www.meydan.tv\/az\/#\/schema\/person\/09863e516102a829e72bedcf3f84c6b0","name":"mahmud"}]}},"_links":{"self":[{"href":"https:\/\/www.meydan.tv\/az\/wp-json\/wp\/v2\/posts\/334219","targetHints":{"allow":["GET"]}}],"collection":[{"href":"https:\/\/www.meydan.tv\/az\/wp-json\/wp\/v2\/posts"}],"about":[{"href":"https:\/\/www.meydan.tv\/az\/wp-json\/wp\/v2\/types\/post"}],"author":[{"embeddable":true,"href":"https:\/\/www.meydan.tv\/az\/wp-json\/wp\/v2\/users\/21"}],"replies":[{"embeddable":true,"href":"https:\/\/www.meydan.tv\/az\/wp-json\/wp\/v2\/comments?post=334219"}],"version-history":[{"count":1,"href":"https:\/\/www.meydan.tv\/az\/wp-json\/wp\/v2\/posts\/334219\/revisions"}],"predecessor-version":[{"id":334220,"href":"https:\/\/www.meydan.tv\/az\/wp-json\/wp\/v2\/posts\/334219\/revisions\/334220"}],"wp:featuredmedia":[{"embeddable":true,"href":"https:\/\/www.meydan.tv\/az\/wp-json\/wp\/v2\/media\/289644"}],"wp:attachment":[{"href":"https:\/\/www.meydan.tv\/az\/wp-json\/wp\/v2\/media?parent=334219"}],"wp:term":[{"taxonomy":"category","embeddable":true,"href":"https:\/\/www.meydan.tv\/az\/wp-json\/wp\/v2\/categories?post=334219"},{"taxonomy":"post_tag","embeddable":true,"href":"https:\/\/www.meydan.tv\/az\/wp-json\/wp\/v2\/tags?post=334219"}],"curies":[{"name":"wp","href":"https:\/\/api.w.org\/{rel}","templated":true}]}}