{"id":334171,"date":"2025-08-13T14:08:06","date_gmt":"2025-08-13T10:08:06","guid":{"rendered":"https:\/\/www.meydan.tv\/?p=334171"},"modified":"2025-08-13T14:30:27","modified_gmt":"2025-08-13T10:30:27","slug":"istilik-tarifl%c9%99r-k%c9%99skin-bahalasdi-soyuq-qisda-%c9%99hali-nec%c9%99-qizinicaq","status":"publish","type":"post","link":"https:\/\/www.meydan.tv\/az\/article\/istilik-tarifl%c9%99r-k%c9%99skin-bahalasdi-soyuq-qisda-%c9%99hali-nec%c9%99-qizinicaq\/","title":{"rendered":"\u0130stilik tarifl\u0259ri k\u0259skin bahala\u015fdi: Soyuq q\u0131\u015fda \u0259hali nec\u0259 q\u0131z\u0131nacaq?"},"content":{"rendered":"\n<p><\/p>\n\n\n\n<p>Cari ild\u0259 Tarif \u015euras\u0131 \u201cAz\u0259ristilikt\u0259chizat\u201d ASC-nin istilik xidm\u0259tl\u0259rind\u0259 qiym\u0259t art\u0131m\u0131 il\u0259 ba\u011fl\u0131 iki d\u0259f\u0259 q\u0259rar q\u0259bul etm\u0259li oldu. \u0130stilik tarifl\u0259rinin art\u0131m\u0131 il\u0259 ba\u011fl\u0131 q\u0259rarlardan biri yanvardan t\u0259tbiq olundu. H\u0259min q\u0259rara g\u00f6r\u0259, ilin \u0259vv\u0259lind\u0259 ASC t\u0259r\u0259find\u0259n \u0259hali istehlak\u00e7\u0131 qrupuna g\u00f6st\u0259ril\u0259n istilik xidm\u0259tinin tarifi \u018fDV daxil olmaqla say\u011facl\u0131 istifad\u0259\u00e7il\u0259r \u00fc\u00e7\u00fcn 1 Qkal \u00fczr\u0259 8 manatdan 14,60 manata, say\u011fac olmayan m\u0259nzill\u0259rd\u0259 is\u0259 ayl\u0131q 1 m2 \u00fc\u00e7\u00fcn 15 q\u0259pikd\u0259n 30 q\u0259piy\u0259 qald\u0131r\u0131l\u0131b.<\/p>\n\n\n\n<p>\u015euran\u0131n ikinci q\u0259rar\u0131 is\u0259 iyulun 30-da q\u0259bul edilib. H\u0259min q\u0259rara \u0259sas\u0259n, istilik xidm\u0259tinin tarifi say\u011fac\u0131 olan istehlak\u00e7\u0131lar \u00fc\u00e7\u00fcn 1 Qkal \u00fczr\u0259 daha 44 faiz artaraq 21 manata, say\u011fac olmayan m\u0259nzill\u0259rd\u0259 is\u0259 ayl\u0131q 1 m2 \u00fczr\u0259 50 faiz artaraq 45 q\u0259piy\u0259 y\u00fcks\u0259lib. \u0130kinci q\u0259rar da\u011f rayonlar\u0131nda noyabr\u0131n 1-d\u0259n, dig\u0259r \u0259razil\u0259rd\u0259 is\u0259 noyabr\u0131n 15-d\u0259n t\u0259tbiq edil\u0259c\u0259k.<\/p>\n\n\n\n<p><strong>Bel\u0259likl\u0259, cari ild\u0259 \u0259hali qrupuna g\u00f6st\u0259ril\u0259n istilik xidm\u0259tinin tarifl\u0259ri say\u011facs\u0131z istifad\u0259\u00e7il\u0259r \u00fc\u00e7\u00fcn 3 d\u0259f\u0259, say\u011facl\u0131 istifad\u0259\u00e7il\u0259r \u00fc\u00e7\u00fcn is\u0259 2,5 d\u0259f\u0259 art\u0131b.<\/strong><\/p>\n\n\n\n<p>Bir il \u0259rzind\u0259 istilik xidm\u0259tl\u0259rinin bel\u0259 y\u00fcks\u0259k bahala\u015fmas\u0131 sosial mediada geni\u015f m\u00fczakir\u0259l\u0259r\u0259 s\u0259b\u0259b olub. M\u00fczakir\u0259l\u0259r \u0259sas\u0259n \u0259halinin g\u0259lirl\u0259rinin art\u0131m tempinin kommunal x\u0259rcl\u0259rin y\u00fcks\u0259lm\u0259si il\u0259 adekvat olmamas\u0131 \u0259traf\u0131nda apar\u0131l\u0131r. H\u0259tta b\u0259zi sosial media istifad\u0259\u00e7il\u0259ri m\u0259rk\u0259zl\u0259\u015fdirilmi\u015f istilik sistemi il\u0259 f\u0259rdi kombi x\u0259rcl\u0259rinin 1 m2 \u00fc\u00e7\u00fcn getdikc\u0259 yax\u0131nla\u015fmas\u0131 fikirl\u0259rini ir\u0259li s\u00fcr\u00fcrl\u0259r.<\/p>\n\n\n\n<p>Lakin bahala\u015fma m\u00fcqabilind\u0259 m\u0259rk\u0259zl\u0259\u015fdirilmi\u015f istilik sistemind\u0259 xidm\u0259tin keyfiyy\u0259tinin yax\u015f\u0131la\u015fmamas\u0131 da naraz\u0131l\u0131qlar s\u0131ras\u0131ndad\u0131r. Ekspertl\u0259r bildirir ki, istilik sistemi \u0259sas\u0259n sovet d\u00f6vr\u00fcnd\u0259 tikilmi\u015f binalarda oldu\u011fu \u00fc\u00e7\u00fcn infrastruktur yenil\u0259nm\u0259yib. Bu s\u0259b\u0259bd\u0259n istilik itkil\u0259ri \u00e7ox olur v\u0259 xidm\u0259tin keyfiyy\u0259ti a\u015fa\u011f\u0131 d\u00fc\u015f\u00fcr.<\/p>\n\n\n\n<p>R\u0259smi qurumlar qiym\u0259t art\u0131m\u0131n\u0131 ASC \u00fczr\u0259 1 m2 sah\u0259y\u0259 istilik t\u0259chizat\u0131 xidm\u0259tinin maya d\u0259y\u0259rinin 1,10 manata ba\u015fa g\u0259lm\u0259si il\u0259 izah edirl\u0259r. Aradak\u0131 qiym\u0259t f\u0259rqi d\u00f6vl\u0259t b\u00fcdc\u0259sind\u0259n ayr\u0131lan subsidiyalar hesab\u0131na qar\u015f\u0131lan\u0131r. R\u0259smi a\u00e7\u0131qlamalara g\u00f6r\u0259, bu sah\u0259d\u0259 yum\u015faq tarif siyas\u0259ti h\u0259yata ke\u00e7irilm\u0259kl\u0259 optimal tarif m\u00fc\u0259yy\u0259n edilib. Tarif t\u0259nziml\u0259m\u0259sinin d\u00f6vl\u0259t b\u00fcdc\u0259sind\u0259n as\u0131l\u0131l\u0131\u011f\u0131 azaltmas\u0131, istilik t\u0259chizat\u0131n\u0131n \u0259hat\u0259 dair\u0259sini geni\u015fl\u0259ndirm\u0259si v\u0259 xidm\u0259tin keyfiyy\u0259tini y\u00fcks\u0259ltm\u0259si h\u0259d\u0259fl\u0259nir.<\/p>\n\n\n\n<p>Lakin ekspertl\u0259r hesab edirl\u0259r ki, xidm\u0259t haqlar\u0131n\u0131n art\u0131r\u0131lmas\u0131 keyfiyy\u0259t\u0259 ciddi t\u0259sir g\u00f6st\u0259rm\u0259y\u0259c\u0259k. Onlar\u0131n fikrinc\u0259, \u201cAz\u0259ristilikt\u0259chizat\u201d \u00f6d\u0259ni\u015fl\u0259rin toplanmas\u0131nda ciddi probleml\u0259r ya\u015fay\u0131r, istilik itkil\u0259ri y\u00fcks\u0259kdir v\u0259 n\u0259tic\u0259d\u0259 ASC b\u00f6y\u00fck z\u0259r\u0259rl\u0259 f\u0259aliyy\u0259t g\u00f6st\u0259rir.<\/p>\n\n\n\n<p>S\u0259hmdar C\u0259miyy\u0259tin 2023-c\u00fc il maliyy\u0259 hesabat\u0131na g\u00f6r\u0259, 2022-ci ill\u0259 m\u00fcqayis\u0259d\u0259 y\u0131\u011f\u0131lm\u0131\u015f z\u0259r\u0259r 9 faiz artaraq 118,21 milyon manata \u00e7at\u0131b. Bu s\u0259b\u0259bd\u0259n ASC-nin \u201cAz\u0259riqaz\u201d \u0130B-y\u0259 qaz borcu il\u0259 ba\u011fl\u0131 vaxta\u015f\u0131r\u0131 probleml\u0259ri yaran\u0131r.<\/p>\n\n\n\n<p>\u00abAz\u0259ristilikt\u0259chizat\u201d 2005-ci ild\u0259 yarad\u0131lark\u0259n yaln\u0131z Bak\u0131 \u015f\u0259h\u0259rind\u0259 infrastrukturun qurulmas\u0131 \u00fc\u00e7\u00fcn 110 milyon manatdan \u00e7ox d\u00f6vl\u0259t investisiyas\u0131 ayr\u0131l\u0131b. Q\u0131sa m\u00fcdd\u0259td\u0259 Bak\u0131n\u0131n sovet d\u00f6vr\u00fcnd\u0259 in\u015fa olunan 1000-\u0259 yax\u0131n binas\u0131nda istilik sistemi b\u0259rpa olunub. Dig\u0259r iri \u015f\u0259h\u0259r v\u0259 rayonlarda is\u0259 \u0259sas\u0259n t\u0259hsil m\u00fc\u0259ssis\u0259l\u0259ri v\u0259 x\u0259st\u0259xanalara istilik verilib.<\/p>\n\n\n\n<p>2016-c\u0131 ild\u0259 \u201cAz\u0259rbaycan Respublikas\u0131nda kommunal xidm\u0259tl\u0259rin inki\u015faf\u0131na dair Strateji Yol X\u0259rit\u0259si\u201d t\u0259sdiq edilib. S\u0259n\u0259dd\u0259 innovativ infrastrukturun qurulmas\u0131 v\u0259 idar\u0259si \u00fc\u00e7\u00fcn konkret h\u0259d\u0259fl\u0259r m\u00fc\u0259yy\u0259n olunub. Bu h\u0259d\u0259fl\u0259r\u0259 \u0259sas\u0259n, 2025-ci il\u0259d\u0259k m\u00f6vcud rayon istilik qazanxanalar\u0131ndan t\u0259min edil\u0259n s\u0259m\u0259r\u0259siz m\u0259rk\u0259zl\u0259\u015fdirilmi\u015f istilik t\u0259chizat\u0131 sisteml\u0259ri t\u0259dric\u0259n l\u0259\u011fv edilm\u0259li, onlar\u0131n yerin\u0259 yeni texnologiyalara (b\u0259rpa olunan enerji texnologiyalar\u0131, istilik nasoslar\u0131 v\u0259 s.) \u0259saslanan m\u00fcasir tipli m\u0259h\u0259lli istilik sisteml\u0259ri t\u0259tbiq olunmal\u0131 idi.<\/p>\n\n\n\n<p>\u0130sitm\u0259 m\u0259qs\u0259dl\u0259ri \u00fc\u00e7\u00fcn alternativ v\u0259 b\u0259rpa olunan enerji n\u00f6vl\u0259rind\u0259n, \u0259sas\u0259n g\u00fcn\u0259\u015f, k\u00fcl\u0259k, geotermal v\u0259 biok\u00fctl\u0259 enerjisind\u0259n istifad\u0259nin potensial\u0131 qiym\u0259tl\u0259ndirilm\u0259li v\u0259 geni\u015f t\u0259tbiqi t\u0259min edilm\u0259li idi. Bundan \u0259lav\u0259, respublikan\u0131n inzibati \u0259razi b\u00f6lg\u00fcs\u00fc, iqlim v\u0259 relyefi n\u0259z\u0259r\u0259 al\u0131nmaqla istilik t\u0259l\u0259bat\u0131 qiym\u0259tl\u0259ndirilm\u0259liydi.<\/p>\n\n\n\n<p>H\u0259d\u0259f\u0259 g\u00f6r\u0259, istilik t\u0259chizat\u0131n\u0131n \u0259hat\u0259 dair\u0259si geni\u015fl\u0259ndirilm\u0259li, istilikl\u0259 t\u0259min olunan ya\u015fay\u0131\u015f binalar\u0131n\u0131n say\u0131 50,4 faiz artaraq 5689 binaya \u00e7atd\u0131r\u0131lmal\u0131 idi. Bu binalar \u00fcmumi istilikl\u0259 t\u0259min olunacaq binalar\u0131n 87 faizini t\u0259\u015fkil etm\u0259liydi.<\/p>\n\n\n\n<p>Bu prioritet \u00fczr\u0259 n\u0259z\u0259rd\u0259 tutulan layih\u0259l\u0259rin icras\u0131 \u00fc\u00e7\u00fcn 190 milyon manat h\u0259cmind\u0259 investisiya qoyulu\u015funun t\u0259l\u0259b olunaca\u011f\u0131 proqnozla\u015fd\u0131r\u0131l\u0131rd\u0131.<\/p>\n\n\n\n<h4 class=\"wp-block-heading\"><strong>Reall\u0131qda n\u0259l\u0259r ba\u015f verdi?<\/strong><\/h4>\n\n\n\n<p>\u201cAz\u0259ristilikt\u0259chizat\u201d ASC-nin 2025-ci il \u00fczr\u0259 m\u0259lumat\u0131na \u0259sas\u0259n, \u0259hali istehlak\u00e7\u0131lar\u0131 \u00fczr\u0259 3871 bina, qeyri-\u0259hali istehlak\u00e7\u0131lar\u0131 \u00fczr\u0259 is\u0259 3152 bina istilik al\u0131r. Bunun 3288-i paytaxt Bak\u0131n\u0131n pay\u0131na d\u00fc\u015f\u00fcr. Y\u0259ni S\u0259hmdar C\u0259miyy\u0259tin \u0259sas xidm\u0259ti v\u0259 g\u0259liri \u00f6t\u0259n 20 il \u0259rzind\u0259 \u0259sas\u0259n paytaxt \u00fcz\u0259rin\u0259 formala\u015f\u0131b. Dig\u0259r iri \u015f\u0259h\u0259r v\u0259 rayonlarda m\u0259rk\u0259zl\u0259\u015fdirilmi\u015f istilik sistemin\u0259 qo\u015fulan binalar\u0131n say\u0131 is\u0259 c\u0259mi 583-d\u00fcr.<\/p>\n\n\n\n<p>2016-c\u0131 ild\u0259 kommunal xidm\u0259tl\u0259rin inki\u015faf\u0131na dair Yol X\u0259rit\u0259si q\u0259bul edil\u0259rk\u0259n 3700 ya\u015fay\u0131\u015f binas\u0131na xidm\u0259t g\u00f6st\u0259rilirdi. H\u0259r\u00e7\u0259nd 2025-ci ild\u0259 istilikl\u0259 t\u0259min olunan binalar\u0131n say\u0131n\u0131n 87 faiz\u0259 \u00e7atd\u0131r\u0131lmas\u0131 n\u0259z\u0259rd\u0259 tutulmu\u015fdu, D\u00f6vl\u0259t Statistika Komit\u0259sinin m\u0259lumat\u0131na g\u00f6r\u0259, 2024-c\u00fc ild\u0259 ev t\u0259s\u0259rr\u00fcfatlar\u0131n\u0131n yaln\u0131z 13,8 faizi m\u0259rk\u0259zl\u0259\u015fdirilmi\u015f istilik sistemi il\u0259 t\u0259min olunub.<\/p>\n\n\n\n<p><strong>\u018fhalinin 49 faizi m\u0259nzill\u0259rini f\u0259rdi istilik (kombi) sistemi il\u0259, 40 faizi soba v\u0259 ya buxar\u0131 il\u0259, 19,1 faizi is\u0259 m\u0259i\u015f\u0259t kondisionerl\u0259ri v\u0259 ya s\u0259yyar elektrik cihazlar\u0131 il\u0259 isidirl\u0259r.<\/strong><\/p>\n\n\n\n<p>\u00d6t\u0259n m\u00fcdd\u0259t \u0259rzind\u0259 m\u0259rk\u0259zl\u0259\u015fdirilmi\u015f istilik sistemin\u0259 qo\u015fulan ev t\u0259s\u0259rr\u00fcfatlar\u0131n\u0131n say\u0131 c\u00fczi artsa da, \u00fcmumi t\u0259s\u0259rr\u00fcfatlarda pay\u0131 azal\u0131b. Bel\u0259 ki, 2022-ci ild\u0259 m\u0259rk\u0259zl\u0259\u015fdirilmi\u015f istilik sistemin\u0259 qo\u015fulan ev t\u0259s\u0259rr\u00fcfatlar\u0131n\u0131n pay\u0131 20,4 faiz, 2023-c\u00fc ild\u0259 is\u0259 14,5 faiz olub.<\/p>\n\n\n\n<p>Azalman\u0131n ba\u015fl\u0131ca s\u0259b\u0259bi yeni tikilil\u0259rin istilik sistemin\u0259 qo\u015fulmamas\u0131d\u0131r. Bu binalar istilik xidm\u0259tind\u0259n k\u0259narda qal\u0131r. Bel\u0259likl\u0259, Strateji Yol X\u0259rit\u0259sind\u0259 n\u0259z\u0259rd\u0259 tutulmu\u015f h\u0259d\u0259fl\u0259r \u00f6z\u00fcn\u00fc do\u011frultmay\u0131b. Bu istiqam\u0259td\u0259 n\u0259inki yeni texnoloji sistem\u0259 ke\u00e7id edilm\u0259yib, h\u0259tta isti su verili\u015finin keyfiyy\u0259tind\u0259 bel\u0259 d\u0259yi\u015fiklik olmay\u0131b. Bel\u0259 g\u00f6r\u00fcn\u00fcr, qar\u015f\u0131ya qoyulan h\u0259d\u0259f yaln\u0131z istilik haqlar\u0131n\u0131n art\u0131r\u0131lmas\u0131 olub.<\/p>\n\n\n\n<p>\u00d6t\u0259n d\u00f6vr \u0259rzind\u0259 bu istiqam\u0259td\u0259 itkil\u0259r d\u0259 kifay\u0259t q\u0259d\u0259r y\u00fcks\u0259lib. M\u0259s\u0259l\u0259n, 2017-ci ild\u0259 istilik enerjisi itkisi 210 min Qkal\/saatda olubsa, 2025-ci ild\u0259 bu itkil\u0259r 227,5 min Qkal\/saat t\u0259\u015fkil edib.&nbsp; Bel\u0259likl\u0259, D\u00f6vl\u0259t proqram\u0131n\u0131n icra olundu\u011fu bir d\u00f6vrd\u0259 istilik enerjisi \u00fczr\u0259 itkil\u0259r 8 faiz\u0259 y\u00fcks\u0259lib.<br><br>Eyni zamanda, qazanxanalar h\u0259l\u0259 d\u0259 qaz v\u0259 maye yanacaqla i\u015fl\u0259yir. B\u0259rpa olunan enerji m\u0259nb\u0259l\u0259rind\u0259n istifad\u0259 edil\u0259r\u0259k istilik sisteml\u0259rinin yarad\u0131lmas\u0131 il\u0259 ba\u011fl\u0131 planlar is\u0259 yerin\u0259 yetirilm\u0259yib.<\/p>\n\n\n\n<h4 class=\"wp-block-heading\"><strong>Z\u0259r\u0259r b\u00f6y\u00fcy\u00fcr, subsidiyalar art\u0131r, \u0259halinin x\u0259rcl\u0259ri is\u0259 \u00e7oxal\u0131r<\/strong><\/h4>\n\n\n\n<p>Yuxar\u0131da qeyd etdiyimiz kimi, \u201cAz\u0259ristilikt\u0259chizat\u201d z\u0259r\u0259rl\u0259 i\u015fl\u0259yir v\u0259 h\u0259r il bu z\u0259r\u0259r b\u00f6y\u00fcy\u00fcr. Bununla yana\u015f\u0131, d\u00f6vl\u0259t b\u00fcdc\u0259sind\u0259n ayr\u0131lan subsidiyalar\u0131n h\u0259cmi d\u0259 ild\u0259n-il\u0259 art\u0131r. \u018fg\u0259r 2021-ci il\u0259 q\u0259d\u0259r subsidiyalar 17-18 milyon manat t\u0259\u015fkil edirdis\u0259, n\u00f6vb\u0259ti ill\u0259rd\u0259 bir ne\u00e7\u0259 d\u0259f\u0259 art\u0131b. Bel\u0259 ki, 2022-ci ild\u0259 41 milyon manat, 2023-c\u00fc ild\u0259 is\u0259 ASC-y\u0259 36,5 milyon manat subsidiya ayr\u0131l\u0131b.<\/p>\n\n\n\n<p>Qurumun maliyy\u0259 hesabatlar\u0131ndan ayd\u0131n olur ki, sat\u0131\u015fdan \u0259ld\u0259 olunan v\u0259sait x\u0259rcl\u0259rin yaln\u0131z 26 faizini \u00f6d\u0259y\u0259 bilir. M\u0259s\u0259l\u0259n, 2023-c\u00fc il \u00fczr\u0259 hesabatda sat\u0131\u015flar\u0131n maya d\u0259y\u0259ri 56,7 milyon manat g\u00f6st\u0259rilib. \u0130stilik enerjisinin sat\u0131\u015f\u0131ndan \u0259ld\u0259 olunan g\u0259lir is\u0259 14,7 milyon manat olub. Bunun c\u0259mi 40-41 faizi \u0259hali qrupundan olan istehlak\u00e7\u0131lardan formala\u015f\u0131b.<\/p>\n\n\n\n<p>\u201cAz\u0259ristilikt\u0259chizat\u201d\u0131n qeyri-\u0259hali qrupundak\u0131 \u0259sas m\u00fc\u015ft\u0259ril\u0259ri x\u0259st\u0259xana, m\u0259kt\u0259b, d\u00f6vl\u0259t qurumlar\u0131n\u0131n binalar\u0131, u\u015faq ba\u011f\u00e7alar\u0131d\u0131r. Bu al\u0131c\u0131lar\u0131n istilik haqq\u0131 is\u0259 d\u00f6vl\u0259t b\u00fcdc\u0259si hesab\u0131na \u00f6d\u0259nilir. Bel\u0259likl\u0259, y\u0131\u011f\u0131lan xidm\u0259t haqlar\u0131n\u0131n dolay\u0131 olaraq 50 faizd\u0259n \u00e7oxu yen\u0259 d\u0259 d\u00f6vl\u0259t b\u00fcdc\u0259si hesab\u0131na \u00f6d\u0259nilir.<\/p>\n\n\n\n<p>ASC infrastrukturun yenil\u0259nm\u0259si \u00fc\u00e7\u00fcn d\u00f6vl\u0259t b\u00fcdc\u0259sind\u0259n b\u00f6y\u00fck investisiyalar al\u0131r. Maraql\u0131d\u0131r ki, maliyy\u0259 s\u0259n\u0259dl\u0259rin\u0259 \u0259sas\u0259n, 2023-c\u00fc ild\u0259 d\u00f6vl\u0259t h\u0259m 36,5 milyon manat subsidiya, h\u0259m d\u0259 2,6 milyon manat kapital qoyulu\u015fu edib, amma \u015firk\u0259t yen\u0259 d\u0259 9,79 milyon manat xalis z\u0259r\u0259rl\u0259 ili ba\u011flay\u0131b.<\/p>\n\n\n\n<p>Bel\u0259likl\u0259, qeyri-pe\u015f\u0259kar idar\u0259etm\u0259 n\u0259tic\u0259sind\u0259, d\u00f6vl\u0259t b\u00fcdc\u0259sind\u0259n as\u0131l\u0131 olan s\u0259hmdar c\u0259miyy\u0259t v\u0259ziyy\u0259td\u0259n \u00e7\u0131x\u0131\u015f yolu kimi qiym\u0259tl\u0259rin k\u0259skin art\u0131m\u0131 il\u0259 z\u0259r\u0259rini kompensasiya etm\u0259y\u0259 \u00e7al\u0131\u015f\u0131r. Lakin infrastrukturun yenil\u0259nm\u0259si v\u0259 itkil\u0259rin qar\u015f\u0131s\u0131n\u0131n al\u0131nmas\u0131 istiqam\u0259tind\u0259 \u0259h\u0259miyy\u0259tli add\u0131mlar g\u00f6r\u00fcnm\u00fcr. \u018fg\u0259r qar\u015f\u0131ya qoyulan \u0259vv\u0259lki h\u0259d\u0259fl\u0259rin nec\u0259 icra olunmas\u0131ndan \u00e7\u0131x\u0131\u015f ets\u0259k, bahala\u015fman\u0131n d\u00f6vl\u0259t b\u00fcdc\u0259sind\u0259n as\u0131l\u0131l\u0131\u011f\u0131 azaldaca\u011f\u0131 v\u0259 xidm\u0259tin keyfiyy\u0259tini art\u0131raca\u011f\u0131na dair iddialar da inand\u0131r\u0131c\u0131 g\u00f6r\u00fcnm\u00fcr. Bunun \u00fc\u00e7\u00fcn \u00f6nc\u0259 itkil\u0259rin qar\u015f\u0131s\u0131n\u0131n al\u0131nmas\u0131 \u00fc\u00e7\u00fcn \u0259h\u0259miyy\u0259tli add\u0131mlar at\u0131lmal\u0131d\u0131r.<\/p>\n\n\n\n<p>N\u0259tic\u0259 etibari il\u0259 v\u0259t\u0259nda\u015flar f\u0259rdi q\u0131zd\u0131r\u0131c\u0131 vasit\u0259l\u0259rd\u0259n istifad\u0259 etm\u0259y\u0259 \u00fcst\u00fcnl\u00fck ver\u0259c\u0259k. Bu is\u0259 soyuq aylarda t\u0259bii qaz limiti problemi il\u0259 \u00fczl\u0259\u015f\u0259n v\u0259t\u0259nda\u015flar\u0131n kommunal x\u0259rcl\u0259rinin qeyri-\u015f\u0259ffaf idar\u0259etm\u0259 n\u0259tic\u0259sind\u0259 artmas\u0131na s\u0259b\u0259b olacaq.<\/p>\n","protected":false},"excerpt":{"rendered":"<p>Cari ild\u0259 Tarif \u015euras\u0131 \u201cAz\u0259ristilikt\u0259chizat\u201d ASC-nin istilik xidm\u0259tl\u0259rind\u0259 qiym\u0259t art\u0131m\u0131 &#8230; <\/p>\n<p class=\"read-more-container\"><a title=\"\u0130stilik tarifl\u0259ri k\u0259skin bahala\u015fdi: Soyuq q\u0131\u015fda \u0259hali nec\u0259 q\u0131z\u0131nacaq?\" class=\"read-more button\" href=\"https:\/\/www.meydan.tv\/az\/article\/istilik-tarifl%c9%99r-k%c9%99skin-bahalasdi-soyuq-qisda-%c9%99hali-nec%c9%99-qizinicaq\/#more-334171\" aria-label=\"Read more about \u0130stilik tarifl\u0259ri k\u0259skin bahala\u015fdi: Soyuq q\u0131\u015fda \u0259hali nec\u0259 q\u0131z\u0131nacaq?\">Davam\u0131<\/a><\/p>\n","protected":false},"author":16,"featured_media":334178,"comment_status":"closed","ping_status":"closed","sticky":false,"template":"","format":"standard","meta":{"_acf_changed":false,"_sitemap_exclude":false,"_sitemap_priority":"","_sitemap_frequency":"","footnotes":""},"categories":[62,79,56],"tags":[],"class_list":["post-334171","post","type-post","status-publish","format-standard","has-post-thumbnail","hentry","category-sosial","category-featured","category-xeberler","infinite-scroll-item","generate-columns","tablet-grid-50","mobile-grid-100","grid-parent","grid-33","no-featured-image-padding"],"acf":[],"yoast_head":"<!-- This site is optimized with the Yoast SEO plugin v27.4 - https:\/\/yoast.com\/product\/yoast-seo-wordpress\/ -->\n<title>\u0130stilik tarifl\u0259ri k\u0259skin bahala\u015fdi: Soyuq q\u0131\u015fda \u0259hali nec\u0259 q\u0131z\u0131nacaq? - MEYDAN.TV<\/title>\n<meta name=\"robots\" content=\"index, follow, max-snippet:-1, max-image-preview:large, max-video-preview:-1\" \/>\n<link rel=\"canonical\" href=\"https:\/\/www.meydan.tv\/az\/article\/istilik-tarifl%c9%99r-k%c9%99skin-bahalasdi-soyuq-qisda-%c9%99hali-nec%c9%99-qizinicaq\/\" \/>\n<meta property=\"og:locale\" content=\"az_AZ\" \/>\n<meta property=\"og:type\" content=\"article\" \/>\n<meta property=\"og:title\" content=\"\u0130stilik tarifl\u0259ri k\u0259skin bahala\u015fdi: Soyuq q\u0131\u015fda \u0259hali nec\u0259 q\u0131z\u0131nacaq? - MEYDAN.TV\" \/>\n<meta property=\"og:description\" content=\"Cari ild\u0259 Tarif \u015euras\u0131 \u201cAz\u0259ristilikt\u0259chizat\u201d ASC-nin istilik xidm\u0259tl\u0259rind\u0259 qiym\u0259t art\u0131m\u0131 ... Davam\u0131\" \/>\n<meta property=\"og:url\" content=\"https:\/\/www.meydan.tv\/az\/article\/istilik-tarifl%c9%99r-k%c9%99skin-bahalasdi-soyuq-qisda-%c9%99hali-nec%c9%99-qizinicaq\/\" \/>\n<meta property=\"og:site_name\" content=\"MEYDAN.TV\" \/>\n<meta property=\"article:published_time\" content=\"2025-08-13T10:08:06+00:00\" \/>\n<meta property=\"article:modified_time\" content=\"2025-08-13T10:30:27+00:00\" \/>\n<meta property=\"og:image\" content=\"https:\/\/www.meydan.tv\/wp-content\/uploads\/2025-08-13-12.01.31.jpg\" \/>\n\t<meta property=\"og:image:width\" content=\"1179\" \/>\n\t<meta property=\"og:image:height\" content=\"576\" \/>\n\t<meta property=\"og:image:type\" content=\"image\/jpeg\" \/>\n<meta name=\"author\" content=\"sevda\" \/>\n<meta name=\"twitter:card\" content=\"summary_large_image\" \/>\n<script type=\"application\/ld+json\" class=\"yoast-schema-graph\">{\"@context\":\"https:\\\/\\\/schema.org\",\"@graph\":[{\"@type\":\"Article\",\"@id\":\"https:\\\/\\\/www.meydan.tv\\\/az\\\/article\\\/istilik-tarifl%c9%99r-k%c9%99skin-bahalasdi-soyuq-qisda-%c9%99hali-nec%c9%99-qizinicaq\\\/#article\",\"isPartOf\":{\"@id\":\"https:\\\/\\\/www.meydan.tv\\\/az\\\/article\\\/istilik-tarifl%c9%99r-k%c9%99skin-bahalasdi-soyuq-qisda-%c9%99hali-nec%c9%99-qizinicaq\\\/\"},\"author\":{\"name\":\"sevda\",\"@id\":\"https:\\\/\\\/www.meydan.tv\\\/az\\\/#\\\/schema\\\/person\\\/49b5f2bad5b126bb8ea9320eeb3e4dc9\"},\"headline\":\"\u0130stilik tarifl\u0259ri k\u0259skin bahala\u015fdi: Soyuq q\u0131\u015fda \u0259hali nec\u0259 q\u0131z\u0131nacaq?\",\"datePublished\":\"2025-08-13T10:08:06+00:00\",\"dateModified\":\"2025-08-13T10:30:27+00:00\",\"mainEntityOfPage\":{\"@id\":\"https:\\\/\\\/www.meydan.tv\\\/az\\\/article\\\/istilik-tarifl%c9%99r-k%c9%99skin-bahalasdi-soyuq-qisda-%c9%99hali-nec%c9%99-qizinicaq\\\/\"},\"wordCount\":1926,\"publisher\":{\"@id\":\"https:\\\/\\\/www.meydan.tv\\\/az\\\/#organization\"},\"image\":{\"@id\":\"https:\\\/\\\/www.meydan.tv\\\/az\\\/article\\\/istilik-tarifl%c9%99r-k%c9%99skin-bahalasdi-soyuq-qisda-%c9%99hali-nec%c9%99-qizinicaq\\\/#primaryimage\"},\"thumbnailUrl\":\"https:\\\/\\\/www.meydan.tv\\\/wp-content\\\/uploads\\\/2025-08-13-12.01.31.jpg\",\"articleSection\":[\"Sosial\",\"T\u00f6vsiy\u0259\",\"X\u0259b\u0259rl\u0259r\"],\"inLanguage\":\"az\"},{\"@type\":\"WebPage\",\"@id\":\"https:\\\/\\\/www.meydan.tv\\\/az\\\/article\\\/istilik-tarifl%c9%99r-k%c9%99skin-bahalasdi-soyuq-qisda-%c9%99hali-nec%c9%99-qizinicaq\\\/\",\"url\":\"https:\\\/\\\/www.meydan.tv\\\/az\\\/article\\\/istilik-tarifl%c9%99r-k%c9%99skin-bahalasdi-soyuq-qisda-%c9%99hali-nec%c9%99-qizinicaq\\\/\",\"name\":\"\u0130stilik tarifl\u0259ri k\u0259skin bahala\u015fdi: Soyuq q\u0131\u015fda \u0259hali nec\u0259 q\u0131z\u0131nacaq? - MEYDAN.TV\",\"isPartOf\":{\"@id\":\"https:\\\/\\\/www.meydan.tv\\\/az\\\/#website\"},\"primaryImageOfPage\":{\"@id\":\"https:\\\/\\\/www.meydan.tv\\\/az\\\/article\\\/istilik-tarifl%c9%99r-k%c9%99skin-bahalasdi-soyuq-qisda-%c9%99hali-nec%c9%99-qizinicaq\\\/#primaryimage\"},\"image\":{\"@id\":\"https:\\\/\\\/www.meydan.tv\\\/az\\\/article\\\/istilik-tarifl%c9%99r-k%c9%99skin-bahalasdi-soyuq-qisda-%c9%99hali-nec%c9%99-qizinicaq\\\/#primaryimage\"},\"thumbnailUrl\":\"https:\\\/\\\/www.meydan.tv\\\/wp-content\\\/uploads\\\/2025-08-13-12.01.31.jpg\",\"datePublished\":\"2025-08-13T10:08:06+00:00\",\"dateModified\":\"2025-08-13T10:30:27+00:00\",\"breadcrumb\":{\"@id\":\"https:\\\/\\\/www.meydan.tv\\\/az\\\/article\\\/istilik-tarifl%c9%99r-k%c9%99skin-bahalasdi-soyuq-qisda-%c9%99hali-nec%c9%99-qizinicaq\\\/#breadcrumb\"},\"inLanguage\":\"az\",\"potentialAction\":[{\"@type\":\"ReadAction\",\"target\":[\"https:\\\/\\\/www.meydan.tv\\\/az\\\/article\\\/istilik-tarifl%c9%99r-k%c9%99skin-bahalasdi-soyuq-qisda-%c9%99hali-nec%c9%99-qizinicaq\\\/\"]}]},{\"@type\":\"ImageObject\",\"inLanguage\":\"az\",\"@id\":\"https:\\\/\\\/www.meydan.tv\\\/az\\\/article\\\/istilik-tarifl%c9%99r-k%c9%99skin-bahalasdi-soyuq-qisda-%c9%99hali-nec%c9%99-qizinicaq\\\/#primaryimage\",\"url\":\"https:\\\/\\\/www.meydan.tv\\\/wp-content\\\/uploads\\\/2025-08-13-12.01.31.jpg\",\"contentUrl\":\"https:\\\/\\\/www.meydan.tv\\\/wp-content\\\/uploads\\\/2025-08-13-12.01.31.jpg\",\"width\":1179,\"height\":576,\"caption\":\"\u0130stilik. Foto: DimaBerlin\\\\shutterstock\"},{\"@type\":\"BreadcrumbList\",\"@id\":\"https:\\\/\\\/www.meydan.tv\\\/az\\\/article\\\/istilik-tarifl%c9%99r-k%c9%99skin-bahalasdi-soyuq-qisda-%c9%99hali-nec%c9%99-qizinicaq\\\/#breadcrumb\",\"itemListElement\":[{\"@type\":\"ListItem\",\"position\":1,\"name\":\"Ana s\u0259hif\u0259\",\"item\":\"https:\\\/\\\/www.meydan.tv\\\/az\\\/\"},{\"@type\":\"ListItem\",\"position\":2,\"name\":\"X\u0259b\u0259rl\u0259r\",\"item\":\"https:\\\/\\\/www.meydan.tv\\\/az\\\/section\\\/xeberler\\\/\"},{\"@type\":\"ListItem\",\"position\":3,\"name\":\"\u0130stilik tarifl\u0259ri k\u0259skin bahala\u015fdi: Soyuq q\u0131\u015fda \u0259hali nec\u0259 q\u0131z\u0131nacaq?\"}]},{\"@type\":\"WebSite\",\"@id\":\"https:\\\/\\\/www.meydan.tv\\\/az\\\/#website\",\"url\":\"https:\\\/\\\/www.meydan.tv\\\/az\\\/\",\"name\":\"MEYDAN.TV\",\"description\":\"Meydan TV Az\u0259rbaycan\u0131n media m\u0259kan\u0131ndak\u0131 alternativ s\u0259sidir\",\"publisher\":{\"@id\":\"https:\\\/\\\/www.meydan.tv\\\/az\\\/#organization\"},\"potentialAction\":[{\"@type\":\"SearchAction\",\"target\":{\"@type\":\"EntryPoint\",\"urlTemplate\":\"https:\\\/\\\/www.meydan.tv\\\/az\\\/?s={search_term_string}\"},\"query-input\":{\"@type\":\"PropertyValueSpecification\",\"valueRequired\":true,\"valueName\":\"search_term_string\"}}],\"inLanguage\":\"az\"},{\"@type\":\"Organization\",\"@id\":\"https:\\\/\\\/www.meydan.tv\\\/az\\\/#organization\",\"name\":\"Meydan TV\",\"url\":\"https:\\\/\\\/www.meydan.tv\\\/az\\\/\",\"logo\":{\"@type\":\"ImageObject\",\"inLanguage\":\"az\",\"@id\":\"https:\\\/\\\/www.meydan.tv\\\/az\\\/#\\\/schema\\\/logo\\\/image\\\/\",\"url\":\"https:\\\/\\\/www.meydan.tv\\\/wp-content\\\/uploads\\\/2021\\\/07\\\/meydan-logo.svg\",\"contentUrl\":\"https:\\\/\\\/www.meydan.tv\\\/wp-content\\\/uploads\\\/2021\\\/07\\\/meydan-logo.svg\",\"width\":195,\"height\":46,\"caption\":\"Meydan TV\"},\"image\":{\"@id\":\"https:\\\/\\\/www.meydan.tv\\\/az\\\/#\\\/schema\\\/logo\\\/image\\\/\"}},{\"@type\":\"Person\",\"@id\":\"https:\\\/\\\/www.meydan.tv\\\/az\\\/#\\\/schema\\\/person\\\/49b5f2bad5b126bb8ea9320eeb3e4dc9\",\"name\":\"sevda\"}]}<\/script>\n<!-- \/ Yoast SEO plugin. -->","yoast_head_json":{"title":"\u0130stilik tarifl\u0259ri k\u0259skin bahala\u015fdi: Soyuq q\u0131\u015fda \u0259hali nec\u0259 q\u0131z\u0131nacaq? - MEYDAN.TV","robots":{"index":"index","follow":"follow","max-snippet":"max-snippet:-1","max-image-preview":"max-image-preview:large","max-video-preview":"max-video-preview:-1"},"canonical":"https:\/\/www.meydan.tv\/az\/article\/istilik-tarifl%c9%99r-k%c9%99skin-bahalasdi-soyuq-qisda-%c9%99hali-nec%c9%99-qizinicaq\/","og_locale":"az_AZ","og_type":"article","og_title":"\u0130stilik tarifl\u0259ri k\u0259skin bahala\u015fdi: Soyuq q\u0131\u015fda \u0259hali nec\u0259 q\u0131z\u0131nacaq? - MEYDAN.TV","og_description":"Cari ild\u0259 Tarif \u015euras\u0131 \u201cAz\u0259ristilikt\u0259chizat\u201d ASC-nin istilik xidm\u0259tl\u0259rind\u0259 qiym\u0259t art\u0131m\u0131 ... Davam\u0131","og_url":"https:\/\/www.meydan.tv\/az\/article\/istilik-tarifl%c9%99r-k%c9%99skin-bahalasdi-soyuq-qisda-%c9%99hali-nec%c9%99-qizinicaq\/","og_site_name":"MEYDAN.TV","article_published_time":"2025-08-13T10:08:06+00:00","article_modified_time":"2025-08-13T10:30:27+00:00","og_image":[{"width":1179,"height":576,"url":"https:\/\/www.meydan.tv\/wp-content\/uploads\/2025-08-13-12.01.31.jpg","type":"image\/jpeg"}],"author":"sevda","twitter_card":"summary_large_image","schema":{"@context":"https:\/\/schema.org","@graph":[{"@type":"Article","@id":"https:\/\/www.meydan.tv\/az\/article\/istilik-tarifl%c9%99r-k%c9%99skin-bahalasdi-soyuq-qisda-%c9%99hali-nec%c9%99-qizinicaq\/#article","isPartOf":{"@id":"https:\/\/www.meydan.tv\/az\/article\/istilik-tarifl%c9%99r-k%c9%99skin-bahalasdi-soyuq-qisda-%c9%99hali-nec%c9%99-qizinicaq\/"},"author":{"name":"sevda","@id":"https:\/\/www.meydan.tv\/az\/#\/schema\/person\/49b5f2bad5b126bb8ea9320eeb3e4dc9"},"headline":"\u0130stilik tarifl\u0259ri k\u0259skin bahala\u015fdi: Soyuq q\u0131\u015fda \u0259hali nec\u0259 q\u0131z\u0131nacaq?","datePublished":"2025-08-13T10:08:06+00:00","dateModified":"2025-08-13T10:30:27+00:00","mainEntityOfPage":{"@id":"https:\/\/www.meydan.tv\/az\/article\/istilik-tarifl%c9%99r-k%c9%99skin-bahalasdi-soyuq-qisda-%c9%99hali-nec%c9%99-qizinicaq\/"},"wordCount":1926,"publisher":{"@id":"https:\/\/www.meydan.tv\/az\/#organization"},"image":{"@id":"https:\/\/www.meydan.tv\/az\/article\/istilik-tarifl%c9%99r-k%c9%99skin-bahalasdi-soyuq-qisda-%c9%99hali-nec%c9%99-qizinicaq\/#primaryimage"},"thumbnailUrl":"https:\/\/www.meydan.tv\/wp-content\/uploads\/2025-08-13-12.01.31.jpg","articleSection":["Sosial","T\u00f6vsiy\u0259","X\u0259b\u0259rl\u0259r"],"inLanguage":"az"},{"@type":"WebPage","@id":"https:\/\/www.meydan.tv\/az\/article\/istilik-tarifl%c9%99r-k%c9%99skin-bahalasdi-soyuq-qisda-%c9%99hali-nec%c9%99-qizinicaq\/","url":"https:\/\/www.meydan.tv\/az\/article\/istilik-tarifl%c9%99r-k%c9%99skin-bahalasdi-soyuq-qisda-%c9%99hali-nec%c9%99-qizinicaq\/","name":"\u0130stilik tarifl\u0259ri k\u0259skin bahala\u015fdi: Soyuq q\u0131\u015fda \u0259hali nec\u0259 q\u0131z\u0131nacaq? - MEYDAN.TV","isPartOf":{"@id":"https:\/\/www.meydan.tv\/az\/#website"},"primaryImageOfPage":{"@id":"https:\/\/www.meydan.tv\/az\/article\/istilik-tarifl%c9%99r-k%c9%99skin-bahalasdi-soyuq-qisda-%c9%99hali-nec%c9%99-qizinicaq\/#primaryimage"},"image":{"@id":"https:\/\/www.meydan.tv\/az\/article\/istilik-tarifl%c9%99r-k%c9%99skin-bahalasdi-soyuq-qisda-%c9%99hali-nec%c9%99-qizinicaq\/#primaryimage"},"thumbnailUrl":"https:\/\/www.meydan.tv\/wp-content\/uploads\/2025-08-13-12.01.31.jpg","datePublished":"2025-08-13T10:08:06+00:00","dateModified":"2025-08-13T10:30:27+00:00","breadcrumb":{"@id":"https:\/\/www.meydan.tv\/az\/article\/istilik-tarifl%c9%99r-k%c9%99skin-bahalasdi-soyuq-qisda-%c9%99hali-nec%c9%99-qizinicaq\/#breadcrumb"},"inLanguage":"az","potentialAction":[{"@type":"ReadAction","target":["https:\/\/www.meydan.tv\/az\/article\/istilik-tarifl%c9%99r-k%c9%99skin-bahalasdi-soyuq-qisda-%c9%99hali-nec%c9%99-qizinicaq\/"]}]},{"@type":"ImageObject","inLanguage":"az","@id":"https:\/\/www.meydan.tv\/az\/article\/istilik-tarifl%c9%99r-k%c9%99skin-bahalasdi-soyuq-qisda-%c9%99hali-nec%c9%99-qizinicaq\/#primaryimage","url":"https:\/\/www.meydan.tv\/wp-content\/uploads\/2025-08-13-12.01.31.jpg","contentUrl":"https:\/\/www.meydan.tv\/wp-content\/uploads\/2025-08-13-12.01.31.jpg","width":1179,"height":576,"caption":"\u0130stilik. Foto: DimaBerlin\\shutterstock"},{"@type":"BreadcrumbList","@id":"https:\/\/www.meydan.tv\/az\/article\/istilik-tarifl%c9%99r-k%c9%99skin-bahalasdi-soyuq-qisda-%c9%99hali-nec%c9%99-qizinicaq\/#breadcrumb","itemListElement":[{"@type":"ListItem","position":1,"name":"Ana s\u0259hif\u0259","item":"https:\/\/www.meydan.tv\/az\/"},{"@type":"ListItem","position":2,"name":"X\u0259b\u0259rl\u0259r","item":"https:\/\/www.meydan.tv\/az\/section\/xeberler\/"},{"@type":"ListItem","position":3,"name":"\u0130stilik tarifl\u0259ri k\u0259skin bahala\u015fdi: Soyuq q\u0131\u015fda \u0259hali nec\u0259 q\u0131z\u0131nacaq?"}]},{"@type":"WebSite","@id":"https:\/\/www.meydan.tv\/az\/#website","url":"https:\/\/www.meydan.tv\/az\/","name":"MEYDAN.TV","description":"Meydan TV Az\u0259rbaycan\u0131n media m\u0259kan\u0131ndak\u0131 alternativ s\u0259sidir","publisher":{"@id":"https:\/\/www.meydan.tv\/az\/#organization"},"potentialAction":[{"@type":"SearchAction","target":{"@type":"EntryPoint","urlTemplate":"https:\/\/www.meydan.tv\/az\/?s={search_term_string}"},"query-input":{"@type":"PropertyValueSpecification","valueRequired":true,"valueName":"search_term_string"}}],"inLanguage":"az"},{"@type":"Organization","@id":"https:\/\/www.meydan.tv\/az\/#organization","name":"Meydan TV","url":"https:\/\/www.meydan.tv\/az\/","logo":{"@type":"ImageObject","inLanguage":"az","@id":"https:\/\/www.meydan.tv\/az\/#\/schema\/logo\/image\/","url":"https:\/\/www.meydan.tv\/wp-content\/uploads\/2021\/07\/meydan-logo.svg","contentUrl":"https:\/\/www.meydan.tv\/wp-content\/uploads\/2021\/07\/meydan-logo.svg","width":195,"height":46,"caption":"Meydan TV"},"image":{"@id":"https:\/\/www.meydan.tv\/az\/#\/schema\/logo\/image\/"}},{"@type":"Person","@id":"https:\/\/www.meydan.tv\/az\/#\/schema\/person\/49b5f2bad5b126bb8ea9320eeb3e4dc9","name":"sevda"}]}},"_links":{"self":[{"href":"https:\/\/www.meydan.tv\/az\/wp-json\/wp\/v2\/posts\/334171","targetHints":{"allow":["GET"]}}],"collection":[{"href":"https:\/\/www.meydan.tv\/az\/wp-json\/wp\/v2\/posts"}],"about":[{"href":"https:\/\/www.meydan.tv\/az\/wp-json\/wp\/v2\/types\/post"}],"author":[{"embeddable":true,"href":"https:\/\/www.meydan.tv\/az\/wp-json\/wp\/v2\/users\/16"}],"replies":[{"embeddable":true,"href":"https:\/\/www.meydan.tv\/az\/wp-json\/wp\/v2\/comments?post=334171"}],"version-history":[{"count":10,"href":"https:\/\/www.meydan.tv\/az\/wp-json\/wp\/v2\/posts\/334171\/revisions"}],"predecessor-version":[{"id":334183,"href":"https:\/\/www.meydan.tv\/az\/wp-json\/wp\/v2\/posts\/334171\/revisions\/334183"}],"wp:featuredmedia":[{"embeddable":true,"href":"https:\/\/www.meydan.tv\/az\/wp-json\/wp\/v2\/media\/334178"}],"wp:attachment":[{"href":"https:\/\/www.meydan.tv\/az\/wp-json\/wp\/v2\/media?parent=334171"}],"wp:term":[{"taxonomy":"category","embeddable":true,"href":"https:\/\/www.meydan.tv\/az\/wp-json\/wp\/v2\/categories?post=334171"},{"taxonomy":"post_tag","embeddable":true,"href":"https:\/\/www.meydan.tv\/az\/wp-json\/wp\/v2\/tags?post=334171"}],"curies":[{"name":"wp","href":"https:\/\/api.w.org\/{rel}","templated":true}]}}