{"id":334152,"date":"2025-08-12T20:52:55","date_gmt":"2025-08-12T16:52:55","guid":{"rendered":"https:\/\/www.meydan.tv\/?p=334152"},"modified":"2025-08-12T21:25:26","modified_gmt":"2025-08-12T17:25:26","slug":"must%c9%99qil-medianin-qrant-asililigi-v%c9%99ziyy%c9%99t-nec%c9%99-bu-hala-g%c9%99ldi","status":"publish","type":"post","link":"https:\/\/www.meydan.tv\/az\/article\/must%c9%99qil-medianin-qrant-asililigi-v%c9%99ziyy%c9%99t-nec%c9%99-bu-hala-g%c9%99ldi\/","title":{"rendered":"M\u00fcst\u0259qil median\u0131n qrant as\u0131l\u0131l\u0131\u011f\u0131: v\u0259ziyy\u0259t nec\u0259 bu hala g\u0259ldi?"},"content":{"rendered":"\n<figure class=\"wp-block-embed is-type-video is-provider-youtube wp-block-embed-youtube wp-embed-aspect-16-9 wp-has-aspect-ratio\"><div class=\"wp-block-embed__wrapper\">\n<iframe loading=\"lazy\" title=\"M\u00fcst\u0259qil median\u0131n qrant as\u0131l\u0131l\u0131\u011f\u0131: v\u0259ziyy\u0259t nec\u0259 bu hala g\u0259ldi?\" width=\"1200\" height=\"675\" src=\"https:\/\/www.youtube.com\/embed\/_jsm3ytBVCY?feature=oembed\" frameborder=\"0\" allow=\"accelerometer; autoplay; clipboard-write; encrypted-media; gyroscope; picture-in-picture; web-share\" referrerpolicy=\"strict-origin-when-cross-origin\" allowfullscreen><\/iframe>\n<\/div><\/figure>\n\n\n\n<!--more-->\n\n\n\n<p class=\"wp-block-paragraph\"><\/p>\n\n\n\n<p class=\"wp-block-paragraph\">Haz\u0131rda m\u00fcst\u0259qil media n\u00fcmay\u0259nd\u0259l\u0259ri xarici agent ittihamlar\u0131 il\u0259 \u00fczl\u0259\u015firl\u0259r. Hakimiyy\u0259t v\u0259 onun total n\u0259zar\u0259tind\u0259 olan media qurumlar\u0131 xaricd\u0259n maliyy\u0259l\u0259\u015fm\u0259ni kriminaliz\u0259 ed\u0259r\u0259k m\u00fcst\u0259qil jurnalistl\u0259r\u0259 h\u00fccumlar edir, c\u0259miyy\u0259td\u0259 onlara qar\u015f\u0131 q\u0259z\u0259b yaratma\u011fa \u00e7al\u0131\u015f\u0131rlar. Xarici agentliyin t\u0259rifin\u0259 uy\u011fun birc\u0259 fakt bel\u0259 olmadan fa\u0259liyy\u0259tini Az\u0259rbaycandak\u0131 sosial probleml\u0259ri, siyasi \u00e7at\u0131\u015fmazl\u0131qlar\u0131 ara\u015fd\u0131rma\u011fa h\u0259sr etmi\u015f m\u00fcst\u0259qil jurnalistl\u0259r\u0259 b\u00f6htanlar at\u0131l\u0131r. <\/p>\n\n\n\n<p class=\"wp-block-paragraph\">B\u0259s, v\u0259ziyy\u0259t nec\u0259 bu hala g\u0259ldi? \u00dcmumiyy\u0259tl\u0259 media nec\u0259 maliyy\u0259l\u0259\u015fm\u0259lidir? Az\u0259rbaycanda media qurumlar\u0131 nec\u0259 maliyy\u0259l\u0259\u015fir? M\u00fcst\u0259qil media nec\u0259, hans\u0131 t\u0259zyiql\u0259rl\u0259 xaricd\u0259n maliyy\u0259 as\u0131l\u0131l\u0131\u011f\u0131na m\u0259cbur qald\u0131?<\/p>\n","protected":false},"excerpt":{"rendered":"","protected":false},"author":16,"featured_media":262992,"comment_status":"closed","ping_status":"closed","sticky":false,"template":"","format":"standard","meta":{"_acf_changed":false,"_sitemap_exclude":false,"_sitemap_priority":"","_sitemap_frequency":"","footnotes":""},"categories":[63,56],"tags":[],"class_list":["post-334152","post","type-post","status-publish","format-standard","has-post-thumbnail","hentry","category-video-2","category-xeberler","infinite-scroll-item","generate-columns","tablet-grid-50","mobile-grid-100","grid-parent","grid-33","no-featured-image-padding"],"acf":[],"yoast_head":"<!-- This site is optimized with the Yoast SEO plugin v28.4 - https:\/\/yoast.com\/product\/yoast-seo-wordpress\/ -->\n<title>M\u00fcst\u0259qil median\u0131n qrant as\u0131l\u0131l\u0131\u011f\u0131: v\u0259ziyy\u0259t nec\u0259 bu hala g\u0259ldi? - MEYDAN.TV<\/title>\n<meta name=\"robots\" content=\"index, follow, max-snippet:-1, max-image-preview:large, max-video-preview:-1\" \/>\n<link rel=\"canonical\" href=\"https:\/\/www.meydan.tv\/az\/article\/must%c9%99qil-medianin-qrant-asililigi-v%c9%99ziyy%c9%99t-nec%c9%99-bu-hala-g%c9%99ldi\/\" \/>\n<meta property=\"og:locale\" content=\"az_AZ\" \/>\n<meta property=\"og:type\" content=\"article\" \/>\n<meta property=\"og:title\" content=\"M\u00fcst\u0259qil median\u0131n qrant as\u0131l\u0131l\u0131\u011f\u0131: v\u0259ziyy\u0259t nec\u0259 bu hala g\u0259ldi? - MEYDAN.TV\" \/>\n<meta property=\"og:url\" content=\"https:\/\/www.meydan.tv\/az\/article\/must%c9%99qil-medianin-qrant-asililigi-v%c9%99ziyy%c9%99t-nec%c9%99-bu-hala-g%c9%99ldi\/\" \/>\n<meta property=\"og:site_name\" content=\"MEYDAN.TV\" \/>\n<meta property=\"article:published_time\" content=\"2025-08-12T16:52:55+00:00\" \/>\n<meta property=\"article:modified_time\" content=\"2025-08-12T17:25:26+00:00\" \/>\n<meta property=\"og:image\" content=\"https:\/\/www.meydan.tv\/wp-content\/uploads\/admin-ajax.jpg\" \/>\n\t<meta property=\"og:image:width\" content=\"400\" \/>\n\t<meta property=\"og:image:height\" content=\"267\" \/>\n\t<meta property=\"og:image:type\" content=\"image\/jpeg\" \/>\n<meta name=\"twitter:card\" content=\"summary_large_image\" \/>\n<!-- \/ Yoast SEO plugin. -->","yoast_head_json":{"title":"M\u00fcst\u0259qil median\u0131n qrant as\u0131l\u0131l\u0131\u011f\u0131: v\u0259ziyy\u0259t nec\u0259 bu hala g\u0259ldi? - MEYDAN.TV","robots":{"index":"index","follow":"follow","max-snippet":"max-snippet:-1","max-image-preview":"max-image-preview:large","max-video-preview":"max-video-preview:-1"},"canonical":"https:\/\/www.meydan.tv\/az\/article\/must%c9%99qil-medianin-qrant-asililigi-v%c9%99ziyy%c9%99t-nec%c9%99-bu-hala-g%c9%99ldi\/","og_locale":"az_AZ","og_type":"article","og_title":"M\u00fcst\u0259qil median\u0131n qrant as\u0131l\u0131l\u0131\u011f\u0131: v\u0259ziyy\u0259t nec\u0259 bu hala g\u0259ldi? - MEYDAN.TV","og_url":"https:\/\/www.meydan.tv\/az\/article\/must%c9%99qil-medianin-qrant-asililigi-v%c9%99ziyy%c9%99t-nec%c9%99-bu-hala-g%c9%99ldi\/","og_site_name":"MEYDAN.TV","article_published_time":"2025-08-12T16:52:55+00:00","article_modified_time":"2025-08-12T17:25:26+00:00","og_image":[{"width":400,"height":267,"url":"https:\/\/www.meydan.tv\/wp-content\/uploads\/admin-ajax.jpg","type":"image\/jpeg"}],"twitter_card":"summary_large_image","schema":{"@context":"https:\/\/schema.org","@graph":[{"@type":"Article","@id":"https:\/\/www.meydan.tv\/az\/article\/must%c9%99qil-medianin-qrant-asililigi-v%c9%99ziyy%c9%99t-nec%c9%99-bu-hala-g%c9%99ldi\/#article","isPartOf":{"@id":"https:\/\/www.meydan.tv\/az\/article\/must%c9%99qil-medianin-qrant-asililigi-v%c9%99ziyy%c9%99t-nec%c9%99-bu-hala-g%c9%99ldi\/"},"author":{"name":"sevda","@id":"https:\/\/www.meydan.tv\/az\/#\/schema\/person\/49b5f2bad5b126bb8ea9320eeb3e4dc9"},"headline":"M\u00fcst\u0259qil median\u0131n qrant as\u0131l\u0131l\u0131\u011f\u0131: v\u0259ziyy\u0259t nec\u0259 bu hala g\u0259ldi?","datePublished":"2025-08-12T16:52:55+00:00","dateModified":"2025-08-12T17:25:26+00:00","mainEntityOfPage":{"@id":"https:\/\/www.meydan.tv\/az\/article\/must%c9%99qil-medianin-qrant-asililigi-v%c9%99ziyy%c9%99t-nec%c9%99-bu-hala-g%c9%99ldi\/"},"wordCount":165,"publisher":{"@id":"https:\/\/www.meydan.tv\/az\/#organization"},"image":{"@id":"https:\/\/www.meydan.tv\/az\/article\/must%c9%99qil-medianin-qrant-asililigi-v%c9%99ziyy%c9%99t-nec%c9%99-bu-hala-g%c9%99ldi\/#primaryimage"},"thumbnailUrl":"https:\/\/www.meydan.tv\/wp-content\/uploads\/admin-ajax.jpg","articleSection":["Video","X\u0259b\u0259rl\u0259r"],"inLanguage":"az"},{"@type":"WebPage","@id":"https:\/\/www.meydan.tv\/az\/article\/must%c9%99qil-medianin-qrant-asililigi-v%c9%99ziyy%c9%99t-nec%c9%99-bu-hala-g%c9%99ldi\/","url":"https:\/\/www.meydan.tv\/az\/article\/must%c9%99qil-medianin-qrant-asililigi-v%c9%99ziyy%c9%99t-nec%c9%99-bu-hala-g%c9%99ldi\/","name":"M\u00fcst\u0259qil median\u0131n qrant as\u0131l\u0131l\u0131\u011f\u0131: v\u0259ziyy\u0259t nec\u0259 bu hala g\u0259ldi? - MEYDAN.TV","isPartOf":{"@id":"https:\/\/www.meydan.tv\/az\/#website"},"primaryImageOfPage":{"@id":"https:\/\/www.meydan.tv\/az\/article\/must%c9%99qil-medianin-qrant-asililigi-v%c9%99ziyy%c9%99t-nec%c9%99-bu-hala-g%c9%99ldi\/#primaryimage"},"image":{"@id":"https:\/\/www.meydan.tv\/az\/article\/must%c9%99qil-medianin-qrant-asililigi-v%c9%99ziyy%c9%99t-nec%c9%99-bu-hala-g%c9%99ldi\/#primaryimage"},"thumbnailUrl":"https:\/\/www.meydan.tv\/wp-content\/uploads\/admin-ajax.jpg","datePublished":"2025-08-12T16:52:55+00:00","dateModified":"2025-08-12T17:25:26+00:00","breadcrumb":{"@id":"https:\/\/www.meydan.tv\/az\/article\/must%c9%99qil-medianin-qrant-asililigi-v%c9%99ziyy%c9%99t-nec%c9%99-bu-hala-g%c9%99ldi\/#breadcrumb"},"inLanguage":"az","potentialAction":[{"@type":"ReadAction","target":["https:\/\/www.meydan.tv\/az\/article\/must%c9%99qil-medianin-qrant-asililigi-v%c9%99ziyy%c9%99t-nec%c9%99-bu-hala-g%c9%99ldi\/"]}]},{"@type":"ImageObject","inLanguage":"az","@id":"https:\/\/www.meydan.tv\/az\/article\/must%c9%99qil-medianin-qrant-asililigi-v%c9%99ziyy%c9%99t-nec%c9%99-bu-hala-g%c9%99ldi\/#primaryimage","url":"https:\/\/www.meydan.tv\/wp-content\/uploads\/admin-ajax.jpg","contentUrl":"https:\/\/www.meydan.tv\/wp-content\/uploads\/admin-ajax.jpg","width":400,"height":267,"caption":"Foto: MeydanTV"},{"@type":"BreadcrumbList","@id":"https:\/\/www.meydan.tv\/az\/article\/must%c9%99qil-medianin-qrant-asililigi-v%c9%99ziyy%c9%99t-nec%c9%99-bu-hala-g%c9%99ldi\/#breadcrumb","itemListElement":[{"@type":"ListItem","position":1,"name":"Ana s\u0259hif\u0259","item":"https:\/\/www.meydan.tv\/az\/"},{"@type":"ListItem","position":2,"name":"Video","item":"https:\/\/www.meydan.tv\/az\/section\/video-2\/"},{"@type":"ListItem","position":3,"name":"M\u00fcst\u0259qil median\u0131n qrant as\u0131l\u0131l\u0131\u011f\u0131: v\u0259ziyy\u0259t nec\u0259 bu hala g\u0259ldi?"}]},{"@type":"WebSite","@id":"https:\/\/www.meydan.tv\/az\/#website","url":"https:\/\/www.meydan.tv\/az\/","name":"MEYDAN.TV","description":"Meydan TV Az\u0259rbaycan\u0131n media m\u0259kan\u0131ndak\u0131 alternativ s\u0259sidir","publisher":{"@id":"https:\/\/www.meydan.tv\/az\/#organization"},"potentialAction":[{"@type":"SearchAction","target":{"@type":"EntryPoint","urlTemplate":"https:\/\/www.meydan.tv\/az\/?s={search_term_string}"},"query-input":{"@type":"PropertyValueSpecification","valueRequired":true,"valueName":"search_term_string"}}],"inLanguage":"az"},{"@type":"Organization","@id":"https:\/\/www.meydan.tv\/az\/#organization","name":"Meydan TV","url":"https:\/\/www.meydan.tv\/az\/","logo":{"@type":"ImageObject","inLanguage":"az","@id":"https:\/\/www.meydan.tv\/az\/#\/schema\/logo\/image\/","url":"https:\/\/www.meydan.tv\/wp-content\/uploads\/2021\/07\/meydan-logo.svg","contentUrl":"https:\/\/www.meydan.tv\/wp-content\/uploads\/2021\/07\/meydan-logo.svg","width":195,"height":46,"caption":"Meydan TV"},"image":{"@id":"https:\/\/www.meydan.tv\/az\/#\/schema\/logo\/image\/"}},{"@type":"Person","@id":"https:\/\/www.meydan.tv\/az\/#\/schema\/person\/49b5f2bad5b126bb8ea9320eeb3e4dc9","name":"sevda"}]}},"_links":{"self":[{"href":"https:\/\/www.meydan.tv\/az\/wp-json\/wp\/v2\/posts\/334152","targetHints":{"allow":["GET"]}}],"collection":[{"href":"https:\/\/www.meydan.tv\/az\/wp-json\/wp\/v2\/posts"}],"about":[{"href":"https:\/\/www.meydan.tv\/az\/wp-json\/wp\/v2\/types\/post"}],"author":[{"embeddable":true,"href":"https:\/\/www.meydan.tv\/az\/wp-json\/wp\/v2\/users\/16"}],"replies":[{"embeddable":true,"href":"https:\/\/www.meydan.tv\/az\/wp-json\/wp\/v2\/comments?post=334152"}],"version-history":[{"count":4,"href":"https:\/\/www.meydan.tv\/az\/wp-json\/wp\/v2\/posts\/334152\/revisions"}],"predecessor-version":[{"id":334165,"href":"https:\/\/www.meydan.tv\/az\/wp-json\/wp\/v2\/posts\/334152\/revisions\/334165"}],"wp:featuredmedia":[{"embeddable":true,"href":"https:\/\/www.meydan.tv\/az\/wp-json\/wp\/v2\/media\/262992"}],"wp:attachment":[{"href":"https:\/\/www.meydan.tv\/az\/wp-json\/wp\/v2\/media?parent=334152"}],"wp:term":[{"taxonomy":"category","embeddable":true,"href":"https:\/\/www.meydan.tv\/az\/wp-json\/wp\/v2\/categories?post=334152"},{"taxonomy":"post_tag","embeddable":true,"href":"https:\/\/www.meydan.tv\/az\/wp-json\/wp\/v2\/tags?post=334152"}],"curies":[{"name":"wp","href":"https:\/\/api.w.org\/{rel}","templated":true}]}}