{"id":334119,"date":"2025-08-11T18:12:31","date_gmt":"2025-08-11T14:12:31","guid":{"rendered":"https:\/\/www.meydan.tv\/?p=334119"},"modified":"2025-08-11T18:12:35","modified_gmt":"2025-08-11T14:12:35","slug":"az%c9%99rbaycan-v%c9%99-erm%c9%99nistan-arasindaki-sulh-sazisinin-paraflanmis-m%c9%99tni-yayilib","status":"publish","type":"post","link":"https:\/\/www.meydan.tv\/az\/article\/az%c9%99rbaycan-v%c9%99-erm%c9%99nistan-arasindaki-sulh-sazisinin-paraflanmis-m%c9%99tni-yayilib\/","title":{"rendered":"Az\u0259rbaycan v\u0259 Erm\u0259nistan aras\u0131ndak\u0131 s\u00fclh sazi\u015finin paraflanm\u0131\u015f m\u0259tni yay\u0131l\u0131b"},"content":{"rendered":"\n<p><\/p>\n\n\n\n<p>\u201cAz\u0259rbaycan Respublikas\u0131 v\u0259 Erm\u0259nistan Respublikas\u0131 aras\u0131nda s\u00fclh\u00fcn v\u0259 d\u00f6vl\u0259tl\u0259raras\u0131 m\u00fcnasib\u0259tl\u0259rin t\u0259sis edilm\u0259si haqq\u0131nda Sazi\u015f\u201din paraflanm\u0131\u015f m\u0259tni yay\u0131l\u0131b.<\/p>\n\n\n\n<p>M\u0259tni Az\u0259rbaycan Xarici \u0130\u015fl\u0259r Nazirliyi (X\u0130N) <a href=\"https:\/\/mfa.gov.az\/files\/Birge%20Beyanname-ABS\/Peace%20Agreement%20AZ%20translation.pdf\" target=\"_blank\" rel=\"noreferrer noopener\">yay\u0131b<\/a>.<\/p>\n\n\n\n<p>Sazi\u015f \u00fcmumilikd\u0259 17 madd\u0259d\u0259n ibar\u0259tdir. <\/p>\n\n\n\n<p>Sazi\u015fd\u0259 g\u00f6st\u0259rilir ki, t\u0259r\u0259fl\u0259r BMT Nizamnam\u0259sini, h\u0259min Nizamnam\u0259y\u0259 uy\u011fun olaraq d\u00f6vl\u0259tl\u0259r aras\u0131nda dostluq m\u00fcnasib\u0259tl\u0259ri v\u0259 \u0259m\u0259kda\u015fl\u0131q il\u0259 ba\u011fl\u0131 beyn\u0259lxalq h\u00fcququn prinsipl\u0259ri haqq\u0131nda B\u0259yannam\u0259ni, Avropada T\u0259hl\u00fck\u0259sizlik v\u0259 \u018fm\u0259kda\u015fl\u0131q Konfrans\u0131n\u0131n Helsinki Yekun Akt\u0131n\u0131 v\u0259 Almat\u0131 B\u0259yannam\u0259sini r\u0259hb\u0259r tutaraq \u00f6z aralar\u0131nda s\u00fclh v\u0259 d\u00f6vl\u0259tl\u0259raras\u0131 m\u00fcnasib\u0259tl\u0259ri t\u0259sis etm\u0259k bar\u0259d\u0259 raz\u0131l\u0131\u011fa g\u0259lirl\u0259r.<\/p>\n\n\n\n<p>Sazi\u015fin raz\u0131la\u015fd\u0131r\u0131lm\u0131\u015f m\u0259tnind\u0259ki \u0259sas hiss\u0259l\u0259ri t\u0259qdim edirik:<\/p>\n\n\n\n<ul class=\"wp-block-list\">\n<li>&nbsp;T\u0259r\u0259fl\u0259r ke\u00e7mi\u015f SSR\u0130-nin Sovet Sosialist Respublikalar\u0131 aras\u0131nda s\u0259rh\u0259dl\u0259rin m\u00fcvafiq m\u00fcst\u0259qil d\u00f6vl\u0259tl\u0259rin beyn\u0259lxalq s\u0259rh\u0259dl\u0259rin\u0259 \u00e7evrildiyini v\u0259 beyn\u0259lxalq birlik t\u0259r\u0259find\u0259n bu \u015f\u0259kild\u0259 tan\u0131nd\u0131\u011f\u0131n\u0131 t\u0259sdiq ed\u0259r\u0259k, bir-birinin suverenliyini, \u0259razi b\u00fct\u00f6vl\u00fcy\u00fcn\u00fc, beyn\u0259lxalq s\u0259rh\u0259dl\u0259rinin toxunulmazl\u0131\u011f\u0131n\u0131 v\u0259 siyasi m\u00fcst\u0259qilliyini tan\u0131y\u0131r v\u0259 h\u00f6rm\u0259t edirl\u0259r;<\/li>\n\n\n\n<li>Az\u0259rbaycan v\u0259 Erm\u0259nistan bir-birin\u0259 qar\u015f\u0131 h\u0259r hans\u0131 \u0259razi iddialar\u0131n\u0131n olmad\u0131\u011f\u0131n\u0131 v\u0259 g\u0259l\u0259c\u0259kd\u0259 bel\u0259 iddialar qald\u0131r\u0131lmayaca\u011f\u0131n\u0131 t\u0259sdiq edirl\u0259r;<\/li>\n\n\n\n<li>H\u0259r iki \u00f6lk\u0259 bir-biri il\u0259 qar\u015f\u0131l\u0131ql\u0131 m\u00fcnasib\u0259tl\u0259rd\u0259 \u0259razi b\u00fct\u00f6vl\u00fcy\u00fc v\u0259 ya siyasi m\u00fcst\u0259qilliy\u0259 qar\u015f\u0131 g\u00fcc t\u0259tbiq etm\u0259kd\u0259n v\u0259 ya g\u00fcc t\u0259tbiq etm\u0259kl\u0259 h\u0259d\u0259l\u0259m\u0259kd\u0259n \u00e7\u0259kin\u0259c\u0259kl\u0259r;<\/li>\n\n\n\n<li>T\u0259r\u0259fl\u0259r bir-birinin daxili i\u015fl\u0259rin\u0259 m\u00fcdaxil\u0259d\u0259n \u00e7\u0259kin\u0259c\u0259kl\u0259r;<\/li>\n\n\n\n<li>Az\u0259rbaycan v\u0259 Erm\u0259nistan \u00f6z aralar\u0131nda diplomatik m\u00fcnasib\u0259tl\u0259r quracaqlar;<\/li>\n\n\n\n<li>H\u0259r iki \u00f6lk\u0259 d\u00f6vl\u0259t s\u0259rh\u0259dinin delimitasiyas\u0131 v\u0259 demarkasiyas\u0131 haqq\u0131nda Sazi\u015f imzalayacaq;<\/li>\n\n\n\n<li>T\u0259r\u0259fl\u0259r qar\u015f\u0131l\u0131ql\u0131 s\u0259rh\u0259d\u0259 h\u0259r hans\u0131 \u00fc\u00e7\u00fcnc\u00fc t\u0259r\u0259fin q\u00fcvv\u0259l\u0259rini yerl\u0259\u015fdirm\u0259y\u0259c\u0259kl\u0259r;<\/li>\n\n\n\n<li>H\u0259r iki t\u0259r\u0259f d\u00f6z\u00fcms\u00fczl\u00fck, irqi nifr\u0259t v\u0259 ayr\u0131se\u00e7kilik, separatizm, zorak\u0131 ekstremizm v\u0259 terrorizmin b\u00fct\u00fcn t\u0259zah\u00fcrl\u0259ri il\u0259 m\u00fcbariz\u0259 aparacaqlar; <\/li>\n\n\n\n<li>H\u0259rbi m\u00fcnaqi\u015f\u0259d\u0259 ba\u015f vermis itkin d\u00fc\u015fm\u00fc\u015f \u015f\u0259xsl\u0259r v\u0259 m\u0259cburi yoxa\u00e7\u0131xma il\u0259 ba\u011fl\u0131 hallar\u0131n h\u0259lli \u00fc\u00e7\u00fcn t\u0259dbirl\u0259r g\u00f6r\u0259c\u0259kl\u0259r. Bununla \u0259laq\u0259li ayr\u0131ca sazi\u015fd\u0259 raz\u0131la\u015fd\u0131r\u0131lacaq;<\/li>\n\n\n\n<li>T\u0259r\u0259fl\u0259r, iqtisadiyyat, tranzit v\u0259 n\u0259qliyyat, \u0259traf m\u00fchit, humanitar v\u0259 m\u0259d\u0259niyy\u0259t daxil olmaqla, m\u00fcxt\u0259lif sah\u0259l\u0259rd\u0259 \u0259m\u0259kda\u015fl\u0131\u011f\u0131n t\u0259sis edilm\u0259si \u00fc\u00e7\u00fcn ayr\u0131ca raz\u0131la\u015fmalar ba\u011flaya bil\u0259rl\u0259r;<\/li>\n\n\n\n<li>Haz\u0131rki Sazi\u015f t\u0259r\u0259fl\u0259rin beyn\u0259lxaq h\u00fcquq v\u0259 onlar\u0131n h\u0259r birinin dig\u0259r BMT- y\u0259 \u00fczv d\u00f6vl\u0259tl\u0259ri il\u0259 ba\u011flanm\u0131\u015f m\u00fcqavil\u0259l\u0259r \u00fczr\u0259 h\u00fcquq v\u0259 \u00f6hd\u0259likl\u0259rin\u0259 x\u0259l\u0259l g\u0259tirmir;<\/li>\n\n\n\n<li>H\u0259r iki \u00f6lk\u0259 ikit\u0259r\u0259fli m\u00fcnasib\u0259tl\u0259rind\u0259 beyn\u0259lxalq h\u00fcququ v\u0259 bu sazi\u015fi r\u0259hb\u0259r tutacaqlar, onlardan he\u00e7 biri \u00f6z\u00fcn\u00fcn daxili qanunvericiliyinin m\u00fcdd\u0259alar\u0131na bu sazi\u015fi icra etm\u0259m\u0259y\u0259 haqq qazand\u0131rmaq \u00fc\u00e7\u00fcn istinad etm\u0259y\u0259c\u0259kl\u0259r;<\/li>\n\n\n\n<li>Bu sazi\u015fin icras\u0131na n\u0259zar\u0259t m\u0259qs\u0259dil\u0259 ikit\u0259r\u0259fli komissiyalar t\u0259sis edil\u0259c\u0259k;<\/li>\n\n\n\n<li>T\u0259r\u0259fl\u0259r, onlar\u0131n beyn\u0259lxalq h\u00fcquq v\u0259 qar\u015f\u0131l\u0131ql\u0131 m\u00fcnasib\u0259tl\u0259rind\u0259 onlar \u00fc\u00e7\u00fcn m\u0259cburi xarakter da\u015f\u0131yan m\u00fcqavil\u0259l\u0259r \u00fczr\u0259 h\u00fcquq v\u0259 \u00f6hd\u0259likl\u0259rin\u0259 x\u0259l\u0259l g\u0259tirm\u0259d\u0259n birba\u015fa m\u0259sl\u0259h\u0259tl\u0259\u015fm\u0259l\u0259r yolu il\u0259 h\u0259ll etm\u0259k istiqam\u0259tind\u0259 \u00e7al\u0131\u015facaqlar;<\/li>\n\n\n\n<li>Az\u0259rbaycan v\u0259 Erm\u0259nistan h\u00fcquqi m\u00fcst\u0259vid\u0259 onlar aras\u0131nda bu Sazi\u015fin imzalanmas\u0131ndan \u0259vv\u0259l m\u00f6vcud olan b\u00fct\u00fcn d\u00f6vl\u0259tl\u0259raras\u0131 iddialar\u0131, \u015fikay\u0259tl\u0259ri, etirazlar\u0131, iradlar\u0131, icraatlar\u0131 v\u0259 m\u00fcbahis\u0259l\u0259ri bu sazi\u015fin q\u00fcvv\u0259y\u0259 mindiyi g\u00fcnd\u0259n bir ay \u0259rzind\u0259 geri \u00e7\u0259k\u0259c\u0259k, xitam ver\u0259c\u0259kl\u0259r;<\/li>\n\n\n\n<li>Bu sazi\u015f t\u0259r\u0259fl\u0259rin \u00f6z milli qanunvericilikl\u0259rin\u0259 uy\u011fun olaraq daxili prosedurlar\u0131n bitm\u0259si bar\u0259d\u0259 bildiri\u015f s\u0259n\u0259dl\u0259rinin m\u00fcbadil\u0259sind\u0259n sonra q\u00fcvv\u0259y\u0259 min\u0259c\u0259k.<\/li>\n<\/ul>\n\n\n\n<p>V\u0259 son olaraq bildirilir ki, bu sazi\u015f Az\u0259rbaycan, erm\u0259ni v\u0259 ingilis dill\u0259rind\u0259 ba\u011flan\u0131l\u0131b v\u0259 h\u0259r \u00fc\u00e7 m\u0259tn b\u0259rab\u0259rh\u00fcquql\u00fcd\u00fcr. H\u0259r hans\u0131 m\u0259tnin m\u00fcdd\u0259as\u0131n\u0131n t\u0259fsirind\u0259 fikir ayr\u0131l\u0131\u011f\u0131 olduqda ingilis dilind\u0259ki m\u0259tn \u00fcst\u00fcnl\u00fck t\u0259\u015fkil ed\u0259c\u0259k.<\/p>\n","protected":false},"excerpt":{"rendered":"<p>\u201cAz\u0259rbaycan Respublikas\u0131 v\u0259 Erm\u0259nistan Respublikas\u0131 aras\u0131nda s\u00fclh\u00fcn v\u0259 d\u00f6vl\u0259tl\u0259raras\u0131 m\u00fcnasib\u0259tl\u0259rin &#8230; <\/p>\n<p class=\"read-more-container\"><a title=\"Az\u0259rbaycan v\u0259 Erm\u0259nistan aras\u0131ndak\u0131 s\u00fclh sazi\u015finin paraflanm\u0131\u015f m\u0259tni yay\u0131l\u0131b\" class=\"read-more button\" href=\"https:\/\/www.meydan.tv\/az\/article\/az%c9%99rbaycan-v%c9%99-erm%c9%99nistan-arasindaki-sulh-sazisinin-paraflanmis-m%c9%99tni-yayilib\/#more-334119\" aria-label=\"Read more about Az\u0259rbaycan v\u0259 Erm\u0259nistan aras\u0131ndak\u0131 s\u00fclh sazi\u015finin paraflanm\u0131\u015f m\u0259tni yay\u0131l\u0131b\">Davam\u0131<\/a><\/p>\n","protected":false},"author":21,"featured_media":334121,"comment_status":"closed","ping_status":"closed","sticky":false,"template":"","format":"standard","meta":{"_acf_changed":false,"_sitemap_exclude":false,"_sitemap_priority":"","_sitemap_frequency":"","footnotes":""},"categories":[59,79,56],"tags":[],"class_list":["post-334119","post","type-post","status-publish","format-standard","has-post-thumbnail","hentry","category-siyaset","category-featured","category-xeberler","infinite-scroll-item","generate-columns","tablet-grid-50","mobile-grid-100","grid-parent","grid-33","no-featured-image-padding"],"acf":[],"yoast_head":"<!-- This site is optimized with the Yoast SEO plugin v27.4 - https:\/\/yoast.com\/product\/yoast-seo-wordpress\/ -->\n<title>Az\u0259rbaycan v\u0259 Erm\u0259nistan aras\u0131ndak\u0131 s\u00fclh sazi\u015finin paraflanm\u0131\u015f m\u0259tni yay\u0131l\u0131b - MEYDAN.TV<\/title>\n<meta name=\"robots\" content=\"index, follow, max-snippet:-1, max-image-preview:large, max-video-preview:-1\" \/>\n<link rel=\"canonical\" href=\"https:\/\/www.meydan.tv\/az\/article\/az%c9%99rbaycan-v%c9%99-erm%c9%99nistan-arasindaki-sulh-sazisinin-paraflanmis-m%c9%99tni-yayilib\/\" \/>\n<meta property=\"og:locale\" content=\"az_AZ\" \/>\n<meta property=\"og:type\" content=\"article\" \/>\n<meta property=\"og:title\" content=\"Az\u0259rbaycan v\u0259 Erm\u0259nistan aras\u0131ndak\u0131 s\u00fclh sazi\u015finin paraflanm\u0131\u015f m\u0259tni yay\u0131l\u0131b - MEYDAN.TV\" \/>\n<meta property=\"og:description\" content=\"\u201cAz\u0259rbaycan Respublikas\u0131 v\u0259 Erm\u0259nistan Respublikas\u0131 aras\u0131nda s\u00fclh\u00fcn v\u0259 d\u00f6vl\u0259tl\u0259raras\u0131 m\u00fcnasib\u0259tl\u0259rin ... Davam\u0131\" \/>\n<meta property=\"og:url\" content=\"https:\/\/www.meydan.tv\/az\/article\/az%c9%99rbaycan-v%c9%99-erm%c9%99nistan-arasindaki-sulh-sazisinin-paraflanmis-m%c9%99tni-yayilib\/\" \/>\n<meta property=\"og:site_name\" content=\"MEYDAN.TV\" \/>\n<meta property=\"article:published_time\" content=\"2025-08-11T14:12:31+00:00\" \/>\n<meta property=\"article:modified_time\" content=\"2025-08-11T14:12:35+00:00\" \/>\n<meta property=\"og:image\" content=\"https:\/\/www.meydan.tv\/wp-content\/uploads\/09786.png\" \/>\n\t<meta property=\"og:image:width\" content=\"1179\" \/>\n\t<meta property=\"og:image:height\" content=\"576\" \/>\n\t<meta property=\"og:image:type\" content=\"image\/png\" \/>\n<meta name=\"author\" content=\"mahmud\" \/>\n<meta name=\"twitter:card\" content=\"summary_large_image\" \/>\n<script type=\"application\/ld+json\" class=\"yoast-schema-graph\">{\"@context\":\"https:\\\/\\\/schema.org\",\"@graph\":[{\"@type\":\"Article\",\"@id\":\"https:\\\/\\\/www.meydan.tv\\\/az\\\/article\\\/az%c9%99rbaycan-v%c9%99-erm%c9%99nistan-arasindaki-sulh-sazisinin-paraflanmis-m%c9%99tni-yayilib\\\/#article\",\"isPartOf\":{\"@id\":\"https:\\\/\\\/www.meydan.tv\\\/az\\\/article\\\/az%c9%99rbaycan-v%c9%99-erm%c9%99nistan-arasindaki-sulh-sazisinin-paraflanmis-m%c9%99tni-yayilib\\\/\"},\"author\":{\"name\":\"mahmud\",\"@id\":\"https:\\\/\\\/www.meydan.tv\\\/az\\\/#\\\/schema\\\/person\\\/09863e516102a829e72bedcf3f84c6b0\"},\"headline\":\"Az\u0259rbaycan v\u0259 Erm\u0259nistan aras\u0131ndak\u0131 s\u00fclh sazi\u015finin paraflanm\u0131\u015f m\u0259tni yay\u0131l\u0131b\",\"datePublished\":\"2025-08-11T14:12:31+00:00\",\"dateModified\":\"2025-08-11T14:12:35+00:00\",\"mainEntityOfPage\":{\"@id\":\"https:\\\/\\\/www.meydan.tv\\\/az\\\/article\\\/az%c9%99rbaycan-v%c9%99-erm%c9%99nistan-arasindaki-sulh-sazisinin-paraflanmis-m%c9%99tni-yayilib\\\/\"},\"wordCount\":890,\"publisher\":{\"@id\":\"https:\\\/\\\/www.meydan.tv\\\/az\\\/#organization\"},\"image\":{\"@id\":\"https:\\\/\\\/www.meydan.tv\\\/az\\\/article\\\/az%c9%99rbaycan-v%c9%99-erm%c9%99nistan-arasindaki-sulh-sazisinin-paraflanmis-m%c9%99tni-yayilib\\\/#primaryimage\"},\"thumbnailUrl\":\"https:\\\/\\\/www.meydan.tv\\\/wp-content\\\/uploads\\\/09786.png\",\"articleSection\":[\"Siyas\u0259t\",\"T\u00f6vsiy\u0259\",\"X\u0259b\u0259rl\u0259r\"],\"inLanguage\":\"az\"},{\"@type\":\"WebPage\",\"@id\":\"https:\\\/\\\/www.meydan.tv\\\/az\\\/article\\\/az%c9%99rbaycan-v%c9%99-erm%c9%99nistan-arasindaki-sulh-sazisinin-paraflanmis-m%c9%99tni-yayilib\\\/\",\"url\":\"https:\\\/\\\/www.meydan.tv\\\/az\\\/article\\\/az%c9%99rbaycan-v%c9%99-erm%c9%99nistan-arasindaki-sulh-sazisinin-paraflanmis-m%c9%99tni-yayilib\\\/\",\"name\":\"Az\u0259rbaycan v\u0259 Erm\u0259nistan aras\u0131ndak\u0131 s\u00fclh sazi\u015finin paraflanm\u0131\u015f m\u0259tni yay\u0131l\u0131b - MEYDAN.TV\",\"isPartOf\":{\"@id\":\"https:\\\/\\\/www.meydan.tv\\\/az\\\/#website\"},\"primaryImageOfPage\":{\"@id\":\"https:\\\/\\\/www.meydan.tv\\\/az\\\/article\\\/az%c9%99rbaycan-v%c9%99-erm%c9%99nistan-arasindaki-sulh-sazisinin-paraflanmis-m%c9%99tni-yayilib\\\/#primaryimage\"},\"image\":{\"@id\":\"https:\\\/\\\/www.meydan.tv\\\/az\\\/article\\\/az%c9%99rbaycan-v%c9%99-erm%c9%99nistan-arasindaki-sulh-sazisinin-paraflanmis-m%c9%99tni-yayilib\\\/#primaryimage\"},\"thumbnailUrl\":\"https:\\\/\\\/www.meydan.tv\\\/wp-content\\\/uploads\\\/09786.png\",\"datePublished\":\"2025-08-11T14:12:31+00:00\",\"dateModified\":\"2025-08-11T14:12:35+00:00\",\"breadcrumb\":{\"@id\":\"https:\\\/\\\/www.meydan.tv\\\/az\\\/article\\\/az%c9%99rbaycan-v%c9%99-erm%c9%99nistan-arasindaki-sulh-sazisinin-paraflanmis-m%c9%99tni-yayilib\\\/#breadcrumb\"},\"inLanguage\":\"az\",\"potentialAction\":[{\"@type\":\"ReadAction\",\"target\":[\"https:\\\/\\\/www.meydan.tv\\\/az\\\/article\\\/az%c9%99rbaycan-v%c9%99-erm%c9%99nistan-arasindaki-sulh-sazisinin-paraflanmis-m%c9%99tni-yayilib\\\/\"]}]},{\"@type\":\"ImageObject\",\"inLanguage\":\"az\",\"@id\":\"https:\\\/\\\/www.meydan.tv\\\/az\\\/article\\\/az%c9%99rbaycan-v%c9%99-erm%c9%99nistan-arasindaki-sulh-sazisinin-paraflanmis-m%c9%99tni-yayilib\\\/#primaryimage\",\"url\":\"https:\\\/\\\/www.meydan.tv\\\/wp-content\\\/uploads\\\/09786.png\",\"contentUrl\":\"https:\\\/\\\/www.meydan.tv\\\/wp-content\\\/uploads\\\/09786.png\",\"width\":1179,\"height\":576,\"caption\":\"\u0130lham \u018fliyev, Donald Tramp v\u0259 Nikol Pa\u015finyan. Foto: Az\u0259rtac\"},{\"@type\":\"BreadcrumbList\",\"@id\":\"https:\\\/\\\/www.meydan.tv\\\/az\\\/article\\\/az%c9%99rbaycan-v%c9%99-erm%c9%99nistan-arasindaki-sulh-sazisinin-paraflanmis-m%c9%99tni-yayilib\\\/#breadcrumb\",\"itemListElement\":[{\"@type\":\"ListItem\",\"position\":1,\"name\":\"Ana s\u0259hif\u0259\",\"item\":\"https:\\\/\\\/www.meydan.tv\\\/az\\\/\"},{\"@type\":\"ListItem\",\"position\":2,\"name\":\"Siyas\u0259t\",\"item\":\"https:\\\/\\\/www.meydan.tv\\\/az\\\/section\\\/siyaset\\\/\"},{\"@type\":\"ListItem\",\"position\":3,\"name\":\"Az\u0259rbaycan v\u0259 Erm\u0259nistan aras\u0131ndak\u0131 s\u00fclh sazi\u015finin paraflanm\u0131\u015f m\u0259tni yay\u0131l\u0131b\"}]},{\"@type\":\"WebSite\",\"@id\":\"https:\\\/\\\/www.meydan.tv\\\/az\\\/#website\",\"url\":\"https:\\\/\\\/www.meydan.tv\\\/az\\\/\",\"name\":\"MEYDAN.TV\",\"description\":\"Meydan TV Az\u0259rbaycan\u0131n media m\u0259kan\u0131ndak\u0131 alternativ s\u0259sidir\",\"publisher\":{\"@id\":\"https:\\\/\\\/www.meydan.tv\\\/az\\\/#organization\"},\"potentialAction\":[{\"@type\":\"SearchAction\",\"target\":{\"@type\":\"EntryPoint\",\"urlTemplate\":\"https:\\\/\\\/www.meydan.tv\\\/az\\\/?s={search_term_string}\"},\"query-input\":{\"@type\":\"PropertyValueSpecification\",\"valueRequired\":true,\"valueName\":\"search_term_string\"}}],\"inLanguage\":\"az\"},{\"@type\":\"Organization\",\"@id\":\"https:\\\/\\\/www.meydan.tv\\\/az\\\/#organization\",\"name\":\"Meydan TV\",\"url\":\"https:\\\/\\\/www.meydan.tv\\\/az\\\/\",\"logo\":{\"@type\":\"ImageObject\",\"inLanguage\":\"az\",\"@id\":\"https:\\\/\\\/www.meydan.tv\\\/az\\\/#\\\/schema\\\/logo\\\/image\\\/\",\"url\":\"https:\\\/\\\/www.meydan.tv\\\/wp-content\\\/uploads\\\/2021\\\/07\\\/meydan-logo.svg\",\"contentUrl\":\"https:\\\/\\\/www.meydan.tv\\\/wp-content\\\/uploads\\\/2021\\\/07\\\/meydan-logo.svg\",\"width\":195,\"height\":46,\"caption\":\"Meydan TV\"},\"image\":{\"@id\":\"https:\\\/\\\/www.meydan.tv\\\/az\\\/#\\\/schema\\\/logo\\\/image\\\/\"}},{\"@type\":\"Person\",\"@id\":\"https:\\\/\\\/www.meydan.tv\\\/az\\\/#\\\/schema\\\/person\\\/09863e516102a829e72bedcf3f84c6b0\",\"name\":\"mahmud\"}]}<\/script>\n<!-- \/ Yoast SEO plugin. -->","yoast_head_json":{"title":"Az\u0259rbaycan v\u0259 Erm\u0259nistan aras\u0131ndak\u0131 s\u00fclh sazi\u015finin paraflanm\u0131\u015f m\u0259tni yay\u0131l\u0131b - MEYDAN.TV","robots":{"index":"index","follow":"follow","max-snippet":"max-snippet:-1","max-image-preview":"max-image-preview:large","max-video-preview":"max-video-preview:-1"},"canonical":"https:\/\/www.meydan.tv\/az\/article\/az%c9%99rbaycan-v%c9%99-erm%c9%99nistan-arasindaki-sulh-sazisinin-paraflanmis-m%c9%99tni-yayilib\/","og_locale":"az_AZ","og_type":"article","og_title":"Az\u0259rbaycan v\u0259 Erm\u0259nistan aras\u0131ndak\u0131 s\u00fclh sazi\u015finin paraflanm\u0131\u015f m\u0259tni yay\u0131l\u0131b - MEYDAN.TV","og_description":"\u201cAz\u0259rbaycan Respublikas\u0131 v\u0259 Erm\u0259nistan Respublikas\u0131 aras\u0131nda s\u00fclh\u00fcn v\u0259 d\u00f6vl\u0259tl\u0259raras\u0131 m\u00fcnasib\u0259tl\u0259rin ... Davam\u0131","og_url":"https:\/\/www.meydan.tv\/az\/article\/az%c9%99rbaycan-v%c9%99-erm%c9%99nistan-arasindaki-sulh-sazisinin-paraflanmis-m%c9%99tni-yayilib\/","og_site_name":"MEYDAN.TV","article_published_time":"2025-08-11T14:12:31+00:00","article_modified_time":"2025-08-11T14:12:35+00:00","og_image":[{"width":1179,"height":576,"url":"https:\/\/www.meydan.tv\/wp-content\/uploads\/09786.png","type":"image\/png"}],"author":"mahmud","twitter_card":"summary_large_image","schema":{"@context":"https:\/\/schema.org","@graph":[{"@type":"Article","@id":"https:\/\/www.meydan.tv\/az\/article\/az%c9%99rbaycan-v%c9%99-erm%c9%99nistan-arasindaki-sulh-sazisinin-paraflanmis-m%c9%99tni-yayilib\/#article","isPartOf":{"@id":"https:\/\/www.meydan.tv\/az\/article\/az%c9%99rbaycan-v%c9%99-erm%c9%99nistan-arasindaki-sulh-sazisinin-paraflanmis-m%c9%99tni-yayilib\/"},"author":{"name":"mahmud","@id":"https:\/\/www.meydan.tv\/az\/#\/schema\/person\/09863e516102a829e72bedcf3f84c6b0"},"headline":"Az\u0259rbaycan v\u0259 Erm\u0259nistan aras\u0131ndak\u0131 s\u00fclh sazi\u015finin paraflanm\u0131\u015f m\u0259tni yay\u0131l\u0131b","datePublished":"2025-08-11T14:12:31+00:00","dateModified":"2025-08-11T14:12:35+00:00","mainEntityOfPage":{"@id":"https:\/\/www.meydan.tv\/az\/article\/az%c9%99rbaycan-v%c9%99-erm%c9%99nistan-arasindaki-sulh-sazisinin-paraflanmis-m%c9%99tni-yayilib\/"},"wordCount":890,"publisher":{"@id":"https:\/\/www.meydan.tv\/az\/#organization"},"image":{"@id":"https:\/\/www.meydan.tv\/az\/article\/az%c9%99rbaycan-v%c9%99-erm%c9%99nistan-arasindaki-sulh-sazisinin-paraflanmis-m%c9%99tni-yayilib\/#primaryimage"},"thumbnailUrl":"https:\/\/www.meydan.tv\/wp-content\/uploads\/09786.png","articleSection":["Siyas\u0259t","T\u00f6vsiy\u0259","X\u0259b\u0259rl\u0259r"],"inLanguage":"az"},{"@type":"WebPage","@id":"https:\/\/www.meydan.tv\/az\/article\/az%c9%99rbaycan-v%c9%99-erm%c9%99nistan-arasindaki-sulh-sazisinin-paraflanmis-m%c9%99tni-yayilib\/","url":"https:\/\/www.meydan.tv\/az\/article\/az%c9%99rbaycan-v%c9%99-erm%c9%99nistan-arasindaki-sulh-sazisinin-paraflanmis-m%c9%99tni-yayilib\/","name":"Az\u0259rbaycan v\u0259 Erm\u0259nistan aras\u0131ndak\u0131 s\u00fclh sazi\u015finin paraflanm\u0131\u015f m\u0259tni yay\u0131l\u0131b - MEYDAN.TV","isPartOf":{"@id":"https:\/\/www.meydan.tv\/az\/#website"},"primaryImageOfPage":{"@id":"https:\/\/www.meydan.tv\/az\/article\/az%c9%99rbaycan-v%c9%99-erm%c9%99nistan-arasindaki-sulh-sazisinin-paraflanmis-m%c9%99tni-yayilib\/#primaryimage"},"image":{"@id":"https:\/\/www.meydan.tv\/az\/article\/az%c9%99rbaycan-v%c9%99-erm%c9%99nistan-arasindaki-sulh-sazisinin-paraflanmis-m%c9%99tni-yayilib\/#primaryimage"},"thumbnailUrl":"https:\/\/www.meydan.tv\/wp-content\/uploads\/09786.png","datePublished":"2025-08-11T14:12:31+00:00","dateModified":"2025-08-11T14:12:35+00:00","breadcrumb":{"@id":"https:\/\/www.meydan.tv\/az\/article\/az%c9%99rbaycan-v%c9%99-erm%c9%99nistan-arasindaki-sulh-sazisinin-paraflanmis-m%c9%99tni-yayilib\/#breadcrumb"},"inLanguage":"az","potentialAction":[{"@type":"ReadAction","target":["https:\/\/www.meydan.tv\/az\/article\/az%c9%99rbaycan-v%c9%99-erm%c9%99nistan-arasindaki-sulh-sazisinin-paraflanmis-m%c9%99tni-yayilib\/"]}]},{"@type":"ImageObject","inLanguage":"az","@id":"https:\/\/www.meydan.tv\/az\/article\/az%c9%99rbaycan-v%c9%99-erm%c9%99nistan-arasindaki-sulh-sazisinin-paraflanmis-m%c9%99tni-yayilib\/#primaryimage","url":"https:\/\/www.meydan.tv\/wp-content\/uploads\/09786.png","contentUrl":"https:\/\/www.meydan.tv\/wp-content\/uploads\/09786.png","width":1179,"height":576,"caption":"\u0130lham \u018fliyev, Donald Tramp v\u0259 Nikol Pa\u015finyan. Foto: Az\u0259rtac"},{"@type":"BreadcrumbList","@id":"https:\/\/www.meydan.tv\/az\/article\/az%c9%99rbaycan-v%c9%99-erm%c9%99nistan-arasindaki-sulh-sazisinin-paraflanmis-m%c9%99tni-yayilib\/#breadcrumb","itemListElement":[{"@type":"ListItem","position":1,"name":"Ana s\u0259hif\u0259","item":"https:\/\/www.meydan.tv\/az\/"},{"@type":"ListItem","position":2,"name":"Siyas\u0259t","item":"https:\/\/www.meydan.tv\/az\/section\/siyaset\/"},{"@type":"ListItem","position":3,"name":"Az\u0259rbaycan v\u0259 Erm\u0259nistan aras\u0131ndak\u0131 s\u00fclh sazi\u015finin paraflanm\u0131\u015f m\u0259tni yay\u0131l\u0131b"}]},{"@type":"WebSite","@id":"https:\/\/www.meydan.tv\/az\/#website","url":"https:\/\/www.meydan.tv\/az\/","name":"MEYDAN.TV","description":"Meydan TV Az\u0259rbaycan\u0131n media m\u0259kan\u0131ndak\u0131 alternativ s\u0259sidir","publisher":{"@id":"https:\/\/www.meydan.tv\/az\/#organization"},"potentialAction":[{"@type":"SearchAction","target":{"@type":"EntryPoint","urlTemplate":"https:\/\/www.meydan.tv\/az\/?s={search_term_string}"},"query-input":{"@type":"PropertyValueSpecification","valueRequired":true,"valueName":"search_term_string"}}],"inLanguage":"az"},{"@type":"Organization","@id":"https:\/\/www.meydan.tv\/az\/#organization","name":"Meydan TV","url":"https:\/\/www.meydan.tv\/az\/","logo":{"@type":"ImageObject","inLanguage":"az","@id":"https:\/\/www.meydan.tv\/az\/#\/schema\/logo\/image\/","url":"https:\/\/www.meydan.tv\/wp-content\/uploads\/2021\/07\/meydan-logo.svg","contentUrl":"https:\/\/www.meydan.tv\/wp-content\/uploads\/2021\/07\/meydan-logo.svg","width":195,"height":46,"caption":"Meydan TV"},"image":{"@id":"https:\/\/www.meydan.tv\/az\/#\/schema\/logo\/image\/"}},{"@type":"Person","@id":"https:\/\/www.meydan.tv\/az\/#\/schema\/person\/09863e516102a829e72bedcf3f84c6b0","name":"mahmud"}]}},"_links":{"self":[{"href":"https:\/\/www.meydan.tv\/az\/wp-json\/wp\/v2\/posts\/334119","targetHints":{"allow":["GET"]}}],"collection":[{"href":"https:\/\/www.meydan.tv\/az\/wp-json\/wp\/v2\/posts"}],"about":[{"href":"https:\/\/www.meydan.tv\/az\/wp-json\/wp\/v2\/types\/post"}],"author":[{"embeddable":true,"href":"https:\/\/www.meydan.tv\/az\/wp-json\/wp\/v2\/users\/21"}],"replies":[{"embeddable":true,"href":"https:\/\/www.meydan.tv\/az\/wp-json\/wp\/v2\/comments?post=334119"}],"version-history":[{"count":3,"href":"https:\/\/www.meydan.tv\/az\/wp-json\/wp\/v2\/posts\/334119\/revisions"}],"predecessor-version":[{"id":334127,"href":"https:\/\/www.meydan.tv\/az\/wp-json\/wp\/v2\/posts\/334119\/revisions\/334127"}],"wp:featuredmedia":[{"embeddable":true,"href":"https:\/\/www.meydan.tv\/az\/wp-json\/wp\/v2\/media\/334121"}],"wp:attachment":[{"href":"https:\/\/www.meydan.tv\/az\/wp-json\/wp\/v2\/media?parent=334119"}],"wp:term":[{"taxonomy":"category","embeddable":true,"href":"https:\/\/www.meydan.tv\/az\/wp-json\/wp\/v2\/categories?post=334119"},{"taxonomy":"post_tag","embeddable":true,"href":"https:\/\/www.meydan.tv\/az\/wp-json\/wp\/v2\/tags?post=334119"}],"curies":[{"name":"wp","href":"https:\/\/api.w.org\/{rel}","templated":true}]}}