{"id":334114,"date":"2025-08-11T16:01:22","date_gmt":"2025-08-11T12:01:22","guid":{"rendered":"https:\/\/www.meydan.tv\/?p=334114"},"modified":"2025-08-11T16:01:25","modified_gmt":"2025-08-11T12:01:25","slug":"pasinyan-rusiya-v%c9%99-iran-prezidentl%c9%99rin%c9%99-az%c9%99rbaycanla-imzaladigi-sazis-bar%c9%99d%c9%99-m%c9%99lumat-verib","status":"publish","type":"post","link":"https:\/\/www.meydan.tv\/az\/article\/pasinyan-rusiya-v%c9%99-iran-prezidentl%c9%99rin%c9%99-az%c9%99rbaycanla-imzaladigi-sazis-bar%c9%99d%c9%99-m%c9%99lumat-verib\/","title":{"rendered":"Pa\u015finyan Rusiya v\u0259 \u0130ran prezidentl\u0259rin\u0259 Az\u0259rbaycanla imzalad\u0131\u011f\u0131 sazi\u015f bar\u0259d\u0259 m\u0259lumat verib"},"content":{"rendered":"\n<p>Bu g\u00fcn, avqustun 11-d\u0259 Erm\u0259nistan\u0131n Ba\u015f naziri Nikol Pa\u015finyanla Rusiya Prezidenti Vladimir Putin aras\u0131nda telefon dan\u0131\u015f\u0131\u011f\u0131 olub.<\/p>\n\n\n\n<p>Bu bar\u0259d\u0259 Ba\u015f nazirin sayt\u0131 <a href=\"https:\/\/www.primeminister.am\/ru\/press-release\/item\/2025\/03\/14\/Nikol-Pashinyan-Telephone-Conversation\/\" target=\"_blank\" rel=\"noreferrer noopener\">m\u0259lumat<\/a> yay\u0131b. <\/p>\n\n\n\n<p>Erm\u0259nistan\u0131n Ba\u015f naziri Rusiya Prezidentin\u0259 \u201cErm\u0259nistanla Az\u0259rbaycan aras\u0131nda s\u00fclh v\u0259 d\u00f6vl\u0259tl\u0259raras\u0131 m\u00fcnasib\u0259tl\u0259rin qurulmas\u0131 haqq\u0131nda M\u00fcqavil\u0259\u201dnin layih\u0259sinin m\u0259tninin t\u0259sdiql\u0259nm\u0259si v\u0259 m\u0259tnin layih\u0259sinin t\u0259sdiqi il\u0259 ba\u011fl\u0131 dan\u0131\u015f\u0131qlar\u0131n ba\u015fa \u00e7atmas\u0131 bar\u0259d\u0259 m\u0259lumat verib.<\/p>\n\n\n\n<p>Bundan ba\u015fqa regional v\u0259 ikit\u0259r\u0259fli m\u00fcnasib\u0259tl\u0259r d\u0259 m\u00fczakir\u0259 edilib.<\/p>\n\n\n\n<p>Pa\u015finyan\u0131n m\u0259tbuat katibi\u00a0Nazeli Ba\u011fdasaryan is\u0259 r\u0259smi \u201cFacebook\u201d s\u0259hif\u0259sind\u0259 <a href=\"https:\/\/www.facebook.com\/nazelibaghdasaryan.official\/posts\/pfbid02ii4wNS1gbDvaBdixAiBgiUWJutQDsU3dn1dEVyWu34w74rL5Sm9nsQz3DkcbrYWul\" target=\"_blank\" rel=\"noreferrer noopener nofollow\">yaz\u0131b<\/a> ki, Ba\u015f nazir, Rusiya Prezidentin\u0259 bu il avqustun 8-d\u0259 AB\u015e-nin paytaxt\u0131 Va\u015finqtonda ke\u00e7irilmi\u015f dan\u0131\u015f\u0131qlar\u0131n n\u0259tic\u0259l\u0259rini t\u0259qdim edib. X\u00fcsusil\u0259 \u201cErm\u0259nistan v\u0259 Az\u0259rbaycan aras\u0131nda s\u00fclh v\u0259 d\u00f6vl\u0259tl\u0259raras\u0131 m\u00fcnasib\u0259tl\u0259r haqq\u0131nda sazi\u015f\u201din paraflanmas\u0131, AT\u018fT Minsk Qrupu mexanizml\u0259rinin l\u0259\u011fvi il\u0259 ba\u011fl\u0131 AT\u018fT-\u0259 \u00fcnvanlanan birg\u0259 m\u00fcraci\u0259t, regional kommunikasiyalar\u0131n \u00f6lk\u0259l\u0259rin \u0259razi b\u00fct\u00f6vl\u00fcy\u00fc, suverenliyi, yurisdiksiyas\u0131 prinsipl\u0259ri \u00e7\u0259r\u00e7iv\u0259sind\u0259 v\u0259 qar\u015f\u0131l\u0131ql\u0131l\u0131q \u0259sas\u0131nda a\u00e7\u0131lmas\u0131, h\u0259m\u00e7inin \u201cBeyn\u0259lxalq s\u00fclh v\u0259 rifah namin\u0259 Tramp yolu\u201d layih\u0259si bar\u0259d\u0259 m\u0259lumat verib.<\/p>\n\n\n\n<p><em>\u201cBa\u015f nazir \u0259min oldu\u011funu bildirib ki, Erm\u0259nistan v\u0259 Az\u0259rbaycan aras\u0131nda s\u00fclh\u00fcn b\u0259rq\u0259rar olmas\u0131 t\u0259kc\u0259 Erm\u0259nistan v\u0259 Az\u0259rbaycan \u00fc\u00e7\u00fcn deyil, h\u0259m d\u0259 b\u00fct\u00fcn region \u00f6lk\u0259l\u0259ri \u00fc\u00e7\u00fcn yeni imkanlar a\u00e7\u0131r. H\u0259ms\u00f6hb\u0259tl\u0259r f\u0259al t\u0259maslar\u0131 v\u0259 siyasi dialoqu davam etdirm\u0259k bar\u0259d\u0259 raz\u0131l\u0131\u011fa g\u0259libl\u0259r\u201d, &#8211;  <\/em>Ba\u011fdasaryan bel\u0259 yaz\u0131b.<\/p>\n\n\n\n<p>Bu arada Nikol Pa\u015finyan il\u0259 \u0130ran \u0130slam Respublikas\u0131n\u0131n Prezidenti M\u0259sud Peze\u015fkian aras\u0131nda da<a href=\"https:\/\/www.facebook.com\/nazelibaghdasaryan.official\/posts\/pfbid02a8wkH86gVSisYMt4M1XmwXhXK7FDJ72MtS3Cw9FFqzW6YRE78aLZGXsuicjeVYGXl\" target=\"_blank\" rel=\"noreferrer noopener\"> telefon dan\u0131\u015f\u0131\u011f\u0131<\/a> olub.<\/p>\n\n\n\n<p><em>\u201cErm\u0259nistan\u0131n Ba\u015f naziri AB\u015e-nin paytaxt\u0131 Va\u015finqtonda ke\u00e7iril\u0259n dan\u0131\u015f\u0131qlar\u0131n n\u0259tic\u0259l\u0259rini \u0130ran \u0130slam Respublikas\u0131n\u0131n Prezidentin\u0259 t\u0259qdim ed\u0259r\u0259k, Erm\u0259nistan v\u0259 Az\u0259rbaycan aras\u0131nda yarad\u0131lm\u0131\u015f s\u00fclh\u00fcn region \u00fc\u00e7\u00fcn geni\u015f imkanlar a\u00e7d\u0131\u011f\u0131n\u0131 vur\u011fulay\u0131b.<\/em><\/p>\n\n\n\n<p><em>Ba\u015f nazir Pa\u015finyan vur\u011fulay\u0131b ki, regional kommunikasiya kanallar\u0131 \u00f6lk\u0259l\u0259rin \u0259razi b\u00fct\u00f6vl\u00fcy\u00fc, suverenliyi v\u0259 yurisdiksiyas\u0131 prinsipl\u0259ri \u00e7\u0259r\u00e7iv\u0259sind\u0259 v\u0259 qar\u015f\u0131l\u0131ql\u0131l\u0131q \u0259sas\u0131nda f\u0259aliyy\u0259t g\u00f6st\u0259r\u0259c\u0259k\u201d, <\/em>&#8211; m\u0259lumatda bel\u0259 deyilir.<\/p>\n\n\n\n<p>M\u0259lumatda h\u0259m\u00e7inin bildirilir ki, Ba\u015f nazir Va\u015finqton raz\u0131la\u015fmalar\u0131n\u0131 obyektiv qiym\u0259tl\u0259ndirm\u0259sin\u0259 g\u00f6r\u0259 \u0130ran Prezidentin\u0259 t\u0259\u015f\u0259kk\u00fcr edib v\u0259 onun Erm\u0259nistana g\u00f6zl\u0259nil\u0259n s\u0259f\u0259rinin \u0259h\u0259miyy\u0259tini vur\u011fulay\u0131b.<\/p>\n\n\n\n<p>Peze\u015fkian is\u0259 Erm\u0259nistan\u0131n suverenliyinin qorunmas\u0131n\u0131n v\u0259 Yerevan-Bak\u0131 tranzit d\u0259hlizinin h\u0259yata ke\u00e7irilm\u0259sind\u0259 h\u0259r hans\u0131 h\u0259rbi v\u0259 ya t\u0259hl\u00fck\u0259sizlik q\u00fcvv\u0259sinin m\u00fcdaxil\u0259 etm\u0259m\u0259sinin vacibliyini <a href=\"https:\/\/en.mehrnews.com\/news\/235278\/Armenia-s-Pashinyan-holds-phone-caIl-with-Iranian-President\" target=\"_blank\" rel=\"noreferrer noopener\">vur\u011fulay\u0131b<\/a>. O, h\u0259m\u00e7inin x\u0259b\u0259rdarl\u0131q edib ki, AB\u015e t\u0259r\u0259fi iqtisadi investisiya ad\u0131 v\u0259 s\u00fclh\u00fc t\u0259min etm\u0259 iddias\u0131 alt\u0131nda Qafqaz regionunda hegemonluq m\u0259qs\u0259dl\u0259ri g\u00fcd\u0259 bil\u0259c\u0259k add\u0131mlar ata bil\u0259r. <\/p>\n\n\n\n<p><em>\u201cOna \u0259min olmaq laz\u0131md\u0131r ki, bu yol h\u0259qiq\u0259t\u0259n s\u00fclh v\u0259 inki\u015faf yolu olacaq, yoxsa xaricil\u0259rin hegemonluq m\u0259qs\u0259dl\u0259rin\u0259 \u00e7atmaq \u00fc\u00e7\u00fcn bir vasit\u0259 olmayacaq,\u201d<\/em> \u2013 o \u0259lav\u0259 edib.<\/p>\n\n\n\n<p>Prezident Peze\u015fkian avqustun 10-da jurnalistl\u0259r\u0259<a href=\"https:\/\/en.mehrnews.com\/news\/235258\/Iran-s-demands-in-Zangezur-Corridor-met-Pezeshkian\" target=\"_blank\" rel=\"noreferrer noopener\"> a\u00e7\u0131qlamas\u0131nda<\/a> Erm\u0259nistan v\u0259 Az\u0259rbaycan liderl\u0259ri aras\u0131nda A\u011f Evd\u0259 imzalanm\u0131\u015f son sazi\u015f bar\u0259d\u0259 bildirmi\u015fdi ki, \u201cTramp yolu&#8221; (TRIPP) bar\u0259d\u0259 sazi\u015f \u0130ran\u0131n t\u0259l\u0259bl\u0259rin\u0259 cavab verir. <\/p>\n\n\n\n<p><em>\u201cBu, x\u0259b\u0259rl\u0259rd\u0259 \u015fi\u015firdildiyi kimi deyil\u201d,<\/em> &nbsp;\u2013 dey\u0259 Prezident bildirib v\u0259 \u0259lav\u0259 edib ki, \u201c<em>\u0130ran \u0130slam Respublikas\u0131n\u0131n t\u0259l\u0259bl\u0259ri yerin\u0259 yetirilib.\u201d<\/em><\/p>\n\n\n\n<p><em>\u201c\u0130slam Respublikas\u0131n\u0131n n\u0259z\u0259rd\u0259 tutdu\u011fu kimi, \u0259razi b\u00fct\u00f6vl\u00fcy\u00fcn\u00fcn qorunmas\u0131, Avropa il\u0259 \u0259laq\u0259nin qurulmas\u0131 v\u0259 onun \u015fimaldan ayr\u0131lmamas\u0131 \u00e7\u0259r\u00e7iv\u0259si bu m\u0259s\u0259l\u0259d\u0259 t\u0259min olunub\u201d.<\/em><\/p>\n\n\n\n<p><em>\u201cYegan\u0259 narahatl\u0131q do\u011furan m\u0259qam is\u0259 odur ki, bu yolu bir erm\u0259ni \u015firk\u0259ti v\u0259 bir Amerika \u015firk\u0259ti tikm\u0259k ist\u0259yir\u201d,\u2013<\/em> o \u0259lav\u0259 edib.<\/p>\n","protected":false},"excerpt":{"rendered":"<p>Bu g\u00fcn, avqustun 11-d\u0259 Erm\u0259nistan\u0131n Ba\u015f naziri Nikol Pa\u015finyanla Rusiya &#8230; <\/p>\n<p class=\"read-more-container\"><a title=\"Pa\u015finyan Rusiya v\u0259 \u0130ran prezidentl\u0259rin\u0259 Az\u0259rbaycanla imzalad\u0131\u011f\u0131 sazi\u015f bar\u0259d\u0259 m\u0259lumat verib\" class=\"read-more button\" href=\"https:\/\/www.meydan.tv\/az\/article\/pasinyan-rusiya-v%c9%99-iran-prezidentl%c9%99rin%c9%99-az%c9%99rbaycanla-imzaladigi-sazis-bar%c9%99d%c9%99-m%c9%99lumat-verib\/#more-334114\" aria-label=\"Read more about Pa\u015finyan Rusiya v\u0259 \u0130ran prezidentl\u0259rin\u0259 Az\u0259rbaycanla imzalad\u0131\u011f\u0131 sazi\u015f bar\u0259d\u0259 m\u0259lumat verib\">Davam\u0131<\/a><\/p>\n","protected":false},"author":21,"featured_media":274006,"comment_status":"closed","ping_status":"closed","sticky":false,"template":"","format":"standard","meta":{"_acf_changed":false,"_sitemap_exclude":false,"_sitemap_priority":"","_sitemap_frequency":"","footnotes":""},"categories":[64,59,79,56],"tags":[],"class_list":["post-334114","post","type-post","status-publish","format-standard","has-post-thumbnail","hentry","category-dunya","category-siyaset","category-featured","category-xeberler","infinite-scroll-item","generate-columns","tablet-grid-50","mobile-grid-100","grid-parent","grid-33","no-featured-image-padding"],"acf":[],"yoast_head":"<!-- This site is optimized with the Yoast SEO plugin v27.5 - https:\/\/yoast.com\/product\/yoast-seo-wordpress\/ -->\n<title>Pa\u015finyan Rusiya v\u0259 \u0130ran prezidentl\u0259rin\u0259 Az\u0259rbaycanla imzalad\u0131\u011f\u0131 sazi\u015f bar\u0259d\u0259 m\u0259lumat verib - MEYDAN.TV<\/title>\n<meta name=\"robots\" content=\"index, follow, max-snippet:-1, max-image-preview:large, max-video-preview:-1\" \/>\n<link rel=\"canonical\" href=\"https:\/\/www.meydan.tv\/az\/article\/pasinyan-rusiya-v%c9%99-iran-prezidentl%c9%99rin%c9%99-az%c9%99rbaycanla-imzaladigi-sazis-bar%c9%99d%c9%99-m%c9%99lumat-verib\/\" \/>\n<meta property=\"og:locale\" content=\"az_AZ\" \/>\n<meta property=\"og:type\" content=\"article\" \/>\n<meta property=\"og:title\" content=\"Pa\u015finyan Rusiya v\u0259 \u0130ran prezidentl\u0259rin\u0259 Az\u0259rbaycanla imzalad\u0131\u011f\u0131 sazi\u015f bar\u0259d\u0259 m\u0259lumat verib - MEYDAN.TV\" \/>\n<meta property=\"og:description\" content=\"Bu g\u00fcn, avqustun 11-d\u0259 Erm\u0259nistan\u0131n Ba\u015f naziri Nikol Pa\u015finyanla Rusiya ... Davam\u0131\" \/>\n<meta property=\"og:url\" content=\"https:\/\/www.meydan.tv\/az\/article\/pasinyan-rusiya-v%c9%99-iran-prezidentl%c9%99rin%c9%99-az%c9%99rbaycanla-imzaladigi-sazis-bar%c9%99d%c9%99-m%c9%99lumat-verib\/\" \/>\n<meta property=\"og:site_name\" content=\"MEYDAN.TV\" \/>\n<meta property=\"article:published_time\" content=\"2025-08-11T12:01:22+00:00\" \/>\n<meta property=\"article:modified_time\" content=\"2025-08-11T12:01:25+00:00\" \/>\n<meta property=\"og:image\" content=\"https:\/\/www.meydan.tv\/wp-content\/uploads\/img_9856-e1683793974116.jpg\" \/>\n\t<meta property=\"og:image:width\" content=\"1200\" \/>\n\t<meta property=\"og:image:height\" content=\"540\" \/>\n\t<meta property=\"og:image:type\" content=\"image\/jpeg\" \/>\n<meta name=\"author\" content=\"mahmud\" \/>\n<meta name=\"twitter:card\" content=\"summary_large_image\" \/>\n<script type=\"application\/ld+json\" class=\"yoast-schema-graph\">{\"@context\":\"https:\\\/\\\/schema.org\",\"@graph\":[{\"@type\":\"Article\",\"@id\":\"https:\\\/\\\/www.meydan.tv\\\/az\\\/article\\\/pasinyan-rusiya-v%c9%99-iran-prezidentl%c9%99rin%c9%99-az%c9%99rbaycanla-imzaladigi-sazis-bar%c9%99d%c9%99-m%c9%99lumat-verib\\\/#article\",\"isPartOf\":{\"@id\":\"https:\\\/\\\/www.meydan.tv\\\/az\\\/article\\\/pasinyan-rusiya-v%c9%99-iran-prezidentl%c9%99rin%c9%99-az%c9%99rbaycanla-imzaladigi-sazis-bar%c9%99d%c9%99-m%c9%99lumat-verib\\\/\"},\"author\":{\"name\":\"mahmud\",\"@id\":\"https:\\\/\\\/www.meydan.tv\\\/az\\\/#\\\/schema\\\/person\\\/09863e516102a829e72bedcf3f84c6b0\"},\"headline\":\"Pa\u015finyan Rusiya v\u0259 \u0130ran prezidentl\u0259rin\u0259 Az\u0259rbaycanla imzalad\u0131\u011f\u0131 sazi\u015f bar\u0259d\u0259 m\u0259lumat verib\",\"datePublished\":\"2025-08-11T12:01:22+00:00\",\"dateModified\":\"2025-08-11T12:01:25+00:00\",\"mainEntityOfPage\":{\"@id\":\"https:\\\/\\\/www.meydan.tv\\\/az\\\/article\\\/pasinyan-rusiya-v%c9%99-iran-prezidentl%c9%99rin%c9%99-az%c9%99rbaycanla-imzaladigi-sazis-bar%c9%99d%c9%99-m%c9%99lumat-verib\\\/\"},\"wordCount\":760,\"publisher\":{\"@id\":\"https:\\\/\\\/www.meydan.tv\\\/az\\\/#organization\"},\"image\":{\"@id\":\"https:\\\/\\\/www.meydan.tv\\\/az\\\/article\\\/pasinyan-rusiya-v%c9%99-iran-prezidentl%c9%99rin%c9%99-az%c9%99rbaycanla-imzaladigi-sazis-bar%c9%99d%c9%99-m%c9%99lumat-verib\\\/#primaryimage\"},\"thumbnailUrl\":\"https:\\\/\\\/www.meydan.tv\\\/wp-content\\\/uploads\\\/img_9856-e1683793974116.jpg\",\"articleSection\":[\"D\u00fcnya\",\"Siyas\u0259t\",\"T\u00f6vsiy\u0259\",\"X\u0259b\u0259rl\u0259r\"],\"inLanguage\":\"az\"},{\"@type\":\"WebPage\",\"@id\":\"https:\\\/\\\/www.meydan.tv\\\/az\\\/article\\\/pasinyan-rusiya-v%c9%99-iran-prezidentl%c9%99rin%c9%99-az%c9%99rbaycanla-imzaladigi-sazis-bar%c9%99d%c9%99-m%c9%99lumat-verib\\\/\",\"url\":\"https:\\\/\\\/www.meydan.tv\\\/az\\\/article\\\/pasinyan-rusiya-v%c9%99-iran-prezidentl%c9%99rin%c9%99-az%c9%99rbaycanla-imzaladigi-sazis-bar%c9%99d%c9%99-m%c9%99lumat-verib\\\/\",\"name\":\"Pa\u015finyan Rusiya v\u0259 \u0130ran prezidentl\u0259rin\u0259 Az\u0259rbaycanla imzalad\u0131\u011f\u0131 sazi\u015f bar\u0259d\u0259 m\u0259lumat verib - MEYDAN.TV\",\"isPartOf\":{\"@id\":\"https:\\\/\\\/www.meydan.tv\\\/az\\\/#website\"},\"primaryImageOfPage\":{\"@id\":\"https:\\\/\\\/www.meydan.tv\\\/az\\\/article\\\/pasinyan-rusiya-v%c9%99-iran-prezidentl%c9%99rin%c9%99-az%c9%99rbaycanla-imzaladigi-sazis-bar%c9%99d%c9%99-m%c9%99lumat-verib\\\/#primaryimage\"},\"image\":{\"@id\":\"https:\\\/\\\/www.meydan.tv\\\/az\\\/article\\\/pasinyan-rusiya-v%c9%99-iran-prezidentl%c9%99rin%c9%99-az%c9%99rbaycanla-imzaladigi-sazis-bar%c9%99d%c9%99-m%c9%99lumat-verib\\\/#primaryimage\"},\"thumbnailUrl\":\"https:\\\/\\\/www.meydan.tv\\\/wp-content\\\/uploads\\\/img_9856-e1683793974116.jpg\",\"datePublished\":\"2025-08-11T12:01:22+00:00\",\"dateModified\":\"2025-08-11T12:01:25+00:00\",\"breadcrumb\":{\"@id\":\"https:\\\/\\\/www.meydan.tv\\\/az\\\/article\\\/pasinyan-rusiya-v%c9%99-iran-prezidentl%c9%99rin%c9%99-az%c9%99rbaycanla-imzaladigi-sazis-bar%c9%99d%c9%99-m%c9%99lumat-verib\\\/#breadcrumb\"},\"inLanguage\":\"az\",\"potentialAction\":[{\"@type\":\"ReadAction\",\"target\":[\"https:\\\/\\\/www.meydan.tv\\\/az\\\/article\\\/pasinyan-rusiya-v%c9%99-iran-prezidentl%c9%99rin%c9%99-az%c9%99rbaycanla-imzaladigi-sazis-bar%c9%99d%c9%99-m%c9%99lumat-verib\\\/\"]}]},{\"@type\":\"ImageObject\",\"inLanguage\":\"az\",\"@id\":\"https:\\\/\\\/www.meydan.tv\\\/az\\\/article\\\/pasinyan-rusiya-v%c9%99-iran-prezidentl%c9%99rin%c9%99-az%c9%99rbaycanla-imzaladigi-sazis-bar%c9%99d%c9%99-m%c9%99lumat-verib\\\/#primaryimage\",\"url\":\"https:\\\/\\\/www.meydan.tv\\\/wp-content\\\/uploads\\\/img_9856-e1683793974116.jpg\",\"contentUrl\":\"https:\\\/\\\/www.meydan.tv\\\/wp-content\\\/uploads\\\/img_9856-e1683793974116.jpg\",\"width\":1200,\"height\":540,\"caption\":\"Nikol Pa\u015finyan. \u0130ll\u00fcstrasiya: Meydan TV\"},{\"@type\":\"BreadcrumbList\",\"@id\":\"https:\\\/\\\/www.meydan.tv\\\/az\\\/article\\\/pasinyan-rusiya-v%c9%99-iran-prezidentl%c9%99rin%c9%99-az%c9%99rbaycanla-imzaladigi-sazis-bar%c9%99d%c9%99-m%c9%99lumat-verib\\\/#breadcrumb\",\"itemListElement\":[{\"@type\":\"ListItem\",\"position\":1,\"name\":\"Ana s\u0259hif\u0259\",\"item\":\"https:\\\/\\\/www.meydan.tv\\\/az\\\/\"},{\"@type\":\"ListItem\",\"position\":2,\"name\":\"D\u00fcnya\",\"item\":\"https:\\\/\\\/www.meydan.tv\\\/az\\\/section\\\/dunya\\\/\"},{\"@type\":\"ListItem\",\"position\":3,\"name\":\"Pa\u015finyan Rusiya v\u0259 \u0130ran prezidentl\u0259rin\u0259 Az\u0259rbaycanla imzalad\u0131\u011f\u0131 sazi\u015f bar\u0259d\u0259 m\u0259lumat verib\"}]},{\"@type\":\"WebSite\",\"@id\":\"https:\\\/\\\/www.meydan.tv\\\/az\\\/#website\",\"url\":\"https:\\\/\\\/www.meydan.tv\\\/az\\\/\",\"name\":\"MEYDAN.TV\",\"description\":\"Meydan TV Az\u0259rbaycan\u0131n media m\u0259kan\u0131ndak\u0131 alternativ s\u0259sidir\",\"publisher\":{\"@id\":\"https:\\\/\\\/www.meydan.tv\\\/az\\\/#organization\"},\"potentialAction\":[{\"@type\":\"SearchAction\",\"target\":{\"@type\":\"EntryPoint\",\"urlTemplate\":\"https:\\\/\\\/www.meydan.tv\\\/az\\\/?s={search_term_string}\"},\"query-input\":{\"@type\":\"PropertyValueSpecification\",\"valueRequired\":true,\"valueName\":\"search_term_string\"}}],\"inLanguage\":\"az\"},{\"@type\":\"Organization\",\"@id\":\"https:\\\/\\\/www.meydan.tv\\\/az\\\/#organization\",\"name\":\"Meydan TV\",\"url\":\"https:\\\/\\\/www.meydan.tv\\\/az\\\/\",\"logo\":{\"@type\":\"ImageObject\",\"inLanguage\":\"az\",\"@id\":\"https:\\\/\\\/www.meydan.tv\\\/az\\\/#\\\/schema\\\/logo\\\/image\\\/\",\"url\":\"https:\\\/\\\/www.meydan.tv\\\/wp-content\\\/uploads\\\/2021\\\/07\\\/meydan-logo.svg\",\"contentUrl\":\"https:\\\/\\\/www.meydan.tv\\\/wp-content\\\/uploads\\\/2021\\\/07\\\/meydan-logo.svg\",\"width\":195,\"height\":46,\"caption\":\"Meydan TV\"},\"image\":{\"@id\":\"https:\\\/\\\/www.meydan.tv\\\/az\\\/#\\\/schema\\\/logo\\\/image\\\/\"}},{\"@type\":\"Person\",\"@id\":\"https:\\\/\\\/www.meydan.tv\\\/az\\\/#\\\/schema\\\/person\\\/09863e516102a829e72bedcf3f84c6b0\",\"name\":\"mahmud\"}]}<\/script>\n<!-- \/ Yoast SEO plugin. -->","yoast_head_json":{"title":"Pa\u015finyan Rusiya v\u0259 \u0130ran prezidentl\u0259rin\u0259 Az\u0259rbaycanla imzalad\u0131\u011f\u0131 sazi\u015f bar\u0259d\u0259 m\u0259lumat verib - MEYDAN.TV","robots":{"index":"index","follow":"follow","max-snippet":"max-snippet:-1","max-image-preview":"max-image-preview:large","max-video-preview":"max-video-preview:-1"},"canonical":"https:\/\/www.meydan.tv\/az\/article\/pasinyan-rusiya-v%c9%99-iran-prezidentl%c9%99rin%c9%99-az%c9%99rbaycanla-imzaladigi-sazis-bar%c9%99d%c9%99-m%c9%99lumat-verib\/","og_locale":"az_AZ","og_type":"article","og_title":"Pa\u015finyan Rusiya v\u0259 \u0130ran prezidentl\u0259rin\u0259 Az\u0259rbaycanla imzalad\u0131\u011f\u0131 sazi\u015f bar\u0259d\u0259 m\u0259lumat verib - MEYDAN.TV","og_description":"Bu g\u00fcn, avqustun 11-d\u0259 Erm\u0259nistan\u0131n Ba\u015f naziri Nikol Pa\u015finyanla Rusiya ... Davam\u0131","og_url":"https:\/\/www.meydan.tv\/az\/article\/pasinyan-rusiya-v%c9%99-iran-prezidentl%c9%99rin%c9%99-az%c9%99rbaycanla-imzaladigi-sazis-bar%c9%99d%c9%99-m%c9%99lumat-verib\/","og_site_name":"MEYDAN.TV","article_published_time":"2025-08-11T12:01:22+00:00","article_modified_time":"2025-08-11T12:01:25+00:00","og_image":[{"width":1200,"height":540,"url":"https:\/\/www.meydan.tv\/wp-content\/uploads\/img_9856-e1683793974116.jpg","type":"image\/jpeg"}],"author":"mahmud","twitter_card":"summary_large_image","schema":{"@context":"https:\/\/schema.org","@graph":[{"@type":"Article","@id":"https:\/\/www.meydan.tv\/az\/article\/pasinyan-rusiya-v%c9%99-iran-prezidentl%c9%99rin%c9%99-az%c9%99rbaycanla-imzaladigi-sazis-bar%c9%99d%c9%99-m%c9%99lumat-verib\/#article","isPartOf":{"@id":"https:\/\/www.meydan.tv\/az\/article\/pasinyan-rusiya-v%c9%99-iran-prezidentl%c9%99rin%c9%99-az%c9%99rbaycanla-imzaladigi-sazis-bar%c9%99d%c9%99-m%c9%99lumat-verib\/"},"author":{"name":"mahmud","@id":"https:\/\/www.meydan.tv\/az\/#\/schema\/person\/09863e516102a829e72bedcf3f84c6b0"},"headline":"Pa\u015finyan Rusiya v\u0259 \u0130ran prezidentl\u0259rin\u0259 Az\u0259rbaycanla imzalad\u0131\u011f\u0131 sazi\u015f bar\u0259d\u0259 m\u0259lumat verib","datePublished":"2025-08-11T12:01:22+00:00","dateModified":"2025-08-11T12:01:25+00:00","mainEntityOfPage":{"@id":"https:\/\/www.meydan.tv\/az\/article\/pasinyan-rusiya-v%c9%99-iran-prezidentl%c9%99rin%c9%99-az%c9%99rbaycanla-imzaladigi-sazis-bar%c9%99d%c9%99-m%c9%99lumat-verib\/"},"wordCount":760,"publisher":{"@id":"https:\/\/www.meydan.tv\/az\/#organization"},"image":{"@id":"https:\/\/www.meydan.tv\/az\/article\/pasinyan-rusiya-v%c9%99-iran-prezidentl%c9%99rin%c9%99-az%c9%99rbaycanla-imzaladigi-sazis-bar%c9%99d%c9%99-m%c9%99lumat-verib\/#primaryimage"},"thumbnailUrl":"https:\/\/www.meydan.tv\/wp-content\/uploads\/img_9856-e1683793974116.jpg","articleSection":["D\u00fcnya","Siyas\u0259t","T\u00f6vsiy\u0259","X\u0259b\u0259rl\u0259r"],"inLanguage":"az"},{"@type":"WebPage","@id":"https:\/\/www.meydan.tv\/az\/article\/pasinyan-rusiya-v%c9%99-iran-prezidentl%c9%99rin%c9%99-az%c9%99rbaycanla-imzaladigi-sazis-bar%c9%99d%c9%99-m%c9%99lumat-verib\/","url":"https:\/\/www.meydan.tv\/az\/article\/pasinyan-rusiya-v%c9%99-iran-prezidentl%c9%99rin%c9%99-az%c9%99rbaycanla-imzaladigi-sazis-bar%c9%99d%c9%99-m%c9%99lumat-verib\/","name":"Pa\u015finyan Rusiya v\u0259 \u0130ran prezidentl\u0259rin\u0259 Az\u0259rbaycanla imzalad\u0131\u011f\u0131 sazi\u015f bar\u0259d\u0259 m\u0259lumat verib - MEYDAN.TV","isPartOf":{"@id":"https:\/\/www.meydan.tv\/az\/#website"},"primaryImageOfPage":{"@id":"https:\/\/www.meydan.tv\/az\/article\/pasinyan-rusiya-v%c9%99-iran-prezidentl%c9%99rin%c9%99-az%c9%99rbaycanla-imzaladigi-sazis-bar%c9%99d%c9%99-m%c9%99lumat-verib\/#primaryimage"},"image":{"@id":"https:\/\/www.meydan.tv\/az\/article\/pasinyan-rusiya-v%c9%99-iran-prezidentl%c9%99rin%c9%99-az%c9%99rbaycanla-imzaladigi-sazis-bar%c9%99d%c9%99-m%c9%99lumat-verib\/#primaryimage"},"thumbnailUrl":"https:\/\/www.meydan.tv\/wp-content\/uploads\/img_9856-e1683793974116.jpg","datePublished":"2025-08-11T12:01:22+00:00","dateModified":"2025-08-11T12:01:25+00:00","breadcrumb":{"@id":"https:\/\/www.meydan.tv\/az\/article\/pasinyan-rusiya-v%c9%99-iran-prezidentl%c9%99rin%c9%99-az%c9%99rbaycanla-imzaladigi-sazis-bar%c9%99d%c9%99-m%c9%99lumat-verib\/#breadcrumb"},"inLanguage":"az","potentialAction":[{"@type":"ReadAction","target":["https:\/\/www.meydan.tv\/az\/article\/pasinyan-rusiya-v%c9%99-iran-prezidentl%c9%99rin%c9%99-az%c9%99rbaycanla-imzaladigi-sazis-bar%c9%99d%c9%99-m%c9%99lumat-verib\/"]}]},{"@type":"ImageObject","inLanguage":"az","@id":"https:\/\/www.meydan.tv\/az\/article\/pasinyan-rusiya-v%c9%99-iran-prezidentl%c9%99rin%c9%99-az%c9%99rbaycanla-imzaladigi-sazis-bar%c9%99d%c9%99-m%c9%99lumat-verib\/#primaryimage","url":"https:\/\/www.meydan.tv\/wp-content\/uploads\/img_9856-e1683793974116.jpg","contentUrl":"https:\/\/www.meydan.tv\/wp-content\/uploads\/img_9856-e1683793974116.jpg","width":1200,"height":540,"caption":"Nikol Pa\u015finyan. \u0130ll\u00fcstrasiya: Meydan TV"},{"@type":"BreadcrumbList","@id":"https:\/\/www.meydan.tv\/az\/article\/pasinyan-rusiya-v%c9%99-iran-prezidentl%c9%99rin%c9%99-az%c9%99rbaycanla-imzaladigi-sazis-bar%c9%99d%c9%99-m%c9%99lumat-verib\/#breadcrumb","itemListElement":[{"@type":"ListItem","position":1,"name":"Ana s\u0259hif\u0259","item":"https:\/\/www.meydan.tv\/az\/"},{"@type":"ListItem","position":2,"name":"D\u00fcnya","item":"https:\/\/www.meydan.tv\/az\/section\/dunya\/"},{"@type":"ListItem","position":3,"name":"Pa\u015finyan Rusiya v\u0259 \u0130ran prezidentl\u0259rin\u0259 Az\u0259rbaycanla imzalad\u0131\u011f\u0131 sazi\u015f bar\u0259d\u0259 m\u0259lumat verib"}]},{"@type":"WebSite","@id":"https:\/\/www.meydan.tv\/az\/#website","url":"https:\/\/www.meydan.tv\/az\/","name":"MEYDAN.TV","description":"Meydan TV Az\u0259rbaycan\u0131n media m\u0259kan\u0131ndak\u0131 alternativ s\u0259sidir","publisher":{"@id":"https:\/\/www.meydan.tv\/az\/#organization"},"potentialAction":[{"@type":"SearchAction","target":{"@type":"EntryPoint","urlTemplate":"https:\/\/www.meydan.tv\/az\/?s={search_term_string}"},"query-input":{"@type":"PropertyValueSpecification","valueRequired":true,"valueName":"search_term_string"}}],"inLanguage":"az"},{"@type":"Organization","@id":"https:\/\/www.meydan.tv\/az\/#organization","name":"Meydan TV","url":"https:\/\/www.meydan.tv\/az\/","logo":{"@type":"ImageObject","inLanguage":"az","@id":"https:\/\/www.meydan.tv\/az\/#\/schema\/logo\/image\/","url":"https:\/\/www.meydan.tv\/wp-content\/uploads\/2021\/07\/meydan-logo.svg","contentUrl":"https:\/\/www.meydan.tv\/wp-content\/uploads\/2021\/07\/meydan-logo.svg","width":195,"height":46,"caption":"Meydan TV"},"image":{"@id":"https:\/\/www.meydan.tv\/az\/#\/schema\/logo\/image\/"}},{"@type":"Person","@id":"https:\/\/www.meydan.tv\/az\/#\/schema\/person\/09863e516102a829e72bedcf3f84c6b0","name":"mahmud"}]}},"_links":{"self":[{"href":"https:\/\/www.meydan.tv\/az\/wp-json\/wp\/v2\/posts\/334114","targetHints":{"allow":["GET"]}}],"collection":[{"href":"https:\/\/www.meydan.tv\/az\/wp-json\/wp\/v2\/posts"}],"about":[{"href":"https:\/\/www.meydan.tv\/az\/wp-json\/wp\/v2\/types\/post"}],"author":[{"embeddable":true,"href":"https:\/\/www.meydan.tv\/az\/wp-json\/wp\/v2\/users\/21"}],"replies":[{"embeddable":true,"href":"https:\/\/www.meydan.tv\/az\/wp-json\/wp\/v2\/comments?post=334114"}],"version-history":[{"count":4,"href":"https:\/\/www.meydan.tv\/az\/wp-json\/wp\/v2\/posts\/334114\/revisions"}],"predecessor-version":[{"id":334116,"href":"https:\/\/www.meydan.tv\/az\/wp-json\/wp\/v2\/posts\/334114\/revisions\/334116"}],"wp:featuredmedia":[{"embeddable":true,"href":"https:\/\/www.meydan.tv\/az\/wp-json\/wp\/v2\/media\/274006"}],"wp:attachment":[{"href":"https:\/\/www.meydan.tv\/az\/wp-json\/wp\/v2\/media?parent=334114"}],"wp:term":[{"taxonomy":"category","embeddable":true,"href":"https:\/\/www.meydan.tv\/az\/wp-json\/wp\/v2\/categories?post=334114"},{"taxonomy":"post_tag","embeddable":true,"href":"https:\/\/www.meydan.tv\/az\/wp-json\/wp\/v2\/tags?post=334114"}],"curies":[{"name":"wp","href":"https:\/\/api.w.org\/{rel}","templated":true}]}}