{"id":334099,"date":"2025-08-11T13:58:54","date_gmt":"2025-08-11T09:58:54","guid":{"rendered":"https:\/\/www.meydan.tv\/?p=334099"},"modified":"2025-08-11T15:41:52","modified_gmt":"2025-08-11T11:41:52","slug":"iyul-ayinda-intihar-ed%c9%99n-%c9%99sg%c9%99rin-m%c9%99ktubu-uz%c9%99-cixib-zastava-r%c9%99isi-c%c9%99zalandirilib","status":"publish","type":"post","link":"https:\/\/www.meydan.tv\/az\/article\/iyul-ayinda-intihar-ed%c9%99n-%c9%99sg%c9%99rin-m%c9%99ktubu-uz%c9%99-cixib-zastava-r%c9%99isi-c%c9%99zalandirilib\/","title":{"rendered":"2023-c\u00fc ilin iyulunda intihar ed\u0259n \u0259sg\u0259rin m\u0259ktubu \u00fcz\u0259 \u00e7\u0131x\u0131b, \u201czastava\u201d r\u0259isi c\u0259zaland\u0131r\u0131l\u0131b"},"content":{"rendered":"\n<p><\/p>\n\n\n\n<p>2023-c\u00fc ilin iyulunda odlu silahdan at\u0259\u015f a\u00e7maqla <a href=\"https:\/\/storage.googleapis.com\/qurium\/www.meydan.tv\/az-article-azerbaycanda-serhedcinin-intihar-etdiyi-bildirilir.html\">h\u0259yat\u0131n\u0131 sonland\u0131ran <\/a>D\u00f6vl\u0259t S\u0259rh\u0259d Xidm\u0259tinin h\u0259rbi qulluq\u00e7usu K\u0259nan B\u0259kiyevin \u00f6l\u00fcm\u00fcnd\u0259n \u00f6nc\u0259 yazd\u0131\u011f\u0131 m\u0259ktubu \u00fcz\u0259 \u00e7\u0131x\u0131b.<\/p>\n\n\n\n<p>\u018fsg\u0259rin cibind\u0259n \u00e7\u0131xan m\u0259ktubunda <em>\u201cAnam, atam, m\u0259ni ba\u011f\u0131\u015flay\u0131n. M\u0259n demi\u015fdim ki, bu insana d\u00f6z\u0259 bilmir\u0259m. Allaha \u0259man\u0259t olun. Sizi \u00e7ox sevir\u0259m. Haqq\u0131n\u0131z\u0131 halal edin. B\u0259kiyev\u201d<\/em>, &#8211; yaz\u0131b.<\/p>\n\n\n\n<p>\u201cMusavat.com\u201d <a href=\"https:\/\/storage.googleapis.com\/qurium\/www.meydan.tv\/az-article-azerbaycanda-serhedcinin-intihar-etdiyi-bildirilir.html\">yaz\u0131r<\/a> ki, B\u0259kiyevin s\u0259rh\u0259d m\u0259nt\u0259q\u0259sinin r\u0259isi, ba\u015f leytenant Tofiq M\u0259mm\u0259dovun qanunsuz \u0259m\u0259ll\u0259ri n\u0259tic\u0259sind\u0259 can\u0131na q\u0259sd etdiyi istintaqla m\u00fc\u0259yy\u0259n edilib.<\/p>\n\n\n\n<p>\u0130ddia olunur ki, B\u0259kiyev m\u0259ktubunda komandirin ona qar\u015f\u0131 nalayiq ifad\u0259l\u0259r i\u015fl\u0259tdiyini v\u0259 t\u0259zyiq g\u00f6st\u0259rdiyini yaz\u0131b. \u018fsg\u0259rin bu bar\u0259d\u0259 ail\u0259sin\u0259 daha \u0259vv\u0259l m\u0259lumat verdiyi bildirilir.<\/p>\n\n\n\n<p>M\u0259lumata g\u00f6r\u0259, B\u0259kiyev intihar\u0131ndan bir g\u00fcn \u0259vv\u0259l komandir t\u0259r\u0259find\u0259n s\u0131ra \u00f6n\u00fcn\u0259 \u00e7\u0131xar\u0131l\u0131b. Bildirilir ki, o, yol verdiyi intizam pozuntular\u0131na g\u00f6r\u0259 komandirin irad v\u0259 s\u0259rt ifad\u0259l\u0259ri il\u0259 \u00fczl\u0259\u015fib. Komandir, rabit\u0259 vasit\u0259l\u0259rinin \u00fczl\u00fckl\u0259rinin olmamas\u0131n\u0131 v\u0259 icaz\u0259siz \u015f\u0259kild\u0259 yem\u0259kxanaya getm\u0259sini \u0259sas g\u0259tir\u0259r\u0259k, B\u0259kiyev\u0259 qar\u015f\u0131 nalayiq ifad\u0259l\u0259r i\u015fl\u0259dib. \u018flav\u0259 olaraq, komandirin \u0259sg\u0259r yolda\u015flar\u0131n\u0131n do\u011fum g\u00fcn\u00fc m\u00fcnasib\u0259til\u0259 ke\u00e7irdiyi \u015f\u0259nliyi dayand\u0131rd\u0131\u011f\u0131 v\u0259 tortun k\u0259silm\u0259sin\u0259 icaz\u0259 verm\u0259diyi qeyd olunur. B\u0259kiyevin xidm\u0259t etdiyi otaqdak\u0131 oturaca\u011f\u0131n g\u00f6t\u00fcr\u00fcld\u00fcy\u00fc v\u0259 onun xidm\u0259t zaman\u0131 ayaq \u00fcst\u0259 dayanma\u011fa m\u0259cbur edildiyi d\u0259 iddialar aras\u0131ndad\u0131r.<\/p>\n\n\n\n<p>M\u0259lumatda qeyd olunur ki, B\u0259kiyev hadis\u0259d\u0259n sonra m\u0259ktub yaz\u0131b v\u0259 daha sonra s\u0259rh\u0259d m\u0259nt\u0259q\u0259sind\u0259 g\u00f6z\u0259t\u00e7i xidm\u0259tind\u0259 olan \u0259sg\u0259r yolda\u015f\u0131n\u0131n yan\u0131na ged\u0259r\u0259k, silah\u0131n\u0131 \u201czastava r\u0259isinin ist\u0259diyini\u201d dey\u0259r\u0259k ondan al\u0131b.<\/p>\n\n\n\n<p>B\u0259kiyev g\u00f6t\u00fcrd\u00fcy\u00fc silahla \u00e7\u0259n\u0259 nahiyy\u0259sind\u0259n bir d\u0259f\u0259 at\u0259\u015f a\u00e7maqla h\u0259yat\u0131na son qoyub.<\/p>\n\n\n\n<p>&nbsp;Ba\u015f leytenant Tofiq M\u0259mm\u0259dov m\u0259suliyy\u0259t\u0259 c\u0259lb edil\u0259r\u0259k h\u0259bs edilib. Onun bar\u0259sind\u0259 6 il 6 ay h\u0259bs c\u0259zas\u0131 t\u0259yin edilib. T\u0259qsirl\u0259ndiril\u0259n \u015f\u0259xsin \u015fikay\u0259tl\u0259ri t\u0259min edilm\u0259yib v\u0259 Ali M\u0259hk\u0259m\u0259 h\u00f6km\u00fc q\u00fcvv\u0259d\u0259 saxlay\u0131b.<\/p>\n","protected":false},"excerpt":{"rendered":"<p>2023-c\u00fc ilin iyulunda odlu silahdan at\u0259\u015f a\u00e7maqla h\u0259yat\u0131n\u0131 sonland\u0131ran D\u00f6vl\u0259t &#8230; <\/p>\n<p class=\"read-more-container\"><a title=\"2023-c\u00fc ilin iyulunda intihar ed\u0259n \u0259sg\u0259rin m\u0259ktubu \u00fcz\u0259 \u00e7\u0131x\u0131b, \u201czastava\u201d r\u0259isi c\u0259zaland\u0131r\u0131l\u0131b\" class=\"read-more button\" href=\"https:\/\/www.meydan.tv\/az\/article\/iyul-ayinda-intihar-ed%c9%99n-%c9%99sg%c9%99rin-m%c9%99ktubu-uz%c9%99-cixib-zastava-r%c9%99isi-c%c9%99zalandirilib\/#more-334099\" aria-label=\"Read more about 2023-c\u00fc ilin iyulunda intihar ed\u0259n \u0259sg\u0259rin m\u0259ktubu \u00fcz\u0259 \u00e7\u0131x\u0131b, \u201czastava\u201d r\u0259isi c\u0259zaland\u0131r\u0131l\u0131b\">Davam\u0131<\/a><\/p>\n","protected":false},"author":21,"featured_media":253241,"comment_status":"closed","ping_status":"closed","sticky":false,"template":"","format":"standard","meta":{"_acf_changed":false,"_sitemap_exclude":false,"_sitemap_priority":"","_sitemap_frequency":"","footnotes":""},"categories":[62,79,56],"tags":[],"class_list":["post-334099","post","type-post","status-publish","format-standard","has-post-thumbnail","hentry","category-sosial","category-featured","category-xeberler","infinite-scroll-item","generate-columns","tablet-grid-50","mobile-grid-100","grid-parent","grid-33","no-featured-image-padding"],"acf":[],"yoast_head":"<!-- This site is optimized with the Yoast SEO plugin v27.4 - https:\/\/yoast.com\/product\/yoast-seo-wordpress\/ -->\n<title>2023-c\u00fc ilin iyulunda intihar ed\u0259n \u0259sg\u0259rin m\u0259ktubu \u00fcz\u0259 \u00e7\u0131x\u0131b, \u201czastava\u201d r\u0259isi c\u0259zaland\u0131r\u0131l\u0131b - MEYDAN.TV<\/title>\n<meta name=\"robots\" content=\"index, follow, max-snippet:-1, max-image-preview:large, max-video-preview:-1\" \/>\n<link rel=\"canonical\" href=\"https:\/\/www.meydan.tv\/az\/article\/iyul-ayinda-intihar-ed%c9%99n-%c9%99sg%c9%99rin-m%c9%99ktubu-uz%c9%99-cixib-zastava-r%c9%99isi-c%c9%99zalandirilib\/\" \/>\n<meta property=\"og:locale\" content=\"az_AZ\" \/>\n<meta property=\"og:type\" content=\"article\" \/>\n<meta property=\"og:title\" content=\"2023-c\u00fc ilin iyulunda intihar ed\u0259n \u0259sg\u0259rin m\u0259ktubu \u00fcz\u0259 \u00e7\u0131x\u0131b, \u201czastava\u201d r\u0259isi c\u0259zaland\u0131r\u0131l\u0131b - MEYDAN.TV\" \/>\n<meta property=\"og:description\" content=\"2023-c\u00fc ilin iyulunda odlu silahdan at\u0259\u015f a\u00e7maqla h\u0259yat\u0131n\u0131 sonland\u0131ran D\u00f6vl\u0259t ... Davam\u0131\" \/>\n<meta property=\"og:url\" content=\"https:\/\/www.meydan.tv\/az\/article\/iyul-ayinda-intihar-ed%c9%99n-%c9%99sg%c9%99rin-m%c9%99ktubu-uz%c9%99-cixib-zastava-r%c9%99isi-c%c9%99zalandirilib\/\" \/>\n<meta property=\"og:site_name\" content=\"MEYDAN.TV\" \/>\n<meta property=\"article:published_time\" content=\"2025-08-11T09:58:54+00:00\" \/>\n<meta property=\"article:modified_time\" content=\"2025-08-11T11:41:52+00:00\" \/>\n<meta property=\"og:image\" content=\"https:\/\/www.meydan.tv\/wp-content\/uploads\/image-from-ios-7-scaled.jpg\" \/>\n\t<meta property=\"og:image:width\" content=\"2560\" \/>\n\t<meta property=\"og:image:height\" content=\"1440\" \/>\n\t<meta property=\"og:image:type\" content=\"image\/jpeg\" \/>\n<meta name=\"author\" content=\"mahmud\" \/>\n<meta name=\"twitter:card\" content=\"summary_large_image\" \/>\n<script type=\"application\/ld+json\" class=\"yoast-schema-graph\">{\"@context\":\"https:\\\/\\\/schema.org\",\"@graph\":[{\"@type\":\"Article\",\"@id\":\"https:\\\/\\\/www.meydan.tv\\\/az\\\/article\\\/iyul-ayinda-intihar-ed%c9%99n-%c9%99sg%c9%99rin-m%c9%99ktubu-uz%c9%99-cixib-zastava-r%c9%99isi-c%c9%99zalandirilib\\\/#article\",\"isPartOf\":{\"@id\":\"https:\\\/\\\/www.meydan.tv\\\/az\\\/article\\\/iyul-ayinda-intihar-ed%c9%99n-%c9%99sg%c9%99rin-m%c9%99ktubu-uz%c9%99-cixib-zastava-r%c9%99isi-c%c9%99zalandirilib\\\/\"},\"author\":{\"name\":\"mahmud\",\"@id\":\"https:\\\/\\\/www.meydan.tv\\\/az\\\/#\\\/schema\\\/person\\\/09863e516102a829e72bedcf3f84c6b0\"},\"headline\":\"2023-c\u00fc ilin iyulunda intihar ed\u0259n \u0259sg\u0259rin m\u0259ktubu \u00fcz\u0259 \u00e7\u0131x\u0131b, \u201czastava\u201d r\u0259isi c\u0259zaland\u0131r\u0131l\u0131b\",\"datePublished\":\"2025-08-11T09:58:54+00:00\",\"dateModified\":\"2025-08-11T11:41:52+00:00\",\"mainEntityOfPage\":{\"@id\":\"https:\\\/\\\/www.meydan.tv\\\/az\\\/article\\\/iyul-ayinda-intihar-ed%c9%99n-%c9%99sg%c9%99rin-m%c9%99ktubu-uz%c9%99-cixib-zastava-r%c9%99isi-c%c9%99zalandirilib\\\/\"},\"wordCount\":453,\"publisher\":{\"@id\":\"https:\\\/\\\/www.meydan.tv\\\/az\\\/#organization\"},\"image\":{\"@id\":\"https:\\\/\\\/www.meydan.tv\\\/az\\\/article\\\/iyul-ayinda-intihar-ed%c9%99n-%c9%99sg%c9%99rin-m%c9%99ktubu-uz%c9%99-cixib-zastava-r%c9%99isi-c%c9%99zalandirilib\\\/#primaryimage\"},\"thumbnailUrl\":\"https:\\\/\\\/www.meydan.tv\\\/wp-content\\\/uploads\\\/image-from-ios-7-scaled.jpg\",\"articleSection\":[\"Sosial\",\"T\u00f6vsiy\u0259\",\"X\u0259b\u0259rl\u0259r\"],\"inLanguage\":\"az\"},{\"@type\":\"WebPage\",\"@id\":\"https:\\\/\\\/www.meydan.tv\\\/az\\\/article\\\/iyul-ayinda-intihar-ed%c9%99n-%c9%99sg%c9%99rin-m%c9%99ktubu-uz%c9%99-cixib-zastava-r%c9%99isi-c%c9%99zalandirilib\\\/\",\"url\":\"https:\\\/\\\/www.meydan.tv\\\/az\\\/article\\\/iyul-ayinda-intihar-ed%c9%99n-%c9%99sg%c9%99rin-m%c9%99ktubu-uz%c9%99-cixib-zastava-r%c9%99isi-c%c9%99zalandirilib\\\/\",\"name\":\"2023-c\u00fc ilin iyulunda intihar ed\u0259n \u0259sg\u0259rin m\u0259ktubu \u00fcz\u0259 \u00e7\u0131x\u0131b, \u201czastava\u201d r\u0259isi c\u0259zaland\u0131r\u0131l\u0131b - MEYDAN.TV\",\"isPartOf\":{\"@id\":\"https:\\\/\\\/www.meydan.tv\\\/az\\\/#website\"},\"primaryImageOfPage\":{\"@id\":\"https:\\\/\\\/www.meydan.tv\\\/az\\\/article\\\/iyul-ayinda-intihar-ed%c9%99n-%c9%99sg%c9%99rin-m%c9%99ktubu-uz%c9%99-cixib-zastava-r%c9%99isi-c%c9%99zalandirilib\\\/#primaryimage\"},\"image\":{\"@id\":\"https:\\\/\\\/www.meydan.tv\\\/az\\\/article\\\/iyul-ayinda-intihar-ed%c9%99n-%c9%99sg%c9%99rin-m%c9%99ktubu-uz%c9%99-cixib-zastava-r%c9%99isi-c%c9%99zalandirilib\\\/#primaryimage\"},\"thumbnailUrl\":\"https:\\\/\\\/www.meydan.tv\\\/wp-content\\\/uploads\\\/image-from-ios-7-scaled.jpg\",\"datePublished\":\"2025-08-11T09:58:54+00:00\",\"dateModified\":\"2025-08-11T11:41:52+00:00\",\"breadcrumb\":{\"@id\":\"https:\\\/\\\/www.meydan.tv\\\/az\\\/article\\\/iyul-ayinda-intihar-ed%c9%99n-%c9%99sg%c9%99rin-m%c9%99ktubu-uz%c9%99-cixib-zastava-r%c9%99isi-c%c9%99zalandirilib\\\/#breadcrumb\"},\"inLanguage\":\"az\",\"potentialAction\":[{\"@type\":\"ReadAction\",\"target\":[\"https:\\\/\\\/www.meydan.tv\\\/az\\\/article\\\/iyul-ayinda-intihar-ed%c9%99n-%c9%99sg%c9%99rin-m%c9%99ktubu-uz%c9%99-cixib-zastava-r%c9%99isi-c%c9%99zalandirilib\\\/\"]}]},{\"@type\":\"ImageObject\",\"inLanguage\":\"az\",\"@id\":\"https:\\\/\\\/www.meydan.tv\\\/az\\\/article\\\/iyul-ayinda-intihar-ed%c9%99n-%c9%99sg%c9%99rin-m%c9%99ktubu-uz%c9%99-cixib-zastava-r%c9%99isi-c%c9%99zalandirilib\\\/#primaryimage\",\"url\":\"https:\\\/\\\/www.meydan.tv\\\/wp-content\\\/uploads\\\/image-from-ios-7-scaled.jpg\",\"contentUrl\":\"https:\\\/\\\/www.meydan.tv\\\/wp-content\\\/uploads\\\/image-from-ios-7-scaled.jpg\",\"width\":2560,\"height\":1440,\"caption\":\"\u0130ll\u00fcstrasiya: Meydan TV\"},{\"@type\":\"BreadcrumbList\",\"@id\":\"https:\\\/\\\/www.meydan.tv\\\/az\\\/article\\\/iyul-ayinda-intihar-ed%c9%99n-%c9%99sg%c9%99rin-m%c9%99ktubu-uz%c9%99-cixib-zastava-r%c9%99isi-c%c9%99zalandirilib\\\/#breadcrumb\",\"itemListElement\":[{\"@type\":\"ListItem\",\"position\":1,\"name\":\"Ana s\u0259hif\u0259\",\"item\":\"https:\\\/\\\/www.meydan.tv\\\/az\\\/\"},{\"@type\":\"ListItem\",\"position\":2,\"name\":\"Sosial\",\"item\":\"https:\\\/\\\/www.meydan.tv\\\/az\\\/section\\\/sosial\\\/\"},{\"@type\":\"ListItem\",\"position\":3,\"name\":\"2023-c\u00fc ilin iyulunda intihar ed\u0259n \u0259sg\u0259rin m\u0259ktubu \u00fcz\u0259 \u00e7\u0131x\u0131b, \u201czastava\u201d r\u0259isi c\u0259zaland\u0131r\u0131l\u0131b\"}]},{\"@type\":\"WebSite\",\"@id\":\"https:\\\/\\\/www.meydan.tv\\\/az\\\/#website\",\"url\":\"https:\\\/\\\/www.meydan.tv\\\/az\\\/\",\"name\":\"MEYDAN.TV\",\"description\":\"Meydan TV Az\u0259rbaycan\u0131n media m\u0259kan\u0131ndak\u0131 alternativ s\u0259sidir\",\"publisher\":{\"@id\":\"https:\\\/\\\/www.meydan.tv\\\/az\\\/#organization\"},\"potentialAction\":[{\"@type\":\"SearchAction\",\"target\":{\"@type\":\"EntryPoint\",\"urlTemplate\":\"https:\\\/\\\/www.meydan.tv\\\/az\\\/?s={search_term_string}\"},\"query-input\":{\"@type\":\"PropertyValueSpecification\",\"valueRequired\":true,\"valueName\":\"search_term_string\"}}],\"inLanguage\":\"az\"},{\"@type\":\"Organization\",\"@id\":\"https:\\\/\\\/www.meydan.tv\\\/az\\\/#organization\",\"name\":\"Meydan TV\",\"url\":\"https:\\\/\\\/www.meydan.tv\\\/az\\\/\",\"logo\":{\"@type\":\"ImageObject\",\"inLanguage\":\"az\",\"@id\":\"https:\\\/\\\/www.meydan.tv\\\/az\\\/#\\\/schema\\\/logo\\\/image\\\/\",\"url\":\"https:\\\/\\\/www.meydan.tv\\\/wp-content\\\/uploads\\\/2021\\\/07\\\/meydan-logo.svg\",\"contentUrl\":\"https:\\\/\\\/www.meydan.tv\\\/wp-content\\\/uploads\\\/2021\\\/07\\\/meydan-logo.svg\",\"width\":195,\"height\":46,\"caption\":\"Meydan TV\"},\"image\":{\"@id\":\"https:\\\/\\\/www.meydan.tv\\\/az\\\/#\\\/schema\\\/logo\\\/image\\\/\"}},{\"@type\":\"Person\",\"@id\":\"https:\\\/\\\/www.meydan.tv\\\/az\\\/#\\\/schema\\\/person\\\/09863e516102a829e72bedcf3f84c6b0\",\"name\":\"mahmud\"}]}<\/script>\n<!-- \/ Yoast SEO plugin. -->","yoast_head_json":{"title":"2023-c\u00fc ilin iyulunda intihar ed\u0259n \u0259sg\u0259rin m\u0259ktubu \u00fcz\u0259 \u00e7\u0131x\u0131b, \u201czastava\u201d r\u0259isi c\u0259zaland\u0131r\u0131l\u0131b - MEYDAN.TV","robots":{"index":"index","follow":"follow","max-snippet":"max-snippet:-1","max-image-preview":"max-image-preview:large","max-video-preview":"max-video-preview:-1"},"canonical":"https:\/\/www.meydan.tv\/az\/article\/iyul-ayinda-intihar-ed%c9%99n-%c9%99sg%c9%99rin-m%c9%99ktubu-uz%c9%99-cixib-zastava-r%c9%99isi-c%c9%99zalandirilib\/","og_locale":"az_AZ","og_type":"article","og_title":"2023-c\u00fc ilin iyulunda intihar ed\u0259n \u0259sg\u0259rin m\u0259ktubu \u00fcz\u0259 \u00e7\u0131x\u0131b, \u201czastava\u201d r\u0259isi c\u0259zaland\u0131r\u0131l\u0131b - MEYDAN.TV","og_description":"2023-c\u00fc ilin iyulunda odlu silahdan at\u0259\u015f a\u00e7maqla h\u0259yat\u0131n\u0131 sonland\u0131ran D\u00f6vl\u0259t ... Davam\u0131","og_url":"https:\/\/www.meydan.tv\/az\/article\/iyul-ayinda-intihar-ed%c9%99n-%c9%99sg%c9%99rin-m%c9%99ktubu-uz%c9%99-cixib-zastava-r%c9%99isi-c%c9%99zalandirilib\/","og_site_name":"MEYDAN.TV","article_published_time":"2025-08-11T09:58:54+00:00","article_modified_time":"2025-08-11T11:41:52+00:00","og_image":[{"width":2560,"height":1440,"url":"https:\/\/www.meydan.tv\/wp-content\/uploads\/image-from-ios-7-scaled.jpg","type":"image\/jpeg"}],"author":"mahmud","twitter_card":"summary_large_image","schema":{"@context":"https:\/\/schema.org","@graph":[{"@type":"Article","@id":"https:\/\/www.meydan.tv\/az\/article\/iyul-ayinda-intihar-ed%c9%99n-%c9%99sg%c9%99rin-m%c9%99ktubu-uz%c9%99-cixib-zastava-r%c9%99isi-c%c9%99zalandirilib\/#article","isPartOf":{"@id":"https:\/\/www.meydan.tv\/az\/article\/iyul-ayinda-intihar-ed%c9%99n-%c9%99sg%c9%99rin-m%c9%99ktubu-uz%c9%99-cixib-zastava-r%c9%99isi-c%c9%99zalandirilib\/"},"author":{"name":"mahmud","@id":"https:\/\/www.meydan.tv\/az\/#\/schema\/person\/09863e516102a829e72bedcf3f84c6b0"},"headline":"2023-c\u00fc ilin iyulunda intihar ed\u0259n \u0259sg\u0259rin m\u0259ktubu \u00fcz\u0259 \u00e7\u0131x\u0131b, \u201czastava\u201d r\u0259isi c\u0259zaland\u0131r\u0131l\u0131b","datePublished":"2025-08-11T09:58:54+00:00","dateModified":"2025-08-11T11:41:52+00:00","mainEntityOfPage":{"@id":"https:\/\/www.meydan.tv\/az\/article\/iyul-ayinda-intihar-ed%c9%99n-%c9%99sg%c9%99rin-m%c9%99ktubu-uz%c9%99-cixib-zastava-r%c9%99isi-c%c9%99zalandirilib\/"},"wordCount":453,"publisher":{"@id":"https:\/\/www.meydan.tv\/az\/#organization"},"image":{"@id":"https:\/\/www.meydan.tv\/az\/article\/iyul-ayinda-intihar-ed%c9%99n-%c9%99sg%c9%99rin-m%c9%99ktubu-uz%c9%99-cixib-zastava-r%c9%99isi-c%c9%99zalandirilib\/#primaryimage"},"thumbnailUrl":"https:\/\/www.meydan.tv\/wp-content\/uploads\/image-from-ios-7-scaled.jpg","articleSection":["Sosial","T\u00f6vsiy\u0259","X\u0259b\u0259rl\u0259r"],"inLanguage":"az"},{"@type":"WebPage","@id":"https:\/\/www.meydan.tv\/az\/article\/iyul-ayinda-intihar-ed%c9%99n-%c9%99sg%c9%99rin-m%c9%99ktubu-uz%c9%99-cixib-zastava-r%c9%99isi-c%c9%99zalandirilib\/","url":"https:\/\/www.meydan.tv\/az\/article\/iyul-ayinda-intihar-ed%c9%99n-%c9%99sg%c9%99rin-m%c9%99ktubu-uz%c9%99-cixib-zastava-r%c9%99isi-c%c9%99zalandirilib\/","name":"2023-c\u00fc ilin iyulunda intihar ed\u0259n \u0259sg\u0259rin m\u0259ktubu \u00fcz\u0259 \u00e7\u0131x\u0131b, \u201czastava\u201d r\u0259isi c\u0259zaland\u0131r\u0131l\u0131b - MEYDAN.TV","isPartOf":{"@id":"https:\/\/www.meydan.tv\/az\/#website"},"primaryImageOfPage":{"@id":"https:\/\/www.meydan.tv\/az\/article\/iyul-ayinda-intihar-ed%c9%99n-%c9%99sg%c9%99rin-m%c9%99ktubu-uz%c9%99-cixib-zastava-r%c9%99isi-c%c9%99zalandirilib\/#primaryimage"},"image":{"@id":"https:\/\/www.meydan.tv\/az\/article\/iyul-ayinda-intihar-ed%c9%99n-%c9%99sg%c9%99rin-m%c9%99ktubu-uz%c9%99-cixib-zastava-r%c9%99isi-c%c9%99zalandirilib\/#primaryimage"},"thumbnailUrl":"https:\/\/www.meydan.tv\/wp-content\/uploads\/image-from-ios-7-scaled.jpg","datePublished":"2025-08-11T09:58:54+00:00","dateModified":"2025-08-11T11:41:52+00:00","breadcrumb":{"@id":"https:\/\/www.meydan.tv\/az\/article\/iyul-ayinda-intihar-ed%c9%99n-%c9%99sg%c9%99rin-m%c9%99ktubu-uz%c9%99-cixib-zastava-r%c9%99isi-c%c9%99zalandirilib\/#breadcrumb"},"inLanguage":"az","potentialAction":[{"@type":"ReadAction","target":["https:\/\/www.meydan.tv\/az\/article\/iyul-ayinda-intihar-ed%c9%99n-%c9%99sg%c9%99rin-m%c9%99ktubu-uz%c9%99-cixib-zastava-r%c9%99isi-c%c9%99zalandirilib\/"]}]},{"@type":"ImageObject","inLanguage":"az","@id":"https:\/\/www.meydan.tv\/az\/article\/iyul-ayinda-intihar-ed%c9%99n-%c9%99sg%c9%99rin-m%c9%99ktubu-uz%c9%99-cixib-zastava-r%c9%99isi-c%c9%99zalandirilib\/#primaryimage","url":"https:\/\/www.meydan.tv\/wp-content\/uploads\/image-from-ios-7-scaled.jpg","contentUrl":"https:\/\/www.meydan.tv\/wp-content\/uploads\/image-from-ios-7-scaled.jpg","width":2560,"height":1440,"caption":"\u0130ll\u00fcstrasiya: Meydan TV"},{"@type":"BreadcrumbList","@id":"https:\/\/www.meydan.tv\/az\/article\/iyul-ayinda-intihar-ed%c9%99n-%c9%99sg%c9%99rin-m%c9%99ktubu-uz%c9%99-cixib-zastava-r%c9%99isi-c%c9%99zalandirilib\/#breadcrumb","itemListElement":[{"@type":"ListItem","position":1,"name":"Ana s\u0259hif\u0259","item":"https:\/\/www.meydan.tv\/az\/"},{"@type":"ListItem","position":2,"name":"Sosial","item":"https:\/\/www.meydan.tv\/az\/section\/sosial\/"},{"@type":"ListItem","position":3,"name":"2023-c\u00fc ilin iyulunda intihar ed\u0259n \u0259sg\u0259rin m\u0259ktubu \u00fcz\u0259 \u00e7\u0131x\u0131b, \u201czastava\u201d r\u0259isi c\u0259zaland\u0131r\u0131l\u0131b"}]},{"@type":"WebSite","@id":"https:\/\/www.meydan.tv\/az\/#website","url":"https:\/\/www.meydan.tv\/az\/","name":"MEYDAN.TV","description":"Meydan TV Az\u0259rbaycan\u0131n media m\u0259kan\u0131ndak\u0131 alternativ s\u0259sidir","publisher":{"@id":"https:\/\/www.meydan.tv\/az\/#organization"},"potentialAction":[{"@type":"SearchAction","target":{"@type":"EntryPoint","urlTemplate":"https:\/\/www.meydan.tv\/az\/?s={search_term_string}"},"query-input":{"@type":"PropertyValueSpecification","valueRequired":true,"valueName":"search_term_string"}}],"inLanguage":"az"},{"@type":"Organization","@id":"https:\/\/www.meydan.tv\/az\/#organization","name":"Meydan TV","url":"https:\/\/www.meydan.tv\/az\/","logo":{"@type":"ImageObject","inLanguage":"az","@id":"https:\/\/www.meydan.tv\/az\/#\/schema\/logo\/image\/","url":"https:\/\/www.meydan.tv\/wp-content\/uploads\/2021\/07\/meydan-logo.svg","contentUrl":"https:\/\/www.meydan.tv\/wp-content\/uploads\/2021\/07\/meydan-logo.svg","width":195,"height":46,"caption":"Meydan TV"},"image":{"@id":"https:\/\/www.meydan.tv\/az\/#\/schema\/logo\/image\/"}},{"@type":"Person","@id":"https:\/\/www.meydan.tv\/az\/#\/schema\/person\/09863e516102a829e72bedcf3f84c6b0","name":"mahmud"}]}},"_links":{"self":[{"href":"https:\/\/www.meydan.tv\/az\/wp-json\/wp\/v2\/posts\/334099","targetHints":{"allow":["GET"]}}],"collection":[{"href":"https:\/\/www.meydan.tv\/az\/wp-json\/wp\/v2\/posts"}],"about":[{"href":"https:\/\/www.meydan.tv\/az\/wp-json\/wp\/v2\/types\/post"}],"author":[{"embeddable":true,"href":"https:\/\/www.meydan.tv\/az\/wp-json\/wp\/v2\/users\/21"}],"replies":[{"embeddable":true,"href":"https:\/\/www.meydan.tv\/az\/wp-json\/wp\/v2\/comments?post=334099"}],"version-history":[{"count":2,"href":"https:\/\/www.meydan.tv\/az\/wp-json\/wp\/v2\/posts\/334099\/revisions"}],"predecessor-version":[{"id":334113,"href":"https:\/\/www.meydan.tv\/az\/wp-json\/wp\/v2\/posts\/334099\/revisions\/334113"}],"wp:featuredmedia":[{"embeddable":true,"href":"https:\/\/www.meydan.tv\/az\/wp-json\/wp\/v2\/media\/253241"}],"wp:attachment":[{"href":"https:\/\/www.meydan.tv\/az\/wp-json\/wp\/v2\/media?parent=334099"}],"wp:term":[{"taxonomy":"category","embeddable":true,"href":"https:\/\/www.meydan.tv\/az\/wp-json\/wp\/v2\/categories?post=334099"},{"taxonomy":"post_tag","embeddable":true,"href":"https:\/\/www.meydan.tv\/az\/wp-json\/wp\/v2\/tags?post=334099"}],"curies":[{"name":"wp","href":"https:\/\/api.w.org\/{rel}","templated":true}]}}