{"id":333986,"date":"2025-08-06T17:27:53","date_gmt":"2025-08-06T13:27:53","guid":{"rendered":"https:\/\/www.meydan.tv\/?p=333986"},"modified":"2025-08-06T18:35:12","modified_gmt":"2025-08-06T14:35:12","slug":"az%c9%99riqazda-suruculuk-v%c9%99siq%c9%99si-olmayan-iscil%c9%99r-ixtisar-edilir","status":"publish","type":"post","link":"https:\/\/www.meydan.tv\/az\/article\/az%c9%99riqazda-suruculuk-v%c9%99siq%c9%99si-olmayan-iscil%c9%99r-ixtisar-edilir\/","title":{"rendered":"\u201cAz\u0259riqaz\u201dda s\u00fcr\u00fcc\u00fcl\u00fck v\u0259siq\u0259si olmayan i\u015f\u00e7il\u0259r ixtisar edilir"},"content":{"rendered":"\n<p>\u201cAz\u0259riqaz\u201d \u0130stehsalat Birliyinin regional idar\u0259l\u0259rind\u0259n iyun-iyul aylar\u0131nda 40-dan \u00e7ox i\u015f\u00e7i ixtisar olunmalar\u0131 il\u0259 ba\u011fl\u0131 Neft\u00e7il\u0259rin H\u00fcquqlar\u0131n\u0131n M\u00fcdafi\u0259si T\u0259\u015fkilat\u0131na \u015fikay\u0259t edib. <\/p>\n\n\n\n<p>Bu haqda Meydan TV-y\u0259 m\u0259lumat ver\u0259n t\u0259\u015fkilat s\u0259dri Mirvari Q\u0259hr\u0259manl\u0131 bildirib ki, proses mart ay\u0131nda \u201cqiym\u0259tl\u0259ndirm\u0259\u201d adlanan imtahandan sonra ba\u015flay\u0131b. <br><br><em>&#8220;\u0130xtisara d\u00fc\u015f\u0259n \u015f\u0259xsl\u0259r \u0259sas\u0259n 52-60 ya\u015f aras\u0131nda olan insanlard\u0131r. Y\u0259ni onlar\u0131n h\u0259yat\u0131n\u0131n b\u00f6y\u00fck hiss\u0259si bu i\u015fd\u0259 ke\u00e7ib. \u018fn t\u0259sirl\u0259ndirici m\u0259qam is\u0259 t\u0259qa\u00fcd ya\u015f\u0131na bir il qalm\u0131\u015f i\u015f\u00e7il\u0259rin ixtisara sal\u0131nmas\u0131d\u0131r\u201d, <\/em>&#8211; Mirvari Q\u0259hr\u0259manl\u0131 deyir. <\/p>\n\n\n<div class=\"wp-block-image\">\n<figure class=\"alignright size-full is-resized\"><img decoding=\"async\" width=\"1200\" height=\"591\" data-src=\"https:\/\/www.meydan.tv\/wp-content\/uploads\/untitled-design-65-e1665996332825.jpg\" alt=\"\" class=\"wp-image-258403 lazyload\" style=\"--smush-placeholder-width: 1200px; --smush-placeholder-aspect-ratio: 1200\/591;width:418px;height:auto\" src=\"data:image\/svg+xml;base64,PHN2ZyB3aWR0aD0iMSIgaGVpZ2h0PSIxIiB4bWxucz0iaHR0cDovL3d3dy53My5vcmcvMjAwMC9zdmciPjwvc3ZnPg==\" \/><figcaption class=\"wp-element-caption\">Foto: Mirvari Q\u0259hr\u0259manl\u0131n\u0131n \u015f\u0259xsi profilind\u0259ndir<\/figcaption><\/figure>\n<\/div>\n\n\n<p>Onun s\u00f6zl\u0259rin\u0259 g\u00f6r\u0259, iyun ay\u0131ndan etibar\u0259n SOCAR-\u0131n tabeliyind\u0259 olan m\u00fc\u0259ssis\u0259l\u0259rd\u0259, x\u00fcsusil\u0259 \u201cAz\u0259riqaz\u201d \u0130B-d\u0259 k\u00fctl\u0259vi ixtisarlar apar\u0131l\u0131r. Mart ay\u0131nda ke\u00e7irilmi\u015f qiym\u0259tl\u0259ndirm\u0259 imtahan\u0131ndan sonra i\u015f\u00e7il\u0259r\u0259 ixtisarla ba\u011fl\u0131 bildiri\u015fl\u0259r g\u00f6nd\u0259rilir. Lakin bu bildiri\u015fl\u0259rd\u0259 i\u015f\u00e7il\u0259rin imtahan n\u0259tic\u0259l\u0259ri il\u0259 ba\u011fl\u0131 he\u00e7 bir m\u0259lumat yer alm\u0131r, sad\u0259c\u0259 \u015ftatlar\u0131n ixtisar\u0131 il\u0259 \u0259laq\u0259dar i\u015fd\u0259n \u00e7\u0131xar\u0131ld\u0131qlar\u0131 qeyd olunur.<\/p>\n\n\n\n<p>M. Q\u0259hr\u0259manl\u0131 bildirir ki, ixtisara d\u00fc\u015f\u0259n \u015f\u0259xsl\u0259rin m\u00fcraci\u0259t v\u0259 \u015fikay\u0259tl\u0259rin\u0259 baxan yoxdur: <\/p>\n\n\n\n<blockquote class=\"wp-block-quote is-layout-flow wp-block-quote-is-layout-flow\">\n<p><em>\u201c\u0130\u015f\u00e7il\u0259r\u0259 g\u00f6nd\u0259ril\u0259n m\u0259ktublarda ixtisarlar maliyy\u0259 m\u0259s\u0259l\u0259l\u0259rin\u0259, islahatlara ba\u011flay\u0131rlar.\u201d<\/em><\/p>\n<\/blockquote>\n\n\n\n<p>M\u00fcxt\u0259lif qurumlara \u015fikay\u0259t ed\u0259n Zabit M\u0259cidov 11 il Salyan Regional Qaz \u0130stismar \u0130dar\u0259sinin Neft\u00e7ala X\u00fcsusi Sah\u0259 Qaz T\u0259s\u0259rr\u00fcfat\u0131nda q\u0259za-b\u0259rpa i\u015fl\u0259ri \u00fczr\u0259 \u00e7iling\u0259r kimi \u00e7al\u0131\u015f\u0131b. M\u0259cidov 2025-ci ilin 17 mart tarixind\u0259 qiym\u0259tl\u0259ndirm\u0259 imtahan\u0131nda i\u015ftirak edib, 17 iyun tarixind\u0259 is\u0259 i\u015fl\u0259diyi \u015ftat\u0131n ixtisara d\u00fc\u015fm\u0259si il\u0259 ba\u011fl\u0131 bildiri\u015f al\u0131b.<\/p>\n\n\n\n<p>\u015eikay\u0259t\u00e7inin m\u00fcxt\u0259lif d\u00f6vl\u0259t qurumlar\u0131na etdiyi m\u00fcraci\u0259td\u0259 deyilir:<\/p>\n\n\n\n<p><em>\u201c2025-ci il 17 mart tarixind\u0259 ke\u00e7iril\u0259n imtahanlarda i\u015ftirak etmi\u015f\u0259m. \u0130mtahan\u0131n n\u0259tic\u0259si bar\u0259d\u0259 m\u0259n\u0259 r\u0259smi he\u00e7 bir s\u0259n\u0259d t\u0259qdim edilm\u0259di. 17 iyun 2025-ci il tarixind\u0259 m\u0259n\u0259 bildiri\u015f t\u0259qdim edil\u0259r\u0259k guya i\u015fl\u0259diyim \u015ftat\u0131n ixtisara d\u00fc\u015fm\u0259si haqda m\u0259lumat verildi. Faktiki olaraq is\u0259 h\u0259min \u015ftat \u00fczr\u0259 i\u015f ba\u015fqa \u015f\u0259xsl\u0259r\u0259 verilib. M\u0259nim is\u0259 \u201cixtisara\u201d d\u00fc\u015fm\u0259yim\u0259 s\u0259b\u0259b s\u00fcr\u00fcc\u00fcl\u00fck v\u0259siq\u0259min olmamas\u0131d\u0131r. \u00c7\u00fcnki bundan \u0259vv\u0259l Neft\u00e7ala XS-i \u00fczr\u0259 i\u015f\u00e7il\u0259rd\u0259n s\u00fcr\u00fcc\u00fcl\u00fck v\u0259siq\u0259sinin sur\u0259tl\u0259ri t\u0259l\u0259b edildi. V\u0259 bildirildi ki, guya \u015ftatlar yenil\u0259ndikd\u0259n sonra s\u00fcr\u00fcc\u00fc \u00e7iling\u0259rl\u0259r bu i\u015fd\u0259 i\u015fl\u0259y\u0259c\u0259kl\u0259r\u201d.<\/em><\/p>\n\n\n\n<p>Zabit M\u0259cidov h\u0259m imtahan\u0131n n\u0259tic\u0259l\u0259ri, h\u0259m d\u0259 onun i\u015fd\u0259n \u00e7\u0131xar\u0131lma s\u0259b\u0259bin\u0259 dair r\u0259smi s\u0259n\u0259din t\u0259qdim olunmas\u0131 il\u0259 ba\u011fl\u0131 \u201cAz\u0259riqaz\u201d \u0130B-\u0259 m\u00fcraci\u0259t edib.<\/p>\n\n\n\n<p>Eyni t\u0259l\u0259bl\u0259 Salyan Regional Qaz \u0130stismar \u0130dar\u0259sinin q\u0259za-b\u0259rpa i\u015fl\u0259ri \u00fczr\u0259 \u00e7iling\u0259ri B\u0259hruz \u018fkb\u0259rov da \u00e7\u0131x\u0131\u015f edib. O da 15 il i\u015fl\u0259diyi sah\u0259d\u0259 2025-ci ilin 17 mart tarixind\u0259 imtahan verib. Lakin ona da imtahan n\u0259tic\u0259l\u0259ri bar\u0259d\u0259 he\u00e7 bir r\u0259smi s\u0259n\u0259d t\u0259qdim olunmay\u0131b. 17 iyun tarixind\u0259 is\u0259 i\u015fl\u0259diyi \u015ftat\u0131n ixtisara d\u00fc\u015fm\u0259si il\u0259 ba\u011fl\u0131 ona da bildiri\u015f g\u00f6nd\u0259rilib.<\/p>\n\n\n\n<p>B\u0259hruz \u018fkb\u0259rovun da s\u00f6zl\u0259rin\u0259 g\u00f6r\u0259, ondan s\u00fcr\u00fcc\u00fcl\u00fck v\u0259siq\u0259sinin sur\u0259ti t\u0259l\u0259b edilib v\u0259 bildirilib ki, \u015ftatlar yenil\u0259ndikd\u0259n sonra guya s\u00fcr\u00fcc\u00fc-\u00e7iling\u0259rl\u0259r bu i\u015fd\u0259 \u00e7al\u0131\u015fa bil\u0259c\u0259kl\u0259r.<\/p>\n\n\n\n<p>1989-cu ild\u0259n \u201cAz\u0259riqaz\u201d \u0130stehsalat Birliyinin Hac\u0131qabul Rayon Qaz \u0130dar\u0259si v\u0259 \u015eirvan \u015e\u0259h\u0259r Qaz \u0130dar\u0259sind\u0259 m\u00fcxt\u0259lif v\u0259zif\u0259l\u0259rd\u0259 \u00e7al\u0131\u015fm\u0131\u015f Q\u0259dirova K\u0259mal\u0259 Bal\u0259li q\u0131z\u0131 36 ild\u0259n sonra \u201cbo\u015f qalan yerl\u0259r\u0259 g\u00f6nd\u0259r\u0259c\u0259yik\u201d v\u0259di il\u0259 2025-ci ilin iyul ay\u0131nda i\u015fd\u0259n \u00e7\u0131xar\u0131l\u0131b. O, 2018-ci ild\u0259n bu g\u00fcn\u0259 q\u0259d\u0259r Salyan RQ\u0130\u0130-nin Hac\u0131qabul Xidm\u0259t Sah\u0259sind\u0259 T\u0259mir-B\u0259rpa Xidm\u0259ti \u00fczr\u0259 5-ci d\u0259r\u0259c\u0259li yerli telefon rabit\u0259sinin telefon\u00e7usu v\u0259zif\u0259sind\u0259 \u00e7al\u0131\u015f\u0131b.<\/p>\n\n\n\n<p><em>\u201cM\u0259n 36 ildir ki, bu qurumda i\u015fl\u0259yirdim. Bu ya\u015fdan sonra \u0259m\u0259k bazar\u0131nda i\u015fin m\u0259hdud sayda oldu\u011fu zamanda hara m\u00fcraci\u0259t ed\u0259 bil\u0259r\u0259m? \u0130\u015fim v\u0259 \u0259m\u0259khaqq\u0131ma uy\u011fun olaraq haz\u0131rda kredit \u00f6hd\u0259liyim d\u0259 var . \u018flav\u0259 olaraq qeyd edim ki, h\u0259yat yolda\u015f\u0131m da 2-ci qrup \u0259lildir\u201d, <\/em>&#8211; dey\u0259 K\u0259mal\u0259 Q\u0259dirova sosial mediada yaz\u0131r.<\/p>\n\n\n\n<p>O, h\u0259m i\u015f t\u0259cr\u00fcb\u0259sini, h\u0259m d\u0259 ail\u0259 v\u0259ziyy\u0259tini n\u0259z\u0259r\u0259 alaraq bo\u015f qalan vakant yerl\u0259rd\u0259n birin\u0259 yerl\u0259\u015fdirilm\u0259si \u00fc\u00e7\u00fcn m\u00fcxt\u0259lif d\u00f6vl\u0259t qurumlar\u0131na m\u00fcraci\u0259t edib. Lakin bu g\u00fcn\u0259 q\u0259d\u0259r \u0259riz\u0259sin\u0259 cavab verilm\u0259yib.<\/p>\n\n\n\n<p>Eyni v\u0259ziyy\u0259tl\u0259 Ming\u0259\u00e7evir \u015f\u0259h\u0259r Qaz \u0130dar\u0259sind\u0259 \u00e7al\u0131\u015fan v\u0259 t\u0259qa\u00fcd ya\u015f\u0131na 1 il 7 ay qalm\u0131\u015f Zamid\u0259 H\u00fcseynova da \u00fczl\u0259\u015fib. O da ixtisara d\u00fc\u015fm\u0259si bar\u0259d\u0259 bildiri\u015f ald\u0131\u011f\u0131n\u0131 bildirib. Z.H\u00fcseynova yaz\u0131r ki, ixtisarlar \u0259sas\u0259n a\u015fa\u011f\u0131 xidm\u0259t sah\u0259l\u0259rind\u0259 \u00e7al\u0131\u015fan texniki i\u015f\u00e7il\u0259r aras\u0131nda apar\u0131l\u0131r: <\/p>\n\n\n\n<blockquote class=\"wp-block-quote is-layout-flow wp-block-quote-is-layout-flow\">\n<p><em>\u201cLakin islahatlar regional idar\u0259l\u0259rin r\u0259hb\u0259r hey\u0259tin\u0259 v\u0259 y\u00fcks\u0259k v\u0259zif\u0259li \u015f\u0259xsl\u0259r\u0259 \u015famil edilmir.\u201d<\/em><\/p>\n<\/blockquote>\n\n\n\n<p>38 illik \u0259m\u0259k t\u0259cr\u00fcb\u0259sin\u0259 v\u0259 veteran ail\u0259si olmas\u0131na baxmayaraq, H\u00fcseynova da i\u015f\u0259 b\u0259rpa olunmaq \u00fc\u00e7\u00fcn aidiyy\u0259ti qurumlara m\u00fcraci\u0259t ets\u0259 d\u0259, cavab ala bilm\u0259yib.<\/p>\n\n\n\n<p>G\u00f6r\u00fcnd\u00fcy\u00fc kimi, ixtisarlar mart ay\u0131nda ke\u00e7irilmi\u015f qiym\u0259tl\u0259ndirm\u0259 imtahan\u0131ndan sonra h\u0259yata ke\u00e7irilib. \u0130\u015f\u00e7il\u0259r\u0259 bildirilib ki, qiym\u0259tl\u0259ndirm\u0259 zaman\u0131 onlar\u0131n bilik, bacar\u0131q, t\u0259hsil v\u0259 t\u0259cr\u00fcb\u0259si \u0259sas g\u00f6t\u00fcr\u00fcl\u0259c\u0259k. Halbuki 36-38 illik i\u015f t\u0259cr\u00fcb\u0259si olan \u015f\u0259xsl\u0259r art\u0131q 5-7 d\u0259f\u0259 attestasiyadan u\u011furla ke\u00e7mi\u015f \u015f\u0259xsl\u0259rdir. Buna baxmayaraq, h\u0259min i\u015f\u00e7il\u0259r \u201cqiym\u0259tl\u0259ndirm\u0259\u201d zaman\u0131 k\u0259silibl\u0259r.<\/p>\n\n\n\n<p>Sonda is\u0259 m\u0259lum olub ki, qiym\u0259tl\u0259ndirm\u0259d\u0259 \u0259sas meyarlar bilik, t\u0259hsil v\u0259 t\u0259cr\u00fcb\u0259 deyil, i\u015f\u00e7il\u0259rin s\u00fcr\u00fcc\u00fcl\u00fck v\u0259siq\u0259sin\u0259 malik olub-olmamas\u0131 olub.<\/p>\n\n\n\n<p>Bu, Salyan Regional Qaz \u0130stismar \u0130dar\u0259sinin r\u0259isi Ramin S\u0259f\u0259rovun quruma daxil olan \u015fikay\u0259t v\u0259 \u0259riz\u0259l\u0259r\u0259 verdiyi r\u0259smi cavab m\u0259ktubunda da \u00f6z \u0259ksini tap\u0131b.  <\/p>\n\n\n<div class=\"wp-block-image\">\n<figure class=\"alignleft size-full is-resized\"><img decoding=\"async\" width=\"607\" height=\"774\" data-src=\"https:\/\/www.meydan.tv\/wp-content\/uploads\/azeriqaz-sekil-1.jpg\" alt=\"\" class=\"wp-image-334009 lazyload\" style=\"--smush-placeholder-width: 607px; --smush-placeholder-aspect-ratio: 607\/774;width:373px;height:auto\" src=\"data:image\/svg+xml;base64,PHN2ZyB3aWR0aD0iMSIgaGVpZ2h0PSIxIiB4bWxucz0iaHR0cDovL3d3dy53My5vcmcvMjAwMC9zdmciPjwvc3ZnPg==\" \/><figcaption class=\"wp-element-caption\">Foto: Salyan Regional Qaz \u0130stismar \u0130dar\u0259sinin r\u0259isi Ramin S\u0259f\u0259rovun cavab\u0131<\/figcaption><\/figure>\n<\/div>\n\n\n<p>Cavab m\u0259ktubunda qeyd olunur ki, ixtisarlar\u0131n s\u0259b\u0259bi yeni \u0259m\u0259liyyat modelin\u0259 ke\u00e7idl\u0259 \u0259laq\u0259dar idar\u0259etm\u0259 mexanizminin t\u0259kmill\u0259\u015fdirilm\u0259si v\u0259 x\u0259rcl\u0259rin optimalla\u015fd\u0131r\u0131lmas\u0131 il\u0259 ba\u011fl\u0131d\u0131r. H\u0259m\u00e7inin vur\u011fulan\u0131r ki, q\u0259za-b\u0259rpa i\u015fl\u0259ri \u00fczr\u0259 \u00e7iling\u0259r pe\u015f\u0259sin\u0259 dair t\u0259sdiq edilmi\u015f pe\u015f\u0259 t\u0259limat\u0131nda s\u00fcr\u00fcc\u00fcl\u00fck v\u0259siq\u0259sinin olmas\u0131 t\u0259l\u0259b edilir.<\/p>\n\n\n\n<p>Yeri g\u0259lmi\u015fk\u0259n, \u201cAz\u0259riqaz\u201d \u0130stehsalat Birliyinin mediada yay\u0131mlanan m\u0259lumatlar\u0131na \u0259sas\u0259n, struktur islahatlar\u0131 h\u0259l\u0259 2020-ci ild\u0259n ba\u015flay\u0131b. Bel\u0259 ki, h\u0259min ild\u0259n etibar\u0259n Bak\u0131 Regional Qaz\u0131n Sat\u0131\u015f\u0131 Departamenti, Bak\u0131 Regional Qaz \u00d6l\u00e7\u00fc Qur\u011fular\u0131na Xidm\u0259t Departamenti v\u0259 Qaz K\u0259m\u0259rl\u0259rin\u0259 v\u0259 Cihazlar\u0131na Texniki Xidm\u0259t Sah\u0259si birl\u0259\u015fdiril\u0259r\u0259k, onlar\u0131n bazas\u0131nda yeni Bak\u0131 Regional Qaz\u0131n Sat\u0131\u015f\u0131 Departamenti <a href=\"https:\/\/www.azeriqaz.az\/az\/news\/898\" target=\"_blank\" rel=\"noreferrer noopener sponsored nofollow\">formala\u015fd\u0131r\u0131l\u0131b<\/a>. <br><br>Bundan \u0259lav\u0259, 2023-c\u00fc ild\u0259 \u201cAz\u0259riqaz\u201d \u0130B-nin n\u0259zdind\u0259 f\u0259aliyy\u0259t g\u00f6st\u0259r\u0259n Say\u011faclar\u0131n M\u00fcayin\u0259si Laboratoriyas\u0131 Az\u0259rbaycan Metrologiya \u0130nstitutuna \u00f6t\u00fcr\u00fcl\u00fcb. Bu d\u0259yi\u015fiklik n\u0259tic\u0259sind\u0259 Metrologiya Departamenti l\u0259\u011fv edilib.<\/p>\n\n\n\n<p>Bel\u0259likl\u0259, struktur optimalla\u015fd\u0131rmas\u0131 siyas\u0259ti 2020\u20132023-c\u00fc ill\u0259r \u0259rzind\u0259 h\u0259yata ke\u00e7irilib. \u0130\u015f\u00e7il\u0259rin k\u00fctl\u0259vi ixtisarlar\u0131 is\u0259 2024-c\u00fc ild\u0259n etibar\u0259n ba\u015flay\u0131b. Bel\u0259 ki, 2016-c\u0131 ild\u0259 \u201cDOST \u0130\u015f M\u0259rk\u0259zi\u201d il\u0259 \u201cAz\u0259riqaz\u201d \u0130B aras\u0131nda ba\u011flanm\u0131\u015f m\u00fcqavil\u0259 q\u00fcvv\u0259d\u0259n d\u00fc\u015f\u0259nd\u0259n sonra ixtisarlara start verilib. 2016-2021-ci ill\u0259rd\u0259 8500 n\u0259f\u0259rl\u0259 f\u0259rdi sahibkar kimi m\u00fclki-h\u00fcquqi m\u00fcqavil\u0259 (y\u0259ni V\u00d6EN hesabl\u0131) ba\u011flanaraq, \u201cAz\u0259riqaz\u201dda i\u015fl\u0259yibl\u0259r. H\u0259min \u015f\u0259xsl\u0259rl\u0259 f\u0259rdi sahibkar kimi m\u00fcqavil\u0259 imzalansa da, \u0259slind\u0259 onlar haqq\u0131 \u00f6d\u0259nil\u0259n ictimai i\u015fl\u0259r\u0259 c\u0259lb edilibl\u0259r.<\/p>\n\n\n\n<p>2021-ci ild\u0259n is\u0259 bu \u015f\u0259xsl\u0259r art\u0131q f\u0259rdi sahibkar kimi deyil, ayl\u0131q m\u00fcqavil\u0259 \u0259sas\u0131nda \u201cAz\u0259riqaz\u201d \u0130B-d\u0259 \u00e7al\u0131\u015fma\u011fa <a href=\"https:\/\/azertag.az\/xeber\/azeriqaz_ferdi_sahibkarlarla_bagladigi_mulki_huquqi_muqavilelere_xitam_verir_dost_is_merkezi_ise_hemin_sexslerle_emek_muqavilesi_baglayacaq-1673817\" target=\"_blank\" rel=\"noreferrer noopener nofollow\">ba\u015flay\u0131blar<\/a>. Bu d\u00f6vrd\u0259 onlar\u0131n \u0259m\u0259khaqq\u0131s\u0131 DOST \u0130\u015f M\u0259rk\u0259zi t\u0259r\u0259find\u0259n \u00f6d\u0259nilib. <\/p>\n\n\n\n<p>Baxmayaraq ki, \u0259m\u0259k h\u00fcquqlar\u0131 \u00fczr\u0259 ekspertl\u0259r ayl\u0131q \u0259m\u0259k m\u00fcqavil\u0259l\u0259rin \u018fm\u0259k M\u0259c\u0259ll\u0259sin\u0259 zidd oldu\u011funu bildirirdil\u0259r. N\u0259tic\u0259d\u0259, 2024-c\u00fc ild\u0259 DOST \u0130\u015f M\u0259rk\u0259zi ayl\u0131q m\u00fcqavil\u0259l\u0259rin m\u00fcdd\u0259tini uzatmaqdan imtina ed\u0259r\u0259k, minl\u0259rl\u0259 i\u015f\u00e7inin \u201cAz\u0259riqaz\u201d \u0130B-d\u0259ki f\u0259aliyy\u0259tin\u0259 son qoyub.<\/p>\n\n\n\n<p>Haz\u0131rda is\u0259 \u201coptimalla\u015fd\u0131rma siyas\u0259ti\u201d pe\u015f\u0259kar m\u00fct\u0259x\u0259ssisl\u0259ri h\u0259d\u0259f\u0259 al\u0131b. Son 2 ay \u0259rzind\u0259 i\u015fd\u0259n \u00e7\u0131xar\u0131lan pe\u015f\u0259kar kadrlar\u0131n say\u0131 100-\u00fc ke\u00e7ib v\u0259 bu prosesin davam edir.<\/p>\n\n\n\n<h4 class=\"wp-block-heading\"><strong>Niy\u0259 s\u00fcr\u00fcc\u00fcl\u00fck v\u0259siq\u0259si meyar se\u00e7ilib?<\/strong><\/h4>\n\n\n\n<p>M\u0259s\u0259l\u0259 il\u0259 ba\u011fl\u0131 Meydan TV-nin \u201cAz\u0259riqaz\u201d \u0130stehsalat Birliyin\u0259 \u00fcnvanlad\u0131\u011f\u0131 sor\u011fu cavabs\u0131z qal\u0131b.<\/p>\n\n\n\n<p>Neft\u00e7il\u0259rin H\u00fcquqlar\u0131n\u0131n M\u00fcdafi\u0259si T\u0259\u015fkilat\u0131n\u0131n s\u0259dri Mirvari Q\u0259hr\u0259manl\u0131 bildirir ki, \u015ftatda olan s\u00fcr\u00fcc\u00fcl\u0259r i\u015fd\u0259n \u00e7\u0131xar\u0131ld\u0131\u011f\u0131 \u00fc\u00e7\u00fcn haz\u0131rda sah\u0259l\u0259rd\u0259 \u00e7al\u0131\u015fan \u0259m\u0259kda\u015flardan s\u00fcr\u00fcc\u00fcl\u00fck v\u0259siq\u0259si t\u0259l\u0259b olunur: <\/p>\n\n\n\n<p><em>\u201c\u0130ll\u0259rdir ki, 104 \u00e7a\u011fr\u0131 m\u0259rk\u0259zind\u0259 n\u00f6vb\u0259t\u00e7i \u00e7iling\u0259rl\u0259r i\u015fl\u0259yir. \u0130ndi onlardan t\u0259l\u0259b edirl\u0259r ki, s\u00fcr\u00fcc\u00fcl\u00fck v\u0259siq\u0259niz olmal\u0131d\u0131r. \u0130\u015f\u00e7il\u0259r\u0259 bildirirl\u0259r ki, art\u0131q s\u00fcr\u00fcc\u00fcl\u0259ri i\u015fd\u0259n \u00e7\u0131xar\u0131r\u0131q v\u0259 bundan sonra ma\u015f\u0131nlar\u0131 i\u015f\u00e7il\u0259rin \u00f6zl\u0259ri idar\u0259 etm\u0259lidir. Halbuki h\u0259r bir \u0259m\u0259kda\u015f\u0131n \u0259m\u0259k m\u00fcqavil\u0259sind\u0259 \u00f6z funksiyalar\u0131 a\u00e7\u0131q \u015f\u0259kild\u0259 g\u00f6st\u0259rilib. Bu funksiyalar aras\u0131nda s\u00fcr\u00fcc\u00fcl\u00fck v\u0259zif\u0259si yoxdur. Yeni meyarlar v\u0259 standartlar bar\u0259d\u0259 i\u015f\u00e7il\u0259r\u0259 he\u00e7 bir m\u0259lumat verilm\u0259d\u0259n qiym\u0259tl\u0259ndirm\u0259 imtahan\u0131 ke\u00e7irilib. \u0130mtahan\u0131n n\u0259tic\u0259l\u0259ri a\u00e7\u0131qlanandan sonra m\u0259lum olub ki, bu meyarlardan biri s\u00fcr\u00fcc\u00fcl\u00fck v\u0259siq\u0259sin\u0259 sahib olmaq imi\u015f. Halbuki bel\u0259 t\u0259l\u0259bl\u0259r \u0259vv\u0259lc\u0259d\u0259n bildirilm\u0259li idi\u201d.<\/em><\/p>\n\n\n\n<p>Q\u0259hr\u0259manl\u0131n\u0131n s\u00f6zl\u0259rin\u0259 g\u00f6r\u0259, SOCAR v\u0259 ona tabe olan m\u00fc\u0259ssis\u0259l\u0259rd\u0259 islahatlar apar\u0131ld\u0131\u011f\u0131 bar\u0259d\u0259 m\u0259lumat verilir, lakin bu islahatlar\u0131n n\u0259d\u0259n ibar\u0259t oldu\u011fu izah olunmur:<\/p>\n\n\n\n<p><em>\u201cBildiyim q\u0259d\u0259r \u0259n \u00e7ox \u00e7\u0259tinlik \u201cAz\u0259riqaz\u201dda ya\u015fan\u0131r v\u0259 bu g\u00fcn d\u0259 davam edir. Proses Neft-Qaz Layih\u0259l\u0259ndirm\u0259 \u0130nstitutunda da gedir. Amma \u201cAz\u0259riqaz\u201dda ba\u015f ver\u0259n islahatlar\u0131n n\u0259d\u0259n ibar\u0259t oldu\u011fu ayd\u0131n deyil. i\u015f\u00e7il\u0259ri \u0259mrl\u0259 tan\u0131\u015f etmirl\u0259r. \u0130slahat ad\u0131 il\u0259 xeyli sayda \u0259m\u0259kda\u015f ixtisara sal\u0131n\u0131b. T\u0259\u0259cc\u00fcbl\u00fcd\u00fcr ki, bu islahatlar niy\u0259 yaln\u0131z a\u015fa\u011f\u0131 qurumlara t\u0259tbiq olunur?\u201d<\/em><\/p>\n\n\n\n<p>Q\u0259hr\u0259manl\u0131 \u0259lav\u0259 edir ki, ke\u00e7iril\u0259n qiym\u0259tl\u0259ndirm\u0259 imtahanlar\u0131n\u0131n da h\u00fcquqi \u0259sas\u0131 b\u0259lli deyil:<br><br><em>\u201c\u018fm\u0259k M\u0259c\u0259ll\u0259sin\u0259 \u0259sas\u0259n, h\u0259r be\u015f ild\u0259n bir attestasiyalar ke\u00e7irilir. B\u0259s bu \u201cqiym\u0259tl\u0259ndirm\u0259\u201d n\u0259dir? \u0130\u015f\u00e7il\u0259r bildirir ki, imtahanda onlar\u0131n sah\u0259sin\u0259 aid olmayan suallar verilib. Bu is\u0259 insanlarda ciddi stress v\u0259 narahatl\u0131q yarad\u0131b. \u0130xtisarlar\u0131n \u0259ks\u0259riyy\u0259ti Regional Qaz \u0130stismar \u0130dar\u0259l\u0259rind\u0259 apar\u0131l\u0131r. Q\u0259rib\u0259si odur ki, xadim\u0259, \u00e7iling\u0259r, m\u00fch\u0259ndis kimi a\u015fa\u011f\u0131 v\u0259zif\u0259l\u0259r ixtisara sal\u0131n\u0131r, amma yuxar\u0131 qurumlarda yeni departamentl\u0259r yarad\u0131l\u0131r, m\u00fcavin v\u0259 m\u00fc\u015favir \u015ftatlar\u0131n\u0131n say\u0131 art\u0131r\u0131l\u0131r.<\/em><\/p>\n\n\n\n<p><em>X\u0259z\u0259r D\u0259nizi Neft-Qaz Layih\u0259l\u0259ndirm\u0259 \u0130nstitutunda da i\u015f\u00e7il\u0259r\u0259 m\u0259cburi \u0259riz\u0259 yazd\u0131r\u0131l\u0131r. Bir \u00e7ox \u0259m\u0259kda\u015f is\u0259 qorxudan a\u015fa\u011f\u0131 v\u0259zif\u0259y\u0259 ke\u00e7m\u0259y\u0259 raz\u0131 olur. Yuxar\u0131 d\u0259r\u0259c\u0259li \u0259m\u0259kda\u015flar\u0131 a\u015fa\u011f\u0131 d\u0259r\u0259c\u0259 il\u0259 yenid\u0259n i\u015f\u0259 g\u00f6t\u00fcr\u00fcrl\u0259r. \u0130nsanlar ya i\u015fd\u0259n \u00e7\u0131xar\u0131lmaqdan qorxur, ya da ail\u0259 v\u0259ziyy\u0259tin\u0259 g\u00f6r\u0259 raz\u0131la\u015fma\u011fa m\u0259cbur olur.\u201d<\/em><\/p>\n","protected":false},"excerpt":{"rendered":"<p>\u201cAz\u0259riqaz\u201d \u0130stehsalat Birliyinin regional idar\u0259l\u0259rind\u0259n iyun-iyul aylar\u0131nda 40-dan \u00e7ox i\u015f\u00e7i &#8230; <\/p>\n<p class=\"read-more-container\"><a title=\"\u201cAz\u0259riqaz\u201dda s\u00fcr\u00fcc\u00fcl\u00fck v\u0259siq\u0259si olmayan i\u015f\u00e7il\u0259r ixtisar edilir\" class=\"read-more button\" href=\"https:\/\/www.meydan.tv\/az\/article\/az%c9%99riqazda-suruculuk-v%c9%99siq%c9%99si-olmayan-iscil%c9%99r-ixtisar-edilir\/#more-333986\" aria-label=\"Read more about \u201cAz\u0259riqaz\u201dda s\u00fcr\u00fcc\u00fcl\u00fck v\u0259siq\u0259si olmayan i\u015f\u00e7il\u0259r ixtisar edilir\">Davam\u0131<\/a><\/p>\n","protected":false},"author":16,"featured_media":333996,"comment_status":"closed","ping_status":"closed","sticky":false,"template":"","format":"standard","meta":{"_acf_changed":false,"_sitemap_exclude":false,"_sitemap_priority":"","_sitemap_frequency":"","footnotes":""},"categories":[62,79,56],"tags":[],"class_list":["post-333986","post","type-post","status-publish","format-standard","has-post-thumbnail","hentry","category-sosial","category-featured","category-xeberler","infinite-scroll-item","generate-columns","tablet-grid-50","mobile-grid-100","grid-parent","grid-33","no-featured-image-padding"],"acf":[],"yoast_head":"<!-- This site is optimized with the Yoast SEO plugin v27.4 - https:\/\/yoast.com\/product\/yoast-seo-wordpress\/ -->\n<title>\u201cAz\u0259riqaz\u201dda s\u00fcr\u00fcc\u00fcl\u00fck v\u0259siq\u0259si olmayan i\u015f\u00e7il\u0259r ixtisar edilir - MEYDAN.TV<\/title>\n<meta name=\"robots\" content=\"index, follow, max-snippet:-1, max-image-preview:large, max-video-preview:-1\" \/>\n<link rel=\"canonical\" href=\"https:\/\/www.meydan.tv\/az\/article\/az%c9%99riqazda-suruculuk-v%c9%99siq%c9%99si-olmayan-iscil%c9%99r-ixtisar-edilir\/\" \/>\n<meta property=\"og:locale\" content=\"az_AZ\" \/>\n<meta property=\"og:type\" content=\"article\" \/>\n<meta property=\"og:title\" content=\"\u201cAz\u0259riqaz\u201dda s\u00fcr\u00fcc\u00fcl\u00fck v\u0259siq\u0259si olmayan i\u015f\u00e7il\u0259r ixtisar edilir - MEYDAN.TV\" \/>\n<meta property=\"og:description\" content=\"\u201cAz\u0259riqaz\u201d \u0130stehsalat Birliyinin regional idar\u0259l\u0259rind\u0259n iyun-iyul aylar\u0131nda 40-dan \u00e7ox i\u015f\u00e7i ... Davam\u0131\" \/>\n<meta property=\"og:url\" content=\"https:\/\/www.meydan.tv\/az\/article\/az%c9%99riqazda-suruculuk-v%c9%99siq%c9%99si-olmayan-iscil%c9%99r-ixtisar-edilir\/\" \/>\n<meta property=\"og:site_name\" content=\"MEYDAN.TV\" \/>\n<meta property=\"article:published_time\" content=\"2025-08-06T13:27:53+00:00\" \/>\n<meta property=\"article:modified_time\" content=\"2025-08-06T14:35:12+00:00\" \/>\n<meta property=\"og:image\" content=\"https:\/\/www.meydan.tv\/wp-content\/uploads\/shutterstock_1716859621.jpg\" \/>\n\t<meta property=\"og:image:width\" content=\"1000\" \/>\n\t<meta property=\"og:image:height\" content=\"626\" \/>\n\t<meta property=\"og:image:type\" content=\"image\/jpeg\" \/>\n<meta name=\"author\" content=\"sevda\" \/>\n<meta name=\"twitter:card\" content=\"summary_large_image\" \/>\n<script type=\"application\/ld+json\" class=\"yoast-schema-graph\">{\"@context\":\"https:\\\/\\\/schema.org\",\"@graph\":[{\"@type\":\"Article\",\"@id\":\"https:\\\/\\\/www.meydan.tv\\\/az\\\/article\\\/az%c9%99riqazda-suruculuk-v%c9%99siq%c9%99si-olmayan-iscil%c9%99r-ixtisar-edilir\\\/#article\",\"isPartOf\":{\"@id\":\"https:\\\/\\\/www.meydan.tv\\\/az\\\/article\\\/az%c9%99riqazda-suruculuk-v%c9%99siq%c9%99si-olmayan-iscil%c9%99r-ixtisar-edilir\\\/\"},\"author\":{\"name\":\"sevda\",\"@id\":\"https:\\\/\\\/www.meydan.tv\\\/az\\\/#\\\/schema\\\/person\\\/49b5f2bad5b126bb8ea9320eeb3e4dc9\"},\"headline\":\"\u201cAz\u0259riqaz\u201dda s\u00fcr\u00fcc\u00fcl\u00fck v\u0259siq\u0259si olmayan i\u015f\u00e7il\u0259r ixtisar edilir\",\"datePublished\":\"2025-08-06T13:27:53+00:00\",\"dateModified\":\"2025-08-06T14:35:12+00:00\",\"mainEntityOfPage\":{\"@id\":\"https:\\\/\\\/www.meydan.tv\\\/az\\\/article\\\/az%c9%99riqazda-suruculuk-v%c9%99siq%c9%99si-olmayan-iscil%c9%99r-ixtisar-edilir\\\/\"},\"wordCount\":2269,\"publisher\":{\"@id\":\"https:\\\/\\\/www.meydan.tv\\\/az\\\/#organization\"},\"image\":{\"@id\":\"https:\\\/\\\/www.meydan.tv\\\/az\\\/article\\\/az%c9%99riqazda-suruculuk-v%c9%99siq%c9%99si-olmayan-iscil%c9%99r-ixtisar-edilir\\\/#primaryimage\"},\"thumbnailUrl\":\"https:\\\/\\\/www.meydan.tv\\\/wp-content\\\/uploads\\\/shutterstock_1716859621.jpg\",\"articleSection\":[\"Sosial\",\"T\u00f6vsiy\u0259\",\"X\u0259b\u0259rl\u0259r\"],\"inLanguage\":\"az\"},{\"@type\":\"WebPage\",\"@id\":\"https:\\\/\\\/www.meydan.tv\\\/az\\\/article\\\/az%c9%99riqazda-suruculuk-v%c9%99siq%c9%99si-olmayan-iscil%c9%99r-ixtisar-edilir\\\/\",\"url\":\"https:\\\/\\\/www.meydan.tv\\\/az\\\/article\\\/az%c9%99riqazda-suruculuk-v%c9%99siq%c9%99si-olmayan-iscil%c9%99r-ixtisar-edilir\\\/\",\"name\":\"\u201cAz\u0259riqaz\u201dda s\u00fcr\u00fcc\u00fcl\u00fck v\u0259siq\u0259si olmayan i\u015f\u00e7il\u0259r ixtisar edilir - MEYDAN.TV\",\"isPartOf\":{\"@id\":\"https:\\\/\\\/www.meydan.tv\\\/az\\\/#website\"},\"primaryImageOfPage\":{\"@id\":\"https:\\\/\\\/www.meydan.tv\\\/az\\\/article\\\/az%c9%99riqazda-suruculuk-v%c9%99siq%c9%99si-olmayan-iscil%c9%99r-ixtisar-edilir\\\/#primaryimage\"},\"image\":{\"@id\":\"https:\\\/\\\/www.meydan.tv\\\/az\\\/article\\\/az%c9%99riqazda-suruculuk-v%c9%99siq%c9%99si-olmayan-iscil%c9%99r-ixtisar-edilir\\\/#primaryimage\"},\"thumbnailUrl\":\"https:\\\/\\\/www.meydan.tv\\\/wp-content\\\/uploads\\\/shutterstock_1716859621.jpg\",\"datePublished\":\"2025-08-06T13:27:53+00:00\",\"dateModified\":\"2025-08-06T14:35:12+00:00\",\"breadcrumb\":{\"@id\":\"https:\\\/\\\/www.meydan.tv\\\/az\\\/article\\\/az%c9%99riqazda-suruculuk-v%c9%99siq%c9%99si-olmayan-iscil%c9%99r-ixtisar-edilir\\\/#breadcrumb\"},\"inLanguage\":\"az\",\"potentialAction\":[{\"@type\":\"ReadAction\",\"target\":[\"https:\\\/\\\/www.meydan.tv\\\/az\\\/article\\\/az%c9%99riqazda-suruculuk-v%c9%99siq%c9%99si-olmayan-iscil%c9%99r-ixtisar-edilir\\\/\"]}]},{\"@type\":\"ImageObject\",\"inLanguage\":\"az\",\"@id\":\"https:\\\/\\\/www.meydan.tv\\\/az\\\/article\\\/az%c9%99riqazda-suruculuk-v%c9%99siq%c9%99si-olmayan-iscil%c9%99r-ixtisar-edilir\\\/#primaryimage\",\"url\":\"https:\\\/\\\/www.meydan.tv\\\/wp-content\\\/uploads\\\/shutterstock_1716859621.jpg\",\"contentUrl\":\"https:\\\/\\\/www.meydan.tv\\\/wp-content\\\/uploads\\\/shutterstock_1716859621.jpg\",\"width\":1000,\"height\":626,\"caption\":\"\u0130ll\u00fcstrasiya: Andrii Yalanskyi\\\\shutterstock\"},{\"@type\":\"BreadcrumbList\",\"@id\":\"https:\\\/\\\/www.meydan.tv\\\/az\\\/article\\\/az%c9%99riqazda-suruculuk-v%c9%99siq%c9%99si-olmayan-iscil%c9%99r-ixtisar-edilir\\\/#breadcrumb\",\"itemListElement\":[{\"@type\":\"ListItem\",\"position\":1,\"name\":\"Ana s\u0259hif\u0259\",\"item\":\"https:\\\/\\\/www.meydan.tv\\\/az\\\/\"},{\"@type\":\"ListItem\",\"position\":2,\"name\":\"Sosial\",\"item\":\"https:\\\/\\\/www.meydan.tv\\\/az\\\/section\\\/sosial\\\/\"},{\"@type\":\"ListItem\",\"position\":3,\"name\":\"\u201cAz\u0259riqaz\u201dda s\u00fcr\u00fcc\u00fcl\u00fck v\u0259siq\u0259si olmayan i\u015f\u00e7il\u0259r ixtisar edilir\"}]},{\"@type\":\"WebSite\",\"@id\":\"https:\\\/\\\/www.meydan.tv\\\/az\\\/#website\",\"url\":\"https:\\\/\\\/www.meydan.tv\\\/az\\\/\",\"name\":\"MEYDAN.TV\",\"description\":\"Meydan TV Az\u0259rbaycan\u0131n media m\u0259kan\u0131ndak\u0131 alternativ s\u0259sidir\",\"publisher\":{\"@id\":\"https:\\\/\\\/www.meydan.tv\\\/az\\\/#organization\"},\"potentialAction\":[{\"@type\":\"SearchAction\",\"target\":{\"@type\":\"EntryPoint\",\"urlTemplate\":\"https:\\\/\\\/www.meydan.tv\\\/az\\\/?s={search_term_string}\"},\"query-input\":{\"@type\":\"PropertyValueSpecification\",\"valueRequired\":true,\"valueName\":\"search_term_string\"}}],\"inLanguage\":\"az\"},{\"@type\":\"Organization\",\"@id\":\"https:\\\/\\\/www.meydan.tv\\\/az\\\/#organization\",\"name\":\"Meydan TV\",\"url\":\"https:\\\/\\\/www.meydan.tv\\\/az\\\/\",\"logo\":{\"@type\":\"ImageObject\",\"inLanguage\":\"az\",\"@id\":\"https:\\\/\\\/www.meydan.tv\\\/az\\\/#\\\/schema\\\/logo\\\/image\\\/\",\"url\":\"https:\\\/\\\/www.meydan.tv\\\/wp-content\\\/uploads\\\/2021\\\/07\\\/meydan-logo.svg\",\"contentUrl\":\"https:\\\/\\\/www.meydan.tv\\\/wp-content\\\/uploads\\\/2021\\\/07\\\/meydan-logo.svg\",\"width\":195,\"height\":46,\"caption\":\"Meydan TV\"},\"image\":{\"@id\":\"https:\\\/\\\/www.meydan.tv\\\/az\\\/#\\\/schema\\\/logo\\\/image\\\/\"}},{\"@type\":\"Person\",\"@id\":\"https:\\\/\\\/www.meydan.tv\\\/az\\\/#\\\/schema\\\/person\\\/49b5f2bad5b126bb8ea9320eeb3e4dc9\",\"name\":\"sevda\"}]}<\/script>\n<!-- \/ Yoast SEO plugin. -->","yoast_head_json":{"title":"\u201cAz\u0259riqaz\u201dda s\u00fcr\u00fcc\u00fcl\u00fck v\u0259siq\u0259si olmayan i\u015f\u00e7il\u0259r ixtisar edilir - MEYDAN.TV","robots":{"index":"index","follow":"follow","max-snippet":"max-snippet:-1","max-image-preview":"max-image-preview:large","max-video-preview":"max-video-preview:-1"},"canonical":"https:\/\/www.meydan.tv\/az\/article\/az%c9%99riqazda-suruculuk-v%c9%99siq%c9%99si-olmayan-iscil%c9%99r-ixtisar-edilir\/","og_locale":"az_AZ","og_type":"article","og_title":"\u201cAz\u0259riqaz\u201dda s\u00fcr\u00fcc\u00fcl\u00fck v\u0259siq\u0259si olmayan i\u015f\u00e7il\u0259r ixtisar edilir - MEYDAN.TV","og_description":"\u201cAz\u0259riqaz\u201d \u0130stehsalat Birliyinin regional idar\u0259l\u0259rind\u0259n iyun-iyul aylar\u0131nda 40-dan \u00e7ox i\u015f\u00e7i ... Davam\u0131","og_url":"https:\/\/www.meydan.tv\/az\/article\/az%c9%99riqazda-suruculuk-v%c9%99siq%c9%99si-olmayan-iscil%c9%99r-ixtisar-edilir\/","og_site_name":"MEYDAN.TV","article_published_time":"2025-08-06T13:27:53+00:00","article_modified_time":"2025-08-06T14:35:12+00:00","og_image":[{"width":1000,"height":626,"url":"https:\/\/www.meydan.tv\/wp-content\/uploads\/shutterstock_1716859621.jpg","type":"image\/jpeg"}],"author":"sevda","twitter_card":"summary_large_image","schema":{"@context":"https:\/\/schema.org","@graph":[{"@type":"Article","@id":"https:\/\/www.meydan.tv\/az\/article\/az%c9%99riqazda-suruculuk-v%c9%99siq%c9%99si-olmayan-iscil%c9%99r-ixtisar-edilir\/#article","isPartOf":{"@id":"https:\/\/www.meydan.tv\/az\/article\/az%c9%99riqazda-suruculuk-v%c9%99siq%c9%99si-olmayan-iscil%c9%99r-ixtisar-edilir\/"},"author":{"name":"sevda","@id":"https:\/\/www.meydan.tv\/az\/#\/schema\/person\/49b5f2bad5b126bb8ea9320eeb3e4dc9"},"headline":"\u201cAz\u0259riqaz\u201dda s\u00fcr\u00fcc\u00fcl\u00fck v\u0259siq\u0259si olmayan i\u015f\u00e7il\u0259r ixtisar edilir","datePublished":"2025-08-06T13:27:53+00:00","dateModified":"2025-08-06T14:35:12+00:00","mainEntityOfPage":{"@id":"https:\/\/www.meydan.tv\/az\/article\/az%c9%99riqazda-suruculuk-v%c9%99siq%c9%99si-olmayan-iscil%c9%99r-ixtisar-edilir\/"},"wordCount":2269,"publisher":{"@id":"https:\/\/www.meydan.tv\/az\/#organization"},"image":{"@id":"https:\/\/www.meydan.tv\/az\/article\/az%c9%99riqazda-suruculuk-v%c9%99siq%c9%99si-olmayan-iscil%c9%99r-ixtisar-edilir\/#primaryimage"},"thumbnailUrl":"https:\/\/www.meydan.tv\/wp-content\/uploads\/shutterstock_1716859621.jpg","articleSection":["Sosial","T\u00f6vsiy\u0259","X\u0259b\u0259rl\u0259r"],"inLanguage":"az"},{"@type":"WebPage","@id":"https:\/\/www.meydan.tv\/az\/article\/az%c9%99riqazda-suruculuk-v%c9%99siq%c9%99si-olmayan-iscil%c9%99r-ixtisar-edilir\/","url":"https:\/\/www.meydan.tv\/az\/article\/az%c9%99riqazda-suruculuk-v%c9%99siq%c9%99si-olmayan-iscil%c9%99r-ixtisar-edilir\/","name":"\u201cAz\u0259riqaz\u201dda s\u00fcr\u00fcc\u00fcl\u00fck v\u0259siq\u0259si olmayan i\u015f\u00e7il\u0259r ixtisar edilir - MEYDAN.TV","isPartOf":{"@id":"https:\/\/www.meydan.tv\/az\/#website"},"primaryImageOfPage":{"@id":"https:\/\/www.meydan.tv\/az\/article\/az%c9%99riqazda-suruculuk-v%c9%99siq%c9%99si-olmayan-iscil%c9%99r-ixtisar-edilir\/#primaryimage"},"image":{"@id":"https:\/\/www.meydan.tv\/az\/article\/az%c9%99riqazda-suruculuk-v%c9%99siq%c9%99si-olmayan-iscil%c9%99r-ixtisar-edilir\/#primaryimage"},"thumbnailUrl":"https:\/\/www.meydan.tv\/wp-content\/uploads\/shutterstock_1716859621.jpg","datePublished":"2025-08-06T13:27:53+00:00","dateModified":"2025-08-06T14:35:12+00:00","breadcrumb":{"@id":"https:\/\/www.meydan.tv\/az\/article\/az%c9%99riqazda-suruculuk-v%c9%99siq%c9%99si-olmayan-iscil%c9%99r-ixtisar-edilir\/#breadcrumb"},"inLanguage":"az","potentialAction":[{"@type":"ReadAction","target":["https:\/\/www.meydan.tv\/az\/article\/az%c9%99riqazda-suruculuk-v%c9%99siq%c9%99si-olmayan-iscil%c9%99r-ixtisar-edilir\/"]}]},{"@type":"ImageObject","inLanguage":"az","@id":"https:\/\/www.meydan.tv\/az\/article\/az%c9%99riqazda-suruculuk-v%c9%99siq%c9%99si-olmayan-iscil%c9%99r-ixtisar-edilir\/#primaryimage","url":"https:\/\/www.meydan.tv\/wp-content\/uploads\/shutterstock_1716859621.jpg","contentUrl":"https:\/\/www.meydan.tv\/wp-content\/uploads\/shutterstock_1716859621.jpg","width":1000,"height":626,"caption":"\u0130ll\u00fcstrasiya: Andrii Yalanskyi\\shutterstock"},{"@type":"BreadcrumbList","@id":"https:\/\/www.meydan.tv\/az\/article\/az%c9%99riqazda-suruculuk-v%c9%99siq%c9%99si-olmayan-iscil%c9%99r-ixtisar-edilir\/#breadcrumb","itemListElement":[{"@type":"ListItem","position":1,"name":"Ana s\u0259hif\u0259","item":"https:\/\/www.meydan.tv\/az\/"},{"@type":"ListItem","position":2,"name":"Sosial","item":"https:\/\/www.meydan.tv\/az\/section\/sosial\/"},{"@type":"ListItem","position":3,"name":"\u201cAz\u0259riqaz\u201dda s\u00fcr\u00fcc\u00fcl\u00fck v\u0259siq\u0259si olmayan i\u015f\u00e7il\u0259r ixtisar edilir"}]},{"@type":"WebSite","@id":"https:\/\/www.meydan.tv\/az\/#website","url":"https:\/\/www.meydan.tv\/az\/","name":"MEYDAN.TV","description":"Meydan TV Az\u0259rbaycan\u0131n media m\u0259kan\u0131ndak\u0131 alternativ s\u0259sidir","publisher":{"@id":"https:\/\/www.meydan.tv\/az\/#organization"},"potentialAction":[{"@type":"SearchAction","target":{"@type":"EntryPoint","urlTemplate":"https:\/\/www.meydan.tv\/az\/?s={search_term_string}"},"query-input":{"@type":"PropertyValueSpecification","valueRequired":true,"valueName":"search_term_string"}}],"inLanguage":"az"},{"@type":"Organization","@id":"https:\/\/www.meydan.tv\/az\/#organization","name":"Meydan TV","url":"https:\/\/www.meydan.tv\/az\/","logo":{"@type":"ImageObject","inLanguage":"az","@id":"https:\/\/www.meydan.tv\/az\/#\/schema\/logo\/image\/","url":"https:\/\/www.meydan.tv\/wp-content\/uploads\/2021\/07\/meydan-logo.svg","contentUrl":"https:\/\/www.meydan.tv\/wp-content\/uploads\/2021\/07\/meydan-logo.svg","width":195,"height":46,"caption":"Meydan TV"},"image":{"@id":"https:\/\/www.meydan.tv\/az\/#\/schema\/logo\/image\/"}},{"@type":"Person","@id":"https:\/\/www.meydan.tv\/az\/#\/schema\/person\/49b5f2bad5b126bb8ea9320eeb3e4dc9","name":"sevda"}]}},"_links":{"self":[{"href":"https:\/\/www.meydan.tv\/az\/wp-json\/wp\/v2\/posts\/333986","targetHints":{"allow":["GET"]}}],"collection":[{"href":"https:\/\/www.meydan.tv\/az\/wp-json\/wp\/v2\/posts"}],"about":[{"href":"https:\/\/www.meydan.tv\/az\/wp-json\/wp\/v2\/types\/post"}],"author":[{"embeddable":true,"href":"https:\/\/www.meydan.tv\/az\/wp-json\/wp\/v2\/users\/16"}],"replies":[{"embeddable":true,"href":"https:\/\/www.meydan.tv\/az\/wp-json\/wp\/v2\/comments?post=333986"}],"version-history":[{"count":8,"href":"https:\/\/www.meydan.tv\/az\/wp-json\/wp\/v2\/posts\/333986\/revisions"}],"predecessor-version":[{"id":334013,"href":"https:\/\/www.meydan.tv\/az\/wp-json\/wp\/v2\/posts\/333986\/revisions\/334013"}],"wp:featuredmedia":[{"embeddable":true,"href":"https:\/\/www.meydan.tv\/az\/wp-json\/wp\/v2\/media\/333996"}],"wp:attachment":[{"href":"https:\/\/www.meydan.tv\/az\/wp-json\/wp\/v2\/media?parent=333986"}],"wp:term":[{"taxonomy":"category","embeddable":true,"href":"https:\/\/www.meydan.tv\/az\/wp-json\/wp\/v2\/categories?post=333986"},{"taxonomy":"post_tag","embeddable":true,"href":"https:\/\/www.meydan.tv\/az\/wp-json\/wp\/v2\/tags?post=333986"}],"curies":[{"name":"wp","href":"https:\/\/api.w.org\/{rel}","templated":true}]}}