{"id":333979,"date":"2025-08-06T16:44:06","date_gmt":"2025-08-06T12:44:06","guid":{"rendered":"https:\/\/www.meydan.tv\/?p=333979"},"modified":"2025-08-06T16:44:09","modified_gmt":"2025-08-06T12:44:09","slug":"gurcustanda-polis%c9%99-sill%c9%99-vurmaqda-ittiham-olunan-jurnalist-2-il-mudd%c9%99tin%c9%99-h%c9%99bs-edilib","status":"publish","type":"post","link":"https:\/\/www.meydan.tv\/az\/article\/gurcustanda-polis%c9%99-sill%c9%99-vurmaqda-ittiham-olunan-jurnalist-2-il-mudd%c9%99tin%c9%99-h%c9%99bs-edilib\/","title":{"rendered":"G\u00fcrc\u00fcstanda polis\u0259 sill\u0259 vurmaqda ittiham olunan jurnalist 2 il m\u00fcdd\u0259tin\u0259 h\u0259bs edilib"},"content":{"rendered":"\n<p>Batumi \u015e\u0259h\u0259r M\u0259hk\u0259m\u0259si Batumelebi\/Netgazeti-nin t\u0259sis\u00e7isi v\u0259 direktoru Mzia Ama\u011flobelini iki il m\u00fcdd\u0259tin\u0259 azadl\u0131qdan m\u0259hrum edib.<\/p>\n\n\n\n<p>Jurnalist Cinay\u0259t M\u0259c\u0259ll\u0259sinin ictimai asayi\u015fin m\u00fcdafi\u0259\u00e7isi v\u0259 ya dig\u0259r d\u00f6vl\u0259t qulluq\u00e7usuna qar\u015f\u0131 m\u00fcqavim\u0259t, h\u0259d\u0259 v\u0259 ya zorak\u0131l\u0131\u011f\u0131 n\u0259z\u0259rd\u0259 tutan 353-c\u00fc madd\u0259si il\u0259 t\u0259qsirli bilinib.<\/p>\n\n\n\n<pre class=\"wp-block-verse\">Mzia Ama\u011flobeli ilk olaraq bu il yanvar\u0131n 12-d\u0259 gec\u0259 binaya stiker yap\u0131\u015fd\u0131rd\u0131\u011f\u0131 \u00fc\u00e7\u00fcn saxlan\u0131l\u0131b. <br><br>El\u0259 h\u0259min g\u00fcn s\u0259rb\u0259st burax\u0131lan jurnalist iki saat sonra polis m\u0259murunun paltar\u0131n\u0131n yaxas\u0131ndan \u00e7\u0259k\u0259r\u0259k yana\u011f\u0131ndan vurdu\u011funa g\u00f6r\u0259 saxlan\u0131l\u0131b. <br><br>Onun Batuminin polis r\u0259isi \u0130rakli Dqebuadzeni vurdu\u011fu iddia olunur.<\/pre>\n\n\n\n<p>Avqustun 4-d\u0259 Mzia Ama\u011flobeli m\u0259hk\u0259m\u0259 iclas\u0131nda yekun \u00e7\u0131x\u0131\u015f etm\u0259k h\u00fcququndan istifad\u0259 edib. Jurnalist G\u00fcrc\u00fcstan\u0131n Ba\u015f naziri \u0130rakli Kobaxidzey\u0259 m\u00fcraci\u0259t ed\u0259r\u0259k bildirib ki, o, guya \u201cD\u0259rin D\u00f6vl\u0259t\u201din agenti olmaqda ittiham olunur.<\/p>\n\n\n\n<p><em>\u201cM\u0259lum oldu ki, m\u0259n\u0259 m\u0259\u015fql\u0259rd\u0259 sill\u0259 vurma\u011f\u0131 \u00f6yr\u0259dibl\u0259r &#8211; \u0130rakli Kobaxidzey\u0259 m\u00fcraci\u0259t edir\u0259m: polis zabitinin l\u0259yaq\u0259tini al\u00e7altmaq \u00fc\u00e7\u00fcn D\u0259rin D\u00f6vl\u0259tin \u201cs\u0259yl\u0259rin\u0259\u201d ehtiyac yoxdur: onlar \u00f6zl\u0259ri bel\u0259 davran\u0131rlar\u201d,<\/em> &#8211; Ama\u011flobeli \u00e7\u0131x\u0131\u015f\u0131nda bildirib.<\/p>\n\n\n\n<p>O qeyd edib ki, Batumi polis r\u0259isi \u0130rakli Dqebuadzenin \u00fcz\u00fcn\u0259 vurulan sill\u0259 polis \u0259m\u0259kda\u015f\u0131na h\u00fccum deyil.<\/p>\n\n\n\n<p><em>&#8220;On n\u0259f\u0259r\u0259 yax\u0131n m\u00fcst\u0259ntiq i\u015fi el\u0259 tikib m\u0259hk\u0259m\u0259y\u0259 verdil\u0259r ki, m\u0259n\u0259 sual verm\u0259dil\u0259r, fikrimi soru\u015fmad\u0131lar. \u018fg\u0259r m\u00fcst\u0259ntiql\u0259r pe\u015f\u0259kar suallar vers\u0259ydil\u0259r, q\u0259r\u0259zli ara\u015fd\u0131rma aparmasayd\u0131lar, bu i\u015f basq\u0131n t\u00f6vsiyy\u0259si il\u0259 m\u0259hk\u0259m\u0259y\u0259 verilm\u0259zdi. \u0130rakli Dqebuadze m\u0259n\u0259 4 ild\u0259n 7 il\u0259 q\u0259d\u0259r h\u0259bs c\u0259zas\u0131 ver\u0259c\u0259yini bildirdi v\u0259 prokurorluq ona d\u0259st\u0259k oldu\u201d,<\/em> &#8211; Mzia Ama\u011flobeli bildirib.<\/p>\n\n\n\n<p>G\u00fcrc\u00fcstan G\u0259nc H\u00fcquq\u015f\u00fcnaslar Assosiasiyas\u0131 Ama\u011flobeli ad\u0131ndan Avropa \u0130nsan H\u00fcquqlar\u0131 M\u0259hk\u0259m\u0259sin\u0259 (A\u0130HM) m\u00fcraci\u0259t edib.<\/p>\n\n\n\n<p>Jurnalist saxlan\u0131ld\u0131qdan sonra 38 g\u00fcn acl\u0131q aksiyas\u0131na ba\u015flay\u0131b v\u0259 sonra dayand\u0131r\u0131b.<\/p>\n\n\n\n<p>Fevral\u0131n 7-d\u0259 Ama\u011flobeliy\u0259 G\u00fcrc\u00fcstan Ombudsman\u0131n\u0131n yaratd\u0131\u011f\u0131 h\u0259kiml\u0259r qrupu ba\u015f \u00e7\u0259kib v\u0259 jurnalistin s\u0259hh\u0259ti il\u0259 \u0259laq\u0259dar &#8220;Vivamed&#8221; klinikas\u0131nda qalmal\u0131 oldu\u011funu qeyd edib.<\/p>\n\n\n\n<p><em>Onun h\u0259bsi il\u0259 ba\u011fl\u0131 G\u00fcrc\u00fcstan\u0131n be\u015finci Prezidenti Salome Zurabi\u015fvili \u201cX\u201d platformas\u0131nda \u201cBu \u0259dal\u0259t deyil, siyasi t\u0259qibdir, Mzia Ama\u011flobeli onun ruhunu s\u0131nd\u0131rmaq \u00fc\u00e7\u00fcn sonsuz mane\u0259l\u0259rd\u0259n v\u0259 qeyri-insani \u015f\u0259rtl\u0259rd\u0259n ke\u00e7ir&#8221;,<\/em> &#8211; dey\u0259 qeyd edib.<\/p>\n\n\n\n<p>Helsinki Komissiyas\u0131 b\u0259yanat\u0131nda bildirib ki, hakim \u201cG\u00fcrc\u00fc arzusu\u201d partiyas\u0131 azad median\u0131 s\u0131x\u0131\u015fd\u0131rmaqla \u00f6z korrupsiyas\u0131n\u0131 v\u0259 G\u00fcrc\u00fcstan xalq\u0131na qar\u015f\u0131 cinay\u0259tl\u0259rini \u00f6rt-basd\u0131r etm\u0259y\u0259 \u00e7al\u0131\u015f\u0131r.<\/p>\n\n\n\n<p><em>&#8220;&#8221;G\u00fcrc\u00fc arzusu&#8221; azad median\u0131 s\u0131x\u0131\u015fd\u0131rmaqla \u00f6z korrupsiyas\u0131n\u0131 v\u0259 g\u00fcrc\u00fc xalq\u0131na qar\u015f\u0131 cinay\u0259tl\u0259rini \u00f6rt-basd\u0131r etm\u0259y\u0259 \u00e7al\u0131\u015f\u0131r. Onlar yanvar ay\u0131ndan siyasi motivli ittihamlarla m\u0259hk\u0259m\u0259y\u0259 q\u0259d\u0259r h\u0259bsd\u0259 olan jurnalist Mzia Ama\u011flobelini susdurma\u011fa \u00e7al\u0131\u015f\u0131blar&#8221;,<\/em> &#8211; b\u0259yanatda deyilir.<\/p>\n\n\n\n<p><\/p>\n","protected":false},"excerpt":{"rendered":"<p>Batumi \u015e\u0259h\u0259r M\u0259hk\u0259m\u0259si Batumelebi\/Netgazeti-nin t\u0259sis\u00e7isi v\u0259 direktoru Mzia Ama\u011flobelini iki &#8230; <\/p>\n<p class=\"read-more-container\"><a title=\"G\u00fcrc\u00fcstanda polis\u0259 sill\u0259 vurmaqda ittiham olunan jurnalist 2 il m\u00fcdd\u0259tin\u0259 h\u0259bs edilib\" class=\"read-more button\" href=\"https:\/\/www.meydan.tv\/az\/article\/gurcustanda-polis%c9%99-sill%c9%99-vurmaqda-ittiham-olunan-jurnalist-2-il-mudd%c9%99tin%c9%99-h%c9%99bs-edilib\/#more-333979\" aria-label=\"Read more about G\u00fcrc\u00fcstanda polis\u0259 sill\u0259 vurmaqda ittiham olunan jurnalist 2 il m\u00fcdd\u0259tin\u0259 h\u0259bs edilib\">Davam\u0131<\/a><\/p>\n","protected":false},"author":16,"featured_media":333130,"comment_status":"closed","ping_status":"closed","sticky":false,"template":"","format":"standard","meta":{"_acf_changed":false,"_sitemap_exclude":false,"_sitemap_priority":"","_sitemap_frequency":"","footnotes":""},"categories":[64,59,56],"tags":[],"class_list":["post-333979","post","type-post","status-publish","format-standard","has-post-thumbnail","hentry","category-dunya","category-siyaset","category-xeberler","infinite-scroll-item","generate-columns","tablet-grid-50","mobile-grid-100","grid-parent","grid-33","no-featured-image-padding"],"acf":[],"yoast_head":"<!-- This site is optimized with the Yoast SEO plugin v27.4 - https:\/\/yoast.com\/product\/yoast-seo-wordpress\/ -->\n<title>G\u00fcrc\u00fcstanda polis\u0259 sill\u0259 vurmaqda ittiham olunan jurnalist 2 il m\u00fcdd\u0259tin\u0259 h\u0259bs edilib - MEYDAN.TV<\/title>\n<meta name=\"robots\" content=\"index, follow, max-snippet:-1, max-image-preview:large, max-video-preview:-1\" \/>\n<link rel=\"canonical\" href=\"https:\/\/www.meydan.tv\/az\/article\/gurcustanda-polis%c9%99-sill%c9%99-vurmaqda-ittiham-olunan-jurnalist-2-il-mudd%c9%99tin%c9%99-h%c9%99bs-edilib\/\" \/>\n<meta property=\"og:locale\" content=\"az_AZ\" \/>\n<meta property=\"og:type\" content=\"article\" \/>\n<meta property=\"og:title\" content=\"G\u00fcrc\u00fcstanda polis\u0259 sill\u0259 vurmaqda ittiham olunan jurnalist 2 il m\u00fcdd\u0259tin\u0259 h\u0259bs edilib - MEYDAN.TV\" \/>\n<meta property=\"og:description\" content=\"Batumi \u015e\u0259h\u0259r M\u0259hk\u0259m\u0259si Batumelebi\/Netgazeti-nin t\u0259sis\u00e7isi v\u0259 direktoru Mzia Ama\u011flobelini iki ... Davam\u0131\" \/>\n<meta property=\"og:url\" content=\"https:\/\/www.meydan.tv\/az\/article\/gurcustanda-polis%c9%99-sill%c9%99-vurmaqda-ittiham-olunan-jurnalist-2-il-mudd%c9%99tin%c9%99-h%c9%99bs-edilib\/\" \/>\n<meta property=\"og:site_name\" content=\"MEYDAN.TV\" \/>\n<meta property=\"article:published_time\" content=\"2025-08-06T12:44:06+00:00\" \/>\n<meta property=\"article:modified_time\" content=\"2025-08-06T12:44:09+00:00\" \/>\n<meta property=\"og:image\" content=\"https:\/\/www.meydan.tv\/wp-content\/uploads\/mzia-amaglobeli-trial-dgebuadze-testimony-8-5-25-givi-avaliani-21-1.webp\" \/>\n\t<meta property=\"og:image:width\" content=\"1080\" \/>\n\t<meta property=\"og:image:height\" content=\"720\" \/>\n\t<meta property=\"og:image:type\" content=\"image\/webp\" \/>\n<meta name=\"author\" content=\"sevda\" \/>\n<meta name=\"twitter:card\" content=\"summary_large_image\" \/>\n<script type=\"application\/ld+json\" class=\"yoast-schema-graph\">{\"@context\":\"https:\\\/\\\/schema.org\",\"@graph\":[{\"@type\":\"Article\",\"@id\":\"https:\\\/\\\/www.meydan.tv\\\/az\\\/article\\\/gurcustanda-polis%c9%99-sill%c9%99-vurmaqda-ittiham-olunan-jurnalist-2-il-mudd%c9%99tin%c9%99-h%c9%99bs-edilib\\\/#article\",\"isPartOf\":{\"@id\":\"https:\\\/\\\/www.meydan.tv\\\/az\\\/article\\\/gurcustanda-polis%c9%99-sill%c9%99-vurmaqda-ittiham-olunan-jurnalist-2-il-mudd%c9%99tin%c9%99-h%c9%99bs-edilib\\\/\"},\"author\":{\"name\":\"sevda\",\"@id\":\"https:\\\/\\\/www.meydan.tv\\\/az\\\/#\\\/schema\\\/person\\\/49b5f2bad5b126bb8ea9320eeb3e4dc9\"},\"headline\":\"G\u00fcrc\u00fcstanda polis\u0259 sill\u0259 vurmaqda ittiham olunan jurnalist 2 il m\u00fcdd\u0259tin\u0259 h\u0259bs edilib\",\"datePublished\":\"2025-08-06T12:44:06+00:00\",\"dateModified\":\"2025-08-06T12:44:09+00:00\",\"mainEntityOfPage\":{\"@id\":\"https:\\\/\\\/www.meydan.tv\\\/az\\\/article\\\/gurcustanda-polis%c9%99-sill%c9%99-vurmaqda-ittiham-olunan-jurnalist-2-il-mudd%c9%99tin%c9%99-h%c9%99bs-edilib\\\/\"},\"wordCount\":524,\"publisher\":{\"@id\":\"https:\\\/\\\/www.meydan.tv\\\/az\\\/#organization\"},\"image\":{\"@id\":\"https:\\\/\\\/www.meydan.tv\\\/az\\\/article\\\/gurcustanda-polis%c9%99-sill%c9%99-vurmaqda-ittiham-olunan-jurnalist-2-il-mudd%c9%99tin%c9%99-h%c9%99bs-edilib\\\/#primaryimage\"},\"thumbnailUrl\":\"https:\\\/\\\/www.meydan.tv\\\/wp-content\\\/uploads\\\/mzia-amaglobeli-trial-dgebuadze-testimony-8-5-25-givi-avaliani-21-1.webp\",\"articleSection\":[\"D\u00fcnya\",\"Siyas\u0259t\",\"X\u0259b\u0259rl\u0259r\"],\"inLanguage\":\"az\"},{\"@type\":\"WebPage\",\"@id\":\"https:\\\/\\\/www.meydan.tv\\\/az\\\/article\\\/gurcustanda-polis%c9%99-sill%c9%99-vurmaqda-ittiham-olunan-jurnalist-2-il-mudd%c9%99tin%c9%99-h%c9%99bs-edilib\\\/\",\"url\":\"https:\\\/\\\/www.meydan.tv\\\/az\\\/article\\\/gurcustanda-polis%c9%99-sill%c9%99-vurmaqda-ittiham-olunan-jurnalist-2-il-mudd%c9%99tin%c9%99-h%c9%99bs-edilib\\\/\",\"name\":\"G\u00fcrc\u00fcstanda polis\u0259 sill\u0259 vurmaqda ittiham olunan jurnalist 2 il m\u00fcdd\u0259tin\u0259 h\u0259bs edilib - MEYDAN.TV\",\"isPartOf\":{\"@id\":\"https:\\\/\\\/www.meydan.tv\\\/az\\\/#website\"},\"primaryImageOfPage\":{\"@id\":\"https:\\\/\\\/www.meydan.tv\\\/az\\\/article\\\/gurcustanda-polis%c9%99-sill%c9%99-vurmaqda-ittiham-olunan-jurnalist-2-il-mudd%c9%99tin%c9%99-h%c9%99bs-edilib\\\/#primaryimage\"},\"image\":{\"@id\":\"https:\\\/\\\/www.meydan.tv\\\/az\\\/article\\\/gurcustanda-polis%c9%99-sill%c9%99-vurmaqda-ittiham-olunan-jurnalist-2-il-mudd%c9%99tin%c9%99-h%c9%99bs-edilib\\\/#primaryimage\"},\"thumbnailUrl\":\"https:\\\/\\\/www.meydan.tv\\\/wp-content\\\/uploads\\\/mzia-amaglobeli-trial-dgebuadze-testimony-8-5-25-givi-avaliani-21-1.webp\",\"datePublished\":\"2025-08-06T12:44:06+00:00\",\"dateModified\":\"2025-08-06T12:44:09+00:00\",\"breadcrumb\":{\"@id\":\"https:\\\/\\\/www.meydan.tv\\\/az\\\/article\\\/gurcustanda-polis%c9%99-sill%c9%99-vurmaqda-ittiham-olunan-jurnalist-2-il-mudd%c9%99tin%c9%99-h%c9%99bs-edilib\\\/#breadcrumb\"},\"inLanguage\":\"az\",\"potentialAction\":[{\"@type\":\"ReadAction\",\"target\":[\"https:\\\/\\\/www.meydan.tv\\\/az\\\/article\\\/gurcustanda-polis%c9%99-sill%c9%99-vurmaqda-ittiham-olunan-jurnalist-2-il-mudd%c9%99tin%c9%99-h%c9%99bs-edilib\\\/\"]}]},{\"@type\":\"ImageObject\",\"inLanguage\":\"az\",\"@id\":\"https:\\\/\\\/www.meydan.tv\\\/az\\\/article\\\/gurcustanda-polis%c9%99-sill%c9%99-vurmaqda-ittiham-olunan-jurnalist-2-il-mudd%c9%99tin%c9%99-h%c9%99bs-edilib\\\/#primaryimage\",\"url\":\"https:\\\/\\\/www.meydan.tv\\\/wp-content\\\/uploads\\\/mzia-amaglobeli-trial-dgebuadze-testimony-8-5-25-givi-avaliani-21-1.webp\",\"contentUrl\":\"https:\\\/\\\/www.meydan.tv\\\/wp-content\\\/uploads\\\/mzia-amaglobeli-trial-dgebuadze-testimony-8-5-25-givi-avaliani-21-1.webp\",\"width\":1080,\"height\":720,\"caption\":\"Mzia, foto: OC Media\"},{\"@type\":\"BreadcrumbList\",\"@id\":\"https:\\\/\\\/www.meydan.tv\\\/az\\\/article\\\/gurcustanda-polis%c9%99-sill%c9%99-vurmaqda-ittiham-olunan-jurnalist-2-il-mudd%c9%99tin%c9%99-h%c9%99bs-edilib\\\/#breadcrumb\",\"itemListElement\":[{\"@type\":\"ListItem\",\"position\":1,\"name\":\"Ana s\u0259hif\u0259\",\"item\":\"https:\\\/\\\/www.meydan.tv\\\/az\\\/\"},{\"@type\":\"ListItem\",\"position\":2,\"name\":\"X\u0259b\u0259rl\u0259r\",\"item\":\"https:\\\/\\\/www.meydan.tv\\\/az\\\/section\\\/xeberler\\\/\"},{\"@type\":\"ListItem\",\"position\":3,\"name\":\"G\u00fcrc\u00fcstanda polis\u0259 sill\u0259 vurmaqda ittiham olunan jurnalist 2 il m\u00fcdd\u0259tin\u0259 h\u0259bs edilib\"}]},{\"@type\":\"WebSite\",\"@id\":\"https:\\\/\\\/www.meydan.tv\\\/az\\\/#website\",\"url\":\"https:\\\/\\\/www.meydan.tv\\\/az\\\/\",\"name\":\"MEYDAN.TV\",\"description\":\"Meydan TV Az\u0259rbaycan\u0131n media m\u0259kan\u0131ndak\u0131 alternativ s\u0259sidir\",\"publisher\":{\"@id\":\"https:\\\/\\\/www.meydan.tv\\\/az\\\/#organization\"},\"potentialAction\":[{\"@type\":\"SearchAction\",\"target\":{\"@type\":\"EntryPoint\",\"urlTemplate\":\"https:\\\/\\\/www.meydan.tv\\\/az\\\/?s={search_term_string}\"},\"query-input\":{\"@type\":\"PropertyValueSpecification\",\"valueRequired\":true,\"valueName\":\"search_term_string\"}}],\"inLanguage\":\"az\"},{\"@type\":\"Organization\",\"@id\":\"https:\\\/\\\/www.meydan.tv\\\/az\\\/#organization\",\"name\":\"Meydan TV\",\"url\":\"https:\\\/\\\/www.meydan.tv\\\/az\\\/\",\"logo\":{\"@type\":\"ImageObject\",\"inLanguage\":\"az\",\"@id\":\"https:\\\/\\\/www.meydan.tv\\\/az\\\/#\\\/schema\\\/logo\\\/image\\\/\",\"url\":\"https:\\\/\\\/www.meydan.tv\\\/wp-content\\\/uploads\\\/2021\\\/07\\\/meydan-logo.svg\",\"contentUrl\":\"https:\\\/\\\/www.meydan.tv\\\/wp-content\\\/uploads\\\/2021\\\/07\\\/meydan-logo.svg\",\"width\":195,\"height\":46,\"caption\":\"Meydan TV\"},\"image\":{\"@id\":\"https:\\\/\\\/www.meydan.tv\\\/az\\\/#\\\/schema\\\/logo\\\/image\\\/\"}},{\"@type\":\"Person\",\"@id\":\"https:\\\/\\\/www.meydan.tv\\\/az\\\/#\\\/schema\\\/person\\\/49b5f2bad5b126bb8ea9320eeb3e4dc9\",\"name\":\"sevda\"}]}<\/script>\n<!-- \/ Yoast SEO plugin. -->","yoast_head_json":{"title":"G\u00fcrc\u00fcstanda polis\u0259 sill\u0259 vurmaqda ittiham olunan jurnalist 2 il m\u00fcdd\u0259tin\u0259 h\u0259bs edilib - MEYDAN.TV","robots":{"index":"index","follow":"follow","max-snippet":"max-snippet:-1","max-image-preview":"max-image-preview:large","max-video-preview":"max-video-preview:-1"},"canonical":"https:\/\/www.meydan.tv\/az\/article\/gurcustanda-polis%c9%99-sill%c9%99-vurmaqda-ittiham-olunan-jurnalist-2-il-mudd%c9%99tin%c9%99-h%c9%99bs-edilib\/","og_locale":"az_AZ","og_type":"article","og_title":"G\u00fcrc\u00fcstanda polis\u0259 sill\u0259 vurmaqda ittiham olunan jurnalist 2 il m\u00fcdd\u0259tin\u0259 h\u0259bs edilib - MEYDAN.TV","og_description":"Batumi \u015e\u0259h\u0259r M\u0259hk\u0259m\u0259si Batumelebi\/Netgazeti-nin t\u0259sis\u00e7isi v\u0259 direktoru Mzia Ama\u011flobelini iki ... Davam\u0131","og_url":"https:\/\/www.meydan.tv\/az\/article\/gurcustanda-polis%c9%99-sill%c9%99-vurmaqda-ittiham-olunan-jurnalist-2-il-mudd%c9%99tin%c9%99-h%c9%99bs-edilib\/","og_site_name":"MEYDAN.TV","article_published_time":"2025-08-06T12:44:06+00:00","article_modified_time":"2025-08-06T12:44:09+00:00","og_image":[{"width":1080,"height":720,"url":"https:\/\/www.meydan.tv\/wp-content\/uploads\/mzia-amaglobeli-trial-dgebuadze-testimony-8-5-25-givi-avaliani-21-1.webp","type":"image\/webp"}],"author":"sevda","twitter_card":"summary_large_image","schema":{"@context":"https:\/\/schema.org","@graph":[{"@type":"Article","@id":"https:\/\/www.meydan.tv\/az\/article\/gurcustanda-polis%c9%99-sill%c9%99-vurmaqda-ittiham-olunan-jurnalist-2-il-mudd%c9%99tin%c9%99-h%c9%99bs-edilib\/#article","isPartOf":{"@id":"https:\/\/www.meydan.tv\/az\/article\/gurcustanda-polis%c9%99-sill%c9%99-vurmaqda-ittiham-olunan-jurnalist-2-il-mudd%c9%99tin%c9%99-h%c9%99bs-edilib\/"},"author":{"name":"sevda","@id":"https:\/\/www.meydan.tv\/az\/#\/schema\/person\/49b5f2bad5b126bb8ea9320eeb3e4dc9"},"headline":"G\u00fcrc\u00fcstanda polis\u0259 sill\u0259 vurmaqda ittiham olunan jurnalist 2 il m\u00fcdd\u0259tin\u0259 h\u0259bs edilib","datePublished":"2025-08-06T12:44:06+00:00","dateModified":"2025-08-06T12:44:09+00:00","mainEntityOfPage":{"@id":"https:\/\/www.meydan.tv\/az\/article\/gurcustanda-polis%c9%99-sill%c9%99-vurmaqda-ittiham-olunan-jurnalist-2-il-mudd%c9%99tin%c9%99-h%c9%99bs-edilib\/"},"wordCount":524,"publisher":{"@id":"https:\/\/www.meydan.tv\/az\/#organization"},"image":{"@id":"https:\/\/www.meydan.tv\/az\/article\/gurcustanda-polis%c9%99-sill%c9%99-vurmaqda-ittiham-olunan-jurnalist-2-il-mudd%c9%99tin%c9%99-h%c9%99bs-edilib\/#primaryimage"},"thumbnailUrl":"https:\/\/www.meydan.tv\/wp-content\/uploads\/mzia-amaglobeli-trial-dgebuadze-testimony-8-5-25-givi-avaliani-21-1.webp","articleSection":["D\u00fcnya","Siyas\u0259t","X\u0259b\u0259rl\u0259r"],"inLanguage":"az"},{"@type":"WebPage","@id":"https:\/\/www.meydan.tv\/az\/article\/gurcustanda-polis%c9%99-sill%c9%99-vurmaqda-ittiham-olunan-jurnalist-2-il-mudd%c9%99tin%c9%99-h%c9%99bs-edilib\/","url":"https:\/\/www.meydan.tv\/az\/article\/gurcustanda-polis%c9%99-sill%c9%99-vurmaqda-ittiham-olunan-jurnalist-2-il-mudd%c9%99tin%c9%99-h%c9%99bs-edilib\/","name":"G\u00fcrc\u00fcstanda polis\u0259 sill\u0259 vurmaqda ittiham olunan jurnalist 2 il m\u00fcdd\u0259tin\u0259 h\u0259bs edilib - MEYDAN.TV","isPartOf":{"@id":"https:\/\/www.meydan.tv\/az\/#website"},"primaryImageOfPage":{"@id":"https:\/\/www.meydan.tv\/az\/article\/gurcustanda-polis%c9%99-sill%c9%99-vurmaqda-ittiham-olunan-jurnalist-2-il-mudd%c9%99tin%c9%99-h%c9%99bs-edilib\/#primaryimage"},"image":{"@id":"https:\/\/www.meydan.tv\/az\/article\/gurcustanda-polis%c9%99-sill%c9%99-vurmaqda-ittiham-olunan-jurnalist-2-il-mudd%c9%99tin%c9%99-h%c9%99bs-edilib\/#primaryimage"},"thumbnailUrl":"https:\/\/www.meydan.tv\/wp-content\/uploads\/mzia-amaglobeli-trial-dgebuadze-testimony-8-5-25-givi-avaliani-21-1.webp","datePublished":"2025-08-06T12:44:06+00:00","dateModified":"2025-08-06T12:44:09+00:00","breadcrumb":{"@id":"https:\/\/www.meydan.tv\/az\/article\/gurcustanda-polis%c9%99-sill%c9%99-vurmaqda-ittiham-olunan-jurnalist-2-il-mudd%c9%99tin%c9%99-h%c9%99bs-edilib\/#breadcrumb"},"inLanguage":"az","potentialAction":[{"@type":"ReadAction","target":["https:\/\/www.meydan.tv\/az\/article\/gurcustanda-polis%c9%99-sill%c9%99-vurmaqda-ittiham-olunan-jurnalist-2-il-mudd%c9%99tin%c9%99-h%c9%99bs-edilib\/"]}]},{"@type":"ImageObject","inLanguage":"az","@id":"https:\/\/www.meydan.tv\/az\/article\/gurcustanda-polis%c9%99-sill%c9%99-vurmaqda-ittiham-olunan-jurnalist-2-il-mudd%c9%99tin%c9%99-h%c9%99bs-edilib\/#primaryimage","url":"https:\/\/www.meydan.tv\/wp-content\/uploads\/mzia-amaglobeli-trial-dgebuadze-testimony-8-5-25-givi-avaliani-21-1.webp","contentUrl":"https:\/\/www.meydan.tv\/wp-content\/uploads\/mzia-amaglobeli-trial-dgebuadze-testimony-8-5-25-givi-avaliani-21-1.webp","width":1080,"height":720,"caption":"Mzia, foto: OC Media"},{"@type":"BreadcrumbList","@id":"https:\/\/www.meydan.tv\/az\/article\/gurcustanda-polis%c9%99-sill%c9%99-vurmaqda-ittiham-olunan-jurnalist-2-il-mudd%c9%99tin%c9%99-h%c9%99bs-edilib\/#breadcrumb","itemListElement":[{"@type":"ListItem","position":1,"name":"Ana s\u0259hif\u0259","item":"https:\/\/www.meydan.tv\/az\/"},{"@type":"ListItem","position":2,"name":"X\u0259b\u0259rl\u0259r","item":"https:\/\/www.meydan.tv\/az\/section\/xeberler\/"},{"@type":"ListItem","position":3,"name":"G\u00fcrc\u00fcstanda polis\u0259 sill\u0259 vurmaqda ittiham olunan jurnalist 2 il m\u00fcdd\u0259tin\u0259 h\u0259bs edilib"}]},{"@type":"WebSite","@id":"https:\/\/www.meydan.tv\/az\/#website","url":"https:\/\/www.meydan.tv\/az\/","name":"MEYDAN.TV","description":"Meydan TV Az\u0259rbaycan\u0131n media m\u0259kan\u0131ndak\u0131 alternativ s\u0259sidir","publisher":{"@id":"https:\/\/www.meydan.tv\/az\/#organization"},"potentialAction":[{"@type":"SearchAction","target":{"@type":"EntryPoint","urlTemplate":"https:\/\/www.meydan.tv\/az\/?s={search_term_string}"},"query-input":{"@type":"PropertyValueSpecification","valueRequired":true,"valueName":"search_term_string"}}],"inLanguage":"az"},{"@type":"Organization","@id":"https:\/\/www.meydan.tv\/az\/#organization","name":"Meydan TV","url":"https:\/\/www.meydan.tv\/az\/","logo":{"@type":"ImageObject","inLanguage":"az","@id":"https:\/\/www.meydan.tv\/az\/#\/schema\/logo\/image\/","url":"https:\/\/www.meydan.tv\/wp-content\/uploads\/2021\/07\/meydan-logo.svg","contentUrl":"https:\/\/www.meydan.tv\/wp-content\/uploads\/2021\/07\/meydan-logo.svg","width":195,"height":46,"caption":"Meydan TV"},"image":{"@id":"https:\/\/www.meydan.tv\/az\/#\/schema\/logo\/image\/"}},{"@type":"Person","@id":"https:\/\/www.meydan.tv\/az\/#\/schema\/person\/49b5f2bad5b126bb8ea9320eeb3e4dc9","name":"sevda"}]}},"_links":{"self":[{"href":"https:\/\/www.meydan.tv\/az\/wp-json\/wp\/v2\/posts\/333979","targetHints":{"allow":["GET"]}}],"collection":[{"href":"https:\/\/www.meydan.tv\/az\/wp-json\/wp\/v2\/posts"}],"about":[{"href":"https:\/\/www.meydan.tv\/az\/wp-json\/wp\/v2\/types\/post"}],"author":[{"embeddable":true,"href":"https:\/\/www.meydan.tv\/az\/wp-json\/wp\/v2\/users\/16"}],"replies":[{"embeddable":true,"href":"https:\/\/www.meydan.tv\/az\/wp-json\/wp\/v2\/comments?post=333979"}],"version-history":[{"count":3,"href":"https:\/\/www.meydan.tv\/az\/wp-json\/wp\/v2\/posts\/333979\/revisions"}],"predecessor-version":[{"id":333994,"href":"https:\/\/www.meydan.tv\/az\/wp-json\/wp\/v2\/posts\/333979\/revisions\/333994"}],"wp:featuredmedia":[{"embeddable":true,"href":"https:\/\/www.meydan.tv\/az\/wp-json\/wp\/v2\/media\/333130"}],"wp:attachment":[{"href":"https:\/\/www.meydan.tv\/az\/wp-json\/wp\/v2\/media?parent=333979"}],"wp:term":[{"taxonomy":"category","embeddable":true,"href":"https:\/\/www.meydan.tv\/az\/wp-json\/wp\/v2\/categories?post=333979"},{"taxonomy":"post_tag","embeddable":true,"href":"https:\/\/www.meydan.tv\/az\/wp-json\/wp\/v2\/tags?post=333979"}],"curies":[{"name":"wp","href":"https:\/\/api.w.org\/{rel}","templated":true}]}}