{"id":333959,"date":"2025-08-05T20:35:42","date_gmt":"2025-08-05T16:35:42","guid":{"rendered":"https:\/\/www.meydan.tv\/?p=333959"},"modified":"2025-08-05T20:35:47","modified_gmt":"2025-08-05T16:35:47","slug":"tarixi-binalarinin-tarix%c9%99-qovusmasi-il%c9%99-uz-uz%c9%99-axi-bakinin-ruhu-bu-kicik-binalarda-yasayir","status":"publish","type":"post","link":"https:\/\/www.meydan.tv\/az\/article\/tarixi-binalarinin-tarix%c9%99-qovusmasi-il%c9%99-uz-uz%c9%99-axi-bakinin-ruhu-bu-kicik-binalarda-yasayir\/","title":{"rendered":"Tarixi binalar\u0131n tarix\u0259 qovu\u015fmas\u0131 il\u0259 \u00fcz-\u00fcz\u0259: \u00abAx\u0131 Bak\u0131n\u0131n ruhu bu ki\u00e7ik binalarda ya\u015fay\u0131r\u201d"},"content":{"rendered":"\n<p><\/p>\n\n\n\n<p>Tarix\u00e7i Pyer Nora yaz\u0131rd\u0131 ki, xatir\u0259l\u0259ri \u00f6z\u00fcm\u00fczl\u0259 da\u015f\u0131m\u0131r\u0131q, m\u0259kanlar onlar\u0131 biz\u0259 xat\u0131rlad\u0131r. M\u0259kanlar yoxa \u00e7\u0131xd\u0131qda yadda\u015f da z\u0259ifl\u0259yir.<\/p>\n\n\n\n<p>Bak\u0131n\u0131n qala divarlar\u0131n\u0131n \u00e7\u00f6l\u00fcnd\u0259 sal\u0131nan, 19-cu \u0259srin sonlar\u0131 20-ci \u0259srin \u0259vv\u0259ll\u0259rind\u0259 neft bumu d\u00f6vr\u00fcnd\u0259 inki\u015faf ed\u0259n, Avropa memarl\u0131\u011f\u0131 il\u0259 \u015e\u0259rq m\u0259d\u0259niyy\u0259tinin k\u0259si\u015fdiyi Bay\u0131r\u015f\u0259h\u0259r d\u0259 haz\u0131rda yoxa \u00e7\u0131xmaq t\u0259hl\u00fck\u0259sil\u0259 \u00fcz-\u00fcz\u0259dir.<\/p>\n\n\n\n<h4 class=\"wp-block-heading\"><strong>Bay\u0131r\u015f\u0259h\u0259rin tarix\u00e7\u0259si haqq\u0131nda q\u0131saca<\/strong><\/h4>\n\n\n\n<p>1850-1920-ci ill\u0259ri \u0259hat\u0259 ed\u0259n ilk Neft Y\u00fcks\u0259li\u015fi d\u00f6vr\u00fcnd\u0259 Bak\u0131 sur\u0259tl\u0259 qala divarlar\u0131ndan xaric\u0259 do\u011fru b\u00f6y\u00fcm\u0259y\u0259 ba\u015flam\u0131\u015fd\u0131.1859-cu ild\u0259 \u015eamax\u0131 z\u0259lz\u0259l\u0259sind\u0259n sonra quberniya m\u0259rk\u0259zinin Bak\u0131ya k\u00f6\u00e7m\u0259si v\u0259 Bak\u0131 quberniyas\u0131n\u0131n yarad\u0131lmas\u0131 il\u0259 v\u0259ziyy\u0259t daha da a\u011f\u0131rla\u015fd\u0131. Onsuz da \u00e7ox dar\u0131sqal \u015f\u0259raitd\u0259 ya\u015fayan Bak\u0131da quberniya idar\u0259l\u0259ri v\u0259 m\u0259murlar\u0131 \u00fc\u00e7\u00fcn yer tapmaq m\u00fc\u015fk\u00fcl\u0259 \u00e7evrildi. \u015e\u0259h\u0259rd\u0259 ikim\u0259rt\u0259b\u0259li, b\u0259z\u0259n d\u00f6rdm\u0259rt\u0259b\u0259li binalar\u0131n tikilm\u0259si il\u0259 d\u0259 m\u0259s\u0259l\u0259 h\u0259ll olunmurdu. \u018fhali is\u0259 qala divarlar\u0131ndan xaric\u0259 \u00e7\u0131xmaq ist\u0259mir, basq\u0131nlardan \u00e7\u0259kinirdi. Lakin zaman \u00f6z s\u00f6z\u00fcn\u00fc dedi: neft s\u0259nayesinin s\u00fcr\u0259tli inki\u015faf\u0131 il\u0259 qala divarlar\u0131n\u0131n xaricind\u0259 iri ticar\u0259t m\u0259rk\u0259zl\u0259ri yarad\u0131l\u0131r, \u0259z\u0259m\u0259tli binalar ucal\u0131r, h\u00fcnd\u00fcr ya\u015fay\u0131\u015f binalar\u0131 tikilirdi. \u0130\u00e7\u0259ri\u015f\u0259h\u0259r v\u0259 Bay\u0131r\u015f\u0259h\u0259r m\u0259fhumlar\u0131n\u0131n da yaranmas\u0131 m\u0259hz bu d\u00f6vr\u0259 t\u0259sad\u00fcf edir. Qala divarlar\u0131 i\u00e7\u0259risind\u0259 qalm\u0131\u015f \u015f\u0259h\u0259r \u0130\u00e7\u0259ri\u015f\u0259h\u0259r, qala divarlar\u0131ndan k\u0259narda yarad\u0131lm\u0131\u015f yeni \u015f\u0259h\u0259r is\u0259 Bay\u0131r\u015f\u0259h\u0259r adlanma\u011fa ba\u015flad\u0131.<\/p>\n\n\n\n<h4 class=\"wp-block-heading\"><strong>\u201cKi\u00e7ik v\u0259t\u0259nimizd\u0259n k\u00f6\u00e7m\u0259k ist\u0259mirik\u201d<\/strong><\/h4>\n\n\n\n<p>Memar Abdul H\u00fcseynov deyir ki, Bay\u0131r\u015f\u0259h\u0259rin s\u00f6k\u00fclm\u0259si prosesi 10 il \u00f6nc\u0259d\u0259n ba\u015flay\u0131b \u0259slind\u0259. O zamanlar \u201cSovetski\u201dnin s\u00f6k\u00fcnt\u00fcs\u00fc zaman\u0131 b\u0259zi tarixi abid\u0259l\u0259r d\u00f6vl\u0259t reyestrind\u0259n \u00e7\u0131xar\u0131lm\u0131\u015f, Bay\u0131r\u015f\u0259h\u0259rin bir hiss\u0259si o zaman s\u00f6k\u00fclm\u00fc\u015fd\u00fc. S\u00f6k\u00fcnt\u00fcl\u0259rd\u0259n sonra park sal\u0131nm\u0131\u015f, proses bir m\u00fcdd\u0259tlik dayand\u0131r\u0131lm\u0131\u015fd\u0131, amma sakinl\u0259rin dediyin\u0259 g\u00f6r\u0259, inventarla\u015fd\u0131rma \u00fc\u00e7\u00fcn evl\u0259rin\u0259 4-5 d\u0259f\u0259 g\u0259lib-gedibl\u0259r. Bez\u0259nl\u0259r evl\u0259rini sat\u0131b gedib, qalanlar is\u0259 qalmaqda israrl\u0131d\u0131rlar.<\/p>\n\n\n\n<figure class=\"wp-block-image size-full\"><img decoding=\"async\" width=\"800\" height=\"450\" data-src=\"https:\/\/www.meydan.tv\/wp-content\/uploads\/39477.jpg\" alt=\"&quot;Sovetski&quot; foto Turan \u0130A\" class=\"wp-image-99821 lazyload\" src=\"data:image\/svg+xml;base64,PHN2ZyB3aWR0aD0iMSIgaGVpZ2h0PSIxIiB4bWxucz0iaHR0cDovL3d3dy53My5vcmcvMjAwMC9zdmciPjwvc3ZnPg==\" style=\"--smush-placeholder-width: 800px; --smush-placeholder-aspect-ratio: 800\/450;\" \/><figcaption class=\"wp-element-caption\">Foto: &#8220;Turan&#8221; <\/figcaption><\/figure>\n\n\n\n<p><strong><em>\u201c<\/em><\/strong><em>Biz h\u0259r hans\u0131 \u015f\u0259rt qar\u015f\u0131l\u0131\u011f\u0131nda v\u0259 he\u00e7 bir halda ya\u015fad\u0131\u011f\u0131m\u0131z evl\u0259rd\u0259n &#8211; bizim bu ki\u00e7ik v\u0259t\u0259nimizd\u0259n k\u00f6\u00e7m\u0259k ist\u0259mirik. Lakin, biz\u0259 psixoloji v\u0259 m\u0259n\u0259vi t\u0259zyiql\u0259r davam etdirilir\u201d,<\/em> &#8211; Prezident\u0259 \u00fcnvanlad\u0131qlar\u0131 m\u0259ktubda \u015f\u0259h\u0259r sakinl\u0259ri bel\u0259 yaz\u0131r.<\/p>\n\n\n\n<h4 class=\"wp-block-heading has-global-color-7-color has-text-color has-link-color wp-elements-8c54ee0e2963cf38b0ac337b2d3164dc\"><strong>Olan-qalan Bak\u0131 \u00fc\u00e7\u00fcn: SOS<\/strong><\/h4>\n\n\n\n<p>Bak\u0131n\u0131n 2023-c\u00fc ild\u0259 t\u0259sdiql\u0259n\u0259n Ba\u015f plan\u0131nda Bay\u0131r\u015f\u0259h\u0259r v\u0259 T\u0259z\u0259pir m\u0259scidinin m\u0259h\u0259ll\u0259l\u0259rinin X\u00fcsusi M\u00fchafiz\u0259 Zonas\u0131 olaraq qeyd olunmas\u0131, sakinl\u0259rin \u00fcr\u0259yin\u0259 su s\u0259rpmi\u015fdi. \u00c7\u00fcnki plana \u0259sas\u0259n, bu \u0259razid\u0259 yerl\u0259\u015f\u0259n ist\u0259r \u00f6lk\u0259 \u0259h\u0259miyy\u0259tli abid\u0259, ist\u0259r ya\u015fay\u0131\u015f binas\u0131 qorunmal\u0131d\u0131r. B\u0259rpa v\u0259 ya yenid\u0259nqurma laz\u0131m olarsa, bu, yaln\u0131z qanunla m\u00fc\u0259yy\u0259n edilmi\u015f m\u00fcvafiq orqanlar v\u0259 m\u00fct\u0259x\u0259ssisl\u0259r t\u0259r\u0259find\u0259n apar\u0131lmal\u0131d\u0131r.<\/p>\n\n\n\n<p>Lakin bu ilin may\u0131nda x\u0259b\u0259r yay\u0131ld\u0131 ki, Bak\u0131 \u015e\u0259h\u0259ri \u0130cra Hakimiyy\u0259ti \u015f\u0259h\u0259rin yeni Ba\u015f Plan\u0131na uy\u011fun olaraq Bay\u0131r\u015f\u0259h\u0259rin d\u0259 daxil oldu\u011fu \u0259razil\u0259rd\u0259, 20-ci \u0259srin \u0259vv\u0259ll\u0259rind\u0259 tikilmi\u015f, istismar m\u00fcdd\u0259tini ba\u015fa vurmu\u015f, h\u0259m\u00e7inin \u201c\u015f\u0259h\u0259rin g\u00f6rk\u0259min\u0259 x\u0259l\u0259l g\u0259tir\u0259n\u201d tikilil\u0259rin s\u00f6k\u00fclm\u0259si, ya\u015fay\u0131\u015f v\u0259 qeyri-ya\u015fay\u0131\u015f obyektl\u0259rinin sat\u0131n al\u0131naraq k\u00f6\u00e7\u00fcr\u00fclm\u0259si \u00fc\u00e7\u00fcn komissiya yarad\u0131b. H\u0259r\u00e7\u0259nd \u0259razinin s\u00f6k\u00fclm\u0259si \u00e7oxdan planlanm\u0131\u015f, binalar n\u00f6mr\u0259l\u0259nmi\u015fdi, y\u0259ni \u00e7oxlar\u0131 \u00fc\u00e7\u00fcn bu x\u0259b\u0259r t\u0259\u0259cc\u00fcb do\u011furmad\u0131, amma etirazs\u0131z da \u00f6t\u00fc\u015fm\u0259di.<\/p>\n\n\n\n<blockquote class=\"wp-block-quote is-layout-flow wp-block-quote-is-layout-flow\">\n<p>Sosial mediada<em> <strong>\u201cBa\u015f plana \u0259sas\u0259n, he\u00e7 bir icra hakmiyy\u0259ti orqan\u0131n\u0131n burda s\u00f6k\u00fcnt\u00fc aparmaq s\u0259lahiyy\u0259ti yoxdur\u201d<\/strong>,<strong> \u201cG\u00f6z qaba\u011f\u0131nda tariximiz m\u0259hv edilir\u201d<\/strong>,<strong> \u201cOlan-qalan Bak\u0131 \u00fc\u00e7\u00fcn SOS\u201d<\/strong> <\/em>yaz\u0131l\u0131 postlar payla\u015f\u0131ld\u0131.<\/p>\n<\/blockquote>\n\n\n\n<p>S\u00f6k\u00fcnt\u00fc i\u015fl\u0259rinin d\u0259rhal dayand\u0131r\u0131lmas\u0131 \u00fc\u00e7\u00fcn <strong>\u201cBak\u0131 \u00fc\u00e7\u00fcn imzala\u201d<\/strong> adl\u0131 kampaniya ba\u015flad\u0131ld\u0131. Kampaniyada 1000-d\u0259n \u00e7ox adam i\u015ftirak etdi. Bay\u0131r\u015f\u0259h\u0259ri yadda\u015flarda ya\u015fatmaq \u00fc\u00e7\u00fcn s\u0259n\u0259dli film d\u0259 \u00e7\u0259kildi.<\/p>\n\n\n\n<p>Lakin b\u00fct\u00fcn bu etirazlar\u0131n fonunda s\u00f6k\u00fcnt\u00fc i\u015fl\u0259ri dayanm\u0131rd\u0131. Bir-bir, yava\u015f-yava\u015f binalar s\u0131radan \u00e7\u0131xar\u0131l\u0131rd\u0131. &nbsp;<\/p>\n\n\n\n<p>Bak\u0131n\u0131n Yasamal rayonu T\u0259z\u0259pir m\u0259scidinin tinind\u0259n Daxili i\u015fl\u0259r Nazirliyi v\u0259 Ba\u015f Prokurorlu\u011funun binalar\u0131na q\u0259d\u0259r olan \u0259razil\u0259rin s\u00f6k\u00fclm\u0259si v\u0259 M\u0259rk\u0259zi Parka birl\u0259\u015fdirilm\u0259si planlan\u0131rd\u0131.<\/p>\n\n\n\n<h4 class=\"wp-block-heading\"><strong>\u201cO vaxt \u0259halini g\u00fcll\u0259l\u0259yirdil\u0259r, amma evl\u0259r\u0259 toxunmurdular\u201d<\/strong><\/h4>\n\n\n\n<p>Memar Abdul H\u00fcseynov Bay\u0131r\u015f\u0259h\u0259rin tarixi \u0259h\u0259miyy\u0259tind\u0259n dan\u0131\u015f\u0131r, deyir, burada m\u0259d\u0259ni m\u0259i\u015f\u0259t binalar\u0131, dini abid\u0259l\u0259r, m\u0259dr\u0259s\u0259l\u0259r, m\u0259kt\u0259bl\u0259r, hamamlar, ev muzeyl\u0259ri yerl\u0259\u015fir. H\u0259tta memar\u0131n dediyin\u0259 g\u00f6r\u0259, 2015-ci ild\u0259 b\u0259zi memarl\u0131q abid\u0259l\u0259ri reyestrd\u0259n \u00e7\u0131xar\u0131l\u0131b v\u0259 indiy\u0259 kimi geri qaytar\u0131lmay\u0131b. H\u0259min abid\u0259l\u0259rin reyestr\u0259 qaytar\u0131lmas\u0131 \u00fc\u00e7\u00fcn M\u0259d\u0259niyy\u0259t Nazirliyin\u0259 m\u00fcraci\u0259t olunsa da, cavab almaq m\u00fcmk\u00fcn olmay\u0131b.<\/p>\n\n\n\n<p><em>\u201c100 il \u0259vv\u0259l bol\u015fevikl\u0259r erm\u0259nil\u0259rl\u0259 birg\u0259 bu \u0259raziy\u0259 h\u00fccum ed\u0259nd\u0259 yerli \u0259hali onlara qar\u015f\u0131 m\u00fcqavim\u0259t g\u00f6st\u0259rmi\u015fdi. \u0130ndi h\u0259min \u0259razid\u0259 insanlar\u0131n evl\u0259ri \u0259lind\u0259n al\u0131n\u0131r v\u0259 s\u00f6k\u00fcl\u00fcr. Onlar yen\u0259 m\u00fcqavim\u0259t g\u00f6st\u0259rirl\u0259r. O vaxt \u0259halini g\u00fcll\u0259l\u0259yirdil\u0259r, k\u00f6\u00e7\u00fcr\u00fcrd\u00fcl\u0259r, amma evl\u0259r\u0259, tarixi m\u00fclkl\u0259r\u0259 toxunulmurdu. Amma \u00f6z mill\u0259timizd\u0259n olanlar bunu edir. \u0130nsanlar ist\u0259s\u0259l\u0259r, evl\u0259rini sata v\u0259 k\u00f6\u00e7\u0259 bil\u0259rl\u0259r, bu onlar\u0131n haqq\u0131d\u0131r. Amma evi niy\u0259 da\u011f\u0131d\u0131rs\u0131n\u0131z? Ax\u0131 Bak\u0131n\u0131n ruhu bu ki\u00e7ik binalarda ya\u015fay\u0131r\u201d.<\/em><\/p>\n\n\n\n<p>Memar deyir, m\u0259s\u0259l\u0259ni n\u0259 q\u0259d\u0259r g\u00fcnd\u0259md\u0259 saxlama\u011fa \u00e7al\u0131\u015fsalar, d\u0259f\u0259l\u0259rl\u0259 r\u0259smi qurumlara m\u00fcraci\u0259tl\u0259r ets\u0259l\u0259r d\u0259, s\u00f6k\u00fcnt\u00fcl\u0259r dayanmaq bilmir.<\/p>\n\n\n\n<p><em>\u201cB\u0259\u015fir S\u0259f\u0259ro\u011flu k\u00fc\u00e7\u0259sind\u0259ki bir evin sakinl\u0259rini k\u00f6\u00e7\u00fcr\u00fcb, evi d\u0259 da\u011f\u0131tma\u011fa ba\u015flay\u0131blar. Eyni hal d\u0259f\u0259l\u0259rl\u0259 t\u0259krarlan\u0131r. Tolstoy k\u00fc\u00e7\u0259sind\u0259 M\u0259\u015f\u0259di Qafar \u0130smay\u0131lov t\u0259r\u0259find\u0259n layih\u0259l\u0259ndirilmi\u015f, birm\u0259rt\u0259b\u0259li g\u00f6z\u0259l tarixi bina var idi, o da da\u011f\u0131d\u0131l\u0131rd\u0131, r\u0259smi qurumlara m\u0259ktub yazd\u0131q, iki g\u00fcnd\u0259n sonra s\u00f6k\u00fcnt\u00fcn\u00fc dayand\u0131rd\u0131lar. Z\u0259rg\u0259rpalan k\u00fc\u00e7\u0259sind\u0259 \u015f\u0259xsi m\u00fclk\u00fc da\u011f\u0131tma\u011fa ba\u015flad\u0131lar. Ba\u015fa d\u00fc\u015f\u00fcr\u0259m, h\u0259min bina tarixi abid\u0259 statusunda deyil, amma \u201cX\u00fcsusi M\u00fchafiz\u0259 Zonas\u0131\u201d kimi t\u0259yin olunan \u0259razid\u0259 bel\u0259 h\u0259r\u0259k\u0259tl\u0259r etm\u0259k olmaz. Bu qanunsuzdur\u201d.&nbsp;&nbsp;<\/em><\/p>\n\n\n\n<p>Bay\u0131r\u015f\u0259h\u0259rin s\u00f6k\u00fclm\u0259si m\u00f6vzusunda h\u00f6k\u00fcm\u0259t\u0259 yax\u0131n medialar da dan\u0131\u015f\u0131r, sakinl\u0259rin \u015fikay\u0259tl\u0259rini dinl\u0259yirdil\u0259r. N\u0259tic\u0259 olaraq bel\u0259 cavab verirdil\u0259r ki, h\u0259min \u0259razil\u0259rd\u0259 tarixi m\u0259d\u0259niyy\u0259t abid\u0259l\u0259rinin s\u00f6k\u00fclm\u0259sind\u0259n s\u00f6hb\u0259t ged\u0259 bilm\u0259z. Amma sual yaran\u0131r, Bay\u0131r\u015f\u0259h\u0259rin \u0259h\u0259miyy\u0259ti t\u0259kc\u0259 tarixi binalardad\u0131rm\u0131?<\/p>\n\n\n\n<p>Memar cavablay\u0131r ki, yox, d\u0259y\u0259r yaln\u0131z abid\u0259 olan binalarda deyil, \u0259trafdak\u0131 adi evl\u0259r d\u0259 bu b\u00fct\u00f6vl\u00fcy\u00fcn bir hiss\u0259sidir. H\u0259r bir abid\u0259nin tarixi d\u0259y\u0259rini anlamaq \u00fc\u00e7\u00fcn t\u0259kc\u0259 ona yox, yerl\u0259\u015fdiyi m\u0259kana da baxmaq laz\u0131md\u0131r. Ya\u015fay\u0131\u015f binalar\u0131 dekorasiya deyil, tarixi abid\u0259l\u0259r \u00fc\u00e7\u00fcn fondur. Abid\u0259ni tamamlayan, onu maraql\u0131, informativ ed\u0259n d\u0259 m\u0259hz bu fondur.<\/p>\n\n\n\n<p><em>\u201cB\u0259li, burada q\u0259zal\u0131 binalar var, amma bu o dem\u0259k deyil ki, onlar\u0131 s\u00f6km\u0259k laz\u0131md\u0131r. \u018fg\u0259r bina q\u0259zal\u0131d\u0131rsa, onu b\u0259rpa etm\u0259k olar. Nec\u0259 ki, x\u0259st\u0259 insan sa\u011fala bil\u0259r, bu binalar da \u201csa\u011fald\u0131la\u201d bil\u0259r. \u00dcst\u0259lik, burada insanlar icma kimi ya\u015fay\u0131r, bir-biril\u0259rin\u0259 qohum kimidirl\u0259r. Kimis\u0259 buradan \u00e7\u0131xar\u0131b uzaq bir yer\u0259, m\u0259s\u0259l\u0259n, Masaz\u0131ra k\u00f6\u00e7\u00fcrm\u0259k h\u0259m psixoloji, h\u0259m sosial bax\u0131mdan z\u0259r\u0259rlidir\u201d.<\/em><\/p>\n\n\n\n<h4 class=\"wp-block-heading\"><strong>\u201cC\u0259zalar g\u00fcl\u00fcncd\u00fcr\u201d<\/strong><\/h4>\n\n\n\n<p>H\u00fcquqi t\u0259r\u0259fin\u0259 g\u0259linc\u0259, v\u0259kil Fuad A\u011fayev bildirir ki, Konstitusiyan\u0131n 77-ci madd\u0259sin\u0259 \u0259sas\u0259n, tarix v\u0259 m\u0259d\u0259niyy\u0259t abid\u0259l\u0259rinin qorunmas\u0131 h\u0259r k\u0259sin v\u0259zif\u0259sidir. Eyni zamanda, Nazirl\u0259r Kabinetinin 2001-ci il tarixli 132 sayl\u0131 q\u0259rar\u0131 tarixi abid\u0259l\u0259rin \u0259h\u0259miyy\u0259tin\u0259 g\u00f6r\u0259 d\u00f6vl\u0259t m\u00fchafiz\u0259sin\u0259 g\u00f6t\u00fcr\u00fclm\u0259sini v\u0259 b\u00f6lg\u00fcs\u00fcn\u00fc t\u0259nziml\u0259yir. Amma Az\u0259rbaycanda qanunlarla reall\u0131qlar h\u0259r zaman \u00fcst-\u00fcst\u0259 d\u00fc\u015fm\u00fcr:<\/p>\n\n\n<div class=\"wp-block-image\">\n<figure class=\"alignleft size-full is-resized\"><img decoding=\"async\" width=\"768\" height=\"432\" data-src=\"https:\/\/www.meydan.tv\/wp-content\/uploads\/27033.jpg\" alt=\"Fuad A\u011fayev foto Meydan TV\" class=\"wp-image-70588 lazyload\" style=\"--smush-placeholder-width: 768px; --smush-placeholder-aspect-ratio: 768\/432;width:357px;height:auto\" src=\"data:image\/svg+xml;base64,PHN2ZyB3aWR0aD0iMSIgaGVpZ2h0PSIxIiB4bWxucz0iaHR0cDovL3d3dy53My5vcmcvMjAwMC9zdmciPjwvc3ZnPg==\" \/><figcaption class=\"wp-element-caption\">Foto: Fuad A\u011fayev <\/figcaption><\/figure>\n<\/div>\n\n\n<p><em>\u201cM\u0259s\u0259l\u0259n, Nazirl\u0259r Kabinetinin h\u0259min siyah\u0131s\u0131na F\u00fczuli v\u0259 \u015e\u0259msi B\u0259d\u0259lb\u0259yli k\u00fc\u00e7\u0259l\u0259rind\u0259ki b\u0259zi evl\u0259r d\u0259 daxil edilmi\u015fdi, amma 2010-2011-ci ill\u0259rd\u0259 Bak\u0131 \u015e\u0259h\u0259r \u0130cra Hakimiyy\u0259ti bu \u0259razid\u0259 bir \u00e7ox da\u015f\u0131nmaz m\u0259d\u0259niyy\u0259t abid\u0259sini qanunsuz \u015f\u0259kild\u0259 s\u00f6kd\u00fc. Halbuki, icra hakimiyy\u0259tinin bu c\u00fcr abid\u0259l\u0259ri s\u00f6km\u0259y\u0259 h\u00fcququ yoxdur\u201d.<\/em><\/p>\n\n\n\n<p>V\u0259kil \u00f6lk\u0259d\u0259 qanunsuz s\u00f6k\u00fcnt\u00fcl\u0259r\u0259 qar\u015f\u0131 \u00e7ox y\u00fcng\u00fcl c\u0259zalar n\u0259z\u0259rd\u0259 tutuldu\u011funu da s\u00f6yl\u0259yir. M\u0259s\u0259l\u0259n, \u0130nzibati X\u0259talar M\u0259c\u0259ll\u0259sin\u0259 \u0259sas\u0259n, m\u00fchafiz\u0259 olunan m\u0259d\u0259ni s\u0259rv\u0259tl\u0259rin aidiyy\u0259ti d\u00f6vl\u0259t qurumunun raz\u0131l\u0131\u011f\u0131 olmadan s\u00f6k\u00fclm\u0259si v\u0259 da\u011f\u0131d\u0131lmas\u0131na g\u00f6r\u0259 fiziki \u015f\u0259xsl\u0259r 1500 manat, v\u0259zif\u0259li \u015f\u0259xsl\u0259r 3 min manat, h\u00fcquqi \u015f\u0259xsl\u0259r 10 min manat m\u0259bl\u0259\u011find\u0259 c\u0259rim\u0259 edilir, cinay\u0259t i\u015fi a\u00e7\u0131larsa, ya 2 il\u0259d\u0259k azadl\u0131qdan m\u0259hrumetm\u0259, ya da 2-4 min manat c\u0259rim\u0259 n\u0259z\u0259rd\u0259 tutulur.<\/p>\n\n\n\n<p><em>\u201c\u018flb\u0259tt\u0259 ki, sanksiyalar s\u0259rtl\u0259\u015fdirilm\u0259lidir. T\u0259s\u0259vv\u00fcr edin ki, tarixi d\u0259y\u0259ri \u00e7ox y\u00fcks\u0259k olan hans\u0131sa obyekt m\u0259hv edilir, yaxud z\u0259d\u0259l\u0259nir, bir ne\u00e7\u0259 min manat c\u0259rim\u0259 il\u0259 m\u0259s\u0259l\u0259 ba\u011flan\u0131r. Bu, \u00e7ox g\u00fcl\u00fcnc yana\u015fmad\u0131r. D\u00fcz\u00fc, bu madd\u0259l\u0259r he\u00e7 t\u0259tbiq d\u0259 olunmur. 2010-ci ild\u0259n bu yana apard\u0131\u011f\u0131m i\u015fl\u0259rd\u0259 qanunsuz s\u00f6k\u00fcnt\u00fcl\u0259rl\u0259 ba\u011fl\u0131 d\u0259f\u0259l\u0259rl\u0259 m\u00fcraci\u0259tl\u0259r olsa da, bu madd\u0259l\u0259rl\u0259 cinay\u0259t i\u015fl\u0259rinin a\u00e7\u0131lmas\u0131na rast g\u0259lm\u0259mi\u015f\u0259m\u201d.<\/em><\/p>\n\n\n\n<p>V\u0259kil Az\u0259rbaycandak\u0131 qanunsuz s\u00f6k\u00fcnt\u00fcl\u0259r\u0259 beyn\u0259lxalq reaksiyalar\u0131n g\u0259ldiyini d\u0259 vur\u011fulay\u0131r.<\/p>\n\n\n\n<p><em>\u201cM\u0259s\u0259l\u0259n, \u0130\u00e7\u0259ri\u015f\u0259h\u0259rd\u0259ki s\u00f6k\u00fcnt\u00fcl\u0259rl\u0259 ba\u011fl\u0131 UNESCO 2003-c\u00fc ild\u0259 Bak\u0131n\u0131 \u201ct\u0259hl\u00fck\u0259d\u0259 olan d\u00fcnya irsi siyah\u0131s\u0131na\u201d daxil etmi\u015fdi, amma 2009-cu ild\u0259 b\u0259rpa plan\u0131 t\u0259qdim olunduqdan sonra Bak\u0131 siyah\u0131dan \u00e7\u0131xar\u0131l\u0131b. H\u0259m\u00e7inin Avropa \u0130nsan H\u00fcquqlar\u0131 M\u0259hk\u0259m\u0259si Az\u0259rbaycana qar\u015f\u0131 qanunsuz s\u00f6k\u00fcnt\u00fcl\u0259rl\u0259 ba\u011fl\u0131 bir ne\u00e7\u0259 q\u0259rar \u00e7\u0131xar\u0131b\u201d,<\/em> &#8211; dey\u0259 Fuad A\u011fayev bildirir.<\/p>\n\n\n\n<h4 class=\"wp-block-heading\"><strong>Ox\u015far ssenaril\u0259r&#8230;<\/strong><\/h4>\n\n\n\n<p>Az\u0259rbaycanda tarixi v\u0259 m\u0259d\u0259ni abid\u0259l\u0259rin yerl\u0259\u015fdiyi m\u0259h\u0259ll\u0259l\u0259rin s\u00f6k\u00fclm\u0259si n\u0259 ilkdir, y\u0259qin n\u0259 d\u0259 son.<\/p>\n\n\n\n<p>Bundan \u0259vv\u0259l \u201cSovetski\u201d kimi tan\u0131nan, Bak\u0131n\u0131n Yasamal rayonunda yerl\u0259\u015f\u0259n tarixi m\u0259h\u0259ll\u0259d\u0259 2014\u20132016-c\u0131 ill\u0259rd\u0259 apar\u0131lan s\u00f6k\u00fcnt\u00fc i\u015fl\u0259rind\u0259 d\u00f6vl\u0259t t\u0259r\u0259find\u0259n qorunan tarixi-memarl\u0131q abid\u0259l\u0259ri d\u0259 s\u00f6k\u00fclm\u00fc\u015fd\u00fc. Say\u0131 bu g\u00fcn d\u0259 bilinmir, o vaxtk\u0131 M\u0259d\u0259niyy\u0259t v\u0259 Turizm Nazirliyi binalar\u0131n gah 230, gah da 118 oldu\u011funu deyirdi. H\u0259tta ke\u00e7mi\u015f nazir \u018fb\u00fclf\u0259s Qarayev \u201cSovetski\u201dd\u0259 118 tarixi abid\u0259 oldu\u011funu, onlardan yaln\u0131z on be\u015f-on alt\u0131s\u0131n\u0131n saxlanaca\u011f\u0131n\u0131 bildirmi\u015fdi.<\/p>\n\n\n\n<p>O zaman da tarixi binalar\u0131n s\u00f6k\u00fclm\u0259sil\u0259 ba\u011fl\u0131 sakinl\u0259rin ciddi naraz\u0131l\u0131qlar\u0131 vard\u0131. M\u0259s\u0259l\u0259n, Az\u0259rbaycan\u0131n ilk kinorejissorlar\u0131ndan v\u0259 aktyorlar\u0131ndan biri, \u0259m\u0259kdar artist, repressiya qurban\u0131 Abbas Mirz\u0259 \u015e\u0259rifzad\u0259nin v\u0259 onun h\u0259yat yolda\u015f\u0131 SSR\u0130 xalq artisti M\u0259rziy\u0259 Davudovan\u0131n ya\u015fad\u0131\u011f\u0131 \u00fc\u00e7m\u0259rt\u0259b\u0259li tarixi bina s\u00f6k\u00fclm\u00fc\u015fd\u00fc.<\/p>\n\n\n\n<p><em>\u201c\u015e\u0259rifzad\u0259ni bu evd\u0259n h\u0259bs edib apar\u0131blar, sonra da g\u00fcll\u0259l\u0259yibl\u0259r. H\u0259min vaxtlar m\u0259hz bu evd\u0259n axtar\u0131\u015f vaxt\u0131 g\u00f6t\u00fcrd\u00fckl\u0259ri tama\u015fa \u00fc\u00e7\u00fcn oyuncaq \u201csilahlar\u0131\u201d ger\u00e7\u0259k silah kimi s\u0259n\u0259dl\u0259\u015fdirib rejissora qar\u015f\u0131 ittiham ir\u0259li s\u00fcr\u00fcbl\u0259r. Bunlar ham\u0131s\u0131 tarixdir. Bu tarix 1 \u0259sr\u0259 yax\u0131nd\u0131r ki, icra hakimiyy\u0259tinin s\u00f6kd\u00fcy\u00fc h\u0259min \u00fc\u00e7m\u0259rt\u0259b\u0259li evd\u0259 ya\u015fad\u0131l\u0131rd\u0131\u201d,-<\/em> Azadl\u0131q radiosuna m\u00fcsahib\u0259 ver\u0259n \u201cSovetski\u201d sakini binan\u0131n s\u00f6k\u00fclm\u0259sin\u0259 bel\u0259 etiraz etmi\u015fdi.<\/p>\n\n\n\n<p>O vaxt Yasamal rayon \u0130cra Hakimiyy\u0259tind\u0259n bildirilmi\u015fdi ki, h\u0259min bina tarixi abid\u0259l\u0259r siyah\u0131s\u0131ndan \u00e7\u0131xar\u0131l\u0131b. Halbuki Abbas Mirz\u0259 \u015e\u0259rifzad\u0259nin evi 2001-ci ild\u0259 Nazirl\u0259r Kabinetinin q\u0259rar\u0131 il\u0259 d\u00f6vl\u0259t m\u00fchafiz\u0259sin\u0259 g\u00f6t\u00fcr\u00fclm\u00fc\u015fd\u00fc.<\/p>\n\n\n\n<p>Zaman, m\u0259kan, q\u0259hr\u0259manlar d\u0259yi\u015fib, amma ssenari h\u0259l\u0259 d\u0259 eynidir. Yen\u0259 hans\u0131sa qanuni s\u0259n\u0259d\u0259 zidd olaraq tarixi binalar s\u00f6k\u00fcl\u00fcr.<\/p>\n\n\n\n<h4 class=\"wp-block-heading\"><strong>Planda Bay\u0131r\u015f\u0259h\u0259r<\/strong><\/h4>\n\n\n\n<p>Rejissor, \u201cPlanda Bay\u0131r\u015f\u0259h\u0259r\u201d filmin m\u00fc\u0259llifi Elm\u0259ddin S\u00fcleymanov da m\u0259hz \u201cSovetski\u201d, \u201cKubinka\u201d, \u201cBasin\u201d kimi m\u0259h\u0259ll\u0259rd\u0259 ba\u015flayan k\u00fctl\u0259vi s\u00f6k\u00fcnt\u00fcl\u0259rd\u0259n sonra Bak\u0131n\u0131n imicinin d\u0259yi\u015fm\u0259sind\u0259n narahat olub. Buna g\u00f6r\u0259 \u015f\u0259h\u0259rin yadda\u015f\u0131 \u00fc\u00e7\u00fcn s\u00f6k\u00fcnt\u00fcl\u0259rd\u0259n \u00f6nc\u0259ki Bay\u0131r\u015f\u0259h\u0259ri arxivl\u0259\u015fdirm\u0259k q\u0259rar\u0131na g\u0259lib.<\/p>\n\n\n\n<figure class=\"wp-block-image size-large\"><img decoding=\"async\" width=\"1091\" height=\"821\" data-src=\"https:\/\/www.meydan.tv\/wp-content\/uploads\/photo_2025-08-05-18.15.40-1091x821.jpeg\" alt=\"\" class=\"wp-image-333963 lazyload\" src=\"data:image\/svg+xml;base64,PHN2ZyB3aWR0aD0iMSIgaGVpZ2h0PSIxIiB4bWxucz0iaHR0cDovL3d3dy53My5vcmcvMjAwMC9zdmciPjwvc3ZnPg==\" style=\"--smush-placeholder-width: 1091px; --smush-placeholder-aspect-ratio: 1091\/821;\" \/><figcaption class=\"wp-element-caption\">Foto sosial \u015f\u0259b\u0259k\u0259d\u0259n<\/figcaption><\/figure>\n\n\n\n<p><em>\u201cBu g\u00fcn bel\u0259 m\u0259n 10 il \u0259vv\u0259lki m\u0259h\u0259ll\u0259l\u0259rin, ist\u0259r s\u00f6k\u00fcnt\u00fcd\u0259n \u0259vv\u0259l, ist\u0259rs\u0259 d\u0259 s\u00f6k\u00fcnt\u00fcd\u0259n sonrak\u0131 arxiv videolar\u0131n\u0131 tapa bilmir\u0259m. Sanki o m\u0259h\u0259ll\u0259l\u0259r, xatir\u0259 v\u0259 hekay\u0259l\u0259r he\u00e7 vaxt ya\u015fanmay\u0131b, Bak\u0131 sanki bel\u0259 bir \u0259z\u0259m\u0259tli tarixin da\u015f\u0131y\u0131c\u0131s\u0131 olmay\u0131b hissini ya\u015fay\u0131ram. Bu filmi s\u0259n\u0259t\u00e7i v\u0259 v\u0259t\u0259nda\u015f m\u0259suliyy\u0259timl\u0259 \u00e7\u0259km\u0259k ist\u0259dim. Orada idim, hekay\u0259ni g\u00f6rd\u00fcm, Bay\u0131r\u015f\u0259h\u0259rin \u015feir kimi k\u00fc\u00e7\u0259l\u0259rd\u0259n kameramla birg\u0259 ke\u00e7dim, tarixin \u015fahidi olmaq ist\u0259dim\u201d.<\/em><\/p>\n\n\n\n<p>18 d\u0259qiq\u0259lik filmd\u0259 rejissor bay\u0131r\u015f\u0259h\u0259rlil\u0259rl\u0259 s\u00f6hb\u0259tl\u0259\u015fir, memarlarla birg\u0259 k\u00fc\u00e7\u0259l\u0259ri g\u0259zir, \u0259razinin \u0259h\u0259miyy\u0259tind\u0259n dan\u0131\u015f\u0131rlar. Rejissor sakinl\u0259ri nikbin v\u0259 m\u00fcbariz xat\u0131rlad\u0131\u011f\u0131n\u0131 s\u00f6yl\u0259yir.<\/p>\n\n\n\n<p><em>\u201c\u00dcmumiyy\u0259tl\u0259 Bay\u0131r\u015f\u0259h\u0259r icmas\u0131 haqda bel\u0259 bir t\u0259s\u0259vv\u00fcr yarad\u0131l\u0131r ki, sanki sakinl\u0259r ya\u015fad\u0131qlar\u0131 k\u00fc\u00e7\u0259l\u0259rd\u0259n bezibl\u0259r, sanki orada t\u00fcfeyli h\u0259yat h\u00f6km s\u00fcr\u00fcr, h\u0259r yer zibillikdir, evl\u0259r s\u0131n\u0131x salxaq v\u0259ziyy\u0259td\u0259dir v\u0259 ya insanlar\u0131n \u0259ks\u0259riyy\u0259ti t\u0259klif edil\u0259c\u0259k \u0259n yax\u015f\u0131 m\u0259bl\u0259\u011fi d\u00fc\u015f\u00fcn\u00fcrl\u0259r v s. Formala\u015fd\u0131r\u0131lan bu tip fikirl\u0259rin media manipulyasiyas\u0131 oldu\u011funu g\u00f6rm\u0259k \u00fc\u00e7\u00fcn Bay\u0131r\u015f\u0259h\u0259ri g\u0259zm\u0259k, sakinl\u0259rl\u0259 \u00fcnsiyy\u0259td\u0259 olmaq kifay\u0259tdir. Onlar t\u0259kc\u0259 xatir\u0259l\u0259rini yox, h\u00fcquqlar\u0131n\u0131 da m\u00fcdafi\u0259 edirl\u0259r\u201d.<\/em><\/p>\n\n\n\n<p>Sakinl\u0259rin m\u00fcbariz\u0259sind\u0259n s\u00f6z d\u00fc\u015fm\u00fc\u015fk\u0259n, bir t\u0259r\u0259fd\u0259 s\u00f6k\u00fcnt\u00fc i\u015fl\u0259ri gets\u0259 d\u0259, Bay\u0131r\u015f\u0259h\u0259rin tarixi binalar\u0131 yava\u015f-yava\u015f el\u0259 tarix\u0259 qovu\u015fsa da, sakinl\u0259r etirazlar\u0131ndan geri qalm\u0131r, \u00fcmidsizliy\u0259 qap\u0131lm\u0131rlar. Gah d\u00f6vl\u0259t qurumlar\u0131na, \u00f6lk\u0259 ba\u015f\u00e7\u0131s\u0131na m\u0259ktublar g\u00f6nd\u0259rir, gah ictimail\u0259\u015fdir\u0259r\u0259k s\u00f6k\u00fcnt\u00fcy\u0259 mane olur, mediaya dan\u0131\u015f\u0131r, s\u0259sl\u0259rini duyururlar. Bu g\u00fcnl\u0259rd\u0259 is\u0259 h\u0259r k\u0259s \u00f6z evinin qar\u015f\u0131s\u0131na bel\u0259 bir yaz\u0131 yap\u0131\u015fd\u0131r\u0131b, etiraz edir: \u201cDiqq\u0259t! Diqq\u0259t! Bay\u0131r\u015f\u0259h\u0259r m\u0259h\u0259ll\u0259si tariximizdir! M\u0259hv etm\u0259yin!&#8221;. \u00a0<\/p>\n","protected":false},"excerpt":{"rendered":"<p>Tarix\u00e7i Pyer Nora yaz\u0131rd\u0131 ki, xatir\u0259l\u0259ri \u00f6z\u00fcm\u00fczl\u0259 da\u015f\u0131m\u0131r\u0131q, m\u0259kanlar onlar\u0131 &#8230; <\/p>\n<p class=\"read-more-container\"><a title=\"Tarixi binalar\u0131n tarix\u0259 qovu\u015fmas\u0131 il\u0259 \u00fcz-\u00fcz\u0259: \u00abAx\u0131 Bak\u0131n\u0131n ruhu bu ki\u00e7ik binalarda ya\u015fay\u0131r\u201d\" class=\"read-more button\" href=\"https:\/\/www.meydan.tv\/az\/article\/tarixi-binalarinin-tarix%c9%99-qovusmasi-il%c9%99-uz-uz%c9%99-axi-bakinin-ruhu-bu-kicik-binalarda-yasayir\/#more-333959\" aria-label=\"Read more about Tarixi binalar\u0131n tarix\u0259 qovu\u015fmas\u0131 il\u0259 \u00fcz-\u00fcz\u0259: \u00abAx\u0131 Bak\u0131n\u0131n ruhu bu ki\u00e7ik binalarda ya\u015fay\u0131r\u201d\">Davam\u0131<\/a><\/p>\n","protected":false},"author":16,"featured_media":327191,"comment_status":"closed","ping_status":"closed","sticky":false,"template":"","format":"standard","meta":{"_acf_changed":false,"_sitemap_exclude":false,"_sitemap_priority":"","_sitemap_frequency":"","footnotes":""},"categories":[62,79,56],"tags":[],"class_list":["post-333959","post","type-post","status-publish","format-standard","has-post-thumbnail","hentry","category-sosial","category-featured","category-xeberler","infinite-scroll-item","generate-columns","tablet-grid-50","mobile-grid-100","grid-parent","grid-33","no-featured-image-padding"],"acf":[],"yoast_head":"<!-- This site is optimized with the Yoast SEO plugin v27.4 - https:\/\/yoast.com\/product\/yoast-seo-wordpress\/ -->\n<title>Tarixi binalar\u0131n tarix\u0259 qovu\u015fmas\u0131 il\u0259 \u00fcz-\u00fcz\u0259: \u00abAx\u0131 Bak\u0131n\u0131n ruhu bu ki\u00e7ik binalarda ya\u015fay\u0131r\u201d - MEYDAN.TV<\/title>\n<meta name=\"robots\" content=\"index, follow, max-snippet:-1, max-image-preview:large, max-video-preview:-1\" \/>\n<link rel=\"canonical\" href=\"https:\/\/www.meydan.tv\/az\/article\/tarixi-binalarinin-tarix%c9%99-qovusmasi-il%c9%99-uz-uz%c9%99-axi-bakinin-ruhu-bu-kicik-binalarda-yasayir\/\" \/>\n<meta property=\"og:locale\" content=\"az_AZ\" \/>\n<meta property=\"og:type\" content=\"article\" \/>\n<meta property=\"og:title\" content=\"Tarixi binalar\u0131n tarix\u0259 qovu\u015fmas\u0131 il\u0259 \u00fcz-\u00fcz\u0259: \u00abAx\u0131 Bak\u0131n\u0131n ruhu bu ki\u00e7ik binalarda ya\u015fay\u0131r\u201d - MEYDAN.TV\" \/>\n<meta property=\"og:description\" content=\"Tarix\u00e7i Pyer Nora yaz\u0131rd\u0131 ki, xatir\u0259l\u0259ri \u00f6z\u00fcm\u00fczl\u0259 da\u015f\u0131m\u0131r\u0131q, m\u0259kanlar onlar\u0131 ... Davam\u0131\" \/>\n<meta property=\"og:url\" content=\"https:\/\/www.meydan.tv\/az\/article\/tarixi-binalarinin-tarix%c9%99-qovusmasi-il%c9%99-uz-uz%c9%99-axi-bakinin-ruhu-bu-kicik-binalarda-yasayir\/\" \/>\n<meta property=\"og:site_name\" content=\"MEYDAN.TV\" \/>\n<meta property=\"article:published_time\" content=\"2025-08-05T16:35:42+00:00\" \/>\n<meta property=\"article:modified_time\" content=\"2025-08-05T16:35:47+00:00\" \/>\n<meta property=\"og:image\" content=\"https:\/\/www.meydan.tv\/wp-content\/uploads\/5434.png\" \/>\n\t<meta property=\"og:image:width\" content=\"1179\" \/>\n\t<meta property=\"og:image:height\" content=\"576\" \/>\n\t<meta property=\"og:image:type\" content=\"image\/png\" \/>\n<meta name=\"author\" content=\"sevda\" \/>\n<meta name=\"twitter:card\" content=\"summary_large_image\" \/>\n<script type=\"application\/ld+json\" class=\"yoast-schema-graph\">{\"@context\":\"https:\\\/\\\/schema.org\",\"@graph\":[{\"@type\":\"Article\",\"@id\":\"https:\\\/\\\/www.meydan.tv\\\/az\\\/article\\\/tarixi-binalarinin-tarix%c9%99-qovusmasi-il%c9%99-uz-uz%c9%99-axi-bakinin-ruhu-bu-kicik-binalarda-yasayir\\\/#article\",\"isPartOf\":{\"@id\":\"https:\\\/\\\/www.meydan.tv\\\/az\\\/article\\\/tarixi-binalarinin-tarix%c9%99-qovusmasi-il%c9%99-uz-uz%c9%99-axi-bakinin-ruhu-bu-kicik-binalarda-yasayir\\\/\"},\"author\":{\"name\":\"sevda\",\"@id\":\"https:\\\/\\\/www.meydan.tv\\\/az\\\/#\\\/schema\\\/person\\\/49b5f2bad5b126bb8ea9320eeb3e4dc9\"},\"headline\":\"Tarixi binalar\u0131n tarix\u0259 qovu\u015fmas\u0131 il\u0259 \u00fcz-\u00fcz\u0259: \u00abAx\u0131 Bak\u0131n\u0131n ruhu bu ki\u00e7ik binalarda ya\u015fay\u0131r\u201d\",\"datePublished\":\"2025-08-05T16:35:42+00:00\",\"dateModified\":\"2025-08-05T16:35:47+00:00\",\"mainEntityOfPage\":{\"@id\":\"https:\\\/\\\/www.meydan.tv\\\/az\\\/article\\\/tarixi-binalarinin-tarix%c9%99-qovusmasi-il%c9%99-uz-uz%c9%99-axi-bakinin-ruhu-bu-kicik-binalarda-yasayir\\\/\"},\"wordCount\":2924,\"publisher\":{\"@id\":\"https:\\\/\\\/www.meydan.tv\\\/az\\\/#organization\"},\"image\":{\"@id\":\"https:\\\/\\\/www.meydan.tv\\\/az\\\/article\\\/tarixi-binalarinin-tarix%c9%99-qovusmasi-il%c9%99-uz-uz%c9%99-axi-bakinin-ruhu-bu-kicik-binalarda-yasayir\\\/#primaryimage\"},\"thumbnailUrl\":\"https:\\\/\\\/www.meydan.tv\\\/wp-content\\\/uploads\\\/5434.png\",\"articleSection\":[\"Sosial\",\"T\u00f6vsiy\u0259\",\"X\u0259b\u0259rl\u0259r\"],\"inLanguage\":\"az\"},{\"@type\":\"WebPage\",\"@id\":\"https:\\\/\\\/www.meydan.tv\\\/az\\\/article\\\/tarixi-binalarinin-tarix%c9%99-qovusmasi-il%c9%99-uz-uz%c9%99-axi-bakinin-ruhu-bu-kicik-binalarda-yasayir\\\/\",\"url\":\"https:\\\/\\\/www.meydan.tv\\\/az\\\/article\\\/tarixi-binalarinin-tarix%c9%99-qovusmasi-il%c9%99-uz-uz%c9%99-axi-bakinin-ruhu-bu-kicik-binalarda-yasayir\\\/\",\"name\":\"Tarixi binalar\u0131n tarix\u0259 qovu\u015fmas\u0131 il\u0259 \u00fcz-\u00fcz\u0259: \u00abAx\u0131 Bak\u0131n\u0131n ruhu bu ki\u00e7ik binalarda ya\u015fay\u0131r\u201d - MEYDAN.TV\",\"isPartOf\":{\"@id\":\"https:\\\/\\\/www.meydan.tv\\\/az\\\/#website\"},\"primaryImageOfPage\":{\"@id\":\"https:\\\/\\\/www.meydan.tv\\\/az\\\/article\\\/tarixi-binalarinin-tarix%c9%99-qovusmasi-il%c9%99-uz-uz%c9%99-axi-bakinin-ruhu-bu-kicik-binalarda-yasayir\\\/#primaryimage\"},\"image\":{\"@id\":\"https:\\\/\\\/www.meydan.tv\\\/az\\\/article\\\/tarixi-binalarinin-tarix%c9%99-qovusmasi-il%c9%99-uz-uz%c9%99-axi-bakinin-ruhu-bu-kicik-binalarda-yasayir\\\/#primaryimage\"},\"thumbnailUrl\":\"https:\\\/\\\/www.meydan.tv\\\/wp-content\\\/uploads\\\/5434.png\",\"datePublished\":\"2025-08-05T16:35:42+00:00\",\"dateModified\":\"2025-08-05T16:35:47+00:00\",\"breadcrumb\":{\"@id\":\"https:\\\/\\\/www.meydan.tv\\\/az\\\/article\\\/tarixi-binalarinin-tarix%c9%99-qovusmasi-il%c9%99-uz-uz%c9%99-axi-bakinin-ruhu-bu-kicik-binalarda-yasayir\\\/#breadcrumb\"},\"inLanguage\":\"az\",\"potentialAction\":[{\"@type\":\"ReadAction\",\"target\":[\"https:\\\/\\\/www.meydan.tv\\\/az\\\/article\\\/tarixi-binalarinin-tarix%c9%99-qovusmasi-il%c9%99-uz-uz%c9%99-axi-bakinin-ruhu-bu-kicik-binalarda-yasayir\\\/\"]}]},{\"@type\":\"ImageObject\",\"inLanguage\":\"az\",\"@id\":\"https:\\\/\\\/www.meydan.tv\\\/az\\\/article\\\/tarixi-binalarinin-tarix%c9%99-qovusmasi-il%c9%99-uz-uz%c9%99-axi-bakinin-ruhu-bu-kicik-binalarda-yasayir\\\/#primaryimage\",\"url\":\"https:\\\/\\\/www.meydan.tv\\\/wp-content\\\/uploads\\\/5434.png\",\"contentUrl\":\"https:\\\/\\\/www.meydan.tv\\\/wp-content\\\/uploads\\\/5434.png\",\"width\":1179,\"height\":576,\"caption\":\"Foto: Dilq\u0259m \u0130smay\u0131lovun facebook s\u0259hif\u0259si\"},{\"@type\":\"BreadcrumbList\",\"@id\":\"https:\\\/\\\/www.meydan.tv\\\/az\\\/article\\\/tarixi-binalarinin-tarix%c9%99-qovusmasi-il%c9%99-uz-uz%c9%99-axi-bakinin-ruhu-bu-kicik-binalarda-yasayir\\\/#breadcrumb\",\"itemListElement\":[{\"@type\":\"ListItem\",\"position\":1,\"name\":\"Ana s\u0259hif\u0259\",\"item\":\"https:\\\/\\\/www.meydan.tv\\\/az\\\/\"},{\"@type\":\"ListItem\",\"position\":2,\"name\":\"Sosial\",\"item\":\"https:\\\/\\\/www.meydan.tv\\\/az\\\/section\\\/sosial\\\/\"},{\"@type\":\"ListItem\",\"position\":3,\"name\":\"Tarixi binalar\u0131n tarix\u0259 qovu\u015fmas\u0131 il\u0259 \u00fcz-\u00fcz\u0259: \u00abAx\u0131 Bak\u0131n\u0131n ruhu bu ki\u00e7ik binalarda ya\u015fay\u0131r\u201d\"}]},{\"@type\":\"WebSite\",\"@id\":\"https:\\\/\\\/www.meydan.tv\\\/az\\\/#website\",\"url\":\"https:\\\/\\\/www.meydan.tv\\\/az\\\/\",\"name\":\"MEYDAN.TV\",\"description\":\"Meydan TV Az\u0259rbaycan\u0131n media m\u0259kan\u0131ndak\u0131 alternativ s\u0259sidir\",\"publisher\":{\"@id\":\"https:\\\/\\\/www.meydan.tv\\\/az\\\/#organization\"},\"potentialAction\":[{\"@type\":\"SearchAction\",\"target\":{\"@type\":\"EntryPoint\",\"urlTemplate\":\"https:\\\/\\\/www.meydan.tv\\\/az\\\/?s={search_term_string}\"},\"query-input\":{\"@type\":\"PropertyValueSpecification\",\"valueRequired\":true,\"valueName\":\"search_term_string\"}}],\"inLanguage\":\"az\"},{\"@type\":\"Organization\",\"@id\":\"https:\\\/\\\/www.meydan.tv\\\/az\\\/#organization\",\"name\":\"Meydan TV\",\"url\":\"https:\\\/\\\/www.meydan.tv\\\/az\\\/\",\"logo\":{\"@type\":\"ImageObject\",\"inLanguage\":\"az\",\"@id\":\"https:\\\/\\\/www.meydan.tv\\\/az\\\/#\\\/schema\\\/logo\\\/image\\\/\",\"url\":\"https:\\\/\\\/www.meydan.tv\\\/wp-content\\\/uploads\\\/2021\\\/07\\\/meydan-logo.svg\",\"contentUrl\":\"https:\\\/\\\/www.meydan.tv\\\/wp-content\\\/uploads\\\/2021\\\/07\\\/meydan-logo.svg\",\"width\":195,\"height\":46,\"caption\":\"Meydan TV\"},\"image\":{\"@id\":\"https:\\\/\\\/www.meydan.tv\\\/az\\\/#\\\/schema\\\/logo\\\/image\\\/\"}},{\"@type\":\"Person\",\"@id\":\"https:\\\/\\\/www.meydan.tv\\\/az\\\/#\\\/schema\\\/person\\\/49b5f2bad5b126bb8ea9320eeb3e4dc9\",\"name\":\"sevda\"}]}<\/script>\n<!-- \/ Yoast SEO plugin. -->","yoast_head_json":{"title":"Tarixi binalar\u0131n tarix\u0259 qovu\u015fmas\u0131 il\u0259 \u00fcz-\u00fcz\u0259: \u00abAx\u0131 Bak\u0131n\u0131n ruhu bu ki\u00e7ik binalarda ya\u015fay\u0131r\u201d - MEYDAN.TV","robots":{"index":"index","follow":"follow","max-snippet":"max-snippet:-1","max-image-preview":"max-image-preview:large","max-video-preview":"max-video-preview:-1"},"canonical":"https:\/\/www.meydan.tv\/az\/article\/tarixi-binalarinin-tarix%c9%99-qovusmasi-il%c9%99-uz-uz%c9%99-axi-bakinin-ruhu-bu-kicik-binalarda-yasayir\/","og_locale":"az_AZ","og_type":"article","og_title":"Tarixi binalar\u0131n tarix\u0259 qovu\u015fmas\u0131 il\u0259 \u00fcz-\u00fcz\u0259: \u00abAx\u0131 Bak\u0131n\u0131n ruhu bu ki\u00e7ik binalarda ya\u015fay\u0131r\u201d - MEYDAN.TV","og_description":"Tarix\u00e7i Pyer Nora yaz\u0131rd\u0131 ki, xatir\u0259l\u0259ri \u00f6z\u00fcm\u00fczl\u0259 da\u015f\u0131m\u0131r\u0131q, m\u0259kanlar onlar\u0131 ... Davam\u0131","og_url":"https:\/\/www.meydan.tv\/az\/article\/tarixi-binalarinin-tarix%c9%99-qovusmasi-il%c9%99-uz-uz%c9%99-axi-bakinin-ruhu-bu-kicik-binalarda-yasayir\/","og_site_name":"MEYDAN.TV","article_published_time":"2025-08-05T16:35:42+00:00","article_modified_time":"2025-08-05T16:35:47+00:00","og_image":[{"width":1179,"height":576,"url":"https:\/\/www.meydan.tv\/wp-content\/uploads\/5434.png","type":"image\/png"}],"author":"sevda","twitter_card":"summary_large_image","schema":{"@context":"https:\/\/schema.org","@graph":[{"@type":"Article","@id":"https:\/\/www.meydan.tv\/az\/article\/tarixi-binalarinin-tarix%c9%99-qovusmasi-il%c9%99-uz-uz%c9%99-axi-bakinin-ruhu-bu-kicik-binalarda-yasayir\/#article","isPartOf":{"@id":"https:\/\/www.meydan.tv\/az\/article\/tarixi-binalarinin-tarix%c9%99-qovusmasi-il%c9%99-uz-uz%c9%99-axi-bakinin-ruhu-bu-kicik-binalarda-yasayir\/"},"author":{"name":"sevda","@id":"https:\/\/www.meydan.tv\/az\/#\/schema\/person\/49b5f2bad5b126bb8ea9320eeb3e4dc9"},"headline":"Tarixi binalar\u0131n tarix\u0259 qovu\u015fmas\u0131 il\u0259 \u00fcz-\u00fcz\u0259: \u00abAx\u0131 Bak\u0131n\u0131n ruhu bu ki\u00e7ik binalarda ya\u015fay\u0131r\u201d","datePublished":"2025-08-05T16:35:42+00:00","dateModified":"2025-08-05T16:35:47+00:00","mainEntityOfPage":{"@id":"https:\/\/www.meydan.tv\/az\/article\/tarixi-binalarinin-tarix%c9%99-qovusmasi-il%c9%99-uz-uz%c9%99-axi-bakinin-ruhu-bu-kicik-binalarda-yasayir\/"},"wordCount":2924,"publisher":{"@id":"https:\/\/www.meydan.tv\/az\/#organization"},"image":{"@id":"https:\/\/www.meydan.tv\/az\/article\/tarixi-binalarinin-tarix%c9%99-qovusmasi-il%c9%99-uz-uz%c9%99-axi-bakinin-ruhu-bu-kicik-binalarda-yasayir\/#primaryimage"},"thumbnailUrl":"https:\/\/www.meydan.tv\/wp-content\/uploads\/5434.png","articleSection":["Sosial","T\u00f6vsiy\u0259","X\u0259b\u0259rl\u0259r"],"inLanguage":"az"},{"@type":"WebPage","@id":"https:\/\/www.meydan.tv\/az\/article\/tarixi-binalarinin-tarix%c9%99-qovusmasi-il%c9%99-uz-uz%c9%99-axi-bakinin-ruhu-bu-kicik-binalarda-yasayir\/","url":"https:\/\/www.meydan.tv\/az\/article\/tarixi-binalarinin-tarix%c9%99-qovusmasi-il%c9%99-uz-uz%c9%99-axi-bakinin-ruhu-bu-kicik-binalarda-yasayir\/","name":"Tarixi binalar\u0131n tarix\u0259 qovu\u015fmas\u0131 il\u0259 \u00fcz-\u00fcz\u0259: \u00abAx\u0131 Bak\u0131n\u0131n ruhu bu ki\u00e7ik binalarda ya\u015fay\u0131r\u201d - MEYDAN.TV","isPartOf":{"@id":"https:\/\/www.meydan.tv\/az\/#website"},"primaryImageOfPage":{"@id":"https:\/\/www.meydan.tv\/az\/article\/tarixi-binalarinin-tarix%c9%99-qovusmasi-il%c9%99-uz-uz%c9%99-axi-bakinin-ruhu-bu-kicik-binalarda-yasayir\/#primaryimage"},"image":{"@id":"https:\/\/www.meydan.tv\/az\/article\/tarixi-binalarinin-tarix%c9%99-qovusmasi-il%c9%99-uz-uz%c9%99-axi-bakinin-ruhu-bu-kicik-binalarda-yasayir\/#primaryimage"},"thumbnailUrl":"https:\/\/www.meydan.tv\/wp-content\/uploads\/5434.png","datePublished":"2025-08-05T16:35:42+00:00","dateModified":"2025-08-05T16:35:47+00:00","breadcrumb":{"@id":"https:\/\/www.meydan.tv\/az\/article\/tarixi-binalarinin-tarix%c9%99-qovusmasi-il%c9%99-uz-uz%c9%99-axi-bakinin-ruhu-bu-kicik-binalarda-yasayir\/#breadcrumb"},"inLanguage":"az","potentialAction":[{"@type":"ReadAction","target":["https:\/\/www.meydan.tv\/az\/article\/tarixi-binalarinin-tarix%c9%99-qovusmasi-il%c9%99-uz-uz%c9%99-axi-bakinin-ruhu-bu-kicik-binalarda-yasayir\/"]}]},{"@type":"ImageObject","inLanguage":"az","@id":"https:\/\/www.meydan.tv\/az\/article\/tarixi-binalarinin-tarix%c9%99-qovusmasi-il%c9%99-uz-uz%c9%99-axi-bakinin-ruhu-bu-kicik-binalarda-yasayir\/#primaryimage","url":"https:\/\/www.meydan.tv\/wp-content\/uploads\/5434.png","contentUrl":"https:\/\/www.meydan.tv\/wp-content\/uploads\/5434.png","width":1179,"height":576,"caption":"Foto: Dilq\u0259m \u0130smay\u0131lovun facebook s\u0259hif\u0259si"},{"@type":"BreadcrumbList","@id":"https:\/\/www.meydan.tv\/az\/article\/tarixi-binalarinin-tarix%c9%99-qovusmasi-il%c9%99-uz-uz%c9%99-axi-bakinin-ruhu-bu-kicik-binalarda-yasayir\/#breadcrumb","itemListElement":[{"@type":"ListItem","position":1,"name":"Ana s\u0259hif\u0259","item":"https:\/\/www.meydan.tv\/az\/"},{"@type":"ListItem","position":2,"name":"Sosial","item":"https:\/\/www.meydan.tv\/az\/section\/sosial\/"},{"@type":"ListItem","position":3,"name":"Tarixi binalar\u0131n tarix\u0259 qovu\u015fmas\u0131 il\u0259 \u00fcz-\u00fcz\u0259: \u00abAx\u0131 Bak\u0131n\u0131n ruhu bu ki\u00e7ik binalarda ya\u015fay\u0131r\u201d"}]},{"@type":"WebSite","@id":"https:\/\/www.meydan.tv\/az\/#website","url":"https:\/\/www.meydan.tv\/az\/","name":"MEYDAN.TV","description":"Meydan TV Az\u0259rbaycan\u0131n media m\u0259kan\u0131ndak\u0131 alternativ s\u0259sidir","publisher":{"@id":"https:\/\/www.meydan.tv\/az\/#organization"},"potentialAction":[{"@type":"SearchAction","target":{"@type":"EntryPoint","urlTemplate":"https:\/\/www.meydan.tv\/az\/?s={search_term_string}"},"query-input":{"@type":"PropertyValueSpecification","valueRequired":true,"valueName":"search_term_string"}}],"inLanguage":"az"},{"@type":"Organization","@id":"https:\/\/www.meydan.tv\/az\/#organization","name":"Meydan TV","url":"https:\/\/www.meydan.tv\/az\/","logo":{"@type":"ImageObject","inLanguage":"az","@id":"https:\/\/www.meydan.tv\/az\/#\/schema\/logo\/image\/","url":"https:\/\/www.meydan.tv\/wp-content\/uploads\/2021\/07\/meydan-logo.svg","contentUrl":"https:\/\/www.meydan.tv\/wp-content\/uploads\/2021\/07\/meydan-logo.svg","width":195,"height":46,"caption":"Meydan TV"},"image":{"@id":"https:\/\/www.meydan.tv\/az\/#\/schema\/logo\/image\/"}},{"@type":"Person","@id":"https:\/\/www.meydan.tv\/az\/#\/schema\/person\/49b5f2bad5b126bb8ea9320eeb3e4dc9","name":"sevda"}]}},"_links":{"self":[{"href":"https:\/\/www.meydan.tv\/az\/wp-json\/wp\/v2\/posts\/333959","targetHints":{"allow":["GET"]}}],"collection":[{"href":"https:\/\/www.meydan.tv\/az\/wp-json\/wp\/v2\/posts"}],"about":[{"href":"https:\/\/www.meydan.tv\/az\/wp-json\/wp\/v2\/types\/post"}],"author":[{"embeddable":true,"href":"https:\/\/www.meydan.tv\/az\/wp-json\/wp\/v2\/users\/16"}],"replies":[{"embeddable":true,"href":"https:\/\/www.meydan.tv\/az\/wp-json\/wp\/v2\/comments?post=333959"}],"version-history":[{"count":6,"href":"https:\/\/www.meydan.tv\/az\/wp-json\/wp\/v2\/posts\/333959\/revisions"}],"predecessor-version":[{"id":333968,"href":"https:\/\/www.meydan.tv\/az\/wp-json\/wp\/v2\/posts\/333959\/revisions\/333968"}],"wp:featuredmedia":[{"embeddable":true,"href":"https:\/\/www.meydan.tv\/az\/wp-json\/wp\/v2\/media\/327191"}],"wp:attachment":[{"href":"https:\/\/www.meydan.tv\/az\/wp-json\/wp\/v2\/media?parent=333959"}],"wp:term":[{"taxonomy":"category","embeddable":true,"href":"https:\/\/www.meydan.tv\/az\/wp-json\/wp\/v2\/categories?post=333959"},{"taxonomy":"post_tag","embeddable":true,"href":"https:\/\/www.meydan.tv\/az\/wp-json\/wp\/v2\/tags?post=333959"}],"curies":[{"name":"wp","href":"https:\/\/api.w.org\/{rel}","templated":true}]}}