{"id":333944,"date":"2025-08-05T14:58:13","date_gmt":"2025-08-05T10:58:13","guid":{"rendered":"https:\/\/www.meydan.tv\/?p=333944"},"modified":"2025-08-06T12:55:34","modified_gmt":"2025-08-06T08:55:34","slug":"tbilisi-baki-reysind%c9%99-rekord-qiym%c9%99tl%c9%99r-m%c9%99nim-hec-ayliq-g%c9%99lirim-o-q%c9%99d%c9%99r-deyil","status":"publish","type":"post","link":"https:\/\/www.meydan.tv\/az\/article\/tbilisi-baki-reysind%c9%99-rekord-qiym%c9%99tl%c9%99r-m%c9%99nim-hec-ayliq-g%c9%99lirim-o-q%c9%99d%c9%99r-deyil\/","title":{"rendered":"Tbilisi\u2013Bak\u0131 reysind\u0259 rekord qiym\u0259tl\u0259r: &#8220;M\u0259nim he\u00e7 ayl\u0131q g\u0259lirim o q\u0259d\u0259r deyil&#8221;"},"content":{"rendered":"\n<p><\/p>\n\n\n\n<p>Haz\u0131rda &#8220;Az\u0259rbaycan Hava Yollar\u0131&#8221; (AZAL) il\u0259 Tbilisi\u2013Bak\u0131 reysi \u00fczr\u0259 bir n\u0259f\u0259r \u00fc\u00e7\u00fcn qiym\u0259t 1185-1282 AZN t\u0259\u015fkil edir.<\/p>\n\n\n\n<p>AZAL-\u0131n r\u0259smi s\u0259hif\u0259sind\u0259 payla\u015fd\u0131\u011f\u0131 m\u0259lumata g\u00f6r\u0259, avqust ay\u0131n\u0131n b\u00fct\u00fcn g\u00fcnl\u0259ri \u00fczr\u0259 v\u0259 sentyabr\u0131n 1-i d\u0259 daxil olmaqla ekonom sinif \u00fczr\u0259 b\u00fct\u00fcn biletl\u0259r <a href=\"https:\/\/www.azal.az\/az\/index.html?from=BER&amp;to=GYD&amp;AdId=759035178237&amp;AdGroupId=188003268664&amp;keyword=azal%20airlines&amp;matchtype=b&amp;device=c&amp;devicemodel=&amp;loc=9197904&amp;network=g&amp;place=&amp;campaignid=22692722539&amp;platform=google&amp;gad_source=1&amp;gad_campaignid=22692722539&amp;gbraid=0AAAAA9XwvmYYfjEULegFQ90GWxNcaLFSW&amp;gclid=Cj0KCQjw18bEBhCBARIsAKuAFEYg5nP_scuYpauZMbAqTDH-oAOG4Y1gv5JqM_-00uVTweuvU-vN3vcaAph1EALw_wcB\" target=\"_blank\" rel=\"noreferrer noopener\">sat\u0131l\u0131b<\/a>.<\/p>\n\n\n\n<p>Avqustun sonuna q\u0259d\u0259r s\u0259yah\u0259t etm\u0259k ist\u0259y\u0259n \u015f\u0259xsl\u0259r yaln\u0131z biznes paketi se\u00e7\u0259 bil\u0259rl\u0259r. Bu paket \u00fczr\u0259 bir gedi\u015fin qiym\u0259ti is\u0259 514 v\u0259 1190 AZN aras\u0131nda d\u0259yi\u015fir.<\/p>\n\n\n\n<p>Tbilisid\u0259n Bak\u0131ya bir n\u0259f\u0259r \u00fc\u00e7\u00fcn t\u0259yyar\u0259 biletl\u0259rinin qiym\u0259ti 604 avro (5 avqusta olan m\u0259z\u0259nn\u0259y\u0259 g\u00f6r\u0259 1185 AZN)\u00a0t\u0259\u015fkil edir.<\/p>\n\n\n\n<p>Bak\u0131-Tbilisi reysi \u00fczr\u0259 is\u0259 avqustun m\u00fc\u0259yy\u0259n tarixl\u0259rind\u0259 ekonom v\u0259 biznes paketl\u0259r m\u00f6vcuddur. Bu qiym\u0259tl\u0259r ekonom \u00fc\u00e7\u00fcn\u00a0 ( 1 n\u0259f\u0259r, bir gedi\u015f ) 293 AZN v\u0259 155 AZN aras\u0131nda d\u0259yi\u015fir.<\/p>\n\n\n\n<p>Biznes paketl\u0259r is\u0259 1174 v\u0259 514 AZN aras\u0131nda d\u0259yi\u015fir. Halbuki AZAL-\u0131n sosial mediada apard\u0131\u011f\u0131 reklam kampaniyas\u0131nda Tbilisi-Bak\u0131 \u00fczr\u0259 reysl\u0259rin 80 dollardan ba\u015flad\u0131\u011f\u0131 qeyd edilir.<\/p>\n\n\n\n<pre class=\"wp-block-verse\">M\u00fcqayis\u0259 \u00fc\u00e7\u00fcn qon\u015fu \u00f6lk\u0259l\u0259rin hava n\u0259qliyyat\u0131 \u00fczr\u0259 qiym\u0259tl\u0259rin\u0259 baxd\u0131q.<br><br>Haz\u0131rda \u201cGeorgian Airways\u201d il\u0259 Yerevan\u2013Tbilisi-Yerevan reysi \u00fczr\u0259 qiym\u0259tl\u0259r 82-116 dollar \u00fczr\u0259 d\u0259yi\u015fir. \u201cWizz Air\u201d il\u0259 Yerevandan Avropa \u00f6lk\u0259l\u0259rin\u0259 u\u00e7u\u015flar da m\u00f6vcuddur.\u00a0 M\u0259s\u0259l\u0259n, avqustun 14-\u00fc \u00fc\u00e7\u00fcn Yerevandan Vyanaya 295 dollara bilet tapmaq m\u00fcmk\u00fcnd\u00fcr.<br><br>Eyni zamanda \u201cWizz Air\u201d v\u0259 \u201cGeorgian Airways\u201d il\u0259 Avropa \u00f6lk\u0259l\u0259rin\u0259 avqust ay\u0131n\u0131n yax\u0131n g\u00fcnl\u0259ri \u00fczr\u0259 \u00a0227 dollara bilet almaq m\u00fcmk\u00fcnd\u00fcr.<br><br>G\u00fcrc\u00fcstan v\u0259 Erm\u0259nistanla m\u00fcqayis\u0259d\u0259 hava n\u0259qliyyat\u0131na g\u00f6r\u0259 \u0259n bahal\u0131 Az\u0259rbaycana m\u0259xsus AZAL \u015firk\u0259tidir.<\/pre>\n\n\n\n<h4 class=\"wp-block-heading\"><strong>Ciddi narahatl\u0131\u011fa s\u0259b\u0259b q\u0259rar <\/strong><\/h4>\n\n\n\n<p>\u0130yulun 1-d\u0259 Az\u0259rbaycan D\u00f6vl\u0259t Miqrasiya Xidm\u0259ti (DMX) Az\u0259rbaycanda m\u00fcv\u0259qq\u0259ti olma m\u00fcdd\u0259ti uzad\u0131lm\u0131\u015f \u0259cn\u0259bil\u0259r\u0259 v\u0259 v\u0259t\u0259nda\u015fl\u0131\u011f\u0131 olmayan \u015f\u0259xsl\u0259r\u0259 x\u0259b\u0259rdarl\u0131q edib. Qeyd edilib ki, 24 mart 2020-ci il tarixind\u0259n Az\u0259rbaycanda olan v\u0259 COV\u0130D-19 pandemiyas\u0131 il\u0259 \u0259laq\u0259dar \u00f6lk\u0259ni t\u0259rk ed\u0259 bilm\u0259diyi \u00fc\u00e7\u00fcn D\u00f6vl\u0259t Miqrasiya Xidm\u0259ti t\u0259r\u0259find\u0259n m\u00fcv\u0259qq\u0259ti olma m\u00fcdd\u0259ti uzad\u0131lan v\u0259 \u00f6lk\u0259d\u0259 olmalar\u0131 qanuni hesab edil\u0259n \u0259cn\u0259bil\u0259r v\u0259 v\u0259t\u0259nda\u015fl\u0131\u011f\u0131 olmayan \u015f\u0259xsl\u0259r iyulun 31-d\u0259k Miqrasiya M\u0259c\u0259ll\u0259sinin 45-ci madd\u0259sind\u0259 g\u00f6st\u0259ril\u0259n \u0259saslardan biri oldu\u011fu t\u0259qdird\u0259, m\u00fcv\u0259qq\u0259ti ya\u015fama icaz\u0259sinin al\u0131nmas\u0131 \u00fc\u00e7\u00fcn D\u00f6vl\u0259t Miqrasiya Xidm\u0259tin\u0259 m\u00fcraci\u0259t etm\u0259li v\u0259 ya \u00f6lk\u0259 \u0259razisini t\u0259rk etm\u0259lidirl\u0259r.<\/p>\n\n\n\n<p>Buna etiraz olaraq G\u00fcrc\u00fcstanda ya\u015fayan az\u0259rbaycanl\u0131lar ad\u0131ndan \u201cSoyda\u015f\u201d \u0130ctimai Birliyinin s\u0259dri Kamran Ramazanl\u0131 Az\u0259rbaycan Respublikas\u0131 D\u00f6vl\u0259t Miqrasiya Xidm\u0259tinin r\u0259isi V\u00fcsal H\u00fcseynova m\u00fcraci\u0259t ed\u0259r\u0259k, q\u0259rar\u0131n G\u00fcrc\u00fcstan v\u0259t\u0259nda\u015f\u0131 olan az\u0259rbaycanl\u0131lar aras\u0131nda ciddi narahatl\u0131q yaratd\u0131\u011f\u0131n\u0131 <a href=\"https:\/\/regionpress.ge\/8344-2\/\" target=\"_blank\" rel=\"noreferrer noopener\">bildirib<\/a>.<\/p>\n\n\n\n<p>Onun s\u00f6zl\u0259rin\u0259 g\u00f6r\u0259, pandemiya il\u0259 \u0259laq\u0259dar s\u0259rh\u0259d ke\u00e7m\u0259d\u0259n Az\u0259rbaycan Respublikas\u0131 \u0259razisind\u0259 uzun m\u00fcdd\u0259t ya\u015famas\u0131 az\u0259rbaycanl\u0131lar\u0131n i\u015f, ev v\u0259 bir \u00e7ox m\u0259i\u015f\u0259t m\u0259s\u0259l\u0259l\u0259rin\u0259 t\u0259sir ed\u0259r\u0259k onlar\u0131n sosial h\u0259yat\u0131nda m\u00fc\u0259yy\u0259n d\u0259yi\u015fiklikl\u0259r yarad\u0131b:<\/p>\n\n\n\n<p><em>\u201cSoyda\u015flar\u0131m\u0131z G\u00fcrc\u00fcstandak\u0131 evl\u0259rin\u0259 ba\u015f \u00e7\u0259k\u0259 bilm\u0259diyind\u0259n evl\u0259r 5 il \u0259rzind\u0259 ya\u015fay\u0131\u015f \u00fc\u00e7\u00fcn \u0259lveri\u015fsiz v\u0259ziyy\u0259t\u0259 d\u00fc\u015f\u00fcb, bir \u00e7ox evl\u0259rd\u0259 t\u0259mir-b\u0259rpa i\u015fl\u0259rin\u0259 ehtiyac yaran\u0131b. Dig\u0259r t\u0259r\u0259fd\u0259n, Az\u0259rbaycanda m\u00fcv\u0259qq\u0259ti ya\u015fayan bu soyda\u015flar\u0131m\u0131z\u0131n \u0259ks\u0259riyy\u0259ti ki\u00e7ik maa\u015fa i\u015fl\u0259y\u0259n v\u0259 h\u0259r ay m\u0259nzil \u2013 kiray\u0259 haqq\u0131 \u00f6d\u0259y\u0259n \u015f\u0259xsl\u0259r olmas\u0131n\u0131, Bak\u0131\u2013Tbilisi\u2013Bak\u0131 istiqam\u0259tind\u0259 avibiletl\u0259rin bahal\u0131\u011f\u0131n\u0131, habel\u0259 ail\u0259 \u00fczvl\u0259ri say\u0131n\u0131n 4-5 n\u0259f\u0259r\u0259 yax\u0131n olmas\u0131n\u0131 n\u0259z\u0259r\u0259 ald\u0131qda bu soyda\u015flar\u0131m\u0131z \u00fc\u00e7\u00fcn kifay\u0259t q\u0259d\u0259r ciddi maddi \u00e7\u0259tinlikl\u0259r yarad\u0131r\u201d.<\/em><\/p>\n\n\n\n<p>M\u00fcraci\u0259td\u0259 G\u00fcrc\u00fcstan v\u0259t\u0259nda\u015f\u0131 olan soyda\u015flar\u0131m\u0131z\u0131n s\u0259rh\u0259dke\u00e7m\u0259 m\u00fcdd\u0259tinin cari ilin sonunad\u0259k uzad\u0131lmas\u0131 xahi\u015f edilib.<\/p>\n\n\n\n<p>\u0130ctimai Birliyin eyni m\u0259zmunda Milli M\u0259clisin Az\u0259rbaycan-G\u00fcrc\u00fcstan Parlamentl\u0259raras\u0131 \u0259laq\u0259l\u0259r \u00fczr\u0259 i\u015f\u00e7i qrupun r\u0259hb\u0259ri Arzu Na\u011f\u0131yev\u0259 m\u00fcraci\u0259tind\u0259 aviabiletl\u0259rin baha olmas\u0131 m\u0259s\u0259l\u0259sin\u0259 d\u0259 toxunulub. Bak\u0131-Tbilisi-Bak\u0131 aviabiletl\u0259rinin qiym\u0259tinin g\u00fcn\u00fcn t\u0259l\u0259bin\u0259 optimalla\u015fd\u0131r\u0131lmas\u0131 v\u0259 Bak\u0131-Tbilisi-Bak\u0131 d\u0259miryol qatar\u0131n\u0131n i\u015f\u0259 d\u00fc\u015fm\u0259si il\u0259 ba\u011fl\u0131 m\u00fcvafiq d\u00f6vl\u0259t qurumlar\u0131 qar\u015f\u0131s\u0131nda m\u0259s\u0259l\u0259 qald\u0131r\u0131lmas\u0131 da xahi\u015f olunub.<\/p>\n\n\n\n<h4 class=\"wp-block-heading\"><strong>&#8220;Kredit kart\u0131 il\u0259 t\u0259yyar\u0259 bileti ald\u0131m&#8221;<\/strong><\/h4>\n\n\n\n<p>Elman \u018fs\u0259dov <em>(ad v\u0259 soyad \u015f\u0259rtidir) <\/em>G\u00fcrc\u00fcstan v\u0259t\u0259nda\u015f\u0131 olmas\u0131na baxmayaraq, b\u00fct\u00fcn h\u0259yat\u0131n\u0131, i\u015fini Bak\u0131da qurub v\u0259 ail\u0259si il\u0259 birlikd\u0259 haz\u0131rda Bak\u0131da ya\u015fay\u0131r.<\/p>\n\n\n\n<p>Meydan TV-y\u0259 dan\u0131\u015fan \u018fs\u0259dov bildirib ki, yeni m\u00fcraci\u0259t onu ail\u0259 \u00fczvl\u0259ri il\u0259 birlikd\u0259 s\u0259rh\u0259di ke\u00e7m\u0259y\u0259 m\u0259cbur edib. Onlar quru yolla s\u0259rh\u0259di G\u00fcrc\u00fcstana ke\u00e7\u0259 bils\u0259l\u0259r d\u0259, geri qay\u0131tmaq \u00fc\u00e7\u00fcn hava n\u0259qliyyat\u0131ndan istifad\u0259 etm\u0259lidirl\u0259r. S\u0259rh\u0259dl\u0259r ba\u011flanandan t\u0259yyar\u0259 fobiyas\u0131 olan \u018fs\u0259dov bir d\u0259f\u0259 olsun G\u00fcrc\u00fcstana, \u00f6z do\u011fuldu\u011fu k\u0259nd\u0259 v\u0259 valideynl\u0259rini ziyar\u0259t\u0259 g\u0259lm\u0259yib. H\u0259tta anas\u0131 2020-ci ild\u0259 G\u00fcrc\u00fcstanda r\u0259hm\u0259t\u0259 gedib. O, t\u0259yyar\u0259 qorxusuna g\u00f6r\u0259 sonradan da anas\u0131n\u0131n q\u0259brini ziyar\u0259t ed\u0259 bilm\u0259yib. Haz\u0131rda is\u0259 bu qanuna g\u00f6r\u0259 s\u0259rh\u0259di ke\u00e7m\u0259y\u0259 m\u0259cbur olub. \u00a0Quru yolla s\u0259rh\u0259di ke\u00e7\u0259n\u00a0 Elman \u018fs\u0259dov geriy\u0259 d\u00f6n\u00fc\u015f \u00fc\u00e7\u00fcn yolda\u015f\u0131 v\u0259 \u00f6z\u00fc \u00fc\u00e7\u00fcn kredit kart\u0131 il\u0259 t\u0259yyar\u0259 bileti al\u0131b. Bir m\u00fcdd\u0259t \u00f6nc\u0259 ald\u0131qlar\u0131 \u00fc\u00e7\u00fcn yolda\u015f\u0131 il\u0259 birlikd\u0259 \u00fcmumi 604 AZN bilet\u0259 \u00f6d\u0259ni\u015f edibl\u0259r. Lakin \u00f6vlad\u0131 \u00fc\u00e7\u00fcn bilet almay\u0131b. Haz\u0131rda \u00f6vlad\u0131 \u00fc\u00e7\u00fcn gerid\u00f6n\u00fc\u015f bileti almaq ist\u0259s\u0259 d\u0259 buna g\u00fcc\u00fc \u00e7atm\u0131r.<\/p>\n\n\n\n<p><em>\u201cAvqust ay\u0131 \u00fczr\u0259 gerid\u00f6n\u00fc\u015f bileti almaq ist\u0259yirik. Lakin qiym\u0259tl\u0259r biz\u0259 he\u00e7 uy\u011fun deyil. Ekonom bilet \u00fcmumiyy\u0259tl\u0259 m\u00f6vcud deyil v\u0259 biznes \u00fczr\u0259 qiym\u0259t is\u0259 bizim b\u00fcdc\u0259mizd\u0259n \u00e7ox art\u0131qd\u0131r. Bir n\u0259f\u0259r \u00fc\u00e7\u00fcn gedi\u015f 1190 AZN-d\u0259n \u00e7oxdur.&nbsp; M\u0259nim he\u00e7 ayl\u0131q g\u0259lirim o q\u0259d\u0259r deyil. \u0130ndi bilmirik n\u0259 ed\u0259c\u0259yik. O\u011flum d\u0259 Bak\u0131da i\u015fl\u0259yir v\u0259 avqust ay\u0131 boyunca G\u00fcrc\u00fcstanda qalmaq biz\u0259 s\u0259rf etmir. Ona g\u00f6r\u0259 m\u0259cbur olub sentyabr ay\u0131n\u0131 g\u00f6zl\u0259m\u0259li olaca\u011f\u0131q ki, biletin qiym\u0259ti d\u00fc\u015fs\u00fcn\u201d,<\/em> \u2013 dey\u0259, \u018fs\u0259dov bildirib.<\/p>\n\n\n\n<h4 class=\"wp-block-heading\"><strong>&#8220;Aviabiletl\u0259rin bel\u0259 baha olmas\u0131n\u0131n s\u0259b\u0259bi r\u0259qab\u0259tsizlikl\u0259 ba\u011fl\u0131d\u0131r&#8221;<\/strong><\/h4>\n\n\n\n<p>\u0130qtisad\u00e7\u0131 Natiq C\u0259f\u0259rli G\u00fcrc\u00fcstan v\u0259 Rusiyaya\u00a0olan reysl\u0259rin bel\u0259 bahal\u0131 olmas\u0131n\u0131n quru s\u0259rh\u0259dl\u0259rinin ba\u011fl\u0131 olmas\u0131 il\u0259 birba\u015fa \u0259laq\u0259li oldu\u011funu bildirib.<\/p>\n\n\n\n<p>\u0130qtisad\u00e7\u0131 hesab edir ki, quru s\u0259rh\u0259dl\u0259rinin ba\u011fl\u0131 olmas\u0131 Az\u0259rbaycanda iqtisadiyyata, turizm\u0259, \u00fcmumiyy\u0259tl\u0259 insanlar\u0131n psixoloji durumuna da m\u0259nfi t\u0259sir g\u00f6st\u0259r\u0259n amildir v\u0259 s\u0259rh\u0259dl\u0259r a\u00e7\u0131lmal\u0131d\u0131r.<\/p>\n\n\n\n<p>Onun s\u00f6zl\u0259rin\u0259 g\u00f6r\u0259, Az\u0259rbaycan quru s\u0259rh\u0259dl\u0259ri a\u00e7\u0131q oldu\u011fu d\u00f6vrd\u0259 d\u0259 \u00f6z t\u0259hl\u00fck\u0259sizliyini t\u0259min ed\u0259n g\u00fccl\u00fc d\u00f6vl\u0259tdir.<\/p>\n\n\n\n<p>Ekspert \u0259sas s\u0259b\u0259bin bazardak\u0131 r\u0259qab\u0259tsizlikl\u0259 \u0259laq\u0259li oldu\u011funu deyib:<\/p>\n\n\n<div class=\"wp-block-image\">\n<figure class=\"alignright size-large is-resized\"><img decoding=\"async\" width=\"1200\" height=\"696\" data-src=\"https:\/\/www.meydan.tv\/wp-content\/uploads\/image_from_ios_178-scaled-e1648798569981-1200x696.jpg\" alt=\"Natiq C\u0259f\u0259rli\" class=\"wp-image-210013 lazyload\" style=\"--smush-placeholder-width: 1200px; --smush-placeholder-aspect-ratio: 1200\/696;width:364px;height:auto\" src=\"data:image\/svg+xml;base64,PHN2ZyB3aWR0aD0iMSIgaGVpZ2h0PSIxIiB4bWxucz0iaHR0cDovL3d3dy53My5vcmcvMjAwMC9zdmciPjwvc3ZnPg==\" \/><figcaption class=\"wp-element-caption\">Natiq C\u0259f\u0259rli, \u0130ll\u00fcstrasiya: Meydan TV<\/figcaption><\/figure>\n<\/div>\n\n\n<p><em>\u201cAviareysl\u0259rin bahal\u0131 olmas\u0131n\u0131n bir ne\u00e7\u0259 s\u0259b\u0259bi var. \u018flb\u0259tt\u0259 quru s\u0259rh\u0259dl\u0259rinin ba\u011fl\u0131 olmas\u0131n\u0131n da buna t\u0259siri var. Amma t\u0259k s\u0259b\u0259b bu deyil. Quru s\u0259rh\u0259dl\u0259rinin ba\u011fl\u0131 olmas\u0131 \u0259sas\u0259n G\u00fcrc\u00fcstan v\u0259 Rusiyaya olan gedi\u015f-g\u0259li\u015f qiym\u0259tl\u0259rin\u0259 t\u0259sir edir. Amma Avropa, Asiya, \u018fr\u0259b \u00d6lk\u0259l\u0259rin\u0259 u\u00e7u\u015f qiym\u0259tl\u0259rin\u0259 quru s\u0259rh\u0259dl\u0259rin ba\u011fl\u0131 olmas\u0131n\u0131n t\u0259siri yoxdur. Aviabiletl\u0259rin bel\u0259 baha olmas\u0131n\u0131n s\u0259b\u0259bi r\u0259qab\u0259tsizlikl\u0259 ba\u011fl\u0131d\u0131r. Son zamanlar Az\u0259rbaycan bazar\u0131na bir ne\u00e7\u0259 xarici avia\u015fik\u0259tl\u0259rin daxil olmas\u0131na \u015fahidlik etdik. Bu, pozitiv inki\u015fafd\u0131r. M\u00fc\u0259yy\u0259n d\u0259r\u0259c\u0259d\u0259 r\u0259qab\u0259ti\u00a0 art\u0131ran m\u0259s\u0259l\u0259dir, amma h\u0259l\u0259 d\u0259 AZAL-\u0131n dominatl\u0131\u011f\u0131 var. Y\u0259ni, Az\u0259rbaycandan s\u0259rni\u015finda\u015f\u0131mada AZAL yar\u0131dan \u00e7ox paya, y\u0259ni 50 faizd\u0259n \u00e7ox paya malikdir. G\u00fcrc\u00fcstanda is\u0259 \u00abGeorgian Airways\u00bb c\u0259mi 6-7 faiz paya sahibdir. Az\u0259rbaycanda bu sah\u0259d\u0259 r\u0259qab\u0259t n\u0259 q\u0259d\u0259r g\u00fccl\u00fc olsa bilet qiym\u0259tl\u0259rind\u0259 d\u0259 t\u0259nziml\u0259m\u0259nin \u015fahidi olar\u0131q\u201d, <\/em>&#8211; dey\u0259 Natiq C\u0259f\u0259rli qeyd edib.<\/p>\n\n\n\n<p>AZAL Bak\u0131-Tbilisi-Bak\u0131 aviabiletinin bahala\u015fmas\u0131 iddias\u0131 il\u0259 ba\u011fl\u0131 bug\u00fcnki a\u00e7\u0131qlamas\u0131nda s\u0259rni\u015finl\u0259r\u0259 s\u0259yah\u0259tl\u0259rini \u00f6nc\u0259d\u0259n planla\u015fd\u0131rma\u011f\u0131 v\u0259 biletl\u0259ri m\u00fcmk\u00fcn q\u0259d\u0259r erk\u0259n alma\u011f\u0131 t\u00f6vsiy\u0259 edib.<\/p>\n\n\n\n<p>Oxu.az-\u0131n sor\u011fusuna cavab olaraq m\u00fc\u0259ssis\u0259d\u0259n g\u0259l\u0259n a\u00e7\u0131qlamada haz\u0131rda Tbilisi-Bak\u0131 mar\u015frutu \u00fczr\u0259 avqust ay\u0131n\u0131n sonunad\u0259k olan b\u00fct\u00fcn ekonom sinif biletl\u0259ri sat\u0131l\u0131b v\u0259 yaln\u0131z biznes sinif yerl\u0259ri qald\u0131\u011f\u0131 \u00fc\u00e7\u00fcn qiym\u0259tl\u0259rin k\u0259skin artmas\u0131 m\u00fc\u015fahid\u0259 olundu\u011fu <a href=\"https:\/\/oxu.az\/cemiyyet\/baki-tbilisi-baki-aviabileti-bahalasib\" target=\"_blank\" rel=\"noreferrer noopener\">qeyd edilib<\/a>.<\/p>\n\n\n\n<p>AZAL-dan o da qeyd edilib ki, s\u00f6z\u00fcged\u0259n istiqam\u0259td\u0259ki y\u00fcks\u0259k t\u0259l\u0259bat\u0131 n\u0259z\u0259r\u0259 alaraq avia\u015firk\u0259t texniki imkanlar\u0131 \u00e7\u0259r\u00e7iv\u0259sind\u0259 avqust ay\u0131nda \u0259lav\u0259 reysl\u0259r h\u0259yata ke\u00e7irm\u0259yi planla\u015fd\u0131r\u0131r. \u018flav\u0259 reysl\u0259rd\u0259 aviabiletl\u0259rin qiym\u0259ti minimal tarifd\u0259n ba\u015flayacaq.<\/p>\n\n\n\n<p><\/p>\n","protected":false},"excerpt":{"rendered":"<p>Haz\u0131rda &#8220;Az\u0259rbaycan Hava Yollar\u0131&#8221; (AZAL) il\u0259 Tbilisi\u2013Bak\u0131 reysi \u00fczr\u0259 bir &#8230; <\/p>\n<p class=\"read-more-container\"><a title=\"Tbilisi\u2013Bak\u0131 reysind\u0259 rekord qiym\u0259tl\u0259r: &#8220;M\u0259nim he\u00e7 ayl\u0131q g\u0259lirim o q\u0259d\u0259r deyil&#8221;\" class=\"read-more button\" href=\"https:\/\/www.meydan.tv\/az\/article\/tbilisi-baki-reysind%c9%99-rekord-qiym%c9%99tl%c9%99r-m%c9%99nim-hec-ayliq-g%c9%99lirim-o-q%c9%99d%c9%99r-deyil\/#more-333944\" aria-label=\"Read more about Tbilisi\u2013Bak\u0131 reysind\u0259 rekord qiym\u0259tl\u0259r: &#8220;M\u0259nim he\u00e7 ayl\u0131q g\u0259lirim o q\u0259d\u0259r deyil&#8221;\">Davam\u0131<\/a><\/p>\n","protected":false},"author":16,"featured_media":333969,"comment_status":"closed","ping_status":"closed","sticky":false,"template":"","format":"standard","meta":{"_acf_changed":false,"_sitemap_exclude":false,"_sitemap_priority":"","_sitemap_frequency":"","footnotes":""},"categories":[62,79,56],"tags":[],"class_list":["post-333944","post","type-post","status-publish","format-standard","has-post-thumbnail","hentry","category-sosial","category-featured","category-xeberler","infinite-scroll-item","generate-columns","tablet-grid-50","mobile-grid-100","grid-parent","grid-33","no-featured-image-padding"],"acf":[],"yoast_head":"<!-- This site is optimized with the Yoast SEO plugin v27.4 - https:\/\/yoast.com\/product\/yoast-seo-wordpress\/ -->\n<title>Tbilisi\u2013Bak\u0131 reysind\u0259 rekord qiym\u0259tl\u0259r: &quot;M\u0259nim he\u00e7 ayl\u0131q g\u0259lirim o q\u0259d\u0259r deyil&quot; - MEYDAN.TV<\/title>\n<meta name=\"robots\" content=\"index, follow, max-snippet:-1, max-image-preview:large, max-video-preview:-1\" \/>\n<link rel=\"canonical\" href=\"https:\/\/www.meydan.tv\/az\/article\/tbilisi-baki-reysind%c9%99-rekord-qiym%c9%99tl%c9%99r-m%c9%99nim-hec-ayliq-g%c9%99lirim-o-q%c9%99d%c9%99r-deyil\/\" \/>\n<meta property=\"og:locale\" content=\"az_AZ\" \/>\n<meta property=\"og:type\" content=\"article\" \/>\n<meta property=\"og:title\" content=\"Tbilisi\u2013Bak\u0131 reysind\u0259 rekord qiym\u0259tl\u0259r: &quot;M\u0259nim he\u00e7 ayl\u0131q g\u0259lirim o q\u0259d\u0259r deyil&quot; - MEYDAN.TV\" \/>\n<meta property=\"og:description\" content=\"Haz\u0131rda &#8220;Az\u0259rbaycan Hava Yollar\u0131&#8221; (AZAL) il\u0259 Tbilisi\u2013Bak\u0131 reysi \u00fczr\u0259 bir ... Davam\u0131\" \/>\n<meta property=\"og:url\" content=\"https:\/\/www.meydan.tv\/az\/article\/tbilisi-baki-reysind%c9%99-rekord-qiym%c9%99tl%c9%99r-m%c9%99nim-hec-ayliq-g%c9%99lirim-o-q%c9%99d%c9%99r-deyil\/\" \/>\n<meta property=\"og:site_name\" content=\"MEYDAN.TV\" \/>\n<meta property=\"article:published_time\" content=\"2025-08-05T10:58:13+00:00\" \/>\n<meta property=\"article:modified_time\" content=\"2025-08-06T08:55:34+00:00\" \/>\n<meta property=\"og:image\" content=\"https:\/\/www.meydan.tv\/wp-content\/uploads\/shutterstock_2385682297.jpg\" \/>\n\t<meta property=\"og:image:width\" content=\"1000\" \/>\n\t<meta property=\"og:image:height\" content=\"667\" \/>\n\t<meta property=\"og:image:type\" content=\"image\/jpeg\" \/>\n<meta name=\"author\" content=\"sevda\" \/>\n<meta name=\"twitter:card\" content=\"summary_large_image\" \/>\n<script type=\"application\/ld+json\" class=\"yoast-schema-graph\">{\"@context\":\"https:\\\/\\\/schema.org\",\"@graph\":[{\"@type\":\"Article\",\"@id\":\"https:\\\/\\\/www.meydan.tv\\\/az\\\/article\\\/tbilisi-baki-reysind%c9%99-rekord-qiym%c9%99tl%c9%99r-m%c9%99nim-hec-ayliq-g%c9%99lirim-o-q%c9%99d%c9%99r-deyil\\\/#article\",\"isPartOf\":{\"@id\":\"https:\\\/\\\/www.meydan.tv\\\/az\\\/article\\\/tbilisi-baki-reysind%c9%99-rekord-qiym%c9%99tl%c9%99r-m%c9%99nim-hec-ayliq-g%c9%99lirim-o-q%c9%99d%c9%99r-deyil\\\/\"},\"author\":{\"name\":\"sevda\",\"@id\":\"https:\\\/\\\/www.meydan.tv\\\/az\\\/#\\\/schema\\\/person\\\/49b5f2bad5b126bb8ea9320eeb3e4dc9\"},\"headline\":\"Tbilisi\u2013Bak\u0131 reysind\u0259 rekord qiym\u0259tl\u0259r: &#8220;M\u0259nim he\u00e7 ayl\u0131q g\u0259lirim o q\u0259d\u0259r deyil&#8221;\",\"datePublished\":\"2025-08-05T10:58:13+00:00\",\"dateModified\":\"2025-08-06T08:55:34+00:00\",\"mainEntityOfPage\":{\"@id\":\"https:\\\/\\\/www.meydan.tv\\\/az\\\/article\\\/tbilisi-baki-reysind%c9%99-rekord-qiym%c9%99tl%c9%99r-m%c9%99nim-hec-ayliq-g%c9%99lirim-o-q%c9%99d%c9%99r-deyil\\\/\"},\"wordCount\":1648,\"publisher\":{\"@id\":\"https:\\\/\\\/www.meydan.tv\\\/az\\\/#organization\"},\"image\":{\"@id\":\"https:\\\/\\\/www.meydan.tv\\\/az\\\/article\\\/tbilisi-baki-reysind%c9%99-rekord-qiym%c9%99tl%c9%99r-m%c9%99nim-hec-ayliq-g%c9%99lirim-o-q%c9%99d%c9%99r-deyil\\\/#primaryimage\"},\"thumbnailUrl\":\"https:\\\/\\\/www.meydan.tv\\\/wp-content\\\/uploads\\\/shutterstock_2385682297.jpg\",\"articleSection\":[\"Sosial\",\"T\u00f6vsiy\u0259\",\"X\u0259b\u0259rl\u0259r\"],\"inLanguage\":\"az\"},{\"@type\":\"WebPage\",\"@id\":\"https:\\\/\\\/www.meydan.tv\\\/az\\\/article\\\/tbilisi-baki-reysind%c9%99-rekord-qiym%c9%99tl%c9%99r-m%c9%99nim-hec-ayliq-g%c9%99lirim-o-q%c9%99d%c9%99r-deyil\\\/\",\"url\":\"https:\\\/\\\/www.meydan.tv\\\/az\\\/article\\\/tbilisi-baki-reysind%c9%99-rekord-qiym%c9%99tl%c9%99r-m%c9%99nim-hec-ayliq-g%c9%99lirim-o-q%c9%99d%c9%99r-deyil\\\/\",\"name\":\"Tbilisi\u2013Bak\u0131 reysind\u0259 rekord qiym\u0259tl\u0259r: \\\"M\u0259nim he\u00e7 ayl\u0131q g\u0259lirim o q\u0259d\u0259r deyil\\\" - MEYDAN.TV\",\"isPartOf\":{\"@id\":\"https:\\\/\\\/www.meydan.tv\\\/az\\\/#website\"},\"primaryImageOfPage\":{\"@id\":\"https:\\\/\\\/www.meydan.tv\\\/az\\\/article\\\/tbilisi-baki-reysind%c9%99-rekord-qiym%c9%99tl%c9%99r-m%c9%99nim-hec-ayliq-g%c9%99lirim-o-q%c9%99d%c9%99r-deyil\\\/#primaryimage\"},\"image\":{\"@id\":\"https:\\\/\\\/www.meydan.tv\\\/az\\\/article\\\/tbilisi-baki-reysind%c9%99-rekord-qiym%c9%99tl%c9%99r-m%c9%99nim-hec-ayliq-g%c9%99lirim-o-q%c9%99d%c9%99r-deyil\\\/#primaryimage\"},\"thumbnailUrl\":\"https:\\\/\\\/www.meydan.tv\\\/wp-content\\\/uploads\\\/shutterstock_2385682297.jpg\",\"datePublished\":\"2025-08-05T10:58:13+00:00\",\"dateModified\":\"2025-08-06T08:55:34+00:00\",\"breadcrumb\":{\"@id\":\"https:\\\/\\\/www.meydan.tv\\\/az\\\/article\\\/tbilisi-baki-reysind%c9%99-rekord-qiym%c9%99tl%c9%99r-m%c9%99nim-hec-ayliq-g%c9%99lirim-o-q%c9%99d%c9%99r-deyil\\\/#breadcrumb\"},\"inLanguage\":\"az\",\"potentialAction\":[{\"@type\":\"ReadAction\",\"target\":[\"https:\\\/\\\/www.meydan.tv\\\/az\\\/article\\\/tbilisi-baki-reysind%c9%99-rekord-qiym%c9%99tl%c9%99r-m%c9%99nim-hec-ayliq-g%c9%99lirim-o-q%c9%99d%c9%99r-deyil\\\/\"]}]},{\"@type\":\"ImageObject\",\"inLanguage\":\"az\",\"@id\":\"https:\\\/\\\/www.meydan.tv\\\/az\\\/article\\\/tbilisi-baki-reysind%c9%99-rekord-qiym%c9%99tl%c9%99r-m%c9%99nim-hec-ayliq-g%c9%99lirim-o-q%c9%99d%c9%99r-deyil\\\/#primaryimage\",\"url\":\"https:\\\/\\\/www.meydan.tv\\\/wp-content\\\/uploads\\\/shutterstock_2385682297.jpg\",\"contentUrl\":\"https:\\\/\\\/www.meydan.tv\\\/wp-content\\\/uploads\\\/shutterstock_2385682297.jpg\",\"width\":1000,\"height\":667,\"caption\":\"Foto: Collab Media\\\\shutterstock\"},{\"@type\":\"BreadcrumbList\",\"@id\":\"https:\\\/\\\/www.meydan.tv\\\/az\\\/article\\\/tbilisi-baki-reysind%c9%99-rekord-qiym%c9%99tl%c9%99r-m%c9%99nim-hec-ayliq-g%c9%99lirim-o-q%c9%99d%c9%99r-deyil\\\/#breadcrumb\",\"itemListElement\":[{\"@type\":\"ListItem\",\"position\":1,\"name\":\"Ana s\u0259hif\u0259\",\"item\":\"https:\\\/\\\/www.meydan.tv\\\/az\\\/\"},{\"@type\":\"ListItem\",\"position\":2,\"name\":\"X\u0259b\u0259rl\u0259r\",\"item\":\"https:\\\/\\\/www.meydan.tv\\\/az\\\/section\\\/xeberler\\\/\"},{\"@type\":\"ListItem\",\"position\":3,\"name\":\"Tbilisi\u2013Bak\u0131 reysind\u0259 rekord qiym\u0259tl\u0259r: &#8220;M\u0259nim he\u00e7 ayl\u0131q g\u0259lirim o q\u0259d\u0259r deyil&#8221;\"}]},{\"@type\":\"WebSite\",\"@id\":\"https:\\\/\\\/www.meydan.tv\\\/az\\\/#website\",\"url\":\"https:\\\/\\\/www.meydan.tv\\\/az\\\/\",\"name\":\"MEYDAN.TV\",\"description\":\"Meydan TV Az\u0259rbaycan\u0131n media m\u0259kan\u0131ndak\u0131 alternativ s\u0259sidir\",\"publisher\":{\"@id\":\"https:\\\/\\\/www.meydan.tv\\\/az\\\/#organization\"},\"potentialAction\":[{\"@type\":\"SearchAction\",\"target\":{\"@type\":\"EntryPoint\",\"urlTemplate\":\"https:\\\/\\\/www.meydan.tv\\\/az\\\/?s={search_term_string}\"},\"query-input\":{\"@type\":\"PropertyValueSpecification\",\"valueRequired\":true,\"valueName\":\"search_term_string\"}}],\"inLanguage\":\"az\"},{\"@type\":\"Organization\",\"@id\":\"https:\\\/\\\/www.meydan.tv\\\/az\\\/#organization\",\"name\":\"Meydan TV\",\"url\":\"https:\\\/\\\/www.meydan.tv\\\/az\\\/\",\"logo\":{\"@type\":\"ImageObject\",\"inLanguage\":\"az\",\"@id\":\"https:\\\/\\\/www.meydan.tv\\\/az\\\/#\\\/schema\\\/logo\\\/image\\\/\",\"url\":\"https:\\\/\\\/www.meydan.tv\\\/wp-content\\\/uploads\\\/2021\\\/07\\\/meydan-logo.svg\",\"contentUrl\":\"https:\\\/\\\/www.meydan.tv\\\/wp-content\\\/uploads\\\/2021\\\/07\\\/meydan-logo.svg\",\"width\":195,\"height\":46,\"caption\":\"Meydan TV\"},\"image\":{\"@id\":\"https:\\\/\\\/www.meydan.tv\\\/az\\\/#\\\/schema\\\/logo\\\/image\\\/\"}},{\"@type\":\"Person\",\"@id\":\"https:\\\/\\\/www.meydan.tv\\\/az\\\/#\\\/schema\\\/person\\\/49b5f2bad5b126bb8ea9320eeb3e4dc9\",\"name\":\"sevda\"}]}<\/script>\n<!-- \/ Yoast SEO plugin. -->","yoast_head_json":{"title":"Tbilisi\u2013Bak\u0131 reysind\u0259 rekord qiym\u0259tl\u0259r: \"M\u0259nim he\u00e7 ayl\u0131q g\u0259lirim o q\u0259d\u0259r deyil\" - MEYDAN.TV","robots":{"index":"index","follow":"follow","max-snippet":"max-snippet:-1","max-image-preview":"max-image-preview:large","max-video-preview":"max-video-preview:-1"},"canonical":"https:\/\/www.meydan.tv\/az\/article\/tbilisi-baki-reysind%c9%99-rekord-qiym%c9%99tl%c9%99r-m%c9%99nim-hec-ayliq-g%c9%99lirim-o-q%c9%99d%c9%99r-deyil\/","og_locale":"az_AZ","og_type":"article","og_title":"Tbilisi\u2013Bak\u0131 reysind\u0259 rekord qiym\u0259tl\u0259r: \"M\u0259nim he\u00e7 ayl\u0131q g\u0259lirim o q\u0259d\u0259r deyil\" - MEYDAN.TV","og_description":"Haz\u0131rda &#8220;Az\u0259rbaycan Hava Yollar\u0131&#8221; (AZAL) il\u0259 Tbilisi\u2013Bak\u0131 reysi \u00fczr\u0259 bir ... Davam\u0131","og_url":"https:\/\/www.meydan.tv\/az\/article\/tbilisi-baki-reysind%c9%99-rekord-qiym%c9%99tl%c9%99r-m%c9%99nim-hec-ayliq-g%c9%99lirim-o-q%c9%99d%c9%99r-deyil\/","og_site_name":"MEYDAN.TV","article_published_time":"2025-08-05T10:58:13+00:00","article_modified_time":"2025-08-06T08:55:34+00:00","og_image":[{"width":1000,"height":667,"url":"https:\/\/www.meydan.tv\/wp-content\/uploads\/shutterstock_2385682297.jpg","type":"image\/jpeg"}],"author":"sevda","twitter_card":"summary_large_image","schema":{"@context":"https:\/\/schema.org","@graph":[{"@type":"Article","@id":"https:\/\/www.meydan.tv\/az\/article\/tbilisi-baki-reysind%c9%99-rekord-qiym%c9%99tl%c9%99r-m%c9%99nim-hec-ayliq-g%c9%99lirim-o-q%c9%99d%c9%99r-deyil\/#article","isPartOf":{"@id":"https:\/\/www.meydan.tv\/az\/article\/tbilisi-baki-reysind%c9%99-rekord-qiym%c9%99tl%c9%99r-m%c9%99nim-hec-ayliq-g%c9%99lirim-o-q%c9%99d%c9%99r-deyil\/"},"author":{"name":"sevda","@id":"https:\/\/www.meydan.tv\/az\/#\/schema\/person\/49b5f2bad5b126bb8ea9320eeb3e4dc9"},"headline":"Tbilisi\u2013Bak\u0131 reysind\u0259 rekord qiym\u0259tl\u0259r: &#8220;M\u0259nim he\u00e7 ayl\u0131q g\u0259lirim o q\u0259d\u0259r deyil&#8221;","datePublished":"2025-08-05T10:58:13+00:00","dateModified":"2025-08-06T08:55:34+00:00","mainEntityOfPage":{"@id":"https:\/\/www.meydan.tv\/az\/article\/tbilisi-baki-reysind%c9%99-rekord-qiym%c9%99tl%c9%99r-m%c9%99nim-hec-ayliq-g%c9%99lirim-o-q%c9%99d%c9%99r-deyil\/"},"wordCount":1648,"publisher":{"@id":"https:\/\/www.meydan.tv\/az\/#organization"},"image":{"@id":"https:\/\/www.meydan.tv\/az\/article\/tbilisi-baki-reysind%c9%99-rekord-qiym%c9%99tl%c9%99r-m%c9%99nim-hec-ayliq-g%c9%99lirim-o-q%c9%99d%c9%99r-deyil\/#primaryimage"},"thumbnailUrl":"https:\/\/www.meydan.tv\/wp-content\/uploads\/shutterstock_2385682297.jpg","articleSection":["Sosial","T\u00f6vsiy\u0259","X\u0259b\u0259rl\u0259r"],"inLanguage":"az"},{"@type":"WebPage","@id":"https:\/\/www.meydan.tv\/az\/article\/tbilisi-baki-reysind%c9%99-rekord-qiym%c9%99tl%c9%99r-m%c9%99nim-hec-ayliq-g%c9%99lirim-o-q%c9%99d%c9%99r-deyil\/","url":"https:\/\/www.meydan.tv\/az\/article\/tbilisi-baki-reysind%c9%99-rekord-qiym%c9%99tl%c9%99r-m%c9%99nim-hec-ayliq-g%c9%99lirim-o-q%c9%99d%c9%99r-deyil\/","name":"Tbilisi\u2013Bak\u0131 reysind\u0259 rekord qiym\u0259tl\u0259r: \"M\u0259nim he\u00e7 ayl\u0131q g\u0259lirim o q\u0259d\u0259r deyil\" - MEYDAN.TV","isPartOf":{"@id":"https:\/\/www.meydan.tv\/az\/#website"},"primaryImageOfPage":{"@id":"https:\/\/www.meydan.tv\/az\/article\/tbilisi-baki-reysind%c9%99-rekord-qiym%c9%99tl%c9%99r-m%c9%99nim-hec-ayliq-g%c9%99lirim-o-q%c9%99d%c9%99r-deyil\/#primaryimage"},"image":{"@id":"https:\/\/www.meydan.tv\/az\/article\/tbilisi-baki-reysind%c9%99-rekord-qiym%c9%99tl%c9%99r-m%c9%99nim-hec-ayliq-g%c9%99lirim-o-q%c9%99d%c9%99r-deyil\/#primaryimage"},"thumbnailUrl":"https:\/\/www.meydan.tv\/wp-content\/uploads\/shutterstock_2385682297.jpg","datePublished":"2025-08-05T10:58:13+00:00","dateModified":"2025-08-06T08:55:34+00:00","breadcrumb":{"@id":"https:\/\/www.meydan.tv\/az\/article\/tbilisi-baki-reysind%c9%99-rekord-qiym%c9%99tl%c9%99r-m%c9%99nim-hec-ayliq-g%c9%99lirim-o-q%c9%99d%c9%99r-deyil\/#breadcrumb"},"inLanguage":"az","potentialAction":[{"@type":"ReadAction","target":["https:\/\/www.meydan.tv\/az\/article\/tbilisi-baki-reysind%c9%99-rekord-qiym%c9%99tl%c9%99r-m%c9%99nim-hec-ayliq-g%c9%99lirim-o-q%c9%99d%c9%99r-deyil\/"]}]},{"@type":"ImageObject","inLanguage":"az","@id":"https:\/\/www.meydan.tv\/az\/article\/tbilisi-baki-reysind%c9%99-rekord-qiym%c9%99tl%c9%99r-m%c9%99nim-hec-ayliq-g%c9%99lirim-o-q%c9%99d%c9%99r-deyil\/#primaryimage","url":"https:\/\/www.meydan.tv\/wp-content\/uploads\/shutterstock_2385682297.jpg","contentUrl":"https:\/\/www.meydan.tv\/wp-content\/uploads\/shutterstock_2385682297.jpg","width":1000,"height":667,"caption":"Foto: Collab Media\\shutterstock"},{"@type":"BreadcrumbList","@id":"https:\/\/www.meydan.tv\/az\/article\/tbilisi-baki-reysind%c9%99-rekord-qiym%c9%99tl%c9%99r-m%c9%99nim-hec-ayliq-g%c9%99lirim-o-q%c9%99d%c9%99r-deyil\/#breadcrumb","itemListElement":[{"@type":"ListItem","position":1,"name":"Ana s\u0259hif\u0259","item":"https:\/\/www.meydan.tv\/az\/"},{"@type":"ListItem","position":2,"name":"X\u0259b\u0259rl\u0259r","item":"https:\/\/www.meydan.tv\/az\/section\/xeberler\/"},{"@type":"ListItem","position":3,"name":"Tbilisi\u2013Bak\u0131 reysind\u0259 rekord qiym\u0259tl\u0259r: &#8220;M\u0259nim he\u00e7 ayl\u0131q g\u0259lirim o q\u0259d\u0259r deyil&#8221;"}]},{"@type":"WebSite","@id":"https:\/\/www.meydan.tv\/az\/#website","url":"https:\/\/www.meydan.tv\/az\/","name":"MEYDAN.TV","description":"Meydan TV Az\u0259rbaycan\u0131n media m\u0259kan\u0131ndak\u0131 alternativ s\u0259sidir","publisher":{"@id":"https:\/\/www.meydan.tv\/az\/#organization"},"potentialAction":[{"@type":"SearchAction","target":{"@type":"EntryPoint","urlTemplate":"https:\/\/www.meydan.tv\/az\/?s={search_term_string}"},"query-input":{"@type":"PropertyValueSpecification","valueRequired":true,"valueName":"search_term_string"}}],"inLanguage":"az"},{"@type":"Organization","@id":"https:\/\/www.meydan.tv\/az\/#organization","name":"Meydan TV","url":"https:\/\/www.meydan.tv\/az\/","logo":{"@type":"ImageObject","inLanguage":"az","@id":"https:\/\/www.meydan.tv\/az\/#\/schema\/logo\/image\/","url":"https:\/\/www.meydan.tv\/wp-content\/uploads\/2021\/07\/meydan-logo.svg","contentUrl":"https:\/\/www.meydan.tv\/wp-content\/uploads\/2021\/07\/meydan-logo.svg","width":195,"height":46,"caption":"Meydan TV"},"image":{"@id":"https:\/\/www.meydan.tv\/az\/#\/schema\/logo\/image\/"}},{"@type":"Person","@id":"https:\/\/www.meydan.tv\/az\/#\/schema\/person\/49b5f2bad5b126bb8ea9320eeb3e4dc9","name":"sevda"}]}},"_links":{"self":[{"href":"https:\/\/www.meydan.tv\/az\/wp-json\/wp\/v2\/posts\/333944","targetHints":{"allow":["GET"]}}],"collection":[{"href":"https:\/\/www.meydan.tv\/az\/wp-json\/wp\/v2\/posts"}],"about":[{"href":"https:\/\/www.meydan.tv\/az\/wp-json\/wp\/v2\/types\/post"}],"author":[{"embeddable":true,"href":"https:\/\/www.meydan.tv\/az\/wp-json\/wp\/v2\/users\/16"}],"replies":[{"embeddable":true,"href":"https:\/\/www.meydan.tv\/az\/wp-json\/wp\/v2\/comments?post=333944"}],"version-history":[{"count":7,"href":"https:\/\/www.meydan.tv\/az\/wp-json\/wp\/v2\/posts\/333944\/revisions"}],"predecessor-version":[{"id":333952,"href":"https:\/\/www.meydan.tv\/az\/wp-json\/wp\/v2\/posts\/333944\/revisions\/333952"}],"wp:featuredmedia":[{"embeddable":true,"href":"https:\/\/www.meydan.tv\/az\/wp-json\/wp\/v2\/media\/333969"}],"wp:attachment":[{"href":"https:\/\/www.meydan.tv\/az\/wp-json\/wp\/v2\/media?parent=333944"}],"wp:term":[{"taxonomy":"category","embeddable":true,"href":"https:\/\/www.meydan.tv\/az\/wp-json\/wp\/v2\/categories?post=333944"},{"taxonomy":"post_tag","embeddable":true,"href":"https:\/\/www.meydan.tv\/az\/wp-json\/wp\/v2\/tags?post=333944"}],"curies":[{"name":"wp","href":"https:\/\/api.w.org\/{rel}","templated":true}]}}