{"id":333902,"date":"2025-08-04T16:31:16","date_gmt":"2025-08-04T12:31:16","guid":{"rendered":"https:\/\/www.meydan.tv\/?p=333902"},"modified":"2025-08-04T17:34:41","modified_gmt":"2025-08-04T13:34:41","slug":"anar-abdulla-bar%c9%99sind%c9%99-h%c9%99bs-q%c9%99timkan-t%c9%99dbiri-secilib","status":"publish","type":"post","link":"https:\/\/www.meydan.tv\/az\/article\/anar-abdulla-bar%c9%99sind%c9%99-h%c9%99bs-q%c9%99timkan-t%c9%99dbiri-secilib\/","title":{"rendered":"Anar Abdulla bar\u0259sind\u0259 h\u0259bs q\u0259timkan t\u0259dbiri se\u00e7ilib"},"content":{"rendered":"\n<p><\/p>\n\n\n\n<p>\u0130ctimai f\u0259al Anar Abdulla bar\u0259sind\u0259 h\u0259bs q\u0259timkan t\u0259dbiri se\u00e7ilib.<\/p>\n\n\n\n<p>Bu g\u00fcn Bak\u0131 Bak\u0131 A\u011f\u0131r Cinay\u0259tl\u0259r M\u0259hk\u0259m\u0259sind\u0259 Se\u00e7kil\u0259rin Monitorinqi v\u0259 Demokratiyan\u0131n T\u0259drisi M\u0259rk\u0259zinin r\u0259hb\u0259ri Anar M\u0259mm\u0259dli v\u0259 ictimai f\u0259al Anar Abdullan\u0131n ittiham olundu\u011fu  cinay\u0259t i\u015fi \u00fczr\u0259 n\u00f6vb\u0259ti m\u0259hk\u0259m\u0259 prosesind\u0259 d\u00f6vl\u0259t ittiham\u00e7\u0131s\u0131 v\u0259sat\u0259t qald\u0131raraq\u00a0Anar Abdullan\u0131n polisin n\u0259zar\u0259tin\u0259 verm\u0259 q\u0259timkan t\u0259dbirinin d\u0259yi\u015fdirilm\u0259sini ist\u0259yib.<\/p>\n\n\n\n<p>Prokuror v\u0259sat\u0259tini t\u0259qsirl\u0259ndiril\u0259n \u015f\u0259xsin se\u00e7ilmi\u015f q\u0259timkan t\u0259dbiri qaydalar\u0131na \u0259m\u0259l etm\u0259diyini \u0259sas g\u0259tirib v\u0259 onun m\u0259hk\u0259m\u0259 zal\u0131nda h\u0259bs edilm\u0259sini ist\u0259yib.<\/p>\n\n\n\n<p>T\u0259qsirl\u0259ndiril\u0259n \u015f\u0259xsin v\u0259kili Anar Abdullan\u0131n m\u0259hk\u0259m\u0259d\u0259n anas\u0131n\u0131n x\u0259st\u0259 olmas\u0131n\u0131 n\u0259z\u0259r\u0259 al\u0131nmas\u0131n\u0131 ist\u0259s\u0259 d\u0259, d\u00f6vl\u0259t ittiham\u00e7\u0131s\u0131n\u0131n v\u0259sat\u0259ti t\u0259min edilib.<\/p>\n\n\n\n<p>Hakim Ayg\u00fcn Qurbanova onun haqq\u0131nda olan polis n\u0259zar\u0259tin\u0259 verm\u0259 q\u0259rar\u0131n\u0131 bar\u0259sind\u0259 olan m\u0259hk\u0259m\u0259 i\u015fi yekunla\u015fana q\u0259d\u0259r h\u0259bs q\u0259timkan t\u0259dbirin\u0259 d\u0259yi\u015fdirib.<\/p>\n\n\n\n<p>Anar Abdulla m\u0259hk\u0259m\u0259 zal\u0131nda h\u0259bs edilib. Daha sonra d\u00f6vl\u0259t ittiham\u00e7\u0131s\u0131 ittiham akt\u0131n\u0131 elan edib.<\/p>\n\n\n\n<p>Anar Abdulla iyulun 11-d\u0259 \u0130nzibati X\u0259talar M\u0259c\u0259ll\u0259sinin 535-ci (Polis i\u015f\u00e7isinin v\u0259 ya h\u0259rbi qulluq\u00e7unun qanuni t\u0259l\u0259bin\u0259 q\u0259sd\u0259n tabe olmama) v\u0259 510-cu (X\u0131rda xuliqanl\u0131q) madd\u0259l\u0259ri il\u0259 t\u0259qsirli bilin\u0259r\u0259k, Bin\u0259q\u0259di rayon m\u0259hk\u0259m\u0259sinin q\u0259rar\u0131 il\u0259 30 sutka m\u00fcdd\u0259tin\u0259 h\u0259bs\u0259 m\u0259hkum edilmi\u015fdi.<\/p>\n\n\n\n<p>Anar Abdulla bundan \u0259vv\u0259l, 2025-ci ilin aprelind\u0259 h\u0259m d\u0259 Se\u00e7kil\u0259rin Monitorinqi v\u0259 Demokratiyan\u0131n T\u0259drisi M\u0259rk\u0259zinin( SMDTM) r\u0259hb\u0259ri&nbsp; Anar M\u0259mm\u0259dlinin cinay\u0259t i\u015fi \u00fczr\u0259 apar\u0131lan istintaq ara\u015fd\u0131rmalar\u0131na c\u0259lb olunub.<\/p>\n\n\n\n<pre class=\"wp-block-preformatted\">Anar M\u0259mm\u0259dli 2024-c\u00fc ilin aprelind\u0259 saxlan\u0131l\u0131b. <br><br>O, \u0259vv\u0259lc\u0259 Cinay\u0259t M\u0259c\u0259ll\u0259sinin 206.3.2-ci (qa\u00e7aqmal\u00e7\u0131l\u0131q qabaqcadan \u0259lbir olan bir qrup \u015f\u0259xs t\u0259r\u0259find\u0259n t\u00f6r\u0259dildikd\u0259) madd\u0259si il\u0259 ittiham olunsa da,&nbsp; sonradan ittihama bir ne\u00e7\u0259 maliyy\u0259 cinay\u0259ti \u00fczr\u0259 madd\u0259l\u0259r d\u0259 \u0259lav\u0259 edilib. <br><br>M\u0259mm\u0259dli \u00f6z\u00fcn\u00fc t\u0259qsirli hesab etmir v\u0259 ir\u0259li s\u00fcr\u00fcl\u0259n ittihamlarla raz\u0131la\u015fm\u0131r.<\/pre>\n\n\n\n<p>Bu i\u015f \u00fczr\u0259 Anar Abdullaya  qar\u015f\u0131 Cinay\u0259t M\u0259c\u0259ll\u0259sinin yeddi madd\u0259si (qa\u00e7aqmal\u00e7\u0131l\u0131q, qanunsuz sahibkarl\u0131q vergid\u0259n yay\u0131nma v\u0259.s) il\u0259 ittiham <a href=\"https:\/\/www.meydan.tv\/az\/article\/anar-m%c9%99mm%c9%99dli-v%c9%99-anar-abdullayevin-m%c9%99hk%c9%99m%c9%99si-kecirilib\/\" target=\"_blank\" rel=\"noreferrer noopener\">ir\u0259li s\u00fcr\u00fcl\u00fcb<\/a>. H\u0259min vaxt Bak\u0131 \u015e\u0259h\u0259r Ba\u015f Polis \u0130dar\u0259sinin q\u0259rar\u0131 il\u0259 f\u0259al bar\u0259sind\u0259 \u201cpolisin n\u0259zar\u0259ti alt\u0131na verm\u0259\u201d q\u0259timkan t\u0259dbiri se\u00e7ilmi\u015fdi.<\/p>\n\n\n\n<p>Haz\u0131rda i\u015f \u00fczr\u0259 m\u0259hk\u0259m\u0259 bax\u0131\u015f\u0131 davam edir.<\/p>\n","protected":false},"excerpt":{"rendered":"<p>\u0130ctimai f\u0259al Anar Abdulla bar\u0259sind\u0259 h\u0259bs q\u0259timkan t\u0259dbiri se\u00e7ilib. Bu &#8230; <\/p>\n<p class=\"read-more-container\"><a title=\"Anar Abdulla bar\u0259sind\u0259 h\u0259bs q\u0259timkan t\u0259dbiri se\u00e7ilib\" class=\"read-more button\" href=\"https:\/\/www.meydan.tv\/az\/article\/anar-abdulla-bar%c9%99sind%c9%99-h%c9%99bs-q%c9%99timkan-t%c9%99dbiri-secilib\/#more-333902\" aria-label=\"Read more about Anar Abdulla bar\u0259sind\u0259 h\u0259bs q\u0259timkan t\u0259dbiri se\u00e7ilib\">Davam\u0131<\/a><\/p>\n","protected":false},"author":21,"featured_media":328584,"comment_status":"closed","ping_status":"closed","sticky":false,"template":"","format":"standard","meta":{"_acf_changed":false,"_sitemap_exclude":false,"_sitemap_priority":"","_sitemap_frequency":"","footnotes":""},"categories":[59,79,56],"tags":[],"class_list":["post-333902","post","type-post","status-publish","format-standard","has-post-thumbnail","hentry","category-siyaset","category-featured","category-xeberler","infinite-scroll-item","generate-columns","tablet-grid-50","mobile-grid-100","grid-parent","grid-33","no-featured-image-padding"],"acf":[],"yoast_head":"<!-- This site is optimized with the Yoast SEO plugin v27.5 - https:\/\/yoast.com\/product\/yoast-seo-wordpress\/ -->\n<title>Anar Abdulla bar\u0259sind\u0259 h\u0259bs q\u0259timkan t\u0259dbiri se\u00e7ilib - MEYDAN.TV<\/title>\n<meta name=\"robots\" content=\"index, follow, max-snippet:-1, max-image-preview:large, max-video-preview:-1\" \/>\n<link rel=\"canonical\" href=\"https:\/\/www.meydan.tv\/az\/article\/anar-abdulla-bar%c9%99sind%c9%99-h%c9%99bs-q%c9%99timkan-t%c9%99dbiri-secilib\/\" \/>\n<meta property=\"og:locale\" content=\"az_AZ\" \/>\n<meta property=\"og:type\" content=\"article\" \/>\n<meta property=\"og:title\" content=\"Anar Abdulla bar\u0259sind\u0259 h\u0259bs q\u0259timkan t\u0259dbiri se\u00e7ilib - MEYDAN.TV\" \/>\n<meta property=\"og:description\" content=\"\u0130ctimai f\u0259al Anar Abdulla bar\u0259sind\u0259 h\u0259bs q\u0259timkan t\u0259dbiri se\u00e7ilib. Bu ... Davam\u0131\" \/>\n<meta property=\"og:url\" content=\"https:\/\/www.meydan.tv\/az\/article\/anar-abdulla-bar%c9%99sind%c9%99-h%c9%99bs-q%c9%99timkan-t%c9%99dbiri-secilib\/\" \/>\n<meta property=\"og:site_name\" content=\"MEYDAN.TV\" \/>\n<meta property=\"article:published_time\" content=\"2025-08-04T12:31:16+00:00\" \/>\n<meta property=\"article:modified_time\" content=\"2025-08-04T13:34:41+00:00\" \/>\n<meta property=\"og:image\" content=\"https:\/\/www.meydan.tv\/wp-content\/uploads\/2424-2.png\" \/>\n\t<meta property=\"og:image:width\" content=\"1179\" \/>\n\t<meta property=\"og:image:height\" content=\"576\" \/>\n\t<meta property=\"og:image:type\" content=\"image\/png\" \/>\n<meta name=\"author\" content=\"mahmud\" \/>\n<meta name=\"twitter:card\" content=\"summary_large_image\" \/>\n<script type=\"application\/ld+json\" class=\"yoast-schema-graph\">{\"@context\":\"https:\\\/\\\/schema.org\",\"@graph\":[{\"@type\":\"Article\",\"@id\":\"https:\\\/\\\/www.meydan.tv\\\/az\\\/article\\\/anar-abdulla-bar%c9%99sind%c9%99-h%c9%99bs-q%c9%99timkan-t%c9%99dbiri-secilib\\\/#article\",\"isPartOf\":{\"@id\":\"https:\\\/\\\/www.meydan.tv\\\/az\\\/article\\\/anar-abdulla-bar%c9%99sind%c9%99-h%c9%99bs-q%c9%99timkan-t%c9%99dbiri-secilib\\\/\"},\"author\":{\"name\":\"mahmud\",\"@id\":\"https:\\\/\\\/www.meydan.tv\\\/az\\\/#\\\/schema\\\/person\\\/09863e516102a829e72bedcf3f84c6b0\"},\"headline\":\"Anar Abdulla bar\u0259sind\u0259 h\u0259bs q\u0259timkan t\u0259dbiri se\u00e7ilib\",\"datePublished\":\"2025-08-04T12:31:16+00:00\",\"dateModified\":\"2025-08-04T13:34:41+00:00\",\"mainEntityOfPage\":{\"@id\":\"https:\\\/\\\/www.meydan.tv\\\/az\\\/article\\\/anar-abdulla-bar%c9%99sind%c9%99-h%c9%99bs-q%c9%99timkan-t%c9%99dbiri-secilib\\\/\"},\"wordCount\":441,\"publisher\":{\"@id\":\"https:\\\/\\\/www.meydan.tv\\\/az\\\/#organization\"},\"image\":{\"@id\":\"https:\\\/\\\/www.meydan.tv\\\/az\\\/article\\\/anar-abdulla-bar%c9%99sind%c9%99-h%c9%99bs-q%c9%99timkan-t%c9%99dbiri-secilib\\\/#primaryimage\"},\"thumbnailUrl\":\"https:\\\/\\\/www.meydan.tv\\\/wp-content\\\/uploads\\\/2424-2.png\",\"articleSection\":[\"Siyas\u0259t\",\"T\u00f6vsiy\u0259\",\"X\u0259b\u0259rl\u0259r\"],\"inLanguage\":\"az\"},{\"@type\":\"WebPage\",\"@id\":\"https:\\\/\\\/www.meydan.tv\\\/az\\\/article\\\/anar-abdulla-bar%c9%99sind%c9%99-h%c9%99bs-q%c9%99timkan-t%c9%99dbiri-secilib\\\/\",\"url\":\"https:\\\/\\\/www.meydan.tv\\\/az\\\/article\\\/anar-abdulla-bar%c9%99sind%c9%99-h%c9%99bs-q%c9%99timkan-t%c9%99dbiri-secilib\\\/\",\"name\":\"Anar Abdulla bar\u0259sind\u0259 h\u0259bs q\u0259timkan t\u0259dbiri se\u00e7ilib - MEYDAN.TV\",\"isPartOf\":{\"@id\":\"https:\\\/\\\/www.meydan.tv\\\/az\\\/#website\"},\"primaryImageOfPage\":{\"@id\":\"https:\\\/\\\/www.meydan.tv\\\/az\\\/article\\\/anar-abdulla-bar%c9%99sind%c9%99-h%c9%99bs-q%c9%99timkan-t%c9%99dbiri-secilib\\\/#primaryimage\"},\"image\":{\"@id\":\"https:\\\/\\\/www.meydan.tv\\\/az\\\/article\\\/anar-abdulla-bar%c9%99sind%c9%99-h%c9%99bs-q%c9%99timkan-t%c9%99dbiri-secilib\\\/#primaryimage\"},\"thumbnailUrl\":\"https:\\\/\\\/www.meydan.tv\\\/wp-content\\\/uploads\\\/2424-2.png\",\"datePublished\":\"2025-08-04T12:31:16+00:00\",\"dateModified\":\"2025-08-04T13:34:41+00:00\",\"breadcrumb\":{\"@id\":\"https:\\\/\\\/www.meydan.tv\\\/az\\\/article\\\/anar-abdulla-bar%c9%99sind%c9%99-h%c9%99bs-q%c9%99timkan-t%c9%99dbiri-secilib\\\/#breadcrumb\"},\"inLanguage\":\"az\",\"potentialAction\":[{\"@type\":\"ReadAction\",\"target\":[\"https:\\\/\\\/www.meydan.tv\\\/az\\\/article\\\/anar-abdulla-bar%c9%99sind%c9%99-h%c9%99bs-q%c9%99timkan-t%c9%99dbiri-secilib\\\/\"]}]},{\"@type\":\"ImageObject\",\"inLanguage\":\"az\",\"@id\":\"https:\\\/\\\/www.meydan.tv\\\/az\\\/article\\\/anar-abdulla-bar%c9%99sind%c9%99-h%c9%99bs-q%c9%99timkan-t%c9%99dbiri-secilib\\\/#primaryimage\",\"url\":\"https:\\\/\\\/www.meydan.tv\\\/wp-content\\\/uploads\\\/2424-2.png\",\"contentUrl\":\"https:\\\/\\\/www.meydan.tv\\\/wp-content\\\/uploads\\\/2424-2.png\",\"width\":1179,\"height\":576,\"caption\":\"Anar Abdulla - Foto: \u015e\u0259xsi Facebook s\u0259hif\u0259si\"},{\"@type\":\"BreadcrumbList\",\"@id\":\"https:\\\/\\\/www.meydan.tv\\\/az\\\/article\\\/anar-abdulla-bar%c9%99sind%c9%99-h%c9%99bs-q%c9%99timkan-t%c9%99dbiri-secilib\\\/#breadcrumb\",\"itemListElement\":[{\"@type\":\"ListItem\",\"position\":1,\"name\":\"Ana s\u0259hif\u0259\",\"item\":\"https:\\\/\\\/www.meydan.tv\\\/az\\\/\"},{\"@type\":\"ListItem\",\"position\":2,\"name\":\"Siyas\u0259t\",\"item\":\"https:\\\/\\\/www.meydan.tv\\\/az\\\/section\\\/siyaset\\\/\"},{\"@type\":\"ListItem\",\"position\":3,\"name\":\"Anar Abdulla bar\u0259sind\u0259 h\u0259bs q\u0259timkan t\u0259dbiri se\u00e7ilib\"}]},{\"@type\":\"WebSite\",\"@id\":\"https:\\\/\\\/www.meydan.tv\\\/az\\\/#website\",\"url\":\"https:\\\/\\\/www.meydan.tv\\\/az\\\/\",\"name\":\"MEYDAN.TV\",\"description\":\"Meydan TV Az\u0259rbaycan\u0131n media m\u0259kan\u0131ndak\u0131 alternativ s\u0259sidir\",\"publisher\":{\"@id\":\"https:\\\/\\\/www.meydan.tv\\\/az\\\/#organization\"},\"potentialAction\":[{\"@type\":\"SearchAction\",\"target\":{\"@type\":\"EntryPoint\",\"urlTemplate\":\"https:\\\/\\\/www.meydan.tv\\\/az\\\/?s={search_term_string}\"},\"query-input\":{\"@type\":\"PropertyValueSpecification\",\"valueRequired\":true,\"valueName\":\"search_term_string\"}}],\"inLanguage\":\"az\"},{\"@type\":\"Organization\",\"@id\":\"https:\\\/\\\/www.meydan.tv\\\/az\\\/#organization\",\"name\":\"Meydan TV\",\"url\":\"https:\\\/\\\/www.meydan.tv\\\/az\\\/\",\"logo\":{\"@type\":\"ImageObject\",\"inLanguage\":\"az\",\"@id\":\"https:\\\/\\\/www.meydan.tv\\\/az\\\/#\\\/schema\\\/logo\\\/image\\\/\",\"url\":\"https:\\\/\\\/www.meydan.tv\\\/wp-content\\\/uploads\\\/2021\\\/07\\\/meydan-logo.svg\",\"contentUrl\":\"https:\\\/\\\/www.meydan.tv\\\/wp-content\\\/uploads\\\/2021\\\/07\\\/meydan-logo.svg\",\"width\":195,\"height\":46,\"caption\":\"Meydan TV\"},\"image\":{\"@id\":\"https:\\\/\\\/www.meydan.tv\\\/az\\\/#\\\/schema\\\/logo\\\/image\\\/\"}},{\"@type\":\"Person\",\"@id\":\"https:\\\/\\\/www.meydan.tv\\\/az\\\/#\\\/schema\\\/person\\\/09863e516102a829e72bedcf3f84c6b0\",\"name\":\"mahmud\"}]}<\/script>\n<!-- \/ Yoast SEO plugin. -->","yoast_head_json":{"title":"Anar Abdulla bar\u0259sind\u0259 h\u0259bs q\u0259timkan t\u0259dbiri se\u00e7ilib - MEYDAN.TV","robots":{"index":"index","follow":"follow","max-snippet":"max-snippet:-1","max-image-preview":"max-image-preview:large","max-video-preview":"max-video-preview:-1"},"canonical":"https:\/\/www.meydan.tv\/az\/article\/anar-abdulla-bar%c9%99sind%c9%99-h%c9%99bs-q%c9%99timkan-t%c9%99dbiri-secilib\/","og_locale":"az_AZ","og_type":"article","og_title":"Anar Abdulla bar\u0259sind\u0259 h\u0259bs q\u0259timkan t\u0259dbiri se\u00e7ilib - MEYDAN.TV","og_description":"\u0130ctimai f\u0259al Anar Abdulla bar\u0259sind\u0259 h\u0259bs q\u0259timkan t\u0259dbiri se\u00e7ilib. Bu ... Davam\u0131","og_url":"https:\/\/www.meydan.tv\/az\/article\/anar-abdulla-bar%c9%99sind%c9%99-h%c9%99bs-q%c9%99timkan-t%c9%99dbiri-secilib\/","og_site_name":"MEYDAN.TV","article_published_time":"2025-08-04T12:31:16+00:00","article_modified_time":"2025-08-04T13:34:41+00:00","og_image":[{"width":1179,"height":576,"url":"https:\/\/www.meydan.tv\/wp-content\/uploads\/2424-2.png","type":"image\/png"}],"author":"mahmud","twitter_card":"summary_large_image","schema":{"@context":"https:\/\/schema.org","@graph":[{"@type":"Article","@id":"https:\/\/www.meydan.tv\/az\/article\/anar-abdulla-bar%c9%99sind%c9%99-h%c9%99bs-q%c9%99timkan-t%c9%99dbiri-secilib\/#article","isPartOf":{"@id":"https:\/\/www.meydan.tv\/az\/article\/anar-abdulla-bar%c9%99sind%c9%99-h%c9%99bs-q%c9%99timkan-t%c9%99dbiri-secilib\/"},"author":{"name":"mahmud","@id":"https:\/\/www.meydan.tv\/az\/#\/schema\/person\/09863e516102a829e72bedcf3f84c6b0"},"headline":"Anar Abdulla bar\u0259sind\u0259 h\u0259bs q\u0259timkan t\u0259dbiri se\u00e7ilib","datePublished":"2025-08-04T12:31:16+00:00","dateModified":"2025-08-04T13:34:41+00:00","mainEntityOfPage":{"@id":"https:\/\/www.meydan.tv\/az\/article\/anar-abdulla-bar%c9%99sind%c9%99-h%c9%99bs-q%c9%99timkan-t%c9%99dbiri-secilib\/"},"wordCount":441,"publisher":{"@id":"https:\/\/www.meydan.tv\/az\/#organization"},"image":{"@id":"https:\/\/www.meydan.tv\/az\/article\/anar-abdulla-bar%c9%99sind%c9%99-h%c9%99bs-q%c9%99timkan-t%c9%99dbiri-secilib\/#primaryimage"},"thumbnailUrl":"https:\/\/www.meydan.tv\/wp-content\/uploads\/2424-2.png","articleSection":["Siyas\u0259t","T\u00f6vsiy\u0259","X\u0259b\u0259rl\u0259r"],"inLanguage":"az"},{"@type":"WebPage","@id":"https:\/\/www.meydan.tv\/az\/article\/anar-abdulla-bar%c9%99sind%c9%99-h%c9%99bs-q%c9%99timkan-t%c9%99dbiri-secilib\/","url":"https:\/\/www.meydan.tv\/az\/article\/anar-abdulla-bar%c9%99sind%c9%99-h%c9%99bs-q%c9%99timkan-t%c9%99dbiri-secilib\/","name":"Anar Abdulla bar\u0259sind\u0259 h\u0259bs q\u0259timkan t\u0259dbiri se\u00e7ilib - MEYDAN.TV","isPartOf":{"@id":"https:\/\/www.meydan.tv\/az\/#website"},"primaryImageOfPage":{"@id":"https:\/\/www.meydan.tv\/az\/article\/anar-abdulla-bar%c9%99sind%c9%99-h%c9%99bs-q%c9%99timkan-t%c9%99dbiri-secilib\/#primaryimage"},"image":{"@id":"https:\/\/www.meydan.tv\/az\/article\/anar-abdulla-bar%c9%99sind%c9%99-h%c9%99bs-q%c9%99timkan-t%c9%99dbiri-secilib\/#primaryimage"},"thumbnailUrl":"https:\/\/www.meydan.tv\/wp-content\/uploads\/2424-2.png","datePublished":"2025-08-04T12:31:16+00:00","dateModified":"2025-08-04T13:34:41+00:00","breadcrumb":{"@id":"https:\/\/www.meydan.tv\/az\/article\/anar-abdulla-bar%c9%99sind%c9%99-h%c9%99bs-q%c9%99timkan-t%c9%99dbiri-secilib\/#breadcrumb"},"inLanguage":"az","potentialAction":[{"@type":"ReadAction","target":["https:\/\/www.meydan.tv\/az\/article\/anar-abdulla-bar%c9%99sind%c9%99-h%c9%99bs-q%c9%99timkan-t%c9%99dbiri-secilib\/"]}]},{"@type":"ImageObject","inLanguage":"az","@id":"https:\/\/www.meydan.tv\/az\/article\/anar-abdulla-bar%c9%99sind%c9%99-h%c9%99bs-q%c9%99timkan-t%c9%99dbiri-secilib\/#primaryimage","url":"https:\/\/www.meydan.tv\/wp-content\/uploads\/2424-2.png","contentUrl":"https:\/\/www.meydan.tv\/wp-content\/uploads\/2424-2.png","width":1179,"height":576,"caption":"Anar Abdulla - Foto: \u015e\u0259xsi Facebook s\u0259hif\u0259si"},{"@type":"BreadcrumbList","@id":"https:\/\/www.meydan.tv\/az\/article\/anar-abdulla-bar%c9%99sind%c9%99-h%c9%99bs-q%c9%99timkan-t%c9%99dbiri-secilib\/#breadcrumb","itemListElement":[{"@type":"ListItem","position":1,"name":"Ana s\u0259hif\u0259","item":"https:\/\/www.meydan.tv\/az\/"},{"@type":"ListItem","position":2,"name":"Siyas\u0259t","item":"https:\/\/www.meydan.tv\/az\/section\/siyaset\/"},{"@type":"ListItem","position":3,"name":"Anar Abdulla bar\u0259sind\u0259 h\u0259bs q\u0259timkan t\u0259dbiri se\u00e7ilib"}]},{"@type":"WebSite","@id":"https:\/\/www.meydan.tv\/az\/#website","url":"https:\/\/www.meydan.tv\/az\/","name":"MEYDAN.TV","description":"Meydan TV Az\u0259rbaycan\u0131n media m\u0259kan\u0131ndak\u0131 alternativ s\u0259sidir","publisher":{"@id":"https:\/\/www.meydan.tv\/az\/#organization"},"potentialAction":[{"@type":"SearchAction","target":{"@type":"EntryPoint","urlTemplate":"https:\/\/www.meydan.tv\/az\/?s={search_term_string}"},"query-input":{"@type":"PropertyValueSpecification","valueRequired":true,"valueName":"search_term_string"}}],"inLanguage":"az"},{"@type":"Organization","@id":"https:\/\/www.meydan.tv\/az\/#organization","name":"Meydan TV","url":"https:\/\/www.meydan.tv\/az\/","logo":{"@type":"ImageObject","inLanguage":"az","@id":"https:\/\/www.meydan.tv\/az\/#\/schema\/logo\/image\/","url":"https:\/\/www.meydan.tv\/wp-content\/uploads\/2021\/07\/meydan-logo.svg","contentUrl":"https:\/\/www.meydan.tv\/wp-content\/uploads\/2021\/07\/meydan-logo.svg","width":195,"height":46,"caption":"Meydan TV"},"image":{"@id":"https:\/\/www.meydan.tv\/az\/#\/schema\/logo\/image\/"}},{"@type":"Person","@id":"https:\/\/www.meydan.tv\/az\/#\/schema\/person\/09863e516102a829e72bedcf3f84c6b0","name":"mahmud"}]}},"_links":{"self":[{"href":"https:\/\/www.meydan.tv\/az\/wp-json\/wp\/v2\/posts\/333902","targetHints":{"allow":["GET"]}}],"collection":[{"href":"https:\/\/www.meydan.tv\/az\/wp-json\/wp\/v2\/posts"}],"about":[{"href":"https:\/\/www.meydan.tv\/az\/wp-json\/wp\/v2\/types\/post"}],"author":[{"embeddable":true,"href":"https:\/\/www.meydan.tv\/az\/wp-json\/wp\/v2\/users\/21"}],"replies":[{"embeddable":true,"href":"https:\/\/www.meydan.tv\/az\/wp-json\/wp\/v2\/comments?post=333902"}],"version-history":[{"count":4,"href":"https:\/\/www.meydan.tv\/az\/wp-json\/wp\/v2\/posts\/333902\/revisions"}],"predecessor-version":[{"id":333909,"href":"https:\/\/www.meydan.tv\/az\/wp-json\/wp\/v2\/posts\/333902\/revisions\/333909"}],"wp:featuredmedia":[{"embeddable":true,"href":"https:\/\/www.meydan.tv\/az\/wp-json\/wp\/v2\/media\/328584"}],"wp:attachment":[{"href":"https:\/\/www.meydan.tv\/az\/wp-json\/wp\/v2\/media?parent=333902"}],"wp:term":[{"taxonomy":"category","embeddable":true,"href":"https:\/\/www.meydan.tv\/az\/wp-json\/wp\/v2\/categories?post=333902"},{"taxonomy":"post_tag","embeddable":true,"href":"https:\/\/www.meydan.tv\/az\/wp-json\/wp\/v2\/tags?post=333902"}],"curies":[{"name":"wp","href":"https:\/\/api.w.org\/{rel}","templated":true}]}}