{"id":333884,"date":"2025-08-04T13:12:52","date_gmt":"2025-08-04T09:12:52","guid":{"rendered":"https:\/\/www.meydan.tv\/?p=333884"},"modified":"2026-02-03T14:41:10","modified_gmt":"2026-02-03T10:41:10","slug":"az%c9%99rbaycan-v%c9%99-erm%c9%99nistan-liderl%c9%99ri-cum%c9%99-gunu-ag-evd%c9%99-gorus%c9%99-bil%c9%99r","status":"publish","type":"post","link":"https:\/\/www.meydan.tv\/az\/article\/az%c9%99rbaycan-v%c9%99-erm%c9%99nistan-liderl%c9%99ri-cum%c9%99-gunu-ag-evd%c9%99-gorus%c9%99-bil%c9%99r\/","title":{"rendered":"Az\u0259rbaycan v\u0259 Erm\u0259nistan liderl\u0259ri c\u00fcm\u0259 g\u00fcn\u00fc A\u011f Evd\u0259 g\u00f6r\u00fc\u015f\u0259 bil\u0259r"},"content":{"rendered":"\n<p><\/p>\n\n\n\n<p>Erm\u0259nistan v\u0259 Az\u0259rbaycan bu h\u0259ft\u0259 Va\u015finqtonda s\u00fclh niyy\u0259tl\u0259rini elan etm\u0259y\u0259 haz\u0131rla\u015f\u0131rlar.<\/p>\n\n\n\n<p>Bunu Va\u015finqtonda ya\u015fayan az\u0259rbaycanl\u0131 jurnalist Alex Raufo\u011flu \u00f6z\u00fcn\u00fcn \u201cFacebook\u201d <a href=\"https:\/\/www.facebook.com\/a.raufoglu\/posts\/pfbid024L9L8YFL17HzyuzEKe2ii6UxTTb6wgg8MD6far8UARHEQbqH77adzGhDVm5SnJcZl\" target=\"_blank\" rel=\"noreferrer noopener\">s\u0259hif\u0259sind\u0259 <\/a>yaz\u0131b.<\/p>\n\n\n\n<p><em>\u201cT\u0259cili x\u0259b\u0259r: Bir ne\u00e7\u0259 m\u0259nb\u0259nin verdiyi m\u0259lumata g\u00f6r\u0259, Erm\u0259nistan v\u0259 Az\u0259rbaycan bu h\u0259ft\u0259 Va\u015finqtonda s\u00fclh niyy\u0259tl\u0259rini elan etm\u0259y\u0259 haz\u0131rla\u015f\u0131rlar\u201d.<\/em><\/p>\n\n\n\n<p>Jurnalist bildirib ki, m\u0259nb\u0259l\u0259rin ona verdiyi m\u0259lumata g\u00f6r\u0259, AB\u015e Prezidenti Donald Tramp c\u00fcm\u0259 g\u00fcn\u00fc h\u0259r iki \u00f6lk\u0259 liderini q\u0259bul ed\u0259c\u0259k.<\/p>\n\n\n\n<p><em>\u201cM\u0259nb\u0259l\u0259rin dediyin\u0259 g\u00f6r\u0259, c\u00fcm\u0259 g\u00fcn\u00fc Tramp\u0131n h\u0259m Nikol Pa\u015finyan\u0131, h\u0259m d\u0259 \u0130lham \u018fliyevi A\u011f Evd\u0259 q\u0259bul ed\u0259c\u0259yi g\u00f6zl\u0259nilir\u201d,<\/em> &#8211; Alex Raufo\u011flu bel\u0259 yaz\u0131b.<\/p>\n\n\n\n<p>Bel\u0259 bir g\u00f6r\u00fc\u015f\u00fcn planla\u015fd\u0131r\u0131lmas\u0131 il\u0259 ba\u011fl\u0131 h\u0259l\u0259lik Az\u0259rbaycan v\u0259 Erm\u0259nistan r\u0259smil\u0259ri a\u00e7\u0131qlama verm\u0259yibl\u0259r.<\/p>\n\n\n\n<pre class=\"wp-block-preformatted\">Erm\u0259nistanla Az\u0259rbaycan aras\u0131nda m\u00fcnaqi\u015f\u0259 h\u0259l\u0259 1988-ci ild\u0259 ba\u015flay\u0131b. <br><br>2020-ci ilin sentyabr\u0131nda is\u0259 uzunm\u00fcdd\u0259tli at\u0259\u015fk\u0259sd\u0259n sonra Az\u0259rbaycan v\u0259 Erm\u0259nistan aras\u0131nda 44 g\u00fcnl\u00fck \u0130kinci Qaraba\u011f m\u00fcharib\u0259si olub. Az\u0259rbaycan Qaraba\u011f\u0131n bir hiss\u0259sin\u0259 v\u0259 \u0259traf 7 rayona n\u0259zar\u0259ti b\u0259rpa edib. <br><br>2023-c\u00fc ilin sentyabr\u0131n 19-da Az\u0259rbaycan Qaraba\u011fda lokal h\u0259rbi \u0259m\u0259liyyat ke\u00e7irib. <br><br>Oktyabr\u0131n 15-d\u0259 is\u0259 Prezident \u0130lham \u018fliyev Xank\u0259ndid\u0259 Az\u0259rbaycan bayra\u011f\u0131n\u0131 qald\u0131r\u0131b v\u0259 \u00e7\u0131x\u0131\u015f\u0131nda Az\u0259rbaycan\u0131n \u00f6z suverenliyini tam b\u0259rpa etdiyini, Qaraba\u011f probleminin bitdiyini, m\u00fcnaqi\u015f\u0259nin sona \u00e7atd\u0131\u011f\u0131n\u0131 deyib. <br><br>T\u0259r\u0259fl\u0259r bu ilin mart\u0131nda s\u00fclh m\u00fcqavil\u0259si il\u0259 ba\u011fl\u0131 raz\u0131l\u0131\u011fa g\u0259ldikl\u0259rini v\u0259 bu istiqam\u0259td\u0259 dan\u0131\u015f\u0131qlar\u0131n u\u011furla davam etdiyini bildiribl\u0259r.<\/pre>\n\n\n\n<p>\u00d6t\u0259n ay\u0131n \u0259vv\u0259li Karneqi Rusiya Avrasiya M\u0259rk\u0259zinin analitiki Olesya Vartanyan iki xarici diplomata istinad\u0259n&nbsp;<a href=\"https:\/\/carnegieendowment.org\/russia-eurasia\/politika\/2025\/06\/armenia-turkiye-rapprochement?lang=ru\" target=\"_blank\" rel=\"noreferrer noopener\">m\u0259lumat<\/a>&nbsp;vermi\u015fdi ki, AB\u015e Prezidenti Donald Tramp administrasiyas\u0131 Az\u0259rbaycan v\u0259 Erm\u0259nistan aras\u0131nda yolun a\u00e7\u0131lmas\u0131 il\u0259 ba\u011fl\u0131 Yerevan v\u0259 Bak\u0131ya t\u0259klif t\u0259qdim edib. O, <a href=\"https:\/\/www.meydan.tv\/az\/article\/abs-dan-z%c9%99ng%c9%99zur-d%c9%99hlizi-il%c9%99-bagli-az%c9%99rbaycan-v%c9%99-erm%c9%99nistana-t%c9%99klif\/\" target=\"_blank\" rel=\"noreferrer noopener\">bildirmi\u015fdi<\/a> ki, AB\u015e dan\u0131\u015f\u0131qlar\u0131 canland\u0131ra bil\u0259r v\u0259 Tramp administrasiyas\u0131 art\u0131q Erm\u0259nistanla Az\u0259rbaycana \u00f6z plan\u0131n\u0131 t\u0259qdim edib: <\/p>\n\n\n\n<p><em>\u201c\u0130ki variant m\u00fcmk\u00fcnd\u00fcr. Birincisi, Az\u0259rbaycan\u0131n Erm\u0259nistan Konstitusiyas\u0131 il\u0259 ba\u011fl\u0131 t\u0259l\u0259bl\u0259rind\u0259n imtina etm\u0259sini t\u0259min etm\u0259k v\u0259 s\u00fclh sazi\u015fi imzalamaq. M\u0259s\u0259l\u0259n, bu, Az\u0259rbaycan Prezidenti \u0130lham \u018fliyevin A\u011f Ev\u0259 d\u0259v\u0259t olunmas\u0131 il\u0259 m\u00fcmk\u00fcn ola bil\u0259r. \u0130kinci, daha real variant is\u0259 Yerevana t\u0259zyiq g\u00f6st\u0259rm\u0259k, Amerika modelini q\u0259bul etm\u0259y\u0259 raz\u0131 salmaq, mar\u015frutun (Z\u0259ng\u0259zur- red.) erm\u0259ni hiss\u0259sind\u0259 tam n\u0259zar\u0259t t\u0259l\u0259bind\u0259n imtina etdirm\u0259kdir. Bu, \u00e7ox g\u00fcman ki, Erm\u0259nistan\u0131n tezlikl\u0259 s\u00fclh sazi\u015fi imzalamaq v\u0259 b\u00fct\u00fcn s\u0259rh\u0259dl\u0259ri a\u00e7maq, uzunm\u00fcdd\u0259tli t\u0259crid v\u0259ziyy\u0259tind\u0259n \u00e7\u0131xmaq \u00fcmidl\u0259rind\u0259n d\u0259 imtina etm\u0259si dem\u0259k olacaq\u201d, \u2013 <\/em>Olesya Vartanyan bel\u0259 demi\u015fdi.<\/p>\n","protected":false},"excerpt":{"rendered":"<p>Erm\u0259nistan v\u0259 Az\u0259rbaycan bu h\u0259ft\u0259 Va\u015finqtonda s\u00fclh niyy\u0259tl\u0259rini elan etm\u0259y\u0259 &#8230; <\/p>\n<p class=\"read-more-container\"><a title=\"Az\u0259rbaycan v\u0259 Erm\u0259nistan liderl\u0259ri c\u00fcm\u0259 g\u00fcn\u00fc A\u011f Evd\u0259 g\u00f6r\u00fc\u015f\u0259 bil\u0259r\" class=\"read-more button\" href=\"https:\/\/www.meydan.tv\/az\/article\/az%c9%99rbaycan-v%c9%99-erm%c9%99nistan-liderl%c9%99ri-cum%c9%99-gunu-ag-evd%c9%99-gorus%c9%99-bil%c9%99r\/#more-333884\" aria-label=\"Read more about Az\u0259rbaycan v\u0259 Erm\u0259nistan liderl\u0259ri c\u00fcm\u0259 g\u00fcn\u00fc A\u011f Evd\u0259 g\u00f6r\u00fc\u015f\u0259 bil\u0259r\">Davam\u0131<\/a><\/p>\n","protected":false},"author":21,"featured_media":332674,"comment_status":"closed","ping_status":"closed","sticky":false,"template":"","format":"standard","meta":{"_acf_changed":false,"_sitemap_exclude":false,"_sitemap_priority":"","_sitemap_frequency":"","footnotes":""},"categories":[59,79,56],"tags":[],"class_list":["post-333884","post","type-post","status-publish","format-standard","has-post-thumbnail","hentry","category-siyaset","category-featured","category-xeberler","infinite-scroll-item","generate-columns","tablet-grid-50","mobile-grid-100","grid-parent","grid-33","no-featured-image-padding"],"acf":[],"yoast_head":"<!-- This site is optimized with the Yoast SEO plugin v27.5 - https:\/\/yoast.com\/product\/yoast-seo-wordpress\/ -->\n<title>Az\u0259rbaycan v\u0259 Erm\u0259nistan liderl\u0259ri c\u00fcm\u0259 g\u00fcn\u00fc A\u011f Evd\u0259 g\u00f6r\u00fc\u015f\u0259 bil\u0259r - MEYDAN.TV<\/title>\n<meta name=\"robots\" content=\"index, follow, max-snippet:-1, max-image-preview:large, max-video-preview:-1\" \/>\n<link rel=\"canonical\" href=\"https:\/\/www.meydan.tv\/az\/article\/az%c9%99rbaycan-v%c9%99-erm%c9%99nistan-liderl%c9%99ri-cum%c9%99-gunu-ag-evd%c9%99-gorus%c9%99-bil%c9%99r\/\" \/>\n<meta property=\"og:locale\" content=\"az_AZ\" \/>\n<meta property=\"og:type\" content=\"article\" \/>\n<meta property=\"og:title\" content=\"Az\u0259rbaycan v\u0259 Erm\u0259nistan liderl\u0259ri c\u00fcm\u0259 g\u00fcn\u00fc A\u011f Evd\u0259 g\u00f6r\u00fc\u015f\u0259 bil\u0259r - MEYDAN.TV\" \/>\n<meta property=\"og:description\" content=\"Erm\u0259nistan v\u0259 Az\u0259rbaycan bu h\u0259ft\u0259 Va\u015finqtonda s\u00fclh niyy\u0259tl\u0259rini elan etm\u0259y\u0259 ... Davam\u0131\" \/>\n<meta property=\"og:url\" content=\"https:\/\/www.meydan.tv\/az\/article\/az%c9%99rbaycan-v%c9%99-erm%c9%99nistan-liderl%c9%99ri-cum%c9%99-gunu-ag-evd%c9%99-gorus%c9%99-bil%c9%99r\/\" \/>\n<meta property=\"og:site_name\" content=\"MEYDAN.TV\" \/>\n<meta property=\"article:published_time\" content=\"2025-08-04T09:12:52+00:00\" \/>\n<meta property=\"article:modified_time\" content=\"2026-02-03T10:41:10+00:00\" \/>\n<meta property=\"og:image\" content=\"https:\/\/www.meydan.tv\/wp-content\/uploads\/345345-1-e1759919304688.png\" \/>\n\t<meta property=\"og:image:width\" content=\"1179\" \/>\n\t<meta property=\"og:image:height\" content=\"424\" \/>\n\t<meta property=\"og:image:type\" content=\"image\/png\" \/>\n<meta name=\"author\" content=\"mahmud\" \/>\n<meta name=\"twitter:card\" content=\"summary_large_image\" \/>\n<script type=\"application\/ld+json\" class=\"yoast-schema-graph\">{\"@context\":\"https:\\\/\\\/schema.org\",\"@graph\":[{\"@type\":\"Article\",\"@id\":\"https:\\\/\\\/www.meydan.tv\\\/az\\\/article\\\/az%c9%99rbaycan-v%c9%99-erm%c9%99nistan-liderl%c9%99ri-cum%c9%99-gunu-ag-evd%c9%99-gorus%c9%99-bil%c9%99r\\\/#article\",\"isPartOf\":{\"@id\":\"https:\\\/\\\/www.meydan.tv\\\/az\\\/article\\\/az%c9%99rbaycan-v%c9%99-erm%c9%99nistan-liderl%c9%99ri-cum%c9%99-gunu-ag-evd%c9%99-gorus%c9%99-bil%c9%99r\\\/\"},\"author\":{\"name\":\"mahmud\",\"@id\":\"https:\\\/\\\/www.meydan.tv\\\/az\\\/#\\\/schema\\\/person\\\/09863e516102a829e72bedcf3f84c6b0\"},\"headline\":\"Az\u0259rbaycan v\u0259 Erm\u0259nistan liderl\u0259ri c\u00fcm\u0259 g\u00fcn\u00fc A\u011f Evd\u0259 g\u00f6r\u00fc\u015f\u0259 bil\u0259r\",\"datePublished\":\"2025-08-04T09:12:52+00:00\",\"dateModified\":\"2026-02-03T10:41:10+00:00\",\"mainEntityOfPage\":{\"@id\":\"https:\\\/\\\/www.meydan.tv\\\/az\\\/article\\\/az%c9%99rbaycan-v%c9%99-erm%c9%99nistan-liderl%c9%99ri-cum%c9%99-gunu-ag-evd%c9%99-gorus%c9%99-bil%c9%99r\\\/\"},\"wordCount\":420,\"publisher\":{\"@id\":\"https:\\\/\\\/www.meydan.tv\\\/az\\\/#organization\"},\"image\":{\"@id\":\"https:\\\/\\\/www.meydan.tv\\\/az\\\/article\\\/az%c9%99rbaycan-v%c9%99-erm%c9%99nistan-liderl%c9%99ri-cum%c9%99-gunu-ag-evd%c9%99-gorus%c9%99-bil%c9%99r\\\/#primaryimage\"},\"thumbnailUrl\":\"https:\\\/\\\/www.meydan.tv\\\/wp-content\\\/uploads\\\/345345-1-e1759919304688.png\",\"articleSection\":[\"Siyas\u0259t\",\"T\u00f6vsiy\u0259\",\"X\u0259b\u0259rl\u0259r\"],\"inLanguage\":\"az\"},{\"@type\":\"WebPage\",\"@id\":\"https:\\\/\\\/www.meydan.tv\\\/az\\\/article\\\/az%c9%99rbaycan-v%c9%99-erm%c9%99nistan-liderl%c9%99ri-cum%c9%99-gunu-ag-evd%c9%99-gorus%c9%99-bil%c9%99r\\\/\",\"url\":\"https:\\\/\\\/www.meydan.tv\\\/az\\\/article\\\/az%c9%99rbaycan-v%c9%99-erm%c9%99nistan-liderl%c9%99ri-cum%c9%99-gunu-ag-evd%c9%99-gorus%c9%99-bil%c9%99r\\\/\",\"name\":\"Az\u0259rbaycan v\u0259 Erm\u0259nistan liderl\u0259ri c\u00fcm\u0259 g\u00fcn\u00fc A\u011f Evd\u0259 g\u00f6r\u00fc\u015f\u0259 bil\u0259r - MEYDAN.TV\",\"isPartOf\":{\"@id\":\"https:\\\/\\\/www.meydan.tv\\\/az\\\/#website\"},\"primaryImageOfPage\":{\"@id\":\"https:\\\/\\\/www.meydan.tv\\\/az\\\/article\\\/az%c9%99rbaycan-v%c9%99-erm%c9%99nistan-liderl%c9%99ri-cum%c9%99-gunu-ag-evd%c9%99-gorus%c9%99-bil%c9%99r\\\/#primaryimage\"},\"image\":{\"@id\":\"https:\\\/\\\/www.meydan.tv\\\/az\\\/article\\\/az%c9%99rbaycan-v%c9%99-erm%c9%99nistan-liderl%c9%99ri-cum%c9%99-gunu-ag-evd%c9%99-gorus%c9%99-bil%c9%99r\\\/#primaryimage\"},\"thumbnailUrl\":\"https:\\\/\\\/www.meydan.tv\\\/wp-content\\\/uploads\\\/345345-1-e1759919304688.png\",\"datePublished\":\"2025-08-04T09:12:52+00:00\",\"dateModified\":\"2026-02-03T10:41:10+00:00\",\"breadcrumb\":{\"@id\":\"https:\\\/\\\/www.meydan.tv\\\/az\\\/article\\\/az%c9%99rbaycan-v%c9%99-erm%c9%99nistan-liderl%c9%99ri-cum%c9%99-gunu-ag-evd%c9%99-gorus%c9%99-bil%c9%99r\\\/#breadcrumb\"},\"inLanguage\":\"az\",\"potentialAction\":[{\"@type\":\"ReadAction\",\"target\":[\"https:\\\/\\\/www.meydan.tv\\\/az\\\/article\\\/az%c9%99rbaycan-v%c9%99-erm%c9%99nistan-liderl%c9%99ri-cum%c9%99-gunu-ag-evd%c9%99-gorus%c9%99-bil%c9%99r\\\/\"]}]},{\"@type\":\"ImageObject\",\"inLanguage\":\"az\",\"@id\":\"https:\\\/\\\/www.meydan.tv\\\/az\\\/article\\\/az%c9%99rbaycan-v%c9%99-erm%c9%99nistan-liderl%c9%99ri-cum%c9%99-gunu-ag-evd%c9%99-gorus%c9%99-bil%c9%99r\\\/#primaryimage\",\"url\":\"https:\\\/\\\/www.meydan.tv\\\/wp-content\\\/uploads\\\/345345-1-e1759919304688.png\",\"contentUrl\":\"https:\\\/\\\/www.meydan.tv\\\/wp-content\\\/uploads\\\/345345-1-e1759919304688.png\",\"width\":1179,\"height\":424,\"caption\":\"AB\u015e, Erm\u0259nistan v\u0259 Az\u0259rbaycan. M\u0259nb\u0259: OnePixelStudio\\\/shutterstock\"},{\"@type\":\"BreadcrumbList\",\"@id\":\"https:\\\/\\\/www.meydan.tv\\\/az\\\/article\\\/az%c9%99rbaycan-v%c9%99-erm%c9%99nistan-liderl%c9%99ri-cum%c9%99-gunu-ag-evd%c9%99-gorus%c9%99-bil%c9%99r\\\/#breadcrumb\",\"itemListElement\":[{\"@type\":\"ListItem\",\"position\":1,\"name\":\"Ana s\u0259hif\u0259\",\"item\":\"https:\\\/\\\/www.meydan.tv\\\/az\\\/\"},{\"@type\":\"ListItem\",\"position\":2,\"name\":\"Siyas\u0259t\",\"item\":\"https:\\\/\\\/www.meydan.tv\\\/az\\\/section\\\/siyaset\\\/\"},{\"@type\":\"ListItem\",\"position\":3,\"name\":\"Az\u0259rbaycan v\u0259 Erm\u0259nistan liderl\u0259ri c\u00fcm\u0259 g\u00fcn\u00fc A\u011f Evd\u0259 g\u00f6r\u00fc\u015f\u0259 bil\u0259r\"}]},{\"@type\":\"WebSite\",\"@id\":\"https:\\\/\\\/www.meydan.tv\\\/az\\\/#website\",\"url\":\"https:\\\/\\\/www.meydan.tv\\\/az\\\/\",\"name\":\"MEYDAN.TV\",\"description\":\"Meydan TV Az\u0259rbaycan\u0131n media m\u0259kan\u0131ndak\u0131 alternativ s\u0259sidir\",\"publisher\":{\"@id\":\"https:\\\/\\\/www.meydan.tv\\\/az\\\/#organization\"},\"potentialAction\":[{\"@type\":\"SearchAction\",\"target\":{\"@type\":\"EntryPoint\",\"urlTemplate\":\"https:\\\/\\\/www.meydan.tv\\\/az\\\/?s={search_term_string}\"},\"query-input\":{\"@type\":\"PropertyValueSpecification\",\"valueRequired\":true,\"valueName\":\"search_term_string\"}}],\"inLanguage\":\"az\"},{\"@type\":\"Organization\",\"@id\":\"https:\\\/\\\/www.meydan.tv\\\/az\\\/#organization\",\"name\":\"Meydan TV\",\"url\":\"https:\\\/\\\/www.meydan.tv\\\/az\\\/\",\"logo\":{\"@type\":\"ImageObject\",\"inLanguage\":\"az\",\"@id\":\"https:\\\/\\\/www.meydan.tv\\\/az\\\/#\\\/schema\\\/logo\\\/image\\\/\",\"url\":\"https:\\\/\\\/www.meydan.tv\\\/wp-content\\\/uploads\\\/2021\\\/07\\\/meydan-logo.svg\",\"contentUrl\":\"https:\\\/\\\/www.meydan.tv\\\/wp-content\\\/uploads\\\/2021\\\/07\\\/meydan-logo.svg\",\"width\":195,\"height\":46,\"caption\":\"Meydan TV\"},\"image\":{\"@id\":\"https:\\\/\\\/www.meydan.tv\\\/az\\\/#\\\/schema\\\/logo\\\/image\\\/\"}},{\"@type\":\"Person\",\"@id\":\"https:\\\/\\\/www.meydan.tv\\\/az\\\/#\\\/schema\\\/person\\\/09863e516102a829e72bedcf3f84c6b0\",\"name\":\"mahmud\"}]}<\/script>\n<!-- \/ Yoast SEO plugin. -->","yoast_head_json":{"title":"Az\u0259rbaycan v\u0259 Erm\u0259nistan liderl\u0259ri c\u00fcm\u0259 g\u00fcn\u00fc A\u011f Evd\u0259 g\u00f6r\u00fc\u015f\u0259 bil\u0259r - MEYDAN.TV","robots":{"index":"index","follow":"follow","max-snippet":"max-snippet:-1","max-image-preview":"max-image-preview:large","max-video-preview":"max-video-preview:-1"},"canonical":"https:\/\/www.meydan.tv\/az\/article\/az%c9%99rbaycan-v%c9%99-erm%c9%99nistan-liderl%c9%99ri-cum%c9%99-gunu-ag-evd%c9%99-gorus%c9%99-bil%c9%99r\/","og_locale":"az_AZ","og_type":"article","og_title":"Az\u0259rbaycan v\u0259 Erm\u0259nistan liderl\u0259ri c\u00fcm\u0259 g\u00fcn\u00fc A\u011f Evd\u0259 g\u00f6r\u00fc\u015f\u0259 bil\u0259r - MEYDAN.TV","og_description":"Erm\u0259nistan v\u0259 Az\u0259rbaycan bu h\u0259ft\u0259 Va\u015finqtonda s\u00fclh niyy\u0259tl\u0259rini elan etm\u0259y\u0259 ... Davam\u0131","og_url":"https:\/\/www.meydan.tv\/az\/article\/az%c9%99rbaycan-v%c9%99-erm%c9%99nistan-liderl%c9%99ri-cum%c9%99-gunu-ag-evd%c9%99-gorus%c9%99-bil%c9%99r\/","og_site_name":"MEYDAN.TV","article_published_time":"2025-08-04T09:12:52+00:00","article_modified_time":"2026-02-03T10:41:10+00:00","og_image":[{"width":1179,"height":424,"url":"https:\/\/www.meydan.tv\/wp-content\/uploads\/345345-1-e1759919304688.png","type":"image\/png"}],"author":"mahmud","twitter_card":"summary_large_image","schema":{"@context":"https:\/\/schema.org","@graph":[{"@type":"Article","@id":"https:\/\/www.meydan.tv\/az\/article\/az%c9%99rbaycan-v%c9%99-erm%c9%99nistan-liderl%c9%99ri-cum%c9%99-gunu-ag-evd%c9%99-gorus%c9%99-bil%c9%99r\/#article","isPartOf":{"@id":"https:\/\/www.meydan.tv\/az\/article\/az%c9%99rbaycan-v%c9%99-erm%c9%99nistan-liderl%c9%99ri-cum%c9%99-gunu-ag-evd%c9%99-gorus%c9%99-bil%c9%99r\/"},"author":{"name":"mahmud","@id":"https:\/\/www.meydan.tv\/az\/#\/schema\/person\/09863e516102a829e72bedcf3f84c6b0"},"headline":"Az\u0259rbaycan v\u0259 Erm\u0259nistan liderl\u0259ri c\u00fcm\u0259 g\u00fcn\u00fc A\u011f Evd\u0259 g\u00f6r\u00fc\u015f\u0259 bil\u0259r","datePublished":"2025-08-04T09:12:52+00:00","dateModified":"2026-02-03T10:41:10+00:00","mainEntityOfPage":{"@id":"https:\/\/www.meydan.tv\/az\/article\/az%c9%99rbaycan-v%c9%99-erm%c9%99nistan-liderl%c9%99ri-cum%c9%99-gunu-ag-evd%c9%99-gorus%c9%99-bil%c9%99r\/"},"wordCount":420,"publisher":{"@id":"https:\/\/www.meydan.tv\/az\/#organization"},"image":{"@id":"https:\/\/www.meydan.tv\/az\/article\/az%c9%99rbaycan-v%c9%99-erm%c9%99nistan-liderl%c9%99ri-cum%c9%99-gunu-ag-evd%c9%99-gorus%c9%99-bil%c9%99r\/#primaryimage"},"thumbnailUrl":"https:\/\/www.meydan.tv\/wp-content\/uploads\/345345-1-e1759919304688.png","articleSection":["Siyas\u0259t","T\u00f6vsiy\u0259","X\u0259b\u0259rl\u0259r"],"inLanguage":"az"},{"@type":"WebPage","@id":"https:\/\/www.meydan.tv\/az\/article\/az%c9%99rbaycan-v%c9%99-erm%c9%99nistan-liderl%c9%99ri-cum%c9%99-gunu-ag-evd%c9%99-gorus%c9%99-bil%c9%99r\/","url":"https:\/\/www.meydan.tv\/az\/article\/az%c9%99rbaycan-v%c9%99-erm%c9%99nistan-liderl%c9%99ri-cum%c9%99-gunu-ag-evd%c9%99-gorus%c9%99-bil%c9%99r\/","name":"Az\u0259rbaycan v\u0259 Erm\u0259nistan liderl\u0259ri c\u00fcm\u0259 g\u00fcn\u00fc A\u011f Evd\u0259 g\u00f6r\u00fc\u015f\u0259 bil\u0259r - MEYDAN.TV","isPartOf":{"@id":"https:\/\/www.meydan.tv\/az\/#website"},"primaryImageOfPage":{"@id":"https:\/\/www.meydan.tv\/az\/article\/az%c9%99rbaycan-v%c9%99-erm%c9%99nistan-liderl%c9%99ri-cum%c9%99-gunu-ag-evd%c9%99-gorus%c9%99-bil%c9%99r\/#primaryimage"},"image":{"@id":"https:\/\/www.meydan.tv\/az\/article\/az%c9%99rbaycan-v%c9%99-erm%c9%99nistan-liderl%c9%99ri-cum%c9%99-gunu-ag-evd%c9%99-gorus%c9%99-bil%c9%99r\/#primaryimage"},"thumbnailUrl":"https:\/\/www.meydan.tv\/wp-content\/uploads\/345345-1-e1759919304688.png","datePublished":"2025-08-04T09:12:52+00:00","dateModified":"2026-02-03T10:41:10+00:00","breadcrumb":{"@id":"https:\/\/www.meydan.tv\/az\/article\/az%c9%99rbaycan-v%c9%99-erm%c9%99nistan-liderl%c9%99ri-cum%c9%99-gunu-ag-evd%c9%99-gorus%c9%99-bil%c9%99r\/#breadcrumb"},"inLanguage":"az","potentialAction":[{"@type":"ReadAction","target":["https:\/\/www.meydan.tv\/az\/article\/az%c9%99rbaycan-v%c9%99-erm%c9%99nistan-liderl%c9%99ri-cum%c9%99-gunu-ag-evd%c9%99-gorus%c9%99-bil%c9%99r\/"]}]},{"@type":"ImageObject","inLanguage":"az","@id":"https:\/\/www.meydan.tv\/az\/article\/az%c9%99rbaycan-v%c9%99-erm%c9%99nistan-liderl%c9%99ri-cum%c9%99-gunu-ag-evd%c9%99-gorus%c9%99-bil%c9%99r\/#primaryimage","url":"https:\/\/www.meydan.tv\/wp-content\/uploads\/345345-1-e1759919304688.png","contentUrl":"https:\/\/www.meydan.tv\/wp-content\/uploads\/345345-1-e1759919304688.png","width":1179,"height":424,"caption":"AB\u015e, Erm\u0259nistan v\u0259 Az\u0259rbaycan. M\u0259nb\u0259: OnePixelStudio\/shutterstock"},{"@type":"BreadcrumbList","@id":"https:\/\/www.meydan.tv\/az\/article\/az%c9%99rbaycan-v%c9%99-erm%c9%99nistan-liderl%c9%99ri-cum%c9%99-gunu-ag-evd%c9%99-gorus%c9%99-bil%c9%99r\/#breadcrumb","itemListElement":[{"@type":"ListItem","position":1,"name":"Ana s\u0259hif\u0259","item":"https:\/\/www.meydan.tv\/az\/"},{"@type":"ListItem","position":2,"name":"Siyas\u0259t","item":"https:\/\/www.meydan.tv\/az\/section\/siyaset\/"},{"@type":"ListItem","position":3,"name":"Az\u0259rbaycan v\u0259 Erm\u0259nistan liderl\u0259ri c\u00fcm\u0259 g\u00fcn\u00fc A\u011f Evd\u0259 g\u00f6r\u00fc\u015f\u0259 bil\u0259r"}]},{"@type":"WebSite","@id":"https:\/\/www.meydan.tv\/az\/#website","url":"https:\/\/www.meydan.tv\/az\/","name":"MEYDAN.TV","description":"Meydan TV Az\u0259rbaycan\u0131n media m\u0259kan\u0131ndak\u0131 alternativ s\u0259sidir","publisher":{"@id":"https:\/\/www.meydan.tv\/az\/#organization"},"potentialAction":[{"@type":"SearchAction","target":{"@type":"EntryPoint","urlTemplate":"https:\/\/www.meydan.tv\/az\/?s={search_term_string}"},"query-input":{"@type":"PropertyValueSpecification","valueRequired":true,"valueName":"search_term_string"}}],"inLanguage":"az"},{"@type":"Organization","@id":"https:\/\/www.meydan.tv\/az\/#organization","name":"Meydan TV","url":"https:\/\/www.meydan.tv\/az\/","logo":{"@type":"ImageObject","inLanguage":"az","@id":"https:\/\/www.meydan.tv\/az\/#\/schema\/logo\/image\/","url":"https:\/\/www.meydan.tv\/wp-content\/uploads\/2021\/07\/meydan-logo.svg","contentUrl":"https:\/\/www.meydan.tv\/wp-content\/uploads\/2021\/07\/meydan-logo.svg","width":195,"height":46,"caption":"Meydan TV"},"image":{"@id":"https:\/\/www.meydan.tv\/az\/#\/schema\/logo\/image\/"}},{"@type":"Person","@id":"https:\/\/www.meydan.tv\/az\/#\/schema\/person\/09863e516102a829e72bedcf3f84c6b0","name":"mahmud"}]}},"_links":{"self":[{"href":"https:\/\/www.meydan.tv\/az\/wp-json\/wp\/v2\/posts\/333884","targetHints":{"allow":["GET"]}}],"collection":[{"href":"https:\/\/www.meydan.tv\/az\/wp-json\/wp\/v2\/posts"}],"about":[{"href":"https:\/\/www.meydan.tv\/az\/wp-json\/wp\/v2\/types\/post"}],"author":[{"embeddable":true,"href":"https:\/\/www.meydan.tv\/az\/wp-json\/wp\/v2\/users\/21"}],"replies":[{"embeddable":true,"href":"https:\/\/www.meydan.tv\/az\/wp-json\/wp\/v2\/comments?post=333884"}],"version-history":[{"count":11,"href":"https:\/\/www.meydan.tv\/az\/wp-json\/wp\/v2\/posts\/333884\/revisions"}],"predecessor-version":[{"id":340957,"href":"https:\/\/www.meydan.tv\/az\/wp-json\/wp\/v2\/posts\/333884\/revisions\/340957"}],"wp:featuredmedia":[{"embeddable":true,"href":"https:\/\/www.meydan.tv\/az\/wp-json\/wp\/v2\/media\/332674"}],"wp:attachment":[{"href":"https:\/\/www.meydan.tv\/az\/wp-json\/wp\/v2\/media?parent=333884"}],"wp:term":[{"taxonomy":"category","embeddable":true,"href":"https:\/\/www.meydan.tv\/az\/wp-json\/wp\/v2\/categories?post=333884"},{"taxonomy":"post_tag","embeddable":true,"href":"https:\/\/www.meydan.tv\/az\/wp-json\/wp\/v2\/tags?post=333884"}],"curies":[{"name":"wp","href":"https:\/\/api.w.org\/{rel}","templated":true}]}}