{"id":333873,"date":"2025-08-01T18:57:13","date_gmt":"2025-08-01T14:57:13","guid":{"rendered":"https:\/\/www.meydan.tv\/?p=333873"},"modified":"2025-08-01T19:17:08","modified_gmt":"2025-08-01T15:17:08","slug":"jurnalist-aysel-umudova-ad-gununu-niy%c9%99-h%c9%99bsd%c9%99-kecirm%c9%99li-olur","status":"publish","type":"post","link":"https:\/\/www.meydan.tv\/az\/article\/jurnalist-aysel-umudova-ad-gununu-niy%c9%99-h%c9%99bsd%c9%99-kecirm%c9%99li-olur\/","title":{"rendered":"Jurnalist Aysel Umudova ad g\u00fcn\u00fcn\u00fc niy\u0259 h\u0259bsd\u0259 ke\u00e7irm\u0259li olur?"},"content":{"rendered":"\n<figure class=\"wp-block-embed is-type-video is-provider-youtube wp-block-embed-youtube wp-embed-aspect-16-9 wp-has-aspect-ratio\"><div class=\"wp-block-embed__wrapper\">\n<iframe title=\"Jurnalist Aysel Umudova ad g\u00fcn\u00fcn\u00fc niy\u0259 h\u0259bsd\u0259 ke\u00e7irm\u0259li olur?\" width=\"1200\" height=\"675\" data-src=\"https:\/\/www.youtube.com\/embed\/EcYaDmrD_-4?feature=oembed\" frameborder=\"0\" allow=\"accelerometer; autoplay; clipboard-write; encrypted-media; gyroscope; picture-in-picture; web-share\" referrerpolicy=\"strict-origin-when-cross-origin\" allowfullscreen src=\"data:image\/svg+xml;base64,PHN2ZyB3aWR0aD0iMSIgaGVpZ2h0PSIxIiB4bWxucz0iaHR0cDovL3d3dy53My5vcmcvMjAwMC9zdmciPjwvc3ZnPg==\" class=\"lazyload\" data-load-mode=\"1\"><\/iframe>\n<\/div><\/figure>\n\n\n\n<!--more-->\n\n\n\n<p><\/p>\n\n\n\n<p>Son repressiya dal\u011fas\u0131 \u00fcz\u00fcnd\u0259n 33-c\u00fc do\u011fum g\u00fcn\u00fcn\u00fc h\u0259bsxanada ke\u00e7ir\u0259n Aysel Umudovan\u0131n son aylardak\u0131 h\u0259yat\u0131n\u0131n \u0259n yax\u015f\u0131 t\u0259svirini Haruki Murakaminin bu c\u00fcml\u0259l\u0259rind\u0259 g\u00f6rm\u0259k olar: <br><br><em>\u201cM\u0259n val kolleksiyas\u0131 y\u0131\u011f\u0131ram. V\u0259 pi\u015fikl\u0259r. \u0130ndi bir pi\u015fiyim yoxdu, amma y\u00fcr\u00fc\u015f\u0259 \u00e7\u0131xsam, bir pi\u015fik g\u00f6rs\u0259m, xo\u015fb\u0259xt olaram\u2026\u201d. <\/em><br><br> Aysel t\u0259kc\u0259 jurnalist kimliyi il\u0259 yox, pi\u015fiyi Mia il\u0259 d\u0259 tan\u0131n\u0131r. 2021-ci ilin \u0259vv\u0259lind\u0259 Umudova Xa\u00e7mazda iki aya\u011f\u0131 k\u0259silmi\u015f Mian\u0131 sahibl\u0259ndi, m\u00fcalic\u0259si \u00fc\u00e7\u00fcn T\u00fcrkiy\u0259y\u0259 apard\u0131, daha sonra evini onunla b\u00f6l\u00fc\u015fd\u00fc. Onlar Aysel Az\u0259rbaycan hakimiyy\u0259tinin repressiyas\u0131na m\u0259ruz qalana q\u0259d\u0259r birlikd\u0259 ya\u015fay\u0131rd\u0131lar. B\u0259s Aysel Umudova hakimiyy\u0259ti bu q\u0259d\u0259r q\u0259z\u0259bl\u0259ndir\u0259c\u0259k n\u0259l\u0259r etmi\u015fdi?<\/p>\n","protected":false},"excerpt":{"rendered":"","protected":false},"author":16,"featured_media":333881,"comment_status":"closed","ping_status":"closed","sticky":false,"template":"","format":"standard","meta":{"_acf_changed":false,"_sitemap_exclude":false,"_sitemap_priority":"","_sitemap_frequency":"","footnotes":""},"categories":[139,79,63,56],"tags":[],"class_list":["post-333873","post","type-post","status-publish","format-standard","has-post-thumbnail","hentry","category-meydan-tv-isi","category-featured","category-video-2","category-xeberler","infinite-scroll-item","generate-columns","tablet-grid-50","mobile-grid-100","grid-parent","grid-33","no-featured-image-padding"],"acf":[],"yoast_head":"<!-- This site is optimized with the Yoast SEO plugin v27.4 - https:\/\/yoast.com\/product\/yoast-seo-wordpress\/ -->\n<title>Jurnalist Aysel Umudova ad g\u00fcn\u00fcn\u00fc niy\u0259 h\u0259bsd\u0259 ke\u00e7irm\u0259li olur? - MEYDAN.TV<\/title>\n<meta name=\"robots\" content=\"index, follow, max-snippet:-1, max-image-preview:large, max-video-preview:-1\" \/>\n<link rel=\"canonical\" href=\"https:\/\/www.meydan.tv\/az\/article\/jurnalist-aysel-umudova-ad-gununu-niy%c9%99-h%c9%99bsd%c9%99-kecirm%c9%99li-olur\/\" \/>\n<meta property=\"og:locale\" content=\"az_AZ\" \/>\n<meta property=\"og:type\" content=\"article\" \/>\n<meta property=\"og:title\" content=\"Jurnalist Aysel Umudova ad g\u00fcn\u00fcn\u00fc niy\u0259 h\u0259bsd\u0259 ke\u00e7irm\u0259li olur? - MEYDAN.TV\" \/>\n<meta property=\"og:url\" content=\"https:\/\/www.meydan.tv\/az\/article\/jurnalist-aysel-umudova-ad-gununu-niy%c9%99-h%c9%99bsd%c9%99-kecirm%c9%99li-olur\/\" \/>\n<meta property=\"og:site_name\" content=\"MEYDAN.TV\" \/>\n<meta property=\"article:published_time\" content=\"2025-08-01T14:57:13+00:00\" \/>\n<meta property=\"article:modified_time\" content=\"2025-08-01T15:17:08+00:00\" \/>\n<meta property=\"og:image\" content=\"https:\/\/www.meydan.tv\/wp-content\/uploads\/photo_2025-08-01-17.16.36.jpeg\" \/>\n\t<meta property=\"og:image:width\" content=\"1280\" \/>\n\t<meta property=\"og:image:height\" content=\"720\" \/>\n\t<meta property=\"og:image:type\" content=\"image\/jpeg\" \/>\n<meta name=\"author\" content=\"sevda\" \/>\n<meta name=\"twitter:card\" content=\"summary_large_image\" \/>\n<script type=\"application\/ld+json\" class=\"yoast-schema-graph\">{\"@context\":\"https:\\\/\\\/schema.org\",\"@graph\":[{\"@type\":\"Article\",\"@id\":\"https:\\\/\\\/www.meydan.tv\\\/az\\\/article\\\/jurnalist-aysel-umudova-ad-gununu-niy%c9%99-h%c9%99bsd%c9%99-kecirm%c9%99li-olur\\\/#article\",\"isPartOf\":{\"@id\":\"https:\\\/\\\/www.meydan.tv\\\/az\\\/article\\\/jurnalist-aysel-umudova-ad-gununu-niy%c9%99-h%c9%99bsd%c9%99-kecirm%c9%99li-olur\\\/\"},\"author\":{\"name\":\"sevda\",\"@id\":\"https:\\\/\\\/www.meydan.tv\\\/az\\\/#\\\/schema\\\/person\\\/49b5f2bad5b126bb8ea9320eeb3e4dc9\"},\"headline\":\"Jurnalist Aysel Umudova ad g\u00fcn\u00fcn\u00fc niy\u0259 h\u0259bsd\u0259 ke\u00e7irm\u0259li olur?\",\"datePublished\":\"2025-08-01T14:57:13+00:00\",\"dateModified\":\"2025-08-01T15:17:08+00:00\",\"mainEntityOfPage\":{\"@id\":\"https:\\\/\\\/www.meydan.tv\\\/az\\\/article\\\/jurnalist-aysel-umudova-ad-gununu-niy%c9%99-h%c9%99bsd%c9%99-kecirm%c9%99li-olur\\\/\"},\"wordCount\":174,\"publisher\":{\"@id\":\"https:\\\/\\\/www.meydan.tv\\\/az\\\/#organization\"},\"image\":{\"@id\":\"https:\\\/\\\/www.meydan.tv\\\/az\\\/article\\\/jurnalist-aysel-umudova-ad-gununu-niy%c9%99-h%c9%99bsd%c9%99-kecirm%c9%99li-olur\\\/#primaryimage\"},\"thumbnailUrl\":\"https:\\\/\\\/www.meydan.tv\\\/wp-content\\\/uploads\\\/photo_2025-08-01-17.16.36.jpeg\",\"articleSection\":[\"Meydan TV i\u015fi\",\"T\u00f6vsiy\u0259\",\"Video\",\"X\u0259b\u0259rl\u0259r\"],\"inLanguage\":\"az\"},{\"@type\":\"WebPage\",\"@id\":\"https:\\\/\\\/www.meydan.tv\\\/az\\\/article\\\/jurnalist-aysel-umudova-ad-gununu-niy%c9%99-h%c9%99bsd%c9%99-kecirm%c9%99li-olur\\\/\",\"url\":\"https:\\\/\\\/www.meydan.tv\\\/az\\\/article\\\/jurnalist-aysel-umudova-ad-gununu-niy%c9%99-h%c9%99bsd%c9%99-kecirm%c9%99li-olur\\\/\",\"name\":\"Jurnalist Aysel Umudova ad g\u00fcn\u00fcn\u00fc niy\u0259 h\u0259bsd\u0259 ke\u00e7irm\u0259li olur? - MEYDAN.TV\",\"isPartOf\":{\"@id\":\"https:\\\/\\\/www.meydan.tv\\\/az\\\/#website\"},\"primaryImageOfPage\":{\"@id\":\"https:\\\/\\\/www.meydan.tv\\\/az\\\/article\\\/jurnalist-aysel-umudova-ad-gununu-niy%c9%99-h%c9%99bsd%c9%99-kecirm%c9%99li-olur\\\/#primaryimage\"},\"image\":{\"@id\":\"https:\\\/\\\/www.meydan.tv\\\/az\\\/article\\\/jurnalist-aysel-umudova-ad-gununu-niy%c9%99-h%c9%99bsd%c9%99-kecirm%c9%99li-olur\\\/#primaryimage\"},\"thumbnailUrl\":\"https:\\\/\\\/www.meydan.tv\\\/wp-content\\\/uploads\\\/photo_2025-08-01-17.16.36.jpeg\",\"datePublished\":\"2025-08-01T14:57:13+00:00\",\"dateModified\":\"2025-08-01T15:17:08+00:00\",\"breadcrumb\":{\"@id\":\"https:\\\/\\\/www.meydan.tv\\\/az\\\/article\\\/jurnalist-aysel-umudova-ad-gununu-niy%c9%99-h%c9%99bsd%c9%99-kecirm%c9%99li-olur\\\/#breadcrumb\"},\"inLanguage\":\"az\",\"potentialAction\":[{\"@type\":\"ReadAction\",\"target\":[\"https:\\\/\\\/www.meydan.tv\\\/az\\\/article\\\/jurnalist-aysel-umudova-ad-gununu-niy%c9%99-h%c9%99bsd%c9%99-kecirm%c9%99li-olur\\\/\"]}]},{\"@type\":\"ImageObject\",\"inLanguage\":\"az\",\"@id\":\"https:\\\/\\\/www.meydan.tv\\\/az\\\/article\\\/jurnalist-aysel-umudova-ad-gununu-niy%c9%99-h%c9%99bsd%c9%99-kecirm%c9%99li-olur\\\/#primaryimage\",\"url\":\"https:\\\/\\\/www.meydan.tv\\\/wp-content\\\/uploads\\\/photo_2025-08-01-17.16.36.jpeg\",\"contentUrl\":\"https:\\\/\\\/www.meydan.tv\\\/wp-content\\\/uploads\\\/photo_2025-08-01-17.16.36.jpeg\",\"width\":1280,\"height\":720},{\"@type\":\"BreadcrumbList\",\"@id\":\"https:\\\/\\\/www.meydan.tv\\\/az\\\/article\\\/jurnalist-aysel-umudova-ad-gununu-niy%c9%99-h%c9%99bsd%c9%99-kecirm%c9%99li-olur\\\/#breadcrumb\",\"itemListElement\":[{\"@type\":\"ListItem\",\"position\":1,\"name\":\"Ana s\u0259hif\u0259\",\"item\":\"https:\\\/\\\/www.meydan.tv\\\/az\\\/\"},{\"@type\":\"ListItem\",\"position\":2,\"name\":\"Video\",\"item\":\"https:\\\/\\\/www.meydan.tv\\\/az\\\/section\\\/video-2\\\/\"},{\"@type\":\"ListItem\",\"position\":3,\"name\":\"Jurnalist Aysel Umudova ad g\u00fcn\u00fcn\u00fc niy\u0259 h\u0259bsd\u0259 ke\u00e7irm\u0259li olur?\"}]},{\"@type\":\"WebSite\",\"@id\":\"https:\\\/\\\/www.meydan.tv\\\/az\\\/#website\",\"url\":\"https:\\\/\\\/www.meydan.tv\\\/az\\\/\",\"name\":\"MEYDAN.TV\",\"description\":\"Meydan TV Az\u0259rbaycan\u0131n media m\u0259kan\u0131ndak\u0131 alternativ s\u0259sidir\",\"publisher\":{\"@id\":\"https:\\\/\\\/www.meydan.tv\\\/az\\\/#organization\"},\"potentialAction\":[{\"@type\":\"SearchAction\",\"target\":{\"@type\":\"EntryPoint\",\"urlTemplate\":\"https:\\\/\\\/www.meydan.tv\\\/az\\\/?s={search_term_string}\"},\"query-input\":{\"@type\":\"PropertyValueSpecification\",\"valueRequired\":true,\"valueName\":\"search_term_string\"}}],\"inLanguage\":\"az\"},{\"@type\":\"Organization\",\"@id\":\"https:\\\/\\\/www.meydan.tv\\\/az\\\/#organization\",\"name\":\"Meydan TV\",\"url\":\"https:\\\/\\\/www.meydan.tv\\\/az\\\/\",\"logo\":{\"@type\":\"ImageObject\",\"inLanguage\":\"az\",\"@id\":\"https:\\\/\\\/www.meydan.tv\\\/az\\\/#\\\/schema\\\/logo\\\/image\\\/\",\"url\":\"https:\\\/\\\/www.meydan.tv\\\/wp-content\\\/uploads\\\/2021\\\/07\\\/meydan-logo.svg\",\"contentUrl\":\"https:\\\/\\\/www.meydan.tv\\\/wp-content\\\/uploads\\\/2021\\\/07\\\/meydan-logo.svg\",\"width\":195,\"height\":46,\"caption\":\"Meydan TV\"},\"image\":{\"@id\":\"https:\\\/\\\/www.meydan.tv\\\/az\\\/#\\\/schema\\\/logo\\\/image\\\/\"}},{\"@type\":\"Person\",\"@id\":\"https:\\\/\\\/www.meydan.tv\\\/az\\\/#\\\/schema\\\/person\\\/49b5f2bad5b126bb8ea9320eeb3e4dc9\",\"name\":\"sevda\"}]}<\/script>\n<!-- \/ Yoast SEO plugin. -->","yoast_head_json":{"title":"Jurnalist Aysel Umudova ad g\u00fcn\u00fcn\u00fc niy\u0259 h\u0259bsd\u0259 ke\u00e7irm\u0259li olur? - MEYDAN.TV","robots":{"index":"index","follow":"follow","max-snippet":"max-snippet:-1","max-image-preview":"max-image-preview:large","max-video-preview":"max-video-preview:-1"},"canonical":"https:\/\/www.meydan.tv\/az\/article\/jurnalist-aysel-umudova-ad-gununu-niy%c9%99-h%c9%99bsd%c9%99-kecirm%c9%99li-olur\/","og_locale":"az_AZ","og_type":"article","og_title":"Jurnalist Aysel Umudova ad g\u00fcn\u00fcn\u00fc niy\u0259 h\u0259bsd\u0259 ke\u00e7irm\u0259li olur? - MEYDAN.TV","og_url":"https:\/\/www.meydan.tv\/az\/article\/jurnalist-aysel-umudova-ad-gununu-niy%c9%99-h%c9%99bsd%c9%99-kecirm%c9%99li-olur\/","og_site_name":"MEYDAN.TV","article_published_time":"2025-08-01T14:57:13+00:00","article_modified_time":"2025-08-01T15:17:08+00:00","og_image":[{"width":1280,"height":720,"url":"https:\/\/www.meydan.tv\/wp-content\/uploads\/photo_2025-08-01-17.16.36.jpeg","type":"image\/jpeg"}],"author":"sevda","twitter_card":"summary_large_image","schema":{"@context":"https:\/\/schema.org","@graph":[{"@type":"Article","@id":"https:\/\/www.meydan.tv\/az\/article\/jurnalist-aysel-umudova-ad-gununu-niy%c9%99-h%c9%99bsd%c9%99-kecirm%c9%99li-olur\/#article","isPartOf":{"@id":"https:\/\/www.meydan.tv\/az\/article\/jurnalist-aysel-umudova-ad-gununu-niy%c9%99-h%c9%99bsd%c9%99-kecirm%c9%99li-olur\/"},"author":{"name":"sevda","@id":"https:\/\/www.meydan.tv\/az\/#\/schema\/person\/49b5f2bad5b126bb8ea9320eeb3e4dc9"},"headline":"Jurnalist Aysel Umudova ad g\u00fcn\u00fcn\u00fc niy\u0259 h\u0259bsd\u0259 ke\u00e7irm\u0259li olur?","datePublished":"2025-08-01T14:57:13+00:00","dateModified":"2025-08-01T15:17:08+00:00","mainEntityOfPage":{"@id":"https:\/\/www.meydan.tv\/az\/article\/jurnalist-aysel-umudova-ad-gununu-niy%c9%99-h%c9%99bsd%c9%99-kecirm%c9%99li-olur\/"},"wordCount":174,"publisher":{"@id":"https:\/\/www.meydan.tv\/az\/#organization"},"image":{"@id":"https:\/\/www.meydan.tv\/az\/article\/jurnalist-aysel-umudova-ad-gununu-niy%c9%99-h%c9%99bsd%c9%99-kecirm%c9%99li-olur\/#primaryimage"},"thumbnailUrl":"https:\/\/www.meydan.tv\/wp-content\/uploads\/photo_2025-08-01-17.16.36.jpeg","articleSection":["Meydan TV i\u015fi","T\u00f6vsiy\u0259","Video","X\u0259b\u0259rl\u0259r"],"inLanguage":"az"},{"@type":"WebPage","@id":"https:\/\/www.meydan.tv\/az\/article\/jurnalist-aysel-umudova-ad-gununu-niy%c9%99-h%c9%99bsd%c9%99-kecirm%c9%99li-olur\/","url":"https:\/\/www.meydan.tv\/az\/article\/jurnalist-aysel-umudova-ad-gununu-niy%c9%99-h%c9%99bsd%c9%99-kecirm%c9%99li-olur\/","name":"Jurnalist Aysel Umudova ad g\u00fcn\u00fcn\u00fc niy\u0259 h\u0259bsd\u0259 ke\u00e7irm\u0259li olur? - MEYDAN.TV","isPartOf":{"@id":"https:\/\/www.meydan.tv\/az\/#website"},"primaryImageOfPage":{"@id":"https:\/\/www.meydan.tv\/az\/article\/jurnalist-aysel-umudova-ad-gununu-niy%c9%99-h%c9%99bsd%c9%99-kecirm%c9%99li-olur\/#primaryimage"},"image":{"@id":"https:\/\/www.meydan.tv\/az\/article\/jurnalist-aysel-umudova-ad-gununu-niy%c9%99-h%c9%99bsd%c9%99-kecirm%c9%99li-olur\/#primaryimage"},"thumbnailUrl":"https:\/\/www.meydan.tv\/wp-content\/uploads\/photo_2025-08-01-17.16.36.jpeg","datePublished":"2025-08-01T14:57:13+00:00","dateModified":"2025-08-01T15:17:08+00:00","breadcrumb":{"@id":"https:\/\/www.meydan.tv\/az\/article\/jurnalist-aysel-umudova-ad-gununu-niy%c9%99-h%c9%99bsd%c9%99-kecirm%c9%99li-olur\/#breadcrumb"},"inLanguage":"az","potentialAction":[{"@type":"ReadAction","target":["https:\/\/www.meydan.tv\/az\/article\/jurnalist-aysel-umudova-ad-gununu-niy%c9%99-h%c9%99bsd%c9%99-kecirm%c9%99li-olur\/"]}]},{"@type":"ImageObject","inLanguage":"az","@id":"https:\/\/www.meydan.tv\/az\/article\/jurnalist-aysel-umudova-ad-gununu-niy%c9%99-h%c9%99bsd%c9%99-kecirm%c9%99li-olur\/#primaryimage","url":"https:\/\/www.meydan.tv\/wp-content\/uploads\/photo_2025-08-01-17.16.36.jpeg","contentUrl":"https:\/\/www.meydan.tv\/wp-content\/uploads\/photo_2025-08-01-17.16.36.jpeg","width":1280,"height":720},{"@type":"BreadcrumbList","@id":"https:\/\/www.meydan.tv\/az\/article\/jurnalist-aysel-umudova-ad-gununu-niy%c9%99-h%c9%99bsd%c9%99-kecirm%c9%99li-olur\/#breadcrumb","itemListElement":[{"@type":"ListItem","position":1,"name":"Ana s\u0259hif\u0259","item":"https:\/\/www.meydan.tv\/az\/"},{"@type":"ListItem","position":2,"name":"Video","item":"https:\/\/www.meydan.tv\/az\/section\/video-2\/"},{"@type":"ListItem","position":3,"name":"Jurnalist Aysel Umudova ad g\u00fcn\u00fcn\u00fc niy\u0259 h\u0259bsd\u0259 ke\u00e7irm\u0259li olur?"}]},{"@type":"WebSite","@id":"https:\/\/www.meydan.tv\/az\/#website","url":"https:\/\/www.meydan.tv\/az\/","name":"MEYDAN.TV","description":"Meydan TV Az\u0259rbaycan\u0131n media m\u0259kan\u0131ndak\u0131 alternativ s\u0259sidir","publisher":{"@id":"https:\/\/www.meydan.tv\/az\/#organization"},"potentialAction":[{"@type":"SearchAction","target":{"@type":"EntryPoint","urlTemplate":"https:\/\/www.meydan.tv\/az\/?s={search_term_string}"},"query-input":{"@type":"PropertyValueSpecification","valueRequired":true,"valueName":"search_term_string"}}],"inLanguage":"az"},{"@type":"Organization","@id":"https:\/\/www.meydan.tv\/az\/#organization","name":"Meydan TV","url":"https:\/\/www.meydan.tv\/az\/","logo":{"@type":"ImageObject","inLanguage":"az","@id":"https:\/\/www.meydan.tv\/az\/#\/schema\/logo\/image\/","url":"https:\/\/www.meydan.tv\/wp-content\/uploads\/2021\/07\/meydan-logo.svg","contentUrl":"https:\/\/www.meydan.tv\/wp-content\/uploads\/2021\/07\/meydan-logo.svg","width":195,"height":46,"caption":"Meydan TV"},"image":{"@id":"https:\/\/www.meydan.tv\/az\/#\/schema\/logo\/image\/"}},{"@type":"Person","@id":"https:\/\/www.meydan.tv\/az\/#\/schema\/person\/49b5f2bad5b126bb8ea9320eeb3e4dc9","name":"sevda"}]}},"_links":{"self":[{"href":"https:\/\/www.meydan.tv\/az\/wp-json\/wp\/v2\/posts\/333873","targetHints":{"allow":["GET"]}}],"collection":[{"href":"https:\/\/www.meydan.tv\/az\/wp-json\/wp\/v2\/posts"}],"about":[{"href":"https:\/\/www.meydan.tv\/az\/wp-json\/wp\/v2\/types\/post"}],"author":[{"embeddable":true,"href":"https:\/\/www.meydan.tv\/az\/wp-json\/wp\/v2\/users\/16"}],"replies":[{"embeddable":true,"href":"https:\/\/www.meydan.tv\/az\/wp-json\/wp\/v2\/comments?post=333873"}],"version-history":[{"count":5,"href":"https:\/\/www.meydan.tv\/az\/wp-json\/wp\/v2\/posts\/333873\/revisions"}],"predecessor-version":[{"id":333880,"href":"https:\/\/www.meydan.tv\/az\/wp-json\/wp\/v2\/posts\/333873\/revisions\/333880"}],"wp:featuredmedia":[{"embeddable":true,"href":"https:\/\/www.meydan.tv\/az\/wp-json\/wp\/v2\/media\/333881"}],"wp:attachment":[{"href":"https:\/\/www.meydan.tv\/az\/wp-json\/wp\/v2\/media?parent=333873"}],"wp:term":[{"taxonomy":"category","embeddable":true,"href":"https:\/\/www.meydan.tv\/az\/wp-json\/wp\/v2\/categories?post=333873"},{"taxonomy":"post_tag","embeddable":true,"href":"https:\/\/www.meydan.tv\/az\/wp-json\/wp\/v2\/tags?post=333873"}],"curies":[{"name":"wp","href":"https:\/\/api.w.org\/{rel}","templated":true}]}}