{"id":333733,"date":"2025-08-01T18:05:50","date_gmt":"2025-08-01T14:05:50","guid":{"rendered":"https:\/\/www.meydan.tv\/?p=333733"},"modified":"2025-08-01T18:20:30","modified_gmt":"2025-08-01T14:20:30","slug":"ian%c9%99-et-meydanla-meydanda-qalin","status":"publish","type":"post","link":"https:\/\/www.meydan.tv\/az\/article\/ian%c9%99-et-meydanla-meydanda-qalin\/","title":{"rendered":"\u0130an\u0259 et, Meydan s\u0259nindir!"},"content":{"rendered":"\n<p><strong><em>Bu, t\u0259kc\u0259 ian\u0259 deyil, h\u0259m d\u0259 sosial m\u0259suliy<\/em><\/strong><em><strong>y\u0259tdir<\/strong><\/em><\/p>\n\n\n\n<p>Meydan TV indi icma d\u0259st\u0259yin\u0259 h\u0259mi\u015f\u0259kind\u0259n daha \u00e7ox ehtiyac duyur. 7 \u0259m\u0259kda\u015f\u0131m\u0131z h\u0259bs edildi. Bu, Qafqazda \u0259n b\u00f6y\u00fck auditoriyaya malik m\u00fcst\u0259qil media platformas\u0131 \u00fc\u00e7\u00fcn b\u00f6y\u00fck z\u0259rb\u0259dir. Bununla bel\u0259, Meydan TV f\u0259aliyy\u0259tini axsatmamaq, Az\u0259rbaycanda h\u0259r k\u0259s \u00fc\u00e7\u00fcn platforma olmaq missiyas\u0131n\u0131 davam etdirm\u0259k niyy\u0259tind\u0259dir. Bunun \u00fc\u00e7\u00fcn b\u00fct\u00fcn izl\u0259yicil\u0259rin, xaricd\u0259 ya\u015fayan, \u00f6lk\u0259d\u0259 demokratiyan\u0131n v\u0259ziyy\u0259tind\u0259n narahat olan h\u0259r k\u0259sin maddi d\u0259st\u0259yin\u0259 ehtiyac\u0131m\u0131z var.\u00a0<\/p>\n\n\n\n<p>Meydan TV ill\u0259rdir m\u00fcst\u0259qil media f\u0259aliyy\u0259tin\u0259 g\u00f6r\u0259 h\u0259d\u0259fd\u0259 olub: 10 il \u00f6nc\u0259 ba\u015flayan cinay\u0259t i\u015fi, sayt\u0131n bloklanmas\u0131, sonda \u0259m\u0259kda\u015flar\u0131n h\u0259bsi. Amma bunlar\u0131n he\u00e7 biri bizim v\u0259t\u0259nda\u015f kimi azad informasiyaya \u00e7\u0131x\u0131\u015f haqq\u0131m\u0131z qar\u015f\u0131s\u0131nda \u0259ng\u0259l olmamal\u0131d\u0131r. Meydan TV b\u00fct\u00fcn m\u00fcasir texnoloji vasit\u0259l\u0259rd\u0259n istifad\u0259 ed\u0259c\u0259k ki, informasiya blokadas\u0131n\u0131 yars\u0131n, izl\u0259yicil\u0259rin\u0259 t\u0259r\u0259fsiz, balansl\u0131 x\u0259b\u0259rl\u0259r \u00e7atd\u0131rs\u0131n. V\u0259t\u0259nda\u015f jurnalistikas\u0131n\u0131 stimulla\u015fd\u0131rmaq \u00fc\u00e7\u00fcn m\u00fcxt\u0259lif layih\u0259l\u0259r h\u0259yata ke\u00e7irm\u0259k fikrind\u0259yik. Maddi d\u0259st\u0259yiniz bu yolda bizim \u00fc\u00e7\u00fcn \u0259v\u0259zsiz k\u00f6m\u0259k olacaq!\u00a0<\/p>\n\n\n\n<p>\u0130ndi Meydan TV v\u0259 dig\u0259r m\u00fcst\u0259qil media kanallar\u0131 \u201cxaricd\u0259n maliyy\u0259l\u0259\u015fm\u0259\u201d ittiham\u0131 il\u0259 \u00fczl\u0259\u015fir. Meydan TV demokratiyaya, s\u00f6z v\u0259 ifad\u0259 azadl\u0131\u011f\u0131na d\u0259st\u0259k olan beyn\u0259lxalq fondlarla \u0259m\u0259kda\u015fl\u0131q etdiyini he\u00e7 vaxt inkar etm\u0259yib, bunu gizl\u0259tm\u0259k ehtiyac\u0131 hiss etm\u0259yib. \u018fminlikl\u0259 dey\u0259 bil\u0259rik ki, he\u00e7 vaxt, he\u00e7 bir formada bu \u0259m\u0259kda\u015fl\u0131q qar\u015f\u0131 t\u0259r\u0259fin yaratd\u0131\u011f\u0131m\u0131z m\u0259zmuna m\u00fcdaxil\u0259si il\u0259 n\u0259tic\u0259l\u0259nm\u0259yib. Meydan TV yaratd\u0131\u011f\u0131 ist\u0259nil\u0259n m\u0259hsulu sad\u0259c\u0259 jurnalistikan\u0131n \u0259n t\u0259m\u0259l prinsipl\u0259rin\u0259 \u0259saslanaraq haz\u0131rlay\u0131b!\u00a0<\/p>\n\n\n\n<p>\u00dcst\u0259lik, Meydan TV minl\u0259rl\u0259 az\u0259rbaycanl\u0131n\u0131n s\u0259sini e\u015fitdir\u0259 bil\u0259c\u0259yi nadir platformalardan biri kimi \u00e7\u0131x\u0131\u015f edib. \u0130nsanlar\u0131n haqs\u0131zl\u0131\u011fa m\u0259ruz qalanda xat\u0131rlad\u0131qlar\u0131 ilk \u00fcnvan olma\u011f\u0131 q\u00fcrurla davam etdirm\u0259k \u00fc\u00e7\u00fcn maddi d\u0259st\u0259yiniz\u0259 ehtiyac\u0131m\u0131z var!&nbsp;<\/p>\n\n\n\n<p>Meydan TV-y\u0259 m\u00fcxt\u0259lif \u00fcsullarla maddi d\u0259st\u0259k ola bil\u0259rsiniz. \u0130an\u0259 etm\u0259yin yollar\u0131 il\u0259 videomuzdan tan\u0131\u015f ola bil\u0259rsiz: <\/p>\n\n\n\n<figure class=\"wp-block-embed is-type-video is-provider-youtube wp-block-embed-youtube wp-embed-aspect-16-9 wp-has-aspect-ratio\"><div class=\"wp-block-embed__wrapper\">\n<iframe title=\"MEYDAN S\u018fN\u0130ND\u0130R! | \u00d6d\u0259m\u0259 \u00fcsullar\u0131\" width=\"1200\" height=\"675\" data-src=\"https:\/\/www.youtube.com\/embed\/R864jH3kuJE?feature=oembed\" frameborder=\"0\" allow=\"accelerometer; autoplay; clipboard-write; encrypted-media; gyroscope; picture-in-picture; web-share\" referrerpolicy=\"strict-origin-when-cross-origin\" allowfullscreen src=\"data:image\/svg+xml;base64,PHN2ZyB3aWR0aD0iMSIgaGVpZ2h0PSIxIiB4bWxucz0iaHR0cDovL3d3dy53My5vcmcvMjAwMC9zdmciPjwvc3ZnPg==\" class=\"lazyload\" data-load-mode=\"1\"><\/iframe>\n<\/div><\/figure>\n\n\n\n<p>Meydan TV f\u0259aliyy\u0259tind\u0259 he\u00e7 bir zaman \u201csifari\u015f\u201d, \u201cmanipulyasiya\u201d kimi jurnalistikaya zidd elementl\u0259r\u0259 yer verm\u0259yib. Az\u0259rbaycanda korrupsiya, r\u00fc\u015fv\u0259t, ail\u0259 hakimiyy\u0259ti, polis zorak\u0131l\u0131\u011f\u0131, m\u0259mur \u00f6zba\u015f\u0131nal\u0131\u011f\u0131, m\u0259hk\u0259m\u0259 \u0259dal\u0259tsizliyi, azadl\u0131qlar\u0131n bo\u011fulmas\u0131 kimi utancverici hallar\u0131 i\u015f\u0131qland\u0131rmaq &#8211; xarici dair\u0259l\u0259rin sifari\u015fi deyil, azad median\u0131n \u0259n \u00e7\u0259tin \u015f\u0259rtl\u0259rd\u0259 q\u00fcrurlu davran\u0131\u015f\u0131d\u0131r. Meydan TV-nin h\u0259bs edil\u0259n \u0259m\u0259kda\u015flar\u0131 da bu g\u00fcn 4 divar arxas\u0131ndan yazd\u0131qlar\u0131 m\u0259ktublarda bu f\u0259aliyy\u0259ti davam etdirm\u0259yi bizd\u0259n t\u0259l\u0259b edirl\u0259r. Bunun \u00fc\u00e7\u00fcn maddi d\u0259st\u0259yiniz vacibdir!\u00a0<\/p>\n\n\n\n<p>Demokratiya qlobal bir prosesd\u0259n lokal haqq davas\u0131na \u00e7evrilir. Art\u0131q h\u0259r icma \u00f6z demokratik d\u0259y\u0259rl\u0259rini \u00f6z\u00fc qorumal\u0131, ayaqda saxlamal\u0131 v\u0259 ya yaratmal\u0131d\u0131r. Ba\u015fqa s\u00f6zl\u0259, indi h\u0259r k\u0259s \u00f6z meydan\u0131n\u0131 qorumaqdan \u00f6z\u00fc m\u0259suldur. Art\u0131q b\u00f6y\u00fck d\u00f6vl\u0259tl\u0259r a\u00e7\u0131q \u015f\u0259kild\u0259 demokratiya yerin\u0259 iqtisadi m\u00fcnasib\u0259tl\u0259ri se\u00e7irl\u0259r. Bu is\u0259 avtoritar rejiml\u0259rin oldu\u011fu \u00f6lk\u0259l\u0259rd\u0259 azad media f\u0259aliyy\u0259tin\u0259 a\u011f\u0131r t\u0259hdid yarad\u0131r. Biz bu t\u0259hdidi aradan qald\u0131rmaq \u00fc\u00e7\u00fcn icma d\u0259st\u0259kli fondla\u015fmaya ke\u00e7id etm\u0259k niyy\u0259tind\u0259yik v\u0259 bu yolda ist\u0259nil\u0259n t\u0259klif\u0259, m\u00fczakir\u0259y\u0259, d\u0259st\u0259y\u0259 a\u00e7\u0131\u011f\u0131q! Meydanla meydanda qal\u0131n!<\/p>\n\n\n\n<p>Bu, t\u0259kc\u0259 ian\u0259 deyil, h\u0259m d\u0259 sosial m\u0259suliyy\u0259tdir!<\/p>\n","protected":false},"excerpt":{"rendered":"<p>Bu, t\u0259kc\u0259 ian\u0259 deyil, h\u0259m d\u0259 sosial m\u0259suliyy\u0259tdir Meydan TV &#8230; <\/p>\n<p class=\"read-more-container\"><a title=\"\u0130an\u0259 et, Meydan s\u0259nindir!\" class=\"read-more button\" href=\"https:\/\/www.meydan.tv\/az\/article\/ian%c9%99-et-meydanla-meydanda-qalin\/#more-333733\" aria-label=\"Read more about \u0130an\u0259 et, Meydan s\u0259nindir!\">Davam\u0131<\/a><\/p>\n","protected":false},"author":16,"featured_media":333850,"comment_status":"closed","ping_status":"closed","sticky":false,"template":"","format":"standard","meta":{"_acf_changed":false,"_sitemap_exclude":false,"_sitemap_priority":"","_sitemap_frequency":"","footnotes":""},"categories":[79,56],"tags":[],"class_list":["post-333733","post","type-post","status-publish","format-standard","has-post-thumbnail","hentry","category-featured","category-xeberler","infinite-scroll-item","generate-columns","tablet-grid-50","mobile-grid-100","grid-parent","grid-33","no-featured-image-padding"],"acf":[],"yoast_head":"<!-- This site is optimized with the Yoast SEO plugin v27.5 - https:\/\/yoast.com\/product\/yoast-seo-wordpress\/ -->\n<title>\u0130an\u0259 et, Meydan s\u0259nindir! - MEYDAN.TV<\/title>\n<meta name=\"robots\" content=\"index, follow, max-snippet:-1, max-image-preview:large, max-video-preview:-1\" \/>\n<link rel=\"canonical\" href=\"https:\/\/www.meydan.tv\/az\/article\/ian%c9%99-et-meydanla-meydanda-qalin\/\" \/>\n<meta property=\"og:locale\" content=\"az_AZ\" \/>\n<meta property=\"og:type\" content=\"article\" \/>\n<meta property=\"og:title\" content=\"\u0130an\u0259 et, Meydan s\u0259nindir! - MEYDAN.TV\" \/>\n<meta property=\"og:description\" content=\"Bu, t\u0259kc\u0259 ian\u0259 deyil, h\u0259m d\u0259 sosial m\u0259suliyy\u0259tdir Meydan TV ... Davam\u0131\" \/>\n<meta property=\"og:url\" content=\"https:\/\/www.meydan.tv\/az\/article\/ian%c9%99-et-meydanla-meydanda-qalin\/\" \/>\n<meta property=\"og:site_name\" content=\"MEYDAN.TV\" \/>\n<meta property=\"article:published_time\" content=\"2025-08-01T14:05:50+00:00\" \/>\n<meta property=\"article:modified_time\" content=\"2025-08-01T14:20:30+00:00\" \/>\n<meta property=\"og:image\" content=\"https:\/\/www.meydan.tv\/wp-content\/uploads\/logo.jpg\" \/>\n\t<meta property=\"og:image:width\" content=\"1200\" \/>\n\t<meta property=\"og:image:height\" content=\"377\" \/>\n\t<meta property=\"og:image:type\" content=\"image\/jpeg\" \/>\n<meta name=\"author\" content=\"sevda\" \/>\n<meta name=\"twitter:card\" content=\"summary_large_image\" \/>\n<script type=\"application\/ld+json\" class=\"yoast-schema-graph\">{\"@context\":\"https:\\\/\\\/schema.org\",\"@graph\":[{\"@type\":\"Article\",\"@id\":\"https:\\\/\\\/www.meydan.tv\\\/az\\\/article\\\/ian%c9%99-et-meydanla-meydanda-qalin\\\/#article\",\"isPartOf\":{\"@id\":\"https:\\\/\\\/www.meydan.tv\\\/az\\\/article\\\/ian%c9%99-et-meydanla-meydanda-qalin\\\/\"},\"author\":{\"name\":\"sevda\",\"@id\":\"https:\\\/\\\/www.meydan.tv\\\/az\\\/#\\\/schema\\\/person\\\/49b5f2bad5b126bb8ea9320eeb3e4dc9\"},\"headline\":\"\u0130an\u0259 et, Meydan s\u0259nindir!\",\"datePublished\":\"2025-08-01T14:05:50+00:00\",\"dateModified\":\"2025-08-01T14:20:30+00:00\",\"mainEntityOfPage\":{\"@id\":\"https:\\\/\\\/www.meydan.tv\\\/az\\\/article\\\/ian%c9%99-et-meydanla-meydanda-qalin\\\/\"},\"wordCount\":694,\"publisher\":{\"@id\":\"https:\\\/\\\/www.meydan.tv\\\/az\\\/#organization\"},\"image\":{\"@id\":\"https:\\\/\\\/www.meydan.tv\\\/az\\\/article\\\/ian%c9%99-et-meydanla-meydanda-qalin\\\/#primaryimage\"},\"thumbnailUrl\":\"https:\\\/\\\/www.meydan.tv\\\/wp-content\\\/uploads\\\/logo.jpg\",\"articleSection\":[\"T\u00f6vsiy\u0259\",\"X\u0259b\u0259rl\u0259r\"],\"inLanguage\":\"az\"},{\"@type\":\"WebPage\",\"@id\":\"https:\\\/\\\/www.meydan.tv\\\/az\\\/article\\\/ian%c9%99-et-meydanla-meydanda-qalin\\\/\",\"url\":\"https:\\\/\\\/www.meydan.tv\\\/az\\\/article\\\/ian%c9%99-et-meydanla-meydanda-qalin\\\/\",\"name\":\"\u0130an\u0259 et, Meydan s\u0259nindir! - MEYDAN.TV\",\"isPartOf\":{\"@id\":\"https:\\\/\\\/www.meydan.tv\\\/az\\\/#website\"},\"primaryImageOfPage\":{\"@id\":\"https:\\\/\\\/www.meydan.tv\\\/az\\\/article\\\/ian%c9%99-et-meydanla-meydanda-qalin\\\/#primaryimage\"},\"image\":{\"@id\":\"https:\\\/\\\/www.meydan.tv\\\/az\\\/article\\\/ian%c9%99-et-meydanla-meydanda-qalin\\\/#primaryimage\"},\"thumbnailUrl\":\"https:\\\/\\\/www.meydan.tv\\\/wp-content\\\/uploads\\\/logo.jpg\",\"datePublished\":\"2025-08-01T14:05:50+00:00\",\"dateModified\":\"2025-08-01T14:20:30+00:00\",\"breadcrumb\":{\"@id\":\"https:\\\/\\\/www.meydan.tv\\\/az\\\/article\\\/ian%c9%99-et-meydanla-meydanda-qalin\\\/#breadcrumb\"},\"inLanguage\":\"az\",\"potentialAction\":[{\"@type\":\"ReadAction\",\"target\":[\"https:\\\/\\\/www.meydan.tv\\\/az\\\/article\\\/ian%c9%99-et-meydanla-meydanda-qalin\\\/\"]}]},{\"@type\":\"ImageObject\",\"inLanguage\":\"az\",\"@id\":\"https:\\\/\\\/www.meydan.tv\\\/az\\\/article\\\/ian%c9%99-et-meydanla-meydanda-qalin\\\/#primaryimage\",\"url\":\"https:\\\/\\\/www.meydan.tv\\\/wp-content\\\/uploads\\\/logo.jpg\",\"contentUrl\":\"https:\\\/\\\/www.meydan.tv\\\/wp-content\\\/uploads\\\/logo.jpg\",\"width\":1200,\"height\":377},{\"@type\":\"BreadcrumbList\",\"@id\":\"https:\\\/\\\/www.meydan.tv\\\/az\\\/article\\\/ian%c9%99-et-meydanla-meydanda-qalin\\\/#breadcrumb\",\"itemListElement\":[{\"@type\":\"ListItem\",\"position\":1,\"name\":\"Ana s\u0259hif\u0259\",\"item\":\"https:\\\/\\\/www.meydan.tv\\\/az\\\/\"},{\"@type\":\"ListItem\",\"position\":2,\"name\":\"X\u0259b\u0259rl\u0259r\",\"item\":\"https:\\\/\\\/www.meydan.tv\\\/az\\\/section\\\/xeberler\\\/\"},{\"@type\":\"ListItem\",\"position\":3,\"name\":\"\u0130an\u0259 et, Meydan s\u0259nindir!\"}]},{\"@type\":\"WebSite\",\"@id\":\"https:\\\/\\\/www.meydan.tv\\\/az\\\/#website\",\"url\":\"https:\\\/\\\/www.meydan.tv\\\/az\\\/\",\"name\":\"MEYDAN.TV\",\"description\":\"Meydan TV Az\u0259rbaycan\u0131n media m\u0259kan\u0131ndak\u0131 alternativ s\u0259sidir\",\"publisher\":{\"@id\":\"https:\\\/\\\/www.meydan.tv\\\/az\\\/#organization\"},\"potentialAction\":[{\"@type\":\"SearchAction\",\"target\":{\"@type\":\"EntryPoint\",\"urlTemplate\":\"https:\\\/\\\/www.meydan.tv\\\/az\\\/?s={search_term_string}\"},\"query-input\":{\"@type\":\"PropertyValueSpecification\",\"valueRequired\":true,\"valueName\":\"search_term_string\"}}],\"inLanguage\":\"az\"},{\"@type\":\"Organization\",\"@id\":\"https:\\\/\\\/www.meydan.tv\\\/az\\\/#organization\",\"name\":\"Meydan TV\",\"url\":\"https:\\\/\\\/www.meydan.tv\\\/az\\\/\",\"logo\":{\"@type\":\"ImageObject\",\"inLanguage\":\"az\",\"@id\":\"https:\\\/\\\/www.meydan.tv\\\/az\\\/#\\\/schema\\\/logo\\\/image\\\/\",\"url\":\"https:\\\/\\\/www.meydan.tv\\\/wp-content\\\/uploads\\\/2021\\\/07\\\/meydan-logo.svg\",\"contentUrl\":\"https:\\\/\\\/www.meydan.tv\\\/wp-content\\\/uploads\\\/2021\\\/07\\\/meydan-logo.svg\",\"width\":195,\"height\":46,\"caption\":\"Meydan TV\"},\"image\":{\"@id\":\"https:\\\/\\\/www.meydan.tv\\\/az\\\/#\\\/schema\\\/logo\\\/image\\\/\"}},{\"@type\":\"Person\",\"@id\":\"https:\\\/\\\/www.meydan.tv\\\/az\\\/#\\\/schema\\\/person\\\/49b5f2bad5b126bb8ea9320eeb3e4dc9\",\"name\":\"sevda\"}]}<\/script>\n<!-- \/ Yoast SEO plugin. -->","yoast_head_json":{"title":"\u0130an\u0259 et, Meydan s\u0259nindir! - MEYDAN.TV","robots":{"index":"index","follow":"follow","max-snippet":"max-snippet:-1","max-image-preview":"max-image-preview:large","max-video-preview":"max-video-preview:-1"},"canonical":"https:\/\/www.meydan.tv\/az\/article\/ian%c9%99-et-meydanla-meydanda-qalin\/","og_locale":"az_AZ","og_type":"article","og_title":"\u0130an\u0259 et, Meydan s\u0259nindir! - MEYDAN.TV","og_description":"Bu, t\u0259kc\u0259 ian\u0259 deyil, h\u0259m d\u0259 sosial m\u0259suliyy\u0259tdir Meydan TV ... Davam\u0131","og_url":"https:\/\/www.meydan.tv\/az\/article\/ian%c9%99-et-meydanla-meydanda-qalin\/","og_site_name":"MEYDAN.TV","article_published_time":"2025-08-01T14:05:50+00:00","article_modified_time":"2025-08-01T14:20:30+00:00","og_image":[{"width":1200,"height":377,"url":"https:\/\/www.meydan.tv\/wp-content\/uploads\/logo.jpg","type":"image\/jpeg"}],"author":"sevda","twitter_card":"summary_large_image","schema":{"@context":"https:\/\/schema.org","@graph":[{"@type":"Article","@id":"https:\/\/www.meydan.tv\/az\/article\/ian%c9%99-et-meydanla-meydanda-qalin\/#article","isPartOf":{"@id":"https:\/\/www.meydan.tv\/az\/article\/ian%c9%99-et-meydanla-meydanda-qalin\/"},"author":{"name":"sevda","@id":"https:\/\/www.meydan.tv\/az\/#\/schema\/person\/49b5f2bad5b126bb8ea9320eeb3e4dc9"},"headline":"\u0130an\u0259 et, Meydan s\u0259nindir!","datePublished":"2025-08-01T14:05:50+00:00","dateModified":"2025-08-01T14:20:30+00:00","mainEntityOfPage":{"@id":"https:\/\/www.meydan.tv\/az\/article\/ian%c9%99-et-meydanla-meydanda-qalin\/"},"wordCount":694,"publisher":{"@id":"https:\/\/www.meydan.tv\/az\/#organization"},"image":{"@id":"https:\/\/www.meydan.tv\/az\/article\/ian%c9%99-et-meydanla-meydanda-qalin\/#primaryimage"},"thumbnailUrl":"https:\/\/www.meydan.tv\/wp-content\/uploads\/logo.jpg","articleSection":["T\u00f6vsiy\u0259","X\u0259b\u0259rl\u0259r"],"inLanguage":"az"},{"@type":"WebPage","@id":"https:\/\/www.meydan.tv\/az\/article\/ian%c9%99-et-meydanla-meydanda-qalin\/","url":"https:\/\/www.meydan.tv\/az\/article\/ian%c9%99-et-meydanla-meydanda-qalin\/","name":"\u0130an\u0259 et, Meydan s\u0259nindir! - MEYDAN.TV","isPartOf":{"@id":"https:\/\/www.meydan.tv\/az\/#website"},"primaryImageOfPage":{"@id":"https:\/\/www.meydan.tv\/az\/article\/ian%c9%99-et-meydanla-meydanda-qalin\/#primaryimage"},"image":{"@id":"https:\/\/www.meydan.tv\/az\/article\/ian%c9%99-et-meydanla-meydanda-qalin\/#primaryimage"},"thumbnailUrl":"https:\/\/www.meydan.tv\/wp-content\/uploads\/logo.jpg","datePublished":"2025-08-01T14:05:50+00:00","dateModified":"2025-08-01T14:20:30+00:00","breadcrumb":{"@id":"https:\/\/www.meydan.tv\/az\/article\/ian%c9%99-et-meydanla-meydanda-qalin\/#breadcrumb"},"inLanguage":"az","potentialAction":[{"@type":"ReadAction","target":["https:\/\/www.meydan.tv\/az\/article\/ian%c9%99-et-meydanla-meydanda-qalin\/"]}]},{"@type":"ImageObject","inLanguage":"az","@id":"https:\/\/www.meydan.tv\/az\/article\/ian%c9%99-et-meydanla-meydanda-qalin\/#primaryimage","url":"https:\/\/www.meydan.tv\/wp-content\/uploads\/logo.jpg","contentUrl":"https:\/\/www.meydan.tv\/wp-content\/uploads\/logo.jpg","width":1200,"height":377},{"@type":"BreadcrumbList","@id":"https:\/\/www.meydan.tv\/az\/article\/ian%c9%99-et-meydanla-meydanda-qalin\/#breadcrumb","itemListElement":[{"@type":"ListItem","position":1,"name":"Ana s\u0259hif\u0259","item":"https:\/\/www.meydan.tv\/az\/"},{"@type":"ListItem","position":2,"name":"X\u0259b\u0259rl\u0259r","item":"https:\/\/www.meydan.tv\/az\/section\/xeberler\/"},{"@type":"ListItem","position":3,"name":"\u0130an\u0259 et, Meydan s\u0259nindir!"}]},{"@type":"WebSite","@id":"https:\/\/www.meydan.tv\/az\/#website","url":"https:\/\/www.meydan.tv\/az\/","name":"MEYDAN.TV","description":"Meydan TV Az\u0259rbaycan\u0131n media m\u0259kan\u0131ndak\u0131 alternativ s\u0259sidir","publisher":{"@id":"https:\/\/www.meydan.tv\/az\/#organization"},"potentialAction":[{"@type":"SearchAction","target":{"@type":"EntryPoint","urlTemplate":"https:\/\/www.meydan.tv\/az\/?s={search_term_string}"},"query-input":{"@type":"PropertyValueSpecification","valueRequired":true,"valueName":"search_term_string"}}],"inLanguage":"az"},{"@type":"Organization","@id":"https:\/\/www.meydan.tv\/az\/#organization","name":"Meydan TV","url":"https:\/\/www.meydan.tv\/az\/","logo":{"@type":"ImageObject","inLanguage":"az","@id":"https:\/\/www.meydan.tv\/az\/#\/schema\/logo\/image\/","url":"https:\/\/www.meydan.tv\/wp-content\/uploads\/2021\/07\/meydan-logo.svg","contentUrl":"https:\/\/www.meydan.tv\/wp-content\/uploads\/2021\/07\/meydan-logo.svg","width":195,"height":46,"caption":"Meydan TV"},"image":{"@id":"https:\/\/www.meydan.tv\/az\/#\/schema\/logo\/image\/"}},{"@type":"Person","@id":"https:\/\/www.meydan.tv\/az\/#\/schema\/person\/49b5f2bad5b126bb8ea9320eeb3e4dc9","name":"sevda"}]}},"_links":{"self":[{"href":"https:\/\/www.meydan.tv\/az\/wp-json\/wp\/v2\/posts\/333733","targetHints":{"allow":["GET"]}}],"collection":[{"href":"https:\/\/www.meydan.tv\/az\/wp-json\/wp\/v2\/posts"}],"about":[{"href":"https:\/\/www.meydan.tv\/az\/wp-json\/wp\/v2\/types\/post"}],"author":[{"embeddable":true,"href":"https:\/\/www.meydan.tv\/az\/wp-json\/wp\/v2\/users\/16"}],"replies":[{"embeddable":true,"href":"https:\/\/www.meydan.tv\/az\/wp-json\/wp\/v2\/comments?post=333733"}],"version-history":[{"count":7,"href":"https:\/\/www.meydan.tv\/az\/wp-json\/wp\/v2\/posts\/333733\/revisions"}],"predecessor-version":[{"id":333831,"href":"https:\/\/www.meydan.tv\/az\/wp-json\/wp\/v2\/posts\/333733\/revisions\/333831"}],"wp:featuredmedia":[{"embeddable":true,"href":"https:\/\/www.meydan.tv\/az\/wp-json\/wp\/v2\/media\/333850"}],"wp:attachment":[{"href":"https:\/\/www.meydan.tv\/az\/wp-json\/wp\/v2\/media?parent=333733"}],"wp:term":[{"taxonomy":"category","embeddable":true,"href":"https:\/\/www.meydan.tv\/az\/wp-json\/wp\/v2\/categories?post=333733"},{"taxonomy":"post_tag","embeddable":true,"href":"https:\/\/www.meydan.tv\/az\/wp-json\/wp\/v2\/tags?post=333733"}],"curies":[{"name":"wp","href":"https:\/\/api.w.org\/{rel}","templated":true}]}}