{"id":333701,"date":"2025-07-30T19:10:48","date_gmt":"2025-07-30T15:10:48","guid":{"rendered":"https:\/\/www.meydan.tv\/?p=333701"},"modified":"2025-07-30T19:10:51","modified_gmt":"2025-07-30T15:10:51","slug":"almaniyali-eks-deputat-az%c9%99rbaycana-gor%c9%99-9-ay-h%c9%99bs-c%c9%99zasi-alib","status":"publish","type":"post","link":"https:\/\/www.meydan.tv\/az\/article\/almaniyali-eks-deputat-az%c9%99rbaycana-gor%c9%99-9-ay-h%c9%99bs-c%c9%99zasi-alib\/","title":{"rendered":"Almaniyal\u0131 eks deputat Az\u0259rbaycana g\u00f6r\u0259 9 ay h\u0259bs c\u0259zas\u0131 al\u0131b"},"content":{"rendered":"\n<p><\/p>\n\n\n\n<p>M\u00fcnhen Ali Regional M\u0259hk\u0259m\u0259si\u00a0 \u201cAz\u0259rbaycan i\u015fi\u201dnd\u0259 ke\u00e7mi\u015f deputat Eduard Lintneri m\u0259murlara r\u00fc\u015fv\u0259t verm\u0259kd\u0259 <a href=\"https:\/\/www.zdfheute.de\/politik\/deutschland\/aserbaidschan-affaere-lintner-bestechung-urteil-100.html\" target=\"_blank\" rel=\"noreferrer noopener\">t\u0259qsirli bilib.<\/a><\/p>\n\n\n\n<p>Aylard\u0131r davam ed\u0259n m\u0259hk\u0259m\u0259d\u0259 siyas\u0259t\u00e7iy\u0259 doqquz ayl\u0131q \u015f\u0259rti h\u0259bs c\u0259zas\u0131 verilib.<\/p>\n\n\n\n<p>M\u00fcnhen Ba\u015f Prokurorlu\u011fu Lintneri Az\u0259rbaycan v\u0259saitl\u0259rind\u0259n istifad\u0259 ed\u0259r\u0259k dig\u0259r m\u0259murlara r\u00fc\u015fv\u0259t verm\u0259kd\u0259 ittiham edirdi. O, Avropa \u015euras\u0131 Parlament Assambleyas\u0131nda (A\u015ePA) az\u0259rbaycany\u00f6nl\u00fc s\u0259sverm\u0259y\u0259 nail olmaq niyy\u0259tind\u0259 oldu\u011funa g\u00f6r\u0259 t\u0259qsirli bilinib.<\/p>\n\n\n\n<p>2008-2016-c\u0131 ill\u0259r aras\u0131nda Lintnerin bir ne\u00e7\u0259 vasit\u0259\u00e7i \u015firk\u0259t vasit\u0259sil\u0259 Az\u0259rbaycandan t\u0259xmin\u0259n 4 milyon avro ald\u0131\u011f\u0131 bildirilir. Ke\u00e7mi\u015f d\u00f6vl\u0259t katibi 33 il Bundestaqda \u00e7al\u0131\u015f\u0131b v\u0259 2010-cu il\u0259 q\u0259d\u0259r A\u015ePA \u00fczv\u00fc olub.<\/p>\n\n\n\n<p>R\u00fc\u015fv\u0259t iddialar\u0131n\u0131n m\u0259rk\u0259zind\u0259 Meklenburq-Q\u0259rbi Pomeraniyadan olan Bundestaq\u0131n \u00fczv\u00fc Karin Strenz dayan\u0131rd\u0131. O da A\u015ePA-n\u0131n \u00fczv\u00fc idi v\u0259 Az\u0259rbaycan\u0131n sadiq t\u0259r\u0259fdar\u0131 say\u0131l\u0131rd\u0131. Onun Az\u0259rbaycandak\u0131 siyasi m\u0259hbuslarla ba\u011fl\u0131 hesabat\u0131n \u0259leyhin\u0259 s\u0259s verdiyi bildirilir. Karin Strenz 2021-ci ilin mart ay\u0131nda <a href=\"https:\/\/www.meydan.tv\/az\/article\/azerbaycanla-bagli-korrupsiyada-adi-hallanan-deputat-vefat-edib\/\" target=\"_blank\" rel=\"noreferrer noopener\">v\u0259fat edib<\/a>. \u00a0<\/p>\n","protected":false},"excerpt":{"rendered":"<p>M\u00fcnhen Ali Regional M\u0259hk\u0259m\u0259si\u00a0 \u201cAz\u0259rbaycan i\u015fi\u201dnd\u0259 ke\u00e7mi\u015f deputat Eduard Lintneri &#8230; <\/p>\n<p class=\"read-more-container\"><a title=\"Almaniyal\u0131 eks deputat Az\u0259rbaycana g\u00f6r\u0259 9 ay h\u0259bs c\u0259zas\u0131 al\u0131b\" class=\"read-more button\" href=\"https:\/\/www.meydan.tv\/az\/article\/almaniyali-eks-deputat-az%c9%99rbaycana-gor%c9%99-9-ay-h%c9%99bs-c%c9%99zasi-alib\/#more-333701\" aria-label=\"Read more about Almaniyal\u0131 eks deputat Az\u0259rbaycana g\u00f6r\u0259 9 ay h\u0259bs c\u0259zas\u0131 al\u0131b\">Davam\u0131<\/a><\/p>\n","protected":false},"author":21,"featured_media":333707,"comment_status":"closed","ping_status":"closed","sticky":false,"template":"","format":"standard","meta":{"_acf_changed":false,"_sitemap_exclude":false,"_sitemap_priority":"","_sitemap_frequency":"","footnotes":""},"categories":[59,79,56],"tags":[],"class_list":["post-333701","post","type-post","status-publish","format-standard","has-post-thumbnail","hentry","category-siyaset","category-featured","category-xeberler","infinite-scroll-item","generate-columns","tablet-grid-50","mobile-grid-100","grid-parent","grid-33","no-featured-image-padding"],"acf":[],"yoast_head":"<!-- This site is optimized with the Yoast SEO plugin v27.5 - https:\/\/yoast.com\/product\/yoast-seo-wordpress\/ -->\n<title>Almaniyal\u0131 eks deputat Az\u0259rbaycana g\u00f6r\u0259 9 ay h\u0259bs c\u0259zas\u0131 al\u0131b - MEYDAN.TV<\/title>\n<meta name=\"robots\" content=\"index, follow, max-snippet:-1, max-image-preview:large, max-video-preview:-1\" \/>\n<link rel=\"canonical\" href=\"https:\/\/www.meydan.tv\/az\/article\/almaniyali-eks-deputat-az%c9%99rbaycana-gor%c9%99-9-ay-h%c9%99bs-c%c9%99zasi-alib\/\" \/>\n<meta property=\"og:locale\" content=\"az_AZ\" \/>\n<meta property=\"og:type\" content=\"article\" \/>\n<meta property=\"og:title\" content=\"Almaniyal\u0131 eks deputat Az\u0259rbaycana g\u00f6r\u0259 9 ay h\u0259bs c\u0259zas\u0131 al\u0131b - MEYDAN.TV\" \/>\n<meta property=\"og:description\" content=\"M\u00fcnhen Ali Regional M\u0259hk\u0259m\u0259si\u00a0 \u201cAz\u0259rbaycan i\u015fi\u201dnd\u0259 ke\u00e7mi\u015f deputat Eduard Lintneri ... Davam\u0131\" \/>\n<meta property=\"og:url\" content=\"https:\/\/www.meydan.tv\/az\/article\/almaniyali-eks-deputat-az%c9%99rbaycana-gor%c9%99-9-ay-h%c9%99bs-c%c9%99zasi-alib\/\" \/>\n<meta property=\"og:site_name\" content=\"MEYDAN.TV\" \/>\n<meta property=\"article:published_time\" content=\"2025-07-30T15:10:48+00:00\" \/>\n<meta property=\"article:modified_time\" content=\"2025-07-30T15:10:51+00:00\" \/>\n<meta property=\"og:image\" content=\"https:\/\/www.meydan.tv\/wp-content\/uploads\/screenshot_2025-07-30_at_17.08.17_720.png\" \/>\n\t<meta property=\"og:image:width\" content=\"720\" \/>\n\t<meta property=\"og:image:height\" content=\"350\" \/>\n\t<meta property=\"og:image:type\" content=\"image\/png\" \/>\n<meta name=\"author\" content=\"mahmud\" \/>\n<meta name=\"twitter:card\" content=\"summary_large_image\" \/>\n<script type=\"application\/ld+json\" class=\"yoast-schema-graph\">{\"@context\":\"https:\\\/\\\/schema.org\",\"@graph\":[{\"@type\":\"Article\",\"@id\":\"https:\\\/\\\/www.meydan.tv\\\/az\\\/article\\\/almaniyali-eks-deputat-az%c9%99rbaycana-gor%c9%99-9-ay-h%c9%99bs-c%c9%99zasi-alib\\\/#article\",\"isPartOf\":{\"@id\":\"https:\\\/\\\/www.meydan.tv\\\/az\\\/article\\\/almaniyali-eks-deputat-az%c9%99rbaycana-gor%c9%99-9-ay-h%c9%99bs-c%c9%99zasi-alib\\\/\"},\"author\":{\"name\":\"mahmud\",\"@id\":\"https:\\\/\\\/www.meydan.tv\\\/az\\\/#\\\/schema\\\/person\\\/09863e516102a829e72bedcf3f84c6b0\"},\"headline\":\"Almaniyal\u0131 eks deputat Az\u0259rbaycana g\u00f6r\u0259 9 ay h\u0259bs c\u0259zas\u0131 al\u0131b\",\"datePublished\":\"2025-07-30T15:10:48+00:00\",\"dateModified\":\"2025-07-30T15:10:51+00:00\",\"mainEntityOfPage\":{\"@id\":\"https:\\\/\\\/www.meydan.tv\\\/az\\\/article\\\/almaniyali-eks-deputat-az%c9%99rbaycana-gor%c9%99-9-ay-h%c9%99bs-c%c9%99zasi-alib\\\/\"},\"wordCount\":222,\"publisher\":{\"@id\":\"https:\\\/\\\/www.meydan.tv\\\/az\\\/#organization\"},\"image\":{\"@id\":\"https:\\\/\\\/www.meydan.tv\\\/az\\\/article\\\/almaniyali-eks-deputat-az%c9%99rbaycana-gor%c9%99-9-ay-h%c9%99bs-c%c9%99zasi-alib\\\/#primaryimage\"},\"thumbnailUrl\":\"https:\\\/\\\/www.meydan.tv\\\/wp-content\\\/uploads\\\/screenshot_2025-07-30_at_17.08.17_720.png\",\"articleSection\":[\"Siyas\u0259t\",\"T\u00f6vsiy\u0259\",\"X\u0259b\u0259rl\u0259r\"],\"inLanguage\":\"az\"},{\"@type\":\"WebPage\",\"@id\":\"https:\\\/\\\/www.meydan.tv\\\/az\\\/article\\\/almaniyali-eks-deputat-az%c9%99rbaycana-gor%c9%99-9-ay-h%c9%99bs-c%c9%99zasi-alib\\\/\",\"url\":\"https:\\\/\\\/www.meydan.tv\\\/az\\\/article\\\/almaniyali-eks-deputat-az%c9%99rbaycana-gor%c9%99-9-ay-h%c9%99bs-c%c9%99zasi-alib\\\/\",\"name\":\"Almaniyal\u0131 eks deputat Az\u0259rbaycana g\u00f6r\u0259 9 ay h\u0259bs c\u0259zas\u0131 al\u0131b - MEYDAN.TV\",\"isPartOf\":{\"@id\":\"https:\\\/\\\/www.meydan.tv\\\/az\\\/#website\"},\"primaryImageOfPage\":{\"@id\":\"https:\\\/\\\/www.meydan.tv\\\/az\\\/article\\\/almaniyali-eks-deputat-az%c9%99rbaycana-gor%c9%99-9-ay-h%c9%99bs-c%c9%99zasi-alib\\\/#primaryimage\"},\"image\":{\"@id\":\"https:\\\/\\\/www.meydan.tv\\\/az\\\/article\\\/almaniyali-eks-deputat-az%c9%99rbaycana-gor%c9%99-9-ay-h%c9%99bs-c%c9%99zasi-alib\\\/#primaryimage\"},\"thumbnailUrl\":\"https:\\\/\\\/www.meydan.tv\\\/wp-content\\\/uploads\\\/screenshot_2025-07-30_at_17.08.17_720.png\",\"datePublished\":\"2025-07-30T15:10:48+00:00\",\"dateModified\":\"2025-07-30T15:10:51+00:00\",\"breadcrumb\":{\"@id\":\"https:\\\/\\\/www.meydan.tv\\\/az\\\/article\\\/almaniyali-eks-deputat-az%c9%99rbaycana-gor%c9%99-9-ay-h%c9%99bs-c%c9%99zasi-alib\\\/#breadcrumb\"},\"inLanguage\":\"az\",\"potentialAction\":[{\"@type\":\"ReadAction\",\"target\":[\"https:\\\/\\\/www.meydan.tv\\\/az\\\/article\\\/almaniyali-eks-deputat-az%c9%99rbaycana-gor%c9%99-9-ay-h%c9%99bs-c%c9%99zasi-alib\\\/\"]}]},{\"@type\":\"ImageObject\",\"inLanguage\":\"az\",\"@id\":\"https:\\\/\\\/www.meydan.tv\\\/az\\\/article\\\/almaniyali-eks-deputat-az%c9%99rbaycana-gor%c9%99-9-ay-h%c9%99bs-c%c9%99zasi-alib\\\/#primaryimage\",\"url\":\"https:\\\/\\\/www.meydan.tv\\\/wp-content\\\/uploads\\\/screenshot_2025-07-30_at_17.08.17_720.png\",\"contentUrl\":\"https:\\\/\\\/www.meydan.tv\\\/wp-content\\\/uploads\\\/screenshot_2025-07-30_at_17.08.17_720.png\",\"width\":720,\"height\":350,\"caption\":\"Foto: bundestag.de\"},{\"@type\":\"BreadcrumbList\",\"@id\":\"https:\\\/\\\/www.meydan.tv\\\/az\\\/article\\\/almaniyali-eks-deputat-az%c9%99rbaycana-gor%c9%99-9-ay-h%c9%99bs-c%c9%99zasi-alib\\\/#breadcrumb\",\"itemListElement\":[{\"@type\":\"ListItem\",\"position\":1,\"name\":\"Ana s\u0259hif\u0259\",\"item\":\"https:\\\/\\\/www.meydan.tv\\\/az\\\/\"},{\"@type\":\"ListItem\",\"position\":2,\"name\":\"Siyas\u0259t\",\"item\":\"https:\\\/\\\/www.meydan.tv\\\/az\\\/section\\\/siyaset\\\/\"},{\"@type\":\"ListItem\",\"position\":3,\"name\":\"Almaniyal\u0131 eks deputat Az\u0259rbaycana g\u00f6r\u0259 9 ay h\u0259bs c\u0259zas\u0131 al\u0131b\"}]},{\"@type\":\"WebSite\",\"@id\":\"https:\\\/\\\/www.meydan.tv\\\/az\\\/#website\",\"url\":\"https:\\\/\\\/www.meydan.tv\\\/az\\\/\",\"name\":\"MEYDAN.TV\",\"description\":\"Meydan TV Az\u0259rbaycan\u0131n media m\u0259kan\u0131ndak\u0131 alternativ s\u0259sidir\",\"publisher\":{\"@id\":\"https:\\\/\\\/www.meydan.tv\\\/az\\\/#organization\"},\"potentialAction\":[{\"@type\":\"SearchAction\",\"target\":{\"@type\":\"EntryPoint\",\"urlTemplate\":\"https:\\\/\\\/www.meydan.tv\\\/az\\\/?s={search_term_string}\"},\"query-input\":{\"@type\":\"PropertyValueSpecification\",\"valueRequired\":true,\"valueName\":\"search_term_string\"}}],\"inLanguage\":\"az\"},{\"@type\":\"Organization\",\"@id\":\"https:\\\/\\\/www.meydan.tv\\\/az\\\/#organization\",\"name\":\"Meydan TV\",\"url\":\"https:\\\/\\\/www.meydan.tv\\\/az\\\/\",\"logo\":{\"@type\":\"ImageObject\",\"inLanguage\":\"az\",\"@id\":\"https:\\\/\\\/www.meydan.tv\\\/az\\\/#\\\/schema\\\/logo\\\/image\\\/\",\"url\":\"https:\\\/\\\/www.meydan.tv\\\/wp-content\\\/uploads\\\/2021\\\/07\\\/meydan-logo.svg\",\"contentUrl\":\"https:\\\/\\\/www.meydan.tv\\\/wp-content\\\/uploads\\\/2021\\\/07\\\/meydan-logo.svg\",\"width\":195,\"height\":46,\"caption\":\"Meydan TV\"},\"image\":{\"@id\":\"https:\\\/\\\/www.meydan.tv\\\/az\\\/#\\\/schema\\\/logo\\\/image\\\/\"}},{\"@type\":\"Person\",\"@id\":\"https:\\\/\\\/www.meydan.tv\\\/az\\\/#\\\/schema\\\/person\\\/09863e516102a829e72bedcf3f84c6b0\",\"name\":\"mahmud\"}]}<\/script>\n<!-- \/ Yoast SEO plugin. -->","yoast_head_json":{"title":"Almaniyal\u0131 eks deputat Az\u0259rbaycana g\u00f6r\u0259 9 ay h\u0259bs c\u0259zas\u0131 al\u0131b - MEYDAN.TV","robots":{"index":"index","follow":"follow","max-snippet":"max-snippet:-1","max-image-preview":"max-image-preview:large","max-video-preview":"max-video-preview:-1"},"canonical":"https:\/\/www.meydan.tv\/az\/article\/almaniyali-eks-deputat-az%c9%99rbaycana-gor%c9%99-9-ay-h%c9%99bs-c%c9%99zasi-alib\/","og_locale":"az_AZ","og_type":"article","og_title":"Almaniyal\u0131 eks deputat Az\u0259rbaycana g\u00f6r\u0259 9 ay h\u0259bs c\u0259zas\u0131 al\u0131b - MEYDAN.TV","og_description":"M\u00fcnhen Ali Regional M\u0259hk\u0259m\u0259si\u00a0 \u201cAz\u0259rbaycan i\u015fi\u201dnd\u0259 ke\u00e7mi\u015f deputat Eduard Lintneri ... Davam\u0131","og_url":"https:\/\/www.meydan.tv\/az\/article\/almaniyali-eks-deputat-az%c9%99rbaycana-gor%c9%99-9-ay-h%c9%99bs-c%c9%99zasi-alib\/","og_site_name":"MEYDAN.TV","article_published_time":"2025-07-30T15:10:48+00:00","article_modified_time":"2025-07-30T15:10:51+00:00","og_image":[{"width":720,"height":350,"url":"https:\/\/www.meydan.tv\/wp-content\/uploads\/screenshot_2025-07-30_at_17.08.17_720.png","type":"image\/png"}],"author":"mahmud","twitter_card":"summary_large_image","schema":{"@context":"https:\/\/schema.org","@graph":[{"@type":"Article","@id":"https:\/\/www.meydan.tv\/az\/article\/almaniyali-eks-deputat-az%c9%99rbaycana-gor%c9%99-9-ay-h%c9%99bs-c%c9%99zasi-alib\/#article","isPartOf":{"@id":"https:\/\/www.meydan.tv\/az\/article\/almaniyali-eks-deputat-az%c9%99rbaycana-gor%c9%99-9-ay-h%c9%99bs-c%c9%99zasi-alib\/"},"author":{"name":"mahmud","@id":"https:\/\/www.meydan.tv\/az\/#\/schema\/person\/09863e516102a829e72bedcf3f84c6b0"},"headline":"Almaniyal\u0131 eks deputat Az\u0259rbaycana g\u00f6r\u0259 9 ay h\u0259bs c\u0259zas\u0131 al\u0131b","datePublished":"2025-07-30T15:10:48+00:00","dateModified":"2025-07-30T15:10:51+00:00","mainEntityOfPage":{"@id":"https:\/\/www.meydan.tv\/az\/article\/almaniyali-eks-deputat-az%c9%99rbaycana-gor%c9%99-9-ay-h%c9%99bs-c%c9%99zasi-alib\/"},"wordCount":222,"publisher":{"@id":"https:\/\/www.meydan.tv\/az\/#organization"},"image":{"@id":"https:\/\/www.meydan.tv\/az\/article\/almaniyali-eks-deputat-az%c9%99rbaycana-gor%c9%99-9-ay-h%c9%99bs-c%c9%99zasi-alib\/#primaryimage"},"thumbnailUrl":"https:\/\/www.meydan.tv\/wp-content\/uploads\/screenshot_2025-07-30_at_17.08.17_720.png","articleSection":["Siyas\u0259t","T\u00f6vsiy\u0259","X\u0259b\u0259rl\u0259r"],"inLanguage":"az"},{"@type":"WebPage","@id":"https:\/\/www.meydan.tv\/az\/article\/almaniyali-eks-deputat-az%c9%99rbaycana-gor%c9%99-9-ay-h%c9%99bs-c%c9%99zasi-alib\/","url":"https:\/\/www.meydan.tv\/az\/article\/almaniyali-eks-deputat-az%c9%99rbaycana-gor%c9%99-9-ay-h%c9%99bs-c%c9%99zasi-alib\/","name":"Almaniyal\u0131 eks deputat Az\u0259rbaycana g\u00f6r\u0259 9 ay h\u0259bs c\u0259zas\u0131 al\u0131b - MEYDAN.TV","isPartOf":{"@id":"https:\/\/www.meydan.tv\/az\/#website"},"primaryImageOfPage":{"@id":"https:\/\/www.meydan.tv\/az\/article\/almaniyali-eks-deputat-az%c9%99rbaycana-gor%c9%99-9-ay-h%c9%99bs-c%c9%99zasi-alib\/#primaryimage"},"image":{"@id":"https:\/\/www.meydan.tv\/az\/article\/almaniyali-eks-deputat-az%c9%99rbaycana-gor%c9%99-9-ay-h%c9%99bs-c%c9%99zasi-alib\/#primaryimage"},"thumbnailUrl":"https:\/\/www.meydan.tv\/wp-content\/uploads\/screenshot_2025-07-30_at_17.08.17_720.png","datePublished":"2025-07-30T15:10:48+00:00","dateModified":"2025-07-30T15:10:51+00:00","breadcrumb":{"@id":"https:\/\/www.meydan.tv\/az\/article\/almaniyali-eks-deputat-az%c9%99rbaycana-gor%c9%99-9-ay-h%c9%99bs-c%c9%99zasi-alib\/#breadcrumb"},"inLanguage":"az","potentialAction":[{"@type":"ReadAction","target":["https:\/\/www.meydan.tv\/az\/article\/almaniyali-eks-deputat-az%c9%99rbaycana-gor%c9%99-9-ay-h%c9%99bs-c%c9%99zasi-alib\/"]}]},{"@type":"ImageObject","inLanguage":"az","@id":"https:\/\/www.meydan.tv\/az\/article\/almaniyali-eks-deputat-az%c9%99rbaycana-gor%c9%99-9-ay-h%c9%99bs-c%c9%99zasi-alib\/#primaryimage","url":"https:\/\/www.meydan.tv\/wp-content\/uploads\/screenshot_2025-07-30_at_17.08.17_720.png","contentUrl":"https:\/\/www.meydan.tv\/wp-content\/uploads\/screenshot_2025-07-30_at_17.08.17_720.png","width":720,"height":350,"caption":"Foto: bundestag.de"},{"@type":"BreadcrumbList","@id":"https:\/\/www.meydan.tv\/az\/article\/almaniyali-eks-deputat-az%c9%99rbaycana-gor%c9%99-9-ay-h%c9%99bs-c%c9%99zasi-alib\/#breadcrumb","itemListElement":[{"@type":"ListItem","position":1,"name":"Ana s\u0259hif\u0259","item":"https:\/\/www.meydan.tv\/az\/"},{"@type":"ListItem","position":2,"name":"Siyas\u0259t","item":"https:\/\/www.meydan.tv\/az\/section\/siyaset\/"},{"@type":"ListItem","position":3,"name":"Almaniyal\u0131 eks deputat Az\u0259rbaycana g\u00f6r\u0259 9 ay h\u0259bs c\u0259zas\u0131 al\u0131b"}]},{"@type":"WebSite","@id":"https:\/\/www.meydan.tv\/az\/#website","url":"https:\/\/www.meydan.tv\/az\/","name":"MEYDAN.TV","description":"Meydan TV Az\u0259rbaycan\u0131n media m\u0259kan\u0131ndak\u0131 alternativ s\u0259sidir","publisher":{"@id":"https:\/\/www.meydan.tv\/az\/#organization"},"potentialAction":[{"@type":"SearchAction","target":{"@type":"EntryPoint","urlTemplate":"https:\/\/www.meydan.tv\/az\/?s={search_term_string}"},"query-input":{"@type":"PropertyValueSpecification","valueRequired":true,"valueName":"search_term_string"}}],"inLanguage":"az"},{"@type":"Organization","@id":"https:\/\/www.meydan.tv\/az\/#organization","name":"Meydan TV","url":"https:\/\/www.meydan.tv\/az\/","logo":{"@type":"ImageObject","inLanguage":"az","@id":"https:\/\/www.meydan.tv\/az\/#\/schema\/logo\/image\/","url":"https:\/\/www.meydan.tv\/wp-content\/uploads\/2021\/07\/meydan-logo.svg","contentUrl":"https:\/\/www.meydan.tv\/wp-content\/uploads\/2021\/07\/meydan-logo.svg","width":195,"height":46,"caption":"Meydan TV"},"image":{"@id":"https:\/\/www.meydan.tv\/az\/#\/schema\/logo\/image\/"}},{"@type":"Person","@id":"https:\/\/www.meydan.tv\/az\/#\/schema\/person\/09863e516102a829e72bedcf3f84c6b0","name":"mahmud"}]}},"_links":{"self":[{"href":"https:\/\/www.meydan.tv\/az\/wp-json\/wp\/v2\/posts\/333701","targetHints":{"allow":["GET"]}}],"collection":[{"href":"https:\/\/www.meydan.tv\/az\/wp-json\/wp\/v2\/posts"}],"about":[{"href":"https:\/\/www.meydan.tv\/az\/wp-json\/wp\/v2\/types\/post"}],"author":[{"embeddable":true,"href":"https:\/\/www.meydan.tv\/az\/wp-json\/wp\/v2\/users\/21"}],"replies":[{"embeddable":true,"href":"https:\/\/www.meydan.tv\/az\/wp-json\/wp\/v2\/comments?post=333701"}],"version-history":[{"count":1,"href":"https:\/\/www.meydan.tv\/az\/wp-json\/wp\/v2\/posts\/333701\/revisions"}],"predecessor-version":[{"id":333710,"href":"https:\/\/www.meydan.tv\/az\/wp-json\/wp\/v2\/posts\/333701\/revisions\/333710"}],"wp:featuredmedia":[{"embeddable":true,"href":"https:\/\/www.meydan.tv\/az\/wp-json\/wp\/v2\/media\/333707"}],"wp:attachment":[{"href":"https:\/\/www.meydan.tv\/az\/wp-json\/wp\/v2\/media?parent=333701"}],"wp:term":[{"taxonomy":"category","embeddable":true,"href":"https:\/\/www.meydan.tv\/az\/wp-json\/wp\/v2\/categories?post=333701"},{"taxonomy":"post_tag","embeddable":true,"href":"https:\/\/www.meydan.tv\/az\/wp-json\/wp\/v2\/tags?post=333701"}],"curies":[{"name":"wp","href":"https:\/\/api.w.org\/{rel}","templated":true}]}}