{"id":333586,"date":"2025-07-28T13:49:54","date_gmt":"2025-07-28T09:49:54","guid":{"rendered":"https:\/\/www.meydan.tv\/?p=333586"},"modified":"2025-07-28T13:50:03","modified_gmt":"2025-07-28T09:50:03","slug":"eliyevin-susada-cixisi-v%c9%99-rusiyadaki-cagirislar","status":"publish","type":"post","link":"https:\/\/www.meydan.tv\/az\/article\/eliyevin-susada-cixisi-v%c9%99-rusiyadaki-cagirislar\/","title":{"rendered":"\u018fliyevin \u015eu\u015fadak\u0131 \u00e7\u0131x\u0131\u015f\u0131 v\u0259 Rusiyada \u00e7a\u011f\u0131r\u0131\u015flar"},"content":{"rendered":"\n<p><strong>\u015eu\u015fada bu g\u00fcnl\u0259rd\u0259 ba\u015fa \u00e7atan beyn\u0259lxalq konfransda Az\u0259rbaycan Prezidenti \u0130lham \u018fliyev Ukraynaya \u0259sas t\u00f6vsiy\u0259sini verdi: &#8220;He\u00e7 vaxt i\u015f\u011falla raz\u0131la\u015fmay\u0131n. Biz bel\u0259 etdik. T\u0259slim olmay\u0131n v\u0259 \u0259razi b\u00fct\u00f6vl\u00fcy\u00fcn\u00fcn pozulmas\u0131na q\u0259bullanmay\u0131n&#8221;.<\/strong><\/p>\n\n\n\n<p><strong>\u018fliyevin bu s\u00f6zl\u0259ri sakit v\u0259 h\u0259tta yum\u015faq tonda s\u0259sl\u0259ndirilm\u0259sin\u0259 baxmayaraq, Moskvada bu \u00e7a\u011f\u0131r\u0131\u015f kimi <a href=\"https:\/\/novayagazeta.eu\/articles\/2025\/07\/26\/myshtsy-dostatochnye-dlia-voiny\" target=\"_blank\" rel=\"noreferrer noopener\">qiym\u0259tl\u0259ndirildi<\/a>.<\/strong><\/p>\n\n\n\n<h4 class=\"wp-block-heading\"><strong>Bak\u0131ya raket h\u00fccumu<\/strong><\/h4>\n\n\n\n<p>\u018fslind\u0259, Prezident \u018fliyevin m\u00f6vqeyind\u0259 yeni he\u00e7 n\u0259 yoxdur: Bak\u0131 he\u00e7 vaxt Ukraynan\u0131n \u0259razi b\u00fct\u00f6vl\u00fcy\u00fcn\u00fc \u015f\u00fcbh\u0259 alt\u0131na almay\u0131b. V\u0259 b\u0259lk\u0259 d\u0259 bu b\u0259yanat Moskvada bel\u0259 k\u0259skin reaksiyaya s\u0259b\u0259b olmazd\u0131, \u0259g\u0259r \u018fliyev s\u00f6zl\u0259rini simvolik jestl\u0259 tamamlamasayd\u0131: o, ukraynal\u0131 jurnalist Alyona Kurbanovan\u0131n konfransa g\u0259tirdiyi Ukrayna d\u00f6y\u00fc\u015f briqadalar\u0131n\u0131n \u015fevronlar\u0131n\u0131 (qol ni\u015fan\u0131 &#8211; red.) q\u0259bul etdi. H\u0259diyy\u0259y\u0259 g\u00f6r\u0259 t\u0259\u015f\u0259kk\u00fcr ed\u0259n Az\u0259rbaycan Prezidenti ukraynal\u0131lara daha bir m\u0259sl\u0259h\u0259t verdi: \u201cBel\u0259 davam edin\u201d.<\/p>\n\n\n\n<p>Az\u0259rbaycan Prezidentinin bu s\u00f6zl\u0259ri v\u0259 davran\u0131\u015f\u0131 kremlp\u0259r\u0259st Z-blogerl\u0259r aras\u0131nda hidd\u0259t\u0259 s\u0259b\u0259b oldu. Onlar Az\u0259rbaycan\u0131 \u201cNATO-nun filial\u0131\u201d adland\u0131rma\u011fa ba\u015flad\u0131lar v\u0259 Bak\u0131n\u0131n m\u0259rk\u0259zini raket at\u0259\u015fin\u0259 tutma\u011f\u0131 t\u0259klif etdil\u0259r. Rusiya televiziya t\u0259bli\u011fat\u0131n\u0131n ruporu Vladimir Solovyov verili\u015finin tam yar\u0131m saat\u0131n\u0131 Az\u0259rbaycana qar\u015f\u0131 t\u0259hdidl\u0259r\u0259 h\u0259sr etdi. O, Bak\u0131ya qar\u015f\u0131 &#8220;\u0259n s\u0259rt sanksiyalara&#8221; \u00fcmid etdiyini bildirdi v\u0259 Az\u0259rbaycan r\u0259hb\u0259rliyini &#8220;ortaq s\u0259rh\u0259dl\u0259rin oldu\u011funu v\u0259 laz\u0131m g\u0259l\u0259rs\u0259, m\u00fcharib\u0259 \u00fc\u00e7\u00fcn kifay\u0259t q\u0259d\u0259r g\u00fcc\u00fcn oldu\u011funu d\u0259rk etm\u0259y\u0259&#8221; \u00e7a\u011f\u0131rd\u0131.<\/p>\n\n\n\n<p>M\u0259s\u0259l\u0259 Solovyovla bitm\u0259di. O c\u00fcml\u0259d\u0259n m\u00fcharib\u0259 m\u00fcxbiri Kotyonok \u201cRus g\u0259misini qay\u0131qlarla \u0259hat\u0259y\u0259 alm\u0131\u015f v\u0259h\u015fil\u0259rin h\u0259yas\u0131zl\u0131\u011f\u0131na\u201d son qoymaq \u00fc\u00e7\u00fcn \u201cg\u00fcc n\u00fcmayi\u015f etdirm\u0259yi\u201d t\u0259klif etdi. <\/p>\n\n\n\n<p>\u018fliyev is\u0259 media il\u0259 ke\u00e7iril\u0259n eyni g\u00f6r\u00fc\u015fd\u0259 Q\u0259rbl\u0259 daha da b\u00f6y\u00fck yax\u0131nla\u015fma g\u00f6zl\u0259diyin\u0259 eyham vurdu:<\/p>\n\n\n\n<p><em>&#8220;Biz AB\u015e il\u0259 g\u00fccl\u00fc \u0259laq\u0259l\u0259r \u00fc\u00e7\u00fcn b\u00f6y\u00fck potensial g\u00f6r\u00fcr\u00fck. Biz Va\u015finqtondan \u00e7ox m\u00fcsb\u0259t siqnallar ald\u0131q, Az\u0259rbaycandan da \u00e7ox m\u00fcsb\u0259t siqnallar oldu. Bizim enerji t\u0259hl\u00fck\u0259sizliyi, \u00fcmum\u0259n t\u0259hl\u00fck\u0259sizlikl\u0259 ba\u011fl\u0131 sah\u0259l\u0259rd\u0259 z\u0259ngin t\u0259r\u0259fda\u015fl\u0131q tariximiz var&#8221;.<\/em><\/p>\n\n\n\n<h4 class=\"wp-block-heading\"><strong>M\u0259n bilir\u0259m ki, s\u0259n bilirs\u0259n ki, m\u0259n bilir\u0259m <\/strong><\/h4>\n\n\n\n<p>Bu fonda Moskvan\u0131n Bak\u0131 il\u0259 ba\u011fl\u0131 r\u0259smi m\u00f6vqeyi h\u0259qiq\u0259t\u0259n d\u0259 kifay\u0259t q\u0259d\u0259r qeyri-m\u00fc\u0259yy\u0259n g\u00f6r\u00fcn\u00fcr. Putinin m\u0259tbuat katibi Dmitri Peskov yaln\u0131z bu \u015f\u0259rhi verib ki, Rusiya \u201cAz\u0259rbaycan r\u0259hb\u0259rliyinin Ukrayna il\u0259 ba\u011fl\u0131 m\u00f6vqeyind\u0259n x\u0259b\u0259rdard\u0131r v\u0259 burada fikirl\u0259r f\u0259rqlidir\u201d. <\/p>\n\n\n\n<p><em>&#8220;Eyni zamanda, \u00fcmid edirik ki, bu fikir ayr\u0131l\u0131qlar\u0131 bizim ikit\u0259r\u0259fli m\u00fcnasib\u0259tl\u0259rd\u0259 yaranm\u0131\u015f q\u0131sa bir soyuma d\u00f6vr\u00fcn\u00fc ke\u00e7m\u0259yimiz \u00fc\u00e7\u00fcn mane\u0259 olmayacaq. V\u0259 m\u00f6vcud v\u0259ziyy\u0259t namin\u0259 qar\u015f\u0131l\u0131ql\u0131 faydal\u0131 maraqlar\u0131 qurban verm\u0259m\u0259y\u0259 \u00fcmid edirik&#8221;,<\/em> &#8211; Peskov bildirib. O \u0259lav\u0259 edib: <em>\u201cAz\u0259rbaycanda ruslara h\u00f6rm\u0259t edilm\u0259si bizim \u00fc\u00e7\u00fcn \u00e7ox vacibdir\u201d.<\/em><\/p>\n\n\n\n<p>\u015eu\u015fada ke\u00e7iril\u0259n media forumunda \u0130lham \u018fliyev dig\u0259r m\u0259s\u0259l\u0259l\u0259rl\u0259 yana\u015f\u0131, AZAL t\u0259yyar\u0259sinin q\u0259zaya u\u011framas\u0131 il\u0259 ba\u011fl\u0131 Bak\u0131n\u0131n Rusiya Federasiyas\u0131na qar\u015f\u0131 beyn\u0259lxalq m\u0259hk\u0259m\u0259l\u0259rd\u0259 iddia haz\u0131rlad\u0131\u011f\u0131n\u0131 da bildirib.<\/p>\n\n\n\n<p>&#8220;Reuters&#8221;\u0259 m\u00fcsahib\u0259sind\u0259 o, vurulan Az\u0259rbaycan s\u0259rni\u015fin t\u0259yyar\u0259si il\u0259 ba\u011fl\u0131 <a href=\"https:\/\/www.meydan.tv\/az\/article\/rusiyanin-azal-t%c9%99yyar%c9%99sinin-q%c9%99zasi-il%c9%99-bagli-istintaq-prosesini-uzatdigi-deyilir\/\" target=\"_blank\" rel=\"noreferrer noopener\">faci\u0259y\u0259 g\u00f6r\u0259<\/a> Rusiyan\u0131n \u00fczr ist\u0259m\u0259k ist\u0259m\u0259m\u0259sin\u0259 t\u0259\u0259cc\u00fcbl\u0259ndiyini a\u00e7\u0131qlay\u0131b.<\/p>\n\n\n\n<p><em>&#8220;Biz n\u0259 ba\u015f verdiyini bilirik v\u0259 bunu s\u00fcbut ed\u0259 bil\u0259rik. V\u0259 biz bilirik ki, Rusiya hakimiyy\u0259ti n\u0259 ba\u015f verdiyini bilir. V\u0259 sual olunur ki, niy\u0259 onlar h\u0259r bir qon\u015funun ed\u0259c\u0259yini etmirl\u0259r. Bizim xahi\u015fimiz tamamil\u0259 t\u0259biidir: bu q\u0259zada g\u00fcnah\u0131 boyunlar\u0131na als\u0131nlar, t\u0259yyar\u0259mizi at\u0259\u015f\u0259 tutanlar c\u0259zaland\u0131r\u0131ls\u0131n, h\u0259lak olanlar\u0131n ail\u0259l\u0259rin\u0259, x\u0259sar\u0259t alanlara t\u0259zminat \u00f6d\u0259nsin v\u0259 AZAL-a d\u0259ymi\u015f ziyan \u00f6d\u0259nilsin&#8221;.<\/em><\/p>\n\n\n\n<figure class=\"wp-block-image size-large\"><img decoding=\"async\" width=\"1200\" height=\"692\" data-src=\"https:\/\/www.meydan.tv\/wp-content\/uploads\/bez-nazvaniya-1200x692.png\" alt=\"\" class=\"wp-image-323400 lazyload\" src=\"data:image\/svg+xml;base64,PHN2ZyB3aWR0aD0iMSIgaGVpZ2h0PSIxIiB4bWxucz0iaHR0cDovL3d3dy53My5vcmcvMjAwMC9zdmciPjwvc3ZnPg==\" style=\"--smush-placeholder-width: 1200px; --smush-placeholder-aspect-ratio: 1200\/692;\" \/><figcaption class=\"wp-element-caption\">Foto: Reuters<\/figcaption><\/figure>\n\n\n\n<h4 class=\"wp-block-heading\">Bak\u0131 n\u0259 ed\u0259 bil\u0259r<\/h4>\n\n\n\n<p>Bak\u0131 il\u0259 Moskva aras\u0131nda g\u0259rginl\u0259\u015fmi\u015f bu m\u00fcnasib\u0259tl\u0259r Az\u0259rbaycan v\u0259 Erm\u0259nistan aras\u0131nda birba\u015fa dan\u0131\u015f\u0131qlar kontekstind\u0259 m\u00fczakir\u0259 olunur. Bir \u00e7ox m\u00fc\u015fahid\u0259\u00e7il\u0259r hesab edir ki, haz\u0131rk\u0131 eskalasiya Moskvan\u0131n Az\u0259rbaycanla Erm\u0259nistan aras\u0131ndak\u0131 m\u00fcnasib\u0259tl\u0259rin onun vasit\u0259\u00e7iliyin\u0259 ehtiyac duymadan inki\u015faf etm\u0259sin\u0259 q\u0259z\u0259bl\u0259nm\u0259si il\u0259 ba\u011fl\u0131d\u0131r, y\u0259ni Rusiya C\u0259nubi Qafqazda m\u00f6vqel\u0259rini dem\u0259k olar ki, tamamil\u0259 itirib.<\/p>\n\n\n\n<p>G\u00f6r\u00fcnd\u00fcy\u00fc kimi, Az\u0259rbaycan\u0131n da Rusiyan\u0131n kefin\u0259 so\u011fan do\u011framaq \u00fc\u00e7\u00fcn potensial\u0131 var. M\u0259s\u0259l\u0259n, Az\u0259rbaycan G\u00fcrc\u00fcstan v\u0259 Erm\u0259nistan \u00fcz\u0259rind\u0259n \u0130rana ged\u0259n quru yolunu ba\u011flaya, bununla da Rusiyan\u0131 C\u0259nubi Asiya v\u0259 Afrika il\u0259 birl\u0259\u015fdir\u0259n yegan\u0259 d\u0259hlizin qar\u015f\u0131s\u0131n\u0131 k\u0259s\u0259 bil\u0259r. Az\u0259rbaycandan sonra T\u00fcrkiy\u0259 d\u0259 Rusiya il\u0259 m\u00fcnasib\u0259tl\u0259rin\u0259 yenid\u0259n baxarsa, Moskva Aral\u0131q d\u0259nizin\u0259 \u00e7\u0131x\u0131\u015f\u0131n\u0131 itir\u0259c\u0259k.<\/p>\n\n\n\n<figure class=\"wp-block-image size-full\"><img decoding=\"async\" width=\"1200\" height=\"566\" data-src=\"https:\/\/www.meydan.tv\/wp-content\/uploads\/img_0013-1-e1694251764231.jpg\" alt=\"N.Pa\u015finyan v\u0259 \u0130.\u018fliyev. Foto: Meydan TV\" class=\"wp-image-277892 lazyload\" src=\"data:image\/svg+xml;base64,PHN2ZyB3aWR0aD0iMSIgaGVpZ2h0PSIxIiB4bWxucz0iaHR0cDovL3d3dy53My5vcmcvMjAwMC9zdmciPjwvc3ZnPg==\" style=\"--smush-placeholder-width: 1200px; --smush-placeholder-aspect-ratio: 1200\/566;\" \/><figcaption class=\"wp-element-caption\">N.Pa\u015finyan v\u0259 \u0130.\u018fliyev. \u0130ll\u00fcstrasiya: Meydan TV<\/figcaption><\/figure>\n\n\n\n<p>X\u0259z\u0259r d\u0259nizi d\u0259 sektorlara b\u00f6l\u00fcn\u0259 bil\u0259r v\u0259 sonra Rusiya tankerl\u0259ri Az\u0259rbaycan, T\u00fcrkm\u0259nistan v\u0259 Qazax\u0131stan\u0131n \u0259razi sular\u0131nda \u00fczm\u0259li olacaqlar ki, bu da \u00e7atd\u0131r\u0131lmalar\u0131n logistikas\u0131n\u0131, x\u00fcsus\u0259n d\u0259 Rusiya neftin\u0259 qar\u015f\u0131 m\u00f6vcud v\u0259 qar\u015f\u0131dan g\u0259l\u0259n sanksiyalar fonunda xeyli \u00e7\u0259tinl\u0259\u015f\u0259c\u0259k.<\/p>\n\n\n\n<p><\/p>\n\n\n\n<p><\/p>\n","protected":false},"excerpt":{"rendered":"<p>\u015eu\u015fada bu g\u00fcnl\u0259rd\u0259 ba\u015fa \u00e7atan beyn\u0259lxalq konfransda Az\u0259rbaycan Prezidenti \u0130lham &#8230; <\/p>\n<p class=\"read-more-container\"><a title=\"\u018fliyevin \u015eu\u015fadak\u0131 \u00e7\u0131x\u0131\u015f\u0131 v\u0259 Rusiyada \u00e7a\u011f\u0131r\u0131\u015flar\" class=\"read-more button\" href=\"https:\/\/www.meydan.tv\/az\/article\/eliyevin-susada-cixisi-v%c9%99-rusiyadaki-cagirislar\/#more-333586\" aria-label=\"Read more about \u018fliyevin \u015eu\u015fadak\u0131 \u00e7\u0131x\u0131\u015f\u0131 v\u0259 Rusiyada \u00e7a\u011f\u0131r\u0131\u015flar\">Davam\u0131<\/a><\/p>\n","protected":false},"author":16,"featured_media":109009,"comment_status":"closed","ping_status":"closed","sticky":false,"template":"","format":"standard","meta":{"_acf_changed":false,"_sitemap_exclude":false,"_sitemap_priority":"","_sitemap_frequency":"","footnotes":""},"categories":[59,79,56],"tags":[],"class_list":["post-333586","post","type-post","status-publish","format-standard","has-post-thumbnail","hentry","category-siyaset","category-featured","category-xeberler","infinite-scroll-item","generate-columns","tablet-grid-50","mobile-grid-100","grid-parent","grid-33","no-featured-image-padding"],"acf":[],"yoast_head":"<!-- This site is optimized with the Yoast SEO plugin v27.5 - https:\/\/yoast.com\/product\/yoast-seo-wordpress\/ -->\n<title>\u018fliyevin \u015eu\u015fadak\u0131 \u00e7\u0131x\u0131\u015f\u0131 v\u0259 Rusiyada \u00e7a\u011f\u0131r\u0131\u015flar - MEYDAN.TV<\/title>\n<meta name=\"robots\" content=\"index, follow, max-snippet:-1, max-image-preview:large, max-video-preview:-1\" \/>\n<link rel=\"canonical\" href=\"https:\/\/www.meydan.tv\/az\/article\/eliyevin-susada-cixisi-v%c9%99-rusiyadaki-cagirislar\/\" \/>\n<meta property=\"og:locale\" content=\"az_AZ\" \/>\n<meta property=\"og:type\" content=\"article\" \/>\n<meta property=\"og:title\" content=\"\u018fliyevin \u015eu\u015fadak\u0131 \u00e7\u0131x\u0131\u015f\u0131 v\u0259 Rusiyada \u00e7a\u011f\u0131r\u0131\u015flar - MEYDAN.TV\" \/>\n<meta property=\"og:description\" content=\"\u015eu\u015fada bu g\u00fcnl\u0259rd\u0259 ba\u015fa \u00e7atan beyn\u0259lxalq konfransda Az\u0259rbaycan Prezidenti \u0130lham ... Davam\u0131\" \/>\n<meta property=\"og:url\" content=\"https:\/\/www.meydan.tv\/az\/article\/eliyevin-susada-cixisi-v%c9%99-rusiyadaki-cagirislar\/\" \/>\n<meta property=\"og:site_name\" content=\"MEYDAN.TV\" \/>\n<meta property=\"article:published_time\" content=\"2025-07-28T09:49:54+00:00\" \/>\n<meta property=\"article:modified_time\" content=\"2025-07-28T09:50:03+00:00\" \/>\n<meta property=\"og:image\" content=\"https:\/\/www.meydan.tv\/wp-content\/uploads\/43334-e1725538505504.jpg\" \/>\n\t<meta property=\"og:image:width\" content=\"1947\" \/>\n\t<meta property=\"og:image:height\" content=\"869\" \/>\n\t<meta property=\"og:image:type\" content=\"image\/jpeg\" \/>\n<meta name=\"author\" content=\"sevda\" \/>\n<meta name=\"twitter:card\" content=\"summary_large_image\" \/>\n<script type=\"application\/ld+json\" class=\"yoast-schema-graph\">{\"@context\":\"https:\\\/\\\/schema.org\",\"@graph\":[{\"@type\":\"Article\",\"@id\":\"https:\\\/\\\/www.meydan.tv\\\/az\\\/article\\\/eliyevin-susada-cixisi-v%c9%99-rusiyadaki-cagirislar\\\/#article\",\"isPartOf\":{\"@id\":\"https:\\\/\\\/www.meydan.tv\\\/az\\\/article\\\/eliyevin-susada-cixisi-v%c9%99-rusiyadaki-cagirislar\\\/\"},\"author\":{\"name\":\"sevda\",\"@id\":\"https:\\\/\\\/www.meydan.tv\\\/az\\\/#\\\/schema\\\/person\\\/49b5f2bad5b126bb8ea9320eeb3e4dc9\"},\"headline\":\"\u018fliyevin \u015eu\u015fadak\u0131 \u00e7\u0131x\u0131\u015f\u0131 v\u0259 Rusiyada \u00e7a\u011f\u0131r\u0131\u015flar\",\"datePublished\":\"2025-07-28T09:49:54+00:00\",\"dateModified\":\"2025-07-28T09:50:03+00:00\",\"mainEntityOfPage\":{\"@id\":\"https:\\\/\\\/www.meydan.tv\\\/az\\\/article\\\/eliyevin-susada-cixisi-v%c9%99-rusiyadaki-cagirislar\\\/\"},\"wordCount\":1015,\"publisher\":{\"@id\":\"https:\\\/\\\/www.meydan.tv\\\/az\\\/#organization\"},\"image\":{\"@id\":\"https:\\\/\\\/www.meydan.tv\\\/az\\\/article\\\/eliyevin-susada-cixisi-v%c9%99-rusiyadaki-cagirislar\\\/#primaryimage\"},\"thumbnailUrl\":\"https:\\\/\\\/www.meydan.tv\\\/wp-content\\\/uploads\\\/43334-e1725538505504.jpg\",\"articleSection\":[\"Siyas\u0259t\",\"T\u00f6vsiy\u0259\",\"X\u0259b\u0259rl\u0259r\"],\"inLanguage\":\"az\"},{\"@type\":\"WebPage\",\"@id\":\"https:\\\/\\\/www.meydan.tv\\\/az\\\/article\\\/eliyevin-susada-cixisi-v%c9%99-rusiyadaki-cagirislar\\\/\",\"url\":\"https:\\\/\\\/www.meydan.tv\\\/az\\\/article\\\/eliyevin-susada-cixisi-v%c9%99-rusiyadaki-cagirislar\\\/\",\"name\":\"\u018fliyevin \u015eu\u015fadak\u0131 \u00e7\u0131x\u0131\u015f\u0131 v\u0259 Rusiyada \u00e7a\u011f\u0131r\u0131\u015flar - MEYDAN.TV\",\"isPartOf\":{\"@id\":\"https:\\\/\\\/www.meydan.tv\\\/az\\\/#website\"},\"primaryImageOfPage\":{\"@id\":\"https:\\\/\\\/www.meydan.tv\\\/az\\\/article\\\/eliyevin-susada-cixisi-v%c9%99-rusiyadaki-cagirislar\\\/#primaryimage\"},\"image\":{\"@id\":\"https:\\\/\\\/www.meydan.tv\\\/az\\\/article\\\/eliyevin-susada-cixisi-v%c9%99-rusiyadaki-cagirislar\\\/#primaryimage\"},\"thumbnailUrl\":\"https:\\\/\\\/www.meydan.tv\\\/wp-content\\\/uploads\\\/43334-e1725538505504.jpg\",\"datePublished\":\"2025-07-28T09:49:54+00:00\",\"dateModified\":\"2025-07-28T09:50:03+00:00\",\"breadcrumb\":{\"@id\":\"https:\\\/\\\/www.meydan.tv\\\/az\\\/article\\\/eliyevin-susada-cixisi-v%c9%99-rusiyadaki-cagirislar\\\/#breadcrumb\"},\"inLanguage\":\"az\",\"potentialAction\":[{\"@type\":\"ReadAction\",\"target\":[\"https:\\\/\\\/www.meydan.tv\\\/az\\\/article\\\/eliyevin-susada-cixisi-v%c9%99-rusiyadaki-cagirislar\\\/\"]}]},{\"@type\":\"ImageObject\",\"inLanguage\":\"az\",\"@id\":\"https:\\\/\\\/www.meydan.tv\\\/az\\\/article\\\/eliyevin-susada-cixisi-v%c9%99-rusiyadaki-cagirislar\\\/#primaryimage\",\"url\":\"https:\\\/\\\/www.meydan.tv\\\/wp-content\\\/uploads\\\/43334-e1725538505504.jpg\",\"contentUrl\":\"https:\\\/\\\/www.meydan.tv\\\/wp-content\\\/uploads\\\/43334-e1725538505504.jpg\",\"width\":1947,\"height\":869,\"caption\":\"Foto: Az\u0259rtac\"},{\"@type\":\"BreadcrumbList\",\"@id\":\"https:\\\/\\\/www.meydan.tv\\\/az\\\/article\\\/eliyevin-susada-cixisi-v%c9%99-rusiyadaki-cagirislar\\\/#breadcrumb\",\"itemListElement\":[{\"@type\":\"ListItem\",\"position\":1,\"name\":\"Ana s\u0259hif\u0259\",\"item\":\"https:\\\/\\\/www.meydan.tv\\\/az\\\/\"},{\"@type\":\"ListItem\",\"position\":2,\"name\":\"X\u0259b\u0259rl\u0259r\",\"item\":\"https:\\\/\\\/www.meydan.tv\\\/az\\\/section\\\/xeberler\\\/\"},{\"@type\":\"ListItem\",\"position\":3,\"name\":\"\u018fliyevin \u015eu\u015fadak\u0131 \u00e7\u0131x\u0131\u015f\u0131 v\u0259 Rusiyada \u00e7a\u011f\u0131r\u0131\u015flar\"}]},{\"@type\":\"WebSite\",\"@id\":\"https:\\\/\\\/www.meydan.tv\\\/az\\\/#website\",\"url\":\"https:\\\/\\\/www.meydan.tv\\\/az\\\/\",\"name\":\"MEYDAN.TV\",\"description\":\"Meydan TV Az\u0259rbaycan\u0131n media m\u0259kan\u0131ndak\u0131 alternativ s\u0259sidir\",\"publisher\":{\"@id\":\"https:\\\/\\\/www.meydan.tv\\\/az\\\/#organization\"},\"potentialAction\":[{\"@type\":\"SearchAction\",\"target\":{\"@type\":\"EntryPoint\",\"urlTemplate\":\"https:\\\/\\\/www.meydan.tv\\\/az\\\/?s={search_term_string}\"},\"query-input\":{\"@type\":\"PropertyValueSpecification\",\"valueRequired\":true,\"valueName\":\"search_term_string\"}}],\"inLanguage\":\"az\"},{\"@type\":\"Organization\",\"@id\":\"https:\\\/\\\/www.meydan.tv\\\/az\\\/#organization\",\"name\":\"Meydan TV\",\"url\":\"https:\\\/\\\/www.meydan.tv\\\/az\\\/\",\"logo\":{\"@type\":\"ImageObject\",\"inLanguage\":\"az\",\"@id\":\"https:\\\/\\\/www.meydan.tv\\\/az\\\/#\\\/schema\\\/logo\\\/image\\\/\",\"url\":\"https:\\\/\\\/www.meydan.tv\\\/wp-content\\\/uploads\\\/2021\\\/07\\\/meydan-logo.svg\",\"contentUrl\":\"https:\\\/\\\/www.meydan.tv\\\/wp-content\\\/uploads\\\/2021\\\/07\\\/meydan-logo.svg\",\"width\":195,\"height\":46,\"caption\":\"Meydan TV\"},\"image\":{\"@id\":\"https:\\\/\\\/www.meydan.tv\\\/az\\\/#\\\/schema\\\/logo\\\/image\\\/\"}},{\"@type\":\"Person\",\"@id\":\"https:\\\/\\\/www.meydan.tv\\\/az\\\/#\\\/schema\\\/person\\\/49b5f2bad5b126bb8ea9320eeb3e4dc9\",\"name\":\"sevda\"}]}<\/script>\n<!-- \/ Yoast SEO plugin. -->","yoast_head_json":{"title":"\u018fliyevin \u015eu\u015fadak\u0131 \u00e7\u0131x\u0131\u015f\u0131 v\u0259 Rusiyada \u00e7a\u011f\u0131r\u0131\u015flar - MEYDAN.TV","robots":{"index":"index","follow":"follow","max-snippet":"max-snippet:-1","max-image-preview":"max-image-preview:large","max-video-preview":"max-video-preview:-1"},"canonical":"https:\/\/www.meydan.tv\/az\/article\/eliyevin-susada-cixisi-v%c9%99-rusiyadaki-cagirislar\/","og_locale":"az_AZ","og_type":"article","og_title":"\u018fliyevin \u015eu\u015fadak\u0131 \u00e7\u0131x\u0131\u015f\u0131 v\u0259 Rusiyada \u00e7a\u011f\u0131r\u0131\u015flar - MEYDAN.TV","og_description":"\u015eu\u015fada bu g\u00fcnl\u0259rd\u0259 ba\u015fa \u00e7atan beyn\u0259lxalq konfransda Az\u0259rbaycan Prezidenti \u0130lham ... Davam\u0131","og_url":"https:\/\/www.meydan.tv\/az\/article\/eliyevin-susada-cixisi-v%c9%99-rusiyadaki-cagirislar\/","og_site_name":"MEYDAN.TV","article_published_time":"2025-07-28T09:49:54+00:00","article_modified_time":"2025-07-28T09:50:03+00:00","og_image":[{"width":1947,"height":869,"url":"https:\/\/www.meydan.tv\/wp-content\/uploads\/43334-e1725538505504.jpg","type":"image\/jpeg"}],"author":"sevda","twitter_card":"summary_large_image","schema":{"@context":"https:\/\/schema.org","@graph":[{"@type":"Article","@id":"https:\/\/www.meydan.tv\/az\/article\/eliyevin-susada-cixisi-v%c9%99-rusiyadaki-cagirislar\/#article","isPartOf":{"@id":"https:\/\/www.meydan.tv\/az\/article\/eliyevin-susada-cixisi-v%c9%99-rusiyadaki-cagirislar\/"},"author":{"name":"sevda","@id":"https:\/\/www.meydan.tv\/az\/#\/schema\/person\/49b5f2bad5b126bb8ea9320eeb3e4dc9"},"headline":"\u018fliyevin \u015eu\u015fadak\u0131 \u00e7\u0131x\u0131\u015f\u0131 v\u0259 Rusiyada \u00e7a\u011f\u0131r\u0131\u015flar","datePublished":"2025-07-28T09:49:54+00:00","dateModified":"2025-07-28T09:50:03+00:00","mainEntityOfPage":{"@id":"https:\/\/www.meydan.tv\/az\/article\/eliyevin-susada-cixisi-v%c9%99-rusiyadaki-cagirislar\/"},"wordCount":1015,"publisher":{"@id":"https:\/\/www.meydan.tv\/az\/#organization"},"image":{"@id":"https:\/\/www.meydan.tv\/az\/article\/eliyevin-susada-cixisi-v%c9%99-rusiyadaki-cagirislar\/#primaryimage"},"thumbnailUrl":"https:\/\/www.meydan.tv\/wp-content\/uploads\/43334-e1725538505504.jpg","articleSection":["Siyas\u0259t","T\u00f6vsiy\u0259","X\u0259b\u0259rl\u0259r"],"inLanguage":"az"},{"@type":"WebPage","@id":"https:\/\/www.meydan.tv\/az\/article\/eliyevin-susada-cixisi-v%c9%99-rusiyadaki-cagirislar\/","url":"https:\/\/www.meydan.tv\/az\/article\/eliyevin-susada-cixisi-v%c9%99-rusiyadaki-cagirislar\/","name":"\u018fliyevin \u015eu\u015fadak\u0131 \u00e7\u0131x\u0131\u015f\u0131 v\u0259 Rusiyada \u00e7a\u011f\u0131r\u0131\u015flar - MEYDAN.TV","isPartOf":{"@id":"https:\/\/www.meydan.tv\/az\/#website"},"primaryImageOfPage":{"@id":"https:\/\/www.meydan.tv\/az\/article\/eliyevin-susada-cixisi-v%c9%99-rusiyadaki-cagirislar\/#primaryimage"},"image":{"@id":"https:\/\/www.meydan.tv\/az\/article\/eliyevin-susada-cixisi-v%c9%99-rusiyadaki-cagirislar\/#primaryimage"},"thumbnailUrl":"https:\/\/www.meydan.tv\/wp-content\/uploads\/43334-e1725538505504.jpg","datePublished":"2025-07-28T09:49:54+00:00","dateModified":"2025-07-28T09:50:03+00:00","breadcrumb":{"@id":"https:\/\/www.meydan.tv\/az\/article\/eliyevin-susada-cixisi-v%c9%99-rusiyadaki-cagirislar\/#breadcrumb"},"inLanguage":"az","potentialAction":[{"@type":"ReadAction","target":["https:\/\/www.meydan.tv\/az\/article\/eliyevin-susada-cixisi-v%c9%99-rusiyadaki-cagirislar\/"]}]},{"@type":"ImageObject","inLanguage":"az","@id":"https:\/\/www.meydan.tv\/az\/article\/eliyevin-susada-cixisi-v%c9%99-rusiyadaki-cagirislar\/#primaryimage","url":"https:\/\/www.meydan.tv\/wp-content\/uploads\/43334-e1725538505504.jpg","contentUrl":"https:\/\/www.meydan.tv\/wp-content\/uploads\/43334-e1725538505504.jpg","width":1947,"height":869,"caption":"Foto: Az\u0259rtac"},{"@type":"BreadcrumbList","@id":"https:\/\/www.meydan.tv\/az\/article\/eliyevin-susada-cixisi-v%c9%99-rusiyadaki-cagirislar\/#breadcrumb","itemListElement":[{"@type":"ListItem","position":1,"name":"Ana s\u0259hif\u0259","item":"https:\/\/www.meydan.tv\/az\/"},{"@type":"ListItem","position":2,"name":"X\u0259b\u0259rl\u0259r","item":"https:\/\/www.meydan.tv\/az\/section\/xeberler\/"},{"@type":"ListItem","position":3,"name":"\u018fliyevin \u015eu\u015fadak\u0131 \u00e7\u0131x\u0131\u015f\u0131 v\u0259 Rusiyada \u00e7a\u011f\u0131r\u0131\u015flar"}]},{"@type":"WebSite","@id":"https:\/\/www.meydan.tv\/az\/#website","url":"https:\/\/www.meydan.tv\/az\/","name":"MEYDAN.TV","description":"Meydan TV Az\u0259rbaycan\u0131n media m\u0259kan\u0131ndak\u0131 alternativ s\u0259sidir","publisher":{"@id":"https:\/\/www.meydan.tv\/az\/#organization"},"potentialAction":[{"@type":"SearchAction","target":{"@type":"EntryPoint","urlTemplate":"https:\/\/www.meydan.tv\/az\/?s={search_term_string}"},"query-input":{"@type":"PropertyValueSpecification","valueRequired":true,"valueName":"search_term_string"}}],"inLanguage":"az"},{"@type":"Organization","@id":"https:\/\/www.meydan.tv\/az\/#organization","name":"Meydan TV","url":"https:\/\/www.meydan.tv\/az\/","logo":{"@type":"ImageObject","inLanguage":"az","@id":"https:\/\/www.meydan.tv\/az\/#\/schema\/logo\/image\/","url":"https:\/\/www.meydan.tv\/wp-content\/uploads\/2021\/07\/meydan-logo.svg","contentUrl":"https:\/\/www.meydan.tv\/wp-content\/uploads\/2021\/07\/meydan-logo.svg","width":195,"height":46,"caption":"Meydan TV"},"image":{"@id":"https:\/\/www.meydan.tv\/az\/#\/schema\/logo\/image\/"}},{"@type":"Person","@id":"https:\/\/www.meydan.tv\/az\/#\/schema\/person\/49b5f2bad5b126bb8ea9320eeb3e4dc9","name":"sevda"}]}},"_links":{"self":[{"href":"https:\/\/www.meydan.tv\/az\/wp-json\/wp\/v2\/posts\/333586","targetHints":{"allow":["GET"]}}],"collection":[{"href":"https:\/\/www.meydan.tv\/az\/wp-json\/wp\/v2\/posts"}],"about":[{"href":"https:\/\/www.meydan.tv\/az\/wp-json\/wp\/v2\/types\/post"}],"author":[{"embeddable":true,"href":"https:\/\/www.meydan.tv\/az\/wp-json\/wp\/v2\/users\/16"}],"replies":[{"embeddable":true,"href":"https:\/\/www.meydan.tv\/az\/wp-json\/wp\/v2\/comments?post=333586"}],"version-history":[{"count":12,"href":"https:\/\/www.meydan.tv\/az\/wp-json\/wp\/v2\/posts\/333586\/revisions"}],"predecessor-version":[{"id":333611,"href":"https:\/\/www.meydan.tv\/az\/wp-json\/wp\/v2\/posts\/333586\/revisions\/333611"}],"wp:featuredmedia":[{"embeddable":true,"href":"https:\/\/www.meydan.tv\/az\/wp-json\/wp\/v2\/media\/109009"}],"wp:attachment":[{"href":"https:\/\/www.meydan.tv\/az\/wp-json\/wp\/v2\/media?parent=333586"}],"wp:term":[{"taxonomy":"category","embeddable":true,"href":"https:\/\/www.meydan.tv\/az\/wp-json\/wp\/v2\/categories?post=333586"},{"taxonomy":"post_tag","embeddable":true,"href":"https:\/\/www.meydan.tv\/az\/wp-json\/wp\/v2\/tags?post=333586"}],"curies":[{"name":"wp","href":"https:\/\/api.w.org\/{rel}","templated":true}]}}