{"id":333524,"date":"2025-07-24T18:45:01","date_gmt":"2025-07-24T14:45:01","guid":{"rendered":"https:\/\/www.meydan.tv\/?p=333524"},"modified":"2025-07-24T18:45:05","modified_gmt":"2025-07-24T14:45:05","slug":"fazil-mustafaya-qarsi-sui-q%c9%99sd-ittihamina-gor%c9%99-20-il-c%c9%99za-almis-m%c9%99hbus-acliq-aksiyasina-baslayib","status":"publish","type":"post","link":"https:\/\/www.meydan.tv\/az\/article\/fazil-mustafaya-qarsi-sui-q%c9%99sd-ittihamina-gor%c9%99-20-il-c%c9%99za-almis-m%c9%99hbus-acliq-aksiyasina-baslayib\/","title":{"rendered":"Fazil Mustafaya qar\u015f\u0131 sui-q\u0259sd ittiham\u0131na g\u00f6r\u0259 20 il c\u0259za alm\u0131\u015f m\u0259hbus acl\u0131q aksiyas\u0131na ba\u015flay\u0131b"},"content":{"rendered":"\n<p><\/p>\n\n\n\n<p>Milli M\u0259clisin deputat\u0131 Fazil Mustafaya qar\u015f\u0131 sui-q\u0259sdd\u0259 ittiham olunaraq 20 il m\u00fcdd\u0259tin\u0259 h\u0259bs edilmi\u015f m\u0259hbus S\u0259buhi \u015eirinov iyulun 16-dan acl\u0131q aksiyas\u0131na ba\u015flay\u0131b.<\/p>\n\n\n\n<p>H\u0259yat yolda\u015f\u0131 Xan\u0131m \u015eirinova Meydan TV-y\u0259 bildirib ki, S\u0259buhi \u015eirinov saxlanma \u015f\u0259raiti v\u0259 s\u0259hh\u0259tind\u0259ki probleml\u0259rl\u0259 ba\u011fl\u0131 h\u0259kim m\u00fcayin\u0259si v\u0259 m\u00fcalic\u0259 il\u0259 t\u0259min olunmad\u0131\u011f\u0131 \u00fc\u00e7\u00fcn acl\u0131q aksiyas\u0131 ke\u00e7irir.<\/p>\n\n\n<div class=\"wp-block-image\">\n<figure class=\"alignleft size-full is-resized\"><img decoding=\"async\" width=\"800\" height=\"423\" data-src=\"https:\/\/www.meydan.tv\/wp-content\/uploads\/efe9c45f-1efa-47f7-b64f-efbf9b3cdb90.jpg\" alt=\"\" class=\"wp-image-333535 lazyload\" style=\"--smush-placeholder-width: 800px; --smush-placeholder-aspect-ratio: 800\/423;width:452px;height:auto\" src=\"data:image\/svg+xml;base64,PHN2ZyB3aWR0aD0iMSIgaGVpZ2h0PSIxIiB4bWxucz0iaHR0cDovL3d3dy53My5vcmcvMjAwMC9zdmciPjwvc3ZnPg==\" \/><figcaption class=\"wp-element-caption\">S\u0259buhi \u015eirinov. Foto: Ail\u0259sind\u0259n <\/figcaption><\/figure>\n<\/div>\n\n\n<p><em>\u201cH\u0259yat yolda\u015f\u0131m haz\u0131rda Umbak\u0131 h\u0259bsxanas\u0131nda saxlan\u0131l\u0131r. Fazil Mustafaya sui-q\u0259sdl\u0259 \u0259laq\u0259dar saxlan\u0131ld\u0131\u011f\u0131 g\u00fcn i\u015fg\u0259nc\u0259l\u0259r\u0259 m\u0259ruz qal\u0131b v\u0259 buna g\u00f6r\u0259 d\u0259 ba\u015f\u0131nda m\u00fc\u0259yy\u0259n a\u011fr\u0131lar yaran\u0131b. Qapal\u0131 \u015f\u0259raitd\u0259 saxlan\u0131ld\u0131\u011f\u0131 \u00fc\u00e7\u00fcn a\u011fr\u0131lar\u0131 \u015fidd\u0259tl\u0259nir.\u00a0 Eyni zamanda da di\u015fi \u015fi\u015fib\u201d.<\/em><\/p>\n\n\n\n<p><\/p>\n\n\n\n<p><\/p>\n\n\n\n<details class=\"wp-block-details is-layout-flow wp-block-details-is-layout-flow\"><summary><strong>Hadis\u0259nin tarix\u00e7\u0259s<\/strong>i:<br><\/summary>\n<pre class=\"wp-block-verse\">2023-c\u00fc il mart\u0131n 28-d\u0259 Fazil Mustafaya ya\u015fad\u0131\u011f\u0131 evin qar\u015f\u0131s\u0131nda silahl\u0131 h\u00fccum edilib. O, bud v\u0259 \u00e7iyin nahiy\u0259sind\u0259n x\u0259sar\u0259t al\u0131b. T\u0259qsirl\u0259ndiril\u0259n \u015f\u0259xsl\u0259r\u0259 qar\u015f\u0131 Cinay\u0259t M\u0259c\u0259ll\u0259sinin 214-1 (terroru maliyy\u0259l\u0259\u015fdirm\u0259), 228 (qanunsuz olaraq odlu silah \u0259ld\u0259 etm\u0259, saxlama, g\u0259zdirm\u0259), 274 (d\u00f6vl\u0259t\u0259 x\u0259yan\u0259t), 277 (d\u00f6vl\u0259t xadimi, ictimai xadimin xidm\u0259ti v\u0259 ya siyasi f\u0259aliyy\u0259tin\u0259 son qoymaq, f\u0259aliyy\u0259tin\u0259 g\u00f6r\u0259 qisas almaq m\u0259qs\u0259dil\u0259 h\u0259yat\u0131na sui-q\u0259sd etm\u0259k) madd\u0259l\u0259ril\u0259 ittiham ir\u0259li s\u00fcr\u00fcl\u00fcb. <br><br>M\u0259hk\u0259m\u0259 q\u0259rar\u0131na \u0259sas\u0259n, t\u0259qsirl\u0259ndiril\u0259n Az\u0259r S\u0259ricanov \u00f6m\u00fcrl\u00fck, S\u0259buhi \u015eirinov 20 il, R\u0259\u015fad \u018fhm\u0259dov 19 il, El\u015fad \u018fsg\u0259rov 18 il, Emin \u018fliyarov 4 il azadl\u0131qdan m\u0259hrum edilib.<\/pre>\n<\/details>\n\n\n\n<p><strong>&nbsp;<\/strong>Xan\u0131m \u015eirinova&nbsp; deyir ki, d\u0259f\u0259l\u0259rl\u0259 h\u0259bsxana r\u0259hb\u0259rliyin\u0259 onun s\u0259hh\u0259ti il\u0259 ba\u011fl\u0131 m\u00fcraci\u0259t ets\u0259l\u0259r d\u0259, he\u00e7 bir rekasiya verilm\u0259yib.&nbsp;<\/p>\n\n\n\n<p><em>\u201cD\u0259f\u0259l\u0259rl\u0259 h\u0259bsxanaya m\u00fcraci\u0259t etmi\u015fik ki, s\u0259hh\u0259ti il\u0259 ba\u011fl\u0131 h\u0259kim m\u00fcayin\u0259sind\u0259n ke\u00e7sin v\u0259 m\u00fcalic\u0259 olunsun, amma buna he\u00e7 bir reaksiya verilmir. H\u0259bsxana r\u0259hb\u0259rliyin\u0259 d\u0259 m\u00fcraci\u0259t etmi\u015fik ki, siz m\u00fcalic\u0259 etmirsinizs\u0259, \u00f6z\u00fcm\u00fcz ed\u0259k. Buna da imkan vermirl\u0259r. Ombudsmandan bu g\u00fcn gedib, c\u0259za\u00e7\u0259km\u0259 m\u00fc\u0259ssis\u0259sind\u0259 ba\u015f \u00e7\u0259k\u0259c\u0259kl\u0259rini bildirdil\u0259r\u201d.<\/em><\/p>\n\n\n\n<p>M\u0259s\u0259l\u0259 il\u0259 \u0259laq\u0259dar Penitensiar Xidm\u0259td\u0259n m\u00fcnasib\u0259t \u00f6yr\u0259nm\u0259k m\u00fcmk\u00fcn olmay\u0131b.<\/p>\n","protected":false},"excerpt":{"rendered":"<p>Milli M\u0259clisin deputat\u0131 Fazil Mustafaya qar\u015f\u0131 sui-q\u0259sdd\u0259 ittiham olunaraq 20 &#8230; <\/p>\n<p class=\"read-more-container\"><a title=\"Fazil Mustafaya qar\u015f\u0131 sui-q\u0259sd ittiham\u0131na g\u00f6r\u0259 20 il c\u0259za alm\u0131\u015f m\u0259hbus acl\u0131q aksiyas\u0131na ba\u015flay\u0131b\" class=\"read-more button\" href=\"https:\/\/www.meydan.tv\/az\/article\/fazil-mustafaya-qarsi-sui-q%c9%99sd-ittihamina-gor%c9%99-20-il-c%c9%99za-almis-m%c9%99hbus-acliq-aksiyasina-baslayib\/#more-333524\" aria-label=\"Read more about Fazil Mustafaya qar\u015f\u0131 sui-q\u0259sd ittiham\u0131na g\u00f6r\u0259 20 il c\u0259za alm\u0131\u015f m\u0259hbus acl\u0131q aksiyas\u0131na ba\u015flay\u0131b\">Davam\u0131<\/a><\/p>\n","protected":false},"author":21,"featured_media":209565,"comment_status":"closed","ping_status":"closed","sticky":false,"template":"","format":"standard","meta":{"_acf_changed":false,"_sitemap_exclude":false,"_sitemap_priority":"","_sitemap_frequency":"","footnotes":""},"categories":[62,56],"tags":[],"class_list":["post-333524","post","type-post","status-publish","format-standard","has-post-thumbnail","hentry","category-sosial","category-xeberler","infinite-scroll-item","generate-columns","tablet-grid-50","mobile-grid-100","grid-parent","grid-33","no-featured-image-padding"],"acf":[],"yoast_head":"<!-- This site is optimized with the Yoast SEO plugin v27.4 - https:\/\/yoast.com\/product\/yoast-seo-wordpress\/ -->\n<title>Fazil Mustafaya qar\u015f\u0131 sui-q\u0259sd ittiham\u0131na g\u00f6r\u0259 20 il c\u0259za alm\u0131\u015f m\u0259hbus acl\u0131q aksiyas\u0131na ba\u015flay\u0131b - MEYDAN.TV<\/title>\n<meta name=\"robots\" content=\"index, follow, max-snippet:-1, max-image-preview:large, max-video-preview:-1\" \/>\n<link rel=\"canonical\" href=\"https:\/\/www.meydan.tv\/az\/article\/fazil-mustafaya-qarsi-sui-q%c9%99sd-ittihamina-gor%c9%99-20-il-c%c9%99za-almis-m%c9%99hbus-acliq-aksiyasina-baslayib\/\" \/>\n<meta property=\"og:locale\" content=\"az_AZ\" \/>\n<meta property=\"og:type\" content=\"article\" \/>\n<meta property=\"og:title\" content=\"Fazil Mustafaya qar\u015f\u0131 sui-q\u0259sd ittiham\u0131na g\u00f6r\u0259 20 il c\u0259za alm\u0131\u015f m\u0259hbus acl\u0131q aksiyas\u0131na ba\u015flay\u0131b - MEYDAN.TV\" \/>\n<meta property=\"og:description\" content=\"Milli M\u0259clisin deputat\u0131 Fazil Mustafaya qar\u015f\u0131 sui-q\u0259sdd\u0259 ittiham olunaraq 20 ... Davam\u0131\" \/>\n<meta property=\"og:url\" content=\"https:\/\/www.meydan.tv\/az\/article\/fazil-mustafaya-qarsi-sui-q%c9%99sd-ittihamina-gor%c9%99-20-il-c%c9%99za-almis-m%c9%99hbus-acliq-aksiyasina-baslayib\/\" \/>\n<meta property=\"og:site_name\" content=\"MEYDAN.TV\" \/>\n<meta property=\"article:published_time\" content=\"2025-07-24T14:45:01+00:00\" \/>\n<meta property=\"article:modified_time\" content=\"2025-07-24T14:45:05+00:00\" \/>\n<meta property=\"og:image\" content=\"https:\/\/www.meydan.tv\/wp-content\/uploads\/image_from_ios_k6oinno-scaled.jpg\" \/>\n\t<meta property=\"og:image:width\" content=\"2560\" \/>\n\t<meta property=\"og:image:height\" content=\"1440\" \/>\n\t<meta property=\"og:image:type\" content=\"image\/jpeg\" \/>\n<meta name=\"author\" content=\"mahmud\" \/>\n<meta name=\"twitter:card\" content=\"summary_large_image\" \/>\n<script type=\"application\/ld+json\" class=\"yoast-schema-graph\">{\"@context\":\"https:\\\/\\\/schema.org\",\"@graph\":[{\"@type\":\"Article\",\"@id\":\"https:\\\/\\\/www.meydan.tv\\\/az\\\/article\\\/fazil-mustafaya-qarsi-sui-q%c9%99sd-ittihamina-gor%c9%99-20-il-c%c9%99za-almis-m%c9%99hbus-acliq-aksiyasina-baslayib\\\/#article\",\"isPartOf\":{\"@id\":\"https:\\\/\\\/www.meydan.tv\\\/az\\\/article\\\/fazil-mustafaya-qarsi-sui-q%c9%99sd-ittihamina-gor%c9%99-20-il-c%c9%99za-almis-m%c9%99hbus-acliq-aksiyasina-baslayib\\\/\"},\"author\":{\"name\":\"mahmud\",\"@id\":\"https:\\\/\\\/www.meydan.tv\\\/az\\\/#\\\/schema\\\/person\\\/09863e516102a829e72bedcf3f84c6b0\"},\"headline\":\"Fazil Mustafaya qar\u015f\u0131 sui-q\u0259sd ittiham\u0131na g\u00f6r\u0259 20 il c\u0259za alm\u0131\u015f m\u0259hbus acl\u0131q aksiyas\u0131na ba\u015flay\u0131b\",\"datePublished\":\"2025-07-24T14:45:01+00:00\",\"dateModified\":\"2025-07-24T14:45:05+00:00\",\"mainEntityOfPage\":{\"@id\":\"https:\\\/\\\/www.meydan.tv\\\/az\\\/article\\\/fazil-mustafaya-qarsi-sui-q%c9%99sd-ittihamina-gor%c9%99-20-il-c%c9%99za-almis-m%c9%99hbus-acliq-aksiyasina-baslayib\\\/\"},\"wordCount\":309,\"publisher\":{\"@id\":\"https:\\\/\\\/www.meydan.tv\\\/az\\\/#organization\"},\"image\":{\"@id\":\"https:\\\/\\\/www.meydan.tv\\\/az\\\/article\\\/fazil-mustafaya-qarsi-sui-q%c9%99sd-ittihamina-gor%c9%99-20-il-c%c9%99za-almis-m%c9%99hbus-acliq-aksiyasina-baslayib\\\/#primaryimage\"},\"thumbnailUrl\":\"https:\\\/\\\/www.meydan.tv\\\/wp-content\\\/uploads\\\/image_from_ios_k6oinno-scaled.jpg\",\"articleSection\":[\"Sosial\",\"X\u0259b\u0259rl\u0259r\"],\"inLanguage\":\"az\"},{\"@type\":\"WebPage\",\"@id\":\"https:\\\/\\\/www.meydan.tv\\\/az\\\/article\\\/fazil-mustafaya-qarsi-sui-q%c9%99sd-ittihamina-gor%c9%99-20-il-c%c9%99za-almis-m%c9%99hbus-acliq-aksiyasina-baslayib\\\/\",\"url\":\"https:\\\/\\\/www.meydan.tv\\\/az\\\/article\\\/fazil-mustafaya-qarsi-sui-q%c9%99sd-ittihamina-gor%c9%99-20-il-c%c9%99za-almis-m%c9%99hbus-acliq-aksiyasina-baslayib\\\/\",\"name\":\"Fazil Mustafaya qar\u015f\u0131 sui-q\u0259sd ittiham\u0131na g\u00f6r\u0259 20 il c\u0259za alm\u0131\u015f m\u0259hbus acl\u0131q aksiyas\u0131na ba\u015flay\u0131b - MEYDAN.TV\",\"isPartOf\":{\"@id\":\"https:\\\/\\\/www.meydan.tv\\\/az\\\/#website\"},\"primaryImageOfPage\":{\"@id\":\"https:\\\/\\\/www.meydan.tv\\\/az\\\/article\\\/fazil-mustafaya-qarsi-sui-q%c9%99sd-ittihamina-gor%c9%99-20-il-c%c9%99za-almis-m%c9%99hbus-acliq-aksiyasina-baslayib\\\/#primaryimage\"},\"image\":{\"@id\":\"https:\\\/\\\/www.meydan.tv\\\/az\\\/article\\\/fazil-mustafaya-qarsi-sui-q%c9%99sd-ittihamina-gor%c9%99-20-il-c%c9%99za-almis-m%c9%99hbus-acliq-aksiyasina-baslayib\\\/#primaryimage\"},\"thumbnailUrl\":\"https:\\\/\\\/www.meydan.tv\\\/wp-content\\\/uploads\\\/image_from_ios_k6oinno-scaled.jpg\",\"datePublished\":\"2025-07-24T14:45:01+00:00\",\"dateModified\":\"2025-07-24T14:45:05+00:00\",\"breadcrumb\":{\"@id\":\"https:\\\/\\\/www.meydan.tv\\\/az\\\/article\\\/fazil-mustafaya-qarsi-sui-q%c9%99sd-ittihamina-gor%c9%99-20-il-c%c9%99za-almis-m%c9%99hbus-acliq-aksiyasina-baslayib\\\/#breadcrumb\"},\"inLanguage\":\"az\",\"potentialAction\":[{\"@type\":\"ReadAction\",\"target\":[\"https:\\\/\\\/www.meydan.tv\\\/az\\\/article\\\/fazil-mustafaya-qarsi-sui-q%c9%99sd-ittihamina-gor%c9%99-20-il-c%c9%99za-almis-m%c9%99hbus-acliq-aksiyasina-baslayib\\\/\"]}]},{\"@type\":\"ImageObject\",\"inLanguage\":\"az\",\"@id\":\"https:\\\/\\\/www.meydan.tv\\\/az\\\/article\\\/fazil-mustafaya-qarsi-sui-q%c9%99sd-ittihamina-gor%c9%99-20-il-c%c9%99za-almis-m%c9%99hbus-acliq-aksiyasina-baslayib\\\/#primaryimage\",\"url\":\"https:\\\/\\\/www.meydan.tv\\\/wp-content\\\/uploads\\\/image_from_ios_k6oinno-scaled.jpg\",\"contentUrl\":\"https:\\\/\\\/www.meydan.tv\\\/wp-content\\\/uploads\\\/image_from_ios_k6oinno-scaled.jpg\",\"width\":2560,\"height\":1440,\"caption\":\"\u0130ll\u00fcstrasiya: Meydan TV\"},{\"@type\":\"BreadcrumbList\",\"@id\":\"https:\\\/\\\/www.meydan.tv\\\/az\\\/article\\\/fazil-mustafaya-qarsi-sui-q%c9%99sd-ittihamina-gor%c9%99-20-il-c%c9%99za-almis-m%c9%99hbus-acliq-aksiyasina-baslayib\\\/#breadcrumb\",\"itemListElement\":[{\"@type\":\"ListItem\",\"position\":1,\"name\":\"Ana s\u0259hif\u0259\",\"item\":\"https:\\\/\\\/www.meydan.tv\\\/az\\\/\"},{\"@type\":\"ListItem\",\"position\":2,\"name\":\"Sosial\",\"item\":\"https:\\\/\\\/www.meydan.tv\\\/az\\\/section\\\/sosial\\\/\"},{\"@type\":\"ListItem\",\"position\":3,\"name\":\"Fazil Mustafaya qar\u015f\u0131 sui-q\u0259sd ittiham\u0131na g\u00f6r\u0259 20 il c\u0259za alm\u0131\u015f m\u0259hbus acl\u0131q aksiyas\u0131na ba\u015flay\u0131b\"}]},{\"@type\":\"WebSite\",\"@id\":\"https:\\\/\\\/www.meydan.tv\\\/az\\\/#website\",\"url\":\"https:\\\/\\\/www.meydan.tv\\\/az\\\/\",\"name\":\"MEYDAN.TV\",\"description\":\"Meydan TV Az\u0259rbaycan\u0131n media m\u0259kan\u0131ndak\u0131 alternativ s\u0259sidir\",\"publisher\":{\"@id\":\"https:\\\/\\\/www.meydan.tv\\\/az\\\/#organization\"},\"potentialAction\":[{\"@type\":\"SearchAction\",\"target\":{\"@type\":\"EntryPoint\",\"urlTemplate\":\"https:\\\/\\\/www.meydan.tv\\\/az\\\/?s={search_term_string}\"},\"query-input\":{\"@type\":\"PropertyValueSpecification\",\"valueRequired\":true,\"valueName\":\"search_term_string\"}}],\"inLanguage\":\"az\"},{\"@type\":\"Organization\",\"@id\":\"https:\\\/\\\/www.meydan.tv\\\/az\\\/#organization\",\"name\":\"Meydan TV\",\"url\":\"https:\\\/\\\/www.meydan.tv\\\/az\\\/\",\"logo\":{\"@type\":\"ImageObject\",\"inLanguage\":\"az\",\"@id\":\"https:\\\/\\\/www.meydan.tv\\\/az\\\/#\\\/schema\\\/logo\\\/image\\\/\",\"url\":\"https:\\\/\\\/www.meydan.tv\\\/wp-content\\\/uploads\\\/2021\\\/07\\\/meydan-logo.svg\",\"contentUrl\":\"https:\\\/\\\/www.meydan.tv\\\/wp-content\\\/uploads\\\/2021\\\/07\\\/meydan-logo.svg\",\"width\":195,\"height\":46,\"caption\":\"Meydan TV\"},\"image\":{\"@id\":\"https:\\\/\\\/www.meydan.tv\\\/az\\\/#\\\/schema\\\/logo\\\/image\\\/\"}},{\"@type\":\"Person\",\"@id\":\"https:\\\/\\\/www.meydan.tv\\\/az\\\/#\\\/schema\\\/person\\\/09863e516102a829e72bedcf3f84c6b0\",\"name\":\"mahmud\"}]}<\/script>\n<!-- \/ Yoast SEO plugin. -->","yoast_head_json":{"title":"Fazil Mustafaya qar\u015f\u0131 sui-q\u0259sd ittiham\u0131na g\u00f6r\u0259 20 il c\u0259za alm\u0131\u015f m\u0259hbus acl\u0131q aksiyas\u0131na ba\u015flay\u0131b - MEYDAN.TV","robots":{"index":"index","follow":"follow","max-snippet":"max-snippet:-1","max-image-preview":"max-image-preview:large","max-video-preview":"max-video-preview:-1"},"canonical":"https:\/\/www.meydan.tv\/az\/article\/fazil-mustafaya-qarsi-sui-q%c9%99sd-ittihamina-gor%c9%99-20-il-c%c9%99za-almis-m%c9%99hbus-acliq-aksiyasina-baslayib\/","og_locale":"az_AZ","og_type":"article","og_title":"Fazil Mustafaya qar\u015f\u0131 sui-q\u0259sd ittiham\u0131na g\u00f6r\u0259 20 il c\u0259za alm\u0131\u015f m\u0259hbus acl\u0131q aksiyas\u0131na ba\u015flay\u0131b - MEYDAN.TV","og_description":"Milli M\u0259clisin deputat\u0131 Fazil Mustafaya qar\u015f\u0131 sui-q\u0259sdd\u0259 ittiham olunaraq 20 ... Davam\u0131","og_url":"https:\/\/www.meydan.tv\/az\/article\/fazil-mustafaya-qarsi-sui-q%c9%99sd-ittihamina-gor%c9%99-20-il-c%c9%99za-almis-m%c9%99hbus-acliq-aksiyasina-baslayib\/","og_site_name":"MEYDAN.TV","article_published_time":"2025-07-24T14:45:01+00:00","article_modified_time":"2025-07-24T14:45:05+00:00","og_image":[{"width":2560,"height":1440,"url":"https:\/\/www.meydan.tv\/wp-content\/uploads\/image_from_ios_k6oinno-scaled.jpg","type":"image\/jpeg"}],"author":"mahmud","twitter_card":"summary_large_image","schema":{"@context":"https:\/\/schema.org","@graph":[{"@type":"Article","@id":"https:\/\/www.meydan.tv\/az\/article\/fazil-mustafaya-qarsi-sui-q%c9%99sd-ittihamina-gor%c9%99-20-il-c%c9%99za-almis-m%c9%99hbus-acliq-aksiyasina-baslayib\/#article","isPartOf":{"@id":"https:\/\/www.meydan.tv\/az\/article\/fazil-mustafaya-qarsi-sui-q%c9%99sd-ittihamina-gor%c9%99-20-il-c%c9%99za-almis-m%c9%99hbus-acliq-aksiyasina-baslayib\/"},"author":{"name":"mahmud","@id":"https:\/\/www.meydan.tv\/az\/#\/schema\/person\/09863e516102a829e72bedcf3f84c6b0"},"headline":"Fazil Mustafaya qar\u015f\u0131 sui-q\u0259sd ittiham\u0131na g\u00f6r\u0259 20 il c\u0259za alm\u0131\u015f m\u0259hbus acl\u0131q aksiyas\u0131na ba\u015flay\u0131b","datePublished":"2025-07-24T14:45:01+00:00","dateModified":"2025-07-24T14:45:05+00:00","mainEntityOfPage":{"@id":"https:\/\/www.meydan.tv\/az\/article\/fazil-mustafaya-qarsi-sui-q%c9%99sd-ittihamina-gor%c9%99-20-il-c%c9%99za-almis-m%c9%99hbus-acliq-aksiyasina-baslayib\/"},"wordCount":309,"publisher":{"@id":"https:\/\/www.meydan.tv\/az\/#organization"},"image":{"@id":"https:\/\/www.meydan.tv\/az\/article\/fazil-mustafaya-qarsi-sui-q%c9%99sd-ittihamina-gor%c9%99-20-il-c%c9%99za-almis-m%c9%99hbus-acliq-aksiyasina-baslayib\/#primaryimage"},"thumbnailUrl":"https:\/\/www.meydan.tv\/wp-content\/uploads\/image_from_ios_k6oinno-scaled.jpg","articleSection":["Sosial","X\u0259b\u0259rl\u0259r"],"inLanguage":"az"},{"@type":"WebPage","@id":"https:\/\/www.meydan.tv\/az\/article\/fazil-mustafaya-qarsi-sui-q%c9%99sd-ittihamina-gor%c9%99-20-il-c%c9%99za-almis-m%c9%99hbus-acliq-aksiyasina-baslayib\/","url":"https:\/\/www.meydan.tv\/az\/article\/fazil-mustafaya-qarsi-sui-q%c9%99sd-ittihamina-gor%c9%99-20-il-c%c9%99za-almis-m%c9%99hbus-acliq-aksiyasina-baslayib\/","name":"Fazil Mustafaya qar\u015f\u0131 sui-q\u0259sd ittiham\u0131na g\u00f6r\u0259 20 il c\u0259za alm\u0131\u015f m\u0259hbus acl\u0131q aksiyas\u0131na ba\u015flay\u0131b - MEYDAN.TV","isPartOf":{"@id":"https:\/\/www.meydan.tv\/az\/#website"},"primaryImageOfPage":{"@id":"https:\/\/www.meydan.tv\/az\/article\/fazil-mustafaya-qarsi-sui-q%c9%99sd-ittihamina-gor%c9%99-20-il-c%c9%99za-almis-m%c9%99hbus-acliq-aksiyasina-baslayib\/#primaryimage"},"image":{"@id":"https:\/\/www.meydan.tv\/az\/article\/fazil-mustafaya-qarsi-sui-q%c9%99sd-ittihamina-gor%c9%99-20-il-c%c9%99za-almis-m%c9%99hbus-acliq-aksiyasina-baslayib\/#primaryimage"},"thumbnailUrl":"https:\/\/www.meydan.tv\/wp-content\/uploads\/image_from_ios_k6oinno-scaled.jpg","datePublished":"2025-07-24T14:45:01+00:00","dateModified":"2025-07-24T14:45:05+00:00","breadcrumb":{"@id":"https:\/\/www.meydan.tv\/az\/article\/fazil-mustafaya-qarsi-sui-q%c9%99sd-ittihamina-gor%c9%99-20-il-c%c9%99za-almis-m%c9%99hbus-acliq-aksiyasina-baslayib\/#breadcrumb"},"inLanguage":"az","potentialAction":[{"@type":"ReadAction","target":["https:\/\/www.meydan.tv\/az\/article\/fazil-mustafaya-qarsi-sui-q%c9%99sd-ittihamina-gor%c9%99-20-il-c%c9%99za-almis-m%c9%99hbus-acliq-aksiyasina-baslayib\/"]}]},{"@type":"ImageObject","inLanguage":"az","@id":"https:\/\/www.meydan.tv\/az\/article\/fazil-mustafaya-qarsi-sui-q%c9%99sd-ittihamina-gor%c9%99-20-il-c%c9%99za-almis-m%c9%99hbus-acliq-aksiyasina-baslayib\/#primaryimage","url":"https:\/\/www.meydan.tv\/wp-content\/uploads\/image_from_ios_k6oinno-scaled.jpg","contentUrl":"https:\/\/www.meydan.tv\/wp-content\/uploads\/image_from_ios_k6oinno-scaled.jpg","width":2560,"height":1440,"caption":"\u0130ll\u00fcstrasiya: Meydan TV"},{"@type":"BreadcrumbList","@id":"https:\/\/www.meydan.tv\/az\/article\/fazil-mustafaya-qarsi-sui-q%c9%99sd-ittihamina-gor%c9%99-20-il-c%c9%99za-almis-m%c9%99hbus-acliq-aksiyasina-baslayib\/#breadcrumb","itemListElement":[{"@type":"ListItem","position":1,"name":"Ana s\u0259hif\u0259","item":"https:\/\/www.meydan.tv\/az\/"},{"@type":"ListItem","position":2,"name":"Sosial","item":"https:\/\/www.meydan.tv\/az\/section\/sosial\/"},{"@type":"ListItem","position":3,"name":"Fazil Mustafaya qar\u015f\u0131 sui-q\u0259sd ittiham\u0131na g\u00f6r\u0259 20 il c\u0259za alm\u0131\u015f m\u0259hbus acl\u0131q aksiyas\u0131na ba\u015flay\u0131b"}]},{"@type":"WebSite","@id":"https:\/\/www.meydan.tv\/az\/#website","url":"https:\/\/www.meydan.tv\/az\/","name":"MEYDAN.TV","description":"Meydan TV Az\u0259rbaycan\u0131n media m\u0259kan\u0131ndak\u0131 alternativ s\u0259sidir","publisher":{"@id":"https:\/\/www.meydan.tv\/az\/#organization"},"potentialAction":[{"@type":"SearchAction","target":{"@type":"EntryPoint","urlTemplate":"https:\/\/www.meydan.tv\/az\/?s={search_term_string}"},"query-input":{"@type":"PropertyValueSpecification","valueRequired":true,"valueName":"search_term_string"}}],"inLanguage":"az"},{"@type":"Organization","@id":"https:\/\/www.meydan.tv\/az\/#organization","name":"Meydan TV","url":"https:\/\/www.meydan.tv\/az\/","logo":{"@type":"ImageObject","inLanguage":"az","@id":"https:\/\/www.meydan.tv\/az\/#\/schema\/logo\/image\/","url":"https:\/\/www.meydan.tv\/wp-content\/uploads\/2021\/07\/meydan-logo.svg","contentUrl":"https:\/\/www.meydan.tv\/wp-content\/uploads\/2021\/07\/meydan-logo.svg","width":195,"height":46,"caption":"Meydan TV"},"image":{"@id":"https:\/\/www.meydan.tv\/az\/#\/schema\/logo\/image\/"}},{"@type":"Person","@id":"https:\/\/www.meydan.tv\/az\/#\/schema\/person\/09863e516102a829e72bedcf3f84c6b0","name":"mahmud"}]}},"_links":{"self":[{"href":"https:\/\/www.meydan.tv\/az\/wp-json\/wp\/v2\/posts\/333524","targetHints":{"allow":["GET"]}}],"collection":[{"href":"https:\/\/www.meydan.tv\/az\/wp-json\/wp\/v2\/posts"}],"about":[{"href":"https:\/\/www.meydan.tv\/az\/wp-json\/wp\/v2\/types\/post"}],"author":[{"embeddable":true,"href":"https:\/\/www.meydan.tv\/az\/wp-json\/wp\/v2\/users\/21"}],"replies":[{"embeddable":true,"href":"https:\/\/www.meydan.tv\/az\/wp-json\/wp\/v2\/comments?post=333524"}],"version-history":[{"count":13,"href":"https:\/\/www.meydan.tv\/az\/wp-json\/wp\/v2\/posts\/333524\/revisions"}],"predecessor-version":[{"id":333545,"href":"https:\/\/www.meydan.tv\/az\/wp-json\/wp\/v2\/posts\/333524\/revisions\/333545"}],"wp:featuredmedia":[{"embeddable":true,"href":"https:\/\/www.meydan.tv\/az\/wp-json\/wp\/v2\/media\/209565"}],"wp:attachment":[{"href":"https:\/\/www.meydan.tv\/az\/wp-json\/wp\/v2\/media?parent=333524"}],"wp:term":[{"taxonomy":"category","embeddable":true,"href":"https:\/\/www.meydan.tv\/az\/wp-json\/wp\/v2\/categories?post=333524"},{"taxonomy":"post_tag","embeddable":true,"href":"https:\/\/www.meydan.tv\/az\/wp-json\/wp\/v2\/tags?post=333524"}],"curies":[{"name":"wp","href":"https:\/\/api.w.org\/{rel}","templated":true}]}}