{"id":333469,"date":"2025-07-23T17:14:23","date_gmt":"2025-07-23T13:14:23","guid":{"rendered":"https:\/\/www.meydan.tv\/?p=333469"},"modified":"2025-07-23T17:14:26","modified_gmt":"2025-07-23T13:14:26","slug":"az%c9%99rbaycanin-iki-h%c9%99rbi-qulluqcusu-v%c9%99fat-edib","status":"publish","type":"post","link":"https:\/\/www.meydan.tv\/az\/article\/az%c9%99rbaycanin-iki-h%c9%99rbi-qulluqcusu-v%c9%99fat-edib\/","title":{"rendered":"Az\u0259rbaycan\u0131n iki h\u0259rbi qulluq\u00e7usu v\u0259fat edib"},"content":{"rendered":"\n<p><\/p>\n\n\n\n<p>Az\u0259rbaycan Ordusunun v\u0259 D\u00f6vl\u0259t S\u0259rh\u0259d Xidm\u0259tinin (DSX) h\u0259rbi qulluq\u00e7ular\u0131 v\u0259fat edib.<\/p>\n\n\n\n<p>DSX-dan veril\u0259n m\u0259lumata g\u00f6r\u0259, xidm\u0259tin m\u00fcdd\u0259td\u0259n art\u0131q h\u0259rbi qulluq\u00e7usu, \u0130kinci Qaraba\u011f m\u00fcharib\u0259si i\u015ftirak\u00e7\u0131s\u0131 Aslan Araz o\u011flu M\u0259mm\u0259dov uzun s\u00fcr\u0259n x\u0259st\u0259likd\u0259n sonra v\u0259fat edib.<\/p>\n\n\n\n<p>O, \u0259sl\u0259n A\u011fda\u015f rayonunun L\u0259ki q\u0259s\u0259b\u0259sind\u0259ndir.<\/p>\n\n\n\n<p>Dig\u0259r hadis\u0259 is\u0259 K\u0259lb\u0259c\u0259r rayonunda yerl\u0259\u015f\u0259n \u201cN\u201d sayl\u0131 h\u0259rbi hiss\u0259d\u0259 ba\u015f verib. Az\u0259rbaycan Ordusunun zabiti, leytenant Azad Ziyad o\u011flu Qas\u0131mov xidm\u0259t etdiyi h\u0259rbi hiss\u0259d\u0259 <a href=\"https:\/\/teleqraf.az\/news\/toplum\/489380.html\">v\u0259fat edib.<\/a><\/p>\n\n\n\n<p>Azad Qas\u0131mov do\u011fuldu\u011fu A\u011fcab\u0259di rayonunda d\u0259fn edilib.<\/p>\n\n\n\n<p>H\u0259r iki h\u0259rbi qulluq\u00e7unun v\u0259fat\u0131 il\u0259 ba\u011fl\u0131 aidiyy\u0259ti qurumlar t\u0259r\u0259find\u0259n ara\u015fd\u0131rmalar\u0131n davam etdiyi bildirilir.<\/p>\n\n\n\n<p>\u00d6l\u0259n h\u0259rb\u00e7il\u0259rin yax\u0131nlar\u0131n\u0131n m\u00fcnasib\u0259ti m\u0259lum deyil.&nbsp;<\/p>\n","protected":false},"excerpt":{"rendered":"<p>Az\u0259rbaycan Ordusunun v\u0259 D\u00f6vl\u0259t S\u0259rh\u0259d Xidm\u0259tinin (DSX) h\u0259rbi qulluq\u00e7ular\u0131 v\u0259fat &#8230; <\/p>\n<p class=\"read-more-container\"><a title=\"Az\u0259rbaycan\u0131n iki h\u0259rbi qulluq\u00e7usu v\u0259fat edib\" class=\"read-more button\" href=\"https:\/\/www.meydan.tv\/az\/article\/az%c9%99rbaycanin-iki-h%c9%99rbi-qulluqcusu-v%c9%99fat-edib\/#more-333469\" aria-label=\"Read more about Az\u0259rbaycan\u0131n iki h\u0259rbi qulluq\u00e7usu v\u0259fat edib\">Davam\u0131<\/a><\/p>\n","protected":false},"author":21,"featured_media":333470,"comment_status":"closed","ping_status":"closed","sticky":false,"template":"","format":"standard","meta":{"_acf_changed":false,"_sitemap_exclude":false,"_sitemap_priority":"","_sitemap_frequency":"","footnotes":""},"categories":[62,79,56],"tags":[],"class_list":["post-333469","post","type-post","status-publish","format-standard","has-post-thumbnail","hentry","category-sosial","category-featured","category-xeberler","infinite-scroll-item","generate-columns","tablet-grid-50","mobile-grid-100","grid-parent","grid-33","no-featured-image-padding"],"acf":[],"yoast_head":"<!-- This site is optimized with the Yoast SEO plugin v27.4 - https:\/\/yoast.com\/product\/yoast-seo-wordpress\/ -->\n<title>Az\u0259rbaycan\u0131n iki h\u0259rbi qulluq\u00e7usu v\u0259fat edib - MEYDAN.TV<\/title>\n<meta name=\"robots\" content=\"index, follow, max-snippet:-1, max-image-preview:large, max-video-preview:-1\" \/>\n<link rel=\"canonical\" href=\"https:\/\/www.meydan.tv\/az\/article\/az%c9%99rbaycanin-iki-h%c9%99rbi-qulluqcusu-v%c9%99fat-edib\/\" \/>\n<meta property=\"og:locale\" content=\"az_AZ\" \/>\n<meta property=\"og:type\" content=\"article\" \/>\n<meta property=\"og:title\" content=\"Az\u0259rbaycan\u0131n iki h\u0259rbi qulluq\u00e7usu v\u0259fat edib - MEYDAN.TV\" \/>\n<meta property=\"og:description\" content=\"Az\u0259rbaycan Ordusunun v\u0259 D\u00f6vl\u0259t S\u0259rh\u0259d Xidm\u0259tinin (DSX) h\u0259rbi qulluq\u00e7ular\u0131 v\u0259fat ... Davam\u0131\" \/>\n<meta property=\"og:url\" content=\"https:\/\/www.meydan.tv\/az\/article\/az%c9%99rbaycanin-iki-h%c9%99rbi-qulluqcusu-v%c9%99fat-edib\/\" \/>\n<meta property=\"og:site_name\" content=\"MEYDAN.TV\" \/>\n<meta property=\"article:published_time\" content=\"2025-07-23T13:14:23+00:00\" \/>\n<meta property=\"article:modified_time\" content=\"2025-07-23T13:14:26+00:00\" \/>\n<meta property=\"og:image\" content=\"https:\/\/www.meydan.tv\/wp-content\/uploads\/img_8193-e1753276375460.jpg\" \/>\n\t<meta property=\"og:image:width\" content=\"1024\" \/>\n\t<meta property=\"og:image:height\" content=\"977\" \/>\n\t<meta property=\"og:image:type\" content=\"image\/jpeg\" \/>\n<meta name=\"author\" content=\"mahmud\" \/>\n<meta name=\"twitter:card\" content=\"summary_large_image\" \/>\n<script type=\"application\/ld+json\" class=\"yoast-schema-graph\">{\"@context\":\"https:\\\/\\\/schema.org\",\"@graph\":[{\"@type\":\"Article\",\"@id\":\"https:\\\/\\\/www.meydan.tv\\\/az\\\/article\\\/az%c9%99rbaycanin-iki-h%c9%99rbi-qulluqcusu-v%c9%99fat-edib\\\/#article\",\"isPartOf\":{\"@id\":\"https:\\\/\\\/www.meydan.tv\\\/az\\\/article\\\/az%c9%99rbaycanin-iki-h%c9%99rbi-qulluqcusu-v%c9%99fat-edib\\\/\"},\"author\":{\"name\":\"mahmud\",\"@id\":\"https:\\\/\\\/www.meydan.tv\\\/az\\\/#\\\/schema\\\/person\\\/09863e516102a829e72bedcf3f84c6b0\"},\"headline\":\"Az\u0259rbaycan\u0131n iki h\u0259rbi qulluq\u00e7usu v\u0259fat edib\",\"datePublished\":\"2025-07-23T13:14:23+00:00\",\"dateModified\":\"2025-07-23T13:14:26+00:00\",\"mainEntityOfPage\":{\"@id\":\"https:\\\/\\\/www.meydan.tv\\\/az\\\/article\\\/az%c9%99rbaycanin-iki-h%c9%99rbi-qulluqcusu-v%c9%99fat-edib\\\/\"},\"wordCount\":186,\"publisher\":{\"@id\":\"https:\\\/\\\/www.meydan.tv\\\/az\\\/#organization\"},\"image\":{\"@id\":\"https:\\\/\\\/www.meydan.tv\\\/az\\\/article\\\/az%c9%99rbaycanin-iki-h%c9%99rbi-qulluqcusu-v%c9%99fat-edib\\\/#primaryimage\"},\"thumbnailUrl\":\"https:\\\/\\\/www.meydan.tv\\\/wp-content\\\/uploads\\\/img_8193-e1753276375460.jpg\",\"articleSection\":[\"Sosial\",\"T\u00f6vsiy\u0259\",\"X\u0259b\u0259rl\u0259r\"],\"inLanguage\":\"az\"},{\"@type\":\"WebPage\",\"@id\":\"https:\\\/\\\/www.meydan.tv\\\/az\\\/article\\\/az%c9%99rbaycanin-iki-h%c9%99rbi-qulluqcusu-v%c9%99fat-edib\\\/\",\"url\":\"https:\\\/\\\/www.meydan.tv\\\/az\\\/article\\\/az%c9%99rbaycanin-iki-h%c9%99rbi-qulluqcusu-v%c9%99fat-edib\\\/\",\"name\":\"Az\u0259rbaycan\u0131n iki h\u0259rbi qulluq\u00e7usu v\u0259fat edib - MEYDAN.TV\",\"isPartOf\":{\"@id\":\"https:\\\/\\\/www.meydan.tv\\\/az\\\/#website\"},\"primaryImageOfPage\":{\"@id\":\"https:\\\/\\\/www.meydan.tv\\\/az\\\/article\\\/az%c9%99rbaycanin-iki-h%c9%99rbi-qulluqcusu-v%c9%99fat-edib\\\/#primaryimage\"},\"image\":{\"@id\":\"https:\\\/\\\/www.meydan.tv\\\/az\\\/article\\\/az%c9%99rbaycanin-iki-h%c9%99rbi-qulluqcusu-v%c9%99fat-edib\\\/#primaryimage\"},\"thumbnailUrl\":\"https:\\\/\\\/www.meydan.tv\\\/wp-content\\\/uploads\\\/img_8193-e1753276375460.jpg\",\"datePublished\":\"2025-07-23T13:14:23+00:00\",\"dateModified\":\"2025-07-23T13:14:26+00:00\",\"breadcrumb\":{\"@id\":\"https:\\\/\\\/www.meydan.tv\\\/az\\\/article\\\/az%c9%99rbaycanin-iki-h%c9%99rbi-qulluqcusu-v%c9%99fat-edib\\\/#breadcrumb\"},\"inLanguage\":\"az\",\"potentialAction\":[{\"@type\":\"ReadAction\",\"target\":[\"https:\\\/\\\/www.meydan.tv\\\/az\\\/article\\\/az%c9%99rbaycanin-iki-h%c9%99rbi-qulluqcusu-v%c9%99fat-edib\\\/\"]}]},{\"@type\":\"ImageObject\",\"inLanguage\":\"az\",\"@id\":\"https:\\\/\\\/www.meydan.tv\\\/az\\\/article\\\/az%c9%99rbaycanin-iki-h%c9%99rbi-qulluqcusu-v%c9%99fat-edib\\\/#primaryimage\",\"url\":\"https:\\\/\\\/www.meydan.tv\\\/wp-content\\\/uploads\\\/img_8193-e1753276375460.jpg\",\"contentUrl\":\"https:\\\/\\\/www.meydan.tv\\\/wp-content\\\/uploads\\\/img_8193-e1753276375460.jpg\",\"width\":1024,\"height\":977,\"caption\":\"Foto: DSX\"},{\"@type\":\"BreadcrumbList\",\"@id\":\"https:\\\/\\\/www.meydan.tv\\\/az\\\/article\\\/az%c9%99rbaycanin-iki-h%c9%99rbi-qulluqcusu-v%c9%99fat-edib\\\/#breadcrumb\",\"itemListElement\":[{\"@type\":\"ListItem\",\"position\":1,\"name\":\"Ana s\u0259hif\u0259\",\"item\":\"https:\\\/\\\/www.meydan.tv\\\/az\\\/\"},{\"@type\":\"ListItem\",\"position\":2,\"name\":\"Sosial\",\"item\":\"https:\\\/\\\/www.meydan.tv\\\/az\\\/section\\\/sosial\\\/\"},{\"@type\":\"ListItem\",\"position\":3,\"name\":\"Az\u0259rbaycan\u0131n iki h\u0259rbi qulluq\u00e7usu v\u0259fat edib\"}]},{\"@type\":\"WebSite\",\"@id\":\"https:\\\/\\\/www.meydan.tv\\\/az\\\/#website\",\"url\":\"https:\\\/\\\/www.meydan.tv\\\/az\\\/\",\"name\":\"MEYDAN.TV\",\"description\":\"Meydan TV Az\u0259rbaycan\u0131n media m\u0259kan\u0131ndak\u0131 alternativ s\u0259sidir\",\"publisher\":{\"@id\":\"https:\\\/\\\/www.meydan.tv\\\/az\\\/#organization\"},\"potentialAction\":[{\"@type\":\"SearchAction\",\"target\":{\"@type\":\"EntryPoint\",\"urlTemplate\":\"https:\\\/\\\/www.meydan.tv\\\/az\\\/?s={search_term_string}\"},\"query-input\":{\"@type\":\"PropertyValueSpecification\",\"valueRequired\":true,\"valueName\":\"search_term_string\"}}],\"inLanguage\":\"az\"},{\"@type\":\"Organization\",\"@id\":\"https:\\\/\\\/www.meydan.tv\\\/az\\\/#organization\",\"name\":\"Meydan TV\",\"url\":\"https:\\\/\\\/www.meydan.tv\\\/az\\\/\",\"logo\":{\"@type\":\"ImageObject\",\"inLanguage\":\"az\",\"@id\":\"https:\\\/\\\/www.meydan.tv\\\/az\\\/#\\\/schema\\\/logo\\\/image\\\/\",\"url\":\"https:\\\/\\\/www.meydan.tv\\\/wp-content\\\/uploads\\\/2021\\\/07\\\/meydan-logo.svg\",\"contentUrl\":\"https:\\\/\\\/www.meydan.tv\\\/wp-content\\\/uploads\\\/2021\\\/07\\\/meydan-logo.svg\",\"width\":195,\"height\":46,\"caption\":\"Meydan TV\"},\"image\":{\"@id\":\"https:\\\/\\\/www.meydan.tv\\\/az\\\/#\\\/schema\\\/logo\\\/image\\\/\"}},{\"@type\":\"Person\",\"@id\":\"https:\\\/\\\/www.meydan.tv\\\/az\\\/#\\\/schema\\\/person\\\/09863e516102a829e72bedcf3f84c6b0\",\"name\":\"mahmud\"}]}<\/script>\n<!-- \/ Yoast SEO plugin. -->","yoast_head_json":{"title":"Az\u0259rbaycan\u0131n iki h\u0259rbi qulluq\u00e7usu v\u0259fat edib - MEYDAN.TV","robots":{"index":"index","follow":"follow","max-snippet":"max-snippet:-1","max-image-preview":"max-image-preview:large","max-video-preview":"max-video-preview:-1"},"canonical":"https:\/\/www.meydan.tv\/az\/article\/az%c9%99rbaycanin-iki-h%c9%99rbi-qulluqcusu-v%c9%99fat-edib\/","og_locale":"az_AZ","og_type":"article","og_title":"Az\u0259rbaycan\u0131n iki h\u0259rbi qulluq\u00e7usu v\u0259fat edib - MEYDAN.TV","og_description":"Az\u0259rbaycan Ordusunun v\u0259 D\u00f6vl\u0259t S\u0259rh\u0259d Xidm\u0259tinin (DSX) h\u0259rbi qulluq\u00e7ular\u0131 v\u0259fat ... Davam\u0131","og_url":"https:\/\/www.meydan.tv\/az\/article\/az%c9%99rbaycanin-iki-h%c9%99rbi-qulluqcusu-v%c9%99fat-edib\/","og_site_name":"MEYDAN.TV","article_published_time":"2025-07-23T13:14:23+00:00","article_modified_time":"2025-07-23T13:14:26+00:00","og_image":[{"width":1024,"height":977,"url":"https:\/\/www.meydan.tv\/wp-content\/uploads\/img_8193-e1753276375460.jpg","type":"image\/jpeg"}],"author":"mahmud","twitter_card":"summary_large_image","schema":{"@context":"https:\/\/schema.org","@graph":[{"@type":"Article","@id":"https:\/\/www.meydan.tv\/az\/article\/az%c9%99rbaycanin-iki-h%c9%99rbi-qulluqcusu-v%c9%99fat-edib\/#article","isPartOf":{"@id":"https:\/\/www.meydan.tv\/az\/article\/az%c9%99rbaycanin-iki-h%c9%99rbi-qulluqcusu-v%c9%99fat-edib\/"},"author":{"name":"mahmud","@id":"https:\/\/www.meydan.tv\/az\/#\/schema\/person\/09863e516102a829e72bedcf3f84c6b0"},"headline":"Az\u0259rbaycan\u0131n iki h\u0259rbi qulluq\u00e7usu v\u0259fat edib","datePublished":"2025-07-23T13:14:23+00:00","dateModified":"2025-07-23T13:14:26+00:00","mainEntityOfPage":{"@id":"https:\/\/www.meydan.tv\/az\/article\/az%c9%99rbaycanin-iki-h%c9%99rbi-qulluqcusu-v%c9%99fat-edib\/"},"wordCount":186,"publisher":{"@id":"https:\/\/www.meydan.tv\/az\/#organization"},"image":{"@id":"https:\/\/www.meydan.tv\/az\/article\/az%c9%99rbaycanin-iki-h%c9%99rbi-qulluqcusu-v%c9%99fat-edib\/#primaryimage"},"thumbnailUrl":"https:\/\/www.meydan.tv\/wp-content\/uploads\/img_8193-e1753276375460.jpg","articleSection":["Sosial","T\u00f6vsiy\u0259","X\u0259b\u0259rl\u0259r"],"inLanguage":"az"},{"@type":"WebPage","@id":"https:\/\/www.meydan.tv\/az\/article\/az%c9%99rbaycanin-iki-h%c9%99rbi-qulluqcusu-v%c9%99fat-edib\/","url":"https:\/\/www.meydan.tv\/az\/article\/az%c9%99rbaycanin-iki-h%c9%99rbi-qulluqcusu-v%c9%99fat-edib\/","name":"Az\u0259rbaycan\u0131n iki h\u0259rbi qulluq\u00e7usu v\u0259fat edib - MEYDAN.TV","isPartOf":{"@id":"https:\/\/www.meydan.tv\/az\/#website"},"primaryImageOfPage":{"@id":"https:\/\/www.meydan.tv\/az\/article\/az%c9%99rbaycanin-iki-h%c9%99rbi-qulluqcusu-v%c9%99fat-edib\/#primaryimage"},"image":{"@id":"https:\/\/www.meydan.tv\/az\/article\/az%c9%99rbaycanin-iki-h%c9%99rbi-qulluqcusu-v%c9%99fat-edib\/#primaryimage"},"thumbnailUrl":"https:\/\/www.meydan.tv\/wp-content\/uploads\/img_8193-e1753276375460.jpg","datePublished":"2025-07-23T13:14:23+00:00","dateModified":"2025-07-23T13:14:26+00:00","breadcrumb":{"@id":"https:\/\/www.meydan.tv\/az\/article\/az%c9%99rbaycanin-iki-h%c9%99rbi-qulluqcusu-v%c9%99fat-edib\/#breadcrumb"},"inLanguage":"az","potentialAction":[{"@type":"ReadAction","target":["https:\/\/www.meydan.tv\/az\/article\/az%c9%99rbaycanin-iki-h%c9%99rbi-qulluqcusu-v%c9%99fat-edib\/"]}]},{"@type":"ImageObject","inLanguage":"az","@id":"https:\/\/www.meydan.tv\/az\/article\/az%c9%99rbaycanin-iki-h%c9%99rbi-qulluqcusu-v%c9%99fat-edib\/#primaryimage","url":"https:\/\/www.meydan.tv\/wp-content\/uploads\/img_8193-e1753276375460.jpg","contentUrl":"https:\/\/www.meydan.tv\/wp-content\/uploads\/img_8193-e1753276375460.jpg","width":1024,"height":977,"caption":"Foto: DSX"},{"@type":"BreadcrumbList","@id":"https:\/\/www.meydan.tv\/az\/article\/az%c9%99rbaycanin-iki-h%c9%99rbi-qulluqcusu-v%c9%99fat-edib\/#breadcrumb","itemListElement":[{"@type":"ListItem","position":1,"name":"Ana s\u0259hif\u0259","item":"https:\/\/www.meydan.tv\/az\/"},{"@type":"ListItem","position":2,"name":"Sosial","item":"https:\/\/www.meydan.tv\/az\/section\/sosial\/"},{"@type":"ListItem","position":3,"name":"Az\u0259rbaycan\u0131n iki h\u0259rbi qulluq\u00e7usu v\u0259fat edib"}]},{"@type":"WebSite","@id":"https:\/\/www.meydan.tv\/az\/#website","url":"https:\/\/www.meydan.tv\/az\/","name":"MEYDAN.TV","description":"Meydan TV Az\u0259rbaycan\u0131n media m\u0259kan\u0131ndak\u0131 alternativ s\u0259sidir","publisher":{"@id":"https:\/\/www.meydan.tv\/az\/#organization"},"potentialAction":[{"@type":"SearchAction","target":{"@type":"EntryPoint","urlTemplate":"https:\/\/www.meydan.tv\/az\/?s={search_term_string}"},"query-input":{"@type":"PropertyValueSpecification","valueRequired":true,"valueName":"search_term_string"}}],"inLanguage":"az"},{"@type":"Organization","@id":"https:\/\/www.meydan.tv\/az\/#organization","name":"Meydan TV","url":"https:\/\/www.meydan.tv\/az\/","logo":{"@type":"ImageObject","inLanguage":"az","@id":"https:\/\/www.meydan.tv\/az\/#\/schema\/logo\/image\/","url":"https:\/\/www.meydan.tv\/wp-content\/uploads\/2021\/07\/meydan-logo.svg","contentUrl":"https:\/\/www.meydan.tv\/wp-content\/uploads\/2021\/07\/meydan-logo.svg","width":195,"height":46,"caption":"Meydan TV"},"image":{"@id":"https:\/\/www.meydan.tv\/az\/#\/schema\/logo\/image\/"}},{"@type":"Person","@id":"https:\/\/www.meydan.tv\/az\/#\/schema\/person\/09863e516102a829e72bedcf3f84c6b0","name":"mahmud"}]}},"_links":{"self":[{"href":"https:\/\/www.meydan.tv\/az\/wp-json\/wp\/v2\/posts\/333469","targetHints":{"allow":["GET"]}}],"collection":[{"href":"https:\/\/www.meydan.tv\/az\/wp-json\/wp\/v2\/posts"}],"about":[{"href":"https:\/\/www.meydan.tv\/az\/wp-json\/wp\/v2\/types\/post"}],"author":[{"embeddable":true,"href":"https:\/\/www.meydan.tv\/az\/wp-json\/wp\/v2\/users\/21"}],"replies":[{"embeddable":true,"href":"https:\/\/www.meydan.tv\/az\/wp-json\/wp\/v2\/comments?post=333469"}],"version-history":[{"count":1,"href":"https:\/\/www.meydan.tv\/az\/wp-json\/wp\/v2\/posts\/333469\/revisions"}],"predecessor-version":[{"id":333473,"href":"https:\/\/www.meydan.tv\/az\/wp-json\/wp\/v2\/posts\/333469\/revisions\/333473"}],"wp:featuredmedia":[{"embeddable":true,"href":"https:\/\/www.meydan.tv\/az\/wp-json\/wp\/v2\/media\/333470"}],"wp:attachment":[{"href":"https:\/\/www.meydan.tv\/az\/wp-json\/wp\/v2\/media?parent=333469"}],"wp:term":[{"taxonomy":"category","embeddable":true,"href":"https:\/\/www.meydan.tv\/az\/wp-json\/wp\/v2\/categories?post=333469"},{"taxonomy":"post_tag","embeddable":true,"href":"https:\/\/www.meydan.tv\/az\/wp-json\/wp\/v2\/tags?post=333469"}],"curies":[{"name":"wp","href":"https:\/\/api.w.org\/{rel}","templated":true}]}}