{"id":333391,"date":"2025-07-22T13:53:52","date_gmt":"2025-07-22T09:53:52","guid":{"rendered":"https:\/\/www.meydan.tv\/?p=333391"},"modified":"2025-07-22T13:53:55","modified_gmt":"2025-07-22T09:53:55","slug":"hazirda-z%c9%99rdabinin-adina-v%c9%99-irsin%c9%99-yiy%c9%99l%c9%99nm%c9%99k-ist%c9%99y%c9%99n-tayfa-maarifcilikl%c9%99mi-m%c9%99sguldurlar","status":"publish","type":"post","link":"https:\/\/www.meydan.tv\/az\/article\/hazirda-z%c9%99rdabinin-adina-v%c9%99-irsin%c9%99-yiy%c9%99l%c9%99nm%c9%99k-ist%c9%99y%c9%99n-tayfa-maarifcilikl%c9%99mi-m%c9%99sguldurlar\/","title":{"rendered":"&#8220;Haz\u0131rda Z\u0259rdabinin irsin\u0259 yiy\u0259l\u0259nm\u0259k ist\u0259y\u0259n tayfa maarif\u00e7ilikl\u0259mi m\u0259\u015f\u011fuldurlar?&#8221;"},"content":{"rendered":"\n<p><\/p>\n\n\n\n<p>&#8220;Toplum TV i\u015fi&#8221; \u00e7\u0259r\u00e7iv\u0259sind\u0259 h\u0259bs olunmu\u015f III Respublika Platformas\u0131n\u0131n spikeri Akif Qurbanov v\u0259 Qurusu Hey\u0259t \u00fczv\u00fc Ruslan \u0130zz\u0259tli Milli M\u0259tbuat G\u00fcn\u00fc m\u00fcnasib\u0259til\u0259 ictimaiyy\u0259t\u0259 m\u00fcraci\u0259t edib. H\u0259min m\u00fcraci\u0259tl\u0259ri t\u0259qdim edirik:<\/p>\n\n\n\n<h5 class=\"wp-block-heading\"><strong>Akif Qurbanov: &#8220;Z\u0259rdabinin davam\u00e7\u0131lar\u0131 h\u0259qiq\u0259ti yazd\u0131\u011f\u0131na g\u00f6r\u0259 h\u0259bs\u0259 at\u0131lm\u0131\u015f Aynur Elg\u00fcn\u0259\u015f, \u018fl\u0259sg\u0259r M\u0259mm\u0259dli, Sevinc Vaqifq\u0131z\u0131, \u015e\u0259m\u015fad A\u011fad\u0131r&#8230;&#8221;<\/strong><\/h5>\n\n\n\n<p>\u201cAB\u015e Prezidenti olmu\u015f Abraham Linkolnun m\u0259\u015fhur fikri var<em><strong>: <\/strong>\u201cDemokratiya &#8211; b\u00fct\u00fcn insanlar\u0131 bir m\u00fcdd\u0259t aldada bil\u0259rsiniz, bir qisim insan\u0131 daima aldada bil\u0259rsiniz, amma b\u00fct\u00fcn insanlar\u0131 daima aldada bilm\u0259zsiniz &#8211; prinsipi \u00fcz\u0259rind\u0259 qurulur\u201d.\u00a0<\/em>Bizimki tipli siyasi rejiml\u0259r bunu yax\u015f\u0131 bildiyi \u00fc\u00e7\u00fcn \u201cdemokratiya\u201dn\u0131n formala\u015fmas\u0131na imkan vermir.\u00a0<\/p>\n\n\n\n<p>Avtokratiya &#8211; t\u0259k adam\u0131n hakimiyy\u0259tini quraraq h\u0259r \u015feyi t\u0259k adam\u0131n &#8211; \u018fliyevin \u00fcz\u0259rin\u0259 k\u00f6kl\u0259m\u0259k h\u0259r \u015feyi ondan as\u0131l\u0131 edir. Bir s\u00f6zl\u0259, xalq\u0131n taleyi t\u0259k adam\u0131n taleyind\u0259n as\u0131l\u0131 olur. Nec\u0259 ki, \u018fliyev a\u00e7\u0131q deyir:\u00a0<em>\u201cN\u0259yi, n\u0259 zaman, nec\u0259 etm\u0259yi m\u0259n \u00e7ox yax\u015f\u0131 bilir\u0259m.\u201d\u00a0<\/em><\/p>\n\n\n\n<figure class=\"wp-block-image size-full\"><img decoding=\"async\" width=\"1200\" height=\"578\" data-src=\"https:\/\/www.meydan.tv\/wp-content\/uploads\/img_1032_720-1-e1716919586322.jpg\" alt=\"Akif Qurbanov. Foto: Meydan TV\" class=\"wp-image-300989 lazyload\" src=\"data:image\/svg+xml;base64,PHN2ZyB3aWR0aD0iMSIgaGVpZ2h0PSIxIiB4bWxucz0iaHR0cDovL3d3dy53My5vcmcvMjAwMC9zdmciPjwvc3ZnPg==\" style=\"--smush-placeholder-width: 1200px; --smush-placeholder-aspect-ratio: 1200\/578;\" \/><figcaption class=\"wp-element-caption\">\u0130ll\u00fcstrasiya: Meydan TV<\/figcaption><\/figure>\n\n\n\n<p>O, he\u00e7 kimin m\u0259sl\u0259h\u0259tin\u0259, a\u011fl\u0131na ehtiyac duymur, b\u00fct\u00fcn q\u0259rarlar\u0131 da yaln\u0131z \u00f6z\u00fcn\u00fcn verdiyini n\u00fcmayi\u015f etdirir. H\u0259m\u00e7inin, yax\u015f\u0131 ba\u015fa d\u00fc\u015f\u00fcr ki, b\u00fct\u00fcn insanlar\u0131 daima aldada bilm\u0259k \u00fc\u00e7\u00fcn ictimai r\u0259yi formala\u015fd\u0131rmaqda \u0259sas rol oynayan media \u00fcz\u0259rind\u0259 n\u0259zar\u0259ti \u0259l\u0259 almal\u0131d\u0131r. Bununla, v\u0259t\u0259nda\u015flar\u0131n h\u0259qiq\u0259tin f\u0259rqind\u0259 olmas\u0131n\u0131 \u0259ng\u0259ll\u0259yir.&nbsp;<\/p>\n\n\n\n<p><strong>B\u0259s h\u0259qiq\u0259t n\u0259dir?<\/strong><\/p>\n\n\n\n<p>H\u0259qiq\u0259t inanca deyil, yaln\u0131z m\u00fc\u015fahid\u0259 v\u0259 d\u0259lill\u0259r\u0259 (faktlara) s\u00f6yk\u0259n\u0259n d\u0259y\u0259rdir. T\u0259k adam rejiml\u0259ri is\u0259 median\u0131 n\u0259zar\u0259tind\u0259 saxlamaqla u\u011fursuzluqlar\u0131n\u0131 ba\u015fqalar\u0131n\u0131n \u00fcz\u0259rin\u0259 ataraq diqq\u0259ti x\u0259yali, ger\u00e7\u0259kl\u0259rd\u0259n uzaq istiqam\u0259t\u0259 apar\u0131r. Y\u0259ni, h\u0259qiq\u0259ti gizl\u0259dir, yay\u0131nd\u0131r\u0131r, dan\u0131r v\u0259 s.&nbsp;<\/p>\n\n\n\n<p><strong>B\u0259s H\u0259s\u0259n b\u0259y Z\u0259rdabinin v\u0259 h\u0259min d\u00f6vr\u00fcn m\u00fct\u0259f\u0259kkirl\u0259rinin \u0259sas qay\u0259si n\u0259 idi?&nbsp;<\/strong><\/p>\n\n\n\n<p>Maarif\u00e7ilik! Y\u0259ni, d\u00f6vr\u00fcn\u00fcn h\u0259m mifl\u0259rind\u0259n &#8211; yalan\u00e7\u0131 hekay\u0259l\u0259rind\u0259n, h\u0259m m\u00f6vhumat\u00e7\u0131l\u0131qdan, h\u0259m d\u0259 cahillikd\u0259n xilas\u0131na \u00e7al\u0131\u015fmaq idi. \u201c\u018fkin\u00e7i\u201dnin \u0259sas h\u0259d\u0259fi d\u0259 m\u0259hz maarif\u00e7iliyi yaymaq, o d\u00f6vr\u00fcn geni\u015f k\u00fctl\u0259l\u0259rini h\u0259qiq\u0259tl\u0259rl\u0259 tan\u0131\u015f ed\u0259r\u0259k, m\u0259lumatland\u0131raraq ay\u0131ltmaq, ayd\u0131nland\u0131rmaq idi. M\u00fcasir d\u00f6vr\u00fcn anlay\u0131\u015flar\u0131 il\u0259 t\u0259svir ets\u0259k, toplumu agahland\u0131rmaq, media savadl\u0131l\u0131\u011f\u0131n\u0131 art\u0131rmaq, dezinformasiya, faktlarla manipulyasiya v\u0259 propaqanda il\u0259 m\u00fcbariz\u0259 aparmaq idi.&nbsp;<\/p>\n\n\n\n<p>Haz\u0131rda Z\u0259rdabinin ad\u0131na v\u0259 irsin\u0259 yiy\u0259l\u0259nm\u0259k ist\u0259y\u0259n tayfa d\u00f6vl\u0259tin g\u00fcc aparat\u0131na, inzibati v\u0259 maliyy\u0259 resursuna s\u00f6yk\u0259n\u0259r\u0259k 150 illik yubiley ad\u0131 il\u0259 m\u00fcxt\u0259lif t\u0259ltifl\u0259r, m\u00fckafatlar, t\u0259dbirl\u0259r v\u0259 s. t\u0259\u015fkil etm\u0259kl\u0259 n\u0259 edirl\u0259r? Maarif\u00e7ilikl\u0259mi m\u0259\u015f\u011fuldurlar? Maarif\u00e7ilik h\u0259qiq\u0259ti dana, yalana s\u00f6yk\u0259n\u0259 bil\u0259rmi? Z\u0259rdabinin davam\u00e7\u0131s\u0131 h\u0259qiq\u0259ti g\u00f6r\u0259-g\u00f6r\u0259 \u00f6z\u00fcn\u00fc v\u0259 ya status-kvonu (m\u00f6vcud v\u0259ziyy\u0259ti) qorumaq \u00fc\u00e7\u00fcn s\u0259ssiz qala v\u0259 ya h\u0259r c\u00fcr propaqanda \u00fc\u00e7\u00fcn al\u0259t\u0259 \u00e7evril\u0259 bil\u0259rmi? Z\u0259rdabinin v\u0259 maarif\u00e7i m\u00fct\u0259f\u0259kkirl\u0259rin yolunu bel\u0259l\u0259ri davam etdir\u0259 bil\u0259rmi?&nbsp;<\/p>\n\n\n\n<p>Xalq\u0131m\u0131z yax\u015f\u0131 bilm\u0259lidir ki, Z\u0259rdabi v\u0259 \u201c\u018fkin\u00e7i\u201dnin davam\u00e7\u0131lar\u0131 da, \u0259sl maarif\u00e7il\u0259r d\u0259 m\u0259hz maarif\u00e7iliyin\u0259 &#8211; h\u0259qiq\u0259ti yazd\u0131\u011f\u0131na, s\u00f6yl\u0259diyin\u0259 g\u00f6r\u0259 h\u0259bs\u0259 at\u0131lm\u0131\u015f Aynur Elg\u00fcn\u0259\u015fdir, \u018fl\u0259sg\u0259r M\u0259mm\u0259dlidir, Sevinc Vaqifq\u0131z\u0131d\u0131r, \u015e\u0259m\u015fad A\u011fad\u0131r v\u0259 dig\u0259r h\u0259mkarlar\u0131d\u0131r, d\u00fc\u015fd\u00fcy\u00fc yerind\u0259n a\u0131l\u0131 olmayaraq h\u0259qiq\u0259ti s\u00f6yl\u0259m\u0259y\u0259 davam ed\u0259n, d\u0259y\u0259rl\u0259ri u\u011frunda yolundan d\u00f6nm\u0259y\u0259n siyasi m\u0259hbuslard\u0131r. H\u0259m\u00e7inin, ev dusta\u011f\u0131na \u00e7evril\u0259n, \u00f6lk\u0259d\u0259 pe\u015f\u0259 f\u0259aliyy\u0259tini icra ed\u0259 bilm\u0259y\u0259n, h\u0259r c\u00fcr m\u0259hrumiyy\u0259tl\u0259r\u0259 m\u0259ruz qalan jurnalistl\u0259r, ictimai f\u0259allar v\u0259 siyas\u0259t\u00e7il\u0259r, o c\u00fcml\u0259d\u0259n m\u00f6vqeyin\u0259 g\u00f6r\u0259 v\u0259t\u0259nind\u0259n did\u0259rgin sal\u0131nan d\u0259y\u0259rli insanlar\u0131m\u0131zd\u0131r.&nbsp;<\/p>\n\n\n\n<p>19 iyul 2025-ci il tarixind\u0259 Xank\u0259ndid\u0259 \u00e7\u0131x\u0131\u015f ed\u0259n t\u0259k-adam rejiminin sahibi \u0130lham \u018fliyev median\u0131n d\u00f6vl\u0259t mara\u011f\u0131n\u0131 g\u00f6z\u0259l qorudu\u011funu, m\u00fcdafi\u0259d\u0259 deyil, \u0259sas\u0259n, h\u00fccumda oynad\u0131\u011f\u0131n\u0131 qeyd etm\u0259kl\u0259 yuxar\u0131da dedikl\u0259rimi bir daha t\u0259sdiql\u0259di. \u018fmin\u0259m ki, \u00f6lk\u0259mizin agah insanlar\u0131 \u018fliyevin s\u00f6yl\u0259diyi \u201cd\u00f6vl\u0259t mara\u011f\u0131\u201d ifad\u0259sinin t\u0259k-adam rejiminin qorunmas\u0131na m\u0259nas\u0131na g\u0259ldiyini \u00e7ox yax\u015f\u0131 bilir. Media dey\u0259nd\u0259 d\u0259 propaqanda ma\u015f\u0131n\u0131 funksiyas\u0131n\u0131 icra ed\u0259nl\u0259ri n\u0259z\u0259rd\u0259 tutur. Onun anlay\u0131\u015f\u0131na g\u00f6r\u0259, kim t\u0259k adama xidm\u0259t edirs\u0259, o, \u0259n b\u00f6y\u00fck v\u0259t\u0259np\u0259rv\u0259rdir, d\u00f6vl\u0259t\u00e7idir v\u0259 s.&nbsp;<\/p>\n\n\n\n<p>Bel\u0259 epitetl\u0259rl\u0259 ictimai r\u0259y\u0259 s\u0131r\u0131nan, \u0259slind\u0259 is\u0259 h\u0259qiq\u0259ti gizl\u0259d\u0259n, yay\u0131nd\u0131ran, danan propaqanda al\u0259tind\u0259n ba\u015fqa bir \u015fey deyil. Unutmayaq ki, b\u00fct\u00fcn propaqanda\u00e7\u0131lar Hitlerin m\u0259\u015fhur t\u0259bli\u011fat naziri olmu\u015f Cozef Gobelsin metodundan istifad\u0259 edir. Onun m\u0259\u015fhur s\u00f6z\u00fc bel\u0259 idi:<em><strong>\u00a0<\/strong>\u201cBir d\u0259f\u0259 s\u00f6yl\u0259n\u0259n yalan, yalan olaraq qalar, amma min d\u0259f\u0259 s\u00f6yl\u0259n\u0259n yalan h\u0259qiq\u0259t\u0259 \u00e7evrilir.\u201d\u00a0<\/em><\/p>\n\n\n\n<p>S\u00f6z\u00fcn ger\u00e7\u0259k m\u0259nas\u0131nda baxsaq, n\u0259 \u201c\u018fkin\u00e7i\u201d, n\u0259 d\u0259 m\u00fcasir, h\u0259qiqi median\u0131n i\u015fi he\u00e7 bir mara\u011f\u0131 birba\u015fa qorumaq deyil. \u201c\u018fkin\u00e7i\u201dnin d\u0259, m\u00fcasir median\u0131n da \u0259sas i\u015fi insanlar\u0131 h\u0259qiq\u0259tl\u0259r bar\u0259d\u0259 m\u0259lumatland\u0131rmaqd\u0131r.&nbsp;<\/p>\n\n\n\n<p>H\u0259qiq\u0259ti bil\u0259n agah, m\u0259lumatl\u0131 insanlar c\u0259miyy\u0259td\u0259 n\u0259 q\u0259d\u0259r \u00e7ox olacaqsa, orada n\u0259 t\u0259k-adam rejimi qala bil\u0259r, n\u0259 d\u0259 daima aldad\u0131lan insanlar. N\u0259tic\u0259d\u0259, idar\u0259 olunan (t\u0259k adam\u0131n idar\u0259 etdiyi) c\u0259miyy\u0259td\u0259n \u00f6z\u00fcn\u00fc idar\u0259 ed\u0259n c\u0259miyy\u0259t\u0259 (III Respublika qurulanda) \u00e7evril\u0259c\u0259yik.<\/p>\n\n\n\n<p>III Respublika Platformas\u0131 olaraq bizim \u0259sas missiyam\u0131z da budur. Bununla da, insan l\u0259yaq\u0259tinin \u00fcst\u00fcn tutuldu\u011fu bir Az\u0259rbaycana &#8211; III Respublikaya nail olaca\u011f\u0131q. M\u0259hz III Respublika d\u00f6vr\u00fcnd\u0259 \u0259sl milli maraq &#8211; insan\u0131n, mill\u0259tin v\u0259 d\u00f6vl\u0259tin mara\u011f\u0131 qorunacaq, indiki kimi t\u0259k adam\u0131n yox.<\/p>\n\n\n\n<p>Ona g\u00f6r\u0259 d\u0259, ya\u015fas\u0131n bizi o g\u00fcnl\u0259r\u0259 aparacaq \u0259sl maarif\u00e7il\u0259r &#8211; \u201c\u018fkin\u00e7i\u201dnin x\u0259l\u0259fl\u0259ri, c\u0259miyy\u0259t\u0259 h\u0259qiq\u0259tl\u0259ri \u00e7atd\u0131ran, d\u0259y\u0259rl\u0259ri u\u011frunda m\u0259hrumiyy\u0259tl\u0259r\u0259 sin\u0259 g\u0259r\u0259n d\u0259y\u0259rli insanlar! \u015e\u00fcbh\u0259sizdir ki, m\u0259hz onlar\u0131n say\u0259sind\u0259, indiki yalan\u00e7\u0131, riyakar m\u00fchitd\u0259n, m\u00f6vcud qaranl\u0131qdan ayd\u0131nl\u0131\u011fa m\u00fctl\u0259q \u00e7\u0131xaca\u011f\u0131q! Sizi t\u0259brik edir, yax\u015f\u0131 ki vars\u0131n\u0131z deyir\u0259m!<\/p>\n\n\n\n<h5 class=\"wp-block-heading\"><strong>Ruslan \u0130zz\u0259tli: &#8220;Ba\u015f ver\u0259n haqs\u0131zl\u0131\u011f\u0131n fonunda \u00f6z\u00fcn\u0259 jurnalist dey\u0259nl\u0259r t\u0259\u0259ss\u00fcf ki, \u015f\u0259xsi \u00e7\u0131xarlar\u0131n\u0131 \u00fcst\u00fcn tutaraq susurlar&#8221;<\/strong><\/h5>\n\n\n\n<p>Qurucu liderimiz M\u0259mm\u0259d \u018fmin R\u0259sulzad\u0259 deyirdi ki, mill\u0259t\u0259 h\u0259r c\u00fcr fitn\u0259 v\u0259 f\u0259sad\u0131n m\u0259nb\u0259yini,onun hans\u0131 t\u0259r\u0259fd\u0259n g\u0259ldiyini g\u00f6st\u0259r. \u018fminik ki, o zaman mill\u0259t n\u0259 ed\u0259c\u0259yini bil\u0259r. Fitn\u0259 v\u0259 f\u0259sad\u0131n, onun hans\u0131 t\u0259r\u0259fd\u0259n g\u0259ldiyini mill\u0259t\u0259 g\u00f6st\u0259r\u0259n siyas\u0259t\u00e7il\u0259r, jurnalistl\u0259r bug\u00fcn h\u0259bsxana h\u00fccr\u0259l\u0259rin\u0259 m\u0259hkum edilibl\u0259r.<\/p>\n\n\n\n<figure class=\"wp-block-image size-full\"><img decoding=\"async\" width=\"1200\" height=\"500\" data-src=\"https:\/\/www.meydan.tv\/wp-content\/uploads\/img_1018_720-1-e1727179415873-1.jpg\" alt=\"\" class=\"wp-image-327453 lazyload\" src=\"data:image\/svg+xml;base64,PHN2ZyB3aWR0aD0iMSIgaGVpZ2h0PSIxIiB4bWxucz0iaHR0cDovL3d3dy53My5vcmcvMjAwMC9zdmciPjwvc3ZnPg==\" style=\"--smush-placeholder-width: 1200px; --smush-placeholder-aspect-ratio: 1200\/500;\" \/><figcaption class=\"wp-element-caption\">\u0130ll\u00fcstrasiya: Meydan TV<\/figcaption><\/figure>\n\n\n\n<p>Korrupsiya mill\u0259timizi m\u0259hv edir deyirdim. \u018fyani s\u00fcbutum ya\u011f\u0131\u015f sular\u0131 n\u0259tic\u0259sind\u0259 k\u00f6rp\u00fcn\u00fcn alt\u0131nda tuneld\u0259 bo\u011fulan v\u0259t\u0259nda\u015f\u0131n faci\u0259si, yol ged\u0259rk\u0259n yolun \u00e7\u00f6km\u0259si n\u0259tic\u0259sind\u0259 kanalizasiyaya d\u00fc\u015f\u00fcb bo\u011fulan v\u0259t\u0259nda\u015f\u0131n faci\u0259si\u2026 Bunu h\u0259r biriniz g\u00f6rd\u00fcn\u00fcz.<\/p>\n\n\n\n<p>Xarici siyas\u0259timizi t\u0259nqid edirdim. Strateji m\u00fctt\u0259fiqimiz kimi biz\u0259 t\u0259qdim etdikl\u0259ri Rusiyan\u0131n son bir ild\u0259 \u00f6lk\u0259miz\u0259,mill\u0259timiz\u0259 etdikl\u0259rini h\u0259r birimiz izl\u0259yirik.<\/p>\n\n\n\n<p>Unutmay\u0131n \u00f6lk\u0259mizd\u0259ki probleml\u0259rin h\u0259r biri siyasidir. \u00c7\u0131x\u0131\u015f yolu da siyasi i\u015ftirak\u00e7\u0131l\u0131qdan ke\u00e7ir. Ba\u015f ver\u0259n haqs\u0131zl\u0131\u011f\u0131n, \u0259dal\u0259tsizliyin fonunda \u00f6z\u00fcn\u0259 ziyal\u0131, jurnalist, siyas\u0259t\u00e7i dey\u0259nl\u0259r t\u0259\u0259ss\u00fcf ki, \u015f\u0259xsi \u00e7\u0131xarlar\u0131n\u0131 mill\u0259tin m\u0259nafeyind\u0259n \u00fcst\u00fcn tutaraq susurlar.<\/p>\n\n\n\n<p>H\u00fcqo &#8220;\u00d6l\u00fcm m\u0259hbusunun son g\u00fcn\u00fc&#8221; \u0259s\u0259rind\u0259 yaz\u0131rd\u0131: <em>&#8221; \u00dcr\u0259yimin d\u0259rinliyind\u0259 bu adamlara yaz\u0131\u011f\u0131n g\u0259lirdi, onlar g\u00fcl\u0259nd\u0259 m\u0259n a\u011flamaq ist\u0259yirdim&#8221;.<\/em><\/p>\n\n\n\n<p>H\u0259r zaman yazd\u0131\u011f\u0131m, dediyim fikirl\u0259ri bir daha t\u0259krar edir\u0259m. Qaranl\u0131qdan ayd\u0131nl\u0131\u011fa \u00e7\u0131x\u0131\u015f s\u0259nin add\u0131m\u0131ndan as\u0131l\u0131d\u0131r. Hardansa \u00fcmid g\u00f6zl\u0259m\u0259!<\/p>\n\n\n\n<p>Sonda fikrimi AB\u015e-nin ke\u00e7mi\u015f prezidenti Barak Obaman\u0131n 2015-ci ilin iyul ay\u0131nda etdiyi \u00e7x\u0131\u015f\u0131ndak\u0131 s\u00f6zl\u0259rl\u0259 bitirir\u0259m. <em>&#8220;B\u0259z\u0259n liderl\u0259rin &#8220;m\u0259n bu \u00f6lk\u0259ni bir arada tuta bil\u0259c\u0259k t\u0259k ki\u015fiy\u0259m&#8221; dedikl\u0259rini e\u015fid\u0259c\u0259ksiniz. O zaman bilin ki, o lider \u00f6lk\u0259nin inki\u015faf\u0131 m\u00f6vzusunda ger\u00e7\u0259kd\u0259n u\u011fursuzdur&#8221;.<\/em><\/p>\n\n\n\n<p><\/p>\n","protected":false},"excerpt":{"rendered":"<p>&#8220;Toplum TV i\u015fi&#8221; \u00e7\u0259r\u00e7iv\u0259sind\u0259 h\u0259bs olunmu\u015f III Respublika Platformas\u0131n\u0131n spikeri &#8230; <\/p>\n<p class=\"read-more-container\"><a title=\"&#8220;Haz\u0131rda Z\u0259rdabinin irsin\u0259 yiy\u0259l\u0259nm\u0259k ist\u0259y\u0259n tayfa maarif\u00e7ilikl\u0259mi m\u0259\u015f\u011fuldurlar?&#8221;\" class=\"read-more button\" href=\"https:\/\/www.meydan.tv\/az\/article\/hazirda-z%c9%99rdabinin-adina-v%c9%99-irsin%c9%99-yiy%c9%99l%c9%99nm%c9%99k-ist%c9%99y%c9%99n-tayfa-maarifcilikl%c9%99mi-m%c9%99sguldurlar\/#more-333391\" aria-label=\"Read more about &#8220;Haz\u0131rda Z\u0259rdabinin irsin\u0259 yiy\u0259l\u0259nm\u0259k ist\u0259y\u0259n tayfa maarif\u00e7ilikl\u0259mi m\u0259\u015f\u011fuldurlar?&#8221;\">Davam\u0131<\/a><\/p>\n","protected":false},"author":21,"featured_media":310172,"comment_status":"closed","ping_status":"closed","sticky":false,"template":"","format":"standard","meta":{"_acf_changed":false,"_sitemap_exclude":false,"_sitemap_priority":"","_sitemap_frequency":"","footnotes":""},"categories":[172,56],"tags":[],"class_list":["post-333391","post","type-post","status-publish","format-standard","has-post-thumbnail","hentry","category-hebsxanadan-mektublar","category-xeberler","infinite-scroll-item","generate-columns","tablet-grid-50","mobile-grid-100","grid-parent","grid-33","no-featured-image-padding"],"acf":[],"yoast_head":"<!-- This site is optimized with the Yoast SEO plugin v27.5 - https:\/\/yoast.com\/product\/yoast-seo-wordpress\/ -->\n<title>&quot;Haz\u0131rda Z\u0259rdabinin irsin\u0259 yiy\u0259l\u0259nm\u0259k ist\u0259y\u0259n tayfa maarif\u00e7ilikl\u0259mi m\u0259\u015f\u011fuldurlar?&quot; - MEYDAN.TV<\/title>\n<meta name=\"robots\" content=\"index, follow, max-snippet:-1, max-image-preview:large, max-video-preview:-1\" \/>\n<link rel=\"canonical\" href=\"https:\/\/www.meydan.tv\/az\/article\/hazirda-z%c9%99rdabinin-adina-v%c9%99-irsin%c9%99-yiy%c9%99l%c9%99nm%c9%99k-ist%c9%99y%c9%99n-tayfa-maarifcilikl%c9%99mi-m%c9%99sguldurlar\/\" \/>\n<meta property=\"og:locale\" content=\"az_AZ\" \/>\n<meta property=\"og:type\" content=\"article\" \/>\n<meta property=\"og:title\" content=\"&quot;Haz\u0131rda Z\u0259rdabinin irsin\u0259 yiy\u0259l\u0259nm\u0259k ist\u0259y\u0259n tayfa maarif\u00e7ilikl\u0259mi m\u0259\u015f\u011fuldurlar?&quot; - MEYDAN.TV\" \/>\n<meta property=\"og:description\" content=\"&#8220;Toplum TV i\u015fi&#8221; \u00e7\u0259r\u00e7iv\u0259sind\u0259 h\u0259bs olunmu\u015f III Respublika Platformas\u0131n\u0131n spikeri ... Davam\u0131\" \/>\n<meta property=\"og:url\" content=\"https:\/\/www.meydan.tv\/az\/article\/hazirda-z%c9%99rdabinin-adina-v%c9%99-irsin%c9%99-yiy%c9%99l%c9%99nm%c9%99k-ist%c9%99y%c9%99n-tayfa-maarifcilikl%c9%99mi-m%c9%99sguldurlar\/\" \/>\n<meta property=\"og:site_name\" content=\"MEYDAN.TV\" \/>\n<meta property=\"article:published_time\" content=\"2025-07-22T09:53:52+00:00\" \/>\n<meta property=\"article:modified_time\" content=\"2025-07-22T09:53:55+00:00\" \/>\n<meta property=\"og:image\" content=\"https:\/\/www.meydan.tv\/wp-content\/uploads\/photo_2024-07-13-20.07.18-e1721673931129.jpeg\" \/>\n\t<meta property=\"og:image:width\" content=\"1280\" \/>\n\t<meta property=\"og:image:height\" content=\"548\" \/>\n\t<meta property=\"og:image:type\" content=\"image\/jpeg\" \/>\n<meta name=\"author\" content=\"mahmud\" \/>\n<meta name=\"twitter:card\" content=\"summary_large_image\" \/>\n<script type=\"application\/ld+json\" class=\"yoast-schema-graph\">{\"@context\":\"https:\\\/\\\/schema.org\",\"@graph\":[{\"@type\":\"Article\",\"@id\":\"https:\\\/\\\/www.meydan.tv\\\/az\\\/article\\\/hazirda-z%c9%99rdabinin-adina-v%c9%99-irsin%c9%99-yiy%c9%99l%c9%99nm%c9%99k-ist%c9%99y%c9%99n-tayfa-maarifcilikl%c9%99mi-m%c9%99sguldurlar\\\/#article\",\"isPartOf\":{\"@id\":\"https:\\\/\\\/www.meydan.tv\\\/az\\\/article\\\/hazirda-z%c9%99rdabinin-adina-v%c9%99-irsin%c9%99-yiy%c9%99l%c9%99nm%c9%99k-ist%c9%99y%c9%99n-tayfa-maarifcilikl%c9%99mi-m%c9%99sguldurlar\\\/\"},\"author\":{\"name\":\"mahmud\",\"@id\":\"https:\\\/\\\/www.meydan.tv\\\/az\\\/#\\\/schema\\\/person\\\/09863e516102a829e72bedcf3f84c6b0\"},\"headline\":\"&#8220;Haz\u0131rda Z\u0259rdabinin irsin\u0259 yiy\u0259l\u0259nm\u0259k ist\u0259y\u0259n tayfa maarif\u00e7ilikl\u0259mi m\u0259\u015f\u011fuldurlar?&#8221;\",\"datePublished\":\"2025-07-22T09:53:52+00:00\",\"dateModified\":\"2025-07-22T09:53:55+00:00\",\"mainEntityOfPage\":{\"@id\":\"https:\\\/\\\/www.meydan.tv\\\/az\\\/article\\\/hazirda-z%c9%99rdabinin-adina-v%c9%99-irsin%c9%99-yiy%c9%99l%c9%99nm%c9%99k-ist%c9%99y%c9%99n-tayfa-maarifcilikl%c9%99mi-m%c9%99sguldurlar\\\/\"},\"wordCount\":1680,\"publisher\":{\"@id\":\"https:\\\/\\\/www.meydan.tv\\\/az\\\/#organization\"},\"image\":{\"@id\":\"https:\\\/\\\/www.meydan.tv\\\/az\\\/article\\\/hazirda-z%c9%99rdabinin-adina-v%c9%99-irsin%c9%99-yiy%c9%99l%c9%99nm%c9%99k-ist%c9%99y%c9%99n-tayfa-maarifcilikl%c9%99mi-m%c9%99sguldurlar\\\/#primaryimage\"},\"thumbnailUrl\":\"https:\\\/\\\/www.meydan.tv\\\/wp-content\\\/uploads\\\/photo_2024-07-13-20.07.18-e1721673931129.jpeg\",\"articleSection\":[\"H\u0259bsxanadan m\u0259ktublar\",\"X\u0259b\u0259rl\u0259r\"],\"inLanguage\":\"az\"},{\"@type\":\"WebPage\",\"@id\":\"https:\\\/\\\/www.meydan.tv\\\/az\\\/article\\\/hazirda-z%c9%99rdabinin-adina-v%c9%99-irsin%c9%99-yiy%c9%99l%c9%99nm%c9%99k-ist%c9%99y%c9%99n-tayfa-maarifcilikl%c9%99mi-m%c9%99sguldurlar\\\/\",\"url\":\"https:\\\/\\\/www.meydan.tv\\\/az\\\/article\\\/hazirda-z%c9%99rdabinin-adina-v%c9%99-irsin%c9%99-yiy%c9%99l%c9%99nm%c9%99k-ist%c9%99y%c9%99n-tayfa-maarifcilikl%c9%99mi-m%c9%99sguldurlar\\\/\",\"name\":\"\\\"Haz\u0131rda Z\u0259rdabinin irsin\u0259 yiy\u0259l\u0259nm\u0259k ist\u0259y\u0259n tayfa maarif\u00e7ilikl\u0259mi m\u0259\u015f\u011fuldurlar?\\\" - MEYDAN.TV\",\"isPartOf\":{\"@id\":\"https:\\\/\\\/www.meydan.tv\\\/az\\\/#website\"},\"primaryImageOfPage\":{\"@id\":\"https:\\\/\\\/www.meydan.tv\\\/az\\\/article\\\/hazirda-z%c9%99rdabinin-adina-v%c9%99-irsin%c9%99-yiy%c9%99l%c9%99nm%c9%99k-ist%c9%99y%c9%99n-tayfa-maarifcilikl%c9%99mi-m%c9%99sguldurlar\\\/#primaryimage\"},\"image\":{\"@id\":\"https:\\\/\\\/www.meydan.tv\\\/az\\\/article\\\/hazirda-z%c9%99rdabinin-adina-v%c9%99-irsin%c9%99-yiy%c9%99l%c9%99nm%c9%99k-ist%c9%99y%c9%99n-tayfa-maarifcilikl%c9%99mi-m%c9%99sguldurlar\\\/#primaryimage\"},\"thumbnailUrl\":\"https:\\\/\\\/www.meydan.tv\\\/wp-content\\\/uploads\\\/photo_2024-07-13-20.07.18-e1721673931129.jpeg\",\"datePublished\":\"2025-07-22T09:53:52+00:00\",\"dateModified\":\"2025-07-22T09:53:55+00:00\",\"breadcrumb\":{\"@id\":\"https:\\\/\\\/www.meydan.tv\\\/az\\\/article\\\/hazirda-z%c9%99rdabinin-adina-v%c9%99-irsin%c9%99-yiy%c9%99l%c9%99nm%c9%99k-ist%c9%99y%c9%99n-tayfa-maarifcilikl%c9%99mi-m%c9%99sguldurlar\\\/#breadcrumb\"},\"inLanguage\":\"az\",\"potentialAction\":[{\"@type\":\"ReadAction\",\"target\":[\"https:\\\/\\\/www.meydan.tv\\\/az\\\/article\\\/hazirda-z%c9%99rdabinin-adina-v%c9%99-irsin%c9%99-yiy%c9%99l%c9%99nm%c9%99k-ist%c9%99y%c9%99n-tayfa-maarifcilikl%c9%99mi-m%c9%99sguldurlar\\\/\"]}]},{\"@type\":\"ImageObject\",\"inLanguage\":\"az\",\"@id\":\"https:\\\/\\\/www.meydan.tv\\\/az\\\/article\\\/hazirda-z%c9%99rdabinin-adina-v%c9%99-irsin%c9%99-yiy%c9%99l%c9%99nm%c9%99k-ist%c9%99y%c9%99n-tayfa-maarifcilikl%c9%99mi-m%c9%99sguldurlar\\\/#primaryimage\",\"url\":\"https:\\\/\\\/www.meydan.tv\\\/wp-content\\\/uploads\\\/photo_2024-07-13-20.07.18-e1721673931129.jpeg\",\"contentUrl\":\"https:\\\/\\\/www.meydan.tv\\\/wp-content\\\/uploads\\\/photo_2024-07-13-20.07.18-e1721673931129.jpeg\",\"width\":1280,\"height\":548,\"caption\":\"H\u0259bs edil\u0259n jurnalistl\u0259r. Foto: Meydan TV\"},{\"@type\":\"BreadcrumbList\",\"@id\":\"https:\\\/\\\/www.meydan.tv\\\/az\\\/article\\\/hazirda-z%c9%99rdabinin-adina-v%c9%99-irsin%c9%99-yiy%c9%99l%c9%99nm%c9%99k-ist%c9%99y%c9%99n-tayfa-maarifcilikl%c9%99mi-m%c9%99sguldurlar\\\/#breadcrumb\",\"itemListElement\":[{\"@type\":\"ListItem\",\"position\":1,\"name\":\"Ana s\u0259hif\u0259\",\"item\":\"https:\\\/\\\/www.meydan.tv\\\/az\\\/\"},{\"@type\":\"ListItem\",\"position\":2,\"name\":\"H\u0259bsxanadan m\u0259ktublar\",\"item\":\"https:\\\/\\\/www.meydan.tv\\\/az\\\/section\\\/hebsxanadan-mektublar\\\/\"},{\"@type\":\"ListItem\",\"position\":3,\"name\":\"&#8220;Haz\u0131rda Z\u0259rdabinin irsin\u0259 yiy\u0259l\u0259nm\u0259k ist\u0259y\u0259n tayfa maarif\u00e7ilikl\u0259mi m\u0259\u015f\u011fuldurlar?&#8221;\"}]},{\"@type\":\"WebSite\",\"@id\":\"https:\\\/\\\/www.meydan.tv\\\/az\\\/#website\",\"url\":\"https:\\\/\\\/www.meydan.tv\\\/az\\\/\",\"name\":\"MEYDAN.TV\",\"description\":\"Meydan TV Az\u0259rbaycan\u0131n media m\u0259kan\u0131ndak\u0131 alternativ s\u0259sidir\",\"publisher\":{\"@id\":\"https:\\\/\\\/www.meydan.tv\\\/az\\\/#organization\"},\"potentialAction\":[{\"@type\":\"SearchAction\",\"target\":{\"@type\":\"EntryPoint\",\"urlTemplate\":\"https:\\\/\\\/www.meydan.tv\\\/az\\\/?s={search_term_string}\"},\"query-input\":{\"@type\":\"PropertyValueSpecification\",\"valueRequired\":true,\"valueName\":\"search_term_string\"}}],\"inLanguage\":\"az\"},{\"@type\":\"Organization\",\"@id\":\"https:\\\/\\\/www.meydan.tv\\\/az\\\/#organization\",\"name\":\"Meydan TV\",\"url\":\"https:\\\/\\\/www.meydan.tv\\\/az\\\/\",\"logo\":{\"@type\":\"ImageObject\",\"inLanguage\":\"az\",\"@id\":\"https:\\\/\\\/www.meydan.tv\\\/az\\\/#\\\/schema\\\/logo\\\/image\\\/\",\"url\":\"https:\\\/\\\/www.meydan.tv\\\/wp-content\\\/uploads\\\/2021\\\/07\\\/meydan-logo.svg\",\"contentUrl\":\"https:\\\/\\\/www.meydan.tv\\\/wp-content\\\/uploads\\\/2021\\\/07\\\/meydan-logo.svg\",\"width\":195,\"height\":46,\"caption\":\"Meydan TV\"},\"image\":{\"@id\":\"https:\\\/\\\/www.meydan.tv\\\/az\\\/#\\\/schema\\\/logo\\\/image\\\/\"}},{\"@type\":\"Person\",\"@id\":\"https:\\\/\\\/www.meydan.tv\\\/az\\\/#\\\/schema\\\/person\\\/09863e516102a829e72bedcf3f84c6b0\",\"name\":\"mahmud\"}]}<\/script>\n<!-- \/ Yoast SEO plugin. -->","yoast_head_json":{"title":"\"Haz\u0131rda Z\u0259rdabinin irsin\u0259 yiy\u0259l\u0259nm\u0259k ist\u0259y\u0259n tayfa maarif\u00e7ilikl\u0259mi m\u0259\u015f\u011fuldurlar?\" - MEYDAN.TV","robots":{"index":"index","follow":"follow","max-snippet":"max-snippet:-1","max-image-preview":"max-image-preview:large","max-video-preview":"max-video-preview:-1"},"canonical":"https:\/\/www.meydan.tv\/az\/article\/hazirda-z%c9%99rdabinin-adina-v%c9%99-irsin%c9%99-yiy%c9%99l%c9%99nm%c9%99k-ist%c9%99y%c9%99n-tayfa-maarifcilikl%c9%99mi-m%c9%99sguldurlar\/","og_locale":"az_AZ","og_type":"article","og_title":"\"Haz\u0131rda Z\u0259rdabinin irsin\u0259 yiy\u0259l\u0259nm\u0259k ist\u0259y\u0259n tayfa maarif\u00e7ilikl\u0259mi m\u0259\u015f\u011fuldurlar?\" - MEYDAN.TV","og_description":"&#8220;Toplum TV i\u015fi&#8221; \u00e7\u0259r\u00e7iv\u0259sind\u0259 h\u0259bs olunmu\u015f III Respublika Platformas\u0131n\u0131n spikeri ... Davam\u0131","og_url":"https:\/\/www.meydan.tv\/az\/article\/hazirda-z%c9%99rdabinin-adina-v%c9%99-irsin%c9%99-yiy%c9%99l%c9%99nm%c9%99k-ist%c9%99y%c9%99n-tayfa-maarifcilikl%c9%99mi-m%c9%99sguldurlar\/","og_site_name":"MEYDAN.TV","article_published_time":"2025-07-22T09:53:52+00:00","article_modified_time":"2025-07-22T09:53:55+00:00","og_image":[{"width":1280,"height":548,"url":"https:\/\/www.meydan.tv\/wp-content\/uploads\/photo_2024-07-13-20.07.18-e1721673931129.jpeg","type":"image\/jpeg"}],"author":"mahmud","twitter_card":"summary_large_image","schema":{"@context":"https:\/\/schema.org","@graph":[{"@type":"Article","@id":"https:\/\/www.meydan.tv\/az\/article\/hazirda-z%c9%99rdabinin-adina-v%c9%99-irsin%c9%99-yiy%c9%99l%c9%99nm%c9%99k-ist%c9%99y%c9%99n-tayfa-maarifcilikl%c9%99mi-m%c9%99sguldurlar\/#article","isPartOf":{"@id":"https:\/\/www.meydan.tv\/az\/article\/hazirda-z%c9%99rdabinin-adina-v%c9%99-irsin%c9%99-yiy%c9%99l%c9%99nm%c9%99k-ist%c9%99y%c9%99n-tayfa-maarifcilikl%c9%99mi-m%c9%99sguldurlar\/"},"author":{"name":"mahmud","@id":"https:\/\/www.meydan.tv\/az\/#\/schema\/person\/09863e516102a829e72bedcf3f84c6b0"},"headline":"&#8220;Haz\u0131rda Z\u0259rdabinin irsin\u0259 yiy\u0259l\u0259nm\u0259k ist\u0259y\u0259n tayfa maarif\u00e7ilikl\u0259mi m\u0259\u015f\u011fuldurlar?&#8221;","datePublished":"2025-07-22T09:53:52+00:00","dateModified":"2025-07-22T09:53:55+00:00","mainEntityOfPage":{"@id":"https:\/\/www.meydan.tv\/az\/article\/hazirda-z%c9%99rdabinin-adina-v%c9%99-irsin%c9%99-yiy%c9%99l%c9%99nm%c9%99k-ist%c9%99y%c9%99n-tayfa-maarifcilikl%c9%99mi-m%c9%99sguldurlar\/"},"wordCount":1680,"publisher":{"@id":"https:\/\/www.meydan.tv\/az\/#organization"},"image":{"@id":"https:\/\/www.meydan.tv\/az\/article\/hazirda-z%c9%99rdabinin-adina-v%c9%99-irsin%c9%99-yiy%c9%99l%c9%99nm%c9%99k-ist%c9%99y%c9%99n-tayfa-maarifcilikl%c9%99mi-m%c9%99sguldurlar\/#primaryimage"},"thumbnailUrl":"https:\/\/www.meydan.tv\/wp-content\/uploads\/photo_2024-07-13-20.07.18-e1721673931129.jpeg","articleSection":["H\u0259bsxanadan m\u0259ktublar","X\u0259b\u0259rl\u0259r"],"inLanguage":"az"},{"@type":"WebPage","@id":"https:\/\/www.meydan.tv\/az\/article\/hazirda-z%c9%99rdabinin-adina-v%c9%99-irsin%c9%99-yiy%c9%99l%c9%99nm%c9%99k-ist%c9%99y%c9%99n-tayfa-maarifcilikl%c9%99mi-m%c9%99sguldurlar\/","url":"https:\/\/www.meydan.tv\/az\/article\/hazirda-z%c9%99rdabinin-adina-v%c9%99-irsin%c9%99-yiy%c9%99l%c9%99nm%c9%99k-ist%c9%99y%c9%99n-tayfa-maarifcilikl%c9%99mi-m%c9%99sguldurlar\/","name":"\"Haz\u0131rda Z\u0259rdabinin irsin\u0259 yiy\u0259l\u0259nm\u0259k ist\u0259y\u0259n tayfa maarif\u00e7ilikl\u0259mi m\u0259\u015f\u011fuldurlar?\" - MEYDAN.TV","isPartOf":{"@id":"https:\/\/www.meydan.tv\/az\/#website"},"primaryImageOfPage":{"@id":"https:\/\/www.meydan.tv\/az\/article\/hazirda-z%c9%99rdabinin-adina-v%c9%99-irsin%c9%99-yiy%c9%99l%c9%99nm%c9%99k-ist%c9%99y%c9%99n-tayfa-maarifcilikl%c9%99mi-m%c9%99sguldurlar\/#primaryimage"},"image":{"@id":"https:\/\/www.meydan.tv\/az\/article\/hazirda-z%c9%99rdabinin-adina-v%c9%99-irsin%c9%99-yiy%c9%99l%c9%99nm%c9%99k-ist%c9%99y%c9%99n-tayfa-maarifcilikl%c9%99mi-m%c9%99sguldurlar\/#primaryimage"},"thumbnailUrl":"https:\/\/www.meydan.tv\/wp-content\/uploads\/photo_2024-07-13-20.07.18-e1721673931129.jpeg","datePublished":"2025-07-22T09:53:52+00:00","dateModified":"2025-07-22T09:53:55+00:00","breadcrumb":{"@id":"https:\/\/www.meydan.tv\/az\/article\/hazirda-z%c9%99rdabinin-adina-v%c9%99-irsin%c9%99-yiy%c9%99l%c9%99nm%c9%99k-ist%c9%99y%c9%99n-tayfa-maarifcilikl%c9%99mi-m%c9%99sguldurlar\/#breadcrumb"},"inLanguage":"az","potentialAction":[{"@type":"ReadAction","target":["https:\/\/www.meydan.tv\/az\/article\/hazirda-z%c9%99rdabinin-adina-v%c9%99-irsin%c9%99-yiy%c9%99l%c9%99nm%c9%99k-ist%c9%99y%c9%99n-tayfa-maarifcilikl%c9%99mi-m%c9%99sguldurlar\/"]}]},{"@type":"ImageObject","inLanguage":"az","@id":"https:\/\/www.meydan.tv\/az\/article\/hazirda-z%c9%99rdabinin-adina-v%c9%99-irsin%c9%99-yiy%c9%99l%c9%99nm%c9%99k-ist%c9%99y%c9%99n-tayfa-maarifcilikl%c9%99mi-m%c9%99sguldurlar\/#primaryimage","url":"https:\/\/www.meydan.tv\/wp-content\/uploads\/photo_2024-07-13-20.07.18-e1721673931129.jpeg","contentUrl":"https:\/\/www.meydan.tv\/wp-content\/uploads\/photo_2024-07-13-20.07.18-e1721673931129.jpeg","width":1280,"height":548,"caption":"H\u0259bs edil\u0259n jurnalistl\u0259r. Foto: Meydan TV"},{"@type":"BreadcrumbList","@id":"https:\/\/www.meydan.tv\/az\/article\/hazirda-z%c9%99rdabinin-adina-v%c9%99-irsin%c9%99-yiy%c9%99l%c9%99nm%c9%99k-ist%c9%99y%c9%99n-tayfa-maarifcilikl%c9%99mi-m%c9%99sguldurlar\/#breadcrumb","itemListElement":[{"@type":"ListItem","position":1,"name":"Ana s\u0259hif\u0259","item":"https:\/\/www.meydan.tv\/az\/"},{"@type":"ListItem","position":2,"name":"H\u0259bsxanadan m\u0259ktublar","item":"https:\/\/www.meydan.tv\/az\/section\/hebsxanadan-mektublar\/"},{"@type":"ListItem","position":3,"name":"&#8220;Haz\u0131rda Z\u0259rdabinin irsin\u0259 yiy\u0259l\u0259nm\u0259k ist\u0259y\u0259n tayfa maarif\u00e7ilikl\u0259mi m\u0259\u015f\u011fuldurlar?&#8221;"}]},{"@type":"WebSite","@id":"https:\/\/www.meydan.tv\/az\/#website","url":"https:\/\/www.meydan.tv\/az\/","name":"MEYDAN.TV","description":"Meydan TV Az\u0259rbaycan\u0131n media m\u0259kan\u0131ndak\u0131 alternativ s\u0259sidir","publisher":{"@id":"https:\/\/www.meydan.tv\/az\/#organization"},"potentialAction":[{"@type":"SearchAction","target":{"@type":"EntryPoint","urlTemplate":"https:\/\/www.meydan.tv\/az\/?s={search_term_string}"},"query-input":{"@type":"PropertyValueSpecification","valueRequired":true,"valueName":"search_term_string"}}],"inLanguage":"az"},{"@type":"Organization","@id":"https:\/\/www.meydan.tv\/az\/#organization","name":"Meydan TV","url":"https:\/\/www.meydan.tv\/az\/","logo":{"@type":"ImageObject","inLanguage":"az","@id":"https:\/\/www.meydan.tv\/az\/#\/schema\/logo\/image\/","url":"https:\/\/www.meydan.tv\/wp-content\/uploads\/2021\/07\/meydan-logo.svg","contentUrl":"https:\/\/www.meydan.tv\/wp-content\/uploads\/2021\/07\/meydan-logo.svg","width":195,"height":46,"caption":"Meydan TV"},"image":{"@id":"https:\/\/www.meydan.tv\/az\/#\/schema\/logo\/image\/"}},{"@type":"Person","@id":"https:\/\/www.meydan.tv\/az\/#\/schema\/person\/09863e516102a829e72bedcf3f84c6b0","name":"mahmud"}]}},"_links":{"self":[{"href":"https:\/\/www.meydan.tv\/az\/wp-json\/wp\/v2\/posts\/333391","targetHints":{"allow":["GET"]}}],"collection":[{"href":"https:\/\/www.meydan.tv\/az\/wp-json\/wp\/v2\/posts"}],"about":[{"href":"https:\/\/www.meydan.tv\/az\/wp-json\/wp\/v2\/types\/post"}],"author":[{"embeddable":true,"href":"https:\/\/www.meydan.tv\/az\/wp-json\/wp\/v2\/users\/21"}],"replies":[{"embeddable":true,"href":"https:\/\/www.meydan.tv\/az\/wp-json\/wp\/v2\/comments?post=333391"}],"version-history":[{"count":2,"href":"https:\/\/www.meydan.tv\/az\/wp-json\/wp\/v2\/posts\/333391\/revisions"}],"predecessor-version":[{"id":333393,"href":"https:\/\/www.meydan.tv\/az\/wp-json\/wp\/v2\/posts\/333391\/revisions\/333393"}],"wp:featuredmedia":[{"embeddable":true,"href":"https:\/\/www.meydan.tv\/az\/wp-json\/wp\/v2\/media\/310172"}],"wp:attachment":[{"href":"https:\/\/www.meydan.tv\/az\/wp-json\/wp\/v2\/media?parent=333391"}],"wp:term":[{"taxonomy":"category","embeddable":true,"href":"https:\/\/www.meydan.tv\/az\/wp-json\/wp\/v2\/categories?post=333391"},{"taxonomy":"post_tag","embeddable":true,"href":"https:\/\/www.meydan.tv\/az\/wp-json\/wp\/v2\/tags?post=333391"}],"curies":[{"name":"wp","href":"https:\/\/api.w.org\/{rel}","templated":true}]}}