{"id":333385,"date":"2025-07-22T13:25:24","date_gmt":"2025-07-22T09:25:24","guid":{"rendered":"https:\/\/www.meydan.tv\/?p=333385"},"modified":"2025-07-22T14:02:18","modified_gmt":"2025-07-22T10:02:18","slug":"s%c9%99msad-aga-m%c9%99n-az%c9%99rbaycan-m%c9%99hk%c9%99m%c9%99l%c9%99rind%c9%99n-%c9%99dal%c9%99tli-q%c9%99rar-gozl%c9%99y%c9%99c%c9%99k-q%c9%99d%c9%99r-sad%c9%99lovh-deyil%c9%99m","status":"publish","type":"post","link":"https:\/\/www.meydan.tv\/az\/article\/s%c9%99msad-aga-m%c9%99n-az%c9%99rbaycan-m%c9%99hk%c9%99m%c9%99l%c9%99rind%c9%99n-%c9%99dal%c9%99tli-q%c9%99rar-gozl%c9%99y%c9%99c%c9%99k-q%c9%99d%c9%99r-sad%c9%99lovh-deyil%c9%99m\/","title":{"rendered":"\u015e\u0259m\u015fad A\u011fa: \u201cM\u0259n Az\u0259rbaycan m\u0259hk\u0259m\u0259l\u0259rind\u0259n \u0259dal\u0259tli q\u0259rar g\u00f6zl\u0259y\u0259c\u0259k q\u0259d\u0259r sad\u0259l\u00f6vh deyil\u0259m\u201d"},"content":{"rendered":"\n<p>\u201cMeydan TV i\u015fi\u201dn\u0259 g\u00f6r\u0259 h\u0259bs&nbsp; olunan \u201cArqument.az\u201d sayt\u0131n\u0131n ba\u015f redaktoru, \u015e\u0259m\u015fad A\u011fan\u0131n Apellyasiya M\u0259hk\u0259m\u0259sind\u0259ki \u00e7\u0131x\u0131\u015f\u0131:<\/p>\n\n\n\n<p>&#8220;\u0130yunun 24-d\u0259 X\u0259tai Rayon M\u0259hk\u0259m\u0259si istintaq orqan\u0131n\u0131n \u0259sass\u0131z t\u0259qdimat\u0131 \u0259sas\u0131nda h\u0259bs m\u00fcdd\u0259timi yenid\u0259n art\u0131rd\u0131, amma qa\u00e7aqmal\u00e7\u0131l\u0131q ittiham\u0131 il\u0259 ba\u011fl\u0131 hans\u0131sa maddi s\u00fcbut ortaya qoyulmad\u0131. Hakim R\u0259fail Sad\u0131qov da yen\u0259 vicdan\u0131n\u0131 h\u0259rraca \u00e7\u0131xararaq siyasi q\u0259rar\u0131 m\u00fctic\u0259 icra etdi. Bu da bir daha t\u0259sdiql\u0259di ki, Az\u0259rbaycanda m\u0259hk\u0259m\u0259 sistemi siyasi hakimiyy\u0259tin repressiya al\u0259tl\u0259rind\u0259n biri olaraq qal\u0131r. M\u0259hz bu \u00fczd\u0259n Az\u0259rbaycan hakiml\u0259ri 30 ildir ki, b\u00fct\u00fcn d\u00fcnyada \u0259dal\u0259t m\u00fchakim\u0259sinin simvolu kimi xarakteriz\u0259 edil\u0259n Femidan\u0131 zorlamaqla m\u0259\u015f\u011fuldurlar. Bu \u0259dal\u0259tsizlikl\u0259rd\u0259n dolay\u0131 haz\u0131rda Az\u0259rbaycan h\u0259bsxanalar\u0131 qad\u0131nl\u0131-ki\u015fili dolub-da\u015f\u0131r v\u0259 B\u0259\u015f\u0259r \u018fs\u0259d d\u00f6vr\u00fcnd\u0259ki Suriya h\u0259bsxanalar\u0131n\u0131 xat\u0131rlad\u0131r.&nbsp; H\u0259bsimin siyasi q\u0259rar oldu\u011fu h\u0259r k\u0259s\u0259 ayd\u0131nd\u0131r, el\u0259 siz\u0259 d\u0259. Bunu ittihamdak\u0131 tarixl\u0259rd\u0259 olan ziddiyy\u0259t d\u0259 a\u00e7\u0131q ortaya qoyur. Son 2 ild\u0259 \u00f6lk\u0259d\u0259n k\u0259narda olmad\u0131\u011f\u0131m halda, bunun DSX t\u0259r\u0259find\u0259n t\u0259sdiq edilm\u0259si m\u00fcmk\u00fcn oldu\u011fu bir \u015f\u0259raitd\u0259 qeyd edirl\u0259r ki, 2024-c\u00fc ild\u0259 d\u0259f\u0259l\u0259rl\u0259 xaricd\u0259 olub v\u0259 qa\u00e7aqmal\u00e7\u0131l\u0131q etmi\u015f\u0259m. Halbuki 2024-c\u00fc ild\u0259 \u00fcmumiyy\u0259tl\u0259 xaricd\u0259 olmam\u0131\u015f, h\u0259tta \u00f6lk\u0259d\u0259n \u00e7\u0131x\u0131\u015f\u0131ma stop da qoyulmu\u015fdur.&nbsp; Ona g\u00f6r\u0259 d\u0259 ittiham saxta, \u0259sass\u0131z v\u0259 siyasidir.<\/p>\n\n\n\n<p>M\u0259n Az\u0259rbaycan m\u0259hk\u0259m\u0259l\u0259rind\u0259n \u0259dal\u0259tli q\u0259rar g\u00f6zl\u0259y\u0259c\u0259k q\u0259d\u0259r sad\u0259l\u00f6vh deyil\u0259m, sad\u0259c\u0259 tarix \u00fc\u00e7\u00fcn dan\u0131\u015f\u0131ram. \u0130ndi d\u0259 tarixi bir m\u0259qama toxunum: \u0259g\u0259r \u201cGoogle\u201dd\u0259 axtar\u0131\u015f vers\u0259niz, g\u00f6r\u0259c\u0259ksiniz ki, h\u0259bsiml\u0259 ba\u011fl\u0131 ilk anons ver\u0259n v\u0259 sifari\u015fli yaz\u0131lar yayan media\u00a0 orqanlar\u0131ndan biri d\u0259 \u201cSputnik\u201din Bak\u0131 n\u00fcmay\u0259nd\u0259liyidir. Rusiyan\u0131n 30-dan \u00e7ox \u00f6lk\u0259d\u0259 qada\u011fan olunmu\u015f bu propaqanda al\u0259ti iddia edir ki, q\u0259rby\u00f6n\u00fcml\u00fc v\u0259t\u0259nda\u015f c\u0259miyy\u0259ti n\u00fcmay\u0259nd\u0259l\u0259ri, media orqanlar\u0131, h\u0259m\u00e7inin r\u0259hb\u0259ri oldu\u011fum \u201cArqument.az\u201d sayt\u0131 Rusiya-Ukrayna m\u00fcharib\u0259si fonunda anti-Rusiya m\u00f6vqeyind\u0259n \u00e7\u0131x\u0131\u015f edir, Kremlin regionla ba\u011fl\u0131 siyas\u0259tini t\u0259nqid edir.\u00a0 \u018fvv\u0259la, biz m\u00fcst\u0259qil v\u0259 t\u0259r\u0259fsiz media olmu\u015fuq, bunu f\u0259aliyy\u0259timizl\u0259 d\u0259 s\u00fcbut etmi\u015fik. \u0130kincisi d\u0259, n\u0259 g\u00f6zl\u0259yirdil\u0259r, Rusiyan\u0131n t\u0259cav\u00fczkar siyas\u0259tini d\u0259st\u0259kl\u0259m\u0259li idik?<\/p>\n\n\n\n<p>H\u0259min \u0259r\u0259f\u0259l\u0259rd\u0259 Rusiya T\u0259hl\u00fck\u0259sizlik Xidm\u0259tinin r\u0259hb\u0259ri Sergey Nar\u0131\u015fkin d\u0259 Bak\u0131ya g\u0259libmi\u015f. Reyestr medias\u0131 v\u0259 telekanalizasiyalar\u0131n he\u00e7 biri bu bar\u0259d\u0259 informasiya verm\u0259s\u0259 d\u0259, Nar\u0131\u015fkin Moskvaya qay\u0131dandan sonra Rusiya medias\u0131na m\u00fcsahib\u0259 verdi, Bak\u0131da q\u0259rby\u00f6n\u00fcml\u00fc media v\u0259 t\u0259\u015fkilatlara qar\u015f\u0131 birg\u0259 h\u0259r\u0259k\u0259t etm\u0259yi raz\u0131la\u015fd\u0131rd\u0131qlar\u0131n\u0131 dedi, yeni repressiyalar\u0131n anonsunu verdi. M\u0259hz bundan sonra Az\u0259rbaycanda h\u0259bs v\u0259 repressiyalar daha da total xarakter alma\u011fa ba\u015flad\u0131, x\u00fcsusi xidm\u0259t orqanlar\u0131 jurnalist v\u0259 ictimai \u015f\u0259xsl\u0259rd\u0259n bey\u0259t ist\u0259m\u0259y\u0259, \u201cya t\u0259slim ol, ya da h\u0259bs\u0259 get\u201d devizi il\u0259 h\u0259r\u0259k\u0259t\u0259 ke\u00e7dil\u0259r.<br><br>\u015e\u00fcbh\u0259siz ki, bu avtoritar strateji m\u00fctt\u0259fiql\u0259rin birg\u0259 raz\u0131la\u015fd\u0131r\u0131lm\u0131\u015f siyas\u0259ti idi. Buna q\u0259d\u0259r d\u0259 Az\u0259rbaycan hakimiyy\u0259ti m\u00fcrt\u0259ce \u201cMedia Haqq\u0131nda\u201d Qanunla b\u00fct\u00fcn fundamental h\u00fcquq v\u0259 azadl\u0131qlar\u0131 tapdalayaraq \u201cbey\u0259t alma\u201d prosesin\u0259 ba\u015flam\u0131\u015fd\u0131. \u0130mtina ed\u0259nl\u0259r is\u0259 qeyri-qanuni jurnalistl\u0259r say\u0131l\u0131rd\u0131lar. Bu metoddan is\u0259 tarixd\u0259 yaln\u0131z \u0130taliyada fa\u015fist Mussolini hakimiyy\u0259ti d\u00f6vr\u00fcnd\u0259 istifad\u0259 olunub, y\u0259ni hakimiyy\u0259tin \u201cReyestr \u015f\u0259ffafl\u0131\u011f\u0131\u201d Mussolinin miras\u0131d\u0131r.<\/p>\n\n\n\n<p>\u00a0Bu yax\u0131nlarda h\u0259bsimin anonsunu ver\u0259n v\u0259 bizi z\u0259r\u0259rsizl\u0259\u015fdirm\u0259yi t\u0259l\u0259b ed\u0259n \u201cSputnik-Az\u0259rbaycan\u201d\u0131n r\u0259hb\u0259rliyi FSB \u0259m\u0259kda\u015f\u0131 v\u0259 agenti kimi h\u0259bs edildi. M\u0259nd\u0259n bir ne\u00e7\u0259 kamera o t\u0259r\u0259fd\u0259 qal\u0131rlar. Haqq\u0131mda yazan dig\u0259r medialar\u0131n r\u0259hb\u0259rl\u0259rin\u0259 d\u0259 h\u0259bs arzulamasam da, onlar\u0131n da bundan yan ke\u00e7m\u0259y\u0259c\u0259yi istisna deyil. Nizaminin m\u0259\u015fhur hekay\u0259sind\u0259 deyildiyi kimi, \u201cN\u0259 q\u0259d\u0259r ki, \u018fnu\u015fir\u0259van pad\u015fahd\u0131r, h\u0259r k\u0259sin qism\u0259tin\u0259 bir xaraba k\u0259nd\u201d m\u00fctl\u0259q d\u00fc\u015f\u0259c\u0259k, y\u0259ni m\u00f6vqeyind\u0259n as\u0131l\u0131 olmayaraq, h\u0259r bir az\u0259rbaycanl\u0131 h\u0259bsi dadacaqd\u0131r. \u018fg\u0259r siz d\u0259 Orueli oxumam\u0131s\u0131n\u0131zsa, t\u00f6vsiy\u0259 edir\u0259m, oxuyas\u0131n\u0131z, \u00e7\u00fcnki m\u0259nz\u0259r\u0259 eynidir, h\u0259r k\u0259s n\u0259zar\u0259t alt\u0131ndad\u0131r, \u201cB\u00f6y\u00fck Qarda\u015f\u201d ham\u0131n\u0131 izl\u0259yir, sistemin mahiyy\u0259ti, f\u0259ls\u0259f\u0259si budur. Maraql\u0131 bilirsiniz n\u0259dir? \u201cSputnik\u201din donosu, Nar\u0131\u015fkinin g\u00f6st\u0259ri\u015fi il\u0259 bizi &#8211; \u00f6z v\u0259t\u0259nda\u015flar\u0131n\u0131 h\u0259bs ed\u0259n hakimiyy\u0259t indi d\u0259 milli maraqlandan dan\u0131\u015f\u0131r v\u0259 iddia edir ki, \u201cSputnik\u201d \u00e7oxdan propaqanda il\u0259 m\u0259\u015f\u011ful imi\u015f\u2026<\/p>\n\n\n\n<p>Biz h\u0259r d\u0259f\u0259 h\u0259bsimizin siyasi sifari\u015f oldu\u011funu dey\u0259nd\u0259 hakimiyy\u0259t t\u0259msil\u00e7il\u0259ri, mediadak\u0131 mirz\u0259l\u0259ri bunu inkar edir, eyni zamanda da, telekanalizasiya v\u0259 icaz\u0259li medialarda \u0259leyhimiz\u0259 37-ci il ab-havas\u0131 il\u0259 kampaniya apar\u0131r, c\u0259zalar t\u0259l\u0259b edirl\u0259r. Bu siyasi sifari\u015f deyil?<\/p>\n\n\n\n<p>Az\u0259rbaycan m\u0259tbuat\u0131n 150 illiyin\u0259 30-a q\u0259d\u0259r jurnalistin h\u0259bsi fonunda haz\u0131rla\u015f\u0131r. H\u0259r k\u0259s bilir ki, biz h\u0259qiq\u0259tl\u0259ri yazd\u0131\u011f\u0131m\u0131z \u00fc\u00e7\u00fcn buraday\u0131q, hakimiyy\u0259tin qanunsuz v\u0259 korrupsioner \u0259m\u0259ll\u0259rini i\u015f\u0131qland\u0131rd\u0131\u011f\u0131m\u0131z \u00fc\u00e7\u00fcn girov saxlan\u0131l\u0131r\u0131q. O korrupsiyadan yaz\u0131rd\u0131q ki, insanlar g\u00fcn\u00fcn g\u00fcnorta \u00e7a\u011f\u0131 paytaxtda k\u00f6rp\u00fcn\u00fcn alt\u0131nda suda bo\u011fulur, yol ged\u0259-ged\u0259 yol \u00e7\u00f6k\u00fcr, yer\u0259 bat\u0131r v\u0259 bir ne\u00e7\u0259 g\u00fcn sonra n\u0259\u015fi tap\u0131l\u0131r. O korrupsiya v\u0259 qanunsuzluqlardan, onlar\u0131n yaratd\u0131\u011f\u0131 ac\u0131 m\u0259nz\u0259r\u0259d\u0259n yaz\u0131r\u0131q ki, \u00f6lk\u0259miz \u00fcr\u0259k-damar x\u0259st\u0259likl\u0259rin\u0259 g\u00f6r\u0259 d\u00fcnyada 2-ci, Avropada 1-ci yerd\u0259dir. N\u0259 q\u0259d\u0259r insanlar\u0131 qorxu v\u0259 stress alt\u0131nda saxlamaq olar? Budur yaratd\u0131\u011f\u0131n\u0131z m\u0259nz\u0259r\u0259\u2026<\/p>\n\n\n\n<p>Kamyu deyirdi ki, bir \u00f6lk\u0259d\u0259 insanlar\u0131n nec\u0259 ya\u015fad\u0131\u011f\u0131n\u0131 bilm\u0259k ist\u0259yirsinizs\u0259 onlar\u0131n nec\u0259 \u00f6ld\u00fcy\u00fcn\u0259 bax\u0131n.<\/p>\n\n\n\n<p>M\u0259n niy\u0259 h\u0259r d\u0259f\u0259 \u201cM\u0259suliyy\u0259t \u0130lham \u018fliyev \u00fcz\u0259rind\u0259dir\u201d deyir\u0259m? \u00c7\u00fcnki sonda siyasi q\u0259rar\u0131 o verir.<\/p>\n\n\n\n<p>\u0130slam\u0131n 4-c\u00fc x\u0259lif\u0259si, imam \u018fli m\u0259\u015fhur x\u00fctb\u0259l\u0259rinin birind\u0259 bel\u0259 deyirdi: \u201c\u018fg\u0259r h\u0259tta uzaq \u018fr\u0259bistan s\u0259hras\u0131nda bir qurd bir quzunu yeyirs\u0259, g\u00fcnah m\u0259nd\u0259dir: ya qurdu \u00f6zba\u015f\u0131na buraxm\u0131\u015fam, ya da quzunu m\u00fcdafi\u0259siz qoymu\u015fam\u201d. Allah haqd\u0131r v\u0259 he\u00e7 k\u0259sin haqq\u0131n\u0131 he\u00e7 k\u0259sd\u0259 qoymur. Ya\u015fas\u0131n s\u00f6z v\u0259 ifad\u0259 azadl\u0131\u011f\u0131, m\u00fcst\u0259qil media v\u0259 onun t\u0259msil\u00e7il\u0259ri!&#8221;.<\/p>\n","protected":false},"excerpt":{"rendered":"<p>\u201cMeydan TV i\u015fi\u201dn\u0259 g\u00f6r\u0259 h\u0259bs&nbsp; olunan \u201cArqument.az\u201d sayt\u0131n\u0131n ba\u015f redaktoru, &#8230; <\/p>\n<p class=\"read-more-container\"><a title=\"\u015e\u0259m\u015fad A\u011fa: \u201cM\u0259n Az\u0259rbaycan m\u0259hk\u0259m\u0259l\u0259rind\u0259n \u0259dal\u0259tli q\u0259rar g\u00f6zl\u0259y\u0259c\u0259k q\u0259d\u0259r sad\u0259l\u00f6vh deyil\u0259m\u201d\" class=\"read-more button\" href=\"https:\/\/www.meydan.tv\/az\/article\/s%c9%99msad-aga-m%c9%99n-az%c9%99rbaycan-m%c9%99hk%c9%99m%c9%99l%c9%99rind%c9%99n-%c9%99dal%c9%99tli-q%c9%99rar-gozl%c9%99y%c9%99c%c9%99k-q%c9%99d%c9%99r-sad%c9%99lovh-deyil%c9%99m\/#more-333385\" aria-label=\"Read more about \u015e\u0259m\u015fad A\u011fa: \u201cM\u0259n Az\u0259rbaycan m\u0259hk\u0259m\u0259l\u0259rind\u0259n \u0259dal\u0259tli q\u0259rar g\u00f6zl\u0259y\u0259c\u0259k q\u0259d\u0259r sad\u0259l\u00f6vh deyil\u0259m\u201d\">Davam\u0131<\/a><\/p>\n","protected":false},"author":16,"featured_media":325896,"comment_status":"closed","ping_status":"closed","sticky":false,"template":"","format":"standard","meta":{"_acf_changed":false,"_sitemap_exclude":false,"_sitemap_priority":"","_sitemap_frequency":"","footnotes":""},"categories":[172,139,79,56],"tags":[],"class_list":["post-333385","post","type-post","status-publish","format-standard","has-post-thumbnail","hentry","category-hebsxanadan-mektublar","category-meydan-tv-isi","category-featured","category-xeberler","infinite-scroll-item","generate-columns","tablet-grid-50","mobile-grid-100","grid-parent","grid-33","no-featured-image-padding"],"acf":[],"yoast_head":"<!-- This site is optimized with the Yoast SEO plugin v27.5 - https:\/\/yoast.com\/product\/yoast-seo-wordpress\/ -->\n<title>\u015e\u0259m\u015fad A\u011fa: \u201cM\u0259n Az\u0259rbaycan m\u0259hk\u0259m\u0259l\u0259rind\u0259n \u0259dal\u0259tli q\u0259rar g\u00f6zl\u0259y\u0259c\u0259k q\u0259d\u0259r sad\u0259l\u00f6vh deyil\u0259m\u201d - MEYDAN.TV<\/title>\n<meta name=\"robots\" content=\"index, follow, max-snippet:-1, max-image-preview:large, max-video-preview:-1\" \/>\n<link rel=\"canonical\" href=\"https:\/\/www.meydan.tv\/az\/article\/s%c9%99msad-aga-m%c9%99n-az%c9%99rbaycan-m%c9%99hk%c9%99m%c9%99l%c9%99rind%c9%99n-%c9%99dal%c9%99tli-q%c9%99rar-gozl%c9%99y%c9%99c%c9%99k-q%c9%99d%c9%99r-sad%c9%99lovh-deyil%c9%99m\/\" \/>\n<meta property=\"og:locale\" content=\"az_AZ\" \/>\n<meta property=\"og:type\" content=\"article\" \/>\n<meta property=\"og:title\" content=\"\u015e\u0259m\u015fad A\u011fa: \u201cM\u0259n Az\u0259rbaycan m\u0259hk\u0259m\u0259l\u0259rind\u0259n \u0259dal\u0259tli q\u0259rar g\u00f6zl\u0259y\u0259c\u0259k q\u0259d\u0259r sad\u0259l\u00f6vh deyil\u0259m\u201d - MEYDAN.TV\" \/>\n<meta property=\"og:description\" content=\"\u201cMeydan TV i\u015fi\u201dn\u0259 g\u00f6r\u0259 h\u0259bs&nbsp; olunan \u201cArqument.az\u201d sayt\u0131n\u0131n ba\u015f redaktoru, ... Davam\u0131\" \/>\n<meta property=\"og:url\" content=\"https:\/\/www.meydan.tv\/az\/article\/s%c9%99msad-aga-m%c9%99n-az%c9%99rbaycan-m%c9%99hk%c9%99m%c9%99l%c9%99rind%c9%99n-%c9%99dal%c9%99tli-q%c9%99rar-gozl%c9%99y%c9%99c%c9%99k-q%c9%99d%c9%99r-sad%c9%99lovh-deyil%c9%99m\/\" \/>\n<meta property=\"og:site_name\" content=\"MEYDAN.TV\" \/>\n<meta property=\"article:published_time\" content=\"2025-07-22T09:25:24+00:00\" \/>\n<meta property=\"article:modified_time\" content=\"2025-07-22T10:02:18+00:00\" \/>\n<meta property=\"og:image\" content=\"https:\/\/www.meydan.tv\/wp-content\/uploads\/img_1717-scaled.jpg\" \/>\n\t<meta property=\"og:image:width\" content=\"2560\" \/>\n\t<meta property=\"og:image:height\" content=\"1707\" \/>\n\t<meta property=\"og:image:type\" content=\"image\/jpeg\" \/>\n<meta name=\"author\" content=\"sevda\" \/>\n<meta name=\"twitter:card\" content=\"summary_large_image\" \/>\n<script type=\"application\/ld+json\" class=\"yoast-schema-graph\">{\"@context\":\"https:\\\/\\\/schema.org\",\"@graph\":[{\"@type\":\"Article\",\"@id\":\"https:\\\/\\\/www.meydan.tv\\\/az\\\/article\\\/s%c9%99msad-aga-m%c9%99n-az%c9%99rbaycan-m%c9%99hk%c9%99m%c9%99l%c9%99rind%c9%99n-%c9%99dal%c9%99tli-q%c9%99rar-gozl%c9%99y%c9%99c%c9%99k-q%c9%99d%c9%99r-sad%c9%99lovh-deyil%c9%99m\\\/#article\",\"isPartOf\":{\"@id\":\"https:\\\/\\\/www.meydan.tv\\\/az\\\/article\\\/s%c9%99msad-aga-m%c9%99n-az%c9%99rbaycan-m%c9%99hk%c9%99m%c9%99l%c9%99rind%c9%99n-%c9%99dal%c9%99tli-q%c9%99rar-gozl%c9%99y%c9%99c%c9%99k-q%c9%99d%c9%99r-sad%c9%99lovh-deyil%c9%99m\\\/\"},\"author\":{\"name\":\"sevda\",\"@id\":\"https:\\\/\\\/www.meydan.tv\\\/az\\\/#\\\/schema\\\/person\\\/49b5f2bad5b126bb8ea9320eeb3e4dc9\"},\"headline\":\"\u015e\u0259m\u015fad A\u011fa: \u201cM\u0259n Az\u0259rbaycan m\u0259hk\u0259m\u0259l\u0259rind\u0259n \u0259dal\u0259tli q\u0259rar g\u00f6zl\u0259y\u0259c\u0259k q\u0259d\u0259r sad\u0259l\u00f6vh deyil\u0259m\u201d\",\"datePublished\":\"2025-07-22T09:25:24+00:00\",\"dateModified\":\"2025-07-22T10:02:18+00:00\",\"mainEntityOfPage\":{\"@id\":\"https:\\\/\\\/www.meydan.tv\\\/az\\\/article\\\/s%c9%99msad-aga-m%c9%99n-az%c9%99rbaycan-m%c9%99hk%c9%99m%c9%99l%c9%99rind%c9%99n-%c9%99dal%c9%99tli-q%c9%99rar-gozl%c9%99y%c9%99c%c9%99k-q%c9%99d%c9%99r-sad%c9%99lovh-deyil%c9%99m\\\/\"},\"wordCount\":1276,\"publisher\":{\"@id\":\"https:\\\/\\\/www.meydan.tv\\\/az\\\/#organization\"},\"image\":{\"@id\":\"https:\\\/\\\/www.meydan.tv\\\/az\\\/article\\\/s%c9%99msad-aga-m%c9%99n-az%c9%99rbaycan-m%c9%99hk%c9%99m%c9%99l%c9%99rind%c9%99n-%c9%99dal%c9%99tli-q%c9%99rar-gozl%c9%99y%c9%99c%c9%99k-q%c9%99d%c9%99r-sad%c9%99lovh-deyil%c9%99m\\\/#primaryimage\"},\"thumbnailUrl\":\"https:\\\/\\\/www.meydan.tv\\\/wp-content\\\/uploads\\\/img_1717-scaled.jpg\",\"articleSection\":[\"H\u0259bsxanadan m\u0259ktublar\",\"Meydan TV i\u015fi\",\"T\u00f6vsiy\u0259\",\"X\u0259b\u0259rl\u0259r\"],\"inLanguage\":\"az\"},{\"@type\":\"WebPage\",\"@id\":\"https:\\\/\\\/www.meydan.tv\\\/az\\\/article\\\/s%c9%99msad-aga-m%c9%99n-az%c9%99rbaycan-m%c9%99hk%c9%99m%c9%99l%c9%99rind%c9%99n-%c9%99dal%c9%99tli-q%c9%99rar-gozl%c9%99y%c9%99c%c9%99k-q%c9%99d%c9%99r-sad%c9%99lovh-deyil%c9%99m\\\/\",\"url\":\"https:\\\/\\\/www.meydan.tv\\\/az\\\/article\\\/s%c9%99msad-aga-m%c9%99n-az%c9%99rbaycan-m%c9%99hk%c9%99m%c9%99l%c9%99rind%c9%99n-%c9%99dal%c9%99tli-q%c9%99rar-gozl%c9%99y%c9%99c%c9%99k-q%c9%99d%c9%99r-sad%c9%99lovh-deyil%c9%99m\\\/\",\"name\":\"\u015e\u0259m\u015fad A\u011fa: \u201cM\u0259n Az\u0259rbaycan m\u0259hk\u0259m\u0259l\u0259rind\u0259n \u0259dal\u0259tli q\u0259rar g\u00f6zl\u0259y\u0259c\u0259k q\u0259d\u0259r sad\u0259l\u00f6vh deyil\u0259m\u201d - MEYDAN.TV\",\"isPartOf\":{\"@id\":\"https:\\\/\\\/www.meydan.tv\\\/az\\\/#website\"},\"primaryImageOfPage\":{\"@id\":\"https:\\\/\\\/www.meydan.tv\\\/az\\\/article\\\/s%c9%99msad-aga-m%c9%99n-az%c9%99rbaycan-m%c9%99hk%c9%99m%c9%99l%c9%99rind%c9%99n-%c9%99dal%c9%99tli-q%c9%99rar-gozl%c9%99y%c9%99c%c9%99k-q%c9%99d%c9%99r-sad%c9%99lovh-deyil%c9%99m\\\/#primaryimage\"},\"image\":{\"@id\":\"https:\\\/\\\/www.meydan.tv\\\/az\\\/article\\\/s%c9%99msad-aga-m%c9%99n-az%c9%99rbaycan-m%c9%99hk%c9%99m%c9%99l%c9%99rind%c9%99n-%c9%99dal%c9%99tli-q%c9%99rar-gozl%c9%99y%c9%99c%c9%99k-q%c9%99d%c9%99r-sad%c9%99lovh-deyil%c9%99m\\\/#primaryimage\"},\"thumbnailUrl\":\"https:\\\/\\\/www.meydan.tv\\\/wp-content\\\/uploads\\\/img_1717-scaled.jpg\",\"datePublished\":\"2025-07-22T09:25:24+00:00\",\"dateModified\":\"2025-07-22T10:02:18+00:00\",\"breadcrumb\":{\"@id\":\"https:\\\/\\\/www.meydan.tv\\\/az\\\/article\\\/s%c9%99msad-aga-m%c9%99n-az%c9%99rbaycan-m%c9%99hk%c9%99m%c9%99l%c9%99rind%c9%99n-%c9%99dal%c9%99tli-q%c9%99rar-gozl%c9%99y%c9%99c%c9%99k-q%c9%99d%c9%99r-sad%c9%99lovh-deyil%c9%99m\\\/#breadcrumb\"},\"inLanguage\":\"az\",\"potentialAction\":[{\"@type\":\"ReadAction\",\"target\":[\"https:\\\/\\\/www.meydan.tv\\\/az\\\/article\\\/s%c9%99msad-aga-m%c9%99n-az%c9%99rbaycan-m%c9%99hk%c9%99m%c9%99l%c9%99rind%c9%99n-%c9%99dal%c9%99tli-q%c9%99rar-gozl%c9%99y%c9%99c%c9%99k-q%c9%99d%c9%99r-sad%c9%99lovh-deyil%c9%99m\\\/\"]}]},{\"@type\":\"ImageObject\",\"inLanguage\":\"az\",\"@id\":\"https:\\\/\\\/www.meydan.tv\\\/az\\\/article\\\/s%c9%99msad-aga-m%c9%99n-az%c9%99rbaycan-m%c9%99hk%c9%99m%c9%99l%c9%99rind%c9%99n-%c9%99dal%c9%99tli-q%c9%99rar-gozl%c9%99y%c9%99c%c9%99k-q%c9%99d%c9%99r-sad%c9%99lovh-deyil%c9%99m\\\/#primaryimage\",\"url\":\"https:\\\/\\\/www.meydan.tv\\\/wp-content\\\/uploads\\\/img_1717-scaled.jpg\",\"contentUrl\":\"https:\\\/\\\/www.meydan.tv\\\/wp-content\\\/uploads\\\/img_1717-scaled.jpg\",\"width\":2560,\"height\":1707,\"caption\":\"\u015e\u0259m\u015fad A\u011fa. \u0130ll\u00fcstrasiya: Meydan TV\"},{\"@type\":\"BreadcrumbList\",\"@id\":\"https:\\\/\\\/www.meydan.tv\\\/az\\\/article\\\/s%c9%99msad-aga-m%c9%99n-az%c9%99rbaycan-m%c9%99hk%c9%99m%c9%99l%c9%99rind%c9%99n-%c9%99dal%c9%99tli-q%c9%99rar-gozl%c9%99y%c9%99c%c9%99k-q%c9%99d%c9%99r-sad%c9%99lovh-deyil%c9%99m\\\/#breadcrumb\",\"itemListElement\":[{\"@type\":\"ListItem\",\"position\":1,\"name\":\"Ana s\u0259hif\u0259\",\"item\":\"https:\\\/\\\/www.meydan.tv\\\/az\\\/\"},{\"@type\":\"ListItem\",\"position\":2,\"name\":\"X\u0259b\u0259rl\u0259r\",\"item\":\"https:\\\/\\\/www.meydan.tv\\\/az\\\/section\\\/xeberler\\\/\"},{\"@type\":\"ListItem\",\"position\":3,\"name\":\"\u015e\u0259m\u015fad A\u011fa: \u201cM\u0259n Az\u0259rbaycan m\u0259hk\u0259m\u0259l\u0259rind\u0259n \u0259dal\u0259tli q\u0259rar g\u00f6zl\u0259y\u0259c\u0259k q\u0259d\u0259r sad\u0259l\u00f6vh deyil\u0259m\u201d\"}]},{\"@type\":\"WebSite\",\"@id\":\"https:\\\/\\\/www.meydan.tv\\\/az\\\/#website\",\"url\":\"https:\\\/\\\/www.meydan.tv\\\/az\\\/\",\"name\":\"MEYDAN.TV\",\"description\":\"Meydan TV Az\u0259rbaycan\u0131n media m\u0259kan\u0131ndak\u0131 alternativ s\u0259sidir\",\"publisher\":{\"@id\":\"https:\\\/\\\/www.meydan.tv\\\/az\\\/#organization\"},\"potentialAction\":[{\"@type\":\"SearchAction\",\"target\":{\"@type\":\"EntryPoint\",\"urlTemplate\":\"https:\\\/\\\/www.meydan.tv\\\/az\\\/?s={search_term_string}\"},\"query-input\":{\"@type\":\"PropertyValueSpecification\",\"valueRequired\":true,\"valueName\":\"search_term_string\"}}],\"inLanguage\":\"az\"},{\"@type\":\"Organization\",\"@id\":\"https:\\\/\\\/www.meydan.tv\\\/az\\\/#organization\",\"name\":\"Meydan TV\",\"url\":\"https:\\\/\\\/www.meydan.tv\\\/az\\\/\",\"logo\":{\"@type\":\"ImageObject\",\"inLanguage\":\"az\",\"@id\":\"https:\\\/\\\/www.meydan.tv\\\/az\\\/#\\\/schema\\\/logo\\\/image\\\/\",\"url\":\"https:\\\/\\\/www.meydan.tv\\\/wp-content\\\/uploads\\\/2021\\\/07\\\/meydan-logo.svg\",\"contentUrl\":\"https:\\\/\\\/www.meydan.tv\\\/wp-content\\\/uploads\\\/2021\\\/07\\\/meydan-logo.svg\",\"width\":195,\"height\":46,\"caption\":\"Meydan TV\"},\"image\":{\"@id\":\"https:\\\/\\\/www.meydan.tv\\\/az\\\/#\\\/schema\\\/logo\\\/image\\\/\"}},{\"@type\":\"Person\",\"@id\":\"https:\\\/\\\/www.meydan.tv\\\/az\\\/#\\\/schema\\\/person\\\/49b5f2bad5b126bb8ea9320eeb3e4dc9\",\"name\":\"sevda\"}]}<\/script>\n<!-- \/ Yoast SEO plugin. -->","yoast_head_json":{"title":"\u015e\u0259m\u015fad A\u011fa: \u201cM\u0259n Az\u0259rbaycan m\u0259hk\u0259m\u0259l\u0259rind\u0259n \u0259dal\u0259tli q\u0259rar g\u00f6zl\u0259y\u0259c\u0259k q\u0259d\u0259r sad\u0259l\u00f6vh deyil\u0259m\u201d - MEYDAN.TV","robots":{"index":"index","follow":"follow","max-snippet":"max-snippet:-1","max-image-preview":"max-image-preview:large","max-video-preview":"max-video-preview:-1"},"canonical":"https:\/\/www.meydan.tv\/az\/article\/s%c9%99msad-aga-m%c9%99n-az%c9%99rbaycan-m%c9%99hk%c9%99m%c9%99l%c9%99rind%c9%99n-%c9%99dal%c9%99tli-q%c9%99rar-gozl%c9%99y%c9%99c%c9%99k-q%c9%99d%c9%99r-sad%c9%99lovh-deyil%c9%99m\/","og_locale":"az_AZ","og_type":"article","og_title":"\u015e\u0259m\u015fad A\u011fa: \u201cM\u0259n Az\u0259rbaycan m\u0259hk\u0259m\u0259l\u0259rind\u0259n \u0259dal\u0259tli q\u0259rar g\u00f6zl\u0259y\u0259c\u0259k q\u0259d\u0259r sad\u0259l\u00f6vh deyil\u0259m\u201d - MEYDAN.TV","og_description":"\u201cMeydan TV i\u015fi\u201dn\u0259 g\u00f6r\u0259 h\u0259bs&nbsp; olunan \u201cArqument.az\u201d sayt\u0131n\u0131n ba\u015f redaktoru, ... Davam\u0131","og_url":"https:\/\/www.meydan.tv\/az\/article\/s%c9%99msad-aga-m%c9%99n-az%c9%99rbaycan-m%c9%99hk%c9%99m%c9%99l%c9%99rind%c9%99n-%c9%99dal%c9%99tli-q%c9%99rar-gozl%c9%99y%c9%99c%c9%99k-q%c9%99d%c9%99r-sad%c9%99lovh-deyil%c9%99m\/","og_site_name":"MEYDAN.TV","article_published_time":"2025-07-22T09:25:24+00:00","article_modified_time":"2025-07-22T10:02:18+00:00","og_image":[{"width":2560,"height":1707,"url":"https:\/\/www.meydan.tv\/wp-content\/uploads\/img_1717-scaled.jpg","type":"image\/jpeg"}],"author":"sevda","twitter_card":"summary_large_image","schema":{"@context":"https:\/\/schema.org","@graph":[{"@type":"Article","@id":"https:\/\/www.meydan.tv\/az\/article\/s%c9%99msad-aga-m%c9%99n-az%c9%99rbaycan-m%c9%99hk%c9%99m%c9%99l%c9%99rind%c9%99n-%c9%99dal%c9%99tli-q%c9%99rar-gozl%c9%99y%c9%99c%c9%99k-q%c9%99d%c9%99r-sad%c9%99lovh-deyil%c9%99m\/#article","isPartOf":{"@id":"https:\/\/www.meydan.tv\/az\/article\/s%c9%99msad-aga-m%c9%99n-az%c9%99rbaycan-m%c9%99hk%c9%99m%c9%99l%c9%99rind%c9%99n-%c9%99dal%c9%99tli-q%c9%99rar-gozl%c9%99y%c9%99c%c9%99k-q%c9%99d%c9%99r-sad%c9%99lovh-deyil%c9%99m\/"},"author":{"name":"sevda","@id":"https:\/\/www.meydan.tv\/az\/#\/schema\/person\/49b5f2bad5b126bb8ea9320eeb3e4dc9"},"headline":"\u015e\u0259m\u015fad A\u011fa: \u201cM\u0259n Az\u0259rbaycan m\u0259hk\u0259m\u0259l\u0259rind\u0259n \u0259dal\u0259tli q\u0259rar g\u00f6zl\u0259y\u0259c\u0259k q\u0259d\u0259r sad\u0259l\u00f6vh deyil\u0259m\u201d","datePublished":"2025-07-22T09:25:24+00:00","dateModified":"2025-07-22T10:02:18+00:00","mainEntityOfPage":{"@id":"https:\/\/www.meydan.tv\/az\/article\/s%c9%99msad-aga-m%c9%99n-az%c9%99rbaycan-m%c9%99hk%c9%99m%c9%99l%c9%99rind%c9%99n-%c9%99dal%c9%99tli-q%c9%99rar-gozl%c9%99y%c9%99c%c9%99k-q%c9%99d%c9%99r-sad%c9%99lovh-deyil%c9%99m\/"},"wordCount":1276,"publisher":{"@id":"https:\/\/www.meydan.tv\/az\/#organization"},"image":{"@id":"https:\/\/www.meydan.tv\/az\/article\/s%c9%99msad-aga-m%c9%99n-az%c9%99rbaycan-m%c9%99hk%c9%99m%c9%99l%c9%99rind%c9%99n-%c9%99dal%c9%99tli-q%c9%99rar-gozl%c9%99y%c9%99c%c9%99k-q%c9%99d%c9%99r-sad%c9%99lovh-deyil%c9%99m\/#primaryimage"},"thumbnailUrl":"https:\/\/www.meydan.tv\/wp-content\/uploads\/img_1717-scaled.jpg","articleSection":["H\u0259bsxanadan m\u0259ktublar","Meydan TV i\u015fi","T\u00f6vsiy\u0259","X\u0259b\u0259rl\u0259r"],"inLanguage":"az"},{"@type":"WebPage","@id":"https:\/\/www.meydan.tv\/az\/article\/s%c9%99msad-aga-m%c9%99n-az%c9%99rbaycan-m%c9%99hk%c9%99m%c9%99l%c9%99rind%c9%99n-%c9%99dal%c9%99tli-q%c9%99rar-gozl%c9%99y%c9%99c%c9%99k-q%c9%99d%c9%99r-sad%c9%99lovh-deyil%c9%99m\/","url":"https:\/\/www.meydan.tv\/az\/article\/s%c9%99msad-aga-m%c9%99n-az%c9%99rbaycan-m%c9%99hk%c9%99m%c9%99l%c9%99rind%c9%99n-%c9%99dal%c9%99tli-q%c9%99rar-gozl%c9%99y%c9%99c%c9%99k-q%c9%99d%c9%99r-sad%c9%99lovh-deyil%c9%99m\/","name":"\u015e\u0259m\u015fad A\u011fa: \u201cM\u0259n Az\u0259rbaycan m\u0259hk\u0259m\u0259l\u0259rind\u0259n \u0259dal\u0259tli q\u0259rar g\u00f6zl\u0259y\u0259c\u0259k q\u0259d\u0259r sad\u0259l\u00f6vh deyil\u0259m\u201d - MEYDAN.TV","isPartOf":{"@id":"https:\/\/www.meydan.tv\/az\/#website"},"primaryImageOfPage":{"@id":"https:\/\/www.meydan.tv\/az\/article\/s%c9%99msad-aga-m%c9%99n-az%c9%99rbaycan-m%c9%99hk%c9%99m%c9%99l%c9%99rind%c9%99n-%c9%99dal%c9%99tli-q%c9%99rar-gozl%c9%99y%c9%99c%c9%99k-q%c9%99d%c9%99r-sad%c9%99lovh-deyil%c9%99m\/#primaryimage"},"image":{"@id":"https:\/\/www.meydan.tv\/az\/article\/s%c9%99msad-aga-m%c9%99n-az%c9%99rbaycan-m%c9%99hk%c9%99m%c9%99l%c9%99rind%c9%99n-%c9%99dal%c9%99tli-q%c9%99rar-gozl%c9%99y%c9%99c%c9%99k-q%c9%99d%c9%99r-sad%c9%99lovh-deyil%c9%99m\/#primaryimage"},"thumbnailUrl":"https:\/\/www.meydan.tv\/wp-content\/uploads\/img_1717-scaled.jpg","datePublished":"2025-07-22T09:25:24+00:00","dateModified":"2025-07-22T10:02:18+00:00","breadcrumb":{"@id":"https:\/\/www.meydan.tv\/az\/article\/s%c9%99msad-aga-m%c9%99n-az%c9%99rbaycan-m%c9%99hk%c9%99m%c9%99l%c9%99rind%c9%99n-%c9%99dal%c9%99tli-q%c9%99rar-gozl%c9%99y%c9%99c%c9%99k-q%c9%99d%c9%99r-sad%c9%99lovh-deyil%c9%99m\/#breadcrumb"},"inLanguage":"az","potentialAction":[{"@type":"ReadAction","target":["https:\/\/www.meydan.tv\/az\/article\/s%c9%99msad-aga-m%c9%99n-az%c9%99rbaycan-m%c9%99hk%c9%99m%c9%99l%c9%99rind%c9%99n-%c9%99dal%c9%99tli-q%c9%99rar-gozl%c9%99y%c9%99c%c9%99k-q%c9%99d%c9%99r-sad%c9%99lovh-deyil%c9%99m\/"]}]},{"@type":"ImageObject","inLanguage":"az","@id":"https:\/\/www.meydan.tv\/az\/article\/s%c9%99msad-aga-m%c9%99n-az%c9%99rbaycan-m%c9%99hk%c9%99m%c9%99l%c9%99rind%c9%99n-%c9%99dal%c9%99tli-q%c9%99rar-gozl%c9%99y%c9%99c%c9%99k-q%c9%99d%c9%99r-sad%c9%99lovh-deyil%c9%99m\/#primaryimage","url":"https:\/\/www.meydan.tv\/wp-content\/uploads\/img_1717-scaled.jpg","contentUrl":"https:\/\/www.meydan.tv\/wp-content\/uploads\/img_1717-scaled.jpg","width":2560,"height":1707,"caption":"\u015e\u0259m\u015fad A\u011fa. \u0130ll\u00fcstrasiya: Meydan TV"},{"@type":"BreadcrumbList","@id":"https:\/\/www.meydan.tv\/az\/article\/s%c9%99msad-aga-m%c9%99n-az%c9%99rbaycan-m%c9%99hk%c9%99m%c9%99l%c9%99rind%c9%99n-%c9%99dal%c9%99tli-q%c9%99rar-gozl%c9%99y%c9%99c%c9%99k-q%c9%99d%c9%99r-sad%c9%99lovh-deyil%c9%99m\/#breadcrumb","itemListElement":[{"@type":"ListItem","position":1,"name":"Ana s\u0259hif\u0259","item":"https:\/\/www.meydan.tv\/az\/"},{"@type":"ListItem","position":2,"name":"X\u0259b\u0259rl\u0259r","item":"https:\/\/www.meydan.tv\/az\/section\/xeberler\/"},{"@type":"ListItem","position":3,"name":"\u015e\u0259m\u015fad A\u011fa: \u201cM\u0259n Az\u0259rbaycan m\u0259hk\u0259m\u0259l\u0259rind\u0259n \u0259dal\u0259tli q\u0259rar g\u00f6zl\u0259y\u0259c\u0259k q\u0259d\u0259r sad\u0259l\u00f6vh deyil\u0259m\u201d"}]},{"@type":"WebSite","@id":"https:\/\/www.meydan.tv\/az\/#website","url":"https:\/\/www.meydan.tv\/az\/","name":"MEYDAN.TV","description":"Meydan TV Az\u0259rbaycan\u0131n media m\u0259kan\u0131ndak\u0131 alternativ s\u0259sidir","publisher":{"@id":"https:\/\/www.meydan.tv\/az\/#organization"},"potentialAction":[{"@type":"SearchAction","target":{"@type":"EntryPoint","urlTemplate":"https:\/\/www.meydan.tv\/az\/?s={search_term_string}"},"query-input":{"@type":"PropertyValueSpecification","valueRequired":true,"valueName":"search_term_string"}}],"inLanguage":"az"},{"@type":"Organization","@id":"https:\/\/www.meydan.tv\/az\/#organization","name":"Meydan TV","url":"https:\/\/www.meydan.tv\/az\/","logo":{"@type":"ImageObject","inLanguage":"az","@id":"https:\/\/www.meydan.tv\/az\/#\/schema\/logo\/image\/","url":"https:\/\/www.meydan.tv\/wp-content\/uploads\/2021\/07\/meydan-logo.svg","contentUrl":"https:\/\/www.meydan.tv\/wp-content\/uploads\/2021\/07\/meydan-logo.svg","width":195,"height":46,"caption":"Meydan TV"},"image":{"@id":"https:\/\/www.meydan.tv\/az\/#\/schema\/logo\/image\/"}},{"@type":"Person","@id":"https:\/\/www.meydan.tv\/az\/#\/schema\/person\/49b5f2bad5b126bb8ea9320eeb3e4dc9","name":"sevda"}]}},"_links":{"self":[{"href":"https:\/\/www.meydan.tv\/az\/wp-json\/wp\/v2\/posts\/333385","targetHints":{"allow":["GET"]}}],"collection":[{"href":"https:\/\/www.meydan.tv\/az\/wp-json\/wp\/v2\/posts"}],"about":[{"href":"https:\/\/www.meydan.tv\/az\/wp-json\/wp\/v2\/types\/post"}],"author":[{"embeddable":true,"href":"https:\/\/www.meydan.tv\/az\/wp-json\/wp\/v2\/users\/16"}],"replies":[{"embeddable":true,"href":"https:\/\/www.meydan.tv\/az\/wp-json\/wp\/v2\/comments?post=333385"}],"version-history":[{"count":3,"href":"https:\/\/www.meydan.tv\/az\/wp-json\/wp\/v2\/posts\/333385\/revisions"}],"predecessor-version":[{"id":333389,"href":"https:\/\/www.meydan.tv\/az\/wp-json\/wp\/v2\/posts\/333385\/revisions\/333389"}],"wp:featuredmedia":[{"embeddable":true,"href":"https:\/\/www.meydan.tv\/az\/wp-json\/wp\/v2\/media\/325896"}],"wp:attachment":[{"href":"https:\/\/www.meydan.tv\/az\/wp-json\/wp\/v2\/media?parent=333385"}],"wp:term":[{"taxonomy":"category","embeddable":true,"href":"https:\/\/www.meydan.tv\/az\/wp-json\/wp\/v2\/categories?post=333385"},{"taxonomy":"post_tag","embeddable":true,"href":"https:\/\/www.meydan.tv\/az\/wp-json\/wp\/v2\/tags?post=333385"}],"curies":[{"name":"wp","href":"https:\/\/api.w.org\/{rel}","templated":true}]}}