{"id":333367,"date":"2025-07-22T12:03:50","date_gmt":"2025-07-22T08:03:50","guid":{"rendered":"https:\/\/www.meydan.tv\/?p=333367"},"modified":"2025-07-22T12:03:56","modified_gmt":"2025-07-22T08:03:56","slug":"s%c9%99mkird%c9%99-ol%c9%99n-%c9%99sg%c9%99rin-anasi-m%c9%99n-tam-%c9%99min%c9%99m-ki-oglumu-q%c9%99tl%c9%99-yetiribl%c9%99r","status":"publish","type":"post","link":"https:\/\/www.meydan.tv\/az\/article\/s%c9%99mkird%c9%99-ol%c9%99n-%c9%99sg%c9%99rin-anasi-m%c9%99n-tam-%c9%99min%c9%99m-ki-oglumu-q%c9%99tl%c9%99-yetiribl%c9%99r\/","title":{"rendered":"\u015e\u0259mkird\u0259 \u00f6l\u0259n \u0259sg\u0259rin anas\u0131: \u201cM\u0259n tam \u0259min\u0259m ki, o\u011flumu q\u0259tl\u0259 yetiribl\u0259r\u201d"},"content":{"rendered":"\n<p><br>\u015e\u0259mkird\u0259 h\u0259rbi xidm\u0259td\u0259 olan \u00e7avu\u015f Sadiq Mirz\u0259b\u0259yov nam\u0259lum \u015f\u0259raitd\u0259 ba\u015f\u0131ndan g\u00fcll\u0259 yaras\u0131 alaraq v\u0259fat edib.<\/p>\n\n\n\n<p>Hadis\u0259 bu il iyulun 10-da ba\u015f verib. M\u0259rhumun anas\u0131 M\u0259din\u0259 H\u00fcseynova Meydan TV-y\u0259 m\u00fcraci\u0259t ed\u0259r\u0259k bildirib ki, o\u011flunun \u00f6l\u00fcm\u00fc il\u0259 ba\u011fl\u0131 ail\u0259y\u0259 r\u0259smi v\u0259 inand\u0131r\u0131c\u0131 izahat verilm\u0259yib. Ail\u0259 Sadiq Mirz\u0259b\u0259yovun \u00f6l\u00fcm\u00fc il\u0259 ba\u011fl\u0131 suallar\u0131n cavabland\u0131r\u0131lmas\u0131n\u0131 v\u0259 obyektiv ara\u015fd\u0131rma apar\u0131lmas\u0131n\u0131 ist\u0259yir. Onlar bu m\u0259s\u0259l\u0259nin ictimaiyy\u0259t\u0259 \u00e7atd\u0131r\u0131lmas\u0131 v\u0259 i\u015f\u0131qland\u0131r\u0131lmas\u0131 m\u0259qs\u0259dil\u0259 Meydan TV-y\u0259 \u00fcz tutublar.<\/p>\n\n\n\n<p><em>\u201cSadiq 2006-c\u0131 ild\u0259, m\u0259nim 40 ya\u015f\u0131mda d\u00fcnyaya g\u0259lib, Bak\u0131da do\u011fulub. 2024-c\u00fc ild\u0259 18 ya\u015f\u0131na \u00e7atanda onu \u0259sg\u0259r apard\u0131lar. Bir il tamam olmam\u0131\u015f, may\u0131n 20-d\u0259 m\u0259zuniyy\u0259t\u0259 g\u0259lmi\u015fdi. Ona deyirdim ki, h\u0259rbi xidm\u0259ti ba\u015fa vur, g\u0259l, s\u0259ni evl\u0259ndir\u0259c\u0259y\u0259m. Art\u0131q 60 ya\u015f\u0131m var, s\u0259ni g\u00f6zl\u0259m\u0259y\u0259 vaxt\u0131m yoxdur. Bir aya\u011f\u0131m o t\u0259r\u0259f\u0259dir, g\u00f6z\u00fcm arxada qalmas\u0131n, s\u0259ni tez evl\u0259ndirim ki, rahat gedim. M\u0259zuniyy\u0259td\u0259 olanda s\u00f6hb\u0259t etdik, he\u00e7 bir problemi, he\u00e7 bir \u015fikay\u0259ti yox idi. May\u0131n 30-da da onu geri, h\u0259rbi hiss\u0259y\u0259 yola sald\u0131q\u201d,<\/em> &#8211; m\u0259rhum \u0259sg\u0259rin anas\u0131 deyir.<\/p>\n\n\n\n<blockquote class=\"wp-block-quote is-layout-flow wp-block-quote-is-layout-flow\">\n<h4 class=\"wp-block-heading\">Ana bildirir ki, o\u011flunun \u00f6l\u00fcm x\u0259b\u0259ri onlara ziddiyy\u0259tli v\u0259 natamam formada verilib.<\/h4>\n<\/blockquote>\n\n\n\n<p><em>\u201c\u0130yulun 10-da biz\u0259 z\u0259ng g\u0259ldi ki, Sadiq \u00f6z\u00fcn\u0259 x\u0259sar\u0259t yetirib. \u00dcz\u0259rind\u0259n yar\u0131m saat ke\u00e7m\u0259mi\u015f yenid\u0259n z\u0259ng etdil\u0259r v\u0259 bildirdil\u0259r ki, Sadiq art\u0131q h\u0259yatda yoxdur. Ard\u0131nca durmadan z\u0259ng edib, biz\u0259 t\u0259zyiq g\u00f6st\u0259rirdil\u0259r ki, ki, g\u0259lin, n\u0259\u015fi g\u00f6t\u00fcr\u00fcn, burada qal\u0131b, iyl\u0259n\u0259c\u0259k. \u0130yulun 11-d\u0259 biz\u0259 ma\u015f\u0131n g\u00f6nd\u0259rdil\u0259r ki, gedib n\u0259\u015fi aparaq. H\u0259rbi hiss\u0259d\u0259 olanda o\u011flumun n\u0259\u015fini biz\u0259 g\u00f6st\u0259rdil\u0259r. \u00dcz\u00fcn\u0259 baxd\u0131m, d\u0259qiq xat\u0131rlam\u0131ram, g\u00f6zl\u0259rind\u0259n biri bandajl\u0131 idi. G\u00fcll\u0259nin ba\u015f\u0131n\u0131n bir t\u0259r\u0259find\u0259n girib, dig\u0259r t\u0259r\u0259find\u0259n \u00e7\u0131xd\u0131\u011f\u0131 a\u00e7\u0131q-a\u015fkar hiss olunurdu. O q\u0259d\u0259r pis v\u0259ziyy\u0259td\u0259 idik ki, hadis\u0259nin nec\u0259 ba\u015f verdiyini oradak\u0131lardan soru\u015fmaq a\u011fl\u0131m\u0131za bel\u0259 g\u0259lm\u0259di\u201d.<\/em><\/p>\n\n\n<div class=\"wp-block-image\">\n<figure class=\"alignright size-large is-resized\"><img decoding=\"async\" width=\"616\" height=\"821\" data-src=\"https:\/\/www.meydan.tv\/wp-content\/uploads\/9fce7112-ae7e-4e59-bc9f-703745d941ea-616x821.jpg\" alt=\"\" class=\"wp-image-333374 lazyload\" style=\"--smush-placeholder-width: 616px; --smush-placeholder-aspect-ratio: 616\/821;width:360px;height:auto\" src=\"data:image\/svg+xml;base64,PHN2ZyB3aWR0aD0iMSIgaGVpZ2h0PSIxIiB4bWxucz0iaHR0cDovL3d3dy53My5vcmcvMjAwMC9zdmciPjwvc3ZnPg==\" \/><figcaption class=\"wp-element-caption\">Foto: M\u0259din\u0259 H\u00fcseynovan\u0131n \u015f\u0259xsi arxivind\u0259n<\/figcaption><\/figure>\n<\/div>\n\n\n<p><em>\u201cM\u0259n\u0259 bir s\u0259n\u0259d uzad\u0131b qol \u00e7\u0259kdirdil\u0259r. Sonra is\u0259, tibbi ekspertiza \u00fc\u00e7\u00fcn u\u015fa\u011f\u0131n n\u0259\u015fini yard\u0131lar \u2013 halbuki, \u00f6l\u00fcm s\u0259b\u0259bi a\u00e7\u0131q-a\u015fkar g\u00f6r\u00fcn\u00fcrd\u00fc. Sonra da k\u0259f\u0259nl\u0259yib, biz\u0259 verdil\u0259r. Israrla bildirdil\u0259r ki, tez d\u0259fn edin, meyit iyl\u0259n\u0259 bil\u0259r. H\u0259m atas\u0131, h\u0259m d\u0259 m\u0259n o anda \u00f6z\u00fcm\u00fczd\u0259 deyildik. Gec\u0259 il\u0259 Qusara g\u0259ldik v\u0259 gec\u0259 saat 1-d\u0259 Sadiqi A\u015fa\u011f\u0131 L\u0259g\u0259r k\u0259nd q\u0259biristanl\u0131\u011f\u0131nda d\u0259fn etdik\u201d.<\/em><\/p>\n\n\n\n<p>Ana deyir ki, hadis\u0259 ba\u015f ver\u0259n anda \u015fok v\u0259 a\u011f\u0131r psixoloji v\u0259ziyy\u0259td\u0259 oldu\u011fu \u00fc\u00e7\u00fcn o\u011flunun \u00f6l\u00fcm\u00fc il\u0259 ba\u011fl\u0131 h\u0259rbi hiss\u0259d\u0259 \u0259trafl\u0131 m\u0259lumat almay\u0131b. Onun s\u00f6zl\u0259rin\u0259 g\u00f6r\u0259, o\u011flunun \u00f6l\u00fcm s\u0259b\u0259bi il\u0259 ba\u011fl\u0131 onlara tibbi ekspertizan\u0131n r\u0259yi d\u0259 t\u0259qdim olunmay\u0131b:<\/p>\n\n\n\n<p><em>\u201cYava\u015f-yava\u015f \u00f6z\u00fcm\u0259 g\u0259lir\u0259m v\u0259 suallar yaran\u0131r ki, niy\u0259 u\u015fa\u011f\u0131n ba\u015f\u0131nda g\u00fcll\u0259 yaras\u0131 vard\u0131? Onu kim vurub? M\u0259n tam \u0259min\u0259m ki, o\u011flumu q\u0259tl\u0259 yetiribl\u0259r. \u00c7\u00fcnki psixoloji durumu yerind\u0259 idi. \u00dcst\u0259lik, h\u0259rbi hiss\u0259d\u0259n d\u0259 he\u00e7 bir \u015fikay\u0259ti yox idi. \u00d6l\u00fcm\u00fcnd\u0259n sonra o\u011flum yuxuma girdi, dedi ki, ana, m\u0259ni \u00f6ld\u00fcrd\u00fcl\u0259r. O\u011flumun \u00f6l\u00fcm fakt\u0131 il\u0259 \u0259laq\u0259dar iyulun 20-d\u0259 Prezident Adminstrasiyas\u0131na, Birinci vitse-prezident Mehriban \u018fliyevaya, Ba\u015f v\u0259 H\u0259rbi Prokurorluqlara teleqram vurmu\u015fam. G\u00f6z\u00fcm\u00fcn a\u011f\u0131-qaras\u0131 bir o\u011flum vard\u0131, onun qan\u0131 batmas\u0131n\u201d.<\/em><\/p>\n\n\n\n<blockquote class=\"wp-block-quote is-layout-flow wp-block-quote-is-layout-flow\">\n<h4 class=\"wp-block-heading\"><strong><em>\u201cBurada s\u0259b\u0259bl\u0259rd\u0259n biri d\u0259 ba\u015f ver\u0259n cinay\u0259tin \u00f6rt-basd\u0131r edilm\u0259sidir\u201d<\/em><\/strong><\/h4>\n<\/blockquote>\n\n\n\n<p>X\u0259z\u0259r H\u0259rbi T\u0259dqiqatlar \u0130nstitutunun r\u0259hb\u0259ri C\u0259sur M\u0259mm\u0259dov hesab edir ki, Az\u0259rbaycan Silahl\u0131 Q\u00fcvv\u0259l\u0259rind\u0259 ba\u015f ver\u0259n b\u0259zi \u0259sg\u0259r \u00f6l\u00fcml\u0259ri il\u0259 ba\u011fl\u0131 ictimaiyy\u0259t\u0259 m\u0259lumat verilm\u0259m\u0259si ciddi probleml\u0259r do\u011furur v\u0259 bu, art\u0131q sistemli bir b\u00f6hran hal\u0131n\u0131 al\u0131b. Onun fikrinc\u0259, bel\u0259 hallarda valideynl\u0259r susmamal\u0131, m\u0259hk\u0259m\u0259y\u0259 m\u00fcraci\u0259t etm\u0259li, h\u00fcquqi m\u00fcbariz\u0259y\u0259 ba\u015flamal\u0131d\u0131rlar:<\/p>\n\n\n\n<p><em>\u201cBel\u0259 m\u0259s\u0259l\u0259d\u0259 valideynl\u0259r aktiv olmal\u0131, m\u0259hk\u0259m\u0259y\u0259 m\u00fcracit etm\u0259lidirl\u0259r. Bu, anormal bir hadis\u0259dir ki, Silahl\u0131 Q\u00fcvv\u0259l\u0259rd\u0259 \u00f6l\u00fcm hadis\u0259si ba\u015f verir v\u0259 bununla ba\u011fl\u0131 h\u0259r hans\u0131 bir s\u0259b\u0259b g\u00f6st\u0259rilmir. Apard\u0131\u011f\u0131m\u0131z statistika n\u0259tic\u0259sind\u0259 m\u0259lum olub ki, Az\u0259rbaycanda h\u0259r il 5-10 n\u0259f\u0259r \u0259sg\u0259r \u00f6l\u00fcm\u00fc r\u0259smi qurumlar t\u0259r\u0259find\u0259n gizl\u0259dilir, y\u0259ni ictimaiyy\u0259t\u0259 a\u00e7\u0131qlanm\u0131r. Bunlar yaln\u0131z ail\u0259sinin sosial \u015f\u0259b\u0259k\u0259l\u0259rd\u0259 fotolar\u0131 v\u0259 sair\u0259 ictimail\u0259\u015fdir\u0259nd\u0259n sonra m\u0259lum olur. Bununla bel\u0259, M\u00fcdafi\u0259 Nazirliyi v\u0259 ya dig\u0259r g\u00fcc strukturlar\u0131 bununla ba\u011fl\u0131 h\u0259r hans\u0131 bir a\u00e7\u0131qlama vermirl\u0259r. Burada s\u0259b\u0259bl\u0259rd\u0259n biri d\u0259 ba\u015f ver\u0259n cinay\u0259tin \u00f6rt-basd\u0131r edilm\u0259sidir\u201d.<\/em><\/p>\n\n\n\n<p>C\u0259sur M\u0259mm\u0259dovun s\u00f6zl\u0259rin\u0259 g\u00f6r\u0259, 2000-ci ild\u0259n b\u0259ri apard\u0131\u011f\u0131qlar\u0131 statistikaya \u0259sas\u0259n, h\u0259rb\u00e7i \u00f6l\u00fcml\u0259ri il\u0259 ba\u011fl\u0131 r\u0259smi m\u0259lumatlarda tez-tez ziddiyy\u0259tl\u0259r m\u00fc\u015fahid\u0259 olunur:<\/p>\n\n\n<div class=\"wp-block-image\">\n<figure class=\"alignleft size-large is-resized\"><img decoding=\"async\" width=\"1095\" height=\"821\" data-src=\"https:\/\/www.meydan.tv\/wp-content\/uploads\/5ce60d04-0732-43ec-bd6f-ce292601c48e-1095x821.jpg\" alt=\"\" class=\"wp-image-333378 lazyload\" style=\"--smush-placeholder-width: 1095px; --smush-placeholder-aspect-ratio: 1095\/821;width:372px;height:auto\" src=\"data:image\/svg+xml;base64,PHN2ZyB3aWR0aD0iMSIgaGVpZ2h0PSIxIiB4bWxucz0iaHR0cDovL3d3dy53My5vcmcvMjAwMC9zdmciPjwvc3ZnPg==\" \/><figcaption class=\"wp-element-caption\">Foto: C\u0259sur M\u0259mm\u0259dovun \u015f\u0259xsi arxivind\u0259n<\/figcaption><\/figure>\n<\/div>\n\n\n<p><em>\u201cB\u0259z\u0259n erm\u0259ni g\u00fcll\u0259sind\u0259n \u00f6l\u0259nl\u0259r intihar kimi, b\u0259z\u0259n d\u0259 intihar ed\u0259nl\u0259r d\u00fc\u015fm\u0259n at\u0259\u015fi il\u0259 h\u0259lak olmu\u015f kimi t\u0259qdim edilir. T\u0259\u0259ss\u00fcf ki, valideynl\u0259r bu hallarla ba\u011fl\u0131 susqunluq n\u00fcmayi\u015f etdir\u0259nd\u0259 proses dayan\u0131r, yaln\u0131z onlar\u0131n f\u0259all\u0131\u011f\u0131 olduqda \u00f6l\u00fcm s\u0259b\u0259bl\u0259ri d\u0259qiq m\u00fc\u0259yy\u0259n edilir.<\/em><\/p>\n\n\n\n<p><em>Az\u0259rbaycanda qeyri-h\u00f6kum\u0259t t\u0259\u015fkilatlar\u0131n\u0131n f\u0259aliyy\u0259ti m\u0259hdud oldu\u011fundan ictimai d\u0259st\u0259k v\u0259 m\u00fczakir\u0259 imkanlar\u0131 da \u00e7ox z\u0259ifdir. Bu s\u0259b\u0259bd\u0259n m\u0259suliyy\u0259t \u0259sas\u0259n valideynl\u0259rin v\u0259 yax\u0131nlar\u0131n \u00fcz\u0259rin\u0259 d\u00fc\u015f\u00fcr \u2014 onlar sosial \u015f\u0259b\u0259k\u0259l\u0259rd\u0259 m\u0259lumat yaymal\u0131, h\u00fcquq-m\u00fchafiz\u0259 orqanlar\u0131na m\u00fcraci\u0259t etm\u0259lidirl\u0259r. Yaln\u0131z bu yolla proses ictimail\u0259\u015fir v\u0259 biz d\u0259 d\u0259qiq statistika toplaya bilirik\u201d.<\/em><\/p>\n\n\n\n<p>C\u0259sur M\u0259mm\u0259dovun s\u00f6zl\u0259rin\u0259 g\u00f6r\u0259, 2025-ci ilin ilk yeddi ay\u0131 \u0259rzind\u0259 art\u0131q 20-d\u0259n \u00e7ox \u0259sg\u0259r \u00f6l\u00fcm\u00fc qeyd\u0259 al\u0131n\u0131b:\u00a0<\/p>\n\n\n\n<p><em>\u201cBu da m\u00fcharib\u0259 olmayan bir d\u00f6vr \u00fc\u00e7\u00fcn ciddi g\u00f6st\u0259ricidir. 2020\u20132023-c\u00fc ill\u0259r aras\u0131nda, h\u0259rbi \u0259m\u0259liyyatlar n\u0259tic\u0259sind\u0259 ba\u015f ver\u0259n itkil\u0259ri \u00e7\u0131xmaq \u015f\u0259rti il\u0259, t\u0259hl\u00fck\u0259sizlik v\u0259 m\u00fcdafi\u0259 sektorunda orta hesabla 50\u201370 \u00f6l\u00fcm hadis\u0259si ba\u015f verib. M\u00fcharib\u0259 ba\u015fa \u00e7atd\u0131qdan sonra da d\u00f6y\u00fc\u015fl\u0259 \u0259laq\u0259li \u00f6l\u00fcml\u0259r azalsa da, dig\u0259r istiqam\u0259tl\u0259r \u2013 intihar, qeyri-nizamnam\u0259 hallar\u0131 v\u0259 texniki s\u0259b\u0259bl\u0259r \u00fczr\u0259 itkil\u0259rin say\u0131nda azalma m\u00fc\u015fahid\u0259 olunmur. Bu is\u0259 onu g\u00f6st\u0259rir ki, ordu daxilind\u0259 ciddi islahatlar h\u0259yata ke\u00e7irilmir. \u018fsg\u0259r \u00f6l\u00fcml\u0259rinin davam etm\u0259si, bu probleml\u0259rin k\u00f6k\u00fcnd\u0259n h\u0259ll olunmad\u0131\u011f\u0131n\u0131 g\u00f6st\u0259rir. \u018fg\u0259r bu c\u00fcr qeyri-qanuni hallar aradan qald\u0131r\u0131lsayd\u0131, \u0259sg\u0259r itkil\u0259rinin say\u0131 bu q\u0259d\u0259r y\u00fcks\u0259k olmazd\u0131\u201d.<\/em><\/p>\n\n\n\n<p>M\u0259s\u0259l\u0259 il\u0259 \u0259laq\u0259dar Meydan TV M\u00fcdafi\u0259 Nazirliyi, H\u0259rbi Prokurorluq v\u0259 Ba\u015f Prokurorlu\u011fa sor\u011fu g\u00f6nd\u0259rs\u0259 d\u0259, cavabland\u0131r\u0131lmay\u0131b.<\/p>\n\n\n\n<p><\/p>\n","protected":false},"excerpt":{"rendered":"<p>\u015e\u0259mkird\u0259 h\u0259rbi xidm\u0259td\u0259 olan \u00e7avu\u015f Sadiq Mirz\u0259b\u0259yov nam\u0259lum \u015f\u0259raitd\u0259 ba\u015f\u0131ndan &#8230; <\/p>\n<p class=\"read-more-container\"><a title=\"\u015e\u0259mkird\u0259 \u00f6l\u0259n \u0259sg\u0259rin anas\u0131: \u201cM\u0259n tam \u0259min\u0259m ki, o\u011flumu q\u0259tl\u0259 yetiribl\u0259r\u201d\" class=\"read-more button\" href=\"https:\/\/www.meydan.tv\/az\/article\/s%c9%99mkird%c9%99-ol%c9%99n-%c9%99sg%c9%99rin-anasi-m%c9%99n-tam-%c9%99min%c9%99m-ki-oglumu-q%c9%99tl%c9%99-yetiribl%c9%99r\/#more-333367\" aria-label=\"Read more about \u015e\u0259mkird\u0259 \u00f6l\u0259n \u0259sg\u0259rin anas\u0131: \u201cM\u0259n tam \u0259min\u0259m ki, o\u011flumu q\u0259tl\u0259 yetiribl\u0259r\u201d\">Davam\u0131<\/a><\/p>\n","protected":false},"author":16,"featured_media":333371,"comment_status":"closed","ping_status":"closed","sticky":false,"template":"","format":"standard","meta":{"_acf_changed":false,"_sitemap_exclude":false,"_sitemap_priority":"","_sitemap_frequency":"","footnotes":""},"categories":[62,79,56],"tags":[],"class_list":["post-333367","post","type-post","status-publish","format-standard","has-post-thumbnail","hentry","category-sosial","category-featured","category-xeberler","infinite-scroll-item","generate-columns","tablet-grid-50","mobile-grid-100","grid-parent","grid-33","no-featured-image-padding"],"acf":[],"yoast_head":"<!-- This site is optimized with the Yoast SEO plugin v27.4 - https:\/\/yoast.com\/product\/yoast-seo-wordpress\/ -->\n<title>\u015e\u0259mkird\u0259 \u00f6l\u0259n \u0259sg\u0259rin anas\u0131: \u201cM\u0259n tam \u0259min\u0259m ki, o\u011flumu q\u0259tl\u0259 yetiribl\u0259r\u201d - MEYDAN.TV<\/title>\n<meta name=\"robots\" content=\"index, follow, max-snippet:-1, max-image-preview:large, max-video-preview:-1\" \/>\n<link rel=\"canonical\" href=\"https:\/\/www.meydan.tv\/az\/article\/s%c9%99mkird%c9%99-ol%c9%99n-%c9%99sg%c9%99rin-anasi-m%c9%99n-tam-%c9%99min%c9%99m-ki-oglumu-q%c9%99tl%c9%99-yetiribl%c9%99r\/\" \/>\n<meta property=\"og:locale\" content=\"az_AZ\" \/>\n<meta property=\"og:type\" content=\"article\" \/>\n<meta property=\"og:title\" content=\"\u015e\u0259mkird\u0259 \u00f6l\u0259n \u0259sg\u0259rin anas\u0131: \u201cM\u0259n tam \u0259min\u0259m ki, o\u011flumu q\u0259tl\u0259 yetiribl\u0259r\u201d - MEYDAN.TV\" \/>\n<meta property=\"og:description\" content=\"\u015e\u0259mkird\u0259 h\u0259rbi xidm\u0259td\u0259 olan \u00e7avu\u015f Sadiq Mirz\u0259b\u0259yov nam\u0259lum \u015f\u0259raitd\u0259 ba\u015f\u0131ndan ... Davam\u0131\" \/>\n<meta property=\"og:url\" content=\"https:\/\/www.meydan.tv\/az\/article\/s%c9%99mkird%c9%99-ol%c9%99n-%c9%99sg%c9%99rin-anasi-m%c9%99n-tam-%c9%99min%c9%99m-ki-oglumu-q%c9%99tl%c9%99-yetiribl%c9%99r\/\" \/>\n<meta property=\"og:site_name\" content=\"MEYDAN.TV\" \/>\n<meta property=\"article:published_time\" content=\"2025-07-22T08:03:50+00:00\" \/>\n<meta property=\"article:modified_time\" content=\"2025-07-22T08:03:56+00:00\" \/>\n<meta property=\"og:image\" content=\"https:\/\/www.meydan.tv\/wp-content\/uploads\/img_9390.jpg\" \/>\n\t<meta property=\"og:image:width\" content=\"1179\" \/>\n\t<meta property=\"og:image:height\" content=\"605\" \/>\n\t<meta property=\"og:image:type\" content=\"image\/jpeg\" \/>\n<meta name=\"author\" content=\"sevda\" \/>\n<meta name=\"twitter:card\" content=\"summary_large_image\" \/>\n<script type=\"application\/ld+json\" class=\"yoast-schema-graph\">{\"@context\":\"https:\\\/\\\/schema.org\",\"@graph\":[{\"@type\":\"Article\",\"@id\":\"https:\\\/\\\/www.meydan.tv\\\/az\\\/article\\\/s%c9%99mkird%c9%99-ol%c9%99n-%c9%99sg%c9%99rin-anasi-m%c9%99n-tam-%c9%99min%c9%99m-ki-oglumu-q%c9%99tl%c9%99-yetiribl%c9%99r\\\/#article\",\"isPartOf\":{\"@id\":\"https:\\\/\\\/www.meydan.tv\\\/az\\\/article\\\/s%c9%99mkird%c9%99-ol%c9%99n-%c9%99sg%c9%99rin-anasi-m%c9%99n-tam-%c9%99min%c9%99m-ki-oglumu-q%c9%99tl%c9%99-yetiribl%c9%99r\\\/\"},\"author\":{\"name\":\"sevda\",\"@id\":\"https:\\\/\\\/www.meydan.tv\\\/az\\\/#\\\/schema\\\/person\\\/49b5f2bad5b126bb8ea9320eeb3e4dc9\"},\"headline\":\"\u015e\u0259mkird\u0259 \u00f6l\u0259n \u0259sg\u0259rin anas\u0131: \u201cM\u0259n tam \u0259min\u0259m ki, o\u011flumu q\u0259tl\u0259 yetiribl\u0259r\u201d\",\"datePublished\":\"2025-07-22T08:03:50+00:00\",\"dateModified\":\"2025-07-22T08:03:56+00:00\",\"mainEntityOfPage\":{\"@id\":\"https:\\\/\\\/www.meydan.tv\\\/az\\\/article\\\/s%c9%99mkird%c9%99-ol%c9%99n-%c9%99sg%c9%99rin-anasi-m%c9%99n-tam-%c9%99min%c9%99m-ki-oglumu-q%c9%99tl%c9%99-yetiribl%c9%99r\\\/\"},\"wordCount\":1390,\"publisher\":{\"@id\":\"https:\\\/\\\/www.meydan.tv\\\/az\\\/#organization\"},\"image\":{\"@id\":\"https:\\\/\\\/www.meydan.tv\\\/az\\\/article\\\/s%c9%99mkird%c9%99-ol%c9%99n-%c9%99sg%c9%99rin-anasi-m%c9%99n-tam-%c9%99min%c9%99m-ki-oglumu-q%c9%99tl%c9%99-yetiribl%c9%99r\\\/#primaryimage\"},\"thumbnailUrl\":\"https:\\\/\\\/www.meydan.tv\\\/wp-content\\\/uploads\\\/img_9390.jpg\",\"articleSection\":[\"Sosial\",\"T\u00f6vsiy\u0259\",\"X\u0259b\u0259rl\u0259r\"],\"inLanguage\":\"az\"},{\"@type\":\"WebPage\",\"@id\":\"https:\\\/\\\/www.meydan.tv\\\/az\\\/article\\\/s%c9%99mkird%c9%99-ol%c9%99n-%c9%99sg%c9%99rin-anasi-m%c9%99n-tam-%c9%99min%c9%99m-ki-oglumu-q%c9%99tl%c9%99-yetiribl%c9%99r\\\/\",\"url\":\"https:\\\/\\\/www.meydan.tv\\\/az\\\/article\\\/s%c9%99mkird%c9%99-ol%c9%99n-%c9%99sg%c9%99rin-anasi-m%c9%99n-tam-%c9%99min%c9%99m-ki-oglumu-q%c9%99tl%c9%99-yetiribl%c9%99r\\\/\",\"name\":\"\u015e\u0259mkird\u0259 \u00f6l\u0259n \u0259sg\u0259rin anas\u0131: \u201cM\u0259n tam \u0259min\u0259m ki, o\u011flumu q\u0259tl\u0259 yetiribl\u0259r\u201d - MEYDAN.TV\",\"isPartOf\":{\"@id\":\"https:\\\/\\\/www.meydan.tv\\\/az\\\/#website\"},\"primaryImageOfPage\":{\"@id\":\"https:\\\/\\\/www.meydan.tv\\\/az\\\/article\\\/s%c9%99mkird%c9%99-ol%c9%99n-%c9%99sg%c9%99rin-anasi-m%c9%99n-tam-%c9%99min%c9%99m-ki-oglumu-q%c9%99tl%c9%99-yetiribl%c9%99r\\\/#primaryimage\"},\"image\":{\"@id\":\"https:\\\/\\\/www.meydan.tv\\\/az\\\/article\\\/s%c9%99mkird%c9%99-ol%c9%99n-%c9%99sg%c9%99rin-anasi-m%c9%99n-tam-%c9%99min%c9%99m-ki-oglumu-q%c9%99tl%c9%99-yetiribl%c9%99r\\\/#primaryimage\"},\"thumbnailUrl\":\"https:\\\/\\\/www.meydan.tv\\\/wp-content\\\/uploads\\\/img_9390.jpg\",\"datePublished\":\"2025-07-22T08:03:50+00:00\",\"dateModified\":\"2025-07-22T08:03:56+00:00\",\"breadcrumb\":{\"@id\":\"https:\\\/\\\/www.meydan.tv\\\/az\\\/article\\\/s%c9%99mkird%c9%99-ol%c9%99n-%c9%99sg%c9%99rin-anasi-m%c9%99n-tam-%c9%99min%c9%99m-ki-oglumu-q%c9%99tl%c9%99-yetiribl%c9%99r\\\/#breadcrumb\"},\"inLanguage\":\"az\",\"potentialAction\":[{\"@type\":\"ReadAction\",\"target\":[\"https:\\\/\\\/www.meydan.tv\\\/az\\\/article\\\/s%c9%99mkird%c9%99-ol%c9%99n-%c9%99sg%c9%99rin-anasi-m%c9%99n-tam-%c9%99min%c9%99m-ki-oglumu-q%c9%99tl%c9%99-yetiribl%c9%99r\\\/\"]}]},{\"@type\":\"ImageObject\",\"inLanguage\":\"az\",\"@id\":\"https:\\\/\\\/www.meydan.tv\\\/az\\\/article\\\/s%c9%99mkird%c9%99-ol%c9%99n-%c9%99sg%c9%99rin-anasi-m%c9%99n-tam-%c9%99min%c9%99m-ki-oglumu-q%c9%99tl%c9%99-yetiribl%c9%99r\\\/#primaryimage\",\"url\":\"https:\\\/\\\/www.meydan.tv\\\/wp-content\\\/uploads\\\/img_9390.jpg\",\"contentUrl\":\"https:\\\/\\\/www.meydan.tv\\\/wp-content\\\/uploads\\\/img_9390.jpg\",\"width\":1179,\"height\":605,\"caption\":\"Foto: M\u0259din\u0259 H\u00fcseynovan\u0131n \u015f\u0259xsi arxivind\u0259n\"},{\"@type\":\"BreadcrumbList\",\"@id\":\"https:\\\/\\\/www.meydan.tv\\\/az\\\/article\\\/s%c9%99mkird%c9%99-ol%c9%99n-%c9%99sg%c9%99rin-anasi-m%c9%99n-tam-%c9%99min%c9%99m-ki-oglumu-q%c9%99tl%c9%99-yetiribl%c9%99r\\\/#breadcrumb\",\"itemListElement\":[{\"@type\":\"ListItem\",\"position\":1,\"name\":\"Ana s\u0259hif\u0259\",\"item\":\"https:\\\/\\\/www.meydan.tv\\\/az\\\/\"},{\"@type\":\"ListItem\",\"position\":2,\"name\":\"X\u0259b\u0259rl\u0259r\",\"item\":\"https:\\\/\\\/www.meydan.tv\\\/az\\\/section\\\/xeberler\\\/\"},{\"@type\":\"ListItem\",\"position\":3,\"name\":\"\u015e\u0259mkird\u0259 \u00f6l\u0259n \u0259sg\u0259rin anas\u0131: \u201cM\u0259n tam \u0259min\u0259m ki, o\u011flumu q\u0259tl\u0259 yetiribl\u0259r\u201d\"}]},{\"@type\":\"WebSite\",\"@id\":\"https:\\\/\\\/www.meydan.tv\\\/az\\\/#website\",\"url\":\"https:\\\/\\\/www.meydan.tv\\\/az\\\/\",\"name\":\"MEYDAN.TV\",\"description\":\"Meydan TV Az\u0259rbaycan\u0131n media m\u0259kan\u0131ndak\u0131 alternativ s\u0259sidir\",\"publisher\":{\"@id\":\"https:\\\/\\\/www.meydan.tv\\\/az\\\/#organization\"},\"potentialAction\":[{\"@type\":\"SearchAction\",\"target\":{\"@type\":\"EntryPoint\",\"urlTemplate\":\"https:\\\/\\\/www.meydan.tv\\\/az\\\/?s={search_term_string}\"},\"query-input\":{\"@type\":\"PropertyValueSpecification\",\"valueRequired\":true,\"valueName\":\"search_term_string\"}}],\"inLanguage\":\"az\"},{\"@type\":\"Organization\",\"@id\":\"https:\\\/\\\/www.meydan.tv\\\/az\\\/#organization\",\"name\":\"Meydan TV\",\"url\":\"https:\\\/\\\/www.meydan.tv\\\/az\\\/\",\"logo\":{\"@type\":\"ImageObject\",\"inLanguage\":\"az\",\"@id\":\"https:\\\/\\\/www.meydan.tv\\\/az\\\/#\\\/schema\\\/logo\\\/image\\\/\",\"url\":\"https:\\\/\\\/www.meydan.tv\\\/wp-content\\\/uploads\\\/2021\\\/07\\\/meydan-logo.svg\",\"contentUrl\":\"https:\\\/\\\/www.meydan.tv\\\/wp-content\\\/uploads\\\/2021\\\/07\\\/meydan-logo.svg\",\"width\":195,\"height\":46,\"caption\":\"Meydan TV\"},\"image\":{\"@id\":\"https:\\\/\\\/www.meydan.tv\\\/az\\\/#\\\/schema\\\/logo\\\/image\\\/\"}},{\"@type\":\"Person\",\"@id\":\"https:\\\/\\\/www.meydan.tv\\\/az\\\/#\\\/schema\\\/person\\\/49b5f2bad5b126bb8ea9320eeb3e4dc9\",\"name\":\"sevda\"}]}<\/script>\n<!-- \/ Yoast SEO plugin. -->","yoast_head_json":{"title":"\u015e\u0259mkird\u0259 \u00f6l\u0259n \u0259sg\u0259rin anas\u0131: \u201cM\u0259n tam \u0259min\u0259m ki, o\u011flumu q\u0259tl\u0259 yetiribl\u0259r\u201d - MEYDAN.TV","robots":{"index":"index","follow":"follow","max-snippet":"max-snippet:-1","max-image-preview":"max-image-preview:large","max-video-preview":"max-video-preview:-1"},"canonical":"https:\/\/www.meydan.tv\/az\/article\/s%c9%99mkird%c9%99-ol%c9%99n-%c9%99sg%c9%99rin-anasi-m%c9%99n-tam-%c9%99min%c9%99m-ki-oglumu-q%c9%99tl%c9%99-yetiribl%c9%99r\/","og_locale":"az_AZ","og_type":"article","og_title":"\u015e\u0259mkird\u0259 \u00f6l\u0259n \u0259sg\u0259rin anas\u0131: \u201cM\u0259n tam \u0259min\u0259m ki, o\u011flumu q\u0259tl\u0259 yetiribl\u0259r\u201d - MEYDAN.TV","og_description":"\u015e\u0259mkird\u0259 h\u0259rbi xidm\u0259td\u0259 olan \u00e7avu\u015f Sadiq Mirz\u0259b\u0259yov nam\u0259lum \u015f\u0259raitd\u0259 ba\u015f\u0131ndan ... Davam\u0131","og_url":"https:\/\/www.meydan.tv\/az\/article\/s%c9%99mkird%c9%99-ol%c9%99n-%c9%99sg%c9%99rin-anasi-m%c9%99n-tam-%c9%99min%c9%99m-ki-oglumu-q%c9%99tl%c9%99-yetiribl%c9%99r\/","og_site_name":"MEYDAN.TV","article_published_time":"2025-07-22T08:03:50+00:00","article_modified_time":"2025-07-22T08:03:56+00:00","og_image":[{"width":1179,"height":605,"url":"https:\/\/www.meydan.tv\/wp-content\/uploads\/img_9390.jpg","type":"image\/jpeg"}],"author":"sevda","twitter_card":"summary_large_image","schema":{"@context":"https:\/\/schema.org","@graph":[{"@type":"Article","@id":"https:\/\/www.meydan.tv\/az\/article\/s%c9%99mkird%c9%99-ol%c9%99n-%c9%99sg%c9%99rin-anasi-m%c9%99n-tam-%c9%99min%c9%99m-ki-oglumu-q%c9%99tl%c9%99-yetiribl%c9%99r\/#article","isPartOf":{"@id":"https:\/\/www.meydan.tv\/az\/article\/s%c9%99mkird%c9%99-ol%c9%99n-%c9%99sg%c9%99rin-anasi-m%c9%99n-tam-%c9%99min%c9%99m-ki-oglumu-q%c9%99tl%c9%99-yetiribl%c9%99r\/"},"author":{"name":"sevda","@id":"https:\/\/www.meydan.tv\/az\/#\/schema\/person\/49b5f2bad5b126bb8ea9320eeb3e4dc9"},"headline":"\u015e\u0259mkird\u0259 \u00f6l\u0259n \u0259sg\u0259rin anas\u0131: \u201cM\u0259n tam \u0259min\u0259m ki, o\u011flumu q\u0259tl\u0259 yetiribl\u0259r\u201d","datePublished":"2025-07-22T08:03:50+00:00","dateModified":"2025-07-22T08:03:56+00:00","mainEntityOfPage":{"@id":"https:\/\/www.meydan.tv\/az\/article\/s%c9%99mkird%c9%99-ol%c9%99n-%c9%99sg%c9%99rin-anasi-m%c9%99n-tam-%c9%99min%c9%99m-ki-oglumu-q%c9%99tl%c9%99-yetiribl%c9%99r\/"},"wordCount":1390,"publisher":{"@id":"https:\/\/www.meydan.tv\/az\/#organization"},"image":{"@id":"https:\/\/www.meydan.tv\/az\/article\/s%c9%99mkird%c9%99-ol%c9%99n-%c9%99sg%c9%99rin-anasi-m%c9%99n-tam-%c9%99min%c9%99m-ki-oglumu-q%c9%99tl%c9%99-yetiribl%c9%99r\/#primaryimage"},"thumbnailUrl":"https:\/\/www.meydan.tv\/wp-content\/uploads\/img_9390.jpg","articleSection":["Sosial","T\u00f6vsiy\u0259","X\u0259b\u0259rl\u0259r"],"inLanguage":"az"},{"@type":"WebPage","@id":"https:\/\/www.meydan.tv\/az\/article\/s%c9%99mkird%c9%99-ol%c9%99n-%c9%99sg%c9%99rin-anasi-m%c9%99n-tam-%c9%99min%c9%99m-ki-oglumu-q%c9%99tl%c9%99-yetiribl%c9%99r\/","url":"https:\/\/www.meydan.tv\/az\/article\/s%c9%99mkird%c9%99-ol%c9%99n-%c9%99sg%c9%99rin-anasi-m%c9%99n-tam-%c9%99min%c9%99m-ki-oglumu-q%c9%99tl%c9%99-yetiribl%c9%99r\/","name":"\u015e\u0259mkird\u0259 \u00f6l\u0259n \u0259sg\u0259rin anas\u0131: \u201cM\u0259n tam \u0259min\u0259m ki, o\u011flumu q\u0259tl\u0259 yetiribl\u0259r\u201d - MEYDAN.TV","isPartOf":{"@id":"https:\/\/www.meydan.tv\/az\/#website"},"primaryImageOfPage":{"@id":"https:\/\/www.meydan.tv\/az\/article\/s%c9%99mkird%c9%99-ol%c9%99n-%c9%99sg%c9%99rin-anasi-m%c9%99n-tam-%c9%99min%c9%99m-ki-oglumu-q%c9%99tl%c9%99-yetiribl%c9%99r\/#primaryimage"},"image":{"@id":"https:\/\/www.meydan.tv\/az\/article\/s%c9%99mkird%c9%99-ol%c9%99n-%c9%99sg%c9%99rin-anasi-m%c9%99n-tam-%c9%99min%c9%99m-ki-oglumu-q%c9%99tl%c9%99-yetiribl%c9%99r\/#primaryimage"},"thumbnailUrl":"https:\/\/www.meydan.tv\/wp-content\/uploads\/img_9390.jpg","datePublished":"2025-07-22T08:03:50+00:00","dateModified":"2025-07-22T08:03:56+00:00","breadcrumb":{"@id":"https:\/\/www.meydan.tv\/az\/article\/s%c9%99mkird%c9%99-ol%c9%99n-%c9%99sg%c9%99rin-anasi-m%c9%99n-tam-%c9%99min%c9%99m-ki-oglumu-q%c9%99tl%c9%99-yetiribl%c9%99r\/#breadcrumb"},"inLanguage":"az","potentialAction":[{"@type":"ReadAction","target":["https:\/\/www.meydan.tv\/az\/article\/s%c9%99mkird%c9%99-ol%c9%99n-%c9%99sg%c9%99rin-anasi-m%c9%99n-tam-%c9%99min%c9%99m-ki-oglumu-q%c9%99tl%c9%99-yetiribl%c9%99r\/"]}]},{"@type":"ImageObject","inLanguage":"az","@id":"https:\/\/www.meydan.tv\/az\/article\/s%c9%99mkird%c9%99-ol%c9%99n-%c9%99sg%c9%99rin-anasi-m%c9%99n-tam-%c9%99min%c9%99m-ki-oglumu-q%c9%99tl%c9%99-yetiribl%c9%99r\/#primaryimage","url":"https:\/\/www.meydan.tv\/wp-content\/uploads\/img_9390.jpg","contentUrl":"https:\/\/www.meydan.tv\/wp-content\/uploads\/img_9390.jpg","width":1179,"height":605,"caption":"Foto: M\u0259din\u0259 H\u00fcseynovan\u0131n \u015f\u0259xsi arxivind\u0259n"},{"@type":"BreadcrumbList","@id":"https:\/\/www.meydan.tv\/az\/article\/s%c9%99mkird%c9%99-ol%c9%99n-%c9%99sg%c9%99rin-anasi-m%c9%99n-tam-%c9%99min%c9%99m-ki-oglumu-q%c9%99tl%c9%99-yetiribl%c9%99r\/#breadcrumb","itemListElement":[{"@type":"ListItem","position":1,"name":"Ana s\u0259hif\u0259","item":"https:\/\/www.meydan.tv\/az\/"},{"@type":"ListItem","position":2,"name":"X\u0259b\u0259rl\u0259r","item":"https:\/\/www.meydan.tv\/az\/section\/xeberler\/"},{"@type":"ListItem","position":3,"name":"\u015e\u0259mkird\u0259 \u00f6l\u0259n \u0259sg\u0259rin anas\u0131: \u201cM\u0259n tam \u0259min\u0259m ki, o\u011flumu q\u0259tl\u0259 yetiribl\u0259r\u201d"}]},{"@type":"WebSite","@id":"https:\/\/www.meydan.tv\/az\/#website","url":"https:\/\/www.meydan.tv\/az\/","name":"MEYDAN.TV","description":"Meydan TV Az\u0259rbaycan\u0131n media m\u0259kan\u0131ndak\u0131 alternativ s\u0259sidir","publisher":{"@id":"https:\/\/www.meydan.tv\/az\/#organization"},"potentialAction":[{"@type":"SearchAction","target":{"@type":"EntryPoint","urlTemplate":"https:\/\/www.meydan.tv\/az\/?s={search_term_string}"},"query-input":{"@type":"PropertyValueSpecification","valueRequired":true,"valueName":"search_term_string"}}],"inLanguage":"az"},{"@type":"Organization","@id":"https:\/\/www.meydan.tv\/az\/#organization","name":"Meydan TV","url":"https:\/\/www.meydan.tv\/az\/","logo":{"@type":"ImageObject","inLanguage":"az","@id":"https:\/\/www.meydan.tv\/az\/#\/schema\/logo\/image\/","url":"https:\/\/www.meydan.tv\/wp-content\/uploads\/2021\/07\/meydan-logo.svg","contentUrl":"https:\/\/www.meydan.tv\/wp-content\/uploads\/2021\/07\/meydan-logo.svg","width":195,"height":46,"caption":"Meydan TV"},"image":{"@id":"https:\/\/www.meydan.tv\/az\/#\/schema\/logo\/image\/"}},{"@type":"Person","@id":"https:\/\/www.meydan.tv\/az\/#\/schema\/person\/49b5f2bad5b126bb8ea9320eeb3e4dc9","name":"sevda"}]}},"_links":{"self":[{"href":"https:\/\/www.meydan.tv\/az\/wp-json\/wp\/v2\/posts\/333367","targetHints":{"allow":["GET"]}}],"collection":[{"href":"https:\/\/www.meydan.tv\/az\/wp-json\/wp\/v2\/posts"}],"about":[{"href":"https:\/\/www.meydan.tv\/az\/wp-json\/wp\/v2\/types\/post"}],"author":[{"embeddable":true,"href":"https:\/\/www.meydan.tv\/az\/wp-json\/wp\/v2\/users\/16"}],"replies":[{"embeddable":true,"href":"https:\/\/www.meydan.tv\/az\/wp-json\/wp\/v2\/comments?post=333367"}],"version-history":[{"count":8,"href":"https:\/\/www.meydan.tv\/az\/wp-json\/wp\/v2\/posts\/333367\/revisions"}],"predecessor-version":[{"id":333384,"href":"https:\/\/www.meydan.tv\/az\/wp-json\/wp\/v2\/posts\/333367\/revisions\/333384"}],"wp:featuredmedia":[{"embeddable":true,"href":"https:\/\/www.meydan.tv\/az\/wp-json\/wp\/v2\/media\/333371"}],"wp:attachment":[{"href":"https:\/\/www.meydan.tv\/az\/wp-json\/wp\/v2\/media?parent=333367"}],"wp:term":[{"taxonomy":"category","embeddable":true,"href":"https:\/\/www.meydan.tv\/az\/wp-json\/wp\/v2\/categories?post=333367"},{"taxonomy":"post_tag","embeddable":true,"href":"https:\/\/www.meydan.tv\/az\/wp-json\/wp\/v2\/tags?post=333367"}],"curies":[{"name":"wp","href":"https:\/\/api.w.org\/{rel}","templated":true}]}}