{"id":333342,"date":"2025-07-21T16:09:00","date_gmt":"2025-07-21T12:09:00","guid":{"rendered":"https:\/\/www.meydan.tv\/?p=333342"},"modified":"2025-07-21T16:09:04","modified_gmt":"2025-07-21T12:09:04","slug":"akif-qurbanov-ail%c9%99-uzvl%c9%99rinin-t%c9%99hdid-v%c9%99-t%c9%99zyiql%c9%99rl%c9%99-uzl%c9%99sdiyini-bildirib","status":"publish","type":"post","link":"https:\/\/www.meydan.tv\/az\/article\/akif-qurbanov-ail%c9%99-uzvl%c9%99rinin-t%c9%99hdid-v%c9%99-t%c9%99zyiql%c9%99rl%c9%99-uzl%c9%99sdiyini-bildirib\/","title":{"rendered":"Akif Qurbanov ail\u0259 \u00fczvl\u0259rinin t\u0259hdid v\u0259 t\u0259zyiql\u0259rl\u0259 \u00fczl\u0259\u015fdiyini bildirib"},"content":{"rendered":"\n<p><\/p>\n\n\n\n<p>Bu g\u00fcn \u201cToplum TV i\u015fi\u201d \u00fczr\u0259 n\u00f6vb\u0259ti m\u0259hk\u0259m\u0259 iclas\u0131 ke\u00e7irilib.<\/p>\n\n\n\n<p>\u201cToplum TV i\u015fi\u201d il\u0259 ba\u011fl\u0131 ke\u00e7iril\u0259n m\u0259hk\u0259m\u0259 prosesi hakim Az\u0259r Ta\u011f\u0131yevin s\u0259drliyi il\u0259 ba\u015f tutub.&nbsp;<\/p>\n\n\n\n<pre class=\"wp-block-preformatted\">\u201cToplum TV i\u015fi\u201d il\u0259 ba\u011fl\u0131 h\u0259bsl\u0259r 2024-c\u00fc ilin mart\u0131ndan<a href=\"https:\/\/storage.googleapis.com\/qurium\/www.meydan.tv\/az-article-8-n%c9%99f%c9%99rin-h%c9%99bs-olundugu-2-n%c9%99f%c9%99rin-s%c9%99rti-azadliqda-oldugu-toplum-tv-isind%c9%99n-bir-il-kecir.html\" target=\"_blank\" rel=\"noreferrer noopener\"> ba\u015flay\u0131b. <\/a><br><br>\u00dcmumilikd\u0259 bu i\u015f \u00fczr\u0259 10 n\u0259f\u0259r\u0259 cinay\u0259t i\u015fi<a href=\"https:\/\/toplummedia.tv\/siyaset\/pspan-stylefont-size18pxspan-stylefont-familytimes-new-romantimesserifstrongldquotoplum-tv-isirdquo-uumlzre-ittihamlar-agirlasdirldistrongspanspanp\" target=\"_blank\" rel=\"noreferrer noopener\"> a\u00e7\u0131l\u0131b.<\/a><br><br>Onlar \u0259vv\u0259lc\u0259 qa\u00e7aqmal\u00e7\u0131l\u0131qda ittiham olunublar,\u00a0sonradan ittihamlar daha da a\u011f\u0131rla\u015fd\u0131r\u0131l\u0131b.<\/pre>\n\n\n\n<p>Bug\u00fcnk\u00fc m\u0259hk\u0259m\u0259 prosesi zaman\u0131 t\u0259qsirl\u0259ndiril\u0259n \u015f\u0259xsl\u0259r \u201cToplum TV\u201d-nin h\u0259mt\u0259sis\u00e7isi \u018fl\u0259sg\u0259r M\u0259mm\u0259dli v\u0259 jurnalist F\u0259rid \u0130smay\u0131lovun v\u0259kill\u0259ri onlar\u0131n s\u0259hh\u0259tind\u0259ki probleml\u0259ri \u0259sas g\u0259tir\u0259r\u0259k, h\u0259min \u015f\u0259xsl\u0259rin ev dustaql\u0131\u011f\u0131na burax\u0131lmalar\u0131 \u00fc\u00e7\u00fcn v\u0259sat\u0259t qald\u0131r\u0131blar. M\u00fcdafi\u0259 t\u0259r\u0259fi bu q\u0259rar\u0131n h\u0259m h\u00fcquqi, h\u0259m d\u0259 humanitar bax\u0131mdan z\u0259ruri oldu\u011funu bildirib.<\/p>\n\n\n\n<p>Hakim v\u0259sat\u0259tl\u0259ri r\u0259dd ed\u0259r\u0259k, t\u0259qsirl\u0259ndiril\u0259n \u015f\u0259xsl\u0259rin s\u0259hh\u0259tinin pisl\u0259\u015fdiyini t\u0259sdiql\u0259y\u0259n h\u0259r hans\u0131 h\u0259kim m\u00fcayin\u0259si v\u0259 ya tibbi r\u0259yin t\u0259qdim olunmad\u0131\u011f\u0131n\u0131 bildirib.<\/p>\n\n\n\n<p>T\u0259qsirl\u0259ndiril\u0259n \u015f\u0259xsl\u0259rd\u0259n biri, Demokratik T\u0259\u015f\u0259bb\u00fcsl\u0259r \u0130nstitutunun (\u0130D\u0130) r\u0259hb\u0259ri Akif Qurbanov is\u0259 \u0259vv\u0259lki iclasda ba\u015flad\u0131\u011f\u0131 \u00e7\u0131x\u0131\u015f\u0131n\u0131 ba\u015fa \u00e7atd\u0131r\u0131b.<\/p>\n\n\n\n<p>\u00c7\u0131x\u0131\u015f\u0131n\u0131n davam\u0131nda o, ictimai-siyasi f\u0259aliyy\u0259t\u0259 ba\u015flad\u0131\u011f\u0131 d\u00f6vrd\u0259n etibar\u0259n ail\u0259 \u00fczvl\u0259rinin m\u00fcxt\u0259lif t\u0259hdid v\u0259 t\u0259zyiql\u0259rl\u0259 \u00fczl\u0259\u015fdiyini bildirib v\u0259 bu hallar \u00fczr\u0259 m\u0259suliyy\u0259tin birba\u015fa hakimiyy\u0259tin \u00fcz\u0259rin\u0259 d\u00fc\u015fd\u00fcy\u00fcn\u00fc vur\u011fulay\u0131b.<\/p>\n\n\n\n<p>N\u00f6vb\u0259ti m\u0259hk\u0259m\u0259 iclas\u0131 avqustun 4-n\u0259 t\u0259yin edilib.<\/p>\n","protected":false},"excerpt":{"rendered":"<p>Bu g\u00fcn \u201cToplum TV i\u015fi\u201d \u00fczr\u0259 n\u00f6vb\u0259ti m\u0259hk\u0259m\u0259 iclas\u0131 ke\u00e7irilib. &#8230; <\/p>\n<p class=\"read-more-container\"><a title=\"Akif Qurbanov ail\u0259 \u00fczvl\u0259rinin t\u0259hdid v\u0259 t\u0259zyiql\u0259rl\u0259 \u00fczl\u0259\u015fdiyini bildirib\" class=\"read-more button\" href=\"https:\/\/www.meydan.tv\/az\/article\/akif-qurbanov-ail%c9%99-uzvl%c9%99rinin-t%c9%99hdid-v%c9%99-t%c9%99zyiql%c9%99rl%c9%99-uzl%c9%99sdiyini-bildirib\/#more-333342\" aria-label=\"Read more about Akif Qurbanov ail\u0259 \u00fczvl\u0259rinin t\u0259hdid v\u0259 t\u0259zyiql\u0259rl\u0259 \u00fczl\u0259\u015fdiyini bildirib\">Davam\u0131<\/a><\/p>\n","protected":false},"author":21,"featured_media":332618,"comment_status":"closed","ping_status":"closed","sticky":false,"template":"","format":"standard","meta":{"_acf_changed":false,"_sitemap_exclude":false,"_sitemap_priority":"","_sitemap_frequency":"","footnotes":""},"categories":[59,79,56],"tags":[],"class_list":["post-333342","post","type-post","status-publish","format-standard","has-post-thumbnail","hentry","category-siyaset","category-featured","category-xeberler","infinite-scroll-item","generate-columns","tablet-grid-50","mobile-grid-100","grid-parent","grid-33","no-featured-image-padding"],"acf":[],"yoast_head":"<!-- This site is optimized with the Yoast SEO plugin v27.5 - https:\/\/yoast.com\/product\/yoast-seo-wordpress\/ -->\n<title>Akif Qurbanov ail\u0259 \u00fczvl\u0259rinin t\u0259hdid v\u0259 t\u0259zyiql\u0259rl\u0259 \u00fczl\u0259\u015fdiyini bildirib - MEYDAN.TV<\/title>\n<meta name=\"robots\" content=\"index, follow, max-snippet:-1, max-image-preview:large, max-video-preview:-1\" \/>\n<link rel=\"canonical\" href=\"https:\/\/www.meydan.tv\/az\/article\/akif-qurbanov-ail%c9%99-uzvl%c9%99rinin-t%c9%99hdid-v%c9%99-t%c9%99zyiql%c9%99rl%c9%99-uzl%c9%99sdiyini-bildirib\/\" \/>\n<meta property=\"og:locale\" content=\"az_AZ\" \/>\n<meta property=\"og:type\" content=\"article\" \/>\n<meta property=\"og:title\" content=\"Akif Qurbanov ail\u0259 \u00fczvl\u0259rinin t\u0259hdid v\u0259 t\u0259zyiql\u0259rl\u0259 \u00fczl\u0259\u015fdiyini bildirib - MEYDAN.TV\" \/>\n<meta property=\"og:description\" content=\"Bu g\u00fcn \u201cToplum TV i\u015fi\u201d \u00fczr\u0259 n\u00f6vb\u0259ti m\u0259hk\u0259m\u0259 iclas\u0131 ke\u00e7irilib. ... Davam\u0131\" \/>\n<meta property=\"og:url\" content=\"https:\/\/www.meydan.tv\/az\/article\/akif-qurbanov-ail%c9%99-uzvl%c9%99rinin-t%c9%99hdid-v%c9%99-t%c9%99zyiql%c9%99rl%c9%99-uzl%c9%99sdiyini-bildirib\/\" \/>\n<meta property=\"og:site_name\" content=\"MEYDAN.TV\" \/>\n<meta property=\"article:published_time\" content=\"2025-07-21T12:09:00+00:00\" \/>\n<meta property=\"article:modified_time\" content=\"2025-07-21T12:09:04+00:00\" \/>\n<meta property=\"og:image\" content=\"https:\/\/www.meydan.tv\/wp-content\/uploads\/34535-1.png\" \/>\n\t<meta property=\"og:image:width\" content=\"1179\" \/>\n\t<meta property=\"og:image:height\" content=\"576\" \/>\n\t<meta property=\"og:image:type\" content=\"image\/png\" \/>\n<meta name=\"author\" content=\"mahmud\" \/>\n<meta name=\"twitter:card\" content=\"summary_large_image\" \/>\n<script type=\"application\/ld+json\" class=\"yoast-schema-graph\">{\"@context\":\"https:\\\/\\\/schema.org\",\"@graph\":[{\"@type\":\"Article\",\"@id\":\"https:\\\/\\\/www.meydan.tv\\\/az\\\/article\\\/akif-qurbanov-ail%c9%99-uzvl%c9%99rinin-t%c9%99hdid-v%c9%99-t%c9%99zyiql%c9%99rl%c9%99-uzl%c9%99sdiyini-bildirib\\\/#article\",\"isPartOf\":{\"@id\":\"https:\\\/\\\/www.meydan.tv\\\/az\\\/article\\\/akif-qurbanov-ail%c9%99-uzvl%c9%99rinin-t%c9%99hdid-v%c9%99-t%c9%99zyiql%c9%99rl%c9%99-uzl%c9%99sdiyini-bildirib\\\/\"},\"author\":{\"name\":\"mahmud\",\"@id\":\"https:\\\/\\\/www.meydan.tv\\\/az\\\/#\\\/schema\\\/person\\\/09863e516102a829e72bedcf3f84c6b0\"},\"headline\":\"Akif Qurbanov ail\u0259 \u00fczvl\u0259rinin t\u0259hdid v\u0259 t\u0259zyiql\u0259rl\u0259 \u00fczl\u0259\u015fdiyini bildirib\",\"datePublished\":\"2025-07-21T12:09:00+00:00\",\"dateModified\":\"2025-07-21T12:09:04+00:00\",\"mainEntityOfPage\":{\"@id\":\"https:\\\/\\\/www.meydan.tv\\\/az\\\/article\\\/akif-qurbanov-ail%c9%99-uzvl%c9%99rinin-t%c9%99hdid-v%c9%99-t%c9%99zyiql%c9%99rl%c9%99-uzl%c9%99sdiyini-bildirib\\\/\"},\"wordCount\":284,\"publisher\":{\"@id\":\"https:\\\/\\\/www.meydan.tv\\\/az\\\/#organization\"},\"image\":{\"@id\":\"https:\\\/\\\/www.meydan.tv\\\/az\\\/article\\\/akif-qurbanov-ail%c9%99-uzvl%c9%99rinin-t%c9%99hdid-v%c9%99-t%c9%99zyiql%c9%99rl%c9%99-uzl%c9%99sdiyini-bildirib\\\/#primaryimage\"},\"thumbnailUrl\":\"https:\\\/\\\/www.meydan.tv\\\/wp-content\\\/uploads\\\/34535-1.png\",\"articleSection\":[\"Siyas\u0259t\",\"T\u00f6vsiy\u0259\",\"X\u0259b\u0259rl\u0259r\"],\"inLanguage\":\"az\"},{\"@type\":\"WebPage\",\"@id\":\"https:\\\/\\\/www.meydan.tv\\\/az\\\/article\\\/akif-qurbanov-ail%c9%99-uzvl%c9%99rinin-t%c9%99hdid-v%c9%99-t%c9%99zyiql%c9%99rl%c9%99-uzl%c9%99sdiyini-bildirib\\\/\",\"url\":\"https:\\\/\\\/www.meydan.tv\\\/az\\\/article\\\/akif-qurbanov-ail%c9%99-uzvl%c9%99rinin-t%c9%99hdid-v%c9%99-t%c9%99zyiql%c9%99rl%c9%99-uzl%c9%99sdiyini-bildirib\\\/\",\"name\":\"Akif Qurbanov ail\u0259 \u00fczvl\u0259rinin t\u0259hdid v\u0259 t\u0259zyiql\u0259rl\u0259 \u00fczl\u0259\u015fdiyini bildirib - MEYDAN.TV\",\"isPartOf\":{\"@id\":\"https:\\\/\\\/www.meydan.tv\\\/az\\\/#website\"},\"primaryImageOfPage\":{\"@id\":\"https:\\\/\\\/www.meydan.tv\\\/az\\\/article\\\/akif-qurbanov-ail%c9%99-uzvl%c9%99rinin-t%c9%99hdid-v%c9%99-t%c9%99zyiql%c9%99rl%c9%99-uzl%c9%99sdiyini-bildirib\\\/#primaryimage\"},\"image\":{\"@id\":\"https:\\\/\\\/www.meydan.tv\\\/az\\\/article\\\/akif-qurbanov-ail%c9%99-uzvl%c9%99rinin-t%c9%99hdid-v%c9%99-t%c9%99zyiql%c9%99rl%c9%99-uzl%c9%99sdiyini-bildirib\\\/#primaryimage\"},\"thumbnailUrl\":\"https:\\\/\\\/www.meydan.tv\\\/wp-content\\\/uploads\\\/34535-1.png\",\"datePublished\":\"2025-07-21T12:09:00+00:00\",\"dateModified\":\"2025-07-21T12:09:04+00:00\",\"breadcrumb\":{\"@id\":\"https:\\\/\\\/www.meydan.tv\\\/az\\\/article\\\/akif-qurbanov-ail%c9%99-uzvl%c9%99rinin-t%c9%99hdid-v%c9%99-t%c9%99zyiql%c9%99rl%c9%99-uzl%c9%99sdiyini-bildirib\\\/#breadcrumb\"},\"inLanguage\":\"az\",\"potentialAction\":[{\"@type\":\"ReadAction\",\"target\":[\"https:\\\/\\\/www.meydan.tv\\\/az\\\/article\\\/akif-qurbanov-ail%c9%99-uzvl%c9%99rinin-t%c9%99hdid-v%c9%99-t%c9%99zyiql%c9%99rl%c9%99-uzl%c9%99sdiyini-bildirib\\\/\"]}]},{\"@type\":\"ImageObject\",\"inLanguage\":\"az\",\"@id\":\"https:\\\/\\\/www.meydan.tv\\\/az\\\/article\\\/akif-qurbanov-ail%c9%99-uzvl%c9%99rinin-t%c9%99hdid-v%c9%99-t%c9%99zyiql%c9%99rl%c9%99-uzl%c9%99sdiyini-bildirib\\\/#primaryimage\",\"url\":\"https:\\\/\\\/www.meydan.tv\\\/wp-content\\\/uploads\\\/34535-1.png\",\"contentUrl\":\"https:\\\/\\\/www.meydan.tv\\\/wp-content\\\/uploads\\\/34535-1.png\",\"width\":1179,\"height\":576,\"caption\":\"\\\"Toplum TV i\u015fi\\\" \u00fczr\u0259 h\u0259bs olunanlar. Foto: Meydan TV\"},{\"@type\":\"BreadcrumbList\",\"@id\":\"https:\\\/\\\/www.meydan.tv\\\/az\\\/article\\\/akif-qurbanov-ail%c9%99-uzvl%c9%99rinin-t%c9%99hdid-v%c9%99-t%c9%99zyiql%c9%99rl%c9%99-uzl%c9%99sdiyini-bildirib\\\/#breadcrumb\",\"itemListElement\":[{\"@type\":\"ListItem\",\"position\":1,\"name\":\"Ana s\u0259hif\u0259\",\"item\":\"https:\\\/\\\/www.meydan.tv\\\/az\\\/\"},{\"@type\":\"ListItem\",\"position\":2,\"name\":\"Siyas\u0259t\",\"item\":\"https:\\\/\\\/www.meydan.tv\\\/az\\\/section\\\/siyaset\\\/\"},{\"@type\":\"ListItem\",\"position\":3,\"name\":\"Akif Qurbanov ail\u0259 \u00fczvl\u0259rinin t\u0259hdid v\u0259 t\u0259zyiql\u0259rl\u0259 \u00fczl\u0259\u015fdiyini bildirib\"}]},{\"@type\":\"WebSite\",\"@id\":\"https:\\\/\\\/www.meydan.tv\\\/az\\\/#website\",\"url\":\"https:\\\/\\\/www.meydan.tv\\\/az\\\/\",\"name\":\"MEYDAN.TV\",\"description\":\"Meydan TV Az\u0259rbaycan\u0131n media m\u0259kan\u0131ndak\u0131 alternativ s\u0259sidir\",\"publisher\":{\"@id\":\"https:\\\/\\\/www.meydan.tv\\\/az\\\/#organization\"},\"potentialAction\":[{\"@type\":\"SearchAction\",\"target\":{\"@type\":\"EntryPoint\",\"urlTemplate\":\"https:\\\/\\\/www.meydan.tv\\\/az\\\/?s={search_term_string}\"},\"query-input\":{\"@type\":\"PropertyValueSpecification\",\"valueRequired\":true,\"valueName\":\"search_term_string\"}}],\"inLanguage\":\"az\"},{\"@type\":\"Organization\",\"@id\":\"https:\\\/\\\/www.meydan.tv\\\/az\\\/#organization\",\"name\":\"Meydan TV\",\"url\":\"https:\\\/\\\/www.meydan.tv\\\/az\\\/\",\"logo\":{\"@type\":\"ImageObject\",\"inLanguage\":\"az\",\"@id\":\"https:\\\/\\\/www.meydan.tv\\\/az\\\/#\\\/schema\\\/logo\\\/image\\\/\",\"url\":\"https:\\\/\\\/www.meydan.tv\\\/wp-content\\\/uploads\\\/2021\\\/07\\\/meydan-logo.svg\",\"contentUrl\":\"https:\\\/\\\/www.meydan.tv\\\/wp-content\\\/uploads\\\/2021\\\/07\\\/meydan-logo.svg\",\"width\":195,\"height\":46,\"caption\":\"Meydan TV\"},\"image\":{\"@id\":\"https:\\\/\\\/www.meydan.tv\\\/az\\\/#\\\/schema\\\/logo\\\/image\\\/\"}},{\"@type\":\"Person\",\"@id\":\"https:\\\/\\\/www.meydan.tv\\\/az\\\/#\\\/schema\\\/person\\\/09863e516102a829e72bedcf3f84c6b0\",\"name\":\"mahmud\"}]}<\/script>\n<!-- \/ Yoast SEO plugin. -->","yoast_head_json":{"title":"Akif Qurbanov ail\u0259 \u00fczvl\u0259rinin t\u0259hdid v\u0259 t\u0259zyiql\u0259rl\u0259 \u00fczl\u0259\u015fdiyini bildirib - MEYDAN.TV","robots":{"index":"index","follow":"follow","max-snippet":"max-snippet:-1","max-image-preview":"max-image-preview:large","max-video-preview":"max-video-preview:-1"},"canonical":"https:\/\/www.meydan.tv\/az\/article\/akif-qurbanov-ail%c9%99-uzvl%c9%99rinin-t%c9%99hdid-v%c9%99-t%c9%99zyiql%c9%99rl%c9%99-uzl%c9%99sdiyini-bildirib\/","og_locale":"az_AZ","og_type":"article","og_title":"Akif Qurbanov ail\u0259 \u00fczvl\u0259rinin t\u0259hdid v\u0259 t\u0259zyiql\u0259rl\u0259 \u00fczl\u0259\u015fdiyini bildirib - MEYDAN.TV","og_description":"Bu g\u00fcn \u201cToplum TV i\u015fi\u201d \u00fczr\u0259 n\u00f6vb\u0259ti m\u0259hk\u0259m\u0259 iclas\u0131 ke\u00e7irilib. ... Davam\u0131","og_url":"https:\/\/www.meydan.tv\/az\/article\/akif-qurbanov-ail%c9%99-uzvl%c9%99rinin-t%c9%99hdid-v%c9%99-t%c9%99zyiql%c9%99rl%c9%99-uzl%c9%99sdiyini-bildirib\/","og_site_name":"MEYDAN.TV","article_published_time":"2025-07-21T12:09:00+00:00","article_modified_time":"2025-07-21T12:09:04+00:00","og_image":[{"width":1179,"height":576,"url":"https:\/\/www.meydan.tv\/wp-content\/uploads\/34535-1.png","type":"image\/png"}],"author":"mahmud","twitter_card":"summary_large_image","schema":{"@context":"https:\/\/schema.org","@graph":[{"@type":"Article","@id":"https:\/\/www.meydan.tv\/az\/article\/akif-qurbanov-ail%c9%99-uzvl%c9%99rinin-t%c9%99hdid-v%c9%99-t%c9%99zyiql%c9%99rl%c9%99-uzl%c9%99sdiyini-bildirib\/#article","isPartOf":{"@id":"https:\/\/www.meydan.tv\/az\/article\/akif-qurbanov-ail%c9%99-uzvl%c9%99rinin-t%c9%99hdid-v%c9%99-t%c9%99zyiql%c9%99rl%c9%99-uzl%c9%99sdiyini-bildirib\/"},"author":{"name":"mahmud","@id":"https:\/\/www.meydan.tv\/az\/#\/schema\/person\/09863e516102a829e72bedcf3f84c6b0"},"headline":"Akif Qurbanov ail\u0259 \u00fczvl\u0259rinin t\u0259hdid v\u0259 t\u0259zyiql\u0259rl\u0259 \u00fczl\u0259\u015fdiyini bildirib","datePublished":"2025-07-21T12:09:00+00:00","dateModified":"2025-07-21T12:09:04+00:00","mainEntityOfPage":{"@id":"https:\/\/www.meydan.tv\/az\/article\/akif-qurbanov-ail%c9%99-uzvl%c9%99rinin-t%c9%99hdid-v%c9%99-t%c9%99zyiql%c9%99rl%c9%99-uzl%c9%99sdiyini-bildirib\/"},"wordCount":284,"publisher":{"@id":"https:\/\/www.meydan.tv\/az\/#organization"},"image":{"@id":"https:\/\/www.meydan.tv\/az\/article\/akif-qurbanov-ail%c9%99-uzvl%c9%99rinin-t%c9%99hdid-v%c9%99-t%c9%99zyiql%c9%99rl%c9%99-uzl%c9%99sdiyini-bildirib\/#primaryimage"},"thumbnailUrl":"https:\/\/www.meydan.tv\/wp-content\/uploads\/34535-1.png","articleSection":["Siyas\u0259t","T\u00f6vsiy\u0259","X\u0259b\u0259rl\u0259r"],"inLanguage":"az"},{"@type":"WebPage","@id":"https:\/\/www.meydan.tv\/az\/article\/akif-qurbanov-ail%c9%99-uzvl%c9%99rinin-t%c9%99hdid-v%c9%99-t%c9%99zyiql%c9%99rl%c9%99-uzl%c9%99sdiyini-bildirib\/","url":"https:\/\/www.meydan.tv\/az\/article\/akif-qurbanov-ail%c9%99-uzvl%c9%99rinin-t%c9%99hdid-v%c9%99-t%c9%99zyiql%c9%99rl%c9%99-uzl%c9%99sdiyini-bildirib\/","name":"Akif Qurbanov ail\u0259 \u00fczvl\u0259rinin t\u0259hdid v\u0259 t\u0259zyiql\u0259rl\u0259 \u00fczl\u0259\u015fdiyini bildirib - MEYDAN.TV","isPartOf":{"@id":"https:\/\/www.meydan.tv\/az\/#website"},"primaryImageOfPage":{"@id":"https:\/\/www.meydan.tv\/az\/article\/akif-qurbanov-ail%c9%99-uzvl%c9%99rinin-t%c9%99hdid-v%c9%99-t%c9%99zyiql%c9%99rl%c9%99-uzl%c9%99sdiyini-bildirib\/#primaryimage"},"image":{"@id":"https:\/\/www.meydan.tv\/az\/article\/akif-qurbanov-ail%c9%99-uzvl%c9%99rinin-t%c9%99hdid-v%c9%99-t%c9%99zyiql%c9%99rl%c9%99-uzl%c9%99sdiyini-bildirib\/#primaryimage"},"thumbnailUrl":"https:\/\/www.meydan.tv\/wp-content\/uploads\/34535-1.png","datePublished":"2025-07-21T12:09:00+00:00","dateModified":"2025-07-21T12:09:04+00:00","breadcrumb":{"@id":"https:\/\/www.meydan.tv\/az\/article\/akif-qurbanov-ail%c9%99-uzvl%c9%99rinin-t%c9%99hdid-v%c9%99-t%c9%99zyiql%c9%99rl%c9%99-uzl%c9%99sdiyini-bildirib\/#breadcrumb"},"inLanguage":"az","potentialAction":[{"@type":"ReadAction","target":["https:\/\/www.meydan.tv\/az\/article\/akif-qurbanov-ail%c9%99-uzvl%c9%99rinin-t%c9%99hdid-v%c9%99-t%c9%99zyiql%c9%99rl%c9%99-uzl%c9%99sdiyini-bildirib\/"]}]},{"@type":"ImageObject","inLanguage":"az","@id":"https:\/\/www.meydan.tv\/az\/article\/akif-qurbanov-ail%c9%99-uzvl%c9%99rinin-t%c9%99hdid-v%c9%99-t%c9%99zyiql%c9%99rl%c9%99-uzl%c9%99sdiyini-bildirib\/#primaryimage","url":"https:\/\/www.meydan.tv\/wp-content\/uploads\/34535-1.png","contentUrl":"https:\/\/www.meydan.tv\/wp-content\/uploads\/34535-1.png","width":1179,"height":576,"caption":"\"Toplum TV i\u015fi\" \u00fczr\u0259 h\u0259bs olunanlar. Foto: Meydan TV"},{"@type":"BreadcrumbList","@id":"https:\/\/www.meydan.tv\/az\/article\/akif-qurbanov-ail%c9%99-uzvl%c9%99rinin-t%c9%99hdid-v%c9%99-t%c9%99zyiql%c9%99rl%c9%99-uzl%c9%99sdiyini-bildirib\/#breadcrumb","itemListElement":[{"@type":"ListItem","position":1,"name":"Ana s\u0259hif\u0259","item":"https:\/\/www.meydan.tv\/az\/"},{"@type":"ListItem","position":2,"name":"Siyas\u0259t","item":"https:\/\/www.meydan.tv\/az\/section\/siyaset\/"},{"@type":"ListItem","position":3,"name":"Akif Qurbanov ail\u0259 \u00fczvl\u0259rinin t\u0259hdid v\u0259 t\u0259zyiql\u0259rl\u0259 \u00fczl\u0259\u015fdiyini bildirib"}]},{"@type":"WebSite","@id":"https:\/\/www.meydan.tv\/az\/#website","url":"https:\/\/www.meydan.tv\/az\/","name":"MEYDAN.TV","description":"Meydan TV Az\u0259rbaycan\u0131n media m\u0259kan\u0131ndak\u0131 alternativ s\u0259sidir","publisher":{"@id":"https:\/\/www.meydan.tv\/az\/#organization"},"potentialAction":[{"@type":"SearchAction","target":{"@type":"EntryPoint","urlTemplate":"https:\/\/www.meydan.tv\/az\/?s={search_term_string}"},"query-input":{"@type":"PropertyValueSpecification","valueRequired":true,"valueName":"search_term_string"}}],"inLanguage":"az"},{"@type":"Organization","@id":"https:\/\/www.meydan.tv\/az\/#organization","name":"Meydan TV","url":"https:\/\/www.meydan.tv\/az\/","logo":{"@type":"ImageObject","inLanguage":"az","@id":"https:\/\/www.meydan.tv\/az\/#\/schema\/logo\/image\/","url":"https:\/\/www.meydan.tv\/wp-content\/uploads\/2021\/07\/meydan-logo.svg","contentUrl":"https:\/\/www.meydan.tv\/wp-content\/uploads\/2021\/07\/meydan-logo.svg","width":195,"height":46,"caption":"Meydan TV"},"image":{"@id":"https:\/\/www.meydan.tv\/az\/#\/schema\/logo\/image\/"}},{"@type":"Person","@id":"https:\/\/www.meydan.tv\/az\/#\/schema\/person\/09863e516102a829e72bedcf3f84c6b0","name":"mahmud"}]}},"_links":{"self":[{"href":"https:\/\/www.meydan.tv\/az\/wp-json\/wp\/v2\/posts\/333342","targetHints":{"allow":["GET"]}}],"collection":[{"href":"https:\/\/www.meydan.tv\/az\/wp-json\/wp\/v2\/posts"}],"about":[{"href":"https:\/\/www.meydan.tv\/az\/wp-json\/wp\/v2\/types\/post"}],"author":[{"embeddable":true,"href":"https:\/\/www.meydan.tv\/az\/wp-json\/wp\/v2\/users\/21"}],"replies":[{"embeddable":true,"href":"https:\/\/www.meydan.tv\/az\/wp-json\/wp\/v2\/comments?post=333342"}],"version-history":[{"count":1,"href":"https:\/\/www.meydan.tv\/az\/wp-json\/wp\/v2\/posts\/333342\/revisions"}],"predecessor-version":[{"id":333343,"href":"https:\/\/www.meydan.tv\/az\/wp-json\/wp\/v2\/posts\/333342\/revisions\/333343"}],"wp:featuredmedia":[{"embeddable":true,"href":"https:\/\/www.meydan.tv\/az\/wp-json\/wp\/v2\/media\/332618"}],"wp:attachment":[{"href":"https:\/\/www.meydan.tv\/az\/wp-json\/wp\/v2\/media?parent=333342"}],"wp:term":[{"taxonomy":"category","embeddable":true,"href":"https:\/\/www.meydan.tv\/az\/wp-json\/wp\/v2\/categories?post=333342"},{"taxonomy":"post_tag","embeddable":true,"href":"https:\/\/www.meydan.tv\/az\/wp-json\/wp\/v2\/tags?post=333342"}],"curies":[{"name":"wp","href":"https:\/\/api.w.org\/{rel}","templated":true}]}}