{"id":333237,"date":"2025-07-18T19:18:10","date_gmt":"2025-07-18T15:18:10","guid":{"rendered":"https:\/\/www.meydan.tv\/?p=333237"},"modified":"2025-07-18T19:45:38","modified_gmt":"2025-07-18T15:45:38","slug":"h%c9%99bsd%c9%99-olan-jurnalist-aytac-tapdiq-kimdir","status":"publish","type":"post","link":"https:\/\/www.meydan.tv\/az\/article\/h%c9%99bsd%c9%99-olan-jurnalist-aytac-tapdiq-kimdir\/","title":{"rendered":"H\u0259bsd\u0259 olan jurnalist Aytac Tapd\u0131q kimdir?"},"content":{"rendered":"\n<figure class=\"wp-block-embed is-type-video is-provider-youtube wp-block-embed-youtube wp-embed-aspect-16-9 wp-has-aspect-ratio\"><div class=\"wp-block-embed__wrapper\">\n<iframe title=\"H\u0259bsd\u0259 olan jurnalist Aytac Tapd\u0131q kimdir?\" width=\"1200\" height=\"675\" data-src=\"https:\/\/www.youtube.com\/embed\/HXkOxJ53jXw?feature=oembed\" frameborder=\"0\" allow=\"accelerometer; autoplay; clipboard-write; encrypted-media; gyroscope; picture-in-picture; web-share\" referrerpolicy=\"strict-origin-when-cross-origin\" allowfullscreen src=\"data:image\/svg+xml;base64,PHN2ZyB3aWR0aD0iMSIgaGVpZ2h0PSIxIiB4bWxucz0iaHR0cDovL3d3dy53My5vcmcvMjAwMC9zdmciPjwvc3ZnPg==\" class=\"lazyload\" data-load-mode=\"1\"><\/iframe>\n<\/div><\/figure>\n\n\n\n<p><em>Aytac: saat\u0131n alt\u0131nda vaxt\u0131m\u0131z\u0131n dolmas\u0131n\u0131 g\u00f6zl\u0259yirik..&nbsp;<\/em><\/p>\n\n\n\n<p>2024-c\u00fc ilin iyun ay\u0131nda \u00e7\u0259kil\u0259n bu video sad\u0259 bir h\u0259qiq\u0259ti \u00e7\u0131lpaql\u0131\u011f\u0131 il\u0259 \u00fcz\u0259 \u00e7\u0131xar\u0131r. H\u0259bsi an m\u0259s\u0259l\u0259si olan jurnalist Aytac Tapd\u0131q \u00f6lk\u0259d\u0259n \u00e7\u0131xm\u0131r, i\u015fini daha aktiv \u015f\u0259kild\u0259 davam etdirir, h\u0259bs n\u00f6vb\u0259sinin ona g\u0259l\u0259c\u0259yi g\u00fcn\u00fc g\u00f6zl\u0259yir. \u00c7\u00fcnki indi h\u0259m d\u0259 h\u0259bsd\u0259 olan jurnalist dostlar\u0131n\u0131n da yerin\u0259 \u00e7al\u0131\u015f\u0131r. Bu, cinay\u0259tkarl\u0131\u011f\u0131n \u0259n t\u0259m\u0259l m\u0259ntiqin\u0259 &#8211; hadis\u0259 yerini t\u0259rk etm\u0259y\u0259 zidd davran\u0131\u015fd\u0131. Amma g\u00f6r\u00fcn\u0259n odur ki, hakimiyy\u0259t Meydan TV i\u015fini m\u0259ntiq yox, zorak\u0131l\u0131q \u00fcz\u0259rind\u0259 qurub.\u00a0<\/p>\n\n\n\n<h4 class=\"wp-block-heading\"><strong>B\u0259s, hakimiyy\u0259tin zorak\u0131 aparat\u0131n\u0131n \u00fcz\u0259rin\u0259 q\u0259l\u0259miyl\u0259 son ana q\u0259d\u0259r h\u00fccum ed\u0259n Aytac Tapd\u0131q kimdir?\u00a0<\/strong><\/h4>\n\n\n\n<p>Aytac \u018fhm\u0259dova 1993-c\u00fc il iyulun 18-d\u0259 Bak\u0131da anadan olub.\u00a0<\/p>\n\n\n\n<p>Aytac 1999-cu ild\u0259, N\u0259simi rayonu, 8 sayl\u0131 orta m\u0259kt\u0259bd\u0259 ba\u015flad\u0131\u011f\u0131 \u015fagird h\u0259yat\u0131n\u0131 2010-cu ild\u0259 Yasamal rayonu, 158 sayl\u0131 orta m\u0259kt\u0259bd\u0259 bitirib.<\/p>\n\n\n\n<p>\u018fhm\u0259dova 2010-da Pedaqoji Universitet\u0259 q\u0259bul olub, ibtidai sinif m\u00fc\u0259llimliyi ixtisas\u0131 \u00fczr\u0259 t\u0259hsil al\u0131b.\u00a0<\/p>\n\n\n\n<p>Aytac 2014-c\u00fc ild\u0259 Bak\u0131 Jurnalistika M\u0259kt\u0259bind\u0259 jurnalistika kursu ke\u00e7ib.&nbsp;<\/p>\n\n\n\n<p>O, 2015-ci ild\u0259n Meydan TV-d\u0259 i\u015f\u0259 ba\u015flay\u0131b v\u0259 el\u0259 h\u0259min ild\u0259n a\u011f\u0131r t\u0259zyiql\u0259rl\u0259 \u00fczl\u0259\u015fib.\u00a0<\/p>\n\n\n\n<p>Meydan TV-y\u0259 qar\u015f\u0131 ba\u015flad\u0131lm\u0131\u015f cinay\u0259t i\u015fi \u00e7\u0259r\u00e7iv\u0259sind\u0259 2015-d\u0259 &#8220;Bandotdel&#8221;d\u0259 d\u0259f\u0259l\u0259rl\u0259 dindirilib, yeni ba\u015flad\u0131\u011f\u0131 jurnalist f\u0259aliyy\u0259tind\u0259n uzaqla\u015fd\u0131r\u0131lma\u011fa \u00e7al\u0131\u015f\u0131l\u0131b. Amma Aytac Tapd\u0131q n\u0259 onda t\u0259slim oldu, n\u0259 d\u0259 sonralar..\u00a0<\/p>\n","protected":false},"excerpt":{"rendered":"<p>Aytac: saat\u0131n alt\u0131nda vaxt\u0131m\u0131z\u0131n dolmas\u0131n\u0131 g\u00f6zl\u0259yirik..&nbsp; 2024-c\u00fc ilin iyun ay\u0131nda &#8230; <\/p>\n<p class=\"read-more-container\"><a title=\"H\u0259bsd\u0259 olan jurnalist Aytac Tapd\u0131q kimdir?\" class=\"read-more button\" href=\"https:\/\/www.meydan.tv\/az\/article\/h%c9%99bsd%c9%99-olan-jurnalist-aytac-tapdiq-kimdir\/#more-333237\" aria-label=\"Read more about H\u0259bsd\u0259 olan jurnalist Aytac Tapd\u0131q kimdir?\">Davam\u0131<\/a><\/p>\n","protected":false},"author":12,"featured_media":333239,"comment_status":"closed","ping_status":"closed","sticky":false,"template":"","format":"standard","meta":{"_acf_changed":false,"_sitemap_exclude":false,"_sitemap_priority":"","_sitemap_frequency":"","footnotes":""},"categories":[139,79,63],"tags":[],"class_list":["post-333237","post","type-post","status-publish","format-standard","has-post-thumbnail","hentry","category-meydan-tv-isi","category-featured","category-video-2","infinite-scroll-item","generate-columns","tablet-grid-50","mobile-grid-100","grid-parent","grid-33","no-featured-image-padding"],"acf":[],"yoast_head":"<!-- This site is optimized with the Yoast SEO plugin v27.4 - https:\/\/yoast.com\/product\/yoast-seo-wordpress\/ -->\n<title>H\u0259bsd\u0259 olan jurnalist Aytac Tapd\u0131q kimdir? - MEYDAN.TV<\/title>\n<meta name=\"robots\" content=\"index, follow, max-snippet:-1, max-image-preview:large, max-video-preview:-1\" \/>\n<link rel=\"canonical\" href=\"https:\/\/www.meydan.tv\/az\/article\/h%c9%99bsd%c9%99-olan-jurnalist-aytac-tapdiq-kimdir\/\" \/>\n<meta property=\"og:locale\" content=\"az_AZ\" \/>\n<meta property=\"og:type\" content=\"article\" \/>\n<meta property=\"og:title\" content=\"H\u0259bsd\u0259 olan jurnalist Aytac Tapd\u0131q kimdir? - MEYDAN.TV\" \/>\n<meta property=\"og:description\" content=\"Aytac: saat\u0131n alt\u0131nda vaxt\u0131m\u0131z\u0131n dolmas\u0131n\u0131 g\u00f6zl\u0259yirik..&nbsp; 2024-c\u00fc ilin iyun ay\u0131nda ... Davam\u0131\" \/>\n<meta property=\"og:url\" content=\"https:\/\/www.meydan.tv\/az\/article\/h%c9%99bsd%c9%99-olan-jurnalist-aytac-tapdiq-kimdir\/\" \/>\n<meta property=\"og:site_name\" content=\"MEYDAN.TV\" \/>\n<meta property=\"article:published_time\" content=\"2025-07-18T15:18:10+00:00\" \/>\n<meta property=\"article:modified_time\" content=\"2025-07-18T15:45:38+00:00\" \/>\n<meta property=\"og:image\" content=\"https:\/\/www.meydan.tv\/wp-content\/uploads\/bc5a1d61-a170-4977-9751-0eabd9021578_w1080_h608.jpg\" \/>\n\t<meta property=\"og:image:width\" content=\"1080\" \/>\n\t<meta property=\"og:image:height\" content=\"608\" \/>\n\t<meta property=\"og:image:type\" content=\"image\/jpeg\" \/>\n<meta name=\"author\" content=\"aleks\" \/>\n<meta name=\"twitter:card\" content=\"summary_large_image\" \/>\n<script type=\"application\/ld+json\" class=\"yoast-schema-graph\">{\"@context\":\"https:\\\/\\\/schema.org\",\"@graph\":[{\"@type\":\"Article\",\"@id\":\"https:\\\/\\\/www.meydan.tv\\\/az\\\/article\\\/h%c9%99bsd%c9%99-olan-jurnalist-aytac-tapdiq-kimdir\\\/#article\",\"isPartOf\":{\"@id\":\"https:\\\/\\\/www.meydan.tv\\\/az\\\/article\\\/h%c9%99bsd%c9%99-olan-jurnalist-aytac-tapdiq-kimdir\\\/\"},\"author\":{\"name\":\"aleks\",\"@id\":\"https:\\\/\\\/www.meydan.tv\\\/az\\\/#\\\/schema\\\/person\\\/476e9360e593fa131d5d71d51866f8da\"},\"headline\":\"H\u0259bsd\u0259 olan jurnalist Aytac Tapd\u0131q kimdir?\",\"datePublished\":\"2025-07-18T15:18:10+00:00\",\"dateModified\":\"2025-07-18T15:45:38+00:00\",\"mainEntityOfPage\":{\"@id\":\"https:\\\/\\\/www.meydan.tv\\\/az\\\/article\\\/h%c9%99bsd%c9%99-olan-jurnalist-aytac-tapdiq-kimdir\\\/\"},\"wordCount\":314,\"publisher\":{\"@id\":\"https:\\\/\\\/www.meydan.tv\\\/az\\\/#organization\"},\"image\":{\"@id\":\"https:\\\/\\\/www.meydan.tv\\\/az\\\/article\\\/h%c9%99bsd%c9%99-olan-jurnalist-aytac-tapdiq-kimdir\\\/#primaryimage\"},\"thumbnailUrl\":\"https:\\\/\\\/www.meydan.tv\\\/wp-content\\\/uploads\\\/bc5a1d61-a170-4977-9751-0eabd9021578_w1080_h608.jpg\",\"articleSection\":[\"Meydan TV i\u015fi\",\"T\u00f6vsiy\u0259\",\"Video\"],\"inLanguage\":\"az\"},{\"@type\":\"WebPage\",\"@id\":\"https:\\\/\\\/www.meydan.tv\\\/az\\\/article\\\/h%c9%99bsd%c9%99-olan-jurnalist-aytac-tapdiq-kimdir\\\/\",\"url\":\"https:\\\/\\\/www.meydan.tv\\\/az\\\/article\\\/h%c9%99bsd%c9%99-olan-jurnalist-aytac-tapdiq-kimdir\\\/\",\"name\":\"H\u0259bsd\u0259 olan jurnalist Aytac Tapd\u0131q kimdir? - MEYDAN.TV\",\"isPartOf\":{\"@id\":\"https:\\\/\\\/www.meydan.tv\\\/az\\\/#website\"},\"primaryImageOfPage\":{\"@id\":\"https:\\\/\\\/www.meydan.tv\\\/az\\\/article\\\/h%c9%99bsd%c9%99-olan-jurnalist-aytac-tapdiq-kimdir\\\/#primaryimage\"},\"image\":{\"@id\":\"https:\\\/\\\/www.meydan.tv\\\/az\\\/article\\\/h%c9%99bsd%c9%99-olan-jurnalist-aytac-tapdiq-kimdir\\\/#primaryimage\"},\"thumbnailUrl\":\"https:\\\/\\\/www.meydan.tv\\\/wp-content\\\/uploads\\\/bc5a1d61-a170-4977-9751-0eabd9021578_w1080_h608.jpg\",\"datePublished\":\"2025-07-18T15:18:10+00:00\",\"dateModified\":\"2025-07-18T15:45:38+00:00\",\"breadcrumb\":{\"@id\":\"https:\\\/\\\/www.meydan.tv\\\/az\\\/article\\\/h%c9%99bsd%c9%99-olan-jurnalist-aytac-tapdiq-kimdir\\\/#breadcrumb\"},\"inLanguage\":\"az\",\"potentialAction\":[{\"@type\":\"ReadAction\",\"target\":[\"https:\\\/\\\/www.meydan.tv\\\/az\\\/article\\\/h%c9%99bsd%c9%99-olan-jurnalist-aytac-tapdiq-kimdir\\\/\"]}]},{\"@type\":\"ImageObject\",\"inLanguage\":\"az\",\"@id\":\"https:\\\/\\\/www.meydan.tv\\\/az\\\/article\\\/h%c9%99bsd%c9%99-olan-jurnalist-aytac-tapdiq-kimdir\\\/#primaryimage\",\"url\":\"https:\\\/\\\/www.meydan.tv\\\/wp-content\\\/uploads\\\/bc5a1d61-a170-4977-9751-0eabd9021578_w1080_h608.jpg\",\"contentUrl\":\"https:\\\/\\\/www.meydan.tv\\\/wp-content\\\/uploads\\\/bc5a1d61-a170-4977-9751-0eabd9021578_w1080_h608.jpg\",\"width\":1080,\"height\":608,\"caption\":\"Aytac Tapd\u0131q\"},{\"@type\":\"BreadcrumbList\",\"@id\":\"https:\\\/\\\/www.meydan.tv\\\/az\\\/article\\\/h%c9%99bsd%c9%99-olan-jurnalist-aytac-tapdiq-kimdir\\\/#breadcrumb\",\"itemListElement\":[{\"@type\":\"ListItem\",\"position\":1,\"name\":\"Ana s\u0259hif\u0259\",\"item\":\"https:\\\/\\\/www.meydan.tv\\\/az\\\/\"},{\"@type\":\"ListItem\",\"position\":2,\"name\":\"Video\",\"item\":\"https:\\\/\\\/www.meydan.tv\\\/az\\\/section\\\/video-2\\\/\"},{\"@type\":\"ListItem\",\"position\":3,\"name\":\"H\u0259bsd\u0259 olan jurnalist Aytac Tapd\u0131q kimdir?\"}]},{\"@type\":\"WebSite\",\"@id\":\"https:\\\/\\\/www.meydan.tv\\\/az\\\/#website\",\"url\":\"https:\\\/\\\/www.meydan.tv\\\/az\\\/\",\"name\":\"MEYDAN.TV\",\"description\":\"Meydan TV Az\u0259rbaycan\u0131n media m\u0259kan\u0131ndak\u0131 alternativ s\u0259sidir\",\"publisher\":{\"@id\":\"https:\\\/\\\/www.meydan.tv\\\/az\\\/#organization\"},\"potentialAction\":[{\"@type\":\"SearchAction\",\"target\":{\"@type\":\"EntryPoint\",\"urlTemplate\":\"https:\\\/\\\/www.meydan.tv\\\/az\\\/?s={search_term_string}\"},\"query-input\":{\"@type\":\"PropertyValueSpecification\",\"valueRequired\":true,\"valueName\":\"search_term_string\"}}],\"inLanguage\":\"az\"},{\"@type\":\"Organization\",\"@id\":\"https:\\\/\\\/www.meydan.tv\\\/az\\\/#organization\",\"name\":\"Meydan TV\",\"url\":\"https:\\\/\\\/www.meydan.tv\\\/az\\\/\",\"logo\":{\"@type\":\"ImageObject\",\"inLanguage\":\"az\",\"@id\":\"https:\\\/\\\/www.meydan.tv\\\/az\\\/#\\\/schema\\\/logo\\\/image\\\/\",\"url\":\"https:\\\/\\\/www.meydan.tv\\\/wp-content\\\/uploads\\\/2021\\\/07\\\/meydan-logo.svg\",\"contentUrl\":\"https:\\\/\\\/www.meydan.tv\\\/wp-content\\\/uploads\\\/2021\\\/07\\\/meydan-logo.svg\",\"width\":195,\"height\":46,\"caption\":\"Meydan TV\"},\"image\":{\"@id\":\"https:\\\/\\\/www.meydan.tv\\\/az\\\/#\\\/schema\\\/logo\\\/image\\\/\"}},{\"@type\":\"Person\",\"@id\":\"https:\\\/\\\/www.meydan.tv\\\/az\\\/#\\\/schema\\\/person\\\/476e9360e593fa131d5d71d51866f8da\",\"name\":\"aleks\"}]}<\/script>\n<!-- \/ Yoast SEO plugin. -->","yoast_head_json":{"title":"H\u0259bsd\u0259 olan jurnalist Aytac Tapd\u0131q kimdir? - MEYDAN.TV","robots":{"index":"index","follow":"follow","max-snippet":"max-snippet:-1","max-image-preview":"max-image-preview:large","max-video-preview":"max-video-preview:-1"},"canonical":"https:\/\/www.meydan.tv\/az\/article\/h%c9%99bsd%c9%99-olan-jurnalist-aytac-tapdiq-kimdir\/","og_locale":"az_AZ","og_type":"article","og_title":"H\u0259bsd\u0259 olan jurnalist Aytac Tapd\u0131q kimdir? - MEYDAN.TV","og_description":"Aytac: saat\u0131n alt\u0131nda vaxt\u0131m\u0131z\u0131n dolmas\u0131n\u0131 g\u00f6zl\u0259yirik..&nbsp; 2024-c\u00fc ilin iyun ay\u0131nda ... Davam\u0131","og_url":"https:\/\/www.meydan.tv\/az\/article\/h%c9%99bsd%c9%99-olan-jurnalist-aytac-tapdiq-kimdir\/","og_site_name":"MEYDAN.TV","article_published_time":"2025-07-18T15:18:10+00:00","article_modified_time":"2025-07-18T15:45:38+00:00","og_image":[{"width":1080,"height":608,"url":"https:\/\/www.meydan.tv\/wp-content\/uploads\/bc5a1d61-a170-4977-9751-0eabd9021578_w1080_h608.jpg","type":"image\/jpeg"}],"author":"aleks","twitter_card":"summary_large_image","schema":{"@context":"https:\/\/schema.org","@graph":[{"@type":"Article","@id":"https:\/\/www.meydan.tv\/az\/article\/h%c9%99bsd%c9%99-olan-jurnalist-aytac-tapdiq-kimdir\/#article","isPartOf":{"@id":"https:\/\/www.meydan.tv\/az\/article\/h%c9%99bsd%c9%99-olan-jurnalist-aytac-tapdiq-kimdir\/"},"author":{"name":"aleks","@id":"https:\/\/www.meydan.tv\/az\/#\/schema\/person\/476e9360e593fa131d5d71d51866f8da"},"headline":"H\u0259bsd\u0259 olan jurnalist Aytac Tapd\u0131q kimdir?","datePublished":"2025-07-18T15:18:10+00:00","dateModified":"2025-07-18T15:45:38+00:00","mainEntityOfPage":{"@id":"https:\/\/www.meydan.tv\/az\/article\/h%c9%99bsd%c9%99-olan-jurnalist-aytac-tapdiq-kimdir\/"},"wordCount":314,"publisher":{"@id":"https:\/\/www.meydan.tv\/az\/#organization"},"image":{"@id":"https:\/\/www.meydan.tv\/az\/article\/h%c9%99bsd%c9%99-olan-jurnalist-aytac-tapdiq-kimdir\/#primaryimage"},"thumbnailUrl":"https:\/\/www.meydan.tv\/wp-content\/uploads\/bc5a1d61-a170-4977-9751-0eabd9021578_w1080_h608.jpg","articleSection":["Meydan TV i\u015fi","T\u00f6vsiy\u0259","Video"],"inLanguage":"az"},{"@type":"WebPage","@id":"https:\/\/www.meydan.tv\/az\/article\/h%c9%99bsd%c9%99-olan-jurnalist-aytac-tapdiq-kimdir\/","url":"https:\/\/www.meydan.tv\/az\/article\/h%c9%99bsd%c9%99-olan-jurnalist-aytac-tapdiq-kimdir\/","name":"H\u0259bsd\u0259 olan jurnalist Aytac Tapd\u0131q kimdir? - MEYDAN.TV","isPartOf":{"@id":"https:\/\/www.meydan.tv\/az\/#website"},"primaryImageOfPage":{"@id":"https:\/\/www.meydan.tv\/az\/article\/h%c9%99bsd%c9%99-olan-jurnalist-aytac-tapdiq-kimdir\/#primaryimage"},"image":{"@id":"https:\/\/www.meydan.tv\/az\/article\/h%c9%99bsd%c9%99-olan-jurnalist-aytac-tapdiq-kimdir\/#primaryimage"},"thumbnailUrl":"https:\/\/www.meydan.tv\/wp-content\/uploads\/bc5a1d61-a170-4977-9751-0eabd9021578_w1080_h608.jpg","datePublished":"2025-07-18T15:18:10+00:00","dateModified":"2025-07-18T15:45:38+00:00","breadcrumb":{"@id":"https:\/\/www.meydan.tv\/az\/article\/h%c9%99bsd%c9%99-olan-jurnalist-aytac-tapdiq-kimdir\/#breadcrumb"},"inLanguage":"az","potentialAction":[{"@type":"ReadAction","target":["https:\/\/www.meydan.tv\/az\/article\/h%c9%99bsd%c9%99-olan-jurnalist-aytac-tapdiq-kimdir\/"]}]},{"@type":"ImageObject","inLanguage":"az","@id":"https:\/\/www.meydan.tv\/az\/article\/h%c9%99bsd%c9%99-olan-jurnalist-aytac-tapdiq-kimdir\/#primaryimage","url":"https:\/\/www.meydan.tv\/wp-content\/uploads\/bc5a1d61-a170-4977-9751-0eabd9021578_w1080_h608.jpg","contentUrl":"https:\/\/www.meydan.tv\/wp-content\/uploads\/bc5a1d61-a170-4977-9751-0eabd9021578_w1080_h608.jpg","width":1080,"height":608,"caption":"Aytac Tapd\u0131q"},{"@type":"BreadcrumbList","@id":"https:\/\/www.meydan.tv\/az\/article\/h%c9%99bsd%c9%99-olan-jurnalist-aytac-tapdiq-kimdir\/#breadcrumb","itemListElement":[{"@type":"ListItem","position":1,"name":"Ana s\u0259hif\u0259","item":"https:\/\/www.meydan.tv\/az\/"},{"@type":"ListItem","position":2,"name":"Video","item":"https:\/\/www.meydan.tv\/az\/section\/video-2\/"},{"@type":"ListItem","position":3,"name":"H\u0259bsd\u0259 olan jurnalist Aytac Tapd\u0131q kimdir?"}]},{"@type":"WebSite","@id":"https:\/\/www.meydan.tv\/az\/#website","url":"https:\/\/www.meydan.tv\/az\/","name":"MEYDAN.TV","description":"Meydan TV Az\u0259rbaycan\u0131n media m\u0259kan\u0131ndak\u0131 alternativ s\u0259sidir","publisher":{"@id":"https:\/\/www.meydan.tv\/az\/#organization"},"potentialAction":[{"@type":"SearchAction","target":{"@type":"EntryPoint","urlTemplate":"https:\/\/www.meydan.tv\/az\/?s={search_term_string}"},"query-input":{"@type":"PropertyValueSpecification","valueRequired":true,"valueName":"search_term_string"}}],"inLanguage":"az"},{"@type":"Organization","@id":"https:\/\/www.meydan.tv\/az\/#organization","name":"Meydan TV","url":"https:\/\/www.meydan.tv\/az\/","logo":{"@type":"ImageObject","inLanguage":"az","@id":"https:\/\/www.meydan.tv\/az\/#\/schema\/logo\/image\/","url":"https:\/\/www.meydan.tv\/wp-content\/uploads\/2021\/07\/meydan-logo.svg","contentUrl":"https:\/\/www.meydan.tv\/wp-content\/uploads\/2021\/07\/meydan-logo.svg","width":195,"height":46,"caption":"Meydan TV"},"image":{"@id":"https:\/\/www.meydan.tv\/az\/#\/schema\/logo\/image\/"}},{"@type":"Person","@id":"https:\/\/www.meydan.tv\/az\/#\/schema\/person\/476e9360e593fa131d5d71d51866f8da","name":"aleks"}]}},"_links":{"self":[{"href":"https:\/\/www.meydan.tv\/az\/wp-json\/wp\/v2\/posts\/333237","targetHints":{"allow":["GET"]}}],"collection":[{"href":"https:\/\/www.meydan.tv\/az\/wp-json\/wp\/v2\/posts"}],"about":[{"href":"https:\/\/www.meydan.tv\/az\/wp-json\/wp\/v2\/types\/post"}],"author":[{"embeddable":true,"href":"https:\/\/www.meydan.tv\/az\/wp-json\/wp\/v2\/users\/12"}],"replies":[{"embeddable":true,"href":"https:\/\/www.meydan.tv\/az\/wp-json\/wp\/v2\/comments?post=333237"}],"version-history":[{"count":4,"href":"https:\/\/www.meydan.tv\/az\/wp-json\/wp\/v2\/posts\/333237\/revisions"}],"predecessor-version":[{"id":333244,"href":"https:\/\/www.meydan.tv\/az\/wp-json\/wp\/v2\/posts\/333237\/revisions\/333244"}],"wp:featuredmedia":[{"embeddable":true,"href":"https:\/\/www.meydan.tv\/az\/wp-json\/wp\/v2\/media\/333239"}],"wp:attachment":[{"href":"https:\/\/www.meydan.tv\/az\/wp-json\/wp\/v2\/media?parent=333237"}],"wp:term":[{"taxonomy":"category","embeddable":true,"href":"https:\/\/www.meydan.tv\/az\/wp-json\/wp\/v2\/categories?post=333237"},{"taxonomy":"post_tag","embeddable":true,"href":"https:\/\/www.meydan.tv\/az\/wp-json\/wp\/v2\/tags?post=333237"}],"curies":[{"name":"wp","href":"https:\/\/api.w.org\/{rel}","templated":true}]}}