{"id":333116,"date":"2025-07-17T12:31:19","date_gmt":"2025-07-17T08:31:19","guid":{"rendered":"https:\/\/www.meydan.tv\/?p=333116"},"modified":"2025-07-17T13:20:06","modified_gmt":"2025-07-17T09:20:06","slug":"aytac-tapdiga-h%c9%99mkarlarindan-ad-gunu-t%c9%99briki","status":"publish","type":"post","link":"https:\/\/www.meydan.tv\/az\/article\/aytac-tapdiga-h%c9%99mkarlarindan-ad-gunu-t%c9%99briki\/","title":{"rendered":"Aytac Tapd\u0131\u011fa h\u0259mkarlar\u0131ndan ad g\u00fcn\u00fc t\u0259briki"},"content":{"rendered":"\n<p><\/p>\n\n\n\n<p>\u0130yulun 18-d\u0259 Meydan TV-nin h\u0259bsd\u0259 olan \u0259m\u0259kda\u015f\u0131 Aytac Tapd\u0131\u011f\u0131n do\u011fum g\u00fcn\u00fcd\u00fcr. Bu m\u00fcnasib\u0259tl\u0259 Meydan TV-nin h\u0259bsd\u0259 olan ba\u015f redaktoru Aynur Elg\u00fcn\u0259\u015f v\u0259 \u0259m\u0259kda\u015flar\u0131 X\u0259yal\u0259 A\u011fayeva v\u0259 Aysel Umudova ad g\u00fcn\u00fcn\u00fc qeyd ed\u0259n Aytac Tapd\u0131\u011fa t\u0259brik m\u0259ktubu yaz\u0131blar:<\/p>\n\n\n\n<h4 class=\"wp-block-heading has-global-color-7-color has-text-color has-link-color wp-elements-1f3c7b6e25ae1cf6cd9e861bea3f0aba\"><strong>X\u0259yal\u0259d\u0259n Aytaca<\/strong><\/h4>\n\n\n\n<p><em>Saxlan\u0131ld\u0131\u011f\u0131m\u0131z g\u00fcn\u00fcn gec\u0259si m\u00fcv\u0259qq\u0259ti saxlanma yerin\u0259 g\u0259tirildikd\u0259 bir-birimizd\u0259n x\u0259b\u0259rsizdik. Adlar sadalanm\u0131rd\u0131, amma ortal\u0131qda \u201cham\u0131 tutulub\u201d ifad\u0259si g\u0259zirdi.<\/em><\/p>\n\n\n\n<p><em>Qeydiyyat apar\u0131lan otaqda g\u00f6zl\u0259dil\u0259rk\u0259n bird\u0259n i\u00e7\u0259ri Aytac\u0131 g\u0259tirdil\u0259r. Qucaqla\u015fd\u0131q. D\u0259rhal polis q\u0131\u015fq\u0131r\u0131qlar\u0131 y\u00fcks\u0259ldi. Olmazd\u0131. Bir-birimiz\u0259 qada\u011fan edilmi\u015fdik. Bundan sonra n\u0259inki qucaqla\u015fa, qar\u015f\u0131la\u015fa da bilm\u0259zdik. Otaqdan \u00e7\u0131xar\u0131lark\u0259n g\u00f6d\u0259kc\u0259min cibin\u0259 pe\u00e7enye d\u00fcrt\u00fc\u015fd\u00fcrd\u00fc. Bu haray-h\u0259\u015fird\u0259 h\u0259m \u00f6z\u00fcn\u0259 yem\u0259y\u0259 n\u0259s\u0259 tapma\u011f\u0131na, h\u0259m d\u0259 adamlar\u0131 doyuzdurmaq qay\u0259sini oyaq saxlama\u011f\u0131na g\u00fcld\u00fcm.<\/em><\/p>\n\n\n<div class=\"wp-block-image\">\n<figure class=\"alignleft size-full is-resized\"><img decoding=\"async\" width=\"720\" height=\"480\" data-src=\"https:\/\/www.meydan.tv\/wp-content\/uploads\/untitled_artwork_720.png\" alt=\"\" class=\"wp-image-332315 lazyload\" style=\"--smush-placeholder-width: 720px; --smush-placeholder-aspect-ratio: 720\/480;width:336px;height:auto\" src=\"data:image\/svg+xml;base64,PHN2ZyB3aWR0aD0iMSIgaGVpZ2h0PSIxIiB4bWxucz0iaHR0cDovL3d3dy53My5vcmcvMjAwMC9zdmciPjwvc3ZnPg==\" \/><figcaption class=\"wp-element-caption\">X\u0259yal\u0259 A\u011fayeva. \u0130ll\u00fcstrasiya: Meydan TV<\/figcaption><\/figure>\n<\/div>\n\n\n<p><em>N\u00f6vb\u0259ti iki g\u00fcnd\u0259 d\u0259hlizd\u0259n tez-tez Aytac\u0131n \u201cMeydan\u00e7\u0131lara e\u015fq olsun\u201d \u015f\u00fcar\u0131 e\u015fidildi. M\u0259hk\u0259m\u0259d\u0259n sonra sonuncu d\u0259f\u0259 bir ma\u015f\u0131na yan-yana mindirilm\u0259kl\u0259 d\u00f6rd\u00fcm\u00fcz ( Aynur m\u00fc\u0259llim\u0259, Aysel, Aytac v\u0259 m\u0259n) K\u00fcrd\u0259xan\u0131ya g\u0259tirildik. Bu \u00e7\u0131xd\u0131\u011f\u0131m\u0131z y\u00fczl\u0259rl\u0259 s\u0259f\u0259rd\u0259n biriydi.<\/em><\/p>\n\n\n\n<p><em>Repartyorsansa, \u00f6mr\u00fcn biri dig\u0259rin\u0259 b\u0259nz\u0259m\u0259y\u0259n, h\u0259rar\u0259tli g\u00fcnl\u0259r burul\u011fan\u0131na \u00e7evirilir. Bu burul\u011fanda s\u0259ni sovrulma\u011fa qoymayan bir ehtiyac varsa, o da Aytac kimi yol yolda\u015f\u0131d\u0131r.<\/em><\/p>\n\n\n\n<p><em>Q\u0259tiyy\u0259ti, inam\u0131, c\u0259sar\u0259ti, \u00e7al\u0131\u015fma \u0259zmiyl\u0259 o l\u00f6vb\u0259r salm\u0131\u015f g\u0259midir. Qa\u015fqabaql\u0131 g\u00f6rk\u0259minin arxas\u0131ndak\u0131 qay\u011f\u0131ke\u015fliyi, \u0259n \u00e7\u0259tin vaxtlarda g\u00fcn\u0259\u015fi do\u011furan g\u00fcl\u00fc\u015f\u00fc v\u0259 b\u0259z\u0259n d\u00f6z\u00fclm\u0259z safl\u0131\u011f\u0131 il\u0259 ya\u015fam qayna\u011f\u0131d\u0131r. M\u0259nim x\u0259zin\u0259mdir.<\/em><\/p>\n\n\n\n<p><em>Dey\u0259s\u0259n, tan\u0131\u015fl\u0131\u011f\u0131m\u0131zdan b\u0259ri ilk d\u0259f\u0259 bir ad g\u00fcn\u00fcnd\u0259 gec\u0259 il\u0259 tort almaq, qap\u0131n\u0131n z\u0259ngini basanacan blokda gizl\u0259nqa\u00e7 oynamamaqla birlikd\u0259yik. D\u00fczd\u00fcr, saat 12-ni vuranda onu ba\u011fr\u0131m\u0131za basa bilm\u0259y\u0259c\u0259yik, amma s\u0259simiz \u00absan\u00e7ast\u00bb\u0131n divarlar\u0131n\u0131 titr\u0259d\u0259c\u0259k.<\/em><\/p>\n\n\n\n<p><em>Ham\u0131 \u00fc\u00e7\u00fcn \u0259n yax\u015f\u0131s\u0131n\u0131 arzulayan bir k\u0259sin layiq olmad\u0131\u011f\u0131 halda \u00f6z arzu g\u00fcn\u00fcn\u00fc d\u00f6rd divar aras\u0131nda ke\u00e7irm\u0259si h\u0259m a\u011f\u0131r, h\u0259m d\u0259 q\u00fcrurludur. Pe\u015f\u0259sini Aytac q\u0259d\u0259r sev\u0259n, \u015f\u00f6vql\u0259 \u00e7al\u0131\u015fan jurnalistin yeri bu z\u00fclm\u0259t\u0259 d\u00f6nd\u0259rilmi\u015f \u00f6lk\u0259d\u0259 h\u0259bsxanadan ba\u015fqa m\u0259kan olmazd\u0131.<\/em><\/p>\n\n\n\n<p><em>M\u0259nim d\u00fcnya g\u00f6z\u0259li r\u0259fiq\u0259m. \u00d6z dediyin kimi \u201cS\u0259n olan yer s\u0259hn\u0259dir\u201d! Do\u011fum g\u00fcn\u00fcn m\u00fcbar\u0259k. Ne\u00e7\u0259 bel\u0259 d\u00f6y\u00fc\u015fl\u0259r\u0259!<\/em><\/p>\n\n\n\n<p><em>X\u0259yal\u0259 A\u011fayeva<\/em><\/p>\n\n\n\n<p><em>K\u00fcrd\u0259xan\u0131<\/em><\/p>\n\n\n\n<h4 class=\"wp-block-heading has-global-color-7-color has-text-color has-link-color wp-elements-8cf077a31965df55769450e383d304a1\"><strong>Ayseld\u0259n Aytaca<\/strong><\/h4>\n\n\n\n<p><em>Bir d\u0259f\u0259 \u00e7\u0259kili\u015f zaman\u0131 m\u00fchafiz\u0259 biz\u0259 yax\u0131nla\u015f\u0131b, h\u0259d\u0259l\u0259yici v\u0259 kobud t\u0259rzd\u0259 \u00e7\u0259kili\u015fi dayand\u0131rmasaq polis \u00e7a\u011f\u0131raca\u011f\u0131n\u0131 dedi. Aytac da \u00e7ox k\u0259skin s\u0259sl\u0259 \u201c\u00e7a\u011f\u0131r\u0131n-\u00e7a\u011f\u0131r\u0131n\u201d! &#8211; dey\u0259 cavab verdi. \u00c7a\u011f\u0131rd\u0131lar \ud83d\ude42 v\u0259 budur b\u00f6lm\u0259y\u0259 gedirik. Hadis\u0259 ill\u0259r \u0259vv\u0259l olsa da o g\u00fcn ba\u015fa d\u00fc\u015fd\u00fcm ki, bu yaman q\u0131zla h\u0259l\u0259 \u00e7ox PPX ma\u015f\u0131n\u0131nda \u015f\u00fct\u00fcy\u0259c\u0259yik.<\/em><\/p>\n\n\n<div class=\"wp-block-image\">\n<figure class=\"alignright size-large is-resized\"><img decoding=\"async\" width=\"1200\" height=\"800\" data-src=\"https:\/\/www.meydan.tv\/wp-content\/uploads\/file-1-4-1200x800.jpg\" alt=\"\" class=\"wp-image-327784 lazyload\" style=\"--smush-placeholder-width: 1200px; --smush-placeholder-aspect-ratio: 1200\/800;width:357px;height:auto\" src=\"data:image\/svg+xml;base64,PHN2ZyB3aWR0aD0iMSIgaGVpZ2h0PSIxIiB4bWxucz0iaHR0cDovL3d3dy53My5vcmcvMjAwMC9zdmciPjwvc3ZnPg==\" \/><figcaption class=\"wp-element-caption\">Aysel Umudova. \u0130ll\u00fcstrasiya: Meydan TV<\/figcaption><\/figure>\n<\/div>\n\n\n<p><em>S\u0259ninl\u0259 say\u0131n\u0131 unutdu\u011fumuz, \u0259slind\u0259, yet\u0259rinc\u0259 stressli, yorucu, amma bizim \u00fc\u00e7\u00fcn h\u0259mi\u015f\u0259 \u0259yl\u0259nc\u0259 m\u00f6vzusu olan xeyli bel\u0259 xatir\u0259miz var.<\/em><\/p>\n\n\n\n<p><em>Uzun dostluq ill\u0259rimiz\u0259 birg\u0259 haz\u0131rla\u015fd\u0131\u011f\u0131m\u0131z 8 mart aksiyalar\u0131n\u0131, polis b\u00f6lm\u0259l\u0259ri qar\u015f\u0131s\u0131nda bir-birimizi g\u00f6zl\u0259m\u0259yimizi v\u0259 n\u0259hay\u0259t siyasi m\u0259hbus olma\u011f\u0131 da s\u0131\u011f\u0131\u015fd\u0131rd\u0131q.<\/em><\/p>\n\n\n\n<p><em>N\u0259 ya\u015fama\u011f\u0131m\u0131zdan as\u0131l\u0131 olmayaraq h\u0259mi\u015f\u0259 s\u0259ninl\u0259 \u00e7iyin-\u00e7iyin olmaqdan g\u00fcc al\u0131ram. S\u0259n yax\u015f\u0131 ki, do\u011fuldun. Yax\u015f\u0131 ki, yollar\u0131m\u0131z k\u0259si\u015fdi v\u0259 \u00e7ox sa\u011fol ki, m\u0259ni \u00f6z\u00fcn\u0259 dost se\u00e7din. Qula\u011f\u0131n qarmo\u015fkada olsun. Bir azdan balaca s\u0259sg\u00fccl\u0259ndiricimd\u0259n s\u0259nin \u015f\u0259r\u0259fin\u0259 Flora K\u0259rimovan\u0131n <a href=\"https:\/\/www.youtube.com\/watch?v=FCSlD7JAZik&amp;list=RDFCSlD7JAZik&amp;start_radio=1\" target=\"_blank\" rel=\"noreferrer noopener\">\u201cM\u0259nim ya\u015f\u0131d\u0131m q\u0131zlar\u201d<\/a> mahn\u0131s\u0131 s\u0259sl\u0259n\u0259c\u0259k. Tezlikl\u0259, s\u0259ni ba\u011fr\u0131ma basmaq dil\u0259yi il\u0259\u2026<\/em><\/p>\n\n\n\n<p><em>Do\u011fum g\u00fcn\u00fcn m\u00fcbar\u0259k. S\u0259ni sevir\u0259m.<\/em><\/p>\n\n\n\n<p><em>Aysel Umudova<\/em><\/p>\n\n\n\n<p><em>K\u00fcrd\u0259xan\u0131<\/em><\/p>\n\n\n\n<h4 class=\"wp-block-heading has-global-color-7-color has-text-color has-link-color wp-elements-d0db19aa2c38d970774d680b4129e2e1\"><strong>Aytac\u0131n do\u011fum g\u00fcn\u00fcn\u0259<\/strong><\/h4>\n\n\n\n<p><em>B\u0259zi insanlar var, t\u0259kc\u0259 h\u0259yat\u0131n\u0131 z\u0259nginl\u0259\u015fdirmirl\u0259r, h\u0259m d\u0259 s\u0259ni pis \u0259m\u0259ll\u0259rd\u0259n uzaq durma\u011fa vadar edirl\u0259r. Aytac kimi\u2026 O q\u0259d\u0259r humanist v\u0259 \u0259dal\u0259tlidir ki, yan\u0131nda s\u0259n d\u0259 ba\u015fqa c\u00fcr olmaq ist\u0259mirs\u0259n.<\/em><\/p>\n\n\n\n<p><em>Jurnalistikaya g\u0259ldiyi vaxtdan t\u0259zyiql\u0259r, t\u0259hdidl\u0259r yaxas\u0131n\u0131 buraxm\u0131r. H\u0259l\u0259 \u00e7ox balacayd\u0131, yeni \u00e7\u0259km\u0259y\u0259, reportaj haz\u0131rlama\u011fa ba\u015flam\u0131\u015fd\u0131. Bir d\u0259 e\u015fitdik ki, polisl\u0259r marketd\u0259n \u00e7\u0131xanda onu \u201ca\u011f\u0131rlay\u0131blar\u201d. O vaxta q\u0259d\u0259r, h\u0259tta bu x\u0259b\u0259ri e\u015fid\u0259nd\u0259 bel\u0259 o, m\u0259nim \u00fc\u00e7\u00fcn tan\u0131d\u0131\u011f\u0131m, sevdiyim g\u0259nc jurnalistl\u0259rd\u0259n biri idi. Ancaq \u201cBandotdel\u201din binas\u0131ndan \u00e7\u0131x\u0131b h\u0259r \u015fey\u0259 r\u0259\u011fm\u0259n \u00fcst\u00fcm\u0259 qa\u00e7mas\u0131 g\u00f6z\u00fcmd\u0259 h\u0259r \u015feyi d\u0259yi\u015fdi. Anlad\u0131m ki, bel\u0259 g\u0259ncl\u0259r olandan sonra ist\u0259nil\u0259n t\u0259hl\u00fck\u0259 adama qorxulu g\u00f6r\u00fcnm\u0259z.<\/em><\/p>\n\n\n<div class=\"wp-block-image\">\n<figure class=\"alignleft size-large is-resized\"><img decoding=\"async\" width=\"1200\" height=\"800\" data-src=\"https:\/\/www.meydan.tv\/wp-content\/uploads\/img_1640-1-1200x800.jpg\" alt=\"\" class=\"wp-image-322456 lazyload\" style=\"--smush-placeholder-width: 1200px; --smush-placeholder-aspect-ratio: 1200\/800;width:335px;height:auto\" src=\"data:image\/svg+xml;base64,PHN2ZyB3aWR0aD0iMSIgaGVpZ2h0PSIxIiB4bWxucz0iaHR0cDovL3d3dy53My5vcmcvMjAwMC9zdmciPjwvc3ZnPg==\" \/><figcaption class=\"wp-element-caption\">Aynur Elgunesh. Foto: Meydan TV<\/figcaption><\/figure>\n<\/div>\n\n\n<p><em>O vaxtdan ill\u0259r ke\u00e7ir, ancaq n\u0259 yolumuz d\u0259yi\u015fir, n\u0259 yolda\u015fl\u0131\u011f\u0131m\u0131z. \u0130ndi d\u0259 birlikd\u0259 h\u0259bsxanan\u0131n barmaql\u0131qlar\u0131 aras\u0131nday\u0131q. Ad\u0131m\u0131z\u0131 \u201cpodelnik\u201d qoyub bir-birimizd\u0259n uzaq tutma\u011fa \u00e7al\u0131\u015f\u0131rlar. Ancaq s\u0259si, m\u00fccadil\u0259si onun burada da insanl\u0131\u011f\u0131ndan vaz ke\u00e7m\u0259diyini g\u00f6st\u0259rir. T\u0259s\u0259vv\u00fcr edin, Mir\u015fahin \u201cReal TV\u201dd\u0259 Aytac\u0131n fotosunu payla\u015f\u0131b h\u0259qar\u0259tl\u0259r ya\u011fd\u0131rd\u0131\u011f\u0131, iftiralar s\u00f6yl\u0259diyi vaxtlarda Aytac onun x\u0259st\u0259 qarda\u015f\u0131n\u0131 x\u0259st\u0259xanaya apars\u0131nlar dey\u0259 \u201cSan\u00e7ast\u201d\u0131 aya\u011fa qald\u0131rm\u0131\u015fd\u0131. H\u0259min g\u00fcn sabaha q\u0259d\u0259r yatmay\u0131b, t\u0259cili yard\u0131m\u0131n g\u0259lm\u0259sini g\u00f6zl\u0259mi\u015fdi.<\/em><\/p>\n\n\n\n<p><em>Yaxud biz otaq yolda\u015f\u0131m\u0131z\u0131n adi kaprizin\u0259 d\u00f6zm\u0259diyimiz halda o, \u0259n \u00e7\u0259tin \u015f\u0259raitd\u0259 daha \u00e7ox qad\u0131nla qalmaq m\u0259cburiyy\u0259tind\u0259 idi v\u0259 buna he\u00e7 etiraz etmirdi. \u018fksin\u0259 o qad\u0131nlar\u0131n ehtiyaclar\u0131, h\u0259kiml\u0259, v\u0259kill\u0259 t\u0259min olunmalar\u0131 \u00fc\u00e7\u00fcn \u00e7al\u0131\u015f\u0131rd\u0131.<\/em><\/p>\n\n\n\n<p><em>Di g\u0259l bu adam\u0131n yan\u0131nda insanl\u0131\u011f\u0131n\u0131 \u0259sirg\u0259\u2026 B\u0259z\u0259n n\u0259d\u0259ns\u0259 gileyl\u0259n\u0259nd\u0259 el\u0259 bax\u0131r, d\u00f6n\u00fcb \u00f6z\u00fcn\u00fc danlay\u0131rsan\u2026<\/em><\/p>\n\n\n\n<p><em>Ad\u0259tdi, ad g\u00fcnl\u0259rind\u0259 xo\u015f s\u00f6zl\u0259r deyirl\u0259r. Ancaq Aytac el\u0259 birisidir ki, ona h\u0259r g\u00fcn xo\u015f s\u00f6z dem\u0259k ist\u0259yirs\u0259n. \u00c7\u00fcnki insanl\u0131\u011f\u0131 il\u0259 s\u0259ni buna vadar edir.<\/em><\/p>\n\n\n\n<p><em>Ona bu s\u00f6zl\u0259ri \u00e7ox tez-tez \u00fcr\u0259yimd\u0259 deyir\u0259m. Bu d\u0259f\u0259 d\u0259 qoy bel\u0259 oxusun. H\u0259r baxanda \u00fcr\u0259yimi titr\u0259d\u0259n g\u00f6z\u0259l q\u0131z\u0131m, bilir\u0259m onsuz da he\u00e7 n\u0259 il\u0259 s\u0259ni d\u0259yi\u015f\u0259 bilm\u0259y\u0259c\u0259kl\u0259r. Yen\u0259 d\u0259 h\u0259yat\u0131nda he\u00e7 n\u0259yi \u00f6z\u00fcnd\u0259n \u00f6n\u0259 qoyma. S\u0259n bu d\u00fcnyada h\u0259r \u015feyin \u0259n g\u00f6z\u0259lin\u0259 layiqs\u0259n. Do\u011fum g\u00fcn\u00fcn m\u00fcbar\u0259k.\u00a0\u00a0<\/em><\/p>\n\n\n\n<p><em>Aynur Elg\u00fcn\u0259\u015f<\/em><\/p>\n\n\n\n<p><em>K\u00fcrd\u0259xan\u0131<\/em><\/p>\n\n\n\n<p><\/p>\n","protected":false},"excerpt":{"rendered":"<p>\u0130yulun 18-d\u0259 Meydan TV-nin h\u0259bsd\u0259 olan \u0259m\u0259kda\u015f\u0131 Aytac Tapd\u0131\u011f\u0131n do\u011fum &#8230; <\/p>\n<p class=\"read-more-container\"><a title=\"Aytac Tapd\u0131\u011fa h\u0259mkarlar\u0131ndan ad g\u00fcn\u00fc t\u0259briki\" class=\"read-more button\" href=\"https:\/\/www.meydan.tv\/az\/article\/aytac-tapdiga-h%c9%99mkarlarindan-ad-gunu-t%c9%99briki\/#more-333116\" aria-label=\"Read more about Aytac Tapd\u0131\u011fa h\u0259mkarlar\u0131ndan ad g\u00fcn\u00fc t\u0259briki\">Davam\u0131<\/a><\/p>\n","protected":false},"author":16,"featured_media":327650,"comment_status":"closed","ping_status":"closed","sticky":false,"template":"","format":"standard","meta":{"_acf_changed":false,"_sitemap_exclude":false,"_sitemap_priority":"","_sitemap_frequency":"","footnotes":""},"categories":[172,139,79,56],"tags":[],"class_list":["post-333116","post","type-post","status-publish","format-standard","has-post-thumbnail","hentry","category-hebsxanadan-mektublar","category-meydan-tv-isi","category-featured","category-xeberler","infinite-scroll-item","generate-columns","tablet-grid-50","mobile-grid-100","grid-parent","grid-33","no-featured-image-padding"],"acf":[],"yoast_head":"<!-- This site is optimized with the Yoast SEO plugin v27.5 - https:\/\/yoast.com\/product\/yoast-seo-wordpress\/ -->\n<title>Aytac Tapd\u0131\u011fa h\u0259mkarlar\u0131ndan ad g\u00fcn\u00fc t\u0259briki - MEYDAN.TV<\/title>\n<meta name=\"robots\" content=\"index, follow, max-snippet:-1, max-image-preview:large, max-video-preview:-1\" \/>\n<link rel=\"canonical\" href=\"https:\/\/www.meydan.tv\/az\/article\/aytac-tapdiga-h%c9%99mkarlarindan-ad-gunu-t%c9%99briki\/\" \/>\n<meta property=\"og:locale\" content=\"az_AZ\" \/>\n<meta property=\"og:type\" content=\"article\" \/>\n<meta property=\"og:title\" content=\"Aytac Tapd\u0131\u011fa h\u0259mkarlar\u0131ndan ad g\u00fcn\u00fc t\u0259briki - MEYDAN.TV\" \/>\n<meta property=\"og:description\" content=\"\u0130yulun 18-d\u0259 Meydan TV-nin h\u0259bsd\u0259 olan \u0259m\u0259kda\u015f\u0131 Aytac Tapd\u0131\u011f\u0131n do\u011fum ... Davam\u0131\" \/>\n<meta property=\"og:url\" content=\"https:\/\/www.meydan.tv\/az\/article\/aytac-tapdiga-h%c9%99mkarlarindan-ad-gunu-t%c9%99briki\/\" \/>\n<meta property=\"og:site_name\" content=\"MEYDAN.TV\" \/>\n<meta property=\"article:published_time\" content=\"2025-07-17T08:31:19+00:00\" \/>\n<meta property=\"article:modified_time\" content=\"2025-07-17T09:20:06+00:00\" \/>\n<meta property=\"og:image\" content=\"https:\/\/www.meydan.tv\/wp-content\/uploads\/4567-1.png\" \/>\n\t<meta property=\"og:image:width\" content=\"1179\" \/>\n\t<meta property=\"og:image:height\" content=\"576\" \/>\n\t<meta property=\"og:image:type\" content=\"image\/png\" \/>\n<meta name=\"author\" content=\"sevda\" \/>\n<meta name=\"twitter:card\" content=\"summary_large_image\" \/>\n<script type=\"application\/ld+json\" class=\"yoast-schema-graph\">{\"@context\":\"https:\\\/\\\/schema.org\",\"@graph\":[{\"@type\":\"Article\",\"@id\":\"https:\\\/\\\/www.meydan.tv\\\/az\\\/article\\\/aytac-tapdiga-h%c9%99mkarlarindan-ad-gunu-t%c9%99briki\\\/#article\",\"isPartOf\":{\"@id\":\"https:\\\/\\\/www.meydan.tv\\\/az\\\/article\\\/aytac-tapdiga-h%c9%99mkarlarindan-ad-gunu-t%c9%99briki\\\/\"},\"author\":{\"name\":\"sevda\",\"@id\":\"https:\\\/\\\/www.meydan.tv\\\/az\\\/#\\\/schema\\\/person\\\/49b5f2bad5b126bb8ea9320eeb3e4dc9\"},\"headline\":\"Aytac Tapd\u0131\u011fa h\u0259mkarlar\u0131ndan ad g\u00fcn\u00fc t\u0259briki\",\"datePublished\":\"2025-07-17T08:31:19+00:00\",\"dateModified\":\"2025-07-17T09:20:06+00:00\",\"mainEntityOfPage\":{\"@id\":\"https:\\\/\\\/www.meydan.tv\\\/az\\\/article\\\/aytac-tapdiga-h%c9%99mkarlarindan-ad-gunu-t%c9%99briki\\\/\"},\"wordCount\":1314,\"publisher\":{\"@id\":\"https:\\\/\\\/www.meydan.tv\\\/az\\\/#organization\"},\"image\":{\"@id\":\"https:\\\/\\\/www.meydan.tv\\\/az\\\/article\\\/aytac-tapdiga-h%c9%99mkarlarindan-ad-gunu-t%c9%99briki\\\/#primaryimage\"},\"thumbnailUrl\":\"https:\\\/\\\/www.meydan.tv\\\/wp-content\\\/uploads\\\/4567-1.png\",\"articleSection\":[\"H\u0259bsxanadan m\u0259ktublar\",\"Meydan TV i\u015fi\",\"T\u00f6vsiy\u0259\",\"X\u0259b\u0259rl\u0259r\"],\"inLanguage\":\"az\"},{\"@type\":\"WebPage\",\"@id\":\"https:\\\/\\\/www.meydan.tv\\\/az\\\/article\\\/aytac-tapdiga-h%c9%99mkarlarindan-ad-gunu-t%c9%99briki\\\/\",\"url\":\"https:\\\/\\\/www.meydan.tv\\\/az\\\/article\\\/aytac-tapdiga-h%c9%99mkarlarindan-ad-gunu-t%c9%99briki\\\/\",\"name\":\"Aytac Tapd\u0131\u011fa h\u0259mkarlar\u0131ndan ad g\u00fcn\u00fc t\u0259briki - MEYDAN.TV\",\"isPartOf\":{\"@id\":\"https:\\\/\\\/www.meydan.tv\\\/az\\\/#website\"},\"primaryImageOfPage\":{\"@id\":\"https:\\\/\\\/www.meydan.tv\\\/az\\\/article\\\/aytac-tapdiga-h%c9%99mkarlarindan-ad-gunu-t%c9%99briki\\\/#primaryimage\"},\"image\":{\"@id\":\"https:\\\/\\\/www.meydan.tv\\\/az\\\/article\\\/aytac-tapdiga-h%c9%99mkarlarindan-ad-gunu-t%c9%99briki\\\/#primaryimage\"},\"thumbnailUrl\":\"https:\\\/\\\/www.meydan.tv\\\/wp-content\\\/uploads\\\/4567-1.png\",\"datePublished\":\"2025-07-17T08:31:19+00:00\",\"dateModified\":\"2025-07-17T09:20:06+00:00\",\"breadcrumb\":{\"@id\":\"https:\\\/\\\/www.meydan.tv\\\/az\\\/article\\\/aytac-tapdiga-h%c9%99mkarlarindan-ad-gunu-t%c9%99briki\\\/#breadcrumb\"},\"inLanguage\":\"az\",\"potentialAction\":[{\"@type\":\"ReadAction\",\"target\":[\"https:\\\/\\\/www.meydan.tv\\\/az\\\/article\\\/aytac-tapdiga-h%c9%99mkarlarindan-ad-gunu-t%c9%99briki\\\/\"]}]},{\"@type\":\"ImageObject\",\"inLanguage\":\"az\",\"@id\":\"https:\\\/\\\/www.meydan.tv\\\/az\\\/article\\\/aytac-tapdiga-h%c9%99mkarlarindan-ad-gunu-t%c9%99briki\\\/#primaryimage\",\"url\":\"https:\\\/\\\/www.meydan.tv\\\/wp-content\\\/uploads\\\/4567-1.png\",\"contentUrl\":\"https:\\\/\\\/www.meydan.tv\\\/wp-content\\\/uploads\\\/4567-1.png\",\"width\":1179,\"height\":576,\"caption\":\"Aytac Tapd\u0131q. \u0130ll\u00fcstrasiya: Meydan TV\"},{\"@type\":\"BreadcrumbList\",\"@id\":\"https:\\\/\\\/www.meydan.tv\\\/az\\\/article\\\/aytac-tapdiga-h%c9%99mkarlarindan-ad-gunu-t%c9%99briki\\\/#breadcrumb\",\"itemListElement\":[{\"@type\":\"ListItem\",\"position\":1,\"name\":\"Ana s\u0259hif\u0259\",\"item\":\"https:\\\/\\\/www.meydan.tv\\\/az\\\/\"},{\"@type\":\"ListItem\",\"position\":2,\"name\":\"H\u0259bsxanadan m\u0259ktublar\",\"item\":\"https:\\\/\\\/www.meydan.tv\\\/az\\\/section\\\/hebsxanadan-mektublar\\\/\"},{\"@type\":\"ListItem\",\"position\":3,\"name\":\"Aytac Tapd\u0131\u011fa h\u0259mkarlar\u0131ndan ad g\u00fcn\u00fc t\u0259briki\"}]},{\"@type\":\"WebSite\",\"@id\":\"https:\\\/\\\/www.meydan.tv\\\/az\\\/#website\",\"url\":\"https:\\\/\\\/www.meydan.tv\\\/az\\\/\",\"name\":\"MEYDAN.TV\",\"description\":\"Meydan TV Az\u0259rbaycan\u0131n media m\u0259kan\u0131ndak\u0131 alternativ s\u0259sidir\",\"publisher\":{\"@id\":\"https:\\\/\\\/www.meydan.tv\\\/az\\\/#organization\"},\"potentialAction\":[{\"@type\":\"SearchAction\",\"target\":{\"@type\":\"EntryPoint\",\"urlTemplate\":\"https:\\\/\\\/www.meydan.tv\\\/az\\\/?s={search_term_string}\"},\"query-input\":{\"@type\":\"PropertyValueSpecification\",\"valueRequired\":true,\"valueName\":\"search_term_string\"}}],\"inLanguage\":\"az\"},{\"@type\":\"Organization\",\"@id\":\"https:\\\/\\\/www.meydan.tv\\\/az\\\/#organization\",\"name\":\"Meydan TV\",\"url\":\"https:\\\/\\\/www.meydan.tv\\\/az\\\/\",\"logo\":{\"@type\":\"ImageObject\",\"inLanguage\":\"az\",\"@id\":\"https:\\\/\\\/www.meydan.tv\\\/az\\\/#\\\/schema\\\/logo\\\/image\\\/\",\"url\":\"https:\\\/\\\/www.meydan.tv\\\/wp-content\\\/uploads\\\/2021\\\/07\\\/meydan-logo.svg\",\"contentUrl\":\"https:\\\/\\\/www.meydan.tv\\\/wp-content\\\/uploads\\\/2021\\\/07\\\/meydan-logo.svg\",\"width\":195,\"height\":46,\"caption\":\"Meydan TV\"},\"image\":{\"@id\":\"https:\\\/\\\/www.meydan.tv\\\/az\\\/#\\\/schema\\\/logo\\\/image\\\/\"}},{\"@type\":\"Person\",\"@id\":\"https:\\\/\\\/www.meydan.tv\\\/az\\\/#\\\/schema\\\/person\\\/49b5f2bad5b126bb8ea9320eeb3e4dc9\",\"name\":\"sevda\"}]}<\/script>\n<!-- \/ Yoast SEO plugin. -->","yoast_head_json":{"title":"Aytac Tapd\u0131\u011fa h\u0259mkarlar\u0131ndan ad g\u00fcn\u00fc t\u0259briki - MEYDAN.TV","robots":{"index":"index","follow":"follow","max-snippet":"max-snippet:-1","max-image-preview":"max-image-preview:large","max-video-preview":"max-video-preview:-1"},"canonical":"https:\/\/www.meydan.tv\/az\/article\/aytac-tapdiga-h%c9%99mkarlarindan-ad-gunu-t%c9%99briki\/","og_locale":"az_AZ","og_type":"article","og_title":"Aytac Tapd\u0131\u011fa h\u0259mkarlar\u0131ndan ad g\u00fcn\u00fc t\u0259briki - MEYDAN.TV","og_description":"\u0130yulun 18-d\u0259 Meydan TV-nin h\u0259bsd\u0259 olan \u0259m\u0259kda\u015f\u0131 Aytac Tapd\u0131\u011f\u0131n do\u011fum ... Davam\u0131","og_url":"https:\/\/www.meydan.tv\/az\/article\/aytac-tapdiga-h%c9%99mkarlarindan-ad-gunu-t%c9%99briki\/","og_site_name":"MEYDAN.TV","article_published_time":"2025-07-17T08:31:19+00:00","article_modified_time":"2025-07-17T09:20:06+00:00","og_image":[{"width":1179,"height":576,"url":"https:\/\/www.meydan.tv\/wp-content\/uploads\/4567-1.png","type":"image\/png"}],"author":"sevda","twitter_card":"summary_large_image","schema":{"@context":"https:\/\/schema.org","@graph":[{"@type":"Article","@id":"https:\/\/www.meydan.tv\/az\/article\/aytac-tapdiga-h%c9%99mkarlarindan-ad-gunu-t%c9%99briki\/#article","isPartOf":{"@id":"https:\/\/www.meydan.tv\/az\/article\/aytac-tapdiga-h%c9%99mkarlarindan-ad-gunu-t%c9%99briki\/"},"author":{"name":"sevda","@id":"https:\/\/www.meydan.tv\/az\/#\/schema\/person\/49b5f2bad5b126bb8ea9320eeb3e4dc9"},"headline":"Aytac Tapd\u0131\u011fa h\u0259mkarlar\u0131ndan ad g\u00fcn\u00fc t\u0259briki","datePublished":"2025-07-17T08:31:19+00:00","dateModified":"2025-07-17T09:20:06+00:00","mainEntityOfPage":{"@id":"https:\/\/www.meydan.tv\/az\/article\/aytac-tapdiga-h%c9%99mkarlarindan-ad-gunu-t%c9%99briki\/"},"wordCount":1314,"publisher":{"@id":"https:\/\/www.meydan.tv\/az\/#organization"},"image":{"@id":"https:\/\/www.meydan.tv\/az\/article\/aytac-tapdiga-h%c9%99mkarlarindan-ad-gunu-t%c9%99briki\/#primaryimage"},"thumbnailUrl":"https:\/\/www.meydan.tv\/wp-content\/uploads\/4567-1.png","articleSection":["H\u0259bsxanadan m\u0259ktublar","Meydan TV i\u015fi","T\u00f6vsiy\u0259","X\u0259b\u0259rl\u0259r"],"inLanguage":"az"},{"@type":"WebPage","@id":"https:\/\/www.meydan.tv\/az\/article\/aytac-tapdiga-h%c9%99mkarlarindan-ad-gunu-t%c9%99briki\/","url":"https:\/\/www.meydan.tv\/az\/article\/aytac-tapdiga-h%c9%99mkarlarindan-ad-gunu-t%c9%99briki\/","name":"Aytac Tapd\u0131\u011fa h\u0259mkarlar\u0131ndan ad g\u00fcn\u00fc t\u0259briki - MEYDAN.TV","isPartOf":{"@id":"https:\/\/www.meydan.tv\/az\/#website"},"primaryImageOfPage":{"@id":"https:\/\/www.meydan.tv\/az\/article\/aytac-tapdiga-h%c9%99mkarlarindan-ad-gunu-t%c9%99briki\/#primaryimage"},"image":{"@id":"https:\/\/www.meydan.tv\/az\/article\/aytac-tapdiga-h%c9%99mkarlarindan-ad-gunu-t%c9%99briki\/#primaryimage"},"thumbnailUrl":"https:\/\/www.meydan.tv\/wp-content\/uploads\/4567-1.png","datePublished":"2025-07-17T08:31:19+00:00","dateModified":"2025-07-17T09:20:06+00:00","breadcrumb":{"@id":"https:\/\/www.meydan.tv\/az\/article\/aytac-tapdiga-h%c9%99mkarlarindan-ad-gunu-t%c9%99briki\/#breadcrumb"},"inLanguage":"az","potentialAction":[{"@type":"ReadAction","target":["https:\/\/www.meydan.tv\/az\/article\/aytac-tapdiga-h%c9%99mkarlarindan-ad-gunu-t%c9%99briki\/"]}]},{"@type":"ImageObject","inLanguage":"az","@id":"https:\/\/www.meydan.tv\/az\/article\/aytac-tapdiga-h%c9%99mkarlarindan-ad-gunu-t%c9%99briki\/#primaryimage","url":"https:\/\/www.meydan.tv\/wp-content\/uploads\/4567-1.png","contentUrl":"https:\/\/www.meydan.tv\/wp-content\/uploads\/4567-1.png","width":1179,"height":576,"caption":"Aytac Tapd\u0131q. \u0130ll\u00fcstrasiya: Meydan TV"},{"@type":"BreadcrumbList","@id":"https:\/\/www.meydan.tv\/az\/article\/aytac-tapdiga-h%c9%99mkarlarindan-ad-gunu-t%c9%99briki\/#breadcrumb","itemListElement":[{"@type":"ListItem","position":1,"name":"Ana s\u0259hif\u0259","item":"https:\/\/www.meydan.tv\/az\/"},{"@type":"ListItem","position":2,"name":"H\u0259bsxanadan m\u0259ktublar","item":"https:\/\/www.meydan.tv\/az\/section\/hebsxanadan-mektublar\/"},{"@type":"ListItem","position":3,"name":"Aytac Tapd\u0131\u011fa h\u0259mkarlar\u0131ndan ad g\u00fcn\u00fc t\u0259briki"}]},{"@type":"WebSite","@id":"https:\/\/www.meydan.tv\/az\/#website","url":"https:\/\/www.meydan.tv\/az\/","name":"MEYDAN.TV","description":"Meydan TV Az\u0259rbaycan\u0131n media m\u0259kan\u0131ndak\u0131 alternativ s\u0259sidir","publisher":{"@id":"https:\/\/www.meydan.tv\/az\/#organization"},"potentialAction":[{"@type":"SearchAction","target":{"@type":"EntryPoint","urlTemplate":"https:\/\/www.meydan.tv\/az\/?s={search_term_string}"},"query-input":{"@type":"PropertyValueSpecification","valueRequired":true,"valueName":"search_term_string"}}],"inLanguage":"az"},{"@type":"Organization","@id":"https:\/\/www.meydan.tv\/az\/#organization","name":"Meydan TV","url":"https:\/\/www.meydan.tv\/az\/","logo":{"@type":"ImageObject","inLanguage":"az","@id":"https:\/\/www.meydan.tv\/az\/#\/schema\/logo\/image\/","url":"https:\/\/www.meydan.tv\/wp-content\/uploads\/2021\/07\/meydan-logo.svg","contentUrl":"https:\/\/www.meydan.tv\/wp-content\/uploads\/2021\/07\/meydan-logo.svg","width":195,"height":46,"caption":"Meydan TV"},"image":{"@id":"https:\/\/www.meydan.tv\/az\/#\/schema\/logo\/image\/"}},{"@type":"Person","@id":"https:\/\/www.meydan.tv\/az\/#\/schema\/person\/49b5f2bad5b126bb8ea9320eeb3e4dc9","name":"sevda"}]}},"_links":{"self":[{"href":"https:\/\/www.meydan.tv\/az\/wp-json\/wp\/v2\/posts\/333116","targetHints":{"allow":["GET"]}}],"collection":[{"href":"https:\/\/www.meydan.tv\/az\/wp-json\/wp\/v2\/posts"}],"about":[{"href":"https:\/\/www.meydan.tv\/az\/wp-json\/wp\/v2\/types\/post"}],"author":[{"embeddable":true,"href":"https:\/\/www.meydan.tv\/az\/wp-json\/wp\/v2\/users\/16"}],"replies":[{"embeddable":true,"href":"https:\/\/www.meydan.tv\/az\/wp-json\/wp\/v2\/comments?post=333116"}],"version-history":[{"count":10,"href":"https:\/\/www.meydan.tv\/az\/wp-json\/wp\/v2\/posts\/333116\/revisions"}],"predecessor-version":[{"id":333139,"href":"https:\/\/www.meydan.tv\/az\/wp-json\/wp\/v2\/posts\/333116\/revisions\/333139"}],"wp:featuredmedia":[{"embeddable":true,"href":"https:\/\/www.meydan.tv\/az\/wp-json\/wp\/v2\/media\/327650"}],"wp:attachment":[{"href":"https:\/\/www.meydan.tv\/az\/wp-json\/wp\/v2\/media?parent=333116"}],"wp:term":[{"taxonomy":"category","embeddable":true,"href":"https:\/\/www.meydan.tv\/az\/wp-json\/wp\/v2\/categories?post=333116"},{"taxonomy":"post_tag","embeddable":true,"href":"https:\/\/www.meydan.tv\/az\/wp-json\/wp\/v2\/tags?post=333116"}],"curies":[{"name":"wp","href":"https:\/\/api.w.org\/{rel}","templated":true}]}}